{"id":57422,"date":"2025-02-07T14:40:22","date_gmt":"2025-02-07T17:40:22","guid":{"rendered":"https:\/\/jornalfatosenoticias.com.br\/?p=57422"},"modified":"2025-02-07T14:40:24","modified_gmt":"2025-02-07T17:40:24","slug":"circo-portugal-internacional-chega-ao-shopping-vila-velha-para-uma-temporada-inesquecivel","status":"publish","type":"post","link":"https:\/\/jornalfatosenoticias.com.br\/index.php\/2025\/02\/07\/circo-portugal-internacional-chega-ao-shopping-vila-velha-para-uma-temporada-inesquecivel\/","title":{"rendered":"Circo Portugal Internacional chega ao Shopping Vila Velha para uma temporada inesquec\u00edvel"},"content":{"rendered":"\n<p><em><span class=\"has-inline-color has-black-color\">Retorno promete encantar o p\u00fablico com atra\u00e7\u00f5es in\u00e9ditas<\/span><\/em><\/p>\n\n\n\n<p><span class=\"has-inline-color has-black-color\">Por <strong>Assessoria de Comunica\u00e7\u00e3o<\/strong><\/span><\/p>\n\n\n\n<div class=\"wp-block-image\"><figure class=\"aligncenter size-large\"><a href=\"https:\/\/www.instagram.com\/rcradiadores\/\"><img loading=\"lazy\" decoding=\"async\" width=\"560\" height=\"60\" src=\"https:\/\/jornalfatosenoticias.com.br\/wp-content\/uploads\/2022\/10\/Propaganda-RC-Radiadores-Jornal_page-0001.jpg\" alt=\"\" class=\"wp-image-35270\" srcset=\"https:\/\/jornalfatosenoticias.com.br\/wp-content\/uploads\/2022\/10\/Propaganda-RC-Radiadores-Jornal_page-0001.jpg 560w, https:\/\/jornalfatosenoticias.com.br\/wp-content\/uploads\/2022\/10\/Propaganda-RC-Radiadores-Jornal_page-0001-300x32.jpg 300w\" sizes=\"auto, (max-width: 560px) 100vw, 560px\" \/><\/a><\/figure><\/div>\n\n\n\n<p>O Shopping Vila Velha se transforma no palco de um dos maiores espet\u00e1culos circenses do mundo! A partir desta sexta-feira (7), a \u00e1rea externa do mall, na entrada Luciano das Neves, recebe o renomado Circo Portugal Internacional, que retorna \u00e0 Grande Vit\u00f3ria trazendo uma experi\u00eancia emocionante para toda a fam\u00edlia.<br>Com uma estrutura impressionante, que inclui mais de 900 toneladas de equipamentos de \u00faltima gera\u00e7\u00e3o, o Circo Portugal Internacional promete um verdadeiro show de luzes, cores e performances de tirar o f\u00f4lego. Entre as atra\u00e7\u00f5es confirmadas est\u00e3o o ic\u00f4nico Globo da Morte, m\u00e1gicos, acrobatas, palha\u00e7os e muitas outras surpresas exclusivas.<\/p>\n\n\n\n<div class=\"wp-block-image\"><figure class=\"aligncenter size-large\"><a href=\"http:\/\/www.ferrarimaquinas.com.br\/\"><img loading=\"lazy\" decoding=\"async\" width=\"300\" height=\"250\" src=\"https:\/\/jornalfatosenoticias.com.br\/wp-content\/uploads\/2022\/02\/FERRARI_MAQUINAS-E-FERRAMENTAS2.jpg\" alt=\"\" class=\"wp-image-27860\"\/><\/a><\/figure><\/div>\n\n\n\n<p>Para Vanessa Ferrari, gerente de marketing do Shopping Vila Velha, receber um espet\u00e1culo dessa grandiosidade \u00e9 uma oportunidade \u00fanica para encantar o p\u00fablico: \u201cestamos sempre em busca de atra\u00e7\u00f5es que proporcionem experi\u00eancias inesquec\u00edveis para os nossos clientes, com entretenimento de qualidade para toda a fam\u00edlia\u201d.<\/p>\n\n\n\n<div class=\"wp-block-image\"><figure class=\"aligncenter size-large is-resized\"><a href=\"https:\/\/www.controlsystems.com.br\/\"><img loading=\"lazy\" decoding=\"async\" src=\"https:\/\/jornalfatosenoticias.com.br\/wp-content\/uploads\/2020\/02\/CONTROL-CS.jpg\" alt=\"\" class=\"wp-image-44991\" width=\"325\" height=\"390\" srcset=\"https:\/\/jornalfatosenoticias.com.br\/wp-content\/uploads\/2020\/02\/CONTROL-CS.jpg 834w, https:\/\/jornalfatosenoticias.com.br\/wp-content\/uploads\/2020\/02\/CONTROL-CS-250x300.jpg 250w, https:\/\/jornalfatosenoticias.com.br\/wp-content\/uploads\/2020\/02\/CONTROL-CS-768x921.jpg 768w\" sizes=\"auto, (max-width: 325px) 100vw, 325px\" \/><\/a><\/figure><\/div>\n\n\n\n<p>Os espet\u00e1culos acontecem de segunda a sexta, \u00e0s 20h, e aos s\u00e1bados, domingos e feriados, com sess\u00f5es \u00e0s 17h30 e 20h. Os ingressos estar\u00e3o dispon\u00edveis para compra diretamente na bilheteria f\u00edsica do circo.<\/p>\n\n\n\n<div class=\"wp-block-image\"><figure class=\"aligncenter size-large is-resized\"><a href=\"https:\/\/panper.com.br\/\"><img loading=\"lazy\" decoding=\"async\" src=\"https:\/\/jornalfatosenoticias.com.br\/wp-content\/uploads\/2023\/03\/logo-Panper_portal.jpg\" alt=\"\" class=\"wp-image-40208\" width=\"360\" height=\"249\" srcset=\"https:\/\/jornalfatosenoticias.com.br\/wp-content\/uploads\/2023\/03\/logo-Panper_portal.jpg 400w, https:\/\/jornalfatosenoticias.com.br\/wp-content\/uploads\/2023\/03\/logo-Panper_portal-300x208.jpg 300w\" sizes=\"auto, (max-width: 360px) 100vw, 360px\" \/><\/a><\/figure><\/div>\n\n\n\n<p><strong><span class=\"has-inline-color has-black-color\"><span style=\"text-decoration: underline;\">SERVI\u00c7O<br><\/span><\/span>Data: <\/strong>A partir de 07\/02<br><strong>Local: <\/strong>\u00c1rea externa do Shopping Vila Velha \u2014 Entrada Luciano das Neves<br><strong>Sess\u00f5es:<\/strong> Segunda a sexta \u2014 20h<br><strong>S\u00e1bados, domingos e feriados <\/strong>\u2014 17h30 e 20h<br><strong>Atra\u00e7\u00f5es:<\/strong> Globo da Morte, m\u00e1gicos, acrobatas e muito mais<br><strong>Valores:<\/strong> lateral \u2014 R$30 (meia-entrada); Central \u2014 R$40 (meia-entrada); <strong>Premium<\/strong> \u2014 R$ 50 (meia-entrada) e Vip \u2014 R$70 (meia-entrada)<br><strong>Ingressos: <\/strong>Venda na bilheteria f\u00edsica ou pelo site www.circoportugal.com<\/p>\n\n\n\n<div class=\"wp-block-image\"><figure class=\"aligncenter size-large\"><a href=\"https:\/\/www.facebook.com\/vetor.vix\/\"><img loading=\"lazy\" decoding=\"async\" width=\"1024\" height=\"273\" src=\"https:\/\/jornalfatosenoticias.com.br\/wp-content\/uploads\/2023\/09\/vetorvix1024_1.jpg\" alt=\"\" class=\"wp-image-44868\" srcset=\"https:\/\/jornalfatosenoticias.com.br\/wp-content\/uploads\/2023\/09\/vetorvix1024_1.jpg 1024w, https:\/\/jornalfatosenoticias.com.br\/wp-content\/uploads\/2023\/09\/vetorvix1024_1-300x80.jpg 300w, https:\/\/jornalfatosenoticias.com.br\/wp-content\/uploads\/2023\/09\/vetorvix1024_1-768x205.jpg 768w\" sizes=\"auto, (max-width: 1024px) 100vw, 1024px\" \/><\/a><\/figure><\/div>\n","protected":false},"excerpt":{"rendered":"<p>Retorno promete encantar o p\u00fablico com atra\u00e7\u00f5es in\u00e9ditas Por Assessoria de Comunica\u00e7\u00e3o O Shopping Vila Velha se transforma no palco de um dos maiores espet\u00e1culos circenses do mundo! A partir desta sexta-feira (7), a \u00e1rea externa do mall, na entrada Luciano das Neves, recebe o renomado Circo Portugal Internacional, que retorna \u00e0 Grande Vit\u00f3ria trazendo [&hellip;]<\/p>\n","protected":false},"author":2,"featured_media":57423,"comment_status":"open","ping_status":"open","sticky":false,"template":"","format":"standard","meta":{"footnotes":""},"categories":[4],"tags":[26211,1961,26210,2731,26212],"class_list":["post-57422","post","type-post","status-publish","format-standard","has-post-thumbnail","hentry","category-cultura","tag-atracoes-circenses","tag-circo","tag-circo-portugal-internacional","tag-grande-vitoria","tag-shopping-vila-velha"],"yoast_head":"<!-- This site is optimized with the Yoast SEO plugin v26.5 - https:\/\/yoast.com\/wordpress\/plugins\/seo\/ -->\n<title>Circo Portugal Internacional chega ao Shopping Vila Velha para uma temporada inesquec\u00edvel - Jornal Fatos e Not\u00edcias<\/title>\n<meta name=\"robots\" content=\"index, follow, max-snippet:-1, max-image-preview:large, max-video-preview:-1\" \/>\n<link rel=\"canonical\" href=\"https:\/\/jornalfatosenoticias.com.br\/index.php\/2025\/02\/07\/circo-portugal-internacional-chega-ao-shopping-vila-velha-para-uma-temporada-inesquecivel\/\" \/>\n<meta property=\"og:locale\" content=\"pt_BR\" \/>\n<meta property=\"og:type\" content=\"article\" \/>\n<meta property=\"og:title\" content=\"Circo Portugal Internacional chega ao Shopping Vila Velha para uma temporada inesquec\u00edvel - Jornal Fatos e Not\u00edcias\" \/>\n<meta property=\"og:description\" content=\"Retorno promete encantar o p\u00fablico com atra\u00e7\u00f5es in\u00e9ditas Por Assessoria de Comunica\u00e7\u00e3o O Shopping Vila Velha se transforma no palco de um dos maiores espet\u00e1culos circenses do mundo! A partir desta sexta-feira (7), a \u00e1rea externa do mall, na entrada Luciano das Neves, recebe o renomado Circo Portugal Internacional, que retorna \u00e0 Grande Vit\u00f3ria trazendo [&hellip;]\" \/>\n<meta property=\"og:url\" content=\"https:\/\/jornalfatosenoticias.com.br\/index.php\/2025\/02\/07\/circo-portugal-internacional-chega-ao-shopping-vila-velha-para-uma-temporada-inesquecivel\/\" \/>\n<meta property=\"og:site_name\" content=\"Jornal Fatos e Not\u00edcias\" \/>\n<meta property=\"article:published_time\" content=\"2025-02-07T17:40:22+00:00\" \/>\n<meta property=\"article:modified_time\" content=\"2025-02-07T17:40:24+00:00\" \/>\n<meta property=\"og:image\" content=\"https:\/\/jornalfatosenoticias.com.br\/wp-content\/uploads\/2025\/02\/Foto-Circo-Portugal-Internacional.jpg\" \/>\n\t<meta property=\"og:image:width\" content=\"1842\" \/>\n\t<meta property=\"og:image:height\" content=\"802\" \/>\n\t<meta property=\"og:image:type\" content=\"image\/jpeg\" \/>\n<meta name=\"author\" content=\"Luzimara Fernandes\" \/>\n<meta name=\"twitter:card\" content=\"summary_large_image\" \/>\n<meta name=\"twitter:label1\" content=\"Escrito por\" \/>\n\t<meta name=\"twitter:data1\" content=\"Luzimara Fernandes\" \/>\n\t<meta name=\"twitter:label2\" content=\"Est. tempo de leitura\" \/>\n\t<meta name=\"twitter:data2\" content=\"1 minuto\" \/>\n<script type=\"application\/ld+json\" class=\"yoast-schema-graph\">{\"@context\":\"https:\/\/schema.org\",\"@graph\":[{\"@type\":\"Article\",\"@id\":\"https:\/\/jornalfatosenoticias.com.br\/index.php\/2025\/02\/07\/circo-portugal-internacional-chega-ao-shopping-vila-velha-para-uma-temporada-inesquecivel\/#article\",\"isPartOf\":{\"@id\":\"https:\/\/jornalfatosenoticias.com.br\/index.php\/2025\/02\/07\/circo-portugal-internacional-chega-ao-shopping-vila-velha-para-uma-temporada-inesquecivel\/\"},\"author\":{\"name\":\"Luzimara Fernandes\",\"@id\":\"https:\/\/jornalfatosenoticias.com.br\/#\/schema\/person\/d63837fa13ac8666eb9e74e0985d6f81\"},\"headline\":\"Circo Portugal Internacional chega ao Shopping Vila Velha para uma temporada inesquec\u00edvel\",\"datePublished\":\"2025-02-07T17:40:22+00:00\",\"dateModified\":\"2025-02-07T17:40:24+00:00\",\"mainEntityOfPage\":{\"@id\":\"https:\/\/jornalfatosenoticias.com.br\/index.php\/2025\/02\/07\/circo-portugal-internacional-chega-ao-shopping-vila-velha-para-uma-temporada-inesquecivel\/\"},\"wordCount\":294,\"commentCount\":0,\"publisher\":{\"@id\":\"https:\/\/jornalfatosenoticias.com.br\/#organization\"},\"image\":{\"@id\":\"https:\/\/jornalfatosenoticias.com.br\/index.php\/2025\/02\/07\/circo-portugal-internacional-chega-ao-shopping-vila-velha-para-uma-temporada-inesquecivel\/#primaryimage\"},\"thumbnailUrl\":\"https:\/\/jornalfatosenoticias.com.br\/wp-content\/uploads\/2025\/02\/Foto-Circo-Portugal-Internacional.jpg\",\"keywords\":[\"atra\u00e7\u00f5es circenses\",\"circo\",\"Circo Portugal Internacional\",\"Grande Vit\u00f3ria\",\"Shopping Vila Velha\"],\"articleSection\":[\"Cultura\"],\"inLanguage\":\"pt-BR\",\"potentialAction\":[{\"@type\":\"CommentAction\",\"name\":\"Comment\",\"target\":[\"https:\/\/jornalfatosenoticias.com.br\/index.php\/2025\/02\/07\/circo-portugal-internacional-chega-ao-shopping-vila-velha-para-uma-temporada-inesquecivel\/#respond\"]}]},{\"@type\":\"WebPage\",\"@id\":\"https:\/\/jornalfatosenoticias.com.br\/index.php\/2025\/02\/07\/circo-portugal-internacional-chega-ao-shopping-vila-velha-para-uma-temporada-inesquecivel\/\",\"url\":\"https:\/\/jornalfatosenoticias.com.br\/index.php\/2025\/02\/07\/circo-portugal-internacional-chega-ao-shopping-vila-velha-para-uma-temporada-inesquecivel\/\",\"name\":\"Circo Portugal Internacional chega ao Shopping Vila Velha para uma temporada inesquec\u00edvel - Jornal Fatos e Not\u00edcias\",\"isPartOf\":{\"@id\":\"https:\/\/jornalfatosenoticias.com.br\/#website\"},\"primaryImageOfPage\":{\"@id\":\"https:\/\/jornalfatosenoticias.com.br\/index.php\/2025\/02\/07\/circo-portugal-internacional-chega-ao-shopping-vila-velha-para-uma-temporada-inesquecivel\/#primaryimage\"},\"image\":{\"@id\":\"https:\/\/jornalfatosenoticias.com.br\/index.php\/2025\/02\/07\/circo-portugal-internacional-chega-ao-shopping-vila-velha-para-uma-temporada-inesquecivel\/#primaryimage\"},\"thumbnailUrl\":\"https:\/\/jornalfatosenoticias.com.br\/wp-content\/uploads\/2025\/02\/Foto-Circo-Portugal-Internacional.jpg\",\"datePublished\":\"2025-02-07T17:40:22+00:00\",\"dateModified\":\"2025-02-07T17:40:24+00:00\",\"breadcrumb\":{\"@id\":\"https:\/\/jornalfatosenoticias.com.br\/index.php\/2025\/02\/07\/circo-portugal-internacional-chega-ao-shopping-vila-velha-para-uma-temporada-inesquecivel\/#breadcrumb\"},\"inLanguage\":\"pt-BR\",\"potentialAction\":[{\"@type\":\"ReadAction\",\"target\":[\"https:\/\/jornalfatosenoticias.com.br\/index.php\/2025\/02\/07\/circo-portugal-internacional-chega-ao-shopping-vila-velha-para-uma-temporada-inesquecivel\/\"]}]},{\"@type\":\"ImageObject\",\"inLanguage\":\"pt-BR\",\"@id\":\"https:\/\/jornalfatosenoticias.com.br\/index.php\/2025\/02\/07\/circo-portugal-internacional-chega-ao-shopping-vila-velha-para-uma-temporada-inesquecivel\/#primaryimage\",\"url\":\"https:\/\/jornalfatosenoticias.com.br\/wp-content\/uploads\/2025\/02\/Foto-Circo-Portugal-Internacional.jpg\",\"contentUrl\":\"https:\/\/jornalfatosenoticias.com.br\/wp-content\/uploads\/2025\/02\/Foto-Circo-Portugal-Internacional.jpg\",\"width\":1842,\"height\":802},{\"@type\":\"BreadcrumbList\",\"@id\":\"https:\/\/jornalfatosenoticias.com.br\/index.php\/2025\/02\/07\/circo-portugal-internacional-chega-ao-shopping-vila-velha-para-uma-temporada-inesquecivel\/#breadcrumb\",\"itemListElement\":[{\"@type\":\"ListItem\",\"position\":1,\"name\":\"In\u00edcio\",\"item\":\"https:\/\/jornalfatosenoticias.com.br\/\"},{\"@type\":\"ListItem\",\"position\":2,\"name\":\"Circo Portugal Internacional chega ao Shopping Vila Velha para uma temporada inesquec\u00edvel\"}]},{\"@type\":\"WebSite\",\"@id\":\"https:\/\/jornalfatosenoticias.com.br\/#website\",\"url\":\"https:\/\/jornalfatosenoticias.com.br\/\",\"name\":\"Jornal Fatos e Not\u00edcias\",\"description\":\"Not\u00edcias em geral\",\"publisher\":{\"@id\":\"https:\/\/jornalfatosenoticias.com.br\/#organization\"},\"potentialAction\":[{\"@type\":\"SearchAction\",\"target\":{\"@type\":\"EntryPoint\",\"urlTemplate\":\"https:\/\/jornalfatosenoticias.com.br\/?s={search_term_string}\"},\"query-input\":{\"@type\":\"PropertyValueSpecification\",\"valueRequired\":true,\"valueName\":\"search_term_string\"}}],\"inLanguage\":\"pt-BR\"},{\"@type\":\"Organization\",\"@id\":\"https:\/\/jornalfatosenoticias.com.br\/#organization\",\"name\":\"Jornal Fatos e Not\u00edcias\",\"url\":\"https:\/\/jornalfatosenoticias.com.br\/\",\"logo\":{\"@type\":\"ImageObject\",\"inLanguage\":\"pt-BR\",\"@id\":\"https:\/\/jornalfatosenoticias.com.br\/#\/schema\/logo\/image\/\",\"url\":\"https:\/\/jornalfatosenoticias.com.br\/wp-content\/uploads\/2020\/02\/logo120.png\",\"contentUrl\":\"https:\/\/jornalfatosenoticias.com.br\/wp-content\/uploads\/2020\/02\/logo120.png\",\"width\":1227,\"height\":120,\"caption\":\"Jornal Fatos e Not\u00edcias\"},\"image\":{\"@id\":\"https:\/\/jornalfatosenoticias.com.br\/#\/schema\/logo\/image\/\"}},{\"@type\":\"Person\",\"@id\":\"https:\/\/jornalfatosenoticias.com.br\/#\/schema\/person\/d63837fa13ac8666eb9e74e0985d6f81\",\"name\":\"Luzimara Fernandes\",\"image\":{\"@type\":\"ImageObject\",\"inLanguage\":\"pt-BR\",\"@id\":\"https:\/\/jornalfatosenoticias.com.br\/#\/schema\/person\/image\/\",\"url\":\"https:\/\/jornalfatosenoticias.com.br\/wp-content\/uploads\/2025\/05\/EU_portal.jpg\",\"contentUrl\":\"https:\/\/jornalfatosenoticias.com.br\/wp-content\/uploads\/2025\/05\/EU_portal.jpg\",\"caption\":\"Luzimara Fernandes\"},\"description\":\"Jornalista MTB 2358-ES\",\"sameAs\":[\"https:\/\/jornalfatosenoticias.com.br\"],\"url\":\"https:\/\/jornalfatosenoticias.com.br\/index.php\/author\/luzimara\/\"}]}<\/script>\n<!-- \/ Yoast SEO plugin. -->","yoast_head_json":{"title":"Circo Portugal Internacional chega ao Shopping Vila Velha para uma temporada inesquec\u00edvel - Jornal Fatos e Not\u00edcias","robots":{"index":"index","follow":"follow","max-snippet":"max-snippet:-1","max-image-preview":"max-image-preview:large","max-video-preview":"max-video-preview:-1"},"canonical":"https:\/\/jornalfatosenoticias.com.br\/index.php\/2025\/02\/07\/circo-portugal-internacional-chega-ao-shopping-vila-velha-para-uma-temporada-inesquecivel\/","og_locale":"pt_BR","og_type":"article","og_title":"Circo Portugal Internacional chega ao Shopping Vila Velha para uma temporada inesquec\u00edvel - Jornal Fatos e Not\u00edcias","og_description":"Retorno promete encantar o p\u00fablico com atra\u00e7\u00f5es in\u00e9ditas Por Assessoria de Comunica\u00e7\u00e3o O Shopping Vila Velha se transforma no palco de um dos maiores espet\u00e1culos circenses do mundo! A partir desta sexta-feira (7), a \u00e1rea externa do mall, na entrada Luciano das Neves, recebe o renomado Circo Portugal Internacional, que retorna \u00e0 Grande Vit\u00f3ria trazendo [&hellip;]","og_url":"https:\/\/jornalfatosenoticias.com.br\/index.php\/2025\/02\/07\/circo-portugal-internacional-chega-ao-shopping-vila-velha-para-uma-temporada-inesquecivel\/","og_site_name":"Jornal Fatos e Not\u00edcias","article_published_time":"2025-02-07T17:40:22+00:00","article_modified_time":"2025-02-07T17:40:24+00:00","og_image":[{"width":1842,"height":802,"url":"https:\/\/jornalfatosenoticias.com.br\/wp-content\/uploads\/2025\/02\/Foto-Circo-Portugal-Internacional.jpg","type":"image\/jpeg"}],"author":"Luzimara Fernandes","twitter_card":"summary_large_image","twitter_misc":{"Escrito por":"Luzimara Fernandes","Est. tempo de leitura":"1 minuto"},"schema":{"@context":"https:\/\/schema.org","@graph":[{"@type":"Article","@id":"https:\/\/jornalfatosenoticias.com.br\/index.php\/2025\/02\/07\/circo-portugal-internacional-chega-ao-shopping-vila-velha-para-uma-temporada-inesquecivel\/#article","isPartOf":{"@id":"https:\/\/jornalfatosenoticias.com.br\/index.php\/2025\/02\/07\/circo-portugal-internacional-chega-ao-shopping-vila-velha-para-uma-temporada-inesquecivel\/"},"author":{"name":"Luzimara Fernandes","@id":"https:\/\/jornalfatosenoticias.com.br\/#\/schema\/person\/d63837fa13ac8666eb9e74e0985d6f81"},"headline":"Circo Portugal Internacional chega ao Shopping Vila Velha para uma temporada inesquec\u00edvel","datePublished":"2025-02-07T17:40:22+00:00","dateModified":"2025-02-07T17:40:24+00:00","mainEntityOfPage":{"@id":"https:\/\/jornalfatosenoticias.com.br\/index.php\/2025\/02\/07\/circo-portugal-internacional-chega-ao-shopping-vila-velha-para-uma-temporada-inesquecivel\/"},"wordCount":294,"commentCount":0,"publisher":{"@id":"https:\/\/jornalfatosenoticias.com.br\/#organization"},"image":{"@id":"https:\/\/jornalfatosenoticias.com.br\/index.php\/2025\/02\/07\/circo-portugal-internacional-chega-ao-shopping-vila-velha-para-uma-temporada-inesquecivel\/#primaryimage"},"thumbnailUrl":"https:\/\/jornalfatosenoticias.com.br\/wp-content\/uploads\/2025\/02\/Foto-Circo-Portugal-Internacional.jpg","keywords":["atra\u00e7\u00f5es circenses","circo","Circo Portugal Internacional","Grande Vit\u00f3ria","Shopping Vila Velha"],"articleSection":["Cultura"],"inLanguage":"pt-BR","potentialAction":[{"@type":"CommentAction","name":"Comment","target":["https:\/\/jornalfatosenoticias.com.br\/index.php\/2025\/02\/07\/circo-portugal-internacional-chega-ao-shopping-vila-velha-para-uma-temporada-inesquecivel\/#respond"]}]},{"@type":"WebPage","@id":"https:\/\/jornalfatosenoticias.com.br\/index.php\/2025\/02\/07\/circo-portugal-internacional-chega-ao-shopping-vila-velha-para-uma-temporada-inesquecivel\/","url":"https:\/\/jornalfatosenoticias.com.br\/index.php\/2025\/02\/07\/circo-portugal-internacional-chega-ao-shopping-vila-velha-para-uma-temporada-inesquecivel\/","name":"Circo Portugal Internacional chega ao Shopping Vila Velha para uma temporada inesquec\u00edvel - Jornal Fatos e Not\u00edcias","isPartOf":{"@id":"https:\/\/jornalfatosenoticias.com.br\/#website"},"primaryImageOfPage":{"@id":"https:\/\/jornalfatosenoticias.com.br\/index.php\/2025\/02\/07\/circo-portugal-internacional-chega-ao-shopping-vila-velha-para-uma-temporada-inesquecivel\/#primaryimage"},"image":{"@id":"https:\/\/jornalfatosenoticias.com.br\/index.php\/2025\/02\/07\/circo-portugal-internacional-chega-ao-shopping-vila-velha-para-uma-temporada-inesquecivel\/#primaryimage"},"thumbnailUrl":"https:\/\/jornalfatosenoticias.com.br\/wp-content\/uploads\/2025\/02\/Foto-Circo-Portugal-Internacional.jpg","datePublished":"2025-02-07T17:40:22+00:00","dateModified":"2025-02-07T17:40:24+00:00","breadcrumb":{"@id":"https:\/\/jornalfatosenoticias.com.br\/index.php\/2025\/02\/07\/circo-portugal-internacional-chega-ao-shopping-vila-velha-para-uma-temporada-inesquecivel\/#breadcrumb"},"inLanguage":"pt-BR","potentialAction":[{"@type":"ReadAction","target":["https:\/\/jornalfatosenoticias.com.br\/index.php\/2025\/02\/07\/circo-portugal-internacional-chega-ao-shopping-vila-velha-para-uma-temporada-inesquecivel\/"]}]},{"@type":"ImageObject","inLanguage":"pt-BR","@id":"https:\/\/jornalfatosenoticias.com.br\/index.php\/2025\/02\/07\/circo-portugal-internacional-chega-ao-shopping-vila-velha-para-uma-temporada-inesquecivel\/#primaryimage","url":"https:\/\/jornalfatosenoticias.com.br\/wp-content\/uploads\/2025\/02\/Foto-Circo-Portugal-Internacional.jpg","contentUrl":"https:\/\/jornalfatosenoticias.com.br\/wp-content\/uploads\/2025\/02\/Foto-Circo-Portugal-Internacional.jpg","width":1842,"height":802},{"@type":"BreadcrumbList","@id":"https:\/\/jornalfatosenoticias.com.br\/index.php\/2025\/02\/07\/circo-portugal-internacional-chega-ao-shopping-vila-velha-para-uma-temporada-inesquecivel\/#breadcrumb","itemListElement":[{"@type":"ListItem","position":1,"name":"In\u00edcio","item":"https:\/\/jornalfatosenoticias.com.br\/"},{"@type":"ListItem","position":2,"name":"Circo Portugal Internacional chega ao Shopping Vila Velha para uma temporada inesquec\u00edvel"}]},{"@type":"WebSite","@id":"https:\/\/jornalfatosenoticias.com.br\/#website","url":"https:\/\/jornalfatosenoticias.com.br\/","name":"Jornal Fatos e Not\u00edcias","description":"Not\u00edcias em geral","publisher":{"@id":"https:\/\/jornalfatosenoticias.com.br\/#organization"},"potentialAction":[{"@type":"SearchAction","target":{"@type":"EntryPoint","urlTemplate":"https:\/\/jornalfatosenoticias.com.br\/?s={search_term_string}"},"query-input":{"@type":"PropertyValueSpecification","valueRequired":true,"valueName":"search_term_string"}}],"inLanguage":"pt-BR"},{"@type":"Organization","@id":"https:\/\/jornalfatosenoticias.com.br\/#organization","name":"Jornal Fatos e Not\u00edcias","url":"https:\/\/jornalfatosenoticias.com.br\/","logo":{"@type":"ImageObject","inLanguage":"pt-BR","@id":"https:\/\/jornalfatosenoticias.com.br\/#\/schema\/logo\/image\/","url":"https:\/\/jornalfatosenoticias.com.br\/wp-content\/uploads\/2020\/02\/logo120.png","contentUrl":"https:\/\/jornalfatosenoticias.com.br\/wp-content\/uploads\/2020\/02\/logo120.png","width":1227,"height":120,"caption":"Jornal Fatos e Not\u00edcias"},"image":{"@id":"https:\/\/jornalfatosenoticias.com.br\/#\/schema\/logo\/image\/"}},{"@type":"Person","@id":"https:\/\/jornalfatosenoticias.com.br\/#\/schema\/person\/d63837fa13ac8666eb9e74e0985d6f81","name":"Luzimara Fernandes","image":{"@type":"ImageObject","inLanguage":"pt-BR","@id":"https:\/\/jornalfatosenoticias.com.br\/#\/schema\/person\/image\/","url":"https:\/\/jornalfatosenoticias.com.br\/wp-content\/uploads\/2025\/05\/EU_portal.jpg","contentUrl":"https:\/\/jornalfatosenoticias.com.br\/wp-content\/uploads\/2025\/05\/EU_portal.jpg","caption":"Luzimara Fernandes"},"description":"Jornalista MTB 2358-ES","sameAs":["https:\/\/jornalfatosenoticias.com.br"],"url":"https:\/\/jornalfatosenoticias.com.br\/index.php\/author\/luzimara\/"}]}},"cc_featured_image_caption":{"caption_text":"(Foto: Circo Portugal Internacional\/Divulga\u00e7\u00e3o) ","source_text":"","source_url":""},"jetpack_featured_media_url":"https:\/\/jornalfatosenoticias.com.br\/wp-content\/uploads\/2025\/02\/Foto-Circo-Portugal-Internacional.jpg","_links":{"self":[{"href":"https:\/\/jornalfatosenoticias.com.br\/index.php\/wp-json\/wp\/v2\/posts\/57422","targetHints":{"allow":["GET"]}}],"collection":[{"href":"https:\/\/jornalfatosenoticias.com.br\/index.php\/wp-json\/wp\/v2\/posts"}],"about":[{"href":"https:\/\/jornalfatosenoticias.com.br\/index.php\/wp-json\/wp\/v2\/types\/post"}],"author":[{"embeddable":true,"href":"https:\/\/jornalfatosenoticias.com.br\/index.php\/wp-json\/wp\/v2\/users\/2"}],"replies":[{"embeddable":true,"href":"https:\/\/jornalfatosenoticias.com.br\/index.php\/wp-json\/wp\/v2\/comments?post=57422"}],"version-history":[{"count":0,"href":"https:\/\/jornalfatosenoticias.com.br\/index.php\/wp-json\/wp\/v2\/posts\/57422\/revisions"}],"wp:featuredmedia":[{"embeddable":true,"href":"https:\/\/jornalfatosenoticias.com.br\/index.php\/wp-json\/wp\/v2\/media\/57423"}],"wp:attachment":[{"href":"https:\/\/jornalfatosenoticias.com.br\/index.php\/wp-json\/wp\/v2\/media?parent=57422"}],"wp:term":[{"taxonomy":"category","embeddable":true,"href":"https:\/\/jornalfatosenoticias.com.br\/index.php\/wp-json\/wp\/v2\/categories?post=57422"},{"taxonomy":"post_tag","embeddable":true,"href":"https:\/\/jornalfatosenoticias.com.br\/index.php\/wp-json\/wp\/v2\/tags?post=57422"}],"curies":[{"name":"wp","href":"https:\/\/api.w.org\/{rel}","templated":true}]}}