{"id":57455,"date":"2025-03-05T09:47:23","date_gmt":"2025-03-05T12:47:23","guid":{"rendered":"https:\/\/jornalfatosenoticias.com.br\/?p=57455"},"modified":"2025-03-05T09:47:25","modified_gmt":"2025-03-05T12:47:25","slug":"maior-janela-solar-transparente-do-mundo-e-criada-na-california","status":"publish","type":"post","link":"https:\/\/jornalfatosenoticias.com.br\/index.php\/2025\/03\/05\/maior-janela-solar-transparente-do-mundo-e-criada-na-california\/","title":{"rendered":"Maior janela solar transparente do mundo \u00e9 criada na Calif\u00f3rnia"},"content":{"rendered":"\n<p><em><span class=\"has-inline-color has-black-color\">Feita com filme fotovoltaico org\u00e2nico, janela \u00e9 capaz de gerar energia<\/span><\/em><\/p>\n\n\n\n<p><span class=\"has-inline-color has-black-color\">Por <strong><a href=\"https:\/\/ciclovivo.com.br\/author\/marcia-sousa\/\">Marcia Sousa<\/a><\/strong><\/span><\/p>\n\n\n\n<div class=\"wp-block-image\"><figure class=\"aligncenter size-large\"><a href=\"https:\/\/www.instagram.com\/vmais.midias\/\"><img loading=\"lazy\" decoding=\"async\" width=\"1024\" height=\"110\" src=\"https:\/\/jornalfatosenoticias.com.br\/wp-content\/uploads\/2020\/02\/DE-MAIS-DESTAQUE-VMAIS-1120X120-1024x110.png\" alt=\"\" class=\"wp-image-53110\" srcset=\"https:\/\/jornalfatosenoticias.com.br\/wp-content\/uploads\/2020\/02\/DE-MAIS-DESTAQUE-VMAIS-1120X120-1024x110.png 1024w, https:\/\/jornalfatosenoticias.com.br\/wp-content\/uploads\/2020\/02\/DE-MAIS-DESTAQUE-VMAIS-1120X120-300x32.png 300w, https:\/\/jornalfatosenoticias.com.br\/wp-content\/uploads\/2020\/02\/DE-MAIS-DESTAQUE-VMAIS-1120X120-768x82.png 768w, https:\/\/jornalfatosenoticias.com.br\/wp-content\/uploads\/2020\/02\/DE-MAIS-DESTAQUE-VMAIS-1120X120.png 1120w\" sizes=\"auto, (max-width: 1024px) 100vw, 1024px\" \/><\/a><\/figure><\/div>\n\n\n\n<p>Apesar de ainda estar em est\u00e1gios iniciais de ado\u00e7\u00e3o comercial, com suas infinitas possibilidades de aplica\u00e7\u00e3o, as c\u00e9lulas solares org\u00e2nicas vieram para ficar. J\u00e1 h\u00e1 diversos exemplos da tecnologia sendo integrada em superf\u00edcies como janelas ou fachadas de edif\u00edcios, ainda assim, um lan\u00e7amento chamou aten\u00e7\u00e3o: uma startup da Calif\u00f3rnia produziu o que afirma ser a maior janela fotovoltaica org\u00e2nica totalmente transparente do mundo.<br>A NEXT Energy Technologies, com sede em Santa Barbara, desenvolveu em sua linha de produ\u00e7\u00e3o-piloto uma janela laminada geradora de energia de 101,6 cm x 152,4 cm. A janela \u00e9 constru\u00edda com um substrato, uma camada de tecnologia fotovoltaica org\u00e2nica (OPV) transparente, uma veda\u00e7\u00e3o de borda, um barramento, uma caixa de jun\u00e7\u00e3o e vidro de cobertura. Desta forma, o material consegue captar a <a href=\"https:\/\/ciclovivo.com.br\/inovacao\/tecnologia\/piso-capta-luz-solar-para-gerar-energia\/\" target=\"_blank\" rel=\"noreferrer noopener\">luz solar<\/a> enquanto ainda deixa passar luz vis\u00edvel.<\/p>\n\n\n\n<div class=\"wp-block-image\"><figure class=\"aligncenter size-large is-resized\"><a href=\"https:\/\/panper.com.br\/\"><img loading=\"lazy\" decoding=\"async\" src=\"https:\/\/jornalfatosenoticias.com.br\/wp-content\/uploads\/2023\/03\/logo-Panper_portal.jpg\" alt=\"\" class=\"wp-image-40208\" width=\"325\" height=\"225\" srcset=\"https:\/\/jornalfatosenoticias.com.br\/wp-content\/uploads\/2023\/03\/logo-Panper_portal.jpg 400w, https:\/\/jornalfatosenoticias.com.br\/wp-content\/uploads\/2023\/03\/logo-Panper_portal-300x208.jpg 300w\" sizes=\"auto, (max-width: 325px) 100vw, 325px\" \/><\/a><\/figure><\/div>\n\n\n\n<p>A empresa usa t\u00e9cnicas automatizadas de fabrica\u00e7\u00e3o de revestimento de matriz de fenda para aplicar seu OPV diretamente no vidro. Os revestimentos s\u00e3o colocados no vidro, e um laser \u00e9 usado para riscar a camada de OPV antes de lamin\u00e1-la. <\/p>\n\n\n\n<blockquote class=\"wp-block-quote is-layout-flow wp-block-quote-is-layout-flow\"><p><span class=\"has-inline-color has-luminous-vivid-orange-color\">Nosso processo altamente refinado \u00e9 uma t\u00e9cnica de deposi\u00e7\u00e3o vers\u00e1til na qual uma solu\u00e7\u00e3o \u00e9 entregue em um substrato por meio de uma fenda estreita posicionada perto da superf\u00edcie\u201d, explicou a empresa. <\/span><\/p><\/blockquote>\n\n\n\n<div class=\"wp-block-image\"><figure class=\"aligncenter size-large is-resized\"><a href=\"https:\/\/www.ithbrasil.com.br\/\"><img loading=\"lazy\" decoding=\"async\" src=\"https:\/\/jornalfatosenoticias.com.br\/wp-content\/uploads\/2023\/08\/ITH.jpeg\" alt=\"\" class=\"wp-image-44638\" width=\"298\" height=\"242\" srcset=\"https:\/\/jornalfatosenoticias.com.br\/wp-content\/uploads\/2023\/08\/ITH.jpeg 800w, https:\/\/jornalfatosenoticias.com.br\/wp-content\/uploads\/2023\/08\/ITH-300x244.jpeg 300w, https:\/\/jornalfatosenoticias.com.br\/wp-content\/uploads\/2023\/08\/ITH-768x624.jpeg 768w\" sizes=\"auto, (max-width: 298px) 100vw, 298px\" \/><\/a><\/figure><\/div>\n\n\n\n<p>Os fabricantes de <a href=\"https:\/\/ciclovivo.com.br\/planeta\/desenvolvimento\/conheca-o-manual-de-reciclagem-do-vidro\/\" target=\"_blank\" rel=\"noreferrer noopener\">vidro<\/a> podem adicionar o processo \u00e0s suas capacidades de fabrica\u00e7\u00e3o existentes. Segundo a startup, os revestimentos desenvolvidos atendem a tr\u00eas grandes desafios para criar uma solu\u00e7\u00e3o escal\u00e1vel para a ind\u00fastria de vidro comercial: est\u00e9tica, desempenho e capacidade de fabrica\u00e7\u00e3o. O revestimento cinza neutro, modelado a partir da cor mais adotada em fachadas comerciais norte-americanas, \u00e9 combinado com gera\u00e7\u00e3o de energia e fabrica\u00e7\u00e3o em linha para criar uma solu\u00e7\u00e3o \u00fanica para a ind\u00fastria de vidro.<\/p>\n\n\n\n<div class=\"wp-block-image\"><figure class=\"aligncenter size-large\"><a href=\"http:\/\/www.ferrarimaquinas.com.br\/\"><img loading=\"lazy\" decoding=\"async\" width=\"300\" height=\"250\" src=\"https:\/\/jornalfatosenoticias.com.br\/wp-content\/uploads\/2022\/02\/FERRARI_MAQUINAS-E-FERRAMENTAS2.jpg\" alt=\"\" class=\"wp-image-27860\"\/><\/a><\/figure><\/div>\n\n\n\n<blockquote class=\"wp-block-quote is-layout-flow wp-block-quote-is-layout-flow\"><p><span class=\"has-inline-color has-luminous-vivid-orange-color\">A combina\u00e7\u00e3o de est\u00e9tica da mais alta qualidade, gera\u00e7\u00e3o de energia e integra\u00e7\u00e3o com a cadeia de suprimentos de vidro \u00e9 um divisor de \u00e1guas no impulso para projetar edif\u00edcios Net Zero\u201d, afirma Andy Cohen, copresidente da Gensler, uma das maiores empresas de arquitetura. \u201cEm meados do ano passado, est\u00e1vamos demonstrando as janelas OPV de 27\u201d x 35\u201d da NEXT em nosso escrit\u00f3rio em Los Angeles, e com esse formato de janela maior, temos projetos de constru\u00e7\u00e3o sustent\u00e1veis em vista\u201d, completa.<\/span><\/p><\/blockquote>\n\n\n\n<div class=\"wp-block-image\"><figure class=\"aligncenter size-large is-resized\"><a href=\"https:\/\/www.controlsystems.com.br\/\"><img loading=\"lazy\" decoding=\"async\" src=\"https:\/\/jornalfatosenoticias.com.br\/wp-content\/uploads\/2020\/02\/CONTROL-CS.jpg\" alt=\"\" class=\"wp-image-44991\" width=\"267\" height=\"320\" srcset=\"https:\/\/jornalfatosenoticias.com.br\/wp-content\/uploads\/2020\/02\/CONTROL-CS.jpg 834w, https:\/\/jornalfatosenoticias.com.br\/wp-content\/uploads\/2020\/02\/CONTROL-CS-250x300.jpg 250w, https:\/\/jornalfatosenoticias.com.br\/wp-content\/uploads\/2020\/02\/CONTROL-CS-768x921.jpg 768w\" sizes=\"auto, (max-width: 267px) 100vw, 267px\" \/><\/a><\/figure><\/div>\n\n\n\n<p><strong><span class=\"has-inline-color has-vivid-purple-color\">Janela solar<br><\/span><\/strong>O revestimento fotovoltaico org\u00e2nico transparente patenteado pela NEXT pode transformar janelas comerciais em fachadas geradoras de <a href=\"https:\/\/ciclovivo.com.br\/planeta\/energia\/energia-limpa-em-edificios-pode-criar-mais-de-2-milhoes-de-empregos\/\" target=\"_blank\" rel=\"noreferrer noopener\">energia limpa<\/a>, tornando os edif\u00edcios mais sustent\u00e1veis e resilientes e aliviando a press\u00e3o sobre a rede.<\/p>\n\n\n\n<div class=\"wp-block-image\"><figure class=\"aligncenter size-large is-resized\"><a href=\"https:\/\/www.legisjuris.com.br\/\"><img loading=\"lazy\" decoding=\"async\" src=\"https:\/\/jornalfatosenoticias.com.br\/wp-content\/uploads\/2024\/09\/Legis-Juris-Consultoria_logo.jpg\" alt=\"\" class=\"wp-image-53915\" width=\"485\" height=\"203\" srcset=\"https:\/\/jornalfatosenoticias.com.br\/wp-content\/uploads\/2024\/09\/Legis-Juris-Consultoria_logo.jpg 969w, https:\/\/jornalfatosenoticias.com.br\/wp-content\/uploads\/2024\/09\/Legis-Juris-Consultoria_logo-300x126.jpg 300w, https:\/\/jornalfatosenoticias.com.br\/wp-content\/uploads\/2024\/09\/Legis-Juris-Consultoria_logo-768x322.jpg 768w\" sizes=\"auto, (max-width: 485px) 100vw, 485px\" \/><\/a><\/figure><\/div>\n\n\n\n<p>Um edif\u00edcio com fachadas NEXT OPV pode produzir energia renov\u00e1vel significativa no local, compensando de 20% a 25% da carga de energia de um edif\u00edcio comercial t\u00edpico. Isso \u00e9 essencialmente importante pelo fato de que a demanda de energia e as emiss\u00f5es do setor de constru\u00e7\u00e3o representam mais de um quinto das emiss\u00f5es globais, segundo o Pnuma. As janelas tamb\u00e9m absorvem e convertem luz infravermelha, reduzindo as demandas de aquecimento, <a href=\"https:\/\/ciclovivo.com.br\/arq-urb\/arquitetura\/o-que-e-ventilacao-cruzada-e-como-aplicar-em-sua-casa\/\" target=\"_blank\" rel=\"noreferrer noopener\">ventila\u00e7\u00e3o<\/a> e ar-condicionado do edif\u00edcio.<\/p>\n\n\n\n<div class=\"wp-block-image\"><figure class=\"aligncenter size-large is-resized\"><a href=\"https:\/\/www.instagram.com\/rcradiadores\/\"><img loading=\"lazy\" decoding=\"async\" src=\"https:\/\/jornalfatosenoticias.com.br\/wp-content\/uploads\/2022\/10\/RC_800x750_page-0001.jpg\" alt=\"\" class=\"wp-image-35338\" width=\"300\" height=\"282\" srcset=\"https:\/\/jornalfatosenoticias.com.br\/wp-content\/uploads\/2022\/10\/RC_800x750_page-0001.jpg 400w, https:\/\/jornalfatosenoticias.com.br\/wp-content\/uploads\/2022\/10\/RC_800x750_page-0001-300x281.jpg 300w\" sizes=\"auto, (max-width: 300px) 100vw, 300px\" \/><\/a><\/figure><\/div>\n\n\n\n<blockquote class=\"wp-block-quote is-layout-flow wp-block-quote-is-layout-flow\"><p><span class=\"has-inline-color has-luminous-vivid-orange-color\">Este marco \u00e9 mais uma evid\u00eancia para uma ind\u00fastria faminta por uma solu\u00e7\u00e3o de que nossa combina\u00e7\u00e3o de revestimentos OPV e processamento avan\u00e7ado de fabrica\u00e7\u00e3o est\u00e1 funcionando, escalando e pode ser rapidamente implementada\u201d, diz Daniel Emmett, cofundador, presidente-executivo e CEO da NEXT.<\/span><\/p><\/blockquote>\n\n\n\n<div class=\"wp-block-image\"><figure class=\"aligncenter size-large is-resized\"><a href=\"https:\/\/www.instagram.com\/serra4x4cambioautomatico\/\"><img loading=\"lazy\" decoding=\"async\" src=\"https:\/\/jornalfatosenoticias.com.br\/wp-content\/uploads\/2024\/08\/Serra-4x4-1-886x1024.jpg\" alt=\"\" class=\"wp-image-53632\" width=\"287\" height=\"331\" srcset=\"https:\/\/jornalfatosenoticias.com.br\/wp-content\/uploads\/2024\/08\/Serra-4x4-1-886x1024.jpg 886w, https:\/\/jornalfatosenoticias.com.br\/wp-content\/uploads\/2024\/08\/Serra-4x4-1-260x300.jpg 260w, https:\/\/jornalfatosenoticias.com.br\/wp-content\/uploads\/2024\/08\/Serra-4x4-1-768x888.jpg 768w, https:\/\/jornalfatosenoticias.com.br\/wp-content\/uploads\/2024\/08\/Serra-4x4-1.jpg 1181w\" sizes=\"auto, (max-width: 287px) 100vw, 287px\" \/><\/a><\/figure><\/div>\n\n\n\n<p>Agora a empresa est\u00e1 preparando instala\u00e7\u00f5es de demonstra\u00e7\u00e3o com parceiros dos EUA e da Europa, ao mesmo tempo em que se concentra na mudan\u00e7a da escala piloto para a escala de produ\u00e7\u00e3o e na obten\u00e7\u00e3o da certifica\u00e7\u00e3o de seguran\u00e7a e desempenho para projetos conectados \u00e0 rede. <strong>Janelas e fachadas gerando energia renov\u00e1vel localmente e a baixo custo representam o caminho para edif\u00edcios mais sustent\u00e1veis em um futuro pr\u00f3ximo.<\/strong><\/p>\n\n\n\n<div class=\"wp-block-image\"><figure class=\"aligncenter size-large is-resized\"><a href=\"https:\/\/www.facebook.com\/postobkr\/?locale=pt_BR\"><img loading=\"lazy\" decoding=\"async\" src=\"https:\/\/jornalfatosenoticias.com.br\/wp-content\/uploads\/2023\/08\/BKR-1024x1021.jpg\" alt=\"\" class=\"wp-image-44494\" width=\"318\" height=\"317\" srcset=\"https:\/\/jornalfatosenoticias.com.br\/wp-content\/uploads\/2023\/08\/BKR-1024x1021.jpg 1024w, https:\/\/jornalfatosenoticias.com.br\/wp-content\/uploads\/2023\/08\/BKR-300x300.jpg 300w, https:\/\/jornalfatosenoticias.com.br\/wp-content\/uploads\/2023\/08\/BKR-150x150.jpg 150w, https:\/\/jornalfatosenoticias.com.br\/wp-content\/uploads\/2023\/08\/BKR-768x766.jpg 768w, https:\/\/jornalfatosenoticias.com.br\/wp-content\/uploads\/2023\/08\/BKR.jpg 1080w\" sizes=\"auto, (max-width: 318px) 100vw, 318px\" \/><\/a><\/figure><\/div>\n\n\n\n<p><strong><em>Fonte: <a href=\"https:\/\/ciclovivo.com.br\/planeta\/energia\/maior-janela-solar-transparente-do-mundo-e-criada-na-california\/\">CicloVivo<\/a><\/em><\/strong><\/p>\n","protected":false},"excerpt":{"rendered":"<p>Feita com filme fotovoltaico org\u00e2nico, janela \u00e9 capaz de gerar energia Por Marcia Sousa Apesar de ainda estar em est\u00e1gios iniciais de ado\u00e7\u00e3o comercial, com suas infinitas possibilidades de aplica\u00e7\u00e3o, as c\u00e9lulas solares org\u00e2nicas vieram para ficar. J\u00e1 h\u00e1 diversos exemplos da tecnologia sendo integrada em superf\u00edcies como janelas ou fachadas de edif\u00edcios, ainda assim, [&hellip;]<\/p>\n","protected":false},"author":2,"featured_media":57456,"comment_status":"open","ping_status":"open","sticky":false,"template":"","format":"standard","meta":{"footnotes":""},"categories":[3],"tags":[17680,23996,26093],"class_list":["post-57455","post","type-post","status-publish","format-standard","has-post-thumbnail","hentry","category-tecnologia","tag-filme-fotovoltaico-organico","tag-janela-solar","tag-ods-7"],"yoast_head":"<!-- This site is optimized with the Yoast SEO plugin v26.5 - https:\/\/yoast.com\/wordpress\/plugins\/seo\/ -->\n<title>Maior janela solar transparente do mundo \u00e9 criada na Calif\u00f3rnia - Jornal Fatos e Not\u00edcias<\/title>\n<meta name=\"robots\" content=\"index, follow, max-snippet:-1, max-image-preview:large, max-video-preview:-1\" \/>\n<link rel=\"canonical\" href=\"https:\/\/jornalfatosenoticias.com.br\/index.php\/2025\/03\/05\/maior-janela-solar-transparente-do-mundo-e-criada-na-california\/\" \/>\n<meta property=\"og:locale\" content=\"pt_BR\" \/>\n<meta property=\"og:type\" content=\"article\" \/>\n<meta property=\"og:title\" content=\"Maior janela solar transparente do mundo \u00e9 criada na Calif\u00f3rnia - Jornal Fatos e Not\u00edcias\" \/>\n<meta property=\"og:description\" content=\"Feita com filme fotovoltaico org\u00e2nico, janela \u00e9 capaz de gerar energia Por Marcia Sousa Apesar de ainda estar em est\u00e1gios iniciais de ado\u00e7\u00e3o comercial, com suas infinitas possibilidades de aplica\u00e7\u00e3o, as c\u00e9lulas solares org\u00e2nicas vieram para ficar. J\u00e1 h\u00e1 diversos exemplos da tecnologia sendo integrada em superf\u00edcies como janelas ou fachadas de edif\u00edcios, ainda assim, [&hellip;]\" \/>\n<meta property=\"og:url\" content=\"https:\/\/jornalfatosenoticias.com.br\/index.php\/2025\/03\/05\/maior-janela-solar-transparente-do-mundo-e-criada-na-california\/\" \/>\n<meta property=\"og:site_name\" content=\"Jornal Fatos e Not\u00edcias\" \/>\n<meta property=\"article:published_time\" content=\"2025-03-05T12:47:23+00:00\" \/>\n<meta property=\"article:modified_time\" content=\"2025-03-05T12:47:25+00:00\" \/>\n<meta property=\"og:image\" content=\"https:\/\/jornalfatosenoticias.com.br\/wp-content\/uploads\/2025\/03\/Janela-solar-transparente.jpg\" \/>\n\t<meta property=\"og:image:width\" content=\"1000\" \/>\n\t<meta property=\"og:image:height\" content=\"666\" \/>\n\t<meta property=\"og:image:type\" content=\"image\/jpeg\" \/>\n<meta name=\"author\" content=\"Luzimara Fernandes\" \/>\n<meta name=\"twitter:card\" content=\"summary_large_image\" \/>\n<meta name=\"twitter:label1\" content=\"Escrito por\" \/>\n\t<meta name=\"twitter:data1\" content=\"Luzimara Fernandes\" \/>\n\t<meta name=\"twitter:label2\" content=\"Est. tempo de leitura\" \/>\n\t<meta name=\"twitter:data2\" content=\"3 minutos\" \/>\n<script type=\"application\/ld+json\" class=\"yoast-schema-graph\">{\"@context\":\"https:\/\/schema.org\",\"@graph\":[{\"@type\":\"Article\",\"@id\":\"https:\/\/jornalfatosenoticias.com.br\/index.php\/2025\/03\/05\/maior-janela-solar-transparente-do-mundo-e-criada-na-california\/#article\",\"isPartOf\":{\"@id\":\"https:\/\/jornalfatosenoticias.com.br\/index.php\/2025\/03\/05\/maior-janela-solar-transparente-do-mundo-e-criada-na-california\/\"},\"author\":{\"name\":\"Luzimara Fernandes\",\"@id\":\"https:\/\/jornalfatosenoticias.com.br\/#\/schema\/person\/d63837fa13ac8666eb9e74e0985d6f81\"},\"headline\":\"Maior janela solar transparente do mundo \u00e9 criada na Calif\u00f3rnia\",\"datePublished\":\"2025-03-05T12:47:23+00:00\",\"dateModified\":\"2025-03-05T12:47:25+00:00\",\"mainEntityOfPage\":{\"@id\":\"https:\/\/jornalfatosenoticias.com.br\/index.php\/2025\/03\/05\/maior-janela-solar-transparente-do-mundo-e-criada-na-california\/\"},\"wordCount\":671,\"commentCount\":0,\"publisher\":{\"@id\":\"https:\/\/jornalfatosenoticias.com.br\/#organization\"},\"image\":{\"@id\":\"https:\/\/jornalfatosenoticias.com.br\/index.php\/2025\/03\/05\/maior-janela-solar-transparente-do-mundo-e-criada-na-california\/#primaryimage\"},\"thumbnailUrl\":\"https:\/\/jornalfatosenoticias.com.br\/wp-content\/uploads\/2025\/03\/Janela-solar-transparente.jpg\",\"keywords\":[\"filme fotovoltaico org\u00e2nico\",\"janela solar\",\"ODS 7\"],\"articleSection\":[\"Tecnologia &amp; Inova\u00e7\u00e3o\"],\"inLanguage\":\"pt-BR\",\"potentialAction\":[{\"@type\":\"CommentAction\",\"name\":\"Comment\",\"target\":[\"https:\/\/jornalfatosenoticias.com.br\/index.php\/2025\/03\/05\/maior-janela-solar-transparente-do-mundo-e-criada-na-california\/#respond\"]}]},{\"@type\":\"WebPage\",\"@id\":\"https:\/\/jornalfatosenoticias.com.br\/index.php\/2025\/03\/05\/maior-janela-solar-transparente-do-mundo-e-criada-na-california\/\",\"url\":\"https:\/\/jornalfatosenoticias.com.br\/index.php\/2025\/03\/05\/maior-janela-solar-transparente-do-mundo-e-criada-na-california\/\",\"name\":\"Maior janela solar transparente do mundo \u00e9 criada na Calif\u00f3rnia - Jornal Fatos e Not\u00edcias\",\"isPartOf\":{\"@id\":\"https:\/\/jornalfatosenoticias.com.br\/#website\"},\"primaryImageOfPage\":{\"@id\":\"https:\/\/jornalfatosenoticias.com.br\/index.php\/2025\/03\/05\/maior-janela-solar-transparente-do-mundo-e-criada-na-california\/#primaryimage\"},\"image\":{\"@id\":\"https:\/\/jornalfatosenoticias.com.br\/index.php\/2025\/03\/05\/maior-janela-solar-transparente-do-mundo-e-criada-na-california\/#primaryimage\"},\"thumbnailUrl\":\"https:\/\/jornalfatosenoticias.com.br\/wp-content\/uploads\/2025\/03\/Janela-solar-transparente.jpg\",\"datePublished\":\"2025-03-05T12:47:23+00:00\",\"dateModified\":\"2025-03-05T12:47:25+00:00\",\"breadcrumb\":{\"@id\":\"https:\/\/jornalfatosenoticias.com.br\/index.php\/2025\/03\/05\/maior-janela-solar-transparente-do-mundo-e-criada-na-california\/#breadcrumb\"},\"inLanguage\":\"pt-BR\",\"potentialAction\":[{\"@type\":\"ReadAction\",\"target\":[\"https:\/\/jornalfatosenoticias.com.br\/index.php\/2025\/03\/05\/maior-janela-solar-transparente-do-mundo-e-criada-na-california\/\"]}]},{\"@type\":\"ImageObject\",\"inLanguage\":\"pt-BR\",\"@id\":\"https:\/\/jornalfatosenoticias.com.br\/index.php\/2025\/03\/05\/maior-janela-solar-transparente-do-mundo-e-criada-na-california\/#primaryimage\",\"url\":\"https:\/\/jornalfatosenoticias.com.br\/wp-content\/uploads\/2025\/03\/Janela-solar-transparente.jpg\",\"contentUrl\":\"https:\/\/jornalfatosenoticias.com.br\/wp-content\/uploads\/2025\/03\/Janela-solar-transparente.jpg\",\"width\":1000,\"height\":666},{\"@type\":\"BreadcrumbList\",\"@id\":\"https:\/\/jornalfatosenoticias.com.br\/index.php\/2025\/03\/05\/maior-janela-solar-transparente-do-mundo-e-criada-na-california\/#breadcrumb\",\"itemListElement\":[{\"@type\":\"ListItem\",\"position\":1,\"name\":\"In\u00edcio\",\"item\":\"https:\/\/jornalfatosenoticias.com.br\/\"},{\"@type\":\"ListItem\",\"position\":2,\"name\":\"Maior janela solar transparente do mundo \u00e9 criada na Calif\u00f3rnia\"}]},{\"@type\":\"WebSite\",\"@id\":\"https:\/\/jornalfatosenoticias.com.br\/#website\",\"url\":\"https:\/\/jornalfatosenoticias.com.br\/\",\"name\":\"Jornal Fatos e Not\u00edcias\",\"description\":\"Not\u00edcias em geral\",\"publisher\":{\"@id\":\"https:\/\/jornalfatosenoticias.com.br\/#organization\"},\"potentialAction\":[{\"@type\":\"SearchAction\",\"target\":{\"@type\":\"EntryPoint\",\"urlTemplate\":\"https:\/\/jornalfatosenoticias.com.br\/?s={search_term_string}\"},\"query-input\":{\"@type\":\"PropertyValueSpecification\",\"valueRequired\":true,\"valueName\":\"search_term_string\"}}],\"inLanguage\":\"pt-BR\"},{\"@type\":\"Organization\",\"@id\":\"https:\/\/jornalfatosenoticias.com.br\/#organization\",\"name\":\"Jornal Fatos e Not\u00edcias\",\"url\":\"https:\/\/jornalfatosenoticias.com.br\/\",\"logo\":{\"@type\":\"ImageObject\",\"inLanguage\":\"pt-BR\",\"@id\":\"https:\/\/jornalfatosenoticias.com.br\/#\/schema\/logo\/image\/\",\"url\":\"https:\/\/jornalfatosenoticias.com.br\/wp-content\/uploads\/2020\/02\/logo120.png\",\"contentUrl\":\"https:\/\/jornalfatosenoticias.com.br\/wp-content\/uploads\/2020\/02\/logo120.png\",\"width\":1227,\"height\":120,\"caption\":\"Jornal Fatos e Not\u00edcias\"},\"image\":{\"@id\":\"https:\/\/jornalfatosenoticias.com.br\/#\/schema\/logo\/image\/\"}},{\"@type\":\"Person\",\"@id\":\"https:\/\/jornalfatosenoticias.com.br\/#\/schema\/person\/d63837fa13ac8666eb9e74e0985d6f81\",\"name\":\"Luzimara Fernandes\",\"image\":{\"@type\":\"ImageObject\",\"inLanguage\":\"pt-BR\",\"@id\":\"https:\/\/jornalfatosenoticias.com.br\/#\/schema\/person\/image\/\",\"url\":\"https:\/\/jornalfatosenoticias.com.br\/wp-content\/uploads\/2025\/05\/EU_portal.jpg\",\"contentUrl\":\"https:\/\/jornalfatosenoticias.com.br\/wp-content\/uploads\/2025\/05\/EU_portal.jpg\",\"caption\":\"Luzimara Fernandes\"},\"description\":\"Jornalista MTB 2358-ES\",\"sameAs\":[\"https:\/\/jornalfatosenoticias.com.br\"],\"url\":\"https:\/\/jornalfatosenoticias.com.br\/index.php\/author\/luzimara\/\"}]}<\/script>\n<!-- \/ Yoast SEO plugin. -->","yoast_head_json":{"title":"Maior janela solar transparente do mundo \u00e9 criada na Calif\u00f3rnia - Jornal Fatos e Not\u00edcias","robots":{"index":"index","follow":"follow","max-snippet":"max-snippet:-1","max-image-preview":"max-image-preview:large","max-video-preview":"max-video-preview:-1"},"canonical":"https:\/\/jornalfatosenoticias.com.br\/index.php\/2025\/03\/05\/maior-janela-solar-transparente-do-mundo-e-criada-na-california\/","og_locale":"pt_BR","og_type":"article","og_title":"Maior janela solar transparente do mundo \u00e9 criada na Calif\u00f3rnia - Jornal Fatos e Not\u00edcias","og_description":"Feita com filme fotovoltaico org\u00e2nico, janela \u00e9 capaz de gerar energia Por Marcia Sousa Apesar de ainda estar em est\u00e1gios iniciais de ado\u00e7\u00e3o comercial, com suas infinitas possibilidades de aplica\u00e7\u00e3o, as c\u00e9lulas solares org\u00e2nicas vieram para ficar. J\u00e1 h\u00e1 diversos exemplos da tecnologia sendo integrada em superf\u00edcies como janelas ou fachadas de edif\u00edcios, ainda assim, [&hellip;]","og_url":"https:\/\/jornalfatosenoticias.com.br\/index.php\/2025\/03\/05\/maior-janela-solar-transparente-do-mundo-e-criada-na-california\/","og_site_name":"Jornal Fatos e Not\u00edcias","article_published_time":"2025-03-05T12:47:23+00:00","article_modified_time":"2025-03-05T12:47:25+00:00","og_image":[{"width":1000,"height":666,"url":"https:\/\/jornalfatosenoticias.com.br\/wp-content\/uploads\/2025\/03\/Janela-solar-transparente.jpg","type":"image\/jpeg"}],"author":"Luzimara Fernandes","twitter_card":"summary_large_image","twitter_misc":{"Escrito por":"Luzimara Fernandes","Est. tempo de leitura":"3 minutos"},"schema":{"@context":"https:\/\/schema.org","@graph":[{"@type":"Article","@id":"https:\/\/jornalfatosenoticias.com.br\/index.php\/2025\/03\/05\/maior-janela-solar-transparente-do-mundo-e-criada-na-california\/#article","isPartOf":{"@id":"https:\/\/jornalfatosenoticias.com.br\/index.php\/2025\/03\/05\/maior-janela-solar-transparente-do-mundo-e-criada-na-california\/"},"author":{"name":"Luzimara Fernandes","@id":"https:\/\/jornalfatosenoticias.com.br\/#\/schema\/person\/d63837fa13ac8666eb9e74e0985d6f81"},"headline":"Maior janela solar transparente do mundo \u00e9 criada na Calif\u00f3rnia","datePublished":"2025-03-05T12:47:23+00:00","dateModified":"2025-03-05T12:47:25+00:00","mainEntityOfPage":{"@id":"https:\/\/jornalfatosenoticias.com.br\/index.php\/2025\/03\/05\/maior-janela-solar-transparente-do-mundo-e-criada-na-california\/"},"wordCount":671,"commentCount":0,"publisher":{"@id":"https:\/\/jornalfatosenoticias.com.br\/#organization"},"image":{"@id":"https:\/\/jornalfatosenoticias.com.br\/index.php\/2025\/03\/05\/maior-janela-solar-transparente-do-mundo-e-criada-na-california\/#primaryimage"},"thumbnailUrl":"https:\/\/jornalfatosenoticias.com.br\/wp-content\/uploads\/2025\/03\/Janela-solar-transparente.jpg","keywords":["filme fotovoltaico org\u00e2nico","janela solar","ODS 7"],"articleSection":["Tecnologia &amp; Inova\u00e7\u00e3o"],"inLanguage":"pt-BR","potentialAction":[{"@type":"CommentAction","name":"Comment","target":["https:\/\/jornalfatosenoticias.com.br\/index.php\/2025\/03\/05\/maior-janela-solar-transparente-do-mundo-e-criada-na-california\/#respond"]}]},{"@type":"WebPage","@id":"https:\/\/jornalfatosenoticias.com.br\/index.php\/2025\/03\/05\/maior-janela-solar-transparente-do-mundo-e-criada-na-california\/","url":"https:\/\/jornalfatosenoticias.com.br\/index.php\/2025\/03\/05\/maior-janela-solar-transparente-do-mundo-e-criada-na-california\/","name":"Maior janela solar transparente do mundo \u00e9 criada na Calif\u00f3rnia - Jornal Fatos e Not\u00edcias","isPartOf":{"@id":"https:\/\/jornalfatosenoticias.com.br\/#website"},"primaryImageOfPage":{"@id":"https:\/\/jornalfatosenoticias.com.br\/index.php\/2025\/03\/05\/maior-janela-solar-transparente-do-mundo-e-criada-na-california\/#primaryimage"},"image":{"@id":"https:\/\/jornalfatosenoticias.com.br\/index.php\/2025\/03\/05\/maior-janela-solar-transparente-do-mundo-e-criada-na-california\/#primaryimage"},"thumbnailUrl":"https:\/\/jornalfatosenoticias.com.br\/wp-content\/uploads\/2025\/03\/Janela-solar-transparente.jpg","datePublished":"2025-03-05T12:47:23+00:00","dateModified":"2025-03-05T12:47:25+00:00","breadcrumb":{"@id":"https:\/\/jornalfatosenoticias.com.br\/index.php\/2025\/03\/05\/maior-janela-solar-transparente-do-mundo-e-criada-na-california\/#breadcrumb"},"inLanguage":"pt-BR","potentialAction":[{"@type":"ReadAction","target":["https:\/\/jornalfatosenoticias.com.br\/index.php\/2025\/03\/05\/maior-janela-solar-transparente-do-mundo-e-criada-na-california\/"]}]},{"@type":"ImageObject","inLanguage":"pt-BR","@id":"https:\/\/jornalfatosenoticias.com.br\/index.php\/2025\/03\/05\/maior-janela-solar-transparente-do-mundo-e-criada-na-california\/#primaryimage","url":"https:\/\/jornalfatosenoticias.com.br\/wp-content\/uploads\/2025\/03\/Janela-solar-transparente.jpg","contentUrl":"https:\/\/jornalfatosenoticias.com.br\/wp-content\/uploads\/2025\/03\/Janela-solar-transparente.jpg","width":1000,"height":666},{"@type":"BreadcrumbList","@id":"https:\/\/jornalfatosenoticias.com.br\/index.php\/2025\/03\/05\/maior-janela-solar-transparente-do-mundo-e-criada-na-california\/#breadcrumb","itemListElement":[{"@type":"ListItem","position":1,"name":"In\u00edcio","item":"https:\/\/jornalfatosenoticias.com.br\/"},{"@type":"ListItem","position":2,"name":"Maior janela solar transparente do mundo \u00e9 criada na Calif\u00f3rnia"}]},{"@type":"WebSite","@id":"https:\/\/jornalfatosenoticias.com.br\/#website","url":"https:\/\/jornalfatosenoticias.com.br\/","name":"Jornal Fatos e Not\u00edcias","description":"Not\u00edcias em geral","publisher":{"@id":"https:\/\/jornalfatosenoticias.com.br\/#organization"},"potentialAction":[{"@type":"SearchAction","target":{"@type":"EntryPoint","urlTemplate":"https:\/\/jornalfatosenoticias.com.br\/?s={search_term_string}"},"query-input":{"@type":"PropertyValueSpecification","valueRequired":true,"valueName":"search_term_string"}}],"inLanguage":"pt-BR"},{"@type":"Organization","@id":"https:\/\/jornalfatosenoticias.com.br\/#organization","name":"Jornal Fatos e Not\u00edcias","url":"https:\/\/jornalfatosenoticias.com.br\/","logo":{"@type":"ImageObject","inLanguage":"pt-BR","@id":"https:\/\/jornalfatosenoticias.com.br\/#\/schema\/logo\/image\/","url":"https:\/\/jornalfatosenoticias.com.br\/wp-content\/uploads\/2020\/02\/logo120.png","contentUrl":"https:\/\/jornalfatosenoticias.com.br\/wp-content\/uploads\/2020\/02\/logo120.png","width":1227,"height":120,"caption":"Jornal Fatos e Not\u00edcias"},"image":{"@id":"https:\/\/jornalfatosenoticias.com.br\/#\/schema\/logo\/image\/"}},{"@type":"Person","@id":"https:\/\/jornalfatosenoticias.com.br\/#\/schema\/person\/d63837fa13ac8666eb9e74e0985d6f81","name":"Luzimara Fernandes","image":{"@type":"ImageObject","inLanguage":"pt-BR","@id":"https:\/\/jornalfatosenoticias.com.br\/#\/schema\/person\/image\/","url":"https:\/\/jornalfatosenoticias.com.br\/wp-content\/uploads\/2025\/05\/EU_portal.jpg","contentUrl":"https:\/\/jornalfatosenoticias.com.br\/wp-content\/uploads\/2025\/05\/EU_portal.jpg","caption":"Luzimara Fernandes"},"description":"Jornalista MTB 2358-ES","sameAs":["https:\/\/jornalfatosenoticias.com.br"],"url":"https:\/\/jornalfatosenoticias.com.br\/index.php\/author\/luzimara\/"}]}},"cc_featured_image_caption":{"caption_text":"(Foto: NEXT Energy Technologies\/Reprodu\u00e7\u00e3o) ","source_text":"","source_url":""},"jetpack_featured_media_url":"https:\/\/jornalfatosenoticias.com.br\/wp-content\/uploads\/2025\/03\/Janela-solar-transparente.jpg","_links":{"self":[{"href":"https:\/\/jornalfatosenoticias.com.br\/index.php\/wp-json\/wp\/v2\/posts\/57455","targetHints":{"allow":["GET"]}}],"collection":[{"href":"https:\/\/jornalfatosenoticias.com.br\/index.php\/wp-json\/wp\/v2\/posts"}],"about":[{"href":"https:\/\/jornalfatosenoticias.com.br\/index.php\/wp-json\/wp\/v2\/types\/post"}],"author":[{"embeddable":true,"href":"https:\/\/jornalfatosenoticias.com.br\/index.php\/wp-json\/wp\/v2\/users\/2"}],"replies":[{"embeddable":true,"href":"https:\/\/jornalfatosenoticias.com.br\/index.php\/wp-json\/wp\/v2\/comments?post=57455"}],"version-history":[{"count":0,"href":"https:\/\/jornalfatosenoticias.com.br\/index.php\/wp-json\/wp\/v2\/posts\/57455\/revisions"}],"wp:featuredmedia":[{"embeddable":true,"href":"https:\/\/jornalfatosenoticias.com.br\/index.php\/wp-json\/wp\/v2\/media\/57456"}],"wp:attachment":[{"href":"https:\/\/jornalfatosenoticias.com.br\/index.php\/wp-json\/wp\/v2\/media?parent=57455"}],"wp:term":[{"taxonomy":"category","embeddable":true,"href":"https:\/\/jornalfatosenoticias.com.br\/index.php\/wp-json\/wp\/v2\/categories?post=57455"},{"taxonomy":"post_tag","embeddable":true,"href":"https:\/\/jornalfatosenoticias.com.br\/index.php\/wp-json\/wp\/v2\/tags?post=57455"}],"curies":[{"name":"wp","href":"https:\/\/api.w.org\/{rel}","templated":true}]}}