{"id":57470,"date":"2025-03-05T10:49:50","date_gmt":"2025-03-05T13:49:50","guid":{"rendered":"https:\/\/jornalfatosenoticias.com.br\/?p=57470"},"modified":"2025-03-05T10:49:51","modified_gmt":"2025-03-05T13:49:51","slug":"stf-se-impoe-sobre-governadores-de-direita-e-derruba-suas-medidas","status":"publish","type":"post","link":"https:\/\/jornalfatosenoticias.com.br\/index.php\/2025\/03\/05\/stf-se-impoe-sobre-governadores-de-direita-e-derruba-suas-medidas\/","title":{"rendered":"STF se imp\u00f5e sobre governadores de direita e derruba suas medidas"},"content":{"rendered":"\n<p><em><span class=\"has-inline-color has-black-color\">O ministro Lu\u00eds Roberto Barroso determinou ao governo de Tarc\u00edsio de Freitas que as c\u00e2meras corporais em policiais s\u00e3o obrigat\u00f3rias<\/span><\/em><\/p>\n\n\n\n<p><span class=\"has-inline-color has-black-color\">Por <strong><a href=\"https:\/\/www.gazetadopovo.com.br\/autor\/leonardo-desideri\/\" rel=\"sponsored nofollow\">Leonardo Desideri<\/a><\/strong><\/span><\/p>\n\n\n\n<div class=\"wp-block-image\"><figure class=\"aligncenter size-large\"><a href=\"https:\/\/www.facebook.com\/vetor.vix\/\"><img loading=\"lazy\" decoding=\"async\" width=\"1024\" height=\"273\" src=\"https:\/\/jornalfatosenoticias.com.br\/wp-content\/uploads\/2023\/09\/vetorvix1024_1.jpg\" alt=\"\" class=\"wp-image-44868\" srcset=\"https:\/\/jornalfatosenoticias.com.br\/wp-content\/uploads\/2023\/09\/vetorvix1024_1.jpg 1024w, https:\/\/jornalfatosenoticias.com.br\/wp-content\/uploads\/2023\/09\/vetorvix1024_1-300x80.jpg 300w, https:\/\/jornalfatosenoticias.com.br\/wp-content\/uploads\/2023\/09\/vetorvix1024_1-768x205.jpg 768w\" sizes=\"auto, (max-width: 1024px) 100vw, 1024px\" \/><\/a><\/figure><\/div>\n\n\n\n<p>Nos \u00faltimos meses, o Supremo Tribunal Federal (STF) tem atuado para coibir uma s\u00e9rie de medidas adotadas por governos estaduais de direita no Brasil. As decis\u00f5es judiciais t\u00eam afetado \u00e1reas como meio ambiente, seguran\u00e7a p\u00fablica e educa\u00e7\u00e3o, revertendo pol\u00edticas que foram chanceladas pelas urnas.<br>No come\u00e7o de fevereiro, o Supremo retomou o julgamento em Plen\u00e1rio da ADPF 635, a &#8220;ADPF das Favelas&#8221;. Desde 2020, no \u00e2mbito dessa a\u00e7\u00e3o, o STF tem criado restri\u00e7\u00f5es a opera\u00e7\u00f5es policiais em favelas do Rio de Janeiro, \u00e0 revelia do que defende o governador de direita Cl\u00e1udio Castro (PL-RJ). No dia 5 de fevereiro, o relator Edson Fachin votou pela manuten\u00e7\u00e3o das restri\u00e7\u00f5es, antes de o julgamento ser suspenso pelo presidente do tribunal, Lu\u00eds Roberto Barroso.<\/p>\n\n\n\n<div class=\"wp-block-image\"><figure class=\"aligncenter size-large is-resized\"><a href=\"https:\/\/www.ithbrasil.com.br\/\"><img loading=\"lazy\" decoding=\"async\" src=\"https:\/\/jornalfatosenoticias.com.br\/wp-content\/uploads\/2023\/08\/ITH.jpeg\" alt=\"\" class=\"wp-image-44638\" width=\"310\" height=\"252\" srcset=\"https:\/\/jornalfatosenoticias.com.br\/wp-content\/uploads\/2023\/08\/ITH.jpeg 800w, https:\/\/jornalfatosenoticias.com.br\/wp-content\/uploads\/2023\/08\/ITH-300x244.jpeg 300w, https:\/\/jornalfatosenoticias.com.br\/wp-content\/uploads\/2023\/08\/ITH-768x624.jpeg 768w\" sizes=\"auto, (max-width: 310px) 100vw, 310px\" \/><\/a><\/figure><\/div>\n\n\n\n<p>As restri\u00e7\u00f5es foram inicialmente propostas pelo PSB em 2019, com o objetivo alegado de promover maior controle das a\u00e7\u00f5es de seguran\u00e7a p\u00fablica no estado. Entre as determina\u00e7\u00f5es do STF est\u00e3o a obrigatoriedade de c\u00e2meras corporais para policiais, a proibi\u00e7\u00e3o do uso de helic\u00f3pteros como plataformas de tiro e a exig\u00eancia de um plano detalhado para reduzir a letalidade policial. O julgamento decidir\u00e1 quais restri\u00e7\u00f5es ser\u00e3o mantidas ou revogadas.<\/p>\n\n\n\n<div class=\"wp-block-image\"><figure class=\"aligncenter size-large is-resized\"><a href=\"https:\/\/www.legisjuris.com.br\/\"><img loading=\"lazy\" decoding=\"async\" src=\"https:\/\/jornalfatosenoticias.com.br\/wp-content\/uploads\/2024\/09\/Legis-Juris-Consultoria_logo.jpg\" alt=\"\" class=\"wp-image-53915\" width=\"475\" height=\"199\" srcset=\"https:\/\/jornalfatosenoticias.com.br\/wp-content\/uploads\/2024\/09\/Legis-Juris-Consultoria_logo.jpg 969w, https:\/\/jornalfatosenoticias.com.br\/wp-content\/uploads\/2024\/09\/Legis-Juris-Consultoria_logo-300x126.jpg 300w, https:\/\/jornalfatosenoticias.com.br\/wp-content\/uploads\/2024\/09\/Legis-Juris-Consultoria_logo-768x322.jpg 768w\" sizes=\"auto, (max-width: 475px) 100vw, 475px\" \/><\/a><\/figure><\/div>\n\n\n\n<p>Tanto o governador Cl\u00e1udio Castro quanto o prefeito do Rio, Eduardo Paes (PSD), t\u00eam criticado a medida, apontando que ela enfraquece o combate ao crime organizado e cria uma sensa\u00e7\u00e3o de impunidade nas favelas. <a href=\"https:\/\/www.gazetadopovo.com.br\/vida-e-cidadania\/stf-julga-acao-operacoes-policiais-favelas-ativismo-judicial\/\">Em reportagem recente da Gazeta do Povo, os especialistas Ricardo Peake Braga e Marcelo Rocha Monteiro afirmam ver no caso uma demonstra\u00e7\u00e3o de ativismo judicial,<\/a> em que o STF extrapola suas compet\u00eancias ao agir, na pr\u00e1tica, formulando pol\u00edticas p\u00fablicas.<\/p>\n\n\n\n<div class=\"wp-block-image\"><figure class=\"aligncenter size-large is-resized\"><a href=\"https:\/\/www.facebook.com\/profile.php?id=100069289606145\"><img loading=\"lazy\" decoding=\"async\" src=\"https:\/\/jornalfatosenoticias.com.br\/wp-content\/uploads\/2024\/11\/Guaitolini-Contabilidade-1024x714.jpeg\" alt=\"\" class=\"wp-image-55808\" width=\"339\" height=\"236\" srcset=\"https:\/\/jornalfatosenoticias.com.br\/wp-content\/uploads\/2024\/11\/Guaitolini-Contabilidade-1024x714.jpeg 1024w, https:\/\/jornalfatosenoticias.com.br\/wp-content\/uploads\/2024\/11\/Guaitolini-Contabilidade-300x209.jpeg 300w, https:\/\/jornalfatosenoticias.com.br\/wp-content\/uploads\/2024\/11\/Guaitolini-Contabilidade-768x535.jpeg 768w, https:\/\/jornalfatosenoticias.com.br\/wp-content\/uploads\/2024\/11\/Guaitolini-Contabilidade.jpeg 1280w\" sizes=\"auto, (max-width: 339px) 100vw, 339px\" \/><\/a><\/figure><\/div>\n\n\n\n<p>Tamb\u00e9m na \u00e1rea da seguran\u00e7a p\u00fablica, o Supremo tem influenciado ativamente a ado\u00e7\u00e3o de c\u00e2meras corporais pela Pol\u00edcia Militar de S\u00e3o Paulo, ideia que j\u00e1 foi acatada pelo governador do estado, Tarc\u00edsio de Freitas (Republicanos). A retirada das c\u00e2meras havia sido uma promessa de sua campanha em 2022, quando ele afirmou que o equipamento representava &#8220;o policial em desvantagem em rela\u00e7\u00e3o ao bandido&#8221;.<\/p>\n\n\n\n<div class=\"wp-block-image\"><figure class=\"aligncenter size-large is-resized\"><a href=\"https:\/\/www.instagram.com\/esteiochurrascaria\/\"><img loading=\"lazy\" decoding=\"async\" src=\"https:\/\/jornalfatosenoticias.com.br\/wp-content\/uploads\/2022\/02\/LOGO-ESTEIO-1024x730.png\" alt=\"\" class=\"wp-image-27942\" width=\"336\" height=\"239\" srcset=\"https:\/\/jornalfatosenoticias.com.br\/wp-content\/uploads\/2022\/02\/LOGO-ESTEIO-1024x730.png 1024w, https:\/\/jornalfatosenoticias.com.br\/wp-content\/uploads\/2022\/02\/LOGO-ESTEIO-300x214.png 300w, https:\/\/jornalfatosenoticias.com.br\/wp-content\/uploads\/2022\/02\/LOGO-ESTEIO-768x548.png 768w, https:\/\/jornalfatosenoticias.com.br\/wp-content\/uploads\/2022\/02\/LOGO-ESTEIO.png 1123w\" sizes=\"auto, (max-width: 336px) 100vw, 336px\" \/><\/a><\/figure><\/div>\n\n\n\n<p>No \u00faltimo dia 14, Barroso recebeu Tarc\u00edsio de Freitas para uma reuni\u00e3o sobre o assunto, e saiu satisfeito com a obedi\u00eancia do governador. &#8220;O governador, com uma grande eleva\u00e7\u00e3o de esp\u00edrito, eu devo dizer, se convenceu de que as c\u00e2meras t\u00eam import\u00e2ncia e utilidade para a seguran\u00e7a p\u00fablica em geral e para a pr\u00f3pria prote\u00e7\u00e3o dos policiais&#8221;, afirmou.<\/p>\n\n\n\n<div class=\"wp-block-image\"><figure class=\"aligncenter size-large is-resized\"><a href=\"https:\/\/www.instagram.com\/rcradiadores\/\"><img loading=\"lazy\" decoding=\"async\" src=\"https:\/\/jornalfatosenoticias.com.br\/wp-content\/uploads\/2022\/10\/RC_800x750_page-0001.jpg\" alt=\"\" class=\"wp-image-35338\" width=\"314\" height=\"295\" srcset=\"https:\/\/jornalfatosenoticias.com.br\/wp-content\/uploads\/2022\/10\/RC_800x750_page-0001.jpg 400w, https:\/\/jornalfatosenoticias.com.br\/wp-content\/uploads\/2022\/10\/RC_800x750_page-0001-300x281.jpg 300w\" sizes=\"auto, (max-width: 314px) 100vw, 314px\" \/><\/a><\/figure><\/div>\n\n\n\n<p>A obrigatoriedade do uso de c\u00e2meras havia sido determinada por Barroso em 9 de dezembro do ano passado, ap\u00f3s pedido da Defensoria P\u00fabica de S\u00e3o Paulo. O governo paulista recorreu argumentando que a medida trazia custos altos e interferia na gest\u00e3o da seguran\u00e7a p\u00fablica estadual. Barroso n\u00e3o acatou o recurso, mas aumentou o prazo para a implementa\u00e7\u00e3o da medida. Desde ent\u00e3o, Tarc\u00edsio tem precisado negociar diretamente com o ministro do STF para tentar flexibilizar e postergar a ado\u00e7\u00e3o das c\u00e2meras.<\/p>\n\n\n\n<div class=\"wp-block-image\"><figure class=\"aligncenter size-large is-resized\"><a href=\"https:\/\/www.instagram.com\/restaurantepegoretti\/\"><img loading=\"lazy\" decoding=\"async\" src=\"https:\/\/jornalfatosenoticias.com.br\/wp-content\/uploads\/2023\/12\/pegoretti-logo-pdf-1024x389.jpg\" alt=\"\" class=\"wp-image-47536\" width=\"475\" height=\"180\" srcset=\"https:\/\/jornalfatosenoticias.com.br\/wp-content\/uploads\/2023\/12\/pegoretti-logo-pdf-1024x389.jpg 1024w, https:\/\/jornalfatosenoticias.com.br\/wp-content\/uploads\/2023\/12\/pegoretti-logo-pdf-300x114.jpg 300w, https:\/\/jornalfatosenoticias.com.br\/wp-content\/uploads\/2023\/12\/pegoretti-logo-pdf-768x291.jpg 768w, https:\/\/jornalfatosenoticias.com.br\/wp-content\/uploads\/2023\/12\/pegoretti-logo-pdf.jpg 1120w\" sizes=\"auto, (max-width: 475px) 100vw, 475px\" \/><\/a><\/figure><\/div>\n\n\n\n<p>Para Alessandro Chiarottino, doutor em Direito Constitucional pela USP, \u00e9 evidente que o Supremo est\u00e1 usurpando as fun\u00e7\u00f5es do Executivo. Ele recorda que o STF s\u00f3 teria legitimidade para agir dessa forma, derrubando decis\u00f5es de governadores, quando se tratassem de &#8220;normas evidentemente inconstitucionais&#8221;.<\/p>\n\n\n\n<div class=\"wp-block-image\"><figure class=\"aligncenter size-large is-resized\"><a href=\"https:\/\/www.instagram.com\/vmais.midias\/\"><img loading=\"lazy\" decoding=\"async\" src=\"https:\/\/jornalfatosenoticias.com.br\/wp-content\/uploads\/2020\/02\/DE-MAIS-DESTAQUE-VMAIS-800X700.png\" alt=\"\" class=\"wp-image-53112\" width=\"324\" height=\"283\" srcset=\"https:\/\/jornalfatosenoticias.com.br\/wp-content\/uploads\/2020\/02\/DE-MAIS-DESTAQUE-VMAIS-800X700.png 800w, https:\/\/jornalfatosenoticias.com.br\/wp-content\/uploads\/2020\/02\/DE-MAIS-DESTAQUE-VMAIS-800X700-300x263.png 300w, https:\/\/jornalfatosenoticias.com.br\/wp-content\/uploads\/2020\/02\/DE-MAIS-DESTAQUE-VMAIS-800X700-768x672.png 768w\" sizes=\"auto, (max-width: 324px) 100vw, 324px\" \/><\/a><\/figure><\/div>\n\n\n\n<blockquote class=\"wp-block-quote is-layout-flow wp-block-quote-is-layout-flow\"><p><span class=\"has-inline-color has-luminous-vivid-orange-color\">Podemos dizer, com toda certeza, que nunca foi inten\u00e7\u00e3o do legislador constituinte origin\u00e1rio que o STF exercesse tamanho grau de inger\u00eancia nas fun\u00e7\u00f5es do Executivo e do Legislativo&#8221;, afirma.<\/span><\/p><\/blockquote>\n\n\n\n<div class=\"wp-block-image\"><figure class=\"aligncenter size-large is-resized\"><a href=\"https:\/\/panper.com.br\/\"><img loading=\"lazy\" decoding=\"async\" src=\"https:\/\/jornalfatosenoticias.com.br\/wp-content\/uploads\/2023\/03\/logo-Panper_portal.jpg\" alt=\"\" class=\"wp-image-40208\" width=\"332\" height=\"230\" srcset=\"https:\/\/jornalfatosenoticias.com.br\/wp-content\/uploads\/2023\/03\/logo-Panper_portal.jpg 400w, https:\/\/jornalfatosenoticias.com.br\/wp-content\/uploads\/2023\/03\/logo-Panper_portal-300x208.jpg 300w\" sizes=\"auto, (max-width: 332px) 100vw, 332px\" \/><\/a><\/figure><\/div>\n\n\n\n<p>Entre os casos de intromiss\u00e3o nas fun\u00e7\u00f5es do Executivo, o especialista relembra a intima\u00e7\u00e3o de Moraes ao procurador-geral da Rep\u00fablica, Paulo Gonet, para que se manifestasse sobre a constru\u00e7\u00e3o de um muro de alvenaria para separar usu\u00e1rios da cracol\u00e2ndia de moradores e comerciantes no centro da capital paulista.<\/p>\n\n\n\n<blockquote class=\"wp-block-quote is-layout-flow wp-block-quote-is-layout-flow\"><p><span class=\"has-inline-color has-luminous-vivid-orange-color\">O STF se achou no direito de influir numa decis\u00e3o comezinha de um prefeito&#8221;, comenta Chiarottino. A clara inclina\u00e7\u00e3o pol\u00edtica das medidas tamb\u00e9m preocupa o jurista. &#8220;A todas essas aberra\u00e7\u00f5es, soma-se o vi\u00e9s pol\u00edtico, que \u00e9 ele pr\u00f3prio um desvio&#8221;, diz.<\/span><\/p><\/blockquote>\n\n\n\n<div class=\"wp-block-image\"><figure class=\"aligncenter size-large is-resized\"><a href=\"https:\/\/www.instagram.com\/ligadossaborespizzaria\/\"><img loading=\"lazy\" decoding=\"async\" src=\"https:\/\/jornalfatosenoticias.com.br\/wp-content\/uploads\/2024\/09\/WhatsApp-Image-2024-09-14-at-22.46.10-819x1024.jpeg\" alt=\"\" class=\"wp-image-54180\" width=\"271\" height=\"339\" srcset=\"https:\/\/jornalfatosenoticias.com.br\/wp-content\/uploads\/2024\/09\/WhatsApp-Image-2024-09-14-at-22.46.10-819x1024.jpeg 819w, https:\/\/jornalfatosenoticias.com.br\/wp-content\/uploads\/2024\/09\/WhatsApp-Image-2024-09-14-at-22.46.10-240x300.jpeg 240w, https:\/\/jornalfatosenoticias.com.br\/wp-content\/uploads\/2024\/09\/WhatsApp-Image-2024-09-14-at-22.46.10-768x960.jpeg 768w, https:\/\/jornalfatosenoticias.com.br\/wp-content\/uploads\/2024\/09\/WhatsApp-Image-2024-09-14-at-22.46.10.jpeg 1024w\" sizes=\"auto, (max-width: 271px) 100vw, 271px\" \/><\/a><\/figure><\/div>\n\n\n\n<p><strong><span class=\"has-inline-color has-black-color\">Ambientalistas e indigenistas tamb\u00e9m recorrem ao Supremo para derrubar decis\u00f5es de governadores da direita<br><\/span><\/strong>Outro caso recente de ativismo judicial contra governos de direita aconteceu em Minas Gerais. Em janeiro de 2025, o ministro Fl\u00e1vio Dino suspendeu um decreto do governador Romeu Zema (Novo) que estabelecia novas regras para a consulta pr\u00e9via a povos ind\u00edgenas e comunidades tradicionais em processos de licenciamento ambiental.<\/p>\n\n\n\n<div class=\"wp-block-image\"><figure class=\"aligncenter size-large is-resized\"><a href=\"https:\/\/www.facebook.com\/postobkr\/?locale=pt_BR\"><img loading=\"lazy\" decoding=\"async\" src=\"https:\/\/jornalfatosenoticias.com.br\/wp-content\/uploads\/2023\/08\/BKR-1024x1021.jpg\" alt=\"\" class=\"wp-image-44494\" width=\"302\" height=\"301\" srcset=\"https:\/\/jornalfatosenoticias.com.br\/wp-content\/uploads\/2023\/08\/BKR-1024x1021.jpg 1024w, https:\/\/jornalfatosenoticias.com.br\/wp-content\/uploads\/2023\/08\/BKR-300x300.jpg 300w, https:\/\/jornalfatosenoticias.com.br\/wp-content\/uploads\/2023\/08\/BKR-150x150.jpg 150w, https:\/\/jornalfatosenoticias.com.br\/wp-content\/uploads\/2023\/08\/BKR-768x766.jpg 768w, https:\/\/jornalfatosenoticias.com.br\/wp-content\/uploads\/2023\/08\/BKR.jpg 1080w\" sizes=\"auto, (max-width: 302px) 100vw, 302px\" \/><\/a><\/figure><\/div>\n\n\n\n<p>O decreto mineiro restringia o alcance da Consulta Livre, Pr\u00e9via e Informada (CLPI), excluindo comunidades n\u00e3o formalmente reconhecidas. A a\u00e7\u00e3o contra o decreto foi movida pela Articula\u00e7\u00e3o dos Povos Ind\u00edgenas do Brasil (Apib), que argumentou viola\u00e7\u00e3o de direitos fundamentais.<\/p>\n\n\n\n<div class=\"wp-block-image\"><figure class=\"aligncenter size-large is-resized\"><a href=\"https:\/\/www.instagram.com\/serra4x4cambioautomatico\/\"><img loading=\"lazy\" decoding=\"async\" src=\"https:\/\/jornalfatosenoticias.com.br\/wp-content\/uploads\/2024\/08\/Serra-4x4-1-886x1024.jpg\" alt=\"\" class=\"wp-image-53632\" width=\"287\" height=\"331\" srcset=\"https:\/\/jornalfatosenoticias.com.br\/wp-content\/uploads\/2024\/08\/Serra-4x4-1-886x1024.jpg 886w, https:\/\/jornalfatosenoticias.com.br\/wp-content\/uploads\/2024\/08\/Serra-4x4-1-260x300.jpg 260w, https:\/\/jornalfatosenoticias.com.br\/wp-content\/uploads\/2024\/08\/Serra-4x4-1-768x888.jpg 768w, https:\/\/jornalfatosenoticias.com.br\/wp-content\/uploads\/2024\/08\/Serra-4x4-1.jpg 1181w\" sizes=\"auto, (max-width: 287px) 100vw, 287px\" \/><\/a><\/figure><\/div>\n\n\n\n<p>A decis\u00e3o de Dino baseou-se no entendimento de que s\u00f3 a Uni\u00e3o tem compet\u00eancia para legislar sobre direitos ind\u00edgenas. O ministro indicado por Lula disse que o decreto mineiro ia contra a Conven\u00e7\u00e3o n\u00ba. 169 da Organiza\u00e7\u00e3o Internacional do Trabalho (OIT), tratado que exige a consulta pr\u00e9via em assuntos que impactam esses povos. Diante da press\u00e3o judicial, o governador Zema acabou revogando o decreto.<\/p>\n\n\n\n<div class=\"wp-block-image\"><figure class=\"aligncenter size-large is-resized\"><a href=\"https:\/\/hotelmarquetti.com.br\/\"><img loading=\"lazy\" decoding=\"async\" src=\"https:\/\/jornalfatosenoticias.com.br\/wp-content\/uploads\/2023\/03\/nova-logo-Marquetti.jpg\" alt=\"\" class=\"wp-image-40207\" width=\"313\" height=\"210\" srcset=\"https:\/\/jornalfatosenoticias.com.br\/wp-content\/uploads\/2023\/03\/nova-logo-Marquetti.jpg 643w, https:\/\/jornalfatosenoticias.com.br\/wp-content\/uploads\/2023\/03\/nova-logo-Marquetti-300x202.jpg 300w\" sizes=\"auto, (max-width: 313px) 100vw, 313px\" \/><\/a><\/figure><\/div>\n\n\n\n<p>Em dezembro do ano passado, o STF suspendeu a efic\u00e1cia de uma lei estadual do governo do Mato Grosso que limitava benef\u00edcios fiscais a empresas do setor agroindustrial que adotassem pr\u00e1ticas ambientais sustent\u00e1veis. A lei se baseava na ideia de que havia privil\u00e9gios excessivos a certas empresas com base em crit\u00e9rios de acordos ambientais.<\/p>\n\n\n\n<div class=\"wp-block-image\"><figure class=\"aligncenter size-large\"><a href=\"https:\/\/cesconetto.com.br\/\"><img loading=\"lazy\" decoding=\"async\" width=\"300\" height=\"250\" src=\"https:\/\/jornalfatosenoticias.com.br\/wp-content\/uploads\/2020\/02\/Banner-2.png\" alt=\"\" class=\"wp-image-43787\"\/><\/a><\/figure><\/div>\n\n\n\n<p>A medida, aprovada pela Assembleia Legislativa do estado e apoiada e sancionada pelo governador Mauro Mendes (Uni\u00e3o Brasil), foi questionada por partidos de esquerda \u2014 PCdoB, PSOL, PV e Rede Sustentabilidade \u2014 que alegavam que a lei penalizava empresas comprometidas com o desmatamento zero e com a Morat\u00f3ria da Soja (um acordo para n\u00e3o comprar soja cultivada em \u00e1reas desmatadas recentemente). A decis\u00e3o novamente veio do ministro Fl\u00e1vio Dino, que apontou que a lei criava distor\u00e7\u00f5es no mercado e usava indevidamente o sistema tribut\u00e1rio como forma de puni\u00e7\u00e3o.<\/p>\n\n\n\n<div class=\"wp-block-image\"><figure class=\"aligncenter size-large is-resized\"><a href=\"https:\/\/www.controlsystems.com.br\/\"><img loading=\"lazy\" decoding=\"async\" src=\"https:\/\/jornalfatosenoticias.com.br\/wp-content\/uploads\/2020\/02\/CONTROL-CS.jpg\" alt=\"\" class=\"wp-image-44991\" width=\"263\" height=\"315\" srcset=\"https:\/\/jornalfatosenoticias.com.br\/wp-content\/uploads\/2020\/02\/CONTROL-CS.jpg 834w, https:\/\/jornalfatosenoticias.com.br\/wp-content\/uploads\/2020\/02\/CONTROL-CS-250x300.jpg 250w, https:\/\/jornalfatosenoticias.com.br\/wp-content\/uploads\/2020\/02\/CONTROL-CS-768x921.jpg 768w\" sizes=\"auto, (max-width: 263px) 100vw, 263px\" \/><\/a><\/figure><\/div>\n\n\n\n<p><strong><em>Fonte: <a href=\"https:\/\/www.gazetadopovo.com.br\/vida-e-cidadania\/stf-se-impoe-governadores-direita-derruba-medidas\/\">Gazeta do Povo<\/a><\/em><\/strong><\/p>\n","protected":false},"excerpt":{"rendered":"<p>O ministro Lu\u00eds Roberto Barroso determinou ao governo de Tarc\u00edsio de Freitas que as c\u00e2meras corporais em policiais s\u00e3o obrigat\u00f3rias Por Leonardo Desideri Nos \u00faltimos meses, o Supremo Tribunal Federal (STF) tem atuado para coibir uma s\u00e9rie de medidas adotadas por governos estaduais de direita no Brasil. As decis\u00f5es judiciais t\u00eam afetado \u00e1reas como meio [&hellip;]<\/p>\n","protected":false},"author":2,"featured_media":57471,"comment_status":"open","ping_status":"open","sticky":false,"template":"","format":"standard","meta":{"footnotes":""},"categories":[5],"tags":[21316,24030,3516,945,843,16335,4101,294,19192],"class_list":["post-57470","post","type-post","status-publish","format-standard","has-post-thumbnail","hentry","category-geral","tag-ativismo-judicial","tag-claudio-castro","tag-luis-roberto-barroso","tag-meio-ambiente","tag-policia-militar","tag-romeu-zema","tag-seguranca-publica","tag-stf","tag-tarcisio-de-freitas"],"yoast_head":"<!-- This site is optimized with the Yoast SEO plugin v26.5 - https:\/\/yoast.com\/wordpress\/plugins\/seo\/ -->\n<title>STF se imp\u00f5e sobre governadores de direita e derruba suas medidas - Jornal Fatos e Not\u00edcias<\/title>\n<meta name=\"robots\" content=\"index, follow, max-snippet:-1, max-image-preview:large, max-video-preview:-1\" \/>\n<link rel=\"canonical\" href=\"https:\/\/jornalfatosenoticias.com.br\/index.php\/2025\/03\/05\/stf-se-impoe-sobre-governadores-de-direita-e-derruba-suas-medidas\/\" \/>\n<meta property=\"og:locale\" content=\"pt_BR\" \/>\n<meta property=\"og:type\" content=\"article\" \/>\n<meta property=\"og:title\" content=\"STF se imp\u00f5e sobre governadores de direita e derruba suas medidas - Jornal Fatos e Not\u00edcias\" \/>\n<meta property=\"og:description\" content=\"O ministro Lu\u00eds Roberto Barroso determinou ao governo de Tarc\u00edsio de Freitas que as c\u00e2meras corporais em policiais s\u00e3o obrigat\u00f3rias Por Leonardo Desideri Nos \u00faltimos meses, o Supremo Tribunal Federal (STF) tem atuado para coibir uma s\u00e9rie de medidas adotadas por governos estaduais de direita no Brasil. As decis\u00f5es judiciais t\u00eam afetado \u00e1reas como meio [&hellip;]\" \/>\n<meta property=\"og:url\" content=\"https:\/\/jornalfatosenoticias.com.br\/index.php\/2025\/03\/05\/stf-se-impoe-sobre-governadores-de-direita-e-derruba-suas-medidas\/\" \/>\n<meta property=\"og:site_name\" content=\"Jornal Fatos e Not\u00edcias\" \/>\n<meta property=\"article:published_time\" content=\"2025-03-05T13:49:50+00:00\" \/>\n<meta property=\"article:modified_time\" content=\"2025-03-05T13:49:51+00:00\" \/>\n<meta property=\"og:image\" content=\"https:\/\/jornalfatosenoticias.com.br\/wp-content\/uploads\/2025\/03\/barroso-tarcisio.jpg\" \/>\n\t<meta property=\"og:image:width\" content=\"1000\" \/>\n\t<meta property=\"og:image:height\" content=\"666\" \/>\n\t<meta property=\"og:image:type\" content=\"image\/jpeg\" \/>\n<meta name=\"author\" content=\"Luzimara Fernandes\" \/>\n<meta name=\"twitter:card\" content=\"summary_large_image\" \/>\n<meta name=\"twitter:label1\" content=\"Escrito por\" \/>\n\t<meta name=\"twitter:data1\" content=\"Luzimara Fernandes\" \/>\n\t<meta name=\"twitter:label2\" content=\"Est. tempo de leitura\" \/>\n\t<meta name=\"twitter:data2\" content=\"5 minutos\" \/>\n<script type=\"application\/ld+json\" class=\"yoast-schema-graph\">{\"@context\":\"https:\/\/schema.org\",\"@graph\":[{\"@type\":\"Article\",\"@id\":\"https:\/\/jornalfatosenoticias.com.br\/index.php\/2025\/03\/05\/stf-se-impoe-sobre-governadores-de-direita-e-derruba-suas-medidas\/#article\",\"isPartOf\":{\"@id\":\"https:\/\/jornalfatosenoticias.com.br\/index.php\/2025\/03\/05\/stf-se-impoe-sobre-governadores-de-direita-e-derruba-suas-medidas\/\"},\"author\":{\"name\":\"Luzimara Fernandes\",\"@id\":\"https:\/\/jornalfatosenoticias.com.br\/#\/schema\/person\/d63837fa13ac8666eb9e74e0985d6f81\"},\"headline\":\"STF se imp\u00f5e sobre governadores de direita e derruba suas medidas\",\"datePublished\":\"2025-03-05T13:49:50+00:00\",\"dateModified\":\"2025-03-05T13:49:51+00:00\",\"mainEntityOfPage\":{\"@id\":\"https:\/\/jornalfatosenoticias.com.br\/index.php\/2025\/03\/05\/stf-se-impoe-sobre-governadores-de-direita-e-derruba-suas-medidas\/\"},\"wordCount\":1087,\"commentCount\":0,\"publisher\":{\"@id\":\"https:\/\/jornalfatosenoticias.com.br\/#organization\"},\"image\":{\"@id\":\"https:\/\/jornalfatosenoticias.com.br\/index.php\/2025\/03\/05\/stf-se-impoe-sobre-governadores-de-direita-e-derruba-suas-medidas\/#primaryimage\"},\"thumbnailUrl\":\"https:\/\/jornalfatosenoticias.com.br\/wp-content\/uploads\/2025\/03\/barroso-tarcisio.jpg\",\"keywords\":[\"ativismo judicial\",\"Cl\u00e1udio Castro\",\"Lu\u00eds Roberto Barroso\",\"meio ambiente\",\"Pol\u00edcia Militar\",\"Romeu Zema\",\"seguran\u00e7a p\u00fablica\",\"STF\",\"Tarc\u00edsio de Freitas\"],\"articleSection\":[\"Geral\"],\"inLanguage\":\"pt-BR\",\"potentialAction\":[{\"@type\":\"CommentAction\",\"name\":\"Comment\",\"target\":[\"https:\/\/jornalfatosenoticias.com.br\/index.php\/2025\/03\/05\/stf-se-impoe-sobre-governadores-de-direita-e-derruba-suas-medidas\/#respond\"]}]},{\"@type\":\"WebPage\",\"@id\":\"https:\/\/jornalfatosenoticias.com.br\/index.php\/2025\/03\/05\/stf-se-impoe-sobre-governadores-de-direita-e-derruba-suas-medidas\/\",\"url\":\"https:\/\/jornalfatosenoticias.com.br\/index.php\/2025\/03\/05\/stf-se-impoe-sobre-governadores-de-direita-e-derruba-suas-medidas\/\",\"name\":\"STF se imp\u00f5e sobre governadores de direita e derruba suas medidas - Jornal Fatos e Not\u00edcias\",\"isPartOf\":{\"@id\":\"https:\/\/jornalfatosenoticias.com.br\/#website\"},\"primaryImageOfPage\":{\"@id\":\"https:\/\/jornalfatosenoticias.com.br\/index.php\/2025\/03\/05\/stf-se-impoe-sobre-governadores-de-direita-e-derruba-suas-medidas\/#primaryimage\"},\"image\":{\"@id\":\"https:\/\/jornalfatosenoticias.com.br\/index.php\/2025\/03\/05\/stf-se-impoe-sobre-governadores-de-direita-e-derruba-suas-medidas\/#primaryimage\"},\"thumbnailUrl\":\"https:\/\/jornalfatosenoticias.com.br\/wp-content\/uploads\/2025\/03\/barroso-tarcisio.jpg\",\"datePublished\":\"2025-03-05T13:49:50+00:00\",\"dateModified\":\"2025-03-05T13:49:51+00:00\",\"breadcrumb\":{\"@id\":\"https:\/\/jornalfatosenoticias.com.br\/index.php\/2025\/03\/05\/stf-se-impoe-sobre-governadores-de-direita-e-derruba-suas-medidas\/#breadcrumb\"},\"inLanguage\":\"pt-BR\",\"potentialAction\":[{\"@type\":\"ReadAction\",\"target\":[\"https:\/\/jornalfatosenoticias.com.br\/index.php\/2025\/03\/05\/stf-se-impoe-sobre-governadores-de-direita-e-derruba-suas-medidas\/\"]}]},{\"@type\":\"ImageObject\",\"inLanguage\":\"pt-BR\",\"@id\":\"https:\/\/jornalfatosenoticias.com.br\/index.php\/2025\/03\/05\/stf-se-impoe-sobre-governadores-de-direita-e-derruba-suas-medidas\/#primaryimage\",\"url\":\"https:\/\/jornalfatosenoticias.com.br\/wp-content\/uploads\/2025\/03\/barroso-tarcisio.jpg\",\"contentUrl\":\"https:\/\/jornalfatosenoticias.com.br\/wp-content\/uploads\/2025\/03\/barroso-tarcisio.jpg\",\"width\":1000,\"height\":666},{\"@type\":\"BreadcrumbList\",\"@id\":\"https:\/\/jornalfatosenoticias.com.br\/index.php\/2025\/03\/05\/stf-se-impoe-sobre-governadores-de-direita-e-derruba-suas-medidas\/#breadcrumb\",\"itemListElement\":[{\"@type\":\"ListItem\",\"position\":1,\"name\":\"In\u00edcio\",\"item\":\"https:\/\/jornalfatosenoticias.com.br\/\"},{\"@type\":\"ListItem\",\"position\":2,\"name\":\"STF se imp\u00f5e sobre governadores de direita e derruba suas medidas\"}]},{\"@type\":\"WebSite\",\"@id\":\"https:\/\/jornalfatosenoticias.com.br\/#website\",\"url\":\"https:\/\/jornalfatosenoticias.com.br\/\",\"name\":\"Jornal Fatos e Not\u00edcias\",\"description\":\"Not\u00edcias em geral\",\"publisher\":{\"@id\":\"https:\/\/jornalfatosenoticias.com.br\/#organization\"},\"potentialAction\":[{\"@type\":\"SearchAction\",\"target\":{\"@type\":\"EntryPoint\",\"urlTemplate\":\"https:\/\/jornalfatosenoticias.com.br\/?s={search_term_string}\"},\"query-input\":{\"@type\":\"PropertyValueSpecification\",\"valueRequired\":true,\"valueName\":\"search_term_string\"}}],\"inLanguage\":\"pt-BR\"},{\"@type\":\"Organization\",\"@id\":\"https:\/\/jornalfatosenoticias.com.br\/#organization\",\"name\":\"Jornal Fatos e Not\u00edcias\",\"url\":\"https:\/\/jornalfatosenoticias.com.br\/\",\"logo\":{\"@type\":\"ImageObject\",\"inLanguage\":\"pt-BR\",\"@id\":\"https:\/\/jornalfatosenoticias.com.br\/#\/schema\/logo\/image\/\",\"url\":\"https:\/\/jornalfatosenoticias.com.br\/wp-content\/uploads\/2020\/02\/logo120.png\",\"contentUrl\":\"https:\/\/jornalfatosenoticias.com.br\/wp-content\/uploads\/2020\/02\/logo120.png\",\"width\":1227,\"height\":120,\"caption\":\"Jornal Fatos e Not\u00edcias\"},\"image\":{\"@id\":\"https:\/\/jornalfatosenoticias.com.br\/#\/schema\/logo\/image\/\"}},{\"@type\":\"Person\",\"@id\":\"https:\/\/jornalfatosenoticias.com.br\/#\/schema\/person\/d63837fa13ac8666eb9e74e0985d6f81\",\"name\":\"Luzimara Fernandes\",\"image\":{\"@type\":\"ImageObject\",\"inLanguage\":\"pt-BR\",\"@id\":\"https:\/\/jornalfatosenoticias.com.br\/#\/schema\/person\/image\/\",\"url\":\"https:\/\/jornalfatosenoticias.com.br\/wp-content\/uploads\/2025\/05\/EU_portal.jpg\",\"contentUrl\":\"https:\/\/jornalfatosenoticias.com.br\/wp-content\/uploads\/2025\/05\/EU_portal.jpg\",\"caption\":\"Luzimara Fernandes\"},\"description\":\"Jornalista MTB 2358-ES\",\"sameAs\":[\"https:\/\/jornalfatosenoticias.com.br\"],\"url\":\"https:\/\/jornalfatosenoticias.com.br\/index.php\/author\/luzimara\/\"}]}<\/script>\n<!-- \/ Yoast SEO plugin. -->","yoast_head_json":{"title":"STF se imp\u00f5e sobre governadores de direita e derruba suas medidas - Jornal Fatos e Not\u00edcias","robots":{"index":"index","follow":"follow","max-snippet":"max-snippet:-1","max-image-preview":"max-image-preview:large","max-video-preview":"max-video-preview:-1"},"canonical":"https:\/\/jornalfatosenoticias.com.br\/index.php\/2025\/03\/05\/stf-se-impoe-sobre-governadores-de-direita-e-derruba-suas-medidas\/","og_locale":"pt_BR","og_type":"article","og_title":"STF se imp\u00f5e sobre governadores de direita e derruba suas medidas - Jornal Fatos e Not\u00edcias","og_description":"O ministro Lu\u00eds Roberto Barroso determinou ao governo de Tarc\u00edsio de Freitas que as c\u00e2meras corporais em policiais s\u00e3o obrigat\u00f3rias Por Leonardo Desideri Nos \u00faltimos meses, o Supremo Tribunal Federal (STF) tem atuado para coibir uma s\u00e9rie de medidas adotadas por governos estaduais de direita no Brasil. As decis\u00f5es judiciais t\u00eam afetado \u00e1reas como meio [&hellip;]","og_url":"https:\/\/jornalfatosenoticias.com.br\/index.php\/2025\/03\/05\/stf-se-impoe-sobre-governadores-de-direita-e-derruba-suas-medidas\/","og_site_name":"Jornal Fatos e Not\u00edcias","article_published_time":"2025-03-05T13:49:50+00:00","article_modified_time":"2025-03-05T13:49:51+00:00","og_image":[{"width":1000,"height":666,"url":"https:\/\/jornalfatosenoticias.com.br\/wp-content\/uploads\/2025\/03\/barroso-tarcisio.jpg","type":"image\/jpeg"}],"author":"Luzimara Fernandes","twitter_card":"summary_large_image","twitter_misc":{"Escrito por":"Luzimara Fernandes","Est. tempo de leitura":"5 minutos"},"schema":{"@context":"https:\/\/schema.org","@graph":[{"@type":"Article","@id":"https:\/\/jornalfatosenoticias.com.br\/index.php\/2025\/03\/05\/stf-se-impoe-sobre-governadores-de-direita-e-derruba-suas-medidas\/#article","isPartOf":{"@id":"https:\/\/jornalfatosenoticias.com.br\/index.php\/2025\/03\/05\/stf-se-impoe-sobre-governadores-de-direita-e-derruba-suas-medidas\/"},"author":{"name":"Luzimara Fernandes","@id":"https:\/\/jornalfatosenoticias.com.br\/#\/schema\/person\/d63837fa13ac8666eb9e74e0985d6f81"},"headline":"STF se imp\u00f5e sobre governadores de direita e derruba suas medidas","datePublished":"2025-03-05T13:49:50+00:00","dateModified":"2025-03-05T13:49:51+00:00","mainEntityOfPage":{"@id":"https:\/\/jornalfatosenoticias.com.br\/index.php\/2025\/03\/05\/stf-se-impoe-sobre-governadores-de-direita-e-derruba-suas-medidas\/"},"wordCount":1087,"commentCount":0,"publisher":{"@id":"https:\/\/jornalfatosenoticias.com.br\/#organization"},"image":{"@id":"https:\/\/jornalfatosenoticias.com.br\/index.php\/2025\/03\/05\/stf-se-impoe-sobre-governadores-de-direita-e-derruba-suas-medidas\/#primaryimage"},"thumbnailUrl":"https:\/\/jornalfatosenoticias.com.br\/wp-content\/uploads\/2025\/03\/barroso-tarcisio.jpg","keywords":["ativismo judicial","Cl\u00e1udio Castro","Lu\u00eds Roberto Barroso","meio ambiente","Pol\u00edcia Militar","Romeu Zema","seguran\u00e7a p\u00fablica","STF","Tarc\u00edsio de Freitas"],"articleSection":["Geral"],"inLanguage":"pt-BR","potentialAction":[{"@type":"CommentAction","name":"Comment","target":["https:\/\/jornalfatosenoticias.com.br\/index.php\/2025\/03\/05\/stf-se-impoe-sobre-governadores-de-direita-e-derruba-suas-medidas\/#respond"]}]},{"@type":"WebPage","@id":"https:\/\/jornalfatosenoticias.com.br\/index.php\/2025\/03\/05\/stf-se-impoe-sobre-governadores-de-direita-e-derruba-suas-medidas\/","url":"https:\/\/jornalfatosenoticias.com.br\/index.php\/2025\/03\/05\/stf-se-impoe-sobre-governadores-de-direita-e-derruba-suas-medidas\/","name":"STF se imp\u00f5e sobre governadores de direita e derruba suas medidas - Jornal Fatos e Not\u00edcias","isPartOf":{"@id":"https:\/\/jornalfatosenoticias.com.br\/#website"},"primaryImageOfPage":{"@id":"https:\/\/jornalfatosenoticias.com.br\/index.php\/2025\/03\/05\/stf-se-impoe-sobre-governadores-de-direita-e-derruba-suas-medidas\/#primaryimage"},"image":{"@id":"https:\/\/jornalfatosenoticias.com.br\/index.php\/2025\/03\/05\/stf-se-impoe-sobre-governadores-de-direita-e-derruba-suas-medidas\/#primaryimage"},"thumbnailUrl":"https:\/\/jornalfatosenoticias.com.br\/wp-content\/uploads\/2025\/03\/barroso-tarcisio.jpg","datePublished":"2025-03-05T13:49:50+00:00","dateModified":"2025-03-05T13:49:51+00:00","breadcrumb":{"@id":"https:\/\/jornalfatosenoticias.com.br\/index.php\/2025\/03\/05\/stf-se-impoe-sobre-governadores-de-direita-e-derruba-suas-medidas\/#breadcrumb"},"inLanguage":"pt-BR","potentialAction":[{"@type":"ReadAction","target":["https:\/\/jornalfatosenoticias.com.br\/index.php\/2025\/03\/05\/stf-se-impoe-sobre-governadores-de-direita-e-derruba-suas-medidas\/"]}]},{"@type":"ImageObject","inLanguage":"pt-BR","@id":"https:\/\/jornalfatosenoticias.com.br\/index.php\/2025\/03\/05\/stf-se-impoe-sobre-governadores-de-direita-e-derruba-suas-medidas\/#primaryimage","url":"https:\/\/jornalfatosenoticias.com.br\/wp-content\/uploads\/2025\/03\/barroso-tarcisio.jpg","contentUrl":"https:\/\/jornalfatosenoticias.com.br\/wp-content\/uploads\/2025\/03\/barroso-tarcisio.jpg","width":1000,"height":666},{"@type":"BreadcrumbList","@id":"https:\/\/jornalfatosenoticias.com.br\/index.php\/2025\/03\/05\/stf-se-impoe-sobre-governadores-de-direita-e-derruba-suas-medidas\/#breadcrumb","itemListElement":[{"@type":"ListItem","position":1,"name":"In\u00edcio","item":"https:\/\/jornalfatosenoticias.com.br\/"},{"@type":"ListItem","position":2,"name":"STF se imp\u00f5e sobre governadores de direita e derruba suas medidas"}]},{"@type":"WebSite","@id":"https:\/\/jornalfatosenoticias.com.br\/#website","url":"https:\/\/jornalfatosenoticias.com.br\/","name":"Jornal Fatos e Not\u00edcias","description":"Not\u00edcias em geral","publisher":{"@id":"https:\/\/jornalfatosenoticias.com.br\/#organization"},"potentialAction":[{"@type":"SearchAction","target":{"@type":"EntryPoint","urlTemplate":"https:\/\/jornalfatosenoticias.com.br\/?s={search_term_string}"},"query-input":{"@type":"PropertyValueSpecification","valueRequired":true,"valueName":"search_term_string"}}],"inLanguage":"pt-BR"},{"@type":"Organization","@id":"https:\/\/jornalfatosenoticias.com.br\/#organization","name":"Jornal Fatos e Not\u00edcias","url":"https:\/\/jornalfatosenoticias.com.br\/","logo":{"@type":"ImageObject","inLanguage":"pt-BR","@id":"https:\/\/jornalfatosenoticias.com.br\/#\/schema\/logo\/image\/","url":"https:\/\/jornalfatosenoticias.com.br\/wp-content\/uploads\/2020\/02\/logo120.png","contentUrl":"https:\/\/jornalfatosenoticias.com.br\/wp-content\/uploads\/2020\/02\/logo120.png","width":1227,"height":120,"caption":"Jornal Fatos e Not\u00edcias"},"image":{"@id":"https:\/\/jornalfatosenoticias.com.br\/#\/schema\/logo\/image\/"}},{"@type":"Person","@id":"https:\/\/jornalfatosenoticias.com.br\/#\/schema\/person\/d63837fa13ac8666eb9e74e0985d6f81","name":"Luzimara Fernandes","image":{"@type":"ImageObject","inLanguage":"pt-BR","@id":"https:\/\/jornalfatosenoticias.com.br\/#\/schema\/person\/image\/","url":"https:\/\/jornalfatosenoticias.com.br\/wp-content\/uploads\/2025\/05\/EU_portal.jpg","contentUrl":"https:\/\/jornalfatosenoticias.com.br\/wp-content\/uploads\/2025\/05\/EU_portal.jpg","caption":"Luzimara Fernandes"},"description":"Jornalista MTB 2358-ES","sameAs":["https:\/\/jornalfatosenoticias.com.br"],"url":"https:\/\/jornalfatosenoticias.com.br\/index.php\/author\/luzimara\/"}]}},"cc_featured_image_caption":{"caption_text":"(Foto: Fellipe Sampaio\/SCO\/STF)","source_text":"","source_url":""},"jetpack_featured_media_url":"https:\/\/jornalfatosenoticias.com.br\/wp-content\/uploads\/2025\/03\/barroso-tarcisio.jpg","_links":{"self":[{"href":"https:\/\/jornalfatosenoticias.com.br\/index.php\/wp-json\/wp\/v2\/posts\/57470","targetHints":{"allow":["GET"]}}],"collection":[{"href":"https:\/\/jornalfatosenoticias.com.br\/index.php\/wp-json\/wp\/v2\/posts"}],"about":[{"href":"https:\/\/jornalfatosenoticias.com.br\/index.php\/wp-json\/wp\/v2\/types\/post"}],"author":[{"embeddable":true,"href":"https:\/\/jornalfatosenoticias.com.br\/index.php\/wp-json\/wp\/v2\/users\/2"}],"replies":[{"embeddable":true,"href":"https:\/\/jornalfatosenoticias.com.br\/index.php\/wp-json\/wp\/v2\/comments?post=57470"}],"version-history":[{"count":0,"href":"https:\/\/jornalfatosenoticias.com.br\/index.php\/wp-json\/wp\/v2\/posts\/57470\/revisions"}],"wp:featuredmedia":[{"embeddable":true,"href":"https:\/\/jornalfatosenoticias.com.br\/index.php\/wp-json\/wp\/v2\/media\/57471"}],"wp:attachment":[{"href":"https:\/\/jornalfatosenoticias.com.br\/index.php\/wp-json\/wp\/v2\/media?parent=57470"}],"wp:term":[{"taxonomy":"category","embeddable":true,"href":"https:\/\/jornalfatosenoticias.com.br\/index.php\/wp-json\/wp\/v2\/categories?post=57470"},{"taxonomy":"post_tag","embeddable":true,"href":"https:\/\/jornalfatosenoticias.com.br\/index.php\/wp-json\/wp\/v2\/tags?post=57470"}],"curies":[{"name":"wp","href":"https:\/\/api.w.org\/{rel}","templated":true}]}}