{"id":57476,"date":"2025-03-05T11:14:38","date_gmt":"2025-03-05T14:14:38","guid":{"rendered":"https:\/\/jornalfatosenoticias.com.br\/?p=57476"},"modified":"2025-03-05T11:14:39","modified_gmt":"2025-03-05T14:14:39","slug":"apos-gleisi-lula-reforca-vies-esquerdista-do-governo-ao-cogitar-ministerio-para-boulos","status":"publish","type":"post","link":"https:\/\/jornalfatosenoticias.com.br\/index.php\/2025\/03\/05\/apos-gleisi-lula-reforca-vies-esquerdista-do-governo-ao-cogitar-ministerio-para-boulos\/","title":{"rendered":"Ap\u00f3s Gleisi, Lula refor\u00e7a vi\u00e9s esquerdista do governo ao cogitar minist\u00e9rio para Boulos"},"content":{"rendered":"\n<p><span class=\"has-inline-color has-black-color\">Por <strong><a href=\"https:\/\/www.gazetadopovo.com.br\/autor\/silvio-ribas\/\">S\u00edlvio Ribas<\/a><\/strong><\/span><\/p>\n\n\n\n<div class=\"wp-block-image\"><figure class=\"aligncenter size-large is-resized\"><a href=\"https:\/\/www.facebook.com\/vetor.vix\/\"><img loading=\"lazy\" decoding=\"async\" src=\"https:\/\/jornalfatosenoticias.com.br\/wp-content\/uploads\/2023\/09\/vetorvix1024_1.jpg\" alt=\"\" class=\"wp-image-44868\" width=\"569\" height=\"151\" srcset=\"https:\/\/jornalfatosenoticias.com.br\/wp-content\/uploads\/2023\/09\/vetorvix1024_1.jpg 1024w, https:\/\/jornalfatosenoticias.com.br\/wp-content\/uploads\/2023\/09\/vetorvix1024_1-300x80.jpg 300w, https:\/\/jornalfatosenoticias.com.br\/wp-content\/uploads\/2023\/09\/vetorvix1024_1-768x205.jpg 768w\" sizes=\"auto, (max-width: 569px) 100vw, 569px\" \/><\/a><\/figure><\/div>\n\n\n\n<p>A nomea\u00e7\u00e3o da deputada e presidente do PT, Gleisi Hoffmann (PR), como nova ministra das Rela\u00e7\u00f5es Institucionais, respons\u00e1vel pela articula\u00e7\u00e3o pol\u00edtica, pode ter sido apenas o primeiro passo de Luiz In\u00e1cio Lula da Silva (PT) para fortalecer o car\u00e1ter esquerdista de seu governo. De acordo com informa\u00e7\u00f5es da Folha de S\u00e3o Paulo, o petista tamb\u00e9m estaria considerando levar o deputado Guilherme Boulos (Psol-SP) para o minist\u00e9rio. A princ\u00edpio, a ideia seria coloc\u00e1-lo na Secretaria-Geral da Presid\u00eancia, no lugar de M\u00e1rcio Mac\u00eado (PT). Essa vaga tinha sido reservada para Gleisi.<br>Boulos, que foi candidato \u00e0 Prefeitura de S\u00e3o Paulo em 2024 com o apoio ostensivo de Lula, al\u00e9m de figurar como l\u00edder mais conhecido do Movimento dos Trabalhadores Sem Teto (MTST), serviria de interlocutor entre o Pal\u00e1cio do Planalto e os movimentos sociais.<\/p>\n\n\n\n<div class=\"wp-block-image\"><figure class=\"aligncenter size-large is-resized\"><a href=\"https:\/\/www.ithbrasil.com.br\/\"><img loading=\"lazy\" decoding=\"async\" src=\"https:\/\/jornalfatosenoticias.com.br\/wp-content\/uploads\/2023\/08\/ITH.jpeg\" alt=\"\" class=\"wp-image-44638\" width=\"322\" height=\"261\" srcset=\"https:\/\/jornalfatosenoticias.com.br\/wp-content\/uploads\/2023\/08\/ITH.jpeg 800w, https:\/\/jornalfatosenoticias.com.br\/wp-content\/uploads\/2023\/08\/ITH-300x244.jpeg 300w, https:\/\/jornalfatosenoticias.com.br\/wp-content\/uploads\/2023\/08\/ITH-768x624.jpeg 768w\" sizes=\"auto, (max-width: 322px) 100vw, 322px\" \/><\/a><\/figure><\/div>\n\n\n\n<p>Sob a influ\u00eancia de Lula, o PT abriu m\u00e3o de uma candidatura pr\u00f3pria em S\u00e3o Paulo para apoiar Boulos, que chegou ao segundo turno, mas acabou derrotado por Ricardo Nunes (MDB), reeleito com o apoio de Jair Bolsonaro (PL) e do governador de S\u00e3o Paulo, Tarc\u00edsio de Freitas (Republicanos).<\/p>\n\n\n\n<div class=\"wp-block-image\"><figure class=\"aligncenter size-large is-resized\"><a href=\"https:\/\/panper.com.br\/\"><img loading=\"lazy\" decoding=\"async\" src=\"https:\/\/jornalfatosenoticias.com.br\/wp-content\/uploads\/2023\/03\/logo-Panper_portal.jpg\" alt=\"\" class=\"wp-image-40208\" width=\"361\" height=\"250\" srcset=\"https:\/\/jornalfatosenoticias.com.br\/wp-content\/uploads\/2023\/03\/logo-Panper_portal.jpg 400w, https:\/\/jornalfatosenoticias.com.br\/wp-content\/uploads\/2023\/03\/logo-Panper_portal-300x208.jpg 300w\" sizes=\"auto, (max-width: 361px) 100vw, 361px\" \/><\/a><\/figure><\/div>\n\n\n\n<p>Ainda conforme a Folha de S\u00e3o Paulo, outro nome cogitado para a Secretaria-Geral seria o de Marco Aur\u00e9lio Carvalho, coordenador do grupo de advogados Prerrogativas. Ele, alinhado ao governo, fez parte da defesa de Lula nos processos da Lava Jato.<\/p>\n\n\n\n<div class=\"wp-block-image\"><figure class=\"aligncenter size-large is-resized\"><a href=\"https:\/\/www.instagram.com\/esteiochurrascaria\/\"><img loading=\"lazy\" decoding=\"async\" src=\"https:\/\/jornalfatosenoticias.com.br\/wp-content\/uploads\/2022\/02\/LOGO-ESTEIO-1024x730.png\" alt=\"\" class=\"wp-image-27942\" width=\"345\" height=\"246\" srcset=\"https:\/\/jornalfatosenoticias.com.br\/wp-content\/uploads\/2022\/02\/LOGO-ESTEIO-1024x730.png 1024w, https:\/\/jornalfatosenoticias.com.br\/wp-content\/uploads\/2022\/02\/LOGO-ESTEIO-300x214.png 300w, https:\/\/jornalfatosenoticias.com.br\/wp-content\/uploads\/2022\/02\/LOGO-ESTEIO-768x548.png 768w, https:\/\/jornalfatosenoticias.com.br\/wp-content\/uploads\/2022\/02\/LOGO-ESTEIO.png 1123w\" sizes=\"auto, (max-width: 345px) 100vw, 345px\" \/><\/a><\/figure><\/div>\n\n\n\n<p><strong><span class=\"has-inline-color has-black-color\">Refor\u00e7o ao Psol no governo poderia evitar afastamento, dizem analistas<br><\/span><\/strong>O Psol j\u00e1 tem representa\u00e7\u00e3o na Esplanada dos Minist\u00e9rios com S\u00f4nia Guajajara, ministra dos Povos Ind\u00edgenas. Analistas, tanto independentes quanto governistas, veem a amplia\u00e7\u00e3o da participa\u00e7\u00e3o do partido no governo como um desperd\u00edcio, dado seu impacto limitado no Congresso.<\/p>\n\n\n\n<div class=\"wp-block-image\"><figure class=\"aligncenter size-large is-resized\"><a href=\"https:\/\/www.instagram.com\/ligadossaborespizzaria\/\"><img loading=\"lazy\" decoding=\"async\" src=\"https:\/\/jornalfatosenoticias.com.br\/wp-content\/uploads\/2020\/02\/WhatsApp-Image-2024-10-02-at-08.18.14-819x1024.jpeg\" alt=\"\" class=\"wp-image-54612\" width=\"303\" height=\"379\" srcset=\"https:\/\/jornalfatosenoticias.com.br\/wp-content\/uploads\/2020\/02\/WhatsApp-Image-2024-10-02-at-08.18.14-819x1024.jpeg 819w, https:\/\/jornalfatosenoticias.com.br\/wp-content\/uploads\/2020\/02\/WhatsApp-Image-2024-10-02-at-08.18.14-240x300.jpeg 240w, https:\/\/jornalfatosenoticias.com.br\/wp-content\/uploads\/2020\/02\/WhatsApp-Image-2024-10-02-at-08.18.14-768x960.jpeg 768w, https:\/\/jornalfatosenoticias.com.br\/wp-content\/uploads\/2020\/02\/WhatsApp-Image-2024-10-02-at-08.18.14.jpeg 1024w\" sizes=\"auto, (max-width: 303px) 100vw, 303px\" \/><\/a><\/figure><\/div>\n\n\n\n<p>Por outro lado, a inclus\u00e3o de Boulos no minist\u00e9rio poderia ser uma estrat\u00e9gia de Lula para conter cr\u00edticos dentro de sua pr\u00f3pria base, incluindo alguns setores da esquerda que defendem um afastamento do governo. Nos bastidores, circula a informa\u00e7\u00e3o de que Boulos est\u00e1 sendo pressionado a se filiar ao PT, para ajudar a renovar as lideran\u00e7as.<\/p>\n\n\n\n<div class=\"wp-block-image\"><figure class=\"aligncenter size-large is-resized\"><a href=\"https:\/\/www.instagram.com\/vmais.midias\/\"><img loading=\"lazy\" decoding=\"async\" src=\"https:\/\/jornalfatosenoticias.com.br\/wp-content\/uploads\/2020\/02\/DE-MAIS-DESTAQUE-VMAIS-800X700.png\" alt=\"\" class=\"wp-image-53112\" width=\"309\" height=\"270\" srcset=\"https:\/\/jornalfatosenoticias.com.br\/wp-content\/uploads\/2020\/02\/DE-MAIS-DESTAQUE-VMAIS-800X700.png 800w, https:\/\/jornalfatosenoticias.com.br\/wp-content\/uploads\/2020\/02\/DE-MAIS-DESTAQUE-VMAIS-800X700-300x263.png 300w, https:\/\/jornalfatosenoticias.com.br\/wp-content\/uploads\/2020\/02\/DE-MAIS-DESTAQUE-VMAIS-800X700-768x672.png 768w\" sizes=\"auto, (max-width: 309px) 100vw, 309px\" \/><\/a><\/figure><\/div>\n\n\n\n<p>A mudan\u00e7a na Secretaria-Geral da Presid\u00eancia \u00e9 uma das primeiras sugest\u00f5es da reforma ministerial, que j\u00e1 era esperada, mas que s\u00f3 come\u00e7ou a ser implementada nas \u00faltimas semanas. As primeiras trocas foram a sa\u00edda de N\u00edsia Trindade do Minist\u00e9rio da Sa\u00fade, substitu\u00edda por Alexandre Padilha (PT), que estava nas Rela\u00e7\u00f5es Institucionais, pasta agora assumida por Gleisi.<\/p>\n\n\n\n<div class=\"wp-block-image\"><figure class=\"aligncenter size-large is-resized\"><a href=\"https:\/\/www.facebook.com\/profile.php?id=100069289606145\"><img loading=\"lazy\" decoding=\"async\" src=\"https:\/\/jornalfatosenoticias.com.br\/wp-content\/uploads\/2024\/11\/Guaitolini-Contabilidade-1024x714.jpeg\" alt=\"\" class=\"wp-image-55808\" width=\"349\" height=\"243\" srcset=\"https:\/\/jornalfatosenoticias.com.br\/wp-content\/uploads\/2024\/11\/Guaitolini-Contabilidade-1024x714.jpeg 1024w, https:\/\/jornalfatosenoticias.com.br\/wp-content\/uploads\/2024\/11\/Guaitolini-Contabilidade-300x209.jpeg 300w, https:\/\/jornalfatosenoticias.com.br\/wp-content\/uploads\/2024\/11\/Guaitolini-Contabilidade-768x535.jpeg 768w, https:\/\/jornalfatosenoticias.com.br\/wp-content\/uploads\/2024\/11\/Guaitolini-Contabilidade.jpeg 1280w\" sizes=\"auto, (max-width: 349px) 100vw, 349px\" \/><\/a><\/figure><\/div>\n\n\n\n<p>Essas mudan\u00e7as revelam a disposi\u00e7\u00e3o de Lula em n\u00e3o ceder espa\u00e7o aos partidos do centr\u00e3o, preferindo manter o PT em destaque e cercar-se de pessoas de sua confian\u00e7a absoluta. As altera\u00e7\u00f5es ocorrem no momento em que o petista enfrenta os sus piores \u00edndices de aprova\u00e7\u00e3o em seus 10 anos \u00e0 frente da Presid\u00eancia, conspirando contra seu projeto de reelei\u00e7\u00e3o em 2026.<\/p>\n\n\n\n<p><strong><em>Fonte: <a href=\"https:\/\/www.gazetadopovo.com.br\/republica\/apos-gleisi-lula-reforca-vies-esquerdista-do-governo-ao-cogitar-ministerio-para-boulos\/?ref=mais-comentadas\">Gazeta do Povo<\/a><\/em><\/strong><\/p>\n","protected":false},"excerpt":{"rendered":"<p>Por S\u00edlvio Ribas A nomea\u00e7\u00e3o da deputada e presidente do PT, Gleisi Hoffmann (PR), como nova ministra das Rela\u00e7\u00f5es Institucionais, respons\u00e1vel pela articula\u00e7\u00e3o pol\u00edtica, pode ter sido apenas o primeiro passo de Luiz In\u00e1cio Lula da Silva (PT) para fortalecer o car\u00e1ter esquerdista de seu governo. De acordo com informa\u00e7\u00f5es da Folha de S\u00e3o Paulo, [&hellip;]<\/p>\n","protected":false},"author":2,"featured_media":57477,"comment_status":"open","ping_status":"open","sticky":false,"template":"","format":"standard","meta":{"footnotes":""},"categories":[10],"tags":[23965,20244,19047,13869,22783,1795,7580,1900,19600,22873,19192],"class_list":["post-57476","post","type-post","status-publish","format-standard","has-post-thumbnail","hentry","category-politica","tag-alexandre-padilha","tag-centrao","tag-eleicoes-2026","tag-gleisi-hoffmann","tag-guilherme-boulos","tag-jair-bolsonaro","tag-lula","tag-palacio-do-planalto","tag-partido-dos-trabalhadores","tag-psol","tag-tarcisio-de-freitas"],"yoast_head":"<!-- This site is optimized with the Yoast SEO plugin v26.5 - https:\/\/yoast.com\/wordpress\/plugins\/seo\/ -->\n<title>Ap\u00f3s Gleisi, Lula refor\u00e7a vi\u00e9s esquerdista do governo ao cogitar minist\u00e9rio para Boulos - Jornal Fatos e Not\u00edcias<\/title>\n<meta name=\"robots\" content=\"index, follow, max-snippet:-1, max-image-preview:large, max-video-preview:-1\" \/>\n<link rel=\"canonical\" href=\"https:\/\/jornalfatosenoticias.com.br\/index.php\/2025\/03\/05\/apos-gleisi-lula-reforca-vies-esquerdista-do-governo-ao-cogitar-ministerio-para-boulos\/\" \/>\n<meta property=\"og:locale\" content=\"pt_BR\" \/>\n<meta property=\"og:type\" content=\"article\" \/>\n<meta property=\"og:title\" content=\"Ap\u00f3s Gleisi, Lula refor\u00e7a vi\u00e9s esquerdista do governo ao cogitar minist\u00e9rio para Boulos - Jornal Fatos e Not\u00edcias\" \/>\n<meta property=\"og:description\" content=\"Por S\u00edlvio Ribas A nomea\u00e7\u00e3o da deputada e presidente do PT, Gleisi Hoffmann (PR), como nova ministra das Rela\u00e7\u00f5es Institucionais, respons\u00e1vel pela articula\u00e7\u00e3o pol\u00edtica, pode ter sido apenas o primeiro passo de Luiz In\u00e1cio Lula da Silva (PT) para fortalecer o car\u00e1ter esquerdista de seu governo. De acordo com informa\u00e7\u00f5es da Folha de S\u00e3o Paulo, [&hellip;]\" \/>\n<meta property=\"og:url\" content=\"https:\/\/jornalfatosenoticias.com.br\/index.php\/2025\/03\/05\/apos-gleisi-lula-reforca-vies-esquerdista-do-governo-ao-cogitar-ministerio-para-boulos\/\" \/>\n<meta property=\"og:site_name\" content=\"Jornal Fatos e Not\u00edcias\" \/>\n<meta property=\"article:published_time\" content=\"2025-03-05T14:14:38+00:00\" \/>\n<meta property=\"article:modified_time\" content=\"2025-03-05T14:14:39+00:00\" \/>\n<meta property=\"og:image\" content=\"https:\/\/jornalfatosenoticias.com.br\/wp-content\/uploads\/2025\/03\/molusco-e-bolo_gettyimages.jpg\" \/>\n\t<meta property=\"og:image:width\" content=\"612\" \/>\n\t<meta property=\"og:image:height\" content=\"408\" \/>\n\t<meta property=\"og:image:type\" content=\"image\/jpeg\" \/>\n<meta name=\"author\" content=\"Luzimara Fernandes\" \/>\n<meta name=\"twitter:card\" content=\"summary_large_image\" \/>\n<meta name=\"twitter:label1\" content=\"Escrito por\" \/>\n\t<meta name=\"twitter:data1\" content=\"Luzimara Fernandes\" \/>\n\t<meta name=\"twitter:label2\" content=\"Est. tempo de leitura\" \/>\n\t<meta name=\"twitter:data2\" content=\"3 minutos\" \/>\n<script type=\"application\/ld+json\" class=\"yoast-schema-graph\">{\"@context\":\"https:\/\/schema.org\",\"@graph\":[{\"@type\":\"Article\",\"@id\":\"https:\/\/jornalfatosenoticias.com.br\/index.php\/2025\/03\/05\/apos-gleisi-lula-reforca-vies-esquerdista-do-governo-ao-cogitar-ministerio-para-boulos\/#article\",\"isPartOf\":{\"@id\":\"https:\/\/jornalfatosenoticias.com.br\/index.php\/2025\/03\/05\/apos-gleisi-lula-reforca-vies-esquerdista-do-governo-ao-cogitar-ministerio-para-boulos\/\"},\"author\":{\"name\":\"Luzimara Fernandes\",\"@id\":\"https:\/\/jornalfatosenoticias.com.br\/#\/schema\/person\/d63837fa13ac8666eb9e74e0985d6f81\"},\"headline\":\"Ap\u00f3s Gleisi, Lula refor\u00e7a vi\u00e9s esquerdista do governo ao cogitar minist\u00e9rio para Boulos\",\"datePublished\":\"2025-03-05T14:14:38+00:00\",\"dateModified\":\"2025-03-05T14:14:39+00:00\",\"mainEntityOfPage\":{\"@id\":\"https:\/\/jornalfatosenoticias.com.br\/index.php\/2025\/03\/05\/apos-gleisi-lula-reforca-vies-esquerdista-do-governo-ao-cogitar-ministerio-para-boulos\/\"},\"wordCount\":525,\"commentCount\":0,\"publisher\":{\"@id\":\"https:\/\/jornalfatosenoticias.com.br\/#organization\"},\"image\":{\"@id\":\"https:\/\/jornalfatosenoticias.com.br\/index.php\/2025\/03\/05\/apos-gleisi-lula-reforca-vies-esquerdista-do-governo-ao-cogitar-ministerio-para-boulos\/#primaryimage\"},\"thumbnailUrl\":\"https:\/\/jornalfatosenoticias.com.br\/wp-content\/uploads\/2025\/03\/molusco-e-bolo_gettyimages.jpg\",\"keywords\":[\"Alexandre Padilha\",\"Centr\u00e3o\",\"Elei\u00e7\u00f5es 2026\",\"Gleisi Hoffmann\",\"Guilherme Boulos\",\"Jair Bolsonaro\",\"Lula\",\"Pal\u00e1cio do Planalto\",\"Partido dos Trabalhadores\",\"PSOL\",\"Tarc\u00edsio de Freitas\"],\"articleSection\":[\"Pol\u00edtica\"],\"inLanguage\":\"pt-BR\",\"potentialAction\":[{\"@type\":\"CommentAction\",\"name\":\"Comment\",\"target\":[\"https:\/\/jornalfatosenoticias.com.br\/index.php\/2025\/03\/05\/apos-gleisi-lula-reforca-vies-esquerdista-do-governo-ao-cogitar-ministerio-para-boulos\/#respond\"]}]},{\"@type\":\"WebPage\",\"@id\":\"https:\/\/jornalfatosenoticias.com.br\/index.php\/2025\/03\/05\/apos-gleisi-lula-reforca-vies-esquerdista-do-governo-ao-cogitar-ministerio-para-boulos\/\",\"url\":\"https:\/\/jornalfatosenoticias.com.br\/index.php\/2025\/03\/05\/apos-gleisi-lula-reforca-vies-esquerdista-do-governo-ao-cogitar-ministerio-para-boulos\/\",\"name\":\"Ap\u00f3s Gleisi, Lula refor\u00e7a vi\u00e9s esquerdista do governo ao cogitar minist\u00e9rio para Boulos - Jornal Fatos e Not\u00edcias\",\"isPartOf\":{\"@id\":\"https:\/\/jornalfatosenoticias.com.br\/#website\"},\"primaryImageOfPage\":{\"@id\":\"https:\/\/jornalfatosenoticias.com.br\/index.php\/2025\/03\/05\/apos-gleisi-lula-reforca-vies-esquerdista-do-governo-ao-cogitar-ministerio-para-boulos\/#primaryimage\"},\"image\":{\"@id\":\"https:\/\/jornalfatosenoticias.com.br\/index.php\/2025\/03\/05\/apos-gleisi-lula-reforca-vies-esquerdista-do-governo-ao-cogitar-ministerio-para-boulos\/#primaryimage\"},\"thumbnailUrl\":\"https:\/\/jornalfatosenoticias.com.br\/wp-content\/uploads\/2025\/03\/molusco-e-bolo_gettyimages.jpg\",\"datePublished\":\"2025-03-05T14:14:38+00:00\",\"dateModified\":\"2025-03-05T14:14:39+00:00\",\"breadcrumb\":{\"@id\":\"https:\/\/jornalfatosenoticias.com.br\/index.php\/2025\/03\/05\/apos-gleisi-lula-reforca-vies-esquerdista-do-governo-ao-cogitar-ministerio-para-boulos\/#breadcrumb\"},\"inLanguage\":\"pt-BR\",\"potentialAction\":[{\"@type\":\"ReadAction\",\"target\":[\"https:\/\/jornalfatosenoticias.com.br\/index.php\/2025\/03\/05\/apos-gleisi-lula-reforca-vies-esquerdista-do-governo-ao-cogitar-ministerio-para-boulos\/\"]}]},{\"@type\":\"ImageObject\",\"inLanguage\":\"pt-BR\",\"@id\":\"https:\/\/jornalfatosenoticias.com.br\/index.php\/2025\/03\/05\/apos-gleisi-lula-reforca-vies-esquerdista-do-governo-ao-cogitar-ministerio-para-boulos\/#primaryimage\",\"url\":\"https:\/\/jornalfatosenoticias.com.br\/wp-content\/uploads\/2025\/03\/molusco-e-bolo_gettyimages.jpg\",\"contentUrl\":\"https:\/\/jornalfatosenoticias.com.br\/wp-content\/uploads\/2025\/03\/molusco-e-bolo_gettyimages.jpg\",\"width\":612,\"height\":408,\"caption\":\"Former Brazilian president Luiz Inacio Lula da Silva (L) greets a coordinator of the Brazilian Homeless Workers Movement (MTST) Guilherme Boulos (R) during a meeting with intellectuals in Sao Paulo, Brazil on January 18, 2018. \/ AFP PHOTO \/ NELSON ALMEIDA (Photo credit should read NELSON ALMEIDA\/AFP via Getty Images)\"},{\"@type\":\"BreadcrumbList\",\"@id\":\"https:\/\/jornalfatosenoticias.com.br\/index.php\/2025\/03\/05\/apos-gleisi-lula-reforca-vies-esquerdista-do-governo-ao-cogitar-ministerio-para-boulos\/#breadcrumb\",\"itemListElement\":[{\"@type\":\"ListItem\",\"position\":1,\"name\":\"In\u00edcio\",\"item\":\"https:\/\/jornalfatosenoticias.com.br\/\"},{\"@type\":\"ListItem\",\"position\":2,\"name\":\"Ap\u00f3s Gleisi, Lula refor\u00e7a vi\u00e9s esquerdista do governo ao cogitar minist\u00e9rio para Boulos\"}]},{\"@type\":\"WebSite\",\"@id\":\"https:\/\/jornalfatosenoticias.com.br\/#website\",\"url\":\"https:\/\/jornalfatosenoticias.com.br\/\",\"name\":\"Jornal Fatos e Not\u00edcias\",\"description\":\"Not\u00edcias em geral\",\"publisher\":{\"@id\":\"https:\/\/jornalfatosenoticias.com.br\/#organization\"},\"potentialAction\":[{\"@type\":\"SearchAction\",\"target\":{\"@type\":\"EntryPoint\",\"urlTemplate\":\"https:\/\/jornalfatosenoticias.com.br\/?s={search_term_string}\"},\"query-input\":{\"@type\":\"PropertyValueSpecification\",\"valueRequired\":true,\"valueName\":\"search_term_string\"}}],\"inLanguage\":\"pt-BR\"},{\"@type\":\"Organization\",\"@id\":\"https:\/\/jornalfatosenoticias.com.br\/#organization\",\"name\":\"Jornal Fatos e Not\u00edcias\",\"url\":\"https:\/\/jornalfatosenoticias.com.br\/\",\"logo\":{\"@type\":\"ImageObject\",\"inLanguage\":\"pt-BR\",\"@id\":\"https:\/\/jornalfatosenoticias.com.br\/#\/schema\/logo\/image\/\",\"url\":\"https:\/\/jornalfatosenoticias.com.br\/wp-content\/uploads\/2020\/02\/logo120.png\",\"contentUrl\":\"https:\/\/jornalfatosenoticias.com.br\/wp-content\/uploads\/2020\/02\/logo120.png\",\"width\":1227,\"height\":120,\"caption\":\"Jornal Fatos e Not\u00edcias\"},\"image\":{\"@id\":\"https:\/\/jornalfatosenoticias.com.br\/#\/schema\/logo\/image\/\"}},{\"@type\":\"Person\",\"@id\":\"https:\/\/jornalfatosenoticias.com.br\/#\/schema\/person\/d63837fa13ac8666eb9e74e0985d6f81\",\"name\":\"Luzimara Fernandes\",\"image\":{\"@type\":\"ImageObject\",\"inLanguage\":\"pt-BR\",\"@id\":\"https:\/\/jornalfatosenoticias.com.br\/#\/schema\/person\/image\/\",\"url\":\"https:\/\/jornalfatosenoticias.com.br\/wp-content\/uploads\/2025\/05\/EU_portal.jpg\",\"contentUrl\":\"https:\/\/jornalfatosenoticias.com.br\/wp-content\/uploads\/2025\/05\/EU_portal.jpg\",\"caption\":\"Luzimara Fernandes\"},\"description\":\"Jornalista MTB 2358-ES\",\"sameAs\":[\"https:\/\/jornalfatosenoticias.com.br\"],\"url\":\"https:\/\/jornalfatosenoticias.com.br\/index.php\/author\/luzimara\/\"}]}<\/script>\n<!-- \/ Yoast SEO plugin. -->","yoast_head_json":{"title":"Ap\u00f3s Gleisi, Lula refor\u00e7a vi\u00e9s esquerdista do governo ao cogitar minist\u00e9rio para Boulos - Jornal Fatos e Not\u00edcias","robots":{"index":"index","follow":"follow","max-snippet":"max-snippet:-1","max-image-preview":"max-image-preview:large","max-video-preview":"max-video-preview:-1"},"canonical":"https:\/\/jornalfatosenoticias.com.br\/index.php\/2025\/03\/05\/apos-gleisi-lula-reforca-vies-esquerdista-do-governo-ao-cogitar-ministerio-para-boulos\/","og_locale":"pt_BR","og_type":"article","og_title":"Ap\u00f3s Gleisi, Lula refor\u00e7a vi\u00e9s esquerdista do governo ao cogitar minist\u00e9rio para Boulos - Jornal Fatos e Not\u00edcias","og_description":"Por S\u00edlvio Ribas A nomea\u00e7\u00e3o da deputada e presidente do PT, Gleisi Hoffmann (PR), como nova ministra das Rela\u00e7\u00f5es Institucionais, respons\u00e1vel pela articula\u00e7\u00e3o pol\u00edtica, pode ter sido apenas o primeiro passo de Luiz In\u00e1cio Lula da Silva (PT) para fortalecer o car\u00e1ter esquerdista de seu governo. De acordo com informa\u00e7\u00f5es da Folha de S\u00e3o Paulo, [&hellip;]","og_url":"https:\/\/jornalfatosenoticias.com.br\/index.php\/2025\/03\/05\/apos-gleisi-lula-reforca-vies-esquerdista-do-governo-ao-cogitar-ministerio-para-boulos\/","og_site_name":"Jornal Fatos e Not\u00edcias","article_published_time":"2025-03-05T14:14:38+00:00","article_modified_time":"2025-03-05T14:14:39+00:00","og_image":[{"width":612,"height":408,"url":"https:\/\/jornalfatosenoticias.com.br\/wp-content\/uploads\/2025\/03\/molusco-e-bolo_gettyimages.jpg","type":"image\/jpeg"}],"author":"Luzimara Fernandes","twitter_card":"summary_large_image","twitter_misc":{"Escrito por":"Luzimara Fernandes","Est. tempo de leitura":"3 minutos"},"schema":{"@context":"https:\/\/schema.org","@graph":[{"@type":"Article","@id":"https:\/\/jornalfatosenoticias.com.br\/index.php\/2025\/03\/05\/apos-gleisi-lula-reforca-vies-esquerdista-do-governo-ao-cogitar-ministerio-para-boulos\/#article","isPartOf":{"@id":"https:\/\/jornalfatosenoticias.com.br\/index.php\/2025\/03\/05\/apos-gleisi-lula-reforca-vies-esquerdista-do-governo-ao-cogitar-ministerio-para-boulos\/"},"author":{"name":"Luzimara Fernandes","@id":"https:\/\/jornalfatosenoticias.com.br\/#\/schema\/person\/d63837fa13ac8666eb9e74e0985d6f81"},"headline":"Ap\u00f3s Gleisi, Lula refor\u00e7a vi\u00e9s esquerdista do governo ao cogitar minist\u00e9rio para Boulos","datePublished":"2025-03-05T14:14:38+00:00","dateModified":"2025-03-05T14:14:39+00:00","mainEntityOfPage":{"@id":"https:\/\/jornalfatosenoticias.com.br\/index.php\/2025\/03\/05\/apos-gleisi-lula-reforca-vies-esquerdista-do-governo-ao-cogitar-ministerio-para-boulos\/"},"wordCount":525,"commentCount":0,"publisher":{"@id":"https:\/\/jornalfatosenoticias.com.br\/#organization"},"image":{"@id":"https:\/\/jornalfatosenoticias.com.br\/index.php\/2025\/03\/05\/apos-gleisi-lula-reforca-vies-esquerdista-do-governo-ao-cogitar-ministerio-para-boulos\/#primaryimage"},"thumbnailUrl":"https:\/\/jornalfatosenoticias.com.br\/wp-content\/uploads\/2025\/03\/molusco-e-bolo_gettyimages.jpg","keywords":["Alexandre Padilha","Centr\u00e3o","Elei\u00e7\u00f5es 2026","Gleisi Hoffmann","Guilherme Boulos","Jair Bolsonaro","Lula","Pal\u00e1cio do Planalto","Partido dos Trabalhadores","PSOL","Tarc\u00edsio de Freitas"],"articleSection":["Pol\u00edtica"],"inLanguage":"pt-BR","potentialAction":[{"@type":"CommentAction","name":"Comment","target":["https:\/\/jornalfatosenoticias.com.br\/index.php\/2025\/03\/05\/apos-gleisi-lula-reforca-vies-esquerdista-do-governo-ao-cogitar-ministerio-para-boulos\/#respond"]}]},{"@type":"WebPage","@id":"https:\/\/jornalfatosenoticias.com.br\/index.php\/2025\/03\/05\/apos-gleisi-lula-reforca-vies-esquerdista-do-governo-ao-cogitar-ministerio-para-boulos\/","url":"https:\/\/jornalfatosenoticias.com.br\/index.php\/2025\/03\/05\/apos-gleisi-lula-reforca-vies-esquerdista-do-governo-ao-cogitar-ministerio-para-boulos\/","name":"Ap\u00f3s Gleisi, Lula refor\u00e7a vi\u00e9s esquerdista do governo ao cogitar minist\u00e9rio para Boulos - Jornal Fatos e Not\u00edcias","isPartOf":{"@id":"https:\/\/jornalfatosenoticias.com.br\/#website"},"primaryImageOfPage":{"@id":"https:\/\/jornalfatosenoticias.com.br\/index.php\/2025\/03\/05\/apos-gleisi-lula-reforca-vies-esquerdista-do-governo-ao-cogitar-ministerio-para-boulos\/#primaryimage"},"image":{"@id":"https:\/\/jornalfatosenoticias.com.br\/index.php\/2025\/03\/05\/apos-gleisi-lula-reforca-vies-esquerdista-do-governo-ao-cogitar-ministerio-para-boulos\/#primaryimage"},"thumbnailUrl":"https:\/\/jornalfatosenoticias.com.br\/wp-content\/uploads\/2025\/03\/molusco-e-bolo_gettyimages.jpg","datePublished":"2025-03-05T14:14:38+00:00","dateModified":"2025-03-05T14:14:39+00:00","breadcrumb":{"@id":"https:\/\/jornalfatosenoticias.com.br\/index.php\/2025\/03\/05\/apos-gleisi-lula-reforca-vies-esquerdista-do-governo-ao-cogitar-ministerio-para-boulos\/#breadcrumb"},"inLanguage":"pt-BR","potentialAction":[{"@type":"ReadAction","target":["https:\/\/jornalfatosenoticias.com.br\/index.php\/2025\/03\/05\/apos-gleisi-lula-reforca-vies-esquerdista-do-governo-ao-cogitar-ministerio-para-boulos\/"]}]},{"@type":"ImageObject","inLanguage":"pt-BR","@id":"https:\/\/jornalfatosenoticias.com.br\/index.php\/2025\/03\/05\/apos-gleisi-lula-reforca-vies-esquerdista-do-governo-ao-cogitar-ministerio-para-boulos\/#primaryimage","url":"https:\/\/jornalfatosenoticias.com.br\/wp-content\/uploads\/2025\/03\/molusco-e-bolo_gettyimages.jpg","contentUrl":"https:\/\/jornalfatosenoticias.com.br\/wp-content\/uploads\/2025\/03\/molusco-e-bolo_gettyimages.jpg","width":612,"height":408,"caption":"Former Brazilian president Luiz Inacio Lula da Silva (L) greets a coordinator of the Brazilian Homeless Workers Movement (MTST) Guilherme Boulos (R) during a meeting with intellectuals in Sao Paulo, Brazil on January 18, 2018. \/ AFP PHOTO \/ NELSON ALMEIDA (Photo credit should read NELSON ALMEIDA\/AFP via Getty Images)"},{"@type":"BreadcrumbList","@id":"https:\/\/jornalfatosenoticias.com.br\/index.php\/2025\/03\/05\/apos-gleisi-lula-reforca-vies-esquerdista-do-governo-ao-cogitar-ministerio-para-boulos\/#breadcrumb","itemListElement":[{"@type":"ListItem","position":1,"name":"In\u00edcio","item":"https:\/\/jornalfatosenoticias.com.br\/"},{"@type":"ListItem","position":2,"name":"Ap\u00f3s Gleisi, Lula refor\u00e7a vi\u00e9s esquerdista do governo ao cogitar minist\u00e9rio para Boulos"}]},{"@type":"WebSite","@id":"https:\/\/jornalfatosenoticias.com.br\/#website","url":"https:\/\/jornalfatosenoticias.com.br\/","name":"Jornal Fatos e Not\u00edcias","description":"Not\u00edcias em geral","publisher":{"@id":"https:\/\/jornalfatosenoticias.com.br\/#organization"},"potentialAction":[{"@type":"SearchAction","target":{"@type":"EntryPoint","urlTemplate":"https:\/\/jornalfatosenoticias.com.br\/?s={search_term_string}"},"query-input":{"@type":"PropertyValueSpecification","valueRequired":true,"valueName":"search_term_string"}}],"inLanguage":"pt-BR"},{"@type":"Organization","@id":"https:\/\/jornalfatosenoticias.com.br\/#organization","name":"Jornal Fatos e Not\u00edcias","url":"https:\/\/jornalfatosenoticias.com.br\/","logo":{"@type":"ImageObject","inLanguage":"pt-BR","@id":"https:\/\/jornalfatosenoticias.com.br\/#\/schema\/logo\/image\/","url":"https:\/\/jornalfatosenoticias.com.br\/wp-content\/uploads\/2020\/02\/logo120.png","contentUrl":"https:\/\/jornalfatosenoticias.com.br\/wp-content\/uploads\/2020\/02\/logo120.png","width":1227,"height":120,"caption":"Jornal Fatos e Not\u00edcias"},"image":{"@id":"https:\/\/jornalfatosenoticias.com.br\/#\/schema\/logo\/image\/"}},{"@type":"Person","@id":"https:\/\/jornalfatosenoticias.com.br\/#\/schema\/person\/d63837fa13ac8666eb9e74e0985d6f81","name":"Luzimara Fernandes","image":{"@type":"ImageObject","inLanguage":"pt-BR","@id":"https:\/\/jornalfatosenoticias.com.br\/#\/schema\/person\/image\/","url":"https:\/\/jornalfatosenoticias.com.br\/wp-content\/uploads\/2025\/05\/EU_portal.jpg","contentUrl":"https:\/\/jornalfatosenoticias.com.br\/wp-content\/uploads\/2025\/05\/EU_portal.jpg","caption":"Luzimara Fernandes"},"description":"Jornalista MTB 2358-ES","sameAs":["https:\/\/jornalfatosenoticias.com.br"],"url":"https:\/\/jornalfatosenoticias.com.br\/index.php\/author\/luzimara\/"}]}},"cc_featured_image_caption":{"caption_text":"(Foto: Getty Images)","source_text":"","source_url":""},"jetpack_featured_media_url":"https:\/\/jornalfatosenoticias.com.br\/wp-content\/uploads\/2025\/03\/molusco-e-bolo_gettyimages.jpg","_links":{"self":[{"href":"https:\/\/jornalfatosenoticias.com.br\/index.php\/wp-json\/wp\/v2\/posts\/57476","targetHints":{"allow":["GET"]}}],"collection":[{"href":"https:\/\/jornalfatosenoticias.com.br\/index.php\/wp-json\/wp\/v2\/posts"}],"about":[{"href":"https:\/\/jornalfatosenoticias.com.br\/index.php\/wp-json\/wp\/v2\/types\/post"}],"author":[{"embeddable":true,"href":"https:\/\/jornalfatosenoticias.com.br\/index.php\/wp-json\/wp\/v2\/users\/2"}],"replies":[{"embeddable":true,"href":"https:\/\/jornalfatosenoticias.com.br\/index.php\/wp-json\/wp\/v2\/comments?post=57476"}],"version-history":[{"count":0,"href":"https:\/\/jornalfatosenoticias.com.br\/index.php\/wp-json\/wp\/v2\/posts\/57476\/revisions"}],"wp:featuredmedia":[{"embeddable":true,"href":"https:\/\/jornalfatosenoticias.com.br\/index.php\/wp-json\/wp\/v2\/media\/57477"}],"wp:attachment":[{"href":"https:\/\/jornalfatosenoticias.com.br\/index.php\/wp-json\/wp\/v2\/media?parent=57476"}],"wp:term":[{"taxonomy":"category","embeddable":true,"href":"https:\/\/jornalfatosenoticias.com.br\/index.php\/wp-json\/wp\/v2\/categories?post=57476"},{"taxonomy":"post_tag","embeddable":true,"href":"https:\/\/jornalfatosenoticias.com.br\/index.php\/wp-json\/wp\/v2\/tags?post=57476"}],"curies":[{"name":"wp","href":"https:\/\/api.w.org\/{rel}","templated":true}]}}