{"id":57482,"date":"2025-03-06T16:33:34","date_gmt":"2025-03-06T19:33:34","guid":{"rendered":"https:\/\/jornalfatosenoticias.com.br\/?p=57482"},"modified":"2025-03-06T16:33:36","modified_gmt":"2025-03-06T19:33:36","slug":"neurociencia-o-lobo-parietal-e-sua-importancia-na-aprendizagem","status":"publish","type":"post","link":"https:\/\/jornalfatosenoticias.com.br\/index.php\/2025\/03\/06\/neurociencia-o-lobo-parietal-e-sua-importancia-na-aprendizagem\/","title":{"rendered":"Neuroci\u00eancia: o lobo parietal e sua import\u00e2ncia na aprendizagem"},"content":{"rendered":"\n<div class=\"wp-block-image\"><figure class=\"aligncenter size-large\"><a href=\"https:\/\/panper.com.br\/\"><img loading=\"lazy\" decoding=\"async\" width=\"1024\" height=\"111\" src=\"https:\/\/jornalfatosenoticias.com.br\/wp-content\/uploads\/2020\/02\/WhatsApp-Image-2022-09-23-at-12.09.18-1024x111.jpeg\" alt=\"\" class=\"wp-image-34527\" srcset=\"https:\/\/jornalfatosenoticias.com.br\/wp-content\/uploads\/2020\/02\/WhatsApp-Image-2022-09-23-at-12.09.18-1024x111.jpeg 1024w, https:\/\/jornalfatosenoticias.com.br\/wp-content\/uploads\/2020\/02\/WhatsApp-Image-2022-09-23-at-12.09.18-300x32.jpeg 300w, https:\/\/jornalfatosenoticias.com.br\/wp-content\/uploads\/2020\/02\/WhatsApp-Image-2022-09-23-at-12.09.18-768x83.jpeg 768w, https:\/\/jornalfatosenoticias.com.br\/wp-content\/uploads\/2020\/02\/WhatsApp-Image-2022-09-23-at-12.09.18.jpeg 1121w\" sizes=\"auto, (max-width: 1024px) 100vw, 1024px\" \/><\/a><\/figure><\/div>\n\n\n\n<p>O lobo parietal \u00e9 uma regi\u00e3o do c\u00e9rebro que desempenha um papel importante na aprendizagem, pois processa informa\u00e7\u00f5es sensoriais e cogni\u00e7\u00e3o espacial. O lobo parietal est\u00e1 localizado entre os lobos frontal e occipital. O lobo parietal est\u00e1 envolvido na percep\u00e7\u00e3o de sensa\u00e7\u00f5es como o toque, a temperatura, a dor e a propriocep\u00e7\u00e3o, assim como na percep\u00e7\u00e3o avan\u00e7ada de informa\u00e7\u00f5es auditivas e visuais. Processamento da sensa\u00e7\u00e3o do tato (dor, temperatura, etc.). Al\u00e9m disso, os lobos parietais tamb\u00e9m desempenham um papel na capacidade da pessoa de avaliar o tamanho, a forma e a dist\u00e2ncia. O c\u00e9rebro humano aprende atrav\u00e9s da combina\u00e7\u00e3o de est\u00edmulos e a participa\u00e7\u00e3o de v\u00e1rias regi\u00f5es, como o hipocampo, o lobo frontal, o lobo temporal e o lobo l\u00edmbico. O lobo parietal constitui aproximadamente 20% do c\u00e9rebro humano. N\u00e3o existe f\u00f3rmula para se aprender mais r\u00e1pido. Cada pessoa possui uma maneira de aprender e ainda depende tamb\u00e9m do tipo de intelig\u00eancia que cada um possui. O c\u00e9rebro necessita de tr\u00eas elementos importantes para sobreviver: as prote\u00ednas, a glicose e o oxig\u00eanio. <\/p>\n\n\n\n<div class=\"wp-block-image\"><figure class=\"aligncenter size-large is-resized\"><a href=\"https:\/\/www.controlsystems.com.br\/\"><img loading=\"lazy\" decoding=\"async\" src=\"https:\/\/jornalfatosenoticias.com.br\/wp-content\/uploads\/2020\/02\/CONTROL-CS.jpg\" alt=\"\" class=\"wp-image-44991\" width=\"279\" height=\"335\" srcset=\"https:\/\/jornalfatosenoticias.com.br\/wp-content\/uploads\/2020\/02\/CONTROL-CS.jpg 834w, https:\/\/jornalfatosenoticias.com.br\/wp-content\/uploads\/2020\/02\/CONTROL-CS-250x300.jpg 250w, https:\/\/jornalfatosenoticias.com.br\/wp-content\/uploads\/2020\/02\/CONTROL-CS-768x921.jpg 768w\" sizes=\"auto, (max-width: 279px) 100vw, 279px\" \/><\/a><\/figure><\/div>\n\n\n\n<p>Esses elementos s\u00e3o conseguidos atrav\u00e9s de uma alimenta\u00e7\u00e3o equilibrada e da atividade f\u00edsica. Quando combinados, eles s\u00e3o respons\u00e1veis por nutrir seis partes do c\u00e9rebro: Lobo Frontal, Lobo Parietal, Lobo Occipital, Lobo Temporal, Tronco Cerebral e Cerebelo. Cogni\u00e7\u00e3o nada mais \u00e9, na linguagem mais simples poss\u00edvel, que aprendizagem ou processo de aquisi\u00e7\u00e3o de conhecimento. \u00c9 a capacidade que temos de receber uma informa\u00e7\u00e3o, process\u00e1-la e responder esse est\u00edmulo, que envolve fatores diversos como o pensamento, a linguagem, a percep\u00e7\u00e3o, a mem\u00f3ria, o racioc\u00ednio que fazem parte do desenvolvimento intelectual.<\/p>\n\n\n\n<div class=\"wp-block-image\"><figure class=\"aligncenter size-large is-resized\"><a href=\"https:\/\/www.instagram.com\/restaurantepegoretti\/\"><img loading=\"lazy\" decoding=\"async\" src=\"https:\/\/jornalfatosenoticias.com.br\/wp-content\/uploads\/2023\/12\/pegoretti-logo-pdf-1024x389.jpg\" alt=\"\" class=\"wp-image-47536\" width=\"438\" height=\"166\" srcset=\"https:\/\/jornalfatosenoticias.com.br\/wp-content\/uploads\/2023\/12\/pegoretti-logo-pdf-1024x389.jpg 1024w, https:\/\/jornalfatosenoticias.com.br\/wp-content\/uploads\/2023\/12\/pegoretti-logo-pdf-300x114.jpg 300w, https:\/\/jornalfatosenoticias.com.br\/wp-content\/uploads\/2023\/12\/pegoretti-logo-pdf-768x291.jpg 768w, https:\/\/jornalfatosenoticias.com.br\/wp-content\/uploads\/2023\/12\/pegoretti-logo-pdf.jpg 1120w\" sizes=\"auto, (max-width: 438px) 100vw, 438px\" \/><\/a><\/figure><\/div>\n\n\n\n<p><strong><span class=\"has-inline-color has-vivid-purple-color\">O lobo parietal desempenha na aprendizagem um papel importante como:<br><\/span>\u2022<\/strong> Ajuda a entender o que est\u00e1 ao redor;<br><strong>\u2022<\/strong> Controla algumas \u00e1reas da habilidade matem\u00e1tica e de escrita;<br><strong>\u2022<\/strong> Ajuda a descobrir onde o corpo est\u00e1 no espa\u00e7o;<br><strong>\u2022<\/strong> Est\u00e1 envolvido na percep\u00e7\u00e3o avan\u00e7ada de informa\u00e7\u00f5es auditivas e visuais;<br><strong>\u2022<\/strong> Est\u00e1 associado ao processamento da linguagem e habilidades matem\u00e1ticas;<br>Estimula\u00e7\u00e3o do lobo parietal \u00e9 uma boa maneira de estimular essa regi\u00e3o. O lobo parietal pode ser estimulado por meio de atividades que envolvam o tato, a percep\u00e7\u00e3o espacial e o racioc\u00ednio l\u00f3gico.<\/p>\n\n\n\n<div class=\"wp-block-image\"><figure class=\"aligncenter size-large\"><a href=\"http:\/\/www.ferrarimaquinas.com.br\/\"><img loading=\"lazy\" decoding=\"async\" width=\"300\" height=\"250\" src=\"https:\/\/jornalfatosenoticias.com.br\/wp-content\/uploads\/2022\/02\/FERRARI_MAQUINAS-E-FERRAMENTAS2.jpg\" alt=\"\" class=\"wp-image-27860\"\/><\/a><\/figure><\/div>\n\n\n\n<p><span class=\"has-inline-color has-vivid-purple-color\"><strong>Para estimular o lobo parietal em crian\u00e7as, pode-se:<br><\/strong><\/span><strong>\u2022<\/strong> Fazer brincadeiras que diferenciem texturas e superf\u00edcies<br><strong>\u2022<\/strong> Colocar objetos em diferentes texturas nas m\u00e3os da crian\u00e7a<br><strong>\u2022<\/strong> Mostrar a crian\u00e7a o que \u00e9 quente e o que \u00e9 frio<br><strong>\u2022<\/strong> Incentivar a crian\u00e7a a cantar, dan\u00e7ar e tocar instrumentos musicais<\/p>\n\n\n\n<div class=\"wp-block-image\"><figure class=\"aligncenter size-large is-resized\"><a href=\"https:\/\/www.instagram.com\/ligadossaborespizzaria\/\"><img loading=\"lazy\" decoding=\"async\" src=\"https:\/\/jornalfatosenoticias.com.br\/wp-content\/uploads\/2020\/02\/WhatsApp-Image-2024-10-02-at-08.18.14-819x1024.jpeg\" alt=\"\" class=\"wp-image-54612\" width=\"261\" height=\"327\" srcset=\"https:\/\/jornalfatosenoticias.com.br\/wp-content\/uploads\/2020\/02\/WhatsApp-Image-2024-10-02-at-08.18.14-819x1024.jpeg 819w, https:\/\/jornalfatosenoticias.com.br\/wp-content\/uploads\/2020\/02\/WhatsApp-Image-2024-10-02-at-08.18.14-240x300.jpeg 240w, https:\/\/jornalfatosenoticias.com.br\/wp-content\/uploads\/2020\/02\/WhatsApp-Image-2024-10-02-at-08.18.14-768x960.jpeg 768w, https:\/\/jornalfatosenoticias.com.br\/wp-content\/uploads\/2020\/02\/WhatsApp-Image-2024-10-02-at-08.18.14.jpeg 1024w\" sizes=\"auto, (max-width: 261px) 100vw, 261px\" \/><\/a><\/figure><\/div>\n\n\n\n<p>O lobo parietal \u00e9 um lobo multissensorial. \u00c9 o lobo que controla o c\u00e1lculo e a linguagem do lado dominante, e a integra\u00e7\u00e3o visual e espacial no hemisf\u00e9rio n\u00e3o dominante. Quanto mais ativos os neur\u00f4nios do lobo parietal, mais forte ser\u00e1 a conex\u00e3o entre eles e mais r\u00e1pido as informa\u00e7\u00f5es ser\u00e3o processadas. Fun\u00e7\u00f5es fonol\u00f3gicas s\u00e3o aquelas que codificam e decodificam as sequ\u00eancias de fonemas e s\u00edlabas a servi\u00e7o da produ\u00e7\u00e3o e percep\u00e7\u00e3o da fala. <\/p>\n\n\n\n<div class=\"wp-block-image\"><figure class=\"aligncenter size-large is-resized\"><a href=\"https:\/\/www.legisjuris.com.br\/\"><img loading=\"lazy\" decoding=\"async\" src=\"https:\/\/jornalfatosenoticias.com.br\/wp-content\/uploads\/2024\/09\/Legis-Juris-Consultoria_logo.jpg\" alt=\"\" class=\"wp-image-53915\" width=\"401\" height=\"168\" srcset=\"https:\/\/jornalfatosenoticias.com.br\/wp-content\/uploads\/2024\/09\/Legis-Juris-Consultoria_logo.jpg 969w, https:\/\/jornalfatosenoticias.com.br\/wp-content\/uploads\/2024\/09\/Legis-Juris-Consultoria_logo-300x126.jpg 300w, https:\/\/jornalfatosenoticias.com.br\/wp-content\/uploads\/2024\/09\/Legis-Juris-Consultoria_logo-768x322.jpg 768w\" sizes=\"auto, (max-width: 401px) 100vw, 401px\" \/><\/a><\/figure><\/div>\n\n\n\n<p>Embora a maioria das investiga\u00e7\u00f5es das bases neurais da fonologia enfatize a import\u00e2ncia dos lobos frontal temporal e inferior, particularmente no esquerdo, evid\u00eancias substanciais e convincentes implicam que o lobo parietal no processamento fonol\u00f3gico, particularmente no que se refere \u00e0 produ\u00e7\u00e3o da fala. Pesquisadores est\u00e3o constantemente fazendo novas descobertas sobre como essa regi\u00e3o do c\u00e9rebro funciona, e \u00e9 improv\u00e1vel que tenhamos identificado todas as suas fun\u00e7\u00f5es. Al\u00e9m de ser dividido em hemisf\u00e9rios esquerdo e direito, o lobo parietal tem uma s\u00e9rie de estruturas distintas, cada uma com sua contribui\u00e7\u00e3o \u00fanica para o funcionamento do c\u00e9rebro. <\/p>\n\n\n\n<div class=\"wp-block-image\"><figure class=\"aligncenter size-large is-resized\"><a href=\"https:\/\/www.instagram.com\/serra4x4cambioautomatico\/\"><img loading=\"lazy\" decoding=\"async\" src=\"https:\/\/jornalfatosenoticias.com.br\/wp-content\/uploads\/2024\/08\/Serra-4x4-1-886x1024.jpg\" alt=\"\" class=\"wp-image-53632\" width=\"260\" height=\"300\" srcset=\"https:\/\/jornalfatosenoticias.com.br\/wp-content\/uploads\/2024\/08\/Serra-4x4-1-886x1024.jpg 886w, https:\/\/jornalfatosenoticias.com.br\/wp-content\/uploads\/2024\/08\/Serra-4x4-1-260x300.jpg 260w, https:\/\/jornalfatosenoticias.com.br\/wp-content\/uploads\/2024\/08\/Serra-4x4-1-768x888.jpg 768w, https:\/\/jornalfatosenoticias.com.br\/wp-content\/uploads\/2024\/08\/Serra-4x4-1.jpg 1181w\" sizes=\"auto, (max-width: 260px) 100vw, 260px\" \/><\/a><\/figure><\/div>\n\n\n\n<p><strong><span class=\"has-inline-color has-vivid-purple-color\">Essas estruturas incluem:<br><\/span>\u2022 Giro p\u00f3s-central: <\/strong>esta regi\u00e3o \u00e9 o c\u00f3rtex somatossensorial prim\u00e1rio do c\u00e9rebro e mapeia informa\u00e7\u00f5es sensoriais no que \u00e9 conhecido como hom\u00fanculo sensorial. Alguns pesquisadores tamb\u00e9m se referem a esta regi\u00e3o como \u00e1rea de Brodmann 3.<\/p>\n\n\n\n<div class=\"wp-block-image\"><figure class=\"aligncenter size-large is-resized\"><a href=\"https:\/\/www.facebook.com\/postobkr\/?locale=pt_BR\"><img loading=\"lazy\" decoding=\"async\" src=\"https:\/\/jornalfatosenoticias.com.br\/wp-content\/uploads\/2023\/08\/BKR-1024x1021.jpg\" alt=\"\" class=\"wp-image-44494\" width=\"314\" height=\"313\" srcset=\"https:\/\/jornalfatosenoticias.com.br\/wp-content\/uploads\/2023\/08\/BKR-1024x1021.jpg 1024w, https:\/\/jornalfatosenoticias.com.br\/wp-content\/uploads\/2023\/08\/BKR-300x300.jpg 300w, https:\/\/jornalfatosenoticias.com.br\/wp-content\/uploads\/2023\/08\/BKR-150x150.jpg 150w, https:\/\/jornalfatosenoticias.com.br\/wp-content\/uploads\/2023\/08\/BKR-768x766.jpg 768w, https:\/\/jornalfatosenoticias.com.br\/wp-content\/uploads\/2023\/08\/BKR.jpg 1080w\" sizes=\"auto, (max-width: 314px) 100vw, 314px\" \/><\/a><\/figure><\/div>\n\n\n\n<p><strong>\u2022 C\u00f3rtex parietal posterior:<\/strong> acredita-se que esta regi\u00e3o desempenhe um papel vital na coordena\u00e7\u00e3o do movimento e do racioc\u00ednio espacial. Ela tamb\u00e9m desempenha um papel na aten\u00e7\u00e3o, particularmente a aten\u00e7\u00e3o direcionada por novos est\u00edmulos, como quando um animal pula na estrada enquanto voc\u00ea est\u00e1 dirigindo.<\/p>\n\n\n\n<div class=\"wp-block-image\"><figure class=\"aligncenter size-large is-resized\"><a href=\"https:\/\/hotelmarquetti.com.br\/\"><img loading=\"lazy\" decoding=\"async\" src=\"https:\/\/jornalfatosenoticias.com.br\/wp-content\/uploads\/2023\/03\/nova-logo-Marquetti.jpg\" alt=\"\" class=\"wp-image-40207\" width=\"315\" height=\"212\" srcset=\"https:\/\/jornalfatosenoticias.com.br\/wp-content\/uploads\/2023\/03\/nova-logo-Marquetti.jpg 643w, https:\/\/jornalfatosenoticias.com.br\/wp-content\/uploads\/2023\/03\/nova-logo-Marquetti-300x202.jpg 300w\" sizes=\"auto, (max-width: 315px) 100vw, 315px\" \/><\/a><\/figure><\/div>\n\n\n\n<p><strong>\u2022 L\u00f3bulo parietal superior:<\/strong> esta regi\u00e3o ajuda voc\u00ea a determinar sua pr\u00f3pria orienta\u00e7\u00e3o no espa\u00e7o, bem como a orienta\u00e7\u00e3o de outros objetos. Ela tamb\u00e9m recebe informa\u00e7\u00f5es significativas da m\u00e3o, sugerindo que ela ajuda a coordenar habilidades motoras finas e informa\u00e7\u00f5es sensoriais das m\u00e3os.<\/p>\n\n\n\n<div class=\"wp-block-image\"><figure class=\"aligncenter size-large is-resized\"><a href=\"https:\/\/www.ithbrasil.com.br\/\"><img loading=\"lazy\" decoding=\"async\" src=\"https:\/\/jornalfatosenoticias.com.br\/wp-content\/uploads\/2023\/08\/ITH.jpeg\" alt=\"\" class=\"wp-image-44638\" width=\"295\" height=\"239\" srcset=\"https:\/\/jornalfatosenoticias.com.br\/wp-content\/uploads\/2023\/08\/ITH.jpeg 800w, https:\/\/jornalfatosenoticias.com.br\/wp-content\/uploads\/2023\/08\/ITH-300x244.jpeg 300w, https:\/\/jornalfatosenoticias.com.br\/wp-content\/uploads\/2023\/08\/ITH-768x624.jpeg 768w\" sizes=\"auto, (max-width: 295px) 100vw, 295px\" \/><\/a><\/figure><\/div>\n\n\n\n<p><strong>\u2022 L\u00f3bulo parietal inferior:<\/strong> \u00e0s vezes chamado de territ\u00f3rio de Gerschwind, esta regi\u00e3o auxilia na avalia\u00e7\u00e3o de express\u00f5es faciais para conte\u00fado emocional. Algumas pesquisas sugerem que ela desempenha um papel em outras fun\u00e7\u00f5es, incluindo processamento de linguagem, opera\u00e7\u00f5es matem\u00e1ticas b\u00e1sicas e at\u00e9 mesmo imagem corporal. Ela cont\u00e9m uma s\u00e9rie de sub-regi\u00f5es, incluindo o giro angular e supramarginal.<\/p>\n","protected":false},"excerpt":{"rendered":"<p>O lobo parietal \u00e9 uma regi\u00e3o do c\u00e9rebro que desempenha um papel importante na aprendizagem, pois processa informa\u00e7\u00f5es sensoriais e cogni\u00e7\u00e3o espacial. O lobo parietal est\u00e1 localizado entre os lobos frontal e occipital. O lobo parietal est\u00e1 envolvido na percep\u00e7\u00e3o de sensa\u00e7\u00f5es como o toque, a temperatura, a dor e a propriocep\u00e7\u00e3o, assim como na [&hellip;]<\/p>\n","protected":false},"author":35,"featured_media":57483,"comment_status":"open","ping_status":"open","sticky":false,"template":"","format":"standard","meta":{"footnotes":""},"categories":[7],"tags":[2463,26233,26234,6658,26231,26232],"class_list":["post-57482","post","type-post","status-publish","format-standard","has-post-thumbnail","hentry","category-educacao","tag-aprendizagem","tag-cognicao-espacial","tag-lobo-parietal","tag-neurociencia","tag-percepcao-auditiva","tag-percepcao-visual"],"yoast_head":"<!-- This site is optimized with the Yoast SEO plugin v26.5 - https:\/\/yoast.com\/wordpress\/plugins\/seo\/ -->\n<title>Neuroci\u00eancia: o lobo parietal e sua import\u00e2ncia na aprendizagem - Jornal Fatos e Not\u00edcias<\/title>\n<meta name=\"robots\" content=\"index, follow, max-snippet:-1, max-image-preview:large, max-video-preview:-1\" \/>\n<link rel=\"canonical\" href=\"https:\/\/jornalfatosenoticias.com.br\/index.php\/2025\/03\/06\/neurociencia-o-lobo-parietal-e-sua-importancia-na-aprendizagem\/\" \/>\n<meta property=\"og:locale\" content=\"pt_BR\" \/>\n<meta property=\"og:type\" content=\"article\" \/>\n<meta property=\"og:title\" content=\"Neuroci\u00eancia: o lobo parietal e sua import\u00e2ncia na aprendizagem - Jornal Fatos e Not\u00edcias\" \/>\n<meta property=\"og:description\" content=\"O lobo parietal \u00e9 uma regi\u00e3o do c\u00e9rebro que desempenha um papel importante na aprendizagem, pois processa informa\u00e7\u00f5es sensoriais e cogni\u00e7\u00e3o espacial. O lobo parietal est\u00e1 localizado entre os lobos frontal e occipital. O lobo parietal est\u00e1 envolvido na percep\u00e7\u00e3o de sensa\u00e7\u00f5es como o toque, a temperatura, a dor e a propriocep\u00e7\u00e3o, assim como na [&hellip;]\" \/>\n<meta property=\"og:url\" content=\"https:\/\/jornalfatosenoticias.com.br\/index.php\/2025\/03\/06\/neurociencia-o-lobo-parietal-e-sua-importancia-na-aprendizagem\/\" \/>\n<meta property=\"og:site_name\" content=\"Jornal Fatos e Not\u00edcias\" \/>\n<meta property=\"article:published_time\" content=\"2025-03-06T19:33:34+00:00\" \/>\n<meta property=\"article:modified_time\" content=\"2025-03-06T19:33:36+00:00\" \/>\n<meta property=\"og:image\" content=\"https:\/\/jornalfatosenoticias.com.br\/wp-content\/uploads\/2025\/03\/lobo-parietal.jpg\" \/>\n\t<meta property=\"og:image:width\" content=\"1000\" \/>\n\t<meta property=\"og:image:height\" content=\"625\" \/>\n\t<meta property=\"og:image:type\" content=\"image\/jpeg\" \/>\n<meta name=\"author\" content=\"L\u00e9ia Flauzina\" \/>\n<meta name=\"twitter:card\" content=\"summary_large_image\" \/>\n<meta name=\"twitter:label1\" content=\"Escrito por\" \/>\n\t<meta name=\"twitter:data1\" content=\"L\u00e9ia Flauzina\" \/>\n\t<meta name=\"twitter:label2\" content=\"Est. tempo de leitura\" \/>\n\t<meta name=\"twitter:data2\" content=\"4 minutos\" \/>\n<script type=\"application\/ld+json\" class=\"yoast-schema-graph\">{\"@context\":\"https:\/\/schema.org\",\"@graph\":[{\"@type\":\"Article\",\"@id\":\"https:\/\/jornalfatosenoticias.com.br\/index.php\/2025\/03\/06\/neurociencia-o-lobo-parietal-e-sua-importancia-na-aprendizagem\/#article\",\"isPartOf\":{\"@id\":\"https:\/\/jornalfatosenoticias.com.br\/index.php\/2025\/03\/06\/neurociencia-o-lobo-parietal-e-sua-importancia-na-aprendizagem\/\"},\"author\":{\"name\":\"L\u00e9ia Flauzina\",\"@id\":\"https:\/\/jornalfatosenoticias.com.br\/#\/schema\/person\/4a992c9d5e2ea219b74162b89d96b273\"},\"headline\":\"Neuroci\u00eancia: o lobo parietal e sua import\u00e2ncia na aprendizagem\",\"datePublished\":\"2025-03-06T19:33:34+00:00\",\"dateModified\":\"2025-03-06T19:33:36+00:00\",\"mainEntityOfPage\":{\"@id\":\"https:\/\/jornalfatosenoticias.com.br\/index.php\/2025\/03\/06\/neurociencia-o-lobo-parietal-e-sua-importancia-na-aprendizagem\/\"},\"wordCount\":879,\"commentCount\":0,\"publisher\":{\"@id\":\"https:\/\/jornalfatosenoticias.com.br\/#organization\"},\"image\":{\"@id\":\"https:\/\/jornalfatosenoticias.com.br\/index.php\/2025\/03\/06\/neurociencia-o-lobo-parietal-e-sua-importancia-na-aprendizagem\/#primaryimage\"},\"thumbnailUrl\":\"https:\/\/jornalfatosenoticias.com.br\/wp-content\/uploads\/2025\/03\/lobo-parietal.jpg\",\"keywords\":[\"aprendizagem\",\"cogni\u00e7\u00e3o espacial\",\"lobo parietal\",\"neuroci\u00eancia\",\"percep\u00e7\u00e3o auditiva\",\"percep\u00e7\u00e3o visual\"],\"articleSection\":[\"Educa\u00e7\u00e3o\"],\"inLanguage\":\"pt-BR\",\"potentialAction\":[{\"@type\":\"CommentAction\",\"name\":\"Comment\",\"target\":[\"https:\/\/jornalfatosenoticias.com.br\/index.php\/2025\/03\/06\/neurociencia-o-lobo-parietal-e-sua-importancia-na-aprendizagem\/#respond\"]}]},{\"@type\":\"WebPage\",\"@id\":\"https:\/\/jornalfatosenoticias.com.br\/index.php\/2025\/03\/06\/neurociencia-o-lobo-parietal-e-sua-importancia-na-aprendizagem\/\",\"url\":\"https:\/\/jornalfatosenoticias.com.br\/index.php\/2025\/03\/06\/neurociencia-o-lobo-parietal-e-sua-importancia-na-aprendizagem\/\",\"name\":\"Neuroci\u00eancia: o lobo parietal e sua import\u00e2ncia na aprendizagem - Jornal Fatos e Not\u00edcias\",\"isPartOf\":{\"@id\":\"https:\/\/jornalfatosenoticias.com.br\/#website\"},\"primaryImageOfPage\":{\"@id\":\"https:\/\/jornalfatosenoticias.com.br\/index.php\/2025\/03\/06\/neurociencia-o-lobo-parietal-e-sua-importancia-na-aprendizagem\/#primaryimage\"},\"image\":{\"@id\":\"https:\/\/jornalfatosenoticias.com.br\/index.php\/2025\/03\/06\/neurociencia-o-lobo-parietal-e-sua-importancia-na-aprendizagem\/#primaryimage\"},\"thumbnailUrl\":\"https:\/\/jornalfatosenoticias.com.br\/wp-content\/uploads\/2025\/03\/lobo-parietal.jpg\",\"datePublished\":\"2025-03-06T19:33:34+00:00\",\"dateModified\":\"2025-03-06T19:33:36+00:00\",\"breadcrumb\":{\"@id\":\"https:\/\/jornalfatosenoticias.com.br\/index.php\/2025\/03\/06\/neurociencia-o-lobo-parietal-e-sua-importancia-na-aprendizagem\/#breadcrumb\"},\"inLanguage\":\"pt-BR\",\"potentialAction\":[{\"@type\":\"ReadAction\",\"target\":[\"https:\/\/jornalfatosenoticias.com.br\/index.php\/2025\/03\/06\/neurociencia-o-lobo-parietal-e-sua-importancia-na-aprendizagem\/\"]}]},{\"@type\":\"ImageObject\",\"inLanguage\":\"pt-BR\",\"@id\":\"https:\/\/jornalfatosenoticias.com.br\/index.php\/2025\/03\/06\/neurociencia-o-lobo-parietal-e-sua-importancia-na-aprendizagem\/#primaryimage\",\"url\":\"https:\/\/jornalfatosenoticias.com.br\/wp-content\/uploads\/2025\/03\/lobo-parietal.jpg\",\"contentUrl\":\"https:\/\/jornalfatosenoticias.com.br\/wp-content\/uploads\/2025\/03\/lobo-parietal.jpg\",\"width\":1000,\"height\":625},{\"@type\":\"BreadcrumbList\",\"@id\":\"https:\/\/jornalfatosenoticias.com.br\/index.php\/2025\/03\/06\/neurociencia-o-lobo-parietal-e-sua-importancia-na-aprendizagem\/#breadcrumb\",\"itemListElement\":[{\"@type\":\"ListItem\",\"position\":1,\"name\":\"In\u00edcio\",\"item\":\"https:\/\/jornalfatosenoticias.com.br\/\"},{\"@type\":\"ListItem\",\"position\":2,\"name\":\"Neuroci\u00eancia: o lobo parietal e sua import\u00e2ncia na aprendizagem\"}]},{\"@type\":\"WebSite\",\"@id\":\"https:\/\/jornalfatosenoticias.com.br\/#website\",\"url\":\"https:\/\/jornalfatosenoticias.com.br\/\",\"name\":\"Jornal Fatos e Not\u00edcias\",\"description\":\"Not\u00edcias em geral\",\"publisher\":{\"@id\":\"https:\/\/jornalfatosenoticias.com.br\/#organization\"},\"potentialAction\":[{\"@type\":\"SearchAction\",\"target\":{\"@type\":\"EntryPoint\",\"urlTemplate\":\"https:\/\/jornalfatosenoticias.com.br\/?s={search_term_string}\"},\"query-input\":{\"@type\":\"PropertyValueSpecification\",\"valueRequired\":true,\"valueName\":\"search_term_string\"}}],\"inLanguage\":\"pt-BR\"},{\"@type\":\"Organization\",\"@id\":\"https:\/\/jornalfatosenoticias.com.br\/#organization\",\"name\":\"Jornal Fatos e Not\u00edcias\",\"url\":\"https:\/\/jornalfatosenoticias.com.br\/\",\"logo\":{\"@type\":\"ImageObject\",\"inLanguage\":\"pt-BR\",\"@id\":\"https:\/\/jornalfatosenoticias.com.br\/#\/schema\/logo\/image\/\",\"url\":\"https:\/\/jornalfatosenoticias.com.br\/wp-content\/uploads\/2020\/02\/logo120.png\",\"contentUrl\":\"https:\/\/jornalfatosenoticias.com.br\/wp-content\/uploads\/2020\/02\/logo120.png\",\"width\":1227,\"height\":120,\"caption\":\"Jornal Fatos e Not\u00edcias\"},\"image\":{\"@id\":\"https:\/\/jornalfatosenoticias.com.br\/#\/schema\/logo\/image\/\"}},{\"@type\":\"Person\",\"@id\":\"https:\/\/jornalfatosenoticias.com.br\/#\/schema\/person\/4a992c9d5e2ea219b74162b89d96b273\",\"name\":\"L\u00e9ia Flauzina\",\"image\":{\"@type\":\"ImageObject\",\"inLanguage\":\"pt-BR\",\"@id\":\"https:\/\/jornalfatosenoticias.com.br\/#\/schema\/person\/image\/\",\"url\":\"https:\/\/jornalfatosenoticias.com.br\/wp-content\/uploads\/2024\/02\/Leia_Flauzina-removebg-preview-150x150.png\",\"contentUrl\":\"https:\/\/jornalfatosenoticias.com.br\/wp-content\/uploads\/2024\/02\/Leia_Flauzina-removebg-preview-150x150.png\",\"caption\":\"L\u00e9ia Flauzina\"},\"description\":\"Psicopedagoga, Neuropsicopedagoga, Especialista em Autismo, Neuroci\u00eancia, Aprendizagem e Mestre em Educa\u00e7\u00e3o, Escritora, Palestrante e Neuroterapeuta\",\"url\":\"https:\/\/jornalfatosenoticias.com.br\/index.php\/author\/leia-flauzina\/\"}]}<\/script>\n<!-- \/ Yoast SEO plugin. -->","yoast_head_json":{"title":"Neuroci\u00eancia: o lobo parietal e sua import\u00e2ncia na aprendizagem - Jornal Fatos e Not\u00edcias","robots":{"index":"index","follow":"follow","max-snippet":"max-snippet:-1","max-image-preview":"max-image-preview:large","max-video-preview":"max-video-preview:-1"},"canonical":"https:\/\/jornalfatosenoticias.com.br\/index.php\/2025\/03\/06\/neurociencia-o-lobo-parietal-e-sua-importancia-na-aprendizagem\/","og_locale":"pt_BR","og_type":"article","og_title":"Neuroci\u00eancia: o lobo parietal e sua import\u00e2ncia na aprendizagem - Jornal Fatos e Not\u00edcias","og_description":"O lobo parietal \u00e9 uma regi\u00e3o do c\u00e9rebro que desempenha um papel importante na aprendizagem, pois processa informa\u00e7\u00f5es sensoriais e cogni\u00e7\u00e3o espacial. O lobo parietal est\u00e1 localizado entre os lobos frontal e occipital. O lobo parietal est\u00e1 envolvido na percep\u00e7\u00e3o de sensa\u00e7\u00f5es como o toque, a temperatura, a dor e a propriocep\u00e7\u00e3o, assim como na [&hellip;]","og_url":"https:\/\/jornalfatosenoticias.com.br\/index.php\/2025\/03\/06\/neurociencia-o-lobo-parietal-e-sua-importancia-na-aprendizagem\/","og_site_name":"Jornal Fatos e Not\u00edcias","article_published_time":"2025-03-06T19:33:34+00:00","article_modified_time":"2025-03-06T19:33:36+00:00","og_image":[{"width":1000,"height":625,"url":"https:\/\/jornalfatosenoticias.com.br\/wp-content\/uploads\/2025\/03\/lobo-parietal.jpg","type":"image\/jpeg"}],"author":"L\u00e9ia Flauzina","twitter_card":"summary_large_image","twitter_misc":{"Escrito por":"L\u00e9ia Flauzina","Est. tempo de leitura":"4 minutos"},"schema":{"@context":"https:\/\/schema.org","@graph":[{"@type":"Article","@id":"https:\/\/jornalfatosenoticias.com.br\/index.php\/2025\/03\/06\/neurociencia-o-lobo-parietal-e-sua-importancia-na-aprendizagem\/#article","isPartOf":{"@id":"https:\/\/jornalfatosenoticias.com.br\/index.php\/2025\/03\/06\/neurociencia-o-lobo-parietal-e-sua-importancia-na-aprendizagem\/"},"author":{"name":"L\u00e9ia Flauzina","@id":"https:\/\/jornalfatosenoticias.com.br\/#\/schema\/person\/4a992c9d5e2ea219b74162b89d96b273"},"headline":"Neuroci\u00eancia: o lobo parietal e sua import\u00e2ncia na aprendizagem","datePublished":"2025-03-06T19:33:34+00:00","dateModified":"2025-03-06T19:33:36+00:00","mainEntityOfPage":{"@id":"https:\/\/jornalfatosenoticias.com.br\/index.php\/2025\/03\/06\/neurociencia-o-lobo-parietal-e-sua-importancia-na-aprendizagem\/"},"wordCount":879,"commentCount":0,"publisher":{"@id":"https:\/\/jornalfatosenoticias.com.br\/#organization"},"image":{"@id":"https:\/\/jornalfatosenoticias.com.br\/index.php\/2025\/03\/06\/neurociencia-o-lobo-parietal-e-sua-importancia-na-aprendizagem\/#primaryimage"},"thumbnailUrl":"https:\/\/jornalfatosenoticias.com.br\/wp-content\/uploads\/2025\/03\/lobo-parietal.jpg","keywords":["aprendizagem","cogni\u00e7\u00e3o espacial","lobo parietal","neuroci\u00eancia","percep\u00e7\u00e3o auditiva","percep\u00e7\u00e3o visual"],"articleSection":["Educa\u00e7\u00e3o"],"inLanguage":"pt-BR","potentialAction":[{"@type":"CommentAction","name":"Comment","target":["https:\/\/jornalfatosenoticias.com.br\/index.php\/2025\/03\/06\/neurociencia-o-lobo-parietal-e-sua-importancia-na-aprendizagem\/#respond"]}]},{"@type":"WebPage","@id":"https:\/\/jornalfatosenoticias.com.br\/index.php\/2025\/03\/06\/neurociencia-o-lobo-parietal-e-sua-importancia-na-aprendizagem\/","url":"https:\/\/jornalfatosenoticias.com.br\/index.php\/2025\/03\/06\/neurociencia-o-lobo-parietal-e-sua-importancia-na-aprendizagem\/","name":"Neuroci\u00eancia: o lobo parietal e sua import\u00e2ncia na aprendizagem - Jornal Fatos e Not\u00edcias","isPartOf":{"@id":"https:\/\/jornalfatosenoticias.com.br\/#website"},"primaryImageOfPage":{"@id":"https:\/\/jornalfatosenoticias.com.br\/index.php\/2025\/03\/06\/neurociencia-o-lobo-parietal-e-sua-importancia-na-aprendizagem\/#primaryimage"},"image":{"@id":"https:\/\/jornalfatosenoticias.com.br\/index.php\/2025\/03\/06\/neurociencia-o-lobo-parietal-e-sua-importancia-na-aprendizagem\/#primaryimage"},"thumbnailUrl":"https:\/\/jornalfatosenoticias.com.br\/wp-content\/uploads\/2025\/03\/lobo-parietal.jpg","datePublished":"2025-03-06T19:33:34+00:00","dateModified":"2025-03-06T19:33:36+00:00","breadcrumb":{"@id":"https:\/\/jornalfatosenoticias.com.br\/index.php\/2025\/03\/06\/neurociencia-o-lobo-parietal-e-sua-importancia-na-aprendizagem\/#breadcrumb"},"inLanguage":"pt-BR","potentialAction":[{"@type":"ReadAction","target":["https:\/\/jornalfatosenoticias.com.br\/index.php\/2025\/03\/06\/neurociencia-o-lobo-parietal-e-sua-importancia-na-aprendizagem\/"]}]},{"@type":"ImageObject","inLanguage":"pt-BR","@id":"https:\/\/jornalfatosenoticias.com.br\/index.php\/2025\/03\/06\/neurociencia-o-lobo-parietal-e-sua-importancia-na-aprendizagem\/#primaryimage","url":"https:\/\/jornalfatosenoticias.com.br\/wp-content\/uploads\/2025\/03\/lobo-parietal.jpg","contentUrl":"https:\/\/jornalfatosenoticias.com.br\/wp-content\/uploads\/2025\/03\/lobo-parietal.jpg","width":1000,"height":625},{"@type":"BreadcrumbList","@id":"https:\/\/jornalfatosenoticias.com.br\/index.php\/2025\/03\/06\/neurociencia-o-lobo-parietal-e-sua-importancia-na-aprendizagem\/#breadcrumb","itemListElement":[{"@type":"ListItem","position":1,"name":"In\u00edcio","item":"https:\/\/jornalfatosenoticias.com.br\/"},{"@type":"ListItem","position":2,"name":"Neuroci\u00eancia: o lobo parietal e sua import\u00e2ncia na aprendizagem"}]},{"@type":"WebSite","@id":"https:\/\/jornalfatosenoticias.com.br\/#website","url":"https:\/\/jornalfatosenoticias.com.br\/","name":"Jornal Fatos e Not\u00edcias","description":"Not\u00edcias em geral","publisher":{"@id":"https:\/\/jornalfatosenoticias.com.br\/#organization"},"potentialAction":[{"@type":"SearchAction","target":{"@type":"EntryPoint","urlTemplate":"https:\/\/jornalfatosenoticias.com.br\/?s={search_term_string}"},"query-input":{"@type":"PropertyValueSpecification","valueRequired":true,"valueName":"search_term_string"}}],"inLanguage":"pt-BR"},{"@type":"Organization","@id":"https:\/\/jornalfatosenoticias.com.br\/#organization","name":"Jornal Fatos e Not\u00edcias","url":"https:\/\/jornalfatosenoticias.com.br\/","logo":{"@type":"ImageObject","inLanguage":"pt-BR","@id":"https:\/\/jornalfatosenoticias.com.br\/#\/schema\/logo\/image\/","url":"https:\/\/jornalfatosenoticias.com.br\/wp-content\/uploads\/2020\/02\/logo120.png","contentUrl":"https:\/\/jornalfatosenoticias.com.br\/wp-content\/uploads\/2020\/02\/logo120.png","width":1227,"height":120,"caption":"Jornal Fatos e Not\u00edcias"},"image":{"@id":"https:\/\/jornalfatosenoticias.com.br\/#\/schema\/logo\/image\/"}},{"@type":"Person","@id":"https:\/\/jornalfatosenoticias.com.br\/#\/schema\/person\/4a992c9d5e2ea219b74162b89d96b273","name":"L\u00e9ia Flauzina","image":{"@type":"ImageObject","inLanguage":"pt-BR","@id":"https:\/\/jornalfatosenoticias.com.br\/#\/schema\/person\/image\/","url":"https:\/\/jornalfatosenoticias.com.br\/wp-content\/uploads\/2024\/02\/Leia_Flauzina-removebg-preview-150x150.png","contentUrl":"https:\/\/jornalfatosenoticias.com.br\/wp-content\/uploads\/2024\/02\/Leia_Flauzina-removebg-preview-150x150.png","caption":"L\u00e9ia Flauzina"},"description":"Psicopedagoga, Neuropsicopedagoga, Especialista em Autismo, Neuroci\u00eancia, Aprendizagem e Mestre em Educa\u00e7\u00e3o, Escritora, Palestrante e Neuroterapeuta","url":"https:\/\/jornalfatosenoticias.com.br\/index.php\/author\/leia-flauzina\/"}]}},"cc_featured_image_caption":{"caption_text":"","source_text":"","source_url":""},"jetpack_featured_media_url":"https:\/\/jornalfatosenoticias.com.br\/wp-content\/uploads\/2025\/03\/lobo-parietal.jpg","_links":{"self":[{"href":"https:\/\/jornalfatosenoticias.com.br\/index.php\/wp-json\/wp\/v2\/posts\/57482","targetHints":{"allow":["GET"]}}],"collection":[{"href":"https:\/\/jornalfatosenoticias.com.br\/index.php\/wp-json\/wp\/v2\/posts"}],"about":[{"href":"https:\/\/jornalfatosenoticias.com.br\/index.php\/wp-json\/wp\/v2\/types\/post"}],"author":[{"embeddable":true,"href":"https:\/\/jornalfatosenoticias.com.br\/index.php\/wp-json\/wp\/v2\/users\/35"}],"replies":[{"embeddable":true,"href":"https:\/\/jornalfatosenoticias.com.br\/index.php\/wp-json\/wp\/v2\/comments?post=57482"}],"version-history":[{"count":0,"href":"https:\/\/jornalfatosenoticias.com.br\/index.php\/wp-json\/wp\/v2\/posts\/57482\/revisions"}],"wp:featuredmedia":[{"embeddable":true,"href":"https:\/\/jornalfatosenoticias.com.br\/index.php\/wp-json\/wp\/v2\/media\/57483"}],"wp:attachment":[{"href":"https:\/\/jornalfatosenoticias.com.br\/index.php\/wp-json\/wp\/v2\/media?parent=57482"}],"wp:term":[{"taxonomy":"category","embeddable":true,"href":"https:\/\/jornalfatosenoticias.com.br\/index.php\/wp-json\/wp\/v2\/categories?post=57482"},{"taxonomy":"post_tag","embeddable":true,"href":"https:\/\/jornalfatosenoticias.com.br\/index.php\/wp-json\/wp\/v2\/tags?post=57482"}],"curies":[{"name":"wp","href":"https:\/\/api.w.org\/{rel}","templated":true}]}}