{"id":57496,"date":"2025-03-06T17:11:04","date_gmt":"2025-03-06T20:11:04","guid":{"rendered":"https:\/\/jornalfatosenoticias.com.br\/?p=57496"},"modified":"2026-03-02T10:07:15","modified_gmt":"2026-03-02T13:07:15","slug":"o-modal-viario-e-o-desenvolvimento-economico-do-es","status":"publish","type":"post","link":"https:\/\/jornalfatosenoticias.com.br\/index.php\/2025\/03\/06\/o-modal-viario-e-o-desenvolvimento-economico-do-es\/","title":{"rendered":"O modal vi\u00e1rio e o desenvolvimento econ\u00f4mico do ES"},"content":{"rendered":"\n<p><span class=\"has-inline-color has-black-color\"><em>Entrevista com Luiz Alberto Teixeira, presidente do Sindicato das Empresas de Transporte de Cargas e Log\u00edstica do Esp\u00edrito Santo<\/em><\/span><\/p>\n\n\n\n<div class=\"wp-block-image\"><figure class=\"aligncenter size-large\"><a href=\"https:\/\/www.instagram.com\/vmais.midias\/\"><img loading=\"lazy\" decoding=\"async\" width=\"1024\" height=\"110\" src=\"https:\/\/jornalfatosenoticias.com.br\/wp-content\/uploads\/2020\/02\/DE-MAIS-DESTAQUE-VMAIS-1120X120-1024x110.png\" alt=\"\" class=\"wp-image-53110\" srcset=\"https:\/\/jornalfatosenoticias.com.br\/wp-content\/uploads\/2020\/02\/DE-MAIS-DESTAQUE-VMAIS-1120X120-1024x110.png 1024w, https:\/\/jornalfatosenoticias.com.br\/wp-content\/uploads\/2020\/02\/DE-MAIS-DESTAQUE-VMAIS-1120X120-300x32.png 300w, https:\/\/jornalfatosenoticias.com.br\/wp-content\/uploads\/2020\/02\/DE-MAIS-DESTAQUE-VMAIS-1120X120-768x82.png 768w, https:\/\/jornalfatosenoticias.com.br\/wp-content\/uploads\/2020\/02\/DE-MAIS-DESTAQUE-VMAIS-1120X120.png 1120w\" sizes=\"auto, (max-width: 1024px) 100vw, 1024px\" \/><\/a><\/figure><\/div>\n\n\n\n<p>O setor de transportes sempre esteve presente como um dos pilares no processo de constru\u00e7\u00e3o e essencial para o desenvolvimento econ\u00f4mico do pa\u00eds. Para se ter uma ideia da import\u00e2ncia desse setor, hoje, ele \u00e9 respons\u00e1vel por 62% de todos os neg\u00f3cios da ind\u00fastria, do com\u00e9rcio e de servi\u00e7os, segundo o empres\u00e1rio Luiz Alberto Teixeira, presidente do Sindicato das Empresas de Transportes de Cargas e Log\u00edstica do Esp\u00edrito Santo (Transcares), convidado da revista <strong>A\u00c7O 5.0BR (Fatos &amp; Not\u00edcias)<\/strong> para falar um pouco dos entraves que o setor enfrenta nesse momento t\u00e3o importante no desenvolvimento portu\u00e1rio e industrial do Esp\u00edrito Santo.<\/p>\n\n\n\n<div class=\"wp-block-image\"><figure class=\"aligncenter size-large is-resized\"><a href=\"https:\/\/www.instagram.com\/rcradiadores\/\"><img loading=\"lazy\" decoding=\"async\" src=\"https:\/\/jornalfatosenoticias.com.br\/wp-content\/uploads\/2022\/10\/RC_800x750_page-0001.jpg\" alt=\"\" class=\"wp-image-35338\" width=\"325\" height=\"305\" srcset=\"https:\/\/jornalfatosenoticias.com.br\/wp-content\/uploads\/2022\/10\/RC_800x750_page-0001.jpg 400w, https:\/\/jornalfatosenoticias.com.br\/wp-content\/uploads\/2022\/10\/RC_800x750_page-0001-300x281.jpg 300w\" sizes=\"auto, (max-width: 325px) 100vw, 325px\" \/><\/a><\/figure><\/div>\n\n\n\n<p><strong><span class=\"has-inline-color has-black-color\">Qual a participa\u00e7\u00e3o do modal vi\u00e1rio para o desenvolvimento da ind\u00fastria capixaba?<br><\/span><\/strong>O Transcares \u00e9 uma institui\u00e7\u00e3o que representa mais de duas mil empresas de transportes de cargas e log\u00edstica do Esp\u00edrito Santo, setores que t\u00eam uma grande import\u00e2ncia, n\u00e3o s\u00f3 para o nosso Estado, mas, tamb\u00e9m, para o Brasil. Para se ter uma ideia, o setor \u00e9 respons\u00e1vel por 62% de toda movimenta\u00e7\u00e3o da ind\u00fastria, do com\u00e9rcio e de servi\u00e7os do consumidor final, ou seja, mais da metade da economia \u00e9 transportada sobre pneus.<\/p>\n\n\n\n<div class=\"wp-block-image\"><figure class=\"aligncenter size-large\"><a href=\"http:\/\/www.ferrarimaquinas.com.br\/\"><img loading=\"lazy\" decoding=\"async\" width=\"300\" height=\"250\" src=\"https:\/\/jornalfatosenoticias.com.br\/wp-content\/uploads\/2022\/02\/FERRARI_MAQUINAS-E-FERRAMENTAS2.jpg\" alt=\"\" class=\"wp-image-27860\"\/><\/a><\/figure><\/div>\n\n\n\n<p>Por isso, posso dizer que a import\u00e2ncia \u00e9 muito grande. Veja bem, a mat\u00e9ria-prima chega atrav\u00e9s do transporte rodovi\u00e1rio de cargas e o produto acabado sai da ind\u00fastria atrav\u00e9s do transporte rodovi\u00e1rio de cargas. O v\u00ednculo e a import\u00e2ncia do transporte rodovi\u00e1rio para o segmento industrial, n\u00e3o s\u00f3 capixaba, mas para todo o pa\u00eds, s\u00e3o fundamentais.<\/p>\n\n\n\n<div class=\"wp-block-image\"><figure class=\"aligncenter size-large is-resized\"><a href=\"https:\/\/www.instagram.com\/serra4x4cambioautomatico\/\"><img loading=\"lazy\" decoding=\"async\" src=\"https:\/\/jornalfatosenoticias.com.br\/wp-content\/uploads\/2024\/08\/Serra-4x4-1-886x1024.jpg\" alt=\"\" class=\"wp-image-53632\" width=\"311\" height=\"359\" srcset=\"https:\/\/jornalfatosenoticias.com.br\/wp-content\/uploads\/2024\/08\/Serra-4x4-1-886x1024.jpg 886w, https:\/\/jornalfatosenoticias.com.br\/wp-content\/uploads\/2024\/08\/Serra-4x4-1-260x300.jpg 260w, https:\/\/jornalfatosenoticias.com.br\/wp-content\/uploads\/2024\/08\/Serra-4x4-1-768x888.jpg 768w, https:\/\/jornalfatosenoticias.com.br\/wp-content\/uploads\/2024\/08\/Serra-4x4-1.jpg 1181w\" sizes=\"auto, (max-width: 311px) 100vw, 311px\" \/><\/a><\/figure><\/div>\n\n\n\n<p><strong><span class=\"has-inline-color has-black-color\">Nossa malha vi\u00e1ria est\u00e1 preparada para receber os grandes investimentos industriais e portu\u00e1rios em andamento?<br><\/span><\/strong>Demonstro uma certa preocupa\u00e7\u00e3o nos processos de privatiza\u00e7\u00e3o das rodovias federais e a malha vi\u00e1ria, t\u00e3o necess\u00e1rias para atender aos grandes projetos portu\u00e1rios em andamento, que tem o Estado como respons\u00e1vel. Podemos pegar como exemplo a BR-101, que foi licitada e privatizada em 2012 para duplica\u00e7\u00e3o dos seus 490 km, da divisa do Rio de Janeiro at\u00e9 a divisa da Bahia e, at\u00e9 hoje, apenas 82 km foram duplicados, isso treze anos depois de sua privatiza\u00e7\u00e3o.<\/p>\n\n\n\n<div class=\"wp-block-image\"><figure class=\"aligncenter size-large is-resized\"><a href=\"https:\/\/www.facebook.com\/postobkr\/?locale=pt_BR\"><img loading=\"lazy\" decoding=\"async\" src=\"https:\/\/jornalfatosenoticias.com.br\/wp-content\/uploads\/2023\/08\/BKR-1024x1021.jpg\" alt=\"\" class=\"wp-image-44494\" width=\"337\" height=\"336\" srcset=\"https:\/\/jornalfatosenoticias.com.br\/wp-content\/uploads\/2023\/08\/BKR-1024x1021.jpg 1024w, https:\/\/jornalfatosenoticias.com.br\/wp-content\/uploads\/2023\/08\/BKR-300x300.jpg 300w, https:\/\/jornalfatosenoticias.com.br\/wp-content\/uploads\/2023\/08\/BKR-150x150.jpg 150w, https:\/\/jornalfatosenoticias.com.br\/wp-content\/uploads\/2023\/08\/BKR-768x766.jpg 768w, https:\/\/jornalfatosenoticias.com.br\/wp-content\/uploads\/2023\/08\/BKR.jpg 1080w\" sizes=\"auto, (max-width: 337px) 100vw, 337px\" \/><\/a><\/figure><\/div>\n\n\n\n<p><strong><span class=\"has-inline-color has-black-color\">O senhor citou a BR-101, e para BR-262, o que falta?<br><\/span><\/strong>A privatiza\u00e7\u00e3o da BR-262 ainda n\u00e3o deu certo devido ao seu tra\u00e7ado t\u00e3o sinuoso e desafiador, mas est\u00e1 surgindo o projeto de outra pista, com trajeto diferente da BR-262, que ter\u00e1 a mesma fun\u00e7\u00e3o. A diferen\u00e7a \u00e9 que essa nova pista subir\u00e1 da BR-101 at\u00e9 Belo Horizonte, uma nova alternativa para propor \u00e0s empresas que participar\u00e3o da pr\u00f3xima licita\u00e7\u00e3o de privatiza\u00e7\u00e3o da BR-262, a grande liga\u00e7\u00e3o do Centro-Oeste com o Esp\u00edrito Santo.<\/p>\n\n\n\n<div class=\"wp-block-image\"><figure class=\"aligncenter size-large is-resized\"><a href=\"https:\/\/www.controlsystems.com.br\/\"><img loading=\"lazy\" decoding=\"async\" src=\"https:\/\/jornalfatosenoticias.com.br\/wp-content\/uploads\/2020\/02\/CONTROL-CS.jpg\" alt=\"\" class=\"wp-image-44991\" width=\"301\" height=\"361\" srcset=\"https:\/\/jornalfatosenoticias.com.br\/wp-content\/uploads\/2020\/02\/CONTROL-CS.jpg 834w, https:\/\/jornalfatosenoticias.com.br\/wp-content\/uploads\/2020\/02\/CONTROL-CS-250x300.jpg 250w, https:\/\/jornalfatosenoticias.com.br\/wp-content\/uploads\/2020\/02\/CONTROL-CS-768x921.jpg 768w\" sizes=\"auto, (max-width: 301px) 100vw, 301px\" \/><\/a><\/figure><\/div>\n\n\n\n<p>Outra op\u00e7\u00e3o muito boa para o transporte de cargas e log\u00edstica \u00e9 a BR-259, que tem o prop\u00f3sito de ligar o Centro-Oeste de Minas Gerais ao Esp\u00edrito Santo, na sua primeira etapa. Saindo de Jo\u00e3o Neiva, ela atravessa Colatina e entra em Minas Gerais. E, uma vez que chegue ao Centro-Oeste mineiro, ser\u00e1 f\u00e1cil conseguirmos chegar aos estados vizinhos. Isso sem falar na grande oportunidade de fazer o Esp\u00edrito Santo ter duas sa\u00eddas transversais \u00e0 BR-101, ligando o Brasil conosco via Minas Gerais. Outro motivo que faz da BR 259 uma boa op\u00e7\u00e3o \u00e9 o fato de se tratar de uma malha mais f\u00e1cil e com obras de engenharia muito mais barata e que j\u00e1 foi analisada. O Transcares vem acompanhando e cobrando do governo estadual.<\/p>\n\n\n\n<div class=\"wp-block-image\"><figure class=\"aligncenter size-large is-resized\"><a href=\"https:\/\/www.facebook.com\/profile.php?id=100069289606145\"><img loading=\"lazy\" decoding=\"async\" src=\"https:\/\/jornalfatosenoticias.com.br\/wp-content\/uploads\/2024\/11\/Guaitolini-Contabilidade-1024x714.jpeg\" alt=\"\" class=\"wp-image-55808\" width=\"349\" height=\"243\" srcset=\"https:\/\/jornalfatosenoticias.com.br\/wp-content\/uploads\/2024\/11\/Guaitolini-Contabilidade-1024x714.jpeg 1024w, https:\/\/jornalfatosenoticias.com.br\/wp-content\/uploads\/2024\/11\/Guaitolini-Contabilidade-300x209.jpeg 300w, https:\/\/jornalfatosenoticias.com.br\/wp-content\/uploads\/2024\/11\/Guaitolini-Contabilidade-768x535.jpeg 768w, https:\/\/jornalfatosenoticias.com.br\/wp-content\/uploads\/2024\/11\/Guaitolini-Contabilidade.jpeg 1280w\" sizes=\"auto, (max-width: 349px) 100vw, 349px\" \/><\/a><\/figure><\/div>\n\n\n\n<p><strong><span class=\"has-inline-color has-black-color\">Quais outros investimentos essenciais o senhor citaria?<br><\/span><\/strong>Temos a ES-115, em Civit II, no munic\u00edpio da Serra, estrada que vai at\u00e9 Aracruz. Essa \u00e9 uma obra em pleno andamento, que inclui terraplanagem, pavimenta\u00e7\u00e3o, drenagem e viadutos. Este ano, ser\u00e1 entregue essa pista dupla at\u00e9 Nova Almeida e, em 2026, de Nova Almeida a Aracruz. Tamb\u00e9m conhecida como Contorno de Jacara\u00edpe, visa desafogar o tr\u00e2nsito da ES-010. Com o in\u00edcio da opera\u00e7\u00e3o, a ES-010, que norteia \u00e0 beira-mar, ser\u00e1 voltada para o turismo.<\/p>\n\n\n\n<div class=\"wp-block-image\"><figure class=\"aligncenter size-large is-resized\"><a href=\"https:\/\/panper.com.br\/\"><img loading=\"lazy\" decoding=\"async\" src=\"https:\/\/jornalfatosenoticias.com.br\/wp-content\/uploads\/2023\/03\/logo-Panper_portal.jpg\" alt=\"\" class=\"wp-image-40208\" width=\"332\" height=\"230\" srcset=\"https:\/\/jornalfatosenoticias.com.br\/wp-content\/uploads\/2023\/03\/logo-Panper_portal.jpg 400w, https:\/\/jornalfatosenoticias.com.br\/wp-content\/uploads\/2023\/03\/logo-Panper_portal-300x208.jpg 300w\" sizes=\"auto, (max-width: 332px) 100vw, 332px\" \/><\/a><\/figure><\/div>\n\n\n\n<p>Friso bem a import\u00e2ncia desses investimentos porque est\u00e3o saindo terminais portu\u00e1rios e os maiores da Am\u00e9rica Latina est\u00e3o em Aracruz. A Imetame vai entregar, at\u00e9 o final desse ano, um porto com o maior calado do pa\u00eds, chegando a 17 metros de profundidade; onde os grandes navios do mundo, que nunca puderam frequentar essa faixa da Am\u00e9rica do Sul, v\u00e3o poder atracar em Aracruz.<br>Isso \u00e9 um <em>boom<\/em> que a gente n\u00e3o imagina o tamanho, \u00e9 simplesmente uma coisa fant\u00e1stica! E as rodovias que precisam alimentar tudo isso? A malha vi\u00e1ria tem que andar na mesma velocidade, com a mesma passada dos projetos portu\u00e1rios.<br>A Seatrium Aracruz (Jurong) est\u00e1 dobrando de tamanho, a Portocel e a Imetame est\u00e3o construindo, e as opera\u00e7\u00f5es disso tudo se tornam muito mais complexas. Precisamos de vias duplas da BR-101 aos portos de Aracruz, de Presidente Kennedy e de S\u00e3o Mateus, caso contr\u00e1rio, essas opera\u00e7\u00f5es estariam comprometidas.<\/p>\n\n\n\n<div class=\"wp-block-image\"><figure class=\"aligncenter size-large\"><img loading=\"lazy\" decoding=\"async\" width=\"996\" height=\"558\" src=\"https:\/\/jornalfatosenoticias.com.br\/wp-content\/uploads\/2025\/03\/transcares_freepik_gerada-com-IA.jpg\" alt=\"\" class=\"wp-image-57497\" srcset=\"https:\/\/jornalfatosenoticias.com.br\/wp-content\/uploads\/2025\/03\/transcares_freepik_gerada-com-IA.jpg 996w, https:\/\/jornalfatosenoticias.com.br\/wp-content\/uploads\/2025\/03\/transcares_freepik_gerada-com-IA-300x168.jpg 300w, https:\/\/jornalfatosenoticias.com.br\/wp-content\/uploads\/2025\/03\/transcares_freepik_gerada-com-IA-768x430.jpg 768w\" sizes=\"auto, (max-width: 996px) 100vw, 996px\" \/><figcaption><em><span class=\"has-inline-color has-black-color\">O transporte rodovi\u00e1rio \u00e9 respons\u00e1vel pelo deslocamento de 65% das cargas e de 95% dos passageiros no pa\u00eds (Foto: Freepik\/Gerada com IA) <\/span><\/em><\/figcaption><\/figure><\/div>\n\n\n\n<p><strong><span class=\"has-inline-color has-black-color\">O senhor se diz preocupado como as privatiza\u00e7\u00f5es das rodovias federais, mas o Estado vem cumprindo com sua parte nesse processo?<br><\/span><\/strong>O Estado do Esp\u00edrito Santo est\u00e1 num bom momento, temos tudo para ser um grande polo log\u00edstico do pa\u00eds. Nossa posi\u00e7\u00e3o geogr\u00e1fica \u00e9 favor\u00e1vel, estamos a 1.100km de 72% de todo PIB nacional, num pa\u00eds dessa dimens\u00e3o, perto de Salvador, S\u00e3o Paulo, Rio de Janeiro e Belo Horizonte.<br>Com estruturas de vias que alimentem esses grandes centros produtores para desovar mercadorias aqui no nosso Estado para exportar para o mundo, sem d\u00favida nenhuma, o Esp\u00edrito Santo pode ser tornar o maior polo log\u00edstico da Am\u00e9rica Latina.<\/p>\n\n\n\n<div class=\"wp-block-image\"><figure class=\"aligncenter size-large\"><a href=\"https:\/\/cesconetto.com.br\/\"><img loading=\"lazy\" decoding=\"async\" width=\"300\" height=\"250\" src=\"https:\/\/jornalfatosenoticias.com.br\/wp-content\/uploads\/2020\/02\/Banner-2.png\" alt=\"\" class=\"wp-image-43787\"\/><\/a><\/figure><\/div>\n\n\n\n<p>A sinergia entre governos e parcerias p\u00fablico-privadas \u00e9 fundamental. Imagina se o porto da Imetame fica pronto e as rodovias, n\u00e3o? O Estado est\u00e1 saindo um pouco atrasado, mas corre para tentar entregar as vias de sua compet\u00eancia, caso contr\u00e1rio, n\u00e3o valer\u00e1 a pena todo esse investimento, imagina se fizermos as rodovias depois do porto pronto? A di\u00e1ria de um navio \u00e9 car\u00edssima, ele s\u00f3 atraca num porto se tiver certeza que vai descarregar e carregar no tempo previsto.<\/p>\n\n\n\n<div class=\"wp-block-image\"><figure class=\"aligncenter size-large is-resized\"><a href=\"https:\/\/www.facebook.com\/vetor.vix\/\"><img loading=\"lazy\" decoding=\"async\" src=\"https:\/\/jornalfatosenoticias.com.br\/wp-content\/uploads\/2023\/09\/vetorvix1024_1.jpg\" alt=\"\" class=\"wp-image-44868\" width=\"573\" height=\"152\" srcset=\"https:\/\/jornalfatosenoticias.com.br\/wp-content\/uploads\/2023\/09\/vetorvix1024_1.jpg 1024w, https:\/\/jornalfatosenoticias.com.br\/wp-content\/uploads\/2023\/09\/vetorvix1024_1-300x80.jpg 300w, https:\/\/jornalfatosenoticias.com.br\/wp-content\/uploads\/2023\/09\/vetorvix1024_1-768x205.jpg 768w\" sizes=\"auto, (max-width: 573px) 100vw, 573px\" \/><\/a><\/figure><\/div>\n\n\n\n<p><strong><span class=\"has-inline-color has-black-color\">Para finalizar, como a tecnologia est\u00e1 sendo utilizada no setor?<br><\/span><\/strong>A tecnologia tem se mostrado uma aliada no enfrentamento desses desafios no transporte rodovi\u00e1rio. O faturamento, a movimenta\u00e7\u00e3o, o estoque, o controle, tudo isso acontece com tecnologia. S\u00e3o sistemas e programas que ajudam muito no desenvolvimento da log\u00edstica. A intelig\u00eancia artificial est\u00e1 vindo com tudo para facilitar em controles e movimenta\u00e7\u00f5es dentro de grandes terminais log\u00edsticos.<br>Na seguran\u00e7a, ela rastreia o caminh\u00e3o, diz sua localiza\u00e7\u00e3o, quanto tempo ficou parado, para o equipamento at\u00e9 que chegue um socorro. Essa concorr\u00eancia de tecnologia \u00e9 muito gostosa para a evolu\u00e7\u00e3o de todos n\u00f3s.<\/p>\n\n\n\n<div class=\"wp-block-image\"><figure class=\"aligncenter size-large is-resized\"><a href=\"https:\/\/www.ithbrasil.com.br\/\"><img loading=\"lazy\" decoding=\"async\" src=\"https:\/\/jornalfatosenoticias.com.br\/wp-content\/uploads\/2023\/08\/ITH.jpeg\" alt=\"\" class=\"wp-image-44638\" width=\"295\" height=\"240\" srcset=\"https:\/\/jornalfatosenoticias.com.br\/wp-content\/uploads\/2023\/08\/ITH.jpeg 800w, https:\/\/jornalfatosenoticias.com.br\/wp-content\/uploads\/2023\/08\/ITH-300x244.jpeg 300w, https:\/\/jornalfatosenoticias.com.br\/wp-content\/uploads\/2023\/08\/ITH-768x624.jpeg 768w\" sizes=\"auto, (max-width: 295px) 100vw, 295px\" \/><\/a><\/figure><\/div>\n\n\n\n<p>Concluo dizendo que o Esp\u00edrito Santo vive um momento muito bom, precisa apenas se adequar aos projetos. O munic\u00edpio de Aracruz mostra isso muito bem, olha o boom portu\u00e1rio daquela regi\u00e3o, s\u00e3o investimentos que trar\u00e3o fornecedores de diversos produtos, muitas empresas, armaz\u00e9ns log\u00edsticos, movimenta\u00e7\u00e3o de cont\u00eaineres com produtos de importa\u00e7\u00e3o e exporta\u00e7\u00e3o, mas, para que tudo aconte\u00e7a, precisamos estar alguns passos \u00e0 frente.<\/p>\n","protected":false},"excerpt":{"rendered":"<p>Entrevista com Luiz Alberto Teixeira, presidente do Sindicato das Empresas de Transporte de Cargas e Log\u00edstica do Esp\u00edrito Santo O setor de transportes sempre esteve presente como um dos pilares no processo de constru\u00e7\u00e3o e essencial para o desenvolvimento econ\u00f4mico do pa\u00eds. Para se ter uma ideia da import\u00e2ncia desse setor, hoje, ele \u00e9 respons\u00e1vel [&hellip;]<\/p>\n","protected":false},"author":3,"featured_media":57499,"comment_status":"open","ping_status":"open","sticky":false,"template":"","format":"standard","meta":{"footnotes":""},"categories":[9],"tags":[21572,100,2730,26242,26243,26241,25893],"class_list":["post-57496","post","type-post","status-publish","format-standard","has-post-thumbnail","hentry","category-economia","tag-desenvolvimento-economico-do-es","tag-espirito-santo","tag-logistica","tag-modal-viario","tag-terminais-logisticos","tag-transcares","tag-transporte-rodoviario"],"yoast_head":"<!-- This site is optimized with the Yoast SEO plugin v26.5 - https:\/\/yoast.com\/wordpress\/plugins\/seo\/ -->\n<title>O modal vi\u00e1rio e o desenvolvimento econ\u00f4mico do ES - Jornal Fatos e Not\u00edcias<\/title>\n<meta name=\"robots\" content=\"index, follow, max-snippet:-1, max-image-preview:large, max-video-preview:-1\" \/>\n<link rel=\"canonical\" href=\"https:\/\/jornalfatosenoticias.com.br\/index.php\/2025\/03\/06\/o-modal-viario-e-o-desenvolvimento-economico-do-es\/\" \/>\n<meta property=\"og:locale\" content=\"pt_BR\" \/>\n<meta property=\"og:type\" content=\"article\" \/>\n<meta property=\"og:title\" content=\"O modal vi\u00e1rio e o desenvolvimento econ\u00f4mico do ES - Jornal Fatos e Not\u00edcias\" \/>\n<meta property=\"og:description\" content=\"Entrevista com Luiz Alberto Teixeira, presidente do Sindicato das Empresas de Transporte de Cargas e Log\u00edstica do Esp\u00edrito Santo O setor de transportes sempre esteve presente como um dos pilares no processo de constru\u00e7\u00e3o e essencial para o desenvolvimento econ\u00f4mico do pa\u00eds. Para se ter uma ideia da import\u00e2ncia desse setor, hoje, ele \u00e9 respons\u00e1vel [&hellip;]\" \/>\n<meta property=\"og:url\" content=\"https:\/\/jornalfatosenoticias.com.br\/index.php\/2025\/03\/06\/o-modal-viario-e-o-desenvolvimento-economico-do-es\/\" \/>\n<meta property=\"og:site_name\" content=\"Jornal Fatos e Not\u00edcias\" \/>\n<meta property=\"article:published_time\" content=\"2025-03-06T20:11:04+00:00\" \/>\n<meta property=\"article:modified_time\" content=\"2026-03-02T13:07:15+00:00\" \/>\n<meta property=\"og:image\" content=\"https:\/\/jornalfatosenoticias.com.br\/wp-content\/uploads\/2025\/03\/Carlos-Alberto_transcares_Portal.jpg\" \/>\n\t<meta property=\"og:image:width\" content=\"663\" \/>\n\t<meta property=\"og:image:height\" content=\"645\" \/>\n\t<meta property=\"og:image:type\" content=\"image\/jpeg\" \/>\n<meta name=\"author\" content=\"Haroldo Filho\" \/>\n<meta name=\"twitter:card\" content=\"summary_large_image\" \/>\n<meta name=\"twitter:label1\" content=\"Escrito por\" \/>\n\t<meta name=\"twitter:data1\" content=\"Haroldo Filho\" \/>\n\t<meta name=\"twitter:label2\" content=\"Est. tempo de leitura\" \/>\n\t<meta name=\"twitter:data2\" content=\"10 minutos\" \/>\n<script type=\"application\/ld+json\" class=\"yoast-schema-graph\">{\"@context\":\"https:\/\/schema.org\",\"@graph\":[{\"@type\":\"Article\",\"@id\":\"https:\/\/jornalfatosenoticias.com.br\/index.php\/2025\/03\/06\/o-modal-viario-e-o-desenvolvimento-economico-do-es\/#article\",\"isPartOf\":{\"@id\":\"https:\/\/jornalfatosenoticias.com.br\/index.php\/2025\/03\/06\/o-modal-viario-e-o-desenvolvimento-economico-do-es\/\"},\"author\":{\"name\":\"Haroldo Filho\",\"@id\":\"https:\/\/jornalfatosenoticias.com.br\/#\/schema\/person\/05c46cc25b42a5c27e004fb0fa6b4965\"},\"headline\":\"O modal vi\u00e1rio e o desenvolvimento econ\u00f4mico do ES\",\"datePublished\":\"2025-03-06T20:11:04+00:00\",\"dateModified\":\"2026-03-02T13:07:15+00:00\",\"mainEntityOfPage\":{\"@id\":\"https:\/\/jornalfatosenoticias.com.br\/index.php\/2025\/03\/06\/o-modal-viario-e-o-desenvolvimento-economico-do-es\/\"},\"wordCount\":1301,\"commentCount\":0,\"publisher\":{\"@id\":\"https:\/\/jornalfatosenoticias.com.br\/#organization\"},\"image\":{\"@id\":\"https:\/\/jornalfatosenoticias.com.br\/index.php\/2025\/03\/06\/o-modal-viario-e-o-desenvolvimento-economico-do-es\/#primaryimage\"},\"thumbnailUrl\":\"https:\/\/jornalfatosenoticias.com.br\/wp-content\/uploads\/2025\/03\/Carlos-Alberto_transcares_Portal.jpg\",\"keywords\":[\"desenvolvimento econ\u00f4mico do ES\",\"Esp\u00edrito Santo\",\"log\u00edstica\",\"modal vi\u00e1rio\",\"terminais log\u00edsticos\",\"Transcares\",\"transporte rodovi\u00e1rio\"],\"articleSection\":[\"Economia\"],\"inLanguage\":\"pt-BR\",\"potentialAction\":[{\"@type\":\"CommentAction\",\"name\":\"Comment\",\"target\":[\"https:\/\/jornalfatosenoticias.com.br\/index.php\/2025\/03\/06\/o-modal-viario-e-o-desenvolvimento-economico-do-es\/#respond\"]}]},{\"@type\":\"WebPage\",\"@id\":\"https:\/\/jornalfatosenoticias.com.br\/index.php\/2025\/03\/06\/o-modal-viario-e-o-desenvolvimento-economico-do-es\/\",\"url\":\"https:\/\/jornalfatosenoticias.com.br\/index.php\/2025\/03\/06\/o-modal-viario-e-o-desenvolvimento-economico-do-es\/\",\"name\":\"O modal vi\u00e1rio e o desenvolvimento econ\u00f4mico do ES - Jornal Fatos e Not\u00edcias\",\"isPartOf\":{\"@id\":\"https:\/\/jornalfatosenoticias.com.br\/#website\"},\"primaryImageOfPage\":{\"@id\":\"https:\/\/jornalfatosenoticias.com.br\/index.php\/2025\/03\/06\/o-modal-viario-e-o-desenvolvimento-economico-do-es\/#primaryimage\"},\"image\":{\"@id\":\"https:\/\/jornalfatosenoticias.com.br\/index.php\/2025\/03\/06\/o-modal-viario-e-o-desenvolvimento-economico-do-es\/#primaryimage\"},\"thumbnailUrl\":\"https:\/\/jornalfatosenoticias.com.br\/wp-content\/uploads\/2025\/03\/Carlos-Alberto_transcares_Portal.jpg\",\"datePublished\":\"2025-03-06T20:11:04+00:00\",\"dateModified\":\"2026-03-02T13:07:15+00:00\",\"breadcrumb\":{\"@id\":\"https:\/\/jornalfatosenoticias.com.br\/index.php\/2025\/03\/06\/o-modal-viario-e-o-desenvolvimento-economico-do-es\/#breadcrumb\"},\"inLanguage\":\"pt-BR\",\"potentialAction\":[{\"@type\":\"ReadAction\",\"target\":[\"https:\/\/jornalfatosenoticias.com.br\/index.php\/2025\/03\/06\/o-modal-viario-e-o-desenvolvimento-economico-do-es\/\"]}]},{\"@type\":\"ImageObject\",\"inLanguage\":\"pt-BR\",\"@id\":\"https:\/\/jornalfatosenoticias.com.br\/index.php\/2025\/03\/06\/o-modal-viario-e-o-desenvolvimento-economico-do-es\/#primaryimage\",\"url\":\"https:\/\/jornalfatosenoticias.com.br\/wp-content\/uploads\/2025\/03\/Carlos-Alberto_transcares_Portal.jpg\",\"contentUrl\":\"https:\/\/jornalfatosenoticias.com.br\/wp-content\/uploads\/2025\/03\/Carlos-Alberto_transcares_Portal.jpg\",\"width\":663,\"height\":645},{\"@type\":\"BreadcrumbList\",\"@id\":\"https:\/\/jornalfatosenoticias.com.br\/index.php\/2025\/03\/06\/o-modal-viario-e-o-desenvolvimento-economico-do-es\/#breadcrumb\",\"itemListElement\":[{\"@type\":\"ListItem\",\"position\":1,\"name\":\"In\u00edcio\",\"item\":\"https:\/\/jornalfatosenoticias.com.br\/\"},{\"@type\":\"ListItem\",\"position\":2,\"name\":\"O modal vi\u00e1rio e o desenvolvimento econ\u00f4mico do ES\"}]},{\"@type\":\"WebSite\",\"@id\":\"https:\/\/jornalfatosenoticias.com.br\/#website\",\"url\":\"https:\/\/jornalfatosenoticias.com.br\/\",\"name\":\"Jornal Fatos e Not\u00edcias\",\"description\":\"Not\u00edcias em geral\",\"publisher\":{\"@id\":\"https:\/\/jornalfatosenoticias.com.br\/#organization\"},\"potentialAction\":[{\"@type\":\"SearchAction\",\"target\":{\"@type\":\"EntryPoint\",\"urlTemplate\":\"https:\/\/jornalfatosenoticias.com.br\/?s={search_term_string}\"},\"query-input\":{\"@type\":\"PropertyValueSpecification\",\"valueRequired\":true,\"valueName\":\"search_term_string\"}}],\"inLanguage\":\"pt-BR\"},{\"@type\":\"Organization\",\"@id\":\"https:\/\/jornalfatosenoticias.com.br\/#organization\",\"name\":\"Jornal Fatos e Not\u00edcias\",\"url\":\"https:\/\/jornalfatosenoticias.com.br\/\",\"logo\":{\"@type\":\"ImageObject\",\"inLanguage\":\"pt-BR\",\"@id\":\"https:\/\/jornalfatosenoticias.com.br\/#\/schema\/logo\/image\/\",\"url\":\"https:\/\/jornalfatosenoticias.com.br\/wp-content\/uploads\/2020\/02\/logo120.png\",\"contentUrl\":\"https:\/\/jornalfatosenoticias.com.br\/wp-content\/uploads\/2020\/02\/logo120.png\",\"width\":1227,\"height\":120,\"caption\":\"Jornal Fatos e Not\u00edcias\"},\"image\":{\"@id\":\"https:\/\/jornalfatosenoticias.com.br\/#\/schema\/logo\/image\/\"}},{\"@type\":\"Person\",\"@id\":\"https:\/\/jornalfatosenoticias.com.br\/#\/schema\/person\/05c46cc25b42a5c27e004fb0fa6b4965\",\"name\":\"Haroldo Filho\",\"image\":{\"@type\":\"ImageObject\",\"inLanguage\":\"pt-BR\",\"@id\":\"https:\/\/jornalfatosenoticias.com.br\/#\/schema\/person\/image\/\",\"url\":\"https:\/\/jornalfatosenoticias.com.br\/wp-content\/uploads\/2025\/08\/WhatsApp-Image-2025-08-18-at-15.30.28-150x150.jpeg\",\"contentUrl\":\"https:\/\/jornalfatosenoticias.com.br\/wp-content\/uploads\/2025\/08\/WhatsApp-Image-2025-08-18-at-15.30.28-150x150.jpeg\",\"caption\":\"Haroldo Filho\"},\"description\":\"Jornalista \u2013 DRT: 0003818\/ES Coordenador-geral da ONG Educar para Crescer\",\"url\":\"https:\/\/jornalfatosenoticias.com.br\/index.php\/author\/haroldo\/\"}]}<\/script>\n<!-- \/ Yoast SEO plugin. -->","yoast_head_json":{"title":"O modal vi\u00e1rio e o desenvolvimento econ\u00f4mico do ES - Jornal Fatos e Not\u00edcias","robots":{"index":"index","follow":"follow","max-snippet":"max-snippet:-1","max-image-preview":"max-image-preview:large","max-video-preview":"max-video-preview:-1"},"canonical":"https:\/\/jornalfatosenoticias.com.br\/index.php\/2025\/03\/06\/o-modal-viario-e-o-desenvolvimento-economico-do-es\/","og_locale":"pt_BR","og_type":"article","og_title":"O modal vi\u00e1rio e o desenvolvimento econ\u00f4mico do ES - Jornal Fatos e Not\u00edcias","og_description":"Entrevista com Luiz Alberto Teixeira, presidente do Sindicato das Empresas de Transporte de Cargas e Log\u00edstica do Esp\u00edrito Santo O setor de transportes sempre esteve presente como um dos pilares no processo de constru\u00e7\u00e3o e essencial para o desenvolvimento econ\u00f4mico do pa\u00eds. Para se ter uma ideia da import\u00e2ncia desse setor, hoje, ele \u00e9 respons\u00e1vel [&hellip;]","og_url":"https:\/\/jornalfatosenoticias.com.br\/index.php\/2025\/03\/06\/o-modal-viario-e-o-desenvolvimento-economico-do-es\/","og_site_name":"Jornal Fatos e Not\u00edcias","article_published_time":"2025-03-06T20:11:04+00:00","article_modified_time":"2026-03-02T13:07:15+00:00","og_image":[{"width":663,"height":645,"url":"https:\/\/jornalfatosenoticias.com.br\/wp-content\/uploads\/2025\/03\/Carlos-Alberto_transcares_Portal.jpg","type":"image\/jpeg"}],"author":"Haroldo Filho","twitter_card":"summary_large_image","twitter_misc":{"Escrito por":"Haroldo Filho","Est. tempo de leitura":"10 minutos"},"schema":{"@context":"https:\/\/schema.org","@graph":[{"@type":"Article","@id":"https:\/\/jornalfatosenoticias.com.br\/index.php\/2025\/03\/06\/o-modal-viario-e-o-desenvolvimento-economico-do-es\/#article","isPartOf":{"@id":"https:\/\/jornalfatosenoticias.com.br\/index.php\/2025\/03\/06\/o-modal-viario-e-o-desenvolvimento-economico-do-es\/"},"author":{"name":"Haroldo Filho","@id":"https:\/\/jornalfatosenoticias.com.br\/#\/schema\/person\/05c46cc25b42a5c27e004fb0fa6b4965"},"headline":"O modal vi\u00e1rio e o desenvolvimento econ\u00f4mico do ES","datePublished":"2025-03-06T20:11:04+00:00","dateModified":"2026-03-02T13:07:15+00:00","mainEntityOfPage":{"@id":"https:\/\/jornalfatosenoticias.com.br\/index.php\/2025\/03\/06\/o-modal-viario-e-o-desenvolvimento-economico-do-es\/"},"wordCount":1301,"commentCount":0,"publisher":{"@id":"https:\/\/jornalfatosenoticias.com.br\/#organization"},"image":{"@id":"https:\/\/jornalfatosenoticias.com.br\/index.php\/2025\/03\/06\/o-modal-viario-e-o-desenvolvimento-economico-do-es\/#primaryimage"},"thumbnailUrl":"https:\/\/jornalfatosenoticias.com.br\/wp-content\/uploads\/2025\/03\/Carlos-Alberto_transcares_Portal.jpg","keywords":["desenvolvimento econ\u00f4mico do ES","Esp\u00edrito Santo","log\u00edstica","modal vi\u00e1rio","terminais log\u00edsticos","Transcares","transporte rodovi\u00e1rio"],"articleSection":["Economia"],"inLanguage":"pt-BR","potentialAction":[{"@type":"CommentAction","name":"Comment","target":["https:\/\/jornalfatosenoticias.com.br\/index.php\/2025\/03\/06\/o-modal-viario-e-o-desenvolvimento-economico-do-es\/#respond"]}]},{"@type":"WebPage","@id":"https:\/\/jornalfatosenoticias.com.br\/index.php\/2025\/03\/06\/o-modal-viario-e-o-desenvolvimento-economico-do-es\/","url":"https:\/\/jornalfatosenoticias.com.br\/index.php\/2025\/03\/06\/o-modal-viario-e-o-desenvolvimento-economico-do-es\/","name":"O modal vi\u00e1rio e o desenvolvimento econ\u00f4mico do ES - Jornal Fatos e Not\u00edcias","isPartOf":{"@id":"https:\/\/jornalfatosenoticias.com.br\/#website"},"primaryImageOfPage":{"@id":"https:\/\/jornalfatosenoticias.com.br\/index.php\/2025\/03\/06\/o-modal-viario-e-o-desenvolvimento-economico-do-es\/#primaryimage"},"image":{"@id":"https:\/\/jornalfatosenoticias.com.br\/index.php\/2025\/03\/06\/o-modal-viario-e-o-desenvolvimento-economico-do-es\/#primaryimage"},"thumbnailUrl":"https:\/\/jornalfatosenoticias.com.br\/wp-content\/uploads\/2025\/03\/Carlos-Alberto_transcares_Portal.jpg","datePublished":"2025-03-06T20:11:04+00:00","dateModified":"2026-03-02T13:07:15+00:00","breadcrumb":{"@id":"https:\/\/jornalfatosenoticias.com.br\/index.php\/2025\/03\/06\/o-modal-viario-e-o-desenvolvimento-economico-do-es\/#breadcrumb"},"inLanguage":"pt-BR","potentialAction":[{"@type":"ReadAction","target":["https:\/\/jornalfatosenoticias.com.br\/index.php\/2025\/03\/06\/o-modal-viario-e-o-desenvolvimento-economico-do-es\/"]}]},{"@type":"ImageObject","inLanguage":"pt-BR","@id":"https:\/\/jornalfatosenoticias.com.br\/index.php\/2025\/03\/06\/o-modal-viario-e-o-desenvolvimento-economico-do-es\/#primaryimage","url":"https:\/\/jornalfatosenoticias.com.br\/wp-content\/uploads\/2025\/03\/Carlos-Alberto_transcares_Portal.jpg","contentUrl":"https:\/\/jornalfatosenoticias.com.br\/wp-content\/uploads\/2025\/03\/Carlos-Alberto_transcares_Portal.jpg","width":663,"height":645},{"@type":"BreadcrumbList","@id":"https:\/\/jornalfatosenoticias.com.br\/index.php\/2025\/03\/06\/o-modal-viario-e-o-desenvolvimento-economico-do-es\/#breadcrumb","itemListElement":[{"@type":"ListItem","position":1,"name":"In\u00edcio","item":"https:\/\/jornalfatosenoticias.com.br\/"},{"@type":"ListItem","position":2,"name":"O modal vi\u00e1rio e o desenvolvimento econ\u00f4mico do ES"}]},{"@type":"WebSite","@id":"https:\/\/jornalfatosenoticias.com.br\/#website","url":"https:\/\/jornalfatosenoticias.com.br\/","name":"Jornal Fatos e Not\u00edcias","description":"Not\u00edcias em geral","publisher":{"@id":"https:\/\/jornalfatosenoticias.com.br\/#organization"},"potentialAction":[{"@type":"SearchAction","target":{"@type":"EntryPoint","urlTemplate":"https:\/\/jornalfatosenoticias.com.br\/?s={search_term_string}"},"query-input":{"@type":"PropertyValueSpecification","valueRequired":true,"valueName":"search_term_string"}}],"inLanguage":"pt-BR"},{"@type":"Organization","@id":"https:\/\/jornalfatosenoticias.com.br\/#organization","name":"Jornal Fatos e Not\u00edcias","url":"https:\/\/jornalfatosenoticias.com.br\/","logo":{"@type":"ImageObject","inLanguage":"pt-BR","@id":"https:\/\/jornalfatosenoticias.com.br\/#\/schema\/logo\/image\/","url":"https:\/\/jornalfatosenoticias.com.br\/wp-content\/uploads\/2020\/02\/logo120.png","contentUrl":"https:\/\/jornalfatosenoticias.com.br\/wp-content\/uploads\/2020\/02\/logo120.png","width":1227,"height":120,"caption":"Jornal Fatos e Not\u00edcias"},"image":{"@id":"https:\/\/jornalfatosenoticias.com.br\/#\/schema\/logo\/image\/"}},{"@type":"Person","@id":"https:\/\/jornalfatosenoticias.com.br\/#\/schema\/person\/05c46cc25b42a5c27e004fb0fa6b4965","name":"Haroldo Filho","image":{"@type":"ImageObject","inLanguage":"pt-BR","@id":"https:\/\/jornalfatosenoticias.com.br\/#\/schema\/person\/image\/","url":"https:\/\/jornalfatosenoticias.com.br\/wp-content\/uploads\/2025\/08\/WhatsApp-Image-2025-08-18-at-15.30.28-150x150.jpeg","contentUrl":"https:\/\/jornalfatosenoticias.com.br\/wp-content\/uploads\/2025\/08\/WhatsApp-Image-2025-08-18-at-15.30.28-150x150.jpeg","caption":"Haroldo Filho"},"description":"Jornalista \u2013 DRT: 0003818\/ES Coordenador-geral da ONG Educar para Crescer","url":"https:\/\/jornalfatosenoticias.com.br\/index.php\/author\/haroldo\/"}]}},"cc_featured_image_caption":{"caption_text":"Luiz A. Teixeira (Foto: Marcos Salles) ","source_text":"","source_url":""},"jetpack_featured_media_url":"https:\/\/jornalfatosenoticias.com.br\/wp-content\/uploads\/2025\/03\/Carlos-Alberto_transcares_Portal.jpg","_links":{"self":[{"href":"https:\/\/jornalfatosenoticias.com.br\/index.php\/wp-json\/wp\/v2\/posts\/57496","targetHints":{"allow":["GET"]}}],"collection":[{"href":"https:\/\/jornalfatosenoticias.com.br\/index.php\/wp-json\/wp\/v2\/posts"}],"about":[{"href":"https:\/\/jornalfatosenoticias.com.br\/index.php\/wp-json\/wp\/v2\/types\/post"}],"author":[{"embeddable":true,"href":"https:\/\/jornalfatosenoticias.com.br\/index.php\/wp-json\/wp\/v2\/users\/3"}],"replies":[{"embeddable":true,"href":"https:\/\/jornalfatosenoticias.com.br\/index.php\/wp-json\/wp\/v2\/comments?post=57496"}],"version-history":[{"count":1,"href":"https:\/\/jornalfatosenoticias.com.br\/index.php\/wp-json\/wp\/v2\/posts\/57496\/revisions"}],"predecessor-version":[{"id":65637,"href":"https:\/\/jornalfatosenoticias.com.br\/index.php\/wp-json\/wp\/v2\/posts\/57496\/revisions\/65637"}],"wp:featuredmedia":[{"embeddable":true,"href":"https:\/\/jornalfatosenoticias.com.br\/index.php\/wp-json\/wp\/v2\/media\/57499"}],"wp:attachment":[{"href":"https:\/\/jornalfatosenoticias.com.br\/index.php\/wp-json\/wp\/v2\/media?parent=57496"}],"wp:term":[{"taxonomy":"category","embeddable":true,"href":"https:\/\/jornalfatosenoticias.com.br\/index.php\/wp-json\/wp\/v2\/categories?post=57496"},{"taxonomy":"post_tag","embeddable":true,"href":"https:\/\/jornalfatosenoticias.com.br\/index.php\/wp-json\/wp\/v2\/tags?post=57496"}],"curies":[{"name":"wp","href":"https:\/\/api.w.org\/{rel}","templated":true}]}}