{"id":57527,"date":"2025-03-07T12:12:23","date_gmt":"2025-03-07T15:12:23","guid":{"rendered":"https:\/\/jornalfatosenoticias.com.br\/?p=57527"},"modified":"2025-03-07T12:12:24","modified_gmt":"2025-03-07T15:12:24","slug":"dicas-para-melhorar-a-escrita-do-6-o-ano-ao-ensino-medio","status":"publish","type":"post","link":"https:\/\/jornalfatosenoticias.com.br\/index.php\/2025\/03\/07\/dicas-para-melhorar-a-escrita-do-6-o-ano-ao-ensino-medio\/","title":{"rendered":"Dicas para melhorar a escrita do 6.\u00ba ano ao ensino m\u00e9dio"},"content":{"rendered":"\n<p><em><span class=\"has-inline-color has-black-color\">Veja como come\u00e7ar a treinar para a reda\u00e7\u00e3o dos vestibulares<\/span><\/em><\/p>\n\n\n\n<p><span class=\"has-inline-color has-black-color\">Por <strong>Adriana Fernandes\/Reda\u00e7\u00e3o EdiCase<\/strong><\/span><\/p>\n\n\n\n<div class=\"wp-block-image\"><figure class=\"aligncenter size-large\"><a href=\"https:\/\/panper.com.br\/\"><img loading=\"lazy\" decoding=\"async\" width=\"1024\" height=\"111\" src=\"https:\/\/jornalfatosenoticias.com.br\/wp-content\/uploads\/2020\/02\/WhatsApp-Image-2022-09-23-at-12.09.18-1024x111.jpeg\" alt=\"\" class=\"wp-image-34527\" srcset=\"https:\/\/jornalfatosenoticias.com.br\/wp-content\/uploads\/2020\/02\/WhatsApp-Image-2022-09-23-at-12.09.18-1024x111.jpeg 1024w, https:\/\/jornalfatosenoticias.com.br\/wp-content\/uploads\/2020\/02\/WhatsApp-Image-2022-09-23-at-12.09.18-300x32.jpeg 300w, https:\/\/jornalfatosenoticias.com.br\/wp-content\/uploads\/2020\/02\/WhatsApp-Image-2022-09-23-at-12.09.18-768x83.jpeg 768w, https:\/\/jornalfatosenoticias.com.br\/wp-content\/uploads\/2020\/02\/WhatsApp-Image-2022-09-23-at-12.09.18.jpeg 1121w\" sizes=\"auto, (max-width: 1024px) 100vw, 1024px\" \/><\/a><\/figure><\/div>\n\n\n\n<p>Para muitos estudantes, a reda\u00e7\u00e3o representa um dos maiores desafios no vestibular e na prova do Exame Nacional do Ensino M\u00e9dio (Enem). No entanto, Roberta Pimentel, professora de L\u00edngua Portuguesa do Col\u00e9gio Stella Matutina, afirma que o segredo para uma reda\u00e7\u00e3o nota 1000 \u00e9 a pr\u00e1tica. A educadora destaca que o ideal \u00e9 que o processo se inicie no 6.\u00b0 ano, para que, ao chegar ao ensino m\u00e9dio, o desenvolvimento da leitura e escrita esteja no est\u00e1gio completo e significativo.<\/p>\n\n\n\n<blockquote class=\"wp-block-quote is-layout-flow wp-block-quote-is-layout-flow\"><p><span class=\"has-inline-color has-luminous-vivid-orange-color\">Para os alunos do ensino m\u00e9dio, a pr\u00e1tica \u00e9 intensificada em oficinas focadas nos vestibulares. J\u00e1 os estudantes do 6.\u00b0 ao 9.\u00b0 ano a desenvolvem de forma gradativa por meio de atividades em sala de aula e oficinas de produ\u00e7\u00e3o textual. Ao escrever, somos capazes de organizar pensamentos, transmitir ideias e refletir sobre o mundo ao nosso redor. Mais do que uma habilidade t\u00e9cnica, a escrita \u00e9 um meio de comunica\u00e7\u00e3o&#8221;, destaca.<\/span><\/p><\/blockquote>\n\n\n\n<div class=\"wp-block-image\"><figure class=\"aligncenter size-large\"><a href=\"https:\/\/cesconetto.com.br\/\"><img loading=\"lazy\" decoding=\"async\" width=\"300\" height=\"250\" src=\"https:\/\/jornalfatosenoticias.com.br\/wp-content\/uploads\/2020\/02\/Banner-2.png\" alt=\"\" class=\"wp-image-43787\"\/><\/a><\/figure><\/div>\n\n\n\n<p><strong>Abaixo, confira cinco dicas para melhorar a escrita<br><span class=\"has-inline-color has-vivid-cyan-blue-color\">1. Esquematize<br><\/span><\/strong>Antes de escrever, organize as ideias que pretende abordar no texto. Vale a pena estruturar um plano com o que ser\u00e1 abordado em cada par\u00e1grafo: introdu\u00e7\u00e3o, desenvolvimento e conclus\u00e3o.<\/p>\n\n\n\n<div class=\"wp-block-image\"><figure class=\"aligncenter size-large is-resized\"><a href=\"https:\/\/www.ithbrasil.com.br\/\"><img loading=\"lazy\" decoding=\"async\" src=\"https:\/\/jornalfatosenoticias.com.br\/wp-content\/uploads\/2023\/08\/ITH.jpeg\" alt=\"\" class=\"wp-image-44638\" width=\"300\" height=\"244\" srcset=\"https:\/\/jornalfatosenoticias.com.br\/wp-content\/uploads\/2023\/08\/ITH.jpeg 800w, https:\/\/jornalfatosenoticias.com.br\/wp-content\/uploads\/2023\/08\/ITH-300x244.jpeg 300w, https:\/\/jornalfatosenoticias.com.br\/wp-content\/uploads\/2023\/08\/ITH-768x624.jpeg 768w\" sizes=\"auto, (max-width: 300px) 100vw, 300px\" \/><\/a><\/figure><\/div>\n\n\n\n<p><strong><span class=\"has-inline-color has-vivid-cyan-blue-color\">2. Cronometre<br><\/span><\/strong>O desafio de muitos estudantes \u00e9 fazer uma boa reda\u00e7\u00e3o sem gastar muito tempo da prova do Enem ou dos vestibulares. N\u00e3o existe uma regra espec\u00edfica, mas estima-se que o estudante deve levar entre uma hora e 1h30 para ler os textos de apoio e estruturar a reda\u00e7\u00e3o. Por isso, a dica \u00e9 cronometrar o tempo que se leva para escrever um bom texto em casa.<\/p>\n\n\n\n<div class=\"wp-block-image\"><figure class=\"aligncenter size-large is-resized\"><a href=\"https:\/\/www.instagram.com\/ligadossaborespizzaria\/\"><img loading=\"lazy\" decoding=\"async\" src=\"https:\/\/jornalfatosenoticias.com.br\/wp-content\/uploads\/2024\/09\/WhatsApp-Image-2024-09-14-at-22.46.10-819x1024.jpeg\" alt=\"\" class=\"wp-image-54180\" width=\"303\" height=\"378\" srcset=\"https:\/\/jornalfatosenoticias.com.br\/wp-content\/uploads\/2024\/09\/WhatsApp-Image-2024-09-14-at-22.46.10-819x1024.jpeg 819w, https:\/\/jornalfatosenoticias.com.br\/wp-content\/uploads\/2024\/09\/WhatsApp-Image-2024-09-14-at-22.46.10-240x300.jpeg 240w, https:\/\/jornalfatosenoticias.com.br\/wp-content\/uploads\/2024\/09\/WhatsApp-Image-2024-09-14-at-22.46.10-768x960.jpeg 768w, https:\/\/jornalfatosenoticias.com.br\/wp-content\/uploads\/2024\/09\/WhatsApp-Image-2024-09-14-at-22.46.10.jpeg 1024w\" sizes=\"auto, (max-width: 303px) 100vw, 303px\" \/><\/a><\/figure><\/div>\n\n\n\n<p><strong><span class=\"has-inline-color has-vivid-cyan-blue-color\">3. Crie metas<br><\/span><\/strong>Com os dados do cron\u00f4metro, defina novas metas de tempo para sua reda\u00e7\u00e3o \u00e0 medida que for progredindo e ganhando pr\u00e1tica. \u00c9 importante equilibrar entre a escrita de um bom texto e o tempo dispon\u00edvel para finaliz\u00e1-lo na hora da prova.<\/p>\n\n\n\n<div class=\"wp-block-image\"><figure class=\"aligncenter size-large is-resized\"><a href=\"https:\/\/www.legisjuris.com.br\/\"><img loading=\"lazy\" decoding=\"async\" src=\"https:\/\/jornalfatosenoticias.com.br\/wp-content\/uploads\/2024\/09\/Legis-Juris-Consultoria_logo.jpg\" alt=\"\" class=\"wp-image-53915\" width=\"492\" height=\"206\" srcset=\"https:\/\/jornalfatosenoticias.com.br\/wp-content\/uploads\/2024\/09\/Legis-Juris-Consultoria_logo.jpg 969w, https:\/\/jornalfatosenoticias.com.br\/wp-content\/uploads\/2024\/09\/Legis-Juris-Consultoria_logo-300x126.jpg 300w, https:\/\/jornalfatosenoticias.com.br\/wp-content\/uploads\/2024\/09\/Legis-Juris-Consultoria_logo-768x322.jpg 768w\" sizes=\"auto, (max-width: 492px) 100vw, 492px\" \/><\/a><\/figure><\/div>\n\n\n\n<p><strong><span class=\"has-inline-color has-vivid-cyan-blue-color\">4. Fa\u00e7a simulados<br><\/span><\/strong>J\u00e1 decidiu quais vestibulares ir\u00e1 prestar? Assim que souber, inicie a realiza\u00e7\u00e3o de simulados ou utilize os temas das reda\u00e7\u00f5es dos anos anteriores para praticar.<\/p>\n\n\n\n<div class=\"wp-block-image\"><figure class=\"aligncenter size-large is-resized\"><a href=\"https:\/\/www.instagram.com\/esteiochurrascaria\/\"><img loading=\"lazy\" decoding=\"async\" src=\"https:\/\/jornalfatosenoticias.com.br\/wp-content\/uploads\/2022\/02\/LOGO-ESTEIO-1024x730.png\" alt=\"\" class=\"wp-image-27942\" width=\"309\" height=\"220\" srcset=\"https:\/\/jornalfatosenoticias.com.br\/wp-content\/uploads\/2022\/02\/LOGO-ESTEIO-1024x730.png 1024w, https:\/\/jornalfatosenoticias.com.br\/wp-content\/uploads\/2022\/02\/LOGO-ESTEIO-300x214.png 300w, https:\/\/jornalfatosenoticias.com.br\/wp-content\/uploads\/2022\/02\/LOGO-ESTEIO-768x548.png 768w, https:\/\/jornalfatosenoticias.com.br\/wp-content\/uploads\/2022\/02\/LOGO-ESTEIO.png 1123w\" sizes=\"auto, (max-width: 309px) 100vw, 309px\" \/><\/a><\/figure><\/div>\n\n\n\n<p><strong><span class=\"has-inline-color has-vivid-cyan-blue-color\">5. Identifique o seu hor\u00e1rio de pico<br><\/span><\/strong>\u00c0s vezes, a dificuldade para sentar-se e estudar em casa est\u00e1 ligada \u00e0 rotina ou aos hor\u00e1rios em que se est\u00e1 tentando se concentrar. Muitas pessoas s\u00e3o mais ativas pela manh\u00e3, outras na parte da tarde ou \u00e0 noite. Descubra em que hor\u00e1rio voc\u00ea \u00e9 mais produtivo e menos distra\u00eddo.<\/p>\n\n\n\n<p><strong><em>Fonte: <a href=\"https:\/\/www.terra.com.br\/noticias\/educacao\/enem\/5-dicas-para-melhorar-a-escrita-do-6-ano-ao-ensino-medio,77e1d82d7408d826361ae54fe06f39448yhhv4ja.html\">Terra<\/a><\/em><\/strong><\/p>\n","protected":false},"excerpt":{"rendered":"<p>Veja como come\u00e7ar a treinar para a reda\u00e7\u00e3o dos vestibulares Por Adriana Fernandes\/Reda\u00e7\u00e3o EdiCase Para muitos estudantes, a reda\u00e7\u00e3o representa um dos maiores desafios no vestibular e na prova do Exame Nacional do Ensino M\u00e9dio (Enem). No entanto, Roberta Pimentel, professora de L\u00edngua Portuguesa do Col\u00e9gio Stella Matutina, afirma que o segredo para uma reda\u00e7\u00e3o [&hellip;]<\/p>\n","protected":false},"author":2,"featured_media":57528,"comment_status":"open","ping_status":"open","sticky":false,"template":"","format":"standard","meta":{"footnotes":""},"categories":[7],"tags":[26251,921,26252,3405,26253,3921],"class_list":["post-57527","post","type-post","status-publish","format-standard","has-post-thumbnail","hentry","category-educacao","tag-dicas-para-melhorar-a-escrita","tag-enem","tag-estudar","tag-redacao","tag-rotina-de-estudos","tag-vestibular"],"yoast_head":"<!-- This site is optimized with the Yoast SEO plugin v26.5 - https:\/\/yoast.com\/wordpress\/plugins\/seo\/ -->\n<title>Dicas para melhorar a escrita do 6.\u00ba ano ao ensino m\u00e9dio - Jornal Fatos e Not\u00edcias<\/title>\n<meta name=\"robots\" content=\"index, follow, max-snippet:-1, max-image-preview:large, max-video-preview:-1\" \/>\n<link rel=\"canonical\" href=\"https:\/\/jornalfatosenoticias.com.br\/index.php\/2025\/03\/07\/dicas-para-melhorar-a-escrita-do-6-o-ano-ao-ensino-medio\/\" \/>\n<meta property=\"og:locale\" content=\"pt_BR\" \/>\n<meta property=\"og:type\" content=\"article\" \/>\n<meta property=\"og:title\" content=\"Dicas para melhorar a escrita do 6.\u00ba ano ao ensino m\u00e9dio - Jornal Fatos e Not\u00edcias\" \/>\n<meta property=\"og:description\" content=\"Veja como come\u00e7ar a treinar para a reda\u00e7\u00e3o dos vestibulares Por Adriana Fernandes\/Reda\u00e7\u00e3o EdiCase Para muitos estudantes, a reda\u00e7\u00e3o representa um dos maiores desafios no vestibular e na prova do Exame Nacional do Ensino M\u00e9dio (Enem). No entanto, Roberta Pimentel, professora de L\u00edngua Portuguesa do Col\u00e9gio Stella Matutina, afirma que o segredo para uma reda\u00e7\u00e3o [&hellip;]\" \/>\n<meta property=\"og:url\" content=\"https:\/\/jornalfatosenoticias.com.br\/index.php\/2025\/03\/07\/dicas-para-melhorar-a-escrita-do-6-o-ano-ao-ensino-medio\/\" \/>\n<meta property=\"og:site_name\" content=\"Jornal Fatos e Not\u00edcias\" \/>\n<meta property=\"article:published_time\" content=\"2025-03-07T15:12:23+00:00\" \/>\n<meta property=\"article:modified_time\" content=\"2025-03-07T15:12:24+00:00\" \/>\n<meta property=\"og:image\" content=\"https:\/\/jornalfatosenoticias.com.br\/wp-content\/uploads\/2025\/03\/dicas-para-melhorar-a-escrita_istock.jpg\" \/>\n\t<meta property=\"og:image:width\" content=\"612\" \/>\n\t<meta property=\"og:image:height\" content=\"408\" \/>\n\t<meta property=\"og:image:type\" content=\"image\/jpeg\" \/>\n<meta name=\"author\" content=\"Luzimara Fernandes\" \/>\n<meta name=\"twitter:card\" content=\"summary_large_image\" \/>\n<meta name=\"twitter:label1\" content=\"Escrito por\" \/>\n\t<meta name=\"twitter:data1\" content=\"Luzimara Fernandes\" \/>\n\t<meta name=\"twitter:label2\" content=\"Est. tempo de leitura\" \/>\n\t<meta name=\"twitter:data2\" content=\"2 minutos\" \/>\n<script type=\"application\/ld+json\" class=\"yoast-schema-graph\">{\"@context\":\"https:\/\/schema.org\",\"@graph\":[{\"@type\":\"Article\",\"@id\":\"https:\/\/jornalfatosenoticias.com.br\/index.php\/2025\/03\/07\/dicas-para-melhorar-a-escrita-do-6-o-ano-ao-ensino-medio\/#article\",\"isPartOf\":{\"@id\":\"https:\/\/jornalfatosenoticias.com.br\/index.php\/2025\/03\/07\/dicas-para-melhorar-a-escrita-do-6-o-ano-ao-ensino-medio\/\"},\"author\":{\"name\":\"Luzimara Fernandes\",\"@id\":\"https:\/\/jornalfatosenoticias.com.br\/#\/schema\/person\/d63837fa13ac8666eb9e74e0985d6f81\"},\"headline\":\"Dicas para melhorar a escrita do 6.\u00ba ano ao ensino m\u00e9dio\",\"datePublished\":\"2025-03-07T15:12:23+00:00\",\"dateModified\":\"2025-03-07T15:12:24+00:00\",\"mainEntityOfPage\":{\"@id\":\"https:\/\/jornalfatosenoticias.com.br\/index.php\/2025\/03\/07\/dicas-para-melhorar-a-escrita-do-6-o-ano-ao-ensino-medio\/\"},\"wordCount\":432,\"commentCount\":0,\"publisher\":{\"@id\":\"https:\/\/jornalfatosenoticias.com.br\/#organization\"},\"image\":{\"@id\":\"https:\/\/jornalfatosenoticias.com.br\/index.php\/2025\/03\/07\/dicas-para-melhorar-a-escrita-do-6-o-ano-ao-ensino-medio\/#primaryimage\"},\"thumbnailUrl\":\"https:\/\/jornalfatosenoticias.com.br\/wp-content\/uploads\/2025\/03\/dicas-para-melhorar-a-escrita_istock.jpg\",\"keywords\":[\"dicas para melhorar a escrita\",\"Enem\",\"estudar\",\"reda\u00e7\u00e3o\",\"rotina de estudos\",\"vestibular\"],\"articleSection\":[\"Educa\u00e7\u00e3o\"],\"inLanguage\":\"pt-BR\",\"potentialAction\":[{\"@type\":\"CommentAction\",\"name\":\"Comment\",\"target\":[\"https:\/\/jornalfatosenoticias.com.br\/index.php\/2025\/03\/07\/dicas-para-melhorar-a-escrita-do-6-o-ano-ao-ensino-medio\/#respond\"]}]},{\"@type\":\"WebPage\",\"@id\":\"https:\/\/jornalfatosenoticias.com.br\/index.php\/2025\/03\/07\/dicas-para-melhorar-a-escrita-do-6-o-ano-ao-ensino-medio\/\",\"url\":\"https:\/\/jornalfatosenoticias.com.br\/index.php\/2025\/03\/07\/dicas-para-melhorar-a-escrita-do-6-o-ano-ao-ensino-medio\/\",\"name\":\"Dicas para melhorar a escrita do 6.\u00ba ano ao ensino m\u00e9dio - Jornal Fatos e Not\u00edcias\",\"isPartOf\":{\"@id\":\"https:\/\/jornalfatosenoticias.com.br\/#website\"},\"primaryImageOfPage\":{\"@id\":\"https:\/\/jornalfatosenoticias.com.br\/index.php\/2025\/03\/07\/dicas-para-melhorar-a-escrita-do-6-o-ano-ao-ensino-medio\/#primaryimage\"},\"image\":{\"@id\":\"https:\/\/jornalfatosenoticias.com.br\/index.php\/2025\/03\/07\/dicas-para-melhorar-a-escrita-do-6-o-ano-ao-ensino-medio\/#primaryimage\"},\"thumbnailUrl\":\"https:\/\/jornalfatosenoticias.com.br\/wp-content\/uploads\/2025\/03\/dicas-para-melhorar-a-escrita_istock.jpg\",\"datePublished\":\"2025-03-07T15:12:23+00:00\",\"dateModified\":\"2025-03-07T15:12:24+00:00\",\"breadcrumb\":{\"@id\":\"https:\/\/jornalfatosenoticias.com.br\/index.php\/2025\/03\/07\/dicas-para-melhorar-a-escrita-do-6-o-ano-ao-ensino-medio\/#breadcrumb\"},\"inLanguage\":\"pt-BR\",\"potentialAction\":[{\"@type\":\"ReadAction\",\"target\":[\"https:\/\/jornalfatosenoticias.com.br\/index.php\/2025\/03\/07\/dicas-para-melhorar-a-escrita-do-6-o-ano-ao-ensino-medio\/\"]}]},{\"@type\":\"ImageObject\",\"inLanguage\":\"pt-BR\",\"@id\":\"https:\/\/jornalfatosenoticias.com.br\/index.php\/2025\/03\/07\/dicas-para-melhorar-a-escrita-do-6-o-ano-ao-ensino-medio\/#primaryimage\",\"url\":\"https:\/\/jornalfatosenoticias.com.br\/wp-content\/uploads\/2025\/03\/dicas-para-melhorar-a-escrita_istock.jpg\",\"contentUrl\":\"https:\/\/jornalfatosenoticias.com.br\/wp-content\/uploads\/2025\/03\/dicas-para-melhorar-a-escrita_istock.jpg\",\"width\":612,\"height\":408,\"caption\":\"A portrait of small happy school girl sitting at the desk in classroom, looking at camera.\"},{\"@type\":\"BreadcrumbList\",\"@id\":\"https:\/\/jornalfatosenoticias.com.br\/index.php\/2025\/03\/07\/dicas-para-melhorar-a-escrita-do-6-o-ano-ao-ensino-medio\/#breadcrumb\",\"itemListElement\":[{\"@type\":\"ListItem\",\"position\":1,\"name\":\"In\u00edcio\",\"item\":\"https:\/\/jornalfatosenoticias.com.br\/\"},{\"@type\":\"ListItem\",\"position\":2,\"name\":\"Dicas para melhorar a escrita do 6.\u00ba ano ao ensino m\u00e9dio\"}]},{\"@type\":\"WebSite\",\"@id\":\"https:\/\/jornalfatosenoticias.com.br\/#website\",\"url\":\"https:\/\/jornalfatosenoticias.com.br\/\",\"name\":\"Jornal Fatos e Not\u00edcias\",\"description\":\"Not\u00edcias em geral\",\"publisher\":{\"@id\":\"https:\/\/jornalfatosenoticias.com.br\/#organization\"},\"potentialAction\":[{\"@type\":\"SearchAction\",\"target\":{\"@type\":\"EntryPoint\",\"urlTemplate\":\"https:\/\/jornalfatosenoticias.com.br\/?s={search_term_string}\"},\"query-input\":{\"@type\":\"PropertyValueSpecification\",\"valueRequired\":true,\"valueName\":\"search_term_string\"}}],\"inLanguage\":\"pt-BR\"},{\"@type\":\"Organization\",\"@id\":\"https:\/\/jornalfatosenoticias.com.br\/#organization\",\"name\":\"Jornal Fatos e Not\u00edcias\",\"url\":\"https:\/\/jornalfatosenoticias.com.br\/\",\"logo\":{\"@type\":\"ImageObject\",\"inLanguage\":\"pt-BR\",\"@id\":\"https:\/\/jornalfatosenoticias.com.br\/#\/schema\/logo\/image\/\",\"url\":\"https:\/\/jornalfatosenoticias.com.br\/wp-content\/uploads\/2020\/02\/logo120.png\",\"contentUrl\":\"https:\/\/jornalfatosenoticias.com.br\/wp-content\/uploads\/2020\/02\/logo120.png\",\"width\":1227,\"height\":120,\"caption\":\"Jornal Fatos e Not\u00edcias\"},\"image\":{\"@id\":\"https:\/\/jornalfatosenoticias.com.br\/#\/schema\/logo\/image\/\"}},{\"@type\":\"Person\",\"@id\":\"https:\/\/jornalfatosenoticias.com.br\/#\/schema\/person\/d63837fa13ac8666eb9e74e0985d6f81\",\"name\":\"Luzimara Fernandes\",\"image\":{\"@type\":\"ImageObject\",\"inLanguage\":\"pt-BR\",\"@id\":\"https:\/\/jornalfatosenoticias.com.br\/#\/schema\/person\/image\/\",\"url\":\"https:\/\/jornalfatosenoticias.com.br\/wp-content\/uploads\/2025\/05\/EU_portal.jpg\",\"contentUrl\":\"https:\/\/jornalfatosenoticias.com.br\/wp-content\/uploads\/2025\/05\/EU_portal.jpg\",\"caption\":\"Luzimara Fernandes\"},\"description\":\"Jornalista MTB 2358-ES\",\"sameAs\":[\"https:\/\/jornalfatosenoticias.com.br\"],\"url\":\"https:\/\/jornalfatosenoticias.com.br\/index.php\/author\/luzimara\/\"}]}<\/script>\n<!-- \/ Yoast SEO plugin. -->","yoast_head_json":{"title":"Dicas para melhorar a escrita do 6.\u00ba ano ao ensino m\u00e9dio - Jornal Fatos e Not\u00edcias","robots":{"index":"index","follow":"follow","max-snippet":"max-snippet:-1","max-image-preview":"max-image-preview:large","max-video-preview":"max-video-preview:-1"},"canonical":"https:\/\/jornalfatosenoticias.com.br\/index.php\/2025\/03\/07\/dicas-para-melhorar-a-escrita-do-6-o-ano-ao-ensino-medio\/","og_locale":"pt_BR","og_type":"article","og_title":"Dicas para melhorar a escrita do 6.\u00ba ano ao ensino m\u00e9dio - Jornal Fatos e Not\u00edcias","og_description":"Veja como come\u00e7ar a treinar para a reda\u00e7\u00e3o dos vestibulares Por Adriana Fernandes\/Reda\u00e7\u00e3o EdiCase Para muitos estudantes, a reda\u00e7\u00e3o representa um dos maiores desafios no vestibular e na prova do Exame Nacional do Ensino M\u00e9dio (Enem). No entanto, Roberta Pimentel, professora de L\u00edngua Portuguesa do Col\u00e9gio Stella Matutina, afirma que o segredo para uma reda\u00e7\u00e3o [&hellip;]","og_url":"https:\/\/jornalfatosenoticias.com.br\/index.php\/2025\/03\/07\/dicas-para-melhorar-a-escrita-do-6-o-ano-ao-ensino-medio\/","og_site_name":"Jornal Fatos e Not\u00edcias","article_published_time":"2025-03-07T15:12:23+00:00","article_modified_time":"2025-03-07T15:12:24+00:00","og_image":[{"width":612,"height":408,"url":"https:\/\/jornalfatosenoticias.com.br\/wp-content\/uploads\/2025\/03\/dicas-para-melhorar-a-escrita_istock.jpg","type":"image\/jpeg"}],"author":"Luzimara Fernandes","twitter_card":"summary_large_image","twitter_misc":{"Escrito por":"Luzimara Fernandes","Est. tempo de leitura":"2 minutos"},"schema":{"@context":"https:\/\/schema.org","@graph":[{"@type":"Article","@id":"https:\/\/jornalfatosenoticias.com.br\/index.php\/2025\/03\/07\/dicas-para-melhorar-a-escrita-do-6-o-ano-ao-ensino-medio\/#article","isPartOf":{"@id":"https:\/\/jornalfatosenoticias.com.br\/index.php\/2025\/03\/07\/dicas-para-melhorar-a-escrita-do-6-o-ano-ao-ensino-medio\/"},"author":{"name":"Luzimara Fernandes","@id":"https:\/\/jornalfatosenoticias.com.br\/#\/schema\/person\/d63837fa13ac8666eb9e74e0985d6f81"},"headline":"Dicas para melhorar a escrita do 6.\u00ba ano ao ensino m\u00e9dio","datePublished":"2025-03-07T15:12:23+00:00","dateModified":"2025-03-07T15:12:24+00:00","mainEntityOfPage":{"@id":"https:\/\/jornalfatosenoticias.com.br\/index.php\/2025\/03\/07\/dicas-para-melhorar-a-escrita-do-6-o-ano-ao-ensino-medio\/"},"wordCount":432,"commentCount":0,"publisher":{"@id":"https:\/\/jornalfatosenoticias.com.br\/#organization"},"image":{"@id":"https:\/\/jornalfatosenoticias.com.br\/index.php\/2025\/03\/07\/dicas-para-melhorar-a-escrita-do-6-o-ano-ao-ensino-medio\/#primaryimage"},"thumbnailUrl":"https:\/\/jornalfatosenoticias.com.br\/wp-content\/uploads\/2025\/03\/dicas-para-melhorar-a-escrita_istock.jpg","keywords":["dicas para melhorar a escrita","Enem","estudar","reda\u00e7\u00e3o","rotina de estudos","vestibular"],"articleSection":["Educa\u00e7\u00e3o"],"inLanguage":"pt-BR","potentialAction":[{"@type":"CommentAction","name":"Comment","target":["https:\/\/jornalfatosenoticias.com.br\/index.php\/2025\/03\/07\/dicas-para-melhorar-a-escrita-do-6-o-ano-ao-ensino-medio\/#respond"]}]},{"@type":"WebPage","@id":"https:\/\/jornalfatosenoticias.com.br\/index.php\/2025\/03\/07\/dicas-para-melhorar-a-escrita-do-6-o-ano-ao-ensino-medio\/","url":"https:\/\/jornalfatosenoticias.com.br\/index.php\/2025\/03\/07\/dicas-para-melhorar-a-escrita-do-6-o-ano-ao-ensino-medio\/","name":"Dicas para melhorar a escrita do 6.\u00ba ano ao ensino m\u00e9dio - Jornal Fatos e Not\u00edcias","isPartOf":{"@id":"https:\/\/jornalfatosenoticias.com.br\/#website"},"primaryImageOfPage":{"@id":"https:\/\/jornalfatosenoticias.com.br\/index.php\/2025\/03\/07\/dicas-para-melhorar-a-escrita-do-6-o-ano-ao-ensino-medio\/#primaryimage"},"image":{"@id":"https:\/\/jornalfatosenoticias.com.br\/index.php\/2025\/03\/07\/dicas-para-melhorar-a-escrita-do-6-o-ano-ao-ensino-medio\/#primaryimage"},"thumbnailUrl":"https:\/\/jornalfatosenoticias.com.br\/wp-content\/uploads\/2025\/03\/dicas-para-melhorar-a-escrita_istock.jpg","datePublished":"2025-03-07T15:12:23+00:00","dateModified":"2025-03-07T15:12:24+00:00","breadcrumb":{"@id":"https:\/\/jornalfatosenoticias.com.br\/index.php\/2025\/03\/07\/dicas-para-melhorar-a-escrita-do-6-o-ano-ao-ensino-medio\/#breadcrumb"},"inLanguage":"pt-BR","potentialAction":[{"@type":"ReadAction","target":["https:\/\/jornalfatosenoticias.com.br\/index.php\/2025\/03\/07\/dicas-para-melhorar-a-escrita-do-6-o-ano-ao-ensino-medio\/"]}]},{"@type":"ImageObject","inLanguage":"pt-BR","@id":"https:\/\/jornalfatosenoticias.com.br\/index.php\/2025\/03\/07\/dicas-para-melhorar-a-escrita-do-6-o-ano-ao-ensino-medio\/#primaryimage","url":"https:\/\/jornalfatosenoticias.com.br\/wp-content\/uploads\/2025\/03\/dicas-para-melhorar-a-escrita_istock.jpg","contentUrl":"https:\/\/jornalfatosenoticias.com.br\/wp-content\/uploads\/2025\/03\/dicas-para-melhorar-a-escrita_istock.jpg","width":612,"height":408,"caption":"A portrait of small happy school girl sitting at the desk in classroom, looking at camera."},{"@type":"BreadcrumbList","@id":"https:\/\/jornalfatosenoticias.com.br\/index.php\/2025\/03\/07\/dicas-para-melhorar-a-escrita-do-6-o-ano-ao-ensino-medio\/#breadcrumb","itemListElement":[{"@type":"ListItem","position":1,"name":"In\u00edcio","item":"https:\/\/jornalfatosenoticias.com.br\/"},{"@type":"ListItem","position":2,"name":"Dicas para melhorar a escrita do 6.\u00ba ano ao ensino m\u00e9dio"}]},{"@type":"WebSite","@id":"https:\/\/jornalfatosenoticias.com.br\/#website","url":"https:\/\/jornalfatosenoticias.com.br\/","name":"Jornal Fatos e Not\u00edcias","description":"Not\u00edcias em geral","publisher":{"@id":"https:\/\/jornalfatosenoticias.com.br\/#organization"},"potentialAction":[{"@type":"SearchAction","target":{"@type":"EntryPoint","urlTemplate":"https:\/\/jornalfatosenoticias.com.br\/?s={search_term_string}"},"query-input":{"@type":"PropertyValueSpecification","valueRequired":true,"valueName":"search_term_string"}}],"inLanguage":"pt-BR"},{"@type":"Organization","@id":"https:\/\/jornalfatosenoticias.com.br\/#organization","name":"Jornal Fatos e Not\u00edcias","url":"https:\/\/jornalfatosenoticias.com.br\/","logo":{"@type":"ImageObject","inLanguage":"pt-BR","@id":"https:\/\/jornalfatosenoticias.com.br\/#\/schema\/logo\/image\/","url":"https:\/\/jornalfatosenoticias.com.br\/wp-content\/uploads\/2020\/02\/logo120.png","contentUrl":"https:\/\/jornalfatosenoticias.com.br\/wp-content\/uploads\/2020\/02\/logo120.png","width":1227,"height":120,"caption":"Jornal Fatos e Not\u00edcias"},"image":{"@id":"https:\/\/jornalfatosenoticias.com.br\/#\/schema\/logo\/image\/"}},{"@type":"Person","@id":"https:\/\/jornalfatosenoticias.com.br\/#\/schema\/person\/d63837fa13ac8666eb9e74e0985d6f81","name":"Luzimara Fernandes","image":{"@type":"ImageObject","inLanguage":"pt-BR","@id":"https:\/\/jornalfatosenoticias.com.br\/#\/schema\/person\/image\/","url":"https:\/\/jornalfatosenoticias.com.br\/wp-content\/uploads\/2025\/05\/EU_portal.jpg","contentUrl":"https:\/\/jornalfatosenoticias.com.br\/wp-content\/uploads\/2025\/05\/EU_portal.jpg","caption":"Luzimara Fernandes"},"description":"Jornalista MTB 2358-ES","sameAs":["https:\/\/jornalfatosenoticias.com.br"],"url":"https:\/\/jornalfatosenoticias.com.br\/index.php\/author\/luzimara\/"}]}},"cc_featured_image_caption":{"caption_text":"(Foto: iStock)","source_text":"","source_url":""},"jetpack_featured_media_url":"https:\/\/jornalfatosenoticias.com.br\/wp-content\/uploads\/2025\/03\/dicas-para-melhorar-a-escrita_istock.jpg","_links":{"self":[{"href":"https:\/\/jornalfatosenoticias.com.br\/index.php\/wp-json\/wp\/v2\/posts\/57527","targetHints":{"allow":["GET"]}}],"collection":[{"href":"https:\/\/jornalfatosenoticias.com.br\/index.php\/wp-json\/wp\/v2\/posts"}],"about":[{"href":"https:\/\/jornalfatosenoticias.com.br\/index.php\/wp-json\/wp\/v2\/types\/post"}],"author":[{"embeddable":true,"href":"https:\/\/jornalfatosenoticias.com.br\/index.php\/wp-json\/wp\/v2\/users\/2"}],"replies":[{"embeddable":true,"href":"https:\/\/jornalfatosenoticias.com.br\/index.php\/wp-json\/wp\/v2\/comments?post=57527"}],"version-history":[{"count":0,"href":"https:\/\/jornalfatosenoticias.com.br\/index.php\/wp-json\/wp\/v2\/posts\/57527\/revisions"}],"wp:featuredmedia":[{"embeddable":true,"href":"https:\/\/jornalfatosenoticias.com.br\/index.php\/wp-json\/wp\/v2\/media\/57528"}],"wp:attachment":[{"href":"https:\/\/jornalfatosenoticias.com.br\/index.php\/wp-json\/wp\/v2\/media?parent=57527"}],"wp:term":[{"taxonomy":"category","embeddable":true,"href":"https:\/\/jornalfatosenoticias.com.br\/index.php\/wp-json\/wp\/v2\/categories?post=57527"},{"taxonomy":"post_tag","embeddable":true,"href":"https:\/\/jornalfatosenoticias.com.br\/index.php\/wp-json\/wp\/v2\/tags?post=57527"}],"curies":[{"name":"wp","href":"https:\/\/api.w.org\/{rel}","templated":true}]}}