{"id":57539,"date":"2025-03-07T12:46:54","date_gmt":"2025-03-07T15:46:54","guid":{"rendered":"https:\/\/jornalfatosenoticias.com.br\/?p=57539"},"modified":"2025-03-07T12:46:55","modified_gmt":"2025-03-07T15:46:55","slug":"por-que-o-suor-e-as-lagrimas-sao-salgados-mas-a-saliva-nao","status":"publish","type":"post","link":"https:\/\/jornalfatosenoticias.com.br\/index.php\/2025\/03\/07\/por-que-o-suor-e-as-lagrimas-sao-salgados-mas-a-saliva-nao\/","title":{"rendered":"Por que o suor e as l\u00e1grimas s\u00e3o salgados, mas a saliva, n\u00e3o?"},"content":{"rendered":"\n<p><em><span class=\"has-inline-color has-black-color\">O gosto de cada fluido corporal n\u00e3o \u00e9 apenas uma curiosidade, mas uma estrat\u00e9gia natural para manter o organismo funcionando corretamente<\/span><\/em><\/p>\n\n\n\n<p><span class=\"has-inline-color has-black-color\">Por <strong><a href=\"https:\/\/olhardigital.com.br\/author\/kelvin-costa\/\">Kelvin Le\u00e3o Nunes da Costa<\/a><\/strong><\/span><\/p>\n\n\n\n<div class=\"wp-block-image\"><figure class=\"aligncenter size-large\"><a href=\"https:\/\/www.facebook.com\/vetor.vix\/\"><img loading=\"lazy\" decoding=\"async\" width=\"1024\" height=\"273\" src=\"https:\/\/jornalfatosenoticias.com.br\/wp-content\/uploads\/2023\/09\/vetorvix1024_1.jpg\" alt=\"\" class=\"wp-image-44868\" srcset=\"https:\/\/jornalfatosenoticias.com.br\/wp-content\/uploads\/2023\/09\/vetorvix1024_1.jpg 1024w, https:\/\/jornalfatosenoticias.com.br\/wp-content\/uploads\/2023\/09\/vetorvix1024_1-300x80.jpg 300w, https:\/\/jornalfatosenoticias.com.br\/wp-content\/uploads\/2023\/09\/vetorvix1024_1-768x205.jpg 768w\" sizes=\"auto, (max-width: 1024px) 100vw, 1024px\" \/><\/a><\/figure><\/div>\n\n\n\n<p>Voc\u00ea certamente j\u00e1 percebeu que as <a href=\"https:\/\/olhardigital.com.br\/2020\/11\/20\/noticias\/lagrimas-podem-ser-usadas-para-diagnosticar-doencas-no-futuro\/\" target=\"_blank\" rel=\"noreferrer noopener\"><strong>l\u00e1grimas<\/strong><\/a>\u00a0e o suor t\u00eam um gosto salgado, mas nunca sentiu o mesmo ao engolir\u00a0<strong><a href=\"https:\/\/olhardigital.com.br\/2025\/01\/02\/ciencia-e-espaco\/a-saliva-desse-bicho-e-uma-sopa-de-bacterias-e-sua-mordida-pode-causar-serios-problemas-a-voce\/\" target=\"_blank\" rel=\"noreferrer noopener\">saliva<\/a>.<\/strong> Isso pode ter levado \u00e0 pergunta: por que essa diferen\u00e7a? O suor e as l\u00e1grimas s\u00e3o salgados, enquanto a saliva tem um sabor mais neutro ou levemente adocicado. Neste artigo, vamos explicar essas diferen\u00e7as e como a composi\u00e7\u00e3o e a fun\u00e7\u00e3o de cada um desses fluidos corporais influenciam no sabor.<br>O suor e as l\u00e1grimas s\u00e3o ricos em <strong>sais minerais<\/strong>, especialmente cloreto de s\u00f3dio (NaCl), o mesmo componente do\u00a0<strong><a href=\"https:\/\/olhardigital.com.br\/2024\/04\/17\/medicina-e-saude\/sal-refinado-faz-mal-a-saude-especialista-tira-duvidas\/\" target=\"_blank\" rel=\"noreferrer noopener\">sal de cozinha<\/a>.<\/strong> Isso ocorre porque ambos desempenham fun\u00e7\u00f5es ligadas \u00e0 regula\u00e7\u00e3o do organismo.<\/p>\n\n\n\n<div class=\"wp-block-image\"><figure class=\"aligncenter size-large\"><a href=\"https:\/\/cesconetto.com.br\/\"><img loading=\"lazy\" decoding=\"async\" width=\"300\" height=\"250\" src=\"https:\/\/jornalfatosenoticias.com.br\/wp-content\/uploads\/2022\/02\/Banner-2.png\" alt=\"\" class=\"wp-image-27877\"\/><\/a><\/figure><\/div>\n\n\n\n<p>O <strong>suor<\/strong> \u00e9 produzido pelas <strong>gl\u00e2ndulas sudor\u00edparas,<\/strong> ele ajuda a regular a temperatura corporal e eliminar toxinas. O excesso de s\u00f3dio no corpo \u00e9 expelido pelo suor, tornando-o salgado.<\/p>\n\n\n\n<div class=\"wp-block-image\"><figure class=\"aligncenter size-large\"><img loading=\"lazy\" decoding=\"async\" width=\"612\" height=\"408\" src=\"https:\/\/jornalfatosenoticias.com.br\/wp-content\/uploads\/2025\/03\/curiosidade-lagrima_istock.jpg\" alt=\"\" class=\"wp-image-57541\" srcset=\"https:\/\/jornalfatosenoticias.com.br\/wp-content\/uploads\/2025\/03\/curiosidade-lagrima_istock.jpg 612w, https:\/\/jornalfatosenoticias.com.br\/wp-content\/uploads\/2025\/03\/curiosidade-lagrima_istock-300x200.jpg 300w\" sizes=\"auto, (max-width: 612px) 100vw, 612px\" \/><figcaption><em><span class=\"has-inline-color has-black-color\">(Foto: iStock)<\/span><\/em><\/figcaption><\/figure><\/div>\n\n\n\n<p>J\u00e1 as <strong>l\u00e1grimas<\/strong> s\u00e3o produzidas pelas gl\u00e2ndulas lacrimais para lubrificar e proteger os olhos contra infec\u00e7\u00f5es e irrita\u00e7\u00f5es. Sua composi\u00e7\u00e3o inclui sais minerais que auxiliam na estabilidade do filme lacrimal.<\/p>\n\n\n\n<div class=\"wp-block-image\"><figure class=\"aligncenter size-large is-resized\"><a href=\"https:\/\/www.controlsystems.com.br\/\"><img loading=\"lazy\" decoding=\"async\" src=\"https:\/\/jornalfatosenoticias.com.br\/wp-content\/uploads\/2020\/02\/CONTROL-CS.jpg\" alt=\"\" class=\"wp-image-44991\" width=\"309\" height=\"371\" srcset=\"https:\/\/jornalfatosenoticias.com.br\/wp-content\/uploads\/2020\/02\/CONTROL-CS.jpg 834w, https:\/\/jornalfatosenoticias.com.br\/wp-content\/uploads\/2020\/02\/CONTROL-CS-250x300.jpg 250w, https:\/\/jornalfatosenoticias.com.br\/wp-content\/uploads\/2020\/02\/CONTROL-CS-768x921.jpg 768w\" sizes=\"auto, (max-width: 309px) 100vw, 309px\" \/><\/a><\/figure><\/div>\n\n\n\n<p>Por outro lado, a <strong>saliva<\/strong> \u00e9 produzida pelas <strong>gl\u00e2ndulas salivares<\/strong> e tem uma composi\u00e7\u00e3o bem diferente. Embora contenha alguns sais minerais, sua maior parte \u00e9 composta por \u00e1gua (cerca de 99%) e <strong>prote\u00ednas como a amilase,<\/strong> que inicia a digest\u00e3o dos carboidratos. Essa diferen\u00e7a de composi\u00e7\u00e3o faz com que a saliva tenha um sabor neutro ou levemente adocicado, pois cont\u00e9m enzimas que come\u00e7am a quebrar os amidos em a\u00e7\u00facares simples.<\/p>\n\n\n\n<div class=\"wp-block-image\"><figure class=\"aligncenter size-large is-resized\"><a href=\"https:\/\/www.legisjuris.com.br\/\"><img loading=\"lazy\" decoding=\"async\" src=\"https:\/\/jornalfatosenoticias.com.br\/wp-content\/uploads\/2024\/09\/Legis-Juris-Consultoria_logo.jpg\" alt=\"\" class=\"wp-image-53915\" width=\"494\" height=\"207\" srcset=\"https:\/\/jornalfatosenoticias.com.br\/wp-content\/uploads\/2024\/09\/Legis-Juris-Consultoria_logo.jpg 969w, https:\/\/jornalfatosenoticias.com.br\/wp-content\/uploads\/2024\/09\/Legis-Juris-Consultoria_logo-300x126.jpg 300w, https:\/\/jornalfatosenoticias.com.br\/wp-content\/uploads\/2024\/09\/Legis-Juris-Consultoria_logo-768x322.jpg 768w\" sizes=\"auto, (max-width: 494px) 100vw, 494px\" \/><\/a><\/figure><\/div>\n\n\n\n<p><strong><span class=\"has-inline-color has-black-color\">O motivo pelo qual o suor e as l\u00e1grimas s\u00e3o salgados e a saliva n\u00e3o est\u00e1 apenas na composi\u00e7\u00e3o, mas tamb\u00e9m nas fun\u00e7\u00f5es espec\u00edficas de cada fluido:<\/span><\/strong><\/p>\n\n\n\n<div class=\"wp-block-image\"><figure class=\"aligncenter size-large\"><img loading=\"lazy\" decoding=\"async\" width=\"1000\" height=\"665\" src=\"https:\/\/jornalfatosenoticias.com.br\/wp-content\/uploads\/2025\/03\/curiosidade-suor_freepik.jpg\" alt=\"\" class=\"wp-image-57540\" srcset=\"https:\/\/jornalfatosenoticias.com.br\/wp-content\/uploads\/2025\/03\/curiosidade-suor_freepik.jpg 1000w, https:\/\/jornalfatosenoticias.com.br\/wp-content\/uploads\/2025\/03\/curiosidade-suor_freepik-300x200.jpg 300w, https:\/\/jornalfatosenoticias.com.br\/wp-content\/uploads\/2025\/03\/curiosidade-suor_freepik-768x511.jpg 768w\" sizes=\"auto, (max-width: 1000px) 100vw, 1000px\" \/><figcaption><em><span class=\"has-inline-color has-black-color\">(Foto: Freepik)<\/span><\/em><\/figcaption><\/figure><\/div>\n\n\n\n<p><strong>\u2713<\/strong> <strong>O suor e as l\u00e1grimas ajudam na excre\u00e7\u00e3o de subst\u00e2ncias do corpo,<\/strong> especialmente s\u00f3dio, que precisa ser regulado para manter o equil\u00edbrio dos fluidos corporais.<br><strong>\u2713<\/strong> <strong>A saliva tem um papel essencial na digest\u00e3o, <\/strong>umidificando os alimentos e facilitando a mastiga\u00e7\u00e3o. Se fosse salgada, poderia interferir no paladar e no processo digestivo.<\/p>\n\n\n\n<div class=\"wp-block-image\"><figure class=\"aligncenter size-large is-resized\"><a href=\"https:\/\/www.instagram.com\/vmais.midias\/\"><img loading=\"lazy\" decoding=\"async\" src=\"https:\/\/jornalfatosenoticias.com.br\/wp-content\/uploads\/2020\/02\/DE-MAIS-DESTAQUE-VMAIS-800X700.png\" alt=\"\" class=\"wp-image-53112\" width=\"323\" height=\"282\" srcset=\"https:\/\/jornalfatosenoticias.com.br\/wp-content\/uploads\/2020\/02\/DE-MAIS-DESTAQUE-VMAIS-800X700.png 800w, https:\/\/jornalfatosenoticias.com.br\/wp-content\/uploads\/2020\/02\/DE-MAIS-DESTAQUE-VMAIS-800X700-300x263.png 300w, https:\/\/jornalfatosenoticias.com.br\/wp-content\/uploads\/2020\/02\/DE-MAIS-DESTAQUE-VMAIS-800X700-768x672.png 768w\" sizes=\"auto, (max-width: 323px) 100vw, 323px\" \/><\/a><\/figure><\/div>\n\n\n\n<p>Em resumo, essa diferen\u00e7a biol\u00f3gica mostra como o corpo humano \u00e9 bem ajustado para atender \u00e0s suas necessidades. Enquanto o suor e as l\u00e1grimas eliminam s\u00f3dio, a saliva favorece a digest\u00e3o e a prote\u00e7\u00e3o da boca.<\/p>\n\n\n\n<p><strong><em>Fonte: <a href=\"https:\/\/olhardigital.com.br\/2025\/02\/27\/medicina-e-saude\/por-que-o-suor-e-as-lagrimas-sao-salgados-mas-a-saliva-nao\/\">Olhar Digital<\/a><\/em><\/strong><\/p>\n","protected":false},"excerpt":{"rendered":"<p>O gosto de cada fluido corporal n\u00e3o \u00e9 apenas uma curiosidade, mas uma estrat\u00e9gia natural para manter o organismo funcionando corretamente Por Kelvin Le\u00e3o Nunes da Costa Voc\u00ea certamente j\u00e1 percebeu que as l\u00e1grimas\u00a0e o suor t\u00eam um gosto salgado, mas nunca sentiu o mesmo ao engolir\u00a0saliva. Isso pode ter levado \u00e0 pergunta: por que [&hellip;]<\/p>\n","protected":false},"author":2,"featured_media":57542,"comment_status":"open","ping_status":"open","sticky":false,"template":"","format":"standard","meta":{"footnotes":""},"categories":[5],"tags":[26259,26258,4372,5477,8499],"class_list":["post-57539","post","type-post","status-publish","format-standard","has-post-thumbnail","hentry","category-geral","tag-fluido-corporal","tag-glandulas-sudoriparas","tag-lagrimas","tag-saliva","tag-suor"],"yoast_head":"<!-- This site is optimized with the Yoast SEO plugin v26.5 - https:\/\/yoast.com\/wordpress\/plugins\/seo\/ -->\n<title>Por que o suor e as l\u00e1grimas s\u00e3o salgados, mas a saliva, n\u00e3o? - Jornal Fatos e Not\u00edcias<\/title>\n<meta name=\"robots\" content=\"index, follow, max-snippet:-1, max-image-preview:large, max-video-preview:-1\" \/>\n<link rel=\"canonical\" href=\"https:\/\/jornalfatosenoticias.com.br\/index.php\/2025\/03\/07\/por-que-o-suor-e-as-lagrimas-sao-salgados-mas-a-saliva-nao\/\" \/>\n<meta property=\"og:locale\" content=\"pt_BR\" \/>\n<meta property=\"og:type\" content=\"article\" \/>\n<meta property=\"og:title\" content=\"Por que o suor e as l\u00e1grimas s\u00e3o salgados, mas a saliva, n\u00e3o? - Jornal Fatos e Not\u00edcias\" \/>\n<meta property=\"og:description\" content=\"O gosto de cada fluido corporal n\u00e3o \u00e9 apenas uma curiosidade, mas uma estrat\u00e9gia natural para manter o organismo funcionando corretamente Por Kelvin Le\u00e3o Nunes da Costa Voc\u00ea certamente j\u00e1 percebeu que as l\u00e1grimas\u00a0e o suor t\u00eam um gosto salgado, mas nunca sentiu o mesmo ao engolir\u00a0saliva. Isso pode ter levado \u00e0 pergunta: por que [&hellip;]\" \/>\n<meta property=\"og:url\" content=\"https:\/\/jornalfatosenoticias.com.br\/index.php\/2025\/03\/07\/por-que-o-suor-e-as-lagrimas-sao-salgados-mas-a-saliva-nao\/\" \/>\n<meta property=\"og:site_name\" content=\"Jornal Fatos e Not\u00edcias\" \/>\n<meta property=\"article:published_time\" content=\"2025-03-07T15:46:54+00:00\" \/>\n<meta property=\"article:modified_time\" content=\"2025-03-07T15:46:55+00:00\" \/>\n<meta property=\"og:image\" content=\"https:\/\/jornalfatosenoticias.com.br\/wp-content\/uploads\/2025\/03\/curiosidade-lingua_freepik.jpg\" \/>\n\t<meta property=\"og:image:width\" content=\"1000\" \/>\n\t<meta property=\"og:image:height\" content=\"666\" \/>\n\t<meta property=\"og:image:type\" content=\"image\/jpeg\" \/>\n<meta name=\"author\" content=\"Luzimara Fernandes\" \/>\n<meta name=\"twitter:card\" content=\"summary_large_image\" \/>\n<meta name=\"twitter:label1\" content=\"Escrito por\" \/>\n\t<meta name=\"twitter:data1\" content=\"Luzimara Fernandes\" \/>\n\t<meta name=\"twitter:label2\" content=\"Est. tempo de leitura\" \/>\n\t<meta name=\"twitter:data2\" content=\"2 minutos\" \/>\n<script type=\"application\/ld+json\" class=\"yoast-schema-graph\">{\"@context\":\"https:\/\/schema.org\",\"@graph\":[{\"@type\":\"Article\",\"@id\":\"https:\/\/jornalfatosenoticias.com.br\/index.php\/2025\/03\/07\/por-que-o-suor-e-as-lagrimas-sao-salgados-mas-a-saliva-nao\/#article\",\"isPartOf\":{\"@id\":\"https:\/\/jornalfatosenoticias.com.br\/index.php\/2025\/03\/07\/por-que-o-suor-e-as-lagrimas-sao-salgados-mas-a-saliva-nao\/\"},\"author\":{\"name\":\"Luzimara Fernandes\",\"@id\":\"https:\/\/jornalfatosenoticias.com.br\/#\/schema\/person\/d63837fa13ac8666eb9e74e0985d6f81\"},\"headline\":\"Por que o suor e as l\u00e1grimas s\u00e3o salgados, mas a saliva, n\u00e3o?\",\"datePublished\":\"2025-03-07T15:46:54+00:00\",\"dateModified\":\"2025-03-07T15:46:55+00:00\",\"mainEntityOfPage\":{\"@id\":\"https:\/\/jornalfatosenoticias.com.br\/index.php\/2025\/03\/07\/por-que-o-suor-e-as-lagrimas-sao-salgados-mas-a-saliva-nao\/\"},\"wordCount\":443,\"commentCount\":0,\"publisher\":{\"@id\":\"https:\/\/jornalfatosenoticias.com.br\/#organization\"},\"image\":{\"@id\":\"https:\/\/jornalfatosenoticias.com.br\/index.php\/2025\/03\/07\/por-que-o-suor-e-as-lagrimas-sao-salgados-mas-a-saliva-nao\/#primaryimage\"},\"thumbnailUrl\":\"https:\/\/jornalfatosenoticias.com.br\/wp-content\/uploads\/2025\/03\/curiosidade-lingua_freepik.jpg\",\"keywords\":[\"fluido corporal\",\"gl\u00e2ndulas sudor\u00edparas\",\"l\u00e1grimas\",\"saliva\",\"suor\"],\"articleSection\":[\"Geral\"],\"inLanguage\":\"pt-BR\",\"potentialAction\":[{\"@type\":\"CommentAction\",\"name\":\"Comment\",\"target\":[\"https:\/\/jornalfatosenoticias.com.br\/index.php\/2025\/03\/07\/por-que-o-suor-e-as-lagrimas-sao-salgados-mas-a-saliva-nao\/#respond\"]}]},{\"@type\":\"WebPage\",\"@id\":\"https:\/\/jornalfatosenoticias.com.br\/index.php\/2025\/03\/07\/por-que-o-suor-e-as-lagrimas-sao-salgados-mas-a-saliva-nao\/\",\"url\":\"https:\/\/jornalfatosenoticias.com.br\/index.php\/2025\/03\/07\/por-que-o-suor-e-as-lagrimas-sao-salgados-mas-a-saliva-nao\/\",\"name\":\"Por que o suor e as l\u00e1grimas s\u00e3o salgados, mas a saliva, n\u00e3o? - Jornal Fatos e Not\u00edcias\",\"isPartOf\":{\"@id\":\"https:\/\/jornalfatosenoticias.com.br\/#website\"},\"primaryImageOfPage\":{\"@id\":\"https:\/\/jornalfatosenoticias.com.br\/index.php\/2025\/03\/07\/por-que-o-suor-e-as-lagrimas-sao-salgados-mas-a-saliva-nao\/#primaryimage\"},\"image\":{\"@id\":\"https:\/\/jornalfatosenoticias.com.br\/index.php\/2025\/03\/07\/por-que-o-suor-e-as-lagrimas-sao-salgados-mas-a-saliva-nao\/#primaryimage\"},\"thumbnailUrl\":\"https:\/\/jornalfatosenoticias.com.br\/wp-content\/uploads\/2025\/03\/curiosidade-lingua_freepik.jpg\",\"datePublished\":\"2025-03-07T15:46:54+00:00\",\"dateModified\":\"2025-03-07T15:46:55+00:00\",\"breadcrumb\":{\"@id\":\"https:\/\/jornalfatosenoticias.com.br\/index.php\/2025\/03\/07\/por-que-o-suor-e-as-lagrimas-sao-salgados-mas-a-saliva-nao\/#breadcrumb\"},\"inLanguage\":\"pt-BR\",\"potentialAction\":[{\"@type\":\"ReadAction\",\"target\":[\"https:\/\/jornalfatosenoticias.com.br\/index.php\/2025\/03\/07\/por-que-o-suor-e-as-lagrimas-sao-salgados-mas-a-saliva-nao\/\"]}]},{\"@type\":\"ImageObject\",\"inLanguage\":\"pt-BR\",\"@id\":\"https:\/\/jornalfatosenoticias.com.br\/index.php\/2025\/03\/07\/por-que-o-suor-e-as-lagrimas-sao-salgados-mas-a-saliva-nao\/#primaryimage\",\"url\":\"https:\/\/jornalfatosenoticias.com.br\/wp-content\/uploads\/2025\/03\/curiosidade-lingua_freepik.jpg\",\"contentUrl\":\"https:\/\/jornalfatosenoticias.com.br\/wp-content\/uploads\/2025\/03\/curiosidade-lingua_freepik.jpg\",\"width\":1000,\"height\":666},{\"@type\":\"BreadcrumbList\",\"@id\":\"https:\/\/jornalfatosenoticias.com.br\/index.php\/2025\/03\/07\/por-que-o-suor-e-as-lagrimas-sao-salgados-mas-a-saliva-nao\/#breadcrumb\",\"itemListElement\":[{\"@type\":\"ListItem\",\"position\":1,\"name\":\"In\u00edcio\",\"item\":\"https:\/\/jornalfatosenoticias.com.br\/\"},{\"@type\":\"ListItem\",\"position\":2,\"name\":\"Por que o suor e as l\u00e1grimas s\u00e3o salgados, mas a saliva, n\u00e3o?\"}]},{\"@type\":\"WebSite\",\"@id\":\"https:\/\/jornalfatosenoticias.com.br\/#website\",\"url\":\"https:\/\/jornalfatosenoticias.com.br\/\",\"name\":\"Jornal Fatos e Not\u00edcias\",\"description\":\"Not\u00edcias em geral\",\"publisher\":{\"@id\":\"https:\/\/jornalfatosenoticias.com.br\/#organization\"},\"potentialAction\":[{\"@type\":\"SearchAction\",\"target\":{\"@type\":\"EntryPoint\",\"urlTemplate\":\"https:\/\/jornalfatosenoticias.com.br\/?s={search_term_string}\"},\"query-input\":{\"@type\":\"PropertyValueSpecification\",\"valueRequired\":true,\"valueName\":\"search_term_string\"}}],\"inLanguage\":\"pt-BR\"},{\"@type\":\"Organization\",\"@id\":\"https:\/\/jornalfatosenoticias.com.br\/#organization\",\"name\":\"Jornal Fatos e Not\u00edcias\",\"url\":\"https:\/\/jornalfatosenoticias.com.br\/\",\"logo\":{\"@type\":\"ImageObject\",\"inLanguage\":\"pt-BR\",\"@id\":\"https:\/\/jornalfatosenoticias.com.br\/#\/schema\/logo\/image\/\",\"url\":\"https:\/\/jornalfatosenoticias.com.br\/wp-content\/uploads\/2020\/02\/logo120.png\",\"contentUrl\":\"https:\/\/jornalfatosenoticias.com.br\/wp-content\/uploads\/2020\/02\/logo120.png\",\"width\":1227,\"height\":120,\"caption\":\"Jornal Fatos e Not\u00edcias\"},\"image\":{\"@id\":\"https:\/\/jornalfatosenoticias.com.br\/#\/schema\/logo\/image\/\"}},{\"@type\":\"Person\",\"@id\":\"https:\/\/jornalfatosenoticias.com.br\/#\/schema\/person\/d63837fa13ac8666eb9e74e0985d6f81\",\"name\":\"Luzimara Fernandes\",\"image\":{\"@type\":\"ImageObject\",\"inLanguage\":\"pt-BR\",\"@id\":\"https:\/\/jornalfatosenoticias.com.br\/#\/schema\/person\/image\/\",\"url\":\"https:\/\/jornalfatosenoticias.com.br\/wp-content\/uploads\/2025\/05\/EU_portal.jpg\",\"contentUrl\":\"https:\/\/jornalfatosenoticias.com.br\/wp-content\/uploads\/2025\/05\/EU_portal.jpg\",\"caption\":\"Luzimara Fernandes\"},\"description\":\"Jornalista MTB 2358-ES\",\"sameAs\":[\"https:\/\/jornalfatosenoticias.com.br\"],\"url\":\"https:\/\/jornalfatosenoticias.com.br\/index.php\/author\/luzimara\/\"}]}<\/script>\n<!-- \/ Yoast SEO plugin. -->","yoast_head_json":{"title":"Por que o suor e as l\u00e1grimas s\u00e3o salgados, mas a saliva, n\u00e3o? - Jornal Fatos e Not\u00edcias","robots":{"index":"index","follow":"follow","max-snippet":"max-snippet:-1","max-image-preview":"max-image-preview:large","max-video-preview":"max-video-preview:-1"},"canonical":"https:\/\/jornalfatosenoticias.com.br\/index.php\/2025\/03\/07\/por-que-o-suor-e-as-lagrimas-sao-salgados-mas-a-saliva-nao\/","og_locale":"pt_BR","og_type":"article","og_title":"Por que o suor e as l\u00e1grimas s\u00e3o salgados, mas a saliva, n\u00e3o? - Jornal Fatos e Not\u00edcias","og_description":"O gosto de cada fluido corporal n\u00e3o \u00e9 apenas uma curiosidade, mas uma estrat\u00e9gia natural para manter o organismo funcionando corretamente Por Kelvin Le\u00e3o Nunes da Costa Voc\u00ea certamente j\u00e1 percebeu que as l\u00e1grimas\u00a0e o suor t\u00eam um gosto salgado, mas nunca sentiu o mesmo ao engolir\u00a0saliva. Isso pode ter levado \u00e0 pergunta: por que [&hellip;]","og_url":"https:\/\/jornalfatosenoticias.com.br\/index.php\/2025\/03\/07\/por-que-o-suor-e-as-lagrimas-sao-salgados-mas-a-saliva-nao\/","og_site_name":"Jornal Fatos e Not\u00edcias","article_published_time":"2025-03-07T15:46:54+00:00","article_modified_time":"2025-03-07T15:46:55+00:00","og_image":[{"width":1000,"height":666,"url":"https:\/\/jornalfatosenoticias.com.br\/wp-content\/uploads\/2025\/03\/curiosidade-lingua_freepik.jpg","type":"image\/jpeg"}],"author":"Luzimara Fernandes","twitter_card":"summary_large_image","twitter_misc":{"Escrito por":"Luzimara Fernandes","Est. tempo de leitura":"2 minutos"},"schema":{"@context":"https:\/\/schema.org","@graph":[{"@type":"Article","@id":"https:\/\/jornalfatosenoticias.com.br\/index.php\/2025\/03\/07\/por-que-o-suor-e-as-lagrimas-sao-salgados-mas-a-saliva-nao\/#article","isPartOf":{"@id":"https:\/\/jornalfatosenoticias.com.br\/index.php\/2025\/03\/07\/por-que-o-suor-e-as-lagrimas-sao-salgados-mas-a-saliva-nao\/"},"author":{"name":"Luzimara Fernandes","@id":"https:\/\/jornalfatosenoticias.com.br\/#\/schema\/person\/d63837fa13ac8666eb9e74e0985d6f81"},"headline":"Por que o suor e as l\u00e1grimas s\u00e3o salgados, mas a saliva, n\u00e3o?","datePublished":"2025-03-07T15:46:54+00:00","dateModified":"2025-03-07T15:46:55+00:00","mainEntityOfPage":{"@id":"https:\/\/jornalfatosenoticias.com.br\/index.php\/2025\/03\/07\/por-que-o-suor-e-as-lagrimas-sao-salgados-mas-a-saliva-nao\/"},"wordCount":443,"commentCount":0,"publisher":{"@id":"https:\/\/jornalfatosenoticias.com.br\/#organization"},"image":{"@id":"https:\/\/jornalfatosenoticias.com.br\/index.php\/2025\/03\/07\/por-que-o-suor-e-as-lagrimas-sao-salgados-mas-a-saliva-nao\/#primaryimage"},"thumbnailUrl":"https:\/\/jornalfatosenoticias.com.br\/wp-content\/uploads\/2025\/03\/curiosidade-lingua_freepik.jpg","keywords":["fluido corporal","gl\u00e2ndulas sudor\u00edparas","l\u00e1grimas","saliva","suor"],"articleSection":["Geral"],"inLanguage":"pt-BR","potentialAction":[{"@type":"CommentAction","name":"Comment","target":["https:\/\/jornalfatosenoticias.com.br\/index.php\/2025\/03\/07\/por-que-o-suor-e-as-lagrimas-sao-salgados-mas-a-saliva-nao\/#respond"]}]},{"@type":"WebPage","@id":"https:\/\/jornalfatosenoticias.com.br\/index.php\/2025\/03\/07\/por-que-o-suor-e-as-lagrimas-sao-salgados-mas-a-saliva-nao\/","url":"https:\/\/jornalfatosenoticias.com.br\/index.php\/2025\/03\/07\/por-que-o-suor-e-as-lagrimas-sao-salgados-mas-a-saliva-nao\/","name":"Por que o suor e as l\u00e1grimas s\u00e3o salgados, mas a saliva, n\u00e3o? - Jornal Fatos e Not\u00edcias","isPartOf":{"@id":"https:\/\/jornalfatosenoticias.com.br\/#website"},"primaryImageOfPage":{"@id":"https:\/\/jornalfatosenoticias.com.br\/index.php\/2025\/03\/07\/por-que-o-suor-e-as-lagrimas-sao-salgados-mas-a-saliva-nao\/#primaryimage"},"image":{"@id":"https:\/\/jornalfatosenoticias.com.br\/index.php\/2025\/03\/07\/por-que-o-suor-e-as-lagrimas-sao-salgados-mas-a-saliva-nao\/#primaryimage"},"thumbnailUrl":"https:\/\/jornalfatosenoticias.com.br\/wp-content\/uploads\/2025\/03\/curiosidade-lingua_freepik.jpg","datePublished":"2025-03-07T15:46:54+00:00","dateModified":"2025-03-07T15:46:55+00:00","breadcrumb":{"@id":"https:\/\/jornalfatosenoticias.com.br\/index.php\/2025\/03\/07\/por-que-o-suor-e-as-lagrimas-sao-salgados-mas-a-saliva-nao\/#breadcrumb"},"inLanguage":"pt-BR","potentialAction":[{"@type":"ReadAction","target":["https:\/\/jornalfatosenoticias.com.br\/index.php\/2025\/03\/07\/por-que-o-suor-e-as-lagrimas-sao-salgados-mas-a-saliva-nao\/"]}]},{"@type":"ImageObject","inLanguage":"pt-BR","@id":"https:\/\/jornalfatosenoticias.com.br\/index.php\/2025\/03\/07\/por-que-o-suor-e-as-lagrimas-sao-salgados-mas-a-saliva-nao\/#primaryimage","url":"https:\/\/jornalfatosenoticias.com.br\/wp-content\/uploads\/2025\/03\/curiosidade-lingua_freepik.jpg","contentUrl":"https:\/\/jornalfatosenoticias.com.br\/wp-content\/uploads\/2025\/03\/curiosidade-lingua_freepik.jpg","width":1000,"height":666},{"@type":"BreadcrumbList","@id":"https:\/\/jornalfatosenoticias.com.br\/index.php\/2025\/03\/07\/por-que-o-suor-e-as-lagrimas-sao-salgados-mas-a-saliva-nao\/#breadcrumb","itemListElement":[{"@type":"ListItem","position":1,"name":"In\u00edcio","item":"https:\/\/jornalfatosenoticias.com.br\/"},{"@type":"ListItem","position":2,"name":"Por que o suor e as l\u00e1grimas s\u00e3o salgados, mas a saliva, n\u00e3o?"}]},{"@type":"WebSite","@id":"https:\/\/jornalfatosenoticias.com.br\/#website","url":"https:\/\/jornalfatosenoticias.com.br\/","name":"Jornal Fatos e Not\u00edcias","description":"Not\u00edcias em geral","publisher":{"@id":"https:\/\/jornalfatosenoticias.com.br\/#organization"},"potentialAction":[{"@type":"SearchAction","target":{"@type":"EntryPoint","urlTemplate":"https:\/\/jornalfatosenoticias.com.br\/?s={search_term_string}"},"query-input":{"@type":"PropertyValueSpecification","valueRequired":true,"valueName":"search_term_string"}}],"inLanguage":"pt-BR"},{"@type":"Organization","@id":"https:\/\/jornalfatosenoticias.com.br\/#organization","name":"Jornal Fatos e Not\u00edcias","url":"https:\/\/jornalfatosenoticias.com.br\/","logo":{"@type":"ImageObject","inLanguage":"pt-BR","@id":"https:\/\/jornalfatosenoticias.com.br\/#\/schema\/logo\/image\/","url":"https:\/\/jornalfatosenoticias.com.br\/wp-content\/uploads\/2020\/02\/logo120.png","contentUrl":"https:\/\/jornalfatosenoticias.com.br\/wp-content\/uploads\/2020\/02\/logo120.png","width":1227,"height":120,"caption":"Jornal Fatos e Not\u00edcias"},"image":{"@id":"https:\/\/jornalfatosenoticias.com.br\/#\/schema\/logo\/image\/"}},{"@type":"Person","@id":"https:\/\/jornalfatosenoticias.com.br\/#\/schema\/person\/d63837fa13ac8666eb9e74e0985d6f81","name":"Luzimara Fernandes","image":{"@type":"ImageObject","inLanguage":"pt-BR","@id":"https:\/\/jornalfatosenoticias.com.br\/#\/schema\/person\/image\/","url":"https:\/\/jornalfatosenoticias.com.br\/wp-content\/uploads\/2025\/05\/EU_portal.jpg","contentUrl":"https:\/\/jornalfatosenoticias.com.br\/wp-content\/uploads\/2025\/05\/EU_portal.jpg","caption":"Luzimara Fernandes"},"description":"Jornalista MTB 2358-ES","sameAs":["https:\/\/jornalfatosenoticias.com.br"],"url":"https:\/\/jornalfatosenoticias.com.br\/index.php\/author\/luzimara\/"}]}},"cc_featured_image_caption":{"caption_text":"(Foto: Freepik) ","source_text":"","source_url":""},"jetpack_featured_media_url":"https:\/\/jornalfatosenoticias.com.br\/wp-content\/uploads\/2025\/03\/curiosidade-lingua_freepik.jpg","_links":{"self":[{"href":"https:\/\/jornalfatosenoticias.com.br\/index.php\/wp-json\/wp\/v2\/posts\/57539","targetHints":{"allow":["GET"]}}],"collection":[{"href":"https:\/\/jornalfatosenoticias.com.br\/index.php\/wp-json\/wp\/v2\/posts"}],"about":[{"href":"https:\/\/jornalfatosenoticias.com.br\/index.php\/wp-json\/wp\/v2\/types\/post"}],"author":[{"embeddable":true,"href":"https:\/\/jornalfatosenoticias.com.br\/index.php\/wp-json\/wp\/v2\/users\/2"}],"replies":[{"embeddable":true,"href":"https:\/\/jornalfatosenoticias.com.br\/index.php\/wp-json\/wp\/v2\/comments?post=57539"}],"version-history":[{"count":0,"href":"https:\/\/jornalfatosenoticias.com.br\/index.php\/wp-json\/wp\/v2\/posts\/57539\/revisions"}],"wp:featuredmedia":[{"embeddable":true,"href":"https:\/\/jornalfatosenoticias.com.br\/index.php\/wp-json\/wp\/v2\/media\/57542"}],"wp:attachment":[{"href":"https:\/\/jornalfatosenoticias.com.br\/index.php\/wp-json\/wp\/v2\/media?parent=57539"}],"wp:term":[{"taxonomy":"category","embeddable":true,"href":"https:\/\/jornalfatosenoticias.com.br\/index.php\/wp-json\/wp\/v2\/categories?post=57539"},{"taxonomy":"post_tag","embeddable":true,"href":"https:\/\/jornalfatosenoticias.com.br\/index.php\/wp-json\/wp\/v2\/tags?post=57539"}],"curies":[{"name":"wp","href":"https:\/\/api.w.org\/{rel}","templated":true}]}}