{"id":57544,"date":"2025-03-07T12:54:07","date_gmt":"2025-03-07T15:54:07","guid":{"rendered":"https:\/\/jornalfatosenoticias.com.br\/?p=57544"},"modified":"2025-03-07T12:54:08","modified_gmt":"2025-03-07T15:54:08","slug":"tesla-testa-solucao-criativa-para-evitar-furtos-de-carregadores","status":"publish","type":"post","link":"https:\/\/jornalfatosenoticias.com.br\/index.php\/2025\/03\/07\/tesla-testa-solucao-criativa-para-evitar-furtos-de-carregadores\/","title":{"rendered":"Tesla testa solu\u00e7\u00e3o criativa para evitar furtos de carregadores"},"content":{"rendered":"\n<p><em><span class=\"has-inline-color has-black-color\">Tecnologia &#8220;DyeDefender&#8221; instalada nos cabos solta tinta azul quando cortados; empresa vai aplicar selo para identificar pe\u00e7as vandalizadas<\/span><\/em><\/p>\n\n\n\n<p><span class=\"has-inline-color has-black-color\">Por <strong><a href=\"https:\/\/olhardigital.com.br\/author\/bruna-barone\/\">Bruna Barone<\/a><\/strong><\/span><\/p>\n\n\n\n<div class=\"wp-block-image\"><figure class=\"aligncenter size-large\"><a href=\"https:\/\/www.instagram.com\/rcradiadores\/\"><img loading=\"lazy\" decoding=\"async\" width=\"560\" height=\"60\" src=\"https:\/\/jornalfatosenoticias.com.br\/wp-content\/uploads\/2022\/10\/Propaganda-RC-Radiadores-Jornal_page-0001.jpg\" alt=\"\" class=\"wp-image-35270\" srcset=\"https:\/\/jornalfatosenoticias.com.br\/wp-content\/uploads\/2022\/10\/Propaganda-RC-Radiadores-Jornal_page-0001.jpg 560w, https:\/\/jornalfatosenoticias.com.br\/wp-content\/uploads\/2022\/10\/Propaganda-RC-Radiadores-Jornal_page-0001-300x32.jpg 300w\" sizes=\"auto, (max-width: 560px) 100vw, 560px\" \/><\/a><\/figure><\/div>\n\n\n\n<p>A <a href=\"https:\/\/olhardigital.com.br\/tag\/tesla\/\" target=\"_blank\" rel=\"noreferrer noopener\"><strong>Tesla<\/strong><\/a>\u00a0virou alvo de uma\u00a0<strong>onda de vandalismo<\/strong>\u00a0nos\u00a0<a href=\"https:\/\/olhardigital.com.br\/tag\/estados-unidos\/\" target=\"_blank\" rel=\"noreferrer noopener\"><strong>Estados Unidos<\/strong><\/a>. Ladr\u00f5es t\u00eam\u00a0<strong>furtado cabos de carregamento\u00a0<\/strong>das esta\u00e7\u00f5es Superchargers, produzido com metal avaliado em at\u00e9\u00a0<strong>US$ 5,20 (R$ 29,78, na convers\u00e3o direta) por libra<\/strong>, segundo o\u00a0<strong><a href=\"https:\/\/futurism.com\/tesla-installing-anti-theft-supercharger\" target=\"_blank\" rel=\"noreferrer noopener\"><em>Futurism<\/em><\/a>.<\/strong> A empresa de <a href=\"https:\/\/olhardigital.com.br\/tag\/elon-musk\/\" target=\"_blank\" rel=\"noreferrer noopener\"><strong>Elon Musk<\/strong><\/a>\u00a0\u00e9 a maior operadora de esta\u00e7\u00f5es de carregamento r\u00e1pido CC. Por isso, virou presa f\u00e1cil em cen\u00e1rio de pontos de recarga insuficientes,\u00a0<strong>sem a presen\u00e7a de qualquer\u00a0<a href=\"https:\/\/olhardigital.com.br\/tag\/seguranca\" target=\"_blank\" rel=\"noreferrer noopener\">seguran\u00e7a<\/a>\u00a0f\u00edsica<\/strong>.<br>Mas a montadora j\u00e1 tem planos para tentar virar o jogo. Em publica\u00e7\u00e3o no X, o diretor de carregamento da Tesla, Max de Zegher, informou que <strong>est\u00e1 testando tecnologia antirroubo<\/strong>. Isso inclui os chamados \u201c<strong>DyeDefender<\/strong>\u201d produzidos pela empresa CatStrap para cabos de carregadores que\u00a0<strong>soltam tinta azul quando cortados<\/strong>, al\u00e9m de\u00a0<strong>selos nos pr\u00f3prios fios<\/strong> que sinalizam os materiais roubados em centros de reciclagem. <\/p>\n\n\n\n<div class=\"wp-block-image\"><figure class=\"aligncenter size-large is-resized\"><a href=\"https:\/\/www.instagram.com\/esteiochurrascaria\/\"><img loading=\"lazy\" decoding=\"async\" src=\"https:\/\/jornalfatosenoticias.com.br\/wp-content\/uploads\/2022\/02\/LOGO-ESTEIO-1024x730.png\" alt=\"\" class=\"wp-image-27942\" width=\"341\" height=\"243\" srcset=\"https:\/\/jornalfatosenoticias.com.br\/wp-content\/uploads\/2022\/02\/LOGO-ESTEIO-1024x730.png 1024w, https:\/\/jornalfatosenoticias.com.br\/wp-content\/uploads\/2022\/02\/LOGO-ESTEIO-300x214.png 300w, https:\/\/jornalfatosenoticias.com.br\/wp-content\/uploads\/2022\/02\/LOGO-ESTEIO-768x548.png 768w, https:\/\/jornalfatosenoticias.com.br\/wp-content\/uploads\/2022\/02\/LOGO-ESTEIO.png 1123w\" sizes=\"auto, (max-width: 341px) 100vw, 341px\" \/><\/a><\/figure><\/div>\n\n\n\n<blockquote class=\"wp-block-quote is-layout-flow wp-block-quote-is-layout-flow\"><p><span class=\"has-inline-color has-luminous-vivid-orange-color\">Os cabos do supercarregador tamb\u00e9m ter\u00e3o a inscri\u00e7\u00e3o \u2018<strong>Propriedade da Tesla\u2019 <\/strong>da nossa f\u00e1brica em Buffalo, NY\u201d, ele escreveu, \u201cent\u00e3o, as empresas de reciclagem <strong>n\u00e3o devem aceit\u00e1-los e devem nos notificar<\/strong>\u201d.<\/span><\/p><\/blockquote>\n\n\n\n<div class=\"wp-block-image\"><figure class=\"aligncenter size-large is-resized\"><a href=\"https:\/\/www.instagram.com\/serra4x4cambioautomatico\/\"><img loading=\"lazy\" decoding=\"async\" src=\"https:\/\/jornalfatosenoticias.com.br\/wp-content\/uploads\/2024\/08\/Serra-4x4-1-886x1024.jpg\" alt=\"\" class=\"wp-image-53632\" width=\"308\" height=\"356\" srcset=\"https:\/\/jornalfatosenoticias.com.br\/wp-content\/uploads\/2024\/08\/Serra-4x4-1-886x1024.jpg 886w, https:\/\/jornalfatosenoticias.com.br\/wp-content\/uploads\/2024\/08\/Serra-4x4-1-260x300.jpg 260w, https:\/\/jornalfatosenoticias.com.br\/wp-content\/uploads\/2024\/08\/Serra-4x4-1-768x888.jpg 768w, https:\/\/jornalfatosenoticias.com.br\/wp-content\/uploads\/2024\/08\/Serra-4x4-1.jpg 1181w\" sizes=\"auto, (max-width: 308px) 100vw, 308px\" \/><\/a><\/figure><\/div>\n\n\n\n<p>Recentemente, um usu\u00e1rio do Reddit postou fotos do DyeDefender em <strong>cabos de nova esta\u00e7\u00e3o Supercharger em Seattle (EUA). <\/strong>Uma pequena bandeira amarela avisava que <strong>o envolt\u00f3rio estava \u201cpressurizado\u201d e n\u00e3o deveria ser cortado.<\/strong><\/p>\n\n\n\n<p><em><strong>Fonte: <a href=\"https:\/\/olhardigital.com.br\/2025\/02\/15\/carros-e-tecnologia\/tesla-testa-solucao-criativa-para-evitar-furtos-de-carregadores\/\">Olhar Digital<\/a><\/strong><\/em><\/p>\n","protected":false},"excerpt":{"rendered":"<p>Tecnologia &#8220;DyeDefender&#8221; instalada nos cabos solta tinta azul quando cortados; empresa vai aplicar selo para identificar pe\u00e7as vandalizadas Por Bruna Barone A Tesla\u00a0virou alvo de uma\u00a0onda de vandalismo\u00a0nos\u00a0Estados Unidos. Ladr\u00f5es t\u00eam\u00a0furtado cabos de carregamento\u00a0das esta\u00e7\u00f5es Superchargers, produzido com metal avaliado em at\u00e9\u00a0US$ 5,20 (R$ 29,78, na convers\u00e3o direta) por libra, segundo o\u00a0Futurism. A empresa de [&hellip;]<\/p>\n","protected":false},"author":2,"featured_media":57545,"comment_status":"open","ping_status":"open","sticky":false,"template":"","format":"standard","meta":{"footnotes":""},"categories":[3],"tags":[3599,26261,1751,26262,1632,26260],"class_list":["post-57544","post","type-post","status-publish","format-standard","has-post-thumbnail","hentry","category-tecnologia","tag-bateria","tag-carregadores-tesla","tag-estados-unidos","tag-supercharger","tag-tesla","tag-vandalismo"],"yoast_head":"<!-- This site is optimized with the Yoast SEO plugin v26.5 - https:\/\/yoast.com\/wordpress\/plugins\/seo\/ -->\n<title>Tesla testa solu\u00e7\u00e3o criativa para evitar furtos de carregadores - Jornal Fatos e Not\u00edcias<\/title>\n<meta name=\"robots\" content=\"index, follow, max-snippet:-1, max-image-preview:large, max-video-preview:-1\" \/>\n<link rel=\"canonical\" href=\"https:\/\/jornalfatosenoticias.com.br\/index.php\/2025\/03\/07\/tesla-testa-solucao-criativa-para-evitar-furtos-de-carregadores\/\" \/>\n<meta property=\"og:locale\" content=\"pt_BR\" \/>\n<meta property=\"og:type\" content=\"article\" \/>\n<meta property=\"og:title\" content=\"Tesla testa solu\u00e7\u00e3o criativa para evitar furtos de carregadores - Jornal Fatos e Not\u00edcias\" \/>\n<meta property=\"og:description\" content=\"Tecnologia &#8220;DyeDefender&#8221; instalada nos cabos solta tinta azul quando cortados; empresa vai aplicar selo para identificar pe\u00e7as vandalizadas Por Bruna Barone A Tesla\u00a0virou alvo de uma\u00a0onda de vandalismo\u00a0nos\u00a0Estados Unidos. Ladr\u00f5es t\u00eam\u00a0furtado cabos de carregamento\u00a0das esta\u00e7\u00f5es Superchargers, produzido com metal avaliado em at\u00e9\u00a0US$ 5,20 (R$ 29,78, na convers\u00e3o direta) por libra, segundo o\u00a0Futurism. A empresa de [&hellip;]\" \/>\n<meta property=\"og:url\" content=\"https:\/\/jornalfatosenoticias.com.br\/index.php\/2025\/03\/07\/tesla-testa-solucao-criativa-para-evitar-furtos-de-carregadores\/\" \/>\n<meta property=\"og:site_name\" content=\"Jornal Fatos e Not\u00edcias\" \/>\n<meta property=\"article:published_time\" content=\"2025-03-07T15:54:07+00:00\" \/>\n<meta property=\"article:modified_time\" content=\"2025-03-07T15:54:08+00:00\" \/>\n<meta property=\"og:image\" content=\"https:\/\/jornalfatosenoticias.com.br\/wp-content\/uploads\/2025\/03\/Tesla-carregadores.png\" \/>\n\t<meta property=\"og:image:width\" content=\"1000\" \/>\n\t<meta property=\"og:image:height\" content=\"518\" \/>\n\t<meta property=\"og:image:type\" content=\"image\/png\" \/>\n<meta name=\"author\" content=\"Luzimara Fernandes\" \/>\n<meta name=\"twitter:card\" content=\"summary_large_image\" \/>\n<meta name=\"twitter:label1\" content=\"Escrito por\" \/>\n\t<meta name=\"twitter:data1\" content=\"Luzimara Fernandes\" \/>\n\t<meta name=\"twitter:label2\" content=\"Est. tempo de leitura\" \/>\n\t<meta name=\"twitter:data2\" content=\"1 minuto\" \/>\n<script type=\"application\/ld+json\" class=\"yoast-schema-graph\">{\"@context\":\"https:\/\/schema.org\",\"@graph\":[{\"@type\":\"Article\",\"@id\":\"https:\/\/jornalfatosenoticias.com.br\/index.php\/2025\/03\/07\/tesla-testa-solucao-criativa-para-evitar-furtos-de-carregadores\/#article\",\"isPartOf\":{\"@id\":\"https:\/\/jornalfatosenoticias.com.br\/index.php\/2025\/03\/07\/tesla-testa-solucao-criativa-para-evitar-furtos-de-carregadores\/\"},\"author\":{\"name\":\"Luzimara Fernandes\",\"@id\":\"https:\/\/jornalfatosenoticias.com.br\/#\/schema\/person\/d63837fa13ac8666eb9e74e0985d6f81\"},\"headline\":\"Tesla testa solu\u00e7\u00e3o criativa para evitar furtos de carregadores\",\"datePublished\":\"2025-03-07T15:54:07+00:00\",\"dateModified\":\"2025-03-07T15:54:08+00:00\",\"mainEntityOfPage\":{\"@id\":\"https:\/\/jornalfatosenoticias.com.br\/index.php\/2025\/03\/07\/tesla-testa-solucao-criativa-para-evitar-furtos-de-carregadores\/\"},\"wordCount\":258,\"commentCount\":0,\"publisher\":{\"@id\":\"https:\/\/jornalfatosenoticias.com.br\/#organization\"},\"image\":{\"@id\":\"https:\/\/jornalfatosenoticias.com.br\/index.php\/2025\/03\/07\/tesla-testa-solucao-criativa-para-evitar-furtos-de-carregadores\/#primaryimage\"},\"thumbnailUrl\":\"https:\/\/jornalfatosenoticias.com.br\/wp-content\/uploads\/2025\/03\/Tesla-carregadores.png\",\"keywords\":[\"bateria\",\"carregadores Tesla\",\"Estados Unidos\",\"supercharger\",\"Tesla\",\"vandalismo\"],\"articleSection\":[\"Tecnologia &amp; Inova\u00e7\u00e3o\"],\"inLanguage\":\"pt-BR\",\"potentialAction\":[{\"@type\":\"CommentAction\",\"name\":\"Comment\",\"target\":[\"https:\/\/jornalfatosenoticias.com.br\/index.php\/2025\/03\/07\/tesla-testa-solucao-criativa-para-evitar-furtos-de-carregadores\/#respond\"]}]},{\"@type\":\"WebPage\",\"@id\":\"https:\/\/jornalfatosenoticias.com.br\/index.php\/2025\/03\/07\/tesla-testa-solucao-criativa-para-evitar-furtos-de-carregadores\/\",\"url\":\"https:\/\/jornalfatosenoticias.com.br\/index.php\/2025\/03\/07\/tesla-testa-solucao-criativa-para-evitar-furtos-de-carregadores\/\",\"name\":\"Tesla testa solu\u00e7\u00e3o criativa para evitar furtos de carregadores - Jornal Fatos e Not\u00edcias\",\"isPartOf\":{\"@id\":\"https:\/\/jornalfatosenoticias.com.br\/#website\"},\"primaryImageOfPage\":{\"@id\":\"https:\/\/jornalfatosenoticias.com.br\/index.php\/2025\/03\/07\/tesla-testa-solucao-criativa-para-evitar-furtos-de-carregadores\/#primaryimage\"},\"image\":{\"@id\":\"https:\/\/jornalfatosenoticias.com.br\/index.php\/2025\/03\/07\/tesla-testa-solucao-criativa-para-evitar-furtos-de-carregadores\/#primaryimage\"},\"thumbnailUrl\":\"https:\/\/jornalfatosenoticias.com.br\/wp-content\/uploads\/2025\/03\/Tesla-carregadores.png\",\"datePublished\":\"2025-03-07T15:54:07+00:00\",\"dateModified\":\"2025-03-07T15:54:08+00:00\",\"breadcrumb\":{\"@id\":\"https:\/\/jornalfatosenoticias.com.br\/index.php\/2025\/03\/07\/tesla-testa-solucao-criativa-para-evitar-furtos-de-carregadores\/#breadcrumb\"},\"inLanguage\":\"pt-BR\",\"potentialAction\":[{\"@type\":\"ReadAction\",\"target\":[\"https:\/\/jornalfatosenoticias.com.br\/index.php\/2025\/03\/07\/tesla-testa-solucao-criativa-para-evitar-furtos-de-carregadores\/\"]}]},{\"@type\":\"ImageObject\",\"inLanguage\":\"pt-BR\",\"@id\":\"https:\/\/jornalfatosenoticias.com.br\/index.php\/2025\/03\/07\/tesla-testa-solucao-criativa-para-evitar-furtos-de-carregadores\/#primaryimage\",\"url\":\"https:\/\/jornalfatosenoticias.com.br\/wp-content\/uploads\/2025\/03\/Tesla-carregadores.png\",\"contentUrl\":\"https:\/\/jornalfatosenoticias.com.br\/wp-content\/uploads\/2025\/03\/Tesla-carregadores.png\",\"width\":1000,\"height\":518},{\"@type\":\"BreadcrumbList\",\"@id\":\"https:\/\/jornalfatosenoticias.com.br\/index.php\/2025\/03\/07\/tesla-testa-solucao-criativa-para-evitar-furtos-de-carregadores\/#breadcrumb\",\"itemListElement\":[{\"@type\":\"ListItem\",\"position\":1,\"name\":\"In\u00edcio\",\"item\":\"https:\/\/jornalfatosenoticias.com.br\/\"},{\"@type\":\"ListItem\",\"position\":2,\"name\":\"Tesla testa solu\u00e7\u00e3o criativa para evitar furtos de carregadores\"}]},{\"@type\":\"WebSite\",\"@id\":\"https:\/\/jornalfatosenoticias.com.br\/#website\",\"url\":\"https:\/\/jornalfatosenoticias.com.br\/\",\"name\":\"Jornal Fatos e Not\u00edcias\",\"description\":\"Not\u00edcias em geral\",\"publisher\":{\"@id\":\"https:\/\/jornalfatosenoticias.com.br\/#organization\"},\"potentialAction\":[{\"@type\":\"SearchAction\",\"target\":{\"@type\":\"EntryPoint\",\"urlTemplate\":\"https:\/\/jornalfatosenoticias.com.br\/?s={search_term_string}\"},\"query-input\":{\"@type\":\"PropertyValueSpecification\",\"valueRequired\":true,\"valueName\":\"search_term_string\"}}],\"inLanguage\":\"pt-BR\"},{\"@type\":\"Organization\",\"@id\":\"https:\/\/jornalfatosenoticias.com.br\/#organization\",\"name\":\"Jornal Fatos e Not\u00edcias\",\"url\":\"https:\/\/jornalfatosenoticias.com.br\/\",\"logo\":{\"@type\":\"ImageObject\",\"inLanguage\":\"pt-BR\",\"@id\":\"https:\/\/jornalfatosenoticias.com.br\/#\/schema\/logo\/image\/\",\"url\":\"https:\/\/jornalfatosenoticias.com.br\/wp-content\/uploads\/2020\/02\/logo120.png\",\"contentUrl\":\"https:\/\/jornalfatosenoticias.com.br\/wp-content\/uploads\/2020\/02\/logo120.png\",\"width\":1227,\"height\":120,\"caption\":\"Jornal Fatos e Not\u00edcias\"},\"image\":{\"@id\":\"https:\/\/jornalfatosenoticias.com.br\/#\/schema\/logo\/image\/\"}},{\"@type\":\"Person\",\"@id\":\"https:\/\/jornalfatosenoticias.com.br\/#\/schema\/person\/d63837fa13ac8666eb9e74e0985d6f81\",\"name\":\"Luzimara Fernandes\",\"image\":{\"@type\":\"ImageObject\",\"inLanguage\":\"pt-BR\",\"@id\":\"https:\/\/jornalfatosenoticias.com.br\/#\/schema\/person\/image\/\",\"url\":\"https:\/\/jornalfatosenoticias.com.br\/wp-content\/uploads\/2025\/05\/EU_portal.jpg\",\"contentUrl\":\"https:\/\/jornalfatosenoticias.com.br\/wp-content\/uploads\/2025\/05\/EU_portal.jpg\",\"caption\":\"Luzimara Fernandes\"},\"description\":\"Jornalista MTB 2358-ES\",\"sameAs\":[\"https:\/\/jornalfatosenoticias.com.br\"],\"url\":\"https:\/\/jornalfatosenoticias.com.br\/index.php\/author\/luzimara\/\"}]}<\/script>\n<!-- \/ Yoast SEO plugin. -->","yoast_head_json":{"title":"Tesla testa solu\u00e7\u00e3o criativa para evitar furtos de carregadores - Jornal Fatos e Not\u00edcias","robots":{"index":"index","follow":"follow","max-snippet":"max-snippet:-1","max-image-preview":"max-image-preview:large","max-video-preview":"max-video-preview:-1"},"canonical":"https:\/\/jornalfatosenoticias.com.br\/index.php\/2025\/03\/07\/tesla-testa-solucao-criativa-para-evitar-furtos-de-carregadores\/","og_locale":"pt_BR","og_type":"article","og_title":"Tesla testa solu\u00e7\u00e3o criativa para evitar furtos de carregadores - Jornal Fatos e Not\u00edcias","og_description":"Tecnologia &#8220;DyeDefender&#8221; instalada nos cabos solta tinta azul quando cortados; empresa vai aplicar selo para identificar pe\u00e7as vandalizadas Por Bruna Barone A Tesla\u00a0virou alvo de uma\u00a0onda de vandalismo\u00a0nos\u00a0Estados Unidos. Ladr\u00f5es t\u00eam\u00a0furtado cabos de carregamento\u00a0das esta\u00e7\u00f5es Superchargers, produzido com metal avaliado em at\u00e9\u00a0US$ 5,20 (R$ 29,78, na convers\u00e3o direta) por libra, segundo o\u00a0Futurism. A empresa de [&hellip;]","og_url":"https:\/\/jornalfatosenoticias.com.br\/index.php\/2025\/03\/07\/tesla-testa-solucao-criativa-para-evitar-furtos-de-carregadores\/","og_site_name":"Jornal Fatos e Not\u00edcias","article_published_time":"2025-03-07T15:54:07+00:00","article_modified_time":"2025-03-07T15:54:08+00:00","og_image":[{"width":1000,"height":518,"url":"https:\/\/jornalfatosenoticias.com.br\/wp-content\/uploads\/2025\/03\/Tesla-carregadores.png","type":"image\/png"}],"author":"Luzimara Fernandes","twitter_card":"summary_large_image","twitter_misc":{"Escrito por":"Luzimara Fernandes","Est. tempo de leitura":"1 minuto"},"schema":{"@context":"https:\/\/schema.org","@graph":[{"@type":"Article","@id":"https:\/\/jornalfatosenoticias.com.br\/index.php\/2025\/03\/07\/tesla-testa-solucao-criativa-para-evitar-furtos-de-carregadores\/#article","isPartOf":{"@id":"https:\/\/jornalfatosenoticias.com.br\/index.php\/2025\/03\/07\/tesla-testa-solucao-criativa-para-evitar-furtos-de-carregadores\/"},"author":{"name":"Luzimara Fernandes","@id":"https:\/\/jornalfatosenoticias.com.br\/#\/schema\/person\/d63837fa13ac8666eb9e74e0985d6f81"},"headline":"Tesla testa solu\u00e7\u00e3o criativa para evitar furtos de carregadores","datePublished":"2025-03-07T15:54:07+00:00","dateModified":"2025-03-07T15:54:08+00:00","mainEntityOfPage":{"@id":"https:\/\/jornalfatosenoticias.com.br\/index.php\/2025\/03\/07\/tesla-testa-solucao-criativa-para-evitar-furtos-de-carregadores\/"},"wordCount":258,"commentCount":0,"publisher":{"@id":"https:\/\/jornalfatosenoticias.com.br\/#organization"},"image":{"@id":"https:\/\/jornalfatosenoticias.com.br\/index.php\/2025\/03\/07\/tesla-testa-solucao-criativa-para-evitar-furtos-de-carregadores\/#primaryimage"},"thumbnailUrl":"https:\/\/jornalfatosenoticias.com.br\/wp-content\/uploads\/2025\/03\/Tesla-carregadores.png","keywords":["bateria","carregadores Tesla","Estados Unidos","supercharger","Tesla","vandalismo"],"articleSection":["Tecnologia &amp; Inova\u00e7\u00e3o"],"inLanguage":"pt-BR","potentialAction":[{"@type":"CommentAction","name":"Comment","target":["https:\/\/jornalfatosenoticias.com.br\/index.php\/2025\/03\/07\/tesla-testa-solucao-criativa-para-evitar-furtos-de-carregadores\/#respond"]}]},{"@type":"WebPage","@id":"https:\/\/jornalfatosenoticias.com.br\/index.php\/2025\/03\/07\/tesla-testa-solucao-criativa-para-evitar-furtos-de-carregadores\/","url":"https:\/\/jornalfatosenoticias.com.br\/index.php\/2025\/03\/07\/tesla-testa-solucao-criativa-para-evitar-furtos-de-carregadores\/","name":"Tesla testa solu\u00e7\u00e3o criativa para evitar furtos de carregadores - Jornal Fatos e Not\u00edcias","isPartOf":{"@id":"https:\/\/jornalfatosenoticias.com.br\/#website"},"primaryImageOfPage":{"@id":"https:\/\/jornalfatosenoticias.com.br\/index.php\/2025\/03\/07\/tesla-testa-solucao-criativa-para-evitar-furtos-de-carregadores\/#primaryimage"},"image":{"@id":"https:\/\/jornalfatosenoticias.com.br\/index.php\/2025\/03\/07\/tesla-testa-solucao-criativa-para-evitar-furtos-de-carregadores\/#primaryimage"},"thumbnailUrl":"https:\/\/jornalfatosenoticias.com.br\/wp-content\/uploads\/2025\/03\/Tesla-carregadores.png","datePublished":"2025-03-07T15:54:07+00:00","dateModified":"2025-03-07T15:54:08+00:00","breadcrumb":{"@id":"https:\/\/jornalfatosenoticias.com.br\/index.php\/2025\/03\/07\/tesla-testa-solucao-criativa-para-evitar-furtos-de-carregadores\/#breadcrumb"},"inLanguage":"pt-BR","potentialAction":[{"@type":"ReadAction","target":["https:\/\/jornalfatosenoticias.com.br\/index.php\/2025\/03\/07\/tesla-testa-solucao-criativa-para-evitar-furtos-de-carregadores\/"]}]},{"@type":"ImageObject","inLanguage":"pt-BR","@id":"https:\/\/jornalfatosenoticias.com.br\/index.php\/2025\/03\/07\/tesla-testa-solucao-criativa-para-evitar-furtos-de-carregadores\/#primaryimage","url":"https:\/\/jornalfatosenoticias.com.br\/wp-content\/uploads\/2025\/03\/Tesla-carregadores.png","contentUrl":"https:\/\/jornalfatosenoticias.com.br\/wp-content\/uploads\/2025\/03\/Tesla-carregadores.png","width":1000,"height":518},{"@type":"BreadcrumbList","@id":"https:\/\/jornalfatosenoticias.com.br\/index.php\/2025\/03\/07\/tesla-testa-solucao-criativa-para-evitar-furtos-de-carregadores\/#breadcrumb","itemListElement":[{"@type":"ListItem","position":1,"name":"In\u00edcio","item":"https:\/\/jornalfatosenoticias.com.br\/"},{"@type":"ListItem","position":2,"name":"Tesla testa solu\u00e7\u00e3o criativa para evitar furtos de carregadores"}]},{"@type":"WebSite","@id":"https:\/\/jornalfatosenoticias.com.br\/#website","url":"https:\/\/jornalfatosenoticias.com.br\/","name":"Jornal Fatos e Not\u00edcias","description":"Not\u00edcias em geral","publisher":{"@id":"https:\/\/jornalfatosenoticias.com.br\/#organization"},"potentialAction":[{"@type":"SearchAction","target":{"@type":"EntryPoint","urlTemplate":"https:\/\/jornalfatosenoticias.com.br\/?s={search_term_string}"},"query-input":{"@type":"PropertyValueSpecification","valueRequired":true,"valueName":"search_term_string"}}],"inLanguage":"pt-BR"},{"@type":"Organization","@id":"https:\/\/jornalfatosenoticias.com.br\/#organization","name":"Jornal Fatos e Not\u00edcias","url":"https:\/\/jornalfatosenoticias.com.br\/","logo":{"@type":"ImageObject","inLanguage":"pt-BR","@id":"https:\/\/jornalfatosenoticias.com.br\/#\/schema\/logo\/image\/","url":"https:\/\/jornalfatosenoticias.com.br\/wp-content\/uploads\/2020\/02\/logo120.png","contentUrl":"https:\/\/jornalfatosenoticias.com.br\/wp-content\/uploads\/2020\/02\/logo120.png","width":1227,"height":120,"caption":"Jornal Fatos e Not\u00edcias"},"image":{"@id":"https:\/\/jornalfatosenoticias.com.br\/#\/schema\/logo\/image\/"}},{"@type":"Person","@id":"https:\/\/jornalfatosenoticias.com.br\/#\/schema\/person\/d63837fa13ac8666eb9e74e0985d6f81","name":"Luzimara Fernandes","image":{"@type":"ImageObject","inLanguage":"pt-BR","@id":"https:\/\/jornalfatosenoticias.com.br\/#\/schema\/person\/image\/","url":"https:\/\/jornalfatosenoticias.com.br\/wp-content\/uploads\/2025\/05\/EU_portal.jpg","contentUrl":"https:\/\/jornalfatosenoticias.com.br\/wp-content\/uploads\/2025\/05\/EU_portal.jpg","caption":"Luzimara Fernandes"},"description":"Jornalista MTB 2358-ES","sameAs":["https:\/\/jornalfatosenoticias.com.br"],"url":"https:\/\/jornalfatosenoticias.com.br\/index.php\/author\/luzimara\/"}]}},"cc_featured_image_caption":{"caption_text":"(Foto: Tesla\/Reprodu\u00e7\u00e3o) ","source_text":"","source_url":""},"jetpack_featured_media_url":"https:\/\/jornalfatosenoticias.com.br\/wp-content\/uploads\/2025\/03\/Tesla-carregadores.png","_links":{"self":[{"href":"https:\/\/jornalfatosenoticias.com.br\/index.php\/wp-json\/wp\/v2\/posts\/57544","targetHints":{"allow":["GET"]}}],"collection":[{"href":"https:\/\/jornalfatosenoticias.com.br\/index.php\/wp-json\/wp\/v2\/posts"}],"about":[{"href":"https:\/\/jornalfatosenoticias.com.br\/index.php\/wp-json\/wp\/v2\/types\/post"}],"author":[{"embeddable":true,"href":"https:\/\/jornalfatosenoticias.com.br\/index.php\/wp-json\/wp\/v2\/users\/2"}],"replies":[{"embeddable":true,"href":"https:\/\/jornalfatosenoticias.com.br\/index.php\/wp-json\/wp\/v2\/comments?post=57544"}],"version-history":[{"count":0,"href":"https:\/\/jornalfatosenoticias.com.br\/index.php\/wp-json\/wp\/v2\/posts\/57544\/revisions"}],"wp:featuredmedia":[{"embeddable":true,"href":"https:\/\/jornalfatosenoticias.com.br\/index.php\/wp-json\/wp\/v2\/media\/57545"}],"wp:attachment":[{"href":"https:\/\/jornalfatosenoticias.com.br\/index.php\/wp-json\/wp\/v2\/media?parent=57544"}],"wp:term":[{"taxonomy":"category","embeddable":true,"href":"https:\/\/jornalfatosenoticias.com.br\/index.php\/wp-json\/wp\/v2\/categories?post=57544"},{"taxonomy":"post_tag","embeddable":true,"href":"https:\/\/jornalfatosenoticias.com.br\/index.php\/wp-json\/wp\/v2\/tags?post=57544"}],"curies":[{"name":"wp","href":"https:\/\/api.w.org\/{rel}","templated":true}]}}