{"id":57550,"date":"2025-03-07T13:31:24","date_gmt":"2025-03-07T16:31:24","guid":{"rendered":"https:\/\/jornalfatosenoticias.com.br\/?p=57550"},"modified":"2025-03-07T13:31:25","modified_gmt":"2025-03-07T16:31:25","slug":"samarco-faz-a-entrega-de-kit-escolar-para-estudantes-de-comunidades-vizinhas-em-minas-e-no-espirito-santo","status":"publish","type":"post","link":"https:\/\/jornalfatosenoticias.com.br\/index.php\/2025\/03\/07\/samarco-faz-a-entrega-de-kit-escolar-para-estudantes-de-comunidades-vizinhas-em-minas-e-no-espirito-santo\/","title":{"rendered":"Samarco faz a entrega de kit escolar para estudantes de comunidades vizinhas em Minas e no Esp\u00edrito Santo"},"content":{"rendered":"\n<p><span class=\"has-inline-color has-black-color\">Por <strong>Assessoria de Comunica\u00e7\u00e3o<\/strong><\/span><\/p>\n\n\n\n<div class=\"wp-block-image\"><figure class=\"aligncenter size-large\"><a href=\"https:\/\/mizu.com.br\/\"><img loading=\"lazy\" decoding=\"async\" width=\"729\" height=\"90\" src=\"https:\/\/jornalfatosenoticias.com.br\/wp-content\/uploads\/2020\/02\/Logo_Mizu.png\" alt=\"\" class=\"wp-image-1441\" srcset=\"https:\/\/jornalfatosenoticias.com.br\/wp-content\/uploads\/2020\/02\/Logo_Mizu.png 729w, https:\/\/jornalfatosenoticias.com.br\/wp-content\/uploads\/2020\/02\/Logo_Mizu-300x37.png 300w\" sizes=\"auto, (max-width: 729px) 100vw, 729px\" \/><\/a><\/figure><\/div>\n\n\n\n<p>A Samarco, com o apoio de 60 integrantes do seu Programa de Voluntariado, entregou kits escolares para estudantes nas proximidades de suas opera\u00e7\u00f5es, no Esp\u00edrito Santo e em Minas Gerais. A iniciativa refor\u00e7a o compromisso com as comunidades onde a empresa est\u00e1 inserida, consolidando um relacionamento mais pr\u00f3ximo, pautado na responsabilidade social.<br>No estado capixaba, foram seis a\u00e7\u00f5es, sendo cinco em Anchieta e uma em Guarapari. Em Minas Gerais, foram duas a\u00e7\u00f5es realizadas. Os kits, compostos por mochilas e materiais escolares, proporcionaram um apoio para as fam\u00edlias no in\u00edcio do ano letivo. No Esp\u00edrito Santo foram distribu\u00eddos mais de 640 kits.<\/p>\n\n\n\n<div class=\"wp-block-image\"><figure class=\"aligncenter size-large\"><a href=\"https:\/\/cesconetto.com.br\/\"><img loading=\"lazy\" decoding=\"async\" width=\"300\" height=\"250\" src=\"https:\/\/jornalfatosenoticias.com.br\/wp-content\/uploads\/2022\/02\/Banner-2.png\" alt=\"\" class=\"wp-image-27877\"\/><\/a><\/figure><\/div>\n\n\n\n<p><em>&#8220;A parceria entre Samarco e comunidade \u00e9 essencial para o desenvolvimento sustent\u00e1vel e saud\u00e1vel de ambas as partes. Foi uma a\u00e7\u00e3o muito organizada, com demonstra\u00e7\u00e3o de carinho e cuidado. Para a comunidade, a iniciativa foi importante e vai ajudar as fam\u00edlias&#8221;, afirmou Lenimara Pereira, diretora de duas escolas, no Esp\u00edrito Santo.<\/em><\/p>\n\n\n\n<div class=\"wp-block-image\"><figure class=\"aligncenter size-large is-resized\"><a href=\"https:\/\/www.legisjuris.com.br\/\"><img loading=\"lazy\" decoding=\"async\" src=\"https:\/\/jornalfatosenoticias.com.br\/wp-content\/uploads\/2024\/09\/Legis-Juris-Consultoria_logo.jpg\" alt=\"\" class=\"wp-image-53915\" width=\"470\" height=\"197\" srcset=\"https:\/\/jornalfatosenoticias.com.br\/wp-content\/uploads\/2024\/09\/Legis-Juris-Consultoria_logo.jpg 969w, https:\/\/jornalfatosenoticias.com.br\/wp-content\/uploads\/2024\/09\/Legis-Juris-Consultoria_logo-300x126.jpg 300w, https:\/\/jornalfatosenoticias.com.br\/wp-content\/uploads\/2024\/09\/Legis-Juris-Consultoria_logo-768x322.jpg 768w\" sizes=\"auto, (max-width: 470px) 100vw, 470px\" \/><\/a><\/figure><\/div>\n\n\n\n<p>A secret\u00e1ria de Educa\u00e7\u00e3o de Anchieta, Shuana Louzada Cypriano Simas, avaliou que a iniciativa \u00e9 extremamente positiva, pois representa um investimento direto na educa\u00e7\u00e3o das crian\u00e7as e adolescentes das comunidades. <em>\u201cAl\u00e9m de contribuir para a redu\u00e7\u00e3o dos custos das fam\u00edlias com material escolar, essa a\u00e7\u00e3o refor\u00e7a a import\u00e2ncia da responsabilidade social corporativa, demonstrando o compromisso da empresa com o desenvolvimento educacional e social da regi\u00e3o. A distribui\u00e7\u00e3o dos kits tamb\u00e9m pode favorecer o engajamento dos estudantes, proporcionando melhores condi\u00e7\u00f5es para a aprendizagem e incentivando a perman\u00eancia na escola\u201d, afirmou.<\/em><\/p>\n\n\n\n<div class=\"wp-block-jetpack-slideshow aligncenter\" data-effect=\"slide\"><div class=\"wp-block-jetpack-slideshow_container swiper-container\"><ul class=\"wp-block-jetpack-slideshow_swiper-wrapper swiper-wrapper\"><li class=\"wp-block-jetpack-slideshow_slide swiper-slide\"><figure><img loading=\"lazy\" decoding=\"async\" width=\"1000\" height=\"666\" alt=\"\" class=\"wp-block-jetpack-slideshow_image wp-image-57551\" data-id=\"57551\" src=\"https:\/\/jornalfatosenoticias.com.br\/wp-content\/uploads\/2025\/03\/ES_Jeferson-Roccio.jpg\" srcset=\"https:\/\/jornalfatosenoticias.com.br\/wp-content\/uploads\/2025\/03\/ES_Jeferson-Roccio.jpg 1000w, https:\/\/jornalfatosenoticias.com.br\/wp-content\/uploads\/2025\/03\/ES_Jeferson-Roccio-300x200.jpg 300w, https:\/\/jornalfatosenoticias.com.br\/wp-content\/uploads\/2025\/03\/ES_Jeferson-Roccio-768x511.jpg 768w\" sizes=\"auto, (max-width: 1000px) 100vw, 1000px\" \/><figcaption class=\"wp-block-jetpack-slideshow_caption gallery-caption\">(Foto: Jeferson Roccio)<\/figcaption><\/figure><\/li><li class=\"wp-block-jetpack-slideshow_slide swiper-slide\"><figure><img loading=\"lazy\" decoding=\"async\" width=\"1000\" height=\"666\" alt=\"\" class=\"wp-block-jetpack-slideshow_image wp-image-57552\" data-id=\"57552\" src=\"https:\/\/jornalfatosenoticias.com.br\/wp-content\/uploads\/2025\/03\/MG-1_Rodrigo-Junior-de-Morais-Nascimento.jpg\" srcset=\"https:\/\/jornalfatosenoticias.com.br\/wp-content\/uploads\/2025\/03\/MG-1_Rodrigo-Junior-de-Morais-Nascimento.jpg 1000w, https:\/\/jornalfatosenoticias.com.br\/wp-content\/uploads\/2025\/03\/MG-1_Rodrigo-Junior-de-Morais-Nascimento-300x200.jpg 300w, https:\/\/jornalfatosenoticias.com.br\/wp-content\/uploads\/2025\/03\/MG-1_Rodrigo-Junior-de-Morais-Nascimento-768x511.jpg 768w\" sizes=\"auto, (max-width: 1000px) 100vw, 1000px\" \/><figcaption class=\"wp-block-jetpack-slideshow_caption gallery-caption\">(Foto: Rodrigo J\u00fanior de Morais Nascimento)<\/figcaption><\/figure><\/li><\/ul><a class=\"wp-block-jetpack-slideshow_button-prev swiper-button-prev swiper-button-white\" role=\"button\"><\/a><a class=\"wp-block-jetpack-slideshow_button-next swiper-button-next swiper-button-white\" role=\"button\"><\/a><a aria-label=\"Pause Slideshow\" class=\"wp-block-jetpack-slideshow_button-pause\" role=\"button\"><\/a><div class=\"wp-block-jetpack-slideshow_pagination swiper-pagination swiper-pagination-white\"><\/div><\/div><\/div>\n\n\n\n<p>Para um dos volunt\u00e1rios da Samarco, Alysson Werneck, gerente-geral de Opera\u00e7\u00f5es de Ubu, a a\u00e7\u00e3o foi uma experi\u00eancia enriquecedora. \u201cParticipar dessa a\u00e7\u00e3o foi muito gratificante. Acredito que a\u00e7\u00f5es volunt\u00e1rias mudam as pessoas de dentro para fora. Ver as crian\u00e7as felizes e saber que temos uma pequena contribui\u00e7\u00e3o para o seu desenvolvimento educacional foi algo muito especial\u201d, comentou.<\/p>\n\n\n\n<div class=\"wp-block-image\"><figure class=\"aligncenter size-large is-resized\"><a href=\"https:\/\/www.controlsystems.com.br\/\"><img loading=\"lazy\" decoding=\"async\" src=\"https:\/\/jornalfatosenoticias.com.br\/wp-content\/uploads\/2020\/02\/CONTROL-CS.jpg\" alt=\"\" class=\"wp-image-44991\" width=\"268\" height=\"321\" srcset=\"https:\/\/jornalfatosenoticias.com.br\/wp-content\/uploads\/2020\/02\/CONTROL-CS.jpg 834w, https:\/\/jornalfatosenoticias.com.br\/wp-content\/uploads\/2020\/02\/CONTROL-CS-250x300.jpg 250w, https:\/\/jornalfatosenoticias.com.br\/wp-content\/uploads\/2020\/02\/CONTROL-CS-768x921.jpg 768w\" sizes=\"auto, (max-width: 268px) 100vw, 268px\" \/><\/a><\/figure><\/div>\n\n\n\n<p>Segundo Rafael Botelho, gerente-geral de Responsabilidade Social, al\u00e9m de contribuir com a educa\u00e7\u00e3o e o desenvolvimento das comunidades vizinhas, tivemos a oportunidade de refor\u00e7ar os valores de responsabilidade social e solidariedade dentro da nossa empresa. <em>\u201cA a\u00e7\u00e3o n\u00e3o s\u00f3 beneficiou os alunos, mas tamb\u00e9m inspirou nossos colaboradores e as empresas contratadas a se engajarem cada vez mais em projetos que fazem a diferen\u00e7a na sociedade onde a Samarco atua. Estamos muito satisfeitos com os resultados e comprometidos em seguir contribuindo para a constru\u00e7\u00e3o de um futuro melhor para todos\u201d, ressaltou.<\/em><\/p>\n\n\n\n<div class=\"wp-block-image\"><figure class=\"aligncenter size-large\"><img loading=\"lazy\" decoding=\"async\" width=\"1000\" height=\"666\" src=\"https:\/\/jornalfatosenoticias.com.br\/wp-content\/uploads\/2025\/03\/MG-2_Rodrigo-Junior-de-Morais-Nascimento.jpg\" alt=\"\" class=\"wp-image-57553\" srcset=\"https:\/\/jornalfatosenoticias.com.br\/wp-content\/uploads\/2025\/03\/MG-2_Rodrigo-Junior-de-Morais-Nascimento.jpg 1000w, https:\/\/jornalfatosenoticias.com.br\/wp-content\/uploads\/2025\/03\/MG-2_Rodrigo-Junior-de-Morais-Nascimento-300x200.jpg 300w, https:\/\/jornalfatosenoticias.com.br\/wp-content\/uploads\/2025\/03\/MG-2_Rodrigo-Junior-de-Morais-Nascimento-768x511.jpg 768w\" sizes=\"auto, (max-width: 1000px) 100vw, 1000px\" \/><figcaption><em><span class=\"has-inline-color has-black-color\">(Foto: Rodrigo J\u00fanior de Morais Nascimento)<\/span><\/em><\/figcaption><\/figure><\/div>\n\n\n\n<p>As a\u00e7\u00f5es foram marcadas por uma atmosfera l\u00fadica e alegre, com a presen\u00e7a de animadores infantis e com a distribui\u00e7\u00e3o de pipoca e algod\u00e3o doce, realizadas com o apoio dos(as) volunt\u00e1rios(as) Samarco que se engajaram ativamente, organizando e realizando as entregas, al\u00e9m de oferecer o suporte necess\u00e1rio durante o evento.<\/p>\n","protected":false},"excerpt":{"rendered":"<p>Por Assessoria de Comunica\u00e7\u00e3o A Samarco, com o apoio de 60 integrantes do seu Programa de Voluntariado, entregou kits escolares para estudantes nas proximidades de suas opera\u00e7\u00f5es, no Esp\u00edrito Santo e em Minas Gerais. A iniciativa refor\u00e7a o compromisso com as comunidades onde a empresa est\u00e1 inserida, consolidando um relacionamento mais pr\u00f3ximo, pautado na responsabilidade [&hellip;]<\/p>\n","protected":false},"author":2,"featured_media":57554,"comment_status":"open","ping_status":"open","sticky":false,"template":"","format":"standard","meta":{"footnotes":""},"categories":[7],"tags":[26266,26265,26264,750],"class_list":["post-57550","post","type-post","status-publish","format-standard","has-post-thumbnail","hentry","category-educacao","tag-kits-escolares","tag-programa-de-voluntariado","tag-responsabilidade-social","tag-samarco"],"yoast_head":"<!-- This site is optimized with the Yoast SEO plugin v26.5 - https:\/\/yoast.com\/wordpress\/plugins\/seo\/ -->\n<title>Samarco faz a entrega de kit escolar para estudantes de comunidades vizinhas em Minas e no Esp\u00edrito Santo - Jornal Fatos e Not\u00edcias<\/title>\n<meta name=\"robots\" content=\"index, follow, max-snippet:-1, max-image-preview:large, max-video-preview:-1\" \/>\n<link rel=\"canonical\" href=\"https:\/\/jornalfatosenoticias.com.br\/index.php\/2025\/03\/07\/samarco-faz-a-entrega-de-kit-escolar-para-estudantes-de-comunidades-vizinhas-em-minas-e-no-espirito-santo\/\" \/>\n<meta property=\"og:locale\" content=\"pt_BR\" \/>\n<meta property=\"og:type\" content=\"article\" \/>\n<meta property=\"og:title\" content=\"Samarco faz a entrega de kit escolar para estudantes de comunidades vizinhas em Minas e no Esp\u00edrito Santo - Jornal Fatos e Not\u00edcias\" \/>\n<meta property=\"og:description\" content=\"Por Assessoria de Comunica\u00e7\u00e3o A Samarco, com o apoio de 60 integrantes do seu Programa de Voluntariado, entregou kits escolares para estudantes nas proximidades de suas opera\u00e7\u00f5es, no Esp\u00edrito Santo e em Minas Gerais. A iniciativa refor\u00e7a o compromisso com as comunidades onde a empresa est\u00e1 inserida, consolidando um relacionamento mais pr\u00f3ximo, pautado na responsabilidade [&hellip;]\" \/>\n<meta property=\"og:url\" content=\"https:\/\/jornalfatosenoticias.com.br\/index.php\/2025\/03\/07\/samarco-faz-a-entrega-de-kit-escolar-para-estudantes-de-comunidades-vizinhas-em-minas-e-no-espirito-santo\/\" \/>\n<meta property=\"og:site_name\" content=\"Jornal Fatos e Not\u00edcias\" \/>\n<meta property=\"article:published_time\" content=\"2025-03-07T16:31:24+00:00\" \/>\n<meta property=\"article:modified_time\" content=\"2025-03-07T16:31:25+00:00\" \/>\n<meta property=\"og:image\" content=\"https:\/\/jornalfatosenoticias.com.br\/wp-content\/uploads\/2025\/03\/ES-3_Nicolas-Medeiros.jpg\" \/>\n\t<meta property=\"og:image:width\" content=\"1000\" \/>\n\t<meta property=\"og:image:height\" content=\"666\" \/>\n\t<meta property=\"og:image:type\" content=\"image\/jpeg\" \/>\n<meta name=\"author\" content=\"Luzimara Fernandes\" \/>\n<meta name=\"twitter:card\" content=\"summary_large_image\" \/>\n<meta name=\"twitter:label1\" content=\"Escrito por\" \/>\n\t<meta name=\"twitter:data1\" content=\"Luzimara Fernandes\" \/>\n\t<meta name=\"twitter:label2\" content=\"Est. tempo de leitura\" \/>\n\t<meta name=\"twitter:data2\" content=\"3 minutos\" \/>\n<script type=\"application\/ld+json\" class=\"yoast-schema-graph\">{\"@context\":\"https:\/\/schema.org\",\"@graph\":[{\"@type\":\"Article\",\"@id\":\"https:\/\/jornalfatosenoticias.com.br\/index.php\/2025\/03\/07\/samarco-faz-a-entrega-de-kit-escolar-para-estudantes-de-comunidades-vizinhas-em-minas-e-no-espirito-santo\/#article\",\"isPartOf\":{\"@id\":\"https:\/\/jornalfatosenoticias.com.br\/index.php\/2025\/03\/07\/samarco-faz-a-entrega-de-kit-escolar-para-estudantes-de-comunidades-vizinhas-em-minas-e-no-espirito-santo\/\"},\"author\":{\"name\":\"Luzimara Fernandes\",\"@id\":\"https:\/\/jornalfatosenoticias.com.br\/#\/schema\/person\/d63837fa13ac8666eb9e74e0985d6f81\"},\"headline\":\"Samarco faz a entrega de kit escolar para estudantes de comunidades vizinhas em Minas e no Esp\u00edrito Santo\",\"datePublished\":\"2025-03-07T16:31:24+00:00\",\"dateModified\":\"2025-03-07T16:31:25+00:00\",\"mainEntityOfPage\":{\"@id\":\"https:\/\/jornalfatosenoticias.com.br\/index.php\/2025\/03\/07\/samarco-faz-a-entrega-de-kit-escolar-para-estudantes-de-comunidades-vizinhas-em-minas-e-no-espirito-santo\/\"},\"wordCount\":533,\"commentCount\":0,\"publisher\":{\"@id\":\"https:\/\/jornalfatosenoticias.com.br\/#organization\"},\"image\":{\"@id\":\"https:\/\/jornalfatosenoticias.com.br\/index.php\/2025\/03\/07\/samarco-faz-a-entrega-de-kit-escolar-para-estudantes-de-comunidades-vizinhas-em-minas-e-no-espirito-santo\/#primaryimage\"},\"thumbnailUrl\":\"https:\/\/jornalfatosenoticias.com.br\/wp-content\/uploads\/2025\/03\/ES-3_Nicolas-Medeiros.jpg\",\"keywords\":[\"kits escolares\",\"Programa de Voluntariado\",\"responsabilidade social\",\"Samarco\"],\"articleSection\":[\"Educa\u00e7\u00e3o\"],\"inLanguage\":\"pt-BR\",\"potentialAction\":[{\"@type\":\"CommentAction\",\"name\":\"Comment\",\"target\":[\"https:\/\/jornalfatosenoticias.com.br\/index.php\/2025\/03\/07\/samarco-faz-a-entrega-de-kit-escolar-para-estudantes-de-comunidades-vizinhas-em-minas-e-no-espirito-santo\/#respond\"]}]},{\"@type\":\"WebPage\",\"@id\":\"https:\/\/jornalfatosenoticias.com.br\/index.php\/2025\/03\/07\/samarco-faz-a-entrega-de-kit-escolar-para-estudantes-de-comunidades-vizinhas-em-minas-e-no-espirito-santo\/\",\"url\":\"https:\/\/jornalfatosenoticias.com.br\/index.php\/2025\/03\/07\/samarco-faz-a-entrega-de-kit-escolar-para-estudantes-de-comunidades-vizinhas-em-minas-e-no-espirito-santo\/\",\"name\":\"Samarco faz a entrega de kit escolar para estudantes de comunidades vizinhas em Minas e no Esp\u00edrito Santo - Jornal Fatos e Not\u00edcias\",\"isPartOf\":{\"@id\":\"https:\/\/jornalfatosenoticias.com.br\/#website\"},\"primaryImageOfPage\":{\"@id\":\"https:\/\/jornalfatosenoticias.com.br\/index.php\/2025\/03\/07\/samarco-faz-a-entrega-de-kit-escolar-para-estudantes-de-comunidades-vizinhas-em-minas-e-no-espirito-santo\/#primaryimage\"},\"image\":{\"@id\":\"https:\/\/jornalfatosenoticias.com.br\/index.php\/2025\/03\/07\/samarco-faz-a-entrega-de-kit-escolar-para-estudantes-de-comunidades-vizinhas-em-minas-e-no-espirito-santo\/#primaryimage\"},\"thumbnailUrl\":\"https:\/\/jornalfatosenoticias.com.br\/wp-content\/uploads\/2025\/03\/ES-3_Nicolas-Medeiros.jpg\",\"datePublished\":\"2025-03-07T16:31:24+00:00\",\"dateModified\":\"2025-03-07T16:31:25+00:00\",\"breadcrumb\":{\"@id\":\"https:\/\/jornalfatosenoticias.com.br\/index.php\/2025\/03\/07\/samarco-faz-a-entrega-de-kit-escolar-para-estudantes-de-comunidades-vizinhas-em-minas-e-no-espirito-santo\/#breadcrumb\"},\"inLanguage\":\"pt-BR\",\"potentialAction\":[{\"@type\":\"ReadAction\",\"target\":[\"https:\/\/jornalfatosenoticias.com.br\/index.php\/2025\/03\/07\/samarco-faz-a-entrega-de-kit-escolar-para-estudantes-de-comunidades-vizinhas-em-minas-e-no-espirito-santo\/\"]}]},{\"@type\":\"ImageObject\",\"inLanguage\":\"pt-BR\",\"@id\":\"https:\/\/jornalfatosenoticias.com.br\/index.php\/2025\/03\/07\/samarco-faz-a-entrega-de-kit-escolar-para-estudantes-de-comunidades-vizinhas-em-minas-e-no-espirito-santo\/#primaryimage\",\"url\":\"https:\/\/jornalfatosenoticias.com.br\/wp-content\/uploads\/2025\/03\/ES-3_Nicolas-Medeiros.jpg\",\"contentUrl\":\"https:\/\/jornalfatosenoticias.com.br\/wp-content\/uploads\/2025\/03\/ES-3_Nicolas-Medeiros.jpg\",\"width\":1000,\"height\":666},{\"@type\":\"BreadcrumbList\",\"@id\":\"https:\/\/jornalfatosenoticias.com.br\/index.php\/2025\/03\/07\/samarco-faz-a-entrega-de-kit-escolar-para-estudantes-de-comunidades-vizinhas-em-minas-e-no-espirito-santo\/#breadcrumb\",\"itemListElement\":[{\"@type\":\"ListItem\",\"position\":1,\"name\":\"In\u00edcio\",\"item\":\"https:\/\/jornalfatosenoticias.com.br\/\"},{\"@type\":\"ListItem\",\"position\":2,\"name\":\"Samarco faz a entrega de kit escolar para estudantes de comunidades vizinhas em Minas e no Esp\u00edrito Santo\"}]},{\"@type\":\"WebSite\",\"@id\":\"https:\/\/jornalfatosenoticias.com.br\/#website\",\"url\":\"https:\/\/jornalfatosenoticias.com.br\/\",\"name\":\"Jornal Fatos e Not\u00edcias\",\"description\":\"Not\u00edcias em geral\",\"publisher\":{\"@id\":\"https:\/\/jornalfatosenoticias.com.br\/#organization\"},\"potentialAction\":[{\"@type\":\"SearchAction\",\"target\":{\"@type\":\"EntryPoint\",\"urlTemplate\":\"https:\/\/jornalfatosenoticias.com.br\/?s={search_term_string}\"},\"query-input\":{\"@type\":\"PropertyValueSpecification\",\"valueRequired\":true,\"valueName\":\"search_term_string\"}}],\"inLanguage\":\"pt-BR\"},{\"@type\":\"Organization\",\"@id\":\"https:\/\/jornalfatosenoticias.com.br\/#organization\",\"name\":\"Jornal Fatos e Not\u00edcias\",\"url\":\"https:\/\/jornalfatosenoticias.com.br\/\",\"logo\":{\"@type\":\"ImageObject\",\"inLanguage\":\"pt-BR\",\"@id\":\"https:\/\/jornalfatosenoticias.com.br\/#\/schema\/logo\/image\/\",\"url\":\"https:\/\/jornalfatosenoticias.com.br\/wp-content\/uploads\/2020\/02\/logo120.png\",\"contentUrl\":\"https:\/\/jornalfatosenoticias.com.br\/wp-content\/uploads\/2020\/02\/logo120.png\",\"width\":1227,\"height\":120,\"caption\":\"Jornal Fatos e Not\u00edcias\"},\"image\":{\"@id\":\"https:\/\/jornalfatosenoticias.com.br\/#\/schema\/logo\/image\/\"}},{\"@type\":\"Person\",\"@id\":\"https:\/\/jornalfatosenoticias.com.br\/#\/schema\/person\/d63837fa13ac8666eb9e74e0985d6f81\",\"name\":\"Luzimara Fernandes\",\"image\":{\"@type\":\"ImageObject\",\"inLanguage\":\"pt-BR\",\"@id\":\"https:\/\/jornalfatosenoticias.com.br\/#\/schema\/person\/image\/\",\"url\":\"https:\/\/jornalfatosenoticias.com.br\/wp-content\/uploads\/2025\/05\/EU_portal.jpg\",\"contentUrl\":\"https:\/\/jornalfatosenoticias.com.br\/wp-content\/uploads\/2025\/05\/EU_portal.jpg\",\"caption\":\"Luzimara Fernandes\"},\"description\":\"Jornalista MTB 2358-ES\",\"sameAs\":[\"https:\/\/jornalfatosenoticias.com.br\"],\"url\":\"https:\/\/jornalfatosenoticias.com.br\/index.php\/author\/luzimara\/\"}]}<\/script>\n<!-- \/ Yoast SEO plugin. -->","yoast_head_json":{"title":"Samarco faz a entrega de kit escolar para estudantes de comunidades vizinhas em Minas e no Esp\u00edrito Santo - Jornal Fatos e Not\u00edcias","robots":{"index":"index","follow":"follow","max-snippet":"max-snippet:-1","max-image-preview":"max-image-preview:large","max-video-preview":"max-video-preview:-1"},"canonical":"https:\/\/jornalfatosenoticias.com.br\/index.php\/2025\/03\/07\/samarco-faz-a-entrega-de-kit-escolar-para-estudantes-de-comunidades-vizinhas-em-minas-e-no-espirito-santo\/","og_locale":"pt_BR","og_type":"article","og_title":"Samarco faz a entrega de kit escolar para estudantes de comunidades vizinhas em Minas e no Esp\u00edrito Santo - Jornal Fatos e Not\u00edcias","og_description":"Por Assessoria de Comunica\u00e7\u00e3o A Samarco, com o apoio de 60 integrantes do seu Programa de Voluntariado, entregou kits escolares para estudantes nas proximidades de suas opera\u00e7\u00f5es, no Esp\u00edrito Santo e em Minas Gerais. A iniciativa refor\u00e7a o compromisso com as comunidades onde a empresa est\u00e1 inserida, consolidando um relacionamento mais pr\u00f3ximo, pautado na responsabilidade [&hellip;]","og_url":"https:\/\/jornalfatosenoticias.com.br\/index.php\/2025\/03\/07\/samarco-faz-a-entrega-de-kit-escolar-para-estudantes-de-comunidades-vizinhas-em-minas-e-no-espirito-santo\/","og_site_name":"Jornal Fatos e Not\u00edcias","article_published_time":"2025-03-07T16:31:24+00:00","article_modified_time":"2025-03-07T16:31:25+00:00","og_image":[{"width":1000,"height":666,"url":"https:\/\/jornalfatosenoticias.com.br\/wp-content\/uploads\/2025\/03\/ES-3_Nicolas-Medeiros.jpg","type":"image\/jpeg"}],"author":"Luzimara Fernandes","twitter_card":"summary_large_image","twitter_misc":{"Escrito por":"Luzimara Fernandes","Est. tempo de leitura":"3 minutos"},"schema":{"@context":"https:\/\/schema.org","@graph":[{"@type":"Article","@id":"https:\/\/jornalfatosenoticias.com.br\/index.php\/2025\/03\/07\/samarco-faz-a-entrega-de-kit-escolar-para-estudantes-de-comunidades-vizinhas-em-minas-e-no-espirito-santo\/#article","isPartOf":{"@id":"https:\/\/jornalfatosenoticias.com.br\/index.php\/2025\/03\/07\/samarco-faz-a-entrega-de-kit-escolar-para-estudantes-de-comunidades-vizinhas-em-minas-e-no-espirito-santo\/"},"author":{"name":"Luzimara Fernandes","@id":"https:\/\/jornalfatosenoticias.com.br\/#\/schema\/person\/d63837fa13ac8666eb9e74e0985d6f81"},"headline":"Samarco faz a entrega de kit escolar para estudantes de comunidades vizinhas em Minas e no Esp\u00edrito Santo","datePublished":"2025-03-07T16:31:24+00:00","dateModified":"2025-03-07T16:31:25+00:00","mainEntityOfPage":{"@id":"https:\/\/jornalfatosenoticias.com.br\/index.php\/2025\/03\/07\/samarco-faz-a-entrega-de-kit-escolar-para-estudantes-de-comunidades-vizinhas-em-minas-e-no-espirito-santo\/"},"wordCount":533,"commentCount":0,"publisher":{"@id":"https:\/\/jornalfatosenoticias.com.br\/#organization"},"image":{"@id":"https:\/\/jornalfatosenoticias.com.br\/index.php\/2025\/03\/07\/samarco-faz-a-entrega-de-kit-escolar-para-estudantes-de-comunidades-vizinhas-em-minas-e-no-espirito-santo\/#primaryimage"},"thumbnailUrl":"https:\/\/jornalfatosenoticias.com.br\/wp-content\/uploads\/2025\/03\/ES-3_Nicolas-Medeiros.jpg","keywords":["kits escolares","Programa de Voluntariado","responsabilidade social","Samarco"],"articleSection":["Educa\u00e7\u00e3o"],"inLanguage":"pt-BR","potentialAction":[{"@type":"CommentAction","name":"Comment","target":["https:\/\/jornalfatosenoticias.com.br\/index.php\/2025\/03\/07\/samarco-faz-a-entrega-de-kit-escolar-para-estudantes-de-comunidades-vizinhas-em-minas-e-no-espirito-santo\/#respond"]}]},{"@type":"WebPage","@id":"https:\/\/jornalfatosenoticias.com.br\/index.php\/2025\/03\/07\/samarco-faz-a-entrega-de-kit-escolar-para-estudantes-de-comunidades-vizinhas-em-minas-e-no-espirito-santo\/","url":"https:\/\/jornalfatosenoticias.com.br\/index.php\/2025\/03\/07\/samarco-faz-a-entrega-de-kit-escolar-para-estudantes-de-comunidades-vizinhas-em-minas-e-no-espirito-santo\/","name":"Samarco faz a entrega de kit escolar para estudantes de comunidades vizinhas em Minas e no Esp\u00edrito Santo - Jornal Fatos e Not\u00edcias","isPartOf":{"@id":"https:\/\/jornalfatosenoticias.com.br\/#website"},"primaryImageOfPage":{"@id":"https:\/\/jornalfatosenoticias.com.br\/index.php\/2025\/03\/07\/samarco-faz-a-entrega-de-kit-escolar-para-estudantes-de-comunidades-vizinhas-em-minas-e-no-espirito-santo\/#primaryimage"},"image":{"@id":"https:\/\/jornalfatosenoticias.com.br\/index.php\/2025\/03\/07\/samarco-faz-a-entrega-de-kit-escolar-para-estudantes-de-comunidades-vizinhas-em-minas-e-no-espirito-santo\/#primaryimage"},"thumbnailUrl":"https:\/\/jornalfatosenoticias.com.br\/wp-content\/uploads\/2025\/03\/ES-3_Nicolas-Medeiros.jpg","datePublished":"2025-03-07T16:31:24+00:00","dateModified":"2025-03-07T16:31:25+00:00","breadcrumb":{"@id":"https:\/\/jornalfatosenoticias.com.br\/index.php\/2025\/03\/07\/samarco-faz-a-entrega-de-kit-escolar-para-estudantes-de-comunidades-vizinhas-em-minas-e-no-espirito-santo\/#breadcrumb"},"inLanguage":"pt-BR","potentialAction":[{"@type":"ReadAction","target":["https:\/\/jornalfatosenoticias.com.br\/index.php\/2025\/03\/07\/samarco-faz-a-entrega-de-kit-escolar-para-estudantes-de-comunidades-vizinhas-em-minas-e-no-espirito-santo\/"]}]},{"@type":"ImageObject","inLanguage":"pt-BR","@id":"https:\/\/jornalfatosenoticias.com.br\/index.php\/2025\/03\/07\/samarco-faz-a-entrega-de-kit-escolar-para-estudantes-de-comunidades-vizinhas-em-minas-e-no-espirito-santo\/#primaryimage","url":"https:\/\/jornalfatosenoticias.com.br\/wp-content\/uploads\/2025\/03\/ES-3_Nicolas-Medeiros.jpg","contentUrl":"https:\/\/jornalfatosenoticias.com.br\/wp-content\/uploads\/2025\/03\/ES-3_Nicolas-Medeiros.jpg","width":1000,"height":666},{"@type":"BreadcrumbList","@id":"https:\/\/jornalfatosenoticias.com.br\/index.php\/2025\/03\/07\/samarco-faz-a-entrega-de-kit-escolar-para-estudantes-de-comunidades-vizinhas-em-minas-e-no-espirito-santo\/#breadcrumb","itemListElement":[{"@type":"ListItem","position":1,"name":"In\u00edcio","item":"https:\/\/jornalfatosenoticias.com.br\/"},{"@type":"ListItem","position":2,"name":"Samarco faz a entrega de kit escolar para estudantes de comunidades vizinhas em Minas e no Esp\u00edrito Santo"}]},{"@type":"WebSite","@id":"https:\/\/jornalfatosenoticias.com.br\/#website","url":"https:\/\/jornalfatosenoticias.com.br\/","name":"Jornal Fatos e Not\u00edcias","description":"Not\u00edcias em geral","publisher":{"@id":"https:\/\/jornalfatosenoticias.com.br\/#organization"},"potentialAction":[{"@type":"SearchAction","target":{"@type":"EntryPoint","urlTemplate":"https:\/\/jornalfatosenoticias.com.br\/?s={search_term_string}"},"query-input":{"@type":"PropertyValueSpecification","valueRequired":true,"valueName":"search_term_string"}}],"inLanguage":"pt-BR"},{"@type":"Organization","@id":"https:\/\/jornalfatosenoticias.com.br\/#organization","name":"Jornal Fatos e Not\u00edcias","url":"https:\/\/jornalfatosenoticias.com.br\/","logo":{"@type":"ImageObject","inLanguage":"pt-BR","@id":"https:\/\/jornalfatosenoticias.com.br\/#\/schema\/logo\/image\/","url":"https:\/\/jornalfatosenoticias.com.br\/wp-content\/uploads\/2020\/02\/logo120.png","contentUrl":"https:\/\/jornalfatosenoticias.com.br\/wp-content\/uploads\/2020\/02\/logo120.png","width":1227,"height":120,"caption":"Jornal Fatos e Not\u00edcias"},"image":{"@id":"https:\/\/jornalfatosenoticias.com.br\/#\/schema\/logo\/image\/"}},{"@type":"Person","@id":"https:\/\/jornalfatosenoticias.com.br\/#\/schema\/person\/d63837fa13ac8666eb9e74e0985d6f81","name":"Luzimara Fernandes","image":{"@type":"ImageObject","inLanguage":"pt-BR","@id":"https:\/\/jornalfatosenoticias.com.br\/#\/schema\/person\/image\/","url":"https:\/\/jornalfatosenoticias.com.br\/wp-content\/uploads\/2025\/05\/EU_portal.jpg","contentUrl":"https:\/\/jornalfatosenoticias.com.br\/wp-content\/uploads\/2025\/05\/EU_portal.jpg","caption":"Luzimara Fernandes"},"description":"Jornalista MTB 2358-ES","sameAs":["https:\/\/jornalfatosenoticias.com.br"],"url":"https:\/\/jornalfatosenoticias.com.br\/index.php\/author\/luzimara\/"}]}},"cc_featured_image_caption":{"caption_text":"(Foto: Nicolas Medeiros) ","source_text":"","source_url":""},"jetpack_featured_media_url":"https:\/\/jornalfatosenoticias.com.br\/wp-content\/uploads\/2025\/03\/ES-3_Nicolas-Medeiros.jpg","_links":{"self":[{"href":"https:\/\/jornalfatosenoticias.com.br\/index.php\/wp-json\/wp\/v2\/posts\/57550","targetHints":{"allow":["GET"]}}],"collection":[{"href":"https:\/\/jornalfatosenoticias.com.br\/index.php\/wp-json\/wp\/v2\/posts"}],"about":[{"href":"https:\/\/jornalfatosenoticias.com.br\/index.php\/wp-json\/wp\/v2\/types\/post"}],"author":[{"embeddable":true,"href":"https:\/\/jornalfatosenoticias.com.br\/index.php\/wp-json\/wp\/v2\/users\/2"}],"replies":[{"embeddable":true,"href":"https:\/\/jornalfatosenoticias.com.br\/index.php\/wp-json\/wp\/v2\/comments?post=57550"}],"version-history":[{"count":0,"href":"https:\/\/jornalfatosenoticias.com.br\/index.php\/wp-json\/wp\/v2\/posts\/57550\/revisions"}],"wp:featuredmedia":[{"embeddable":true,"href":"https:\/\/jornalfatosenoticias.com.br\/index.php\/wp-json\/wp\/v2\/media\/57554"}],"wp:attachment":[{"href":"https:\/\/jornalfatosenoticias.com.br\/index.php\/wp-json\/wp\/v2\/media?parent=57550"}],"wp:term":[{"taxonomy":"category","embeddable":true,"href":"https:\/\/jornalfatosenoticias.com.br\/index.php\/wp-json\/wp\/v2\/categories?post=57550"},{"taxonomy":"post_tag","embeddable":true,"href":"https:\/\/jornalfatosenoticias.com.br\/index.php\/wp-json\/wp\/v2\/tags?post=57550"}],"curies":[{"name":"wp","href":"https:\/\/api.w.org\/{rel}","templated":true}]}}