{"id":57559,"date":"2025-03-10T08:48:05","date_gmt":"2025-03-10T11:48:05","guid":{"rendered":"https:\/\/jornalfatosenoticias.com.br\/?p=57559"},"modified":"2025-03-10T08:48:06","modified_gmt":"2025-03-10T11:48:06","slug":"por-que-os-caes-perseguem-as-suas-proprias-caudas","status":"publish","type":"post","link":"https:\/\/jornalfatosenoticias.com.br\/index.php\/2025\/03\/10\/por-que-os-caes-perseguem-as-suas-proprias-caudas\/","title":{"rendered":"Por que os c\u00e3es perseguem as suas pr\u00f3prias caudas?"},"content":{"rendered":"\n<p><em><span class=\"has-inline-color has-black-color\">Correr atr\u00e1s da pr\u00f3pria cauda pode representar t\u00e9dio e at\u00e9 mesmo pulgas e carrapatos em c\u00e3es; veja outras poss\u00edveis causas<\/span><\/em><\/p>\n\n\n\n<p><span class=\"has-inline-color has-black-color\">Por <strong><a href=\"https:\/\/gizmodo.uol.com.br\/author\/isabela-oliveira\/\">Isabela Oliveira<\/a><\/strong><\/span><\/p>\n\n\n\n<div class=\"wp-block-image\"><figure class=\"aligncenter size-large\"><a href=\"https:\/\/mizu.com.br\/\"><img loading=\"lazy\" decoding=\"async\" width=\"729\" height=\"90\" src=\"https:\/\/jornalfatosenoticias.com.br\/wp-content\/uploads\/2020\/02\/Logo_Mizu.png\" alt=\"\" class=\"wp-image-1441\" srcset=\"https:\/\/jornalfatosenoticias.com.br\/wp-content\/uploads\/2020\/02\/Logo_Mizu.png 729w, https:\/\/jornalfatosenoticias.com.br\/wp-content\/uploads\/2020\/02\/Logo_Mizu-300x37.png 300w\" sizes=\"auto, (max-width: 729px) 100vw, 729px\" \/><\/a><\/figure><\/div>\n\n\n\n<p>Quem nunca viu um cachorro correndo atr\u00e1s do pr\u00f3prio rabo, n\u00e3o? Por mais estranho que pare\u00e7a, <a href=\"https:\/\/gizmodo.uol.com.br\/estudo-finlandes-traca-personalidade-de-52-grupos-de-racas-de-cachorros-confira\/\">c\u00e3es<\/a> que perseguem suas caudas tem, sim, uma explica\u00e7\u00e3o. E em alguns casos, ali\u00e1s, pode indicar algo de errado com a sa\u00fade do animal.<\/p>\n\n\n\n<p><strong><span class=\"has-inline-color has-black-color\">Entenda as causas abaixo:<br><\/span><\/strong>De acordo com o site da marca de ra\u00e7\u00e3o <em>Purina,<\/em> dos motivos mais comuns pelos quais os c\u00e3es perseguem a pr\u00f3pria cauda \u00e9 por brincadeira. Isso acontece principalmente entre <a href=\"https:\/\/gizmodo.uol.com.br\/este-peixe-carrega-seus-filhotes-na-boca-e-as-vezes-se-alimenta-deles\/\">filhotes<\/a>, que ainda est\u00e3o descobrindo sua anatomia. Entretanto, isso tamb\u00e9m pode significar t\u00e9dio, quando os animais n\u00e3o est\u00e3o recebendo est\u00edmulos ou aten\u00e7\u00e3o suficientes. Nesse caso, eles correm atr\u00e1s do rabo a fim de expulsar a energia acumulada por meio da atividade ou at\u00e9 mesmo para chamar a aten\u00e7\u00e3o do dono. Se a a\u00e7\u00e3o gerar inc\u00f4modo, o tutor pode aumentar o n\u00edvel de atividade di\u00e1ria do pet, passando a caminhar ou brincar com o animal com mais frequ\u00eancia.<\/p>\n\n\n\n<div class=\"wp-block-image\"><figure class=\"aligncenter size-large is-resized\"><a href=\"https:\/\/www.facebook.com\/profile.php?id=100069289606145\"><img loading=\"lazy\" decoding=\"async\" src=\"https:\/\/jornalfatosenoticias.com.br\/wp-content\/uploads\/2024\/11\/Guaitolini-Contabilidade-1024x714.jpeg\" alt=\"\" class=\"wp-image-55808\" width=\"303\" height=\"211\" srcset=\"https:\/\/jornalfatosenoticias.com.br\/wp-content\/uploads\/2024\/11\/Guaitolini-Contabilidade-1024x714.jpeg 1024w, https:\/\/jornalfatosenoticias.com.br\/wp-content\/uploads\/2024\/11\/Guaitolini-Contabilidade-300x209.jpeg 300w, https:\/\/jornalfatosenoticias.com.br\/wp-content\/uploads\/2024\/11\/Guaitolini-Contabilidade-768x535.jpeg 768w, https:\/\/jornalfatosenoticias.com.br\/wp-content\/uploads\/2024\/11\/Guaitolini-Contabilidade.jpeg 1280w\" sizes=\"auto, (max-width: 303px) 100vw, 303px\" \/><\/a><\/figure><\/div>\n\n\n\n<p>Al\u00e9m disso, esse tipo de comportamento repetitivo pode indicar ansiedade, tornando-se uma forma de aliviar o estresse. Entre as causas que podem levar os c\u00e3es a ficarem ansiosos, est\u00e3o espa\u00e7os pequenos, agress\u00e3o, pouca <a href=\"https:\/\/gizmodo.uol.com.br\/caes-que-sao-amigos-de-outros-caes-podem-viver-mais-veja-o-que-diz-estudo\/\">socializa\u00e7\u00e3o<\/a> e medo. Nessa situa\u00e7\u00e3o, uma op\u00e7\u00e3o \u00e9 procurar um especialista em comportamento para ajudar a resolver o problema.<\/p>\n\n\n\n<div class=\"wp-block-image\"><figure class=\"aligncenter size-large is-resized\"><a href=\"https:\/\/www.instagram.com\/restaurantepegoretti\/\"><img loading=\"lazy\" decoding=\"async\" src=\"https:\/\/jornalfatosenoticias.com.br\/wp-content\/uploads\/2023\/12\/pegoretti-logo-pdf-1024x389.jpg\" alt=\"\" class=\"wp-image-47536\" width=\"506\" height=\"192\" srcset=\"https:\/\/jornalfatosenoticias.com.br\/wp-content\/uploads\/2023\/12\/pegoretti-logo-pdf-1024x389.jpg 1024w, https:\/\/jornalfatosenoticias.com.br\/wp-content\/uploads\/2023\/12\/pegoretti-logo-pdf-300x114.jpg 300w, https:\/\/jornalfatosenoticias.com.br\/wp-content\/uploads\/2023\/12\/pegoretti-logo-pdf-768x291.jpg 768w, https:\/\/jornalfatosenoticias.com.br\/wp-content\/uploads\/2023\/12\/pegoretti-logo-pdf.jpg 1120w\" sizes=\"auto, (max-width: 506px) 100vw, 506px\" \/><\/a><\/figure><\/div>\n\n\n\n<p><strong><span class=\"has-inline-color has-black-color\">Outras causas para c\u00e3es que perseguem suas caudas<br><\/span><\/strong>No entanto, n\u00e3o s\u00f3 quest\u00f5es psicol\u00f3gicas podem levar os cachorros a morderem o rabo. A pr\u00e1tica tamb\u00e9m pode ser ind\u00edcio de uma infesta\u00e7\u00e3o de pulgas ou carrapatos. Sendo assim, para se certificar de que seu bichinho est\u00e1 livre desses parasitas, busque por manchas escuras de fezes de pulga em seu corpo, bem como pontos com aus\u00eancia de pelo (poss\u00edvel resultado de muita coceira).<\/p>\n\n\n\n<div class=\"wp-block-image\"><figure class=\"aligncenter size-large is-resized\"><a href=\"https:\/\/www.instagram.com\/ligadossaborespizzaria\/\"><img loading=\"lazy\" decoding=\"async\" src=\"https:\/\/jornalfatosenoticias.com.br\/wp-content\/uploads\/2020\/02\/WhatsApp-Image-2024-10-02-at-08.18.14-819x1024.jpeg\" alt=\"\" class=\"wp-image-54612\" width=\"273\" height=\"341\" srcset=\"https:\/\/jornalfatosenoticias.com.br\/wp-content\/uploads\/2020\/02\/WhatsApp-Image-2024-10-02-at-08.18.14-819x1024.jpeg 819w, https:\/\/jornalfatosenoticias.com.br\/wp-content\/uploads\/2020\/02\/WhatsApp-Image-2024-10-02-at-08.18.14-240x300.jpeg 240w, https:\/\/jornalfatosenoticias.com.br\/wp-content\/uploads\/2020\/02\/WhatsApp-Image-2024-10-02-at-08.18.14-768x960.jpeg 768w, https:\/\/jornalfatosenoticias.com.br\/wp-content\/uploads\/2020\/02\/WhatsApp-Image-2024-10-02-at-08.18.14.jpeg 1024w\" sizes=\"auto, (max-width: 273px) 100vw, 273px\" \/><\/a><\/figure><\/div>\n\n\n\n<p>Por fim, casos mais frequentes podem significar problemas de sa\u00fade mais graves, segundo o <em>American Kennel Club<\/em>. Algumas possibilidades incluem dores, infec\u00e7\u00f5es e convuls\u00f5es, por exemplo. Ent\u00e3o, se um c\u00e3o estiver perseguindo a pr\u00f3pria cauda exageradamente, o melhor a se fazer \u00e9 lev\u00e1-lo ao veterin\u00e1rio.<\/p>\n\n\n\n<div class=\"wp-block-image\"><figure class=\"aligncenter size-large is-resized\"><a href=\"https:\/\/hotelmarquetti.com.br\/\"><img loading=\"lazy\" decoding=\"async\" src=\"https:\/\/jornalfatosenoticias.com.br\/wp-content\/uploads\/2023\/03\/nova-logo-Marquetti.jpg\" alt=\"\" class=\"wp-image-40207\" width=\"305\" height=\"205\" srcset=\"https:\/\/jornalfatosenoticias.com.br\/wp-content\/uploads\/2023\/03\/nova-logo-Marquetti.jpg 643w, https:\/\/jornalfatosenoticias.com.br\/wp-content\/uploads\/2023\/03\/nova-logo-Marquetti-300x202.jpg 300w\" sizes=\"auto, (max-width: 305px) 100vw, 305px\" \/><\/a><\/figure><\/div>\n\n\n\n<p><strong><em>Fonte: <a href=\"https:\/\/gizmodo.uol.com.br\/por-que-os-caes-perseguem-as-suas-proprias-caudas\/\">Giz Brasil<\/a><\/em><\/strong><\/p>\n","protected":false},"excerpt":{"rendered":"<p>Correr atr\u00e1s da pr\u00f3pria cauda pode representar t\u00e9dio e at\u00e9 mesmo pulgas e carrapatos em c\u00e3es; veja outras poss\u00edveis causas Por Isabela Oliveira Quem nunca viu um cachorro correndo atr\u00e1s do pr\u00f3prio rabo, n\u00e3o? Por mais estranho que pare\u00e7a, c\u00e3es que perseguem suas caudas tem, sim, uma explica\u00e7\u00e3o. E em alguns casos, ali\u00e1s, pode indicar [&hellip;]<\/p>\n","protected":false},"author":2,"featured_media":57560,"comment_status":"open","ping_status":"open","sticky":false,"template":"","format":"standard","meta":{"footnotes":""},"categories":[9710],"tags":[1292,1495,3072,754,3433,1293,4157],"class_list":["post-57559","post","type-post","status-publish","format-standard","has-post-thumbnail","hentry","category-pets","tag-animal-de-estimacao","tag-cachorro","tag-cachorros","tag-caes","tag-comportamento-animal","tag-pet","tag-pets"],"yoast_head":"<!-- This site is optimized with the Yoast SEO plugin v26.5 - https:\/\/yoast.com\/wordpress\/plugins\/seo\/ -->\n<title>Por que os c\u00e3es perseguem as suas pr\u00f3prias caudas? - Jornal Fatos e Not\u00edcias<\/title>\n<meta name=\"robots\" content=\"index, follow, max-snippet:-1, max-image-preview:large, max-video-preview:-1\" \/>\n<link rel=\"canonical\" href=\"https:\/\/jornalfatosenoticias.com.br\/index.php\/2025\/03\/10\/por-que-os-caes-perseguem-as-suas-proprias-caudas\/\" \/>\n<meta property=\"og:locale\" content=\"pt_BR\" \/>\n<meta property=\"og:type\" content=\"article\" \/>\n<meta property=\"og:title\" content=\"Por que os c\u00e3es perseguem as suas pr\u00f3prias caudas? - Jornal Fatos e Not\u00edcias\" \/>\n<meta property=\"og:description\" content=\"Correr atr\u00e1s da pr\u00f3pria cauda pode representar t\u00e9dio e at\u00e9 mesmo pulgas e carrapatos em c\u00e3es; veja outras poss\u00edveis causas Por Isabela Oliveira Quem nunca viu um cachorro correndo atr\u00e1s do pr\u00f3prio rabo, n\u00e3o? Por mais estranho que pare\u00e7a, c\u00e3es que perseguem suas caudas tem, sim, uma explica\u00e7\u00e3o. E em alguns casos, ali\u00e1s, pode indicar [&hellip;]\" \/>\n<meta property=\"og:url\" content=\"https:\/\/jornalfatosenoticias.com.br\/index.php\/2025\/03\/10\/por-que-os-caes-perseguem-as-suas-proprias-caudas\/\" \/>\n<meta property=\"og:site_name\" content=\"Jornal Fatos e Not\u00edcias\" \/>\n<meta property=\"article:published_time\" content=\"2025-03-10T11:48:05+00:00\" \/>\n<meta property=\"article:modified_time\" content=\"2025-03-10T11:48:06+00:00\" \/>\n<meta property=\"og:image\" content=\"https:\/\/jornalfatosenoticias.com.br\/wp-content\/uploads\/2025\/03\/cao-dando-volta-atras-do-proprio-rabo_Adobe-Stock.jpeg\" \/>\n\t<meta property=\"og:image:width\" content=\"1000\" \/>\n\t<meta property=\"og:image:height\" content=\"664\" \/>\n\t<meta property=\"og:image:type\" content=\"image\/jpeg\" \/>\n<meta name=\"author\" content=\"Luzimara Fernandes\" \/>\n<meta name=\"twitter:card\" content=\"summary_large_image\" \/>\n<meta name=\"twitter:label1\" content=\"Escrito por\" \/>\n\t<meta name=\"twitter:data1\" content=\"Luzimara Fernandes\" \/>\n\t<meta name=\"twitter:label2\" content=\"Est. tempo de leitura\" \/>\n\t<meta name=\"twitter:data2\" content=\"2 minutos\" \/>\n<script type=\"application\/ld+json\" class=\"yoast-schema-graph\">{\"@context\":\"https:\/\/schema.org\",\"@graph\":[{\"@type\":\"Article\",\"@id\":\"https:\/\/jornalfatosenoticias.com.br\/index.php\/2025\/03\/10\/por-que-os-caes-perseguem-as-suas-proprias-caudas\/#article\",\"isPartOf\":{\"@id\":\"https:\/\/jornalfatosenoticias.com.br\/index.php\/2025\/03\/10\/por-que-os-caes-perseguem-as-suas-proprias-caudas\/\"},\"author\":{\"name\":\"Luzimara Fernandes\",\"@id\":\"https:\/\/jornalfatosenoticias.com.br\/#\/schema\/person\/d63837fa13ac8666eb9e74e0985d6f81\"},\"headline\":\"Por que os c\u00e3es perseguem as suas pr\u00f3prias caudas?\",\"datePublished\":\"2025-03-10T11:48:05+00:00\",\"dateModified\":\"2025-03-10T11:48:06+00:00\",\"mainEntityOfPage\":{\"@id\":\"https:\/\/jornalfatosenoticias.com.br\/index.php\/2025\/03\/10\/por-que-os-caes-perseguem-as-suas-proprias-caudas\/\"},\"wordCount\":408,\"commentCount\":0,\"publisher\":{\"@id\":\"https:\/\/jornalfatosenoticias.com.br\/#organization\"},\"image\":{\"@id\":\"https:\/\/jornalfatosenoticias.com.br\/index.php\/2025\/03\/10\/por-que-os-caes-perseguem-as-suas-proprias-caudas\/#primaryimage\"},\"thumbnailUrl\":\"https:\/\/jornalfatosenoticias.com.br\/wp-content\/uploads\/2025\/03\/cao-dando-volta-atras-do-proprio-rabo_Adobe-Stock.jpeg\",\"keywords\":[\"animal de estima\u00e7\u00e3o\",\"cachorro\",\"cachorros\",\"c\u00e3es\",\"comportamento animal\",\"pet\",\"pets\"],\"articleSection\":[\"Pets\"],\"inLanguage\":\"pt-BR\",\"potentialAction\":[{\"@type\":\"CommentAction\",\"name\":\"Comment\",\"target\":[\"https:\/\/jornalfatosenoticias.com.br\/index.php\/2025\/03\/10\/por-que-os-caes-perseguem-as-suas-proprias-caudas\/#respond\"]}]},{\"@type\":\"WebPage\",\"@id\":\"https:\/\/jornalfatosenoticias.com.br\/index.php\/2025\/03\/10\/por-que-os-caes-perseguem-as-suas-proprias-caudas\/\",\"url\":\"https:\/\/jornalfatosenoticias.com.br\/index.php\/2025\/03\/10\/por-que-os-caes-perseguem-as-suas-proprias-caudas\/\",\"name\":\"Por que os c\u00e3es perseguem as suas pr\u00f3prias caudas? - Jornal Fatos e Not\u00edcias\",\"isPartOf\":{\"@id\":\"https:\/\/jornalfatosenoticias.com.br\/#website\"},\"primaryImageOfPage\":{\"@id\":\"https:\/\/jornalfatosenoticias.com.br\/index.php\/2025\/03\/10\/por-que-os-caes-perseguem-as-suas-proprias-caudas\/#primaryimage\"},\"image\":{\"@id\":\"https:\/\/jornalfatosenoticias.com.br\/index.php\/2025\/03\/10\/por-que-os-caes-perseguem-as-suas-proprias-caudas\/#primaryimage\"},\"thumbnailUrl\":\"https:\/\/jornalfatosenoticias.com.br\/wp-content\/uploads\/2025\/03\/cao-dando-volta-atras-do-proprio-rabo_Adobe-Stock.jpeg\",\"datePublished\":\"2025-03-10T11:48:05+00:00\",\"dateModified\":\"2025-03-10T11:48:06+00:00\",\"breadcrumb\":{\"@id\":\"https:\/\/jornalfatosenoticias.com.br\/index.php\/2025\/03\/10\/por-que-os-caes-perseguem-as-suas-proprias-caudas\/#breadcrumb\"},\"inLanguage\":\"pt-BR\",\"potentialAction\":[{\"@type\":\"ReadAction\",\"target\":[\"https:\/\/jornalfatosenoticias.com.br\/index.php\/2025\/03\/10\/por-que-os-caes-perseguem-as-suas-proprias-caudas\/\"]}]},{\"@type\":\"ImageObject\",\"inLanguage\":\"pt-BR\",\"@id\":\"https:\/\/jornalfatosenoticias.com.br\/index.php\/2025\/03\/10\/por-que-os-caes-perseguem-as-suas-proprias-caudas\/#primaryimage\",\"url\":\"https:\/\/jornalfatosenoticias.com.br\/wp-content\/uploads\/2025\/03\/cao-dando-volta-atras-do-proprio-rabo_Adobe-Stock.jpeg\",\"contentUrl\":\"https:\/\/jornalfatosenoticias.com.br\/wp-content\/uploads\/2025\/03\/cao-dando-volta-atras-do-proprio-rabo_Adobe-Stock.jpeg\",\"width\":1000,\"height\":664},{\"@type\":\"BreadcrumbList\",\"@id\":\"https:\/\/jornalfatosenoticias.com.br\/index.php\/2025\/03\/10\/por-que-os-caes-perseguem-as-suas-proprias-caudas\/#breadcrumb\",\"itemListElement\":[{\"@type\":\"ListItem\",\"position\":1,\"name\":\"In\u00edcio\",\"item\":\"https:\/\/jornalfatosenoticias.com.br\/\"},{\"@type\":\"ListItem\",\"position\":2,\"name\":\"Por que os c\u00e3es perseguem as suas pr\u00f3prias caudas?\"}]},{\"@type\":\"WebSite\",\"@id\":\"https:\/\/jornalfatosenoticias.com.br\/#website\",\"url\":\"https:\/\/jornalfatosenoticias.com.br\/\",\"name\":\"Jornal Fatos e Not\u00edcias\",\"description\":\"Not\u00edcias em geral\",\"publisher\":{\"@id\":\"https:\/\/jornalfatosenoticias.com.br\/#organization\"},\"potentialAction\":[{\"@type\":\"SearchAction\",\"target\":{\"@type\":\"EntryPoint\",\"urlTemplate\":\"https:\/\/jornalfatosenoticias.com.br\/?s={search_term_string}\"},\"query-input\":{\"@type\":\"PropertyValueSpecification\",\"valueRequired\":true,\"valueName\":\"search_term_string\"}}],\"inLanguage\":\"pt-BR\"},{\"@type\":\"Organization\",\"@id\":\"https:\/\/jornalfatosenoticias.com.br\/#organization\",\"name\":\"Jornal Fatos e Not\u00edcias\",\"url\":\"https:\/\/jornalfatosenoticias.com.br\/\",\"logo\":{\"@type\":\"ImageObject\",\"inLanguage\":\"pt-BR\",\"@id\":\"https:\/\/jornalfatosenoticias.com.br\/#\/schema\/logo\/image\/\",\"url\":\"https:\/\/jornalfatosenoticias.com.br\/wp-content\/uploads\/2020\/02\/logo120.png\",\"contentUrl\":\"https:\/\/jornalfatosenoticias.com.br\/wp-content\/uploads\/2020\/02\/logo120.png\",\"width\":1227,\"height\":120,\"caption\":\"Jornal Fatos e Not\u00edcias\"},\"image\":{\"@id\":\"https:\/\/jornalfatosenoticias.com.br\/#\/schema\/logo\/image\/\"}},{\"@type\":\"Person\",\"@id\":\"https:\/\/jornalfatosenoticias.com.br\/#\/schema\/person\/d63837fa13ac8666eb9e74e0985d6f81\",\"name\":\"Luzimara Fernandes\",\"image\":{\"@type\":\"ImageObject\",\"inLanguage\":\"pt-BR\",\"@id\":\"https:\/\/jornalfatosenoticias.com.br\/#\/schema\/person\/image\/\",\"url\":\"https:\/\/jornalfatosenoticias.com.br\/wp-content\/uploads\/2025\/05\/EU_portal.jpg\",\"contentUrl\":\"https:\/\/jornalfatosenoticias.com.br\/wp-content\/uploads\/2025\/05\/EU_portal.jpg\",\"caption\":\"Luzimara Fernandes\"},\"description\":\"Jornalista MTB 2358-ES\",\"sameAs\":[\"https:\/\/jornalfatosenoticias.com.br\"],\"url\":\"https:\/\/jornalfatosenoticias.com.br\/index.php\/author\/luzimara\/\"}]}<\/script>\n<!-- \/ Yoast SEO plugin. -->","yoast_head_json":{"title":"Por que os c\u00e3es perseguem as suas pr\u00f3prias caudas? - Jornal Fatos e Not\u00edcias","robots":{"index":"index","follow":"follow","max-snippet":"max-snippet:-1","max-image-preview":"max-image-preview:large","max-video-preview":"max-video-preview:-1"},"canonical":"https:\/\/jornalfatosenoticias.com.br\/index.php\/2025\/03\/10\/por-que-os-caes-perseguem-as-suas-proprias-caudas\/","og_locale":"pt_BR","og_type":"article","og_title":"Por que os c\u00e3es perseguem as suas pr\u00f3prias caudas? - Jornal Fatos e Not\u00edcias","og_description":"Correr atr\u00e1s da pr\u00f3pria cauda pode representar t\u00e9dio e at\u00e9 mesmo pulgas e carrapatos em c\u00e3es; veja outras poss\u00edveis causas Por Isabela Oliveira Quem nunca viu um cachorro correndo atr\u00e1s do pr\u00f3prio rabo, n\u00e3o? Por mais estranho que pare\u00e7a, c\u00e3es que perseguem suas caudas tem, sim, uma explica\u00e7\u00e3o. E em alguns casos, ali\u00e1s, pode indicar [&hellip;]","og_url":"https:\/\/jornalfatosenoticias.com.br\/index.php\/2025\/03\/10\/por-que-os-caes-perseguem-as-suas-proprias-caudas\/","og_site_name":"Jornal Fatos e Not\u00edcias","article_published_time":"2025-03-10T11:48:05+00:00","article_modified_time":"2025-03-10T11:48:06+00:00","og_image":[{"width":1000,"height":664,"url":"https:\/\/jornalfatosenoticias.com.br\/wp-content\/uploads\/2025\/03\/cao-dando-volta-atras-do-proprio-rabo_Adobe-Stock.jpeg","type":"image\/jpeg"}],"author":"Luzimara Fernandes","twitter_card":"summary_large_image","twitter_misc":{"Escrito por":"Luzimara Fernandes","Est. tempo de leitura":"2 minutos"},"schema":{"@context":"https:\/\/schema.org","@graph":[{"@type":"Article","@id":"https:\/\/jornalfatosenoticias.com.br\/index.php\/2025\/03\/10\/por-que-os-caes-perseguem-as-suas-proprias-caudas\/#article","isPartOf":{"@id":"https:\/\/jornalfatosenoticias.com.br\/index.php\/2025\/03\/10\/por-que-os-caes-perseguem-as-suas-proprias-caudas\/"},"author":{"name":"Luzimara Fernandes","@id":"https:\/\/jornalfatosenoticias.com.br\/#\/schema\/person\/d63837fa13ac8666eb9e74e0985d6f81"},"headline":"Por que os c\u00e3es perseguem as suas pr\u00f3prias caudas?","datePublished":"2025-03-10T11:48:05+00:00","dateModified":"2025-03-10T11:48:06+00:00","mainEntityOfPage":{"@id":"https:\/\/jornalfatosenoticias.com.br\/index.php\/2025\/03\/10\/por-que-os-caes-perseguem-as-suas-proprias-caudas\/"},"wordCount":408,"commentCount":0,"publisher":{"@id":"https:\/\/jornalfatosenoticias.com.br\/#organization"},"image":{"@id":"https:\/\/jornalfatosenoticias.com.br\/index.php\/2025\/03\/10\/por-que-os-caes-perseguem-as-suas-proprias-caudas\/#primaryimage"},"thumbnailUrl":"https:\/\/jornalfatosenoticias.com.br\/wp-content\/uploads\/2025\/03\/cao-dando-volta-atras-do-proprio-rabo_Adobe-Stock.jpeg","keywords":["animal de estima\u00e7\u00e3o","cachorro","cachorros","c\u00e3es","comportamento animal","pet","pets"],"articleSection":["Pets"],"inLanguage":"pt-BR","potentialAction":[{"@type":"CommentAction","name":"Comment","target":["https:\/\/jornalfatosenoticias.com.br\/index.php\/2025\/03\/10\/por-que-os-caes-perseguem-as-suas-proprias-caudas\/#respond"]}]},{"@type":"WebPage","@id":"https:\/\/jornalfatosenoticias.com.br\/index.php\/2025\/03\/10\/por-que-os-caes-perseguem-as-suas-proprias-caudas\/","url":"https:\/\/jornalfatosenoticias.com.br\/index.php\/2025\/03\/10\/por-que-os-caes-perseguem-as-suas-proprias-caudas\/","name":"Por que os c\u00e3es perseguem as suas pr\u00f3prias caudas? - Jornal Fatos e Not\u00edcias","isPartOf":{"@id":"https:\/\/jornalfatosenoticias.com.br\/#website"},"primaryImageOfPage":{"@id":"https:\/\/jornalfatosenoticias.com.br\/index.php\/2025\/03\/10\/por-que-os-caes-perseguem-as-suas-proprias-caudas\/#primaryimage"},"image":{"@id":"https:\/\/jornalfatosenoticias.com.br\/index.php\/2025\/03\/10\/por-que-os-caes-perseguem-as-suas-proprias-caudas\/#primaryimage"},"thumbnailUrl":"https:\/\/jornalfatosenoticias.com.br\/wp-content\/uploads\/2025\/03\/cao-dando-volta-atras-do-proprio-rabo_Adobe-Stock.jpeg","datePublished":"2025-03-10T11:48:05+00:00","dateModified":"2025-03-10T11:48:06+00:00","breadcrumb":{"@id":"https:\/\/jornalfatosenoticias.com.br\/index.php\/2025\/03\/10\/por-que-os-caes-perseguem-as-suas-proprias-caudas\/#breadcrumb"},"inLanguage":"pt-BR","potentialAction":[{"@type":"ReadAction","target":["https:\/\/jornalfatosenoticias.com.br\/index.php\/2025\/03\/10\/por-que-os-caes-perseguem-as-suas-proprias-caudas\/"]}]},{"@type":"ImageObject","inLanguage":"pt-BR","@id":"https:\/\/jornalfatosenoticias.com.br\/index.php\/2025\/03\/10\/por-que-os-caes-perseguem-as-suas-proprias-caudas\/#primaryimage","url":"https:\/\/jornalfatosenoticias.com.br\/wp-content\/uploads\/2025\/03\/cao-dando-volta-atras-do-proprio-rabo_Adobe-Stock.jpeg","contentUrl":"https:\/\/jornalfatosenoticias.com.br\/wp-content\/uploads\/2025\/03\/cao-dando-volta-atras-do-proprio-rabo_Adobe-Stock.jpeg","width":1000,"height":664},{"@type":"BreadcrumbList","@id":"https:\/\/jornalfatosenoticias.com.br\/index.php\/2025\/03\/10\/por-que-os-caes-perseguem-as-suas-proprias-caudas\/#breadcrumb","itemListElement":[{"@type":"ListItem","position":1,"name":"In\u00edcio","item":"https:\/\/jornalfatosenoticias.com.br\/"},{"@type":"ListItem","position":2,"name":"Por que os c\u00e3es perseguem as suas pr\u00f3prias caudas?"}]},{"@type":"WebSite","@id":"https:\/\/jornalfatosenoticias.com.br\/#website","url":"https:\/\/jornalfatosenoticias.com.br\/","name":"Jornal Fatos e Not\u00edcias","description":"Not\u00edcias em geral","publisher":{"@id":"https:\/\/jornalfatosenoticias.com.br\/#organization"},"potentialAction":[{"@type":"SearchAction","target":{"@type":"EntryPoint","urlTemplate":"https:\/\/jornalfatosenoticias.com.br\/?s={search_term_string}"},"query-input":{"@type":"PropertyValueSpecification","valueRequired":true,"valueName":"search_term_string"}}],"inLanguage":"pt-BR"},{"@type":"Organization","@id":"https:\/\/jornalfatosenoticias.com.br\/#organization","name":"Jornal Fatos e Not\u00edcias","url":"https:\/\/jornalfatosenoticias.com.br\/","logo":{"@type":"ImageObject","inLanguage":"pt-BR","@id":"https:\/\/jornalfatosenoticias.com.br\/#\/schema\/logo\/image\/","url":"https:\/\/jornalfatosenoticias.com.br\/wp-content\/uploads\/2020\/02\/logo120.png","contentUrl":"https:\/\/jornalfatosenoticias.com.br\/wp-content\/uploads\/2020\/02\/logo120.png","width":1227,"height":120,"caption":"Jornal Fatos e Not\u00edcias"},"image":{"@id":"https:\/\/jornalfatosenoticias.com.br\/#\/schema\/logo\/image\/"}},{"@type":"Person","@id":"https:\/\/jornalfatosenoticias.com.br\/#\/schema\/person\/d63837fa13ac8666eb9e74e0985d6f81","name":"Luzimara Fernandes","image":{"@type":"ImageObject","inLanguage":"pt-BR","@id":"https:\/\/jornalfatosenoticias.com.br\/#\/schema\/person\/image\/","url":"https:\/\/jornalfatosenoticias.com.br\/wp-content\/uploads\/2025\/05\/EU_portal.jpg","contentUrl":"https:\/\/jornalfatosenoticias.com.br\/wp-content\/uploads\/2025\/05\/EU_portal.jpg","caption":"Luzimara Fernandes"},"description":"Jornalista MTB 2358-ES","sameAs":["https:\/\/jornalfatosenoticias.com.br"],"url":"https:\/\/jornalfatosenoticias.com.br\/index.php\/author\/luzimara\/"}]}},"cc_featured_image_caption":{"caption_text":"(Foto: Adobe Stock) ","source_text":"","source_url":""},"jetpack_featured_media_url":"https:\/\/jornalfatosenoticias.com.br\/wp-content\/uploads\/2025\/03\/cao-dando-volta-atras-do-proprio-rabo_Adobe-Stock.jpeg","_links":{"self":[{"href":"https:\/\/jornalfatosenoticias.com.br\/index.php\/wp-json\/wp\/v2\/posts\/57559","targetHints":{"allow":["GET"]}}],"collection":[{"href":"https:\/\/jornalfatosenoticias.com.br\/index.php\/wp-json\/wp\/v2\/posts"}],"about":[{"href":"https:\/\/jornalfatosenoticias.com.br\/index.php\/wp-json\/wp\/v2\/types\/post"}],"author":[{"embeddable":true,"href":"https:\/\/jornalfatosenoticias.com.br\/index.php\/wp-json\/wp\/v2\/users\/2"}],"replies":[{"embeddable":true,"href":"https:\/\/jornalfatosenoticias.com.br\/index.php\/wp-json\/wp\/v2\/comments?post=57559"}],"version-history":[{"count":0,"href":"https:\/\/jornalfatosenoticias.com.br\/index.php\/wp-json\/wp\/v2\/posts\/57559\/revisions"}],"wp:featuredmedia":[{"embeddable":true,"href":"https:\/\/jornalfatosenoticias.com.br\/index.php\/wp-json\/wp\/v2\/media\/57560"}],"wp:attachment":[{"href":"https:\/\/jornalfatosenoticias.com.br\/index.php\/wp-json\/wp\/v2\/media?parent=57559"}],"wp:term":[{"taxonomy":"category","embeddable":true,"href":"https:\/\/jornalfatosenoticias.com.br\/index.php\/wp-json\/wp\/v2\/categories?post=57559"},{"taxonomy":"post_tag","embeddable":true,"href":"https:\/\/jornalfatosenoticias.com.br\/index.php\/wp-json\/wp\/v2\/tags?post=57559"}],"curies":[{"name":"wp","href":"https:\/\/api.w.org\/{rel}","templated":true}]}}