{"id":57565,"date":"2025-03-10T09:47:46","date_gmt":"2025-03-10T12:47:46","guid":{"rendered":"https:\/\/jornalfatosenoticias.com.br\/?p=57565"},"modified":"2025-03-10T09:47:47","modified_gmt":"2025-03-10T12:47:47","slug":"descoberta-de-cidade-perdida-pode-reescrever-historia-do-imperio-romano","status":"publish","type":"post","link":"https:\/\/jornalfatosenoticias.com.br\/index.php\/2025\/03\/10\/descoberta-de-cidade-perdida-pode-reescrever-historia-do-imperio-romano\/","title":{"rendered":"Descoberta de cidade perdida pode reescrever hist\u00f3ria do Imp\u00e9rio Romano"},"content":{"rendered":"\n<p><em><span class=\"has-inline-color has-black-color\">A cidade chamada de Interamna Lirenas prosperou por 900 anos e era um local estrat\u00e9gico para Roma<\/span><\/em><\/p>\n\n\n\n<p><span class=\"has-inline-color has-black-color\">Por <strong><a href=\"https:\/\/gizmodo.uol.com.br\/author\/pablo-nogueira\/\">Pablo Nogueira<\/a><\/strong><\/span><\/p>\n\n\n\n<div class=\"wp-block-image\"><figure class=\"aligncenter size-large\"><a href=\"https:\/\/www.instagram.com\/vmais.midias\/\"><img loading=\"lazy\" decoding=\"async\" width=\"1024\" height=\"110\" src=\"https:\/\/jornalfatosenoticias.com.br\/wp-content\/uploads\/2020\/02\/DE-MAIS-DESTAQUE-VMAIS-1120X120-1024x110.png\" alt=\"\" class=\"wp-image-53110\" srcset=\"https:\/\/jornalfatosenoticias.com.br\/wp-content\/uploads\/2020\/02\/DE-MAIS-DESTAQUE-VMAIS-1120X120-1024x110.png 1024w, https:\/\/jornalfatosenoticias.com.br\/wp-content\/uploads\/2020\/02\/DE-MAIS-DESTAQUE-VMAIS-1120X120-300x32.png 300w, https:\/\/jornalfatosenoticias.com.br\/wp-content\/uploads\/2020\/02\/DE-MAIS-DESTAQUE-VMAIS-1120X120-768x82.png 768w, https:\/\/jornalfatosenoticias.com.br\/wp-content\/uploads\/2020\/02\/DE-MAIS-DESTAQUE-VMAIS-1120X120.png 1120w\" sizes=\"auto, (max-width: 1024px) 100vw, 1024px\" \/><\/a><\/figure><\/div>\n\n\n\n<p>Durante escava\u00e7\u00f5es na regi\u00e3o central da It\u00e1lia, arque\u00f3logos descobriram uma cidade \u201cperdida\u201d e pouco relevante, mas que pode <a href=\"https:\/\/gizmodo.uol.com.br\/arqueologos-encontram-antigo-templo-romano-na-alemanha\/\">reescrever a hist\u00f3ria do Imp\u00e9rio Romano.<\/a> Desde 2010, a cidade que se chama Interamna Lirenas \u00e9 foco de um <a href=\"https:\/\/www.classics.cam.ac.uk\/research\/projects\/interamna-lirenas\">projeto<\/a> da Universidade de Cambridge em colabora\u00e7\u00e3o com institui\u00e7\u00f5es italianas. Em 2013, os arque\u00f3logos iniciaram escava\u00e7\u00f5es no local, descobrindo informa\u00e7\u00f5es que podem mudar a hist\u00f3ria.<br>A funda\u00e7\u00e3o da cidade ocorreu em 312 a.C. nos territ\u00f3rios das comunidades de Aquino e Casino, tamb\u00e9m s\u00e3o <a href=\"https:\/\/gizmodo.uol.com.br\/escavacao-em-pompeia-descobre-spa-de-luxo-de-2-mil-anos\/\">consideradas regi\u00f5es perdidas do Imp\u00e9rio Romano<\/a>. O nome <em>Interamna Lirenas<\/em> significa \u201centre o rio Liri\u201d, refletindo a situa\u00e7\u00e3o topogr\u00e1fica da cidade e a sua localiza\u00e7\u00e3o geogr\u00e1fica. O rio Liri passa pela regi\u00e3o central da It\u00e1lia, incluindo Lazio, cuja capital \u00e9 Roma.<\/p>\n\n\n\n<div class=\"wp-block-image\"><figure class=\"aligncenter size-large is-resized\"><a href=\"https:\/\/panper.com.br\/\"><img loading=\"lazy\" decoding=\"async\" src=\"https:\/\/jornalfatosenoticias.com.br\/wp-content\/uploads\/2023\/03\/logo-Panper_portal.jpg\" alt=\"\" class=\"wp-image-40208\" width=\"355\" height=\"246\" srcset=\"https:\/\/jornalfatosenoticias.com.br\/wp-content\/uploads\/2023\/03\/logo-Panper_portal.jpg 400w, https:\/\/jornalfatosenoticias.com.br\/wp-content\/uploads\/2023\/03\/logo-Panper_portal-300x208.jpg 300w\" sizes=\"auto, (max-width: 355px) 100vw, 355px\" \/><\/a><\/figure><\/div>\n\n\n\n<p>A proximidade \u00e0 sede do Imp\u00e9rio Romano foi, talvez, o motivo pelo qual arque\u00f3logos descobriram edif\u00edcios e estruturas antigas, incluindo teatros, portos fluviais, mercados e dep\u00f3sitos. Al\u00e9m disso, a cidade contava com um teatro com capacidade para 1.500 pessoas.<\/p>\n\n\n\n<div class=\"wp-block-image\"><figure class=\"aligncenter size-large\"><img loading=\"lazy\" decoding=\"async\" width=\"1000\" height=\"551\" src=\"https:\/\/jornalfatosenoticias.com.br\/wp-content\/uploads\/2025\/03\/teatro-cidade-perdida-roma.jpg\" alt=\"\" class=\"wp-image-57566\" srcset=\"https:\/\/jornalfatosenoticias.com.br\/wp-content\/uploads\/2025\/03\/teatro-cidade-perdida-roma.jpg 1000w, https:\/\/jornalfatosenoticias.com.br\/wp-content\/uploads\/2025\/03\/teatro-cidade-perdida-roma-300x165.jpg 300w, https:\/\/jornalfatosenoticias.com.br\/wp-content\/uploads\/2025\/03\/teatro-cidade-perdida-roma-768x423.jpg 768w\" sizes=\"auto, (max-width: 1000px) 100vw, 1000px\" \/><figcaption><em><span class=\"has-inline-color has-black-color\">Arque\u00f3logos escavam teatro de antiga cidade perdida (Foto: Universidade de Cambridge\/Reprodu\u00e7\u00e3o)<\/span><\/em><\/figcaption><\/figure><\/div>\n\n\n\n<p>O livro \u201cRoman Urbanism in Italy\u201d, dos arque\u00f3logos respons\u00e1veis pelo trabalho em <em>Interamna Lirenas<\/em>, sugere que a cidade perdida n\u00e3o era t\u00e3o perdida assim e pode reescrever a linha do tempo da queda do imp\u00e9rio. Isso porque as descobertas refutam teorias anteriores sobre a cidade perdida ser irrelevante para o Imp\u00e9rio Romano, apontando para uma cidade que prosperou por quase um mil\u00eanio at\u00e9 sua queda.<\/p>\n\n\n\n<div class=\"wp-block-image\"><figure class=\"aligncenter size-large is-resized\"><a href=\"https:\/\/www.facebook.com\/postobkr\/?locale=pt_BR\"><img loading=\"lazy\" decoding=\"async\" src=\"https:\/\/jornalfatosenoticias.com.br\/wp-content\/uploads\/2023\/08\/BKR-1024x1021.jpg\" alt=\"\" class=\"wp-image-44494\" width=\"316\" height=\"315\" srcset=\"https:\/\/jornalfatosenoticias.com.br\/wp-content\/uploads\/2023\/08\/BKR-1024x1021.jpg 1024w, https:\/\/jornalfatosenoticias.com.br\/wp-content\/uploads\/2023\/08\/BKR-300x300.jpg 300w, https:\/\/jornalfatosenoticias.com.br\/wp-content\/uploads\/2023\/08\/BKR-150x150.jpg 150w, https:\/\/jornalfatosenoticias.com.br\/wp-content\/uploads\/2023\/08\/BKR-768x766.jpg 768w, https:\/\/jornalfatosenoticias.com.br\/wp-content\/uploads\/2023\/08\/BKR.jpg 1080w\" sizes=\"auto, (max-width: 316px) 100vw, 316px\" \/><\/a><\/figure><\/div>\n\n\n\n<p><strong><span class=\"has-inline-color has-black-color\">No in\u00edcio, cidade perdida n\u00e3o fazia parte do Imp\u00e9rio Romano<br><\/span><\/strong>Interamna Lirenas foi criada como uma col\u00f4nia, ou seja: independente de Roma, mas com <a href=\"https:\/\/gizmodo.uol.com.br\/arqueologos-buscavam-reliquias-da-2a-guerra-e-acham-espada-romana\/\">obriga\u00e7\u00f5es por alian\u00e7as pol\u00edticas e militares<\/a>. Al\u00e9m disso, a cidade ficava no meio de duas rotas importantes de comunica\u00e7\u00e3o: a Via Latina, que ligava Lazio \u00e0 Campania e ao curso do rio Liri, ligando o interior da It\u00e1lia ao Mar Tirreno.<\/p>\n\n\n\n<div class=\"wp-block-image\"><figure class=\"aligncenter size-large is-resized\"><a href=\"https:\/\/www.instagram.com\/serra4x4cambioautomatico\/\"><img loading=\"lazy\" decoding=\"async\" src=\"https:\/\/jornalfatosenoticias.com.br\/wp-content\/uploads\/2024\/08\/Serra-4x4-1-886x1024.jpg\" alt=\"\" class=\"wp-image-53632\" width=\"301\" height=\"348\" srcset=\"https:\/\/jornalfatosenoticias.com.br\/wp-content\/uploads\/2024\/08\/Serra-4x4-1-886x1024.jpg 886w, https:\/\/jornalfatosenoticias.com.br\/wp-content\/uploads\/2024\/08\/Serra-4x4-1-260x300.jpg 260w, https:\/\/jornalfatosenoticias.com.br\/wp-content\/uploads\/2024\/08\/Serra-4x4-1-768x888.jpg 768w, https:\/\/jornalfatosenoticias.com.br\/wp-content\/uploads\/2024\/08\/Serra-4x4-1.jpg 1181w\" sizes=\"auto, (max-width: 301px) 100vw, 301px\" \/><\/a><\/figure><\/div>\n\n\n\n<p>No entanto, nesse per\u00edodo, Roma ainda n\u00e3o era um imp\u00e9rio, mas, sim, uma rep\u00fablica. A transi\u00e7\u00e3o para imp\u00e9rio tem a ver <a href=\"https:\/\/gizmodo.uol.com.br\/arqueologos-encontram-pedra-que-pode-mudar-a-historia\/\">diretamente com a cidade perdida<\/a>. Isso porque <em>Interamna Lirenas<\/em> era um lugar estrat\u00e9gico para as opera\u00e7\u00f5es militares de Roma contra os samnitas. A cidade foi crucial para a <a href=\"https:\/\/gizmodo.uol.com.br\/descoberta-a-poluicao-por-chumbo-mais-antiga-da-historia\/\">expans\u00e3o de Roma no centro-sul da It\u00e1lia<\/a> durante os s\u00e9culos 4.\u00ba e 3.\u00ba a.C.<\/p>\n\n\n\n<div class=\"wp-block-image\"><figure class=\"aligncenter size-large is-resized\"><a href=\"https:\/\/www.instagram.com\/rcradiadores\/\"><img loading=\"lazy\" decoding=\"async\" src=\"https:\/\/jornalfatosenoticias.com.br\/wp-content\/uploads\/2022\/10\/RC_800x750_page-0001.jpg\" alt=\"\" class=\"wp-image-35338\" width=\"334\" height=\"313\" srcset=\"https:\/\/jornalfatosenoticias.com.br\/wp-content\/uploads\/2022\/10\/RC_800x750_page-0001.jpg 400w, https:\/\/jornalfatosenoticias.com.br\/wp-content\/uploads\/2022\/10\/RC_800x750_page-0001-300x281.jpg 300w\" sizes=\"auto, (max-width: 334px) 100vw, 334px\" \/><\/a><\/figure><\/div>\n\n\n\n<p>Ap\u00f3s Roma estabelecer sua hegemonia na regi\u00e3o, a cidade perdida desenvolveu sua dimens\u00e3o c\u00edvica, de modo que seus cidad\u00e3os se tornaram romanos e a cidade se juntou ao Imp\u00e9rio no s\u00e9culo 1.\u00ba a.C. O pico populacional da cidade come\u00e7ou durante o fim do s\u00e9culo 2.\u00ba e in\u00edcio do s\u00e9culo 1.\u00ba a.C., de acordo com os arque\u00f3logos. Ali\u00e1s, dois anos antes de se tornar ditador e criar a crise desencadeou no Imp\u00e9rio Romano, J\u00falio C\u00e9sar visitou a cidade perdida, em 46 a.C.<\/p>\n\n\n\n<div class=\"wp-block-image\"><figure class=\"aligncenter size-large is-resized\"><a href=\"https:\/\/www.legisjuris.com.br\/\"><img loading=\"lazy\" decoding=\"async\" src=\"https:\/\/jornalfatosenoticias.com.br\/wp-content\/uploads\/2024\/09\/Legis-Juris-Consultoria_logo.jpg\" alt=\"\" class=\"wp-image-53915\" width=\"456\" height=\"191\" srcset=\"https:\/\/jornalfatosenoticias.com.br\/wp-content\/uploads\/2024\/09\/Legis-Juris-Consultoria_logo.jpg 969w, https:\/\/jornalfatosenoticias.com.br\/wp-content\/uploads\/2024\/09\/Legis-Juris-Consultoria_logo-300x126.jpg 300w, https:\/\/jornalfatosenoticias.com.br\/wp-content\/uploads\/2024\/09\/Legis-Juris-Consultoria_logo-768x322.jpg 768w\" sizes=\"auto, (max-width: 456px) 100vw, 456px\" \/><\/a><\/figure><\/div>\n\n\n\n<p>De acordo com os arque\u00f3logos, as evid\u00eancias de tal visita est\u00e3o em uma inscri\u00e7\u00e3o encontrada durante as escava\u00e7\u00f5es. Essa e <a href=\"https:\/\/gizmodo.uol.com.br\/arqueologos-descobrem-que-soldados-romanos-jogavam-war-no-seculo-5\/\">outras evid\u00eancias sugerem que a cidade<\/a> cresceu durante o fim da Rep\u00fablica at\u00e9 o in\u00edcio do Imp\u00e9rio.<\/p>\n\n\n\n<p><strong><em>Fonte: <a href=\"https:\/\/gizmodo.uol.com.br\/descoberta-de-cidade-perdida-pode-reescrever-historia-do-imperio-romano\/\">Giz Brasil<\/a><\/em><\/strong><\/p>\n","protected":false},"excerpt":{"rendered":"<p>A cidade chamada de Interamna Lirenas prosperou por 900 anos e era um local estrat\u00e9gico para Roma Por Pablo Nogueira Durante escava\u00e7\u00f5es na regi\u00e3o central da It\u00e1lia, arque\u00f3logos descobriram uma cidade \u201cperdida\u201d e pouco relevante, mas que pode reescrever a hist\u00f3ria do Imp\u00e9rio Romano. Desde 2010, a cidade que se chama Interamna Lirenas \u00e9 foco [&hellip;]<\/p>\n","protected":false},"author":2,"featured_media":57567,"comment_status":"open","ping_status":"open","sticky":false,"template":"","format":"standard","meta":{"footnotes":""},"categories":[9808],"tags":[1478,8207,124,4992,5296],"class_list":["post-57565","post","type-post","status-publish","format-standard","has-post-thumbnail","hentry","category-paleo-arqueologia","tag-arqueologia","tag-imperio-romano","tag-italia","tag-roma-2","tag-roma-antiga"],"yoast_head":"<!-- This site is optimized with the Yoast SEO plugin v26.5 - https:\/\/yoast.com\/wordpress\/plugins\/seo\/ -->\n<title>Descoberta de cidade perdida pode reescrever hist\u00f3ria do Imp\u00e9rio Romano - Jornal Fatos e Not\u00edcias<\/title>\n<meta name=\"robots\" content=\"index, follow, max-snippet:-1, max-image-preview:large, max-video-preview:-1\" \/>\n<link rel=\"canonical\" href=\"https:\/\/jornalfatosenoticias.com.br\/index.php\/2025\/03\/10\/descoberta-de-cidade-perdida-pode-reescrever-historia-do-imperio-romano\/\" \/>\n<meta property=\"og:locale\" content=\"pt_BR\" \/>\n<meta property=\"og:type\" content=\"article\" \/>\n<meta property=\"og:title\" content=\"Descoberta de cidade perdida pode reescrever hist\u00f3ria do Imp\u00e9rio Romano - Jornal Fatos e Not\u00edcias\" \/>\n<meta property=\"og:description\" content=\"A cidade chamada de Interamna Lirenas prosperou por 900 anos e era um local estrat\u00e9gico para Roma Por Pablo Nogueira Durante escava\u00e7\u00f5es na regi\u00e3o central da It\u00e1lia, arque\u00f3logos descobriram uma cidade \u201cperdida\u201d e pouco relevante, mas que pode reescrever a hist\u00f3ria do Imp\u00e9rio Romano. Desde 2010, a cidade que se chama Interamna Lirenas \u00e9 foco [&hellip;]\" \/>\n<meta property=\"og:url\" content=\"https:\/\/jornalfatosenoticias.com.br\/index.php\/2025\/03\/10\/descoberta-de-cidade-perdida-pode-reescrever-historia-do-imperio-romano\/\" \/>\n<meta property=\"og:site_name\" content=\"Jornal Fatos e Not\u00edcias\" \/>\n<meta property=\"article:published_time\" content=\"2025-03-10T12:47:46+00:00\" \/>\n<meta property=\"article:modified_time\" content=\"2025-03-10T12:47:47+00:00\" \/>\n<meta property=\"og:image\" content=\"https:\/\/jornalfatosenoticias.com.br\/wp-content\/uploads\/2025\/03\/cidade-perdida-roma.jpg\" \/>\n\t<meta property=\"og:image:width\" content=\"1000\" \/>\n\t<meta property=\"og:image:height\" content=\"562\" \/>\n\t<meta property=\"og:image:type\" content=\"image\/jpeg\" \/>\n<meta name=\"author\" content=\"Luzimara Fernandes\" \/>\n<meta name=\"twitter:card\" content=\"summary_large_image\" \/>\n<meta name=\"twitter:label1\" content=\"Escrito por\" \/>\n\t<meta name=\"twitter:data1\" content=\"Luzimara Fernandes\" \/>\n\t<meta name=\"twitter:label2\" content=\"Est. tempo de leitura\" \/>\n\t<meta name=\"twitter:data2\" content=\"3 minutos\" \/>\n<script type=\"application\/ld+json\" class=\"yoast-schema-graph\">{\"@context\":\"https:\/\/schema.org\",\"@graph\":[{\"@type\":\"Article\",\"@id\":\"https:\/\/jornalfatosenoticias.com.br\/index.php\/2025\/03\/10\/descoberta-de-cidade-perdida-pode-reescrever-historia-do-imperio-romano\/#article\",\"isPartOf\":{\"@id\":\"https:\/\/jornalfatosenoticias.com.br\/index.php\/2025\/03\/10\/descoberta-de-cidade-perdida-pode-reescrever-historia-do-imperio-romano\/\"},\"author\":{\"name\":\"Luzimara Fernandes\",\"@id\":\"https:\/\/jornalfatosenoticias.com.br\/#\/schema\/person\/d63837fa13ac8666eb9e74e0985d6f81\"},\"headline\":\"Descoberta de cidade perdida pode reescrever hist\u00f3ria do Imp\u00e9rio Romano\",\"datePublished\":\"2025-03-10T12:47:46+00:00\",\"dateModified\":\"2025-03-10T12:47:47+00:00\",\"mainEntityOfPage\":{\"@id\":\"https:\/\/jornalfatosenoticias.com.br\/index.php\/2025\/03\/10\/descoberta-de-cidade-perdida-pode-reescrever-historia-do-imperio-romano\/\"},\"wordCount\":593,\"commentCount\":0,\"publisher\":{\"@id\":\"https:\/\/jornalfatosenoticias.com.br\/#organization\"},\"image\":{\"@id\":\"https:\/\/jornalfatosenoticias.com.br\/index.php\/2025\/03\/10\/descoberta-de-cidade-perdida-pode-reescrever-historia-do-imperio-romano\/#primaryimage\"},\"thumbnailUrl\":\"https:\/\/jornalfatosenoticias.com.br\/wp-content\/uploads\/2025\/03\/cidade-perdida-roma.jpg\",\"keywords\":[\"arqueologia\",\"Imp\u00e9rio Romano\",\"It\u00e1lia\",\"Roma\",\"Roma Antiga\"],\"articleSection\":[\"Paleo &amp; Arqueologia\"],\"inLanguage\":\"pt-BR\",\"potentialAction\":[{\"@type\":\"CommentAction\",\"name\":\"Comment\",\"target\":[\"https:\/\/jornalfatosenoticias.com.br\/index.php\/2025\/03\/10\/descoberta-de-cidade-perdida-pode-reescrever-historia-do-imperio-romano\/#respond\"]}]},{\"@type\":\"WebPage\",\"@id\":\"https:\/\/jornalfatosenoticias.com.br\/index.php\/2025\/03\/10\/descoberta-de-cidade-perdida-pode-reescrever-historia-do-imperio-romano\/\",\"url\":\"https:\/\/jornalfatosenoticias.com.br\/index.php\/2025\/03\/10\/descoberta-de-cidade-perdida-pode-reescrever-historia-do-imperio-romano\/\",\"name\":\"Descoberta de cidade perdida pode reescrever hist\u00f3ria do Imp\u00e9rio Romano - Jornal Fatos e Not\u00edcias\",\"isPartOf\":{\"@id\":\"https:\/\/jornalfatosenoticias.com.br\/#website\"},\"primaryImageOfPage\":{\"@id\":\"https:\/\/jornalfatosenoticias.com.br\/index.php\/2025\/03\/10\/descoberta-de-cidade-perdida-pode-reescrever-historia-do-imperio-romano\/#primaryimage\"},\"image\":{\"@id\":\"https:\/\/jornalfatosenoticias.com.br\/index.php\/2025\/03\/10\/descoberta-de-cidade-perdida-pode-reescrever-historia-do-imperio-romano\/#primaryimage\"},\"thumbnailUrl\":\"https:\/\/jornalfatosenoticias.com.br\/wp-content\/uploads\/2025\/03\/cidade-perdida-roma.jpg\",\"datePublished\":\"2025-03-10T12:47:46+00:00\",\"dateModified\":\"2025-03-10T12:47:47+00:00\",\"breadcrumb\":{\"@id\":\"https:\/\/jornalfatosenoticias.com.br\/index.php\/2025\/03\/10\/descoberta-de-cidade-perdida-pode-reescrever-historia-do-imperio-romano\/#breadcrumb\"},\"inLanguage\":\"pt-BR\",\"potentialAction\":[{\"@type\":\"ReadAction\",\"target\":[\"https:\/\/jornalfatosenoticias.com.br\/index.php\/2025\/03\/10\/descoberta-de-cidade-perdida-pode-reescrever-historia-do-imperio-romano\/\"]}]},{\"@type\":\"ImageObject\",\"inLanguage\":\"pt-BR\",\"@id\":\"https:\/\/jornalfatosenoticias.com.br\/index.php\/2025\/03\/10\/descoberta-de-cidade-perdida-pode-reescrever-historia-do-imperio-romano\/#primaryimage\",\"url\":\"https:\/\/jornalfatosenoticias.com.br\/wp-content\/uploads\/2025\/03\/cidade-perdida-roma.jpg\",\"contentUrl\":\"https:\/\/jornalfatosenoticias.com.br\/wp-content\/uploads\/2025\/03\/cidade-perdida-roma.jpg\",\"width\":1000,\"height\":562},{\"@type\":\"BreadcrumbList\",\"@id\":\"https:\/\/jornalfatosenoticias.com.br\/index.php\/2025\/03\/10\/descoberta-de-cidade-perdida-pode-reescrever-historia-do-imperio-romano\/#breadcrumb\",\"itemListElement\":[{\"@type\":\"ListItem\",\"position\":1,\"name\":\"In\u00edcio\",\"item\":\"https:\/\/jornalfatosenoticias.com.br\/\"},{\"@type\":\"ListItem\",\"position\":2,\"name\":\"Descoberta de cidade perdida pode reescrever hist\u00f3ria do Imp\u00e9rio Romano\"}]},{\"@type\":\"WebSite\",\"@id\":\"https:\/\/jornalfatosenoticias.com.br\/#website\",\"url\":\"https:\/\/jornalfatosenoticias.com.br\/\",\"name\":\"Jornal Fatos e Not\u00edcias\",\"description\":\"Not\u00edcias em geral\",\"publisher\":{\"@id\":\"https:\/\/jornalfatosenoticias.com.br\/#organization\"},\"potentialAction\":[{\"@type\":\"SearchAction\",\"target\":{\"@type\":\"EntryPoint\",\"urlTemplate\":\"https:\/\/jornalfatosenoticias.com.br\/?s={search_term_string}\"},\"query-input\":{\"@type\":\"PropertyValueSpecification\",\"valueRequired\":true,\"valueName\":\"search_term_string\"}}],\"inLanguage\":\"pt-BR\"},{\"@type\":\"Organization\",\"@id\":\"https:\/\/jornalfatosenoticias.com.br\/#organization\",\"name\":\"Jornal Fatos e Not\u00edcias\",\"url\":\"https:\/\/jornalfatosenoticias.com.br\/\",\"logo\":{\"@type\":\"ImageObject\",\"inLanguage\":\"pt-BR\",\"@id\":\"https:\/\/jornalfatosenoticias.com.br\/#\/schema\/logo\/image\/\",\"url\":\"https:\/\/jornalfatosenoticias.com.br\/wp-content\/uploads\/2020\/02\/logo120.png\",\"contentUrl\":\"https:\/\/jornalfatosenoticias.com.br\/wp-content\/uploads\/2020\/02\/logo120.png\",\"width\":1227,\"height\":120,\"caption\":\"Jornal Fatos e Not\u00edcias\"},\"image\":{\"@id\":\"https:\/\/jornalfatosenoticias.com.br\/#\/schema\/logo\/image\/\"}},{\"@type\":\"Person\",\"@id\":\"https:\/\/jornalfatosenoticias.com.br\/#\/schema\/person\/d63837fa13ac8666eb9e74e0985d6f81\",\"name\":\"Luzimara Fernandes\",\"image\":{\"@type\":\"ImageObject\",\"inLanguage\":\"pt-BR\",\"@id\":\"https:\/\/jornalfatosenoticias.com.br\/#\/schema\/person\/image\/\",\"url\":\"https:\/\/jornalfatosenoticias.com.br\/wp-content\/uploads\/2025\/05\/EU_portal.jpg\",\"contentUrl\":\"https:\/\/jornalfatosenoticias.com.br\/wp-content\/uploads\/2025\/05\/EU_portal.jpg\",\"caption\":\"Luzimara Fernandes\"},\"description\":\"Jornalista MTB 2358-ES\",\"sameAs\":[\"https:\/\/jornalfatosenoticias.com.br\"],\"url\":\"https:\/\/jornalfatosenoticias.com.br\/index.php\/author\/luzimara\/\"}]}<\/script>\n<!-- \/ Yoast SEO plugin. -->","yoast_head_json":{"title":"Descoberta de cidade perdida pode reescrever hist\u00f3ria do Imp\u00e9rio Romano - Jornal Fatos e Not\u00edcias","robots":{"index":"index","follow":"follow","max-snippet":"max-snippet:-1","max-image-preview":"max-image-preview:large","max-video-preview":"max-video-preview:-1"},"canonical":"https:\/\/jornalfatosenoticias.com.br\/index.php\/2025\/03\/10\/descoberta-de-cidade-perdida-pode-reescrever-historia-do-imperio-romano\/","og_locale":"pt_BR","og_type":"article","og_title":"Descoberta de cidade perdida pode reescrever hist\u00f3ria do Imp\u00e9rio Romano - Jornal Fatos e Not\u00edcias","og_description":"A cidade chamada de Interamna Lirenas prosperou por 900 anos e era um local estrat\u00e9gico para Roma Por Pablo Nogueira Durante escava\u00e7\u00f5es na regi\u00e3o central da It\u00e1lia, arque\u00f3logos descobriram uma cidade \u201cperdida\u201d e pouco relevante, mas que pode reescrever a hist\u00f3ria do Imp\u00e9rio Romano. Desde 2010, a cidade que se chama Interamna Lirenas \u00e9 foco [&hellip;]","og_url":"https:\/\/jornalfatosenoticias.com.br\/index.php\/2025\/03\/10\/descoberta-de-cidade-perdida-pode-reescrever-historia-do-imperio-romano\/","og_site_name":"Jornal Fatos e Not\u00edcias","article_published_time":"2025-03-10T12:47:46+00:00","article_modified_time":"2025-03-10T12:47:47+00:00","og_image":[{"width":1000,"height":562,"url":"https:\/\/jornalfatosenoticias.com.br\/wp-content\/uploads\/2025\/03\/cidade-perdida-roma.jpg","type":"image\/jpeg"}],"author":"Luzimara Fernandes","twitter_card":"summary_large_image","twitter_misc":{"Escrito por":"Luzimara Fernandes","Est. tempo de leitura":"3 minutos"},"schema":{"@context":"https:\/\/schema.org","@graph":[{"@type":"Article","@id":"https:\/\/jornalfatosenoticias.com.br\/index.php\/2025\/03\/10\/descoberta-de-cidade-perdida-pode-reescrever-historia-do-imperio-romano\/#article","isPartOf":{"@id":"https:\/\/jornalfatosenoticias.com.br\/index.php\/2025\/03\/10\/descoberta-de-cidade-perdida-pode-reescrever-historia-do-imperio-romano\/"},"author":{"name":"Luzimara Fernandes","@id":"https:\/\/jornalfatosenoticias.com.br\/#\/schema\/person\/d63837fa13ac8666eb9e74e0985d6f81"},"headline":"Descoberta de cidade perdida pode reescrever hist\u00f3ria do Imp\u00e9rio Romano","datePublished":"2025-03-10T12:47:46+00:00","dateModified":"2025-03-10T12:47:47+00:00","mainEntityOfPage":{"@id":"https:\/\/jornalfatosenoticias.com.br\/index.php\/2025\/03\/10\/descoberta-de-cidade-perdida-pode-reescrever-historia-do-imperio-romano\/"},"wordCount":593,"commentCount":0,"publisher":{"@id":"https:\/\/jornalfatosenoticias.com.br\/#organization"},"image":{"@id":"https:\/\/jornalfatosenoticias.com.br\/index.php\/2025\/03\/10\/descoberta-de-cidade-perdida-pode-reescrever-historia-do-imperio-romano\/#primaryimage"},"thumbnailUrl":"https:\/\/jornalfatosenoticias.com.br\/wp-content\/uploads\/2025\/03\/cidade-perdida-roma.jpg","keywords":["arqueologia","Imp\u00e9rio Romano","It\u00e1lia","Roma","Roma Antiga"],"articleSection":["Paleo &amp; Arqueologia"],"inLanguage":"pt-BR","potentialAction":[{"@type":"CommentAction","name":"Comment","target":["https:\/\/jornalfatosenoticias.com.br\/index.php\/2025\/03\/10\/descoberta-de-cidade-perdida-pode-reescrever-historia-do-imperio-romano\/#respond"]}]},{"@type":"WebPage","@id":"https:\/\/jornalfatosenoticias.com.br\/index.php\/2025\/03\/10\/descoberta-de-cidade-perdida-pode-reescrever-historia-do-imperio-romano\/","url":"https:\/\/jornalfatosenoticias.com.br\/index.php\/2025\/03\/10\/descoberta-de-cidade-perdida-pode-reescrever-historia-do-imperio-romano\/","name":"Descoberta de cidade perdida pode reescrever hist\u00f3ria do Imp\u00e9rio Romano - Jornal Fatos e Not\u00edcias","isPartOf":{"@id":"https:\/\/jornalfatosenoticias.com.br\/#website"},"primaryImageOfPage":{"@id":"https:\/\/jornalfatosenoticias.com.br\/index.php\/2025\/03\/10\/descoberta-de-cidade-perdida-pode-reescrever-historia-do-imperio-romano\/#primaryimage"},"image":{"@id":"https:\/\/jornalfatosenoticias.com.br\/index.php\/2025\/03\/10\/descoberta-de-cidade-perdida-pode-reescrever-historia-do-imperio-romano\/#primaryimage"},"thumbnailUrl":"https:\/\/jornalfatosenoticias.com.br\/wp-content\/uploads\/2025\/03\/cidade-perdida-roma.jpg","datePublished":"2025-03-10T12:47:46+00:00","dateModified":"2025-03-10T12:47:47+00:00","breadcrumb":{"@id":"https:\/\/jornalfatosenoticias.com.br\/index.php\/2025\/03\/10\/descoberta-de-cidade-perdida-pode-reescrever-historia-do-imperio-romano\/#breadcrumb"},"inLanguage":"pt-BR","potentialAction":[{"@type":"ReadAction","target":["https:\/\/jornalfatosenoticias.com.br\/index.php\/2025\/03\/10\/descoberta-de-cidade-perdida-pode-reescrever-historia-do-imperio-romano\/"]}]},{"@type":"ImageObject","inLanguage":"pt-BR","@id":"https:\/\/jornalfatosenoticias.com.br\/index.php\/2025\/03\/10\/descoberta-de-cidade-perdida-pode-reescrever-historia-do-imperio-romano\/#primaryimage","url":"https:\/\/jornalfatosenoticias.com.br\/wp-content\/uploads\/2025\/03\/cidade-perdida-roma.jpg","contentUrl":"https:\/\/jornalfatosenoticias.com.br\/wp-content\/uploads\/2025\/03\/cidade-perdida-roma.jpg","width":1000,"height":562},{"@type":"BreadcrumbList","@id":"https:\/\/jornalfatosenoticias.com.br\/index.php\/2025\/03\/10\/descoberta-de-cidade-perdida-pode-reescrever-historia-do-imperio-romano\/#breadcrumb","itemListElement":[{"@type":"ListItem","position":1,"name":"In\u00edcio","item":"https:\/\/jornalfatosenoticias.com.br\/"},{"@type":"ListItem","position":2,"name":"Descoberta de cidade perdida pode reescrever hist\u00f3ria do Imp\u00e9rio Romano"}]},{"@type":"WebSite","@id":"https:\/\/jornalfatosenoticias.com.br\/#website","url":"https:\/\/jornalfatosenoticias.com.br\/","name":"Jornal Fatos e Not\u00edcias","description":"Not\u00edcias em geral","publisher":{"@id":"https:\/\/jornalfatosenoticias.com.br\/#organization"},"potentialAction":[{"@type":"SearchAction","target":{"@type":"EntryPoint","urlTemplate":"https:\/\/jornalfatosenoticias.com.br\/?s={search_term_string}"},"query-input":{"@type":"PropertyValueSpecification","valueRequired":true,"valueName":"search_term_string"}}],"inLanguage":"pt-BR"},{"@type":"Organization","@id":"https:\/\/jornalfatosenoticias.com.br\/#organization","name":"Jornal Fatos e Not\u00edcias","url":"https:\/\/jornalfatosenoticias.com.br\/","logo":{"@type":"ImageObject","inLanguage":"pt-BR","@id":"https:\/\/jornalfatosenoticias.com.br\/#\/schema\/logo\/image\/","url":"https:\/\/jornalfatosenoticias.com.br\/wp-content\/uploads\/2020\/02\/logo120.png","contentUrl":"https:\/\/jornalfatosenoticias.com.br\/wp-content\/uploads\/2020\/02\/logo120.png","width":1227,"height":120,"caption":"Jornal Fatos e Not\u00edcias"},"image":{"@id":"https:\/\/jornalfatosenoticias.com.br\/#\/schema\/logo\/image\/"}},{"@type":"Person","@id":"https:\/\/jornalfatosenoticias.com.br\/#\/schema\/person\/d63837fa13ac8666eb9e74e0985d6f81","name":"Luzimara Fernandes","image":{"@type":"ImageObject","inLanguage":"pt-BR","@id":"https:\/\/jornalfatosenoticias.com.br\/#\/schema\/person\/image\/","url":"https:\/\/jornalfatosenoticias.com.br\/wp-content\/uploads\/2025\/05\/EU_portal.jpg","contentUrl":"https:\/\/jornalfatosenoticias.com.br\/wp-content\/uploads\/2025\/05\/EU_portal.jpg","caption":"Luzimara Fernandes"},"description":"Jornalista MTB 2358-ES","sameAs":["https:\/\/jornalfatosenoticias.com.br"],"url":"https:\/\/jornalfatosenoticias.com.br\/index.php\/author\/luzimara\/"}]}},"cc_featured_image_caption":{"caption_text":"(Foto: Universidade de Cambridge\/Reprodu\u00e7\u00e3o)","source_text":"","source_url":""},"jetpack_featured_media_url":"https:\/\/jornalfatosenoticias.com.br\/wp-content\/uploads\/2025\/03\/cidade-perdida-roma.jpg","_links":{"self":[{"href":"https:\/\/jornalfatosenoticias.com.br\/index.php\/wp-json\/wp\/v2\/posts\/57565","targetHints":{"allow":["GET"]}}],"collection":[{"href":"https:\/\/jornalfatosenoticias.com.br\/index.php\/wp-json\/wp\/v2\/posts"}],"about":[{"href":"https:\/\/jornalfatosenoticias.com.br\/index.php\/wp-json\/wp\/v2\/types\/post"}],"author":[{"embeddable":true,"href":"https:\/\/jornalfatosenoticias.com.br\/index.php\/wp-json\/wp\/v2\/users\/2"}],"replies":[{"embeddable":true,"href":"https:\/\/jornalfatosenoticias.com.br\/index.php\/wp-json\/wp\/v2\/comments?post=57565"}],"version-history":[{"count":0,"href":"https:\/\/jornalfatosenoticias.com.br\/index.php\/wp-json\/wp\/v2\/posts\/57565\/revisions"}],"wp:featuredmedia":[{"embeddable":true,"href":"https:\/\/jornalfatosenoticias.com.br\/index.php\/wp-json\/wp\/v2\/media\/57567"}],"wp:attachment":[{"href":"https:\/\/jornalfatosenoticias.com.br\/index.php\/wp-json\/wp\/v2\/media?parent=57565"}],"wp:term":[{"taxonomy":"category","embeddable":true,"href":"https:\/\/jornalfatosenoticias.com.br\/index.php\/wp-json\/wp\/v2\/categories?post=57565"},{"taxonomy":"post_tag","embeddable":true,"href":"https:\/\/jornalfatosenoticias.com.br\/index.php\/wp-json\/wp\/v2\/tags?post=57565"}],"curies":[{"name":"wp","href":"https:\/\/api.w.org\/{rel}","templated":true}]}}