{"id":57591,"date":"2025-03-10T15:39:08","date_gmt":"2025-03-10T18:39:08","guid":{"rendered":"https:\/\/jornalfatosenoticias.com.br\/?p=57591"},"modified":"2025-03-10T15:40:15","modified_gmt":"2025-03-10T18:40:15","slug":"previsao-de-inflacao-sobe-para-568-neste-ano-e-pressiona-juros","status":"publish","type":"post","link":"https:\/\/jornalfatosenoticias.com.br\/index.php\/2025\/03\/10\/previsao-de-inflacao-sobe-para-568-neste-ano-e-pressiona-juros\/","title":{"rendered":"Previs\u00e3o de infla\u00e7\u00e3o sobe para 5,68% neste ano e pressiona juros"},"content":{"rendered":"\n<p><em><span class=\"has-inline-color has-black-color\">Expectativa j\u00e1 supera em mais de 1% o teto da meta de infla\u00e7\u00e3o de 4,5%, e prev\u00ea redu\u00e7\u00e3o apenas a partir de 2026<\/span><\/em><\/p>\n\n\n\n<p><span class=\"has-inline-color has-black-color\">Por <strong><a href=\"https:\/\/www.gazetadopovo.com.br\/autor\/guilherme-grandi\/\">Guilherme Grandi<\/a><\/strong><\/span><\/p>\n\n\n\n<div class=\"wp-block-image\"><figure class=\"aligncenter size-large\"><a href=\"https:\/\/www.instagram.com\/rcradiadores\/\"><img loading=\"lazy\" decoding=\"async\" width=\"560\" height=\"60\" src=\"https:\/\/jornalfatosenoticias.com.br\/wp-content\/uploads\/2022\/10\/Propaganda-RC-Radiadores-Jornal_page-0001.jpg\" alt=\"\" class=\"wp-image-35270\" srcset=\"https:\/\/jornalfatosenoticias.com.br\/wp-content\/uploads\/2022\/10\/Propaganda-RC-Radiadores-Jornal_page-0001.jpg 560w, https:\/\/jornalfatosenoticias.com.br\/wp-content\/uploads\/2022\/10\/Propaganda-RC-Radiadores-Jornal_page-0001-300x32.jpg 300w\" sizes=\"auto, (max-width: 560px) 100vw, 560px\" \/><\/a><\/figure><\/div>\n\n\n\n<p>Os analistas do mercado financeiro elevaram para 5,68% a expectativa de infla\u00e7\u00e3o para este ano de acordo com o Relat\u00f3rio Focus, do Banco Central, divulgado desta segunda (10). Foi uma alta pequena, de apenas 0,03 ponto percentual na compara\u00e7\u00e3o com o estimado na semana passada, mas o \u00edndice j\u00e1 ultrapassa mais de 1% o teto da meta, que \u00e9 de 4,5%.<br>Essa constante eleva\u00e7\u00e3o da previs\u00e3o de infla\u00e7\u00e3o pressiona a taxa b\u00e1sica de juros, que \u00e9 o instrumento utilizado pelo Banco Central para conter a disparada dos pre\u00e7os. Os integrantes do Comit\u00ea de Pol\u00edtica Monet\u00e1ria (Copom), que atualizam a Selic, se re\u00fanem na semana que vem para discutir a taxa. A expectativa \u00e9 de que a taxa b\u00e1sica de juros seja elevada novamente em 1 ponto percentual dos atuais 13,25%. At\u00e9 o final do ano, preveem os analistas, a Selic chegar\u00e1 a 15%.<\/p>\n\n\n\n<div class=\"wp-block-image\"><figure class=\"aligncenter size-large is-resized\"><a href=\"https:\/\/www.facebook.com\/profile.php?id=100069289606145\"><img loading=\"lazy\" decoding=\"async\" src=\"https:\/\/jornalfatosenoticias.com.br\/wp-content\/uploads\/2024\/11\/Guaitolini-Contabilidade-1024x714.jpeg\" alt=\"\" class=\"wp-image-55808\" width=\"309\" height=\"215\" srcset=\"https:\/\/jornalfatosenoticias.com.br\/wp-content\/uploads\/2024\/11\/Guaitolini-Contabilidade-1024x714.jpeg 1024w, https:\/\/jornalfatosenoticias.com.br\/wp-content\/uploads\/2024\/11\/Guaitolini-Contabilidade-300x209.jpeg 300w, https:\/\/jornalfatosenoticias.com.br\/wp-content\/uploads\/2024\/11\/Guaitolini-Contabilidade-768x535.jpeg 768w, https:\/\/jornalfatosenoticias.com.br\/wp-content\/uploads\/2024\/11\/Guaitolini-Contabilidade.jpeg 1280w\" sizes=\"auto, (max-width: 309px) 100vw, 309px\" \/><\/a><\/figure><\/div>\n\n\n\n<p>Apesar da eleva\u00e7\u00e3o da expectativa de infla\u00e7\u00e3o para este ano, as estimativas para os pr\u00f3ximos tr\u00eas se mantiveram as mesmas do apurado na semana passada:<\/p>\n\n\n\n<ul class=\"wp-block-list\"><li>2026: 4,4%;<\/li><li>2027: 4%;<\/li><li>2028: 3,75%.<\/li><\/ul>\n\n\n\n<div class=\"wp-block-image\"><figure class=\"aligncenter size-large\"><a href=\"https:\/\/cesconetto.com.br\/\"><img loading=\"lazy\" decoding=\"async\" width=\"300\" height=\"250\" src=\"https:\/\/jornalfatosenoticias.com.br\/wp-content\/uploads\/2022\/02\/Banner-2.png\" alt=\"\" class=\"wp-image-27877\"\/><\/a><\/figure><\/div>\n\n\n\n<blockquote class=\"wp-block-quote is-layout-flow wp-block-quote-is-layout-flow\"><p><span class=\"has-inline-color has-luminous-vivid-orange-color\">Apesar da pol\u00edtica monet\u00e1ria mais r\u00edgida, a infla\u00e7\u00e3o segue resistente, o que pode postergar cortes na Selic e pressionar ainda mais o consumo e os investimentos. O cen\u00e1rio exige aten\u00e7\u00e3o redobrada, especialmente para setores dependentes de financiamento e cr\u00e9dito&#8221;, explica o economista\u00a0Pedro Ros, CEO da Refer\u00eancia Capital.<\/span><\/p><\/blockquote>\n\n\n\n<div class=\"wp-block-image\"><figure class=\"aligncenter size-large is-resized\"><a href=\"https:\/\/www.controlsystems.com.br\/\"><img loading=\"lazy\" decoding=\"async\" src=\"https:\/\/jornalfatosenoticias.com.br\/wp-content\/uploads\/2020\/02\/CONTROL-CS.jpg\" alt=\"\" class=\"wp-image-44991\" width=\"296\" height=\"355\" srcset=\"https:\/\/jornalfatosenoticias.com.br\/wp-content\/uploads\/2020\/02\/CONTROL-CS.jpg 834w, https:\/\/jornalfatosenoticias.com.br\/wp-content\/uploads\/2020\/02\/CONTROL-CS-250x300.jpg 250w, https:\/\/jornalfatosenoticias.com.br\/wp-content\/uploads\/2020\/02\/CONTROL-CS-768x921.jpg 768w\" sizes=\"auto, (max-width: 296px) 100vw, 296px\" \/><\/a><\/figure><\/div>\n\n\n\n<p>As demais estimativas projetadas pelos agentes do mercado financeiro tamb\u00e9m n\u00e3o tiveram altera\u00e7\u00f5es na compara\u00e7\u00e3o com o apurado na semana passada, como o crescimento do PIB chegando a 2,01% em 2025, 1,7% em 2026 e 2% em 2027 e 2028.<\/p>\n\n\n\n<div class=\"wp-block-image\"><figure class=\"aligncenter size-large is-resized\"><a href=\"https:\/\/www.ithbrasil.com.br\/\"><img loading=\"lazy\" decoding=\"async\" src=\"https:\/\/jornalfatosenoticias.com.br\/wp-content\/uploads\/2023\/08\/ITH.jpeg\" alt=\"\" class=\"wp-image-44638\" width=\"307\" height=\"249\" srcset=\"https:\/\/jornalfatosenoticias.com.br\/wp-content\/uploads\/2023\/08\/ITH.jpeg 800w, https:\/\/jornalfatosenoticias.com.br\/wp-content\/uploads\/2023\/08\/ITH-300x244.jpeg 300w, https:\/\/jornalfatosenoticias.com.br\/wp-content\/uploads\/2023\/08\/ITH-768x624.jpeg 768w\" sizes=\"auto, (max-width: 307px) 100vw, 307px\" \/><\/a><\/figure><\/div>\n\n\n\n<p>Assim como a cota\u00e7\u00e3o do d\u00f3lar, que fechou a \u00faltima semana em R$ 5,78. Para este ano, a expectativa \u00e9 de atingir R$ 5,99, passando para R$ 6 em 2026 e voltando a recuar em 2027 e 2028 a R$ 5,90. Por fim, a pr\u00f3pria taxa b\u00e1sica de juros tamb\u00e9m cai no pr\u00f3ximo ano a 12,5%, a 10,5% em 2027 e a 10% em 2028.<\/p>\n\n\n\n<blockquote class=\"wp-block-quote is-layout-flow wp-block-quote-is-layout-flow\"><p><span class=\"has-inline-color has-luminous-vivid-orange-color\">Apesar da Selic mantida em 15% ao ano, o avan\u00e7o nas proje\u00e7\u00f5es indica preocupa\u00e7\u00e3o com a efic\u00e1cia do controle inflacion\u00e1rio no curto prazo e deve manter o Banco Central em posi\u00e7\u00e3o cautelosa nas pr\u00f3ximas decis\u00f5es de pol\u00edtica monet\u00e1ria&#8221;,\u00a0emendou Carlos Braga Monteiro, CEO do Grupo Studio.<\/span><\/p><\/blockquote>\n\n\n\n<div class=\"wp-block-image\"><figure class=\"aligncenter size-large is-resized\"><a href=\"https:\/\/www.instagram.com\/serra4x4cambioautomatico\/\"><img loading=\"lazy\" decoding=\"async\" src=\"https:\/\/jornalfatosenoticias.com.br\/wp-content\/uploads\/2024\/08\/Serra-4x4-1-886x1024.jpg\" alt=\"\" class=\"wp-image-53632\" width=\"301\" height=\"348\" srcset=\"https:\/\/jornalfatosenoticias.com.br\/wp-content\/uploads\/2024\/08\/Serra-4x4-1-886x1024.jpg 886w, https:\/\/jornalfatosenoticias.com.br\/wp-content\/uploads\/2024\/08\/Serra-4x4-1-260x300.jpg 260w, https:\/\/jornalfatosenoticias.com.br\/wp-content\/uploads\/2024\/08\/Serra-4x4-1-768x888.jpg 768w, https:\/\/jornalfatosenoticias.com.br\/wp-content\/uploads\/2024\/08\/Serra-4x4-1.jpg 1181w\" sizes=\"auto, (max-width: 301px) 100vw, 301px\" \/><\/a><\/figure><\/div>\n\n\n\n<p><strong><em>Fonte:<a href=\"https:\/\/www.gazetadopovo.com.br\/economia\/focus-previsao-inflacao-sobe-5-68-neste-ano-pressiona-juros\/\"> Gazeta do Povo<\/a><\/em><\/strong><\/p>\n","protected":false},"excerpt":{"rendered":"<p>Expectativa j\u00e1 supera em mais de 1% o teto da meta de infla\u00e7\u00e3o de 4,5%, e prev\u00ea redu\u00e7\u00e3o apenas a partir de 2026 Por Guilherme Grandi Os analistas do mercado financeiro elevaram para 5,68% a expectativa de infla\u00e7\u00e3o para este ano de acordo com o Relat\u00f3rio Focus, do Banco Central, divulgado desta segunda (10). Foi [&hellip;]<\/p>\n","protected":false},"author":2,"featured_media":57592,"comment_status":"open","ping_status":"open","sticky":false,"template":"","format":"standard","meta":{"footnotes":""},"categories":[9],"tags":[489,18775,9775,4182,1168],"class_list":["post-57591","post","type-post","status-publish","format-standard","has-post-thumbnail","hentry","category-economia","tag-banco-central","tag-cotacao-do-dolar","tag-dolar","tag-inflacao","tag-mercado-financeiro"],"yoast_head":"<!-- This site is optimized with the Yoast SEO plugin v26.5 - https:\/\/yoast.com\/wordpress\/plugins\/seo\/ -->\n<title>Previs\u00e3o de infla\u00e7\u00e3o sobe para 5,68% neste ano e pressiona juros - Jornal Fatos e Not\u00edcias<\/title>\n<meta name=\"robots\" content=\"index, follow, max-snippet:-1, max-image-preview:large, max-video-preview:-1\" \/>\n<link rel=\"canonical\" href=\"https:\/\/jornalfatosenoticias.com.br\/index.php\/2025\/03\/10\/previsao-de-inflacao-sobe-para-568-neste-ano-e-pressiona-juros\/\" \/>\n<meta property=\"og:locale\" content=\"pt_BR\" \/>\n<meta property=\"og:type\" content=\"article\" \/>\n<meta property=\"og:title\" content=\"Previs\u00e3o de infla\u00e7\u00e3o sobe para 5,68% neste ano e pressiona juros - Jornal Fatos e Not\u00edcias\" \/>\n<meta property=\"og:description\" content=\"Expectativa j\u00e1 supera em mais de 1% o teto da meta de infla\u00e7\u00e3o de 4,5%, e prev\u00ea redu\u00e7\u00e3o apenas a partir de 2026 Por Guilherme Grandi Os analistas do mercado financeiro elevaram para 5,68% a expectativa de infla\u00e7\u00e3o para este ano de acordo com o Relat\u00f3rio Focus, do Banco Central, divulgado desta segunda (10). Foi [&hellip;]\" \/>\n<meta property=\"og:url\" content=\"https:\/\/jornalfatosenoticias.com.br\/index.php\/2025\/03\/10\/previsao-de-inflacao-sobe-para-568-neste-ano-e-pressiona-juros\/\" \/>\n<meta property=\"og:site_name\" content=\"Jornal Fatos e Not\u00edcias\" \/>\n<meta property=\"article:published_time\" content=\"2025-03-10T18:39:08+00:00\" \/>\n<meta property=\"article:modified_time\" content=\"2025-03-10T18:40:15+00:00\" \/>\n<meta property=\"og:image\" content=\"https:\/\/jornalfatosenoticias.com.br\/wp-content\/uploads\/2025\/03\/inflacao_istock.jpg\" \/>\n\t<meta property=\"og:image:width\" content=\"612\" \/>\n\t<meta property=\"og:image:height\" content=\"408\" \/>\n\t<meta property=\"og:image:type\" content=\"image\/jpeg\" \/>\n<meta name=\"author\" content=\"Luzimara Fernandes\" \/>\n<meta name=\"twitter:card\" content=\"summary_large_image\" \/>\n<meta name=\"twitter:label1\" content=\"Escrito por\" \/>\n\t<meta name=\"twitter:data1\" content=\"Luzimara Fernandes\" \/>\n\t<meta name=\"twitter:label2\" content=\"Est. tempo de leitura\" \/>\n\t<meta name=\"twitter:data2\" content=\"2 minutos\" \/>\n<script type=\"application\/ld+json\" class=\"yoast-schema-graph\">{\"@context\":\"https:\/\/schema.org\",\"@graph\":[{\"@type\":\"Article\",\"@id\":\"https:\/\/jornalfatosenoticias.com.br\/index.php\/2025\/03\/10\/previsao-de-inflacao-sobe-para-568-neste-ano-e-pressiona-juros\/#article\",\"isPartOf\":{\"@id\":\"https:\/\/jornalfatosenoticias.com.br\/index.php\/2025\/03\/10\/previsao-de-inflacao-sobe-para-568-neste-ano-e-pressiona-juros\/\"},\"author\":{\"name\":\"Luzimara Fernandes\",\"@id\":\"https:\/\/jornalfatosenoticias.com.br\/#\/schema\/person\/d63837fa13ac8666eb9e74e0985d6f81\"},\"headline\":\"Previs\u00e3o de infla\u00e7\u00e3o sobe para 5,68% neste ano e pressiona juros\",\"datePublished\":\"2025-03-10T18:39:08+00:00\",\"dateModified\":\"2025-03-10T18:40:15+00:00\",\"mainEntityOfPage\":{\"@id\":\"https:\/\/jornalfatosenoticias.com.br\/index.php\/2025\/03\/10\/previsao-de-inflacao-sobe-para-568-neste-ano-e-pressiona-juros\/\"},\"wordCount\":420,\"commentCount\":0,\"publisher\":{\"@id\":\"https:\/\/jornalfatosenoticias.com.br\/#organization\"},\"image\":{\"@id\":\"https:\/\/jornalfatosenoticias.com.br\/index.php\/2025\/03\/10\/previsao-de-inflacao-sobe-para-568-neste-ano-e-pressiona-juros\/#primaryimage\"},\"thumbnailUrl\":\"https:\/\/jornalfatosenoticias.com.br\/wp-content\/uploads\/2025\/03\/inflacao_istock.jpg\",\"keywords\":[\"Banco Central\",\"cota\u00e7\u00e3o do D\u00f3lar\",\"d\u00f3lar\",\"infla\u00e7\u00e3o\",\"mercado financeiro\"],\"articleSection\":[\"Economia\"],\"inLanguage\":\"pt-BR\",\"potentialAction\":[{\"@type\":\"CommentAction\",\"name\":\"Comment\",\"target\":[\"https:\/\/jornalfatosenoticias.com.br\/index.php\/2025\/03\/10\/previsao-de-inflacao-sobe-para-568-neste-ano-e-pressiona-juros\/#respond\"]}]},{\"@type\":\"WebPage\",\"@id\":\"https:\/\/jornalfatosenoticias.com.br\/index.php\/2025\/03\/10\/previsao-de-inflacao-sobe-para-568-neste-ano-e-pressiona-juros\/\",\"url\":\"https:\/\/jornalfatosenoticias.com.br\/index.php\/2025\/03\/10\/previsao-de-inflacao-sobe-para-568-neste-ano-e-pressiona-juros\/\",\"name\":\"Previs\u00e3o de infla\u00e7\u00e3o sobe para 5,68% neste ano e pressiona juros - Jornal Fatos e Not\u00edcias\",\"isPartOf\":{\"@id\":\"https:\/\/jornalfatosenoticias.com.br\/#website\"},\"primaryImageOfPage\":{\"@id\":\"https:\/\/jornalfatosenoticias.com.br\/index.php\/2025\/03\/10\/previsao-de-inflacao-sobe-para-568-neste-ano-e-pressiona-juros\/#primaryimage\"},\"image\":{\"@id\":\"https:\/\/jornalfatosenoticias.com.br\/index.php\/2025\/03\/10\/previsao-de-inflacao-sobe-para-568-neste-ano-e-pressiona-juros\/#primaryimage\"},\"thumbnailUrl\":\"https:\/\/jornalfatosenoticias.com.br\/wp-content\/uploads\/2025\/03\/inflacao_istock.jpg\",\"datePublished\":\"2025-03-10T18:39:08+00:00\",\"dateModified\":\"2025-03-10T18:40:15+00:00\",\"breadcrumb\":{\"@id\":\"https:\/\/jornalfatosenoticias.com.br\/index.php\/2025\/03\/10\/previsao-de-inflacao-sobe-para-568-neste-ano-e-pressiona-juros\/#breadcrumb\"},\"inLanguage\":\"pt-BR\",\"potentialAction\":[{\"@type\":\"ReadAction\",\"target\":[\"https:\/\/jornalfatosenoticias.com.br\/index.php\/2025\/03\/10\/previsao-de-inflacao-sobe-para-568-neste-ano-e-pressiona-juros\/\"]}]},{\"@type\":\"ImageObject\",\"inLanguage\":\"pt-BR\",\"@id\":\"https:\/\/jornalfatosenoticias.com.br\/index.php\/2025\/03\/10\/previsao-de-inflacao-sobe-para-568-neste-ano-e-pressiona-juros\/#primaryimage\",\"url\":\"https:\/\/jornalfatosenoticias.com.br\/wp-content\/uploads\/2025\/03\/inflacao_istock.jpg\",\"contentUrl\":\"https:\/\/jornalfatosenoticias.com.br\/wp-content\/uploads\/2025\/03\/inflacao_istock.jpg\",\"width\":612,\"height\":408,\"caption\":\"Brazil money, Stack of 100 reais banknotes standing in harmony vertically on the table, Business concept\"},{\"@type\":\"BreadcrumbList\",\"@id\":\"https:\/\/jornalfatosenoticias.com.br\/index.php\/2025\/03\/10\/previsao-de-inflacao-sobe-para-568-neste-ano-e-pressiona-juros\/#breadcrumb\",\"itemListElement\":[{\"@type\":\"ListItem\",\"position\":1,\"name\":\"In\u00edcio\",\"item\":\"https:\/\/jornalfatosenoticias.com.br\/\"},{\"@type\":\"ListItem\",\"position\":2,\"name\":\"Previs\u00e3o de infla\u00e7\u00e3o sobe para 5,68% neste ano e pressiona juros\"}]},{\"@type\":\"WebSite\",\"@id\":\"https:\/\/jornalfatosenoticias.com.br\/#website\",\"url\":\"https:\/\/jornalfatosenoticias.com.br\/\",\"name\":\"Jornal Fatos e Not\u00edcias\",\"description\":\"Not\u00edcias em geral\",\"publisher\":{\"@id\":\"https:\/\/jornalfatosenoticias.com.br\/#organization\"},\"potentialAction\":[{\"@type\":\"SearchAction\",\"target\":{\"@type\":\"EntryPoint\",\"urlTemplate\":\"https:\/\/jornalfatosenoticias.com.br\/?s={search_term_string}\"},\"query-input\":{\"@type\":\"PropertyValueSpecification\",\"valueRequired\":true,\"valueName\":\"search_term_string\"}}],\"inLanguage\":\"pt-BR\"},{\"@type\":\"Organization\",\"@id\":\"https:\/\/jornalfatosenoticias.com.br\/#organization\",\"name\":\"Jornal Fatos e Not\u00edcias\",\"url\":\"https:\/\/jornalfatosenoticias.com.br\/\",\"logo\":{\"@type\":\"ImageObject\",\"inLanguage\":\"pt-BR\",\"@id\":\"https:\/\/jornalfatosenoticias.com.br\/#\/schema\/logo\/image\/\",\"url\":\"https:\/\/jornalfatosenoticias.com.br\/wp-content\/uploads\/2020\/02\/logo120.png\",\"contentUrl\":\"https:\/\/jornalfatosenoticias.com.br\/wp-content\/uploads\/2020\/02\/logo120.png\",\"width\":1227,\"height\":120,\"caption\":\"Jornal Fatos e Not\u00edcias\"},\"image\":{\"@id\":\"https:\/\/jornalfatosenoticias.com.br\/#\/schema\/logo\/image\/\"}},{\"@type\":\"Person\",\"@id\":\"https:\/\/jornalfatosenoticias.com.br\/#\/schema\/person\/d63837fa13ac8666eb9e74e0985d6f81\",\"name\":\"Luzimara Fernandes\",\"image\":{\"@type\":\"ImageObject\",\"inLanguage\":\"pt-BR\",\"@id\":\"https:\/\/jornalfatosenoticias.com.br\/#\/schema\/person\/image\/\",\"url\":\"https:\/\/jornalfatosenoticias.com.br\/wp-content\/uploads\/2025\/05\/EU_portal.jpg\",\"contentUrl\":\"https:\/\/jornalfatosenoticias.com.br\/wp-content\/uploads\/2025\/05\/EU_portal.jpg\",\"caption\":\"Luzimara Fernandes\"},\"description\":\"Jornalista MTB 2358-ES\",\"sameAs\":[\"https:\/\/jornalfatosenoticias.com.br\"],\"url\":\"https:\/\/jornalfatosenoticias.com.br\/index.php\/author\/luzimara\/\"}]}<\/script>\n<!-- \/ Yoast SEO plugin. -->","yoast_head_json":{"title":"Previs\u00e3o de infla\u00e7\u00e3o sobe para 5,68% neste ano e pressiona juros - Jornal Fatos e Not\u00edcias","robots":{"index":"index","follow":"follow","max-snippet":"max-snippet:-1","max-image-preview":"max-image-preview:large","max-video-preview":"max-video-preview:-1"},"canonical":"https:\/\/jornalfatosenoticias.com.br\/index.php\/2025\/03\/10\/previsao-de-inflacao-sobe-para-568-neste-ano-e-pressiona-juros\/","og_locale":"pt_BR","og_type":"article","og_title":"Previs\u00e3o de infla\u00e7\u00e3o sobe para 5,68% neste ano e pressiona juros - Jornal Fatos e Not\u00edcias","og_description":"Expectativa j\u00e1 supera em mais de 1% o teto da meta de infla\u00e7\u00e3o de 4,5%, e prev\u00ea redu\u00e7\u00e3o apenas a partir de 2026 Por Guilherme Grandi Os analistas do mercado financeiro elevaram para 5,68% a expectativa de infla\u00e7\u00e3o para este ano de acordo com o Relat\u00f3rio Focus, do Banco Central, divulgado desta segunda (10). Foi [&hellip;]","og_url":"https:\/\/jornalfatosenoticias.com.br\/index.php\/2025\/03\/10\/previsao-de-inflacao-sobe-para-568-neste-ano-e-pressiona-juros\/","og_site_name":"Jornal Fatos e Not\u00edcias","article_published_time":"2025-03-10T18:39:08+00:00","article_modified_time":"2025-03-10T18:40:15+00:00","og_image":[{"width":612,"height":408,"url":"https:\/\/jornalfatosenoticias.com.br\/wp-content\/uploads\/2025\/03\/inflacao_istock.jpg","type":"image\/jpeg"}],"author":"Luzimara Fernandes","twitter_card":"summary_large_image","twitter_misc":{"Escrito por":"Luzimara Fernandes","Est. tempo de leitura":"2 minutos"},"schema":{"@context":"https:\/\/schema.org","@graph":[{"@type":"Article","@id":"https:\/\/jornalfatosenoticias.com.br\/index.php\/2025\/03\/10\/previsao-de-inflacao-sobe-para-568-neste-ano-e-pressiona-juros\/#article","isPartOf":{"@id":"https:\/\/jornalfatosenoticias.com.br\/index.php\/2025\/03\/10\/previsao-de-inflacao-sobe-para-568-neste-ano-e-pressiona-juros\/"},"author":{"name":"Luzimara Fernandes","@id":"https:\/\/jornalfatosenoticias.com.br\/#\/schema\/person\/d63837fa13ac8666eb9e74e0985d6f81"},"headline":"Previs\u00e3o de infla\u00e7\u00e3o sobe para 5,68% neste ano e pressiona juros","datePublished":"2025-03-10T18:39:08+00:00","dateModified":"2025-03-10T18:40:15+00:00","mainEntityOfPage":{"@id":"https:\/\/jornalfatosenoticias.com.br\/index.php\/2025\/03\/10\/previsao-de-inflacao-sobe-para-568-neste-ano-e-pressiona-juros\/"},"wordCount":420,"commentCount":0,"publisher":{"@id":"https:\/\/jornalfatosenoticias.com.br\/#organization"},"image":{"@id":"https:\/\/jornalfatosenoticias.com.br\/index.php\/2025\/03\/10\/previsao-de-inflacao-sobe-para-568-neste-ano-e-pressiona-juros\/#primaryimage"},"thumbnailUrl":"https:\/\/jornalfatosenoticias.com.br\/wp-content\/uploads\/2025\/03\/inflacao_istock.jpg","keywords":["Banco Central","cota\u00e7\u00e3o do D\u00f3lar","d\u00f3lar","infla\u00e7\u00e3o","mercado financeiro"],"articleSection":["Economia"],"inLanguage":"pt-BR","potentialAction":[{"@type":"CommentAction","name":"Comment","target":["https:\/\/jornalfatosenoticias.com.br\/index.php\/2025\/03\/10\/previsao-de-inflacao-sobe-para-568-neste-ano-e-pressiona-juros\/#respond"]}]},{"@type":"WebPage","@id":"https:\/\/jornalfatosenoticias.com.br\/index.php\/2025\/03\/10\/previsao-de-inflacao-sobe-para-568-neste-ano-e-pressiona-juros\/","url":"https:\/\/jornalfatosenoticias.com.br\/index.php\/2025\/03\/10\/previsao-de-inflacao-sobe-para-568-neste-ano-e-pressiona-juros\/","name":"Previs\u00e3o de infla\u00e7\u00e3o sobe para 5,68% neste ano e pressiona juros - Jornal Fatos e Not\u00edcias","isPartOf":{"@id":"https:\/\/jornalfatosenoticias.com.br\/#website"},"primaryImageOfPage":{"@id":"https:\/\/jornalfatosenoticias.com.br\/index.php\/2025\/03\/10\/previsao-de-inflacao-sobe-para-568-neste-ano-e-pressiona-juros\/#primaryimage"},"image":{"@id":"https:\/\/jornalfatosenoticias.com.br\/index.php\/2025\/03\/10\/previsao-de-inflacao-sobe-para-568-neste-ano-e-pressiona-juros\/#primaryimage"},"thumbnailUrl":"https:\/\/jornalfatosenoticias.com.br\/wp-content\/uploads\/2025\/03\/inflacao_istock.jpg","datePublished":"2025-03-10T18:39:08+00:00","dateModified":"2025-03-10T18:40:15+00:00","breadcrumb":{"@id":"https:\/\/jornalfatosenoticias.com.br\/index.php\/2025\/03\/10\/previsao-de-inflacao-sobe-para-568-neste-ano-e-pressiona-juros\/#breadcrumb"},"inLanguage":"pt-BR","potentialAction":[{"@type":"ReadAction","target":["https:\/\/jornalfatosenoticias.com.br\/index.php\/2025\/03\/10\/previsao-de-inflacao-sobe-para-568-neste-ano-e-pressiona-juros\/"]}]},{"@type":"ImageObject","inLanguage":"pt-BR","@id":"https:\/\/jornalfatosenoticias.com.br\/index.php\/2025\/03\/10\/previsao-de-inflacao-sobe-para-568-neste-ano-e-pressiona-juros\/#primaryimage","url":"https:\/\/jornalfatosenoticias.com.br\/wp-content\/uploads\/2025\/03\/inflacao_istock.jpg","contentUrl":"https:\/\/jornalfatosenoticias.com.br\/wp-content\/uploads\/2025\/03\/inflacao_istock.jpg","width":612,"height":408,"caption":"Brazil money, Stack of 100 reais banknotes standing in harmony vertically on the table, Business concept"},{"@type":"BreadcrumbList","@id":"https:\/\/jornalfatosenoticias.com.br\/index.php\/2025\/03\/10\/previsao-de-inflacao-sobe-para-568-neste-ano-e-pressiona-juros\/#breadcrumb","itemListElement":[{"@type":"ListItem","position":1,"name":"In\u00edcio","item":"https:\/\/jornalfatosenoticias.com.br\/"},{"@type":"ListItem","position":2,"name":"Previs\u00e3o de infla\u00e7\u00e3o sobe para 5,68% neste ano e pressiona juros"}]},{"@type":"WebSite","@id":"https:\/\/jornalfatosenoticias.com.br\/#website","url":"https:\/\/jornalfatosenoticias.com.br\/","name":"Jornal Fatos e Not\u00edcias","description":"Not\u00edcias em geral","publisher":{"@id":"https:\/\/jornalfatosenoticias.com.br\/#organization"},"potentialAction":[{"@type":"SearchAction","target":{"@type":"EntryPoint","urlTemplate":"https:\/\/jornalfatosenoticias.com.br\/?s={search_term_string}"},"query-input":{"@type":"PropertyValueSpecification","valueRequired":true,"valueName":"search_term_string"}}],"inLanguage":"pt-BR"},{"@type":"Organization","@id":"https:\/\/jornalfatosenoticias.com.br\/#organization","name":"Jornal Fatos e Not\u00edcias","url":"https:\/\/jornalfatosenoticias.com.br\/","logo":{"@type":"ImageObject","inLanguage":"pt-BR","@id":"https:\/\/jornalfatosenoticias.com.br\/#\/schema\/logo\/image\/","url":"https:\/\/jornalfatosenoticias.com.br\/wp-content\/uploads\/2020\/02\/logo120.png","contentUrl":"https:\/\/jornalfatosenoticias.com.br\/wp-content\/uploads\/2020\/02\/logo120.png","width":1227,"height":120,"caption":"Jornal Fatos e Not\u00edcias"},"image":{"@id":"https:\/\/jornalfatosenoticias.com.br\/#\/schema\/logo\/image\/"}},{"@type":"Person","@id":"https:\/\/jornalfatosenoticias.com.br\/#\/schema\/person\/d63837fa13ac8666eb9e74e0985d6f81","name":"Luzimara Fernandes","image":{"@type":"ImageObject","inLanguage":"pt-BR","@id":"https:\/\/jornalfatosenoticias.com.br\/#\/schema\/person\/image\/","url":"https:\/\/jornalfatosenoticias.com.br\/wp-content\/uploads\/2025\/05\/EU_portal.jpg","contentUrl":"https:\/\/jornalfatosenoticias.com.br\/wp-content\/uploads\/2025\/05\/EU_portal.jpg","caption":"Luzimara Fernandes"},"description":"Jornalista MTB 2358-ES","sameAs":["https:\/\/jornalfatosenoticias.com.br"],"url":"https:\/\/jornalfatosenoticias.com.br\/index.php\/author\/luzimara\/"}]}},"cc_featured_image_caption":{"caption_text":"(Foto: iStock) ","source_text":"","source_url":""},"jetpack_featured_media_url":"https:\/\/jornalfatosenoticias.com.br\/wp-content\/uploads\/2025\/03\/inflacao_istock.jpg","_links":{"self":[{"href":"https:\/\/jornalfatosenoticias.com.br\/index.php\/wp-json\/wp\/v2\/posts\/57591","targetHints":{"allow":["GET"]}}],"collection":[{"href":"https:\/\/jornalfatosenoticias.com.br\/index.php\/wp-json\/wp\/v2\/posts"}],"about":[{"href":"https:\/\/jornalfatosenoticias.com.br\/index.php\/wp-json\/wp\/v2\/types\/post"}],"author":[{"embeddable":true,"href":"https:\/\/jornalfatosenoticias.com.br\/index.php\/wp-json\/wp\/v2\/users\/2"}],"replies":[{"embeddable":true,"href":"https:\/\/jornalfatosenoticias.com.br\/index.php\/wp-json\/wp\/v2\/comments?post=57591"}],"version-history":[{"count":0,"href":"https:\/\/jornalfatosenoticias.com.br\/index.php\/wp-json\/wp\/v2\/posts\/57591\/revisions"}],"wp:featuredmedia":[{"embeddable":true,"href":"https:\/\/jornalfatosenoticias.com.br\/index.php\/wp-json\/wp\/v2\/media\/57592"}],"wp:attachment":[{"href":"https:\/\/jornalfatosenoticias.com.br\/index.php\/wp-json\/wp\/v2\/media?parent=57591"}],"wp:term":[{"taxonomy":"category","embeddable":true,"href":"https:\/\/jornalfatosenoticias.com.br\/index.php\/wp-json\/wp\/v2\/categories?post=57591"},{"taxonomy":"post_tag","embeddable":true,"href":"https:\/\/jornalfatosenoticias.com.br\/index.php\/wp-json\/wp\/v2\/tags?post=57591"}],"curies":[{"name":"wp","href":"https:\/\/api.w.org\/{rel}","templated":true}]}}