{"id":57596,"date":"2025-03-10T16:07:52","date_gmt":"2025-03-10T19:07:52","guid":{"rendered":"https:\/\/jornalfatosenoticias.com.br\/?p=57596"},"modified":"2025-03-10T16:08:30","modified_gmt":"2025-03-10T19:08:30","slug":"deputados-do-pt-querem-forcar-todas-as-escolas-a-matricular-qualquer-tipo-de-aluno","status":"publish","type":"post","link":"https:\/\/jornalfatosenoticias.com.br\/index.php\/2025\/03\/10\/deputados-do-pt-querem-forcar-todas-as-escolas-a-matricular-qualquer-tipo-de-aluno\/","title":{"rendered":"Deputados do PT querem for\u00e7ar todas as escolas a matricularem qualquer tipo de aluno"},"content":{"rendered":"\n<p><em><span class=\"has-inline-color has-black-color\">O PL 9133\/2017, que quer proibir escolas de recusarem matr\u00edculas sem justificativa, prev\u00ea fechamento da institui\u00e7\u00e3o como uma das penalidades<\/span><\/em><\/p>\n\n\n\n<p><span class=\"has-inline-color has-black-color\">Por <strong><a href=\"https:\/\/www.gazetadopovo.com.br\/autor\/marlice-pinto-vilela\/\" rel=\"sponsored nofollow\">Marlice Pinto Vilela<\/a><\/strong><\/span><\/p>\n\n\n\n<div class=\"wp-block-image\"><figure class=\"aligncenter size-large\"><a href=\"https:\/\/mizu.com.br\/\"><img loading=\"lazy\" decoding=\"async\" width=\"729\" height=\"90\" src=\"https:\/\/jornalfatosenoticias.com.br\/wp-content\/uploads\/2020\/02\/Logo_Mizu.png\" alt=\"\" class=\"wp-image-1441\" srcset=\"https:\/\/jornalfatosenoticias.com.br\/wp-content\/uploads\/2020\/02\/Logo_Mizu.png 729w, https:\/\/jornalfatosenoticias.com.br\/wp-content\/uploads\/2020\/02\/Logo_Mizu-300x37.png 300w\" sizes=\"auto, (max-width: 729px) 100vw, 729px\" \/><\/a><\/figure><\/div>\n\n\n\n<p>Um projeto de lei que tramita no Congresso Nacional pode comprometer a estabilidade das escolas ao obrig\u00e1-las a aceitar qualquer aluno, sem exce\u00e7\u00f5es, independentemente de suas condi\u00e7\u00f5es estruturais e pedag\u00f3gicas. O PL 9133\/2017 prev\u00ea, entre as penalidades, o fechamento da escola \u2014 o que pode deixar centenas de alunos sem acesso \u00e0 educa\u00e7\u00e3o. A proposta foi aprovada na C\u00e2mara dos Deputados no \u00faltimo dia 11 e agora segue para aprecia\u00e7\u00e3o do Senado Federal.<br>Se aprovado sem ajustes, o projeto poder\u00e1 eliminar a possibilidade de recusa de matr\u00edculas mesmo quando houver \u00f4nus desproporcional e indevido, crit\u00e9rio j\u00e1 previsto na legisla\u00e7\u00e3o brasileira. Essa mudan\u00e7a afeta diretamente a autonomia das institui\u00e7\u00f5es privadas, que podem ser obrigadas a aceitar alunos sem levar em conta sua capacidade de atendimento adequado.<\/p>\n\n\n\n<div class=\"wp-block-image\"><figure class=\"aligncenter size-large is-resized\"><a href=\"https:\/\/www.instagram.com\/esteiochurrascaria\/\"><img loading=\"lazy\" decoding=\"async\" src=\"https:\/\/jornalfatosenoticias.com.br\/wp-content\/uploads\/2022\/02\/LOGO-ESTEIO-1024x730.png\" alt=\"\" class=\"wp-image-27942\" width=\"388\" height=\"276\" srcset=\"https:\/\/jornalfatosenoticias.com.br\/wp-content\/uploads\/2022\/02\/LOGO-ESTEIO-1024x730.png 1024w, https:\/\/jornalfatosenoticias.com.br\/wp-content\/uploads\/2022\/02\/LOGO-ESTEIO-300x214.png 300w, https:\/\/jornalfatosenoticias.com.br\/wp-content\/uploads\/2022\/02\/LOGO-ESTEIO-768x548.png 768w, https:\/\/jornalfatosenoticias.com.br\/wp-content\/uploads\/2022\/02\/LOGO-ESTEIO.png 1123w\" sizes=\"auto, (max-width: 388px) 100vw, 388px\" \/><\/a><\/figure><\/div>\n\n\n\n<blockquote class=\"wp-block-quote is-layout-flow wp-block-quote-is-layout-flow\"><p><span class=\"has-inline-color has-luminous-vivid-orange-color\">A forma como se encontra o texto, permitindo que haja esse tipo de decis\u00e3o punitiva para escolas privadas, configura uma interfer\u00eancia indevida na iniciativa privada&#8221;, afirmou o deputado Carlos Jordy (PL-RJ), durante a vota\u00e7\u00e3o no plen\u00e1rio da C\u00e2mara. O parlamentar alertou para os riscos que as escolas correm em ter que aceitar alunos com hist\u00f3ricos de d\u00edvidas ou comportamentos inadequados. &#8220;Quando se trata de aluno com defici\u00eancia a\u00ed \u00e9 uma outra conversa, mas n\u00e3o podemos abrir o leque dessa forma, fazendo uma interfer\u00eancia na iniciativa privada como est\u00e1 sendo feita&#8221;,\u00a0reiterou.<\/span><\/p><\/blockquote>\n\n\n\n<div class=\"wp-block-image\"><figure class=\"aligncenter size-large\"><a href=\"https:\/\/www.legisjuris.com.br\/\"><img loading=\"lazy\" decoding=\"async\" width=\"969\" height=\"406\" src=\"https:\/\/jornalfatosenoticias.com.br\/wp-content\/uploads\/2024\/09\/Legis-Juris-Consultoria_logo.jpg\" alt=\"\" class=\"wp-image-53915\" srcset=\"https:\/\/jornalfatosenoticias.com.br\/wp-content\/uploads\/2024\/09\/Legis-Juris-Consultoria_logo.jpg 969w, https:\/\/jornalfatosenoticias.com.br\/wp-content\/uploads\/2024\/09\/Legis-Juris-Consultoria_logo-300x126.jpg 300w, https:\/\/jornalfatosenoticias.com.br\/wp-content\/uploads\/2024\/09\/Legis-Juris-Consultoria_logo-768x322.jpg 768w\" sizes=\"auto, (max-width: 969px) 100vw, 969px\" \/><\/a><\/figure><\/div>\n\n\n\n<p><strong><span class=\"has-inline-color has-black-color\">Legisla\u00e7\u00e3o j\u00e1 criminaliza recusa de matr\u00edculas de pessoas com defici\u00eancia, mas abre exce\u00e7\u00f5es<br><\/span><\/strong>Embora os defensores da proposta argumentem que a medida busca combater a discrimina\u00e7\u00e3o contra alunos com defici\u00eancia, o texto da proposta n\u00e3o menciona explicitamente essa quest\u00e3o. De forma ampla e gen\u00e9rica, a proposta estabelece puni\u00e7\u00f5es para as escolas que realizarem \u201crecusas injustificadas de matr\u00edculas de alunos de todos os n\u00edveis e modalidades, ou a reitera\u00e7\u00e3o dessa pr\u00e1tica\u201d. <\/p>\n\n\n\n<div class=\"wp-block-image\"><figure class=\"aligncenter size-large is-resized\"><a href=\"https:\/\/hotelmarquetti.com.br\/\"><img loading=\"lazy\" decoding=\"async\" src=\"https:\/\/jornalfatosenoticias.com.br\/wp-content\/uploads\/2023\/03\/nova-logo-Marquetti.jpg\" alt=\"\" class=\"wp-image-40207\" width=\"362\" height=\"243\" srcset=\"https:\/\/jornalfatosenoticias.com.br\/wp-content\/uploads\/2023\/03\/nova-logo-Marquetti.jpg 643w, https:\/\/jornalfatosenoticias.com.br\/wp-content\/uploads\/2023\/03\/nova-logo-Marquetti-300x202.jpg 300w\" sizes=\"auto, (max-width: 362px) 100vw, 362px\" \/><\/a><\/figure><\/div>\n\n\n\n<p>As san\u00e7\u00f5es ocorrem de forma gradativa, incluindo advert\u00eancia, suspens\u00e3o tempor\u00e1ria de novas admiss\u00f5es e, no limite, a suspens\u00e3o do funcionamento e do credenciamento da institui\u00e7\u00e3o. Ant\u00f4nio Eug\u00eanio Cunha, presidente da Federa\u00e7\u00e3o Nacional de Escolas Particulares (Fenep), destaca a import\u00e2ncia de incluir alunos com defici\u00eancia de forma sustent\u00e1vel.<\/p>\n\n\n\n<div class=\"wp-block-image\"><figure class=\"aligncenter size-large\"><a href=\"https:\/\/cesconetto.com.br\/\"><img loading=\"lazy\" decoding=\"async\" width=\"300\" height=\"250\" src=\"https:\/\/jornalfatosenoticias.com.br\/wp-content\/uploads\/2020\/02\/Banner-2.png\" alt=\"\" class=\"wp-image-43787\"\/><\/a><\/figure><\/div>\n\n\n\n<blockquote class=\"wp-block-quote is-layout-flow wp-block-quote-is-layout-flow\"><p><span class=\"has-inline-color has-luminous-vivid-orange-color\">N\u00e3o h\u00e1 nenhuma escola que seja contra a inclus\u00e3o. Somos todos a favor. Com o aumento de n\u00famero de crian\u00e7as que necessitam de inclus\u00e3o, \u00e9 preciso pensar em algumas condi\u00e7\u00f5es. Essa inclus\u00e3o deve ser feita com responsabilidade, razoabilidade e sustentabilidade\u201d.<\/span><\/p><\/blockquote>\n\n\n\n<div class=\"wp-block-image\"><figure class=\"aligncenter size-large is-resized\"><a href=\"https:\/\/www.instagram.com\/restaurantepegoretti\/\"><img loading=\"lazy\" decoding=\"async\" src=\"https:\/\/jornalfatosenoticias.com.br\/wp-content\/uploads\/2023\/12\/pegoretti-logo-pdf-1024x389.jpg\" alt=\"\" class=\"wp-image-47536\" width=\"504\" height=\"191\" srcset=\"https:\/\/jornalfatosenoticias.com.br\/wp-content\/uploads\/2023\/12\/pegoretti-logo-pdf-1024x389.jpg 1024w, https:\/\/jornalfatosenoticias.com.br\/wp-content\/uploads\/2023\/12\/pegoretti-logo-pdf-300x114.jpg 300w, https:\/\/jornalfatosenoticias.com.br\/wp-content\/uploads\/2023\/12\/pegoretti-logo-pdf-768x291.jpg 768w, https:\/\/jornalfatosenoticias.com.br\/wp-content\/uploads\/2023\/12\/pegoretti-logo-pdf.jpg 1120w\" sizes=\"auto, (max-width: 504px) 100vw, 504px\" \/><\/a><\/figure><\/div>\n\n\n\n<p>No Brasil, j\u00e1 existe uma legisla\u00e7\u00e3o espec\u00edfica que trata sobre o acesso de pessoas com defici\u00eancia \u00e0s institui\u00e7\u00f5es de ensino. Entre as normas vigentes, destacam-se a Lei Brasileira de Inclus\u00e3o (LBI) e o Tratado Internacional da Pessoa com Defici\u00eancia. A LBI, por exemplo, criminaliza n\u00e3o s\u00f3 a recusa, mas tamb\u00e9m a cobran\u00e7a de valores adicionais, a suspens\u00e3o, a procrastina\u00e7\u00e3o, o cancelamento ou a cessa\u00e7\u00e3o de inscri\u00e7\u00f5es de alunos em estabelecimentos de ensino em rela\u00e7\u00e3o de sua defici\u00eancia. A pena prevista para essas infra\u00e7\u00f5es \u00e9 de dois a cinco anos de reclus\u00e3o e multa.<\/p>\n\n\n\n<div class=\"wp-block-image\"><figure class=\"aligncenter size-large is-resized\"><a href=\"https:\/\/www.controlsystems.com.br\/\"><img loading=\"lazy\" decoding=\"async\" src=\"https:\/\/jornalfatosenoticias.com.br\/wp-content\/uploads\/2020\/02\/CONTROL-CS.jpg\" alt=\"\" class=\"wp-image-44991\" width=\"311\" height=\"372\" srcset=\"https:\/\/jornalfatosenoticias.com.br\/wp-content\/uploads\/2020\/02\/CONTROL-CS.jpg 834w, https:\/\/jornalfatosenoticias.com.br\/wp-content\/uploads\/2020\/02\/CONTROL-CS-250x300.jpg 250w, https:\/\/jornalfatosenoticias.com.br\/wp-content\/uploads\/2020\/02\/CONTROL-CS-768x921.jpg 768w\" sizes=\"auto, (max-width: 311px) 100vw, 311px\" \/><\/a><\/figure><\/div>\n\n\n\n<p>\u201cTanto a LBI quanto o tratado, que tem status de emenda constitucional no Brasil, preveem que a inclus\u00e3o deve ser realizada, mas sem gerar \u00f4nus desproporcional e indevido. Portanto, ambas as normas indicam que h\u00e1 exce\u00e7\u00e3o, ainda que seja a exce\u00e7\u00e3o\u00a0da\u00a0exce\u00e7\u00e3o\u201d, destaca Diego Mun\u00f5z, mestre em Direito pela PUC-PR e especialista em Direito Educacional. O jurista acrescenta que, embora o conceito de \u201c\u00f4nus desproporcional e indevido\u201d seja subjetivo, as normas sugerem que h\u00e1 casos em que existam recusas \u201cjustific\u00e1veis\u201d.<\/p>\n\n\n\n<div class=\"wp-block-image\"><figure class=\"aligncenter size-large is-resized\"><a href=\"https:\/\/www.ithbrasil.com.br\/\"><img loading=\"lazy\" decoding=\"async\" src=\"https:\/\/jornalfatosenoticias.com.br\/wp-content\/uploads\/2023\/08\/ITH.jpeg\" alt=\"\" class=\"wp-image-44638\" width=\"342\" height=\"278\" srcset=\"https:\/\/jornalfatosenoticias.com.br\/wp-content\/uploads\/2023\/08\/ITH.jpeg 800w, https:\/\/jornalfatosenoticias.com.br\/wp-content\/uploads\/2023\/08\/ITH-300x244.jpeg 300w, https:\/\/jornalfatosenoticias.com.br\/wp-content\/uploads\/2023\/08\/ITH-768x624.jpeg 768w\" sizes=\"auto, (max-width: 342px) 100vw, 342px\" \/><\/a><\/figure><\/div>\n\n\n\n<p><strong><span class=\"has-inline-color has-black-color\">Impacto das poss\u00edveis penaliza\u00e7\u00f5es para as escolas preocupa especialistas<br><\/span><\/strong>O texto inicial, apresentado pelo deputado Helder Salom\u00e3o (PT\/ES), previa o descredenciamento imediato das institui\u00e7\u00f5es de ensino que recusassem matr\u00edculas de alunos. J\u00e1 a vers\u00e3o que chegou ao Senado Federal, ap\u00f3s a relatoria de Merlong Solano (PT-PI), estabelece penalidades gradativas, sendo o descredenciamento a \u00faltima san\u00e7\u00e3o prevista. Apesar da melhora, Diego Mu\u00f1oz alerta que esse tipo de penalidade pode ter um impacto significativo e precisa ser avaliado cuidadosamente pelos parlamentares antes que o projeto se torne lei.<br>A poss\u00edvel suspens\u00e3o do funcionamento de uma escola afetaria todos os alunos matriculados, gerando transtornos como a necessidade de transfer\u00eancia abrupta para outra institui\u00e7\u00e3o ou a necessidade de ressarcir as mensalidades aos estudantes, por exemplo. <\/p>\n\n\n\n<div class=\"wp-block-image\"><figure class=\"aligncenter size-large\"><a href=\"http:\/\/www.ferrarimaquinas.com.br\/\"><img loading=\"lazy\" decoding=\"async\" width=\"300\" height=\"250\" src=\"https:\/\/jornalfatosenoticias.com.br\/wp-content\/uploads\/2022\/02\/FERRARI_MAQUINAS-E-FERRAMENTAS2.jpg\" alt=\"\" class=\"wp-image-27860\"\/><\/a><\/figure><\/div>\n\n\n\n<blockquote class=\"wp-block-quote is-layout-flow wp-block-quote-is-layout-flow\"><p><span class=\"has-inline-color has-luminous-vivid-orange-color\">Naturalmente, h\u00e1 uma evidente desconex\u00e3o entre o que se aprovou e a sua potencial aplica\u00e7\u00e3o pr\u00e1tica, sem considerar poss\u00edveis les\u00f5es a centenas de terceiros envolvidos\u201d, refor\u00e7a Mu\u00f1oz. <\/span><\/p><\/blockquote>\n\n\n\n<div class=\"wp-block-image\"><figure class=\"aligncenter size-large is-resized\"><a href=\"https:\/\/www.instagram.com\/rcradiadores\/\"><img loading=\"lazy\" decoding=\"async\" src=\"https:\/\/jornalfatosenoticias.com.br\/wp-content\/uploads\/2022\/10\/RC_800x750_page-0001.jpg\" alt=\"\" class=\"wp-image-35338\" width=\"332\" height=\"311\" srcset=\"https:\/\/jornalfatosenoticias.com.br\/wp-content\/uploads\/2022\/10\/RC_800x750_page-0001.jpg 400w, https:\/\/jornalfatosenoticias.com.br\/wp-content\/uploads\/2022\/10\/RC_800x750_page-0001-300x281.jpg 300w\" sizes=\"auto, (max-width: 332px) 100vw, 332px\" \/><\/a><\/figure><\/div>\n\n\n\n<p>Outra lei apontada pelo jurista \u00e9 enf\u00e1tica ao afirmar que os alunos j\u00e1 matriculados ter\u00e3o direito \u00e0 renova\u00e7\u00e3o das matr\u00edculas, salvo em casos de inadimpl\u00eancia (art. 5.\u00ba da Lei 9.870 de 1999). O presidente da Fenep alerta ainda que a san\u00e7\u00e3o tem potencial para prejudicar in\u00fameras fam\u00edlias.<\/p>\n\n\n\n<div class=\"wp-block-image\"><figure class=\"aligncenter size-large is-resized\"><a href=\"https:\/\/www.instagram.com\/serra4x4cambioautomatico\/\"><img loading=\"lazy\" decoding=\"async\" src=\"https:\/\/jornalfatosenoticias.com.br\/wp-content\/uploads\/2024\/08\/Serra-4x4-1-886x1024.jpg\" alt=\"\" class=\"wp-image-53632\" width=\"302\" height=\"349\" srcset=\"https:\/\/jornalfatosenoticias.com.br\/wp-content\/uploads\/2024\/08\/Serra-4x4-1-886x1024.jpg 886w, https:\/\/jornalfatosenoticias.com.br\/wp-content\/uploads\/2024\/08\/Serra-4x4-1-260x300.jpg 260w, https:\/\/jornalfatosenoticias.com.br\/wp-content\/uploads\/2024\/08\/Serra-4x4-1-768x888.jpg 768w, https:\/\/jornalfatosenoticias.com.br\/wp-content\/uploads\/2024\/08\/Serra-4x4-1.jpg 1181w\" sizes=\"auto, (max-width: 302px) 100vw, 302px\" \/><\/a><\/figure><\/div>\n\n\n\n<blockquote class=\"wp-block-quote is-layout-flow wp-block-quote-is-layout-flow\"><p><span class=\"has-inline-color has-luminous-vivid-orange-color\">N\u00e3o \u00e9 s\u00f3 o dono da escola que est\u00e1 sendo colocado contra a parede, n\u00f3s estamos falando de v\u00e1rias fam\u00edlias que contam com aquela institui\u00e7\u00e3o para a educa\u00e7\u00e3o de seus filhos\u201d, destaca Cunha.<\/span><\/p><\/blockquote>\n\n\n\n<div class=\"wp-block-image\"><figure class=\"aligncenter size-large is-resized\"><a href=\"https:\/\/panper.com.br\/\"><img loading=\"lazy\" decoding=\"async\" src=\"https:\/\/jornalfatosenoticias.com.br\/wp-content\/uploads\/2023\/03\/logo-Panper_portal.jpg\" alt=\"\" class=\"wp-image-40208\" width=\"358\" height=\"248\" srcset=\"https:\/\/jornalfatosenoticias.com.br\/wp-content\/uploads\/2023\/03\/logo-Panper_portal.jpg 400w, https:\/\/jornalfatosenoticias.com.br\/wp-content\/uploads\/2023\/03\/logo-Panper_portal-300x208.jpg 300w\" sizes=\"auto, (max-width: 358px) 100vw, 358px\" \/><\/a><\/figure><\/div>\n\n\n\n<p><strong><span class=\"has-inline-color has-black-color\">Texto carece de crit\u00e9rios claros para an\u00e1lise das recusas de matr\u00edculas<br><\/span><\/strong>Diego Mu\u00f1oz ressalta que, apesar das melhorias, outros pontos ainda merecem ajustes importantes. Entre eles, est\u00e1 a falta de clareza de como ser\u00e1 o processo de avalia\u00e7\u00e3o das justificativas apresentadas pelas escolas para recusar uma matr\u00edcula.<\/p>\n\n\n\n<div class=\"wp-block-image\"><figure class=\"aligncenter size-large is-resized\"><a href=\"https:\/\/www.facebook.com\/postobkr\/?locale=pt_BR\"><img loading=\"lazy\" decoding=\"async\" src=\"https:\/\/jornalfatosenoticias.com.br\/wp-content\/uploads\/2023\/08\/BKR-1024x1021.jpg\" alt=\"\" class=\"wp-image-44494\" width=\"335\" height=\"334\" srcset=\"https:\/\/jornalfatosenoticias.com.br\/wp-content\/uploads\/2023\/08\/BKR-1024x1021.jpg 1024w, https:\/\/jornalfatosenoticias.com.br\/wp-content\/uploads\/2023\/08\/BKR-300x300.jpg 300w, https:\/\/jornalfatosenoticias.com.br\/wp-content\/uploads\/2023\/08\/BKR-150x150.jpg 150w, https:\/\/jornalfatosenoticias.com.br\/wp-content\/uploads\/2023\/08\/BKR-768x766.jpg 768w, https:\/\/jornalfatosenoticias.com.br\/wp-content\/uploads\/2023\/08\/BKR.jpg 1080w\" sizes=\"auto, (max-width: 335px) 100vw, 335px\" \/><\/a><\/figure><\/div>\n\n\n\n<blockquote class=\"wp-block-quote is-layout-flow wp-block-quote-is-layout-flow\"><p><span class=\"has-inline-color has-luminous-vivid-orange-color\">Uma quest\u00e3o delicada e que merece aprimoramento \u00e9 a situa\u00e7\u00e3o dos encaminhamentos e avalia\u00e7\u00f5es para que uma recusa possa ser tida como injustificada. A lei n\u00e3o prev\u00ea como isso ocorreria. Como se instauraria essa averigua\u00e7\u00e3o? Qual seria o formato de poss\u00edvel exerc\u00edcio de defesa? Quem julgaria?\u201d, questiona Mun\u00f5z.<\/span><\/p><\/blockquote>\n\n\n\n<div class=\"wp-block-image\"><figure class=\"aligncenter size-large\"><a href=\"https:\/\/www.facebook.com\/vetor.vix\/\"><img loading=\"lazy\" decoding=\"async\" width=\"1024\" height=\"273\" src=\"https:\/\/jornalfatosenoticias.com.br\/wp-content\/uploads\/2023\/09\/vetorvix1024_1.jpg\" alt=\"\" class=\"wp-image-44868\" srcset=\"https:\/\/jornalfatosenoticias.com.br\/wp-content\/uploads\/2023\/09\/vetorvix1024_1.jpg 1024w, https:\/\/jornalfatosenoticias.com.br\/wp-content\/uploads\/2023\/09\/vetorvix1024_1-300x80.jpg 300w, https:\/\/jornalfatosenoticias.com.br\/wp-content\/uploads\/2023\/09\/vetorvix1024_1-768x205.jpg 768w\" sizes=\"auto, (max-width: 1024px) 100vw, 1024px\" \/><\/a><\/figure><\/div>\n\n\n\n<p>O texto enviado ao Senado Federal determina que as justificativas das escolas devem ser apresentadas conforme os \u201ctermos de regulamento do respectivo sistema de ensino\u201d. Para Mu\u00f1oz, esse ponto ainda carece de esclarecimento, pois dessa forma ficaria subentendido que as justificativas do sistema municipal ou estadual ficariam sujeitas a futuras leis municipais e estaduais. \u201cAssim, ter\u00edamos que ter legisla\u00e7\u00e3o de cada ente federativo para tratar sobre o assunto, que \u00e9 geral?\u201d, pondera o jurista.<\/p>\n\n\n\n<div class=\"wp-block-image\"><figure class=\"aligncenter size-large is-resized\"><a href=\"https:\/\/www.facebook.com\/profile.php?id=100069289606145\"><img loading=\"lazy\" decoding=\"async\" src=\"https:\/\/jornalfatosenoticias.com.br\/wp-content\/uploads\/2024\/11\/Guaitolini-Contabilidade-1024x714.jpeg\" alt=\"\" class=\"wp-image-55808\" width=\"352\" height=\"245\" srcset=\"https:\/\/jornalfatosenoticias.com.br\/wp-content\/uploads\/2024\/11\/Guaitolini-Contabilidade-1024x714.jpeg 1024w, https:\/\/jornalfatosenoticias.com.br\/wp-content\/uploads\/2024\/11\/Guaitolini-Contabilidade-300x209.jpeg 300w, https:\/\/jornalfatosenoticias.com.br\/wp-content\/uploads\/2024\/11\/Guaitolini-Contabilidade-768x535.jpeg 768w, https:\/\/jornalfatosenoticias.com.br\/wp-content\/uploads\/2024\/11\/Guaitolini-Contabilidade.jpeg 1280w\" sizes=\"auto, (max-width: 352px) 100vw, 352px\" \/><\/a><\/figure><\/div>\n\n\n\n<p><strong><em>Fonte: <a href=\"https:\/\/www.gazetadopovo.com.br\/vida-e-cidadania\/pena-fechamento-escolas-alunos-prejudicados\/\">Gazeta do Povo<\/a><\/em><\/strong><\/p>\n","protected":false},"excerpt":{"rendered":"<p>O PL 9133\/2017, que quer proibir escolas de recusarem matr\u00edculas sem justificativa, prev\u00ea fechamento da institui\u00e7\u00e3o como uma das penalidades Por Marlice Pinto Vilela Um projeto de lei que tramita no Congresso Nacional pode comprometer a estabilidade das escolas ao obrig\u00e1-las a aceitar qualquer aluno, sem exce\u00e7\u00f5es, independentemente de suas condi\u00e7\u00f5es estruturais e pedag\u00f3gicas. O [&hellip;]<\/p>\n","protected":false},"author":2,"featured_media":57597,"comment_status":"open","ping_status":"open","sticky":false,"template":"","format":"standard","meta":{"footnotes":""},"categories":[7],"tags":[982,670,345,1787,6150,26278,13186],"class_list":["post-57596","post","type-post","status-publish","format-standard","has-post-thumbnail","hentry","category-educacao","tag-camara-dos-deputados","tag-criancas","tag-educacao","tag-ensino","tag-filhos","tag-helder-salomao","tag-pt"],"yoast_head":"<!-- This site is optimized with the Yoast SEO plugin v26.5 - https:\/\/yoast.com\/wordpress\/plugins\/seo\/ -->\n<title>Deputados do PT querem for\u00e7ar todas as escolas a matricularem qualquer tipo de aluno - Jornal Fatos e Not\u00edcias<\/title>\n<meta name=\"robots\" content=\"index, follow, max-snippet:-1, max-image-preview:large, max-video-preview:-1\" \/>\n<link rel=\"canonical\" href=\"https:\/\/jornalfatosenoticias.com.br\/index.php\/2025\/03\/10\/deputados-do-pt-querem-forcar-todas-as-escolas-a-matricular-qualquer-tipo-de-aluno\/\" \/>\n<meta property=\"og:locale\" content=\"pt_BR\" \/>\n<meta property=\"og:type\" content=\"article\" \/>\n<meta property=\"og:title\" content=\"Deputados do PT querem for\u00e7ar todas as escolas a matricularem qualquer tipo de aluno - Jornal Fatos e Not\u00edcias\" \/>\n<meta property=\"og:description\" content=\"O PL 9133\/2017, que quer proibir escolas de recusarem matr\u00edculas sem justificativa, prev\u00ea fechamento da institui\u00e7\u00e3o como uma das penalidades Por Marlice Pinto Vilela Um projeto de lei que tramita no Congresso Nacional pode comprometer a estabilidade das escolas ao obrig\u00e1-las a aceitar qualquer aluno, sem exce\u00e7\u00f5es, independentemente de suas condi\u00e7\u00f5es estruturais e pedag\u00f3gicas. O [&hellip;]\" \/>\n<meta property=\"og:url\" content=\"https:\/\/jornalfatosenoticias.com.br\/index.php\/2025\/03\/10\/deputados-do-pt-querem-forcar-todas-as-escolas-a-matricular-qualquer-tipo-de-aluno\/\" \/>\n<meta property=\"og:site_name\" content=\"Jornal Fatos e Not\u00edcias\" \/>\n<meta property=\"article:published_time\" content=\"2025-03-10T19:07:52+00:00\" \/>\n<meta property=\"article:modified_time\" content=\"2025-03-10T19:08:30+00:00\" \/>\n<meta property=\"og:image\" content=\"https:\/\/jornalfatosenoticias.com.br\/wp-content\/uploads\/2025\/03\/deputados-do-PT-escolas_-istock.jpg\" \/>\n\t<meta property=\"og:image:width\" content=\"612\" \/>\n\t<meta property=\"og:image:height\" content=\"334\" \/>\n\t<meta property=\"og:image:type\" content=\"image\/jpeg\" \/>\n<meta name=\"author\" content=\"Luzimara Fernandes\" \/>\n<meta name=\"twitter:card\" content=\"summary_large_image\" \/>\n<meta name=\"twitter:label1\" content=\"Escrito por\" \/>\n\t<meta name=\"twitter:data1\" content=\"Luzimara Fernandes\" \/>\n\t<meta name=\"twitter:label2\" content=\"Est. tempo de leitura\" \/>\n\t<meta name=\"twitter:data2\" content=\"5 minutos\" \/>\n<script type=\"application\/ld+json\" class=\"yoast-schema-graph\">{\"@context\":\"https:\/\/schema.org\",\"@graph\":[{\"@type\":\"Article\",\"@id\":\"https:\/\/jornalfatosenoticias.com.br\/index.php\/2025\/03\/10\/deputados-do-pt-querem-forcar-todas-as-escolas-a-matricular-qualquer-tipo-de-aluno\/#article\",\"isPartOf\":{\"@id\":\"https:\/\/jornalfatosenoticias.com.br\/index.php\/2025\/03\/10\/deputados-do-pt-querem-forcar-todas-as-escolas-a-matricular-qualquer-tipo-de-aluno\/\"},\"author\":{\"name\":\"Luzimara Fernandes\",\"@id\":\"https:\/\/jornalfatosenoticias.com.br\/#\/schema\/person\/d63837fa13ac8666eb9e74e0985d6f81\"},\"headline\":\"Deputados do PT querem for\u00e7ar todas as escolas a matricularem qualquer tipo de aluno\",\"datePublished\":\"2025-03-10T19:07:52+00:00\",\"dateModified\":\"2025-03-10T19:08:30+00:00\",\"mainEntityOfPage\":{\"@id\":\"https:\/\/jornalfatosenoticias.com.br\/index.php\/2025\/03\/10\/deputados-do-pt-querem-forcar-todas-as-escolas-a-matricular-qualquer-tipo-de-aluno\/\"},\"wordCount\":1104,\"commentCount\":0,\"publisher\":{\"@id\":\"https:\/\/jornalfatosenoticias.com.br\/#organization\"},\"image\":{\"@id\":\"https:\/\/jornalfatosenoticias.com.br\/index.php\/2025\/03\/10\/deputados-do-pt-querem-forcar-todas-as-escolas-a-matricular-qualquer-tipo-de-aluno\/#primaryimage\"},\"thumbnailUrl\":\"https:\/\/jornalfatosenoticias.com.br\/wp-content\/uploads\/2025\/03\/deputados-do-PT-escolas_-istock.jpg\",\"keywords\":[\"C\u00e2mara dos Deputados\",\"crian\u00e7as\",\"educa\u00e7\u00e3o\",\"ensino\",\"filhos\",\"Helder Salom\u00e3o\",\"PT\"],\"articleSection\":[\"Educa\u00e7\u00e3o\"],\"inLanguage\":\"pt-BR\",\"potentialAction\":[{\"@type\":\"CommentAction\",\"name\":\"Comment\",\"target\":[\"https:\/\/jornalfatosenoticias.com.br\/index.php\/2025\/03\/10\/deputados-do-pt-querem-forcar-todas-as-escolas-a-matricular-qualquer-tipo-de-aluno\/#respond\"]}]},{\"@type\":\"WebPage\",\"@id\":\"https:\/\/jornalfatosenoticias.com.br\/index.php\/2025\/03\/10\/deputados-do-pt-querem-forcar-todas-as-escolas-a-matricular-qualquer-tipo-de-aluno\/\",\"url\":\"https:\/\/jornalfatosenoticias.com.br\/index.php\/2025\/03\/10\/deputados-do-pt-querem-forcar-todas-as-escolas-a-matricular-qualquer-tipo-de-aluno\/\",\"name\":\"Deputados do PT querem for\u00e7ar todas as escolas a matricularem qualquer tipo de aluno - Jornal Fatos e Not\u00edcias\",\"isPartOf\":{\"@id\":\"https:\/\/jornalfatosenoticias.com.br\/#website\"},\"primaryImageOfPage\":{\"@id\":\"https:\/\/jornalfatosenoticias.com.br\/index.php\/2025\/03\/10\/deputados-do-pt-querem-forcar-todas-as-escolas-a-matricular-qualquer-tipo-de-aluno\/#primaryimage\"},\"image\":{\"@id\":\"https:\/\/jornalfatosenoticias.com.br\/index.php\/2025\/03\/10\/deputados-do-pt-querem-forcar-todas-as-escolas-a-matricular-qualquer-tipo-de-aluno\/#primaryimage\"},\"thumbnailUrl\":\"https:\/\/jornalfatosenoticias.com.br\/wp-content\/uploads\/2025\/03\/deputados-do-PT-escolas_-istock.jpg\",\"datePublished\":\"2025-03-10T19:07:52+00:00\",\"dateModified\":\"2025-03-10T19:08:30+00:00\",\"breadcrumb\":{\"@id\":\"https:\/\/jornalfatosenoticias.com.br\/index.php\/2025\/03\/10\/deputados-do-pt-querem-forcar-todas-as-escolas-a-matricular-qualquer-tipo-de-aluno\/#breadcrumb\"},\"inLanguage\":\"pt-BR\",\"potentialAction\":[{\"@type\":\"ReadAction\",\"target\":[\"https:\/\/jornalfatosenoticias.com.br\/index.php\/2025\/03\/10\/deputados-do-pt-querem-forcar-todas-as-escolas-a-matricular-qualquer-tipo-de-aluno\/\"]}]},{\"@type\":\"ImageObject\",\"inLanguage\":\"pt-BR\",\"@id\":\"https:\/\/jornalfatosenoticias.com.br\/index.php\/2025\/03\/10\/deputados-do-pt-querem-forcar-todas-as-escolas-a-matricular-qualquer-tipo-de-aluno\/#primaryimage\",\"url\":\"https:\/\/jornalfatosenoticias.com.br\/wp-content\/uploads\/2025\/03\/deputados-do-PT-escolas_-istock.jpg\",\"contentUrl\":\"https:\/\/jornalfatosenoticias.com.br\/wp-content\/uploads\/2025\/03\/deputados-do-PT-escolas_-istock.jpg\",\"width\":612,\"height\":334,\"caption\":\"Fun, happy and excited teacher talking to students in school classroom with group of learning children. Confident, friendly and cool woman asking diverse young kids education questions in study class\"},{\"@type\":\"BreadcrumbList\",\"@id\":\"https:\/\/jornalfatosenoticias.com.br\/index.php\/2025\/03\/10\/deputados-do-pt-querem-forcar-todas-as-escolas-a-matricular-qualquer-tipo-de-aluno\/#breadcrumb\",\"itemListElement\":[{\"@type\":\"ListItem\",\"position\":1,\"name\":\"In\u00edcio\",\"item\":\"https:\/\/jornalfatosenoticias.com.br\/\"},{\"@type\":\"ListItem\",\"position\":2,\"name\":\"Deputados do PT querem for\u00e7ar todas as escolas a matricularem qualquer tipo de aluno\"}]},{\"@type\":\"WebSite\",\"@id\":\"https:\/\/jornalfatosenoticias.com.br\/#website\",\"url\":\"https:\/\/jornalfatosenoticias.com.br\/\",\"name\":\"Jornal Fatos e Not\u00edcias\",\"description\":\"Not\u00edcias em geral\",\"publisher\":{\"@id\":\"https:\/\/jornalfatosenoticias.com.br\/#organization\"},\"potentialAction\":[{\"@type\":\"SearchAction\",\"target\":{\"@type\":\"EntryPoint\",\"urlTemplate\":\"https:\/\/jornalfatosenoticias.com.br\/?s={search_term_string}\"},\"query-input\":{\"@type\":\"PropertyValueSpecification\",\"valueRequired\":true,\"valueName\":\"search_term_string\"}}],\"inLanguage\":\"pt-BR\"},{\"@type\":\"Organization\",\"@id\":\"https:\/\/jornalfatosenoticias.com.br\/#organization\",\"name\":\"Jornal Fatos e Not\u00edcias\",\"url\":\"https:\/\/jornalfatosenoticias.com.br\/\",\"logo\":{\"@type\":\"ImageObject\",\"inLanguage\":\"pt-BR\",\"@id\":\"https:\/\/jornalfatosenoticias.com.br\/#\/schema\/logo\/image\/\",\"url\":\"https:\/\/jornalfatosenoticias.com.br\/wp-content\/uploads\/2020\/02\/logo120.png\",\"contentUrl\":\"https:\/\/jornalfatosenoticias.com.br\/wp-content\/uploads\/2020\/02\/logo120.png\",\"width\":1227,\"height\":120,\"caption\":\"Jornal Fatos e Not\u00edcias\"},\"image\":{\"@id\":\"https:\/\/jornalfatosenoticias.com.br\/#\/schema\/logo\/image\/\"}},{\"@type\":\"Person\",\"@id\":\"https:\/\/jornalfatosenoticias.com.br\/#\/schema\/person\/d63837fa13ac8666eb9e74e0985d6f81\",\"name\":\"Luzimara Fernandes\",\"image\":{\"@type\":\"ImageObject\",\"inLanguage\":\"pt-BR\",\"@id\":\"https:\/\/jornalfatosenoticias.com.br\/#\/schema\/person\/image\/\",\"url\":\"https:\/\/jornalfatosenoticias.com.br\/wp-content\/uploads\/2025\/05\/EU_portal.jpg\",\"contentUrl\":\"https:\/\/jornalfatosenoticias.com.br\/wp-content\/uploads\/2025\/05\/EU_portal.jpg\",\"caption\":\"Luzimara Fernandes\"},\"description\":\"Jornalista MTB 2358-ES\",\"sameAs\":[\"https:\/\/jornalfatosenoticias.com.br\"],\"url\":\"https:\/\/jornalfatosenoticias.com.br\/index.php\/author\/luzimara\/\"}]}<\/script>\n<!-- \/ Yoast SEO plugin. -->","yoast_head_json":{"title":"Deputados do PT querem for\u00e7ar todas as escolas a matricularem qualquer tipo de aluno - Jornal Fatos e Not\u00edcias","robots":{"index":"index","follow":"follow","max-snippet":"max-snippet:-1","max-image-preview":"max-image-preview:large","max-video-preview":"max-video-preview:-1"},"canonical":"https:\/\/jornalfatosenoticias.com.br\/index.php\/2025\/03\/10\/deputados-do-pt-querem-forcar-todas-as-escolas-a-matricular-qualquer-tipo-de-aluno\/","og_locale":"pt_BR","og_type":"article","og_title":"Deputados do PT querem for\u00e7ar todas as escolas a matricularem qualquer tipo de aluno - Jornal Fatos e Not\u00edcias","og_description":"O PL 9133\/2017, que quer proibir escolas de recusarem matr\u00edculas sem justificativa, prev\u00ea fechamento da institui\u00e7\u00e3o como uma das penalidades Por Marlice Pinto Vilela Um projeto de lei que tramita no Congresso Nacional pode comprometer a estabilidade das escolas ao obrig\u00e1-las a aceitar qualquer aluno, sem exce\u00e7\u00f5es, independentemente de suas condi\u00e7\u00f5es estruturais e pedag\u00f3gicas. O [&hellip;]","og_url":"https:\/\/jornalfatosenoticias.com.br\/index.php\/2025\/03\/10\/deputados-do-pt-querem-forcar-todas-as-escolas-a-matricular-qualquer-tipo-de-aluno\/","og_site_name":"Jornal Fatos e Not\u00edcias","article_published_time":"2025-03-10T19:07:52+00:00","article_modified_time":"2025-03-10T19:08:30+00:00","og_image":[{"width":612,"height":334,"url":"https:\/\/jornalfatosenoticias.com.br\/wp-content\/uploads\/2025\/03\/deputados-do-PT-escolas_-istock.jpg","type":"image\/jpeg"}],"author":"Luzimara Fernandes","twitter_card":"summary_large_image","twitter_misc":{"Escrito por":"Luzimara Fernandes","Est. tempo de leitura":"5 minutos"},"schema":{"@context":"https:\/\/schema.org","@graph":[{"@type":"Article","@id":"https:\/\/jornalfatosenoticias.com.br\/index.php\/2025\/03\/10\/deputados-do-pt-querem-forcar-todas-as-escolas-a-matricular-qualquer-tipo-de-aluno\/#article","isPartOf":{"@id":"https:\/\/jornalfatosenoticias.com.br\/index.php\/2025\/03\/10\/deputados-do-pt-querem-forcar-todas-as-escolas-a-matricular-qualquer-tipo-de-aluno\/"},"author":{"name":"Luzimara Fernandes","@id":"https:\/\/jornalfatosenoticias.com.br\/#\/schema\/person\/d63837fa13ac8666eb9e74e0985d6f81"},"headline":"Deputados do PT querem for\u00e7ar todas as escolas a matricularem qualquer tipo de aluno","datePublished":"2025-03-10T19:07:52+00:00","dateModified":"2025-03-10T19:08:30+00:00","mainEntityOfPage":{"@id":"https:\/\/jornalfatosenoticias.com.br\/index.php\/2025\/03\/10\/deputados-do-pt-querem-forcar-todas-as-escolas-a-matricular-qualquer-tipo-de-aluno\/"},"wordCount":1104,"commentCount":0,"publisher":{"@id":"https:\/\/jornalfatosenoticias.com.br\/#organization"},"image":{"@id":"https:\/\/jornalfatosenoticias.com.br\/index.php\/2025\/03\/10\/deputados-do-pt-querem-forcar-todas-as-escolas-a-matricular-qualquer-tipo-de-aluno\/#primaryimage"},"thumbnailUrl":"https:\/\/jornalfatosenoticias.com.br\/wp-content\/uploads\/2025\/03\/deputados-do-PT-escolas_-istock.jpg","keywords":["C\u00e2mara dos Deputados","crian\u00e7as","educa\u00e7\u00e3o","ensino","filhos","Helder Salom\u00e3o","PT"],"articleSection":["Educa\u00e7\u00e3o"],"inLanguage":"pt-BR","potentialAction":[{"@type":"CommentAction","name":"Comment","target":["https:\/\/jornalfatosenoticias.com.br\/index.php\/2025\/03\/10\/deputados-do-pt-querem-forcar-todas-as-escolas-a-matricular-qualquer-tipo-de-aluno\/#respond"]}]},{"@type":"WebPage","@id":"https:\/\/jornalfatosenoticias.com.br\/index.php\/2025\/03\/10\/deputados-do-pt-querem-forcar-todas-as-escolas-a-matricular-qualquer-tipo-de-aluno\/","url":"https:\/\/jornalfatosenoticias.com.br\/index.php\/2025\/03\/10\/deputados-do-pt-querem-forcar-todas-as-escolas-a-matricular-qualquer-tipo-de-aluno\/","name":"Deputados do PT querem for\u00e7ar todas as escolas a matricularem qualquer tipo de aluno - Jornal Fatos e Not\u00edcias","isPartOf":{"@id":"https:\/\/jornalfatosenoticias.com.br\/#website"},"primaryImageOfPage":{"@id":"https:\/\/jornalfatosenoticias.com.br\/index.php\/2025\/03\/10\/deputados-do-pt-querem-forcar-todas-as-escolas-a-matricular-qualquer-tipo-de-aluno\/#primaryimage"},"image":{"@id":"https:\/\/jornalfatosenoticias.com.br\/index.php\/2025\/03\/10\/deputados-do-pt-querem-forcar-todas-as-escolas-a-matricular-qualquer-tipo-de-aluno\/#primaryimage"},"thumbnailUrl":"https:\/\/jornalfatosenoticias.com.br\/wp-content\/uploads\/2025\/03\/deputados-do-PT-escolas_-istock.jpg","datePublished":"2025-03-10T19:07:52+00:00","dateModified":"2025-03-10T19:08:30+00:00","breadcrumb":{"@id":"https:\/\/jornalfatosenoticias.com.br\/index.php\/2025\/03\/10\/deputados-do-pt-querem-forcar-todas-as-escolas-a-matricular-qualquer-tipo-de-aluno\/#breadcrumb"},"inLanguage":"pt-BR","potentialAction":[{"@type":"ReadAction","target":["https:\/\/jornalfatosenoticias.com.br\/index.php\/2025\/03\/10\/deputados-do-pt-querem-forcar-todas-as-escolas-a-matricular-qualquer-tipo-de-aluno\/"]}]},{"@type":"ImageObject","inLanguage":"pt-BR","@id":"https:\/\/jornalfatosenoticias.com.br\/index.php\/2025\/03\/10\/deputados-do-pt-querem-forcar-todas-as-escolas-a-matricular-qualquer-tipo-de-aluno\/#primaryimage","url":"https:\/\/jornalfatosenoticias.com.br\/wp-content\/uploads\/2025\/03\/deputados-do-PT-escolas_-istock.jpg","contentUrl":"https:\/\/jornalfatosenoticias.com.br\/wp-content\/uploads\/2025\/03\/deputados-do-PT-escolas_-istock.jpg","width":612,"height":334,"caption":"Fun, happy and excited teacher talking to students in school classroom with group of learning children. Confident, friendly and cool woman asking diverse young kids education questions in study class"},{"@type":"BreadcrumbList","@id":"https:\/\/jornalfatosenoticias.com.br\/index.php\/2025\/03\/10\/deputados-do-pt-querem-forcar-todas-as-escolas-a-matricular-qualquer-tipo-de-aluno\/#breadcrumb","itemListElement":[{"@type":"ListItem","position":1,"name":"In\u00edcio","item":"https:\/\/jornalfatosenoticias.com.br\/"},{"@type":"ListItem","position":2,"name":"Deputados do PT querem for\u00e7ar todas as escolas a matricularem qualquer tipo de aluno"}]},{"@type":"WebSite","@id":"https:\/\/jornalfatosenoticias.com.br\/#website","url":"https:\/\/jornalfatosenoticias.com.br\/","name":"Jornal Fatos e Not\u00edcias","description":"Not\u00edcias em geral","publisher":{"@id":"https:\/\/jornalfatosenoticias.com.br\/#organization"},"potentialAction":[{"@type":"SearchAction","target":{"@type":"EntryPoint","urlTemplate":"https:\/\/jornalfatosenoticias.com.br\/?s={search_term_string}"},"query-input":{"@type":"PropertyValueSpecification","valueRequired":true,"valueName":"search_term_string"}}],"inLanguage":"pt-BR"},{"@type":"Organization","@id":"https:\/\/jornalfatosenoticias.com.br\/#organization","name":"Jornal Fatos e Not\u00edcias","url":"https:\/\/jornalfatosenoticias.com.br\/","logo":{"@type":"ImageObject","inLanguage":"pt-BR","@id":"https:\/\/jornalfatosenoticias.com.br\/#\/schema\/logo\/image\/","url":"https:\/\/jornalfatosenoticias.com.br\/wp-content\/uploads\/2020\/02\/logo120.png","contentUrl":"https:\/\/jornalfatosenoticias.com.br\/wp-content\/uploads\/2020\/02\/logo120.png","width":1227,"height":120,"caption":"Jornal Fatos e Not\u00edcias"},"image":{"@id":"https:\/\/jornalfatosenoticias.com.br\/#\/schema\/logo\/image\/"}},{"@type":"Person","@id":"https:\/\/jornalfatosenoticias.com.br\/#\/schema\/person\/d63837fa13ac8666eb9e74e0985d6f81","name":"Luzimara Fernandes","image":{"@type":"ImageObject","inLanguage":"pt-BR","@id":"https:\/\/jornalfatosenoticias.com.br\/#\/schema\/person\/image\/","url":"https:\/\/jornalfatosenoticias.com.br\/wp-content\/uploads\/2025\/05\/EU_portal.jpg","contentUrl":"https:\/\/jornalfatosenoticias.com.br\/wp-content\/uploads\/2025\/05\/EU_portal.jpg","caption":"Luzimara Fernandes"},"description":"Jornalista MTB 2358-ES","sameAs":["https:\/\/jornalfatosenoticias.com.br"],"url":"https:\/\/jornalfatosenoticias.com.br\/index.php\/author\/luzimara\/"}]}},"cc_featured_image_caption":{"caption_text":"(Foto: iStock)","source_text":"","source_url":""},"jetpack_featured_media_url":"https:\/\/jornalfatosenoticias.com.br\/wp-content\/uploads\/2025\/03\/deputados-do-PT-escolas_-istock.jpg","_links":{"self":[{"href":"https:\/\/jornalfatosenoticias.com.br\/index.php\/wp-json\/wp\/v2\/posts\/57596","targetHints":{"allow":["GET"]}}],"collection":[{"href":"https:\/\/jornalfatosenoticias.com.br\/index.php\/wp-json\/wp\/v2\/posts"}],"about":[{"href":"https:\/\/jornalfatosenoticias.com.br\/index.php\/wp-json\/wp\/v2\/types\/post"}],"author":[{"embeddable":true,"href":"https:\/\/jornalfatosenoticias.com.br\/index.php\/wp-json\/wp\/v2\/users\/2"}],"replies":[{"embeddable":true,"href":"https:\/\/jornalfatosenoticias.com.br\/index.php\/wp-json\/wp\/v2\/comments?post=57596"}],"version-history":[{"count":0,"href":"https:\/\/jornalfatosenoticias.com.br\/index.php\/wp-json\/wp\/v2\/posts\/57596\/revisions"}],"wp:featuredmedia":[{"embeddable":true,"href":"https:\/\/jornalfatosenoticias.com.br\/index.php\/wp-json\/wp\/v2\/media\/57597"}],"wp:attachment":[{"href":"https:\/\/jornalfatosenoticias.com.br\/index.php\/wp-json\/wp\/v2\/media?parent=57596"}],"wp:term":[{"taxonomy":"category","embeddable":true,"href":"https:\/\/jornalfatosenoticias.com.br\/index.php\/wp-json\/wp\/v2\/categories?post=57596"},{"taxonomy":"post_tag","embeddable":true,"href":"https:\/\/jornalfatosenoticias.com.br\/index.php\/wp-json\/wp\/v2\/tags?post=57596"}],"curies":[{"name":"wp","href":"https:\/\/api.w.org\/{rel}","templated":true}]}}