{"id":57622,"date":"2025-03-11T10:03:58","date_gmt":"2025-03-11T13:03:58","guid":{"rendered":"https:\/\/jornalfatosenoticias.com.br\/?p=57622"},"modified":"2025-03-11T10:03:59","modified_gmt":"2025-03-11T13:03:59","slug":"inscricoes-abertas-para-curso-de-musicalizacao-infantil-na-fames","status":"publish","type":"post","link":"https:\/\/jornalfatosenoticias.com.br\/index.php\/2025\/03\/11\/inscricoes-abertas-para-curso-de-musicalizacao-infantil-na-fames\/","title":{"rendered":"Inscri\u00e7\u00f5es abertas para Curso de Musicaliza\u00e7\u00e3o Infantil na Fames"},"content":{"rendered":"\n<div class=\"wp-block-image\"><figure class=\"aligncenter size-large\"><a href=\"https:\/\/cesconetto.com.br\/\"><img loading=\"lazy\" decoding=\"async\" width=\"1024\" height=\"100\" src=\"https:\/\/jornalfatosenoticias.com.br\/wp-content\/uploads\/2022\/05\/NOVA-LOGO-CESCONETTO-1024x100.jpg\" alt=\"\" class=\"wp-image-30792\" srcset=\"https:\/\/jornalfatosenoticias.com.br\/wp-content\/uploads\/2022\/05\/NOVA-LOGO-CESCONETTO-1024x100.jpg 1024w, https:\/\/jornalfatosenoticias.com.br\/wp-content\/uploads\/2022\/05\/NOVA-LOGO-CESCONETTO-300x29.jpg 300w, https:\/\/jornalfatosenoticias.com.br\/wp-content\/uploads\/2022\/05\/NOVA-LOGO-CESCONETTO-768x75.jpg 768w, https:\/\/jornalfatosenoticias.com.br\/wp-content\/uploads\/2022\/05\/NOVA-LOGO-CESCONETTO.jpg 1280w\" sizes=\"auto, (max-width: 1024px) 100vw, 1024px\" \/><\/a><\/figure><\/div>\n\n\n\n<p>Est\u00e3o abertas inscri\u00e7\u00f5es para o ingresso no curso de Musicaliza\u00e7\u00e3o Infantil da Faculdade de M\u00fasica do Esp\u00edrito Santo (Fames). Neste ano, est\u00e3o dispon\u00edveis 48 vagas para o N\u00edvel I, sendo 24 vagas para o turno vespertino e 24 para o turno matutino.<br>Podem se candidatar crian\u00e7as que v\u00e3o cursar o 2.\u00ba ou o 3.\u00b0 ano do ensino fundamental em 2025. O pai ou respons\u00e1vel deve realizar a inscri\u00e7\u00e3o gratuitamente no site da Musicaliza\u00e7\u00e3o Infantil (<a href=\"https:\/\/fames.us20.list-manage.com\/track\/click?u=71ad2e53339849bc7c39a5b94&amp;id=6a63634ee7&amp;e=946e065e2c\" target=\"_blank\" rel=\"noreferrer noopener\">musicalizacao.fames.es.gov.br<\/a>), at\u00e9 o pr\u00f3ximo dia 16 de mar\u00e7o.<\/p>\n\n\n\n<div class=\"wp-block-image\"><figure class=\"aligncenter size-large is-resized\"><a href=\"https:\/\/www.instagram.com\/ligadossaborespizzaria\/\"><img loading=\"lazy\" decoding=\"async\" src=\"https:\/\/jornalfatosenoticias.com.br\/wp-content\/uploads\/2020\/02\/WhatsApp-Image-2024-10-02-at-08.18.14-819x1024.jpeg\" alt=\"\" class=\"wp-image-54612\" width=\"295\" height=\"368\" srcset=\"https:\/\/jornalfatosenoticias.com.br\/wp-content\/uploads\/2020\/02\/WhatsApp-Image-2024-10-02-at-08.18.14-819x1024.jpeg 819w, https:\/\/jornalfatosenoticias.com.br\/wp-content\/uploads\/2020\/02\/WhatsApp-Image-2024-10-02-at-08.18.14-240x300.jpeg 240w, https:\/\/jornalfatosenoticias.com.br\/wp-content\/uploads\/2020\/02\/WhatsApp-Image-2024-10-02-at-08.18.14-768x960.jpeg 768w, https:\/\/jornalfatosenoticias.com.br\/wp-content\/uploads\/2020\/02\/WhatsApp-Image-2024-10-02-at-08.18.14.jpeg 1024w\" sizes=\"auto, (max-width: 295px) 100vw, 295px\" \/><\/a><\/figure><\/div>\n\n\n\n<p>Cart\u00e3o de Inscri\u00e7\u00e3o da crian\u00e7a dever\u00e1 ser retirado pelo representante nos dias 18 e 19 de mar\u00e7o, das 8h \u00e0s 12h e das 13h \u00e0s 16h. A sele\u00e7\u00e3o se dar\u00e1 por sorteio, com a presen\u00e7a de todos os pais, no dia 26 de mar\u00e7o, na Fames. Todos os detalhes do processo seletivo est\u00e3o dispon\u00edveis no Edital, <strong><a href=\"https:\/\/fames.es.gov.br\/Media\/Fames\/2025\/Editais_2025\/musicalizacao2025\/Edital_Processo_Seletivo_Musicaliza%C3%A7%C3%A3o_2025.pdf\" target=\"_blank\" rel=\"noreferrer noopener\">AQUI<\/a><\/strong>\u00a0publicado no site da Musicaliza\u00e7\u00e3o infantil e no site da Fames (<a href=\"https:\/\/fames.us20.list-manage.com\/track\/click?u=71ad2e53339849bc7c39a5b94&amp;id=fe46333e96&amp;e=946e065e2c\" target=\"_blank\" rel=\"noreferrer noopener\">fames.es.gov.br<\/a>).<\/p>\n\n\n\n<div class=\"wp-block-image\"><figure class=\"aligncenter size-large is-resized\"><a href=\"https:\/\/hotelmarquetti.com.br\/\"><img loading=\"lazy\" decoding=\"async\" src=\"https:\/\/jornalfatosenoticias.com.br\/wp-content\/uploads\/2023\/03\/nova-logo-Marquetti.jpg\" alt=\"\" class=\"wp-image-40207\" width=\"364\" height=\"244\" srcset=\"https:\/\/jornalfatosenoticias.com.br\/wp-content\/uploads\/2023\/03\/nova-logo-Marquetti.jpg 643w, https:\/\/jornalfatosenoticias.com.br\/wp-content\/uploads\/2023\/03\/nova-logo-Marquetti-300x202.jpg 300w\" sizes=\"auto, (max-width: 364px) 100vw, 364px\" \/><\/a><\/figure><\/div>\n\n\n\n<p><strong><span class=\"has-inline-color has-vivid-purple-color\"><span style=\"text-decoration: underline;\">Servi\u00e7o<br><\/span><\/span><\/strong><em>Processo Seletivo Musicaliza\u00e7\u00e3o Infantil 2025<br><\/em><strong>Inscri\u00e7\u00f5es on-line:<\/strong> <a href=\"https:\/\/fames.us20.list-manage.com\/track\/click?u=71ad2e53339849bc7c39a5b94&amp;id=4b3d3fb98f&amp;e=946e065e2c\" target=\"_blank\" rel=\"noreferrer noopener\">musicalizacao.fames.es.gov.br<\/a><br><strong>Per\u00edodo de inscri\u00e7\u00e3o:<\/strong> at\u00e9 16 de mar\u00e7o<br><strong>Contatos: <\/strong><a href=\"mailto:musicalizacao@fames.es.gov.br\" target=\"_blank\" rel=\"noreferrer noopener\">musicalizacao@fames.es.gov.br<\/a><\/p>\n\n\n\n<div class=\"wp-block-image\"><figure class=\"aligncenter size-large is-resized\"><a href=\"https:\/\/www.instagram.com\/vmais.midias\/\"><img loading=\"lazy\" decoding=\"async\" src=\"https:\/\/jornalfatosenoticias.com.br\/wp-content\/uploads\/2020\/02\/DE-MAIS-DESTAQUE-VMAIS-800X700.png\" alt=\"\" class=\"wp-image-53112\" width=\"317\" height=\"277\" srcset=\"https:\/\/jornalfatosenoticias.com.br\/wp-content\/uploads\/2020\/02\/DE-MAIS-DESTAQUE-VMAIS-800X700.png 800w, https:\/\/jornalfatosenoticias.com.br\/wp-content\/uploads\/2020\/02\/DE-MAIS-DESTAQUE-VMAIS-800X700-300x263.png 300w, https:\/\/jornalfatosenoticias.com.br\/wp-content\/uploads\/2020\/02\/DE-MAIS-DESTAQUE-VMAIS-800X700-768x672.png 768w\" sizes=\"auto, (max-width: 317px) 100vw, 317px\" \/><\/a><\/figure><\/div>\n\n\n\n<p><strong>Fonte: <a href=\"https:\/\/secult.es.gov.br\/Not%C3%ADcia\/inscricoes-abertas-para-curso-de-musicalizacao-infantil-na-fames\">Secult-ES<\/a><\/strong><\/p>\n","protected":false},"excerpt":{"rendered":"<p>Est\u00e3o abertas inscri\u00e7\u00f5es para o ingresso no curso de Musicaliza\u00e7\u00e3o Infantil da Faculdade de M\u00fasica do Esp\u00edrito Santo (Fames). Neste ano, est\u00e3o dispon\u00edveis 48 vagas para o N\u00edvel I, sendo 24 vagas para o turno vespertino e 24 para o turno matutino.Podem se candidatar crian\u00e7as que v\u00e3o cursar o 2.\u00ba ou o 3.\u00b0 ano do [&hellip;]<\/p>\n","protected":false},"author":2,"featured_media":57623,"comment_status":"open","ping_status":"open","sticky":false,"template":"","format":"standard","meta":{"footnotes":""},"categories":[4],"tags":[26285,26286,11745,24681,6765],"class_list":["post-57622","post","type-post","status-publish","format-standard","has-post-thumbnail","hentry","category-cultura","tag-curso-de-musicalizacao-infantil","tag-faculdade-de-musica-do-espirito-santo","tag-fames","tag-musicalizacao-infantil","tag-processo-seletivo"],"yoast_head":"<!-- This site is optimized with the Yoast SEO plugin v26.5 - https:\/\/yoast.com\/wordpress\/plugins\/seo\/ -->\n<title>Inscri\u00e7\u00f5es abertas para Curso de Musicaliza\u00e7\u00e3o Infantil na Fames - Jornal Fatos e Not\u00edcias<\/title>\n<meta name=\"robots\" content=\"index, follow, max-snippet:-1, max-image-preview:large, max-video-preview:-1\" \/>\n<link rel=\"canonical\" href=\"https:\/\/jornalfatosenoticias.com.br\/index.php\/2025\/03\/11\/inscricoes-abertas-para-curso-de-musicalizacao-infantil-na-fames\/\" \/>\n<meta property=\"og:locale\" content=\"pt_BR\" \/>\n<meta property=\"og:type\" content=\"article\" \/>\n<meta property=\"og:title\" content=\"Inscri\u00e7\u00f5es abertas para Curso de Musicaliza\u00e7\u00e3o Infantil na Fames - Jornal Fatos e Not\u00edcias\" \/>\n<meta property=\"og:description\" content=\"Est\u00e3o abertas inscri\u00e7\u00f5es para o ingresso no curso de Musicaliza\u00e7\u00e3o Infantil da Faculdade de M\u00fasica do Esp\u00edrito Santo (Fames). Neste ano, est\u00e3o dispon\u00edveis 48 vagas para o N\u00edvel I, sendo 24 vagas para o turno vespertino e 24 para o turno matutino.Podem se candidatar crian\u00e7as que v\u00e3o cursar o 2.\u00ba ou o 3.\u00b0 ano do [&hellip;]\" \/>\n<meta property=\"og:url\" content=\"https:\/\/jornalfatosenoticias.com.br\/index.php\/2025\/03\/11\/inscricoes-abertas-para-curso-de-musicalizacao-infantil-na-fames\/\" \/>\n<meta property=\"og:site_name\" content=\"Jornal Fatos e Not\u00edcias\" \/>\n<meta property=\"article:published_time\" content=\"2025-03-11T13:03:58+00:00\" \/>\n<meta property=\"article:modified_time\" content=\"2025-03-11T13:03:59+00:00\" \/>\n<meta property=\"og:image\" content=\"https:\/\/jornalfatosenoticias.com.br\/wp-content\/uploads\/2025\/03\/MUSICALIZACAO-INFANTIL.png\" \/>\n\t<meta property=\"og:image:width\" content=\"960\" \/>\n\t<meta property=\"og:image:height\" content=\"443\" \/>\n\t<meta property=\"og:image:type\" content=\"image\/png\" \/>\n<meta name=\"author\" content=\"Luzimara Fernandes\" \/>\n<meta name=\"twitter:card\" content=\"summary_large_image\" \/>\n<meta name=\"twitter:label1\" content=\"Escrito por\" \/>\n\t<meta name=\"twitter:data1\" content=\"Luzimara Fernandes\" \/>\n\t<meta name=\"twitter:label2\" content=\"Est. tempo de leitura\" \/>\n\t<meta name=\"twitter:data2\" content=\"1 minuto\" \/>\n<script type=\"application\/ld+json\" class=\"yoast-schema-graph\">{\"@context\":\"https:\/\/schema.org\",\"@graph\":[{\"@type\":\"Article\",\"@id\":\"https:\/\/jornalfatosenoticias.com.br\/index.php\/2025\/03\/11\/inscricoes-abertas-para-curso-de-musicalizacao-infantil-na-fames\/#article\",\"isPartOf\":{\"@id\":\"https:\/\/jornalfatosenoticias.com.br\/index.php\/2025\/03\/11\/inscricoes-abertas-para-curso-de-musicalizacao-infantil-na-fames\/\"},\"author\":{\"name\":\"Luzimara Fernandes\",\"@id\":\"https:\/\/jornalfatosenoticias.com.br\/#\/schema\/person\/d63837fa13ac8666eb9e74e0985d6f81\"},\"headline\":\"Inscri\u00e7\u00f5es abertas para Curso de Musicaliza\u00e7\u00e3o Infantil na Fames\",\"datePublished\":\"2025-03-11T13:03:58+00:00\",\"dateModified\":\"2025-03-11T13:03:59+00:00\",\"mainEntityOfPage\":{\"@id\":\"https:\/\/jornalfatosenoticias.com.br\/index.php\/2025\/03\/11\/inscricoes-abertas-para-curso-de-musicalizacao-infantil-na-fames\/\"},\"wordCount\":216,\"commentCount\":0,\"publisher\":{\"@id\":\"https:\/\/jornalfatosenoticias.com.br\/#organization\"},\"image\":{\"@id\":\"https:\/\/jornalfatosenoticias.com.br\/index.php\/2025\/03\/11\/inscricoes-abertas-para-curso-de-musicalizacao-infantil-na-fames\/#primaryimage\"},\"thumbnailUrl\":\"https:\/\/jornalfatosenoticias.com.br\/wp-content\/uploads\/2025\/03\/MUSICALIZACAO-INFANTIL.png\",\"keywords\":[\"curso de musicaliza\u00e7\u00e3o infantil\",\"Faculdade de M\u00fasica do Esp\u00edrito Santo\",\"Fames\",\"musicaliza\u00e7\u00e3o infantil\",\"processo seletivo\"],\"articleSection\":[\"Cultura\"],\"inLanguage\":\"pt-BR\",\"potentialAction\":[{\"@type\":\"CommentAction\",\"name\":\"Comment\",\"target\":[\"https:\/\/jornalfatosenoticias.com.br\/index.php\/2025\/03\/11\/inscricoes-abertas-para-curso-de-musicalizacao-infantil-na-fames\/#respond\"]}]},{\"@type\":\"WebPage\",\"@id\":\"https:\/\/jornalfatosenoticias.com.br\/index.php\/2025\/03\/11\/inscricoes-abertas-para-curso-de-musicalizacao-infantil-na-fames\/\",\"url\":\"https:\/\/jornalfatosenoticias.com.br\/index.php\/2025\/03\/11\/inscricoes-abertas-para-curso-de-musicalizacao-infantil-na-fames\/\",\"name\":\"Inscri\u00e7\u00f5es abertas para Curso de Musicaliza\u00e7\u00e3o Infantil na Fames - Jornal Fatos e Not\u00edcias\",\"isPartOf\":{\"@id\":\"https:\/\/jornalfatosenoticias.com.br\/#website\"},\"primaryImageOfPage\":{\"@id\":\"https:\/\/jornalfatosenoticias.com.br\/index.php\/2025\/03\/11\/inscricoes-abertas-para-curso-de-musicalizacao-infantil-na-fames\/#primaryimage\"},\"image\":{\"@id\":\"https:\/\/jornalfatosenoticias.com.br\/index.php\/2025\/03\/11\/inscricoes-abertas-para-curso-de-musicalizacao-infantil-na-fames\/#primaryimage\"},\"thumbnailUrl\":\"https:\/\/jornalfatosenoticias.com.br\/wp-content\/uploads\/2025\/03\/MUSICALIZACAO-INFANTIL.png\",\"datePublished\":\"2025-03-11T13:03:58+00:00\",\"dateModified\":\"2025-03-11T13:03:59+00:00\",\"breadcrumb\":{\"@id\":\"https:\/\/jornalfatosenoticias.com.br\/index.php\/2025\/03\/11\/inscricoes-abertas-para-curso-de-musicalizacao-infantil-na-fames\/#breadcrumb\"},\"inLanguage\":\"pt-BR\",\"potentialAction\":[{\"@type\":\"ReadAction\",\"target\":[\"https:\/\/jornalfatosenoticias.com.br\/index.php\/2025\/03\/11\/inscricoes-abertas-para-curso-de-musicalizacao-infantil-na-fames\/\"]}]},{\"@type\":\"ImageObject\",\"inLanguage\":\"pt-BR\",\"@id\":\"https:\/\/jornalfatosenoticias.com.br\/index.php\/2025\/03\/11\/inscricoes-abertas-para-curso-de-musicalizacao-infantil-na-fames\/#primaryimage\",\"url\":\"https:\/\/jornalfatosenoticias.com.br\/wp-content\/uploads\/2025\/03\/MUSICALIZACAO-INFANTIL.png\",\"contentUrl\":\"https:\/\/jornalfatosenoticias.com.br\/wp-content\/uploads\/2025\/03\/MUSICALIZACAO-INFANTIL.png\",\"width\":960,\"height\":443},{\"@type\":\"BreadcrumbList\",\"@id\":\"https:\/\/jornalfatosenoticias.com.br\/index.php\/2025\/03\/11\/inscricoes-abertas-para-curso-de-musicalizacao-infantil-na-fames\/#breadcrumb\",\"itemListElement\":[{\"@type\":\"ListItem\",\"position\":1,\"name\":\"In\u00edcio\",\"item\":\"https:\/\/jornalfatosenoticias.com.br\/\"},{\"@type\":\"ListItem\",\"position\":2,\"name\":\"Inscri\u00e7\u00f5es abertas para Curso de Musicaliza\u00e7\u00e3o Infantil na Fames\"}]},{\"@type\":\"WebSite\",\"@id\":\"https:\/\/jornalfatosenoticias.com.br\/#website\",\"url\":\"https:\/\/jornalfatosenoticias.com.br\/\",\"name\":\"Jornal Fatos e Not\u00edcias\",\"description\":\"Not\u00edcias em geral\",\"publisher\":{\"@id\":\"https:\/\/jornalfatosenoticias.com.br\/#organization\"},\"potentialAction\":[{\"@type\":\"SearchAction\",\"target\":{\"@type\":\"EntryPoint\",\"urlTemplate\":\"https:\/\/jornalfatosenoticias.com.br\/?s={search_term_string}\"},\"query-input\":{\"@type\":\"PropertyValueSpecification\",\"valueRequired\":true,\"valueName\":\"search_term_string\"}}],\"inLanguage\":\"pt-BR\"},{\"@type\":\"Organization\",\"@id\":\"https:\/\/jornalfatosenoticias.com.br\/#organization\",\"name\":\"Jornal Fatos e Not\u00edcias\",\"url\":\"https:\/\/jornalfatosenoticias.com.br\/\",\"logo\":{\"@type\":\"ImageObject\",\"inLanguage\":\"pt-BR\",\"@id\":\"https:\/\/jornalfatosenoticias.com.br\/#\/schema\/logo\/image\/\",\"url\":\"https:\/\/jornalfatosenoticias.com.br\/wp-content\/uploads\/2020\/02\/logo120.png\",\"contentUrl\":\"https:\/\/jornalfatosenoticias.com.br\/wp-content\/uploads\/2020\/02\/logo120.png\",\"width\":1227,\"height\":120,\"caption\":\"Jornal Fatos e Not\u00edcias\"},\"image\":{\"@id\":\"https:\/\/jornalfatosenoticias.com.br\/#\/schema\/logo\/image\/\"}},{\"@type\":\"Person\",\"@id\":\"https:\/\/jornalfatosenoticias.com.br\/#\/schema\/person\/d63837fa13ac8666eb9e74e0985d6f81\",\"name\":\"Luzimara Fernandes\",\"image\":{\"@type\":\"ImageObject\",\"inLanguage\":\"pt-BR\",\"@id\":\"https:\/\/jornalfatosenoticias.com.br\/#\/schema\/person\/image\/\",\"url\":\"https:\/\/jornalfatosenoticias.com.br\/wp-content\/uploads\/2025\/05\/EU_portal.jpg\",\"contentUrl\":\"https:\/\/jornalfatosenoticias.com.br\/wp-content\/uploads\/2025\/05\/EU_portal.jpg\",\"caption\":\"Luzimara Fernandes\"},\"description\":\"Jornalista MTB 2358-ES\",\"sameAs\":[\"https:\/\/jornalfatosenoticias.com.br\"],\"url\":\"https:\/\/jornalfatosenoticias.com.br\/index.php\/author\/luzimara\/\"}]}<\/script>\n<!-- \/ Yoast SEO plugin. -->","yoast_head_json":{"title":"Inscri\u00e7\u00f5es abertas para Curso de Musicaliza\u00e7\u00e3o Infantil na Fames - Jornal Fatos e Not\u00edcias","robots":{"index":"index","follow":"follow","max-snippet":"max-snippet:-1","max-image-preview":"max-image-preview:large","max-video-preview":"max-video-preview:-1"},"canonical":"https:\/\/jornalfatosenoticias.com.br\/index.php\/2025\/03\/11\/inscricoes-abertas-para-curso-de-musicalizacao-infantil-na-fames\/","og_locale":"pt_BR","og_type":"article","og_title":"Inscri\u00e7\u00f5es abertas para Curso de Musicaliza\u00e7\u00e3o Infantil na Fames - Jornal Fatos e Not\u00edcias","og_description":"Est\u00e3o abertas inscri\u00e7\u00f5es para o ingresso no curso de Musicaliza\u00e7\u00e3o Infantil da Faculdade de M\u00fasica do Esp\u00edrito Santo (Fames). Neste ano, est\u00e3o dispon\u00edveis 48 vagas para o N\u00edvel I, sendo 24 vagas para o turno vespertino e 24 para o turno matutino.Podem se candidatar crian\u00e7as que v\u00e3o cursar o 2.\u00ba ou o 3.\u00b0 ano do [&hellip;]","og_url":"https:\/\/jornalfatosenoticias.com.br\/index.php\/2025\/03\/11\/inscricoes-abertas-para-curso-de-musicalizacao-infantil-na-fames\/","og_site_name":"Jornal Fatos e Not\u00edcias","article_published_time":"2025-03-11T13:03:58+00:00","article_modified_time":"2025-03-11T13:03:59+00:00","og_image":[{"width":960,"height":443,"url":"https:\/\/jornalfatosenoticias.com.br\/wp-content\/uploads\/2025\/03\/MUSICALIZACAO-INFANTIL.png","type":"image\/png"}],"author":"Luzimara Fernandes","twitter_card":"summary_large_image","twitter_misc":{"Escrito por":"Luzimara Fernandes","Est. tempo de leitura":"1 minuto"},"schema":{"@context":"https:\/\/schema.org","@graph":[{"@type":"Article","@id":"https:\/\/jornalfatosenoticias.com.br\/index.php\/2025\/03\/11\/inscricoes-abertas-para-curso-de-musicalizacao-infantil-na-fames\/#article","isPartOf":{"@id":"https:\/\/jornalfatosenoticias.com.br\/index.php\/2025\/03\/11\/inscricoes-abertas-para-curso-de-musicalizacao-infantil-na-fames\/"},"author":{"name":"Luzimara Fernandes","@id":"https:\/\/jornalfatosenoticias.com.br\/#\/schema\/person\/d63837fa13ac8666eb9e74e0985d6f81"},"headline":"Inscri\u00e7\u00f5es abertas para Curso de Musicaliza\u00e7\u00e3o Infantil na Fames","datePublished":"2025-03-11T13:03:58+00:00","dateModified":"2025-03-11T13:03:59+00:00","mainEntityOfPage":{"@id":"https:\/\/jornalfatosenoticias.com.br\/index.php\/2025\/03\/11\/inscricoes-abertas-para-curso-de-musicalizacao-infantil-na-fames\/"},"wordCount":216,"commentCount":0,"publisher":{"@id":"https:\/\/jornalfatosenoticias.com.br\/#organization"},"image":{"@id":"https:\/\/jornalfatosenoticias.com.br\/index.php\/2025\/03\/11\/inscricoes-abertas-para-curso-de-musicalizacao-infantil-na-fames\/#primaryimage"},"thumbnailUrl":"https:\/\/jornalfatosenoticias.com.br\/wp-content\/uploads\/2025\/03\/MUSICALIZACAO-INFANTIL.png","keywords":["curso de musicaliza\u00e7\u00e3o infantil","Faculdade de M\u00fasica do Esp\u00edrito Santo","Fames","musicaliza\u00e7\u00e3o infantil","processo seletivo"],"articleSection":["Cultura"],"inLanguage":"pt-BR","potentialAction":[{"@type":"CommentAction","name":"Comment","target":["https:\/\/jornalfatosenoticias.com.br\/index.php\/2025\/03\/11\/inscricoes-abertas-para-curso-de-musicalizacao-infantil-na-fames\/#respond"]}]},{"@type":"WebPage","@id":"https:\/\/jornalfatosenoticias.com.br\/index.php\/2025\/03\/11\/inscricoes-abertas-para-curso-de-musicalizacao-infantil-na-fames\/","url":"https:\/\/jornalfatosenoticias.com.br\/index.php\/2025\/03\/11\/inscricoes-abertas-para-curso-de-musicalizacao-infantil-na-fames\/","name":"Inscri\u00e7\u00f5es abertas para Curso de Musicaliza\u00e7\u00e3o Infantil na Fames - Jornal Fatos e Not\u00edcias","isPartOf":{"@id":"https:\/\/jornalfatosenoticias.com.br\/#website"},"primaryImageOfPage":{"@id":"https:\/\/jornalfatosenoticias.com.br\/index.php\/2025\/03\/11\/inscricoes-abertas-para-curso-de-musicalizacao-infantil-na-fames\/#primaryimage"},"image":{"@id":"https:\/\/jornalfatosenoticias.com.br\/index.php\/2025\/03\/11\/inscricoes-abertas-para-curso-de-musicalizacao-infantil-na-fames\/#primaryimage"},"thumbnailUrl":"https:\/\/jornalfatosenoticias.com.br\/wp-content\/uploads\/2025\/03\/MUSICALIZACAO-INFANTIL.png","datePublished":"2025-03-11T13:03:58+00:00","dateModified":"2025-03-11T13:03:59+00:00","breadcrumb":{"@id":"https:\/\/jornalfatosenoticias.com.br\/index.php\/2025\/03\/11\/inscricoes-abertas-para-curso-de-musicalizacao-infantil-na-fames\/#breadcrumb"},"inLanguage":"pt-BR","potentialAction":[{"@type":"ReadAction","target":["https:\/\/jornalfatosenoticias.com.br\/index.php\/2025\/03\/11\/inscricoes-abertas-para-curso-de-musicalizacao-infantil-na-fames\/"]}]},{"@type":"ImageObject","inLanguage":"pt-BR","@id":"https:\/\/jornalfatosenoticias.com.br\/index.php\/2025\/03\/11\/inscricoes-abertas-para-curso-de-musicalizacao-infantil-na-fames\/#primaryimage","url":"https:\/\/jornalfatosenoticias.com.br\/wp-content\/uploads\/2025\/03\/MUSICALIZACAO-INFANTIL.png","contentUrl":"https:\/\/jornalfatosenoticias.com.br\/wp-content\/uploads\/2025\/03\/MUSICALIZACAO-INFANTIL.png","width":960,"height":443},{"@type":"BreadcrumbList","@id":"https:\/\/jornalfatosenoticias.com.br\/index.php\/2025\/03\/11\/inscricoes-abertas-para-curso-de-musicalizacao-infantil-na-fames\/#breadcrumb","itemListElement":[{"@type":"ListItem","position":1,"name":"In\u00edcio","item":"https:\/\/jornalfatosenoticias.com.br\/"},{"@type":"ListItem","position":2,"name":"Inscri\u00e7\u00f5es abertas para Curso de Musicaliza\u00e7\u00e3o Infantil na Fames"}]},{"@type":"WebSite","@id":"https:\/\/jornalfatosenoticias.com.br\/#website","url":"https:\/\/jornalfatosenoticias.com.br\/","name":"Jornal Fatos e Not\u00edcias","description":"Not\u00edcias em geral","publisher":{"@id":"https:\/\/jornalfatosenoticias.com.br\/#organization"},"potentialAction":[{"@type":"SearchAction","target":{"@type":"EntryPoint","urlTemplate":"https:\/\/jornalfatosenoticias.com.br\/?s={search_term_string}"},"query-input":{"@type":"PropertyValueSpecification","valueRequired":true,"valueName":"search_term_string"}}],"inLanguage":"pt-BR"},{"@type":"Organization","@id":"https:\/\/jornalfatosenoticias.com.br\/#organization","name":"Jornal Fatos e Not\u00edcias","url":"https:\/\/jornalfatosenoticias.com.br\/","logo":{"@type":"ImageObject","inLanguage":"pt-BR","@id":"https:\/\/jornalfatosenoticias.com.br\/#\/schema\/logo\/image\/","url":"https:\/\/jornalfatosenoticias.com.br\/wp-content\/uploads\/2020\/02\/logo120.png","contentUrl":"https:\/\/jornalfatosenoticias.com.br\/wp-content\/uploads\/2020\/02\/logo120.png","width":1227,"height":120,"caption":"Jornal Fatos e Not\u00edcias"},"image":{"@id":"https:\/\/jornalfatosenoticias.com.br\/#\/schema\/logo\/image\/"}},{"@type":"Person","@id":"https:\/\/jornalfatosenoticias.com.br\/#\/schema\/person\/d63837fa13ac8666eb9e74e0985d6f81","name":"Luzimara Fernandes","image":{"@type":"ImageObject","inLanguage":"pt-BR","@id":"https:\/\/jornalfatosenoticias.com.br\/#\/schema\/person\/image\/","url":"https:\/\/jornalfatosenoticias.com.br\/wp-content\/uploads\/2025\/05\/EU_portal.jpg","contentUrl":"https:\/\/jornalfatosenoticias.com.br\/wp-content\/uploads\/2025\/05\/EU_portal.jpg","caption":"Luzimara Fernandes"},"description":"Jornalista MTB 2358-ES","sameAs":["https:\/\/jornalfatosenoticias.com.br"],"url":"https:\/\/jornalfatosenoticias.com.br\/index.php\/author\/luzimara\/"}]}},"cc_featured_image_caption":{"caption_text":"(Foto: Secult-ES\/Reprodu\u00e7\u00e3o) ","source_text":"","source_url":""},"jetpack_featured_media_url":"https:\/\/jornalfatosenoticias.com.br\/wp-content\/uploads\/2025\/03\/MUSICALIZACAO-INFANTIL.png","_links":{"self":[{"href":"https:\/\/jornalfatosenoticias.com.br\/index.php\/wp-json\/wp\/v2\/posts\/57622","targetHints":{"allow":["GET"]}}],"collection":[{"href":"https:\/\/jornalfatosenoticias.com.br\/index.php\/wp-json\/wp\/v2\/posts"}],"about":[{"href":"https:\/\/jornalfatosenoticias.com.br\/index.php\/wp-json\/wp\/v2\/types\/post"}],"author":[{"embeddable":true,"href":"https:\/\/jornalfatosenoticias.com.br\/index.php\/wp-json\/wp\/v2\/users\/2"}],"replies":[{"embeddable":true,"href":"https:\/\/jornalfatosenoticias.com.br\/index.php\/wp-json\/wp\/v2\/comments?post=57622"}],"version-history":[{"count":0,"href":"https:\/\/jornalfatosenoticias.com.br\/index.php\/wp-json\/wp\/v2\/posts\/57622\/revisions"}],"wp:featuredmedia":[{"embeddable":true,"href":"https:\/\/jornalfatosenoticias.com.br\/index.php\/wp-json\/wp\/v2\/media\/57623"}],"wp:attachment":[{"href":"https:\/\/jornalfatosenoticias.com.br\/index.php\/wp-json\/wp\/v2\/media?parent=57622"}],"wp:term":[{"taxonomy":"category","embeddable":true,"href":"https:\/\/jornalfatosenoticias.com.br\/index.php\/wp-json\/wp\/v2\/categories?post=57622"},{"taxonomy":"post_tag","embeddable":true,"href":"https:\/\/jornalfatosenoticias.com.br\/index.php\/wp-json\/wp\/v2\/tags?post=57622"}],"curies":[{"name":"wp","href":"https:\/\/api.w.org\/{rel}","templated":true}]}}