{"id":57628,"date":"2025-03-11T12:41:14","date_gmt":"2025-03-11T15:41:14","guid":{"rendered":"https:\/\/jornalfatosenoticias.com.br\/?p=57628"},"modified":"2025-03-11T12:41:15","modified_gmt":"2025-03-11T15:41:15","slug":"tcu-aponta-que-governo-nao-monitora-incentivos-fiscais-bilionarios-em-tecnologia-a-empresas","status":"publish","type":"post","link":"https:\/\/jornalfatosenoticias.com.br\/index.php\/2025\/03\/11\/tcu-aponta-que-governo-nao-monitora-incentivos-fiscais-bilionarios-em-tecnologia-a-empresas\/","title":{"rendered":"TCU aponta que governo n\u00e3o monitora incentivos fiscais bilion\u00e1rios em tecnologia a empresas"},"content":{"rendered":"\n<p><em><span class=\"has-inline-color has-black-color\">Para tribunal, h\u00e1 falhas graves em monitorar benef\u00edcios da Lei do Bem o que pode representar rombo bilion\u00e1rio aos cofres p\u00fablicos<\/span><\/em><\/p>\n\n\n\n<p><span class=\"has-inline-color has-black-color\">Por <strong><a href=\"https:\/\/www.gazetadopovo.com.br\/autor\/juliet-manfrin\/\">Juliet Manfrin<\/a><\/strong><\/span><\/p>\n\n\n\n<div class=\"wp-block-image\"><figure class=\"aligncenter size-large\"><a href=\"https:\/\/mizu.com.br\/\"><img loading=\"lazy\" decoding=\"async\" width=\"729\" height=\"90\" src=\"https:\/\/jornalfatosenoticias.com.br\/wp-content\/uploads\/2020\/02\/Logo_Mizu.png\" alt=\"\" class=\"wp-image-1441\" srcset=\"https:\/\/jornalfatosenoticias.com.br\/wp-content\/uploads\/2020\/02\/Logo_Mizu.png 729w, https:\/\/jornalfatosenoticias.com.br\/wp-content\/uploads\/2020\/02\/Logo_Mizu-300x37.png 300w\" sizes=\"auto, (max-width: 729px) 100vw, 729px\" \/><\/a><\/figure><\/div>\n\n\n\n<p>Regulamentada no primeiro governo de Luiz In\u00e1cio Lula da Silva (PT), em 2006, a Lei 1196\/2005, conhecida como a &#8220;Lei do Bem&#8221;, est\u00e1 na mira do Tribunal de Contas de Uni\u00e3o (TCU) quase 20 anos ap\u00f3s a implanta\u00e7\u00e3o. Para especialistas, a incompet\u00eancia e inoper\u00e2ncia do governo em estruturar o sistema com cruzamento \u00e1gil e fiel de dados, al\u00e9m da n\u00e3o ado\u00e7\u00e3o de medidas estrat\u00e9gicas de combate a fraudes, corrup\u00e7\u00e3o e desvios revelaram defici\u00eancias que podem representar um rombo bilion\u00e1rio aos cofres p\u00fablicos que vem se acumulando ano ap\u00f3s ano, conforme foi apontado pelo TCU.<br>A &#8220;Lei do Bem&#8221; tem como objetivo incentivar empresas a investirem em pesquisa, desenvolvimento e inova\u00e7\u00e3o tecnol\u00f3gica por meio de benef\u00edcios fiscais. As principais vantagens incluem a possibilidade de dedu\u00e7\u00e3o no Imposto de Renda e na Contribui\u00e7\u00e3o Social sobre o Lucro L\u00edquido (CSLL) sobre os gastos com inova\u00e7\u00e3o, redu\u00e7\u00e3o do IPI para a compra de equipamentos destinados \u00e0 pesquisa e a deprecia\u00e7\u00e3o e amortiza\u00e7\u00e3o acelerada de bens usados nesses projetos.<\/p>\n\n\n\n<div class=\"wp-block-image\"><figure class=\"aligncenter size-large is-resized\"><a href=\"https:\/\/www.facebook.com\/postobkr\/?locale=pt_BR\"><img loading=\"lazy\" decoding=\"async\" src=\"https:\/\/jornalfatosenoticias.com.br\/wp-content\/uploads\/2023\/08\/BKR-1024x1021.jpg\" alt=\"\" class=\"wp-image-44494\" width=\"322\" height=\"321\" srcset=\"https:\/\/jornalfatosenoticias.com.br\/wp-content\/uploads\/2023\/08\/BKR-1024x1021.jpg 1024w, https:\/\/jornalfatosenoticias.com.br\/wp-content\/uploads\/2023\/08\/BKR-300x300.jpg 300w, https:\/\/jornalfatosenoticias.com.br\/wp-content\/uploads\/2023\/08\/BKR-150x150.jpg 150w, https:\/\/jornalfatosenoticias.com.br\/wp-content\/uploads\/2023\/08\/BKR-768x766.jpg 768w, https:\/\/jornalfatosenoticias.com.br\/wp-content\/uploads\/2023\/08\/BKR.jpg 1080w\" sizes=\"auto, (max-width: 322px) 100vw, 322px\" \/><\/a><\/figure><\/div>\n\n\n\n<p>Para ter acesso aos incentivos, a empresa precisa estar no regime de tributa\u00e7\u00e3o pelo lucro real e comprovar os investimentos realizados em inova\u00e7\u00e3o tecnol\u00f3gica. Na pr\u00e1tica, o sistema tem falhado. O TCU diz que o total de riscos para os cofres p\u00fablicos, somando os valores de poss\u00edveis irregularidades de 2018 a 2022, chegou a aproximadamente R$ 1,19 bilh\u00e3o.<\/p>\n\n\n\n<div class=\"wp-block-image\"><figure class=\"aligncenter size-large is-resized\"><a href=\"https:\/\/www.facebook.com\/profile.php?id=100069289606145\"><img loading=\"lazy\" decoding=\"async\" src=\"https:\/\/jornalfatosenoticias.com.br\/wp-content\/uploads\/2024\/11\/Guaitolini-Contabilidade-1024x714.jpeg\" alt=\"\" class=\"wp-image-55808\" width=\"353\" height=\"246\" srcset=\"https:\/\/jornalfatosenoticias.com.br\/wp-content\/uploads\/2024\/11\/Guaitolini-Contabilidade-1024x714.jpeg 1024w, https:\/\/jornalfatosenoticias.com.br\/wp-content\/uploads\/2024\/11\/Guaitolini-Contabilidade-300x209.jpeg 300w, https:\/\/jornalfatosenoticias.com.br\/wp-content\/uploads\/2024\/11\/Guaitolini-Contabilidade-768x535.jpeg 768w, https:\/\/jornalfatosenoticias.com.br\/wp-content\/uploads\/2024\/11\/Guaitolini-Contabilidade.jpeg 1280w\" sizes=\"auto, (max-width: 353px) 100vw, 353px\" \/><\/a><\/figure><\/div>\n\n\n\n<p>\u201cAlgumas empresas informaram \u00e0 Receita Federal a utiliza\u00e7\u00e3o dos benef\u00edcios, mas n\u00e3o informaram ao MCTI [Minist\u00e9rio da Ci\u00eancia, Tecnologia e Inova\u00e7\u00e3o], enquanto outras informaram tanto \u00e0 Receita quanto ao MCTI, mas os\u00a0valores comunicados aos \u00f3rg\u00e3os eram diferentes. A diferen\u00e7a apontada nos dois casos pode indicar que os benef\u00edcios fiscais foram usados de forma inadequada, o que pode resultar na perda de arrecada\u00e7\u00e3o de impostos e preju\u00edzo de cerca de R$ 1,19 bilh\u00e3o\u201d, alerta a Corte de Contas.\u00a0\u00a0<\/p>\n\n\n\n<div class=\"wp-block-image\"><figure class=\"aligncenter size-large is-resized\"><a href=\"https:\/\/www.instagram.com\/restaurantepegoretti\/\"><img loading=\"lazy\" decoding=\"async\" src=\"https:\/\/jornalfatosenoticias.com.br\/wp-content\/uploads\/2023\/12\/pegoretti-logo-pdf-1024x389.jpg\" alt=\"\" class=\"wp-image-47536\" width=\"525\" height=\"199\" srcset=\"https:\/\/jornalfatosenoticias.com.br\/wp-content\/uploads\/2023\/12\/pegoretti-logo-pdf-1024x389.jpg 1024w, https:\/\/jornalfatosenoticias.com.br\/wp-content\/uploads\/2023\/12\/pegoretti-logo-pdf-300x114.jpg 300w, https:\/\/jornalfatosenoticias.com.br\/wp-content\/uploads\/2023\/12\/pegoretti-logo-pdf-768x291.jpg 768w, https:\/\/jornalfatosenoticias.com.br\/wp-content\/uploads\/2023\/12\/pegoretti-logo-pdf.jpg 1120w\" sizes=\"auto, (max-width: 525px) 100vw, 525px\" \/><\/a><\/figure><\/div>\n\n\n\n<p>Apenas em rela\u00e7\u00e3o ao ano-base de 2018, o risco de perda estimada \u00e9 de R$ 263 milh\u00f5es, pois o prazo para cobrar o tributo devido expirou no in\u00edcio de 2025. \u201cNo total, 853 declara\u00e7\u00f5es empresariais foram identificadas como em risco de prescri\u00e7\u00e3o\u201d, afirma o TCU. Al\u00e9m de rastrear falhas e corrigir erros, especialistas defendem a necessidade de penaliza\u00e7\u00e3o na estrutura do governo de quem errou , com foco na improbidade administrativa na gest\u00e3o federal.<\/p>\n\n\n\n<div class=\"wp-block-image\"><figure class=\"aligncenter size-large is-resized\"><a href=\"https:\/\/www.instagram.com\/esteiochurrascaria\/\"><img loading=\"lazy\" decoding=\"async\" src=\"https:\/\/jornalfatosenoticias.com.br\/wp-content\/uploads\/2022\/02\/LOGO-ESTEIO-1024x730.png\" alt=\"\" class=\"wp-image-27942\" width=\"375\" height=\"267\" srcset=\"https:\/\/jornalfatosenoticias.com.br\/wp-content\/uploads\/2022\/02\/LOGO-ESTEIO-1024x730.png 1024w, https:\/\/jornalfatosenoticias.com.br\/wp-content\/uploads\/2022\/02\/LOGO-ESTEIO-300x214.png 300w, https:\/\/jornalfatosenoticias.com.br\/wp-content\/uploads\/2022\/02\/LOGO-ESTEIO-768x548.png 768w, https:\/\/jornalfatosenoticias.com.br\/wp-content\/uploads\/2022\/02\/LOGO-ESTEIO.png 1123w\" sizes=\"auto, (max-width: 375px) 100vw, 375px\" \/><\/a><\/figure><\/div>\n\n\n\n<blockquote class=\"wp-block-quote is-layout-flow wp-block-quote-is-layout-flow\"><p><span class=\"has-inline-color has-luminous-vivid-orange-color\">Se ficar provado que houve irregularidades no sistema causando preju\u00edzo aos cofres p\u00fablicos, o governo, em suas diversas escalas, pode ser responsabilizado de acordo com a lei de improbidade, o que pode levar, entre outras penalidades, \u00e0 inelegibilidade de quem causou ou operou para causar o dano. No caso de um servidor de carreira, ele pode ser exonerado das fun\u00e7\u00f5es\u201d, salienta o especialista em Direito P\u00fablico M\u00e1rcio Nunes.<\/span><\/p><\/blockquote>\n\n\n\n<div class=\"wp-block-image\"><figure class=\"aligncenter size-large is-resized\"><a href=\"https:\/\/hotelmarquetti.com.br\/\"><img loading=\"lazy\" decoding=\"async\" src=\"https:\/\/jornalfatosenoticias.com.br\/wp-content\/uploads\/2023\/03\/nova-logo-Marquetti.jpg\" alt=\"\" class=\"wp-image-40207\" width=\"360\" height=\"242\" srcset=\"https:\/\/jornalfatosenoticias.com.br\/wp-content\/uploads\/2023\/03\/nova-logo-Marquetti.jpg 643w, https:\/\/jornalfatosenoticias.com.br\/wp-content\/uploads\/2023\/03\/nova-logo-Marquetti-300x202.jpg 300w\" sizes=\"auto, (max-width: 360px) 100vw, 360px\" \/><\/a><\/figure><\/div>\n\n\n\n<p>Para o professor de Engenharia e Ciberseguran\u00e7a Guilherme Neves, do Ibmec no Rio de Janeiro, que estuda e acompanha de perto h\u00e1 anos a &#8220;Lei do Bem&#8221;, pode haver duas vertentes que justifiquem os apontamentos do TCU: a de falhas humanas no lan\u00e7amento de dados casada com a morosidade para checagem das informa\u00e7\u00f5es. Neste caso, esses problemas ainda podem estar aliados \u00e0 falta de um sistema integrado para lan\u00e7amento e cruzamento dos dados. A segunda quest\u00e3o \u00e9 que podem ter ocorrido fraudes propriamente ditas.<\/p>\n\n\n\n<div class=\"wp-block-image\"><figure class=\"aligncenter size-large is-resized\"><a href=\"https:\/\/panper.com.br\/\"><img loading=\"lazy\" decoding=\"async\" src=\"https:\/\/jornalfatosenoticias.com.br\/wp-content\/uploads\/2023\/03\/logo-Panper_portal.jpg\" alt=\"\" class=\"wp-image-40208\" width=\"362\" height=\"251\" srcset=\"https:\/\/jornalfatosenoticias.com.br\/wp-content\/uploads\/2023\/03\/logo-Panper_portal.jpg 400w, https:\/\/jornalfatosenoticias.com.br\/wp-content\/uploads\/2023\/03\/logo-Panper_portal-300x208.jpg 300w\" sizes=\"auto, (max-width: 362px) 100vw, 362px\" \/><\/a><\/figure><\/div>\n\n\n\n<p>Pela experi\u00eancia com consultoria a empresas do setor, o pesquisador avalia que o problema pode ter mais a ver com a incompet\u00eancia e inoper\u00e2ncia do governo em gerenciar um sistema com cruzamento e an\u00e1lise precisas das informa\u00e7\u00f5es do que com golpes aplicados por empresas que poderiam se beneficiar com os incentivos. Mas isso coloca em risco o principal instrumentos de fomento \u00e0 inova\u00e7\u00e3o no Brasil.<\/p>\n\n\n\n<div class=\"wp-block-image\"><figure class=\"aligncenter size-large is-resized\"><a href=\"https:\/\/www.instagram.com\/ligadossaborespizzaria\/\"><img loading=\"lazy\" decoding=\"async\" src=\"https:\/\/jornalfatosenoticias.com.br\/wp-content\/uploads\/2020\/02\/WhatsApp-Image-2024-10-02-at-08.18.14-819x1024.jpeg\" alt=\"\" class=\"wp-image-54612\" width=\"291\" height=\"363\" srcset=\"https:\/\/jornalfatosenoticias.com.br\/wp-content\/uploads\/2020\/02\/WhatsApp-Image-2024-10-02-at-08.18.14-819x1024.jpeg 819w, https:\/\/jornalfatosenoticias.com.br\/wp-content\/uploads\/2020\/02\/WhatsApp-Image-2024-10-02-at-08.18.14-240x300.jpeg 240w, https:\/\/jornalfatosenoticias.com.br\/wp-content\/uploads\/2020\/02\/WhatsApp-Image-2024-10-02-at-08.18.14-768x960.jpeg 768w, https:\/\/jornalfatosenoticias.com.br\/wp-content\/uploads\/2020\/02\/WhatsApp-Image-2024-10-02-at-08.18.14.jpeg 1024w\" sizes=\"auto, (max-width: 291px) 100vw, 291px\" \/><\/a><\/figure><\/div>\n\n\n\n<p>\u201cClaro que existem pessoas que operam para cometer fraudes e aplicar golpes, mas acredito que neste caso \u00e9 mais pela falta de implanta\u00e7\u00e3o de um sistema integrado que monitore e cruze informa\u00e7\u00f5es entre o Minist\u00e9rio da Ci\u00eancia e Tecnologia e a Receita Federal. Para as empresas que podem ser beneficiadas \u00e9 muito mais vantajoso investir os benef\u00edcios que a lei prev\u00ea, com retorno em inova\u00e7\u00e3o e tecnologia, do que sonegar, enganar ou burlar o sistema do governo\u201d, opina.<\/p>\n\n\n\n<div class=\"wp-block-image\"><figure class=\"aligncenter size-large is-resized\"><a href=\"https:\/\/www.legisjuris.com.br\/\"><img loading=\"lazy\" decoding=\"async\" src=\"https:\/\/jornalfatosenoticias.com.br\/wp-content\/uploads\/2024\/09\/Legis-Juris-Consultoria_logo.jpg\" alt=\"\" class=\"wp-image-53915\" width=\"535\" height=\"224\" srcset=\"https:\/\/jornalfatosenoticias.com.br\/wp-content\/uploads\/2024\/09\/Legis-Juris-Consultoria_logo.jpg 969w, https:\/\/jornalfatosenoticias.com.br\/wp-content\/uploads\/2024\/09\/Legis-Juris-Consultoria_logo-300x126.jpg 300w, https:\/\/jornalfatosenoticias.com.br\/wp-content\/uploads\/2024\/09\/Legis-Juris-Consultoria_logo-768x322.jpg 768w\" sizes=\"auto, (max-width: 535px) 100vw, 535px\" \/><\/a><\/figure><\/div>\n\n\n\n<p>A Gazeta do Povo procurou o Minist\u00e9rio da Ci\u00eancia e da Tecnologia, mas a pasta n\u00e3o se manifestou at\u00e9 a publica\u00e7\u00e3o desta reportagem. O espa\u00e7o segue aberto. A Receita Federal disse que &#8220;a decis\u00e3o [apontada pelo TCU] ser\u00e1 analisada pelas \u00e1reas t\u00e9cnicas\u201d do \u00f3rg\u00e3o. \u201cPreliminarmente, informamos que o tema objeto da auditoria do TCU j\u00e1 constava no planejamento da fiscaliza\u00e7\u00e3o para o ano de 2024, conforme Relat\u00f3rio Anual de Fiscaliza\u00e7\u00e3o 2023-2024\u201d.<\/p>\n\n\n\n<div class=\"wp-block-image\"><figure class=\"aligncenter size-large\"><a href=\"http:\/\/www.ferrarimaquinas.com.br\/\"><img loading=\"lazy\" decoding=\"async\" width=\"300\" height=\"250\" src=\"https:\/\/jornalfatosenoticias.com.br\/wp-content\/uploads\/2022\/02\/FERRARI_MAQUINAS-E-FERRAMENTAS2.jpg\" alt=\"\" class=\"wp-image-27860\"\/><\/a><\/figure><\/div>\n\n\n\n<p><strong><span class=\"has-inline-color has-black-color\">TCU aponta fragilidades na fiscaliza\u00e7\u00e3o e monitoramento da &#8220;Lei do Bem&#8221;<br><\/span><\/strong>No ac\u00f3rd\u00e3o do TCU da \u00faltima semana h\u00e1 alertas sobre a falta de fiscaliza\u00e7\u00e3o, falhas graves no sistema de lan\u00e7amento de dados e preju\u00edzos provocados por problemas na aplica\u00e7\u00e3o e fiscaliza\u00e7\u00e3o da lei. Estes apontamentos atentam para:<br>\u2705<strong><span class=\"has-inline-color has-black-color\">Empresas usufruindo de incentivos sem prestar contas:<\/span><\/strong> 547 empresas declararam benef\u00edcios \u00e0 Receita Federal, mas n\u00e3o informaram seus investimentos ao Minist\u00e9rio da Ci\u00eancia, Tecnologia e Inova\u00e7\u00e3o (MCTI), totalizando uma ren\u00fancia fiscal de R$ 2,54 bilh\u00f5es.<\/p>\n\n\n\n<div class=\"wp-block-image\"><figure class=\"aligncenter size-large\"><a href=\"https:\/\/cesconetto.com.br\/\"><img loading=\"lazy\" decoding=\"async\" width=\"300\" height=\"250\" src=\"https:\/\/jornalfatosenoticias.com.br\/wp-content\/uploads\/2022\/02\/Banner-2.png\" alt=\"\" class=\"wp-image-27877\"\/><\/a><\/figure><\/div>\n\n\n\n<p>\u2705<strong><span class=\"has-inline-color has-black-color\">Diferen\u00e7as nos valores informados ao MCTI e \u00e0 Receita Federal:<\/span><\/strong> outras 306 empresas prestaram contas ao MCTI, mas com valores divergentes dos apresentados \u00e0 Receita, resultando em um impacto estimado de R$ 954,7 milh\u00f5es.<br>\u2705<strong><span class=\"has-inline-color has-black-color\">Risco de prescri\u00e7\u00e3o de cr\u00e9ditos tribut\u00e1rios:<\/span><\/strong> o tribunal alertou que, caso as irregularidades n\u00e3o sejam corrigidas, o governo pode perder o direito de recuperar os valores indevidamente concedidos.<\/p>\n\n\n\n<div class=\"wp-block-image\"><figure class=\"aligncenter size-large is-resized\"><a href=\"https:\/\/www.instagram.com\/serra4x4cambioautomatico\/\"><img loading=\"lazy\" decoding=\"async\" src=\"https:\/\/jornalfatosenoticias.com.br\/wp-content\/uploads\/2024\/08\/Serra-4x4-1-886x1024.jpg\" alt=\"\" class=\"wp-image-53632\" width=\"306\" height=\"354\" srcset=\"https:\/\/jornalfatosenoticias.com.br\/wp-content\/uploads\/2024\/08\/Serra-4x4-1-886x1024.jpg 886w, https:\/\/jornalfatosenoticias.com.br\/wp-content\/uploads\/2024\/08\/Serra-4x4-1-260x300.jpg 260w, https:\/\/jornalfatosenoticias.com.br\/wp-content\/uploads\/2024\/08\/Serra-4x4-1-768x888.jpg 768w, https:\/\/jornalfatosenoticias.com.br\/wp-content\/uploads\/2024\/08\/Serra-4x4-1.jpg 1181w\" sizes=\"auto, (max-width: 306px) 100vw, 306px\" \/><\/a><\/figure><\/div>\n\n\n\n<p>\u2705<strong><span class=\"has-inline-color has-black-color\">Discrep\u00e2ncias na folha de pagamento:<\/span><\/strong> um cruzamento de dados do TCU entre o MCTI e os registros do Minist\u00e9rio do Trabalho apontou que 5.985 pessoas tiveram valores declarados superiores aos registrados oficialmente, indicando um poss\u00edvel superdimensionamento dos gastos com pessoal. Essa pr\u00e1tica pode ter causado um impacto de R$ 936 milh\u00f5es.<\/p>\n\n\n\n<div class=\"wp-block-image\"><figure class=\"aligncenter size-large is-resized\"><a href=\"https:\/\/www.ithbrasil.com.br\/\"><img loading=\"lazy\" decoding=\"async\" src=\"https:\/\/jornalfatosenoticias.com.br\/wp-content\/uploads\/2023\/08\/ITH.jpeg\" alt=\"\" class=\"wp-image-44638\" width=\"307\" height=\"249\" srcset=\"https:\/\/jornalfatosenoticias.com.br\/wp-content\/uploads\/2023\/08\/ITH.jpeg 800w, https:\/\/jornalfatosenoticias.com.br\/wp-content\/uploads\/2023\/08\/ITH-300x244.jpeg 300w, https:\/\/jornalfatosenoticias.com.br\/wp-content\/uploads\/2023\/08\/ITH-768x624.jpeg 768w\" sizes=\"auto, (max-width: 307px) 100vw, 307px\" \/><\/a><\/figure><\/div>\n\n\n\n<p>\u2705<strong><span class=\"has-inline-color has-black-color\">Falta de controle e comunica\u00e7\u00e3o entre \u00f3rg\u00e3os: <\/span><\/strong>o TCU tamb\u00e9m criticou a falta de integra\u00e7\u00e3o entre o MCTI e a Receita Federal, que impede um acompanhamento eficiente dos incentivos concedidos. A aus\u00eancia de um sistema estruturado de troca de informa\u00e7\u00f5es entre os \u00f3rg\u00e3os dificulta a detec\u00e7\u00e3o de fraudes e o cruzamento de dados sobre os reais investimentos das empresas em inova\u00e7\u00e3o.<\/p>\n\n\n\n<div class=\"wp-block-image\"><figure class=\"aligncenter size-large\"><a href=\"https:\/\/www.facebook.com\/vetor.vix\/\"><img loading=\"lazy\" decoding=\"async\" width=\"1024\" height=\"273\" src=\"https:\/\/jornalfatosenoticias.com.br\/wp-content\/uploads\/2023\/09\/vetorvix1024_1.jpg\" alt=\"\" class=\"wp-image-44868\" srcset=\"https:\/\/jornalfatosenoticias.com.br\/wp-content\/uploads\/2023\/09\/vetorvix1024_1.jpg 1024w, https:\/\/jornalfatosenoticias.com.br\/wp-content\/uploads\/2023\/09\/vetorvix1024_1-300x80.jpg 300w, https:\/\/jornalfatosenoticias.com.br\/wp-content\/uploads\/2023\/09\/vetorvix1024_1-768x205.jpg 768w\" sizes=\"auto, (max-width: 1024px) 100vw, 1024px\" \/><\/a><\/figure><\/div>\n\n\n\n<p>O TCU tamb\u00e9m diz que o atraso na an\u00e1lise das presta\u00e7\u00f5es de contas tem sido um problema recorrente e identificou um ac\u00famulo de 7.227 processos pendentes de an\u00e1lise pelo MCTI, com alguns casos demorando at\u00e9 45 meses para serem avaliados.<\/p>\n\n\n\n<blockquote class=\"wp-block-quote is-layout-flow wp-block-quote-is-layout-flow\"><p><span class=\"has-inline-color has-luminous-vivid-orange-color\">\u00c9 inconceb\u00edvel que estamos falando de tecnologia e inova\u00e7\u00e3o, dentro de um minist\u00e9rio espec\u00edfico e que falha justamente no b\u00e1sico e essencial: no processo tecnol\u00f3gico para dar vas\u00e3o, lisura, transpar\u00eancia al\u00e9m de proteger os recursos p\u00fablicos\u201d, avalia o consultor independente Luan Ramalho, mestre em sistema de informa\u00e7\u00e3o.<\/span><\/p><\/blockquote>\n\n\n\n<div class=\"wp-block-image\"><figure class=\"aligncenter size-large is-resized\"><a href=\"https:\/\/www.controlsystems.com.br\/\"><img loading=\"lazy\" decoding=\"async\" src=\"https:\/\/jornalfatosenoticias.com.br\/wp-content\/uploads\/2020\/02\/CONTROL-CS.jpg\" alt=\"\" class=\"wp-image-44991\" width=\"305\" height=\"365\" srcset=\"https:\/\/jornalfatosenoticias.com.br\/wp-content\/uploads\/2020\/02\/CONTROL-CS.jpg 834w, https:\/\/jornalfatosenoticias.com.br\/wp-content\/uploads\/2020\/02\/CONTROL-CS-250x300.jpg 250w, https:\/\/jornalfatosenoticias.com.br\/wp-content\/uploads\/2020\/02\/CONTROL-CS-768x921.jpg 768w\" sizes=\"auto, (max-width: 305px) 100vw, 305px\" \/><\/a><\/figure><\/div>\n\n\n\n<p>Ramalho lembra que as poss\u00edveis fraudes podem descredibilizar um programa que \u00e9 essencial \u00e0 inova\u00e7\u00e3o no segmento privado, al\u00e9m de impedir o real acesso a quem precisa investir na expans\u00e3o tecnol\u00f3gica. \u201cO TCU diz que se pode estar diante de um rombo bilion\u00e1rio nos cofres p\u00fablicos a partir de dados entre o Minist\u00e9rio da Ci\u00eancia, Tecnologia e Inova\u00e7\u00e3o e a Receita Federal que n\u00e3o conversam, e, quando se cruzam, s\u00e3o divergentes. Acredito que possa ser uma a\u00e7\u00e3o estrat\u00e9gica, proposital para facilitar o processo de burlar o sistema e n\u00e3o gerar os dados legais e oficiais. De um lado o fraudador se aproveitando do sistema falho e do outro o governo inoperante em resolver o problema\u201d, alerta o economista e analista de mercado Rui S\u00e3o Pedro.<\/p>\n\n\n\n<div class=\"wp-block-image\"><figure class=\"aligncenter size-large is-resized\"><a href=\"https:\/\/www.instagram.com\/vmais.midias\/\"><img loading=\"lazy\" decoding=\"async\" src=\"https:\/\/jornalfatosenoticias.com.br\/wp-content\/uploads\/2020\/02\/DE-MAIS-DESTAQUE-VMAIS-800X700.png\" alt=\"\" class=\"wp-image-53112\" width=\"353\" height=\"308\" srcset=\"https:\/\/jornalfatosenoticias.com.br\/wp-content\/uploads\/2020\/02\/DE-MAIS-DESTAQUE-VMAIS-800X700.png 800w, https:\/\/jornalfatosenoticias.com.br\/wp-content\/uploads\/2020\/02\/DE-MAIS-DESTAQUE-VMAIS-800X700-300x263.png 300w, https:\/\/jornalfatosenoticias.com.br\/wp-content\/uploads\/2020\/02\/DE-MAIS-DESTAQUE-VMAIS-800X700-768x672.png 768w\" sizes=\"auto, (max-width: 353px) 100vw, 353px\" \/><\/a><\/figure><\/div>\n\n\n\n<p>Para o TCU, sem um sistema eficiente de fiscaliza\u00e7\u00e3o, h\u00e1 risco de os incentivos fiscais serem desviados para fins que n\u00e3o contribuem para a inova\u00e7\u00e3o tecnol\u00f3gica, reduzindo a efic\u00e1cia da pol\u00edtica, com fragilidade no controle e na gest\u00e3o fiscal, dificultando a detec\u00e7\u00e3o de irregularidades o que pode estimular aumento da sonega\u00e7\u00e3o fiscal.<\/p>\n\n\n\n<div class=\"wp-block-image\"><figure class=\"aligncenter size-large is-resized\"><a href=\"https:\/\/www.instagram.com\/rcradiadores\/\"><img loading=\"lazy\" decoding=\"async\" src=\"https:\/\/jornalfatosenoticias.com.br\/wp-content\/uploads\/2022\/10\/RC_800x750_page-0001.jpg\" alt=\"\" class=\"wp-image-35338\" width=\"343\" height=\"322\" srcset=\"https:\/\/jornalfatosenoticias.com.br\/wp-content\/uploads\/2022\/10\/RC_800x750_page-0001.jpg 400w, https:\/\/jornalfatosenoticias.com.br\/wp-content\/uploads\/2022\/10\/RC_800x750_page-0001-300x281.jpg 300w\" sizes=\"auto, (max-width: 343px) 100vw, 343px\" \/><\/a><\/figure><\/div>\n\n\n\n<p><strong><span class=\"has-inline-color has-black-color\">Como opera, na pr\u00e1tica, a &#8220;Lei do Bem&#8221; de fomento \u00e0 tecnologia e \u00e0 inova\u00e7\u00e3o?<br><\/span><\/strong>A &#8220;Lei do Bem&#8221; permite incentivos fiscais para empresas que realizam, ou deveriam realizar, investimentos em Pesquisa e Desenvolvimento (P&amp;D) de inova\u00e7\u00e3o tecnol\u00f3gica. Em um dos dados mais recentes informados pelo governo federal, no fim de 2023, quase 3,5 mil empresas haviam sido beneficiadas pela lei.<\/p>\n\n\n\n<div class=\"wp-block-image\"><figure class=\"aligncenter size-large is-resized\"><a href=\"https:\/\/www.facebook.com\/postobkr\/?locale=pt_BR\"><img loading=\"lazy\" decoding=\"async\" src=\"https:\/\/jornalfatosenoticias.com.br\/wp-content\/uploads\/2023\/08\/BKR-1024x1021.jpg\" alt=\"\" class=\"wp-image-44494\" width=\"329\" height=\"328\" srcset=\"https:\/\/jornalfatosenoticias.com.br\/wp-content\/uploads\/2023\/08\/BKR-1024x1021.jpg 1024w, https:\/\/jornalfatosenoticias.com.br\/wp-content\/uploads\/2023\/08\/BKR-300x300.jpg 300w, https:\/\/jornalfatosenoticias.com.br\/wp-content\/uploads\/2023\/08\/BKR-150x150.jpg 150w, https:\/\/jornalfatosenoticias.com.br\/wp-content\/uploads\/2023\/08\/BKR-768x766.jpg 768w, https:\/\/jornalfatosenoticias.com.br\/wp-content\/uploads\/2023\/08\/BKR.jpg 1080w\" sizes=\"auto, (max-width: 329px) 100vw, 329px\" \/><\/a><\/figure><\/div>\n\n\n\n<p>Na ocasi\u00e3o, o governo disse que essas empresas tinham alavancado R$ 35,1 bilh\u00f5es em investimentos no ano-base 2022, e que isso representava aumento de 29% na compara\u00e7\u00e3o com 2021. A Gazeta do Povo procurou o Minist\u00e9rio da Ci\u00eancia, Tecnologia e Inova\u00e7\u00e3o em busca de dados mais atualizados e indagou sobre as falhas apontadas pelo TCU, mas n\u00e3o obteve retorno at\u00e9 a publica\u00e7\u00e3o desta reportagem.<\/p>\n\n\n\n<div class=\"wp-block-image\"><figure class=\"aligncenter size-large is-resized\"><a href=\"https:\/\/www.facebook.com\/profile.php?id=100069289606145\"><img loading=\"lazy\" decoding=\"async\" src=\"https:\/\/jornalfatosenoticias.com.br\/wp-content\/uploads\/2024\/11\/Guaitolini-Contabilidade-1024x714.jpeg\" alt=\"\" class=\"wp-image-55808\" width=\"357\" height=\"249\" srcset=\"https:\/\/jornalfatosenoticias.com.br\/wp-content\/uploads\/2024\/11\/Guaitolini-Contabilidade-1024x714.jpeg 1024w, https:\/\/jornalfatosenoticias.com.br\/wp-content\/uploads\/2024\/11\/Guaitolini-Contabilidade-300x209.jpeg 300w, https:\/\/jornalfatosenoticias.com.br\/wp-content\/uploads\/2024\/11\/Guaitolini-Contabilidade-768x535.jpeg 768w, https:\/\/jornalfatosenoticias.com.br\/wp-content\/uploads\/2024\/11\/Guaitolini-Contabilidade.jpeg 1280w\" sizes=\"auto, (max-width: 357px) 100vw, 357px\" \/><\/a><\/figure><\/div>\n\n\n\n<p>\u201cEm termos de materialidade, o volume de ren\u00fancias tribut\u00e1rias alcan\u00e7ou cerca de R$ 7,9 bilh\u00f5es [estimativa relativa ao exerc\u00edcio de 2022], o que demonstra a relev\u00e2ncia da pol\u00edtica p\u00fablica, sendo que esse valor tem aumentado de forma mais significativa desde 2017, assim como o n\u00famero de empresas beneficiadas\u201d, alertou o ministro Jorge Oliveira, relator do processo no TCU, que apura as suspeitas de fraudes.\u00a0\u00a0<\/p>\n\n\n\n<div class=\"wp-block-image\"><figure class=\"aligncenter size-large is-resized\"><a href=\"https:\/\/www.instagram.com\/restaurantepegoretti\/\"><img loading=\"lazy\" decoding=\"async\" src=\"https:\/\/jornalfatosenoticias.com.br\/wp-content\/uploads\/2023\/12\/pegoretti-logo-pdf-1024x389.jpg\" alt=\"\" class=\"wp-image-47536\" width=\"498\" height=\"189\" srcset=\"https:\/\/jornalfatosenoticias.com.br\/wp-content\/uploads\/2023\/12\/pegoretti-logo-pdf-1024x389.jpg 1024w, https:\/\/jornalfatosenoticias.com.br\/wp-content\/uploads\/2023\/12\/pegoretti-logo-pdf-300x114.jpg 300w, https:\/\/jornalfatosenoticias.com.br\/wp-content\/uploads\/2023\/12\/pegoretti-logo-pdf-768x291.jpg 768w, https:\/\/jornalfatosenoticias.com.br\/wp-content\/uploads\/2023\/12\/pegoretti-logo-pdf.jpg 1120w\" sizes=\"auto, (max-width: 498px) 100vw, 498px\" \/><\/a><\/figure><\/div>\n\n\n\n<p>O objetivo da lei \u00e9 permitir que empresas que operam no regime de lucro real deduzam imposto e contribui\u00e7\u00e3o e destinem parte dos gastos com atividades de inova\u00e7\u00e3o. O foco da &#8220;Lei do Bem&#8221; \u00e9 estimular a inova\u00e7\u00e3o tecnol\u00f3gica no setor privado, tornando as empresas mais competitivas e incentivando o desenvolvimento de novas tecnologias no Brasil.<\/p>\n\n\n\n<div class=\"wp-block-image\"><figure class=\"aligncenter size-large is-resized\"><a href=\"https:\/\/hotelmarquetti.com.br\/\"><img loading=\"lazy\" decoding=\"async\" src=\"https:\/\/jornalfatosenoticias.com.br\/wp-content\/uploads\/2023\/03\/nova-logo-Marquetti.jpg\" alt=\"\" class=\"wp-image-40207\" width=\"366\" height=\"246\" srcset=\"https:\/\/jornalfatosenoticias.com.br\/wp-content\/uploads\/2023\/03\/nova-logo-Marquetti.jpg 643w, https:\/\/jornalfatosenoticias.com.br\/wp-content\/uploads\/2023\/03\/nova-logo-Marquetti-300x202.jpg 300w\" sizes=\"auto, (max-width: 366px) 100vw, 366px\" \/><\/a><\/figure><\/div>\n\n\n\n<p><strong><span class=\"has-inline-color has-black-color\">Como benef\u00edcio, a &#8220;Lei do Bem&#8221; prev\u00ea:<br><\/span><\/strong>\u2705Dedu\u00e7\u00e3o de at\u00e9 60% dos investimentos em P&amp;D no c\u00e1lculo do IRPJ e CSLL.<br>\u2705Redu\u00e7\u00e3o de 50% do IPI na compra de m\u00e1quinas e equipamentos para pesquisa.<br>\u2705Deprecia\u00e7\u00e3o e amortiza\u00e7\u00e3o acelerada de bens usados em P&amp;D.<br>\u2705Isen\u00e7\u00e3o de imposto sobre remessas ao exterior para registro de patentes e marcas.<\/p>\n\n\n\n<div class=\"wp-block-image\"><figure class=\"aligncenter size-large is-resized\"><a href=\"https:\/\/www.instagram.com\/esteiochurrascaria\/\"><img loading=\"lazy\" decoding=\"async\" src=\"https:\/\/jornalfatosenoticias.com.br\/wp-content\/uploads\/2022\/02\/LOGO-ESTEIO-1024x730.png\" alt=\"\" class=\"wp-image-27942\" width=\"375\" height=\"267\" srcset=\"https:\/\/jornalfatosenoticias.com.br\/wp-content\/uploads\/2022\/02\/LOGO-ESTEIO-1024x730.png 1024w, https:\/\/jornalfatosenoticias.com.br\/wp-content\/uploads\/2022\/02\/LOGO-ESTEIO-300x214.png 300w, https:\/\/jornalfatosenoticias.com.br\/wp-content\/uploads\/2022\/02\/LOGO-ESTEIO-768x548.png 768w, https:\/\/jornalfatosenoticias.com.br\/wp-content\/uploads\/2022\/02\/LOGO-ESTEIO.png 1123w\" sizes=\"auto, (max-width: 375px) 100vw, 375px\" \/><\/a><\/figure><\/div>\n\n\n\n<blockquote class=\"wp-block-quote is-layout-flow wp-block-quote-is-layout-flow\"><p><span class=\"has-inline-color has-luminous-vivid-orange-color\">Essa lei \u00e9 considerada um dos principais instrumentos de fomento \u00e0 inova\u00e7\u00e3o no Brasil, ajudando a reduzir os custos de pesquisa e incentivando a moderniza\u00e7\u00e3o da ind\u00fastria nacional. Mas, como toda legisla\u00e7\u00e3o, precisa de controle, fiscaliza\u00e7\u00e3o e este caso pode ser resolvido com certa facilidade quando falamos de tecnologia e inova\u00e7\u00e3o. Qualquer empresa de m\u00e9dio ou grande porte no setor privado opera em sistemas integrados de informa\u00e7\u00e3o, o governo deveria ser o exemplo disso por j\u00e1 operar alguns sistemas assim\u201d, refor\u00e7a o pesquisador Guilherme Neves.<\/span><\/p><\/blockquote>\n\n\n\n<div class=\"wp-block-image\"><figure class=\"aligncenter size-large is-resized\"><a href=\"https:\/\/panper.com.br\/\"><img loading=\"lazy\" decoding=\"async\" src=\"https:\/\/jornalfatosenoticias.com.br\/wp-content\/uploads\/2023\/03\/logo-Panper_portal.jpg\" alt=\"\" class=\"wp-image-40208\" width=\"364\" height=\"252\" srcset=\"https:\/\/jornalfatosenoticias.com.br\/wp-content\/uploads\/2023\/03\/logo-Panper_portal.jpg 400w, https:\/\/jornalfatosenoticias.com.br\/wp-content\/uploads\/2023\/03\/logo-Panper_portal-300x208.jpg 300w\" sizes=\"auto, (max-width: 364px) 100vw, 364px\" \/><\/a><\/figure><\/div>\n\n\n\n<p><strong><span class=\"has-inline-color has-black-color\">Inoper\u00e2ncia, lentid\u00e3o e a necessidade de rastreamento c\u00e9lere de fraudes<br><\/span><\/strong>Outro a lembrar que existem tecnologias que conversam entre si em uso pelo pr\u00f3prio governo \u00e9 o economista Rui S\u00e3o Pedro. Ele lembra do sistema integrado da pr\u00f3pria Receita Federal para fiscaliza\u00e7\u00e3o tribut\u00e1ria e cruzamento de dados fiscais. \u201cNeste caso espec\u00edfico \u00e0 &#8220;Lei do Bem&#8221;, parece que cada base trabalha ou recebe um dado para dificultar a fiscaliza\u00e7\u00e3o e o controle\u201d, refor\u00e7a. Para o economista, n\u00e3o se pode negligenciar nem negar a exist\u00eancia de fraudadores. Ele defende que esse grupo precisa ser rastreado e punido de forma r\u00e1pida e exemplar.<\/p>\n\n\n\n<div class=\"wp-block-image\"><figure class=\"aligncenter size-large\"><a href=\"https:\/\/cesconetto.com.br\/\"><img loading=\"lazy\" decoding=\"async\" width=\"300\" height=\"250\" src=\"https:\/\/jornalfatosenoticias.com.br\/wp-content\/uploads\/2022\/02\/Banner-2.png\" alt=\"\" class=\"wp-image-27877\"\/><\/a><\/figure><\/div>\n\n\n\n<blockquote class=\"wp-block-quote is-layout-flow wp-block-quote-is-layout-flow\"><p><span class=\"has-inline-color has-luminous-vivid-orange-color\">Mas as falhas estruturais governamentais atrapalham uma an\u00e1lise r\u00e1pida e apurada de quem est\u00e1 tentando ou fraudando o sistema. Se houvesse um banco \u00e1gil e fiel de dados compartilhados que funcionasse automaticamente, seria poss\u00edvel observar uma irregularidade sem esperar anos at\u00e9 que um servidor acesse o processo f\u00edsico para analisar, intimar a empresa para prestar esclarecimentos ou cortar benef\u00edcios. Pode ser tarde demais\u201d, destaca.<\/span><\/p><\/blockquote>\n\n\n\n<div class=\"wp-block-image\"><figure class=\"aligncenter size-large is-resized\"><a href=\"https:\/\/www.legisjuris.com.br\/\"><img loading=\"lazy\" decoding=\"async\" src=\"https:\/\/jornalfatosenoticias.com.br\/wp-content\/uploads\/2024\/09\/Legis-Juris-Consultoria_logo.jpg\" alt=\"\" class=\"wp-image-53915\" width=\"504\" height=\"211\" srcset=\"https:\/\/jornalfatosenoticias.com.br\/wp-content\/uploads\/2024\/09\/Legis-Juris-Consultoria_logo.jpg 969w, https:\/\/jornalfatosenoticias.com.br\/wp-content\/uploads\/2024\/09\/Legis-Juris-Consultoria_logo-300x126.jpg 300w, https:\/\/jornalfatosenoticias.com.br\/wp-content\/uploads\/2024\/09\/Legis-Juris-Consultoria_logo-768x322.jpg 768w\" sizes=\"auto, (max-width: 504px) 100vw, 504px\" \/><\/a><\/figure><\/div>\n\n\n\n<p>O analista Luan Ramalho avalia que o processo como est\u00e1 eleva as chances de fraudes constantes, perdas de or\u00e7amento p\u00fablico e impunidade. <\/p>\n\n\n\n<blockquote class=\"wp-block-quote is-layout-flow wp-block-quote-is-layout-flow\"><p><span class=\"has-inline-color has-luminous-vivid-orange-color\">Se um fraudador leva quatro, cinco anos para ser identificado ou nem \u00e9 identificado, esse \u00e9 um exemplo claro da inoper\u00e2ncia do Estado e que o crime compensa\u201d.<\/span><\/p><\/blockquote>\n\n\n\n<div class=\"wp-block-image\"><figure class=\"aligncenter size-large is-resized\"><a href=\"https:\/\/www.instagram.com\/rcradiadores\/\"><img loading=\"lazy\" decoding=\"async\" src=\"https:\/\/jornalfatosenoticias.com.br\/wp-content\/uploads\/2022\/10\/RC_800x750_page-0001.jpg\" alt=\"\" class=\"wp-image-35338\" width=\"333\" height=\"312\" srcset=\"https:\/\/jornalfatosenoticias.com.br\/wp-content\/uploads\/2022\/10\/RC_800x750_page-0001.jpg 400w, https:\/\/jornalfatosenoticias.com.br\/wp-content\/uploads\/2022\/10\/RC_800x750_page-0001-300x281.jpg 300w\" sizes=\"auto, (max-width: 333px) 100vw, 333px\" \/><\/a><\/figure><\/div>\n\n\n\n<p>Para o pesquisador Guilherme Neves, n\u00e3o \u00e9 razo\u00e1vel pensar que se demore, segundo apontou o TCU, at\u00e9 45 meses para analisar alguns processos. \u201cN\u00e3o se pode pensar em um ser humano [funcion\u00e1rio p\u00fablico] fazendo isso manualmente. Se usar uma ferramenta que cruza as informa\u00e7\u00f5es, inclusive para liberar ou reter valores dos incentivos para quem estiver com as etapas vencidas ou com falhas no processo, travaria o sistema para essa empresa automaticamente e evitaria danos\u201d, refor\u00e7a. \u201cO que se precisa \u00e9 que o governo adote mecanismos para aprimorar os controles, mas a\u00ed se estipula um prazo [pelo TCU] para as adequa\u00e7\u00f5es e depois se estende o prazo e tudo segue como est\u00e1\u201d, afirma.<\/p>\n\n\n\n<div class=\"wp-block-image\"><figure class=\"aligncenter size-large is-resized\"><a href=\"https:\/\/www.instagram.com\/ligadossaborespizzaria\/\"><img loading=\"lazy\" decoding=\"async\" src=\"https:\/\/jornalfatosenoticias.com.br\/wp-content\/uploads\/2024\/09\/WhatsApp-Image-2024-09-14-at-22.46.10-819x1024.jpeg\" alt=\"\" class=\"wp-image-54180\" width=\"277\" height=\"346\" srcset=\"https:\/\/jornalfatosenoticias.com.br\/wp-content\/uploads\/2024\/09\/WhatsApp-Image-2024-09-14-at-22.46.10-819x1024.jpeg 819w, https:\/\/jornalfatosenoticias.com.br\/wp-content\/uploads\/2024\/09\/WhatsApp-Image-2024-09-14-at-22.46.10-240x300.jpeg 240w, https:\/\/jornalfatosenoticias.com.br\/wp-content\/uploads\/2024\/09\/WhatsApp-Image-2024-09-14-at-22.46.10-768x960.jpeg 768w, https:\/\/jornalfatosenoticias.com.br\/wp-content\/uploads\/2024\/09\/WhatsApp-Image-2024-09-14-at-22.46.10.jpeg 1024w\" sizes=\"auto, (max-width: 277px) 100vw, 277px\" \/><\/a><\/figure><\/div>\n\n\n\n<p><strong><span class=\"has-inline-color has-black-color\">TCU diz que presta\u00e7\u00e3o de contas da &#8220;Lei do Bem&#8221; pode levar at\u00e9 um ano<br><\/span><\/strong>Na tentativa de evitar novas perdas e melhorar a fiscaliza\u00e7\u00e3o da &#8220;Lei do Bem&#8221;, o TCU recomendou que tanto o MCTI quanto a Receita Federal implementem um sistema automatizado de cruzamento de dados para identificar irregularidades. \u201cTodo esse processo \u00e9 relativamente simples e poderia ser bastante eficaz. O governo e as empresas ganham em transpar\u00eancia e n\u00e3o na inefici\u00eancia do Estado\u201d, afirma Luan Ramalho.<\/p>\n\n\n\n<div class=\"wp-block-image\"><figure class=\"aligncenter size-large is-resized\"><a href=\"https:\/\/www.ithbrasil.com.br\/\"><img loading=\"lazy\" decoding=\"async\" src=\"https:\/\/jornalfatosenoticias.com.br\/wp-content\/uploads\/2023\/08\/ITH.jpeg\" alt=\"\" class=\"wp-image-44638\" width=\"343\" height=\"278\" srcset=\"https:\/\/jornalfatosenoticias.com.br\/wp-content\/uploads\/2023\/08\/ITH.jpeg 800w, https:\/\/jornalfatosenoticias.com.br\/wp-content\/uploads\/2023\/08\/ITH-300x244.jpeg 300w, https:\/\/jornalfatosenoticias.com.br\/wp-content\/uploads\/2023\/08\/ITH-768x624.jpeg 768w\" sizes=\"auto, (max-width: 343px) 100vw, 343px\" \/><\/a><\/figure><\/div>\n\n\n\n<p>Diante do que se observou, o TCU determinou que o tempo de an\u00e1lise das presta\u00e7\u00f5es de contas seja reduzido para, no m\u00e1ximo, 12 meses. \u201cO que ainda \u00e9 elevado. Se o sistema fosse integrado e as informa\u00e7\u00f5es conversem entre si, seria quase instant\u00e2neo. Um bom sistema pode gerar alertas autom\u00e1ticos quando houver inconsist\u00eancias ou informa\u00e7\u00f5es que n\u00e3o convergem\u201d, segue Ramalho.<\/p>\n\n\n\n<div class=\"wp-block-image\"><figure class=\"aligncenter size-large is-resized\"><a href=\"https:\/\/www.controlsystems.com.br\/\"><img loading=\"lazy\" decoding=\"async\" src=\"https:\/\/jornalfatosenoticias.com.br\/wp-content\/uploads\/2020\/02\/CONTROL-CS.jpg\" alt=\"\" class=\"wp-image-44991\" width=\"311\" height=\"372\" srcset=\"https:\/\/jornalfatosenoticias.com.br\/wp-content\/uploads\/2020\/02\/CONTROL-CS.jpg 834w, https:\/\/jornalfatosenoticias.com.br\/wp-content\/uploads\/2020\/02\/CONTROL-CS-250x300.jpg 250w, https:\/\/jornalfatosenoticias.com.br\/wp-content\/uploads\/2020\/02\/CONTROL-CS-768x921.jpg 768w\" sizes=\"auto, (max-width: 311px) 100vw, 311px\" \/><\/a><\/figure><\/div>\n\n\n\n<p>Para o TCU, \u00e9 essencial que sejam adotadas rotinas de envio de informa\u00e7\u00f5es entre os \u00f3rg\u00e3os respons\u00e1veis pela fiscaliza\u00e7\u00e3o dos incentivos fiscais. O especialista lembra que a &#8220;Lei do Bem&#8221; \u00e9 um dos principais mecanismos de incentivo \u00e0 inova\u00e7\u00e3o no Brasil, mas sua efetividade est\u00e1 comprometida com as falhas na fiscaliza\u00e7\u00e3o, falta de monitoramento dos recursos concedidos e a demora de o governo rastrear irregularidades e punir respons\u00e1veis para reaver recursos. \u201cN\u00e3o por acaso, o TCU alerta que, sem a\u00e7\u00f5es corretivas urgentes, o governo federal pode enfrentar preju\u00edzos bilion\u00e1rios\u201d, alerta o analista.<\/p>\n\n\n\n<div class=\"wp-block-image\"><figure class=\"aligncenter size-large is-resized\"><a href=\"https:\/\/www.instagram.com\/vmais.midias\/\"><img loading=\"lazy\" decoding=\"async\" src=\"https:\/\/jornalfatosenoticias.com.br\/wp-content\/uploads\/2020\/02\/DE-MAIS-DESTAQUE-VMAIS-800X700.png\" alt=\"\" class=\"wp-image-53112\" width=\"317\" height=\"277\" srcset=\"https:\/\/jornalfatosenoticias.com.br\/wp-content\/uploads\/2020\/02\/DE-MAIS-DESTAQUE-VMAIS-800X700.png 800w, https:\/\/jornalfatosenoticias.com.br\/wp-content\/uploads\/2020\/02\/DE-MAIS-DESTAQUE-VMAIS-800X700-300x263.png 300w, https:\/\/jornalfatosenoticias.com.br\/wp-content\/uploads\/2020\/02\/DE-MAIS-DESTAQUE-VMAIS-800X700-768x672.png 768w\" sizes=\"auto, (max-width: 317px) 100vw, 317px\" \/><\/a><\/figure><\/div>\n\n\n\n<p>Segundo Ramalho, isso tamb\u00e9m revela uma inefici\u00eancia na pol\u00edtica de incentivo \u00e0 inova\u00e7\u00e3o. \u201cA falta de monitoramento e avalia\u00e7\u00e3o dos incentivos compromete a capacidade do governo de medir o real impacto da pol\u00edtica sobre pesquisa e desenvolvimento. Empresas podem continuar recebendo benef\u00edcios sem comprovar adequadamente os investimentos, o que prejudica a transpar\u00eancia e a equidade na concess\u00e3o dos incentivos\u201d, lembra.<\/p>\n\n\n\n<div class=\"wp-block-image\"><figure class=\"aligncenter size-large is-resized\"><a href=\"https:\/\/www.instagram.com\/serra4x4cambioautomatico\/\"><img loading=\"lazy\" decoding=\"async\" src=\"https:\/\/jornalfatosenoticias.com.br\/wp-content\/uploads\/2024\/08\/Serra-4x4-1-886x1024.jpg\" alt=\"\" class=\"wp-image-53632\" width=\"281\" height=\"325\" srcset=\"https:\/\/jornalfatosenoticias.com.br\/wp-content\/uploads\/2024\/08\/Serra-4x4-1-886x1024.jpg 886w, https:\/\/jornalfatosenoticias.com.br\/wp-content\/uploads\/2024\/08\/Serra-4x4-1-260x300.jpg 260w, https:\/\/jornalfatosenoticias.com.br\/wp-content\/uploads\/2024\/08\/Serra-4x4-1-768x888.jpg 768w, https:\/\/jornalfatosenoticias.com.br\/wp-content\/uploads\/2024\/08\/Serra-4x4-1.jpg 1181w\" sizes=\"auto, (max-width: 281px) 100vw, 281px\" \/><\/a><\/figure><\/div>\n\n\n\n<p>O TCU ainda pode recomendar san\u00e7\u00f5es administrativas aos gestores respons\u00e1veis pela fiscaliza\u00e7\u00e3o da &#8220;Lei do Bem&#8221; caso n\u00e3o sejam adotadas medidas corretivas e o governo pode ser cobrado a adotar mudan\u00e7as regulat\u00f3rias para evitar novos preju\u00edzos e melhorar o acompanhamento dos benef\u00edcios. <\/p>\n\n\n\n<div class=\"wp-block-image\"><figure class=\"aligncenter size-large is-resized\"><a href=\"https:\/\/www.instagram.com\/esteiochurrascaria\/\"><img loading=\"lazy\" decoding=\"async\" src=\"https:\/\/jornalfatosenoticias.com.br\/wp-content\/uploads\/2022\/02\/LOGO-ESTEIO-1024x730.png\" alt=\"\" class=\"wp-image-27942\" width=\"365\" height=\"260\" srcset=\"https:\/\/jornalfatosenoticias.com.br\/wp-content\/uploads\/2022\/02\/LOGO-ESTEIO-1024x730.png 1024w, https:\/\/jornalfatosenoticias.com.br\/wp-content\/uploads\/2022\/02\/LOGO-ESTEIO-300x214.png 300w, https:\/\/jornalfatosenoticias.com.br\/wp-content\/uploads\/2022\/02\/LOGO-ESTEIO-768x548.png 768w, https:\/\/jornalfatosenoticias.com.br\/wp-content\/uploads\/2022\/02\/LOGO-ESTEIO.png 1123w\" sizes=\"auto, (max-width: 365px) 100vw, 365px\" \/><\/a><\/figure><\/div>\n\n\n\n<blockquote class=\"wp-block-quote is-layout-flow wp-block-quote-is-layout-flow\"><p><span class=\"has-inline-color has-luminous-vivid-orange-color\">As falhas na &#8220;Lei do Bem&#8221; podem gerar mais desconfian\u00e7a sobre outras pol\u00edticas de incentivos fiscais, afetando a rela\u00e7\u00e3o do governo com o setor empresarial e a opini\u00e3o p\u00fablica\u201d, completa o analista.<\/span><\/p><\/blockquote>\n\n\n\n<div class=\"wp-block-image\"><figure class=\"aligncenter size-large\"><a href=\"https:\/\/www.facebook.com\/vetor.vix\/\"><img loading=\"lazy\" decoding=\"async\" width=\"1024\" height=\"273\" src=\"https:\/\/jornalfatosenoticias.com.br\/wp-content\/uploads\/2023\/09\/vetorvix1024_1.jpg\" alt=\"\" class=\"wp-image-44868\" srcset=\"https:\/\/jornalfatosenoticias.com.br\/wp-content\/uploads\/2023\/09\/vetorvix1024_1.jpg 1024w, https:\/\/jornalfatosenoticias.com.br\/wp-content\/uploads\/2023\/09\/vetorvix1024_1-300x80.jpg 300w, https:\/\/jornalfatosenoticias.com.br\/wp-content\/uploads\/2023\/09\/vetorvix1024_1-768x205.jpg 768w\" sizes=\"auto, (max-width: 1024px) 100vw, 1024px\" \/><\/a><\/figure><\/div>\n\n\n\n<p><strong><em>Fonte: <a href=\"https:\/\/www.gazetadopovo.com.br\/republica\/tcu-aponta-que-governo-nao-monitora-incentivos-fiscais-bilionarios-em-tecnologia-a-empresas\/\">Gazeta do Povo<\/a><\/em><\/strong><\/p>\n","protected":false},"excerpt":{"rendered":"<p>Para tribunal, h\u00e1 falhas graves em monitorar benef\u00edcios da Lei do Bem o que pode representar rombo bilion\u00e1rio aos cofres p\u00fablicos Por Juliet Manfrin Regulamentada no primeiro governo de Luiz In\u00e1cio Lula da Silva (PT), em 2006, a Lei 1196\/2005, conhecida como a &#8220;Lei do Bem&#8221;, est\u00e1 na mira do Tribunal de Contas de Uni\u00e3o [&hellip;]<\/p>\n","protected":false},"author":2,"featured_media":57629,"comment_status":"open","ping_status":"open","sticky":false,"template":"","format":"standard","meta":{"footnotes":""},"categories":[5],"tags":[2129,860,8257,280,911,946,7580,1404,7769,198,23656],"class_list":["post-57628","post","type-post","status-publish","format-standard","has-post-thumbnail","hentry","category-geral","tag-corrupcao","tag-governo-federal","tag-impostos","tag-industria","tag-inovacao","tag-investimentos","tag-lula","tag-receita-federal","tag-tcu","tag-tecnologia","tag-tribunal-de-contas-da-uniao"],"yoast_head":"<!-- This site is optimized with the Yoast SEO plugin v26.5 - https:\/\/yoast.com\/wordpress\/plugins\/seo\/ -->\n<title>TCU aponta que governo n\u00e3o monitora incentivos fiscais bilion\u00e1rios em tecnologia a empresas - Jornal Fatos e Not\u00edcias<\/title>\n<meta name=\"robots\" content=\"index, follow, max-snippet:-1, max-image-preview:large, max-video-preview:-1\" \/>\n<link rel=\"canonical\" href=\"https:\/\/jornalfatosenoticias.com.br\/index.php\/2025\/03\/11\/tcu-aponta-que-governo-nao-monitora-incentivos-fiscais-bilionarios-em-tecnologia-a-empresas\/\" \/>\n<meta property=\"og:locale\" content=\"pt_BR\" \/>\n<meta property=\"og:type\" content=\"article\" \/>\n<meta property=\"og:title\" content=\"TCU aponta que governo n\u00e3o monitora incentivos fiscais bilion\u00e1rios em tecnologia a empresas - Jornal Fatos e Not\u00edcias\" \/>\n<meta property=\"og:description\" content=\"Para tribunal, h\u00e1 falhas graves em monitorar benef\u00edcios da Lei do Bem o que pode representar rombo bilion\u00e1rio aos cofres p\u00fablicos Por Juliet Manfrin Regulamentada no primeiro governo de Luiz In\u00e1cio Lula da Silva (PT), em 2006, a Lei 1196\/2005, conhecida como a &#8220;Lei do Bem&#8221;, est\u00e1 na mira do Tribunal de Contas de Uni\u00e3o [&hellip;]\" \/>\n<meta property=\"og:url\" content=\"https:\/\/jornalfatosenoticias.com.br\/index.php\/2025\/03\/11\/tcu-aponta-que-governo-nao-monitora-incentivos-fiscais-bilionarios-em-tecnologia-a-empresas\/\" \/>\n<meta property=\"og:site_name\" content=\"Jornal Fatos e Not\u00edcias\" \/>\n<meta property=\"article:published_time\" content=\"2025-03-11T15:41:14+00:00\" \/>\n<meta property=\"article:modified_time\" content=\"2025-03-11T15:41:15+00:00\" \/>\n<meta property=\"og:image\" content=\"https:\/\/jornalfatosenoticias.com.br\/wp-content\/uploads\/2025\/03\/tcu-fachada-foto-leopoldo-silva-agencia-senado.jpg\" \/>\n\t<meta property=\"og:image:width\" content=\"1000\" \/>\n\t<meta property=\"og:image:height\" content=\"561\" \/>\n\t<meta property=\"og:image:type\" content=\"image\/jpeg\" \/>\n<meta name=\"author\" content=\"Luzimara Fernandes\" \/>\n<meta name=\"twitter:card\" content=\"summary_large_image\" \/>\n<meta name=\"twitter:label1\" content=\"Escrito por\" \/>\n\t<meta name=\"twitter:data1\" content=\"Luzimara Fernandes\" \/>\n\t<meta name=\"twitter:label2\" content=\"Est. tempo de leitura\" \/>\n\t<meta name=\"twitter:data2\" content=\"13 minutos\" \/>\n<script type=\"application\/ld+json\" class=\"yoast-schema-graph\">{\"@context\":\"https:\/\/schema.org\",\"@graph\":[{\"@type\":\"Article\",\"@id\":\"https:\/\/jornalfatosenoticias.com.br\/index.php\/2025\/03\/11\/tcu-aponta-que-governo-nao-monitora-incentivos-fiscais-bilionarios-em-tecnologia-a-empresas\/#article\",\"isPartOf\":{\"@id\":\"https:\/\/jornalfatosenoticias.com.br\/index.php\/2025\/03\/11\/tcu-aponta-que-governo-nao-monitora-incentivos-fiscais-bilionarios-em-tecnologia-a-empresas\/\"},\"author\":{\"name\":\"Luzimara Fernandes\",\"@id\":\"https:\/\/jornalfatosenoticias.com.br\/#\/schema\/person\/d63837fa13ac8666eb9e74e0985d6f81\"},\"headline\":\"TCU aponta que governo n\u00e3o monitora incentivos fiscais bilion\u00e1rios em tecnologia a empresas\",\"datePublished\":\"2025-03-11T15:41:14+00:00\",\"dateModified\":\"2025-03-11T15:41:15+00:00\",\"mainEntityOfPage\":{\"@id\":\"https:\/\/jornalfatosenoticias.com.br\/index.php\/2025\/03\/11\/tcu-aponta-que-governo-nao-monitora-incentivos-fiscais-bilionarios-em-tecnologia-a-empresas\/\"},\"wordCount\":2602,\"commentCount\":0,\"publisher\":{\"@id\":\"https:\/\/jornalfatosenoticias.com.br\/#organization\"},\"image\":{\"@id\":\"https:\/\/jornalfatosenoticias.com.br\/index.php\/2025\/03\/11\/tcu-aponta-que-governo-nao-monitora-incentivos-fiscais-bilionarios-em-tecnologia-a-empresas\/#primaryimage\"},\"thumbnailUrl\":\"https:\/\/jornalfatosenoticias.com.br\/wp-content\/uploads\/2025\/03\/tcu-fachada-foto-leopoldo-silva-agencia-senado.jpg\",\"keywords\":[\"corrup\u00e7\u00e3o\",\"governo federal\",\"impostos\",\"ind\u00fastria\",\"inova\u00e7\u00e3o\",\"investimentos\",\"Lula\",\"Receita Federal\",\"TCU\",\"tecnologia\",\"Tribunal de Contas da Uni\u00e3o\"],\"articleSection\":[\"Geral\"],\"inLanguage\":\"pt-BR\",\"potentialAction\":[{\"@type\":\"CommentAction\",\"name\":\"Comment\",\"target\":[\"https:\/\/jornalfatosenoticias.com.br\/index.php\/2025\/03\/11\/tcu-aponta-que-governo-nao-monitora-incentivos-fiscais-bilionarios-em-tecnologia-a-empresas\/#respond\"]}]},{\"@type\":\"WebPage\",\"@id\":\"https:\/\/jornalfatosenoticias.com.br\/index.php\/2025\/03\/11\/tcu-aponta-que-governo-nao-monitora-incentivos-fiscais-bilionarios-em-tecnologia-a-empresas\/\",\"url\":\"https:\/\/jornalfatosenoticias.com.br\/index.php\/2025\/03\/11\/tcu-aponta-que-governo-nao-monitora-incentivos-fiscais-bilionarios-em-tecnologia-a-empresas\/\",\"name\":\"TCU aponta que governo n\u00e3o monitora incentivos fiscais bilion\u00e1rios em tecnologia a empresas - Jornal Fatos e Not\u00edcias\",\"isPartOf\":{\"@id\":\"https:\/\/jornalfatosenoticias.com.br\/#website\"},\"primaryImageOfPage\":{\"@id\":\"https:\/\/jornalfatosenoticias.com.br\/index.php\/2025\/03\/11\/tcu-aponta-que-governo-nao-monitora-incentivos-fiscais-bilionarios-em-tecnologia-a-empresas\/#primaryimage\"},\"image\":{\"@id\":\"https:\/\/jornalfatosenoticias.com.br\/index.php\/2025\/03\/11\/tcu-aponta-que-governo-nao-monitora-incentivos-fiscais-bilionarios-em-tecnologia-a-empresas\/#primaryimage\"},\"thumbnailUrl\":\"https:\/\/jornalfatosenoticias.com.br\/wp-content\/uploads\/2025\/03\/tcu-fachada-foto-leopoldo-silva-agencia-senado.jpg\",\"datePublished\":\"2025-03-11T15:41:14+00:00\",\"dateModified\":\"2025-03-11T15:41:15+00:00\",\"breadcrumb\":{\"@id\":\"https:\/\/jornalfatosenoticias.com.br\/index.php\/2025\/03\/11\/tcu-aponta-que-governo-nao-monitora-incentivos-fiscais-bilionarios-em-tecnologia-a-empresas\/#breadcrumb\"},\"inLanguage\":\"pt-BR\",\"potentialAction\":[{\"@type\":\"ReadAction\",\"target\":[\"https:\/\/jornalfatosenoticias.com.br\/index.php\/2025\/03\/11\/tcu-aponta-que-governo-nao-monitora-incentivos-fiscais-bilionarios-em-tecnologia-a-empresas\/\"]}]},{\"@type\":\"ImageObject\",\"inLanguage\":\"pt-BR\",\"@id\":\"https:\/\/jornalfatosenoticias.com.br\/index.php\/2025\/03\/11\/tcu-aponta-que-governo-nao-monitora-incentivos-fiscais-bilionarios-em-tecnologia-a-empresas\/#primaryimage\",\"url\":\"https:\/\/jornalfatosenoticias.com.br\/wp-content\/uploads\/2025\/03\/tcu-fachada-foto-leopoldo-silva-agencia-senado.jpg\",\"contentUrl\":\"https:\/\/jornalfatosenoticias.com.br\/wp-content\/uploads\/2025\/03\/tcu-fachada-foto-leopoldo-silva-agencia-senado.jpg\",\"width\":1000,\"height\":561},{\"@type\":\"BreadcrumbList\",\"@id\":\"https:\/\/jornalfatosenoticias.com.br\/index.php\/2025\/03\/11\/tcu-aponta-que-governo-nao-monitora-incentivos-fiscais-bilionarios-em-tecnologia-a-empresas\/#breadcrumb\",\"itemListElement\":[{\"@type\":\"ListItem\",\"position\":1,\"name\":\"In\u00edcio\",\"item\":\"https:\/\/jornalfatosenoticias.com.br\/\"},{\"@type\":\"ListItem\",\"position\":2,\"name\":\"TCU aponta que governo n\u00e3o monitora incentivos fiscais bilion\u00e1rios em tecnologia a empresas\"}]},{\"@type\":\"WebSite\",\"@id\":\"https:\/\/jornalfatosenoticias.com.br\/#website\",\"url\":\"https:\/\/jornalfatosenoticias.com.br\/\",\"name\":\"Jornal Fatos e Not\u00edcias\",\"description\":\"Not\u00edcias em geral\",\"publisher\":{\"@id\":\"https:\/\/jornalfatosenoticias.com.br\/#organization\"},\"potentialAction\":[{\"@type\":\"SearchAction\",\"target\":{\"@type\":\"EntryPoint\",\"urlTemplate\":\"https:\/\/jornalfatosenoticias.com.br\/?s={search_term_string}\"},\"query-input\":{\"@type\":\"PropertyValueSpecification\",\"valueRequired\":true,\"valueName\":\"search_term_string\"}}],\"inLanguage\":\"pt-BR\"},{\"@type\":\"Organization\",\"@id\":\"https:\/\/jornalfatosenoticias.com.br\/#organization\",\"name\":\"Jornal Fatos e Not\u00edcias\",\"url\":\"https:\/\/jornalfatosenoticias.com.br\/\",\"logo\":{\"@type\":\"ImageObject\",\"inLanguage\":\"pt-BR\",\"@id\":\"https:\/\/jornalfatosenoticias.com.br\/#\/schema\/logo\/image\/\",\"url\":\"https:\/\/jornalfatosenoticias.com.br\/wp-content\/uploads\/2020\/02\/logo120.png\",\"contentUrl\":\"https:\/\/jornalfatosenoticias.com.br\/wp-content\/uploads\/2020\/02\/logo120.png\",\"width\":1227,\"height\":120,\"caption\":\"Jornal Fatos e Not\u00edcias\"},\"image\":{\"@id\":\"https:\/\/jornalfatosenoticias.com.br\/#\/schema\/logo\/image\/\"}},{\"@type\":\"Person\",\"@id\":\"https:\/\/jornalfatosenoticias.com.br\/#\/schema\/person\/d63837fa13ac8666eb9e74e0985d6f81\",\"name\":\"Luzimara Fernandes\",\"image\":{\"@type\":\"ImageObject\",\"inLanguage\":\"pt-BR\",\"@id\":\"https:\/\/jornalfatosenoticias.com.br\/#\/schema\/person\/image\/\",\"url\":\"https:\/\/jornalfatosenoticias.com.br\/wp-content\/uploads\/2025\/05\/EU_portal.jpg\",\"contentUrl\":\"https:\/\/jornalfatosenoticias.com.br\/wp-content\/uploads\/2025\/05\/EU_portal.jpg\",\"caption\":\"Luzimara Fernandes\"},\"description\":\"Jornalista MTB 2358-ES\",\"sameAs\":[\"https:\/\/jornalfatosenoticias.com.br\"],\"url\":\"https:\/\/jornalfatosenoticias.com.br\/index.php\/author\/luzimara\/\"}]}<\/script>\n<!-- \/ Yoast SEO plugin. -->","yoast_head_json":{"title":"TCU aponta que governo n\u00e3o monitora incentivos fiscais bilion\u00e1rios em tecnologia a empresas - Jornal Fatos e Not\u00edcias","robots":{"index":"index","follow":"follow","max-snippet":"max-snippet:-1","max-image-preview":"max-image-preview:large","max-video-preview":"max-video-preview:-1"},"canonical":"https:\/\/jornalfatosenoticias.com.br\/index.php\/2025\/03\/11\/tcu-aponta-que-governo-nao-monitora-incentivos-fiscais-bilionarios-em-tecnologia-a-empresas\/","og_locale":"pt_BR","og_type":"article","og_title":"TCU aponta que governo n\u00e3o monitora incentivos fiscais bilion\u00e1rios em tecnologia a empresas - Jornal Fatos e Not\u00edcias","og_description":"Para tribunal, h\u00e1 falhas graves em monitorar benef\u00edcios da Lei do Bem o que pode representar rombo bilion\u00e1rio aos cofres p\u00fablicos Por Juliet Manfrin Regulamentada no primeiro governo de Luiz In\u00e1cio Lula da Silva (PT), em 2006, a Lei 1196\/2005, conhecida como a &#8220;Lei do Bem&#8221;, est\u00e1 na mira do Tribunal de Contas de Uni\u00e3o [&hellip;]","og_url":"https:\/\/jornalfatosenoticias.com.br\/index.php\/2025\/03\/11\/tcu-aponta-que-governo-nao-monitora-incentivos-fiscais-bilionarios-em-tecnologia-a-empresas\/","og_site_name":"Jornal Fatos e Not\u00edcias","article_published_time":"2025-03-11T15:41:14+00:00","article_modified_time":"2025-03-11T15:41:15+00:00","og_image":[{"width":1000,"height":561,"url":"https:\/\/jornalfatosenoticias.com.br\/wp-content\/uploads\/2025\/03\/tcu-fachada-foto-leopoldo-silva-agencia-senado.jpg","type":"image\/jpeg"}],"author":"Luzimara Fernandes","twitter_card":"summary_large_image","twitter_misc":{"Escrito por":"Luzimara Fernandes","Est. tempo de leitura":"13 minutos"},"schema":{"@context":"https:\/\/schema.org","@graph":[{"@type":"Article","@id":"https:\/\/jornalfatosenoticias.com.br\/index.php\/2025\/03\/11\/tcu-aponta-que-governo-nao-monitora-incentivos-fiscais-bilionarios-em-tecnologia-a-empresas\/#article","isPartOf":{"@id":"https:\/\/jornalfatosenoticias.com.br\/index.php\/2025\/03\/11\/tcu-aponta-que-governo-nao-monitora-incentivos-fiscais-bilionarios-em-tecnologia-a-empresas\/"},"author":{"name":"Luzimara Fernandes","@id":"https:\/\/jornalfatosenoticias.com.br\/#\/schema\/person\/d63837fa13ac8666eb9e74e0985d6f81"},"headline":"TCU aponta que governo n\u00e3o monitora incentivos fiscais bilion\u00e1rios em tecnologia a empresas","datePublished":"2025-03-11T15:41:14+00:00","dateModified":"2025-03-11T15:41:15+00:00","mainEntityOfPage":{"@id":"https:\/\/jornalfatosenoticias.com.br\/index.php\/2025\/03\/11\/tcu-aponta-que-governo-nao-monitora-incentivos-fiscais-bilionarios-em-tecnologia-a-empresas\/"},"wordCount":2602,"commentCount":0,"publisher":{"@id":"https:\/\/jornalfatosenoticias.com.br\/#organization"},"image":{"@id":"https:\/\/jornalfatosenoticias.com.br\/index.php\/2025\/03\/11\/tcu-aponta-que-governo-nao-monitora-incentivos-fiscais-bilionarios-em-tecnologia-a-empresas\/#primaryimage"},"thumbnailUrl":"https:\/\/jornalfatosenoticias.com.br\/wp-content\/uploads\/2025\/03\/tcu-fachada-foto-leopoldo-silva-agencia-senado.jpg","keywords":["corrup\u00e7\u00e3o","governo federal","impostos","ind\u00fastria","inova\u00e7\u00e3o","investimentos","Lula","Receita Federal","TCU","tecnologia","Tribunal de Contas da Uni\u00e3o"],"articleSection":["Geral"],"inLanguage":"pt-BR","potentialAction":[{"@type":"CommentAction","name":"Comment","target":["https:\/\/jornalfatosenoticias.com.br\/index.php\/2025\/03\/11\/tcu-aponta-que-governo-nao-monitora-incentivos-fiscais-bilionarios-em-tecnologia-a-empresas\/#respond"]}]},{"@type":"WebPage","@id":"https:\/\/jornalfatosenoticias.com.br\/index.php\/2025\/03\/11\/tcu-aponta-que-governo-nao-monitora-incentivos-fiscais-bilionarios-em-tecnologia-a-empresas\/","url":"https:\/\/jornalfatosenoticias.com.br\/index.php\/2025\/03\/11\/tcu-aponta-que-governo-nao-monitora-incentivos-fiscais-bilionarios-em-tecnologia-a-empresas\/","name":"TCU aponta que governo n\u00e3o monitora incentivos fiscais bilion\u00e1rios em tecnologia a empresas - Jornal Fatos e Not\u00edcias","isPartOf":{"@id":"https:\/\/jornalfatosenoticias.com.br\/#website"},"primaryImageOfPage":{"@id":"https:\/\/jornalfatosenoticias.com.br\/index.php\/2025\/03\/11\/tcu-aponta-que-governo-nao-monitora-incentivos-fiscais-bilionarios-em-tecnologia-a-empresas\/#primaryimage"},"image":{"@id":"https:\/\/jornalfatosenoticias.com.br\/index.php\/2025\/03\/11\/tcu-aponta-que-governo-nao-monitora-incentivos-fiscais-bilionarios-em-tecnologia-a-empresas\/#primaryimage"},"thumbnailUrl":"https:\/\/jornalfatosenoticias.com.br\/wp-content\/uploads\/2025\/03\/tcu-fachada-foto-leopoldo-silva-agencia-senado.jpg","datePublished":"2025-03-11T15:41:14+00:00","dateModified":"2025-03-11T15:41:15+00:00","breadcrumb":{"@id":"https:\/\/jornalfatosenoticias.com.br\/index.php\/2025\/03\/11\/tcu-aponta-que-governo-nao-monitora-incentivos-fiscais-bilionarios-em-tecnologia-a-empresas\/#breadcrumb"},"inLanguage":"pt-BR","potentialAction":[{"@type":"ReadAction","target":["https:\/\/jornalfatosenoticias.com.br\/index.php\/2025\/03\/11\/tcu-aponta-que-governo-nao-monitora-incentivos-fiscais-bilionarios-em-tecnologia-a-empresas\/"]}]},{"@type":"ImageObject","inLanguage":"pt-BR","@id":"https:\/\/jornalfatosenoticias.com.br\/index.php\/2025\/03\/11\/tcu-aponta-que-governo-nao-monitora-incentivos-fiscais-bilionarios-em-tecnologia-a-empresas\/#primaryimage","url":"https:\/\/jornalfatosenoticias.com.br\/wp-content\/uploads\/2025\/03\/tcu-fachada-foto-leopoldo-silva-agencia-senado.jpg","contentUrl":"https:\/\/jornalfatosenoticias.com.br\/wp-content\/uploads\/2025\/03\/tcu-fachada-foto-leopoldo-silva-agencia-senado.jpg","width":1000,"height":561},{"@type":"BreadcrumbList","@id":"https:\/\/jornalfatosenoticias.com.br\/index.php\/2025\/03\/11\/tcu-aponta-que-governo-nao-monitora-incentivos-fiscais-bilionarios-em-tecnologia-a-empresas\/#breadcrumb","itemListElement":[{"@type":"ListItem","position":1,"name":"In\u00edcio","item":"https:\/\/jornalfatosenoticias.com.br\/"},{"@type":"ListItem","position":2,"name":"TCU aponta que governo n\u00e3o monitora incentivos fiscais bilion\u00e1rios em tecnologia a empresas"}]},{"@type":"WebSite","@id":"https:\/\/jornalfatosenoticias.com.br\/#website","url":"https:\/\/jornalfatosenoticias.com.br\/","name":"Jornal Fatos e Not\u00edcias","description":"Not\u00edcias em geral","publisher":{"@id":"https:\/\/jornalfatosenoticias.com.br\/#organization"},"potentialAction":[{"@type":"SearchAction","target":{"@type":"EntryPoint","urlTemplate":"https:\/\/jornalfatosenoticias.com.br\/?s={search_term_string}"},"query-input":{"@type":"PropertyValueSpecification","valueRequired":true,"valueName":"search_term_string"}}],"inLanguage":"pt-BR"},{"@type":"Organization","@id":"https:\/\/jornalfatosenoticias.com.br\/#organization","name":"Jornal Fatos e Not\u00edcias","url":"https:\/\/jornalfatosenoticias.com.br\/","logo":{"@type":"ImageObject","inLanguage":"pt-BR","@id":"https:\/\/jornalfatosenoticias.com.br\/#\/schema\/logo\/image\/","url":"https:\/\/jornalfatosenoticias.com.br\/wp-content\/uploads\/2020\/02\/logo120.png","contentUrl":"https:\/\/jornalfatosenoticias.com.br\/wp-content\/uploads\/2020\/02\/logo120.png","width":1227,"height":120,"caption":"Jornal Fatos e Not\u00edcias"},"image":{"@id":"https:\/\/jornalfatosenoticias.com.br\/#\/schema\/logo\/image\/"}},{"@type":"Person","@id":"https:\/\/jornalfatosenoticias.com.br\/#\/schema\/person\/d63837fa13ac8666eb9e74e0985d6f81","name":"Luzimara Fernandes","image":{"@type":"ImageObject","inLanguage":"pt-BR","@id":"https:\/\/jornalfatosenoticias.com.br\/#\/schema\/person\/image\/","url":"https:\/\/jornalfatosenoticias.com.br\/wp-content\/uploads\/2025\/05\/EU_portal.jpg","contentUrl":"https:\/\/jornalfatosenoticias.com.br\/wp-content\/uploads\/2025\/05\/EU_portal.jpg","caption":"Luzimara Fernandes"},"description":"Jornalista MTB 2358-ES","sameAs":["https:\/\/jornalfatosenoticias.com.br"],"url":"https:\/\/jornalfatosenoticias.com.br\/index.php\/author\/luzimara\/"}]}},"cc_featured_image_caption":{"caption_text":"","source_text":"","source_url":""},"jetpack_featured_media_url":"https:\/\/jornalfatosenoticias.com.br\/wp-content\/uploads\/2025\/03\/tcu-fachada-foto-leopoldo-silva-agencia-senado.jpg","_links":{"self":[{"href":"https:\/\/jornalfatosenoticias.com.br\/index.php\/wp-json\/wp\/v2\/posts\/57628","targetHints":{"allow":["GET"]}}],"collection":[{"href":"https:\/\/jornalfatosenoticias.com.br\/index.php\/wp-json\/wp\/v2\/posts"}],"about":[{"href":"https:\/\/jornalfatosenoticias.com.br\/index.php\/wp-json\/wp\/v2\/types\/post"}],"author":[{"embeddable":true,"href":"https:\/\/jornalfatosenoticias.com.br\/index.php\/wp-json\/wp\/v2\/users\/2"}],"replies":[{"embeddable":true,"href":"https:\/\/jornalfatosenoticias.com.br\/index.php\/wp-json\/wp\/v2\/comments?post=57628"}],"version-history":[{"count":0,"href":"https:\/\/jornalfatosenoticias.com.br\/index.php\/wp-json\/wp\/v2\/posts\/57628\/revisions"}],"wp:featuredmedia":[{"embeddable":true,"href":"https:\/\/jornalfatosenoticias.com.br\/index.php\/wp-json\/wp\/v2\/media\/57629"}],"wp:attachment":[{"href":"https:\/\/jornalfatosenoticias.com.br\/index.php\/wp-json\/wp\/v2\/media?parent=57628"}],"wp:term":[{"taxonomy":"category","embeddable":true,"href":"https:\/\/jornalfatosenoticias.com.br\/index.php\/wp-json\/wp\/v2\/categories?post=57628"},{"taxonomy":"post_tag","embeddable":true,"href":"https:\/\/jornalfatosenoticias.com.br\/index.php\/wp-json\/wp\/v2\/tags?post=57628"}],"curies":[{"name":"wp","href":"https:\/\/api.w.org\/{rel}","templated":true}]}}