{"id":5764,"date":"2020-06-22T15:58:15","date_gmt":"2020-06-22T18:58:15","guid":{"rendered":"https:\/\/jornalfatosenoticias.com.br\/?p=5764"},"modified":"2020-06-22T15:58:19","modified_gmt":"2020-06-22T18:58:19","slug":"vidigal-quer-aperfeicoar-mp-que-libera-r-20-bilhoes-para-credito-a-pequenas-e-medias-empresas","status":"publish","type":"post","link":"https:\/\/jornalfatosenoticias.com.br\/index.php\/2020\/06\/22\/vidigal-quer-aperfeicoar-mp-que-libera-r-20-bilhoes-para-credito-a-pequenas-e-medias-empresas\/","title":{"rendered":"Vidigal quer aperfei\u00e7oar MP que libera R$ 20 bilh\u00f5es para cr\u00e9dito a pequenas e m\u00e9dias empresas"},"content":{"rendered":"\n<p>Duas emendas do deputado federal S\u00e9rgio Vidigal (PDT-ES) visam aprimorar a Medida Provis\u00f3ria (MP) 975\/2020, que libera R$ 20 bilh\u00f5es para cr\u00e9dito a pequenas e m\u00e9dias empresas.<br>A proposta de S\u00e9rgio Vidigal \u00e9 para que esses empreendimentos tenham ainda mais facilidades para acesso ao cr\u00e9dito financeiro, que \u00e9 importante para sua recupera\u00e7\u00e3o.<br>\u201c\u00c9 necess\u00e1rio que se construam programas n\u00e3o apenas com est\u00edmulos \u00e0s empresas, mas, tamb\u00e9m, com garantias da preserva\u00e7\u00e3o do emprego\u201d, comentou Vidigal.<\/p>\n\n\n\n<h4 class=\"wp-block-heading\">Mais facilidades<\/h4>\n\n\n\n<p>Uma das emendas determina que as empresas que contratarem as linhas de cr\u00e9dito no \u00e2mbito do Programa Emergencial de Acesso a Cr\u00e9dito dever\u00e3o preservar o quantitativo de empregados.<br>A medida ser\u00e1 em n\u00famero igual ou superior ao verificado em 3 de fevereiro de 2020, durante o per\u00edodo compreendido entre a data da contrata\u00e7\u00e3o da linha de cr\u00e9dito e o sexag\u00e9simo dia ap\u00f3s o recebimento da \u00faltima parcela da linha de cr\u00e9dito.<br>De acordo com o deputado, a falta de contrapartida poder\u00e1 resultar apenas na preserva\u00e7\u00e3o dos rendimentos dos s\u00f3cios e acionistas das empresas, algo que n\u00e3o se est\u00e1 em harmonia com os objetivos que se busca alcan\u00e7ar.<br>\u201cO nosso objetivo \u00e9 resguardar nossos trabalhadores nesse momento t\u00e3o dif\u00edcil. Os valores sociais do trabalho s\u00e3o um dos fundamentos previstos em lei, especialmente em momentos de grave crise econ\u00f4mica, como este que estamos vivendo\u201d, disse.<br>Outra proposta visa incluir no programa uma car\u00eancia de seis meses para o in\u00edcio do pagamento dos empr\u00e9stimos, estabelecendo um prazo m\u00ednimo de sessenta meses, ap\u00f3s o t\u00e9rmino da car\u00eancia, para o pagamento total.<br>\u201cA recupera\u00e7\u00e3o econ\u00f4mica das empresas mais afetadas pela crise se dar\u00e1 de forma lenta e gradual. Assim, \u00e9 necess\u00e1rio que est\u00edmulo oferecido pelo governo federal n\u00e3o se restrinja apenas ao valor do cr\u00e9dito oferecido, mas abranja, tamb\u00e9m, condi\u00e7\u00f5es facilitadas de pagamento, com prazos alongados e uma car\u00eancia inicial\u201d, ponderou.<\/p>\n\n\n\n<p><strong><em>Fonte: <a href=\"https:\/\/www.sergiovidigal.com.br\/vidigal-fez\/\">Site do parlamentar<\/a><\/em><\/strong><\/p>\n","protected":false},"excerpt":{"rendered":"<p>Duas emendas do deputado federal S\u00e9rgio Vidigal (PDT-ES) visam aprimorar a Medida Provis\u00f3ria (MP) 975\/2020, que libera R$ 20 bilh\u00f5es para cr\u00e9dito a pequenas e m\u00e9dias empresas.A proposta de S\u00e9rgio Vidigal \u00e9 para que esses empreendimentos tenham ainda mais facilidades para acesso ao cr\u00e9dito financeiro, que \u00e9 importante para sua recupera\u00e7\u00e3o.\u201c\u00c9 necess\u00e1rio que se construam [&hellip;]<\/p>\n","protected":false},"author":2,"featured_media":5765,"comment_status":"open","ping_status":"open","sticky":false,"template":"","format":"standard","meta":{"footnotes":""},"categories":[10],"tags":[1543,3457,3458,3459,909],"class_list":["post-5764","post","type-post","status-publish","format-standard","has-post-thumbnail","hentry","category-politica","tag-credito","tag-emendas","tag-pequenas-e-medias-empresas","tag-recuperacao","tag-sergio-vidigal"],"yoast_head":"<!-- This site is optimized with the Yoast SEO plugin v26.5 - https:\/\/yoast.com\/wordpress\/plugins\/seo\/ -->\n<title>Vidigal quer aperfei\u00e7oar MP que libera R$ 20 bilh\u00f5es para cr\u00e9dito a pequenas e m\u00e9dias empresas - Jornal Fatos e Not\u00edcias<\/title>\n<meta name=\"robots\" content=\"index, follow, max-snippet:-1, max-image-preview:large, max-video-preview:-1\" \/>\n<link rel=\"canonical\" href=\"https:\/\/jornalfatosenoticias.com.br\/index.php\/2020\/06\/22\/vidigal-quer-aperfeicoar-mp-que-libera-r-20-bilhoes-para-credito-a-pequenas-e-medias-empresas\/\" \/>\n<meta property=\"og:locale\" content=\"pt_BR\" \/>\n<meta property=\"og:type\" content=\"article\" \/>\n<meta property=\"og:title\" content=\"Vidigal quer aperfei\u00e7oar MP que libera R$ 20 bilh\u00f5es para cr\u00e9dito a pequenas e m\u00e9dias empresas - Jornal Fatos e Not\u00edcias\" \/>\n<meta property=\"og:description\" content=\"Duas emendas do deputado federal S\u00e9rgio Vidigal (PDT-ES) visam aprimorar a Medida Provis\u00f3ria (MP) 975\/2020, que libera R$ 20 bilh\u00f5es para cr\u00e9dito a pequenas e m\u00e9dias empresas.A proposta de S\u00e9rgio Vidigal \u00e9 para que esses empreendimentos tenham ainda mais facilidades para acesso ao cr\u00e9dito financeiro, que \u00e9 importante para sua recupera\u00e7\u00e3o.\u201c\u00c9 necess\u00e1rio que se construam [&hellip;]\" \/>\n<meta property=\"og:url\" content=\"https:\/\/jornalfatosenoticias.com.br\/index.php\/2020\/06\/22\/vidigal-quer-aperfeicoar-mp-que-libera-r-20-bilhoes-para-credito-a-pequenas-e-medias-empresas\/\" \/>\n<meta property=\"og:site_name\" content=\"Jornal Fatos e Not\u00edcias\" \/>\n<meta property=\"article:published_time\" content=\"2020-06-22T18:58:15+00:00\" \/>\n<meta property=\"article:modified_time\" content=\"2020-06-22T18:58:19+00:00\" \/>\n<meta property=\"og:image\" content=\"https:\/\/jornalfatosenoticias.com.br\/wp-content\/uploads\/2020\/06\/Vidigal-quer-aperfeicoar-MP-que-libera-R-20-bilhoes-para-credito-a-pequenas-e-medias-empresas.png\" \/>\n\t<meta property=\"og:image:width\" content=\"980\" \/>\n\t<meta property=\"og:image:height\" content=\"691\" \/>\n\t<meta property=\"og:image:type\" content=\"image\/png\" \/>\n<meta name=\"author\" content=\"Luzimara Fernandes\" \/>\n<meta name=\"twitter:card\" content=\"summary_large_image\" \/>\n<meta name=\"twitter:label1\" content=\"Escrito por\" \/>\n\t<meta name=\"twitter:data1\" content=\"Luzimara Fernandes\" \/>\n\t<meta name=\"twitter:label2\" content=\"Est. tempo de leitura\" \/>\n\t<meta name=\"twitter:data2\" content=\"2 minutos\" \/>\n<script type=\"application\/ld+json\" class=\"yoast-schema-graph\">{\"@context\":\"https:\/\/schema.org\",\"@graph\":[{\"@type\":\"Article\",\"@id\":\"https:\/\/jornalfatosenoticias.com.br\/index.php\/2020\/06\/22\/vidigal-quer-aperfeicoar-mp-que-libera-r-20-bilhoes-para-credito-a-pequenas-e-medias-empresas\/#article\",\"isPartOf\":{\"@id\":\"https:\/\/jornalfatosenoticias.com.br\/index.php\/2020\/06\/22\/vidigal-quer-aperfeicoar-mp-que-libera-r-20-bilhoes-para-credito-a-pequenas-e-medias-empresas\/\"},\"author\":{\"name\":\"Luzimara Fernandes\",\"@id\":\"https:\/\/jornalfatosenoticias.com.br\/#\/schema\/person\/d63837fa13ac8666eb9e74e0985d6f81\"},\"headline\":\"Vidigal quer aperfei\u00e7oar MP que libera R$ 20 bilh\u00f5es para cr\u00e9dito a pequenas e m\u00e9dias empresas\",\"datePublished\":\"2020-06-22T18:58:15+00:00\",\"dateModified\":\"2020-06-22T18:58:19+00:00\",\"mainEntityOfPage\":{\"@id\":\"https:\/\/jornalfatosenoticias.com.br\/index.php\/2020\/06\/22\/vidigal-quer-aperfeicoar-mp-que-libera-r-20-bilhoes-para-credito-a-pequenas-e-medias-empresas\/\"},\"wordCount\":363,\"commentCount\":0,\"publisher\":{\"@id\":\"https:\/\/jornalfatosenoticias.com.br\/#organization\"},\"image\":{\"@id\":\"https:\/\/jornalfatosenoticias.com.br\/index.php\/2020\/06\/22\/vidigal-quer-aperfeicoar-mp-que-libera-r-20-bilhoes-para-credito-a-pequenas-e-medias-empresas\/#primaryimage\"},\"thumbnailUrl\":\"https:\/\/jornalfatosenoticias.com.br\/wp-content\/uploads\/2020\/06\/Vidigal-quer-aperfeicoar-MP-que-libera-R-20-bilhoes-para-credito-a-pequenas-e-medias-empresas.png\",\"keywords\":[\"cr\u00e9dito\",\"emendas\",\"pequenas e m\u00e9dias empresas\",\"recupera\u00e7\u00e3o\",\"S\u00e9rgio Vidigal\"],\"articleSection\":[\"Pol\u00edtica\"],\"inLanguage\":\"pt-BR\",\"potentialAction\":[{\"@type\":\"CommentAction\",\"name\":\"Comment\",\"target\":[\"https:\/\/jornalfatosenoticias.com.br\/index.php\/2020\/06\/22\/vidigal-quer-aperfeicoar-mp-que-libera-r-20-bilhoes-para-credito-a-pequenas-e-medias-empresas\/#respond\"]}]},{\"@type\":\"WebPage\",\"@id\":\"https:\/\/jornalfatosenoticias.com.br\/index.php\/2020\/06\/22\/vidigal-quer-aperfeicoar-mp-que-libera-r-20-bilhoes-para-credito-a-pequenas-e-medias-empresas\/\",\"url\":\"https:\/\/jornalfatosenoticias.com.br\/index.php\/2020\/06\/22\/vidigal-quer-aperfeicoar-mp-que-libera-r-20-bilhoes-para-credito-a-pequenas-e-medias-empresas\/\",\"name\":\"Vidigal quer aperfei\u00e7oar MP que libera R$ 20 bilh\u00f5es para cr\u00e9dito a pequenas e m\u00e9dias empresas - Jornal Fatos e Not\u00edcias\",\"isPartOf\":{\"@id\":\"https:\/\/jornalfatosenoticias.com.br\/#website\"},\"primaryImageOfPage\":{\"@id\":\"https:\/\/jornalfatosenoticias.com.br\/index.php\/2020\/06\/22\/vidigal-quer-aperfeicoar-mp-que-libera-r-20-bilhoes-para-credito-a-pequenas-e-medias-empresas\/#primaryimage\"},\"image\":{\"@id\":\"https:\/\/jornalfatosenoticias.com.br\/index.php\/2020\/06\/22\/vidigal-quer-aperfeicoar-mp-que-libera-r-20-bilhoes-para-credito-a-pequenas-e-medias-empresas\/#primaryimage\"},\"thumbnailUrl\":\"https:\/\/jornalfatosenoticias.com.br\/wp-content\/uploads\/2020\/06\/Vidigal-quer-aperfeicoar-MP-que-libera-R-20-bilhoes-para-credito-a-pequenas-e-medias-empresas.png\",\"datePublished\":\"2020-06-22T18:58:15+00:00\",\"dateModified\":\"2020-06-22T18:58:19+00:00\",\"breadcrumb\":{\"@id\":\"https:\/\/jornalfatosenoticias.com.br\/index.php\/2020\/06\/22\/vidigal-quer-aperfeicoar-mp-que-libera-r-20-bilhoes-para-credito-a-pequenas-e-medias-empresas\/#breadcrumb\"},\"inLanguage\":\"pt-BR\",\"potentialAction\":[{\"@type\":\"ReadAction\",\"target\":[\"https:\/\/jornalfatosenoticias.com.br\/index.php\/2020\/06\/22\/vidigal-quer-aperfeicoar-mp-que-libera-r-20-bilhoes-para-credito-a-pequenas-e-medias-empresas\/\"]}]},{\"@type\":\"ImageObject\",\"inLanguage\":\"pt-BR\",\"@id\":\"https:\/\/jornalfatosenoticias.com.br\/index.php\/2020\/06\/22\/vidigal-quer-aperfeicoar-mp-que-libera-r-20-bilhoes-para-credito-a-pequenas-e-medias-empresas\/#primaryimage\",\"url\":\"https:\/\/jornalfatosenoticias.com.br\/wp-content\/uploads\/2020\/06\/Vidigal-quer-aperfeicoar-MP-que-libera-R-20-bilhoes-para-credito-a-pequenas-e-medias-empresas.png\",\"contentUrl\":\"https:\/\/jornalfatosenoticias.com.br\/wp-content\/uploads\/2020\/06\/Vidigal-quer-aperfeicoar-MP-que-libera-R-20-bilhoes-para-credito-a-pequenas-e-medias-empresas.png\",\"width\":980,\"height\":691},{\"@type\":\"BreadcrumbList\",\"@id\":\"https:\/\/jornalfatosenoticias.com.br\/index.php\/2020\/06\/22\/vidigal-quer-aperfeicoar-mp-que-libera-r-20-bilhoes-para-credito-a-pequenas-e-medias-empresas\/#breadcrumb\",\"itemListElement\":[{\"@type\":\"ListItem\",\"position\":1,\"name\":\"In\u00edcio\",\"item\":\"https:\/\/jornalfatosenoticias.com.br\/\"},{\"@type\":\"ListItem\",\"position\":2,\"name\":\"Vidigal quer aperfei\u00e7oar MP que libera R$ 20 bilh\u00f5es para cr\u00e9dito a pequenas e m\u00e9dias empresas\"}]},{\"@type\":\"WebSite\",\"@id\":\"https:\/\/jornalfatosenoticias.com.br\/#website\",\"url\":\"https:\/\/jornalfatosenoticias.com.br\/\",\"name\":\"Jornal Fatos e Not\u00edcias\",\"description\":\"Not\u00edcias em geral\",\"publisher\":{\"@id\":\"https:\/\/jornalfatosenoticias.com.br\/#organization\"},\"potentialAction\":[{\"@type\":\"SearchAction\",\"target\":{\"@type\":\"EntryPoint\",\"urlTemplate\":\"https:\/\/jornalfatosenoticias.com.br\/?s={search_term_string}\"},\"query-input\":{\"@type\":\"PropertyValueSpecification\",\"valueRequired\":true,\"valueName\":\"search_term_string\"}}],\"inLanguage\":\"pt-BR\"},{\"@type\":\"Organization\",\"@id\":\"https:\/\/jornalfatosenoticias.com.br\/#organization\",\"name\":\"Jornal Fatos e Not\u00edcias\",\"url\":\"https:\/\/jornalfatosenoticias.com.br\/\",\"logo\":{\"@type\":\"ImageObject\",\"inLanguage\":\"pt-BR\",\"@id\":\"https:\/\/jornalfatosenoticias.com.br\/#\/schema\/logo\/image\/\",\"url\":\"https:\/\/jornalfatosenoticias.com.br\/wp-content\/uploads\/2020\/02\/logo120.png\",\"contentUrl\":\"https:\/\/jornalfatosenoticias.com.br\/wp-content\/uploads\/2020\/02\/logo120.png\",\"width\":1227,\"height\":120,\"caption\":\"Jornal Fatos e Not\u00edcias\"},\"image\":{\"@id\":\"https:\/\/jornalfatosenoticias.com.br\/#\/schema\/logo\/image\/\"}},{\"@type\":\"Person\",\"@id\":\"https:\/\/jornalfatosenoticias.com.br\/#\/schema\/person\/d63837fa13ac8666eb9e74e0985d6f81\",\"name\":\"Luzimara Fernandes\",\"image\":{\"@type\":\"ImageObject\",\"inLanguage\":\"pt-BR\",\"@id\":\"https:\/\/jornalfatosenoticias.com.br\/#\/schema\/person\/image\/\",\"url\":\"https:\/\/jornalfatosenoticias.com.br\/wp-content\/uploads\/2025\/05\/EU_portal.jpg\",\"contentUrl\":\"https:\/\/jornalfatosenoticias.com.br\/wp-content\/uploads\/2025\/05\/EU_portal.jpg\",\"caption\":\"Luzimara Fernandes\"},\"description\":\"Jornalista MTB 2358-ES\",\"sameAs\":[\"https:\/\/jornalfatosenoticias.com.br\"],\"url\":\"https:\/\/jornalfatosenoticias.com.br\/index.php\/author\/luzimara\/\"}]}<\/script>\n<!-- \/ Yoast SEO plugin. -->","yoast_head_json":{"title":"Vidigal quer aperfei\u00e7oar MP que libera R$ 20 bilh\u00f5es para cr\u00e9dito a pequenas e m\u00e9dias empresas - Jornal Fatos e Not\u00edcias","robots":{"index":"index","follow":"follow","max-snippet":"max-snippet:-1","max-image-preview":"max-image-preview:large","max-video-preview":"max-video-preview:-1"},"canonical":"https:\/\/jornalfatosenoticias.com.br\/index.php\/2020\/06\/22\/vidigal-quer-aperfeicoar-mp-que-libera-r-20-bilhoes-para-credito-a-pequenas-e-medias-empresas\/","og_locale":"pt_BR","og_type":"article","og_title":"Vidigal quer aperfei\u00e7oar MP que libera R$ 20 bilh\u00f5es para cr\u00e9dito a pequenas e m\u00e9dias empresas - Jornal Fatos e Not\u00edcias","og_description":"Duas emendas do deputado federal S\u00e9rgio Vidigal (PDT-ES) visam aprimorar a Medida Provis\u00f3ria (MP) 975\/2020, que libera R$ 20 bilh\u00f5es para cr\u00e9dito a pequenas e m\u00e9dias empresas.A proposta de S\u00e9rgio Vidigal \u00e9 para que esses empreendimentos tenham ainda mais facilidades para acesso ao cr\u00e9dito financeiro, que \u00e9 importante para sua recupera\u00e7\u00e3o.\u201c\u00c9 necess\u00e1rio que se construam [&hellip;]","og_url":"https:\/\/jornalfatosenoticias.com.br\/index.php\/2020\/06\/22\/vidigal-quer-aperfeicoar-mp-que-libera-r-20-bilhoes-para-credito-a-pequenas-e-medias-empresas\/","og_site_name":"Jornal Fatos e Not\u00edcias","article_published_time":"2020-06-22T18:58:15+00:00","article_modified_time":"2020-06-22T18:58:19+00:00","og_image":[{"width":980,"height":691,"url":"https:\/\/jornalfatosenoticias.com.br\/wp-content\/uploads\/2020\/06\/Vidigal-quer-aperfeicoar-MP-que-libera-R-20-bilhoes-para-credito-a-pequenas-e-medias-empresas.png","type":"image\/png"}],"author":"Luzimara Fernandes","twitter_card":"summary_large_image","twitter_misc":{"Escrito por":"Luzimara Fernandes","Est. tempo de leitura":"2 minutos"},"schema":{"@context":"https:\/\/schema.org","@graph":[{"@type":"Article","@id":"https:\/\/jornalfatosenoticias.com.br\/index.php\/2020\/06\/22\/vidigal-quer-aperfeicoar-mp-que-libera-r-20-bilhoes-para-credito-a-pequenas-e-medias-empresas\/#article","isPartOf":{"@id":"https:\/\/jornalfatosenoticias.com.br\/index.php\/2020\/06\/22\/vidigal-quer-aperfeicoar-mp-que-libera-r-20-bilhoes-para-credito-a-pequenas-e-medias-empresas\/"},"author":{"name":"Luzimara Fernandes","@id":"https:\/\/jornalfatosenoticias.com.br\/#\/schema\/person\/d63837fa13ac8666eb9e74e0985d6f81"},"headline":"Vidigal quer aperfei\u00e7oar MP que libera R$ 20 bilh\u00f5es para cr\u00e9dito a pequenas e m\u00e9dias empresas","datePublished":"2020-06-22T18:58:15+00:00","dateModified":"2020-06-22T18:58:19+00:00","mainEntityOfPage":{"@id":"https:\/\/jornalfatosenoticias.com.br\/index.php\/2020\/06\/22\/vidigal-quer-aperfeicoar-mp-que-libera-r-20-bilhoes-para-credito-a-pequenas-e-medias-empresas\/"},"wordCount":363,"commentCount":0,"publisher":{"@id":"https:\/\/jornalfatosenoticias.com.br\/#organization"},"image":{"@id":"https:\/\/jornalfatosenoticias.com.br\/index.php\/2020\/06\/22\/vidigal-quer-aperfeicoar-mp-que-libera-r-20-bilhoes-para-credito-a-pequenas-e-medias-empresas\/#primaryimage"},"thumbnailUrl":"https:\/\/jornalfatosenoticias.com.br\/wp-content\/uploads\/2020\/06\/Vidigal-quer-aperfeicoar-MP-que-libera-R-20-bilhoes-para-credito-a-pequenas-e-medias-empresas.png","keywords":["cr\u00e9dito","emendas","pequenas e m\u00e9dias empresas","recupera\u00e7\u00e3o","S\u00e9rgio Vidigal"],"articleSection":["Pol\u00edtica"],"inLanguage":"pt-BR","potentialAction":[{"@type":"CommentAction","name":"Comment","target":["https:\/\/jornalfatosenoticias.com.br\/index.php\/2020\/06\/22\/vidigal-quer-aperfeicoar-mp-que-libera-r-20-bilhoes-para-credito-a-pequenas-e-medias-empresas\/#respond"]}]},{"@type":"WebPage","@id":"https:\/\/jornalfatosenoticias.com.br\/index.php\/2020\/06\/22\/vidigal-quer-aperfeicoar-mp-que-libera-r-20-bilhoes-para-credito-a-pequenas-e-medias-empresas\/","url":"https:\/\/jornalfatosenoticias.com.br\/index.php\/2020\/06\/22\/vidigal-quer-aperfeicoar-mp-que-libera-r-20-bilhoes-para-credito-a-pequenas-e-medias-empresas\/","name":"Vidigal quer aperfei\u00e7oar MP que libera R$ 20 bilh\u00f5es para cr\u00e9dito a pequenas e m\u00e9dias empresas - Jornal Fatos e Not\u00edcias","isPartOf":{"@id":"https:\/\/jornalfatosenoticias.com.br\/#website"},"primaryImageOfPage":{"@id":"https:\/\/jornalfatosenoticias.com.br\/index.php\/2020\/06\/22\/vidigal-quer-aperfeicoar-mp-que-libera-r-20-bilhoes-para-credito-a-pequenas-e-medias-empresas\/#primaryimage"},"image":{"@id":"https:\/\/jornalfatosenoticias.com.br\/index.php\/2020\/06\/22\/vidigal-quer-aperfeicoar-mp-que-libera-r-20-bilhoes-para-credito-a-pequenas-e-medias-empresas\/#primaryimage"},"thumbnailUrl":"https:\/\/jornalfatosenoticias.com.br\/wp-content\/uploads\/2020\/06\/Vidigal-quer-aperfeicoar-MP-que-libera-R-20-bilhoes-para-credito-a-pequenas-e-medias-empresas.png","datePublished":"2020-06-22T18:58:15+00:00","dateModified":"2020-06-22T18:58:19+00:00","breadcrumb":{"@id":"https:\/\/jornalfatosenoticias.com.br\/index.php\/2020\/06\/22\/vidigal-quer-aperfeicoar-mp-que-libera-r-20-bilhoes-para-credito-a-pequenas-e-medias-empresas\/#breadcrumb"},"inLanguage":"pt-BR","potentialAction":[{"@type":"ReadAction","target":["https:\/\/jornalfatosenoticias.com.br\/index.php\/2020\/06\/22\/vidigal-quer-aperfeicoar-mp-que-libera-r-20-bilhoes-para-credito-a-pequenas-e-medias-empresas\/"]}]},{"@type":"ImageObject","inLanguage":"pt-BR","@id":"https:\/\/jornalfatosenoticias.com.br\/index.php\/2020\/06\/22\/vidigal-quer-aperfeicoar-mp-que-libera-r-20-bilhoes-para-credito-a-pequenas-e-medias-empresas\/#primaryimage","url":"https:\/\/jornalfatosenoticias.com.br\/wp-content\/uploads\/2020\/06\/Vidigal-quer-aperfeicoar-MP-que-libera-R-20-bilhoes-para-credito-a-pequenas-e-medias-empresas.png","contentUrl":"https:\/\/jornalfatosenoticias.com.br\/wp-content\/uploads\/2020\/06\/Vidigal-quer-aperfeicoar-MP-que-libera-R-20-bilhoes-para-credito-a-pequenas-e-medias-empresas.png","width":980,"height":691},{"@type":"BreadcrumbList","@id":"https:\/\/jornalfatosenoticias.com.br\/index.php\/2020\/06\/22\/vidigal-quer-aperfeicoar-mp-que-libera-r-20-bilhoes-para-credito-a-pequenas-e-medias-empresas\/#breadcrumb","itemListElement":[{"@type":"ListItem","position":1,"name":"In\u00edcio","item":"https:\/\/jornalfatosenoticias.com.br\/"},{"@type":"ListItem","position":2,"name":"Vidigal quer aperfei\u00e7oar MP que libera R$ 20 bilh\u00f5es para cr\u00e9dito a pequenas e m\u00e9dias empresas"}]},{"@type":"WebSite","@id":"https:\/\/jornalfatosenoticias.com.br\/#website","url":"https:\/\/jornalfatosenoticias.com.br\/","name":"Jornal Fatos e Not\u00edcias","description":"Not\u00edcias em geral","publisher":{"@id":"https:\/\/jornalfatosenoticias.com.br\/#organization"},"potentialAction":[{"@type":"SearchAction","target":{"@type":"EntryPoint","urlTemplate":"https:\/\/jornalfatosenoticias.com.br\/?s={search_term_string}"},"query-input":{"@type":"PropertyValueSpecification","valueRequired":true,"valueName":"search_term_string"}}],"inLanguage":"pt-BR"},{"@type":"Organization","@id":"https:\/\/jornalfatosenoticias.com.br\/#organization","name":"Jornal Fatos e Not\u00edcias","url":"https:\/\/jornalfatosenoticias.com.br\/","logo":{"@type":"ImageObject","inLanguage":"pt-BR","@id":"https:\/\/jornalfatosenoticias.com.br\/#\/schema\/logo\/image\/","url":"https:\/\/jornalfatosenoticias.com.br\/wp-content\/uploads\/2020\/02\/logo120.png","contentUrl":"https:\/\/jornalfatosenoticias.com.br\/wp-content\/uploads\/2020\/02\/logo120.png","width":1227,"height":120,"caption":"Jornal Fatos e Not\u00edcias"},"image":{"@id":"https:\/\/jornalfatosenoticias.com.br\/#\/schema\/logo\/image\/"}},{"@type":"Person","@id":"https:\/\/jornalfatosenoticias.com.br\/#\/schema\/person\/d63837fa13ac8666eb9e74e0985d6f81","name":"Luzimara Fernandes","image":{"@type":"ImageObject","inLanguage":"pt-BR","@id":"https:\/\/jornalfatosenoticias.com.br\/#\/schema\/person\/image\/","url":"https:\/\/jornalfatosenoticias.com.br\/wp-content\/uploads\/2025\/05\/EU_portal.jpg","contentUrl":"https:\/\/jornalfatosenoticias.com.br\/wp-content\/uploads\/2025\/05\/EU_portal.jpg","caption":"Luzimara Fernandes"},"description":"Jornalista MTB 2358-ES","sameAs":["https:\/\/jornalfatosenoticias.com.br"],"url":"https:\/\/jornalfatosenoticias.com.br\/index.php\/author\/luzimara\/"}]}},"cc_featured_image_caption":{"caption_text":"(www.sergiovidigal.com.br\/vidigal-fez\/)\r\n","source_text":"","source_url":""},"jetpack_featured_media_url":"https:\/\/jornalfatosenoticias.com.br\/wp-content\/uploads\/2020\/06\/Vidigal-quer-aperfeicoar-MP-que-libera-R-20-bilhoes-para-credito-a-pequenas-e-medias-empresas.png","_links":{"self":[{"href":"https:\/\/jornalfatosenoticias.com.br\/index.php\/wp-json\/wp\/v2\/posts\/5764","targetHints":{"allow":["GET"]}}],"collection":[{"href":"https:\/\/jornalfatosenoticias.com.br\/index.php\/wp-json\/wp\/v2\/posts"}],"about":[{"href":"https:\/\/jornalfatosenoticias.com.br\/index.php\/wp-json\/wp\/v2\/types\/post"}],"author":[{"embeddable":true,"href":"https:\/\/jornalfatosenoticias.com.br\/index.php\/wp-json\/wp\/v2\/users\/2"}],"replies":[{"embeddable":true,"href":"https:\/\/jornalfatosenoticias.com.br\/index.php\/wp-json\/wp\/v2\/comments?post=5764"}],"version-history":[{"count":0,"href":"https:\/\/jornalfatosenoticias.com.br\/index.php\/wp-json\/wp\/v2\/posts\/5764\/revisions"}],"wp:featuredmedia":[{"embeddable":true,"href":"https:\/\/jornalfatosenoticias.com.br\/index.php\/wp-json\/wp\/v2\/media\/5765"}],"wp:attachment":[{"href":"https:\/\/jornalfatosenoticias.com.br\/index.php\/wp-json\/wp\/v2\/media?parent=5764"}],"wp:term":[{"taxonomy":"category","embeddable":true,"href":"https:\/\/jornalfatosenoticias.com.br\/index.php\/wp-json\/wp\/v2\/categories?post=5764"},{"taxonomy":"post_tag","embeddable":true,"href":"https:\/\/jornalfatosenoticias.com.br\/index.php\/wp-json\/wp\/v2\/tags?post=5764"}],"curies":[{"name":"wp","href":"https:\/\/api.w.org\/{rel}","templated":true}]}}