{"id":57654,"date":"2025-03-12T11:12:13","date_gmt":"2025-03-12T14:12:13","guid":{"rendered":"https:\/\/jornalfatosenoticias.com.br\/?p=57654"},"modified":"2025-03-12T11:12:14","modified_gmt":"2025-03-12T14:12:14","slug":"a-maior-caverna-do-mundo-em-imagens-surpreendentes","status":"publish","type":"post","link":"https:\/\/jornalfatosenoticias.com.br\/index.php\/2025\/03\/12\/a-maior-caverna-do-mundo-em-imagens-surpreendentes\/","title":{"rendered":"A maior caverna do mundo em imagens surpreendentes"},"content":{"rendered":"\n<p><span class=\"has-inline-color has-black-color\">Por <strong><a href=\"https:\/\/www.megacurioso.com.br\/autor\/victor-henrique-de-oliveira-nicolli-soares\">Victor Henrique de Oliveira Nicolli Soares<\/a><\/strong><\/span><\/p>\n\n\n\n<div class=\"wp-block-image\"><figure class=\"aligncenter size-large\"><a href=\"https:\/\/mizu.com.br\/\"><img loading=\"lazy\" decoding=\"async\" width=\"729\" height=\"90\" src=\"https:\/\/jornalfatosenoticias.com.br\/wp-content\/uploads\/2020\/02\/Logo_Mizu.png\" alt=\"\" class=\"wp-image-1441\" srcset=\"https:\/\/jornalfatosenoticias.com.br\/wp-content\/uploads\/2020\/02\/Logo_Mizu.png 729w, https:\/\/jornalfatosenoticias.com.br\/wp-content\/uploads\/2020\/02\/Logo_Mizu-300x37.png 300w\" sizes=\"auto, (max-width: 729px) 100vw, 729px\" \/><\/a><\/figure><\/div>\n\n\n\n<p>Escondida no cora\u00e7\u00e3o do Vietn\u00e3, a Hang Son Doong n\u00e3o \u00e9 apenas a maior caverna do mundo, mas um universo subterr\u00e2neo que desafia nossa imagina\u00e7\u00e3o. Descoberta por acaso em 1990 por Ho Khanh, um morador local, e oficialmente explorada em 2009, Son Doong n\u00e3o \u00e9 f\u00e1cil de encontrar \u2014 nem de esquecer.<br>Cercada por selvas densas no Parque Nacional Phong Nha-Ke Bang, a caverna parece algo sa\u00eddo de um filme de fic\u00e7\u00e3o cient\u00edfica: seu interior abriga florestas, rios, estalagmites colossais e passagens t\u00e3o vastas que poderiam acomodar um Boeing 747 voando atrav\u00e9s delas.<\/p>\n\n\n\n<div class=\"wp-block-image\"><figure class=\"aligncenter size-large\"><a href=\"https:\/\/www.instagram.com\/rcradiadores\/\"><img loading=\"lazy\" decoding=\"async\" width=\"560\" height=\"60\" src=\"https:\/\/jornalfatosenoticias.com.br\/wp-content\/uploads\/2022\/10\/Propaganda-RC-Radiadores-Jornal_page-0001.jpg\" alt=\"\" class=\"wp-image-35270\" srcset=\"https:\/\/jornalfatosenoticias.com.br\/wp-content\/uploads\/2022\/10\/Propaganda-RC-Radiadores-Jornal_page-0001.jpg 560w, https:\/\/jornalfatosenoticias.com.br\/wp-content\/uploads\/2022\/10\/Propaganda-RC-Radiadores-Jornal_page-0001-300x32.jpg 300w\" sizes=\"auto, (max-width: 560px) 100vw, 560px\" \/><\/a><\/figure><\/div>\n\n\n\n<h2 class=\"wp-block-heading\"><strong><span class=\"has-inline-color has-vivid-cyan-blue-color\">Esculpida pela natureza<\/span><\/strong><\/h2>\n\n\n\n<div class=\"wp-block-image\"><figure class=\"aligncenter size-large\"><img loading=\"lazy\" decoding=\"async\" width=\"996\" height=\"569\" src=\"https:\/\/jornalfatosenoticias.com.br\/wp-content\/uploads\/2025\/03\/caverna_freepik-gerada-com-ia.jpg\" alt=\"\" class=\"wp-image-57657\" srcset=\"https:\/\/jornalfatosenoticias.com.br\/wp-content\/uploads\/2025\/03\/caverna_freepik-gerada-com-ia.jpg 996w, https:\/\/jornalfatosenoticias.com.br\/wp-content\/uploads\/2025\/03\/caverna_freepik-gerada-com-ia-300x171.jpg 300w, https:\/\/jornalfatosenoticias.com.br\/wp-content\/uploads\/2025\/03\/caverna_freepik-gerada-com-ia-768x439.jpg 768w\" sizes=\"auto, (max-width: 996px) 100vw, 996px\" \/><figcaption><em><span class=\"has-inline-color has-black-color\">A caverna \u00e9 um uma verdadeira obra de arte da natureza<\/span><\/em> <em><span class=\"has-inline-color has-black-color\">(Foto: Freepik\/Gerada com IA)<\/span><\/em><\/figcaption><\/figure><\/div>\n\n\n\n<p>Formada h\u00e1 cerca de dois a tr\u00eas milh\u00f5es de anos, a caverna se originou quando rios subterr\u00e2neos come\u00e7aram a esculpir um t\u00fanel gigantesco atrav\u00e9s do calc\u00e1rio. Essa composi\u00e7\u00e3o \u00fanica permitiu que Son Doong desenvolvesse claraboias naturais \u2014 sumidouros gigantes que deixam a luz do sol penetrar e, com isso, criam um ecossistema \u00fanico e autossuficiente.<\/p>\n\n\n\n<div class=\"wp-block-image\"><figure class=\"aligncenter size-large is-resized\"><a href=\"https:\/\/panper.com.br\/\"><img loading=\"lazy\" decoding=\"async\" src=\"https:\/\/jornalfatosenoticias.com.br\/wp-content\/uploads\/2023\/03\/logo-Panper_portal.jpg\" alt=\"\" class=\"wp-image-40208\" width=\"351\" height=\"243\" srcset=\"https:\/\/jornalfatosenoticias.com.br\/wp-content\/uploads\/2023\/03\/logo-Panper_portal.jpg 400w, https:\/\/jornalfatosenoticias.com.br\/wp-content\/uploads\/2023\/03\/logo-Panper_portal-300x208.jpg 300w\" sizes=\"auto, (max-width: 351px) 100vw, 351px\" \/><\/a><\/figure><\/div>\n\n\n\n<p>Mas as florestas s\u00e3o apenas o come\u00e7o. Algumas imagens de Son Doong revelam forma\u00e7\u00f5es impressionantes, como estalagmites que se elevam a 80 metros de altura, parecendo pilares que sustentam o teto da caverna. Uma das mais famosas, a &#8220;M\u00e3o do Cachorro&#8221;, \u00e9 uma bela estalagmite com cerca de 60 metros de altura.<\/p>\n\n\n\n<div class=\"wp-block-image\"><figure class=\"aligncenter size-large\"><img loading=\"lazy\" decoding=\"async\" width=\"750\" height=\"500\" src=\"https:\/\/jornalfatosenoticias.com.br\/wp-content\/uploads\/2025\/03\/perolas-da-caverna.jpg\" alt=\"\" class=\"wp-image-57656\" srcset=\"https:\/\/jornalfatosenoticias.com.br\/wp-content\/uploads\/2025\/03\/perolas-da-caverna.jpg 750w, https:\/\/jornalfatosenoticias.com.br\/wp-content\/uploads\/2025\/03\/perolas-da-caverna-300x200.jpg 300w\" sizes=\"auto, (max-width: 750px) 100vw, 750px\" \/><figcaption><em><span class=\"has-inline-color has-black-color\">As &#8220;p\u00e9rolas&#8221; da caverna (Foto: Divulga\u00e7\u00e3o)<\/span><\/em><\/figcaption><\/figure><\/div>\n\n\n\n<p>Em outros cantos, p\u00e9rolas de caverna, formadas ao longo de mil\u00eanios por gotas de \u00e1gua carregadas de carbonato de c\u00e1lcio, decoram o ch\u00e3o como se fossem joias de um tesouro escondido. O rio subterr\u00e2neo que corre pela caverna \u00e9 outra maravilha. Ele se origina em sistemas cavernosos vizinhos e serpenteia pela Hang Son Doong, criando pequenas cachoeiras e, em certas \u00e9pocas do ano, enchendo lagos verde-jade que refletem as claraboias naturais. \u00c9 nesses lagos que os visitantes podem flutuar sob a luz filtrada, cercados pelo sil\u00eancio impressionante do mundo subterr\u00e2neo.<\/p>\n\n\n\n<div class=\"wp-block-image\"><figure class=\"aligncenter size-large is-resized\"><a href=\"https:\/\/www.controlsystems.com.br\/\"><img loading=\"lazy\" decoding=\"async\" src=\"https:\/\/jornalfatosenoticias.com.br\/wp-content\/uploads\/2020\/02\/CONTROL-CS.jpg\" alt=\"\" class=\"wp-image-44991\" width=\"309\" height=\"370\" srcset=\"https:\/\/jornalfatosenoticias.com.br\/wp-content\/uploads\/2020\/02\/CONTROL-CS.jpg 834w, https:\/\/jornalfatosenoticias.com.br\/wp-content\/uploads\/2020\/02\/CONTROL-CS-250x300.jpg 250w, https:\/\/jornalfatosenoticias.com.br\/wp-content\/uploads\/2020\/02\/CONTROL-CS-768x921.jpg 768w\" sizes=\"auto, (max-width: 309px) 100vw, 309px\" \/><\/a><\/figure><\/div>\n\n\n\n<p><strong><span class=\"has-inline-color has-vivid-cyan-blue-color\">Pontos famosos<br><\/span><\/strong>Os sumidouros, conhecidos como Doline 1 e Doline 2, s\u00e3o dois dos pontos mais fotografados da caverna. Quando o sol alcan\u00e7a a Doline 1, os feixes de luz criam uma atmosfera surreal, iluminando a n\u00e9voa do rio e as forma\u00e7\u00f5es ao redor.<br>J\u00e1 a Doline 2, apelidada de &#8220;Jardim de Edam&#8221; (uma brincadeira com outra caverna que recebeu o nome de &#8220;Jardim do \u00c9den&#8221;), abriga uma floresta tropical em plena caverna, onde samambaias, beg\u00f4nias e at\u00e9 \u00e1rvores altas florescem como se o mundo acima nem existisse.<\/p>\n\n\n\n<div class=\"wp-block-image\"><figure class=\"aligncenter size-large\"><img loading=\"lazy\" decoding=\"async\" width=\"1000\" height=\"666\" src=\"https:\/\/jornalfatosenoticias.com.br\/wp-content\/uploads\/2025\/03\/Son-Doong-a-Grande-Muralha-do-Vietna.jpg\" alt=\"\" class=\"wp-image-57655\" srcset=\"https:\/\/jornalfatosenoticias.com.br\/wp-content\/uploads\/2025\/03\/Son-Doong-a-Grande-Muralha-do-Vietna.jpg 1000w, https:\/\/jornalfatosenoticias.com.br\/wp-content\/uploads\/2025\/03\/Son-Doong-a-Grande-Muralha-do-Vietna-300x200.jpg 300w, https:\/\/jornalfatosenoticias.com.br\/wp-content\/uploads\/2025\/03\/Son-Doong-a-Grande-Muralha-do-Vietna-768x511.jpg 768w\" sizes=\"auto, (max-width: 1000px) 100vw, 1000px\" \/><figcaption><em><span class=\"has-inline-color has-black-color\">Hang Son Doong, a Grande Muralha do Vietn\u00e3 (Foto: Divulga\u00e7\u00e3o)<\/span><\/em><\/figcaption><\/figure><\/div>\n\n\n\n<p>E se isso n\u00e3o bastasse, a Grande Muralha do Vietn\u00e3, uma parede de calcita de 90 metros de altura, representa o limite final da explora\u00e7\u00e3o inicial da caverna. Foi apenas na segunda expedi\u00e7\u00e3o que os exploradores conseguiram super\u00e1-la, revelando novas passagens e confirmando o status de Son Doong como a maior caverna j\u00e1 registrada.<\/p>\n\n\n\n<div class=\"wp-block-image\"><figure class=\"aligncenter size-large is-resized\"><a href=\"https:\/\/cesconetto.com.br\/\"><img loading=\"lazy\" decoding=\"async\" src=\"https:\/\/jornalfatosenoticias.com.br\/wp-content\/uploads\/2022\/02\/Banner-2.png\" alt=\"\" class=\"wp-image-27877\" width=\"341\" height=\"284\"\/><\/a><\/figure><\/div>\n\n\n\n<p>Ao longo dos anos, novas descobertas continuaram a expandir os limites do que sabemos sobre Son Doong. Em 2019, uma expedi\u00e7\u00e3o revelou um t\u00fanel subaqu\u00e1tico que conecta a caverna a outra, chamada Hang Thung, aumentando ainda mais seu j\u00e1 impressionante volume.<\/p>\n\n\n\n<div class=\"wp-block-image\"><figure class=\"aligncenter size-large is-resized\"><a href=\"https:\/\/www.instagram.com\/serra4x4cambioautomatico\/\"><img loading=\"lazy\" decoding=\"async\" src=\"https:\/\/jornalfatosenoticias.com.br\/wp-content\/uploads\/2024\/08\/Serra-4x4-1-886x1024.jpg\" alt=\"\" class=\"wp-image-53632\" width=\"329\" height=\"380\" srcset=\"https:\/\/jornalfatosenoticias.com.br\/wp-content\/uploads\/2024\/08\/Serra-4x4-1-886x1024.jpg 886w, https:\/\/jornalfatosenoticias.com.br\/wp-content\/uploads\/2024\/08\/Serra-4x4-1-260x300.jpg 260w, https:\/\/jornalfatosenoticias.com.br\/wp-content\/uploads\/2024\/08\/Serra-4x4-1-768x888.jpg 768w, https:\/\/jornalfatosenoticias.com.br\/wp-content\/uploads\/2024\/08\/Serra-4x4-1.jpg 1181w\" sizes=\"auto, (max-width: 329px) 100vw, 329px\" \/><\/a><\/figure><\/div>\n\n\n\n<p>Visitar a Hang Son Doong n\u00e3o \u00e9 uma tarefa simples \u2014 apenas um n\u00famero limitado de pessoas \u00e9 autorizado a explorar seu interior a cada ano, e a caminhada at\u00e9 sua entrada \u00e9 desafiadora. Mas aqueles que se aventuram retornam com hist\u00f3rias de um mundo que parece suspenso no tempo, onde cada passo revela um novo detalhe deste universo subterr\u00e2neo.<\/p>\n\n\n\n<div class=\"wp-block-image\"><figure class=\"aligncenter size-large\"><a href=\"http:\/\/www.ferrarimaquinas.com.br\/\"><img loading=\"lazy\" decoding=\"async\" width=\"300\" height=\"250\" src=\"https:\/\/jornalfatosenoticias.com.br\/wp-content\/uploads\/2022\/02\/FERRARI_MAQUINAS-E-FERRAMENTAS2.jpg\" alt=\"\" class=\"wp-image-27860\"\/><\/a><\/figure><\/div>\n\n\n\n<p>Seja pelas florestas escondidas, as passagens que poderiam engolir arranha-c\u00e9us inteiros ou os rios que somem no horizonte, Hang Son Doong continua a nos lembrar que, mesmo em um mundo t\u00e3o explorado, ainda h\u00e1 mist\u00e9rios que nos deixam sem palavras.<\/p>\n\n\n\n<p><strong>Fonte: <a href=\"https:\/\/www.megacurioso.com.br\/ciencia\/a-maior-caverna-do-mundo-em-imagens-surpreendentes\">Mega Curioso<\/a><\/strong><\/p>\n","protected":false},"excerpt":{"rendered":"<p>Por Victor Henrique de Oliveira Nicolli Soares Escondida no cora\u00e7\u00e3o do Vietn\u00e3, a Hang Son Doong n\u00e3o \u00e9 apenas a maior caverna do mundo, mas um universo subterr\u00e2neo que desafia nossa imagina\u00e7\u00e3o. Descoberta por acaso em 1990 por Ho Khanh, um morador local, e oficialmente explorada em 2009, Son Doong n\u00e3o \u00e9 f\u00e1cil de encontrar [&hellip;]<\/p>\n","protected":false},"author":2,"featured_media":57658,"comment_status":"open","ping_status":"open","sticky":false,"template":"","format":"standard","meta":{"footnotes":""},"categories":[746],"tags":[6769,26306,26305,26304,26303,9949,1853,5052],"class_list":["post-57654","post","type-post","status-publish","format-standard","has-post-thumbnail","hentry","category-turismo","tag-caverna","tag-grande-muralha-do-vietna","tag-hang-son-doong","tag-maior-caverna-do-mundo","tag-roteiro-turistico","tag-selva","tag-turismo","tag-vietna"],"yoast_head":"<!-- This site is optimized with the Yoast SEO plugin v26.5 - https:\/\/yoast.com\/wordpress\/plugins\/seo\/ -->\n<title>A maior caverna do mundo em imagens surpreendentes - Jornal Fatos e Not\u00edcias<\/title>\n<meta name=\"robots\" content=\"index, follow, max-snippet:-1, max-image-preview:large, max-video-preview:-1\" \/>\n<link rel=\"canonical\" href=\"https:\/\/jornalfatosenoticias.com.br\/index.php\/2025\/03\/12\/a-maior-caverna-do-mundo-em-imagens-surpreendentes\/\" \/>\n<meta property=\"og:locale\" content=\"pt_BR\" \/>\n<meta property=\"og:type\" content=\"article\" \/>\n<meta property=\"og:title\" content=\"A maior caverna do mundo em imagens surpreendentes - Jornal Fatos e Not\u00edcias\" \/>\n<meta property=\"og:description\" content=\"Por Victor Henrique de Oliveira Nicolli Soares Escondida no cora\u00e7\u00e3o do Vietn\u00e3, a Hang Son Doong n\u00e3o \u00e9 apenas a maior caverna do mundo, mas um universo subterr\u00e2neo que desafia nossa imagina\u00e7\u00e3o. Descoberta por acaso em 1990 por Ho Khanh, um morador local, e oficialmente explorada em 2009, Son Doong n\u00e3o \u00e9 f\u00e1cil de encontrar [&hellip;]\" \/>\n<meta property=\"og:url\" content=\"https:\/\/jornalfatosenoticias.com.br\/index.php\/2025\/03\/12\/a-maior-caverna-do-mundo-em-imagens-surpreendentes\/\" \/>\n<meta property=\"og:site_name\" content=\"Jornal Fatos e Not\u00edcias\" \/>\n<meta property=\"article:published_time\" content=\"2025-03-12T14:12:13+00:00\" \/>\n<meta property=\"article:modified_time\" content=\"2025-03-12T14:12:14+00:00\" \/>\n<meta property=\"og:image\" content=\"https:\/\/jornalfatosenoticias.com.br\/wp-content\/uploads\/2025\/03\/maior-caverna-do-mundo.jpg\" \/>\n\t<meta property=\"og:image:width\" content=\"1000\" \/>\n\t<meta property=\"og:image:height\" content=\"539\" \/>\n\t<meta property=\"og:image:type\" content=\"image\/jpeg\" \/>\n<meta name=\"author\" content=\"Luzimara Fernandes\" \/>\n<meta name=\"twitter:card\" content=\"summary_large_image\" \/>\n<meta name=\"twitter:label1\" content=\"Escrito por\" \/>\n\t<meta name=\"twitter:data1\" content=\"Luzimara Fernandes\" \/>\n\t<meta name=\"twitter:label2\" content=\"Est. tempo de leitura\" \/>\n\t<meta name=\"twitter:data2\" content=\"3 minutos\" \/>\n<script type=\"application\/ld+json\" class=\"yoast-schema-graph\">{\"@context\":\"https:\/\/schema.org\",\"@graph\":[{\"@type\":\"Article\",\"@id\":\"https:\/\/jornalfatosenoticias.com.br\/index.php\/2025\/03\/12\/a-maior-caverna-do-mundo-em-imagens-surpreendentes\/#article\",\"isPartOf\":{\"@id\":\"https:\/\/jornalfatosenoticias.com.br\/index.php\/2025\/03\/12\/a-maior-caverna-do-mundo-em-imagens-surpreendentes\/\"},\"author\":{\"name\":\"Luzimara Fernandes\",\"@id\":\"https:\/\/jornalfatosenoticias.com.br\/#\/schema\/person\/d63837fa13ac8666eb9e74e0985d6f81\"},\"headline\":\"A maior caverna do mundo em imagens surpreendentes\",\"datePublished\":\"2025-03-12T14:12:13+00:00\",\"dateModified\":\"2025-03-12T14:12:14+00:00\",\"mainEntityOfPage\":{\"@id\":\"https:\/\/jornalfatosenoticias.com.br\/index.php\/2025\/03\/12\/a-maior-caverna-do-mundo-em-imagens-surpreendentes\/\"},\"wordCount\":655,\"commentCount\":0,\"publisher\":{\"@id\":\"https:\/\/jornalfatosenoticias.com.br\/#organization\"},\"image\":{\"@id\":\"https:\/\/jornalfatosenoticias.com.br\/index.php\/2025\/03\/12\/a-maior-caverna-do-mundo-em-imagens-surpreendentes\/#primaryimage\"},\"thumbnailUrl\":\"https:\/\/jornalfatosenoticias.com.br\/wp-content\/uploads\/2025\/03\/maior-caverna-do-mundo.jpg\",\"keywords\":[\"caverna\",\"Grande Muralha do Vietn\u00e3\",\"Hang Son Doong\",\"maior caverna do mundo\",\"roteiro tur\u00edstico\",\"selva\",\"Turismo\",\"Vietn\u00e3\"],\"articleSection\":[\"Turismo\"],\"inLanguage\":\"pt-BR\",\"potentialAction\":[{\"@type\":\"CommentAction\",\"name\":\"Comment\",\"target\":[\"https:\/\/jornalfatosenoticias.com.br\/index.php\/2025\/03\/12\/a-maior-caverna-do-mundo-em-imagens-surpreendentes\/#respond\"]}]},{\"@type\":\"WebPage\",\"@id\":\"https:\/\/jornalfatosenoticias.com.br\/index.php\/2025\/03\/12\/a-maior-caverna-do-mundo-em-imagens-surpreendentes\/\",\"url\":\"https:\/\/jornalfatosenoticias.com.br\/index.php\/2025\/03\/12\/a-maior-caverna-do-mundo-em-imagens-surpreendentes\/\",\"name\":\"A maior caverna do mundo em imagens surpreendentes - Jornal Fatos e Not\u00edcias\",\"isPartOf\":{\"@id\":\"https:\/\/jornalfatosenoticias.com.br\/#website\"},\"primaryImageOfPage\":{\"@id\":\"https:\/\/jornalfatosenoticias.com.br\/index.php\/2025\/03\/12\/a-maior-caverna-do-mundo-em-imagens-surpreendentes\/#primaryimage\"},\"image\":{\"@id\":\"https:\/\/jornalfatosenoticias.com.br\/index.php\/2025\/03\/12\/a-maior-caverna-do-mundo-em-imagens-surpreendentes\/#primaryimage\"},\"thumbnailUrl\":\"https:\/\/jornalfatosenoticias.com.br\/wp-content\/uploads\/2025\/03\/maior-caverna-do-mundo.jpg\",\"datePublished\":\"2025-03-12T14:12:13+00:00\",\"dateModified\":\"2025-03-12T14:12:14+00:00\",\"breadcrumb\":{\"@id\":\"https:\/\/jornalfatosenoticias.com.br\/index.php\/2025\/03\/12\/a-maior-caverna-do-mundo-em-imagens-surpreendentes\/#breadcrumb\"},\"inLanguage\":\"pt-BR\",\"potentialAction\":[{\"@type\":\"ReadAction\",\"target\":[\"https:\/\/jornalfatosenoticias.com.br\/index.php\/2025\/03\/12\/a-maior-caverna-do-mundo-em-imagens-surpreendentes\/\"]}]},{\"@type\":\"ImageObject\",\"inLanguage\":\"pt-BR\",\"@id\":\"https:\/\/jornalfatosenoticias.com.br\/index.php\/2025\/03\/12\/a-maior-caverna-do-mundo-em-imagens-surpreendentes\/#primaryimage\",\"url\":\"https:\/\/jornalfatosenoticias.com.br\/wp-content\/uploads\/2025\/03\/maior-caverna-do-mundo.jpg\",\"contentUrl\":\"https:\/\/jornalfatosenoticias.com.br\/wp-content\/uploads\/2025\/03\/maior-caverna-do-mundo.jpg\",\"width\":1000,\"height\":539},{\"@type\":\"BreadcrumbList\",\"@id\":\"https:\/\/jornalfatosenoticias.com.br\/index.php\/2025\/03\/12\/a-maior-caverna-do-mundo-em-imagens-surpreendentes\/#breadcrumb\",\"itemListElement\":[{\"@type\":\"ListItem\",\"position\":1,\"name\":\"In\u00edcio\",\"item\":\"https:\/\/jornalfatosenoticias.com.br\/\"},{\"@type\":\"ListItem\",\"position\":2,\"name\":\"A maior caverna do mundo em imagens surpreendentes\"}]},{\"@type\":\"WebSite\",\"@id\":\"https:\/\/jornalfatosenoticias.com.br\/#website\",\"url\":\"https:\/\/jornalfatosenoticias.com.br\/\",\"name\":\"Jornal Fatos e Not\u00edcias\",\"description\":\"Not\u00edcias em geral\",\"publisher\":{\"@id\":\"https:\/\/jornalfatosenoticias.com.br\/#organization\"},\"potentialAction\":[{\"@type\":\"SearchAction\",\"target\":{\"@type\":\"EntryPoint\",\"urlTemplate\":\"https:\/\/jornalfatosenoticias.com.br\/?s={search_term_string}\"},\"query-input\":{\"@type\":\"PropertyValueSpecification\",\"valueRequired\":true,\"valueName\":\"search_term_string\"}}],\"inLanguage\":\"pt-BR\"},{\"@type\":\"Organization\",\"@id\":\"https:\/\/jornalfatosenoticias.com.br\/#organization\",\"name\":\"Jornal Fatos e Not\u00edcias\",\"url\":\"https:\/\/jornalfatosenoticias.com.br\/\",\"logo\":{\"@type\":\"ImageObject\",\"inLanguage\":\"pt-BR\",\"@id\":\"https:\/\/jornalfatosenoticias.com.br\/#\/schema\/logo\/image\/\",\"url\":\"https:\/\/jornalfatosenoticias.com.br\/wp-content\/uploads\/2020\/02\/logo120.png\",\"contentUrl\":\"https:\/\/jornalfatosenoticias.com.br\/wp-content\/uploads\/2020\/02\/logo120.png\",\"width\":1227,\"height\":120,\"caption\":\"Jornal Fatos e Not\u00edcias\"},\"image\":{\"@id\":\"https:\/\/jornalfatosenoticias.com.br\/#\/schema\/logo\/image\/\"}},{\"@type\":\"Person\",\"@id\":\"https:\/\/jornalfatosenoticias.com.br\/#\/schema\/person\/d63837fa13ac8666eb9e74e0985d6f81\",\"name\":\"Luzimara Fernandes\",\"image\":{\"@type\":\"ImageObject\",\"inLanguage\":\"pt-BR\",\"@id\":\"https:\/\/jornalfatosenoticias.com.br\/#\/schema\/person\/image\/\",\"url\":\"https:\/\/jornalfatosenoticias.com.br\/wp-content\/uploads\/2025\/05\/EU_portal.jpg\",\"contentUrl\":\"https:\/\/jornalfatosenoticias.com.br\/wp-content\/uploads\/2025\/05\/EU_portal.jpg\",\"caption\":\"Luzimara Fernandes\"},\"description\":\"Jornalista MTB 2358-ES\",\"sameAs\":[\"https:\/\/jornalfatosenoticias.com.br\"],\"url\":\"https:\/\/jornalfatosenoticias.com.br\/index.php\/author\/luzimara\/\"}]}<\/script>\n<!-- \/ Yoast SEO plugin. -->","yoast_head_json":{"title":"A maior caverna do mundo em imagens surpreendentes - Jornal Fatos e Not\u00edcias","robots":{"index":"index","follow":"follow","max-snippet":"max-snippet:-1","max-image-preview":"max-image-preview:large","max-video-preview":"max-video-preview:-1"},"canonical":"https:\/\/jornalfatosenoticias.com.br\/index.php\/2025\/03\/12\/a-maior-caverna-do-mundo-em-imagens-surpreendentes\/","og_locale":"pt_BR","og_type":"article","og_title":"A maior caverna do mundo em imagens surpreendentes - Jornal Fatos e Not\u00edcias","og_description":"Por Victor Henrique de Oliveira Nicolli Soares Escondida no cora\u00e7\u00e3o do Vietn\u00e3, a Hang Son Doong n\u00e3o \u00e9 apenas a maior caverna do mundo, mas um universo subterr\u00e2neo que desafia nossa imagina\u00e7\u00e3o. Descoberta por acaso em 1990 por Ho Khanh, um morador local, e oficialmente explorada em 2009, Son Doong n\u00e3o \u00e9 f\u00e1cil de encontrar [&hellip;]","og_url":"https:\/\/jornalfatosenoticias.com.br\/index.php\/2025\/03\/12\/a-maior-caverna-do-mundo-em-imagens-surpreendentes\/","og_site_name":"Jornal Fatos e Not\u00edcias","article_published_time":"2025-03-12T14:12:13+00:00","article_modified_time":"2025-03-12T14:12:14+00:00","og_image":[{"width":1000,"height":539,"url":"https:\/\/jornalfatosenoticias.com.br\/wp-content\/uploads\/2025\/03\/maior-caverna-do-mundo.jpg","type":"image\/jpeg"}],"author":"Luzimara Fernandes","twitter_card":"summary_large_image","twitter_misc":{"Escrito por":"Luzimara Fernandes","Est. tempo de leitura":"3 minutos"},"schema":{"@context":"https:\/\/schema.org","@graph":[{"@type":"Article","@id":"https:\/\/jornalfatosenoticias.com.br\/index.php\/2025\/03\/12\/a-maior-caverna-do-mundo-em-imagens-surpreendentes\/#article","isPartOf":{"@id":"https:\/\/jornalfatosenoticias.com.br\/index.php\/2025\/03\/12\/a-maior-caverna-do-mundo-em-imagens-surpreendentes\/"},"author":{"name":"Luzimara Fernandes","@id":"https:\/\/jornalfatosenoticias.com.br\/#\/schema\/person\/d63837fa13ac8666eb9e74e0985d6f81"},"headline":"A maior caverna do mundo em imagens surpreendentes","datePublished":"2025-03-12T14:12:13+00:00","dateModified":"2025-03-12T14:12:14+00:00","mainEntityOfPage":{"@id":"https:\/\/jornalfatosenoticias.com.br\/index.php\/2025\/03\/12\/a-maior-caverna-do-mundo-em-imagens-surpreendentes\/"},"wordCount":655,"commentCount":0,"publisher":{"@id":"https:\/\/jornalfatosenoticias.com.br\/#organization"},"image":{"@id":"https:\/\/jornalfatosenoticias.com.br\/index.php\/2025\/03\/12\/a-maior-caverna-do-mundo-em-imagens-surpreendentes\/#primaryimage"},"thumbnailUrl":"https:\/\/jornalfatosenoticias.com.br\/wp-content\/uploads\/2025\/03\/maior-caverna-do-mundo.jpg","keywords":["caverna","Grande Muralha do Vietn\u00e3","Hang Son Doong","maior caverna do mundo","roteiro tur\u00edstico","selva","Turismo","Vietn\u00e3"],"articleSection":["Turismo"],"inLanguage":"pt-BR","potentialAction":[{"@type":"CommentAction","name":"Comment","target":["https:\/\/jornalfatosenoticias.com.br\/index.php\/2025\/03\/12\/a-maior-caverna-do-mundo-em-imagens-surpreendentes\/#respond"]}]},{"@type":"WebPage","@id":"https:\/\/jornalfatosenoticias.com.br\/index.php\/2025\/03\/12\/a-maior-caverna-do-mundo-em-imagens-surpreendentes\/","url":"https:\/\/jornalfatosenoticias.com.br\/index.php\/2025\/03\/12\/a-maior-caverna-do-mundo-em-imagens-surpreendentes\/","name":"A maior caverna do mundo em imagens surpreendentes - Jornal Fatos e Not\u00edcias","isPartOf":{"@id":"https:\/\/jornalfatosenoticias.com.br\/#website"},"primaryImageOfPage":{"@id":"https:\/\/jornalfatosenoticias.com.br\/index.php\/2025\/03\/12\/a-maior-caverna-do-mundo-em-imagens-surpreendentes\/#primaryimage"},"image":{"@id":"https:\/\/jornalfatosenoticias.com.br\/index.php\/2025\/03\/12\/a-maior-caverna-do-mundo-em-imagens-surpreendentes\/#primaryimage"},"thumbnailUrl":"https:\/\/jornalfatosenoticias.com.br\/wp-content\/uploads\/2025\/03\/maior-caverna-do-mundo.jpg","datePublished":"2025-03-12T14:12:13+00:00","dateModified":"2025-03-12T14:12:14+00:00","breadcrumb":{"@id":"https:\/\/jornalfatosenoticias.com.br\/index.php\/2025\/03\/12\/a-maior-caverna-do-mundo-em-imagens-surpreendentes\/#breadcrumb"},"inLanguage":"pt-BR","potentialAction":[{"@type":"ReadAction","target":["https:\/\/jornalfatosenoticias.com.br\/index.php\/2025\/03\/12\/a-maior-caverna-do-mundo-em-imagens-surpreendentes\/"]}]},{"@type":"ImageObject","inLanguage":"pt-BR","@id":"https:\/\/jornalfatosenoticias.com.br\/index.php\/2025\/03\/12\/a-maior-caverna-do-mundo-em-imagens-surpreendentes\/#primaryimage","url":"https:\/\/jornalfatosenoticias.com.br\/wp-content\/uploads\/2025\/03\/maior-caverna-do-mundo.jpg","contentUrl":"https:\/\/jornalfatosenoticias.com.br\/wp-content\/uploads\/2025\/03\/maior-caverna-do-mundo.jpg","width":1000,"height":539},{"@type":"BreadcrumbList","@id":"https:\/\/jornalfatosenoticias.com.br\/index.php\/2025\/03\/12\/a-maior-caverna-do-mundo-em-imagens-surpreendentes\/#breadcrumb","itemListElement":[{"@type":"ListItem","position":1,"name":"In\u00edcio","item":"https:\/\/jornalfatosenoticias.com.br\/"},{"@type":"ListItem","position":2,"name":"A maior caverna do mundo em imagens surpreendentes"}]},{"@type":"WebSite","@id":"https:\/\/jornalfatosenoticias.com.br\/#website","url":"https:\/\/jornalfatosenoticias.com.br\/","name":"Jornal Fatos e Not\u00edcias","description":"Not\u00edcias em geral","publisher":{"@id":"https:\/\/jornalfatosenoticias.com.br\/#organization"},"potentialAction":[{"@type":"SearchAction","target":{"@type":"EntryPoint","urlTemplate":"https:\/\/jornalfatosenoticias.com.br\/?s={search_term_string}"},"query-input":{"@type":"PropertyValueSpecification","valueRequired":true,"valueName":"search_term_string"}}],"inLanguage":"pt-BR"},{"@type":"Organization","@id":"https:\/\/jornalfatosenoticias.com.br\/#organization","name":"Jornal Fatos e Not\u00edcias","url":"https:\/\/jornalfatosenoticias.com.br\/","logo":{"@type":"ImageObject","inLanguage":"pt-BR","@id":"https:\/\/jornalfatosenoticias.com.br\/#\/schema\/logo\/image\/","url":"https:\/\/jornalfatosenoticias.com.br\/wp-content\/uploads\/2020\/02\/logo120.png","contentUrl":"https:\/\/jornalfatosenoticias.com.br\/wp-content\/uploads\/2020\/02\/logo120.png","width":1227,"height":120,"caption":"Jornal Fatos e Not\u00edcias"},"image":{"@id":"https:\/\/jornalfatosenoticias.com.br\/#\/schema\/logo\/image\/"}},{"@type":"Person","@id":"https:\/\/jornalfatosenoticias.com.br\/#\/schema\/person\/d63837fa13ac8666eb9e74e0985d6f81","name":"Luzimara Fernandes","image":{"@type":"ImageObject","inLanguage":"pt-BR","@id":"https:\/\/jornalfatosenoticias.com.br\/#\/schema\/person\/image\/","url":"https:\/\/jornalfatosenoticias.com.br\/wp-content\/uploads\/2025\/05\/EU_portal.jpg","contentUrl":"https:\/\/jornalfatosenoticias.com.br\/wp-content\/uploads\/2025\/05\/EU_portal.jpg","caption":"Luzimara Fernandes"},"description":"Jornalista MTB 2358-ES","sameAs":["https:\/\/jornalfatosenoticias.com.br"],"url":"https:\/\/jornalfatosenoticias.com.br\/index.php\/author\/luzimara\/"}]}},"cc_featured_image_caption":{"caption_text":"(Foto: Divulga\u00e7\u00e3o)","source_text":"","source_url":""},"jetpack_featured_media_url":"https:\/\/jornalfatosenoticias.com.br\/wp-content\/uploads\/2025\/03\/maior-caverna-do-mundo.jpg","_links":{"self":[{"href":"https:\/\/jornalfatosenoticias.com.br\/index.php\/wp-json\/wp\/v2\/posts\/57654","targetHints":{"allow":["GET"]}}],"collection":[{"href":"https:\/\/jornalfatosenoticias.com.br\/index.php\/wp-json\/wp\/v2\/posts"}],"about":[{"href":"https:\/\/jornalfatosenoticias.com.br\/index.php\/wp-json\/wp\/v2\/types\/post"}],"author":[{"embeddable":true,"href":"https:\/\/jornalfatosenoticias.com.br\/index.php\/wp-json\/wp\/v2\/users\/2"}],"replies":[{"embeddable":true,"href":"https:\/\/jornalfatosenoticias.com.br\/index.php\/wp-json\/wp\/v2\/comments?post=57654"}],"version-history":[{"count":0,"href":"https:\/\/jornalfatosenoticias.com.br\/index.php\/wp-json\/wp\/v2\/posts\/57654\/revisions"}],"wp:featuredmedia":[{"embeddable":true,"href":"https:\/\/jornalfatosenoticias.com.br\/index.php\/wp-json\/wp\/v2\/media\/57658"}],"wp:attachment":[{"href":"https:\/\/jornalfatosenoticias.com.br\/index.php\/wp-json\/wp\/v2\/media?parent=57654"}],"wp:term":[{"taxonomy":"category","embeddable":true,"href":"https:\/\/jornalfatosenoticias.com.br\/index.php\/wp-json\/wp\/v2\/categories?post=57654"},{"taxonomy":"post_tag","embeddable":true,"href":"https:\/\/jornalfatosenoticias.com.br\/index.php\/wp-json\/wp\/v2\/tags?post=57654"}],"curies":[{"name":"wp","href":"https:\/\/api.w.org\/{rel}","templated":true}]}}