{"id":57663,"date":"2025-03-12T14:31:24","date_gmt":"2025-03-12T17:31:24","guid":{"rendered":"https:\/\/jornalfatosenoticias.com.br\/?p=57663"},"modified":"2025-03-12T14:32:17","modified_gmt":"2025-03-12T17:32:17","slug":"quais-empresas-do-brasil-perdem-com-as-tarifas-de-trump-e-qual-pode-sair-ganhando","status":"publish","type":"post","link":"https:\/\/jornalfatosenoticias.com.br\/index.php\/2025\/03\/12\/quais-empresas-do-brasil-perdem-com-as-tarifas-de-trump-e-qual-pode-sair-ganhando\/","title":{"rendered":"Quais empresas do Brasil perdem com as tarifas de Trump e quem pode sair ganhando"},"content":{"rendered":"\n<p><em><span class=\"has-inline-color has-black-color\">Brasil \u00e9 o segundo maior fornecedor de a\u00e7o para os Estados Unidos<\/span><\/em><\/p>\n\n\n\n<p><span class=\"has-inline-color has-black-color\">Por <strong><a href=\"https:\/\/www.gazetadopovo.com.br\/autor\/vandre-kramer\/\" rel=\"nofollow\">Vandr\u00e9 Kramer<\/a><\/strong><\/span><\/p>\n\n\n\n<div class=\"wp-block-image\"><figure class=\"aligncenter size-large\"><a href=\"https:\/\/panper.com.br\/\"><img loading=\"lazy\" decoding=\"async\" width=\"1024\" height=\"111\" src=\"https:\/\/jornalfatosenoticias.com.br\/wp-content\/uploads\/2020\/02\/WhatsApp-Image-2022-09-23-at-12.09.18-1024x111.jpeg\" alt=\"\" class=\"wp-image-34527\" srcset=\"https:\/\/jornalfatosenoticias.com.br\/wp-content\/uploads\/2020\/02\/WhatsApp-Image-2022-09-23-at-12.09.18-1024x111.jpeg 1024w, https:\/\/jornalfatosenoticias.com.br\/wp-content\/uploads\/2020\/02\/WhatsApp-Image-2022-09-23-at-12.09.18-300x32.jpeg 300w, https:\/\/jornalfatosenoticias.com.br\/wp-content\/uploads\/2020\/02\/WhatsApp-Image-2022-09-23-at-12.09.18-768x83.jpeg 768w, https:\/\/jornalfatosenoticias.com.br\/wp-content\/uploads\/2020\/02\/WhatsApp-Image-2022-09-23-at-12.09.18.jpeg 1121w\" sizes=\"auto, (max-width: 1024px) 100vw, 1024px\" \/><\/a><\/figure><\/div>\n\n\n\n<p>As tarifas de 25% impostas pelo presidente dos EUA, Donald Trump, sobre a\u00e7o e alum\u00ednio importados come\u00e7aram a valer nesta quarta-feira (12), afetando diretamente o Brasil. Embora algumas empresas instaladas no Brasil saiam perdendo com a taxa\u00e7\u00e3o, pelo menos uma companhia brasileira do setor pode sair ganhando.<br>O a\u00e7o \u00e9 o segundo principal item de exporta\u00e7\u00e3o para os Estados Unidos, que s\u00e3o o destino de quase metade das vendas externas das sider\u00fargicas brasileiras. O Brasil, segundo maior fornecedor de a\u00e7o para os EUA, exportou 4,1 milh\u00f5es de toneladas em 2024, ficando atr\u00e1s apenas do Canad\u00e1, de acordo com o Departamento de Com\u00e9rcio dos Estados Unidos.<\/p>\n\n\n\n<div class=\"wp-block-image\"><figure class=\"aligncenter size-large is-resized\"><a href=\"https:\/\/www.instagram.com\/rcradiadores\/\"><img loading=\"lazy\" decoding=\"async\" src=\"https:\/\/jornalfatosenoticias.com.br\/wp-content\/uploads\/2022\/10\/RC_800x750_page-0001.jpg\" alt=\"\" class=\"wp-image-35338\" width=\"355\" height=\"333\" srcset=\"https:\/\/jornalfatosenoticias.com.br\/wp-content\/uploads\/2022\/10\/RC_800x750_page-0001.jpg 400w, https:\/\/jornalfatosenoticias.com.br\/wp-content\/uploads\/2022\/10\/RC_800x750_page-0001-300x281.jpg 300w\" sizes=\"auto, (max-width: 355px) 100vw, 355px\" \/><\/a><\/figure><\/div>\n\n\n\n<p>A receita das sider\u00fargicas brasileiras com essa venda foi de US$ 5,7 bilh\u00f5es em 2024, 17,1% a menos do que no ano anterior, segundo a Secretaria de Com\u00e9rcio Exterior (Secex). Os neg\u00f3cios est\u00e3o em queda desde 2022 e os principais itens exportados s\u00e3o produtos semimanufaturados sem liga e lingotes. Analistas apontam que um grande desafio ser\u00e1 a diversifica\u00e7\u00e3o de mercados a partir da medida adotada por Trump, dificultada pela forte concorr\u00eancia chinesa. Outra op\u00e7\u00e3o seria direcionar o excedente para o mercado interno, que deve ter desacelera\u00e7\u00e3o no crescimento neste ano.<\/p>\n\n\n\n<div class=\"wp-block-image\"><figure class=\"aligncenter size-large is-resized\"><a href=\"https:\/\/www.instagram.com\/restaurantepegoretti\/\"><img loading=\"lazy\" decoding=\"async\" src=\"https:\/\/jornalfatosenoticias.com.br\/wp-content\/uploads\/2023\/12\/pegoretti-logo-pdf-1024x389.jpg\" alt=\"\" class=\"wp-image-47536\" width=\"493\" height=\"187\" srcset=\"https:\/\/jornalfatosenoticias.com.br\/wp-content\/uploads\/2023\/12\/pegoretti-logo-pdf-1024x389.jpg 1024w, https:\/\/jornalfatosenoticias.com.br\/wp-content\/uploads\/2023\/12\/pegoretti-logo-pdf-300x114.jpg 300w, https:\/\/jornalfatosenoticias.com.br\/wp-content\/uploads\/2023\/12\/pegoretti-logo-pdf-768x291.jpg 768w, https:\/\/jornalfatosenoticias.com.br\/wp-content\/uploads\/2023\/12\/pegoretti-logo-pdf.jpg 1120w\" sizes=\"auto, (max-width: 493px) 100vw, 493px\" \/><\/a><\/figure><\/div>\n\n\n\n<p><strong><span class=\"has-inline-color has-black-color\">Quais empresas s\u00e3o mais afetadas, e quem pode sair ganhando<br><\/span><\/strong>Os impactos ser\u00e3o mais sentidos por multinacionais como ArcelorMittal e Ternium, que produzem e exportam placas de a\u00e7o do Brasil para os EUA. Sider\u00fargicas brasileiras, como CSN e Usiminas tamb\u00e9m devem ser afetadas, mas em menor escala, segundo relat\u00f3rio do Ita\u00fa BBA divulgado pela BBC. E pelo menos uma empresa, a Gerdau, pode at\u00e9 se beneficiar.<\/p>\n\n\n\n<div class=\"wp-block-image\"><figure class=\"aligncenter size-large is-resized\"><a href=\"https:\/\/www.instagram.com\/vmais.midias\/\"><img loading=\"lazy\" decoding=\"async\" src=\"https:\/\/jornalfatosenoticias.com.br\/wp-content\/uploads\/2020\/02\/DE-MAIS-DESTAQUE-VMAIS-800X700.png\" alt=\"\" class=\"wp-image-53112\" width=\"314\" height=\"274\" srcset=\"https:\/\/jornalfatosenoticias.com.br\/wp-content\/uploads\/2020\/02\/DE-MAIS-DESTAQUE-VMAIS-800X700.png 800w, https:\/\/jornalfatosenoticias.com.br\/wp-content\/uploads\/2020\/02\/DE-MAIS-DESTAQUE-VMAIS-800X700-300x263.png 300w, https:\/\/jornalfatosenoticias.com.br\/wp-content\/uploads\/2020\/02\/DE-MAIS-DESTAQUE-VMAIS-800X700-768x672.png 768w\" sizes=\"auto, (max-width: 314px) 100vw, 314px\" \/><\/a><\/figure><\/div>\n\n\n\n<p>Maior produtora de a\u00e7o do Brasil, a Gerdau est\u00e1 reavaliando de seus investimentos no M\u00e9xico, onde planejava investir entre US$ 500 milh\u00f5es e US$ 600 milh\u00f5es na constru\u00e7\u00e3o de uma unidade. Sua produ\u00e7\u00e3o nos EUA, de 4 milh\u00f5es de toneladas por ano, \u00e9 destinada exclusivamente ao mercado interno. N\u00e3o h\u00e1 exporta\u00e7\u00f5es do Brasil.<\/p>\n\n\n\n<div class=\"wp-block-image\"><figure class=\"aligncenter size-large is-resized\"><a href=\"https:\/\/www.facebook.com\/vetor.vix\/\"><img loading=\"lazy\" decoding=\"async\" src=\"https:\/\/jornalfatosenoticias.com.br\/wp-content\/uploads\/2023\/09\/vetorvix1024_1.jpg\" alt=\"\" class=\"wp-image-44868\" width=\"554\" height=\"147\" srcset=\"https:\/\/jornalfatosenoticias.com.br\/wp-content\/uploads\/2023\/09\/vetorvix1024_1.jpg 1024w, https:\/\/jornalfatosenoticias.com.br\/wp-content\/uploads\/2023\/09\/vetorvix1024_1-300x80.jpg 300w, https:\/\/jornalfatosenoticias.com.br\/wp-content\/uploads\/2023\/09\/vetorvix1024_1-768x205.jpg 768w\" sizes=\"auto, (max-width: 554px) 100vw, 554px\" \/><\/a><\/figure><\/div>\n\n\n\n<p>O CEO da Gerdau, Gustavo Werneck, afirmou em teleconfer\u00eancia que a empresa est\u00e1 analisando alternativas, incluindo realizar o investimento da nova usina em etapas ou expandir a capacidade nas f\u00e1bricas de Michigan e Arkansas. Ele destacou o a\u00e7o especial como estrat\u00e9gico para o grupo nas Am\u00e9ricas e mencionou que as tarifas podem resultar em maior produ\u00e7\u00e3o nos EUA e mais lucratividade. Atualmente, a Gerdau opera com 70% de sua capacidade de lamina\u00e7\u00e3o nos EUA.<\/p>\n\n\n\n<div class=\"wp-block-image\"><figure class=\"aligncenter size-large is-resized\"><a href=\"https:\/\/www.instagram.com\/esteiochurrascaria\/\"><img loading=\"lazy\" decoding=\"async\" src=\"https:\/\/jornalfatosenoticias.com.br\/wp-content\/uploads\/2022\/02\/LOGO-ESTEIO-1024x730.png\" alt=\"\" class=\"wp-image-27942\" width=\"359\" height=\"256\" srcset=\"https:\/\/jornalfatosenoticias.com.br\/wp-content\/uploads\/2022\/02\/LOGO-ESTEIO-1024x730.png 1024w, https:\/\/jornalfatosenoticias.com.br\/wp-content\/uploads\/2022\/02\/LOGO-ESTEIO-300x214.png 300w, https:\/\/jornalfatosenoticias.com.br\/wp-content\/uploads\/2022\/02\/LOGO-ESTEIO-768x548.png 768w, https:\/\/jornalfatosenoticias.com.br\/wp-content\/uploads\/2022\/02\/LOGO-ESTEIO.png 1123w\" sizes=\"auto, (max-width: 359px) 100vw, 359px\" \/><\/a><\/figure><\/div>\n\n\n\n<p>Com presen\u00e7a s\u00f3lida nos EUA, a Gerdau deve se beneficiar das tarifas impostas por Trump como prote\u00e7\u00e3o contra o protecionismo, segundo a ag\u00eancia Reuters. Em contraste, a CSN, que exporta cerca de 4% de sua produ\u00e7\u00e3o no Brasil aos EUA, ser\u00e1 mais impactada, agravando dificuldades do setor, que j\u00e1 enfrenta margens estreitas e desafios para gera\u00e7\u00e3o de caixa, segundo analistas.<br>A Usiminas, que exporta apenas 1% de sua produ\u00e7\u00e3o aos EUA e registrou preju\u00edzo de R$ 117 milh\u00f5es no \u00faltimo trimestre, ser\u00e1 menos atingida do que a CSN.<\/p>\n\n\n\n<div class=\"wp-block-image\"><figure class=\"aligncenter size-large is-resized\"><a href=\"https:\/\/www.instagram.com\/ligadossaborespizzaria\/\"><img loading=\"lazy\" decoding=\"async\" src=\"https:\/\/jornalfatosenoticias.com.br\/wp-content\/uploads\/2020\/02\/WhatsApp-Image-2024-10-02-at-08.18.14-819x1024.jpeg\" alt=\"\" class=\"wp-image-54612\" width=\"318\" height=\"398\" srcset=\"https:\/\/jornalfatosenoticias.com.br\/wp-content\/uploads\/2020\/02\/WhatsApp-Image-2024-10-02-at-08.18.14-819x1024.jpeg 819w, https:\/\/jornalfatosenoticias.com.br\/wp-content\/uploads\/2020\/02\/WhatsApp-Image-2024-10-02-at-08.18.14-240x300.jpeg 240w, https:\/\/jornalfatosenoticias.com.br\/wp-content\/uploads\/2020\/02\/WhatsApp-Image-2024-10-02-at-08.18.14-768x960.jpeg 768w, https:\/\/jornalfatosenoticias.com.br\/wp-content\/uploads\/2020\/02\/WhatsApp-Image-2024-10-02-at-08.18.14.jpeg 1024w\" sizes=\"auto, (max-width: 318px) 100vw, 318px\" \/><\/a><\/figure><\/div>\n\n\n\n<p>A Associa\u00e7\u00e3o Brasileira do Alum\u00ednio (Abal) destacou que os efeitos imediatos das tarifas ser\u00e3o a redu\u00e7\u00e3o das exporta\u00e7\u00f5es e o acesso mais dif\u00edcil ao mercado americano. Apesar de ressaltarem a qualidade e sustentabilidade dos produtos brasileiros, a sobretaxa os tornar\u00e1 menos competitivos. Embora o Brasil represente menos de 1% das importa\u00e7\u00f5es de alum\u00ednio dos EUA, as vendas do metal ao pa\u00eds equivalem a 16,8% das exporta\u00e7\u00f5es brasileiras, movimentando US$ 267 milh\u00f5es.<\/p>\n\n\n\n<div class=\"wp-block-image\"><figure class=\"aligncenter size-large is-resized\"><a href=\"https:\/\/hotelmarquetti.com.br\/\"><img loading=\"lazy\" decoding=\"async\" src=\"https:\/\/jornalfatosenoticias.com.br\/wp-content\/uploads\/2023\/03\/nova-logo-Marquetti.jpg\" alt=\"\" class=\"wp-image-40207\" width=\"339\" height=\"228\" srcset=\"https:\/\/jornalfatosenoticias.com.br\/wp-content\/uploads\/2023\/03\/nova-logo-Marquetti.jpg 643w, https:\/\/jornalfatosenoticias.com.br\/wp-content\/uploads\/2023\/03\/nova-logo-Marquetti-300x202.jpg 300w\" sizes=\"auto, (max-width: 339px) 100vw, 339px\" \/><\/a><\/figure><\/div>\n\n\n\n<p><strong><span class=\"has-inline-color has-black-color\">Brasil tenta reverter medidas, enquanto Lula mostra estrid\u00eancia<br><\/span><\/strong>O governo brasileiro tenta reverter diplomaticamente a posi\u00e7\u00e3o norte-americana, mas em certos momentos vem mostrando estrid\u00eancia, como foi o posicionamento de Luiz In\u00e1cio Lula da Silva (PT) nesta segunda-feira (11), durante visita a Betim (MG). <strong><em>\u201cN\u00e3o adianta o Trump continuar gritando de l\u00e1, porque aprendi a n\u00e3o ter medo de cara feia. Fale manso comigo, fale com respeito comigo\u201d.<\/em><\/strong><\/p>\n\n\n\n<div class=\"wp-block-image\"><figure class=\"aligncenter size-large is-resized\"><a href=\"https:\/\/www.ithbrasil.com.br\/\"><img loading=\"lazy\" decoding=\"async\" src=\"https:\/\/jornalfatosenoticias.com.br\/wp-content\/uploads\/2023\/08\/ITH.jpeg\" alt=\"\" class=\"wp-image-44638\" width=\"330\" height=\"268\" srcset=\"https:\/\/jornalfatosenoticias.com.br\/wp-content\/uploads\/2023\/08\/ITH.jpeg 800w, https:\/\/jornalfatosenoticias.com.br\/wp-content\/uploads\/2023\/08\/ITH-300x244.jpeg 300w, https:\/\/jornalfatosenoticias.com.br\/wp-content\/uploads\/2023\/08\/ITH-768x624.jpeg 768w\" sizes=\"auto, (max-width: 330px) 100vw, 330px\" \/><\/a><\/figure><\/div>\n\n\n\n<p>Um dos interlocutores brasileiros \u00e9 o vice-presidente e ministro do Desenvolvimento, Geraldo Alckmin. Uma das alternativas em an\u00e1lise \u00e9 a renova\u00e7\u00e3o das cotas de importa\u00e7\u00e3o de a\u00e7o, como foi feito no mandato anterior de Trump, em 2018.<\/p>\n\n\n\n<div class=\"wp-block-image\"><figure class=\"aligncenter size-large is-resized\"><a href=\"https:\/\/www.legisjuris.com.br\/\"><img loading=\"lazy\" decoding=\"async\" src=\"https:\/\/jornalfatosenoticias.com.br\/wp-content\/uploads\/2024\/09\/Legis-Juris-Consultoria_logo.jpg\" alt=\"\" class=\"wp-image-53915\" width=\"523\" height=\"219\" srcset=\"https:\/\/jornalfatosenoticias.com.br\/wp-content\/uploads\/2024\/09\/Legis-Juris-Consultoria_logo.jpg 969w, https:\/\/jornalfatosenoticias.com.br\/wp-content\/uploads\/2024\/09\/Legis-Juris-Consultoria_logo-300x126.jpg 300w, https:\/\/jornalfatosenoticias.com.br\/wp-content\/uploads\/2024\/09\/Legis-Juris-Consultoria_logo-768x322.jpg 768w\" sizes=\"auto, (max-width: 523px) 100vw, 523px\" \/><\/a><\/figure><\/div>\n\n\n\n<p>Naquela ocasi\u00e3o, os governos de Estados Unidos e Brasil negociaram o estabelecimento de cotas de exporta\u00e7\u00e3o para o mercado norte-americano de 3,5 milh\u00f5es de toneladas de semiacabados\/placas e 687 mil toneladas de laminados. Tal medida flexibilizou decis\u00e3o anterior do presidente Donald Trump que havia estabelecido al\u00edquota de importa\u00e7\u00e3o de a\u00e7o para 25%.<\/p>\n\n\n\n<div class=\"wp-block-image\"><figure class=\"aligncenter size-large is-resized\"><a href=\"https:\/\/www.controlsystems.com.br\/\"><img loading=\"lazy\" decoding=\"async\" src=\"https:\/\/jornalfatosenoticias.com.br\/wp-content\/uploads\/2020\/02\/CONTROL-CS.jpg\" alt=\"\" class=\"wp-image-44991\" width=\"276\" height=\"330\" srcset=\"https:\/\/jornalfatosenoticias.com.br\/wp-content\/uploads\/2020\/02\/CONTROL-CS.jpg 834w, https:\/\/jornalfatosenoticias.com.br\/wp-content\/uploads\/2020\/02\/CONTROL-CS-250x300.jpg 250w, https:\/\/jornalfatosenoticias.com.br\/wp-content\/uploads\/2020\/02\/CONTROL-CS-768x921.jpg 768w\" sizes=\"auto, (max-width: 276px) 100vw, 276px\" \/><\/a><\/figure><\/div>\n\n\n\n<p>Alckmin chegou a se reunir remotamente com o secret\u00e1rio de Com\u00e9rcio do governo Trump, Howard Lutnick, e com o representante comercial americano Jamieson Greer. Os Estados Unidos pedem, em troca, uma redu\u00e7\u00e3o do imposto de importa\u00e7\u00e3o que o Brasil aplica sobre o etanol importado, de 18%. H\u00e1 a expectativa de que eles voltem a se reunir nesta semana.<\/p>\n\n\n\n<div class=\"wp-block-image\"><figure class=\"aligncenter size-large is-resized\"><a href=\"https:\/\/cesconetto.com.br\/\"><img loading=\"lazy\" decoding=\"async\" src=\"https:\/\/jornalfatosenoticias.com.br\/wp-content\/uploads\/2022\/02\/Banner-2.png\" alt=\"\" class=\"wp-image-27877\" width=\"320\" height=\"267\"\/><\/a><\/figure><\/div>\n\n\n\n<p><strong><span class=\"has-inline-color has-black-color\">Empresas americanas j\u00e1 sentem impactos das tarifas de Trump sobre a\u00e7o e alum\u00ednio<br><\/span><\/strong>As medidas foram anunciadas em fevereiro por Trump com a justificativa de fechar brechas e isen\u00e7\u00f5es existentes e supostas pr\u00e1ticas de com\u00e9rcio injustas. Cerca de um quarto do a\u00e7o usado nas f\u00e1bricas americanas \u00e9 importado. O insumo \u00e9 essencial para a ind\u00fastria automobil\u00edstica e da constru\u00e7\u00e3o civil, por exemplo.<\/p>\n\n\n\n<div class=\"wp-block-image\"><figure class=\"aligncenter size-large\"><a href=\"http:\/\/www.ferrarimaquinas.com.br\/\"><img loading=\"lazy\" decoding=\"async\" width=\"300\" height=\"250\" src=\"https:\/\/jornalfatosenoticias.com.br\/wp-content\/uploads\/2022\/02\/FERRARI_MAQUINAS-E-FERRAMENTAS2.jpg\" alt=\"\" class=\"wp-image-27860\"\/><\/a><\/figure><\/div>\n\n\n\n<p>Outro objetivo, tamb\u00e9m, seria o de proteger a ind\u00fastria norte-americana. Trump v\u00ea as tarifas como uma forma de incentivar a produ\u00e7\u00e3o no longo prazo. Segundo a Bloomberg, mesmo antes do in\u00edcio da taxa\u00e7\u00e3o, as f\u00e1bricas americanas estariam pagando mais pelos suprimentos de alum\u00ednio e cobre do que as suas concorrentes no exterior. A medida estaria enfraquecendo a confian\u00e7a das empresas do pa\u00eds e j\u00e1 estaria alimentando a infla\u00e7\u00e3o. Nesta segunda (11), o alum\u00ednio estava cerca de 23% mais caro comparativamente \u00e0 Europa e o a\u00e7o, 40%.<\/p>\n\n\n\n<div class=\"wp-block-image\"><figure class=\"aligncenter size-large is-resized\"><a href=\"https:\/\/www.instagram.com\/serra4x4cambioautomatico\/\"><img loading=\"lazy\" decoding=\"async\" src=\"https:\/\/jornalfatosenoticias.com.br\/wp-content\/uploads\/2024\/08\/Serra-4x4-1-886x1024.jpg\" alt=\"\" class=\"wp-image-53632\" width=\"284\" height=\"328\" srcset=\"https:\/\/jornalfatosenoticias.com.br\/wp-content\/uploads\/2024\/08\/Serra-4x4-1-886x1024.jpg 886w, https:\/\/jornalfatosenoticias.com.br\/wp-content\/uploads\/2024\/08\/Serra-4x4-1-260x300.jpg 260w, https:\/\/jornalfatosenoticias.com.br\/wp-content\/uploads\/2024\/08\/Serra-4x4-1-768x888.jpg 768w, https:\/\/jornalfatosenoticias.com.br\/wp-content\/uploads\/2024\/08\/Serra-4x4-1.jpg 1181w\" sizes=\"auto, (max-width: 284px) 100vw, 284px\" \/><\/a><\/figure><\/div>\n\n\n\n<p><strong><em>Fonte: <a href=\"https:\/\/www.gazetadopovo.com.br\/economia\/tarifas-trump-aco-aluminio-brasil-empresas-afetadas\/\">Gazeta do Povo<\/a><\/em><\/strong><\/p>\n","protected":false},"excerpt":{"rendered":"<p>Brasil \u00e9 o segundo maior fornecedor de a\u00e7o para os Estados Unidos Por Vandr\u00e9 Kramer As tarifas de 25% impostas pelo presidente dos EUA, Donald Trump, sobre a\u00e7o e alum\u00ednio importados come\u00e7aram a valer nesta quarta-feira (12), afetando diretamente o Brasil. Embora algumas empresas instaladas no Brasil saiam perdendo com a taxa\u00e7\u00e3o, pelo menos uma [&hellip;]<\/p>\n","protected":false},"author":2,"featured_media":57664,"comment_status":"open","ping_status":"open","sticky":false,"template":"","format":"standard","meta":{"footnotes":""},"categories":[9],"tags":[15837,2147,1751,22607,6750,280,7580],"class_list":["post-57663","post","type-post","status-publish","format-standard","has-post-thumbnail","hentry","category-economia","tag-comercio-exterior","tag-donald-trump","tag-estados-unidos","tag-geraldo-alckmin","tag-importacao","tag-industria","tag-lula"],"yoast_head":"<!-- This site is optimized with the Yoast SEO plugin v26.5 - https:\/\/yoast.com\/wordpress\/plugins\/seo\/ -->\n<title>Quais empresas do Brasil perdem com as tarifas de Trump e quem pode sair ganhando - Jornal Fatos e Not\u00edcias<\/title>\n<meta name=\"robots\" content=\"index, follow, max-snippet:-1, max-image-preview:large, max-video-preview:-1\" \/>\n<link rel=\"canonical\" href=\"https:\/\/jornalfatosenoticias.com.br\/index.php\/2025\/03\/12\/quais-empresas-do-brasil-perdem-com-as-tarifas-de-trump-e-qual-pode-sair-ganhando\/\" \/>\n<meta property=\"og:locale\" content=\"pt_BR\" \/>\n<meta property=\"og:type\" content=\"article\" \/>\n<meta property=\"og:title\" content=\"Quais empresas do Brasil perdem com as tarifas de Trump e quem pode sair ganhando - Jornal Fatos e Not\u00edcias\" \/>\n<meta property=\"og:description\" content=\"Brasil \u00e9 o segundo maior fornecedor de a\u00e7o para os Estados Unidos Por Vandr\u00e9 Kramer As tarifas de 25% impostas pelo presidente dos EUA, Donald Trump, sobre a\u00e7o e alum\u00ednio importados come\u00e7aram a valer nesta quarta-feira (12), afetando diretamente o Brasil. Embora algumas empresas instaladas no Brasil saiam perdendo com a taxa\u00e7\u00e3o, pelo menos uma [&hellip;]\" \/>\n<meta property=\"og:url\" content=\"https:\/\/jornalfatosenoticias.com.br\/index.php\/2025\/03\/12\/quais-empresas-do-brasil-perdem-com-as-tarifas-de-trump-e-qual-pode-sair-ganhando\/\" \/>\n<meta property=\"og:site_name\" content=\"Jornal Fatos e Not\u00edcias\" \/>\n<meta property=\"article:published_time\" content=\"2025-03-12T17:31:24+00:00\" \/>\n<meta property=\"article:modified_time\" content=\"2025-03-12T17:32:17+00:00\" \/>\n<meta property=\"og:image\" content=\"https:\/\/jornalfatosenoticias.com.br\/wp-content\/uploads\/2025\/03\/aco-brasil-trump-tarifas_istock.jpg\" \/>\n\t<meta property=\"og:image:width\" content=\"612\" \/>\n\t<meta property=\"og:image:height\" content=\"344\" \/>\n\t<meta property=\"og:image:type\" content=\"image\/jpeg\" \/>\n<meta name=\"author\" content=\"Luzimara Fernandes\" \/>\n<meta name=\"twitter:card\" content=\"summary_large_image\" \/>\n<meta name=\"twitter:label1\" content=\"Escrito por\" \/>\n\t<meta name=\"twitter:data1\" content=\"Luzimara Fernandes\" \/>\n\t<meta name=\"twitter:label2\" content=\"Est. tempo de leitura\" \/>\n\t<meta name=\"twitter:data2\" content=\"5 minutos\" \/>\n<script type=\"application\/ld+json\" class=\"yoast-schema-graph\">{\"@context\":\"https:\/\/schema.org\",\"@graph\":[{\"@type\":\"Article\",\"@id\":\"https:\/\/jornalfatosenoticias.com.br\/index.php\/2025\/03\/12\/quais-empresas-do-brasil-perdem-com-as-tarifas-de-trump-e-qual-pode-sair-ganhando\/#article\",\"isPartOf\":{\"@id\":\"https:\/\/jornalfatosenoticias.com.br\/index.php\/2025\/03\/12\/quais-empresas-do-brasil-perdem-com-as-tarifas-de-trump-e-qual-pode-sair-ganhando\/\"},\"author\":{\"name\":\"Luzimara Fernandes\",\"@id\":\"https:\/\/jornalfatosenoticias.com.br\/#\/schema\/person\/d63837fa13ac8666eb9e74e0985d6f81\"},\"headline\":\"Quais empresas do Brasil perdem com as tarifas de Trump e quem pode sair ganhando\",\"datePublished\":\"2025-03-12T17:31:24+00:00\",\"dateModified\":\"2025-03-12T17:32:17+00:00\",\"mainEntityOfPage\":{\"@id\":\"https:\/\/jornalfatosenoticias.com.br\/index.php\/2025\/03\/12\/quais-empresas-do-brasil-perdem-com-as-tarifas-de-trump-e-qual-pode-sair-ganhando\/\"},\"wordCount\":1017,\"commentCount\":0,\"publisher\":{\"@id\":\"https:\/\/jornalfatosenoticias.com.br\/#organization\"},\"image\":{\"@id\":\"https:\/\/jornalfatosenoticias.com.br\/index.php\/2025\/03\/12\/quais-empresas-do-brasil-perdem-com-as-tarifas-de-trump-e-qual-pode-sair-ganhando\/#primaryimage\"},\"thumbnailUrl\":\"https:\/\/jornalfatosenoticias.com.br\/wp-content\/uploads\/2025\/03\/aco-brasil-trump-tarifas_istock.jpg\",\"keywords\":[\"com\u00e9rcio exterior\",\"Donald Trump\",\"Estados Unidos\",\"Geraldo Alckmin\",\"importa\u00e7\u00e3o\",\"ind\u00fastria\",\"Lula\"],\"articleSection\":[\"Economia\"],\"inLanguage\":\"pt-BR\",\"potentialAction\":[{\"@type\":\"CommentAction\",\"name\":\"Comment\",\"target\":[\"https:\/\/jornalfatosenoticias.com.br\/index.php\/2025\/03\/12\/quais-empresas-do-brasil-perdem-com-as-tarifas-de-trump-e-qual-pode-sair-ganhando\/#respond\"]}]},{\"@type\":\"WebPage\",\"@id\":\"https:\/\/jornalfatosenoticias.com.br\/index.php\/2025\/03\/12\/quais-empresas-do-brasil-perdem-com-as-tarifas-de-trump-e-qual-pode-sair-ganhando\/\",\"url\":\"https:\/\/jornalfatosenoticias.com.br\/index.php\/2025\/03\/12\/quais-empresas-do-brasil-perdem-com-as-tarifas-de-trump-e-qual-pode-sair-ganhando\/\",\"name\":\"Quais empresas do Brasil perdem com as tarifas de Trump e quem pode sair ganhando - Jornal Fatos e Not\u00edcias\",\"isPartOf\":{\"@id\":\"https:\/\/jornalfatosenoticias.com.br\/#website\"},\"primaryImageOfPage\":{\"@id\":\"https:\/\/jornalfatosenoticias.com.br\/index.php\/2025\/03\/12\/quais-empresas-do-brasil-perdem-com-as-tarifas-de-trump-e-qual-pode-sair-ganhando\/#primaryimage\"},\"image\":{\"@id\":\"https:\/\/jornalfatosenoticias.com.br\/index.php\/2025\/03\/12\/quais-empresas-do-brasil-perdem-com-as-tarifas-de-trump-e-qual-pode-sair-ganhando\/#primaryimage\"},\"thumbnailUrl\":\"https:\/\/jornalfatosenoticias.com.br\/wp-content\/uploads\/2025\/03\/aco-brasil-trump-tarifas_istock.jpg\",\"datePublished\":\"2025-03-12T17:31:24+00:00\",\"dateModified\":\"2025-03-12T17:32:17+00:00\",\"breadcrumb\":{\"@id\":\"https:\/\/jornalfatosenoticias.com.br\/index.php\/2025\/03\/12\/quais-empresas-do-brasil-perdem-com-as-tarifas-de-trump-e-qual-pode-sair-ganhando\/#breadcrumb\"},\"inLanguage\":\"pt-BR\",\"potentialAction\":[{\"@type\":\"ReadAction\",\"target\":[\"https:\/\/jornalfatosenoticias.com.br\/index.php\/2025\/03\/12\/quais-empresas-do-brasil-perdem-com-as-tarifas-de-trump-e-qual-pode-sair-ganhando\/\"]}]},{\"@type\":\"ImageObject\",\"inLanguage\":\"pt-BR\",\"@id\":\"https:\/\/jornalfatosenoticias.com.br\/index.php\/2025\/03\/12\/quais-empresas-do-brasil-perdem-com-as-tarifas-de-trump-e-qual-pode-sair-ganhando\/#primaryimage\",\"url\":\"https:\/\/jornalfatosenoticias.com.br\/wp-content\/uploads\/2025\/03\/aco-brasil-trump-tarifas_istock.jpg\",\"contentUrl\":\"https:\/\/jornalfatosenoticias.com.br\/wp-content\/uploads\/2025\/03\/aco-brasil-trump-tarifas_istock.jpg\",\"width\":612,\"height\":344,\"caption\":\"Metal worker cutting a metal objects with circular saw in small workshop.\"},{\"@type\":\"BreadcrumbList\",\"@id\":\"https:\/\/jornalfatosenoticias.com.br\/index.php\/2025\/03\/12\/quais-empresas-do-brasil-perdem-com-as-tarifas-de-trump-e-qual-pode-sair-ganhando\/#breadcrumb\",\"itemListElement\":[{\"@type\":\"ListItem\",\"position\":1,\"name\":\"In\u00edcio\",\"item\":\"https:\/\/jornalfatosenoticias.com.br\/\"},{\"@type\":\"ListItem\",\"position\":2,\"name\":\"Quais empresas do Brasil perdem com as tarifas de Trump e quem pode sair ganhando\"}]},{\"@type\":\"WebSite\",\"@id\":\"https:\/\/jornalfatosenoticias.com.br\/#website\",\"url\":\"https:\/\/jornalfatosenoticias.com.br\/\",\"name\":\"Jornal Fatos e Not\u00edcias\",\"description\":\"Not\u00edcias em geral\",\"publisher\":{\"@id\":\"https:\/\/jornalfatosenoticias.com.br\/#organization\"},\"potentialAction\":[{\"@type\":\"SearchAction\",\"target\":{\"@type\":\"EntryPoint\",\"urlTemplate\":\"https:\/\/jornalfatosenoticias.com.br\/?s={search_term_string}\"},\"query-input\":{\"@type\":\"PropertyValueSpecification\",\"valueRequired\":true,\"valueName\":\"search_term_string\"}}],\"inLanguage\":\"pt-BR\"},{\"@type\":\"Organization\",\"@id\":\"https:\/\/jornalfatosenoticias.com.br\/#organization\",\"name\":\"Jornal Fatos e Not\u00edcias\",\"url\":\"https:\/\/jornalfatosenoticias.com.br\/\",\"logo\":{\"@type\":\"ImageObject\",\"inLanguage\":\"pt-BR\",\"@id\":\"https:\/\/jornalfatosenoticias.com.br\/#\/schema\/logo\/image\/\",\"url\":\"https:\/\/jornalfatosenoticias.com.br\/wp-content\/uploads\/2020\/02\/logo120.png\",\"contentUrl\":\"https:\/\/jornalfatosenoticias.com.br\/wp-content\/uploads\/2020\/02\/logo120.png\",\"width\":1227,\"height\":120,\"caption\":\"Jornal Fatos e Not\u00edcias\"},\"image\":{\"@id\":\"https:\/\/jornalfatosenoticias.com.br\/#\/schema\/logo\/image\/\"}},{\"@type\":\"Person\",\"@id\":\"https:\/\/jornalfatosenoticias.com.br\/#\/schema\/person\/d63837fa13ac8666eb9e74e0985d6f81\",\"name\":\"Luzimara Fernandes\",\"image\":{\"@type\":\"ImageObject\",\"inLanguage\":\"pt-BR\",\"@id\":\"https:\/\/jornalfatosenoticias.com.br\/#\/schema\/person\/image\/\",\"url\":\"https:\/\/jornalfatosenoticias.com.br\/wp-content\/uploads\/2025\/05\/EU_portal.jpg\",\"contentUrl\":\"https:\/\/jornalfatosenoticias.com.br\/wp-content\/uploads\/2025\/05\/EU_portal.jpg\",\"caption\":\"Luzimara Fernandes\"},\"description\":\"Jornalista MTB 2358-ES\",\"sameAs\":[\"https:\/\/jornalfatosenoticias.com.br\"],\"url\":\"https:\/\/jornalfatosenoticias.com.br\/index.php\/author\/luzimara\/\"}]}<\/script>\n<!-- \/ Yoast SEO plugin. -->","yoast_head_json":{"title":"Quais empresas do Brasil perdem com as tarifas de Trump e quem pode sair ganhando - Jornal Fatos e Not\u00edcias","robots":{"index":"index","follow":"follow","max-snippet":"max-snippet:-1","max-image-preview":"max-image-preview:large","max-video-preview":"max-video-preview:-1"},"canonical":"https:\/\/jornalfatosenoticias.com.br\/index.php\/2025\/03\/12\/quais-empresas-do-brasil-perdem-com-as-tarifas-de-trump-e-qual-pode-sair-ganhando\/","og_locale":"pt_BR","og_type":"article","og_title":"Quais empresas do Brasil perdem com as tarifas de Trump e quem pode sair ganhando - Jornal Fatos e Not\u00edcias","og_description":"Brasil \u00e9 o segundo maior fornecedor de a\u00e7o para os Estados Unidos Por Vandr\u00e9 Kramer As tarifas de 25% impostas pelo presidente dos EUA, Donald Trump, sobre a\u00e7o e alum\u00ednio importados come\u00e7aram a valer nesta quarta-feira (12), afetando diretamente o Brasil. Embora algumas empresas instaladas no Brasil saiam perdendo com a taxa\u00e7\u00e3o, pelo menos uma [&hellip;]","og_url":"https:\/\/jornalfatosenoticias.com.br\/index.php\/2025\/03\/12\/quais-empresas-do-brasil-perdem-com-as-tarifas-de-trump-e-qual-pode-sair-ganhando\/","og_site_name":"Jornal Fatos e Not\u00edcias","article_published_time":"2025-03-12T17:31:24+00:00","article_modified_time":"2025-03-12T17:32:17+00:00","og_image":[{"width":612,"height":344,"url":"https:\/\/jornalfatosenoticias.com.br\/wp-content\/uploads\/2025\/03\/aco-brasil-trump-tarifas_istock.jpg","type":"image\/jpeg"}],"author":"Luzimara Fernandes","twitter_card":"summary_large_image","twitter_misc":{"Escrito por":"Luzimara Fernandes","Est. tempo de leitura":"5 minutos"},"schema":{"@context":"https:\/\/schema.org","@graph":[{"@type":"Article","@id":"https:\/\/jornalfatosenoticias.com.br\/index.php\/2025\/03\/12\/quais-empresas-do-brasil-perdem-com-as-tarifas-de-trump-e-qual-pode-sair-ganhando\/#article","isPartOf":{"@id":"https:\/\/jornalfatosenoticias.com.br\/index.php\/2025\/03\/12\/quais-empresas-do-brasil-perdem-com-as-tarifas-de-trump-e-qual-pode-sair-ganhando\/"},"author":{"name":"Luzimara Fernandes","@id":"https:\/\/jornalfatosenoticias.com.br\/#\/schema\/person\/d63837fa13ac8666eb9e74e0985d6f81"},"headline":"Quais empresas do Brasil perdem com as tarifas de Trump e quem pode sair ganhando","datePublished":"2025-03-12T17:31:24+00:00","dateModified":"2025-03-12T17:32:17+00:00","mainEntityOfPage":{"@id":"https:\/\/jornalfatosenoticias.com.br\/index.php\/2025\/03\/12\/quais-empresas-do-brasil-perdem-com-as-tarifas-de-trump-e-qual-pode-sair-ganhando\/"},"wordCount":1017,"commentCount":0,"publisher":{"@id":"https:\/\/jornalfatosenoticias.com.br\/#organization"},"image":{"@id":"https:\/\/jornalfatosenoticias.com.br\/index.php\/2025\/03\/12\/quais-empresas-do-brasil-perdem-com-as-tarifas-de-trump-e-qual-pode-sair-ganhando\/#primaryimage"},"thumbnailUrl":"https:\/\/jornalfatosenoticias.com.br\/wp-content\/uploads\/2025\/03\/aco-brasil-trump-tarifas_istock.jpg","keywords":["com\u00e9rcio exterior","Donald Trump","Estados Unidos","Geraldo Alckmin","importa\u00e7\u00e3o","ind\u00fastria","Lula"],"articleSection":["Economia"],"inLanguage":"pt-BR","potentialAction":[{"@type":"CommentAction","name":"Comment","target":["https:\/\/jornalfatosenoticias.com.br\/index.php\/2025\/03\/12\/quais-empresas-do-brasil-perdem-com-as-tarifas-de-trump-e-qual-pode-sair-ganhando\/#respond"]}]},{"@type":"WebPage","@id":"https:\/\/jornalfatosenoticias.com.br\/index.php\/2025\/03\/12\/quais-empresas-do-brasil-perdem-com-as-tarifas-de-trump-e-qual-pode-sair-ganhando\/","url":"https:\/\/jornalfatosenoticias.com.br\/index.php\/2025\/03\/12\/quais-empresas-do-brasil-perdem-com-as-tarifas-de-trump-e-qual-pode-sair-ganhando\/","name":"Quais empresas do Brasil perdem com as tarifas de Trump e quem pode sair ganhando - Jornal Fatos e Not\u00edcias","isPartOf":{"@id":"https:\/\/jornalfatosenoticias.com.br\/#website"},"primaryImageOfPage":{"@id":"https:\/\/jornalfatosenoticias.com.br\/index.php\/2025\/03\/12\/quais-empresas-do-brasil-perdem-com-as-tarifas-de-trump-e-qual-pode-sair-ganhando\/#primaryimage"},"image":{"@id":"https:\/\/jornalfatosenoticias.com.br\/index.php\/2025\/03\/12\/quais-empresas-do-brasil-perdem-com-as-tarifas-de-trump-e-qual-pode-sair-ganhando\/#primaryimage"},"thumbnailUrl":"https:\/\/jornalfatosenoticias.com.br\/wp-content\/uploads\/2025\/03\/aco-brasil-trump-tarifas_istock.jpg","datePublished":"2025-03-12T17:31:24+00:00","dateModified":"2025-03-12T17:32:17+00:00","breadcrumb":{"@id":"https:\/\/jornalfatosenoticias.com.br\/index.php\/2025\/03\/12\/quais-empresas-do-brasil-perdem-com-as-tarifas-de-trump-e-qual-pode-sair-ganhando\/#breadcrumb"},"inLanguage":"pt-BR","potentialAction":[{"@type":"ReadAction","target":["https:\/\/jornalfatosenoticias.com.br\/index.php\/2025\/03\/12\/quais-empresas-do-brasil-perdem-com-as-tarifas-de-trump-e-qual-pode-sair-ganhando\/"]}]},{"@type":"ImageObject","inLanguage":"pt-BR","@id":"https:\/\/jornalfatosenoticias.com.br\/index.php\/2025\/03\/12\/quais-empresas-do-brasil-perdem-com-as-tarifas-de-trump-e-qual-pode-sair-ganhando\/#primaryimage","url":"https:\/\/jornalfatosenoticias.com.br\/wp-content\/uploads\/2025\/03\/aco-brasil-trump-tarifas_istock.jpg","contentUrl":"https:\/\/jornalfatosenoticias.com.br\/wp-content\/uploads\/2025\/03\/aco-brasil-trump-tarifas_istock.jpg","width":612,"height":344,"caption":"Metal worker cutting a metal objects with circular saw in small workshop."},{"@type":"BreadcrumbList","@id":"https:\/\/jornalfatosenoticias.com.br\/index.php\/2025\/03\/12\/quais-empresas-do-brasil-perdem-com-as-tarifas-de-trump-e-qual-pode-sair-ganhando\/#breadcrumb","itemListElement":[{"@type":"ListItem","position":1,"name":"In\u00edcio","item":"https:\/\/jornalfatosenoticias.com.br\/"},{"@type":"ListItem","position":2,"name":"Quais empresas do Brasil perdem com as tarifas de Trump e quem pode sair ganhando"}]},{"@type":"WebSite","@id":"https:\/\/jornalfatosenoticias.com.br\/#website","url":"https:\/\/jornalfatosenoticias.com.br\/","name":"Jornal Fatos e Not\u00edcias","description":"Not\u00edcias em geral","publisher":{"@id":"https:\/\/jornalfatosenoticias.com.br\/#organization"},"potentialAction":[{"@type":"SearchAction","target":{"@type":"EntryPoint","urlTemplate":"https:\/\/jornalfatosenoticias.com.br\/?s={search_term_string}"},"query-input":{"@type":"PropertyValueSpecification","valueRequired":true,"valueName":"search_term_string"}}],"inLanguage":"pt-BR"},{"@type":"Organization","@id":"https:\/\/jornalfatosenoticias.com.br\/#organization","name":"Jornal Fatos e Not\u00edcias","url":"https:\/\/jornalfatosenoticias.com.br\/","logo":{"@type":"ImageObject","inLanguage":"pt-BR","@id":"https:\/\/jornalfatosenoticias.com.br\/#\/schema\/logo\/image\/","url":"https:\/\/jornalfatosenoticias.com.br\/wp-content\/uploads\/2020\/02\/logo120.png","contentUrl":"https:\/\/jornalfatosenoticias.com.br\/wp-content\/uploads\/2020\/02\/logo120.png","width":1227,"height":120,"caption":"Jornal Fatos e Not\u00edcias"},"image":{"@id":"https:\/\/jornalfatosenoticias.com.br\/#\/schema\/logo\/image\/"}},{"@type":"Person","@id":"https:\/\/jornalfatosenoticias.com.br\/#\/schema\/person\/d63837fa13ac8666eb9e74e0985d6f81","name":"Luzimara Fernandes","image":{"@type":"ImageObject","inLanguage":"pt-BR","@id":"https:\/\/jornalfatosenoticias.com.br\/#\/schema\/person\/image\/","url":"https:\/\/jornalfatosenoticias.com.br\/wp-content\/uploads\/2025\/05\/EU_portal.jpg","contentUrl":"https:\/\/jornalfatosenoticias.com.br\/wp-content\/uploads\/2025\/05\/EU_portal.jpg","caption":"Luzimara Fernandes"},"description":"Jornalista MTB 2358-ES","sameAs":["https:\/\/jornalfatosenoticias.com.br"],"url":"https:\/\/jornalfatosenoticias.com.br\/index.php\/author\/luzimara\/"}]}},"cc_featured_image_caption":{"caption_text":"(Foto: iStock)","source_text":"","source_url":""},"jetpack_featured_media_url":"https:\/\/jornalfatosenoticias.com.br\/wp-content\/uploads\/2025\/03\/aco-brasil-trump-tarifas_istock.jpg","_links":{"self":[{"href":"https:\/\/jornalfatosenoticias.com.br\/index.php\/wp-json\/wp\/v2\/posts\/57663","targetHints":{"allow":["GET"]}}],"collection":[{"href":"https:\/\/jornalfatosenoticias.com.br\/index.php\/wp-json\/wp\/v2\/posts"}],"about":[{"href":"https:\/\/jornalfatosenoticias.com.br\/index.php\/wp-json\/wp\/v2\/types\/post"}],"author":[{"embeddable":true,"href":"https:\/\/jornalfatosenoticias.com.br\/index.php\/wp-json\/wp\/v2\/users\/2"}],"replies":[{"embeddable":true,"href":"https:\/\/jornalfatosenoticias.com.br\/index.php\/wp-json\/wp\/v2\/comments?post=57663"}],"version-history":[{"count":0,"href":"https:\/\/jornalfatosenoticias.com.br\/index.php\/wp-json\/wp\/v2\/posts\/57663\/revisions"}],"wp:featuredmedia":[{"embeddable":true,"href":"https:\/\/jornalfatosenoticias.com.br\/index.php\/wp-json\/wp\/v2\/media\/57664"}],"wp:attachment":[{"href":"https:\/\/jornalfatosenoticias.com.br\/index.php\/wp-json\/wp\/v2\/media?parent=57663"}],"wp:term":[{"taxonomy":"category","embeddable":true,"href":"https:\/\/jornalfatosenoticias.com.br\/index.php\/wp-json\/wp\/v2\/categories?post=57663"},{"taxonomy":"post_tag","embeddable":true,"href":"https:\/\/jornalfatosenoticias.com.br\/index.php\/wp-json\/wp\/v2\/tags?post=57663"}],"curies":[{"name":"wp","href":"https:\/\/api.w.org\/{rel}","templated":true}]}}