{"id":57667,"date":"2025-03-12T15:19:48","date_gmt":"2025-03-12T18:19:48","guid":{"rendered":"https:\/\/jornalfatosenoticias.com.br\/?p=57667"},"modified":"2025-03-12T15:19:50","modified_gmt":"2025-03-12T18:19:50","slug":"suspeita-de-armacao-contra-filipe-martins-pode-agravar-cerco-a-moraes-nos-eua","status":"publish","type":"post","link":"https:\/\/jornalfatosenoticias.com.br\/index.php\/2025\/03\/12\/suspeita-de-armacao-contra-filipe-martins-pode-agravar-cerco-a-moraes-nos-eua\/","title":{"rendered":"Suspeita de arma\u00e7\u00e3o contra Filipe Martins pode agravar cerco a Moraes nos EUA"},"content":{"rendered":"\n<p><em><span class=\"has-inline-color has-black-color\">A grafia incorreta do nome de Filipe Martins em um registro falso de entrada nos EUA \u00e9 um dos ind\u00edcios na suspeita de arma\u00e7\u00e3o contra ele<\/span><\/em><\/p>\n\n\n\n<p><span class=\"has-inline-color has-black-color\">Por <strong><a href=\"https:\/\/www.gazetadopovo.com.br\/autor\/leonardo-desideri\/\" rel=\"sponsored nofollow\">Leonardo Desideri<\/a><\/strong><\/span><\/p>\n\n\n\n<div class=\"wp-block-image\"><figure class=\"aligncenter size-large\"><a href=\"https:\/\/mizu.com.br\/\"><img loading=\"lazy\" decoding=\"async\" width=\"729\" height=\"90\" src=\"https:\/\/jornalfatosenoticias.com.br\/wp-content\/uploads\/2020\/02\/Logo_Mizu.png\" alt=\"\" class=\"wp-image-1441\" srcset=\"https:\/\/jornalfatosenoticias.com.br\/wp-content\/uploads\/2020\/02\/Logo_Mizu.png 729w, https:\/\/jornalfatosenoticias.com.br\/wp-content\/uploads\/2020\/02\/Logo_Mizu-300x37.png 300w\" sizes=\"auto, (max-width: 729px) 100vw, 729px\" \/><\/a><\/figure><\/div>\n\n\n\n<p>A suspeita de arma\u00e7\u00e3o contra Filipe Martins, ex-assessor para Assuntos Internacionais no governo do ex-presidente Jair Bolsonaro (PL), tem chamado a aten\u00e7\u00e3o nos Estados Unidos de pol\u00edticos do Partido Republicano, que desconfiam de conluio entre autoridades brasileiras e americanas para forjar provas e manter Martins preso.<br>H\u00e1 ind\u00edcios fortes de que dados de entrada de Martins nos EUA foram manipulados por autoridades com objetivos escusos. As informa\u00e7\u00f5es incorretas, corrigidas somente em junho de 2024, foram a base para justificar a sua pris\u00e3o cautelar no Brasil. Martins ficou preso preventivamente por seis meses em Curitiba, entre fevereiro e agosto de 2024, em um processo repleto de ilegalidades que, para juristas consultados pela Gazeta do Povo, tem caracter\u00edsticas de jogo psicol\u00f3gico com o objetivo de arrancar uma dela\u00e7\u00e3o.<\/p>\n\n\n\n<div class=\"wp-block-image\"><figure class=\"aligncenter size-large is-resized\"><a href=\"https:\/\/www.facebook.com\/profile.php?id=100069289606145\"><img loading=\"lazy\" decoding=\"async\" src=\"https:\/\/jornalfatosenoticias.com.br\/wp-content\/uploads\/2024\/11\/Guaitolini-Contabilidade-1024x714.jpeg\" alt=\"\" class=\"wp-image-55808\" width=\"385\" height=\"268\" srcset=\"https:\/\/jornalfatosenoticias.com.br\/wp-content\/uploads\/2024\/11\/Guaitolini-Contabilidade-1024x714.jpeg 1024w, https:\/\/jornalfatosenoticias.com.br\/wp-content\/uploads\/2024\/11\/Guaitolini-Contabilidade-300x209.jpeg 300w, https:\/\/jornalfatosenoticias.com.br\/wp-content\/uploads\/2024\/11\/Guaitolini-Contabilidade-768x535.jpeg 768w, https:\/\/jornalfatosenoticias.com.br\/wp-content\/uploads\/2024\/11\/Guaitolini-Contabilidade.jpeg 1280w\" sizes=\"auto, (max-width: 385px) 100vw, 385px\" \/><\/a><\/figure><\/div>\n\n\n\n<p>A investiga\u00e7\u00e3o sobre o caso, que j\u00e1 tem uma den\u00fancia apresentada nos EUA, poderia implicar membros da Pol\u00edcia Federal (PF) brasileira envolvidos na coleta de provas que justificou a pris\u00e3o de Martins. Por tabela, poderia impactar tamb\u00e9m o ministro do STF, Alexandre de Moraes, relator do caso. O juiz brasileiro j\u00e1 \u00e9 alvo de um processo por tentativa de censurar cidad\u00e3os americanos e \u00e9 personagem central de um projeto de lei no Congresso dos EUA contra autoridades estrangeiras que praticam censura.<\/p>\n\n\n\n<div class=\"wp-block-image\"><figure class=\"aligncenter size-large is-resized\"><a href=\"https:\/\/www.instagram.com\/esteiochurrascaria\/\"><img loading=\"lazy\" decoding=\"async\" src=\"https:\/\/jornalfatosenoticias.com.br\/wp-content\/uploads\/2022\/02\/LOGO-ESTEIO-1024x730.png\" alt=\"\" class=\"wp-image-27942\" width=\"394\" height=\"281\" srcset=\"https:\/\/jornalfatosenoticias.com.br\/wp-content\/uploads\/2022\/02\/LOGO-ESTEIO-1024x730.png 1024w, https:\/\/jornalfatosenoticias.com.br\/wp-content\/uploads\/2022\/02\/LOGO-ESTEIO-300x214.png 300w, https:\/\/jornalfatosenoticias.com.br\/wp-content\/uploads\/2022\/02\/LOGO-ESTEIO-768x548.png 768w, https:\/\/jornalfatosenoticias.com.br\/wp-content\/uploads\/2022\/02\/LOGO-ESTEIO.png 1123w\" sizes=\"auto, (max-width: 394px) 100vw, 394px\" \/><\/a><\/figure><\/div>\n\n\n\n<p>Moraes foi quem autorizou a pris\u00e3o preventiva com base em dados fornecidos pela equipe da PF coordenada pelo delegado Fabio Shor. A confirma\u00e7\u00e3o de manipula\u00e7\u00e3o de dados geraria questionamentos graves sobre a integridade das investiga\u00e7\u00f5es comandadas pela PF. Nos EUA, h\u00e1 a suspeita de conluio de autoridades brasileiras com burocratas no governo democrata de Joe Biden, o que tende a aumentar a repercuss\u00e3o internacional do caso.<\/p>\n\n\n\n<div class=\"wp-block-image\"><figure class=\"aligncenter size-large is-resized\"><a href=\"https:\/\/www.legisjuris.com.br\/\"><img loading=\"lazy\" decoding=\"async\" src=\"https:\/\/jornalfatosenoticias.com.br\/wp-content\/uploads\/2024\/09\/Legis-Juris-Consultoria_logo.jpg\" alt=\"\" class=\"wp-image-53915\" width=\"547\" height=\"229\" srcset=\"https:\/\/jornalfatosenoticias.com.br\/wp-content\/uploads\/2024\/09\/Legis-Juris-Consultoria_logo.jpg 969w, https:\/\/jornalfatosenoticias.com.br\/wp-content\/uploads\/2024\/09\/Legis-Juris-Consultoria_logo-300x126.jpg 300w, https:\/\/jornalfatosenoticias.com.br\/wp-content\/uploads\/2024\/09\/Legis-Juris-Consultoria_logo-768x322.jpg 768w\" sizes=\"auto, (max-width: 547px) 100vw, 547px\" \/><\/a><\/figure><\/div>\n\n\n\n<p>O problema central est\u00e1 em um documento chamado I-94, com o qual o <em>Customs and Border Protection (CBP)<\/em> \u2014 \u00f3rg\u00e3o de prote\u00e7\u00e3o de fronteiras dos Estados Unidos \u2014 registra a entrada de estrangeiros. O I-94 s\u00f3 pode ser gerado se a pessoa realmente passou pela fronteira americana e foi aprovada por um oficial de imigra\u00e7\u00e3o.<\/p>\n\n\n\n<div class=\"wp-block-image\"><figure class=\"aligncenter size-large is-resized\"><a href=\"https:\/\/www.controlsystems.com.br\/\"><img loading=\"lazy\" decoding=\"async\" src=\"https:\/\/jornalfatosenoticias.com.br\/wp-content\/uploads\/2020\/02\/CONTROL-CS.jpg\" alt=\"\" class=\"wp-image-44991\" width=\"333\" height=\"399\" srcset=\"https:\/\/jornalfatosenoticias.com.br\/wp-content\/uploads\/2020\/02\/CONTROL-CS.jpg 834w, https:\/\/jornalfatosenoticias.com.br\/wp-content\/uploads\/2020\/02\/CONTROL-CS-250x300.jpg 250w, https:\/\/jornalfatosenoticias.com.br\/wp-content\/uploads\/2020\/02\/CONTROL-CS-768x921.jpg 768w\" sizes=\"auto, (max-width: 333px) 100vw, 333px\" \/><\/a><\/figure><\/div>\n\n\n\n<p>No ano passado, as autoridades americanas inicialmente confirmaram que n\u00e3o havia nenhuma entrada de Filipe Martins nos EUA em dezembro de 2022; pouco tempo depois, surgiu no sistema do I-94 um registro de entrada com erros, incluindo nome incorreto \u2014 &#8220;Felipe&#8221; em vez de &#8220;Filipe&#8221; \u2014 passaporte cancelado e visto errado. O registro foi removido no come\u00e7o de junho de 2024 ap\u00f3s ser reconhecido como equivocado, mas o caso foi reaberto sem explica\u00e7\u00e3o antes de ser encerrado novamente em 31 de julho de 2024, tamb\u00e9m sem motiva\u00e7\u00e3o clara, poucos dias antes da libera\u00e7\u00e3o de Martins no Brasil.<\/p>\n\n\n\n<div class=\"wp-block-image\"><figure class=\"aligncenter size-large is-resized\"><a href=\"https:\/\/www.instagram.com\/vmais.midias\/\"><img loading=\"lazy\" decoding=\"async\" src=\"https:\/\/jornalfatosenoticias.com.br\/wp-content\/uploads\/2020\/02\/DE-MAIS-DESTAQUE-VMAIS-800X700.png\" alt=\"\" class=\"wp-image-53112\" width=\"341\" height=\"298\" srcset=\"https:\/\/jornalfatosenoticias.com.br\/wp-content\/uploads\/2020\/02\/DE-MAIS-DESTAQUE-VMAIS-800X700.png 800w, https:\/\/jornalfatosenoticias.com.br\/wp-content\/uploads\/2020\/02\/DE-MAIS-DESTAQUE-VMAIS-800X700-300x263.png 300w, https:\/\/jornalfatosenoticias.com.br\/wp-content\/uploads\/2020\/02\/DE-MAIS-DESTAQUE-VMAIS-800X700-768x672.png 768w\" sizes=\"auto, (max-width: 341px) 100vw, 341px\" \/><\/a><\/figure><\/div>\n\n\n\n<p>Atualmente, j\u00e1 n\u00e3o h\u00e1 mais nenhum registro de entrada de Filipe Martins em dezembro de 2022 no sistema de imigra\u00e7\u00e3o nos EUA. Continua em aberto, contudo, a d\u00favida sobre por que esse registro chegou a existir. <em><strong>&#8220;N\u00e3o tem como uma pessoa ter um I-94 sem ter entrado formalmente nos EUA&#8221;, afirma o advogado de imigra\u00e7\u00e3o Mark Morais,<\/strong><\/em> brasileiro que j\u00e1 foi policial federal de imigra\u00e7\u00e3o e alf\u00e2ndega junto ao CBP. Ele falou com a Gazeta do Povo sob a condi\u00e7\u00e3o de comentar os aspectos t\u00e9cnicos gerais, sem entrar nos fatos espec\u00edficos do caso, que ele conhece pouco.<\/p>\n\n\n\n<div class=\"wp-block-image\"><figure class=\"aligncenter size-large is-resized\"><a href=\"https:\/\/www.instagram.com\/restaurantepegoretti\/\"><img loading=\"lazy\" decoding=\"async\" src=\"https:\/\/jornalfatosenoticias.com.br\/wp-content\/uploads\/2023\/12\/pegoretti-logo-pdf-1024x389.jpg\" alt=\"\" class=\"wp-image-47536\" width=\"517\" height=\"196\" srcset=\"https:\/\/jornalfatosenoticias.com.br\/wp-content\/uploads\/2023\/12\/pegoretti-logo-pdf-1024x389.jpg 1024w, https:\/\/jornalfatosenoticias.com.br\/wp-content\/uploads\/2023\/12\/pegoretti-logo-pdf-300x114.jpg 300w, https:\/\/jornalfatosenoticias.com.br\/wp-content\/uploads\/2023\/12\/pegoretti-logo-pdf-768x291.jpg 768w, https:\/\/jornalfatosenoticias.com.br\/wp-content\/uploads\/2023\/12\/pegoretti-logo-pdf.jpg 1120w\" sizes=\"auto, (max-width: 517px) 100vw, 517px\" \/><\/a><\/figure><\/div>\n\n\n\n<p>Sobre o uso de um passaporte cancelado, Morais afirma que isso s\u00f3 seria poss\u00edvel no caso de a pessoa ter viajado com dois passaportes \u2014 um vencido, mas com visto v\u00e1lido, e outro v\u00e1lido, mas sem visto. Mas, mesmo nessas circunst\u00e2ncias, o uso de um passaporte cancelado pelas autoridades da fronteira no I-94 &#8220;seria um erro importante&#8221;, diz ele.<\/p>\n\n\n\n<div class=\"wp-block-image\"><figure class=\"aligncenter size-large is-resized\"><a href=\"https:\/\/www.instagram.com\/serra4x4cambioautomatico\/\"><img loading=\"lazy\" decoding=\"async\" src=\"https:\/\/jornalfatosenoticias.com.br\/wp-content\/uploads\/2024\/08\/Serra-4x4-1-886x1024.jpg\" alt=\"\" class=\"wp-image-53632\" width=\"319\" height=\"369\" srcset=\"https:\/\/jornalfatosenoticias.com.br\/wp-content\/uploads\/2024\/08\/Serra-4x4-1-886x1024.jpg 886w, https:\/\/jornalfatosenoticias.com.br\/wp-content\/uploads\/2024\/08\/Serra-4x4-1-260x300.jpg 260w, https:\/\/jornalfatosenoticias.com.br\/wp-content\/uploads\/2024\/08\/Serra-4x4-1-768x888.jpg 768w, https:\/\/jornalfatosenoticias.com.br\/wp-content\/uploads\/2024\/08\/Serra-4x4-1.jpg 1181w\" sizes=\"auto, (max-width: 319px) 100vw, 319px\" \/><\/a><\/figure><\/div>\n\n\n\n<p>Martins cancelou em 2021 o passaporte mencionado, ap\u00f3s perd\u00ea-lo em Bras\u00edlia. O registro de entrada nos EUA com o passaporte cancelado \u00e9 de dezembro de 2022. Isso refor\u00e7a a suspeita de manipula\u00e7\u00e3o indevida dos dados. A grafia errada do nome \u2014 embora n\u00e3o seja imposs\u00edvel de ocorrer no CBP, segundo Morais \u2014 \u00e9 mais um elemento que sugere interfer\u00eancia n\u00e3o convencional nos registros.<\/p>\n\n\n\n<div class=\"wp-block-image\"><figure class=\"aligncenter size-large is-resized\"><a href=\"http:\/\/www.ferrarimaquinas.com.br\/\"><img loading=\"lazy\" decoding=\"async\" src=\"https:\/\/jornalfatosenoticias.com.br\/wp-content\/uploads\/2022\/02\/FERRARI_MAQUINAS-E-FERRAMENTAS2.jpg\" alt=\"\" class=\"wp-image-27860\" width=\"352\" height=\"293\"\/><\/a><\/figure><\/div>\n\n\n\n<p>Mais do que isso, Filipe Martins nunca entrou nos EUA na data mencionada, algo que autoridades americanas e brasileiras j\u00e1 reconheceram oficialmente. Se um registro oficial I-94 foi gerado em seu nome para essa data, isso s\u00f3 permite duas hip\u00f3teses: um erro bastante fora do padr\u00e3o para o sistema de imigra\u00e7\u00e3o norte-americano, que significaria a exist\u00eancia de uma brecha perigosa para a seguran\u00e7a dos EUA, ou \u2014 o mais prov\u00e1vel \u2014 uma manipula\u00e7\u00e3o deliberada dos dados.<\/p>\n\n\n\n<div class=\"wp-block-image\"><figure class=\"aligncenter size-large is-resized\"><a href=\"https:\/\/www.facebook.com\/postobkr\/?locale=pt_BR\"><img loading=\"lazy\" decoding=\"async\" src=\"https:\/\/jornalfatosenoticias.com.br\/wp-content\/uploads\/2023\/08\/BKR-1024x1021.jpg\" alt=\"\" class=\"wp-image-44494\" width=\"322\" height=\"321\" srcset=\"https:\/\/jornalfatosenoticias.com.br\/wp-content\/uploads\/2023\/08\/BKR-1024x1021.jpg 1024w, https:\/\/jornalfatosenoticias.com.br\/wp-content\/uploads\/2023\/08\/BKR-300x300.jpg 300w, https:\/\/jornalfatosenoticias.com.br\/wp-content\/uploads\/2023\/08\/BKR-150x150.jpg 150w, https:\/\/jornalfatosenoticias.com.br\/wp-content\/uploads\/2023\/08\/BKR-768x766.jpg 768w, https:\/\/jornalfatosenoticias.com.br\/wp-content\/uploads\/2023\/08\/BKR.jpg 1080w\" sizes=\"auto, (max-width: 322px) 100vw, 322px\" \/><\/a><\/figure><\/div>\n\n\n\n<p>A inser\u00e7\u00e3o misteriosa de um registro de entrada falso \u00e9 s\u00f3 um dos aspectos de roteiro policialesco da pris\u00e3o de Filipe Martins. A hist\u00f3ria tem uma sucess\u00e3o de elementos at\u00edpicos que tornam plaus\u00edvel a tese de um compl\u00f4.<\/p>\n\n\n\n<div class=\"wp-block-image\"><figure class=\"aligncenter size-large\"><img loading=\"lazy\" decoding=\"async\" width=\"1000\" height=\"562\" src=\"https:\/\/jornalfatosenoticias.com.br\/wp-content\/uploads\/2025\/03\/filipe-felipe2.jpg\" alt=\"\" class=\"wp-image-57668\" srcset=\"https:\/\/jornalfatosenoticias.com.br\/wp-content\/uploads\/2025\/03\/filipe-felipe2.jpg 1000w, https:\/\/jornalfatosenoticias.com.br\/wp-content\/uploads\/2025\/03\/filipe-felipe2-300x169.jpg 300w, https:\/\/jornalfatosenoticias.com.br\/wp-content\/uploads\/2025\/03\/filipe-felipe2-768x432.jpg 768w\" sizes=\"auto, (max-width: 1000px) 100vw, 1000px\" \/><figcaption><em><span class=\"has-inline-color has-black-color\">Passaporte cancelado de Filipe Martins, misteriosamente empregado em um registro falso de sua entrada nos EUA, com erro de grafia no nome (Foto: Reprodu\u00e7\u00e3o)<\/span><\/em><\/figcaption><\/figure><\/div>\n\n\n\n<p><strong><span class=\"has-inline-color has-black-color\">Pris\u00e3o baseia-se em texto de colunista e arquivo &#8220;doc&#8221; edit\u00e1vel<br><\/span><\/strong>Em fevereiro de 2024, o ministro Alexandre de Moraes determinou a pris\u00e3o preventiva de Filipe Martins, investigado por ser um dos autores da minuta do decreto, sob a alega\u00e7\u00e3o de que havia risco de que ele fugisse do Brasil em meio \u00e0s investiga\u00e7\u00f5es. Na narrativa da PF e de Moraes, a possibilidade de fuga j\u00e1 havia ficado atestada em 30 de dezembro de 2022, quando Martins embarcou no avi\u00e3o presidencial junto com a comitiva de Jair Bolsonaro rumo aos Estados Unidos. A narrativa foi baseada em duas fontes:<\/p>\n\n\n\n<div class=\"wp-block-image\"><figure class=\"aligncenter size-large\"><a href=\"https:\/\/cesconetto.com.br\/\"><img loading=\"lazy\" decoding=\"async\" width=\"300\" height=\"250\" src=\"https:\/\/jornalfatosenoticias.com.br\/wp-content\/uploads\/2020\/02\/Banner-2.png\" alt=\"\" class=\"wp-image-43787\"\/><\/a><\/figure><\/div>\n\n\n\n<ol class=\"wp-block-list\"><li><strong>Um texto de coluna<\/strong> com tom especulativo publicado em outubro de 2023 pelo colunista Guilherme Amado, ex-colunista do site Metr\u00f3poles. Amado afirmava: &#8220;nem aliados que eram pr\u00f3ximos nem advogados respons\u00e1veis por processos envolvendo Martins sabem dizer onde ele se encontra&#8221;. Essa especula\u00e7\u00e3o jornal\u00edstica em torno da d\u00favida sobre o paradeiro de Martins serviu como evid\u00eancia para a PF de que ele poderia fugir do Brasil.<\/li><li><strong>Um documento de Word edit\u00e1vel encontrado nos arquivos digitais do tenente-coronel Mauro Cid<\/strong> listava Martins como passageiro da comitiva presidencial com viagem prevista para 30 de dezembro de 2022. A lista era o rascunho de um documento contendo um hist\u00f3rico de edi\u00e7\u00f5es com vers\u00f5es com e sem o nome de Filipe Martins, mas foi usada como prova de que ele viajou.<\/li><\/ol>\n\n\n\n<div class=\"wp-block-image\"><figure class=\"aligncenter size-large is-resized\"><a href=\"https:\/\/hotelmarquetti.com.br\/\"><img loading=\"lazy\" decoding=\"async\" src=\"https:\/\/jornalfatosenoticias.com.br\/wp-content\/uploads\/2023\/03\/nova-logo-Marquetti.jpg\" alt=\"\" class=\"wp-image-40207\" width=\"347\" height=\"233\" srcset=\"https:\/\/jornalfatosenoticias.com.br\/wp-content\/uploads\/2023\/03\/nova-logo-Marquetti.jpg 643w, https:\/\/jornalfatosenoticias.com.br\/wp-content\/uploads\/2023\/03\/nova-logo-Marquetti-300x202.jpg 300w\" sizes=\"auto, (max-width: 347px) 100vw, 347px\" \/><\/a><\/figure><\/div>\n\n\n\n<p>N\u00e3o houve inicialmente qualquer verifica\u00e7\u00e3o junto a \u00f3rg\u00e3os oficiais brasileiros ou americanos para confirmar se Martins realmente havia sa\u00eddo do Brasil. Mais do que isso: <a href=\"https:\/\/www.gazetadopovo.com.br\/vida-e-cidadania\/pf-moraes-pgr-sabiam-filipe-martins\/\">Moraes e as autoridades brasileiras j\u00e1 tinham pelo menos desde outubro de 2023 informa\u00e7\u00f5es suficientes para saber que a viagem nunca aconteceu.<\/a> Isso ficou claro em fevereiro de 2025, quando o ministro tirou o sigilo da dela\u00e7\u00e3o do ex-tenente-coronel Mauro Cid. Nos documentos do processo, h\u00e1 dados da operadora TIM e do Uber mostrando que Martins estava no Brasil nos \u00faltimos dias de dezembro de 2022. Ou seja, tanto a PF como Moraes j\u00e1 tinham sob sua posse dados que eram suficientes para desbancar a tese da viagem.<\/p>\n\n\n\n<div class=\"wp-block-image\"><figure class=\"aligncenter size-large is-resized\"><a href=\"https:\/\/www.instagram.com\/rcradiadores\/\"><img loading=\"lazy\" decoding=\"async\" src=\"https:\/\/jornalfatosenoticias.com.br\/wp-content\/uploads\/2022\/10\/RC_800x750_page-0001.jpg\" alt=\"\" class=\"wp-image-35338\" width=\"349\" height=\"327\" srcset=\"https:\/\/jornalfatosenoticias.com.br\/wp-content\/uploads\/2022\/10\/RC_800x750_page-0001.jpg 400w, https:\/\/jornalfatosenoticias.com.br\/wp-content\/uploads\/2022\/10\/RC_800x750_page-0001-300x281.jpg 300w\" sizes=\"auto, (max-width: 349px) 100vw, 349px\" \/><\/a><\/figure><\/div>\n\n\n\n<p><strong><span class=\"has-inline-color has-black-color\">Provas de que Filipe Martins n\u00e3o deixou o Brasil s\u00e3o ignoradas; r\u00e9u fica com \u00f4nus da prova<br><\/span><\/strong>Logo ap\u00f3s a pris\u00e3o, a defesa de Martins apresentou uma s\u00e9rie de provas demonstrando que ele n\u00e3o havia deixado o pa\u00eds em dezembro de 2022. Essas provas inclu\u00edam:<br>\u2705Passagens a\u00e9reas dom\u00e9sticas, mostrando que ele viajou dentro do Brasil no per\u00edodo em que supostamente estaria nos EUA.<br>\u2705Registros de bagagem despachada em um voo dentro do Brasil, no qual embarcou com sua esposa e transportou 14 malas, porque estava de mudan\u00e7a de Bras\u00edlia para Ponta Grossa (PR).<br>\u2705Registros de corridas no aplicativo Uber, mostrando deslocamentos dentro do Brasil.<br>\u2705Extratos banc\u00e1rios e contas em seu nome, indicando atividades financeiras no pa\u00eds.<br>\u2705Registros de localiza\u00e7\u00e3o do celular, que indicavam sua presen\u00e7a no Brasil. Os registros foram confirmados posteriormente por operadoras de telefonia.<br>Diante dessas evid\u00eancias, a Procuradoria-Geral da Rep\u00fablica (PGR) se manifestou a favor da soltura de Martins no in\u00edcio de mar\u00e7o de 2024, dizendo que n\u00e3o havia ind\u00edcios de que ele tivesse tentado deixar o Brasil para fugir. Moraes pediu novas dilig\u00eancias, afirmando que as provas n\u00e3o eram suficientes.<\/p>\n\n\n\n<div class=\"wp-block-image\"><figure class=\"aligncenter size-large is-resized\"><a href=\"https:\/\/www.ithbrasil.com.br\/\"><img loading=\"lazy\" decoding=\"async\" src=\"https:\/\/jornalfatosenoticias.com.br\/wp-content\/uploads\/2023\/08\/ITH.jpeg\" alt=\"\" class=\"wp-image-44638\" width=\"367\" height=\"298\" srcset=\"https:\/\/jornalfatosenoticias.com.br\/wp-content\/uploads\/2023\/08\/ITH.jpeg 800w, https:\/\/jornalfatosenoticias.com.br\/wp-content\/uploads\/2023\/08\/ITH-300x244.jpeg 300w, https:\/\/jornalfatosenoticias.com.br\/wp-content\/uploads\/2023\/08\/ITH-768x624.jpeg 768w\" sizes=\"auto, (max-width: 367px) 100vw, 367px\" \/><\/a><\/figure><\/div>\n\n\n\n<p>Como se sabe, no Direito Penal, o \u00f4nus da prova recai sobre a acusa\u00e7\u00e3o. O r\u00e9u n\u00e3o precisa provar sua inoc\u00eancia; cabe \u00e0 acusa\u00e7\u00e3o demonstrar a culpa do r\u00e9u. No caso de Martins, Moraes exigiu que o r\u00e9u provasse que n\u00e3o era culpado como condi\u00e7\u00e3o para ser liberado. Isso, por si s\u00f3, \u00e9 uma subvers\u00e3o grave da lei.<\/p>\n\n\n\n<div class=\"wp-block-image\"><figure class=\"aligncenter size-large is-resized\"><a href=\"https:\/\/www.instagram.com\/ligadossaborespizzaria\/\"><img loading=\"lazy\" decoding=\"async\" src=\"https:\/\/jornalfatosenoticias.com.br\/wp-content\/uploads\/2024\/09\/WhatsApp-Image-2024-09-14-at-22.46.10-819x1024.jpeg\" alt=\"\" class=\"wp-image-54180\" width=\"313\" height=\"391\" srcset=\"https:\/\/jornalfatosenoticias.com.br\/wp-content\/uploads\/2024\/09\/WhatsApp-Image-2024-09-14-at-22.46.10-819x1024.jpeg 819w, https:\/\/jornalfatosenoticias.com.br\/wp-content\/uploads\/2024\/09\/WhatsApp-Image-2024-09-14-at-22.46.10-240x300.jpeg 240w, https:\/\/jornalfatosenoticias.com.br\/wp-content\/uploads\/2024\/09\/WhatsApp-Image-2024-09-14-at-22.46.10-768x960.jpeg 768w, https:\/\/jornalfatosenoticias.com.br\/wp-content\/uploads\/2024\/09\/WhatsApp-Image-2024-09-14-at-22.46.10.jpeg 1024w\" sizes=\"auto, (max-width: 313px) 100vw, 313px\" \/><\/a><\/figure><\/div>\n\n\n\n<p><strong><span class=\"has-inline-color has-black-color\">PF usa <em>Travel History<\/em>, documento sem validade oficial, e Moraes pede novas dilig\u00eancias<br><\/span><\/strong>Para tentar comprovar a suposta sa\u00edda de Filipe Martins, no dia 7 de mar\u00e7o, a PF surpreendeu a defesa com um relat\u00f3rio que mencionava o &#8220;Travel History&#8221; \u2014 hist\u00f3rico de viagem \u2014 documento dispon\u00edvel no site do <em>Department of Homeland Security (DHS)<\/em>, departamento de seguran\u00e7a interna dos Estados Unidos. No hist\u00f3rico de Filipe Martins, constava uma entrada em Orlando em 30 de dezembro de 2022.<\/p>\n\n\n\n<div class=\"wp-block-image\"><figure class=\"aligncenter size-large is-resized\"><a href=\"https:\/\/panper.com.br\/\"><img loading=\"lazy\" decoding=\"async\" src=\"https:\/\/jornalfatosenoticias.com.br\/wp-content\/uploads\/2023\/03\/logo-Panper_portal.jpg\" alt=\"\" class=\"wp-image-40208\" width=\"368\" height=\"255\" srcset=\"https:\/\/jornalfatosenoticias.com.br\/wp-content\/uploads\/2023\/03\/logo-Panper_portal.jpg 400w, https:\/\/jornalfatosenoticias.com.br\/wp-content\/uploads\/2023\/03\/logo-Panper_portal-300x208.jpg 300w\" sizes=\"auto, (max-width: 368px) 100vw, 368px\" \/><\/a><\/figure><\/div>\n\n\n\n<p>O Travel History \u00e9 um registro p\u00fablico que qualquer pessoa pode consultar ao inserir dados de passaporte e informa\u00e7\u00f5es pessoais no site do DHS. N\u00e3o \u00e9 considerado documento oficial para comprovar a entrada legal nos EUA; o documento que cumpre esse papel \u00e9 o I-94, entregue e carimbado pelos agentes de fronteira no momento em que o viajante entra no pa\u00eds.<\/p>\n\n\n\n<div class=\"wp-block-image\"><figure class=\"aligncenter size-large is-resized\"><a href=\"https:\/\/www.facebook.com\/profile.php?id=100069289606145\"><img loading=\"lazy\" decoding=\"async\" src=\"https:\/\/jornalfatosenoticias.com.br\/wp-content\/uploads\/2024\/11\/Guaitolini-Contabilidade-1024x714.jpeg\" alt=\"\" class=\"wp-image-55808\" width=\"368\" height=\"256\" srcset=\"https:\/\/jornalfatosenoticias.com.br\/wp-content\/uploads\/2024\/11\/Guaitolini-Contabilidade-1024x714.jpeg 1024w, https:\/\/jornalfatosenoticias.com.br\/wp-content\/uploads\/2024\/11\/Guaitolini-Contabilidade-300x209.jpeg 300w, https:\/\/jornalfatosenoticias.com.br\/wp-content\/uploads\/2024\/11\/Guaitolini-Contabilidade-768x535.jpeg 768w, https:\/\/jornalfatosenoticias.com.br\/wp-content\/uploads\/2024\/11\/Guaitolini-Contabilidade.jpeg 1280w\" sizes=\"auto, (max-width: 368px) 100vw, 368px\" \/><\/a><\/figure><\/div>\n\n\n\n<p>S\u00f3 o I-94 \u00e9 a prova efetiva de entrada legal nos EUA, como esclarecem diversos sites oficiais de universidades americanas. Mesmo assim, a men\u00e7\u00e3o ao &#8220;Travel History&#8221; fez com que o ministro Alexandre de Moraes solicitasse novas dilig\u00eancias, j\u00e1 que parecia existir algum tipo de prova de que Martins havia estado em Orlando em dezembro de 2022.<\/p>\n\n\n\n<div class=\"wp-block-image\"><figure class=\"aligncenter size-large is-resized\"><a href=\"https:\/\/www.facebook.com\/vetor.vix\/\"><img loading=\"lazy\" decoding=\"async\" src=\"https:\/\/jornalfatosenoticias.com.br\/wp-content\/uploads\/2023\/09\/vetorvix1024_1.jpg\" alt=\"\" class=\"wp-image-44868\" width=\"520\" height=\"138\" srcset=\"https:\/\/jornalfatosenoticias.com.br\/wp-content\/uploads\/2023\/09\/vetorvix1024_1.jpg 1024w, https:\/\/jornalfatosenoticias.com.br\/wp-content\/uploads\/2023\/09\/vetorvix1024_1-300x80.jpg 300w, https:\/\/jornalfatosenoticias.com.br\/wp-content\/uploads\/2023\/09\/vetorvix1024_1-768x205.jpg 768w\" sizes=\"auto, (max-width: 520px) 100vw, 520px\" \/><\/a><\/figure><\/div>\n\n\n\n<p><strong><span class=\"has-inline-color has-black-color\">Defesa de Martins descobre que n\u00e3o h\u00e1 registro oficial de entrada nos EUA<br><\/span><\/strong>A defesa de Filipe Martins ficou surpresa com a presen\u00e7a do dado de viagem no Travel History, mesmo n\u00e3o se tratando de informa\u00e7\u00e3o oficial para comprovar a entrada. Para esclarecer a situa\u00e7\u00e3o, a advogada brasileira Ana B\u00e1rbara Schaffert, atuando nos EUA, entrou em contato com o CBP de Orlando, porque foi l\u00e1 que o voo presidencial desembarcou em dezembro de 2022. O objetivo era saber se o I-94 tinha registrado a entrada de Martins.<\/p>\n\n\n\n<div class=\"wp-block-image\"><figure class=\"aligncenter size-large is-resized\"><a href=\"https:\/\/www.instagram.com\/esteiochurrascaria\/\"><img loading=\"lazy\" decoding=\"async\" src=\"https:\/\/jornalfatosenoticias.com.br\/wp-content\/uploads\/2022\/02\/LOGO-ESTEIO-1024x730.png\" alt=\"\" class=\"wp-image-27942\" width=\"350\" height=\"249\" srcset=\"https:\/\/jornalfatosenoticias.com.br\/wp-content\/uploads\/2022\/02\/LOGO-ESTEIO-1024x730.png 1024w, https:\/\/jornalfatosenoticias.com.br\/wp-content\/uploads\/2022\/02\/LOGO-ESTEIO-300x214.png 300w, https:\/\/jornalfatosenoticias.com.br\/wp-content\/uploads\/2022\/02\/LOGO-ESTEIO-768x548.png 768w, https:\/\/jornalfatosenoticias.com.br\/wp-content\/uploads\/2022\/02\/LOGO-ESTEIO.png 1123w\" sizes=\"auto, (max-width: 350px) 100vw, 350px\" \/><\/a><\/figure><\/div>\n\n\n\n<p>Em 11 de abril de 2024, o Orlando I-94 Team, equipe respons\u00e1vel pelos registros de entrada em Orlando, informou que n\u00e3o havia qualquer registro sobre Martins em dezembro de 2022 no sistema oficial. O \u00faltimo registro datava de setembro de 2022, quando ele esteve em Nova York para acompanhar a comitiva presidencial na Assembleia-Geral da ONU. Ve\u00edculos de imprensa noticiaram essa informa\u00e7\u00e3o no mesmo dia. FOTO3<\/p>\n\n\n\n<div class=\"wp-block-image\"><figure class=\"aligncenter size-large\"><img loading=\"lazy\" decoding=\"async\" width=\"1000\" height=\"406\" src=\"https:\/\/jornalfatosenoticias.com.br\/wp-content\/uploads\/2025\/03\/filipe-felipe3.jpg\" alt=\"\" class=\"wp-image-57669\" srcset=\"https:\/\/jornalfatosenoticias.com.br\/wp-content\/uploads\/2025\/03\/filipe-felipe3.jpg 1000w, https:\/\/jornalfatosenoticias.com.br\/wp-content\/uploads\/2025\/03\/filipe-felipe3-300x122.jpg 300w, https:\/\/jornalfatosenoticias.com.br\/wp-content\/uploads\/2025\/03\/filipe-felipe3-768x312.jpg 768w\" sizes=\"auto, (max-width: 1000px) 100vw, 1000px\" \/><figcaption><em><span class=\"has-inline-color has-black-color\">Nosso sistema n\u00e3o est\u00e1 mostrando esta viagem de dezembro de 2022, diz o CBP de Orlando (Foto: Reprodu\u00e7\u00e3o)<\/span><\/em><\/figcaption><\/figure><\/div>\n\n\n\n<p>Ou seja, at\u00e9 esse momento, oficialmente, n\u00e3o havia qualquer registro indicando que ele tivesse entrado nos EUA em dezembro de 2022. O CBP de Orlando recomendou \u00e0 advogada contatar o aeroporto JFK, em Nova York, para resolver o problema relacionado ao dado estranho do Travel History, j\u00e1 que a \u00faltima entrada de Martins havia sido pelo JFK.<\/p>\n\n\n\n<div class=\"wp-block-image\"><figure class=\"aligncenter size-large is-resized\"><a href=\"https:\/\/www.legisjuris.com.br\/\"><img loading=\"lazy\" decoding=\"async\" src=\"https:\/\/jornalfatosenoticias.com.br\/wp-content\/uploads\/2024\/09\/Legis-Juris-Consultoria_logo.jpg\" alt=\"\" class=\"wp-image-53915\" width=\"499\" height=\"209\" srcset=\"https:\/\/jornalfatosenoticias.com.br\/wp-content\/uploads\/2024\/09\/Legis-Juris-Consultoria_logo.jpg 969w, https:\/\/jornalfatosenoticias.com.br\/wp-content\/uploads\/2024\/09\/Legis-Juris-Consultoria_logo-300x126.jpg 300w, https:\/\/jornalfatosenoticias.com.br\/wp-content\/uploads\/2024\/09\/Legis-Juris-Consultoria_logo-768x322.jpg 768w\" sizes=\"auto, (max-width: 499px) 100vw, 499px\" \/><\/a><\/figure><\/div>\n\n\n\n<p><strong><span class=\"has-inline-color has-black-color\">Registro de entrada surge sem explica\u00e7\u00e3o no sistema<br><\/span><\/strong>Tr\u00eas semanas depois, o caso ganhou aspectos ainda mais absurdos: o JFK, de Nova York, contrariou a equipe do CBP de Orlando e informou \u00e0 defesa de Martins que o sistema do I-94 tinha um registro de entrada de Martins em Orlando em dezembro de 2022.<\/p>\n\n\n\n<div class=\"wp-block-image\"><figure class=\"aligncenter size-large is-resized\"><a href=\"https:\/\/www.instagram.com\/vmais.midias\/\"><img loading=\"lazy\" decoding=\"async\" src=\"https:\/\/jornalfatosenoticias.com.br\/wp-content\/uploads\/2020\/02\/DE-MAIS-DESTAQUE-VMAIS-800X700.png\" alt=\"\" class=\"wp-image-53112\" width=\"341\" height=\"298\" srcset=\"https:\/\/jornalfatosenoticias.com.br\/wp-content\/uploads\/2020\/02\/DE-MAIS-DESTAQUE-VMAIS-800X700.png 800w, https:\/\/jornalfatosenoticias.com.br\/wp-content\/uploads\/2020\/02\/DE-MAIS-DESTAQUE-VMAIS-800X700-300x263.png 300w, https:\/\/jornalfatosenoticias.com.br\/wp-content\/uploads\/2020\/02\/DE-MAIS-DESTAQUE-VMAIS-800X700-768x672.png 768w\" sizes=\"auto, (max-width: 341px) 100vw, 341px\" \/><\/a><\/figure><\/div>\n\n\n\n<p><strong><span class=\"has-inline-color has-black-color\">E o documento que surgiu continha v\u00e1rios erros:<br><\/span><\/strong>\u2705<strong>O nome de Martins estava escrito errado:<\/strong> &#8220;Felipe&#8221; em vez de &#8220;Filipe&#8221;.<br>\u2705<strong>O passaporte usado no registro estava cancelado desde o come\u00e7o de 2021<\/strong>, ou seja, Martins teria entrado nos EUA em dezembro de 2022 usando um passaporte oficialmente inativo h\u00e1 quase dois anos.<br>\u2705A classe de visto era diferente da que Martins usava para entrar nos EUA: ele tinha o visto G2, e o documento veio com o visto A2.<\/p>\n\n\n\n<div class=\"wp-block-image\"><figure class=\"aligncenter size-large\"><img loading=\"lazy\" decoding=\"async\" width=\"1000\" height=\"972\" src=\"https:\/\/jornalfatosenoticias.com.br\/wp-content\/uploads\/2025\/03\/filipe-felipe4.jpg\" alt=\"\" class=\"wp-image-57670\" srcset=\"https:\/\/jornalfatosenoticias.com.br\/wp-content\/uploads\/2025\/03\/filipe-felipe4.jpg 1000w, https:\/\/jornalfatosenoticias.com.br\/wp-content\/uploads\/2025\/03\/filipe-felipe4-300x292.jpg 300w, https:\/\/jornalfatosenoticias.com.br\/wp-content\/uploads\/2025\/03\/filipe-felipe4-768x746.jpg 768w\" sizes=\"auto, (max-width: 1000px) 100vw, 1000px\" \/><figcaption><em><span class=\"has-inline-color has-black-color\">(Foto: Reprodu\u00e7\u00e3o)<\/span><\/em><\/figcaption><\/figure><\/div>\n\n\n\n<p>A presen\u00e7a de tantos erros em um sistema de imigra\u00e7\u00e3o rigoroso como o norte-americano levou a defesa a suspeitar de manipula\u00e7\u00e3o fraudulenta dos dados migrat\u00f3rios. Na tentativa apressada de inserir um registro falso para contestar a primeira vers\u00e3o oficial, o respons\u00e1vel pela suposta fraude poderia ter selecionado o primeiro passaporte listado no relat\u00f3rio da Pol\u00edcia Federal \u2014 sem perceber que ele j\u00e1 estava cancelado \u2014 e cometido um erro na grafia do nome. A escolha equivocada desse passaporte pode sugerir que o autor da inser\u00e7\u00e3o n\u00e3o verificou sua validade e usou a informa\u00e7\u00e3o dispon\u00edvel de forma descuidada.<\/p>\n\n\n\n<div class=\"wp-block-image\"><figure class=\"aligncenter size-large is-resized\"><a href=\"https:\/\/hotelmarquetti.com.br\/\"><img loading=\"lazy\" decoding=\"async\" src=\"https:\/\/jornalfatosenoticias.com.br\/wp-content\/uploads\/2023\/03\/nova-logo-Marquetti.jpg\" alt=\"\" class=\"wp-image-40207\" width=\"352\" height=\"236\" srcset=\"https:\/\/jornalfatosenoticias.com.br\/wp-content\/uploads\/2023\/03\/nova-logo-Marquetti.jpg 643w, https:\/\/jornalfatosenoticias.com.br\/wp-content\/uploads\/2023\/03\/nova-logo-Marquetti-300x202.jpg 300w\" sizes=\"auto, (max-width: 352px) 100vw, 352px\" \/><\/a><\/figure><\/div>\n\n\n\n<p><strong><span class=\"has-inline-color has-black-color\">Defesa recorre ao Departamento de Seguran\u00e7a Interna dos Estados Unidos<br><\/span><\/strong>Ana B\u00e1rbara Schaffert retornou ao CBP de Orlando, que teria sido a suposta porta de entrada de Martins, munida de diversos documentos oficiais, para tentar comprovar que ele n\u00e3o tinha entrado nos EUA em dezembro de 2022 e corrigir as informa\u00e7\u00f5es do I-94. Em vez de excluir o registro fraudulento, a equipe de Orlando alterou alguns campos errados do sistema, como n\u00famero do passaporte e grafia do nome, mas manteve o I-94 de dezembro de 2022 sem maiores explica\u00e7\u00f5es.<\/p>\n\n\n\n<div class=\"wp-block-image\"><figure class=\"aligncenter size-large is-resized\"><a href=\"https:\/\/www.facebook.com\/postobkr\/?locale=pt_BR\"><img loading=\"lazy\" decoding=\"async\" src=\"https:\/\/jornalfatosenoticias.com.br\/wp-content\/uploads\/2023\/08\/BKR-1024x1021.jpg\" alt=\"\" class=\"wp-image-44494\" width=\"349\" height=\"348\" srcset=\"https:\/\/jornalfatosenoticias.com.br\/wp-content\/uploads\/2023\/08\/BKR-1024x1021.jpg 1024w, https:\/\/jornalfatosenoticias.com.br\/wp-content\/uploads\/2023\/08\/BKR-300x300.jpg 300w, https:\/\/jornalfatosenoticias.com.br\/wp-content\/uploads\/2023\/08\/BKR-150x150.jpg 150w, https:\/\/jornalfatosenoticias.com.br\/wp-content\/uploads\/2023\/08\/BKR-768x766.jpg 768w, https:\/\/jornalfatosenoticias.com.br\/wp-content\/uploads\/2023\/08\/BKR.jpg 1080w\" sizes=\"auto, (max-width: 349px) 100vw, 349px\" \/><\/a><\/figure><\/div>\n\n\n\n<p>Ent\u00e3o, a defesa acionou o Department of Homeland Security (DHS) \u2014 Departamento de Seguran\u00e7a Interna dos Estados Unidos \u2014 que abriu uma investiga\u00e7\u00e3o interna para apurar de que forma o registro an\u00f4malo tinha aparecido no sistema e por que os dados b\u00e1sicos estavam todos incorretos.<\/p>\n\n\n\n<div class=\"wp-block-image\"><figure class=\"aligncenter size-large is-resized\"><a href=\"https:\/\/www.instagram.com\/restaurantepegoretti\/\"><img loading=\"lazy\" decoding=\"async\" src=\"https:\/\/jornalfatosenoticias.com.br\/wp-content\/uploads\/2023\/12\/pegoretti-logo-pdf-1024x389.jpg\" alt=\"\" class=\"wp-image-47536\" width=\"498\" height=\"189\" srcset=\"https:\/\/jornalfatosenoticias.com.br\/wp-content\/uploads\/2023\/12\/pegoretti-logo-pdf-1024x389.jpg 1024w, https:\/\/jornalfatosenoticias.com.br\/wp-content\/uploads\/2023\/12\/pegoretti-logo-pdf-300x114.jpg 300w, https:\/\/jornalfatosenoticias.com.br\/wp-content\/uploads\/2023\/12\/pegoretti-logo-pdf-768x291.jpg 768w, https:\/\/jornalfatosenoticias.com.br\/wp-content\/uploads\/2023\/12\/pegoretti-logo-pdf.jpg 1120w\" sizes=\"auto, (max-width: 498px) 100vw, 498px\" \/><\/a><\/figure><\/div>\n\n\n\n<p>Em 5 de junho de 2024, o DHS emitiu um documento oficial informando que todas as corre\u00e7\u00f5es necess\u00e1rias haviam sido feitas e que os dados incorretos sobre Martins tinham sido removidos do sistema. Foi nessa data que a suposta entrada de Filipe Martins em dezembro de 2022 desapareceu do sistema, e voltou a constar no I-94 a \u00faltima viagem real, de setembro de 2022.<\/p>\n\n\n\n<div class=\"wp-block-image\"><figure class=\"aligncenter size-large is-resized\"><a href=\"https:\/\/www.controlsystems.com.br\/\"><img loading=\"lazy\" decoding=\"async\" src=\"https:\/\/jornalfatosenoticias.com.br\/wp-content\/uploads\/2020\/02\/CONTROL-CS.jpg\" alt=\"\" class=\"wp-image-44991\" width=\"311\" height=\"373\" srcset=\"https:\/\/jornalfatosenoticias.com.br\/wp-content\/uploads\/2020\/02\/CONTROL-CS.jpg 834w, https:\/\/jornalfatosenoticias.com.br\/wp-content\/uploads\/2020\/02\/CONTROL-CS-250x300.jpg 250w, https:\/\/jornalfatosenoticias.com.br\/wp-content\/uploads\/2020\/02\/CONTROL-CS-768x921.jpg 768w\" sizes=\"auto, (max-width: 311px) 100vw, 311px\" \/><\/a><\/figure><\/div>\n\n\n\n<p><strong><span class=\"has-inline-color has-black-color\">Ap\u00f3s not\u00edcias no Brasil, DHS reabre investiga\u00e7\u00e3o; ap\u00f3s manifesta\u00e7\u00e3o da PGR, processo \u00e9 encerrado<br><\/span><\/strong>Em 12 de junho de 2024, diversos ve\u00edculos de imprensa no Brasil, como a pr\u00f3pria Gazeta do Povo, noticiaram que o DHS havia corrigido o registro de imigra\u00e7\u00e3o de Filipe Martins, removendo a entrada fict\u00edcia de dezembro de 2022 e invalidando a tese de que ele teria viajado para os EUA naquele per\u00edodo.<\/p>\n\n\n\n<div class=\"wp-block-image\"><figure class=\"aligncenter size-large\"><a href=\"http:\/\/www.ferrarimaquinas.com.br\/\"><img loading=\"lazy\" decoding=\"async\" width=\"300\" height=\"250\" src=\"https:\/\/jornalfatosenoticias.com.br\/wp-content\/uploads\/2022\/02\/FERRARI_MAQUINAS-E-FERRAMENTAS2.jpg\" alt=\"\" class=\"wp-image-27860\"\/><\/a><\/figure><\/div>\n\n\n\n<p>No entanto, na manh\u00e3 seguinte \u00e0s not\u00edcias, a defesa recebeu um e-mail com car\u00e1ter urgente do DHS solicitando novamente provas de que Martins n\u00e3o havia entrado no pa\u00eds, apesar de o caso j\u00e1 ter sido oficialmente encerrado no sistema <em>Traveler Redress Inquiry Program (TRIP).<\/em><\/p>\n\n\n\n<div class=\"wp-block-image\"><figure class=\"aligncenter size-large\"><a href=\"https:\/\/mizu.com.br\/\"><img loading=\"lazy\" decoding=\"async\" width=\"729\" height=\"90\" src=\"https:\/\/jornalfatosenoticias.com.br\/wp-content\/uploads\/2020\/02\/Logo_Mizu.png\" alt=\"\" class=\"wp-image-1441\" srcset=\"https:\/\/jornalfatosenoticias.com.br\/wp-content\/uploads\/2020\/02\/Logo_Mizu.png 729w, https:\/\/jornalfatosenoticias.com.br\/wp-content\/uploads\/2020\/02\/Logo_Mizu-300x37.png 300w\" sizes=\"auto, (max-width: 729px) 100vw, 729px\" \/><\/a><\/figure><\/div>\n\n\n\n<p>A reabertura inesperada da investiga\u00e7\u00e3o gerou questionamentos, uma vez que o DHS j\u00e1 havia revisado e corrigido os registros. Mesmo assim, a defesa encaminhou novamente a documenta\u00e7\u00e3o comprobat\u00f3ria. O processo se prolongou at\u00e9 31 de julho de 2024, quando o caso foi finalmente encerrado de forma definitiva. Isso ocorreu justamente dois dias depois de, no Brasil, a PGR se manifestar favor\u00e1vel \u00e0 libera\u00e7\u00e3o de Filipe Martins, que deixou a pris\u00e3o no dia 9 de agosto de 2024. A coincid\u00eancia das datas entre o que ocorria no Brasil e o que se passava no sistema de imigra\u00e7\u00e3o dos EUA \u00e9 mais um motivo para a suspeita de conluio entre autoridades americanas e brasileiras para forjar informa\u00e7\u00f5es.<\/p>\n\n\n\n<div class=\"wp-block-image\"><figure class=\"aligncenter size-large\"><a href=\"https:\/\/www.facebook.com\/vetor.vix\/\"><img loading=\"lazy\" decoding=\"async\" width=\"1024\" height=\"273\" src=\"https:\/\/jornalfatosenoticias.com.br\/wp-content\/uploads\/2023\/09\/vetorvix1024_1.jpg\" alt=\"\" class=\"wp-image-44868\" srcset=\"https:\/\/jornalfatosenoticias.com.br\/wp-content\/uploads\/2023\/09\/vetorvix1024_1.jpg 1024w, https:\/\/jornalfatosenoticias.com.br\/wp-content\/uploads\/2023\/09\/vetorvix1024_1-300x80.jpg 300w, https:\/\/jornalfatosenoticias.com.br\/wp-content\/uploads\/2023\/09\/vetorvix1024_1-768x205.jpg 768w\" sizes=\"auto, (max-width: 1024px) 100vw, 1024px\" \/><\/a><\/figure><\/div>\n\n\n\n<p><strong><span class=\"has-inline-color has-black-color\">O que deve ocorrer a partir de agora<br><\/span><\/strong>No ano passado, a defesa de Filipe Martins apresentou uma den\u00fancia ao inspetor-geral do DHS e protocolou dois pedidos formais de acesso a informa\u00e7\u00f5es com base no <em>Freedom of Information Act (FOIA),<\/em> mecanismo equivalente \u00e0 Lei de Acesso \u00e0 Informa\u00e7\u00e3o (LAI) no Brasil. O objetivo era obter os logs detalhados do sistema de imigra\u00e7\u00e3o dos EUA para identificar quando e por quem foi inserido o registro que apontava a suposta entrada de Martins em Orlando em dezembro de 2022. Como ainda n\u00e3o houve resposta satisfat\u00f3ria por parte das autoridades americanas, a defesa ajuizou duas a\u00e7\u00f5es judiciais nos EUA para obrigar a libera\u00e7\u00e3o dessas informa\u00e7\u00f5es.<\/p>\n\n\n\n<div class=\"wp-block-image\"><figure class=\"aligncenter size-large is-resized\"><a href=\"https:\/\/www.instagram.com\/serra4x4cambioautomatico\/\"><img loading=\"lazy\" decoding=\"async\" src=\"https:\/\/jornalfatosenoticias.com.br\/wp-content\/uploads\/2024\/08\/Serra-4x4-1-886x1024.jpg\" alt=\"\" class=\"wp-image-53632\" width=\"326\" height=\"377\" srcset=\"https:\/\/jornalfatosenoticias.com.br\/wp-content\/uploads\/2024\/08\/Serra-4x4-1-886x1024.jpg 886w, https:\/\/jornalfatosenoticias.com.br\/wp-content\/uploads\/2024\/08\/Serra-4x4-1-260x300.jpg 260w, https:\/\/jornalfatosenoticias.com.br\/wp-content\/uploads\/2024\/08\/Serra-4x4-1-768x888.jpg 768w, https:\/\/jornalfatosenoticias.com.br\/wp-content\/uploads\/2024\/08\/Serra-4x4-1.jpg 1181w\" sizes=\"auto, (max-width: 326px) 100vw, 326px\" \/><\/a><\/figure><\/div>\n\n\n\n<p>Ap\u00f3s a abertura dos processos no ano passado, o Attorney General \u2014 procurador-geral \u2014 dos EUA chegou a fornecer alguns documentos relacionados ao caso, mas as informa\u00e7\u00f5es mais relevantes foram ocultadas. O nome do oficial respons\u00e1vel por criar o registro no sistema do <em>Customs and Border Protection (CBP) <\/em>e a data exata da inser\u00e7\u00e3o do dado permanecem sob sigilo, impedindo a defesa de comprovar diretamente a poss\u00edvel fraude no hist\u00f3rico migrat\u00f3rio de Martins. Diante disso, os advogados j\u00e1 protocolaram um pedido para que essas restri\u00e7\u00f5es sejam removidas, permitindo o acesso irrestrito aos arquivos.<\/p>\n\n\n\n<div class=\"wp-block-image\"><figure class=\"aligncenter size-large is-resized\"><a href=\"https:\/\/cesconetto.com.br\/\"><img loading=\"lazy\" decoding=\"async\" src=\"https:\/\/jornalfatosenoticias.com.br\/wp-content\/uploads\/2022\/02\/Banner-2.png\" alt=\"\" class=\"wp-image-27877\" width=\"340\" height=\"283\"\/><\/a><\/figure><\/div>\n\n\n\n<p>A revela\u00e7\u00e3o desses registros \u00e9 considerada crucial para esclarecer se houve manipula\u00e7\u00e3o dos dados e, em caso afirmativo, identificar os respons\u00e1veis pela inser\u00e7\u00e3o do documento falso no sistema do CBP. &#8220;A expectativa \u00e9 que a gente vai conseguir ter acesso a isso, a quando isso foi criado e a quem fez, para a gente entender se houve ou n\u00e3o m\u00e1-f\u00e9 e fraude&#8221;, afirma a advogada Ana B\u00e1rbara Schaffert.<\/p>\n\n\n\n<div class=\"wp-block-image\"><figure class=\"aligncenter size-large is-resized\"><a href=\"https:\/\/www.ithbrasil.com.br\/\"><img loading=\"lazy\" decoding=\"async\" src=\"https:\/\/jornalfatosenoticias.com.br\/wp-content\/uploads\/2023\/08\/ITH.jpeg\" alt=\"\" class=\"wp-image-44638\" width=\"322\" height=\"262\" srcset=\"https:\/\/jornalfatosenoticias.com.br\/wp-content\/uploads\/2023\/08\/ITH.jpeg 800w, https:\/\/jornalfatosenoticias.com.br\/wp-content\/uploads\/2023\/08\/ITH-300x244.jpeg 300w, https:\/\/jornalfatosenoticias.com.br\/wp-content\/uploads\/2023\/08\/ITH-768x624.jpeg 768w\" sizes=\"auto, (max-width: 322px) 100vw, 322px\" \/><\/a><\/figure><\/div>\n\n\n\n<p>Dependendo da gravidade do que for descoberto, a classe pol\u00edtica pode se envolver, o que daria dimens\u00e3o ainda maior para o caso. <em>&#8220;Os parlamentares de oposi\u00e7\u00e3o devem continuar pressionando para que essa investiga\u00e7\u00e3o aconte\u00e7a. Filipe Martins chegou a se encontrar com Trump, e o atual governo americano deveria ser posto a par dessa grave situa\u00e7\u00e3o e tentar chegar ao fundo dessa quest\u00e3o&#8221;, comenta Luiz Augusto M\u00f3dolo, doutor em Direito Internacional pela USP e autor de &#8220;A saga de Theodore Roosevelt&#8221; (2020).<\/em><\/p>\n\n\n\n<div class=\"wp-block-image\"><figure class=\"aligncenter size-large is-resized\"><a href=\"https:\/\/www.instagram.com\/rcradiadores\/\"><img loading=\"lazy\" decoding=\"async\" src=\"https:\/\/jornalfatosenoticias.com.br\/wp-content\/uploads\/2022\/10\/RC_800x750_page-0001.jpg\" alt=\"\" class=\"wp-image-35338\" width=\"329\" height=\"308\" srcset=\"https:\/\/jornalfatosenoticias.com.br\/wp-content\/uploads\/2022\/10\/RC_800x750_page-0001.jpg 400w, https:\/\/jornalfatosenoticias.com.br\/wp-content\/uploads\/2022\/10\/RC_800x750_page-0001-300x281.jpg 300w\" sizes=\"auto, (max-width: 329px) 100vw, 329px\" \/><\/a><\/figure><\/div>\n\n\n\n<blockquote class=\"wp-block-quote is-layout-flow wp-block-quote-is-layout-flow\"><p><span class=\"has-inline-color has-luminous-vivid-orange-color\">Ele estava sendo monitorado meses antes de sua pris\u00e3o e j\u00e1 se sabia que ele n\u00e3o tinha viajado com Bolsonaro. E, mesmo que ele tivesse viajado, isso n\u00e3o seria crime&#8221;, complementa.<\/span><\/p><\/blockquote>\n\n\n\n<div class=\"wp-block-image\"><figure class=\"aligncenter size-large is-resized\"><a href=\"https:\/\/panper.com.br\/\"><img loading=\"lazy\" decoding=\"async\" src=\"https:\/\/jornalfatosenoticias.com.br\/wp-content\/uploads\/2023\/03\/logo-Panper_portal.jpg\" alt=\"\" class=\"wp-image-40208\" width=\"336\" height=\"233\" srcset=\"https:\/\/jornalfatosenoticias.com.br\/wp-content\/uploads\/2023\/03\/logo-Panper_portal.jpg 400w, https:\/\/jornalfatosenoticias.com.br\/wp-content\/uploads\/2023\/03\/logo-Panper_portal-300x208.jpg 300w\" sizes=\"auto, (max-width: 336px) 100vw, 336px\" \/><\/a><\/figure><\/div>\n\n\n\n<p><strong>Fonte: <a href=\"https:\/\/www.gazetadopovo.com.br\/vida-e-cidadania\/suspeita-de-armacao-contra-filipe-martins-pode-agravar-cerco-a-moraes-nos-eua\/\">Gazeta do Povo<\/a><\/strong><\/p>\n","protected":false},"excerpt":{"rendered":"<p>A grafia incorreta do nome de Filipe Martins em um registro falso de entrada nos EUA \u00e9 um dos ind\u00edcios na suspeita de arma\u00e7\u00e3o contra ele Por Leonardo Desideri A suspeita de arma\u00e7\u00e3o contra Filipe Martins, ex-assessor para Assuntos Internacionais no governo do ex-presidente Jair Bolsonaro (PL), tem chamado a aten\u00e7\u00e3o nos Estados Unidos de [&hellip;]<\/p>\n","protected":false},"author":2,"featured_media":57671,"comment_status":"open","ping_status":"open","sticky":false,"template":"","format":"standard","meta":{"footnotes":""},"categories":[5],"tags":[13889,1751,23861,11404,1795,294],"class_list":["post-57667","post","type-post","status-publish","format-standard","has-post-thumbnail","hentry","category-geral","tag-alexandre-de-moraes","tag-estados-unidos","tag-filipe-martins","tag-imigracao","tag-jair-bolsonaro","tag-stf"],"yoast_head":"<!-- This site is optimized with the Yoast SEO plugin v26.5 - https:\/\/yoast.com\/wordpress\/plugins\/seo\/ -->\n<title>Suspeita de arma\u00e7\u00e3o contra Filipe Martins pode agravar cerco a Moraes nos EUA - Jornal Fatos e Not\u00edcias<\/title>\n<meta name=\"robots\" content=\"index, follow, max-snippet:-1, max-image-preview:large, max-video-preview:-1\" \/>\n<link rel=\"canonical\" href=\"https:\/\/jornalfatosenoticias.com.br\/index.php\/2025\/03\/12\/suspeita-de-armacao-contra-filipe-martins-pode-agravar-cerco-a-moraes-nos-eua\/\" \/>\n<meta property=\"og:locale\" content=\"pt_BR\" \/>\n<meta property=\"og:type\" content=\"article\" \/>\n<meta property=\"og:title\" content=\"Suspeita de arma\u00e7\u00e3o contra Filipe Martins pode agravar cerco a Moraes nos EUA - Jornal Fatos e Not\u00edcias\" \/>\n<meta property=\"og:description\" content=\"A grafia incorreta do nome de Filipe Martins em um registro falso de entrada nos EUA \u00e9 um dos ind\u00edcios na suspeita de arma\u00e7\u00e3o contra ele Por Leonardo Desideri A suspeita de arma\u00e7\u00e3o contra Filipe Martins, ex-assessor para Assuntos Internacionais no governo do ex-presidente Jair Bolsonaro (PL), tem chamado a aten\u00e7\u00e3o nos Estados Unidos de [&hellip;]\" \/>\n<meta property=\"og:url\" content=\"https:\/\/jornalfatosenoticias.com.br\/index.php\/2025\/03\/12\/suspeita-de-armacao-contra-filipe-martins-pode-agravar-cerco-a-moraes-nos-eua\/\" \/>\n<meta property=\"og:site_name\" content=\"Jornal Fatos e Not\u00edcias\" \/>\n<meta property=\"article:published_time\" content=\"2025-03-12T18:19:48+00:00\" \/>\n<meta property=\"article:modified_time\" content=\"2025-03-12T18:19:50+00:00\" \/>\n<meta property=\"og:image\" content=\"https:\/\/jornalfatosenoticias.com.br\/wp-content\/uploads\/2025\/03\/filipe-martins-1.jpg\" \/>\n\t<meta property=\"og:image:width\" content=\"1000\" \/>\n\t<meta property=\"og:image:height\" content=\"562\" \/>\n\t<meta property=\"og:image:type\" content=\"image\/jpeg\" \/>\n<meta name=\"author\" content=\"Luzimara Fernandes\" \/>\n<meta name=\"twitter:card\" content=\"summary_large_image\" \/>\n<meta name=\"twitter:label1\" content=\"Escrito por\" \/>\n\t<meta name=\"twitter:data1\" content=\"Luzimara Fernandes\" \/>\n\t<meta name=\"twitter:label2\" content=\"Est. tempo de leitura\" \/>\n\t<meta name=\"twitter:data2\" content=\"15 minutos\" \/>\n<script type=\"application\/ld+json\" class=\"yoast-schema-graph\">{\"@context\":\"https:\/\/schema.org\",\"@graph\":[{\"@type\":\"Article\",\"@id\":\"https:\/\/jornalfatosenoticias.com.br\/index.php\/2025\/03\/12\/suspeita-de-armacao-contra-filipe-martins-pode-agravar-cerco-a-moraes-nos-eua\/#article\",\"isPartOf\":{\"@id\":\"https:\/\/jornalfatosenoticias.com.br\/index.php\/2025\/03\/12\/suspeita-de-armacao-contra-filipe-martins-pode-agravar-cerco-a-moraes-nos-eua\/\"},\"author\":{\"name\":\"Luzimara Fernandes\",\"@id\":\"https:\/\/jornalfatosenoticias.com.br\/#\/schema\/person\/d63837fa13ac8666eb9e74e0985d6f81\"},\"headline\":\"Suspeita de arma\u00e7\u00e3o contra Filipe Martins pode agravar cerco a Moraes nos EUA\",\"datePublished\":\"2025-03-12T18:19:48+00:00\",\"dateModified\":\"2025-03-12T18:19:50+00:00\",\"mainEntityOfPage\":{\"@id\":\"https:\/\/jornalfatosenoticias.com.br\/index.php\/2025\/03\/12\/suspeita-de-armacao-contra-filipe-martins-pode-agravar-cerco-a-moraes-nos-eua\/\"},\"wordCount\":3028,\"commentCount\":0,\"publisher\":{\"@id\":\"https:\/\/jornalfatosenoticias.com.br\/#organization\"},\"image\":{\"@id\":\"https:\/\/jornalfatosenoticias.com.br\/index.php\/2025\/03\/12\/suspeita-de-armacao-contra-filipe-martins-pode-agravar-cerco-a-moraes-nos-eua\/#primaryimage\"},\"thumbnailUrl\":\"https:\/\/jornalfatosenoticias.com.br\/wp-content\/uploads\/2025\/03\/filipe-martins-1.jpg\",\"keywords\":[\"Alexandre de Moraes\",\"Estados Unidos\",\"Filipe Martins\",\"imigra\u00e7\u00e3o\",\"Jair Bolsonaro\",\"STF\"],\"articleSection\":[\"Geral\"],\"inLanguage\":\"pt-BR\",\"potentialAction\":[{\"@type\":\"CommentAction\",\"name\":\"Comment\",\"target\":[\"https:\/\/jornalfatosenoticias.com.br\/index.php\/2025\/03\/12\/suspeita-de-armacao-contra-filipe-martins-pode-agravar-cerco-a-moraes-nos-eua\/#respond\"]}]},{\"@type\":\"WebPage\",\"@id\":\"https:\/\/jornalfatosenoticias.com.br\/index.php\/2025\/03\/12\/suspeita-de-armacao-contra-filipe-martins-pode-agravar-cerco-a-moraes-nos-eua\/\",\"url\":\"https:\/\/jornalfatosenoticias.com.br\/index.php\/2025\/03\/12\/suspeita-de-armacao-contra-filipe-martins-pode-agravar-cerco-a-moraes-nos-eua\/\",\"name\":\"Suspeita de arma\u00e7\u00e3o contra Filipe Martins pode agravar cerco a Moraes nos EUA - Jornal Fatos e Not\u00edcias\",\"isPartOf\":{\"@id\":\"https:\/\/jornalfatosenoticias.com.br\/#website\"},\"primaryImageOfPage\":{\"@id\":\"https:\/\/jornalfatosenoticias.com.br\/index.php\/2025\/03\/12\/suspeita-de-armacao-contra-filipe-martins-pode-agravar-cerco-a-moraes-nos-eua\/#primaryimage\"},\"image\":{\"@id\":\"https:\/\/jornalfatosenoticias.com.br\/index.php\/2025\/03\/12\/suspeita-de-armacao-contra-filipe-martins-pode-agravar-cerco-a-moraes-nos-eua\/#primaryimage\"},\"thumbnailUrl\":\"https:\/\/jornalfatosenoticias.com.br\/wp-content\/uploads\/2025\/03\/filipe-martins-1.jpg\",\"datePublished\":\"2025-03-12T18:19:48+00:00\",\"dateModified\":\"2025-03-12T18:19:50+00:00\",\"breadcrumb\":{\"@id\":\"https:\/\/jornalfatosenoticias.com.br\/index.php\/2025\/03\/12\/suspeita-de-armacao-contra-filipe-martins-pode-agravar-cerco-a-moraes-nos-eua\/#breadcrumb\"},\"inLanguage\":\"pt-BR\",\"potentialAction\":[{\"@type\":\"ReadAction\",\"target\":[\"https:\/\/jornalfatosenoticias.com.br\/index.php\/2025\/03\/12\/suspeita-de-armacao-contra-filipe-martins-pode-agravar-cerco-a-moraes-nos-eua\/\"]}]},{\"@type\":\"ImageObject\",\"inLanguage\":\"pt-BR\",\"@id\":\"https:\/\/jornalfatosenoticias.com.br\/index.php\/2025\/03\/12\/suspeita-de-armacao-contra-filipe-martins-pode-agravar-cerco-a-moraes-nos-eua\/#primaryimage\",\"url\":\"https:\/\/jornalfatosenoticias.com.br\/wp-content\/uploads\/2025\/03\/filipe-martins-1.jpg\",\"contentUrl\":\"https:\/\/jornalfatosenoticias.com.br\/wp-content\/uploads\/2025\/03\/filipe-martins-1.jpg\",\"width\":1000,\"height\":562},{\"@type\":\"BreadcrumbList\",\"@id\":\"https:\/\/jornalfatosenoticias.com.br\/index.php\/2025\/03\/12\/suspeita-de-armacao-contra-filipe-martins-pode-agravar-cerco-a-moraes-nos-eua\/#breadcrumb\",\"itemListElement\":[{\"@type\":\"ListItem\",\"position\":1,\"name\":\"In\u00edcio\",\"item\":\"https:\/\/jornalfatosenoticias.com.br\/\"},{\"@type\":\"ListItem\",\"position\":2,\"name\":\"Suspeita de arma\u00e7\u00e3o contra Filipe Martins pode agravar cerco a Moraes nos EUA\"}]},{\"@type\":\"WebSite\",\"@id\":\"https:\/\/jornalfatosenoticias.com.br\/#website\",\"url\":\"https:\/\/jornalfatosenoticias.com.br\/\",\"name\":\"Jornal Fatos e Not\u00edcias\",\"description\":\"Not\u00edcias em geral\",\"publisher\":{\"@id\":\"https:\/\/jornalfatosenoticias.com.br\/#organization\"},\"potentialAction\":[{\"@type\":\"SearchAction\",\"target\":{\"@type\":\"EntryPoint\",\"urlTemplate\":\"https:\/\/jornalfatosenoticias.com.br\/?s={search_term_string}\"},\"query-input\":{\"@type\":\"PropertyValueSpecification\",\"valueRequired\":true,\"valueName\":\"search_term_string\"}}],\"inLanguage\":\"pt-BR\"},{\"@type\":\"Organization\",\"@id\":\"https:\/\/jornalfatosenoticias.com.br\/#organization\",\"name\":\"Jornal Fatos e Not\u00edcias\",\"url\":\"https:\/\/jornalfatosenoticias.com.br\/\",\"logo\":{\"@type\":\"ImageObject\",\"inLanguage\":\"pt-BR\",\"@id\":\"https:\/\/jornalfatosenoticias.com.br\/#\/schema\/logo\/image\/\",\"url\":\"https:\/\/jornalfatosenoticias.com.br\/wp-content\/uploads\/2020\/02\/logo120.png\",\"contentUrl\":\"https:\/\/jornalfatosenoticias.com.br\/wp-content\/uploads\/2020\/02\/logo120.png\",\"width\":1227,\"height\":120,\"caption\":\"Jornal Fatos e Not\u00edcias\"},\"image\":{\"@id\":\"https:\/\/jornalfatosenoticias.com.br\/#\/schema\/logo\/image\/\"}},{\"@type\":\"Person\",\"@id\":\"https:\/\/jornalfatosenoticias.com.br\/#\/schema\/person\/d63837fa13ac8666eb9e74e0985d6f81\",\"name\":\"Luzimara Fernandes\",\"image\":{\"@type\":\"ImageObject\",\"inLanguage\":\"pt-BR\",\"@id\":\"https:\/\/jornalfatosenoticias.com.br\/#\/schema\/person\/image\/\",\"url\":\"https:\/\/jornalfatosenoticias.com.br\/wp-content\/uploads\/2025\/05\/EU_portal.jpg\",\"contentUrl\":\"https:\/\/jornalfatosenoticias.com.br\/wp-content\/uploads\/2025\/05\/EU_portal.jpg\",\"caption\":\"Luzimara Fernandes\"},\"description\":\"Jornalista MTB 2358-ES\",\"sameAs\":[\"https:\/\/jornalfatosenoticias.com.br\"],\"url\":\"https:\/\/jornalfatosenoticias.com.br\/index.php\/author\/luzimara\/\"}]}<\/script>\n<!-- \/ Yoast SEO plugin. -->","yoast_head_json":{"title":"Suspeita de arma\u00e7\u00e3o contra Filipe Martins pode agravar cerco a Moraes nos EUA - Jornal Fatos e Not\u00edcias","robots":{"index":"index","follow":"follow","max-snippet":"max-snippet:-1","max-image-preview":"max-image-preview:large","max-video-preview":"max-video-preview:-1"},"canonical":"https:\/\/jornalfatosenoticias.com.br\/index.php\/2025\/03\/12\/suspeita-de-armacao-contra-filipe-martins-pode-agravar-cerco-a-moraes-nos-eua\/","og_locale":"pt_BR","og_type":"article","og_title":"Suspeita de arma\u00e7\u00e3o contra Filipe Martins pode agravar cerco a Moraes nos EUA - Jornal Fatos e Not\u00edcias","og_description":"A grafia incorreta do nome de Filipe Martins em um registro falso de entrada nos EUA \u00e9 um dos ind\u00edcios na suspeita de arma\u00e7\u00e3o contra ele Por Leonardo Desideri A suspeita de arma\u00e7\u00e3o contra Filipe Martins, ex-assessor para Assuntos Internacionais no governo do ex-presidente Jair Bolsonaro (PL), tem chamado a aten\u00e7\u00e3o nos Estados Unidos de [&hellip;]","og_url":"https:\/\/jornalfatosenoticias.com.br\/index.php\/2025\/03\/12\/suspeita-de-armacao-contra-filipe-martins-pode-agravar-cerco-a-moraes-nos-eua\/","og_site_name":"Jornal Fatos e Not\u00edcias","article_published_time":"2025-03-12T18:19:48+00:00","article_modified_time":"2025-03-12T18:19:50+00:00","og_image":[{"width":1000,"height":562,"url":"https:\/\/jornalfatosenoticias.com.br\/wp-content\/uploads\/2025\/03\/filipe-martins-1.jpg","type":"image\/jpeg"}],"author":"Luzimara Fernandes","twitter_card":"summary_large_image","twitter_misc":{"Escrito por":"Luzimara Fernandes","Est. tempo de leitura":"15 minutos"},"schema":{"@context":"https:\/\/schema.org","@graph":[{"@type":"Article","@id":"https:\/\/jornalfatosenoticias.com.br\/index.php\/2025\/03\/12\/suspeita-de-armacao-contra-filipe-martins-pode-agravar-cerco-a-moraes-nos-eua\/#article","isPartOf":{"@id":"https:\/\/jornalfatosenoticias.com.br\/index.php\/2025\/03\/12\/suspeita-de-armacao-contra-filipe-martins-pode-agravar-cerco-a-moraes-nos-eua\/"},"author":{"name":"Luzimara Fernandes","@id":"https:\/\/jornalfatosenoticias.com.br\/#\/schema\/person\/d63837fa13ac8666eb9e74e0985d6f81"},"headline":"Suspeita de arma\u00e7\u00e3o contra Filipe Martins pode agravar cerco a Moraes nos EUA","datePublished":"2025-03-12T18:19:48+00:00","dateModified":"2025-03-12T18:19:50+00:00","mainEntityOfPage":{"@id":"https:\/\/jornalfatosenoticias.com.br\/index.php\/2025\/03\/12\/suspeita-de-armacao-contra-filipe-martins-pode-agravar-cerco-a-moraes-nos-eua\/"},"wordCount":3028,"commentCount":0,"publisher":{"@id":"https:\/\/jornalfatosenoticias.com.br\/#organization"},"image":{"@id":"https:\/\/jornalfatosenoticias.com.br\/index.php\/2025\/03\/12\/suspeita-de-armacao-contra-filipe-martins-pode-agravar-cerco-a-moraes-nos-eua\/#primaryimage"},"thumbnailUrl":"https:\/\/jornalfatosenoticias.com.br\/wp-content\/uploads\/2025\/03\/filipe-martins-1.jpg","keywords":["Alexandre de Moraes","Estados Unidos","Filipe Martins","imigra\u00e7\u00e3o","Jair Bolsonaro","STF"],"articleSection":["Geral"],"inLanguage":"pt-BR","potentialAction":[{"@type":"CommentAction","name":"Comment","target":["https:\/\/jornalfatosenoticias.com.br\/index.php\/2025\/03\/12\/suspeita-de-armacao-contra-filipe-martins-pode-agravar-cerco-a-moraes-nos-eua\/#respond"]}]},{"@type":"WebPage","@id":"https:\/\/jornalfatosenoticias.com.br\/index.php\/2025\/03\/12\/suspeita-de-armacao-contra-filipe-martins-pode-agravar-cerco-a-moraes-nos-eua\/","url":"https:\/\/jornalfatosenoticias.com.br\/index.php\/2025\/03\/12\/suspeita-de-armacao-contra-filipe-martins-pode-agravar-cerco-a-moraes-nos-eua\/","name":"Suspeita de arma\u00e7\u00e3o contra Filipe Martins pode agravar cerco a Moraes nos EUA - Jornal Fatos e Not\u00edcias","isPartOf":{"@id":"https:\/\/jornalfatosenoticias.com.br\/#website"},"primaryImageOfPage":{"@id":"https:\/\/jornalfatosenoticias.com.br\/index.php\/2025\/03\/12\/suspeita-de-armacao-contra-filipe-martins-pode-agravar-cerco-a-moraes-nos-eua\/#primaryimage"},"image":{"@id":"https:\/\/jornalfatosenoticias.com.br\/index.php\/2025\/03\/12\/suspeita-de-armacao-contra-filipe-martins-pode-agravar-cerco-a-moraes-nos-eua\/#primaryimage"},"thumbnailUrl":"https:\/\/jornalfatosenoticias.com.br\/wp-content\/uploads\/2025\/03\/filipe-martins-1.jpg","datePublished":"2025-03-12T18:19:48+00:00","dateModified":"2025-03-12T18:19:50+00:00","breadcrumb":{"@id":"https:\/\/jornalfatosenoticias.com.br\/index.php\/2025\/03\/12\/suspeita-de-armacao-contra-filipe-martins-pode-agravar-cerco-a-moraes-nos-eua\/#breadcrumb"},"inLanguage":"pt-BR","potentialAction":[{"@type":"ReadAction","target":["https:\/\/jornalfatosenoticias.com.br\/index.php\/2025\/03\/12\/suspeita-de-armacao-contra-filipe-martins-pode-agravar-cerco-a-moraes-nos-eua\/"]}]},{"@type":"ImageObject","inLanguage":"pt-BR","@id":"https:\/\/jornalfatosenoticias.com.br\/index.php\/2025\/03\/12\/suspeita-de-armacao-contra-filipe-martins-pode-agravar-cerco-a-moraes-nos-eua\/#primaryimage","url":"https:\/\/jornalfatosenoticias.com.br\/wp-content\/uploads\/2025\/03\/filipe-martins-1.jpg","contentUrl":"https:\/\/jornalfatosenoticias.com.br\/wp-content\/uploads\/2025\/03\/filipe-martins-1.jpg","width":1000,"height":562},{"@type":"BreadcrumbList","@id":"https:\/\/jornalfatosenoticias.com.br\/index.php\/2025\/03\/12\/suspeita-de-armacao-contra-filipe-martins-pode-agravar-cerco-a-moraes-nos-eua\/#breadcrumb","itemListElement":[{"@type":"ListItem","position":1,"name":"In\u00edcio","item":"https:\/\/jornalfatosenoticias.com.br\/"},{"@type":"ListItem","position":2,"name":"Suspeita de arma\u00e7\u00e3o contra Filipe Martins pode agravar cerco a Moraes nos EUA"}]},{"@type":"WebSite","@id":"https:\/\/jornalfatosenoticias.com.br\/#website","url":"https:\/\/jornalfatosenoticias.com.br\/","name":"Jornal Fatos e Not\u00edcias","description":"Not\u00edcias em geral","publisher":{"@id":"https:\/\/jornalfatosenoticias.com.br\/#organization"},"potentialAction":[{"@type":"SearchAction","target":{"@type":"EntryPoint","urlTemplate":"https:\/\/jornalfatosenoticias.com.br\/?s={search_term_string}"},"query-input":{"@type":"PropertyValueSpecification","valueRequired":true,"valueName":"search_term_string"}}],"inLanguage":"pt-BR"},{"@type":"Organization","@id":"https:\/\/jornalfatosenoticias.com.br\/#organization","name":"Jornal Fatos e Not\u00edcias","url":"https:\/\/jornalfatosenoticias.com.br\/","logo":{"@type":"ImageObject","inLanguage":"pt-BR","@id":"https:\/\/jornalfatosenoticias.com.br\/#\/schema\/logo\/image\/","url":"https:\/\/jornalfatosenoticias.com.br\/wp-content\/uploads\/2020\/02\/logo120.png","contentUrl":"https:\/\/jornalfatosenoticias.com.br\/wp-content\/uploads\/2020\/02\/logo120.png","width":1227,"height":120,"caption":"Jornal Fatos e Not\u00edcias"},"image":{"@id":"https:\/\/jornalfatosenoticias.com.br\/#\/schema\/logo\/image\/"}},{"@type":"Person","@id":"https:\/\/jornalfatosenoticias.com.br\/#\/schema\/person\/d63837fa13ac8666eb9e74e0985d6f81","name":"Luzimara Fernandes","image":{"@type":"ImageObject","inLanguage":"pt-BR","@id":"https:\/\/jornalfatosenoticias.com.br\/#\/schema\/person\/image\/","url":"https:\/\/jornalfatosenoticias.com.br\/wp-content\/uploads\/2025\/05\/EU_portal.jpg","contentUrl":"https:\/\/jornalfatosenoticias.com.br\/wp-content\/uploads\/2025\/05\/EU_portal.jpg","caption":"Luzimara Fernandes"},"description":"Jornalista MTB 2358-ES","sameAs":["https:\/\/jornalfatosenoticias.com.br"],"url":"https:\/\/jornalfatosenoticias.com.br\/index.php\/author\/luzimara\/"}]}},"cc_featured_image_caption":{"caption_text":"(Foto: Reprodu\u00e7\u00e3o)","source_text":"","source_url":""},"jetpack_featured_media_url":"https:\/\/jornalfatosenoticias.com.br\/wp-content\/uploads\/2025\/03\/filipe-martins-1.jpg","_links":{"self":[{"href":"https:\/\/jornalfatosenoticias.com.br\/index.php\/wp-json\/wp\/v2\/posts\/57667","targetHints":{"allow":["GET"]}}],"collection":[{"href":"https:\/\/jornalfatosenoticias.com.br\/index.php\/wp-json\/wp\/v2\/posts"}],"about":[{"href":"https:\/\/jornalfatosenoticias.com.br\/index.php\/wp-json\/wp\/v2\/types\/post"}],"author":[{"embeddable":true,"href":"https:\/\/jornalfatosenoticias.com.br\/index.php\/wp-json\/wp\/v2\/users\/2"}],"replies":[{"embeddable":true,"href":"https:\/\/jornalfatosenoticias.com.br\/index.php\/wp-json\/wp\/v2\/comments?post=57667"}],"version-history":[{"count":0,"href":"https:\/\/jornalfatosenoticias.com.br\/index.php\/wp-json\/wp\/v2\/posts\/57667\/revisions"}],"wp:featuredmedia":[{"embeddable":true,"href":"https:\/\/jornalfatosenoticias.com.br\/index.php\/wp-json\/wp\/v2\/media\/57671"}],"wp:attachment":[{"href":"https:\/\/jornalfatosenoticias.com.br\/index.php\/wp-json\/wp\/v2\/media?parent=57667"}],"wp:term":[{"taxonomy":"category","embeddable":true,"href":"https:\/\/jornalfatosenoticias.com.br\/index.php\/wp-json\/wp\/v2\/categories?post=57667"},{"taxonomy":"post_tag","embeddable":true,"href":"https:\/\/jornalfatosenoticias.com.br\/index.php\/wp-json\/wp\/v2\/tags?post=57667"}],"curies":[{"name":"wp","href":"https:\/\/api.w.org\/{rel}","templated":true}]}}