{"id":57674,"date":"2025-03-13T18:13:53","date_gmt":"2025-03-13T21:13:53","guid":{"rendered":"https:\/\/jornalfatosenoticias.com.br\/?p=57674"},"modified":"2025-03-14T12:00:15","modified_gmt":"2025-03-14T15:00:15","slug":"sitio-arqueologico-mirante-novo-riachuelo-um-tesouro-escondido-no-coracao-da-amazonia","status":"publish","type":"post","link":"https:\/\/jornalfatosenoticias.com.br\/index.php\/2025\/03\/13\/sitio-arqueologico-mirante-novo-riachuelo-um-tesouro-escondido-no-coracao-da-amazonia\/","title":{"rendered":"S\u00edtio Arqueol\u00f3gico Mirante Novo Riachuelo: um tesouro escondido no cora\u00e7\u00e3o da Amaz\u00f4nia"},"content":{"rendered":"\n<p><span class=\"has-inline-color has-black-color\"><em>O long\u00ednquo distrito de Novo Riachuelo, Presidente M\u00e9dici, Rond\u00f4nia, esconde um patrim\u00f4nio arqueol\u00f3gico de interesse nacional e mundial<\/em><\/span><\/p>\n\n\n\n<div class=\"wp-block-image\"><figure class=\"aligncenter size-large\"><a href=\"https:\/\/mizu.com.br\/\"><img loading=\"lazy\" decoding=\"async\" width=\"729\" height=\"90\" src=\"https:\/\/jornalfatosenoticias.com.br\/wp-content\/uploads\/2020\/02\/Logo_Mizu.png\" alt=\"\" class=\"wp-image-1441\" srcset=\"https:\/\/jornalfatosenoticias.com.br\/wp-content\/uploads\/2020\/02\/Logo_Mizu.png 729w, https:\/\/jornalfatosenoticias.com.br\/wp-content\/uploads\/2020\/02\/Logo_Mizu-300x37.png 300w\" sizes=\"auto, (max-width: 729px) 100vw, 729px\" \/><\/a><\/figure><\/div>\n\n\n\n<p>Volta e meia a gente ouve falar sobre s\u00edtios arqueol\u00f3gicos e descobertas de f\u00f3sseis. Mas ser\u00e1 que a gente sabe a import\u00e2ncia de tudo isso para o Brasil? Voc\u00ea sabia, por exemplo, que o solo brasileiro guarda um tesouro arqueol\u00f3gico incalcul\u00e1vel? E que uma parte dessa riqueza est\u00e1 no solo amaz\u00f4nico? Pois \u00e9, no long\u00ednquo distrito de Novo Riachuelo, Presidente M\u00e9dici, Rond\u00f4nia, h\u00e1 um patrim\u00f4nio arqueol\u00f3gico de interesse nacional e internacional. Trata-se do S\u00edtio Arqueol\u00f3gico Mirante Novo Riachuelo. Descoberto na d\u00e9cada de 80 pelo arque\u00f3logo Eurico Miller, manteve-se inc\u00f3lume at\u00e9 ser redescoberto pela professora, historiadora e arque\u00f3loga, <strong>Maria Coimbra de Oliveira<\/strong> e pelo professor Jos\u00e9 da Silva Garcia, em 2001.<br>Foi, ent\u00e3o, que o Instituto do Patrim\u00f4nio Hist\u00f3rico e Art\u00edstico Nacional (Iphan) entrou na hist\u00f3ria, e fez uma proposta de parceria com o munic\u00edpio. Em 2010, o s\u00edtio foi inaugurado pela prefeitura e pelo Iphan, com uma contrapartida t\u00e9cnico-financeira por parte do Iphan, e a prefeitura de Presidente M\u00e9dici, com os servi\u00e7os. Com o decorrer do tempo, o acordo n\u00e3o foi renovado, mas, mesmo assim, o Iphan \u00e9 a autarquia que fiscaliza e continua suprindo com as demandas, mesmo que apenas tecnicamente.<\/p>\n\n\n\n<div class=\"wp-block-image\"><figure class=\"aligncenter size-large\"><a href=\"https:\/\/cesconetto.com.br\/\"><img loading=\"lazy\" decoding=\"async\" width=\"300\" height=\"250\" src=\"https:\/\/jornalfatosenoticias.com.br\/wp-content\/uploads\/2020\/02\/Banner-2.png\" alt=\"\" class=\"wp-image-43787\"\/><\/a><\/figure><\/div>\n\n\n\n<p>No local, \u00e9 poss\u00edvel vivenciar a hist\u00f3ria de perto com os grafismos rupestres bastante diversificados. Acredita-se que a \u00e1rea foi densamente ocupada e utilizada como ref\u00fagio e tr\u00e2nsito entre diferentes ambientes, segundo as teorias que apontam a regi\u00e3o como o centro de dispers\u00e3o dos povos tupis, que circulavam por todo o Brasil.<\/p>\n\n\n\n<div class=\"wp-block-image\"><figure class=\"aligncenter size-large is-resized\"><img loading=\"lazy\" decoding=\"async\" src=\"https:\/\/jornalfatosenoticias.com.br\/wp-content\/uploads\/2024\/09\/Legis-Juris-Consultoria_logo.jpg\" alt=\"\" class=\"wp-image-53915\" width=\"535\" height=\"224\" srcset=\"https:\/\/jornalfatosenoticias.com.br\/wp-content\/uploads\/2024\/09\/Legis-Juris-Consultoria_logo.jpg 969w, https:\/\/jornalfatosenoticias.com.br\/wp-content\/uploads\/2024\/09\/Legis-Juris-Consultoria_logo-300x126.jpg 300w, https:\/\/jornalfatosenoticias.com.br\/wp-content\/uploads\/2024\/09\/Legis-Juris-Consultoria_logo-768x322.jpg 768w\" sizes=\"auto, (max-width: 535px) 100vw, 535px\" \/><\/figure><\/div>\n\n\n\n<p>O s\u00edtio Mirante teve um per\u00edodo \u00e1ureo quando chegou a receber grupos de at\u00e9 120 pessoas por dia, do Brasil e do mundo. Ao todo, mais de duas mil pessoas passaram pelo s\u00edtio arqueol\u00f3gico. As visita\u00e7\u00f5es eram organizadas pelo museu e, l\u00e1, no distrito de Novo Riachuelo, o professor Marcelo conduzia, junto com a associa\u00e7\u00e3o de moradores, os grupos at\u00e9 o local.<\/p>\n\n\n\n<div class=\"wp-block-image\"><figure class=\"aligncenter size-large is-resized\"><a href=\"https:\/\/www.facebook.com\/postobkr\/?locale=pt_BR\"><img loading=\"lazy\" decoding=\"async\" src=\"https:\/\/jornalfatosenoticias.com.br\/wp-content\/uploads\/2023\/08\/BKR-1024x1021.jpg\" alt=\"\" class=\"wp-image-44494\" width=\"329\" height=\"328\" srcset=\"https:\/\/jornalfatosenoticias.com.br\/wp-content\/uploads\/2023\/08\/BKR-1024x1021.jpg 1024w, https:\/\/jornalfatosenoticias.com.br\/wp-content\/uploads\/2023\/08\/BKR-300x300.jpg 300w, https:\/\/jornalfatosenoticias.com.br\/wp-content\/uploads\/2023\/08\/BKR-150x150.jpg 150w, https:\/\/jornalfatosenoticias.com.br\/wp-content\/uploads\/2023\/08\/BKR-768x766.jpg 768w, https:\/\/jornalfatosenoticias.com.br\/wp-content\/uploads\/2023\/08\/BKR.jpg 1080w\" sizes=\"auto, (max-width: 329px) 100vw, 329px\" \/><\/a><\/figure><\/div>\n\n\n\n<p>Nesse per\u00edodo, o Iphan acabou formando, de maneira informal, alguns guias que cobravam uma pequena taxa para conduzir os grupos visitantes. \u201cEscolas do estado inteiro traziam seus alunos, arque\u00f3logos de outros pa\u00edses tamb\u00e9m; vinha gente de todo lugar\u201d, destaca Maria Coimbra.<br>Por\u00e9m, a falta de estrutura levou \u00e0 suspens\u00e3o das visitas por mais de oito anos. <\/p>\n\n\n\n<figure class=\"wp-block-video\"><video controls src=\"blob:https:\/\/jornalfatosenoticias.com.br\/c3be064b-b388-49af-8f77-6d027477fa99\"><\/video><figcaption><em><span class=\"has-inline-color has-black-color\">Professor Marcelo<\/span><\/em><\/figcaption><\/figure>\n\n\n\n<blockquote class=\"wp-block-quote is-layout-flow wp-block-quote-is-layout-flow\"><p><span class=\"has-inline-color has-luminous-vivid-orange-color\">As pessoas pararam de vir, n\u00e3o por falta de interesse do p\u00fablico mas, sim, pela neglig\u00eancia do poder p\u00fablico. O povo entrava em contato e o museu era obrigado a dispensar. Os arque\u00f3logos e demais pesquisadores continuaram vindo, mas o turista, principalmente o estudantil, acredito que 95% do p\u00fablico eram de estudantes, de todos os n\u00edveis, do jardim de inf\u00e2ncia at\u00e9 a p\u00f3s-gradua\u00e7\u00e3o deixou de aparecer. E agora ser\u00e1 preciso remar tudo de novo para trazer esse p\u00fablico de volta\u201d, lamenta a professora e arque\u00f3loga.<\/span><\/p><\/blockquote>\n\n\n\n<div class=\"wp-block-image\"><figure class=\"aligncenter size-large\"><img loading=\"lazy\" decoding=\"async\" width=\"768\" height=\"1024\" src=\"https:\/\/jornalfatosenoticias.com.br\/wp-content\/uploads\/2025\/03\/Maria-Coimbra-768x1024.jpg\" alt=\"\" class=\"wp-image-57675\" srcset=\"https:\/\/jornalfatosenoticias.com.br\/wp-content\/uploads\/2025\/03\/Maria-Coimbra-768x1024.jpg 768w, https:\/\/jornalfatosenoticias.com.br\/wp-content\/uploads\/2025\/03\/Maria-Coimbra-225x300.jpg 225w, https:\/\/jornalfatosenoticias.com.br\/wp-content\/uploads\/2025\/03\/Maria-Coimbra.jpg 1000w\" sizes=\"auto, (max-width: 768px) 100vw, 768px\" \/><figcaption><em><span class=\"has-inline-color has-black-color\">Professora, historiadora e arque\u00f3loga,<strong> <\/strong>Maria Coimbra de Oliveira (Foto: Diana Goulart\/Ascom Prefeitura de Presidente M\u00e9dici)<\/span><\/em><\/figcaption><\/figure><\/div>\n\n\n\n<p>Para reverter a situa\u00e7\u00e3o e reativar o movimento no s\u00edtio Mirante, Andr\u00e9 Lu\u00eds Barneze, secret\u00e1rio de Meio Ambiente, Agricultura e Turismo, tem um plano. <\/p>\n\n\n\n<blockquote class=\"wp-block-quote is-layout-flow wp-block-quote-is-layout-flow\"><p><span class=\"has-inline-color has-luminous-vivid-orange-color\">Como a gest\u00e3o \u00e9 nova, tomou posse em janeiro, a gente ainda est\u00e1 recebendo as informa\u00e7\u00f5es para tentar recolocar tanto o museu quanto o parque em condi\u00e7\u00f5es de receber as pessoas para visita\u00e7\u00e3o. Na quest\u00e3o estrutural, primeiro temos que conseguir refazer as passarelas, que s\u00e3o necess\u00e1rias para as pessoas irem l\u00e1. Quanto \u00e0 divulga\u00e7\u00e3o, temos como faz\u00ea-la atrav\u00e9s das m\u00eddias, buscando recursos e parcerias financeiras. Pra gente, \u00e9 tudo novo. Estamos quase como os historiadores, desbravando o que tem l\u00e1. Porque pra gente tamb\u00e9m \u00e9 novidade, embora a gente goste e seja entusiasta do projeto, o nosso conhecimento em rela\u00e7\u00e3o \u00e0 \u00e1rea ainda \u00e9 limitado, mas n\u00f3s vamos, atrav\u00e9s das m\u00eddias e dessas parcerias, tanto p\u00fablicas quanto privadas, reerguer o parque, que \u00e9 um patrim\u00f4nio mundial. Como secret\u00e1rio, posso garantir que a gente vai fazer sim. Vamos trabalhar para divulga\u00e7\u00e3o e melhoria da estrutura. Precisamos estudar o passado para compreender o presente e tentar melhorar o futuro. Ali, s\u00e3o rel\u00edquias de gera\u00e7\u00f5es antepassadas que precisam de um olhar zeloso e atento do poder p\u00fablico&#8221;, frisa o secret\u00e1rio.<\/span><\/p><\/blockquote>\n\n\n\n<div class=\"wp-block-image\"><figure class=\"aligncenter size-large\"><img loading=\"lazy\" decoding=\"async\" width=\"616\" height=\"828\" src=\"https:\/\/jornalfatosenoticias.com.br\/wp-content\/uploads\/2025\/03\/Andre-Luiz-Barneze.jpg\" alt=\"\" class=\"wp-image-57676\" srcset=\"https:\/\/jornalfatosenoticias.com.br\/wp-content\/uploads\/2025\/03\/Andre-Luiz-Barneze.jpg 616w, https:\/\/jornalfatosenoticias.com.br\/wp-content\/uploads\/2025\/03\/Andre-Luiz-Barneze-223x300.jpg 223w\" sizes=\"auto, (max-width: 616px) 100vw, 616px\" \/><figcaption><em><span class=\"has-inline-color has-black-color\">Andr\u00e9 Lu\u00eds Barneze, secret\u00e1rio de Meio Ambiente, Agricultura e Turismo de Presidente M\u00e9dici (Foto: Diana Goulart\/Ascom Prefeitura de Presidente M\u00e9dici)<\/span><\/em><\/figcaption><\/figure><\/div>\n\n\n\n<h3 class=\"wp-block-heading\"><strong><span class=\"has-inline-color has-vivid-purple-color\">Data\u00e7\u00e3o das figuras arqueol\u00f3gicas<\/span><\/strong><\/h3>\n\n\n\n<div class=\"wp-block-jetpack-slideshow aligncenter\" data-effect=\"slide\"><div class=\"wp-block-jetpack-slideshow_container swiper-container\"><ul class=\"wp-block-jetpack-slideshow_swiper-wrapper swiper-wrapper\"><li class=\"wp-block-jetpack-slideshow_slide swiper-slide\"><figure><img loading=\"lazy\" decoding=\"async\" width=\"768\" height=\"1024\" alt=\"\" class=\"wp-block-jetpack-slideshow_image wp-image-57678\" data-id=\"57678\" src=\"https:\/\/jornalfatosenoticias.com.br\/wp-content\/uploads\/2025\/03\/20250224_140117-1-768x1024.jpg\" srcset=\"https:\/\/jornalfatosenoticias.com.br\/wp-content\/uploads\/2025\/03\/20250224_140117-1-768x1024.jpg 768w, https:\/\/jornalfatosenoticias.com.br\/wp-content\/uploads\/2025\/03\/20250224_140117-1-225x300.jpg 225w, https:\/\/jornalfatosenoticias.com.br\/wp-content\/uploads\/2025\/03\/20250224_140117-1-1152x1536.jpg 1152w, https:\/\/jornalfatosenoticias.com.br\/wp-content\/uploads\/2025\/03\/20250224_140117-1-1536x2048.jpg 1536w, https:\/\/jornalfatosenoticias.com.br\/wp-content\/uploads\/2025\/03\/20250224_140117-1-scaled.jpg 1920w\" sizes=\"auto, (max-width: 768px) 100vw, 768px\" \/><figcaption class=\"wp-block-jetpack-slideshow_caption gallery-caption\">(Foto: Luzimara Fernandes\/F&amp;N) <\/figcaption><\/figure><\/li><li class=\"wp-block-jetpack-slideshow_slide swiper-slide\"><figure><img loading=\"lazy\" decoding=\"async\" width=\"1024\" height=\"768\" alt=\"\" class=\"wp-block-jetpack-slideshow_image wp-image-57679\" data-id=\"57679\" src=\"https:\/\/jornalfatosenoticias.com.br\/wp-content\/uploads\/2025\/03\/20250224_140030-1024x768.jpg\" srcset=\"https:\/\/jornalfatosenoticias.com.br\/wp-content\/uploads\/2025\/03\/20250224_140030-1024x768.jpg 1024w, https:\/\/jornalfatosenoticias.com.br\/wp-content\/uploads\/2025\/03\/20250224_140030-300x225.jpg 300w, https:\/\/jornalfatosenoticias.com.br\/wp-content\/uploads\/2025\/03\/20250224_140030-768x576.jpg 768w, https:\/\/jornalfatosenoticias.com.br\/wp-content\/uploads\/2025\/03\/20250224_140030-1536x1152.jpg 1536w, https:\/\/jornalfatosenoticias.com.br\/wp-content\/uploads\/2025\/03\/20250224_140030-2048x1536.jpg 2048w\" sizes=\"auto, (max-width: 1024px) 100vw, 1024px\" \/><figcaption class=\"wp-block-jetpack-slideshow_caption gallery-caption\">(Foto: Luzimara Fernandes\/F&amp;N) <\/figcaption><\/figure><\/li><li class=\"wp-block-jetpack-slideshow_slide swiper-slide\"><figure><img loading=\"lazy\" decoding=\"async\" width=\"1024\" height=\"768\" alt=\"\" class=\"wp-block-jetpack-slideshow_image wp-image-57680\" data-id=\"57680\" src=\"https:\/\/jornalfatosenoticias.com.br\/wp-content\/uploads\/2025\/03\/20250224_135936-1024x768.jpg\" srcset=\"https:\/\/jornalfatosenoticias.com.br\/wp-content\/uploads\/2025\/03\/20250224_135936-1024x768.jpg 1024w, https:\/\/jornalfatosenoticias.com.br\/wp-content\/uploads\/2025\/03\/20250224_135936-300x225.jpg 300w, https:\/\/jornalfatosenoticias.com.br\/wp-content\/uploads\/2025\/03\/20250224_135936-768x576.jpg 768w, https:\/\/jornalfatosenoticias.com.br\/wp-content\/uploads\/2025\/03\/20250224_135936-1536x1152.jpg 1536w, https:\/\/jornalfatosenoticias.com.br\/wp-content\/uploads\/2025\/03\/20250224_135936-2048x1536.jpg 2048w\" sizes=\"auto, (max-width: 1024px) 100vw, 1024px\" \/><figcaption class=\"wp-block-jetpack-slideshow_caption gallery-caption\">(Foto: Luzimara Fernandes\/F&amp;N) <\/figcaption><\/figure><\/li><li class=\"wp-block-jetpack-slideshow_slide swiper-slide\"><figure><img loading=\"lazy\" decoding=\"async\" width=\"1024\" height=\"768\" alt=\"\" class=\"wp-block-jetpack-slideshow_image wp-image-57681\" data-id=\"57681\" src=\"https:\/\/jornalfatosenoticias.com.br\/wp-content\/uploads\/2025\/03\/20250224_135837-1024x768.jpg\" srcset=\"https:\/\/jornalfatosenoticias.com.br\/wp-content\/uploads\/2025\/03\/20250224_135837-1024x768.jpg 1024w, https:\/\/jornalfatosenoticias.com.br\/wp-content\/uploads\/2025\/03\/20250224_135837-300x225.jpg 300w, https:\/\/jornalfatosenoticias.com.br\/wp-content\/uploads\/2025\/03\/20250224_135837-768x576.jpg 768w, https:\/\/jornalfatosenoticias.com.br\/wp-content\/uploads\/2025\/03\/20250224_135837-1536x1152.jpg 1536w, https:\/\/jornalfatosenoticias.com.br\/wp-content\/uploads\/2025\/03\/20250224_135837-2048x1536.jpg 2048w\" sizes=\"auto, (max-width: 1024px) 100vw, 1024px\" \/><figcaption class=\"wp-block-jetpack-slideshow_caption gallery-caption\">(Foto: Luzimara Fernandes\/F&amp;N) <\/figcaption><\/figure><\/li><li class=\"wp-block-jetpack-slideshow_slide swiper-slide\"><figure><img loading=\"lazy\" decoding=\"async\" width=\"768\" height=\"1024\" alt=\"\" class=\"wp-block-jetpack-slideshow_image wp-image-57682\" data-id=\"57682\" src=\"https:\/\/jornalfatosenoticias.com.br\/wp-content\/uploads\/2025\/03\/20250217_150119-768x1024.jpg\" srcset=\"https:\/\/jornalfatosenoticias.com.br\/wp-content\/uploads\/2025\/03\/20250217_150119-768x1024.jpg 768w, https:\/\/jornalfatosenoticias.com.br\/wp-content\/uploads\/2025\/03\/20250217_150119-225x300.jpg 225w, https:\/\/jornalfatosenoticias.com.br\/wp-content\/uploads\/2025\/03\/20250217_150119-1152x1536.jpg 1152w, https:\/\/jornalfatosenoticias.com.br\/wp-content\/uploads\/2025\/03\/20250217_150119-1536x2048.jpg 1536w, https:\/\/jornalfatosenoticias.com.br\/wp-content\/uploads\/2025\/03\/20250217_150119-scaled.jpg 1920w\" sizes=\"auto, (max-width: 768px) 100vw, 768px\" \/><figcaption class=\"wp-block-jetpack-slideshow_caption gallery-caption\">(Foto: Luzimara Fernandes\/F&amp;N) <\/figcaption><\/figure><\/li><li class=\"wp-block-jetpack-slideshow_slide swiper-slide\"><figure><img loading=\"lazy\" decoding=\"async\" width=\"1024\" height=\"768\" alt=\"\" class=\"wp-block-jetpack-slideshow_image wp-image-57683\" data-id=\"57683\" src=\"https:\/\/jornalfatosenoticias.com.br\/wp-content\/uploads\/2025\/03\/20250217_145945-1024x768.jpg\" srcset=\"https:\/\/jornalfatosenoticias.com.br\/wp-content\/uploads\/2025\/03\/20250217_145945-1024x768.jpg 1024w, https:\/\/jornalfatosenoticias.com.br\/wp-content\/uploads\/2025\/03\/20250217_145945-300x225.jpg 300w, https:\/\/jornalfatosenoticias.com.br\/wp-content\/uploads\/2025\/03\/20250217_145945-768x576.jpg 768w, https:\/\/jornalfatosenoticias.com.br\/wp-content\/uploads\/2025\/03\/20250217_145945-1536x1152.jpg 1536w, https:\/\/jornalfatosenoticias.com.br\/wp-content\/uploads\/2025\/03\/20250217_145945-2048x1536.jpg 2048w\" sizes=\"auto, (max-width: 1024px) 100vw, 1024px\" \/><figcaption class=\"wp-block-jetpack-slideshow_caption gallery-caption\">(Foto: Luzimara Fernandes\/F&amp;N) <\/figcaption><\/figure><\/li><\/ul><a class=\"wp-block-jetpack-slideshow_button-prev swiper-button-prev swiper-button-white\" role=\"button\"><\/a><a class=\"wp-block-jetpack-slideshow_button-next swiper-button-next swiper-button-white\" role=\"button\"><\/a><a aria-label=\"Pause Slideshow\" class=\"wp-block-jetpack-slideshow_button-pause\" role=\"button\"><\/a><div class=\"wp-block-jetpack-slideshow_pagination swiper-pagination swiper-pagination-white\"><\/div><\/div><\/div>\n\n\n\n<p>Segundo Maria Coimbra, os desenhos n\u00e3o t\u00eam data\u00e7\u00e3o, pois n\u00e3o foi encontrada nenhuma pintura, nem nada org\u00e2nico que os possibilitasse datar. A professora explica que, pra conseguir determinar isso, seria preciso fazer uma escava\u00e7\u00e3o no entorno para descobrir algo que se remetesse a esses desenhos para fazer uma data\u00e7\u00e3o indireta.<\/p>\n\n\n\n<div class=\"wp-block-image\"><figure class=\"aligncenter size-large is-resized\"><a href=\"https:\/\/www.instagram.com\/serra4x4cambioautomatico\/\"><img loading=\"lazy\" decoding=\"async\" src=\"https:\/\/jornalfatosenoticias.com.br\/wp-content\/uploads\/2024\/08\/Serra-4x4-1-886x1024.jpg\" alt=\"\" class=\"wp-image-53632\" width=\"288\" height=\"333\" srcset=\"https:\/\/jornalfatosenoticias.com.br\/wp-content\/uploads\/2024\/08\/Serra-4x4-1-886x1024.jpg 886w, https:\/\/jornalfatosenoticias.com.br\/wp-content\/uploads\/2024\/08\/Serra-4x4-1-260x300.jpg 260w, https:\/\/jornalfatosenoticias.com.br\/wp-content\/uploads\/2024\/08\/Serra-4x4-1-768x888.jpg 768w, https:\/\/jornalfatosenoticias.com.br\/wp-content\/uploads\/2024\/08\/Serra-4x4-1.jpg 1181w\" sizes=\"auto, (max-width: 288px) 100vw, 288px\" \/><\/a><\/figure><\/div>\n\n\n\n<blockquote class=\"wp-block-quote is-layout-flow wp-block-quote-is-layout-flow\"><p><span class=\"has-inline-color has-luminous-vivid-orange-color\">Na regi\u00e3o, n\u00f3s temos data\u00e7\u00f5es que v\u00e3o de sete mil e poucos anos at\u00e9 a coloniza\u00e7\u00e3o recente, na d\u00e9cada de 1970. Eu calculo, baseada nas pesquisas que fiz, que essas figuras devam ter por volta de uns dois a tr\u00eas mil anos, no m\u00e1ximo, n\u00e3o s\u00e3o t\u00e3o antigas. Cheguei a essa conclus\u00e3o por um motivo, que est\u00e1 relacionado aos grupos tupis, pois eles tinham o h\u00e1bito de fazer desenhos nas paredes externas das casas com esses motivos\u201d, afirma a professora.<\/span><\/p><\/blockquote>\n\n\n\n<div class=\"wp-block-image\"><figure class=\"aligncenter size-large is-resized\"><a href=\"https:\/\/www.instagram.com\/restaurantepegoretti\/\"><img loading=\"lazy\" decoding=\"async\" src=\"https:\/\/jornalfatosenoticias.com.br\/wp-content\/uploads\/2022\/02\/LOGO-ESTEIO-1024x730.png\" alt=\"\" class=\"wp-image-27942\" width=\"341\" height=\"243\" srcset=\"https:\/\/jornalfatosenoticias.com.br\/wp-content\/uploads\/2022\/02\/LOGO-ESTEIO-1024x730.png 1024w, https:\/\/jornalfatosenoticias.com.br\/wp-content\/uploads\/2022\/02\/LOGO-ESTEIO-300x214.png 300w, https:\/\/jornalfatosenoticias.com.br\/wp-content\/uploads\/2022\/02\/LOGO-ESTEIO-768x548.png 768w, https:\/\/jornalfatosenoticias.com.br\/wp-content\/uploads\/2022\/02\/LOGO-ESTEIO.png 1123w\" sizes=\"auto, (max-width: 341px) 100vw, 341px\" \/><\/a><\/figure><\/div>\n\n\n\n<p>A arque\u00f3loga ainda explica que, de acordo com a historiografia, a regi\u00e3o do Alto e M\u00e9dio rio Machado \u00e9 o territ\u00f3rio de origem desses grupos. \u201cA hist\u00f3ria mais antiga que se tem not\u00edcia dos grupos tupis, mostra que eles estavam todos reunidos aqui, nessa regi\u00e3o. Tanto que em todas as pesquisas, que acontecem nessa localidade, s\u00f3 se encontram vest\u00edgios tupis. E isso \u00e9 importante, porque foram eles (tupis) que conduziram toda a coloniza\u00e7\u00e3o a partir dos bandeirantes. Foram encontrados no litoral tamb\u00e9m\u201d, relata.<\/p>\n\n\n\n<h3 class=\"wp-block-heading\"><strong><span class=\"has-inline-color has-vivid-purple-color\">Material arqueol\u00f3gico<\/span><\/strong><\/h3>\n\n\n\n<div class=\"wp-block-image\"><figure class=\"aligncenter size-large is-resized\"><img loading=\"lazy\" decoding=\"async\" src=\"https:\/\/jornalfatosenoticias.com.br\/wp-content\/uploads\/2025\/03\/SITIO-MIRANTE.jpg\" alt=\"\" class=\"wp-image-57684\" width=\"580\" height=\"435\" srcset=\"https:\/\/jornalfatosenoticias.com.br\/wp-content\/uploads\/2025\/03\/SITIO-MIRANTE.jpg 1000w, https:\/\/jornalfatosenoticias.com.br\/wp-content\/uploads\/2025\/03\/SITIO-MIRANTE-300x225.jpg 300w, https:\/\/jornalfatosenoticias.com.br\/wp-content\/uploads\/2025\/03\/SITIO-MIRANTE-768x576.jpg 768w\" sizes=\"auto, (max-width: 580px) 100vw, 580px\" \/><figcaption><em><span class=\"has-inline-color has-black-color\">S\u00edtio Arqueol\u00f3gico Mirante Novo Riachuelo (Foto: Luzimara Fernandes\/F&amp;N)<\/span><\/em><\/figcaption><\/figure><\/div>\n\n\n\n<p>Como o museu fica distante do Mirante, indagada, sobre a possibilidade e viabilidade de ter uma estrutura no s\u00edtio que abrigasse as pe\u00e7as encontradas no local, a arque\u00f3loga Maria Coimbra diz que esse seria o cen\u00e1rio ideal, por\u00e9m, seria muito dispendioso para o munic\u00edpio, pois ele teria que ter toda uma estrutura para acondicionar esse material, de acordo com o que a legisla\u00e7\u00e3o do Iphan pede. Al\u00e9m disso, seria preciso dispor de pessoal capacitado na \u00e1rea tamb\u00e9m. &#8220;Seria muito bom, se o munic\u00edpio tivesse condi\u00e7\u00f5es financeiras para isso&#8221;, diz.<\/p>\n\n\n\n<div class=\"wp-block-image\"><figure class=\"aligncenter size-large\"><img loading=\"lazy\" decoding=\"async\" width=\"793\" height=\"1024\" src=\"https:\/\/jornalfatosenoticias.com.br\/wp-content\/uploads\/2025\/03\/Sergio-do-Skinao-793x1024.jpg\" alt=\"\" class=\"wp-image-57685\" srcset=\"https:\/\/jornalfatosenoticias.com.br\/wp-content\/uploads\/2025\/03\/Sergio-do-Skinao-793x1024.jpg 793w, https:\/\/jornalfatosenoticias.com.br\/wp-content\/uploads\/2025\/03\/Sergio-do-Skinao-232x300.jpg 232w, https:\/\/jornalfatosenoticias.com.br\/wp-content\/uploads\/2025\/03\/Sergio-do-Skinao-768x991.jpg 768w, https:\/\/jornalfatosenoticias.com.br\/wp-content\/uploads\/2025\/03\/Sergio-do-Skinao.jpg 1000w\" sizes=\"auto, (max-width: 793px) 100vw, 793px\" \/><figcaption><em><span class=\"has-inline-color has-black-color\">Prefeito S\u00e9rgio do Skin\u00e3o (PL) (Foto: Diana Goulart\/Ascom Prefeitura de Presidente M\u00e9dici)<\/span><\/em><\/figcaption><\/figure><\/div>\n\n\n\n<p>Rec\u00e9m-empossado como prefeito e debutando na carreira pol\u00edtica, o empres\u00e1rio de 40 anos, S\u00e9rgio do Skin\u00e3o (PL), faz coro \u00e0 Maria Coimbra e frisa que investir no campo de pesquisas arqueol\u00f3gicas \u00e9 uma das prioridades da sua gest\u00e3o e reconhece a import\u00e2ncia para a compreens\u00e3o da hist\u00f3ria, a preserva\u00e7\u00e3o do patrim\u00f4nio cultural e o desenvolvimento do ensino e da divulga\u00e7\u00e3o cient\u00edfica.<\/p>\n\n\n\n<div class=\"wp-block-image\"><figure class=\"aligncenter size-large\"><a href=\"http:\/\/www.ferrarimaquinas.com.br\/\"><img loading=\"lazy\" decoding=\"async\" width=\"300\" height=\"250\" src=\"https:\/\/jornalfatosenoticias.com.br\/wp-content\/uploads\/2022\/02\/FERRARI_MAQUINAS-E-FERRAMENTAS2.jpg\" alt=\"\" class=\"wp-image-27860\"\/><\/a><\/figure><\/div>\n\n\n\n<blockquote class=\"wp-block-quote is-layout-flow wp-block-quote-is-layout-flow\"><p><span class=\"has-inline-color has-luminous-vivid-orange-color\">A administra\u00e7\u00e3o anterior n\u00e3o tinha essa vis\u00e3o, da import\u00e2ncia do museu. Fez a restaura\u00e7\u00e3o e tudo, mas n\u00e3o teve a vis\u00e3o de investir mais, porque isso aqui \u00e9 do munic\u00edpio, \u00e9 do Estado de Rond\u00f4nia. Por isso, convidei a Maria Coimbra para retornar, logo que fiquei sabendo da hist\u00f3ria, da import\u00e2ncia que isso tem para o estado de Rond\u00f4nia e para Presidente M\u00e9dici, principalmente, a convidei. S\u00f3 estamos esperando um ajuste na aposentadoria dela para que retome as atividades que est\u00e3o estagnadas&#8221;, ressalta o prefeito.<\/span><\/p><\/blockquote>\n\n\n\n<div class=\"wp-block-jetpack-slideshow aligncenter\" data-effect=\"slide\"><div class=\"wp-block-jetpack-slideshow_container swiper-container\"><ul class=\"wp-block-jetpack-slideshow_swiper-wrapper swiper-wrapper\"><li class=\"wp-block-jetpack-slideshow_slide swiper-slide\"><figure><img loading=\"lazy\" decoding=\"async\" width=\"1000\" height=\"750\" alt=\"\" class=\"wp-block-jetpack-slideshow_image wp-image-57693\" data-id=\"57693\" src=\"https:\/\/jornalfatosenoticias.com.br\/wp-content\/uploads\/2025\/03\/20250217_150758.jpg\" srcset=\"https:\/\/jornalfatosenoticias.com.br\/wp-content\/uploads\/2025\/03\/20250217_150758.jpg 1000w, https:\/\/jornalfatosenoticias.com.br\/wp-content\/uploads\/2025\/03\/20250217_150758-300x225.jpg 300w, https:\/\/jornalfatosenoticias.com.br\/wp-content\/uploads\/2025\/03\/20250217_150758-768x576.jpg 768w\" sizes=\"auto, (max-width: 1000px) 100vw, 1000px\" \/><figcaption class=\"wp-block-jetpack-slideshow_caption gallery-caption\">(Foto: Luzimara Fernandes\/F&amp;N) <\/figcaption><\/figure><\/li><li class=\"wp-block-jetpack-slideshow_slide swiper-slide\"><figure><img loading=\"lazy\" decoding=\"async\" width=\"1000\" height=\"498\" alt=\"\" class=\"wp-block-jetpack-slideshow_image wp-image-57694\" data-id=\"57694\" src=\"https:\/\/jornalfatosenoticias.com.br\/wp-content\/uploads\/2025\/03\/20250217_150005.jpg\" srcset=\"https:\/\/jornalfatosenoticias.com.br\/wp-content\/uploads\/2025\/03\/20250217_150005.jpg 1000w, https:\/\/jornalfatosenoticias.com.br\/wp-content\/uploads\/2025\/03\/20250217_150005-300x149.jpg 300w, https:\/\/jornalfatosenoticias.com.br\/wp-content\/uploads\/2025\/03\/20250217_150005-768x382.jpg 768w\" sizes=\"auto, (max-width: 1000px) 100vw, 1000px\" \/><figcaption class=\"wp-block-jetpack-slideshow_caption gallery-caption\">(Foto: Luzimara Fernandes\/F&amp;N) <\/figcaption><\/figure><\/li><li class=\"wp-block-jetpack-slideshow_slide swiper-slide\"><figure><img loading=\"lazy\" decoding=\"async\" width=\"953\" height=\"1024\" alt=\"\" class=\"wp-block-jetpack-slideshow_image wp-image-57695\" data-id=\"57695\" src=\"https:\/\/jornalfatosenoticias.com.br\/wp-content\/uploads\/2025\/03\/20250217_150022-953x1024.jpg\" srcset=\"https:\/\/jornalfatosenoticias.com.br\/wp-content\/uploads\/2025\/03\/20250217_150022-953x1024.jpg 953w, https:\/\/jornalfatosenoticias.com.br\/wp-content\/uploads\/2025\/03\/20250217_150022-279x300.jpg 279w, https:\/\/jornalfatosenoticias.com.br\/wp-content\/uploads\/2025\/03\/20250217_150022-768x826.jpg 768w, https:\/\/jornalfatosenoticias.com.br\/wp-content\/uploads\/2025\/03\/20250217_150022.jpg 1000w\" sizes=\"auto, (max-width: 953px) 100vw, 953px\" \/><figcaption class=\"wp-block-jetpack-slideshow_caption gallery-caption\">(Foto: Luzimara Fernandes\/F&amp;N) <\/figcaption><\/figure><\/li><li class=\"wp-block-jetpack-slideshow_slide swiper-slide\"><figure><img loading=\"lazy\" decoding=\"async\" width=\"1000\" height=\"750\" alt=\"\" class=\"wp-block-jetpack-slideshow_image wp-image-57696\" data-id=\"57696\" src=\"https:\/\/jornalfatosenoticias.com.br\/wp-content\/uploads\/2025\/03\/20250217_145929.jpg\" srcset=\"https:\/\/jornalfatosenoticias.com.br\/wp-content\/uploads\/2025\/03\/20250217_145929.jpg 1000w, https:\/\/jornalfatosenoticias.com.br\/wp-content\/uploads\/2025\/03\/20250217_145929-300x225.jpg 300w, https:\/\/jornalfatosenoticias.com.br\/wp-content\/uploads\/2025\/03\/20250217_145929-768x576.jpg 768w\" sizes=\"auto, (max-width: 1000px) 100vw, 1000px\" \/><figcaption class=\"wp-block-jetpack-slideshow_caption gallery-caption\">(Foto: Luzimara Fernandes\/F&amp;N) <\/figcaption><\/figure><\/li><li class=\"wp-block-jetpack-slideshow_slide swiper-slide\"><figure><img loading=\"lazy\" decoding=\"async\" width=\"768\" height=\"1024\" alt=\"\" class=\"wp-block-jetpack-slideshow_image wp-image-57697\" data-id=\"57697\" src=\"https:\/\/jornalfatosenoticias.com.br\/wp-content\/uploads\/2025\/03\/20250217_150056-768x1024.jpg\" srcset=\"https:\/\/jornalfatosenoticias.com.br\/wp-content\/uploads\/2025\/03\/20250217_150056-768x1024.jpg 768w, https:\/\/jornalfatosenoticias.com.br\/wp-content\/uploads\/2025\/03\/20250217_150056-225x300.jpg 225w, https:\/\/jornalfatosenoticias.com.br\/wp-content\/uploads\/2025\/03\/20250217_150056.jpg 1000w\" sizes=\"auto, (max-width: 768px) 100vw, 768px\" \/><figcaption class=\"wp-block-jetpack-slideshow_caption gallery-caption\">(Foto: Luzimara Fernandes\/F&amp;N) <\/figcaption><\/figure><\/li><\/ul><a class=\"wp-block-jetpack-slideshow_button-prev swiper-button-prev swiper-button-white\" role=\"button\"><\/a><a class=\"wp-block-jetpack-slideshow_button-next swiper-button-next swiper-button-white\" role=\"button\"><\/a><a aria-label=\"Pause Slideshow\" class=\"wp-block-jetpack-slideshow_button-pause\" role=\"button\"><\/a><div class=\"wp-block-jetpack-slideshow_pagination swiper-pagination swiper-pagination-white\"><\/div><\/div><\/div>\n\n\n\n<p>Ele explica que \u00e9 poss\u00edvel investir sem onerar os cofres p\u00fablicos, pois n\u00e3o se trata de um investimento alto. \u201cO maior investimento \u00e9 a dedica\u00e7\u00e3o de quem gosta da \u00e1rea e tem a vontade de transmitir o conhecimento\u201d, exalta S\u00e9rgio.<br>\u00c9 o que faz o professor Marcelo, respons\u00e1vel pelo s\u00edtio arqueol\u00f3gico. Embora o local esteja sem atividades atualmente, Marcelo tem se dedicado em manter a \u00e1rea limpa e livre de invasores para preservar as figuras rupestres. O professor \u00e9 profundo conhecedor da hist\u00f3ria do lugar e tamb\u00e9m serve de guia para moradores e turistas. Ele explica o que cada figura representa e leva o visitante a um passeio emocionante ao passado. S\u00e3o figuras que representam os animais, os seres humanos e a geometria. Al\u00e9m das figuras, o local ainda guarda amoladores e polidores.<\/p>\n\n\n\n<div class=\"wp-block-image\"><figure class=\"aligncenter size-large is-resized\"><a href=\"https:\/\/www.ithbrasil.com.br\/\"><img loading=\"lazy\" decoding=\"async\" src=\"https:\/\/jornalfatosenoticias.com.br\/wp-content\/uploads\/2023\/08\/ITH.jpeg\" alt=\"\" class=\"wp-image-44638\" width=\"368\" height=\"299\" srcset=\"https:\/\/jornalfatosenoticias.com.br\/wp-content\/uploads\/2023\/08\/ITH.jpeg 800w, https:\/\/jornalfatosenoticias.com.br\/wp-content\/uploads\/2023\/08\/ITH-300x244.jpeg 300w, https:\/\/jornalfatosenoticias.com.br\/wp-content\/uploads\/2023\/08\/ITH-768x624.jpeg 768w\" sizes=\"auto, (max-width: 368px) 100vw, 368px\" \/><\/a><\/figure><\/div>\n\n\n\n<blockquote class=\"wp-block-quote is-layout-flow wp-block-quote-is-layout-flow\"><p><span class=\"has-inline-color has-luminous-vivid-orange-color\">Com um local extraordin\u00e1rio como esse, com essa paisagem no entorno, como ainda t\u00eam pessoas que pagam caro para visitar espa\u00e7os assim l\u00e1 fora e que n\u00e3o t\u00eam o que a gente tem aqui. Para o s\u00edtio deslanchar de vez, falta um trabalho bem-feito de divulga\u00e7\u00e3o que mostre ao mundo o que temos aqui. Precisamos fazer um trabalho de conscientiza\u00e7\u00e3o com a nova gera\u00e7\u00e3o. Eles precisam saber e compreender a import\u00e2ncia de um patrim\u00f4nio cultural dessa grandeza. Que cada figura retratada aqui, n\u00e3o s\u00e3o meros rabiscos em umas pedras, mas, sim, vest\u00edgios arqueol\u00f3gicos com uma linda hist\u00f3ria por tr\u00e1s&#8221;, enaltece.<\/span><\/p><\/blockquote>\n\n\n\n<div class=\"wp-block-image\"><figure class=\"aligncenter size-large\"><img loading=\"lazy\" decoding=\"async\" width=\"750\" height=\"1000\" src=\"https:\/\/jornalfatosenoticias.com.br\/wp-content\/uploads\/2025\/03\/Marcelo2.jpg\" alt=\"\" class=\"wp-image-57686\" srcset=\"https:\/\/jornalfatosenoticias.com.br\/wp-content\/uploads\/2025\/03\/Marcelo2.jpg 750w, https:\/\/jornalfatosenoticias.com.br\/wp-content\/uploads\/2025\/03\/Marcelo2-225x300.jpg 225w\" sizes=\"auto, (max-width: 750px) 100vw, 750px\" \/><figcaption><em><span class=\"has-inline-color has-black-color\">Professor Marcelo, respons\u00e1vel pelo s\u00edtio arqueol\u00f3gico (Foto: Arquivo pessoal)<\/span><\/em><\/figcaption><\/figure><\/div>\n\n\n\n<p><strong><span class=\"has-inline-color has-vivid-purple-color\">Museu Regional de Arqueologia de Rond\u00f4nia<br><\/span><\/strong>O Centro de Pesquisas e o Museu Regional de Arqueologia de Rond\u00f4nia, foi criado em 11 de junho de 2008, a partir de uma pesquisa realizada pela arque\u00f3loga Maria Coimbra de Oliveira e pelo professor Jos\u00e9 da Silva Garcia, que fizeram parte da institui\u00e7\u00e3o por um per\u00edodo. Hoje, Maria Coimbra est\u00e1 em processo de volta para as antigas atividades.<\/p>\n\n\n\n<div class=\"wp-block-image\"><figure class=\"aligncenter size-large\"><img loading=\"lazy\" decoding=\"async\" width=\"1000\" height=\"750\" src=\"https:\/\/jornalfatosenoticias.com.br\/wp-content\/uploads\/2025\/03\/20250224_135526.jpg\" alt=\"\" class=\"wp-image-57687\" srcset=\"https:\/\/jornalfatosenoticias.com.br\/wp-content\/uploads\/2025\/03\/20250224_135526.jpg 1000w, https:\/\/jornalfatosenoticias.com.br\/wp-content\/uploads\/2025\/03\/20250224_135526-300x225.jpg 300w, https:\/\/jornalfatosenoticias.com.br\/wp-content\/uploads\/2025\/03\/20250224_135526-768x576.jpg 768w\" sizes=\"auto, (max-width: 1000px) 100vw, 1000px\" \/><figcaption><em><span class=\"has-inline-color has-black-color\">(Foto: Luzimara Fernandes\/F&amp;N)<\/span><\/em><\/figcaption><\/figure><\/div>\n\n\n\n<blockquote class=\"wp-block-quote is-layout-flow wp-block-quote-is-layout-flow\"><p><span class=\"has-inline-color has-luminous-vivid-orange-color\">Quando voc\u00ea vai realizar um trabalho arqueol\u00f3gico \u00e9 necess\u00e1rio que, antes de ir a campo fazer o servi\u00e7o, uma institui\u00e7\u00e3o de guarda d\u00ea o aval, para o caso de se encontrar algum material, essa institui\u00e7\u00e3o o guardar\u00e1 e o armazenar\u00e1. Hoje, aqui em Rond\u00f4nia, s\u00f3 tem o Museu Regional de Arqueologia dando o endosso e, como os outros estados da regi\u00e3o n\u00e3o t\u00eam esses centros de apoio, esses materiais acabam vindo pra c\u00e1\u201d, salienta a arque\u00f3loga.<\/span><\/p><\/blockquote>\n\n\n\n<div class=\"wp-block-image\"><figure class=\"aligncenter size-large is-resized\"><a href=\"https:\/\/www.instagram.com\/restaurantepegoretti\/\"><img loading=\"lazy\" decoding=\"async\" src=\"https:\/\/jornalfatosenoticias.com.br\/wp-content\/uploads\/2023\/12\/pegoretti-logo-pdf-1024x389.jpg\" alt=\"\" class=\"wp-image-47536\" width=\"511\" height=\"194\" srcset=\"https:\/\/jornalfatosenoticias.com.br\/wp-content\/uploads\/2023\/12\/pegoretti-logo-pdf-1024x389.jpg 1024w, https:\/\/jornalfatosenoticias.com.br\/wp-content\/uploads\/2023\/12\/pegoretti-logo-pdf-300x114.jpg 300w, https:\/\/jornalfatosenoticias.com.br\/wp-content\/uploads\/2023\/12\/pegoretti-logo-pdf-768x291.jpg 768w, https:\/\/jornalfatosenoticias.com.br\/wp-content\/uploads\/2023\/12\/pegoretti-logo-pdf.jpg 1120w\" sizes=\"auto, (max-width: 511px) 100vw, 511px\" \/><\/a><\/figure><\/div>\n\n\n\n<p>Embora, hoje, as pesquisas estejam paradas, o museu tem um hist\u00f3rico de projetos bons como o livro &#8216;Arte Rupestre em Rond\u00f4nia&#8217;, de Maria Coimbra de Oliveira, foi realizado por meio de um edital da Petrobras, em 2011. A autora explana orgulhosa que a obra est\u00e1 em v\u00e1rias partes do mundo como Europa e Estados Unidos, al\u00e9m de v\u00e1rias capitais brasileiras.<\/p>\n\n\n\n<div class=\"wp-block-image\"><figure class=\"aligncenter size-large is-resized\"><a href=\"https:\/\/www.controlsystems.com.br\/\"><img loading=\"lazy\" decoding=\"async\" src=\"https:\/\/jornalfatosenoticias.com.br\/wp-content\/uploads\/2020\/02\/CONTROL-CS.jpg\" alt=\"\" class=\"wp-image-44991\" width=\"304\" height=\"364\" srcset=\"https:\/\/jornalfatosenoticias.com.br\/wp-content\/uploads\/2020\/02\/CONTROL-CS.jpg 834w, https:\/\/jornalfatosenoticias.com.br\/wp-content\/uploads\/2020\/02\/CONTROL-CS-250x300.jpg 250w, https:\/\/jornalfatosenoticias.com.br\/wp-content\/uploads\/2020\/02\/CONTROL-CS-768x921.jpg 768w\" sizes=\"auto, (max-width: 304px) 100vw, 304px\" \/><\/a><\/figure><\/div>\n\n\n\n<p>&#8220;V\u00e1rios museus do Brasil conhecem Presidente M\u00e9dici, por causa desse livro. Para a classe cient\u00edfica da arqueologia, ele \u00e9 uma p\u00e9rola. Por muito tempo era uma inc\u00f3gnita por onde os tupis andavam. O Acre, comprado depois, n\u00e3o fazia parte desses grupos tupis, pois l\u00e1 j\u00e1 eram outros grupos ind\u00edgenas. Ningu\u00e9m sabia de onde esses tupis tinham vindo e ficavam se perguntando, eram muitas teorias at\u00e9 que um linguista da Universidade de Bras\u00edlia (UnB) chegou \u00e0 conclus\u00e3o de era aqui. Ent\u00e3o, as pesquisas passaram a acontecer por aqui com Eurico Miller, na d\u00e9cada de 80, e come\u00e7ou-se a verificar que realmente aqui esse povo estava&#8221;.<\/p>\n\n\n\n<div class=\"wp-block-jetpack-slideshow aligncenter\" data-effect=\"slide\"><div class=\"wp-block-jetpack-slideshow_container swiper-container\"><ul class=\"wp-block-jetpack-slideshow_swiper-wrapper swiper-wrapper\"><li class=\"wp-block-jetpack-slideshow_slide swiper-slide\"><figure><img loading=\"lazy\" decoding=\"async\" width=\"1000\" height=\"576\" alt=\"\" class=\"wp-block-jetpack-slideshow_image wp-image-57688\" data-id=\"57688\" src=\"https:\/\/jornalfatosenoticias.com.br\/wp-content\/uploads\/2025\/03\/20250224_140215.jpg\" srcset=\"https:\/\/jornalfatosenoticias.com.br\/wp-content\/uploads\/2025\/03\/20250224_140215.jpg 1000w, https:\/\/jornalfatosenoticias.com.br\/wp-content\/uploads\/2025\/03\/20250224_140215-300x173.jpg 300w, https:\/\/jornalfatosenoticias.com.br\/wp-content\/uploads\/2025\/03\/20250224_140215-768x442.jpg 768w\" sizes=\"auto, (max-width: 1000px) 100vw, 1000px\" \/><figcaption class=\"wp-block-jetpack-slideshow_caption gallery-caption\">(Foto: Luzimara Fernandes\/F&amp;N) <\/figcaption><\/figure><\/li><li class=\"wp-block-jetpack-slideshow_slide swiper-slide\"><figure><img loading=\"lazy\" decoding=\"async\" width=\"1000\" height=\"1333\" alt=\"\" class=\"wp-block-jetpack-slideshow_image wp-image-57689\" data-id=\"57689\" src=\"https:\/\/jornalfatosenoticias.com.br\/wp-content\/uploads\/2025\/03\/20250224_135954.jpg\" srcset=\"https:\/\/jornalfatosenoticias.com.br\/wp-content\/uploads\/2025\/03\/20250224_135954.jpg 1000w, https:\/\/jornalfatosenoticias.com.br\/wp-content\/uploads\/2025\/03\/20250224_135954-225x300.jpg 225w, https:\/\/jornalfatosenoticias.com.br\/wp-content\/uploads\/2025\/03\/20250224_135954-768x1024.jpg 768w\" sizes=\"auto, (max-width: 1000px) 100vw, 1000px\" \/><figcaption class=\"wp-block-jetpack-slideshow_caption gallery-caption\">(Foto: Luzimara Fernandes\/F&amp;N) <\/figcaption><\/figure><\/li><li class=\"wp-block-jetpack-slideshow_slide swiper-slide\"><figure><img loading=\"lazy\" decoding=\"async\" width=\"1000\" height=\"1333\" alt=\"\" class=\"wp-block-jetpack-slideshow_image wp-image-57690\" data-id=\"57690\" src=\"https:\/\/jornalfatosenoticias.com.br\/wp-content\/uploads\/2025\/03\/20250224_140007.jpg\" srcset=\"https:\/\/jornalfatosenoticias.com.br\/wp-content\/uploads\/2025\/03\/20250224_140007.jpg 1000w, https:\/\/jornalfatosenoticias.com.br\/wp-content\/uploads\/2025\/03\/20250224_140007-225x300.jpg 225w, https:\/\/jornalfatosenoticias.com.br\/wp-content\/uploads\/2025\/03\/20250224_140007-768x1024.jpg 768w\" sizes=\"auto, (max-width: 1000px) 100vw, 1000px\" \/><figcaption class=\"wp-block-jetpack-slideshow_caption gallery-caption\">(Foto: Luzimara Fernandes\/F&amp;N) <\/figcaption><\/figure><\/li><\/ul><a class=\"wp-block-jetpack-slideshow_button-prev swiper-button-prev swiper-button-white\" role=\"button\"><\/a><a class=\"wp-block-jetpack-slideshow_button-next swiper-button-next swiper-button-white\" role=\"button\"><\/a><a aria-label=\"Pause Slideshow\" class=\"wp-block-jetpack-slideshow_button-pause\" role=\"button\"><\/a><div class=\"wp-block-jetpack-slideshow_pagination swiper-pagination swiper-pagination-white\"><\/div><\/div><\/div>\n\n\n\n<p>De acordo com Maria Coimbra, todo material que \u00e9 retirado dos s\u00edtios arqueol\u00f3gicos tem que ir para algum lugar e vai para o museu, que recebe material de todo o estado de Rond\u00f4nia e de outros da regi\u00e3o. \u201cTem material l\u00e1 de Roraima, j\u00e1 recebemos material de Mato Grosso e de outros estados da Amaz\u00f4nia. Por isso, o museu tem essa grande import\u00e2ncia, n\u00e3o apenas para o nosso Estado, mas para toda a regi\u00e3o. Assim, ele se torna fundamental para regi\u00e3o toda e, historicamente falando, significativamente para o mundo inteiro. Porque, quando voc\u00ea vai estudar a pr\u00e9-hist\u00f3ria local, a popula\u00e7\u00e3o que mais teve contato com o conquistador e, depois, em todo o per\u00edodo colonial e na coloniza\u00e7\u00e3o recente, foi o povo tupi\u201d, esclarece a arque\u00f3loga.<\/p>\n\n\n\n<div class=\"wp-block-image\"><figure class=\"aligncenter size-large is-resized\"><a href=\"https:\/\/panper.com.br\/\"><img loading=\"lazy\" decoding=\"async\" src=\"https:\/\/jornalfatosenoticias.com.br\/wp-content\/uploads\/2023\/03\/logo-Panper_portal.jpg\" alt=\"\" class=\"wp-image-40208\" width=\"354\" height=\"245\" srcset=\"https:\/\/jornalfatosenoticias.com.br\/wp-content\/uploads\/2023\/03\/logo-Panper_portal.jpg 400w, https:\/\/jornalfatosenoticias.com.br\/wp-content\/uploads\/2023\/03\/logo-Panper_portal-300x208.jpg 300w\" sizes=\"auto, (max-width: 354px) 100vw, 354px\" \/><\/a><\/figure><\/div>\n\n\n\n<p>Com o iminente retorno de Maria Coimbra para o museu, o prefeito espera que as visitas sejam retomadas, e com muito sucesso, pois ter uma profissional capacitada como ela faz toda a diferen\u00e7a. &#8220;As pessoas v\u00eam e visitam o museu, conhece toda a hist\u00f3ria e vai ao s\u00edtio arqueol\u00f3gico fazer a visita e conhecer a \u00e1rea, mas a hist\u00f3ria mesmo fica toda dentro do museu, que conta com um acervo riqu\u00edssimo de aproximadamente 300 mil pe\u00e7as, como fragmentos de cer\u00e2mica e carv\u00e3o com mais de sete mil anos de exist\u00eancia, al\u00e9m de fotos de s\u00edtios da regi\u00e3o toda. Se tiver uma pessoa qualificada como a Maria, que vai explicar em que ano tal coisa foi descoberta; o que \u00e9\u2026 isso faz toda a diferen\u00e7a&#8221;, afirma o prefeito.<br>Maria concorda e acrescenta. &#8220;Na arqueologia, o principal \u00e9 a educa\u00e7\u00e3o patrimonial. Se voc\u00ea n\u00e3o conseguir levar oficinas pra l\u00e1, para ajuntar a comunidade, ela nunca vai entender. Ela vai saber que, de alguma forma, \u00e9 importante porque a lei exige. Mas n\u00e3o vai saber culturalmente porque aquilo \u00e9 importante, n\u00e3o vai estar internalizado nela. Vai achar que o acervo n\u00e3o passa de um monte de pedra&#8221;.<\/p>\n\n\n\n<div class=\"wp-block-jetpack-slideshow aligncenter\" data-effect=\"slide\"><div class=\"wp-block-jetpack-slideshow_container swiper-container\"><ul class=\"wp-block-jetpack-slideshow_swiper-wrapper swiper-wrapper\"><li class=\"wp-block-jetpack-slideshow_slide swiper-slide\"><figure><img loading=\"lazy\" decoding=\"async\" width=\"1280\" height=\"960\" alt=\"\" class=\"wp-block-jetpack-slideshow_image wp-image-57691\" data-id=\"57691\" src=\"https:\/\/jornalfatosenoticias.com.br\/wp-content\/uploads\/2025\/03\/Marcelo-e-alunos.jpg\" srcset=\"https:\/\/jornalfatosenoticias.com.br\/wp-content\/uploads\/2025\/03\/Marcelo-e-alunos.jpg 1280w, https:\/\/jornalfatosenoticias.com.br\/wp-content\/uploads\/2025\/03\/Marcelo-e-alunos-300x225.jpg 300w, https:\/\/jornalfatosenoticias.com.br\/wp-content\/uploads\/2025\/03\/Marcelo-e-alunos-1024x768.jpg 1024w, https:\/\/jornalfatosenoticias.com.br\/wp-content\/uploads\/2025\/03\/Marcelo-e-alunos-768x576.jpg 768w\" sizes=\"auto, (max-width: 1280px) 100vw, 1280px\" \/><figcaption class=\"wp-block-jetpack-slideshow_caption gallery-caption\">Professor Marcelo recepcionando alunos (Foto: Arquivo pessoal)<\/figcaption><\/figure><\/li><li class=\"wp-block-jetpack-slideshow_slide swiper-slide\"><figure><img loading=\"lazy\" decoding=\"async\" width=\"1000\" height=\"750\" alt=\"\" class=\"wp-block-jetpack-slideshow_image wp-image-57692\" data-id=\"57692\" src=\"https:\/\/jornalfatosenoticias.com.br\/wp-content\/uploads\/2025\/03\/Marcelo_alunos.jpg\" srcset=\"https:\/\/jornalfatosenoticias.com.br\/wp-content\/uploads\/2025\/03\/Marcelo_alunos.jpg 1000w, https:\/\/jornalfatosenoticias.com.br\/wp-content\/uploads\/2025\/03\/Marcelo_alunos-300x225.jpg 300w, https:\/\/jornalfatosenoticias.com.br\/wp-content\/uploads\/2025\/03\/Marcelo_alunos-768x576.jpg 768w\" sizes=\"auto, (max-width: 1000px) 100vw, 1000px\" \/><figcaption class=\"wp-block-jetpack-slideshow_caption gallery-caption\">Professor Marcelo recepcionando alunos (Foto: Arquivo pessoal)<\/figcaption><\/figure><\/li><\/ul><a class=\"wp-block-jetpack-slideshow_button-prev swiper-button-prev swiper-button-white\" role=\"button\"><\/a><a class=\"wp-block-jetpack-slideshow_button-next swiper-button-next swiper-button-white\" role=\"button\"><\/a><a aria-label=\"Pause Slideshow\" class=\"wp-block-jetpack-slideshow_button-pause\" role=\"button\"><\/a><div class=\"wp-block-jetpack-slideshow_pagination swiper-pagination swiper-pagination-white\"><\/div><\/div><\/div>\n\n\n\n<p>O prefeito completa mostrando a import\u00e2ncia de se ter uma pessoa capacitada e expert no assunto para mostrar o lado educacional e cultural. &#8220;Se n\u00e3o tiver quem explique, a crian\u00e7a vai chegar em casa e dizer &#8216;ah, pai, visitei o museu e tem um monte de pedra l\u00e1&#8217;. Morreu o assunto. Agora, se tem algu\u00e9m especializado que conte e explique a hist\u00f3ria, a crian\u00e7a vai ter outro entendimento. &#8216;Pai, voc\u00ea acredita que aqui j\u00e1 teve um povo tal, em tal ano, que vivia assim e tal?&#8217;. Isso \u00e9 interessante!&#8221;, ressalta.<\/p>\n\n\n\n<div class=\"wp-block-image\"><figure class=\"aligncenter size-large is-resized\"><a href=\"https:\/\/www.facebook.com\/profile.php?id=100069289606145\"><img loading=\"lazy\" decoding=\"async\" src=\"https:\/\/jornalfatosenoticias.com.br\/wp-content\/uploads\/2024\/11\/Guaitolini-Contabilidade-1024x714.jpeg\" alt=\"\" class=\"wp-image-55808\" width=\"347\" height=\"242\" srcset=\"https:\/\/jornalfatosenoticias.com.br\/wp-content\/uploads\/2024\/11\/Guaitolini-Contabilidade-1024x714.jpeg 1024w, https:\/\/jornalfatosenoticias.com.br\/wp-content\/uploads\/2024\/11\/Guaitolini-Contabilidade-300x209.jpeg 300w, https:\/\/jornalfatosenoticias.com.br\/wp-content\/uploads\/2024\/11\/Guaitolini-Contabilidade-768x535.jpeg 768w, https:\/\/jornalfatosenoticias.com.br\/wp-content\/uploads\/2024\/11\/Guaitolini-Contabilidade.jpeg 1280w\" sizes=\"auto, (max-width: 347px) 100vw, 347px\" \/><\/a><\/figure><\/div>\n\n\n\n<p>Maria Coimbra explica que, quando um gestor p\u00fablico tem interesse, com uma boa administra\u00e7\u00e3o \u00e9 poss\u00edvel angariar recursos, pois o pr\u00f3prio museu tem como fazer isso com parcerias p\u00fablico-privadas. Segundo a professora, ao todo s\u00e3o 21 s\u00edtios na regi\u00e3o lim\u00edtrofe de Presidente M\u00e9dici, Ministro Andreazza e Ji-Paran\u00e1. Os mais acess\u00edveis est\u00e3o em Presidente M\u00e9dici.<\/p>\n\n\n\n<div class=\"wp-block-image\"><figure class=\"aligncenter size-large is-resized\"><a href=\"https:\/\/www.instagram.com\/rcradiadores\/\"><img loading=\"lazy\" decoding=\"async\" src=\"https:\/\/jornalfatosenoticias.com.br\/wp-content\/uploads\/2022\/10\/RC_800x750_page-0001.jpg\" alt=\"\" class=\"wp-image-35338\" width=\"316\" height=\"296\" srcset=\"https:\/\/jornalfatosenoticias.com.br\/wp-content\/uploads\/2022\/10\/RC_800x750_page-0001.jpg 400w, https:\/\/jornalfatosenoticias.com.br\/wp-content\/uploads\/2022\/10\/RC_800x750_page-0001-300x281.jpg 300w\" sizes=\"auto, (max-width: 316px) 100vw, 316px\" \/><\/a><\/figure><\/div>\n\n\n\n<p><strong><span class=\"has-inline-color has-vivid-purple-color\"><span style=\"text-decoration: underline;\">Servi\u00e7o<br><\/span><\/span><\/strong><em>Centro de Pesquisas e Museu Regional de Arqueologia de Rond\u00f4nia<br><\/em>Funciona de segunda a sexta, das 07h30 \u00e0s 13h30<br>Agendamentos consultar atrav\u00e9s do telefone: (69) 3471-2892<\/p>\n\n\n\n<div class=\"wp-block-image\"><figure class=\"aligncenter size-large is-resized\"><a href=\"https:\/\/hotelmarquetti.com.br\/\"><img loading=\"lazy\" decoding=\"async\" src=\"https:\/\/jornalfatosenoticias.com.br\/wp-content\/uploads\/2023\/03\/nova-logo-Marquetti.jpg\" alt=\"\" class=\"wp-image-40207\" width=\"340\" height=\"228\" srcset=\"https:\/\/jornalfatosenoticias.com.br\/wp-content\/uploads\/2023\/03\/nova-logo-Marquetti.jpg 643w, https:\/\/jornalfatosenoticias.com.br\/wp-content\/uploads\/2023\/03\/nova-logo-Marquetti-300x202.jpg 300w\" sizes=\"auto, (max-width: 340px) 100vw, 340px\" \/><\/a><\/figure><\/div>\n\n\n\n<p><strong><span class=\"has-inline-color has-vivid-purple-color\"><span style=\"text-decoration: underline;\">Servi\u00e7o<br><\/span><\/span><\/strong><em>S\u00edtio Arqueol\u00f3gico Mirante Novo Riachuelo<br><\/em>Agendamento de visitas pode ser feito pelo telefone: (69) 99246-8389 (prof.\u00ba Marcelo)<br>Segunda a sexta, das 07h30 \u00e0s 13h30<br>Entrada gratuita: escolas<br><em>*Outras institui\u00e7\u00f5es pode haver cobran\u00e7a de uma pequena taxa<\/em><\/p>\n\n\n\n<div class=\"wp-block-image\"><figure class=\"aligncenter size-large is-resized\"><a href=\"https:\/\/www.facebook.com\/vetor.vix\/\"><img loading=\"lazy\" decoding=\"async\" src=\"https:\/\/jornalfatosenoticias.com.br\/wp-content\/uploads\/2023\/09\/vetorvix1024_1.jpg\" alt=\"\" class=\"wp-image-44868\" width=\"546\" height=\"145\" srcset=\"https:\/\/jornalfatosenoticias.com.br\/wp-content\/uploads\/2023\/09\/vetorvix1024_1.jpg 1024w, https:\/\/jornalfatosenoticias.com.br\/wp-content\/uploads\/2023\/09\/vetorvix1024_1-300x80.jpg 300w, https:\/\/jornalfatosenoticias.com.br\/wp-content\/uploads\/2023\/09\/vetorvix1024_1-768x205.jpg 768w\" sizes=\"auto, (max-width: 546px) 100vw, 546px\" \/><\/a><\/figure><\/div>\n","protected":false},"excerpt":{"rendered":"<p>O long\u00ednquo distrito de Novo Riachuelo, Presidente M\u00e9dici, Rond\u00f4nia, esconde um patrim\u00f4nio arqueol\u00f3gico de interesse nacional e mundial Volta e meia a gente ouve falar sobre s\u00edtios arqueol\u00f3gicos e descobertas de f\u00f3sseis. Mas ser\u00e1 que a gente sabe a import\u00e2ncia de tudo isso para o Brasil? Voc\u00ea sabia, por exemplo, que o solo brasileiro guarda [&hellip;]<\/p>\n","protected":false},"author":2,"featured_media":57698,"comment_status":"open","ping_status":"open","sticky":false,"template":"","format":"standard","meta":{"footnotes":""},"categories":[9808],"tags":[123,477,26314,26309,26310,479,26307,26308],"class_list":["post-57674","post","type-post","status-publish","format-standard","has-post-thumbnail","hentry","category-paleo-arqueologia","tag-amazonia","tag-iphan","tag-museu-regional-de-arqueologia-de-rondonia","tag-novo-riachuelo","tag-presidente-medici","tag-rondonia","tag-sitio-arqueologico-mirante-novo-riachuelo","tag-tesouro-arqueologico"],"yoast_head":"<!-- This site is optimized with the Yoast SEO plugin v26.5 - https:\/\/yoast.com\/wordpress\/plugins\/seo\/ -->\n<title>S\u00edtio Arqueol\u00f3gico Mirante Novo Riachuelo: um tesouro escondido no cora\u00e7\u00e3o da Amaz\u00f4nia - Jornal Fatos e Not\u00edcias<\/title>\n<meta name=\"robots\" content=\"index, follow, max-snippet:-1, max-image-preview:large, max-video-preview:-1\" \/>\n<link rel=\"canonical\" href=\"https:\/\/jornalfatosenoticias.com.br\/index.php\/2025\/03\/13\/sitio-arqueologico-mirante-novo-riachuelo-um-tesouro-escondido-no-coracao-da-amazonia\/\" \/>\n<meta property=\"og:locale\" content=\"pt_BR\" \/>\n<meta property=\"og:type\" content=\"article\" \/>\n<meta property=\"og:title\" content=\"S\u00edtio Arqueol\u00f3gico Mirante Novo Riachuelo: um tesouro escondido no cora\u00e7\u00e3o da Amaz\u00f4nia - Jornal Fatos e Not\u00edcias\" \/>\n<meta property=\"og:description\" content=\"O long\u00ednquo distrito de Novo Riachuelo, Presidente M\u00e9dici, Rond\u00f4nia, esconde um patrim\u00f4nio arqueol\u00f3gico de interesse nacional e mundial Volta e meia a gente ouve falar sobre s\u00edtios arqueol\u00f3gicos e descobertas de f\u00f3sseis. Mas ser\u00e1 que a gente sabe a import\u00e2ncia de tudo isso para o Brasil? Voc\u00ea sabia, por exemplo, que o solo brasileiro guarda [&hellip;]\" \/>\n<meta property=\"og:url\" content=\"https:\/\/jornalfatosenoticias.com.br\/index.php\/2025\/03\/13\/sitio-arqueologico-mirante-novo-riachuelo-um-tesouro-escondido-no-coracao-da-amazonia\/\" \/>\n<meta property=\"og:site_name\" content=\"Jornal Fatos e Not\u00edcias\" \/>\n<meta property=\"article:published_time\" content=\"2025-03-13T21:13:53+00:00\" \/>\n<meta property=\"article:modified_time\" content=\"2025-03-14T15:00:15+00:00\" \/>\n<meta property=\"og:image\" content=\"https:\/\/jornalfatosenoticias.com.br\/wp-content\/uploads\/2025\/03\/ARQUEOLOGIA1.jpg\" \/>\n\t<meta property=\"og:image:width\" content=\"750\" \/>\n\t<meta property=\"og:image:height\" content=\"1000\" \/>\n\t<meta property=\"og:image:type\" content=\"image\/jpeg\" \/>\n<meta name=\"author\" content=\"Luzimara Fernandes\" \/>\n<meta name=\"twitter:card\" content=\"summary_large_image\" \/>\n<meta name=\"twitter:label1\" content=\"Escrito por\" \/>\n\t<meta name=\"twitter:data1\" content=\"Luzimara Fernandes\" \/>\n\t<meta name=\"twitter:label2\" content=\"Est. tempo de leitura\" \/>\n\t<meta name=\"twitter:data2\" content=\"13 minutos\" \/>\n<script type=\"application\/ld+json\" class=\"yoast-schema-graph\">{\"@context\":\"https:\/\/schema.org\",\"@graph\":[{\"@type\":\"Article\",\"@id\":\"https:\/\/jornalfatosenoticias.com.br\/index.php\/2025\/03\/13\/sitio-arqueologico-mirante-novo-riachuelo-um-tesouro-escondido-no-coracao-da-amazonia\/#article\",\"isPartOf\":{\"@id\":\"https:\/\/jornalfatosenoticias.com.br\/index.php\/2025\/03\/13\/sitio-arqueologico-mirante-novo-riachuelo-um-tesouro-escondido-no-coracao-da-amazonia\/\"},\"author\":{\"name\":\"Luzimara Fernandes\",\"@id\":\"https:\/\/jornalfatosenoticias.com.br\/#\/schema\/person\/d63837fa13ac8666eb9e74e0985d6f81\"},\"headline\":\"S\u00edtio Arqueol\u00f3gico Mirante Novo Riachuelo: um tesouro escondido no cora\u00e7\u00e3o da Amaz\u00f4nia\",\"datePublished\":\"2025-03-13T21:13:53+00:00\",\"dateModified\":\"2025-03-14T15:00:15+00:00\",\"mainEntityOfPage\":{\"@id\":\"https:\/\/jornalfatosenoticias.com.br\/index.php\/2025\/03\/13\/sitio-arqueologico-mirante-novo-riachuelo-um-tesouro-escondido-no-coracao-da-amazonia\/\"},\"wordCount\":2636,\"commentCount\":0,\"publisher\":{\"@id\":\"https:\/\/jornalfatosenoticias.com.br\/#organization\"},\"image\":{\"@id\":\"https:\/\/jornalfatosenoticias.com.br\/index.php\/2025\/03\/13\/sitio-arqueologico-mirante-novo-riachuelo-um-tesouro-escondido-no-coracao-da-amazonia\/#primaryimage\"},\"thumbnailUrl\":\"https:\/\/jornalfatosenoticias.com.br\/wp-content\/uploads\/2025\/03\/ARQUEOLOGIA1.jpg\",\"keywords\":[\"amaz\u00f4nia\",\"Iphan\",\"Museu Regional de Arqueologia de Rond\u00f4nia\",\"Novo Riachuelo\",\"Presidente M\u00e9dici\",\"Rond\u00f4nia\",\"S\u00edtio Arqueol\u00f3gico Mirante Novo Riachuelo\",\"tesouro arqueol\u00f3gico\"],\"articleSection\":[\"Paleo &amp; Arqueologia\"],\"inLanguage\":\"pt-BR\",\"potentialAction\":[{\"@type\":\"CommentAction\",\"name\":\"Comment\",\"target\":[\"https:\/\/jornalfatosenoticias.com.br\/index.php\/2025\/03\/13\/sitio-arqueologico-mirante-novo-riachuelo-um-tesouro-escondido-no-coracao-da-amazonia\/#respond\"]}]},{\"@type\":\"WebPage\",\"@id\":\"https:\/\/jornalfatosenoticias.com.br\/index.php\/2025\/03\/13\/sitio-arqueologico-mirante-novo-riachuelo-um-tesouro-escondido-no-coracao-da-amazonia\/\",\"url\":\"https:\/\/jornalfatosenoticias.com.br\/index.php\/2025\/03\/13\/sitio-arqueologico-mirante-novo-riachuelo-um-tesouro-escondido-no-coracao-da-amazonia\/\",\"name\":\"S\u00edtio Arqueol\u00f3gico Mirante Novo Riachuelo: um tesouro escondido no cora\u00e7\u00e3o da Amaz\u00f4nia - Jornal Fatos e Not\u00edcias\",\"isPartOf\":{\"@id\":\"https:\/\/jornalfatosenoticias.com.br\/#website\"},\"primaryImageOfPage\":{\"@id\":\"https:\/\/jornalfatosenoticias.com.br\/index.php\/2025\/03\/13\/sitio-arqueologico-mirante-novo-riachuelo-um-tesouro-escondido-no-coracao-da-amazonia\/#primaryimage\"},\"image\":{\"@id\":\"https:\/\/jornalfatosenoticias.com.br\/index.php\/2025\/03\/13\/sitio-arqueologico-mirante-novo-riachuelo-um-tesouro-escondido-no-coracao-da-amazonia\/#primaryimage\"},\"thumbnailUrl\":\"https:\/\/jornalfatosenoticias.com.br\/wp-content\/uploads\/2025\/03\/ARQUEOLOGIA1.jpg\",\"datePublished\":\"2025-03-13T21:13:53+00:00\",\"dateModified\":\"2025-03-14T15:00:15+00:00\",\"breadcrumb\":{\"@id\":\"https:\/\/jornalfatosenoticias.com.br\/index.php\/2025\/03\/13\/sitio-arqueologico-mirante-novo-riachuelo-um-tesouro-escondido-no-coracao-da-amazonia\/#breadcrumb\"},\"inLanguage\":\"pt-BR\",\"potentialAction\":[{\"@type\":\"ReadAction\",\"target\":[\"https:\/\/jornalfatosenoticias.com.br\/index.php\/2025\/03\/13\/sitio-arqueologico-mirante-novo-riachuelo-um-tesouro-escondido-no-coracao-da-amazonia\/\"]}]},{\"@type\":\"ImageObject\",\"inLanguage\":\"pt-BR\",\"@id\":\"https:\/\/jornalfatosenoticias.com.br\/index.php\/2025\/03\/13\/sitio-arqueologico-mirante-novo-riachuelo-um-tesouro-escondido-no-coracao-da-amazonia\/#primaryimage\",\"url\":\"https:\/\/jornalfatosenoticias.com.br\/wp-content\/uploads\/2025\/03\/ARQUEOLOGIA1.jpg\",\"contentUrl\":\"https:\/\/jornalfatosenoticias.com.br\/wp-content\/uploads\/2025\/03\/ARQUEOLOGIA1.jpg\",\"width\":750,\"height\":1000},{\"@type\":\"BreadcrumbList\",\"@id\":\"https:\/\/jornalfatosenoticias.com.br\/index.php\/2025\/03\/13\/sitio-arqueologico-mirante-novo-riachuelo-um-tesouro-escondido-no-coracao-da-amazonia\/#breadcrumb\",\"itemListElement\":[{\"@type\":\"ListItem\",\"position\":1,\"name\":\"In\u00edcio\",\"item\":\"https:\/\/jornalfatosenoticias.com.br\/\"},{\"@type\":\"ListItem\",\"position\":2,\"name\":\"S\u00edtio Arqueol\u00f3gico Mirante Novo Riachuelo: um tesouro escondido no cora\u00e7\u00e3o da Amaz\u00f4nia\"}]},{\"@type\":\"WebSite\",\"@id\":\"https:\/\/jornalfatosenoticias.com.br\/#website\",\"url\":\"https:\/\/jornalfatosenoticias.com.br\/\",\"name\":\"Jornal Fatos e Not\u00edcias\",\"description\":\"Not\u00edcias em geral\",\"publisher\":{\"@id\":\"https:\/\/jornalfatosenoticias.com.br\/#organization\"},\"potentialAction\":[{\"@type\":\"SearchAction\",\"target\":{\"@type\":\"EntryPoint\",\"urlTemplate\":\"https:\/\/jornalfatosenoticias.com.br\/?s={search_term_string}\"},\"query-input\":{\"@type\":\"PropertyValueSpecification\",\"valueRequired\":true,\"valueName\":\"search_term_string\"}}],\"inLanguage\":\"pt-BR\"},{\"@type\":\"Organization\",\"@id\":\"https:\/\/jornalfatosenoticias.com.br\/#organization\",\"name\":\"Jornal Fatos e Not\u00edcias\",\"url\":\"https:\/\/jornalfatosenoticias.com.br\/\",\"logo\":{\"@type\":\"ImageObject\",\"inLanguage\":\"pt-BR\",\"@id\":\"https:\/\/jornalfatosenoticias.com.br\/#\/schema\/logo\/image\/\",\"url\":\"https:\/\/jornalfatosenoticias.com.br\/wp-content\/uploads\/2020\/02\/logo120.png\",\"contentUrl\":\"https:\/\/jornalfatosenoticias.com.br\/wp-content\/uploads\/2020\/02\/logo120.png\",\"width\":1227,\"height\":120,\"caption\":\"Jornal Fatos e Not\u00edcias\"},\"image\":{\"@id\":\"https:\/\/jornalfatosenoticias.com.br\/#\/schema\/logo\/image\/\"}},{\"@type\":\"Person\",\"@id\":\"https:\/\/jornalfatosenoticias.com.br\/#\/schema\/person\/d63837fa13ac8666eb9e74e0985d6f81\",\"name\":\"Luzimara Fernandes\",\"image\":{\"@type\":\"ImageObject\",\"inLanguage\":\"pt-BR\",\"@id\":\"https:\/\/jornalfatosenoticias.com.br\/#\/schema\/person\/image\/\",\"url\":\"https:\/\/jornalfatosenoticias.com.br\/wp-content\/uploads\/2025\/05\/EU_portal.jpg\",\"contentUrl\":\"https:\/\/jornalfatosenoticias.com.br\/wp-content\/uploads\/2025\/05\/EU_portal.jpg\",\"caption\":\"Luzimara Fernandes\"},\"description\":\"Jornalista MTB 2358-ES\",\"sameAs\":[\"https:\/\/jornalfatosenoticias.com.br\"],\"url\":\"https:\/\/jornalfatosenoticias.com.br\/index.php\/author\/luzimara\/\"}]}<\/script>\n<!-- \/ Yoast SEO plugin. -->","yoast_head_json":{"title":"S\u00edtio Arqueol\u00f3gico Mirante Novo Riachuelo: um tesouro escondido no cora\u00e7\u00e3o da Amaz\u00f4nia - Jornal Fatos e Not\u00edcias","robots":{"index":"index","follow":"follow","max-snippet":"max-snippet:-1","max-image-preview":"max-image-preview:large","max-video-preview":"max-video-preview:-1"},"canonical":"https:\/\/jornalfatosenoticias.com.br\/index.php\/2025\/03\/13\/sitio-arqueologico-mirante-novo-riachuelo-um-tesouro-escondido-no-coracao-da-amazonia\/","og_locale":"pt_BR","og_type":"article","og_title":"S\u00edtio Arqueol\u00f3gico Mirante Novo Riachuelo: um tesouro escondido no cora\u00e7\u00e3o da Amaz\u00f4nia - Jornal Fatos e Not\u00edcias","og_description":"O long\u00ednquo distrito de Novo Riachuelo, Presidente M\u00e9dici, Rond\u00f4nia, esconde um patrim\u00f4nio arqueol\u00f3gico de interesse nacional e mundial Volta e meia a gente ouve falar sobre s\u00edtios arqueol\u00f3gicos e descobertas de f\u00f3sseis. Mas ser\u00e1 que a gente sabe a import\u00e2ncia de tudo isso para o Brasil? Voc\u00ea sabia, por exemplo, que o solo brasileiro guarda [&hellip;]","og_url":"https:\/\/jornalfatosenoticias.com.br\/index.php\/2025\/03\/13\/sitio-arqueologico-mirante-novo-riachuelo-um-tesouro-escondido-no-coracao-da-amazonia\/","og_site_name":"Jornal Fatos e Not\u00edcias","article_published_time":"2025-03-13T21:13:53+00:00","article_modified_time":"2025-03-14T15:00:15+00:00","og_image":[{"width":750,"height":1000,"url":"https:\/\/jornalfatosenoticias.com.br\/wp-content\/uploads\/2025\/03\/ARQUEOLOGIA1.jpg","type":"image\/jpeg"}],"author":"Luzimara Fernandes","twitter_card":"summary_large_image","twitter_misc":{"Escrito por":"Luzimara Fernandes","Est. tempo de leitura":"13 minutos"},"schema":{"@context":"https:\/\/schema.org","@graph":[{"@type":"Article","@id":"https:\/\/jornalfatosenoticias.com.br\/index.php\/2025\/03\/13\/sitio-arqueologico-mirante-novo-riachuelo-um-tesouro-escondido-no-coracao-da-amazonia\/#article","isPartOf":{"@id":"https:\/\/jornalfatosenoticias.com.br\/index.php\/2025\/03\/13\/sitio-arqueologico-mirante-novo-riachuelo-um-tesouro-escondido-no-coracao-da-amazonia\/"},"author":{"name":"Luzimara Fernandes","@id":"https:\/\/jornalfatosenoticias.com.br\/#\/schema\/person\/d63837fa13ac8666eb9e74e0985d6f81"},"headline":"S\u00edtio Arqueol\u00f3gico Mirante Novo Riachuelo: um tesouro escondido no cora\u00e7\u00e3o da Amaz\u00f4nia","datePublished":"2025-03-13T21:13:53+00:00","dateModified":"2025-03-14T15:00:15+00:00","mainEntityOfPage":{"@id":"https:\/\/jornalfatosenoticias.com.br\/index.php\/2025\/03\/13\/sitio-arqueologico-mirante-novo-riachuelo-um-tesouro-escondido-no-coracao-da-amazonia\/"},"wordCount":2636,"commentCount":0,"publisher":{"@id":"https:\/\/jornalfatosenoticias.com.br\/#organization"},"image":{"@id":"https:\/\/jornalfatosenoticias.com.br\/index.php\/2025\/03\/13\/sitio-arqueologico-mirante-novo-riachuelo-um-tesouro-escondido-no-coracao-da-amazonia\/#primaryimage"},"thumbnailUrl":"https:\/\/jornalfatosenoticias.com.br\/wp-content\/uploads\/2025\/03\/ARQUEOLOGIA1.jpg","keywords":["amaz\u00f4nia","Iphan","Museu Regional de Arqueologia de Rond\u00f4nia","Novo Riachuelo","Presidente M\u00e9dici","Rond\u00f4nia","S\u00edtio Arqueol\u00f3gico Mirante Novo Riachuelo","tesouro arqueol\u00f3gico"],"articleSection":["Paleo &amp; Arqueologia"],"inLanguage":"pt-BR","potentialAction":[{"@type":"CommentAction","name":"Comment","target":["https:\/\/jornalfatosenoticias.com.br\/index.php\/2025\/03\/13\/sitio-arqueologico-mirante-novo-riachuelo-um-tesouro-escondido-no-coracao-da-amazonia\/#respond"]}]},{"@type":"WebPage","@id":"https:\/\/jornalfatosenoticias.com.br\/index.php\/2025\/03\/13\/sitio-arqueologico-mirante-novo-riachuelo-um-tesouro-escondido-no-coracao-da-amazonia\/","url":"https:\/\/jornalfatosenoticias.com.br\/index.php\/2025\/03\/13\/sitio-arqueologico-mirante-novo-riachuelo-um-tesouro-escondido-no-coracao-da-amazonia\/","name":"S\u00edtio Arqueol\u00f3gico Mirante Novo Riachuelo: um tesouro escondido no cora\u00e7\u00e3o da Amaz\u00f4nia - Jornal Fatos e Not\u00edcias","isPartOf":{"@id":"https:\/\/jornalfatosenoticias.com.br\/#website"},"primaryImageOfPage":{"@id":"https:\/\/jornalfatosenoticias.com.br\/index.php\/2025\/03\/13\/sitio-arqueologico-mirante-novo-riachuelo-um-tesouro-escondido-no-coracao-da-amazonia\/#primaryimage"},"image":{"@id":"https:\/\/jornalfatosenoticias.com.br\/index.php\/2025\/03\/13\/sitio-arqueologico-mirante-novo-riachuelo-um-tesouro-escondido-no-coracao-da-amazonia\/#primaryimage"},"thumbnailUrl":"https:\/\/jornalfatosenoticias.com.br\/wp-content\/uploads\/2025\/03\/ARQUEOLOGIA1.jpg","datePublished":"2025-03-13T21:13:53+00:00","dateModified":"2025-03-14T15:00:15+00:00","breadcrumb":{"@id":"https:\/\/jornalfatosenoticias.com.br\/index.php\/2025\/03\/13\/sitio-arqueologico-mirante-novo-riachuelo-um-tesouro-escondido-no-coracao-da-amazonia\/#breadcrumb"},"inLanguage":"pt-BR","potentialAction":[{"@type":"ReadAction","target":["https:\/\/jornalfatosenoticias.com.br\/index.php\/2025\/03\/13\/sitio-arqueologico-mirante-novo-riachuelo-um-tesouro-escondido-no-coracao-da-amazonia\/"]}]},{"@type":"ImageObject","inLanguage":"pt-BR","@id":"https:\/\/jornalfatosenoticias.com.br\/index.php\/2025\/03\/13\/sitio-arqueologico-mirante-novo-riachuelo-um-tesouro-escondido-no-coracao-da-amazonia\/#primaryimage","url":"https:\/\/jornalfatosenoticias.com.br\/wp-content\/uploads\/2025\/03\/ARQUEOLOGIA1.jpg","contentUrl":"https:\/\/jornalfatosenoticias.com.br\/wp-content\/uploads\/2025\/03\/ARQUEOLOGIA1.jpg","width":750,"height":1000},{"@type":"BreadcrumbList","@id":"https:\/\/jornalfatosenoticias.com.br\/index.php\/2025\/03\/13\/sitio-arqueologico-mirante-novo-riachuelo-um-tesouro-escondido-no-coracao-da-amazonia\/#breadcrumb","itemListElement":[{"@type":"ListItem","position":1,"name":"In\u00edcio","item":"https:\/\/jornalfatosenoticias.com.br\/"},{"@type":"ListItem","position":2,"name":"S\u00edtio Arqueol\u00f3gico Mirante Novo Riachuelo: um tesouro escondido no cora\u00e7\u00e3o da Amaz\u00f4nia"}]},{"@type":"WebSite","@id":"https:\/\/jornalfatosenoticias.com.br\/#website","url":"https:\/\/jornalfatosenoticias.com.br\/","name":"Jornal Fatos e Not\u00edcias","description":"Not\u00edcias em geral","publisher":{"@id":"https:\/\/jornalfatosenoticias.com.br\/#organization"},"potentialAction":[{"@type":"SearchAction","target":{"@type":"EntryPoint","urlTemplate":"https:\/\/jornalfatosenoticias.com.br\/?s={search_term_string}"},"query-input":{"@type":"PropertyValueSpecification","valueRequired":true,"valueName":"search_term_string"}}],"inLanguage":"pt-BR"},{"@type":"Organization","@id":"https:\/\/jornalfatosenoticias.com.br\/#organization","name":"Jornal Fatos e Not\u00edcias","url":"https:\/\/jornalfatosenoticias.com.br\/","logo":{"@type":"ImageObject","inLanguage":"pt-BR","@id":"https:\/\/jornalfatosenoticias.com.br\/#\/schema\/logo\/image\/","url":"https:\/\/jornalfatosenoticias.com.br\/wp-content\/uploads\/2020\/02\/logo120.png","contentUrl":"https:\/\/jornalfatosenoticias.com.br\/wp-content\/uploads\/2020\/02\/logo120.png","width":1227,"height":120,"caption":"Jornal Fatos e Not\u00edcias"},"image":{"@id":"https:\/\/jornalfatosenoticias.com.br\/#\/schema\/logo\/image\/"}},{"@type":"Person","@id":"https:\/\/jornalfatosenoticias.com.br\/#\/schema\/person\/d63837fa13ac8666eb9e74e0985d6f81","name":"Luzimara Fernandes","image":{"@type":"ImageObject","inLanguage":"pt-BR","@id":"https:\/\/jornalfatosenoticias.com.br\/#\/schema\/person\/image\/","url":"https:\/\/jornalfatosenoticias.com.br\/wp-content\/uploads\/2025\/05\/EU_portal.jpg","contentUrl":"https:\/\/jornalfatosenoticias.com.br\/wp-content\/uploads\/2025\/05\/EU_portal.jpg","caption":"Luzimara Fernandes"},"description":"Jornalista MTB 2358-ES","sameAs":["https:\/\/jornalfatosenoticias.com.br"],"url":"https:\/\/jornalfatosenoticias.com.br\/index.php\/author\/luzimara\/"}]}},"cc_featured_image_caption":{"caption_text":"(Foto: Luzimara Fernandes\/F&N) ","source_text":"","source_url":""},"jetpack_featured_media_url":"https:\/\/jornalfatosenoticias.com.br\/wp-content\/uploads\/2025\/03\/ARQUEOLOGIA1.jpg","_links":{"self":[{"href":"https:\/\/jornalfatosenoticias.com.br\/index.php\/wp-json\/wp\/v2\/posts\/57674","targetHints":{"allow":["GET"]}}],"collection":[{"href":"https:\/\/jornalfatosenoticias.com.br\/index.php\/wp-json\/wp\/v2\/posts"}],"about":[{"href":"https:\/\/jornalfatosenoticias.com.br\/index.php\/wp-json\/wp\/v2\/types\/post"}],"author":[{"embeddable":true,"href":"https:\/\/jornalfatosenoticias.com.br\/index.php\/wp-json\/wp\/v2\/users\/2"}],"replies":[{"embeddable":true,"href":"https:\/\/jornalfatosenoticias.com.br\/index.php\/wp-json\/wp\/v2\/comments?post=57674"}],"version-history":[{"count":0,"href":"https:\/\/jornalfatosenoticias.com.br\/index.php\/wp-json\/wp\/v2\/posts\/57674\/revisions"}],"wp:featuredmedia":[{"embeddable":true,"href":"https:\/\/jornalfatosenoticias.com.br\/index.php\/wp-json\/wp\/v2\/media\/57698"}],"wp:attachment":[{"href":"https:\/\/jornalfatosenoticias.com.br\/index.php\/wp-json\/wp\/v2\/media?parent=57674"}],"wp:term":[{"taxonomy":"category","embeddable":true,"href":"https:\/\/jornalfatosenoticias.com.br\/index.php\/wp-json\/wp\/v2\/categories?post=57674"},{"taxonomy":"post_tag","embeddable":true,"href":"https:\/\/jornalfatosenoticias.com.br\/index.php\/wp-json\/wp\/v2\/tags?post=57674"}],"curies":[{"name":"wp","href":"https:\/\/api.w.org\/{rel}","templated":true}]}}