{"id":57706,"date":"2025-03-13T18:40:01","date_gmt":"2025-03-13T21:40:01","guid":{"rendered":"https:\/\/jornalfatosenoticias.com.br\/?p=57706"},"modified":"2025-03-13T18:40:03","modified_gmt":"2025-03-13T21:40:03","slug":"como-transformar-a-disciplina-em-um-diferencial-competitivo-no-mundo-dos-negocios","status":"publish","type":"post","link":"https:\/\/jornalfatosenoticias.com.br\/index.php\/2025\/03\/13\/como-transformar-a-disciplina-em-um-diferencial-competitivo-no-mundo-dos-negocios\/","title":{"rendered":"Como transformar a disciplina em um diferencial competitivo no mundo dos neg\u00f3cios"},"content":{"rendered":"\n<div class=\"wp-block-image\"><figure class=\"aligncenter size-large\"><a href=\"https:\/\/mizu.com.br\/\"><img loading=\"lazy\" decoding=\"async\" width=\"729\" height=\"90\" src=\"https:\/\/jornalfatosenoticias.com.br\/wp-content\/uploads\/2020\/02\/Logo_Mizu.png\" alt=\"\" class=\"wp-image-1441\" srcset=\"https:\/\/jornalfatosenoticias.com.br\/wp-content\/uploads\/2020\/02\/Logo_Mizu.png 729w, https:\/\/jornalfatosenoticias.com.br\/wp-content\/uploads\/2020\/02\/Logo_Mizu-300x37.png 300w\" sizes=\"auto, (max-width: 729px) 100vw, 729px\" \/><\/a><\/figure><\/div>\n\n\n\n<p>No universo empresarial, onde inova\u00e7\u00e3o, velocidade e adapta\u00e7\u00e3o s\u00e3o essenciais, h\u00e1 um fator silencioso, mas poderoso, que separa empresas medianas de organiza\u00e7\u00f5es extraordin\u00e1rias: <strong>a disciplina.<\/strong> Longe de ser apenas uma virtude pessoal, a disciplina, quando aplicada estrategicamente, torna-se um diferencial competitivo capaz de impulsionar resultados, otimizar processos e fortalecer a cultura organizacional.<br>Empres\u00e1rios bem-sucedidos, sejam iniciantes ou veteranos, sabem que talento e boas ideias n\u00e3o s\u00e3o suficientes. O que realmente define o sucesso de um neg\u00f3cio \u00e9 a capacidade de executar com consist\u00eancia, manter o foco e transformar objetivos em realidade. Neste artigo, exploraremos como a disciplina pode ser o motor de crescimento da sua empresa e como aplic\u00e1-la para criar um diferencial competitivo sustent\u00e1vel.<\/p>\n\n\n\n<div class=\"wp-block-image\"><figure class=\"aligncenter size-large is-resized\"><a href=\"https:\/\/www.controlsystems.com.br\/\"><img loading=\"lazy\" decoding=\"async\" src=\"https:\/\/jornalfatosenoticias.com.br\/wp-content\/uploads\/2020\/02\/CONTROL-CS.jpg\" alt=\"\" class=\"wp-image-44991\" width=\"286\" height=\"343\" srcset=\"https:\/\/jornalfatosenoticias.com.br\/wp-content\/uploads\/2020\/02\/CONTROL-CS.jpg 834w, https:\/\/jornalfatosenoticias.com.br\/wp-content\/uploads\/2020\/02\/CONTROL-CS-250x300.jpg 250w, https:\/\/jornalfatosenoticias.com.br\/wp-content\/uploads\/2020\/02\/CONTROL-CS-768x921.jpg 768w\" sizes=\"auto, (max-width: 286px) 100vw, 286px\" \/><\/a><\/figure><\/div>\n\n\n\n<p><strong><span class=\"has-inline-color has-vivid-cyan-blue-color\">1. Disciplina: a base da execu\u00e7\u00e3o estrat\u00e9gica<br><\/span><\/strong>Muitos empres\u00e1rios investem tempo e recursos no planejamento estrat\u00e9gico, mas poucos conseguem transformar esses planos em a\u00e7\u00f5es concretas e consistentes. O grande diferencial n\u00e3o est\u00e1 apenas na estrat\u00e9gia, mas na <strong>execu\u00e7\u00e3o disciplinada. <\/strong>Empresas que se destacam no mercado s\u00e3o aquelas que:<\/p>\n\n\n\n<div class=\"wp-block-image\"><figure class=\"aligncenter size-large is-resized\"><a href=\"https:\/\/www.legisjuris.com.br\/\"><img loading=\"lazy\" decoding=\"async\" src=\"https:\/\/jornalfatosenoticias.com.br\/wp-content\/uploads\/2024\/09\/Legis-Juris-Consultoria_logo.jpg\" alt=\"\" class=\"wp-image-53915\" width=\"430\" height=\"180\" srcset=\"https:\/\/jornalfatosenoticias.com.br\/wp-content\/uploads\/2024\/09\/Legis-Juris-Consultoria_logo.jpg 969w, https:\/\/jornalfatosenoticias.com.br\/wp-content\/uploads\/2024\/09\/Legis-Juris-Consultoria_logo-300x126.jpg 300w, https:\/\/jornalfatosenoticias.com.br\/wp-content\/uploads\/2024\/09\/Legis-Juris-Consultoria_logo-768x322.jpg 768w\" sizes=\"auto, (max-width: 430px) 100vw, 430px\" \/><\/a><\/figure><\/div>\n\n\n\n<p><strong>\u2705 Definem metas claras <\/strong>e estabelecem um plano de a\u00e7\u00e3o realista.<br><strong>\u2705<\/strong> <strong>Criam rotinas organizadas<\/strong> para acompanhar o progresso e corrigir desvios rapidamente.<br><strong>\u2705 Mant\u00eam a consist\u00eancia <\/strong>na entrega de produtos e servi\u00e7os de alta qualidade.<br>A disciplina na execu\u00e7\u00e3o garante que boas ideias saiam do papel e se tornem vantagem competitiva. Sem ela, at\u00e9 mesmo a estrat\u00e9gia mais brilhante se perde na in\u00e9rcia.<\/p>\n\n\n\n<div class=\"wp-block-image\"><figure class=\"aligncenter size-large\"><a href=\"http:\/\/www.ferrarimaquinas.com.br\/\"><img loading=\"lazy\" decoding=\"async\" width=\"300\" height=\"250\" src=\"https:\/\/jornalfatosenoticias.com.br\/wp-content\/uploads\/2022\/02\/FERRARI_MAQUINAS-E-FERRAMENTAS2.jpg\" alt=\"\" class=\"wp-image-27860\"\/><\/a><\/figure><\/div>\n\n\n\n<p><strong><span class=\"has-inline-color has-vivid-cyan-blue-color\">2. Cultura de alta performance: disciplina como pilar<br><\/span><\/strong>A disciplina n\u00e3o deve ser uma caracter\u00edstica isolada do l\u00edder, mas sim um valor central na cultura da empresa. Organiza\u00e7\u00f5es que adotam a disciplina como parte de seu DNA constroem times mais produtivos, motivados e comprometidos com os resultados. <\/p>\n\n\n\n<div class=\"wp-block-image\"><figure class=\"aligncenter size-large is-resized\"><a href=\"https:\/\/www.facebook.com\/vetor.vix\/\"><img loading=\"lazy\" decoding=\"async\" src=\"https:\/\/jornalfatosenoticias.com.br\/wp-content\/uploads\/2023\/09\/vetorvix1024_1.jpg\" alt=\"\" class=\"wp-image-44868\" width=\"505\" height=\"134\" srcset=\"https:\/\/jornalfatosenoticias.com.br\/wp-content\/uploads\/2023\/09\/vetorvix1024_1.jpg 1024w, https:\/\/jornalfatosenoticias.com.br\/wp-content\/uploads\/2023\/09\/vetorvix1024_1-300x80.jpg 300w, https:\/\/jornalfatosenoticias.com.br\/wp-content\/uploads\/2023\/09\/vetorvix1024_1-768x205.jpg 768w\" sizes=\"auto, (max-width: 505px) 100vw, 505px\" \/><\/a><\/figure><\/div>\n\n\n\n<p><strong><span class=\"has-inline-color has-black-color\">Para transformar a disciplina em cultura organizacional:<br><\/span>\u2705 Lidere pelo exemplo:<\/strong> a equipe segue aquilo que v\u00ea. Se o l\u00edder \u00e9 disciplinado, pontual e focado, o time naturalmente adotar\u00e1 esses comportamentos.<br><strong>\u2705 Defina padr\u00f5es claros:<\/strong> processos bem-estruturados evitam improvisos e garantem efici\u00eancia operacional.<br><strong>\u2705 Estabele\u00e7a m\u00e9tricas de desempenho: <\/strong>o que n\u00e3o \u00e9 medido n\u00e3o pode ser melhorado. Criar indicadores ajuda a manter o foco e a disciplina na execu\u00e7\u00e3o das tarefas.<\/p>\n\n\n\n<div class=\"wp-block-image\"><figure class=\"aligncenter size-large is-resized\"><a href=\"https:\/\/www.facebook.com\/postobkr\/?locale=pt_BR\"><img loading=\"lazy\" decoding=\"async\" src=\"https:\/\/jornalfatosenoticias.com.br\/wp-content\/uploads\/2023\/08\/BKR-1024x1021.jpg\" alt=\"\" class=\"wp-image-44494\" width=\"311\" height=\"310\" srcset=\"https:\/\/jornalfatosenoticias.com.br\/wp-content\/uploads\/2023\/08\/BKR-1024x1021.jpg 1024w, https:\/\/jornalfatosenoticias.com.br\/wp-content\/uploads\/2023\/08\/BKR-300x300.jpg 300w, https:\/\/jornalfatosenoticias.com.br\/wp-content\/uploads\/2023\/08\/BKR-150x150.jpg 150w, https:\/\/jornalfatosenoticias.com.br\/wp-content\/uploads\/2023\/08\/BKR-768x766.jpg 768w, https:\/\/jornalfatosenoticias.com.br\/wp-content\/uploads\/2023\/08\/BKR.jpg 1080w\" sizes=\"auto, (max-width: 311px) 100vw, 311px\" \/><\/a><\/figure><\/div>\n\n\n\n<p>Empresas com uma cultura disciplinada n\u00e3o apenas entregam melhores resultados, mas tamb\u00e9m criam um ambiente de trabalho mais estruturado e previs\u00edvel, reduzindo estresse e aumentando o engajamento da equipe.<\/p>\n\n\n\n<div class=\"wp-block-image\"><figure class=\"aligncenter size-large is-resized\"><a href=\"https:\/\/hotelmarquetti.com.br\/\"><img loading=\"lazy\" decoding=\"async\" src=\"https:\/\/jornalfatosenoticias.com.br\/wp-content\/uploads\/2023\/03\/nova-logo-Marquetti.jpg\" alt=\"\" class=\"wp-image-40207\" width=\"340\" height=\"228\" srcset=\"https:\/\/jornalfatosenoticias.com.br\/wp-content\/uploads\/2023\/03\/nova-logo-Marquetti.jpg 643w, https:\/\/jornalfatosenoticias.com.br\/wp-content\/uploads\/2023\/03\/nova-logo-Marquetti-300x202.jpg 300w\" sizes=\"auto, (max-width: 340px) 100vw, 340px\" \/><\/a><\/figure><\/div>\n\n\n\n<p><strong><span class=\"has-inline-color has-vivid-cyan-blue-color\">3. Disciplina na tomada de decis\u00e3o: o fator que evita erros custosos<br><\/span><\/strong>Em um mercado altamente competitivo, decis\u00f5es impulsivas ou mal planejadas podem custar caro. A disciplina na tomada de decis\u00e3o permite que empres\u00e1rios avaliem cen\u00e1rios com racionalidade, evitando escolhas precipitadas baseadas apenas em emo\u00e7\u00e3o ou press\u00e3o externa. <\/p>\n\n\n\n<div class=\"wp-block-image\"><figure class=\"aligncenter size-large is-resized\"><a href=\"https:\/\/www.instagram.com\/esteiochurrascaria\/\"><img loading=\"lazy\" decoding=\"async\" src=\"https:\/\/jornalfatosenoticias.com.br\/wp-content\/uploads\/2022\/02\/LOGO-ESTEIO-1024x730.png\" alt=\"\" class=\"wp-image-27942\" width=\"341\" height=\"243\" srcset=\"https:\/\/jornalfatosenoticias.com.br\/wp-content\/uploads\/2022\/02\/LOGO-ESTEIO-1024x730.png 1024w, https:\/\/jornalfatosenoticias.com.br\/wp-content\/uploads\/2022\/02\/LOGO-ESTEIO-300x214.png 300w, https:\/\/jornalfatosenoticias.com.br\/wp-content\/uploads\/2022\/02\/LOGO-ESTEIO-768x548.png 768w, https:\/\/jornalfatosenoticias.com.br\/wp-content\/uploads\/2022\/02\/LOGO-ESTEIO.png 1123w\" sizes=\"auto, (max-width: 341px) 100vw, 341px\" \/><\/a><\/figure><\/div>\n\n\n\n<p><strong><span class=\"has-inline-color has-black-color\">Como aplicar disciplina na tomada de decis\u00e3o?<br><\/span>\u2705 Baseie-se em dados: <\/strong>decis\u00f5es estrat\u00e9gicas devem ser embasadas em an\u00e1lises concretas, n\u00e3o apenas em intui\u00e7\u00f5es.<br>\u2705<strong> Siga um processo estruturado: <\/strong>criar um m\u00e9todo para avaliar riscos e oportunidades reduz a margem de erro.<br>\u2705 <strong>Evite distra\u00e7\u00f5es e atalhos: <\/strong>o caminho mais f\u00e1cil nem sempre \u00e9 o mais eficiente. Disciplina significa fazer o que precisa ser feito, mesmo quando n\u00e3o \u00e9 conveniente.<br>Empresas que tomam decis\u00f5es disciplinadas ganham credibilidade no mercado, minimizam riscos e mant\u00eam um crescimento sustent\u00e1vel.<\/p>\n\n\n\n<div class=\"wp-block-image\"><figure class=\"aligncenter size-large is-resized\"><a href=\"https:\/\/www.instagram.com\/serra4x4cambioautomatico\/\"><img loading=\"lazy\" decoding=\"async\" src=\"https:\/\/jornalfatosenoticias.com.br\/wp-content\/uploads\/2024\/08\/Serra-4x4-1-886x1024.jpg\" alt=\"\" class=\"wp-image-53632\" width=\"275\" height=\"317\" srcset=\"https:\/\/jornalfatosenoticias.com.br\/wp-content\/uploads\/2024\/08\/Serra-4x4-1-886x1024.jpg 886w, https:\/\/jornalfatosenoticias.com.br\/wp-content\/uploads\/2024\/08\/Serra-4x4-1-260x300.jpg 260w, https:\/\/jornalfatosenoticias.com.br\/wp-content\/uploads\/2024\/08\/Serra-4x4-1-768x888.jpg 768w, https:\/\/jornalfatosenoticias.com.br\/wp-content\/uploads\/2024\/08\/Serra-4x4-1.jpg 1181w\" sizes=\"auto, (max-width: 275px) 100vw, 275px\" \/><\/a><\/figure><\/div>\n\n\n\n<p><strong><span class=\"has-inline-color has-vivid-cyan-blue-color\">4. Vantagem competitiva: empresas disciplinadas s\u00e3o mais resilientes<br><\/span><\/strong>O ambiente de neg\u00f3cios \u00e9 vol\u00e1til, incerto e desafiador. Empresas que se baseiam apenas em sorte ou modismos n\u00e3o sobrevivem a crises ou mudan\u00e7as de mercado. J\u00e1 aquelas que operam com disciplina e consist\u00eancia desenvolvem um <strong>diferencial competitivo sustent\u00e1vel. <\/strong><\/p>\n\n\n\n<div class=\"wp-block-image\"><figure class=\"aligncenter size-large is-resized\"><a href=\"https:\/\/www.instagram.com\/rcradiadores\/\"><img loading=\"lazy\" decoding=\"async\" src=\"https:\/\/jornalfatosenoticias.com.br\/wp-content\/uploads\/2022\/10\/RC_800x750_page-0001.jpg\" alt=\"\" class=\"wp-image-35338\" width=\"313\" height=\"294\" srcset=\"https:\/\/jornalfatosenoticias.com.br\/wp-content\/uploads\/2022\/10\/RC_800x750_page-0001.jpg 400w, https:\/\/jornalfatosenoticias.com.br\/wp-content\/uploads\/2022\/10\/RC_800x750_page-0001-300x281.jpg 300w\" sizes=\"auto, (max-width: 313px) 100vw, 313px\" \/><\/a><\/figure><\/div>\n\n\n\n<p><strong><span class=\"has-inline-color has-black-color\">L\u00edderes e organiza\u00e7\u00f5es disciplinadas se destacam por que:<br><\/span><\/strong>\u2705 <strong>Antecipam desafios e se preparam para mudan\u00e7as<\/strong> com planejamento e vis\u00e3o estrat\u00e9gica.<br>\u2705 <strong>Mant\u00eam a excel\u00eancia operacional <\/strong>e entregam qualidade, independentemente das circunst\u00e2ncias.<br>\u2705 <strong>Criam credibilidade e confian\u00e7a no mercado,<\/strong> fidelizando clientes e parceiros.<br>A disciplina n\u00e3o apenas impulsiona o crescimento, mas tamb\u00e9m protege a empresa contra oscila\u00e7\u00f5es e turbul\u00eancias.<\/p>\n\n\n\n<div class=\"wp-block-image\"><figure class=\"aligncenter size-large is-resized\"><a href=\"https:\/\/panper.com.br\/\"><img loading=\"lazy\" decoding=\"async\" src=\"https:\/\/jornalfatosenoticias.com.br\/wp-content\/uploads\/2023\/03\/logo-Panper_portal.jpg\" alt=\"\" class=\"wp-image-40208\" width=\"313\" height=\"217\" srcset=\"https:\/\/jornalfatosenoticias.com.br\/wp-content\/uploads\/2023\/03\/logo-Panper_portal.jpg 400w, https:\/\/jornalfatosenoticias.com.br\/wp-content\/uploads\/2023\/03\/logo-Panper_portal-300x208.jpg 300w\" sizes=\"auto, (max-width: 313px) 100vw, 313px\" \/><\/a><\/figure><\/div>\n\n\n\n<p><strong><span class=\"has-inline-color has-vivid-cyan-blue-color\">5. Disciplina pessoal: o reflexo na gest\u00e3o empresarial<br><\/span><\/strong>Empresas s\u00e3o o reflexo de seus l\u00edderes. Um empres\u00e1rio disciplinado inspira sua equipe, define o tom da organiza\u00e7\u00e3o e garante que a empresa opere de forma eficiente. <strong>Pr\u00e1ticas di\u00e1rias de um l\u00edder disciplinado:<\/strong><br>\u2705 <strong>Gest\u00e3o do tempo eficiente: <\/strong>prioriza\u00e7\u00e3o de tarefas de alto impacto e elimina\u00e7\u00e3o de distra\u00e7\u00f5es.<br>\u2705 <strong>Compromisso com aprendizado cont\u00ednuo: <\/strong>atualiza\u00e7\u00e3o constante em novas tend\u00eancias e boas pr\u00e1ticas de mercado.<br>\u2705 <strong>Rotina organizada e produtiva:<\/strong> pequenos h\u00e1bitos di\u00e1rios constroem grandes resultados no longo prazo.<br>A disciplina pessoal do l\u00edder se traduz em disciplina organizacional, criando um efeito cascata que impacta toda a empresa.<\/p>\n\n\n\n<div class=\"wp-block-image\"><figure class=\"aligncenter size-large is-resized\"><a href=\"https:\/\/www.facebook.com\/profile.php?id=100069289606145\"><img loading=\"lazy\" decoding=\"async\" src=\"https:\/\/jornalfatosenoticias.com.br\/wp-content\/uploads\/2024\/11\/Guaitolini-Contabilidade-1024x714.jpeg\" alt=\"\" class=\"wp-image-55808\" width=\"327\" height=\"228\" srcset=\"https:\/\/jornalfatosenoticias.com.br\/wp-content\/uploads\/2024\/11\/Guaitolini-Contabilidade-1024x714.jpeg 1024w, https:\/\/jornalfatosenoticias.com.br\/wp-content\/uploads\/2024\/11\/Guaitolini-Contabilidade-300x209.jpeg 300w, https:\/\/jornalfatosenoticias.com.br\/wp-content\/uploads\/2024\/11\/Guaitolini-Contabilidade-768x535.jpeg 768w, https:\/\/jornalfatosenoticias.com.br\/wp-content\/uploads\/2024\/11\/Guaitolini-Contabilidade.jpeg 1280w\" sizes=\"auto, (max-width: 327px) 100vw, 327px\" \/><\/a><\/figure><\/div>\n\n\n\n<p><strong><span class=\"has-inline-color has-black-color\">Conclus\u00e3o: disciplina n\u00e3o \u00e9 restri\u00e7\u00e3o, \u00e9 liberdade para crescer<br><\/span><\/strong>Muitas pessoas veem a disciplina como algo limitador, mas, na verdade, ela \u00e9 a chave para a liberdade. <strong>Empresas disciplinadas t\u00eam mais controle sobre seus resultados, menos desperd\u00edcio de tempo e recursos, e maior capacidade de inova\u00e7\u00e3o e crescimento.<\/strong><\/p>\n\n\n\n<div class=\"wp-block-image\"><figure class=\"aligncenter size-large\"><a href=\"https:\/\/cesconetto.com.br\/\"><img loading=\"lazy\" decoding=\"async\" width=\"300\" height=\"250\" src=\"https:\/\/jornalfatosenoticias.com.br\/wp-content\/uploads\/2020\/02\/Banner-2.png\" alt=\"\" class=\"wp-image-43787\"\/><\/a><\/figure><\/div>\n\n\n\n<p>Seja voc\u00ea um empres\u00e1rio que est\u00e1 come\u00e7ando ou um gestor de uma grande corpora\u00e7\u00e3o, a disciplina pode ser o diferencial competitivo que levar\u00e1 sua empresa ao pr\u00f3ximo n\u00edvel. O sucesso n\u00e3o est\u00e1 apenas na vis\u00e3o estrat\u00e9gica, mas na capacidade de execut\u00e1-la com consist\u00eancia e foco.<br><strong>E voc\u00ea? Est\u00e1 pronto para transformar a disciplina no seu maior ativo competitivo?<\/strong><\/p>\n","protected":false},"excerpt":{"rendered":"<p>No universo empresarial, onde inova\u00e7\u00e3o, velocidade e adapta\u00e7\u00e3o s\u00e3o essenciais, h\u00e1 um fator silencioso, mas poderoso, que separa empresas medianas de organiza\u00e7\u00f5es extraordin\u00e1rias: a disciplina. Longe de ser apenas uma virtude pessoal, a disciplina, quando aplicada estrategicamente, torna-se um diferencial competitivo capaz de impulsionar resultados, otimizar processos e fortalecer a cultura organizacional.Empres\u00e1rios bem-sucedidos, sejam iniciantes [&hellip;]<\/p>\n","protected":false},"author":37,"featured_media":57707,"comment_status":"open","ping_status":"open","sticky":false,"template":"","format":"standard","meta":{"footnotes":""},"categories":[5],"tags":[4035,11007,11680,26318,1059],"class_list":["post-57706","post","type-post","status-publish","format-standard","has-post-thumbnail","hentry","category-geral","tag-alta-performance","tag-competitividade","tag-disciplina","tag-gestao-empresarial","tag-lider"],"yoast_head":"<!-- This site is optimized with the Yoast SEO plugin v26.5 - https:\/\/yoast.com\/wordpress\/plugins\/seo\/ -->\n<title>Como transformar a disciplina em um diferencial competitivo no mundo dos neg\u00f3cios - Jornal Fatos e Not\u00edcias<\/title>\n<meta name=\"robots\" content=\"index, follow, max-snippet:-1, max-image-preview:large, max-video-preview:-1\" \/>\n<link rel=\"canonical\" href=\"https:\/\/jornalfatosenoticias.com.br\/index.php\/2025\/03\/13\/como-transformar-a-disciplina-em-um-diferencial-competitivo-no-mundo-dos-negocios\/\" \/>\n<meta property=\"og:locale\" content=\"pt_BR\" \/>\n<meta property=\"og:type\" content=\"article\" \/>\n<meta property=\"og:title\" content=\"Como transformar a disciplina em um diferencial competitivo no mundo dos neg\u00f3cios - Jornal Fatos e Not\u00edcias\" \/>\n<meta property=\"og:description\" content=\"No universo empresarial, onde inova\u00e7\u00e3o, velocidade e adapta\u00e7\u00e3o s\u00e3o essenciais, h\u00e1 um fator silencioso, mas poderoso, que separa empresas medianas de organiza\u00e7\u00f5es extraordin\u00e1rias: a disciplina. Longe de ser apenas uma virtude pessoal, a disciplina, quando aplicada estrategicamente, torna-se um diferencial competitivo capaz de impulsionar resultados, otimizar processos e fortalecer a cultura organizacional.Empres\u00e1rios bem-sucedidos, sejam iniciantes [&hellip;]\" \/>\n<meta property=\"og:url\" content=\"https:\/\/jornalfatosenoticias.com.br\/index.php\/2025\/03\/13\/como-transformar-a-disciplina-em-um-diferencial-competitivo-no-mundo-dos-negocios\/\" \/>\n<meta property=\"og:site_name\" content=\"Jornal Fatos e Not\u00edcias\" \/>\n<meta property=\"article:published_time\" content=\"2025-03-13T21:40:01+00:00\" \/>\n<meta property=\"article:modified_time\" content=\"2025-03-13T21:40:03+00:00\" \/>\n<meta property=\"og:image\" content=\"https:\/\/jornalfatosenoticias.com.br\/wp-content\/uploads\/2025\/03\/\u00b4competitividade-empresarial_freepik.jpeg\" \/>\n\t<meta property=\"og:image:width\" content=\"996\" \/>\n\t<meta property=\"og:image:height\" content=\"664\" \/>\n\t<meta property=\"og:image:type\" content=\"image\/jpeg\" \/>\n<meta name=\"author\" content=\"Milena Rohr\" \/>\n<meta name=\"twitter:card\" content=\"summary_large_image\" \/>\n<meta name=\"twitter:label1\" content=\"Escrito por\" \/>\n\t<meta name=\"twitter:data1\" content=\"Milena Rohr\" \/>\n\t<meta name=\"twitter:label2\" content=\"Est. tempo de leitura\" \/>\n\t<meta name=\"twitter:data2\" content=\"5 minutos\" \/>\n<script type=\"application\/ld+json\" class=\"yoast-schema-graph\">{\"@context\":\"https:\/\/schema.org\",\"@graph\":[{\"@type\":\"Article\",\"@id\":\"https:\/\/jornalfatosenoticias.com.br\/index.php\/2025\/03\/13\/como-transformar-a-disciplina-em-um-diferencial-competitivo-no-mundo-dos-negocios\/#article\",\"isPartOf\":{\"@id\":\"https:\/\/jornalfatosenoticias.com.br\/index.php\/2025\/03\/13\/como-transformar-a-disciplina-em-um-diferencial-competitivo-no-mundo-dos-negocios\/\"},\"author\":{\"name\":\"Milena Rohr\",\"@id\":\"https:\/\/jornalfatosenoticias.com.br\/#\/schema\/person\/bd76a40517f387e41cc072b0d3c7d627\"},\"headline\":\"Como transformar a disciplina em um diferencial competitivo no mundo dos neg\u00f3cios\",\"datePublished\":\"2025-03-13T21:40:01+00:00\",\"dateModified\":\"2025-03-13T21:40:03+00:00\",\"mainEntityOfPage\":{\"@id\":\"https:\/\/jornalfatosenoticias.com.br\/index.php\/2025\/03\/13\/como-transformar-a-disciplina-em-um-diferencial-competitivo-no-mundo-dos-negocios\/\"},\"wordCount\":925,\"commentCount\":0,\"publisher\":{\"@id\":\"https:\/\/jornalfatosenoticias.com.br\/#organization\"},\"image\":{\"@id\":\"https:\/\/jornalfatosenoticias.com.br\/index.php\/2025\/03\/13\/como-transformar-a-disciplina-em-um-diferencial-competitivo-no-mundo-dos-negocios\/#primaryimage\"},\"thumbnailUrl\":\"https:\/\/jornalfatosenoticias.com.br\/wp-content\/uploads\/2025\/03\/\u00b4competitividade-empresarial_freepik.jpeg\",\"keywords\":[\"alta performance\",\"competitividade\",\"disciplina\",\"gest\u00e3o empresarial\",\"l\u00edder\"],\"articleSection\":[\"Geral\"],\"inLanguage\":\"pt-BR\",\"potentialAction\":[{\"@type\":\"CommentAction\",\"name\":\"Comment\",\"target\":[\"https:\/\/jornalfatosenoticias.com.br\/index.php\/2025\/03\/13\/como-transformar-a-disciplina-em-um-diferencial-competitivo-no-mundo-dos-negocios\/#respond\"]}]},{\"@type\":\"WebPage\",\"@id\":\"https:\/\/jornalfatosenoticias.com.br\/index.php\/2025\/03\/13\/como-transformar-a-disciplina-em-um-diferencial-competitivo-no-mundo-dos-negocios\/\",\"url\":\"https:\/\/jornalfatosenoticias.com.br\/index.php\/2025\/03\/13\/como-transformar-a-disciplina-em-um-diferencial-competitivo-no-mundo-dos-negocios\/\",\"name\":\"Como transformar a disciplina em um diferencial competitivo no mundo dos neg\u00f3cios - Jornal Fatos e Not\u00edcias\",\"isPartOf\":{\"@id\":\"https:\/\/jornalfatosenoticias.com.br\/#website\"},\"primaryImageOfPage\":{\"@id\":\"https:\/\/jornalfatosenoticias.com.br\/index.php\/2025\/03\/13\/como-transformar-a-disciplina-em-um-diferencial-competitivo-no-mundo-dos-negocios\/#primaryimage\"},\"image\":{\"@id\":\"https:\/\/jornalfatosenoticias.com.br\/index.php\/2025\/03\/13\/como-transformar-a-disciplina-em-um-diferencial-competitivo-no-mundo-dos-negocios\/#primaryimage\"},\"thumbnailUrl\":\"https:\/\/jornalfatosenoticias.com.br\/wp-content\/uploads\/2025\/03\/\u00b4competitividade-empresarial_freepik.jpeg\",\"datePublished\":\"2025-03-13T21:40:01+00:00\",\"dateModified\":\"2025-03-13T21:40:03+00:00\",\"breadcrumb\":{\"@id\":\"https:\/\/jornalfatosenoticias.com.br\/index.php\/2025\/03\/13\/como-transformar-a-disciplina-em-um-diferencial-competitivo-no-mundo-dos-negocios\/#breadcrumb\"},\"inLanguage\":\"pt-BR\",\"potentialAction\":[{\"@type\":\"ReadAction\",\"target\":[\"https:\/\/jornalfatosenoticias.com.br\/index.php\/2025\/03\/13\/como-transformar-a-disciplina-em-um-diferencial-competitivo-no-mundo-dos-negocios\/\"]}]},{\"@type\":\"ImageObject\",\"inLanguage\":\"pt-BR\",\"@id\":\"https:\/\/jornalfatosenoticias.com.br\/index.php\/2025\/03\/13\/como-transformar-a-disciplina-em-um-diferencial-competitivo-no-mundo-dos-negocios\/#primaryimage\",\"url\":\"https:\/\/jornalfatosenoticias.com.br\/wp-content\/uploads\/2025\/03\/\u00b4competitividade-empresarial_freepik.jpeg\",\"contentUrl\":\"https:\/\/jornalfatosenoticias.com.br\/wp-content\/uploads\/2025\/03\/\u00b4competitividade-empresarial_freepik.jpeg\",\"width\":996,\"height\":664},{\"@type\":\"BreadcrumbList\",\"@id\":\"https:\/\/jornalfatosenoticias.com.br\/index.php\/2025\/03\/13\/como-transformar-a-disciplina-em-um-diferencial-competitivo-no-mundo-dos-negocios\/#breadcrumb\",\"itemListElement\":[{\"@type\":\"ListItem\",\"position\":1,\"name\":\"In\u00edcio\",\"item\":\"https:\/\/jornalfatosenoticias.com.br\/\"},{\"@type\":\"ListItem\",\"position\":2,\"name\":\"Como transformar a disciplina em um diferencial competitivo no mundo dos neg\u00f3cios\"}]},{\"@type\":\"WebSite\",\"@id\":\"https:\/\/jornalfatosenoticias.com.br\/#website\",\"url\":\"https:\/\/jornalfatosenoticias.com.br\/\",\"name\":\"Jornal Fatos e Not\u00edcias\",\"description\":\"Not\u00edcias em geral\",\"publisher\":{\"@id\":\"https:\/\/jornalfatosenoticias.com.br\/#organization\"},\"potentialAction\":[{\"@type\":\"SearchAction\",\"target\":{\"@type\":\"EntryPoint\",\"urlTemplate\":\"https:\/\/jornalfatosenoticias.com.br\/?s={search_term_string}\"},\"query-input\":{\"@type\":\"PropertyValueSpecification\",\"valueRequired\":true,\"valueName\":\"search_term_string\"}}],\"inLanguage\":\"pt-BR\"},{\"@type\":\"Organization\",\"@id\":\"https:\/\/jornalfatosenoticias.com.br\/#organization\",\"name\":\"Jornal Fatos e Not\u00edcias\",\"url\":\"https:\/\/jornalfatosenoticias.com.br\/\",\"logo\":{\"@type\":\"ImageObject\",\"inLanguage\":\"pt-BR\",\"@id\":\"https:\/\/jornalfatosenoticias.com.br\/#\/schema\/logo\/image\/\",\"url\":\"https:\/\/jornalfatosenoticias.com.br\/wp-content\/uploads\/2020\/02\/logo120.png\",\"contentUrl\":\"https:\/\/jornalfatosenoticias.com.br\/wp-content\/uploads\/2020\/02\/logo120.png\",\"width\":1227,\"height\":120,\"caption\":\"Jornal Fatos e Not\u00edcias\"},\"image\":{\"@id\":\"https:\/\/jornalfatosenoticias.com.br\/#\/schema\/logo\/image\/\"}},{\"@type\":\"Person\",\"@id\":\"https:\/\/jornalfatosenoticias.com.br\/#\/schema\/person\/bd76a40517f387e41cc072b0d3c7d627\",\"name\":\"Milena Rohr\",\"image\":{\"@type\":\"ImageObject\",\"inLanguage\":\"pt-BR\",\"@id\":\"https:\/\/jornalfatosenoticias.com.br\/#\/schema\/person\/image\/\",\"url\":\"https:\/\/jornalfatosenoticias.com.br\/wp-content\/uploads\/2026\/03\/Milena-Rohr_portal-150x150.jpg\",\"contentUrl\":\"https:\/\/jornalfatosenoticias.com.br\/wp-content\/uploads\/2026\/03\/Milena-Rohr_portal-150x150.jpg\",\"caption\":\"Milena Rohr\"},\"description\":\"Milena Rohr S\u00f3cia e diretora do MasterMind (Funda\u00e7\u00e3o Napoleon Hill), Gestora Empresarial, Embaixadora do BNI, Palestrante, Escritora, Colunista e Mentora FRST do Grupo Falconi\",\"url\":\"https:\/\/jornalfatosenoticias.com.br\/index.php\/author\/milena-rhor\/\"}]}<\/script>\n<!-- \/ Yoast SEO plugin. -->","yoast_head_json":{"title":"Como transformar a disciplina em um diferencial competitivo no mundo dos neg\u00f3cios - Jornal Fatos e Not\u00edcias","robots":{"index":"index","follow":"follow","max-snippet":"max-snippet:-1","max-image-preview":"max-image-preview:large","max-video-preview":"max-video-preview:-1"},"canonical":"https:\/\/jornalfatosenoticias.com.br\/index.php\/2025\/03\/13\/como-transformar-a-disciplina-em-um-diferencial-competitivo-no-mundo-dos-negocios\/","og_locale":"pt_BR","og_type":"article","og_title":"Como transformar a disciplina em um diferencial competitivo no mundo dos neg\u00f3cios - Jornal Fatos e Not\u00edcias","og_description":"No universo empresarial, onde inova\u00e7\u00e3o, velocidade e adapta\u00e7\u00e3o s\u00e3o essenciais, h\u00e1 um fator silencioso, mas poderoso, que separa empresas medianas de organiza\u00e7\u00f5es extraordin\u00e1rias: a disciplina. Longe de ser apenas uma virtude pessoal, a disciplina, quando aplicada estrategicamente, torna-se um diferencial competitivo capaz de impulsionar resultados, otimizar processos e fortalecer a cultura organizacional.Empres\u00e1rios bem-sucedidos, sejam iniciantes [&hellip;]","og_url":"https:\/\/jornalfatosenoticias.com.br\/index.php\/2025\/03\/13\/como-transformar-a-disciplina-em-um-diferencial-competitivo-no-mundo-dos-negocios\/","og_site_name":"Jornal Fatos e Not\u00edcias","article_published_time":"2025-03-13T21:40:01+00:00","article_modified_time":"2025-03-13T21:40:03+00:00","og_image":[{"width":996,"height":664,"url":"https:\/\/jornalfatosenoticias.com.br\/wp-content\/uploads\/2025\/03\/\u00b4competitividade-empresarial_freepik.jpeg","type":"image\/jpeg"}],"author":"Milena Rohr","twitter_card":"summary_large_image","twitter_misc":{"Escrito por":"Milena Rohr","Est. tempo de leitura":"5 minutos"},"schema":{"@context":"https:\/\/schema.org","@graph":[{"@type":"Article","@id":"https:\/\/jornalfatosenoticias.com.br\/index.php\/2025\/03\/13\/como-transformar-a-disciplina-em-um-diferencial-competitivo-no-mundo-dos-negocios\/#article","isPartOf":{"@id":"https:\/\/jornalfatosenoticias.com.br\/index.php\/2025\/03\/13\/como-transformar-a-disciplina-em-um-diferencial-competitivo-no-mundo-dos-negocios\/"},"author":{"name":"Milena Rohr","@id":"https:\/\/jornalfatosenoticias.com.br\/#\/schema\/person\/bd76a40517f387e41cc072b0d3c7d627"},"headline":"Como transformar a disciplina em um diferencial competitivo no mundo dos neg\u00f3cios","datePublished":"2025-03-13T21:40:01+00:00","dateModified":"2025-03-13T21:40:03+00:00","mainEntityOfPage":{"@id":"https:\/\/jornalfatosenoticias.com.br\/index.php\/2025\/03\/13\/como-transformar-a-disciplina-em-um-diferencial-competitivo-no-mundo-dos-negocios\/"},"wordCount":925,"commentCount":0,"publisher":{"@id":"https:\/\/jornalfatosenoticias.com.br\/#organization"},"image":{"@id":"https:\/\/jornalfatosenoticias.com.br\/index.php\/2025\/03\/13\/como-transformar-a-disciplina-em-um-diferencial-competitivo-no-mundo-dos-negocios\/#primaryimage"},"thumbnailUrl":"https:\/\/jornalfatosenoticias.com.br\/wp-content\/uploads\/2025\/03\/\u00b4competitividade-empresarial_freepik.jpeg","keywords":["alta performance","competitividade","disciplina","gest\u00e3o empresarial","l\u00edder"],"articleSection":["Geral"],"inLanguage":"pt-BR","potentialAction":[{"@type":"CommentAction","name":"Comment","target":["https:\/\/jornalfatosenoticias.com.br\/index.php\/2025\/03\/13\/como-transformar-a-disciplina-em-um-diferencial-competitivo-no-mundo-dos-negocios\/#respond"]}]},{"@type":"WebPage","@id":"https:\/\/jornalfatosenoticias.com.br\/index.php\/2025\/03\/13\/como-transformar-a-disciplina-em-um-diferencial-competitivo-no-mundo-dos-negocios\/","url":"https:\/\/jornalfatosenoticias.com.br\/index.php\/2025\/03\/13\/como-transformar-a-disciplina-em-um-diferencial-competitivo-no-mundo-dos-negocios\/","name":"Como transformar a disciplina em um diferencial competitivo no mundo dos neg\u00f3cios - Jornal Fatos e Not\u00edcias","isPartOf":{"@id":"https:\/\/jornalfatosenoticias.com.br\/#website"},"primaryImageOfPage":{"@id":"https:\/\/jornalfatosenoticias.com.br\/index.php\/2025\/03\/13\/como-transformar-a-disciplina-em-um-diferencial-competitivo-no-mundo-dos-negocios\/#primaryimage"},"image":{"@id":"https:\/\/jornalfatosenoticias.com.br\/index.php\/2025\/03\/13\/como-transformar-a-disciplina-em-um-diferencial-competitivo-no-mundo-dos-negocios\/#primaryimage"},"thumbnailUrl":"https:\/\/jornalfatosenoticias.com.br\/wp-content\/uploads\/2025\/03\/\u00b4competitividade-empresarial_freepik.jpeg","datePublished":"2025-03-13T21:40:01+00:00","dateModified":"2025-03-13T21:40:03+00:00","breadcrumb":{"@id":"https:\/\/jornalfatosenoticias.com.br\/index.php\/2025\/03\/13\/como-transformar-a-disciplina-em-um-diferencial-competitivo-no-mundo-dos-negocios\/#breadcrumb"},"inLanguage":"pt-BR","potentialAction":[{"@type":"ReadAction","target":["https:\/\/jornalfatosenoticias.com.br\/index.php\/2025\/03\/13\/como-transformar-a-disciplina-em-um-diferencial-competitivo-no-mundo-dos-negocios\/"]}]},{"@type":"ImageObject","inLanguage":"pt-BR","@id":"https:\/\/jornalfatosenoticias.com.br\/index.php\/2025\/03\/13\/como-transformar-a-disciplina-em-um-diferencial-competitivo-no-mundo-dos-negocios\/#primaryimage","url":"https:\/\/jornalfatosenoticias.com.br\/wp-content\/uploads\/2025\/03\/\u00b4competitividade-empresarial_freepik.jpeg","contentUrl":"https:\/\/jornalfatosenoticias.com.br\/wp-content\/uploads\/2025\/03\/\u00b4competitividade-empresarial_freepik.jpeg","width":996,"height":664},{"@type":"BreadcrumbList","@id":"https:\/\/jornalfatosenoticias.com.br\/index.php\/2025\/03\/13\/como-transformar-a-disciplina-em-um-diferencial-competitivo-no-mundo-dos-negocios\/#breadcrumb","itemListElement":[{"@type":"ListItem","position":1,"name":"In\u00edcio","item":"https:\/\/jornalfatosenoticias.com.br\/"},{"@type":"ListItem","position":2,"name":"Como transformar a disciplina em um diferencial competitivo no mundo dos neg\u00f3cios"}]},{"@type":"WebSite","@id":"https:\/\/jornalfatosenoticias.com.br\/#website","url":"https:\/\/jornalfatosenoticias.com.br\/","name":"Jornal Fatos e Not\u00edcias","description":"Not\u00edcias em geral","publisher":{"@id":"https:\/\/jornalfatosenoticias.com.br\/#organization"},"potentialAction":[{"@type":"SearchAction","target":{"@type":"EntryPoint","urlTemplate":"https:\/\/jornalfatosenoticias.com.br\/?s={search_term_string}"},"query-input":{"@type":"PropertyValueSpecification","valueRequired":true,"valueName":"search_term_string"}}],"inLanguage":"pt-BR"},{"@type":"Organization","@id":"https:\/\/jornalfatosenoticias.com.br\/#organization","name":"Jornal Fatos e Not\u00edcias","url":"https:\/\/jornalfatosenoticias.com.br\/","logo":{"@type":"ImageObject","inLanguage":"pt-BR","@id":"https:\/\/jornalfatosenoticias.com.br\/#\/schema\/logo\/image\/","url":"https:\/\/jornalfatosenoticias.com.br\/wp-content\/uploads\/2020\/02\/logo120.png","contentUrl":"https:\/\/jornalfatosenoticias.com.br\/wp-content\/uploads\/2020\/02\/logo120.png","width":1227,"height":120,"caption":"Jornal Fatos e Not\u00edcias"},"image":{"@id":"https:\/\/jornalfatosenoticias.com.br\/#\/schema\/logo\/image\/"}},{"@type":"Person","@id":"https:\/\/jornalfatosenoticias.com.br\/#\/schema\/person\/bd76a40517f387e41cc072b0d3c7d627","name":"Milena Rohr","image":{"@type":"ImageObject","inLanguage":"pt-BR","@id":"https:\/\/jornalfatosenoticias.com.br\/#\/schema\/person\/image\/","url":"https:\/\/jornalfatosenoticias.com.br\/wp-content\/uploads\/2026\/03\/Milena-Rohr_portal-150x150.jpg","contentUrl":"https:\/\/jornalfatosenoticias.com.br\/wp-content\/uploads\/2026\/03\/Milena-Rohr_portal-150x150.jpg","caption":"Milena Rohr"},"description":"Milena Rohr S\u00f3cia e diretora do MasterMind (Funda\u00e7\u00e3o Napoleon Hill), Gestora Empresarial, Embaixadora do BNI, Palestrante, Escritora, Colunista e Mentora FRST do Grupo Falconi","url":"https:\/\/jornalfatosenoticias.com.br\/index.php\/author\/milena-rhor\/"}]}},"cc_featured_image_caption":{"caption_text":"(Foto: Freepik) ","source_text":"","source_url":""},"jetpack_featured_media_url":"https:\/\/jornalfatosenoticias.com.br\/wp-content\/uploads\/2025\/03\/\u00b4competitividade-empresarial_freepik.jpeg","_links":{"self":[{"href":"https:\/\/jornalfatosenoticias.com.br\/index.php\/wp-json\/wp\/v2\/posts\/57706","targetHints":{"allow":["GET"]}}],"collection":[{"href":"https:\/\/jornalfatosenoticias.com.br\/index.php\/wp-json\/wp\/v2\/posts"}],"about":[{"href":"https:\/\/jornalfatosenoticias.com.br\/index.php\/wp-json\/wp\/v2\/types\/post"}],"author":[{"embeddable":true,"href":"https:\/\/jornalfatosenoticias.com.br\/index.php\/wp-json\/wp\/v2\/users\/37"}],"replies":[{"embeddable":true,"href":"https:\/\/jornalfatosenoticias.com.br\/index.php\/wp-json\/wp\/v2\/comments?post=57706"}],"version-history":[{"count":0,"href":"https:\/\/jornalfatosenoticias.com.br\/index.php\/wp-json\/wp\/v2\/posts\/57706\/revisions"}],"wp:featuredmedia":[{"embeddable":true,"href":"https:\/\/jornalfatosenoticias.com.br\/index.php\/wp-json\/wp\/v2\/media\/57707"}],"wp:attachment":[{"href":"https:\/\/jornalfatosenoticias.com.br\/index.php\/wp-json\/wp\/v2\/media?parent=57706"}],"wp:term":[{"taxonomy":"category","embeddable":true,"href":"https:\/\/jornalfatosenoticias.com.br\/index.php\/wp-json\/wp\/v2\/categories?post=57706"},{"taxonomy":"post_tag","embeddable":true,"href":"https:\/\/jornalfatosenoticias.com.br\/index.php\/wp-json\/wp\/v2\/tags?post=57706"}],"curies":[{"name":"wp","href":"https:\/\/api.w.org\/{rel}","templated":true}]}}