{"id":5773,"date":"2020-06-23T09:04:46","date_gmt":"2020-06-23T12:04:46","guid":{"rendered":"https:\/\/jornalfatosenoticias.com.br\/?p=5773"},"modified":"2020-06-23T09:04:49","modified_gmt":"2020-06-23T12:04:49","slug":"agricultura-sem-queima-na-amazonia-e-recomendada-pela-cepal","status":"publish","type":"post","link":"https:\/\/jornalfatosenoticias.com.br\/index.php\/2020\/06\/23\/agricultura-sem-queima-na-amazonia-e-recomendada-pela-cepal\/","title":{"rendered":"Agricultura sem queima na Amaz\u00f4nia \u00e9 recomendada pela Cepal"},"content":{"rendered":"\n<h6 class=\"wp-block-heading\"><em>M\u00e9todo Tipitamba substitui queimada pelo sistema de corte e tritura\u00e7\u00e3o<\/em><\/h6>\n\n\n\n<p>No ano passado, a taxa de desmatamento por corte raso atingiu 10.129 quil\u00f4metros quadrados nos nove estados que formam a Amaz\u00f4nia Legal. Essa \u00e9 a maior extens\u00e3o de destrui\u00e7\u00e3o florestal em onze anos, conforme divulgado recentemente pelo Instituto Nacional de Pesquisas Espaciais (Inpe).<br>Os dados, utilizados pelo governo federal e por pesquisadores, s\u00e3o do Projeto de Estimativa do Desflorestamento da Amaz\u00f4nia (Prodes), do Inpe, que faz uso de imagens dos sat\u00e9lites CBERS-2\/2B (parceria sino-brasileira), Landsat-5\/TM (norte-americano) IRS-1 (indiado) e UK-DMC2 (ingl\u00eas).<br>Nos anos 1980, muito antes desses sat\u00e9lites serem lan\u00e7ados na \u00f3rbita terrestre e poderem medir o impacto da a\u00e7\u00e3o humana na floresta, um projeto nascia no nordeste do Par\u00e1 criando alternativa para as queimadas, pr\u00e1tica recorrente na regi\u00e3o, assim como no Cerrado, para prepara\u00e7\u00e3o do solo para a lavoura. Quando feita fora de controle ou com prop\u00f3sito criminoso, a queimada \u00e9 uma das pontas de lan\u00e7a do desmatamento da Amaz\u00f4nia.<br>A partir de um projeto de coopera\u00e7\u00e3o t\u00e9cnica internacional, pequenos agricultores, pesquisadores da Embrapa e pesquisadores das universidades alem\u00e3s de G\u00f6ttingen e de Bonn desenvolveram uma forma de preparar o solo sem por em risco a floresta. O m\u00e9todo do projeto, que no ano 2000 foi batizado como Tipitamba, substitui a queimada pelo sistema de corte e tritura\u00e7\u00e3o para a prepara\u00e7\u00e3o de terrenos que servir\u00e3o para o plantio.<br>Para a prepara\u00e7\u00e3o da lavoura tamb\u00e9m s\u00e3o plantadas \u00e1rvores leguminosas de r\u00e1pido crescimento, como Ing\u00e1, Tachi, Palheteira, que criam biomassa e auxiliam a fixa\u00e7\u00e3o de nutrientes no solo. O resultado \u00e9 o aumento da colheita em culturas como feij\u00e3o, milho e mandioca al\u00e9m da incorpora\u00e7\u00e3o de esp\u00e9cies frut\u00edferas como cacau e castanha-do-Brasil na ro\u00e7a.<br>\u201cA tecnologia influencia favoravelmente as propriedades f\u00edsicas, qu\u00edmicas e biol\u00f3gicas do solo, al\u00e9m do que a ado\u00e7\u00e3o permite tamb\u00e9m usufruir os servi\u00e7os ambientais associados \u00e0 presen\u00e7a da vegeta\u00e7\u00e3o secund\u00e1ria em pousio (capoeira) que inclui melhoria no balan\u00e7o e captura de carbono, transporte de \u00e1gua para a atmosfera, prote\u00e7\u00e3o \u00e0 lixivia\u00e7\u00e3o [processo erosivo] e restaura\u00e7\u00e3o ecol\u00f3gica. O preparo de \u00e1rea sem o uso do fogo, associado ao enriquecimento de capoeira e a sistemas agroflorestais, resgata a sustentabilidade econ\u00f4mica, social e ecol\u00f3gica da produ\u00e7\u00e3o na unidade familiar rural amaz\u00f4nica\u201d.<br>A descri\u00e7\u00e3o consta em artigo publicado pela Comiss\u00e3o Econ\u00f4mica para a Am\u00e9rica Latina e o Caribe (Cepal), ligada \u00e0s Na\u00e7\u00f5es Unidas. Recentemente, o escrit\u00f3rio da Cepal no Brasil reconheceu o Tipitamba como um \u201cinvestimento que poderia ser replicado e ganhar escala. Esse projeto re\u00fane muitos elementos do desenvolvimento sustent\u00e1vel: baixo gasto e custo acess\u00edvel, aumento de produtividade, ganhos na renda dos agricultores\u201d, aponta a economista Camila Gramkow, oficial do escrit\u00f3rio.<br>Tipitamba foi um dos 15 projetos nacionais, entre 131 apresentados, que mereceram destaque na iniciativa da Cepal chamada \u201cBig Push para a Sustentabilidade\u201d, nome em refer\u00eancia \u00e0 teoria do economista Paul N. Rosenstein-Rodan, de origem polonesa. \u201cEsse reconhecimento [da Cepal] resgatou a identidade do projeto, como uma rara estrat\u00e9gia de garantir sustentabilidade tem\u00e1tica de longo prazo\u201d, descreve Tatiana S\u00e1, pesquisadora da Embrapa Amaz\u00f4nia Oriental.<br>Atualmente, 118 fam\u00edlias produzem alimentos conforme o m\u00e9todo nos munic\u00edpios de Igarap\u00e9-A\u00e7u, Marapamim, Irituia, S\u00e3o Domingos do Capim e Tom\u00e9- A\u00e7u no Par\u00e1. Com apoio da Embrapa a ideia tamb\u00e9m chegou ao Amap\u00e1, ao Amazonas, a Roraima e ao Acre.<\/p>\n\n\n\n<p><strong><em>Fonte: <a href=\"https:\/\/agenciabrasil.ebc.com.br\/geral\/noticia\/2020-06\/agricultura-sem-queima-na-amazonia-e-recomendada-pela-cepal\">Ag\u00eancia Brasil<\/a><\/em><\/strong><\/p>\n","protected":false},"excerpt":{"rendered":"<p>M\u00e9todo Tipitamba substitui queimada pelo sistema de corte e tritura\u00e7\u00e3o No ano passado, a taxa de desmatamento por corte raso atingiu 10.129 quil\u00f4metros quadrados nos nove estados que formam a Amaz\u00f4nia Legal. Essa \u00e9 a maior extens\u00e3o de destrui\u00e7\u00e3o florestal em onze anos, conforme divulgado recentemente pelo Instituto Nacional de Pesquisas Espaciais (Inpe).Os dados, utilizados [&hellip;]<\/p>\n","protected":false},"author":2,"featured_media":5774,"comment_status":"open","ping_status":"open","sticky":false,"template":"","format":"standard","meta":{"footnotes":""},"categories":[8],"tags":[1812,3462,71,1897,3463,3464],"class_list":["post-5773","post","type-post","status-publish","format-standard","has-post-thumbnail","hentry","category-meio-ambiente","tag-amazonia-legal","tag-cepal","tag-embrapa","tag-inpe","tag-queimadas","tag-tipitamba"],"yoast_head":"<!-- This site is optimized with the Yoast SEO plugin v26.5 - https:\/\/yoast.com\/wordpress\/plugins\/seo\/ -->\n<title>Agricultura sem queima na Amaz\u00f4nia \u00e9 recomendada pela Cepal - Jornal Fatos e Not\u00edcias<\/title>\n<meta name=\"robots\" content=\"index, follow, max-snippet:-1, max-image-preview:large, max-video-preview:-1\" \/>\n<link rel=\"canonical\" href=\"https:\/\/jornalfatosenoticias.com.br\/index.php\/2020\/06\/23\/agricultura-sem-queima-na-amazonia-e-recomendada-pela-cepal\/\" \/>\n<meta property=\"og:locale\" content=\"pt_BR\" \/>\n<meta property=\"og:type\" content=\"article\" \/>\n<meta property=\"og:title\" content=\"Agricultura sem queima na Amaz\u00f4nia \u00e9 recomendada pela Cepal - Jornal Fatos e Not\u00edcias\" \/>\n<meta property=\"og:description\" content=\"M\u00e9todo Tipitamba substitui queimada pelo sistema de corte e tritura\u00e7\u00e3o No ano passado, a taxa de desmatamento por corte raso atingiu 10.129 quil\u00f4metros quadrados nos nove estados que formam a Amaz\u00f4nia Legal. Essa \u00e9 a maior extens\u00e3o de destrui\u00e7\u00e3o florestal em onze anos, conforme divulgado recentemente pelo Instituto Nacional de Pesquisas Espaciais (Inpe).Os dados, utilizados [&hellip;]\" \/>\n<meta property=\"og:url\" content=\"https:\/\/jornalfatosenoticias.com.br\/index.php\/2020\/06\/23\/agricultura-sem-queima-na-amazonia-e-recomendada-pela-cepal\/\" \/>\n<meta property=\"og:site_name\" content=\"Jornal Fatos e Not\u00edcias\" \/>\n<meta property=\"article:published_time\" content=\"2020-06-23T12:04:46+00:00\" \/>\n<meta property=\"article:modified_time\" content=\"2020-06-23T12:04:49+00:00\" \/>\n<meta property=\"og:image\" content=\"https:\/\/jornalfatosenoticias.com.br\/wp-content\/uploads\/2020\/06\/floresta_amazonica_plantacao_queimada.jpg\" \/>\n\t<meta property=\"og:image:width\" content=\"1000\" \/>\n\t<meta property=\"og:image:height\" content=\"598\" \/>\n\t<meta property=\"og:image:type\" content=\"image\/jpeg\" \/>\n<meta name=\"author\" content=\"Luzimara Fernandes\" \/>\n<meta name=\"twitter:card\" content=\"summary_large_image\" \/>\n<meta name=\"twitter:label1\" content=\"Escrito por\" \/>\n\t<meta name=\"twitter:data1\" content=\"Luzimara Fernandes\" \/>\n\t<meta name=\"twitter:label2\" content=\"Est. tempo de leitura\" \/>\n\t<meta name=\"twitter:data2\" content=\"3 minutos\" \/>\n<script type=\"application\/ld+json\" class=\"yoast-schema-graph\">{\"@context\":\"https:\/\/schema.org\",\"@graph\":[{\"@type\":\"Article\",\"@id\":\"https:\/\/jornalfatosenoticias.com.br\/index.php\/2020\/06\/23\/agricultura-sem-queima-na-amazonia-e-recomendada-pela-cepal\/#article\",\"isPartOf\":{\"@id\":\"https:\/\/jornalfatosenoticias.com.br\/index.php\/2020\/06\/23\/agricultura-sem-queima-na-amazonia-e-recomendada-pela-cepal\/\"},\"author\":{\"name\":\"Luzimara Fernandes\",\"@id\":\"https:\/\/jornalfatosenoticias.com.br\/#\/schema\/person\/d63837fa13ac8666eb9e74e0985d6f81\"},\"headline\":\"Agricultura sem queima na Amaz\u00f4nia \u00e9 recomendada pela Cepal\",\"datePublished\":\"2020-06-23T12:04:46+00:00\",\"dateModified\":\"2020-06-23T12:04:49+00:00\",\"mainEntityOfPage\":{\"@id\":\"https:\/\/jornalfatosenoticias.com.br\/index.php\/2020\/06\/23\/agricultura-sem-queima-na-amazonia-e-recomendada-pela-cepal\/\"},\"wordCount\":627,\"commentCount\":0,\"publisher\":{\"@id\":\"https:\/\/jornalfatosenoticias.com.br\/#organization\"},\"image\":{\"@id\":\"https:\/\/jornalfatosenoticias.com.br\/index.php\/2020\/06\/23\/agricultura-sem-queima-na-amazonia-e-recomendada-pela-cepal\/#primaryimage\"},\"thumbnailUrl\":\"https:\/\/jornalfatosenoticias.com.br\/wp-content\/uploads\/2020\/06\/floresta_amazonica_plantacao_queimada.jpg\",\"keywords\":[\"Amaz\u00f4nia Legal\",\"Cepal\",\"embrapa\",\"Inpe\",\"queimadas\",\"Tipitamba\"],\"articleSection\":[\"Meio ambiente\"],\"inLanguage\":\"pt-BR\",\"potentialAction\":[{\"@type\":\"CommentAction\",\"name\":\"Comment\",\"target\":[\"https:\/\/jornalfatosenoticias.com.br\/index.php\/2020\/06\/23\/agricultura-sem-queima-na-amazonia-e-recomendada-pela-cepal\/#respond\"]}]},{\"@type\":\"WebPage\",\"@id\":\"https:\/\/jornalfatosenoticias.com.br\/index.php\/2020\/06\/23\/agricultura-sem-queima-na-amazonia-e-recomendada-pela-cepal\/\",\"url\":\"https:\/\/jornalfatosenoticias.com.br\/index.php\/2020\/06\/23\/agricultura-sem-queima-na-amazonia-e-recomendada-pela-cepal\/\",\"name\":\"Agricultura sem queima na Amaz\u00f4nia \u00e9 recomendada pela Cepal - Jornal Fatos e Not\u00edcias\",\"isPartOf\":{\"@id\":\"https:\/\/jornalfatosenoticias.com.br\/#website\"},\"primaryImageOfPage\":{\"@id\":\"https:\/\/jornalfatosenoticias.com.br\/index.php\/2020\/06\/23\/agricultura-sem-queima-na-amazonia-e-recomendada-pela-cepal\/#primaryimage\"},\"image\":{\"@id\":\"https:\/\/jornalfatosenoticias.com.br\/index.php\/2020\/06\/23\/agricultura-sem-queima-na-amazonia-e-recomendada-pela-cepal\/#primaryimage\"},\"thumbnailUrl\":\"https:\/\/jornalfatosenoticias.com.br\/wp-content\/uploads\/2020\/06\/floresta_amazonica_plantacao_queimada.jpg\",\"datePublished\":\"2020-06-23T12:04:46+00:00\",\"dateModified\":\"2020-06-23T12:04:49+00:00\",\"breadcrumb\":{\"@id\":\"https:\/\/jornalfatosenoticias.com.br\/index.php\/2020\/06\/23\/agricultura-sem-queima-na-amazonia-e-recomendada-pela-cepal\/#breadcrumb\"},\"inLanguage\":\"pt-BR\",\"potentialAction\":[{\"@type\":\"ReadAction\",\"target\":[\"https:\/\/jornalfatosenoticias.com.br\/index.php\/2020\/06\/23\/agricultura-sem-queima-na-amazonia-e-recomendada-pela-cepal\/\"]}]},{\"@type\":\"ImageObject\",\"inLanguage\":\"pt-BR\",\"@id\":\"https:\/\/jornalfatosenoticias.com.br\/index.php\/2020\/06\/23\/agricultura-sem-queima-na-amazonia-e-recomendada-pela-cepal\/#primaryimage\",\"url\":\"https:\/\/jornalfatosenoticias.com.br\/wp-content\/uploads\/2020\/06\/floresta_amazonica_plantacao_queimada.jpg\",\"contentUrl\":\"https:\/\/jornalfatosenoticias.com.br\/wp-content\/uploads\/2020\/06\/floresta_amazonica_plantacao_queimada.jpg\",\"width\":1000,\"height\":598,\"caption\":\"fotografia a\u00e9rea Floresta amaz\u00f4nica, planta\u00e7\u00e3o\"},{\"@type\":\"BreadcrumbList\",\"@id\":\"https:\/\/jornalfatosenoticias.com.br\/index.php\/2020\/06\/23\/agricultura-sem-queima-na-amazonia-e-recomendada-pela-cepal\/#breadcrumb\",\"itemListElement\":[{\"@type\":\"ListItem\",\"position\":1,\"name\":\"In\u00edcio\",\"item\":\"https:\/\/jornalfatosenoticias.com.br\/\"},{\"@type\":\"ListItem\",\"position\":2,\"name\":\"Agricultura sem queima na Amaz\u00f4nia \u00e9 recomendada pela Cepal\"}]},{\"@type\":\"WebSite\",\"@id\":\"https:\/\/jornalfatosenoticias.com.br\/#website\",\"url\":\"https:\/\/jornalfatosenoticias.com.br\/\",\"name\":\"Jornal Fatos e Not\u00edcias\",\"description\":\"Not\u00edcias em geral\",\"publisher\":{\"@id\":\"https:\/\/jornalfatosenoticias.com.br\/#organization\"},\"potentialAction\":[{\"@type\":\"SearchAction\",\"target\":{\"@type\":\"EntryPoint\",\"urlTemplate\":\"https:\/\/jornalfatosenoticias.com.br\/?s={search_term_string}\"},\"query-input\":{\"@type\":\"PropertyValueSpecification\",\"valueRequired\":true,\"valueName\":\"search_term_string\"}}],\"inLanguage\":\"pt-BR\"},{\"@type\":\"Organization\",\"@id\":\"https:\/\/jornalfatosenoticias.com.br\/#organization\",\"name\":\"Jornal Fatos e Not\u00edcias\",\"url\":\"https:\/\/jornalfatosenoticias.com.br\/\",\"logo\":{\"@type\":\"ImageObject\",\"inLanguage\":\"pt-BR\",\"@id\":\"https:\/\/jornalfatosenoticias.com.br\/#\/schema\/logo\/image\/\",\"url\":\"https:\/\/jornalfatosenoticias.com.br\/wp-content\/uploads\/2020\/02\/logo120.png\",\"contentUrl\":\"https:\/\/jornalfatosenoticias.com.br\/wp-content\/uploads\/2020\/02\/logo120.png\",\"width\":1227,\"height\":120,\"caption\":\"Jornal Fatos e Not\u00edcias\"},\"image\":{\"@id\":\"https:\/\/jornalfatosenoticias.com.br\/#\/schema\/logo\/image\/\"}},{\"@type\":\"Person\",\"@id\":\"https:\/\/jornalfatosenoticias.com.br\/#\/schema\/person\/d63837fa13ac8666eb9e74e0985d6f81\",\"name\":\"Luzimara Fernandes\",\"image\":{\"@type\":\"ImageObject\",\"inLanguage\":\"pt-BR\",\"@id\":\"https:\/\/jornalfatosenoticias.com.br\/#\/schema\/person\/image\/\",\"url\":\"https:\/\/jornalfatosenoticias.com.br\/wp-content\/uploads\/2025\/05\/EU_portal.jpg\",\"contentUrl\":\"https:\/\/jornalfatosenoticias.com.br\/wp-content\/uploads\/2025\/05\/EU_portal.jpg\",\"caption\":\"Luzimara Fernandes\"},\"description\":\"Jornalista MTB 2358-ES\",\"sameAs\":[\"https:\/\/jornalfatosenoticias.com.br\"],\"url\":\"https:\/\/jornalfatosenoticias.com.br\/index.php\/author\/luzimara\/\"}]}<\/script>\n<!-- \/ Yoast SEO plugin. -->","yoast_head_json":{"title":"Agricultura sem queima na Amaz\u00f4nia \u00e9 recomendada pela Cepal - Jornal Fatos e Not\u00edcias","robots":{"index":"index","follow":"follow","max-snippet":"max-snippet:-1","max-image-preview":"max-image-preview:large","max-video-preview":"max-video-preview:-1"},"canonical":"https:\/\/jornalfatosenoticias.com.br\/index.php\/2020\/06\/23\/agricultura-sem-queima-na-amazonia-e-recomendada-pela-cepal\/","og_locale":"pt_BR","og_type":"article","og_title":"Agricultura sem queima na Amaz\u00f4nia \u00e9 recomendada pela Cepal - Jornal Fatos e Not\u00edcias","og_description":"M\u00e9todo Tipitamba substitui queimada pelo sistema de corte e tritura\u00e7\u00e3o No ano passado, a taxa de desmatamento por corte raso atingiu 10.129 quil\u00f4metros quadrados nos nove estados que formam a Amaz\u00f4nia Legal. Essa \u00e9 a maior extens\u00e3o de destrui\u00e7\u00e3o florestal em onze anos, conforme divulgado recentemente pelo Instituto Nacional de Pesquisas Espaciais (Inpe).Os dados, utilizados [&hellip;]","og_url":"https:\/\/jornalfatosenoticias.com.br\/index.php\/2020\/06\/23\/agricultura-sem-queima-na-amazonia-e-recomendada-pela-cepal\/","og_site_name":"Jornal Fatos e Not\u00edcias","article_published_time":"2020-06-23T12:04:46+00:00","article_modified_time":"2020-06-23T12:04:49+00:00","og_image":[{"width":1000,"height":598,"url":"https:\/\/jornalfatosenoticias.com.br\/wp-content\/uploads\/2020\/06\/floresta_amazonica_plantacao_queimada.jpg","type":"image\/jpeg"}],"author":"Luzimara Fernandes","twitter_card":"summary_large_image","twitter_misc":{"Escrito por":"Luzimara Fernandes","Est. tempo de leitura":"3 minutos"},"schema":{"@context":"https:\/\/schema.org","@graph":[{"@type":"Article","@id":"https:\/\/jornalfatosenoticias.com.br\/index.php\/2020\/06\/23\/agricultura-sem-queima-na-amazonia-e-recomendada-pela-cepal\/#article","isPartOf":{"@id":"https:\/\/jornalfatosenoticias.com.br\/index.php\/2020\/06\/23\/agricultura-sem-queima-na-amazonia-e-recomendada-pela-cepal\/"},"author":{"name":"Luzimara Fernandes","@id":"https:\/\/jornalfatosenoticias.com.br\/#\/schema\/person\/d63837fa13ac8666eb9e74e0985d6f81"},"headline":"Agricultura sem queima na Amaz\u00f4nia \u00e9 recomendada pela Cepal","datePublished":"2020-06-23T12:04:46+00:00","dateModified":"2020-06-23T12:04:49+00:00","mainEntityOfPage":{"@id":"https:\/\/jornalfatosenoticias.com.br\/index.php\/2020\/06\/23\/agricultura-sem-queima-na-amazonia-e-recomendada-pela-cepal\/"},"wordCount":627,"commentCount":0,"publisher":{"@id":"https:\/\/jornalfatosenoticias.com.br\/#organization"},"image":{"@id":"https:\/\/jornalfatosenoticias.com.br\/index.php\/2020\/06\/23\/agricultura-sem-queima-na-amazonia-e-recomendada-pela-cepal\/#primaryimage"},"thumbnailUrl":"https:\/\/jornalfatosenoticias.com.br\/wp-content\/uploads\/2020\/06\/floresta_amazonica_plantacao_queimada.jpg","keywords":["Amaz\u00f4nia Legal","Cepal","embrapa","Inpe","queimadas","Tipitamba"],"articleSection":["Meio ambiente"],"inLanguage":"pt-BR","potentialAction":[{"@type":"CommentAction","name":"Comment","target":["https:\/\/jornalfatosenoticias.com.br\/index.php\/2020\/06\/23\/agricultura-sem-queima-na-amazonia-e-recomendada-pela-cepal\/#respond"]}]},{"@type":"WebPage","@id":"https:\/\/jornalfatosenoticias.com.br\/index.php\/2020\/06\/23\/agricultura-sem-queima-na-amazonia-e-recomendada-pela-cepal\/","url":"https:\/\/jornalfatosenoticias.com.br\/index.php\/2020\/06\/23\/agricultura-sem-queima-na-amazonia-e-recomendada-pela-cepal\/","name":"Agricultura sem queima na Amaz\u00f4nia \u00e9 recomendada pela Cepal - Jornal Fatos e Not\u00edcias","isPartOf":{"@id":"https:\/\/jornalfatosenoticias.com.br\/#website"},"primaryImageOfPage":{"@id":"https:\/\/jornalfatosenoticias.com.br\/index.php\/2020\/06\/23\/agricultura-sem-queima-na-amazonia-e-recomendada-pela-cepal\/#primaryimage"},"image":{"@id":"https:\/\/jornalfatosenoticias.com.br\/index.php\/2020\/06\/23\/agricultura-sem-queima-na-amazonia-e-recomendada-pela-cepal\/#primaryimage"},"thumbnailUrl":"https:\/\/jornalfatosenoticias.com.br\/wp-content\/uploads\/2020\/06\/floresta_amazonica_plantacao_queimada.jpg","datePublished":"2020-06-23T12:04:46+00:00","dateModified":"2020-06-23T12:04:49+00:00","breadcrumb":{"@id":"https:\/\/jornalfatosenoticias.com.br\/index.php\/2020\/06\/23\/agricultura-sem-queima-na-amazonia-e-recomendada-pela-cepal\/#breadcrumb"},"inLanguage":"pt-BR","potentialAction":[{"@type":"ReadAction","target":["https:\/\/jornalfatosenoticias.com.br\/index.php\/2020\/06\/23\/agricultura-sem-queima-na-amazonia-e-recomendada-pela-cepal\/"]}]},{"@type":"ImageObject","inLanguage":"pt-BR","@id":"https:\/\/jornalfatosenoticias.com.br\/index.php\/2020\/06\/23\/agricultura-sem-queima-na-amazonia-e-recomendada-pela-cepal\/#primaryimage","url":"https:\/\/jornalfatosenoticias.com.br\/wp-content\/uploads\/2020\/06\/floresta_amazonica_plantacao_queimada.jpg","contentUrl":"https:\/\/jornalfatosenoticias.com.br\/wp-content\/uploads\/2020\/06\/floresta_amazonica_plantacao_queimada.jpg","width":1000,"height":598,"caption":"fotografia a\u00e9rea Floresta amaz\u00f4nica, planta\u00e7\u00e3o"},{"@type":"BreadcrumbList","@id":"https:\/\/jornalfatosenoticias.com.br\/index.php\/2020\/06\/23\/agricultura-sem-queima-na-amazonia-e-recomendada-pela-cepal\/#breadcrumb","itemListElement":[{"@type":"ListItem","position":1,"name":"In\u00edcio","item":"https:\/\/jornalfatosenoticias.com.br\/"},{"@type":"ListItem","position":2,"name":"Agricultura sem queima na Amaz\u00f4nia \u00e9 recomendada pela Cepal"}]},{"@type":"WebSite","@id":"https:\/\/jornalfatosenoticias.com.br\/#website","url":"https:\/\/jornalfatosenoticias.com.br\/","name":"Jornal Fatos e Not\u00edcias","description":"Not\u00edcias em geral","publisher":{"@id":"https:\/\/jornalfatosenoticias.com.br\/#organization"},"potentialAction":[{"@type":"SearchAction","target":{"@type":"EntryPoint","urlTemplate":"https:\/\/jornalfatosenoticias.com.br\/?s={search_term_string}"},"query-input":{"@type":"PropertyValueSpecification","valueRequired":true,"valueName":"search_term_string"}}],"inLanguage":"pt-BR"},{"@type":"Organization","@id":"https:\/\/jornalfatosenoticias.com.br\/#organization","name":"Jornal Fatos e Not\u00edcias","url":"https:\/\/jornalfatosenoticias.com.br\/","logo":{"@type":"ImageObject","inLanguage":"pt-BR","@id":"https:\/\/jornalfatosenoticias.com.br\/#\/schema\/logo\/image\/","url":"https:\/\/jornalfatosenoticias.com.br\/wp-content\/uploads\/2020\/02\/logo120.png","contentUrl":"https:\/\/jornalfatosenoticias.com.br\/wp-content\/uploads\/2020\/02\/logo120.png","width":1227,"height":120,"caption":"Jornal Fatos e Not\u00edcias"},"image":{"@id":"https:\/\/jornalfatosenoticias.com.br\/#\/schema\/logo\/image\/"}},{"@type":"Person","@id":"https:\/\/jornalfatosenoticias.com.br\/#\/schema\/person\/d63837fa13ac8666eb9e74e0985d6f81","name":"Luzimara Fernandes","image":{"@type":"ImageObject","inLanguage":"pt-BR","@id":"https:\/\/jornalfatosenoticias.com.br\/#\/schema\/person\/image\/","url":"https:\/\/jornalfatosenoticias.com.br\/wp-content\/uploads\/2025\/05\/EU_portal.jpg","contentUrl":"https:\/\/jornalfatosenoticias.com.br\/wp-content\/uploads\/2025\/05\/EU_portal.jpg","caption":"Luzimara Fernandes"},"description":"Jornalista MTB 2358-ES","sameAs":["https:\/\/jornalfatosenoticias.com.br"],"url":"https:\/\/jornalfatosenoticias.com.br\/index.php\/author\/luzimara\/"}]}},"cc_featured_image_caption":{"caption_text":"(Foto: Marcelo Camargo\/Ag\u00eancia Brasil)","source_text":"","source_url":""},"jetpack_featured_media_url":"https:\/\/jornalfatosenoticias.com.br\/wp-content\/uploads\/2020\/06\/floresta_amazonica_plantacao_queimada.jpg","_links":{"self":[{"href":"https:\/\/jornalfatosenoticias.com.br\/index.php\/wp-json\/wp\/v2\/posts\/5773","targetHints":{"allow":["GET"]}}],"collection":[{"href":"https:\/\/jornalfatosenoticias.com.br\/index.php\/wp-json\/wp\/v2\/posts"}],"about":[{"href":"https:\/\/jornalfatosenoticias.com.br\/index.php\/wp-json\/wp\/v2\/types\/post"}],"author":[{"embeddable":true,"href":"https:\/\/jornalfatosenoticias.com.br\/index.php\/wp-json\/wp\/v2\/users\/2"}],"replies":[{"embeddable":true,"href":"https:\/\/jornalfatosenoticias.com.br\/index.php\/wp-json\/wp\/v2\/comments?post=5773"}],"version-history":[{"count":0,"href":"https:\/\/jornalfatosenoticias.com.br\/index.php\/wp-json\/wp\/v2\/posts\/5773\/revisions"}],"wp:featuredmedia":[{"embeddable":true,"href":"https:\/\/jornalfatosenoticias.com.br\/index.php\/wp-json\/wp\/v2\/media\/5774"}],"wp:attachment":[{"href":"https:\/\/jornalfatosenoticias.com.br\/index.php\/wp-json\/wp\/v2\/media?parent=5773"}],"wp:term":[{"taxonomy":"category","embeddable":true,"href":"https:\/\/jornalfatosenoticias.com.br\/index.php\/wp-json\/wp\/v2\/categories?post=5773"},{"taxonomy":"post_tag","embeddable":true,"href":"https:\/\/jornalfatosenoticias.com.br\/index.php\/wp-json\/wp\/v2\/tags?post=5773"}],"curies":[{"name":"wp","href":"https:\/\/api.w.org\/{rel}","templated":true}]}}