{"id":57740,"date":"2025-03-14T12:19:49","date_gmt":"2025-03-14T15:19:49","guid":{"rendered":"https:\/\/jornalfatosenoticias.com.br\/?p=57740"},"modified":"2025-03-14T12:19:50","modified_gmt":"2025-03-14T15:19:50","slug":"com-que-idade-o-nosso-cerebro-comeca-a-se-degradar-estudo-responde","status":"publish","type":"post","link":"https:\/\/jornalfatosenoticias.com.br\/index.php\/2025\/03\/14\/com-que-idade-o-nosso-cerebro-comeca-a-se-degradar-estudo-responde\/","title":{"rendered":"Com que idade o nosso c\u00e9rebro come\u00e7a a se degradar? Estudo responde"},"content":{"rendered":"\n<p><em><span class=\"has-inline-color has-black-color\">Pesquisadores descobriram um per\u00edodo em que o c\u00e9rebro passa por um processo de estresse metab\u00f3lico significativo<\/span><\/em><\/p>\n\n\n\n<p><span class=\"has-inline-color has-black-color\">Por <strong><a href=\"https:\/\/olhardigital.com.br\/author\/alessandro-lorenzo\/\">Alessandro Di Lorenzo<\/a><\/strong><\/span><\/p>\n\n\n\n<div class=\"wp-block-image\"><figure class=\"aligncenter size-large\"><a href=\"https:\/\/www.instagram.com\/rcradiadores\/\"><img loading=\"lazy\" decoding=\"async\" width=\"560\" height=\"60\" src=\"https:\/\/jornalfatosenoticias.com.br\/wp-content\/uploads\/2022\/10\/Propaganda-RC-Radiadores-Jornal_page-0001.jpg\" alt=\"\" class=\"wp-image-35270\" srcset=\"https:\/\/jornalfatosenoticias.com.br\/wp-content\/uploads\/2022\/10\/Propaganda-RC-Radiadores-Jornal_page-0001.jpg 560w, https:\/\/jornalfatosenoticias.com.br\/wp-content\/uploads\/2022\/10\/Propaganda-RC-Radiadores-Jornal_page-0001-300x32.jpg 300w\" sizes=\"auto, (max-width: 560px) 100vw, 560px\" \/><\/a><\/figure><\/div>\n\n\n\n<p>O <a href=\"https:\/\/olhardigital.com.br\/tag\/envelhecimento\/\" target=\"_blank\" rel=\"noreferrer noopener\"><strong>envelhecimento<\/strong><\/a>\u00a0do\u00a0<a href=\"https:\/\/olhardigital.com.br\/tag\/cerebro\/\" target=\"_blank\" rel=\"noreferrer noopener\"><strong>c\u00e9rebro<\/strong><\/a> contribui para o desenvolvimento de doen\u00e7as neurodegenerativas como o Alzheimer. Por isso, diversos cientistas tentam entender exatamente quando a capacidade cerebral come\u00e7a a ser reduzida.<br>Agora, um estudo realizado pela Universidade Stony Brook, nos Estados Unidos, apresentou uma resposta para esta quest\u00e3o. Os pesquisadores revelaram um per\u00edodo em que o c\u00e9rebro passa por um estresse metab\u00f3lico significativo.<br>Durante a pesquisa, os cientistas ainda testaram formas de reduzir o decl\u00ednio cerebral. Um experimento com 101 participantes demonstrou que a administra\u00e7\u00e3o de suplementos criados com mol\u00e9culas produzidas pelo f\u00edgado como fonte alternativa de energia para os neur\u00f4nios estabilizou a degrada\u00e7\u00e3o cerebral. Os maiores efeitos foram observados entre os 40 e 59 anos.<\/p>\n\n\n\n<div class=\"wp-block-image\"><figure class=\"aligncenter size-large is-resized\"><a href=\"https:\/\/www.ithbrasil.com.br\/\"><img loading=\"lazy\" decoding=\"async\" src=\"https:\/\/jornalfatosenoticias.com.br\/wp-content\/uploads\/2023\/08\/ITH.jpeg\" alt=\"\" class=\"wp-image-44638\" width=\"300\" height=\"244\" srcset=\"https:\/\/jornalfatosenoticias.com.br\/wp-content\/uploads\/2023\/08\/ITH.jpeg 800w, https:\/\/jornalfatosenoticias.com.br\/wp-content\/uploads\/2023\/08\/ITH-300x244.jpeg 300w, https:\/\/jornalfatosenoticias.com.br\/wp-content\/uploads\/2023\/08\/ITH-768x624.jpeg 768w\" sizes=\"auto, (max-width: 300px) 100vw, 300px\" \/><\/a><\/figure><\/div>\n\n\n\n<p>Os pesquisadores sugerem que interven\u00e7\u00f5es metab\u00f3licas, como dietas cetog\u00eanicas ou suplementos de cetona, podem ser eficazes na preserva\u00e7\u00e3o da fun\u00e7\u00e3o cerebral se iniciadas precocemente. Na meia-idade, os neur\u00f4nios sofrem estresse metab\u00f3lico, mas ainda est\u00e3o vivos.<\/p>\n\n\n\n<div class=\"wp-block-image\"><figure class=\"aligncenter size-large\"><a href=\"https:\/\/www.legisjuris.com.br\/\"><img loading=\"lazy\" decoding=\"async\" width=\"969\" height=\"406\" src=\"https:\/\/jornalfatosenoticias.com.br\/wp-content\/uploads\/2024\/09\/Legis-Juris-Consultoria_logo.jpg\" alt=\"\" class=\"wp-image-53915\" srcset=\"https:\/\/jornalfatosenoticias.com.br\/wp-content\/uploads\/2024\/09\/Legis-Juris-Consultoria_logo.jpg 969w, https:\/\/jornalfatosenoticias.com.br\/wp-content\/uploads\/2024\/09\/Legis-Juris-Consultoria_logo-300x126.jpg 300w, https:\/\/jornalfatosenoticias.com.br\/wp-content\/uploads\/2024\/09\/Legis-Juris-Consultoria_logo-768x322.jpg 768w\" sizes=\"auto, (max-width: 969px) 100vw, 969px\" \/><\/a><\/figure><\/div>\n\n\n\n<p>Por isso, a equipe defende que a identifica\u00e7\u00e3o precoce da resist\u00eancia \u00e0 insulina no c\u00e9rebro, combinada com interven\u00e7\u00f5es espec\u00edficas, pode representar um grande avan\u00e7o. Em outras palavras, esta pode ser uma importante descoberta para prevenir casos de dem\u00eancia.<\/p>\n\n\n\n<p><strong><em>Fonte: <a href=\"https:\/\/olhardigital.com.br\/2025\/03\/12\/medicina-e-saude\/com-que-idade-o-nosso-cerebro-comeca-a-se-degradar-estudo-responde\/\">Olhar Digital<\/a><\/em><\/strong><\/p>\n","protected":false},"excerpt":{"rendered":"<p>Pesquisadores descobriram um per\u00edodo em que o c\u00e9rebro passa por um processo de estresse metab\u00f3lico significativo Por Alessandro Di Lorenzo O envelhecimento\u00a0do\u00a0c\u00e9rebro contribui para o desenvolvimento de doen\u00e7as neurodegenerativas como o Alzheimer. Por isso, diversos cientistas tentam entender exatamente quando a capacidade cerebral come\u00e7a a ser reduzida.Agora, um estudo realizado pela Universidade Stony Brook, nos [&hellip;]<\/p>\n","protected":false},"author":2,"featured_media":57741,"comment_status":"open","ping_status":"open","sticky":false,"template":"","format":"standard","meta":{"footnotes":""},"categories":[11],"tags":[2501,2336,3402,753,2586],"class_list":["post-57740","post","type-post","status-publish","format-standard","has-post-thumbnail","hentry","category-saude","tag-alzheimer","tag-cerebro","tag-demencia","tag-doencas","tag-envelhecimento"],"yoast_head":"<!-- This site is optimized with the Yoast SEO plugin v26.5 - https:\/\/yoast.com\/wordpress\/plugins\/seo\/ -->\n<title>Com que idade o nosso c\u00e9rebro come\u00e7a a se degradar? Estudo responde - Jornal Fatos e Not\u00edcias<\/title>\n<meta name=\"robots\" content=\"index, follow, max-snippet:-1, max-image-preview:large, max-video-preview:-1\" \/>\n<link rel=\"canonical\" href=\"https:\/\/jornalfatosenoticias.com.br\/index.php\/2025\/03\/14\/com-que-idade-o-nosso-cerebro-comeca-a-se-degradar-estudo-responde\/\" \/>\n<meta property=\"og:locale\" content=\"pt_BR\" \/>\n<meta property=\"og:type\" content=\"article\" \/>\n<meta property=\"og:title\" content=\"Com que idade o nosso c\u00e9rebro come\u00e7a a se degradar? Estudo responde - Jornal Fatos e Not\u00edcias\" \/>\n<meta property=\"og:description\" content=\"Pesquisadores descobriram um per\u00edodo em que o c\u00e9rebro passa por um processo de estresse metab\u00f3lico significativo Por Alessandro Di Lorenzo O envelhecimento\u00a0do\u00a0c\u00e9rebro contribui para o desenvolvimento de doen\u00e7as neurodegenerativas como o Alzheimer. Por isso, diversos cientistas tentam entender exatamente quando a capacidade cerebral come\u00e7a a ser reduzida.Agora, um estudo realizado pela Universidade Stony Brook, nos [&hellip;]\" \/>\n<meta property=\"og:url\" content=\"https:\/\/jornalfatosenoticias.com.br\/index.php\/2025\/03\/14\/com-que-idade-o-nosso-cerebro-comeca-a-se-degradar-estudo-responde\/\" \/>\n<meta property=\"og:site_name\" content=\"Jornal Fatos e Not\u00edcias\" \/>\n<meta property=\"article:published_time\" content=\"2025-03-14T15:19:49+00:00\" \/>\n<meta property=\"article:modified_time\" content=\"2025-03-14T15:19:50+00:00\" \/>\n<meta property=\"og:image\" content=\"https:\/\/jornalfatosenoticias.com.br\/wp-content\/uploads\/2025\/03\/cerebro-degradacao_freepik.jpeg\" \/>\n\t<meta property=\"og:image:width\" content=\"1000\" \/>\n\t<meta property=\"og:image:height\" content=\"666\" \/>\n\t<meta property=\"og:image:type\" content=\"image\/jpeg\" \/>\n<meta name=\"author\" content=\"Luzimara Fernandes\" \/>\n<meta name=\"twitter:card\" content=\"summary_large_image\" \/>\n<meta name=\"twitter:label1\" content=\"Escrito por\" \/>\n\t<meta name=\"twitter:data1\" content=\"Luzimara Fernandes\" \/>\n\t<meta name=\"twitter:label2\" content=\"Est. tempo de leitura\" \/>\n\t<meta name=\"twitter:data2\" content=\"1 minuto\" \/>\n<script type=\"application\/ld+json\" class=\"yoast-schema-graph\">{\"@context\":\"https:\/\/schema.org\",\"@graph\":[{\"@type\":\"Article\",\"@id\":\"https:\/\/jornalfatosenoticias.com.br\/index.php\/2025\/03\/14\/com-que-idade-o-nosso-cerebro-comeca-a-se-degradar-estudo-responde\/#article\",\"isPartOf\":{\"@id\":\"https:\/\/jornalfatosenoticias.com.br\/index.php\/2025\/03\/14\/com-que-idade-o-nosso-cerebro-comeca-a-se-degradar-estudo-responde\/\"},\"author\":{\"name\":\"Luzimara Fernandes\",\"@id\":\"https:\/\/jornalfatosenoticias.com.br\/#\/schema\/person\/d63837fa13ac8666eb9e74e0985d6f81\"},\"headline\":\"Com que idade o nosso c\u00e9rebro come\u00e7a a se degradar? Estudo responde\",\"datePublished\":\"2025-03-14T15:19:49+00:00\",\"dateModified\":\"2025-03-14T15:19:50+00:00\",\"mainEntityOfPage\":{\"@id\":\"https:\/\/jornalfatosenoticias.com.br\/index.php\/2025\/03\/14\/com-que-idade-o-nosso-cerebro-comeca-a-se-degradar-estudo-responde\/\"},\"wordCount\":251,\"commentCount\":0,\"publisher\":{\"@id\":\"https:\/\/jornalfatosenoticias.com.br\/#organization\"},\"image\":{\"@id\":\"https:\/\/jornalfatosenoticias.com.br\/index.php\/2025\/03\/14\/com-que-idade-o-nosso-cerebro-comeca-a-se-degradar-estudo-responde\/#primaryimage\"},\"thumbnailUrl\":\"https:\/\/jornalfatosenoticias.com.br\/wp-content\/uploads\/2025\/03\/cerebro-degradacao_freepik.jpeg\",\"keywords\":[\"Alzheimer\",\"c\u00e9rebro\",\"dem\u00eancia\",\"doen\u00e7as\",\"envelhecimento\"],\"articleSection\":[\"Sa\u00fade\"],\"inLanguage\":\"pt-BR\",\"potentialAction\":[{\"@type\":\"CommentAction\",\"name\":\"Comment\",\"target\":[\"https:\/\/jornalfatosenoticias.com.br\/index.php\/2025\/03\/14\/com-que-idade-o-nosso-cerebro-comeca-a-se-degradar-estudo-responde\/#respond\"]}]},{\"@type\":\"WebPage\",\"@id\":\"https:\/\/jornalfatosenoticias.com.br\/index.php\/2025\/03\/14\/com-que-idade-o-nosso-cerebro-comeca-a-se-degradar-estudo-responde\/\",\"url\":\"https:\/\/jornalfatosenoticias.com.br\/index.php\/2025\/03\/14\/com-que-idade-o-nosso-cerebro-comeca-a-se-degradar-estudo-responde\/\",\"name\":\"Com que idade o nosso c\u00e9rebro come\u00e7a a se degradar? Estudo responde - Jornal Fatos e Not\u00edcias\",\"isPartOf\":{\"@id\":\"https:\/\/jornalfatosenoticias.com.br\/#website\"},\"primaryImageOfPage\":{\"@id\":\"https:\/\/jornalfatosenoticias.com.br\/index.php\/2025\/03\/14\/com-que-idade-o-nosso-cerebro-comeca-a-se-degradar-estudo-responde\/#primaryimage\"},\"image\":{\"@id\":\"https:\/\/jornalfatosenoticias.com.br\/index.php\/2025\/03\/14\/com-que-idade-o-nosso-cerebro-comeca-a-se-degradar-estudo-responde\/#primaryimage\"},\"thumbnailUrl\":\"https:\/\/jornalfatosenoticias.com.br\/wp-content\/uploads\/2025\/03\/cerebro-degradacao_freepik.jpeg\",\"datePublished\":\"2025-03-14T15:19:49+00:00\",\"dateModified\":\"2025-03-14T15:19:50+00:00\",\"breadcrumb\":{\"@id\":\"https:\/\/jornalfatosenoticias.com.br\/index.php\/2025\/03\/14\/com-que-idade-o-nosso-cerebro-comeca-a-se-degradar-estudo-responde\/#breadcrumb\"},\"inLanguage\":\"pt-BR\",\"potentialAction\":[{\"@type\":\"ReadAction\",\"target\":[\"https:\/\/jornalfatosenoticias.com.br\/index.php\/2025\/03\/14\/com-que-idade-o-nosso-cerebro-comeca-a-se-degradar-estudo-responde\/\"]}]},{\"@type\":\"ImageObject\",\"inLanguage\":\"pt-BR\",\"@id\":\"https:\/\/jornalfatosenoticias.com.br\/index.php\/2025\/03\/14\/com-que-idade-o-nosso-cerebro-comeca-a-se-degradar-estudo-responde\/#primaryimage\",\"url\":\"https:\/\/jornalfatosenoticias.com.br\/wp-content\/uploads\/2025\/03\/cerebro-degradacao_freepik.jpeg\",\"contentUrl\":\"https:\/\/jornalfatosenoticias.com.br\/wp-content\/uploads\/2025\/03\/cerebro-degradacao_freepik.jpeg\",\"width\":1000,\"height\":666},{\"@type\":\"BreadcrumbList\",\"@id\":\"https:\/\/jornalfatosenoticias.com.br\/index.php\/2025\/03\/14\/com-que-idade-o-nosso-cerebro-comeca-a-se-degradar-estudo-responde\/#breadcrumb\",\"itemListElement\":[{\"@type\":\"ListItem\",\"position\":1,\"name\":\"In\u00edcio\",\"item\":\"https:\/\/jornalfatosenoticias.com.br\/\"},{\"@type\":\"ListItem\",\"position\":2,\"name\":\"Com que idade o nosso c\u00e9rebro come\u00e7a a se degradar? Estudo responde\"}]},{\"@type\":\"WebSite\",\"@id\":\"https:\/\/jornalfatosenoticias.com.br\/#website\",\"url\":\"https:\/\/jornalfatosenoticias.com.br\/\",\"name\":\"Jornal Fatos e Not\u00edcias\",\"description\":\"Not\u00edcias em geral\",\"publisher\":{\"@id\":\"https:\/\/jornalfatosenoticias.com.br\/#organization\"},\"potentialAction\":[{\"@type\":\"SearchAction\",\"target\":{\"@type\":\"EntryPoint\",\"urlTemplate\":\"https:\/\/jornalfatosenoticias.com.br\/?s={search_term_string}\"},\"query-input\":{\"@type\":\"PropertyValueSpecification\",\"valueRequired\":true,\"valueName\":\"search_term_string\"}}],\"inLanguage\":\"pt-BR\"},{\"@type\":\"Organization\",\"@id\":\"https:\/\/jornalfatosenoticias.com.br\/#organization\",\"name\":\"Jornal Fatos e Not\u00edcias\",\"url\":\"https:\/\/jornalfatosenoticias.com.br\/\",\"logo\":{\"@type\":\"ImageObject\",\"inLanguage\":\"pt-BR\",\"@id\":\"https:\/\/jornalfatosenoticias.com.br\/#\/schema\/logo\/image\/\",\"url\":\"https:\/\/jornalfatosenoticias.com.br\/wp-content\/uploads\/2020\/02\/logo120.png\",\"contentUrl\":\"https:\/\/jornalfatosenoticias.com.br\/wp-content\/uploads\/2020\/02\/logo120.png\",\"width\":1227,\"height\":120,\"caption\":\"Jornal Fatos e Not\u00edcias\"},\"image\":{\"@id\":\"https:\/\/jornalfatosenoticias.com.br\/#\/schema\/logo\/image\/\"}},{\"@type\":\"Person\",\"@id\":\"https:\/\/jornalfatosenoticias.com.br\/#\/schema\/person\/d63837fa13ac8666eb9e74e0985d6f81\",\"name\":\"Luzimara Fernandes\",\"image\":{\"@type\":\"ImageObject\",\"inLanguage\":\"pt-BR\",\"@id\":\"https:\/\/jornalfatosenoticias.com.br\/#\/schema\/person\/image\/\",\"url\":\"https:\/\/jornalfatosenoticias.com.br\/wp-content\/uploads\/2025\/05\/EU_portal.jpg\",\"contentUrl\":\"https:\/\/jornalfatosenoticias.com.br\/wp-content\/uploads\/2025\/05\/EU_portal.jpg\",\"caption\":\"Luzimara Fernandes\"},\"description\":\"Jornalista MTB 2358-ES\",\"sameAs\":[\"https:\/\/jornalfatosenoticias.com.br\"],\"url\":\"https:\/\/jornalfatosenoticias.com.br\/index.php\/author\/luzimara\/\"}]}<\/script>\n<!-- \/ Yoast SEO plugin. -->","yoast_head_json":{"title":"Com que idade o nosso c\u00e9rebro come\u00e7a a se degradar? Estudo responde - Jornal Fatos e Not\u00edcias","robots":{"index":"index","follow":"follow","max-snippet":"max-snippet:-1","max-image-preview":"max-image-preview:large","max-video-preview":"max-video-preview:-1"},"canonical":"https:\/\/jornalfatosenoticias.com.br\/index.php\/2025\/03\/14\/com-que-idade-o-nosso-cerebro-comeca-a-se-degradar-estudo-responde\/","og_locale":"pt_BR","og_type":"article","og_title":"Com que idade o nosso c\u00e9rebro come\u00e7a a se degradar? Estudo responde - Jornal Fatos e Not\u00edcias","og_description":"Pesquisadores descobriram um per\u00edodo em que o c\u00e9rebro passa por um processo de estresse metab\u00f3lico significativo Por Alessandro Di Lorenzo O envelhecimento\u00a0do\u00a0c\u00e9rebro contribui para o desenvolvimento de doen\u00e7as neurodegenerativas como o Alzheimer. Por isso, diversos cientistas tentam entender exatamente quando a capacidade cerebral come\u00e7a a ser reduzida.Agora, um estudo realizado pela Universidade Stony Brook, nos [&hellip;]","og_url":"https:\/\/jornalfatosenoticias.com.br\/index.php\/2025\/03\/14\/com-que-idade-o-nosso-cerebro-comeca-a-se-degradar-estudo-responde\/","og_site_name":"Jornal Fatos e Not\u00edcias","article_published_time":"2025-03-14T15:19:49+00:00","article_modified_time":"2025-03-14T15:19:50+00:00","og_image":[{"width":1000,"height":666,"url":"https:\/\/jornalfatosenoticias.com.br\/wp-content\/uploads\/2025\/03\/cerebro-degradacao_freepik.jpeg","type":"image\/jpeg"}],"author":"Luzimara Fernandes","twitter_card":"summary_large_image","twitter_misc":{"Escrito por":"Luzimara Fernandes","Est. tempo de leitura":"1 minuto"},"schema":{"@context":"https:\/\/schema.org","@graph":[{"@type":"Article","@id":"https:\/\/jornalfatosenoticias.com.br\/index.php\/2025\/03\/14\/com-que-idade-o-nosso-cerebro-comeca-a-se-degradar-estudo-responde\/#article","isPartOf":{"@id":"https:\/\/jornalfatosenoticias.com.br\/index.php\/2025\/03\/14\/com-que-idade-o-nosso-cerebro-comeca-a-se-degradar-estudo-responde\/"},"author":{"name":"Luzimara Fernandes","@id":"https:\/\/jornalfatosenoticias.com.br\/#\/schema\/person\/d63837fa13ac8666eb9e74e0985d6f81"},"headline":"Com que idade o nosso c\u00e9rebro come\u00e7a a se degradar? Estudo responde","datePublished":"2025-03-14T15:19:49+00:00","dateModified":"2025-03-14T15:19:50+00:00","mainEntityOfPage":{"@id":"https:\/\/jornalfatosenoticias.com.br\/index.php\/2025\/03\/14\/com-que-idade-o-nosso-cerebro-comeca-a-se-degradar-estudo-responde\/"},"wordCount":251,"commentCount":0,"publisher":{"@id":"https:\/\/jornalfatosenoticias.com.br\/#organization"},"image":{"@id":"https:\/\/jornalfatosenoticias.com.br\/index.php\/2025\/03\/14\/com-que-idade-o-nosso-cerebro-comeca-a-se-degradar-estudo-responde\/#primaryimage"},"thumbnailUrl":"https:\/\/jornalfatosenoticias.com.br\/wp-content\/uploads\/2025\/03\/cerebro-degradacao_freepik.jpeg","keywords":["Alzheimer","c\u00e9rebro","dem\u00eancia","doen\u00e7as","envelhecimento"],"articleSection":["Sa\u00fade"],"inLanguage":"pt-BR","potentialAction":[{"@type":"CommentAction","name":"Comment","target":["https:\/\/jornalfatosenoticias.com.br\/index.php\/2025\/03\/14\/com-que-idade-o-nosso-cerebro-comeca-a-se-degradar-estudo-responde\/#respond"]}]},{"@type":"WebPage","@id":"https:\/\/jornalfatosenoticias.com.br\/index.php\/2025\/03\/14\/com-que-idade-o-nosso-cerebro-comeca-a-se-degradar-estudo-responde\/","url":"https:\/\/jornalfatosenoticias.com.br\/index.php\/2025\/03\/14\/com-que-idade-o-nosso-cerebro-comeca-a-se-degradar-estudo-responde\/","name":"Com que idade o nosso c\u00e9rebro come\u00e7a a se degradar? Estudo responde - Jornal Fatos e Not\u00edcias","isPartOf":{"@id":"https:\/\/jornalfatosenoticias.com.br\/#website"},"primaryImageOfPage":{"@id":"https:\/\/jornalfatosenoticias.com.br\/index.php\/2025\/03\/14\/com-que-idade-o-nosso-cerebro-comeca-a-se-degradar-estudo-responde\/#primaryimage"},"image":{"@id":"https:\/\/jornalfatosenoticias.com.br\/index.php\/2025\/03\/14\/com-que-idade-o-nosso-cerebro-comeca-a-se-degradar-estudo-responde\/#primaryimage"},"thumbnailUrl":"https:\/\/jornalfatosenoticias.com.br\/wp-content\/uploads\/2025\/03\/cerebro-degradacao_freepik.jpeg","datePublished":"2025-03-14T15:19:49+00:00","dateModified":"2025-03-14T15:19:50+00:00","breadcrumb":{"@id":"https:\/\/jornalfatosenoticias.com.br\/index.php\/2025\/03\/14\/com-que-idade-o-nosso-cerebro-comeca-a-se-degradar-estudo-responde\/#breadcrumb"},"inLanguage":"pt-BR","potentialAction":[{"@type":"ReadAction","target":["https:\/\/jornalfatosenoticias.com.br\/index.php\/2025\/03\/14\/com-que-idade-o-nosso-cerebro-comeca-a-se-degradar-estudo-responde\/"]}]},{"@type":"ImageObject","inLanguage":"pt-BR","@id":"https:\/\/jornalfatosenoticias.com.br\/index.php\/2025\/03\/14\/com-que-idade-o-nosso-cerebro-comeca-a-se-degradar-estudo-responde\/#primaryimage","url":"https:\/\/jornalfatosenoticias.com.br\/wp-content\/uploads\/2025\/03\/cerebro-degradacao_freepik.jpeg","contentUrl":"https:\/\/jornalfatosenoticias.com.br\/wp-content\/uploads\/2025\/03\/cerebro-degradacao_freepik.jpeg","width":1000,"height":666},{"@type":"BreadcrumbList","@id":"https:\/\/jornalfatosenoticias.com.br\/index.php\/2025\/03\/14\/com-que-idade-o-nosso-cerebro-comeca-a-se-degradar-estudo-responde\/#breadcrumb","itemListElement":[{"@type":"ListItem","position":1,"name":"In\u00edcio","item":"https:\/\/jornalfatosenoticias.com.br\/"},{"@type":"ListItem","position":2,"name":"Com que idade o nosso c\u00e9rebro come\u00e7a a se degradar? Estudo responde"}]},{"@type":"WebSite","@id":"https:\/\/jornalfatosenoticias.com.br\/#website","url":"https:\/\/jornalfatosenoticias.com.br\/","name":"Jornal Fatos e Not\u00edcias","description":"Not\u00edcias em geral","publisher":{"@id":"https:\/\/jornalfatosenoticias.com.br\/#organization"},"potentialAction":[{"@type":"SearchAction","target":{"@type":"EntryPoint","urlTemplate":"https:\/\/jornalfatosenoticias.com.br\/?s={search_term_string}"},"query-input":{"@type":"PropertyValueSpecification","valueRequired":true,"valueName":"search_term_string"}}],"inLanguage":"pt-BR"},{"@type":"Organization","@id":"https:\/\/jornalfatosenoticias.com.br\/#organization","name":"Jornal Fatos e Not\u00edcias","url":"https:\/\/jornalfatosenoticias.com.br\/","logo":{"@type":"ImageObject","inLanguage":"pt-BR","@id":"https:\/\/jornalfatosenoticias.com.br\/#\/schema\/logo\/image\/","url":"https:\/\/jornalfatosenoticias.com.br\/wp-content\/uploads\/2020\/02\/logo120.png","contentUrl":"https:\/\/jornalfatosenoticias.com.br\/wp-content\/uploads\/2020\/02\/logo120.png","width":1227,"height":120,"caption":"Jornal Fatos e Not\u00edcias"},"image":{"@id":"https:\/\/jornalfatosenoticias.com.br\/#\/schema\/logo\/image\/"}},{"@type":"Person","@id":"https:\/\/jornalfatosenoticias.com.br\/#\/schema\/person\/d63837fa13ac8666eb9e74e0985d6f81","name":"Luzimara Fernandes","image":{"@type":"ImageObject","inLanguage":"pt-BR","@id":"https:\/\/jornalfatosenoticias.com.br\/#\/schema\/person\/image\/","url":"https:\/\/jornalfatosenoticias.com.br\/wp-content\/uploads\/2025\/05\/EU_portal.jpg","contentUrl":"https:\/\/jornalfatosenoticias.com.br\/wp-content\/uploads\/2025\/05\/EU_portal.jpg","caption":"Luzimara Fernandes"},"description":"Jornalista MTB 2358-ES","sameAs":["https:\/\/jornalfatosenoticias.com.br"],"url":"https:\/\/jornalfatosenoticias.com.br\/index.php\/author\/luzimara\/"}]}},"cc_featured_image_caption":{"caption_text":"(Foto: Freepik)\r\n","source_text":"","source_url":""},"jetpack_featured_media_url":"https:\/\/jornalfatosenoticias.com.br\/wp-content\/uploads\/2025\/03\/cerebro-degradacao_freepik.jpeg","_links":{"self":[{"href":"https:\/\/jornalfatosenoticias.com.br\/index.php\/wp-json\/wp\/v2\/posts\/57740","targetHints":{"allow":["GET"]}}],"collection":[{"href":"https:\/\/jornalfatosenoticias.com.br\/index.php\/wp-json\/wp\/v2\/posts"}],"about":[{"href":"https:\/\/jornalfatosenoticias.com.br\/index.php\/wp-json\/wp\/v2\/types\/post"}],"author":[{"embeddable":true,"href":"https:\/\/jornalfatosenoticias.com.br\/index.php\/wp-json\/wp\/v2\/users\/2"}],"replies":[{"embeddable":true,"href":"https:\/\/jornalfatosenoticias.com.br\/index.php\/wp-json\/wp\/v2\/comments?post=57740"}],"version-history":[{"count":0,"href":"https:\/\/jornalfatosenoticias.com.br\/index.php\/wp-json\/wp\/v2\/posts\/57740\/revisions"}],"wp:featuredmedia":[{"embeddable":true,"href":"https:\/\/jornalfatosenoticias.com.br\/index.php\/wp-json\/wp\/v2\/media\/57741"}],"wp:attachment":[{"href":"https:\/\/jornalfatosenoticias.com.br\/index.php\/wp-json\/wp\/v2\/media?parent=57740"}],"wp:term":[{"taxonomy":"category","embeddable":true,"href":"https:\/\/jornalfatosenoticias.com.br\/index.php\/wp-json\/wp\/v2\/categories?post=57740"},{"taxonomy":"post_tag","embeddable":true,"href":"https:\/\/jornalfatosenoticias.com.br\/index.php\/wp-json\/wp\/v2\/tags?post=57740"}],"curies":[{"name":"wp","href":"https:\/\/api.w.org\/{rel}","templated":true}]}}