{"id":57756,"date":"2025-03-14T13:50:07","date_gmt":"2025-03-14T16:50:07","guid":{"rendered":"https:\/\/jornalfatosenoticias.com.br\/?p=57756"},"modified":"2025-03-14T13:50:08","modified_gmt":"2025-03-14T16:50:08","slug":"voce-entende-as-emocoes-do-seu-cachorro-a-ciencia-diz-que-nao","status":"publish","type":"post","link":"https:\/\/jornalfatosenoticias.com.br\/index.php\/2025\/03\/14\/voce-entende-as-emocoes-do-seu-cachorro-a-ciencia-diz-que-nao\/","title":{"rendered":"Voc\u00ea entende as emo\u00e7\u00f5es do seu cachorro? A ci\u00eancia diz que n\u00e3o"},"content":{"rendered":"\n<p><em><span class=\"has-inline-color has-black-color\">Pesquisadores descobrem que humanos n\u00e3o identificam corretamente as emo\u00e7\u00f5es dos cachorros; entenda o por qu\u00ea<\/span><\/em><\/p>\n\n\n\n<p><span class=\"has-inline-color has-black-color\">Por <strong><a href=\"https:\/\/gizmodo.uol.com.br\/author\/isabela-oliveira\/\">Isabela Oliveira<\/a><\/strong><\/span><\/p>\n\n\n\n<div class=\"wp-block-image\"><figure class=\"aligncenter size-large\"><a href=\"https:\/\/mizu.com.br\/\"><img loading=\"lazy\" decoding=\"async\" width=\"729\" height=\"90\" src=\"https:\/\/jornalfatosenoticias.com.br\/wp-content\/uploads\/2020\/02\/Logo_Mizu.png\" alt=\"\" class=\"wp-image-1441\" srcset=\"https:\/\/jornalfatosenoticias.com.br\/wp-content\/uploads\/2020\/02\/Logo_Mizu.png 729w, https:\/\/jornalfatosenoticias.com.br\/wp-content\/uploads\/2020\/02\/Logo_Mizu-300x37.png 300w\" sizes=\"auto, (max-width: 729px) 100vw, 729px\" \/><\/a><\/figure><\/div>\n\n\n\n<p>Uma pesquisa da Arizona State University, nos EUA, revelou que as pessoas podem, muitas vezes, interpretar de forma errada as emo\u00e7\u00f5es de seus <a href=\"https:\/\/gizmodo.uol.com.br\/o-que-e-melhor-para-o-cao-racao-ou-carne-crua-veja-o-que-diz-a-ciencia\/\">cachorros<\/a>. O motivo? Antropomorfiza\u00e7\u00e3o. Ou seja, o ato de atribuir caracter\u00edsticas humanas a seres n\u00e3o humanos.<br>Em um artigo publicado no Anthrozo\u00f6s, Holly Molinaro e Clive Wynne descreveram dois experimentos que resultaram nessa conclus\u00e3o. Wynne, professor de psicologia que estuda o <a href=\"https:\/\/gizmodo.uol.com.br\/por-que-os-caes-perseguem-as-suas-proprias-caudas\/\">comportamento canino<\/a> e seu v\u00ednculo com humanos, confirmou que os cachorros tentam, sim, se comunicar com os donos. Por\u00e9m, os tutores podem n\u00e3o compreend\u00ea-los, pois analisam suas emo\u00e7\u00f5es com base nos eventos, e n\u00e3o no pr\u00f3prio animal.<\/p>\n\n\n\n<div class=\"wp-block-image\"><figure class=\"aligncenter size-large is-resized\"><a href=\"https:\/\/www.instagram.com\/esteiochurrascaria\/\"><img loading=\"lazy\" decoding=\"async\" src=\"https:\/\/jornalfatosenoticias.com.br\/wp-content\/uploads\/2022\/02\/LOGO-ESTEIO-1024x730.png\" alt=\"\" class=\"wp-image-27942\" width=\"331\" height=\"236\" srcset=\"https:\/\/jornalfatosenoticias.com.br\/wp-content\/uploads\/2022\/02\/LOGO-ESTEIO-1024x730.png 1024w, https:\/\/jornalfatosenoticias.com.br\/wp-content\/uploads\/2022\/02\/LOGO-ESTEIO-300x214.png 300w, https:\/\/jornalfatosenoticias.com.br\/wp-content\/uploads\/2022\/02\/LOGO-ESTEIO-768x548.png 768w, https:\/\/jornalfatosenoticias.com.br\/wp-content\/uploads\/2022\/02\/LOGO-ESTEIO.png 1123w\" sizes=\"auto, (max-width: 331px) 100vw, 331px\" \/><\/a><\/figure><\/div>\n\n\n\n<p>Al\u00e9m disso, as pessoas t\u00eam o costume de projetar sentimentos humanos nos animais de estima\u00e7\u00e3o. Por\u00e9m, o processamento e as express\u00f5es emocionais n\u00e3o s\u00e3o necessariamente iguais.<\/p>\n\n\n\n<blockquote class=\"wp-block-quote is-layout-flow wp-block-quote-is-layout-flow\"><p><span class=\"has-inline-color has-luminous-vivid-orange-color\">As pessoas n\u00e3o olham para o que o c\u00e3o est\u00e1 fazendo, em vez disso, elas olham para a situa\u00e7\u00e3o ao redor do c\u00e3o e baseiam sua percep\u00e7\u00e3o emocional nisso\u201d, disse Molinaro, doutoranda em psicologia e cientista de bem-estar animal.<\/span><\/p><\/blockquote>\n\n\n\n<div class=\"wp-block-image\"><figure class=\"aligncenter size-large\"><a href=\"https:\/\/www.cesconetto.com.br\/\"><img loading=\"lazy\" decoding=\"async\" width=\"300\" height=\"250\" src=\"https:\/\/jornalfatosenoticias.com.br\/wp-content\/uploads\/2020\/02\/Banner-2.png\" alt=\"\" class=\"wp-image-43787\"\/><\/a><\/figure><\/div>\n\n\n\n<p><strong><span class=\"has-inline-color has-black-color\">Como foi feito o estudo?<br><\/span><\/strong>No primeiro experimento, a dupla gravou um v\u00eddeo de um cachorro em situa\u00e7\u00f5es supostamente positivas, como por exemplo petiscos; e negativas, como castigos. Eles ent\u00e3o mostraram as grava\u00e7\u00f5es ao p\u00fablico com e sem fundo visual. J\u00e1 no segundo teste, eles editaram os v\u00eddeos para inverter as situa\u00e7\u00f5es.<\/p>\n\n\n\n<div class=\"wp-block-image\"><figure class=\"aligncenter size-large is-resized\"><a href=\"https:\/\/www.legisjuris.com.br\/\"><img loading=\"lazy\" decoding=\"async\" src=\"https:\/\/jornalfatosenoticias.com.br\/wp-content\/uploads\/2024\/09\/Legis-Juris-Consultoria_logo.jpg\" alt=\"\" class=\"wp-image-53915\" width=\"516\" height=\"216\" srcset=\"https:\/\/jornalfatosenoticias.com.br\/wp-content\/uploads\/2024\/09\/Legis-Juris-Consultoria_logo.jpg 969w, https:\/\/jornalfatosenoticias.com.br\/wp-content\/uploads\/2024\/09\/Legis-Juris-Consultoria_logo-300x126.jpg 300w, https:\/\/jornalfatosenoticias.com.br\/wp-content\/uploads\/2024\/09\/Legis-Juris-Consultoria_logo-768x322.jpg 768w\" sizes=\"auto, (max-width: 516px) 100vw, 516px\" \/><\/a><\/figure><\/div>\n\n\n\n<p>Em ambos os experimentos, as pessoas classificaram a felicidade dos c\u00e3es. Dessa forma, os pesquisadores conclu\u00edram que a percep\u00e7\u00e3o humana sobre o humor do c\u00e3o se baseava no cen\u00e1rio, e n\u00e3o no animal em si.<\/p>\n\n\n\n<blockquote class=\"wp-block-quote is-layout-flow wp-block-quote-is-layout-flow\"><p><span class=\"has-inline-color has-luminous-vivid-orange-color\">Quando as pessoas viram um v\u00eddeo de um cachorro aparentemente reagindo a um aspirador de p\u00f3, todos disseram que o cachorro estava se sentindo mal e agitado\u201d, disse Molinaro. \u201cMas quando viram um v\u00eddeo do cachorro fazendo exatamente a mesma coisa, mas dessa vez parecendo reagir ao ver sua coleira, todos relataram que o cachorro estava se sentindo feliz e calmo. As pessoas n\u00e3o estavam julgando as emo\u00e7\u00f5es de um cachorro com base no comportamento do cachorro, mas na situa\u00e7\u00e3o em que o cachorro estava\u201d.<\/span><\/p><\/blockquote>\n\n\n\n<div class=\"wp-block-image\"><figure class=\"aligncenter size-large is-resized\"><a href=\"https:\/\/panper.com.br\/\"><img loading=\"lazy\" decoding=\"async\" src=\"https:\/\/jornalfatosenoticias.com.br\/wp-content\/uploads\/2023\/03\/logo-Panper_portal.jpg\" alt=\"\" class=\"wp-image-40208\" width=\"325\" height=\"225\" srcset=\"https:\/\/jornalfatosenoticias.com.br\/wp-content\/uploads\/2023\/03\/logo-Panper_portal.jpg 400w, https:\/\/jornalfatosenoticias.com.br\/wp-content\/uploads\/2023\/03\/logo-Panper_portal-300x208.jpg 300w\" sizes=\"auto, (max-width: 325px) 100vw, 325px\" \/><\/a><\/figure><\/div>\n\n\n\n<p>Molinaro ainda acrescentou que, mesmo em estudos sobre emo\u00e7\u00f5es humanas, fatores como cultura, humor, contexto situacional e <a href=\"https:\/\/gizmodo.uol.com.br\/muito-alem-do-vamos-passear-caes-compreendem-uma-media-de-89-palavras\/\">express\u00f5es faciais<\/a> anteriores podem influenciar a percep\u00e7\u00e3o de emo\u00e7\u00f5es das pessoas.<\/p>\n\n\n\n<div class=\"wp-block-image\"><figure class=\"aligncenter size-large is-resized\"><a href=\"https:\/\/www.instagram.com\/restaurantepegoretti\/\"><img loading=\"lazy\" decoding=\"async\" src=\"https:\/\/jornalfatosenoticias.com.br\/wp-content\/uploads\/2023\/12\/pegoretti-logo-pdf-1024x389.jpg\" alt=\"\" class=\"wp-image-47536\" width=\"435\" height=\"165\" srcset=\"https:\/\/jornalfatosenoticias.com.br\/wp-content\/uploads\/2023\/12\/pegoretti-logo-pdf-1024x389.jpg 1024w, https:\/\/jornalfatosenoticias.com.br\/wp-content\/uploads\/2023\/12\/pegoretti-logo-pdf-300x114.jpg 300w, https:\/\/jornalfatosenoticias.com.br\/wp-content\/uploads\/2023\/12\/pegoretti-logo-pdf-768x291.jpg 768w, https:\/\/jornalfatosenoticias.com.br\/wp-content\/uploads\/2023\/12\/pegoretti-logo-pdf.jpg 1120w\" sizes=\"auto, (max-width: 435px) 100vw, 435px\" \/><\/a><\/figure><\/div>\n\n\n\n<p>Agora, a pesquisa prova que o contexto situacional tamb\u00e9m altera a percep\u00e7\u00e3o quando se trata de pets. Para reverter isso, a recomenda\u00e7\u00e3o da cientista \u00e9 prestar aten\u00e7\u00e3o \u00e0s dicas e comportamentos dos cachorros, j\u00e1 que a personalidade e emo\u00e7\u00f5es de cada um \u00e9 \u00fanica.<\/p>\n\n\n\n<div class=\"wp-block-image\"><figure class=\"aligncenter size-large is-resized\"><a href=\"https:\/\/www.instagram.com\/rcradiadores\/\"><img loading=\"lazy\" decoding=\"async\" src=\"https:\/\/jornalfatosenoticias.com.br\/wp-content\/uploads\/2022\/10\/RC_800x750_page-0001.jpg\" alt=\"\" class=\"wp-image-35338\" width=\"374\" height=\"351\" srcset=\"https:\/\/jornalfatosenoticias.com.br\/wp-content\/uploads\/2022\/10\/RC_800x750_page-0001.jpg 400w, https:\/\/jornalfatosenoticias.com.br\/wp-content\/uploads\/2022\/10\/RC_800x750_page-0001-300x281.jpg 300w\" sizes=\"auto, (max-width: 374px) 100vw, 374px\" \/><\/a><\/figure><\/div>\n\n\n\n<blockquote class=\"wp-block-quote is-layout-flow wp-block-quote-is-layout-flow\"><p><span class=\"has-inline-color has-luminous-vivid-orange-color\">Quando voc\u00ea grita com seu c\u00e3o por fazer algo ruim e ele faz aquela cara de culpado, \u00e9 realmente porque ele \u00e9 culpado ou porque ele est\u00e1 com medo de que voc\u00ea o repreenda mais? Tirar um ou dois segundos a mais para se concentrar no comportamento do seu c\u00e3o, sabendo que voc\u00ea precisa superar um preconceito para ver a situa\u00e7\u00e3o ao redor do c\u00e3o em vez do c\u00e3o em si, pode ajudar muito a obter uma leitura verdadeira do estado emocional do seu pr\u00f3prio c\u00e3o, levando a um v\u00ednculo mais forte entre voc\u00eas dois\u201d, concluiu.<\/span><\/p><\/blockquote>\n\n\n\n<div class=\"wp-block-image\"><figure class=\"aligncenter size-large is-resized\"><a href=\"https:\/\/hotelmarquetti.com.br\/\"><img loading=\"lazy\" decoding=\"async\" src=\"https:\/\/jornalfatosenoticias.com.br\/wp-content\/uploads\/2023\/03\/nova-logo-Marquetti.jpg\" alt=\"\" class=\"wp-image-40207\" width=\"341\" height=\"229\" srcset=\"https:\/\/jornalfatosenoticias.com.br\/wp-content\/uploads\/2023\/03\/nova-logo-Marquetti.jpg 643w, https:\/\/jornalfatosenoticias.com.br\/wp-content\/uploads\/2023\/03\/nova-logo-Marquetti-300x202.jpg 300w\" sizes=\"auto, (max-width: 341px) 100vw, 341px\" \/><\/a><\/figure><\/div>\n\n\n\n<p><strong>Fonte: <a href=\"https:\/\/gizmodo.uol.com.br\/voce-entende-as-emocoes-do-seu-cachorro-a-ciencia-diz-que-nao\/\">Giz Brasil<\/a><\/strong><\/p>\n","protected":false},"excerpt":{"rendered":"<p>Pesquisadores descobrem que humanos n\u00e3o identificam corretamente as emo\u00e7\u00f5es dos cachorros; entenda o por qu\u00ea Por Isabela Oliveira Uma pesquisa da Arizona State University, nos EUA, revelou que as pessoas podem, muitas vezes, interpretar de forma errada as emo\u00e7\u00f5es de seus cachorros. O motivo? Antropomorfiza\u00e7\u00e3o. Ou seja, o ato de atribuir caracter\u00edsticas humanas a seres [&hellip;]<\/p>\n","protected":false},"author":2,"featured_media":57757,"comment_status":"open","ping_status":"open","sticky":false,"template":"","format":"standard","meta":{"footnotes":""},"categories":[9710],"tags":[1495,754,5096,4157,1986],"class_list":["post-57756","post","type-post","status-publish","format-standard","has-post-thumbnail","hentry","category-pets","tag-cachorro","tag-caes","tag-emocoes","tag-pets","tag-psicologia"],"yoast_head":"<!-- This site is optimized with the Yoast SEO plugin v26.5 - https:\/\/yoast.com\/wordpress\/plugins\/seo\/ -->\n<title>Voc\u00ea entende as emo\u00e7\u00f5es do seu cachorro? A ci\u00eancia diz que n\u00e3o - Jornal Fatos e Not\u00edcias<\/title>\n<meta name=\"robots\" content=\"index, follow, max-snippet:-1, max-image-preview:large, max-video-preview:-1\" \/>\n<link rel=\"canonical\" href=\"https:\/\/jornalfatosenoticias.com.br\/index.php\/2025\/03\/14\/voce-entende-as-emocoes-do-seu-cachorro-a-ciencia-diz-que-nao\/\" \/>\n<meta property=\"og:locale\" content=\"pt_BR\" \/>\n<meta property=\"og:type\" content=\"article\" \/>\n<meta property=\"og:title\" content=\"Voc\u00ea entende as emo\u00e7\u00f5es do seu cachorro? A ci\u00eancia diz que n\u00e3o - Jornal Fatos e Not\u00edcias\" \/>\n<meta property=\"og:description\" content=\"Pesquisadores descobrem que humanos n\u00e3o identificam corretamente as emo\u00e7\u00f5es dos cachorros; entenda o por qu\u00ea Por Isabela Oliveira Uma pesquisa da Arizona State University, nos EUA, revelou que as pessoas podem, muitas vezes, interpretar de forma errada as emo\u00e7\u00f5es de seus cachorros. O motivo? Antropomorfiza\u00e7\u00e3o. Ou seja, o ato de atribuir caracter\u00edsticas humanas a seres [&hellip;]\" \/>\n<meta property=\"og:url\" content=\"https:\/\/jornalfatosenoticias.com.br\/index.php\/2025\/03\/14\/voce-entende-as-emocoes-do-seu-cachorro-a-ciencia-diz-que-nao\/\" \/>\n<meta property=\"og:site_name\" content=\"Jornal Fatos e Not\u00edcias\" \/>\n<meta property=\"article:published_time\" content=\"2025-03-14T16:50:07+00:00\" \/>\n<meta property=\"article:modified_time\" content=\"2025-03-14T16:50:08+00:00\" \/>\n<meta property=\"og:image\" content=\"https:\/\/jornalfatosenoticias.com.br\/wp-content\/uploads\/2025\/03\/emocoes-caes_freepik.jpg\" \/>\n\t<meta property=\"og:image:width\" content=\"996\" \/>\n\t<meta property=\"og:image:height\" content=\"664\" \/>\n\t<meta property=\"og:image:type\" content=\"image\/jpeg\" \/>\n<meta name=\"author\" content=\"Luzimara Fernandes\" \/>\n<meta name=\"twitter:card\" content=\"summary_large_image\" \/>\n<meta name=\"twitter:label1\" content=\"Escrito por\" \/>\n\t<meta name=\"twitter:data1\" content=\"Luzimara Fernandes\" \/>\n\t<meta name=\"twitter:label2\" content=\"Est. tempo de leitura\" \/>\n\t<meta name=\"twitter:data2\" content=\"3 minutos\" \/>\n<script type=\"application\/ld+json\" class=\"yoast-schema-graph\">{\"@context\":\"https:\/\/schema.org\",\"@graph\":[{\"@type\":\"Article\",\"@id\":\"https:\/\/jornalfatosenoticias.com.br\/index.php\/2025\/03\/14\/voce-entende-as-emocoes-do-seu-cachorro-a-ciencia-diz-que-nao\/#article\",\"isPartOf\":{\"@id\":\"https:\/\/jornalfatosenoticias.com.br\/index.php\/2025\/03\/14\/voce-entende-as-emocoes-do-seu-cachorro-a-ciencia-diz-que-nao\/\"},\"author\":{\"name\":\"Luzimara Fernandes\",\"@id\":\"https:\/\/jornalfatosenoticias.com.br\/#\/schema\/person\/d63837fa13ac8666eb9e74e0985d6f81\"},\"headline\":\"Voc\u00ea entende as emo\u00e7\u00f5es do seu cachorro? A ci\u00eancia diz que n\u00e3o\",\"datePublished\":\"2025-03-14T16:50:07+00:00\",\"dateModified\":\"2025-03-14T16:50:08+00:00\",\"mainEntityOfPage\":{\"@id\":\"https:\/\/jornalfatosenoticias.com.br\/index.php\/2025\/03\/14\/voce-entende-as-emocoes-do-seu-cachorro-a-ciencia-diz-que-nao\/\"},\"wordCount\":601,\"commentCount\":0,\"publisher\":{\"@id\":\"https:\/\/jornalfatosenoticias.com.br\/#organization\"},\"image\":{\"@id\":\"https:\/\/jornalfatosenoticias.com.br\/index.php\/2025\/03\/14\/voce-entende-as-emocoes-do-seu-cachorro-a-ciencia-diz-que-nao\/#primaryimage\"},\"thumbnailUrl\":\"https:\/\/jornalfatosenoticias.com.br\/wp-content\/uploads\/2025\/03\/emocoes-caes_freepik.jpg\",\"keywords\":[\"cachorro\",\"c\u00e3es\",\"emo\u00e7\u00f5es\",\"pets\",\"psicologia\"],\"articleSection\":[\"Pets\"],\"inLanguage\":\"pt-BR\",\"potentialAction\":[{\"@type\":\"CommentAction\",\"name\":\"Comment\",\"target\":[\"https:\/\/jornalfatosenoticias.com.br\/index.php\/2025\/03\/14\/voce-entende-as-emocoes-do-seu-cachorro-a-ciencia-diz-que-nao\/#respond\"]}]},{\"@type\":\"WebPage\",\"@id\":\"https:\/\/jornalfatosenoticias.com.br\/index.php\/2025\/03\/14\/voce-entende-as-emocoes-do-seu-cachorro-a-ciencia-diz-que-nao\/\",\"url\":\"https:\/\/jornalfatosenoticias.com.br\/index.php\/2025\/03\/14\/voce-entende-as-emocoes-do-seu-cachorro-a-ciencia-diz-que-nao\/\",\"name\":\"Voc\u00ea entende as emo\u00e7\u00f5es do seu cachorro? A ci\u00eancia diz que n\u00e3o - Jornal Fatos e Not\u00edcias\",\"isPartOf\":{\"@id\":\"https:\/\/jornalfatosenoticias.com.br\/#website\"},\"primaryImageOfPage\":{\"@id\":\"https:\/\/jornalfatosenoticias.com.br\/index.php\/2025\/03\/14\/voce-entende-as-emocoes-do-seu-cachorro-a-ciencia-diz-que-nao\/#primaryimage\"},\"image\":{\"@id\":\"https:\/\/jornalfatosenoticias.com.br\/index.php\/2025\/03\/14\/voce-entende-as-emocoes-do-seu-cachorro-a-ciencia-diz-que-nao\/#primaryimage\"},\"thumbnailUrl\":\"https:\/\/jornalfatosenoticias.com.br\/wp-content\/uploads\/2025\/03\/emocoes-caes_freepik.jpg\",\"datePublished\":\"2025-03-14T16:50:07+00:00\",\"dateModified\":\"2025-03-14T16:50:08+00:00\",\"breadcrumb\":{\"@id\":\"https:\/\/jornalfatosenoticias.com.br\/index.php\/2025\/03\/14\/voce-entende-as-emocoes-do-seu-cachorro-a-ciencia-diz-que-nao\/#breadcrumb\"},\"inLanguage\":\"pt-BR\",\"potentialAction\":[{\"@type\":\"ReadAction\",\"target\":[\"https:\/\/jornalfatosenoticias.com.br\/index.php\/2025\/03\/14\/voce-entende-as-emocoes-do-seu-cachorro-a-ciencia-diz-que-nao\/\"]}]},{\"@type\":\"ImageObject\",\"inLanguage\":\"pt-BR\",\"@id\":\"https:\/\/jornalfatosenoticias.com.br\/index.php\/2025\/03\/14\/voce-entende-as-emocoes-do-seu-cachorro-a-ciencia-diz-que-nao\/#primaryimage\",\"url\":\"https:\/\/jornalfatosenoticias.com.br\/wp-content\/uploads\/2025\/03\/emocoes-caes_freepik.jpg\",\"contentUrl\":\"https:\/\/jornalfatosenoticias.com.br\/wp-content\/uploads\/2025\/03\/emocoes-caes_freepik.jpg\",\"width\":996,\"height\":664},{\"@type\":\"BreadcrumbList\",\"@id\":\"https:\/\/jornalfatosenoticias.com.br\/index.php\/2025\/03\/14\/voce-entende-as-emocoes-do-seu-cachorro-a-ciencia-diz-que-nao\/#breadcrumb\",\"itemListElement\":[{\"@type\":\"ListItem\",\"position\":1,\"name\":\"In\u00edcio\",\"item\":\"https:\/\/jornalfatosenoticias.com.br\/\"},{\"@type\":\"ListItem\",\"position\":2,\"name\":\"Voc\u00ea entende as emo\u00e7\u00f5es do seu cachorro? A ci\u00eancia diz que n\u00e3o\"}]},{\"@type\":\"WebSite\",\"@id\":\"https:\/\/jornalfatosenoticias.com.br\/#website\",\"url\":\"https:\/\/jornalfatosenoticias.com.br\/\",\"name\":\"Jornal Fatos e Not\u00edcias\",\"description\":\"Not\u00edcias em geral\",\"publisher\":{\"@id\":\"https:\/\/jornalfatosenoticias.com.br\/#organization\"},\"potentialAction\":[{\"@type\":\"SearchAction\",\"target\":{\"@type\":\"EntryPoint\",\"urlTemplate\":\"https:\/\/jornalfatosenoticias.com.br\/?s={search_term_string}\"},\"query-input\":{\"@type\":\"PropertyValueSpecification\",\"valueRequired\":true,\"valueName\":\"search_term_string\"}}],\"inLanguage\":\"pt-BR\"},{\"@type\":\"Organization\",\"@id\":\"https:\/\/jornalfatosenoticias.com.br\/#organization\",\"name\":\"Jornal Fatos e Not\u00edcias\",\"url\":\"https:\/\/jornalfatosenoticias.com.br\/\",\"logo\":{\"@type\":\"ImageObject\",\"inLanguage\":\"pt-BR\",\"@id\":\"https:\/\/jornalfatosenoticias.com.br\/#\/schema\/logo\/image\/\",\"url\":\"https:\/\/jornalfatosenoticias.com.br\/wp-content\/uploads\/2020\/02\/logo120.png\",\"contentUrl\":\"https:\/\/jornalfatosenoticias.com.br\/wp-content\/uploads\/2020\/02\/logo120.png\",\"width\":1227,\"height\":120,\"caption\":\"Jornal Fatos e Not\u00edcias\"},\"image\":{\"@id\":\"https:\/\/jornalfatosenoticias.com.br\/#\/schema\/logo\/image\/\"}},{\"@type\":\"Person\",\"@id\":\"https:\/\/jornalfatosenoticias.com.br\/#\/schema\/person\/d63837fa13ac8666eb9e74e0985d6f81\",\"name\":\"Luzimara Fernandes\",\"image\":{\"@type\":\"ImageObject\",\"inLanguage\":\"pt-BR\",\"@id\":\"https:\/\/jornalfatosenoticias.com.br\/#\/schema\/person\/image\/\",\"url\":\"https:\/\/jornalfatosenoticias.com.br\/wp-content\/uploads\/2025\/05\/EU_portal.jpg\",\"contentUrl\":\"https:\/\/jornalfatosenoticias.com.br\/wp-content\/uploads\/2025\/05\/EU_portal.jpg\",\"caption\":\"Luzimara Fernandes\"},\"description\":\"Jornalista MTB 2358-ES\",\"sameAs\":[\"https:\/\/jornalfatosenoticias.com.br\"],\"url\":\"https:\/\/jornalfatosenoticias.com.br\/index.php\/author\/luzimara\/\"}]}<\/script>\n<!-- \/ Yoast SEO plugin. -->","yoast_head_json":{"title":"Voc\u00ea entende as emo\u00e7\u00f5es do seu cachorro? A ci\u00eancia diz que n\u00e3o - Jornal Fatos e Not\u00edcias","robots":{"index":"index","follow":"follow","max-snippet":"max-snippet:-1","max-image-preview":"max-image-preview:large","max-video-preview":"max-video-preview:-1"},"canonical":"https:\/\/jornalfatosenoticias.com.br\/index.php\/2025\/03\/14\/voce-entende-as-emocoes-do-seu-cachorro-a-ciencia-diz-que-nao\/","og_locale":"pt_BR","og_type":"article","og_title":"Voc\u00ea entende as emo\u00e7\u00f5es do seu cachorro? A ci\u00eancia diz que n\u00e3o - Jornal Fatos e Not\u00edcias","og_description":"Pesquisadores descobrem que humanos n\u00e3o identificam corretamente as emo\u00e7\u00f5es dos cachorros; entenda o por qu\u00ea Por Isabela Oliveira Uma pesquisa da Arizona State University, nos EUA, revelou que as pessoas podem, muitas vezes, interpretar de forma errada as emo\u00e7\u00f5es de seus cachorros. O motivo? Antropomorfiza\u00e7\u00e3o. Ou seja, o ato de atribuir caracter\u00edsticas humanas a seres [&hellip;]","og_url":"https:\/\/jornalfatosenoticias.com.br\/index.php\/2025\/03\/14\/voce-entende-as-emocoes-do-seu-cachorro-a-ciencia-diz-que-nao\/","og_site_name":"Jornal Fatos e Not\u00edcias","article_published_time":"2025-03-14T16:50:07+00:00","article_modified_time":"2025-03-14T16:50:08+00:00","og_image":[{"width":996,"height":664,"url":"https:\/\/jornalfatosenoticias.com.br\/wp-content\/uploads\/2025\/03\/emocoes-caes_freepik.jpg","type":"image\/jpeg"}],"author":"Luzimara Fernandes","twitter_card":"summary_large_image","twitter_misc":{"Escrito por":"Luzimara Fernandes","Est. tempo de leitura":"3 minutos"},"schema":{"@context":"https:\/\/schema.org","@graph":[{"@type":"Article","@id":"https:\/\/jornalfatosenoticias.com.br\/index.php\/2025\/03\/14\/voce-entende-as-emocoes-do-seu-cachorro-a-ciencia-diz-que-nao\/#article","isPartOf":{"@id":"https:\/\/jornalfatosenoticias.com.br\/index.php\/2025\/03\/14\/voce-entende-as-emocoes-do-seu-cachorro-a-ciencia-diz-que-nao\/"},"author":{"name":"Luzimara Fernandes","@id":"https:\/\/jornalfatosenoticias.com.br\/#\/schema\/person\/d63837fa13ac8666eb9e74e0985d6f81"},"headline":"Voc\u00ea entende as emo\u00e7\u00f5es do seu cachorro? A ci\u00eancia diz que n\u00e3o","datePublished":"2025-03-14T16:50:07+00:00","dateModified":"2025-03-14T16:50:08+00:00","mainEntityOfPage":{"@id":"https:\/\/jornalfatosenoticias.com.br\/index.php\/2025\/03\/14\/voce-entende-as-emocoes-do-seu-cachorro-a-ciencia-diz-que-nao\/"},"wordCount":601,"commentCount":0,"publisher":{"@id":"https:\/\/jornalfatosenoticias.com.br\/#organization"},"image":{"@id":"https:\/\/jornalfatosenoticias.com.br\/index.php\/2025\/03\/14\/voce-entende-as-emocoes-do-seu-cachorro-a-ciencia-diz-que-nao\/#primaryimage"},"thumbnailUrl":"https:\/\/jornalfatosenoticias.com.br\/wp-content\/uploads\/2025\/03\/emocoes-caes_freepik.jpg","keywords":["cachorro","c\u00e3es","emo\u00e7\u00f5es","pets","psicologia"],"articleSection":["Pets"],"inLanguage":"pt-BR","potentialAction":[{"@type":"CommentAction","name":"Comment","target":["https:\/\/jornalfatosenoticias.com.br\/index.php\/2025\/03\/14\/voce-entende-as-emocoes-do-seu-cachorro-a-ciencia-diz-que-nao\/#respond"]}]},{"@type":"WebPage","@id":"https:\/\/jornalfatosenoticias.com.br\/index.php\/2025\/03\/14\/voce-entende-as-emocoes-do-seu-cachorro-a-ciencia-diz-que-nao\/","url":"https:\/\/jornalfatosenoticias.com.br\/index.php\/2025\/03\/14\/voce-entende-as-emocoes-do-seu-cachorro-a-ciencia-diz-que-nao\/","name":"Voc\u00ea entende as emo\u00e7\u00f5es do seu cachorro? A ci\u00eancia diz que n\u00e3o - Jornal Fatos e Not\u00edcias","isPartOf":{"@id":"https:\/\/jornalfatosenoticias.com.br\/#website"},"primaryImageOfPage":{"@id":"https:\/\/jornalfatosenoticias.com.br\/index.php\/2025\/03\/14\/voce-entende-as-emocoes-do-seu-cachorro-a-ciencia-diz-que-nao\/#primaryimage"},"image":{"@id":"https:\/\/jornalfatosenoticias.com.br\/index.php\/2025\/03\/14\/voce-entende-as-emocoes-do-seu-cachorro-a-ciencia-diz-que-nao\/#primaryimage"},"thumbnailUrl":"https:\/\/jornalfatosenoticias.com.br\/wp-content\/uploads\/2025\/03\/emocoes-caes_freepik.jpg","datePublished":"2025-03-14T16:50:07+00:00","dateModified":"2025-03-14T16:50:08+00:00","breadcrumb":{"@id":"https:\/\/jornalfatosenoticias.com.br\/index.php\/2025\/03\/14\/voce-entende-as-emocoes-do-seu-cachorro-a-ciencia-diz-que-nao\/#breadcrumb"},"inLanguage":"pt-BR","potentialAction":[{"@type":"ReadAction","target":["https:\/\/jornalfatosenoticias.com.br\/index.php\/2025\/03\/14\/voce-entende-as-emocoes-do-seu-cachorro-a-ciencia-diz-que-nao\/"]}]},{"@type":"ImageObject","inLanguage":"pt-BR","@id":"https:\/\/jornalfatosenoticias.com.br\/index.php\/2025\/03\/14\/voce-entende-as-emocoes-do-seu-cachorro-a-ciencia-diz-que-nao\/#primaryimage","url":"https:\/\/jornalfatosenoticias.com.br\/wp-content\/uploads\/2025\/03\/emocoes-caes_freepik.jpg","contentUrl":"https:\/\/jornalfatosenoticias.com.br\/wp-content\/uploads\/2025\/03\/emocoes-caes_freepik.jpg","width":996,"height":664},{"@type":"BreadcrumbList","@id":"https:\/\/jornalfatosenoticias.com.br\/index.php\/2025\/03\/14\/voce-entende-as-emocoes-do-seu-cachorro-a-ciencia-diz-que-nao\/#breadcrumb","itemListElement":[{"@type":"ListItem","position":1,"name":"In\u00edcio","item":"https:\/\/jornalfatosenoticias.com.br\/"},{"@type":"ListItem","position":2,"name":"Voc\u00ea entende as emo\u00e7\u00f5es do seu cachorro? A ci\u00eancia diz que n\u00e3o"}]},{"@type":"WebSite","@id":"https:\/\/jornalfatosenoticias.com.br\/#website","url":"https:\/\/jornalfatosenoticias.com.br\/","name":"Jornal Fatos e Not\u00edcias","description":"Not\u00edcias em geral","publisher":{"@id":"https:\/\/jornalfatosenoticias.com.br\/#organization"},"potentialAction":[{"@type":"SearchAction","target":{"@type":"EntryPoint","urlTemplate":"https:\/\/jornalfatosenoticias.com.br\/?s={search_term_string}"},"query-input":{"@type":"PropertyValueSpecification","valueRequired":true,"valueName":"search_term_string"}}],"inLanguage":"pt-BR"},{"@type":"Organization","@id":"https:\/\/jornalfatosenoticias.com.br\/#organization","name":"Jornal Fatos e Not\u00edcias","url":"https:\/\/jornalfatosenoticias.com.br\/","logo":{"@type":"ImageObject","inLanguage":"pt-BR","@id":"https:\/\/jornalfatosenoticias.com.br\/#\/schema\/logo\/image\/","url":"https:\/\/jornalfatosenoticias.com.br\/wp-content\/uploads\/2020\/02\/logo120.png","contentUrl":"https:\/\/jornalfatosenoticias.com.br\/wp-content\/uploads\/2020\/02\/logo120.png","width":1227,"height":120,"caption":"Jornal Fatos e Not\u00edcias"},"image":{"@id":"https:\/\/jornalfatosenoticias.com.br\/#\/schema\/logo\/image\/"}},{"@type":"Person","@id":"https:\/\/jornalfatosenoticias.com.br\/#\/schema\/person\/d63837fa13ac8666eb9e74e0985d6f81","name":"Luzimara Fernandes","image":{"@type":"ImageObject","inLanguage":"pt-BR","@id":"https:\/\/jornalfatosenoticias.com.br\/#\/schema\/person\/image\/","url":"https:\/\/jornalfatosenoticias.com.br\/wp-content\/uploads\/2025\/05\/EU_portal.jpg","contentUrl":"https:\/\/jornalfatosenoticias.com.br\/wp-content\/uploads\/2025\/05\/EU_portal.jpg","caption":"Luzimara Fernandes"},"description":"Jornalista MTB 2358-ES","sameAs":["https:\/\/jornalfatosenoticias.com.br"],"url":"https:\/\/jornalfatosenoticias.com.br\/index.php\/author\/luzimara\/"}]}},"cc_featured_image_caption":{"caption_text":"(Foto: Freepik) ","source_text":"","source_url":""},"jetpack_featured_media_url":"https:\/\/jornalfatosenoticias.com.br\/wp-content\/uploads\/2025\/03\/emocoes-caes_freepik.jpg","_links":{"self":[{"href":"https:\/\/jornalfatosenoticias.com.br\/index.php\/wp-json\/wp\/v2\/posts\/57756","targetHints":{"allow":["GET"]}}],"collection":[{"href":"https:\/\/jornalfatosenoticias.com.br\/index.php\/wp-json\/wp\/v2\/posts"}],"about":[{"href":"https:\/\/jornalfatosenoticias.com.br\/index.php\/wp-json\/wp\/v2\/types\/post"}],"author":[{"embeddable":true,"href":"https:\/\/jornalfatosenoticias.com.br\/index.php\/wp-json\/wp\/v2\/users\/2"}],"replies":[{"embeddable":true,"href":"https:\/\/jornalfatosenoticias.com.br\/index.php\/wp-json\/wp\/v2\/comments?post=57756"}],"version-history":[{"count":0,"href":"https:\/\/jornalfatosenoticias.com.br\/index.php\/wp-json\/wp\/v2\/posts\/57756\/revisions"}],"wp:featuredmedia":[{"embeddable":true,"href":"https:\/\/jornalfatosenoticias.com.br\/index.php\/wp-json\/wp\/v2\/media\/57757"}],"wp:attachment":[{"href":"https:\/\/jornalfatosenoticias.com.br\/index.php\/wp-json\/wp\/v2\/media?parent=57756"}],"wp:term":[{"taxonomy":"category","embeddable":true,"href":"https:\/\/jornalfatosenoticias.com.br\/index.php\/wp-json\/wp\/v2\/categories?post=57756"},{"taxonomy":"post_tag","embeddable":true,"href":"https:\/\/jornalfatosenoticias.com.br\/index.php\/wp-json\/wp\/v2\/tags?post=57756"}],"curies":[{"name":"wp","href":"https:\/\/api.w.org\/{rel}","templated":true}]}}