{"id":57797,"date":"2025-03-17T16:01:35","date_gmt":"2025-03-17T19:01:35","guid":{"rendered":"https:\/\/jornalfatosenoticias.com.br\/?p=57797"},"modified":"2025-03-17T16:01:37","modified_gmt":"2025-03-17T19:01:37","slug":"dois-estados-vizinhos-devem-liderar-o-crescimento-do-pib-no-brasil-em-2025","status":"publish","type":"post","link":"https:\/\/jornalfatosenoticias.com.br\/index.php\/2025\/03\/17\/dois-estados-vizinhos-devem-liderar-o-crescimento-do-pib-no-brasil-em-2025\/","title":{"rendered":"Dois estados vizinhos devem liderar o crescimento do PIB no Brasil em 2025"},"content":{"rendered":"\n<p><em><span class=\"has-inline-color has-black-color\">Colheita de algod\u00e3o em Mato Grosso do Sul: agroneg\u00f3cio deve impulsionar crescimento do estado<\/span><\/em><\/p>\n\n\n\n<p><span class=\"has-inline-color has-black-color\">Por <strong><a href=\"https:\/\/www.gazetadopovo.com.br\/autor\/vandre-kramer\/\" rel=\"sponsored nofollow\">Vandr\u00e9 Kramer<\/a><\/strong><\/span><\/p>\n\n\n\n<div class=\"wp-block-image\"><figure class=\"aligncenter size-large\"><a href=\"https:\/\/mizu.com.br\/\"><img loading=\"lazy\" decoding=\"async\" width=\"729\" height=\"90\" src=\"https:\/\/jornalfatosenoticias.com.br\/wp-content\/uploads\/2020\/02\/Logo_Mizu.png\" alt=\"\" class=\"wp-image-1441\" srcset=\"https:\/\/jornalfatosenoticias.com.br\/wp-content\/uploads\/2020\/02\/Logo_Mizu.png 729w, https:\/\/jornalfatosenoticias.com.br\/wp-content\/uploads\/2020\/02\/Logo_Mizu-300x37.png 300w\" sizes=\"auto, (max-width: 729px) 100vw, 729px\" \/><\/a><\/figure><\/div>\n\n\n\n<p>Dois estados vizinhos devem ter os maiores crescimentos econ\u00f4micos do pa\u00eds em 2025, segundo estudo da consultoria Tend\u00eancias. O levantamento projeta alta de 4,4% para o PIB de Mato Grosso do Sul e de 3,7% para o de Mato Grosso. As proje\u00e7\u00f5es superam a mediana das expectativas do mercado financeiro para o crescimento do PIB nacional, pr\u00f3ximas de 2%.<br>As duas unidades representam aproximadamente 40% do PIB do Centro-Oeste e devem impulsionar o desempenho econ\u00f4mico da regi\u00e3o, que ser\u00e1 a \u00fanica entre as cinco do pa\u00eds a apresentar acelera\u00e7\u00e3o no ritmo de crescimento da atividade econ\u00f4mica neste ano. A proje\u00e7\u00e3o \u00e9 de um crescimento de 2,8% neste ano contra os 2% em 2024.<\/p>\n\n\n\n<div class=\"wp-block-image\"><figure class=\"aligncenter size-large is-resized\"><a href=\"https:\/\/www.facebook.com\/profile.php?id=100069289606145\"><img loading=\"lazy\" decoding=\"async\" src=\"https:\/\/jornalfatosenoticias.com.br\/wp-content\/uploads\/2024\/11\/Guaitolini-Contabilidade-1024x714.jpeg\" alt=\"\" class=\"wp-image-55808\" width=\"343\" height=\"239\" srcset=\"https:\/\/jornalfatosenoticias.com.br\/wp-content\/uploads\/2024\/11\/Guaitolini-Contabilidade-1024x714.jpeg 1024w, https:\/\/jornalfatosenoticias.com.br\/wp-content\/uploads\/2024\/11\/Guaitolini-Contabilidade-300x209.jpeg 300w, https:\/\/jornalfatosenoticias.com.br\/wp-content\/uploads\/2024\/11\/Guaitolini-Contabilidade-768x535.jpeg 768w, https:\/\/jornalfatosenoticias.com.br\/wp-content\/uploads\/2024\/11\/Guaitolini-Contabilidade.jpeg 1280w\" sizes=\"auto, (max-width: 343px) 100vw, 343px\" \/><\/a><\/figure><\/div>\n\n\n\n<p><strong><span class=\"has-inline-color has-black-color\">Safra em alta impulsionar\u00e1 o crescimento econ\u00f4mico em outros setores<br><\/span><\/strong>A recupera\u00e7\u00e3o da safra de gr\u00e3os, ap\u00f3s as perdas causadas pelo fen\u00f4meno clim\u00e1tico <em>El Ni\u00f1o<\/em> na colheita anterior, \u00e9 o principal motor do crescimento econ\u00f4mico projetado para 2025. Segundo a consultoria Tend\u00eancias, o PIB agropecu\u00e1rio deve crescer 10,2% em Mato Grosso do Sul e 5,3% em Mato Grosso.<\/p>\n\n\n\n<div class=\"wp-block-image\"><figure class=\"aligncenter size-large is-resized\"><a href=\"https:\/\/www.instagram.com\/esteiochurrascaria\/\"><img loading=\"lazy\" decoding=\"async\" src=\"https:\/\/jornalfatosenoticias.com.br\/wp-content\/uploads\/2022\/02\/LOGO-ESTEIO-1024x730.png\" alt=\"\" class=\"wp-image-27942\" width=\"352\" height=\"251\" srcset=\"https:\/\/jornalfatosenoticias.com.br\/wp-content\/uploads\/2022\/02\/LOGO-ESTEIO-1024x730.png 1024w, https:\/\/jornalfatosenoticias.com.br\/wp-content\/uploads\/2022\/02\/LOGO-ESTEIO-300x214.png 300w, https:\/\/jornalfatosenoticias.com.br\/wp-content\/uploads\/2022\/02\/LOGO-ESTEIO-768x548.png 768w, https:\/\/jornalfatosenoticias.com.br\/wp-content\/uploads\/2022\/02\/LOGO-ESTEIO.png 1123w\" sizes=\"auto, (max-width: 352px) 100vw, 352px\" \/><\/a><\/figure><\/div>\n\n\n\n<p>A Companhia Nacional de Abastecimento (Conab) projeta aumentos na produ\u00e7\u00e3o de gr\u00e3os: 6% em Mato Grosso, totalizando 98,8 milh\u00f5es de toneladas, e 29,7% em Mato Grosso do Sul, com 26,3 milh\u00f5es de toneladas. O principal destaque \u00e9 a soja, cuja produ\u00e7\u00e3o deve crescer 19,1% em Mato Grosso (47,1 milh\u00f5es de toneladas) e 16,1% em Mato Grosso do Sul (13,5 milh\u00f5es de toneladas). Condi\u00e7\u00f5es clim\u00e1ticas extremamente favor\u00e1veis, registradas no fim de fevereiro, t\u00eam contribu\u00eddo para esses resultados.<\/p>\n\n\n\n<div class=\"wp-block-image\"><figure class=\"aligncenter size-large is-resized\"><a href=\"https:\/\/www.legisjuris.com.br\/\"><img loading=\"lazy\" decoding=\"async\" src=\"https:\/\/jornalfatosenoticias.com.br\/wp-content\/uploads\/2024\/09\/Legis-Juris-Consultoria_logo.jpg\" alt=\"\" class=\"wp-image-53915\" width=\"489\" height=\"205\" srcset=\"https:\/\/jornalfatosenoticias.com.br\/wp-content\/uploads\/2024\/09\/Legis-Juris-Consultoria_logo.jpg 969w, https:\/\/jornalfatosenoticias.com.br\/wp-content\/uploads\/2024\/09\/Legis-Juris-Consultoria_logo-300x126.jpg 300w, https:\/\/jornalfatosenoticias.com.br\/wp-content\/uploads\/2024\/09\/Legis-Juris-Consultoria_logo-768x322.jpg 768w\" sizes=\"auto, (max-width: 489px) 100vw, 489px\" \/><\/a><\/figure><\/div>\n\n\n\n<p>O avan\u00e7o da agropecu\u00e1ria deve impulsionar outros setores da economia. Em Mato Grosso do Sul, o com\u00e9rcio ampliado \u2014 que inclui ve\u00edculos, autope\u00e7as e materiais de constru\u00e7\u00e3o \u2014 deve apresentar crescimento de 2%, marcando a primeira alta desde 2022. Em Mato Grosso, as vendas no com\u00e9rcio ampliado devem avan\u00e7ar 2,7%, enquanto a produ\u00e7\u00e3o industrial pode crescer 2,9%, de acordo com o estudo.<\/p>\n\n\n\n<div class=\"wp-block-image\"><figure class=\"aligncenter size-large is-resized\"><a href=\"https:\/\/www.controlsystems.com.br\/\"><img loading=\"lazy\" decoding=\"async\" src=\"https:\/\/jornalfatosenoticias.com.br\/wp-content\/uploads\/2020\/02\/CONTROL-CS.jpg\" alt=\"\" class=\"wp-image-44991\" width=\"310\" height=\"372\" srcset=\"https:\/\/jornalfatosenoticias.com.br\/wp-content\/uploads\/2020\/02\/CONTROL-CS.jpg 834w, https:\/\/jornalfatosenoticias.com.br\/wp-content\/uploads\/2020\/02\/CONTROL-CS-250x300.jpg 250w, https:\/\/jornalfatosenoticias.com.br\/wp-content\/uploads\/2020\/02\/CONTROL-CS-768x921.jpg 768w\" sizes=\"auto, (max-width: 310px) 100vw, 310px\" \/><\/a><\/figure><\/div>\n\n\n\n<p>Os setores de transporte e armazenagem tamb\u00e9m devem avan\u00e7ar, diretamente beneficiados pela expans\u00e3o da log\u00edstica agr\u00edcola, segundo relat\u00f3rio divulgado pelo Banco do Brasil no in\u00edcio do m\u00eas. Outro setor que deve se beneficiar \u00e9 o da ind\u00fastria aliment\u00edcia. \u201cCom menor sensibilidade \u00e0s oscila\u00e7\u00f5es da pol\u00edtica monet\u00e1ria, esse segmento mant\u00e9m sua relev\u00e2ncia, especialmente nas regi\u00f5es Centro-Oeste e Sul, onde a produ\u00e7\u00e3o agroindustrial dever\u00e1 continuar aquecida, seja para atender \u00e0 demanda dom\u00e9stica ou externa\u201d, diz o relat\u00f3rio do BB.<\/p>\n\n\n\n<div class=\"wp-block-image\"><figure class=\"aligncenter size-large is-resized\"><a href=\"https:\/\/www.cesconetto.com.br\/\"><img loading=\"lazy\" decoding=\"async\" src=\"https:\/\/jornalfatosenoticias.com.br\/wp-content\/uploads\/2022\/02\/Banner-2.png\" alt=\"\" class=\"wp-image-27877\" width=\"330\" height=\"275\"\/><\/a><\/figure><\/div>\n\n\n\n<p>Al\u00e9m disso, o crescimento econ\u00f4mico dos dois estados deve trazer reflexos positivos nos rendimentos da popula\u00e7\u00e3o. De acordo com a consultoria Tend\u00eancias, a expectativa \u00e9 de um aumento anual real (ou seja, acima da infla\u00e7\u00e3o) de 4% na massa de rendimentos habitualmente recebidos at\u00e9 2034.<\/p>\n\n\n\n<div class=\"wp-block-image\"><figure class=\"aligncenter size-large\"><a href=\"https:\/\/www.facebook.com\/vetor.vix\/\"><img loading=\"lazy\" decoding=\"async\" width=\"1024\" height=\"273\" src=\"https:\/\/jornalfatosenoticias.com.br\/wp-content\/uploads\/2023\/09\/vetorvix1024_1.jpg\" alt=\"\" class=\"wp-image-44868\" srcset=\"https:\/\/jornalfatosenoticias.com.br\/wp-content\/uploads\/2023\/09\/vetorvix1024_1.jpg 1024w, https:\/\/jornalfatosenoticias.com.br\/wp-content\/uploads\/2023\/09\/vetorvix1024_1-300x80.jpg 300w, https:\/\/jornalfatosenoticias.com.br\/wp-content\/uploads\/2023\/09\/vetorvix1024_1-768x205.jpg 768w\" sizes=\"auto, (max-width: 1024px) 100vw, 1024px\" \/><\/a><\/figure><\/div>\n\n\n\n<p><strong><span class=\"has-inline-color has-black-color\">Emprego formal avan\u00e7ou menos em 2024, mas desemprego caiu em Mato Grosso e Mato Grosso do Sul<br><\/span><\/strong>As consequ\u00eancias do El Ni\u00f1o sobre a economia de Mato Grosso e Mato Grosso do Sul em 2024 foram sentidas no mercado de trabalho, com uma forte queda na gera\u00e7\u00e3o de empregos formais. De acordo com a consultoria Tend\u00eancias, o PIB de Mato Grosso teve retra\u00e7\u00e3o de 0,3% no ano passado. No mesmo per\u00edodo, o Cadastro Geral de Empregados e Desempregados (Caged), do Minist\u00e9rio do Trabalho, registrou a cria\u00e7\u00e3o de 25,8 mil empregos com carteira assinada, com queda de 36,8% em rela\u00e7\u00e3o a 2023.<\/p>\n\n\n\n<div class=\"wp-block-image\"><figure class=\"aligncenter size-large is-resized\"><a href=\"https:\/\/www.instagram.com\/serra4x4cambioautomatico\/\"><img loading=\"lazy\" decoding=\"async\" src=\"https:\/\/jornalfatosenoticias.com.br\/wp-content\/uploads\/2024\/08\/Serra-4x4-1-886x1024.jpg\" alt=\"\" class=\"wp-image-53632\" width=\"319\" height=\"369\" srcset=\"https:\/\/jornalfatosenoticias.com.br\/wp-content\/uploads\/2024\/08\/Serra-4x4-1-886x1024.jpg 886w, https:\/\/jornalfatosenoticias.com.br\/wp-content\/uploads\/2024\/08\/Serra-4x4-1-260x300.jpg 260w, https:\/\/jornalfatosenoticias.com.br\/wp-content\/uploads\/2024\/08\/Serra-4x4-1-768x888.jpg 768w, https:\/\/jornalfatosenoticias.com.br\/wp-content\/uploads\/2024\/08\/Serra-4x4-1.jpg 1181w\" sizes=\"auto, (max-width: 319px) 100vw, 319px\" \/><\/a><\/figure><\/div>\n\n\n\n<p>Em Mato Grosso do Sul, o cen\u00e1rio foi mais adverso: o PIB recuou 0,8% em 2024, enquanto o n\u00famero de empregos formais criados foi de apenas 12,2 mil, 55,5% menos que no ano anterior. Por outro lado, outros indicadores do mercado de trabalho mostraram resultados mais favor\u00e1veis. A taxa de desemprego em Mato Grosso do Sul caiu de 4% para 3,7% entre o fim de 2023 e o fim de 2024. Em Mato Grosso, o recuo foi ainda mais expressivo, de 3% para 2,5%, a menor taxa desde o in\u00edcio da s\u00e9rie hist\u00f3rica, em 2012. Na m\u00e9dia nacional, o desemprego terminou 2024 em 6,2%.<\/p>\n\n\n\n<div class=\"wp-block-image\"><figure class=\"aligncenter size-large is-resized\"><a href=\"https:\/\/hotelmarquetti.com.br\/\"><img loading=\"lazy\" decoding=\"async\" src=\"https:\/\/jornalfatosenoticias.com.br\/wp-content\/uploads\/2023\/03\/nova-logo-Marquetti.jpg\" alt=\"\" class=\"wp-image-40207\" width=\"318\" height=\"213\" srcset=\"https:\/\/jornalfatosenoticias.com.br\/wp-content\/uploads\/2023\/03\/nova-logo-Marquetti.jpg 643w, https:\/\/jornalfatosenoticias.com.br\/wp-content\/uploads\/2023\/03\/nova-logo-Marquetti-300x202.jpg 300w\" sizes=\"auto, (max-width: 318px) 100vw, 318px\" \/><\/a><\/figure><\/div>\n\n\n\n<p>Mato Grosso tamb\u00e9m lidera entre os estados brasileiros em participa\u00e7\u00e3o na for\u00e7a de trabalho de pessoas acima de 14 anos, com uma taxa de 70,2% no quarto trimestre de 2024. Mato Grosso do Sul aparece na oitava posi\u00e7\u00e3o, com 65,3%, enquanto a m\u00e9dia nacional \u00e9 de 62,6%, segundo o IBGE.<\/p>\n\n\n\n<div class=\"wp-block-image\"><figure class=\"aligncenter size-large is-resized\"><a href=\"https:\/\/www.instagram.com\/restaurantepegoretti\/\"><img loading=\"lazy\" decoding=\"async\" src=\"https:\/\/jornalfatosenoticias.com.br\/wp-content\/uploads\/2023\/12\/pegoretti-logo-pdf-1024x389.jpg\" alt=\"\" class=\"wp-image-47536\" width=\"475\" height=\"180\" srcset=\"https:\/\/jornalfatosenoticias.com.br\/wp-content\/uploads\/2023\/12\/pegoretti-logo-pdf-1024x389.jpg 1024w, https:\/\/jornalfatosenoticias.com.br\/wp-content\/uploads\/2023\/12\/pegoretti-logo-pdf-300x114.jpg 300w, https:\/\/jornalfatosenoticias.com.br\/wp-content\/uploads\/2023\/12\/pegoretti-logo-pdf-768x291.jpg 768w, https:\/\/jornalfatosenoticias.com.br\/wp-content\/uploads\/2023\/12\/pegoretti-logo-pdf.jpg 1120w\" sizes=\"auto, (max-width: 475px) 100vw, 475px\" \/><\/a><\/figure><\/div>\n\n\n\n<p><strong><span class=\"has-inline-color has-black-color\">Qualifica\u00e7\u00e3o da m\u00e3o de obra \u00e9 desafio para crescimento econ\u00f4mico futuro<br><\/span><\/strong>A demanda por m\u00e3o de obra qualificada est\u00e1 em alta, especialmente em polos agroindustriais de Mato Grosso, como Rondon\u00f3polis e Primavera do Leste. Segundo a consultoria internacional Robert Half, o avan\u00e7o da tecnologia tem transformado rapidamente o perfil das vagas no agroneg\u00f3cio.<br>Empresas que antes recrutavam trabalhadores para colheitas agora priorizam profissionais altamente capacitados, como, por exemplo, nas \u00e1reas jur\u00eddica, tecnol\u00f3gica e tribut\u00e1ria. O objetivo \u00e9 o de gerenciar processos automatizados e integrar opera\u00e7\u00f5es log\u00edsticas e administrativas.\u00a0<\/p>\n\n\n\n<div class=\"wp-block-image\"><figure class=\"aligncenter size-large\"><a href=\"http:\/\/www.ferrarimaquinas.com.br\/\"><img loading=\"lazy\" decoding=\"async\" width=\"300\" height=\"250\" src=\"https:\/\/jornalfatosenoticias.com.br\/wp-content\/uploads\/2022\/02\/FERRARI_MAQUINAS-E-FERRAMENTAS2.jpg\" alt=\"\" class=\"wp-image-27860\"\/><\/a><\/figure><\/div>\n\n\n\n<blockquote class=\"wp-block-quote is-layout-flow wp-block-quote-is-layout-flow\"><p><span class=\"has-inline-color has-luminous-vivid-orange-color\">A busca por for\u00e7a de trabalho qualificada, visando a continuidade dessa economia aquecida, \u00e9 um desafio para todos os setores produtivos do estado\u201d, destaca S\u00edlvio Rangel, presidente do Sistema Federa\u00e7\u00e3o das Ind\u00fastrias do Estado do Mato Grosso (Fiemt).<\/span><\/p><\/blockquote>\n\n\n\n<div class=\"wp-block-image\"><figure class=\"aligncenter size-large is-resized\"><a href=\"https:\/\/panper.com.br\/\"><img loading=\"lazy\" decoding=\"async\" src=\"https:\/\/jornalfatosenoticias.com.br\/wp-content\/uploads\/2023\/03\/logo-Panper_portal.jpg\" alt=\"\" class=\"wp-image-40208\" width=\"352\" height=\"244\" srcset=\"https:\/\/jornalfatosenoticias.com.br\/wp-content\/uploads\/2023\/03\/logo-Panper_portal.jpg 400w, https:\/\/jornalfatosenoticias.com.br\/wp-content\/uploads\/2023\/03\/logo-Panper_portal-300x208.jpg 300w\" sizes=\"auto, (max-width: 352px) 100vw, 352px\" \/><\/a><\/figure><\/div>\n\n\n\n<p><strong><span class=\"has-inline-color has-black-color\">Investimentos devem impulsionar a economia de ambos os estados<br><\/span><\/strong>As perspectivas de investimentos para Mato Grosso e Mato Grosso do Sul s\u00e3o bastante positivas. De acordo com a consultoria Tend\u00eancias, nove dos dez maiores investimentos privados previstos para o Centro-Oeste nos pr\u00f3ximos anos est\u00e3o concentrados nesses dois estados.\u00a0O destaque vai para a ind\u00fastria de celulose. Em 2024, a Suzano concluiu o Projeto Cerrado, em Ribas do Rio Pardo (MS), com um investimento de R$ 22,2 bilh\u00f5es. A nova f\u00e1brica, licenciada em julho, j\u00e1 est\u00e1 em opera\u00e7\u00e3o e produz celulose de eucalipto.<\/p>\n\n\n\n<div class=\"wp-block-image\"><figure class=\"aligncenter size-large is-resized\"><a href=\"https:\/\/www.facebook.com\/postobkr\/?locale=pt_BR\"><img loading=\"lazy\" decoding=\"async\" src=\"https:\/\/jornalfatosenoticias.com.br\/wp-content\/uploads\/2023\/08\/BKR-1024x1021.jpg\" alt=\"\" class=\"wp-image-44494\" width=\"347\" height=\"346\" srcset=\"https:\/\/jornalfatosenoticias.com.br\/wp-content\/uploads\/2023\/08\/BKR-1024x1021.jpg 1024w, https:\/\/jornalfatosenoticias.com.br\/wp-content\/uploads\/2023\/08\/BKR-300x300.jpg 300w, https:\/\/jornalfatosenoticias.com.br\/wp-content\/uploads\/2023\/08\/BKR-150x150.jpg 150w, https:\/\/jornalfatosenoticias.com.br\/wp-content\/uploads\/2023\/08\/BKR-768x766.jpg 768w, https:\/\/jornalfatosenoticias.com.br\/wp-content\/uploads\/2023\/08\/BKR.jpg 1080w\" sizes=\"auto, (max-width: 347px) 100vw, 347px\" \/><\/a><\/figure><\/div>\n\n\n\n<p>Outro grande projeto \u00e9 da Bracell, que est\u00e1 investindo R$ 23,2 bilh\u00f5es na constru\u00e7\u00e3o de uma f\u00e1brica em \u00c1gua Clara (MS), com capacidade de produ\u00e7\u00e3o de 2,8 milh\u00f5es de toneladas anuais. O empreendimento est\u00e1 em fase final de estudos de impacto ambiental (EIA\/Rima), com conclus\u00e3o prevista para este ano.\u00a0\u201cA amplia\u00e7\u00e3o de f\u00e1bricas, moderniza\u00e7\u00e3o das opera\u00e7\u00f5es e melhorias na infraestrutura log\u00edstica est\u00e3o entre as principais iniciativas que devem fortalecer a produ\u00e7\u00e3o e a competitividade do setor\u201d, destaca o Banco do Brasil em relat\u00f3rio.\u00a0<\/p>\n\n\n\n<div class=\"wp-block-image\"><figure class=\"aligncenter size-large is-resized\"><a href=\"https:\/\/www.ithbrasil.com.br\/\"><img loading=\"lazy\" decoding=\"async\" src=\"https:\/\/jornalfatosenoticias.com.br\/wp-content\/uploads\/2023\/08\/ITH.jpeg\" alt=\"\" class=\"wp-image-44638\" width=\"330\" height=\"268\" srcset=\"https:\/\/jornalfatosenoticias.com.br\/wp-content\/uploads\/2023\/08\/ITH.jpeg 800w, https:\/\/jornalfatosenoticias.com.br\/wp-content\/uploads\/2023\/08\/ITH-300x244.jpeg 300w, https:\/\/jornalfatosenoticias.com.br\/wp-content\/uploads\/2023\/08\/ITH-768x624.jpeg 768w\" sizes=\"auto, (max-width: 330px) 100vw, 330px\" \/><\/a><\/figure><\/div>\n\n\n\n<p>Os investimentos n\u00e3o se limitam ao agroneg\u00f3cio. De olho no crescimento econ\u00f4mico da regi\u00e3o, a rede hoteleira francesa Accor, uma das maiores do mundo, planeja expandir sua presen\u00e7a nos dois estados.\u00a0Segundo Abel Castro, executivo respons\u00e1vel pelo desenvolvimento da Accor na Am\u00e9rica Latina e Caribe, a estrat\u00e9gia de interioriza\u00e7\u00e3o da rede no Brasil inclui cidades com forte liga\u00e7\u00e3o ao agroneg\u00f3cio, mas sem deixar de lado os grandes centros urbanos. \u00a0<br>Hoje o Centro-Oeste tem 17 hot\u00e9is da Accor, e cinco novas unidades est\u00e3o previstas apenas para Mato Grosso at\u00e9 2027. Entre as cidades que receber\u00e3o novos empreendimentos est\u00e3o Sinop, que ganhar\u00e1 seu segundo hotel da rede, al\u00e9m de Sorriso, Primavera do Leste, Lucas do Rio Verde e Mutum.<\/p>\n\n\n\n<div class=\"wp-block-image\"><figure class=\"aligncenter size-large is-resized\"><a href=\"https:\/\/www.instagram.com\/rcradiadores\/\"><img loading=\"lazy\" decoding=\"async\" src=\"https:\/\/jornalfatosenoticias.com.br\/wp-content\/uploads\/2022\/10\/RC_800x750_page-0001.jpg\" alt=\"\" class=\"wp-image-35338\" width=\"314\" height=\"295\" srcset=\"https:\/\/jornalfatosenoticias.com.br\/wp-content\/uploads\/2022\/10\/RC_800x750_page-0001.jpg 400w, https:\/\/jornalfatosenoticias.com.br\/wp-content\/uploads\/2022\/10\/RC_800x750_page-0001-300x281.jpg 300w\" sizes=\"auto, (max-width: 314px) 100vw, 314px\" \/><\/a><\/figure><\/div>\n\n\n\n<p><strong><span class=\"has-inline-color has-black-color\">Infraestrutura pode atrair investimentos, mas cen\u00e1rio \u00e9 desafiador<br><\/span><\/strong>Melhorias regulat\u00f3rias e maior apoio \u00e0 estrutura\u00e7\u00e3o de concess\u00f5es e parcerias p\u00fablico-privadas (PPPs) t\u00eam favorecido a realiza\u00e7\u00e3o de leil\u00f5es de infraestrutura nos \u00faltimos anos. Em Mato Grosso do Sul, o governo prev\u00ea concess\u00f5es rodovi\u00e1rias que somam R$ 9 bilh\u00f5es, com leil\u00e3o previsto para abril. Em Mato Grosso, o plano \u00e9 conceder quatro mil quil\u00f4metros de rodovias at\u00e9 2026, com investimentos estimados em R$ 8 bilh\u00f5es. <\/p>\n\n\n\n<div class=\"wp-block-image\"><figure class=\"aligncenter size-large\"><a href=\"https:\/\/mizu.com.br\/\"><img loading=\"lazy\" decoding=\"async\" width=\"729\" height=\"90\" src=\"https:\/\/jornalfatosenoticias.com.br\/wp-content\/uploads\/2020\/02\/Logo_Mizu.png\" alt=\"\" class=\"wp-image-1441\" srcset=\"https:\/\/jornalfatosenoticias.com.br\/wp-content\/uploads\/2020\/02\/Logo_Mizu.png 729w, https:\/\/jornalfatosenoticias.com.br\/wp-content\/uploads\/2020\/02\/Logo_Mizu-300x37.png 300w\" sizes=\"auto, (max-width: 729px) 100vw, 729px\" \/><\/a><\/figure><\/div>\n\n\n\n<p><strong><span class=\"has-inline-color has-black-color\">Apesar de as perspectivas serem positivas, alguns fatores podem limitar o avan\u00e7o desses projetos:<br><\/span><\/strong>\u2705Incertezas globais, que reduzem o fluxo de investimentos para pa\u00edses emergentes;<br>\u2705Alta concorr\u00eancia entre projetos, diante de um n\u00famero restrito de investidores;<br>\u2705Eleva\u00e7\u00e3o das taxas de juros dom\u00e9sticas, que aumenta o custo do capital.<\/p>\n\n\n\n<div class=\"wp-block-image\"><figure class=\"aligncenter size-large is-resized\"><a href=\"https:\/\/www.instagram.com\/esteiochurrascaria\/\"><img loading=\"lazy\" decoding=\"async\" src=\"https:\/\/jornalfatosenoticias.com.br\/wp-content\/uploads\/2022\/02\/LOGO-ESTEIO-1024x730.png\" alt=\"\" class=\"wp-image-27942\" width=\"348\" height=\"248\" srcset=\"https:\/\/jornalfatosenoticias.com.br\/wp-content\/uploads\/2022\/02\/LOGO-ESTEIO-1024x730.png 1024w, https:\/\/jornalfatosenoticias.com.br\/wp-content\/uploads\/2022\/02\/LOGO-ESTEIO-300x214.png 300w, https:\/\/jornalfatosenoticias.com.br\/wp-content\/uploads\/2022\/02\/LOGO-ESTEIO-768x548.png 768w, https:\/\/jornalfatosenoticias.com.br\/wp-content\/uploads\/2022\/02\/LOGO-ESTEIO.png 1123w\" sizes=\"auto, (max-width: 348px) 100vw, 348px\" \/><\/a><\/figure><\/div>\n\n\n\n<p><strong><span class=\"has-inline-color has-black-color\">PIB dos estados: qual o crescimento previsto para 2025<br><\/span><\/strong><em>Confira a seguir a proje\u00e7\u00e3o de crescimento econ\u00f4mico para cada estado brasileiro em 2025, segundo a consultoria Tend\u00eancias:<\/em><\/p>\n\n\n\n<ul class=\"wp-block-list\"><li>Mato Grosso do Sul: 4,4%<\/li><li>Mato Grosso: 3,7%<\/li><li>Par\u00e1: 3,5%<\/li><li>Amap\u00e1: 3,2%<\/li><li>Piau\u00ed: 3,1%<\/li><li>Alagoas: 2,9%<\/li><li>Rio Grande do Norte: 2,9%<\/li><li>Rio Grande do Sul: 2,5%<\/li><li>Roraima: 2,5%<\/li><li>Goi\u00e1s: 2,4%<\/li><li>Rio de Janeiro: 2,4%<\/li><li>Amazonas: 2,1%<\/li><li>Maranh\u00e3o: 2,1%<\/li><li>Bahia: 2,0%<\/li><li>Minas Gerais: 1,9%<\/li><li>Distrito Federal: 1,7%<\/li><li>Pernambuco: 1,7%<\/li><li>Cear\u00e1: 1,6%<\/li><li>Paran\u00e1: 1,6%<\/li><li>Esp\u00edrito Santo: 1,5%<\/li><li>Rond\u00f4nia: 1,5%<\/li><li>Para\u00edba: 1,4%<\/li><li>S\u00e3o Paulo: 1,4%<\/li><li>Sergipe: 1,2%<\/li><li>Acre: 1,0%<\/li><li>Santa Catarina: 1,0%<\/li><\/ul>\n\n\n\n<p><strong><em>Fonte: <a href=\"https:\/\/www.gazetadopovo.com.br\/economia\/mato-grosso-mato-grosso-do-sul-pib-2025\/\">Gazeta do Povo<\/a><\/em><\/strong><\/p>\n","protected":false},"excerpt":{"rendered":"<p>Colheita de algod\u00e3o em Mato Grosso do Sul: agroneg\u00f3cio deve impulsionar crescimento do estado Por Vandr\u00e9 Kramer Dois estados vizinhos devem ter os maiores crescimentos econ\u00f4micos do pa\u00eds em 2025, segundo estudo da consultoria Tend\u00eancias. O levantamento projeta alta de 4,4% para o PIB de Mato Grosso do Sul e de 3,7% para o de [&hellip;]<\/p>\n","protected":false},"author":2,"featured_media":57798,"comment_status":"open","ping_status":"open","sticky":false,"template":"","format":"standard","meta":{"footnotes":""},"categories":[9],"tags":[16143,279,12903,26355,1733,4374,388],"class_list":["post-57797","post","type-post","status-publish","format-standard","has-post-thumbnail","hentry","category-economia","tag-agro","tag-agropecuaria","tag-atividade-economica","tag-forca-do-agro","tag-mato-grosso","tag-mato-grosso-do-sul","tag-mercado-de-trabalho"],"yoast_head":"<!-- This site is optimized with the Yoast SEO plugin v26.5 - https:\/\/yoast.com\/wordpress\/plugins\/seo\/ -->\n<title>Dois estados vizinhos devem liderar o crescimento do PIB no Brasil em 2025 - Jornal Fatos e Not\u00edcias<\/title>\n<meta name=\"robots\" content=\"index, follow, max-snippet:-1, max-image-preview:large, max-video-preview:-1\" \/>\n<link rel=\"canonical\" href=\"https:\/\/jornalfatosenoticias.com.br\/index.php\/2025\/03\/17\/dois-estados-vizinhos-devem-liderar-o-crescimento-do-pib-no-brasil-em-2025\/\" \/>\n<meta property=\"og:locale\" content=\"pt_BR\" \/>\n<meta property=\"og:type\" content=\"article\" \/>\n<meta property=\"og:title\" content=\"Dois estados vizinhos devem liderar o crescimento do PIB no Brasil em 2025 - Jornal Fatos e Not\u00edcias\" \/>\n<meta property=\"og:description\" content=\"Colheita de algod\u00e3o em Mato Grosso do Sul: agroneg\u00f3cio deve impulsionar crescimento do estado Por Vandr\u00e9 Kramer Dois estados vizinhos devem ter os maiores crescimentos econ\u00f4micos do pa\u00eds em 2025, segundo estudo da consultoria Tend\u00eancias. O levantamento projeta alta de 4,4% para o PIB de Mato Grosso do Sul e de 3,7% para o de [&hellip;]\" \/>\n<meta property=\"og:url\" content=\"https:\/\/jornalfatosenoticias.com.br\/index.php\/2025\/03\/17\/dois-estados-vizinhos-devem-liderar-o-crescimento-do-pib-no-brasil-em-2025\/\" \/>\n<meta property=\"og:site_name\" content=\"Jornal Fatos e Not\u00edcias\" \/>\n<meta property=\"article:published_time\" content=\"2025-03-17T19:01:35+00:00\" \/>\n<meta property=\"article:modified_time\" content=\"2025-03-17T19:01:37+00:00\" \/>\n<meta property=\"og:image\" content=\"https:\/\/jornalfatosenoticias.com.br\/wp-content\/uploads\/2025\/03\/colhedora-de-algodao_freepik.jpg\" \/>\n\t<meta property=\"og:image:width\" content=\"996\" \/>\n\t<meta property=\"og:image:height\" content=\"558\" \/>\n\t<meta property=\"og:image:type\" content=\"image\/jpeg\" \/>\n<meta name=\"author\" content=\"Luzimara Fernandes\" \/>\n<meta name=\"twitter:card\" content=\"summary_large_image\" \/>\n<meta name=\"twitter:label1\" content=\"Escrito por\" \/>\n\t<meta name=\"twitter:data1\" content=\"Luzimara Fernandes\" \/>\n\t<meta name=\"twitter:label2\" content=\"Est. tempo de leitura\" \/>\n\t<meta name=\"twitter:data2\" content=\"7 minutos\" \/>\n<script type=\"application\/ld+json\" class=\"yoast-schema-graph\">{\"@context\":\"https:\/\/schema.org\",\"@graph\":[{\"@type\":\"Article\",\"@id\":\"https:\/\/jornalfatosenoticias.com.br\/index.php\/2025\/03\/17\/dois-estados-vizinhos-devem-liderar-o-crescimento-do-pib-no-brasil-em-2025\/#article\",\"isPartOf\":{\"@id\":\"https:\/\/jornalfatosenoticias.com.br\/index.php\/2025\/03\/17\/dois-estados-vizinhos-devem-liderar-o-crescimento-do-pib-no-brasil-em-2025\/\"},\"author\":{\"name\":\"Luzimara Fernandes\",\"@id\":\"https:\/\/jornalfatosenoticias.com.br\/#\/schema\/person\/d63837fa13ac8666eb9e74e0985d6f81\"},\"headline\":\"Dois estados vizinhos devem liderar o crescimento do PIB no Brasil em 2025\",\"datePublished\":\"2025-03-17T19:01:35+00:00\",\"dateModified\":\"2025-03-17T19:01:37+00:00\",\"mainEntityOfPage\":{\"@id\":\"https:\/\/jornalfatosenoticias.com.br\/index.php\/2025\/03\/17\/dois-estados-vizinhos-devem-liderar-o-crescimento-do-pib-no-brasil-em-2025\/\"},\"wordCount\":1426,\"commentCount\":0,\"publisher\":{\"@id\":\"https:\/\/jornalfatosenoticias.com.br\/#organization\"},\"image\":{\"@id\":\"https:\/\/jornalfatosenoticias.com.br\/index.php\/2025\/03\/17\/dois-estados-vizinhos-devem-liderar-o-crescimento-do-pib-no-brasil-em-2025\/#primaryimage\"},\"thumbnailUrl\":\"https:\/\/jornalfatosenoticias.com.br\/wp-content\/uploads\/2025\/03\/colhedora-de-algodao_freepik.jpg\",\"keywords\":[\"agro\",\"agropecu\u00e1ria\",\"atividade econ\u00f4mica\",\"for\u00e7a do agro\",\"Mato Grosso\",\"Mato Grosso do Sul\",\"mercado de trabalho\"],\"articleSection\":[\"Economia\"],\"inLanguage\":\"pt-BR\",\"potentialAction\":[{\"@type\":\"CommentAction\",\"name\":\"Comment\",\"target\":[\"https:\/\/jornalfatosenoticias.com.br\/index.php\/2025\/03\/17\/dois-estados-vizinhos-devem-liderar-o-crescimento-do-pib-no-brasil-em-2025\/#respond\"]}]},{\"@type\":\"WebPage\",\"@id\":\"https:\/\/jornalfatosenoticias.com.br\/index.php\/2025\/03\/17\/dois-estados-vizinhos-devem-liderar-o-crescimento-do-pib-no-brasil-em-2025\/\",\"url\":\"https:\/\/jornalfatosenoticias.com.br\/index.php\/2025\/03\/17\/dois-estados-vizinhos-devem-liderar-o-crescimento-do-pib-no-brasil-em-2025\/\",\"name\":\"Dois estados vizinhos devem liderar o crescimento do PIB no Brasil em 2025 - Jornal Fatos e Not\u00edcias\",\"isPartOf\":{\"@id\":\"https:\/\/jornalfatosenoticias.com.br\/#website\"},\"primaryImageOfPage\":{\"@id\":\"https:\/\/jornalfatosenoticias.com.br\/index.php\/2025\/03\/17\/dois-estados-vizinhos-devem-liderar-o-crescimento-do-pib-no-brasil-em-2025\/#primaryimage\"},\"image\":{\"@id\":\"https:\/\/jornalfatosenoticias.com.br\/index.php\/2025\/03\/17\/dois-estados-vizinhos-devem-liderar-o-crescimento-do-pib-no-brasil-em-2025\/#primaryimage\"},\"thumbnailUrl\":\"https:\/\/jornalfatosenoticias.com.br\/wp-content\/uploads\/2025\/03\/colhedora-de-algodao_freepik.jpg\",\"datePublished\":\"2025-03-17T19:01:35+00:00\",\"dateModified\":\"2025-03-17T19:01:37+00:00\",\"breadcrumb\":{\"@id\":\"https:\/\/jornalfatosenoticias.com.br\/index.php\/2025\/03\/17\/dois-estados-vizinhos-devem-liderar-o-crescimento-do-pib-no-brasil-em-2025\/#breadcrumb\"},\"inLanguage\":\"pt-BR\",\"potentialAction\":[{\"@type\":\"ReadAction\",\"target\":[\"https:\/\/jornalfatosenoticias.com.br\/index.php\/2025\/03\/17\/dois-estados-vizinhos-devem-liderar-o-crescimento-do-pib-no-brasil-em-2025\/\"]}]},{\"@type\":\"ImageObject\",\"inLanguage\":\"pt-BR\",\"@id\":\"https:\/\/jornalfatosenoticias.com.br\/index.php\/2025\/03\/17\/dois-estados-vizinhos-devem-liderar-o-crescimento-do-pib-no-brasil-em-2025\/#primaryimage\",\"url\":\"https:\/\/jornalfatosenoticias.com.br\/wp-content\/uploads\/2025\/03\/colhedora-de-algodao_freepik.jpg\",\"contentUrl\":\"https:\/\/jornalfatosenoticias.com.br\/wp-content\/uploads\/2025\/03\/colhedora-de-algodao_freepik.jpg\",\"width\":996,\"height\":558},{\"@type\":\"BreadcrumbList\",\"@id\":\"https:\/\/jornalfatosenoticias.com.br\/index.php\/2025\/03\/17\/dois-estados-vizinhos-devem-liderar-o-crescimento-do-pib-no-brasil-em-2025\/#breadcrumb\",\"itemListElement\":[{\"@type\":\"ListItem\",\"position\":1,\"name\":\"In\u00edcio\",\"item\":\"https:\/\/jornalfatosenoticias.com.br\/\"},{\"@type\":\"ListItem\",\"position\":2,\"name\":\"Dois estados vizinhos devem liderar o crescimento do PIB no Brasil em 2025\"}]},{\"@type\":\"WebSite\",\"@id\":\"https:\/\/jornalfatosenoticias.com.br\/#website\",\"url\":\"https:\/\/jornalfatosenoticias.com.br\/\",\"name\":\"Jornal Fatos e Not\u00edcias\",\"description\":\"Not\u00edcias em geral\",\"publisher\":{\"@id\":\"https:\/\/jornalfatosenoticias.com.br\/#organization\"},\"potentialAction\":[{\"@type\":\"SearchAction\",\"target\":{\"@type\":\"EntryPoint\",\"urlTemplate\":\"https:\/\/jornalfatosenoticias.com.br\/?s={search_term_string}\"},\"query-input\":{\"@type\":\"PropertyValueSpecification\",\"valueRequired\":true,\"valueName\":\"search_term_string\"}}],\"inLanguage\":\"pt-BR\"},{\"@type\":\"Organization\",\"@id\":\"https:\/\/jornalfatosenoticias.com.br\/#organization\",\"name\":\"Jornal Fatos e Not\u00edcias\",\"url\":\"https:\/\/jornalfatosenoticias.com.br\/\",\"logo\":{\"@type\":\"ImageObject\",\"inLanguage\":\"pt-BR\",\"@id\":\"https:\/\/jornalfatosenoticias.com.br\/#\/schema\/logo\/image\/\",\"url\":\"https:\/\/jornalfatosenoticias.com.br\/wp-content\/uploads\/2020\/02\/logo120.png\",\"contentUrl\":\"https:\/\/jornalfatosenoticias.com.br\/wp-content\/uploads\/2020\/02\/logo120.png\",\"width\":1227,\"height\":120,\"caption\":\"Jornal Fatos e Not\u00edcias\"},\"image\":{\"@id\":\"https:\/\/jornalfatosenoticias.com.br\/#\/schema\/logo\/image\/\"}},{\"@type\":\"Person\",\"@id\":\"https:\/\/jornalfatosenoticias.com.br\/#\/schema\/person\/d63837fa13ac8666eb9e74e0985d6f81\",\"name\":\"Luzimara Fernandes\",\"image\":{\"@type\":\"ImageObject\",\"inLanguage\":\"pt-BR\",\"@id\":\"https:\/\/jornalfatosenoticias.com.br\/#\/schema\/person\/image\/\",\"url\":\"https:\/\/jornalfatosenoticias.com.br\/wp-content\/uploads\/2025\/05\/EU_portal.jpg\",\"contentUrl\":\"https:\/\/jornalfatosenoticias.com.br\/wp-content\/uploads\/2025\/05\/EU_portal.jpg\",\"caption\":\"Luzimara Fernandes\"},\"description\":\"Jornalista MTB 2358-ES\",\"sameAs\":[\"https:\/\/jornalfatosenoticias.com.br\"],\"url\":\"https:\/\/jornalfatosenoticias.com.br\/index.php\/author\/luzimara\/\"}]}<\/script>\n<!-- \/ Yoast SEO plugin. -->","yoast_head_json":{"title":"Dois estados vizinhos devem liderar o crescimento do PIB no Brasil em 2025 - Jornal Fatos e Not\u00edcias","robots":{"index":"index","follow":"follow","max-snippet":"max-snippet:-1","max-image-preview":"max-image-preview:large","max-video-preview":"max-video-preview:-1"},"canonical":"https:\/\/jornalfatosenoticias.com.br\/index.php\/2025\/03\/17\/dois-estados-vizinhos-devem-liderar-o-crescimento-do-pib-no-brasil-em-2025\/","og_locale":"pt_BR","og_type":"article","og_title":"Dois estados vizinhos devem liderar o crescimento do PIB no Brasil em 2025 - Jornal Fatos e Not\u00edcias","og_description":"Colheita de algod\u00e3o em Mato Grosso do Sul: agroneg\u00f3cio deve impulsionar crescimento do estado Por Vandr\u00e9 Kramer Dois estados vizinhos devem ter os maiores crescimentos econ\u00f4micos do pa\u00eds em 2025, segundo estudo da consultoria Tend\u00eancias. O levantamento projeta alta de 4,4% para o PIB de Mato Grosso do Sul e de 3,7% para o de [&hellip;]","og_url":"https:\/\/jornalfatosenoticias.com.br\/index.php\/2025\/03\/17\/dois-estados-vizinhos-devem-liderar-o-crescimento-do-pib-no-brasil-em-2025\/","og_site_name":"Jornal Fatos e Not\u00edcias","article_published_time":"2025-03-17T19:01:35+00:00","article_modified_time":"2025-03-17T19:01:37+00:00","og_image":[{"width":996,"height":558,"url":"https:\/\/jornalfatosenoticias.com.br\/wp-content\/uploads\/2025\/03\/colhedora-de-algodao_freepik.jpg","type":"image\/jpeg"}],"author":"Luzimara Fernandes","twitter_card":"summary_large_image","twitter_misc":{"Escrito por":"Luzimara Fernandes","Est. tempo de leitura":"7 minutos"},"schema":{"@context":"https:\/\/schema.org","@graph":[{"@type":"Article","@id":"https:\/\/jornalfatosenoticias.com.br\/index.php\/2025\/03\/17\/dois-estados-vizinhos-devem-liderar-o-crescimento-do-pib-no-brasil-em-2025\/#article","isPartOf":{"@id":"https:\/\/jornalfatosenoticias.com.br\/index.php\/2025\/03\/17\/dois-estados-vizinhos-devem-liderar-o-crescimento-do-pib-no-brasil-em-2025\/"},"author":{"name":"Luzimara Fernandes","@id":"https:\/\/jornalfatosenoticias.com.br\/#\/schema\/person\/d63837fa13ac8666eb9e74e0985d6f81"},"headline":"Dois estados vizinhos devem liderar o crescimento do PIB no Brasil em 2025","datePublished":"2025-03-17T19:01:35+00:00","dateModified":"2025-03-17T19:01:37+00:00","mainEntityOfPage":{"@id":"https:\/\/jornalfatosenoticias.com.br\/index.php\/2025\/03\/17\/dois-estados-vizinhos-devem-liderar-o-crescimento-do-pib-no-brasil-em-2025\/"},"wordCount":1426,"commentCount":0,"publisher":{"@id":"https:\/\/jornalfatosenoticias.com.br\/#organization"},"image":{"@id":"https:\/\/jornalfatosenoticias.com.br\/index.php\/2025\/03\/17\/dois-estados-vizinhos-devem-liderar-o-crescimento-do-pib-no-brasil-em-2025\/#primaryimage"},"thumbnailUrl":"https:\/\/jornalfatosenoticias.com.br\/wp-content\/uploads\/2025\/03\/colhedora-de-algodao_freepik.jpg","keywords":["agro","agropecu\u00e1ria","atividade econ\u00f4mica","for\u00e7a do agro","Mato Grosso","Mato Grosso do Sul","mercado de trabalho"],"articleSection":["Economia"],"inLanguage":"pt-BR","potentialAction":[{"@type":"CommentAction","name":"Comment","target":["https:\/\/jornalfatosenoticias.com.br\/index.php\/2025\/03\/17\/dois-estados-vizinhos-devem-liderar-o-crescimento-do-pib-no-brasil-em-2025\/#respond"]}]},{"@type":"WebPage","@id":"https:\/\/jornalfatosenoticias.com.br\/index.php\/2025\/03\/17\/dois-estados-vizinhos-devem-liderar-o-crescimento-do-pib-no-brasil-em-2025\/","url":"https:\/\/jornalfatosenoticias.com.br\/index.php\/2025\/03\/17\/dois-estados-vizinhos-devem-liderar-o-crescimento-do-pib-no-brasil-em-2025\/","name":"Dois estados vizinhos devem liderar o crescimento do PIB no Brasil em 2025 - Jornal Fatos e Not\u00edcias","isPartOf":{"@id":"https:\/\/jornalfatosenoticias.com.br\/#website"},"primaryImageOfPage":{"@id":"https:\/\/jornalfatosenoticias.com.br\/index.php\/2025\/03\/17\/dois-estados-vizinhos-devem-liderar-o-crescimento-do-pib-no-brasil-em-2025\/#primaryimage"},"image":{"@id":"https:\/\/jornalfatosenoticias.com.br\/index.php\/2025\/03\/17\/dois-estados-vizinhos-devem-liderar-o-crescimento-do-pib-no-brasil-em-2025\/#primaryimage"},"thumbnailUrl":"https:\/\/jornalfatosenoticias.com.br\/wp-content\/uploads\/2025\/03\/colhedora-de-algodao_freepik.jpg","datePublished":"2025-03-17T19:01:35+00:00","dateModified":"2025-03-17T19:01:37+00:00","breadcrumb":{"@id":"https:\/\/jornalfatosenoticias.com.br\/index.php\/2025\/03\/17\/dois-estados-vizinhos-devem-liderar-o-crescimento-do-pib-no-brasil-em-2025\/#breadcrumb"},"inLanguage":"pt-BR","potentialAction":[{"@type":"ReadAction","target":["https:\/\/jornalfatosenoticias.com.br\/index.php\/2025\/03\/17\/dois-estados-vizinhos-devem-liderar-o-crescimento-do-pib-no-brasil-em-2025\/"]}]},{"@type":"ImageObject","inLanguage":"pt-BR","@id":"https:\/\/jornalfatosenoticias.com.br\/index.php\/2025\/03\/17\/dois-estados-vizinhos-devem-liderar-o-crescimento-do-pib-no-brasil-em-2025\/#primaryimage","url":"https:\/\/jornalfatosenoticias.com.br\/wp-content\/uploads\/2025\/03\/colhedora-de-algodao_freepik.jpg","contentUrl":"https:\/\/jornalfatosenoticias.com.br\/wp-content\/uploads\/2025\/03\/colhedora-de-algodao_freepik.jpg","width":996,"height":558},{"@type":"BreadcrumbList","@id":"https:\/\/jornalfatosenoticias.com.br\/index.php\/2025\/03\/17\/dois-estados-vizinhos-devem-liderar-o-crescimento-do-pib-no-brasil-em-2025\/#breadcrumb","itemListElement":[{"@type":"ListItem","position":1,"name":"In\u00edcio","item":"https:\/\/jornalfatosenoticias.com.br\/"},{"@type":"ListItem","position":2,"name":"Dois estados vizinhos devem liderar o crescimento do PIB no Brasil em 2025"}]},{"@type":"WebSite","@id":"https:\/\/jornalfatosenoticias.com.br\/#website","url":"https:\/\/jornalfatosenoticias.com.br\/","name":"Jornal Fatos e Not\u00edcias","description":"Not\u00edcias em geral","publisher":{"@id":"https:\/\/jornalfatosenoticias.com.br\/#organization"},"potentialAction":[{"@type":"SearchAction","target":{"@type":"EntryPoint","urlTemplate":"https:\/\/jornalfatosenoticias.com.br\/?s={search_term_string}"},"query-input":{"@type":"PropertyValueSpecification","valueRequired":true,"valueName":"search_term_string"}}],"inLanguage":"pt-BR"},{"@type":"Organization","@id":"https:\/\/jornalfatosenoticias.com.br\/#organization","name":"Jornal Fatos e Not\u00edcias","url":"https:\/\/jornalfatosenoticias.com.br\/","logo":{"@type":"ImageObject","inLanguage":"pt-BR","@id":"https:\/\/jornalfatosenoticias.com.br\/#\/schema\/logo\/image\/","url":"https:\/\/jornalfatosenoticias.com.br\/wp-content\/uploads\/2020\/02\/logo120.png","contentUrl":"https:\/\/jornalfatosenoticias.com.br\/wp-content\/uploads\/2020\/02\/logo120.png","width":1227,"height":120,"caption":"Jornal Fatos e Not\u00edcias"},"image":{"@id":"https:\/\/jornalfatosenoticias.com.br\/#\/schema\/logo\/image\/"}},{"@type":"Person","@id":"https:\/\/jornalfatosenoticias.com.br\/#\/schema\/person\/d63837fa13ac8666eb9e74e0985d6f81","name":"Luzimara Fernandes","image":{"@type":"ImageObject","inLanguage":"pt-BR","@id":"https:\/\/jornalfatosenoticias.com.br\/#\/schema\/person\/image\/","url":"https:\/\/jornalfatosenoticias.com.br\/wp-content\/uploads\/2025\/05\/EU_portal.jpg","contentUrl":"https:\/\/jornalfatosenoticias.com.br\/wp-content\/uploads\/2025\/05\/EU_portal.jpg","caption":"Luzimara Fernandes"},"description":"Jornalista MTB 2358-ES","sameAs":["https:\/\/jornalfatosenoticias.com.br"],"url":"https:\/\/jornalfatosenoticias.com.br\/index.php\/author\/luzimara\/"}]}},"cc_featured_image_caption":{"caption_text":"(Foto: Freepik) ","source_text":"","source_url":""},"jetpack_featured_media_url":"https:\/\/jornalfatosenoticias.com.br\/wp-content\/uploads\/2025\/03\/colhedora-de-algodao_freepik.jpg","_links":{"self":[{"href":"https:\/\/jornalfatosenoticias.com.br\/index.php\/wp-json\/wp\/v2\/posts\/57797","targetHints":{"allow":["GET"]}}],"collection":[{"href":"https:\/\/jornalfatosenoticias.com.br\/index.php\/wp-json\/wp\/v2\/posts"}],"about":[{"href":"https:\/\/jornalfatosenoticias.com.br\/index.php\/wp-json\/wp\/v2\/types\/post"}],"author":[{"embeddable":true,"href":"https:\/\/jornalfatosenoticias.com.br\/index.php\/wp-json\/wp\/v2\/users\/2"}],"replies":[{"embeddable":true,"href":"https:\/\/jornalfatosenoticias.com.br\/index.php\/wp-json\/wp\/v2\/comments?post=57797"}],"version-history":[{"count":0,"href":"https:\/\/jornalfatosenoticias.com.br\/index.php\/wp-json\/wp\/v2\/posts\/57797\/revisions"}],"wp:featuredmedia":[{"embeddable":true,"href":"https:\/\/jornalfatosenoticias.com.br\/index.php\/wp-json\/wp\/v2\/media\/57798"}],"wp:attachment":[{"href":"https:\/\/jornalfatosenoticias.com.br\/index.php\/wp-json\/wp\/v2\/media?parent=57797"}],"wp:term":[{"taxonomy":"category","embeddable":true,"href":"https:\/\/jornalfatosenoticias.com.br\/index.php\/wp-json\/wp\/v2\/categories?post=57797"},{"taxonomy":"post_tag","embeddable":true,"href":"https:\/\/jornalfatosenoticias.com.br\/index.php\/wp-json\/wp\/v2\/tags?post=57797"}],"curies":[{"name":"wp","href":"https:\/\/api.w.org\/{rel}","templated":true}]}}