{"id":57803,"date":"2025-03-17T18:15:11","date_gmt":"2025-03-17T21:15:11","guid":{"rendered":"https:\/\/jornalfatosenoticias.com.br\/?p=57803"},"modified":"2025-03-17T18:15:12","modified_gmt":"2025-03-17T21:15:12","slug":"deficit-do-governo-lula-pode-chegar-a-r-685-bilhoes-em-2025-aponta-consultoria-da-camara","status":"publish","type":"post","link":"https:\/\/jornalfatosenoticias.com.br\/index.php\/2025\/03\/17\/deficit-do-governo-lula-pode-chegar-a-r-685-bilhoes-em-2025-aponta-consultoria-da-camara\/","title":{"rendered":"D\u00e9ficit do governo Lula pode chegar a R$ 68,5 bilh\u00f5es em 2025, aponta consultoria da C\u00e2mara"},"content":{"rendered":"\n<div class=\"wp-block-image\"><figure class=\"aligncenter size-large\"><a href=\"https:\/\/www.facebook.com\/vetor.vix\/\"><img loading=\"lazy\" decoding=\"async\" width=\"1024\" height=\"273\" src=\"https:\/\/jornalfatosenoticias.com.br\/wp-content\/uploads\/2023\/09\/vetorvix1024_1.jpg\" alt=\"\" class=\"wp-image-44868\" srcset=\"https:\/\/jornalfatosenoticias.com.br\/wp-content\/uploads\/2023\/09\/vetorvix1024_1.jpg 1024w, https:\/\/jornalfatosenoticias.com.br\/wp-content\/uploads\/2023\/09\/vetorvix1024_1-300x80.jpg 300w, https:\/\/jornalfatosenoticias.com.br\/wp-content\/uploads\/2023\/09\/vetorvix1024_1-768x205.jpg 768w\" sizes=\"auto, (max-width: 1024px) 100vw, 1024px\" \/><\/a><\/figure><\/div>\n\n\n\n<p>A Consultoria de Or\u00e7amento e Fiscaliza\u00e7\u00e3o Financeira (Conof) da C\u00e2mara dos Deputados revisou para cima a previs\u00e3o de d\u00e9ficit or\u00e7ament\u00e1rio do governo federal em 2025, elevando a estimativa para R$ 68,5 bilh\u00f5es. O novo c\u00e1lculo reflete arrecada\u00e7\u00e3o abaixo do esperado e aumento de despesas obrigat\u00f3rias, como benef\u00edcios previdenci\u00e1rios e aux\u00edlio-g\u00e1s.<br>Em fevereiro de 2025, o d\u00e9ficit do governo foi de R$ 31,7 bilh\u00f5es, resultado de receitas de R$ 142,3 bilh\u00f5es e despesas de R$ 174 bilh\u00f5es. Apesar do saldo negativo, houve crescimento na arrecada\u00e7\u00e3o total (+1,3%) em rela\u00e7\u00e3o a fevereiro de 2024, impulsionado por um aumento de 6,5% nas receitas da Previd\u00eancia.<\/p>\n\n\n\n<div class=\"wp-block-image\"><figure class=\"aligncenter size-large is-resized\"><a href=\"https:\/\/www.facebook.com\/postobkr\/?locale=pt_BR\"><img loading=\"lazy\" decoding=\"async\" src=\"https:\/\/jornalfatosenoticias.com.br\/wp-content\/uploads\/2023\/08\/BKR-1024x1021.jpg\" alt=\"\" class=\"wp-image-44494\" width=\"307\" height=\"306\" srcset=\"https:\/\/jornalfatosenoticias.com.br\/wp-content\/uploads\/2023\/08\/BKR-1024x1021.jpg 1024w, https:\/\/jornalfatosenoticias.com.br\/wp-content\/uploads\/2023\/08\/BKR-300x300.jpg 300w, https:\/\/jornalfatosenoticias.com.br\/wp-content\/uploads\/2023\/08\/BKR-150x150.jpg 150w, https:\/\/jornalfatosenoticias.com.br\/wp-content\/uploads\/2023\/08\/BKR-768x766.jpg 768w, https:\/\/jornalfatosenoticias.com.br\/wp-content\/uploads\/2023\/08\/BKR.jpg 1080w\" sizes=\"auto, (max-width: 307px) 100vw, 307px\" \/><\/a><\/figure><\/div>\n\n\n\n<p>A arrecada\u00e7\u00e3o administrada pela Receita Federal no primeiro bimestre ficou R$ 6,7 bilh\u00f5es abaixo do projetado no Projeto de Lei Or\u00e7ament\u00e1ria Anual (PLOA) de 2025. Mesmo com impostos sobre importa\u00e7\u00e3o, renda e opera\u00e7\u00f5es financeiras superando as previs\u00f5es em R$ 9 bilh\u00f5es, houve uma frustra\u00e7\u00e3o de R$ 15,6 bilh\u00f5es em tributos como Cofins, PIS\/Pasep e CSLL.<\/p>\n\n\n\n<div class=\"wp-block-image\"><figure class=\"aligncenter size-large is-resized\"><a href=\"https:\/\/www.instagram.com\/restaurantepegoretti\/\"><img loading=\"lazy\" decoding=\"async\" src=\"https:\/\/jornalfatosenoticias.com.br\/wp-content\/uploads\/2023\/12\/pegoretti-logo-pdf-1024x389.jpg\" alt=\"\" class=\"wp-image-47536\" width=\"511\" height=\"194\" srcset=\"https:\/\/jornalfatosenoticias.com.br\/wp-content\/uploads\/2023\/12\/pegoretti-logo-pdf-1024x389.jpg 1024w, https:\/\/jornalfatosenoticias.com.br\/wp-content\/uploads\/2023\/12\/pegoretti-logo-pdf-300x114.jpg 300w, https:\/\/jornalfatosenoticias.com.br\/wp-content\/uploads\/2023\/12\/pegoretti-logo-pdf-768x291.jpg 768w, https:\/\/jornalfatosenoticias.com.br\/wp-content\/uploads\/2023\/12\/pegoretti-logo-pdf.jpg 1120w\" sizes=\"auto, (max-width: 511px) 100vw, 511px\" \/><\/a><\/figure><\/div>\n\n\n\n<p>Al\u00e9m disso, outras receitas administradas pela Receita Federal arrecadaram R$ 8,8 bilh\u00f5es a menos do que o esperado, tornando necess\u00e1ria uma revis\u00e3o or\u00e7ament\u00e1ria para adequar as proje\u00e7\u00f5es fiscais ao longo do ano. As despesas totais do governo ca\u00edram 13% na compara\u00e7\u00e3o entre fevereiro de 2024 e fevereiro de 2025, de R$ 200,6 bilh\u00f5es para R$ 174 bilh\u00f5es. O principal fator para essa redu\u00e7\u00e3o foi a aus\u00eancia do pagamento de R$ 31 bilh\u00f5es em precat\u00f3rios que ocorreu em 2024. Sem esse fator extraordin\u00e1rio, os gastos teriam aumentado 1,8%.<\/p>\n\n\n\n<div class=\"wp-block-image\"><figure class=\"aligncenter size-large is-resized\"><a href=\"https:\/\/www.ithbrasil.com.br\/\"><img loading=\"lazy\" decoding=\"async\" src=\"https:\/\/jornalfatosenoticias.com.br\/wp-content\/uploads\/2023\/08\/ITH.jpeg\" alt=\"\" class=\"wp-image-44638\" width=\"301\" height=\"244\" srcset=\"https:\/\/jornalfatosenoticias.com.br\/wp-content\/uploads\/2023\/08\/ITH.jpeg 800w, https:\/\/jornalfatosenoticias.com.br\/wp-content\/uploads\/2023\/08\/ITH-300x244.jpeg 300w, https:\/\/jornalfatosenoticias.com.br\/wp-content\/uploads\/2023\/08\/ITH-768x624.jpeg 768w\" sizes=\"auto, (max-width: 301px) 100vw, 301px\" \/><\/a><\/figure><\/div>\n\n\n\n<p>A Conof alerta que, caso o Or\u00e7amento de 2025 j\u00e1 estivesse aprovado, os gastos poderiam ser ainda maiores, pois incluiria reajustes salariais e a retomada da execu\u00e7\u00e3o regular de despesas discricion\u00e1rias. O texto segue travado no Congresso e pode ter sua vota\u00e7\u00e3o adiada para abril.<\/p>\n\n\n\n<div class=\"wp-block-image\"><figure class=\"aligncenter size-large\"><a href=\"https:\/\/www.cesconetto.com.br\/\"><img loading=\"lazy\" decoding=\"async\" width=\"300\" height=\"250\" src=\"https:\/\/jornalfatosenoticias.com.br\/wp-content\/uploads\/2022\/02\/Banner-2.png\" alt=\"\" class=\"wp-image-27877\"\/><\/a><\/figure><\/div>\n\n\n\n<p>O relat\u00f3rio da Conof tamb\u00e9m chama aten\u00e7\u00e3o para a insufici\u00eancia de recursos destinados ao aux\u00edlio-g\u00e1s. Nos dois primeiros meses de 2025, o governo j\u00e1 gastou R$ 572,4 milh\u00f5es dos R$ 600 milh\u00f5es previstos para o ano. A consultoria alerta para a necessidade urgente de suplementa\u00e7\u00e3o or\u00e7ament\u00e1ria para garantir a continuidade do benef\u00edcio nos pr\u00f3ximos meses.<\/p>\n\n\n\n<div class=\"wp-block-image\"><figure class=\"aligncenter size-large is-resized\"><a href=\"https:\/\/hotelmarquetti.com.br\/\"><img loading=\"lazy\" decoding=\"async\" src=\"https:\/\/jornalfatosenoticias.com.br\/wp-content\/uploads\/2023\/03\/nova-logo-Marquetti.jpg\" alt=\"\" class=\"wp-image-40207\" width=\"343\" height=\"230\" srcset=\"https:\/\/jornalfatosenoticias.com.br\/wp-content\/uploads\/2023\/03\/nova-logo-Marquetti.jpg 643w, https:\/\/jornalfatosenoticias.com.br\/wp-content\/uploads\/2023\/03\/nova-logo-Marquetti-300x202.jpg 300w\" sizes=\"auto, (max-width: 343px) 100vw, 343px\" \/><\/a><\/figure><\/div>\n\n\n\n<p>Lula e sua equipe econ\u00f4mica t\u00eam como meta fechar 2025 sem d\u00e9ficit, mas a Conof considera essa possibilidade improv\u00e1vel, estimando que as chances de equil\u00edbrio fiscal s\u00e3o inferiores a 30%. Para aumentar essa possibilidade para at\u00e9 90%, o governo teria que adotar medidas extraordin\u00e1rias, como a antecipa\u00e7\u00e3o do abatimento de precat\u00f3rios.<\/p>\n\n\n\n<p><strong><em>Fonte: <a href=\"https:\/\/horabrasilia.com.br\/2025\/03\/deficit-do-governo-lula-pode-chegar-a-r-685-bilhoes-em-2025-aponta-consultoria-da-camara\/\">Hora Bras\u00edlia<\/a><\/em><\/strong><\/p>\n","protected":false},"excerpt":{"rendered":"<p>A Consultoria de Or\u00e7amento e Fiscaliza\u00e7\u00e3o Financeira (Conof) da C\u00e2mara dos Deputados revisou para cima a previs\u00e3o de d\u00e9ficit or\u00e7ament\u00e1rio do governo federal em 2025, elevando a estimativa para R$ 68,5 bilh\u00f5es. O novo c\u00e1lculo reflete arrecada\u00e7\u00e3o abaixo do esperado e aumento de despesas obrigat\u00f3rias, como benef\u00edcios previdenci\u00e1rios e aux\u00edlio-g\u00e1s.Em fevereiro de 2025, o d\u00e9ficit [&hellip;]<\/p>\n","protected":false},"author":2,"featured_media":57804,"comment_status":"open","ping_status":"open","sticky":false,"template":"","format":"standard","meta":{"footnotes":""},"categories":[9,10],"tags":[982,26358,22535,18343,18849],"class_list":["post-57803","post","type-post","status-publish","format-standard","has-post-thumbnail","hentry","category-economia","category-politica","tag-camara-dos-deputados","tag-conof","tag-deficit-do-governo","tag-governo-lula","tag-rombo-nas-contas-publicas"],"yoast_head":"<!-- This site is optimized with the Yoast SEO plugin v26.5 - https:\/\/yoast.com\/wordpress\/plugins\/seo\/ -->\n<title>D\u00e9ficit do governo Lula pode chegar a R$ 68,5 bilh\u00f5es em 2025, aponta consultoria da C\u00e2mara - Jornal Fatos e Not\u00edcias<\/title>\n<meta name=\"robots\" content=\"index, follow, max-snippet:-1, max-image-preview:large, max-video-preview:-1\" \/>\n<link rel=\"canonical\" href=\"https:\/\/jornalfatosenoticias.com.br\/index.php\/2025\/03\/17\/deficit-do-governo-lula-pode-chegar-a-r-685-bilhoes-em-2025-aponta-consultoria-da-camara\/\" \/>\n<meta property=\"og:locale\" content=\"pt_BR\" \/>\n<meta property=\"og:type\" content=\"article\" \/>\n<meta property=\"og:title\" content=\"D\u00e9ficit do governo Lula pode chegar a R$ 68,5 bilh\u00f5es em 2025, aponta consultoria da C\u00e2mara - Jornal Fatos e Not\u00edcias\" \/>\n<meta property=\"og:description\" content=\"A Consultoria de Or\u00e7amento e Fiscaliza\u00e7\u00e3o Financeira (Conof) da C\u00e2mara dos Deputados revisou para cima a previs\u00e3o de d\u00e9ficit or\u00e7ament\u00e1rio do governo federal em 2025, elevando a estimativa para R$ 68,5 bilh\u00f5es. O novo c\u00e1lculo reflete arrecada\u00e7\u00e3o abaixo do esperado e aumento de despesas obrigat\u00f3rias, como benef\u00edcios previdenci\u00e1rios e aux\u00edlio-g\u00e1s.Em fevereiro de 2025, o d\u00e9ficit [&hellip;]\" \/>\n<meta property=\"og:url\" content=\"https:\/\/jornalfatosenoticias.com.br\/index.php\/2025\/03\/17\/deficit-do-governo-lula-pode-chegar-a-r-685-bilhoes-em-2025-aponta-consultoria-da-camara\/\" \/>\n<meta property=\"og:site_name\" content=\"Jornal Fatos e Not\u00edcias\" \/>\n<meta property=\"article:published_time\" content=\"2025-03-17T21:15:11+00:00\" \/>\n<meta property=\"article:modified_time\" content=\"2025-03-17T21:15:12+00:00\" \/>\n<meta property=\"og:image\" content=\"https:\/\/jornalfatosenoticias.com.br\/wp-content\/uploads\/2025\/03\/plenario-camara.jpg\" \/>\n\t<meta property=\"og:image:width\" content=\"780\" \/>\n\t<meta property=\"og:image:height\" content=\"470\" \/>\n\t<meta property=\"og:image:type\" content=\"image\/jpeg\" \/>\n<meta name=\"author\" content=\"Luzimara Fernandes\" \/>\n<meta name=\"twitter:card\" content=\"summary_large_image\" \/>\n<meta name=\"twitter:label1\" content=\"Escrito por\" \/>\n\t<meta name=\"twitter:data1\" content=\"Luzimara Fernandes\" \/>\n\t<meta name=\"twitter:label2\" content=\"Est. tempo de leitura\" \/>\n\t<meta name=\"twitter:data2\" content=\"2 minutos\" \/>\n<script type=\"application\/ld+json\" class=\"yoast-schema-graph\">{\"@context\":\"https:\/\/schema.org\",\"@graph\":[{\"@type\":\"Article\",\"@id\":\"https:\/\/jornalfatosenoticias.com.br\/index.php\/2025\/03\/17\/deficit-do-governo-lula-pode-chegar-a-r-685-bilhoes-em-2025-aponta-consultoria-da-camara\/#article\",\"isPartOf\":{\"@id\":\"https:\/\/jornalfatosenoticias.com.br\/index.php\/2025\/03\/17\/deficit-do-governo-lula-pode-chegar-a-r-685-bilhoes-em-2025-aponta-consultoria-da-camara\/\"},\"author\":{\"name\":\"Luzimara Fernandes\",\"@id\":\"https:\/\/jornalfatosenoticias.com.br\/#\/schema\/person\/d63837fa13ac8666eb9e74e0985d6f81\"},\"headline\":\"D\u00e9ficit do governo Lula pode chegar a R$ 68,5 bilh\u00f5es em 2025, aponta consultoria da C\u00e2mara\",\"datePublished\":\"2025-03-17T21:15:11+00:00\",\"dateModified\":\"2025-03-17T21:15:12+00:00\",\"mainEntityOfPage\":{\"@id\":\"https:\/\/jornalfatosenoticias.com.br\/index.php\/2025\/03\/17\/deficit-do-governo-lula-pode-chegar-a-r-685-bilhoes-em-2025-aponta-consultoria-da-camara\/\"},\"wordCount\":462,\"commentCount\":0,\"publisher\":{\"@id\":\"https:\/\/jornalfatosenoticias.com.br\/#organization\"},\"image\":{\"@id\":\"https:\/\/jornalfatosenoticias.com.br\/index.php\/2025\/03\/17\/deficit-do-governo-lula-pode-chegar-a-r-685-bilhoes-em-2025-aponta-consultoria-da-camara\/#primaryimage\"},\"thumbnailUrl\":\"https:\/\/jornalfatosenoticias.com.br\/wp-content\/uploads\/2025\/03\/plenario-camara.jpg\",\"keywords\":[\"C\u00e2mara dos Deputados\",\"Conof\",\"d\u00e9ficit do governo\",\"governo Lula\",\"rombo nas contas p\u00fablicas\"],\"articleSection\":[\"Economia\",\"Pol\u00edtica\"],\"inLanguage\":\"pt-BR\",\"potentialAction\":[{\"@type\":\"CommentAction\",\"name\":\"Comment\",\"target\":[\"https:\/\/jornalfatosenoticias.com.br\/index.php\/2025\/03\/17\/deficit-do-governo-lula-pode-chegar-a-r-685-bilhoes-em-2025-aponta-consultoria-da-camara\/#respond\"]}]},{\"@type\":\"WebPage\",\"@id\":\"https:\/\/jornalfatosenoticias.com.br\/index.php\/2025\/03\/17\/deficit-do-governo-lula-pode-chegar-a-r-685-bilhoes-em-2025-aponta-consultoria-da-camara\/\",\"url\":\"https:\/\/jornalfatosenoticias.com.br\/index.php\/2025\/03\/17\/deficit-do-governo-lula-pode-chegar-a-r-685-bilhoes-em-2025-aponta-consultoria-da-camara\/\",\"name\":\"D\u00e9ficit do governo Lula pode chegar a R$ 68,5 bilh\u00f5es em 2025, aponta consultoria da C\u00e2mara - Jornal Fatos e Not\u00edcias\",\"isPartOf\":{\"@id\":\"https:\/\/jornalfatosenoticias.com.br\/#website\"},\"primaryImageOfPage\":{\"@id\":\"https:\/\/jornalfatosenoticias.com.br\/index.php\/2025\/03\/17\/deficit-do-governo-lula-pode-chegar-a-r-685-bilhoes-em-2025-aponta-consultoria-da-camara\/#primaryimage\"},\"image\":{\"@id\":\"https:\/\/jornalfatosenoticias.com.br\/index.php\/2025\/03\/17\/deficit-do-governo-lula-pode-chegar-a-r-685-bilhoes-em-2025-aponta-consultoria-da-camara\/#primaryimage\"},\"thumbnailUrl\":\"https:\/\/jornalfatosenoticias.com.br\/wp-content\/uploads\/2025\/03\/plenario-camara.jpg\",\"datePublished\":\"2025-03-17T21:15:11+00:00\",\"dateModified\":\"2025-03-17T21:15:12+00:00\",\"breadcrumb\":{\"@id\":\"https:\/\/jornalfatosenoticias.com.br\/index.php\/2025\/03\/17\/deficit-do-governo-lula-pode-chegar-a-r-685-bilhoes-em-2025-aponta-consultoria-da-camara\/#breadcrumb\"},\"inLanguage\":\"pt-BR\",\"potentialAction\":[{\"@type\":\"ReadAction\",\"target\":[\"https:\/\/jornalfatosenoticias.com.br\/index.php\/2025\/03\/17\/deficit-do-governo-lula-pode-chegar-a-r-685-bilhoes-em-2025-aponta-consultoria-da-camara\/\"]}]},{\"@type\":\"ImageObject\",\"inLanguage\":\"pt-BR\",\"@id\":\"https:\/\/jornalfatosenoticias.com.br\/index.php\/2025\/03\/17\/deficit-do-governo-lula-pode-chegar-a-r-685-bilhoes-em-2025-aponta-consultoria-da-camara\/#primaryimage\",\"url\":\"https:\/\/jornalfatosenoticias.com.br\/wp-content\/uploads\/2025\/03\/plenario-camara.jpg\",\"contentUrl\":\"https:\/\/jornalfatosenoticias.com.br\/wp-content\/uploads\/2025\/03\/plenario-camara.jpg\",\"width\":780,\"height\":470},{\"@type\":\"BreadcrumbList\",\"@id\":\"https:\/\/jornalfatosenoticias.com.br\/index.php\/2025\/03\/17\/deficit-do-governo-lula-pode-chegar-a-r-685-bilhoes-em-2025-aponta-consultoria-da-camara\/#breadcrumb\",\"itemListElement\":[{\"@type\":\"ListItem\",\"position\":1,\"name\":\"In\u00edcio\",\"item\":\"https:\/\/jornalfatosenoticias.com.br\/\"},{\"@type\":\"ListItem\",\"position\":2,\"name\":\"D\u00e9ficit do governo Lula pode chegar a R$ 68,5 bilh\u00f5es em 2025, aponta consultoria da C\u00e2mara\"}]},{\"@type\":\"WebSite\",\"@id\":\"https:\/\/jornalfatosenoticias.com.br\/#website\",\"url\":\"https:\/\/jornalfatosenoticias.com.br\/\",\"name\":\"Jornal Fatos e Not\u00edcias\",\"description\":\"Not\u00edcias em geral\",\"publisher\":{\"@id\":\"https:\/\/jornalfatosenoticias.com.br\/#organization\"},\"potentialAction\":[{\"@type\":\"SearchAction\",\"target\":{\"@type\":\"EntryPoint\",\"urlTemplate\":\"https:\/\/jornalfatosenoticias.com.br\/?s={search_term_string}\"},\"query-input\":{\"@type\":\"PropertyValueSpecification\",\"valueRequired\":true,\"valueName\":\"search_term_string\"}}],\"inLanguage\":\"pt-BR\"},{\"@type\":\"Organization\",\"@id\":\"https:\/\/jornalfatosenoticias.com.br\/#organization\",\"name\":\"Jornal Fatos e Not\u00edcias\",\"url\":\"https:\/\/jornalfatosenoticias.com.br\/\",\"logo\":{\"@type\":\"ImageObject\",\"inLanguage\":\"pt-BR\",\"@id\":\"https:\/\/jornalfatosenoticias.com.br\/#\/schema\/logo\/image\/\",\"url\":\"https:\/\/jornalfatosenoticias.com.br\/wp-content\/uploads\/2020\/02\/logo120.png\",\"contentUrl\":\"https:\/\/jornalfatosenoticias.com.br\/wp-content\/uploads\/2020\/02\/logo120.png\",\"width\":1227,\"height\":120,\"caption\":\"Jornal Fatos e Not\u00edcias\"},\"image\":{\"@id\":\"https:\/\/jornalfatosenoticias.com.br\/#\/schema\/logo\/image\/\"}},{\"@type\":\"Person\",\"@id\":\"https:\/\/jornalfatosenoticias.com.br\/#\/schema\/person\/d63837fa13ac8666eb9e74e0985d6f81\",\"name\":\"Luzimara Fernandes\",\"image\":{\"@type\":\"ImageObject\",\"inLanguage\":\"pt-BR\",\"@id\":\"https:\/\/jornalfatosenoticias.com.br\/#\/schema\/person\/image\/\",\"url\":\"https:\/\/jornalfatosenoticias.com.br\/wp-content\/uploads\/2025\/05\/EU_portal.jpg\",\"contentUrl\":\"https:\/\/jornalfatosenoticias.com.br\/wp-content\/uploads\/2025\/05\/EU_portal.jpg\",\"caption\":\"Luzimara Fernandes\"},\"description\":\"Jornalista MTB 2358-ES\",\"sameAs\":[\"https:\/\/jornalfatosenoticias.com.br\"],\"url\":\"https:\/\/jornalfatosenoticias.com.br\/index.php\/author\/luzimara\/\"}]}<\/script>\n<!-- \/ Yoast SEO plugin. -->","yoast_head_json":{"title":"D\u00e9ficit do governo Lula pode chegar a R$ 68,5 bilh\u00f5es em 2025, aponta consultoria da C\u00e2mara - Jornal Fatos e Not\u00edcias","robots":{"index":"index","follow":"follow","max-snippet":"max-snippet:-1","max-image-preview":"max-image-preview:large","max-video-preview":"max-video-preview:-1"},"canonical":"https:\/\/jornalfatosenoticias.com.br\/index.php\/2025\/03\/17\/deficit-do-governo-lula-pode-chegar-a-r-685-bilhoes-em-2025-aponta-consultoria-da-camara\/","og_locale":"pt_BR","og_type":"article","og_title":"D\u00e9ficit do governo Lula pode chegar a R$ 68,5 bilh\u00f5es em 2025, aponta consultoria da C\u00e2mara - Jornal Fatos e Not\u00edcias","og_description":"A Consultoria de Or\u00e7amento e Fiscaliza\u00e7\u00e3o Financeira (Conof) da C\u00e2mara dos Deputados revisou para cima a previs\u00e3o de d\u00e9ficit or\u00e7ament\u00e1rio do governo federal em 2025, elevando a estimativa para R$ 68,5 bilh\u00f5es. O novo c\u00e1lculo reflete arrecada\u00e7\u00e3o abaixo do esperado e aumento de despesas obrigat\u00f3rias, como benef\u00edcios previdenci\u00e1rios e aux\u00edlio-g\u00e1s.Em fevereiro de 2025, o d\u00e9ficit [&hellip;]","og_url":"https:\/\/jornalfatosenoticias.com.br\/index.php\/2025\/03\/17\/deficit-do-governo-lula-pode-chegar-a-r-685-bilhoes-em-2025-aponta-consultoria-da-camara\/","og_site_name":"Jornal Fatos e Not\u00edcias","article_published_time":"2025-03-17T21:15:11+00:00","article_modified_time":"2025-03-17T21:15:12+00:00","og_image":[{"width":780,"height":470,"url":"https:\/\/jornalfatosenoticias.com.br\/wp-content\/uploads\/2025\/03\/plenario-camara.jpg","type":"image\/jpeg"}],"author":"Luzimara Fernandes","twitter_card":"summary_large_image","twitter_misc":{"Escrito por":"Luzimara Fernandes","Est. tempo de leitura":"2 minutos"},"schema":{"@context":"https:\/\/schema.org","@graph":[{"@type":"Article","@id":"https:\/\/jornalfatosenoticias.com.br\/index.php\/2025\/03\/17\/deficit-do-governo-lula-pode-chegar-a-r-685-bilhoes-em-2025-aponta-consultoria-da-camara\/#article","isPartOf":{"@id":"https:\/\/jornalfatosenoticias.com.br\/index.php\/2025\/03\/17\/deficit-do-governo-lula-pode-chegar-a-r-685-bilhoes-em-2025-aponta-consultoria-da-camara\/"},"author":{"name":"Luzimara Fernandes","@id":"https:\/\/jornalfatosenoticias.com.br\/#\/schema\/person\/d63837fa13ac8666eb9e74e0985d6f81"},"headline":"D\u00e9ficit do governo Lula pode chegar a R$ 68,5 bilh\u00f5es em 2025, aponta consultoria da C\u00e2mara","datePublished":"2025-03-17T21:15:11+00:00","dateModified":"2025-03-17T21:15:12+00:00","mainEntityOfPage":{"@id":"https:\/\/jornalfatosenoticias.com.br\/index.php\/2025\/03\/17\/deficit-do-governo-lula-pode-chegar-a-r-685-bilhoes-em-2025-aponta-consultoria-da-camara\/"},"wordCount":462,"commentCount":0,"publisher":{"@id":"https:\/\/jornalfatosenoticias.com.br\/#organization"},"image":{"@id":"https:\/\/jornalfatosenoticias.com.br\/index.php\/2025\/03\/17\/deficit-do-governo-lula-pode-chegar-a-r-685-bilhoes-em-2025-aponta-consultoria-da-camara\/#primaryimage"},"thumbnailUrl":"https:\/\/jornalfatosenoticias.com.br\/wp-content\/uploads\/2025\/03\/plenario-camara.jpg","keywords":["C\u00e2mara dos Deputados","Conof","d\u00e9ficit do governo","governo Lula","rombo nas contas p\u00fablicas"],"articleSection":["Economia","Pol\u00edtica"],"inLanguage":"pt-BR","potentialAction":[{"@type":"CommentAction","name":"Comment","target":["https:\/\/jornalfatosenoticias.com.br\/index.php\/2025\/03\/17\/deficit-do-governo-lula-pode-chegar-a-r-685-bilhoes-em-2025-aponta-consultoria-da-camara\/#respond"]}]},{"@type":"WebPage","@id":"https:\/\/jornalfatosenoticias.com.br\/index.php\/2025\/03\/17\/deficit-do-governo-lula-pode-chegar-a-r-685-bilhoes-em-2025-aponta-consultoria-da-camara\/","url":"https:\/\/jornalfatosenoticias.com.br\/index.php\/2025\/03\/17\/deficit-do-governo-lula-pode-chegar-a-r-685-bilhoes-em-2025-aponta-consultoria-da-camara\/","name":"D\u00e9ficit do governo Lula pode chegar a R$ 68,5 bilh\u00f5es em 2025, aponta consultoria da C\u00e2mara - Jornal Fatos e Not\u00edcias","isPartOf":{"@id":"https:\/\/jornalfatosenoticias.com.br\/#website"},"primaryImageOfPage":{"@id":"https:\/\/jornalfatosenoticias.com.br\/index.php\/2025\/03\/17\/deficit-do-governo-lula-pode-chegar-a-r-685-bilhoes-em-2025-aponta-consultoria-da-camara\/#primaryimage"},"image":{"@id":"https:\/\/jornalfatosenoticias.com.br\/index.php\/2025\/03\/17\/deficit-do-governo-lula-pode-chegar-a-r-685-bilhoes-em-2025-aponta-consultoria-da-camara\/#primaryimage"},"thumbnailUrl":"https:\/\/jornalfatosenoticias.com.br\/wp-content\/uploads\/2025\/03\/plenario-camara.jpg","datePublished":"2025-03-17T21:15:11+00:00","dateModified":"2025-03-17T21:15:12+00:00","breadcrumb":{"@id":"https:\/\/jornalfatosenoticias.com.br\/index.php\/2025\/03\/17\/deficit-do-governo-lula-pode-chegar-a-r-685-bilhoes-em-2025-aponta-consultoria-da-camara\/#breadcrumb"},"inLanguage":"pt-BR","potentialAction":[{"@type":"ReadAction","target":["https:\/\/jornalfatosenoticias.com.br\/index.php\/2025\/03\/17\/deficit-do-governo-lula-pode-chegar-a-r-685-bilhoes-em-2025-aponta-consultoria-da-camara\/"]}]},{"@type":"ImageObject","inLanguage":"pt-BR","@id":"https:\/\/jornalfatosenoticias.com.br\/index.php\/2025\/03\/17\/deficit-do-governo-lula-pode-chegar-a-r-685-bilhoes-em-2025-aponta-consultoria-da-camara\/#primaryimage","url":"https:\/\/jornalfatosenoticias.com.br\/wp-content\/uploads\/2025\/03\/plenario-camara.jpg","contentUrl":"https:\/\/jornalfatosenoticias.com.br\/wp-content\/uploads\/2025\/03\/plenario-camara.jpg","width":780,"height":470},{"@type":"BreadcrumbList","@id":"https:\/\/jornalfatosenoticias.com.br\/index.php\/2025\/03\/17\/deficit-do-governo-lula-pode-chegar-a-r-685-bilhoes-em-2025-aponta-consultoria-da-camara\/#breadcrumb","itemListElement":[{"@type":"ListItem","position":1,"name":"In\u00edcio","item":"https:\/\/jornalfatosenoticias.com.br\/"},{"@type":"ListItem","position":2,"name":"D\u00e9ficit do governo Lula pode chegar a R$ 68,5 bilh\u00f5es em 2025, aponta consultoria da C\u00e2mara"}]},{"@type":"WebSite","@id":"https:\/\/jornalfatosenoticias.com.br\/#website","url":"https:\/\/jornalfatosenoticias.com.br\/","name":"Jornal Fatos e Not\u00edcias","description":"Not\u00edcias em geral","publisher":{"@id":"https:\/\/jornalfatosenoticias.com.br\/#organization"},"potentialAction":[{"@type":"SearchAction","target":{"@type":"EntryPoint","urlTemplate":"https:\/\/jornalfatosenoticias.com.br\/?s={search_term_string}"},"query-input":{"@type":"PropertyValueSpecification","valueRequired":true,"valueName":"search_term_string"}}],"inLanguage":"pt-BR"},{"@type":"Organization","@id":"https:\/\/jornalfatosenoticias.com.br\/#organization","name":"Jornal Fatos e Not\u00edcias","url":"https:\/\/jornalfatosenoticias.com.br\/","logo":{"@type":"ImageObject","inLanguage":"pt-BR","@id":"https:\/\/jornalfatosenoticias.com.br\/#\/schema\/logo\/image\/","url":"https:\/\/jornalfatosenoticias.com.br\/wp-content\/uploads\/2020\/02\/logo120.png","contentUrl":"https:\/\/jornalfatosenoticias.com.br\/wp-content\/uploads\/2020\/02\/logo120.png","width":1227,"height":120,"caption":"Jornal Fatos e Not\u00edcias"},"image":{"@id":"https:\/\/jornalfatosenoticias.com.br\/#\/schema\/logo\/image\/"}},{"@type":"Person","@id":"https:\/\/jornalfatosenoticias.com.br\/#\/schema\/person\/d63837fa13ac8666eb9e74e0985d6f81","name":"Luzimara Fernandes","image":{"@type":"ImageObject","inLanguage":"pt-BR","@id":"https:\/\/jornalfatosenoticias.com.br\/#\/schema\/person\/image\/","url":"https:\/\/jornalfatosenoticias.com.br\/wp-content\/uploads\/2025\/05\/EU_portal.jpg","contentUrl":"https:\/\/jornalfatosenoticias.com.br\/wp-content\/uploads\/2025\/05\/EU_portal.jpg","caption":"Luzimara Fernandes"},"description":"Jornalista MTB 2358-ES","sameAs":["https:\/\/jornalfatosenoticias.com.br"],"url":"https:\/\/jornalfatosenoticias.com.br\/index.php\/author\/luzimara\/"}]}},"cc_featured_image_caption":{"caption_text":"(Foto: Bruno Spada\/Ag\u00eancia C\u00e2mara) ","source_text":"","source_url":""},"jetpack_featured_media_url":"https:\/\/jornalfatosenoticias.com.br\/wp-content\/uploads\/2025\/03\/plenario-camara.jpg","_links":{"self":[{"href":"https:\/\/jornalfatosenoticias.com.br\/index.php\/wp-json\/wp\/v2\/posts\/57803","targetHints":{"allow":["GET"]}}],"collection":[{"href":"https:\/\/jornalfatosenoticias.com.br\/index.php\/wp-json\/wp\/v2\/posts"}],"about":[{"href":"https:\/\/jornalfatosenoticias.com.br\/index.php\/wp-json\/wp\/v2\/types\/post"}],"author":[{"embeddable":true,"href":"https:\/\/jornalfatosenoticias.com.br\/index.php\/wp-json\/wp\/v2\/users\/2"}],"replies":[{"embeddable":true,"href":"https:\/\/jornalfatosenoticias.com.br\/index.php\/wp-json\/wp\/v2\/comments?post=57803"}],"version-history":[{"count":0,"href":"https:\/\/jornalfatosenoticias.com.br\/index.php\/wp-json\/wp\/v2\/posts\/57803\/revisions"}],"wp:featuredmedia":[{"embeddable":true,"href":"https:\/\/jornalfatosenoticias.com.br\/index.php\/wp-json\/wp\/v2\/media\/57804"}],"wp:attachment":[{"href":"https:\/\/jornalfatosenoticias.com.br\/index.php\/wp-json\/wp\/v2\/media?parent=57803"}],"wp:term":[{"taxonomy":"category","embeddable":true,"href":"https:\/\/jornalfatosenoticias.com.br\/index.php\/wp-json\/wp\/v2\/categories?post=57803"},{"taxonomy":"post_tag","embeddable":true,"href":"https:\/\/jornalfatosenoticias.com.br\/index.php\/wp-json\/wp\/v2\/tags?post=57803"}],"curies":[{"name":"wp","href":"https:\/\/api.w.org\/{rel}","templated":true}]}}