{"id":57806,"date":"2025-03-17T18:24:51","date_gmt":"2025-03-17T21:24:51","guid":{"rendered":"https:\/\/jornalfatosenoticias.com.br\/?p=57806"},"modified":"2025-03-17T18:24:52","modified_gmt":"2025-03-17T21:24:52","slug":"itaipu-destina-r-750-milhoes-para-universidade-enquanto-tarifa-de-energia-segue-alta","status":"publish","type":"post","link":"https:\/\/jornalfatosenoticias.com.br\/index.php\/2025\/03\/17\/itaipu-destina-r-750-milhoes-para-universidade-enquanto-tarifa-de-energia-segue-alta\/","title":{"rendered":"Itaipu destina R$ 750 milh\u00f5es para universidade enquanto tarifa de energia segue alta"},"content":{"rendered":"\n<div class=\"wp-block-image\"><figure class=\"aligncenter size-large\"><a href=\"https:\/\/mizu.com.br\/\"><img loading=\"lazy\" decoding=\"async\" width=\"729\" height=\"90\" src=\"https:\/\/jornalfatosenoticias.com.br\/wp-content\/uploads\/2020\/02\/Logo_Mizu.png\" alt=\"\" class=\"wp-image-1441\" srcset=\"https:\/\/jornalfatosenoticias.com.br\/wp-content\/uploads\/2020\/02\/Logo_Mizu.png 729w, https:\/\/jornalfatosenoticias.com.br\/wp-content\/uploads\/2020\/02\/Logo_Mizu-300x37.png 300w\" sizes=\"auto, (max-width: 729px) 100vw, 729px\" \/><\/a><\/figure><\/div>\n\n\n\n<p>A Usina Hidrel\u00e9trica Binacional de Itaipu decidiu financiar a retomada das obras da Universidade Federal Latino-Americana (Unila), em Foz do Igua\u00e7u (PR), com um investimento de mais de R$ 750 milh\u00f5es, em vez de reduzir o custo da energia para os consumidores brasileiros. A obra, planejada durante o segundo mandato de Lula e paralisada h\u00e1 uma d\u00e9cada, ser\u00e1 custeada com recursos que, segundo especialistas, poderiam ser utilizados para diminuir a conta de luz.<br>Com o fim da d\u00edvida de Itaipu em 2023, a expectativa era de que a tarifa da usina ca\u00edsse at\u00e9 30%, de US$ 16,71 para cerca de US$ 12 por MWh. No entanto, os gastos classificados como \u201csocioambientais\u201d t\u00eam mantido o pre\u00e7o elevado, e apenas um acordo entre Brasil e Paraguai evitou um aumento na conta de energia.<\/p>\n\n\n\n<div class=\"wp-block-image\"><figure class=\"aligncenter size-large is-resized\"><a href=\"https:\/\/www.facebook.com\/profile.php?id=100069289606145\"><img loading=\"lazy\" decoding=\"async\" src=\"https:\/\/jornalfatosenoticias.com.br\/wp-content\/uploads\/2024\/11\/Guaitolini-Contabilidade-1024x714.jpeg\" alt=\"\" class=\"wp-image-55808\" width=\"337\" height=\"235\" srcset=\"https:\/\/jornalfatosenoticias.com.br\/wp-content\/uploads\/2024\/11\/Guaitolini-Contabilidade-1024x714.jpeg 1024w, https:\/\/jornalfatosenoticias.com.br\/wp-content\/uploads\/2024\/11\/Guaitolini-Contabilidade-300x209.jpeg 300w, https:\/\/jornalfatosenoticias.com.br\/wp-content\/uploads\/2024\/11\/Guaitolini-Contabilidade-768x535.jpeg 768w, https:\/\/jornalfatosenoticias.com.br\/wp-content\/uploads\/2024\/11\/Guaitolini-Contabilidade.jpeg 1280w\" sizes=\"auto, (max-width: 337px) 100vw, 337px\" \/><\/a><\/figure><\/div>\n\n\n\n<p>Criada para promover a integra\u00e7\u00e3o acad\u00eamica latino-americana, a Unila opera desde 2010, mas seu campus nunca foi conclu\u00eddo. As obras foram interrompidas em 2014, quando o cons\u00f3rcio respons\u00e1vel abandonou o projeto alegando problemas estruturais e aumento de custos. Agora, Itaipu financiar\u00e1 a constru\u00e7\u00e3o de salas de aula, um pr\u00e9dio administrativo, um restaurante universit\u00e1rio e passarelas de acesso. O projeto est\u00e1 em fase de licita\u00e7\u00e3o e deve come\u00e7ar em abril.<\/p>\n\n\n\n<div class=\"wp-block-image\"><figure class=\"aligncenter size-large\"><a href=\"http:\/\/www.ferrarimaquinas.com.br\/\"><img loading=\"lazy\" decoding=\"async\" width=\"300\" height=\"250\" src=\"https:\/\/jornalfatosenoticias.com.br\/wp-content\/uploads\/2022\/02\/FERRARI_MAQUINAS-E-FERRAMENTAS2.jpg\" alt=\"\" class=\"wp-image-27860\"\/><\/a><\/figure><\/div>\n\n\n\n<p>O financiamento da universidade reacendeu cr\u00edticas sobre a destina\u00e7\u00e3o dos recursos da usina. Especialistas do setor el\u00e9trico argumentam que Itaipu, que n\u00e3o est\u00e1 sujeita \u00e0 fiscaliza\u00e7\u00e3o do Tribunal de Contas da Uni\u00e3o (TCU) ou do Congresso, tem funcionado como um \u201cor\u00e7amento paralelo\u201d, sem controle r\u00edgido sobre seus investimentos.<\/p>\n\n\n\n<div class=\"wp-block-image\"><figure class=\"aligncenter size-large is-resized\"><a href=\"https:\/\/www.instagram.com\/esteiochurrascaria\/\"><img loading=\"lazy\" decoding=\"async\" src=\"https:\/\/jornalfatosenoticias.com.br\/wp-content\/uploads\/2022\/02\/LOGO-ESTEIO-1024x730.png\" alt=\"\" class=\"wp-image-27942\" width=\"353\" height=\"251\" srcset=\"https:\/\/jornalfatosenoticias.com.br\/wp-content\/uploads\/2022\/02\/LOGO-ESTEIO-1024x730.png 1024w, https:\/\/jornalfatosenoticias.com.br\/wp-content\/uploads\/2022\/02\/LOGO-ESTEIO-300x214.png 300w, https:\/\/jornalfatosenoticias.com.br\/wp-content\/uploads\/2022\/02\/LOGO-ESTEIO-768x548.png 768w, https:\/\/jornalfatosenoticias.com.br\/wp-content\/uploads\/2022\/02\/LOGO-ESTEIO.png 1123w\" sizes=\"auto, (max-width: 353px) 100vw, 353px\" \/><\/a><\/figure><\/div>\n\n\n\n<blockquote class=\"wp-block-quote is-layout-flow wp-block-quote-is-layout-flow\"><p><span class=\"has-inline-color has-luminous-vivid-orange-color\">O consumidor brasileiro poderia pagar menos pela energia, mas Itaipu prefere usar seus recursos para financiar projetos que n\u00e3o t\u00eam rela\u00e7\u00e3o direta com a gera\u00e7\u00e3o el\u00e9trica\u201d, afirmou Luiz Eduardo Barata, presidente da Frente Nacional dos Consumidores de Energia.<\/span><\/p><\/blockquote>\n\n\n\n<div class=\"wp-block-image\"><figure class=\"aligncenter size-large is-resized\"><a href=\"https:\/\/www.legisjuris.com.br\/\"><img loading=\"lazy\" decoding=\"async\" src=\"https:\/\/jornalfatosenoticias.com.br\/wp-content\/uploads\/2024\/09\/Legis-Juris-Consultoria_logo.jpg\" alt=\"\" class=\"wp-image-53915\" width=\"520\" height=\"218\" srcset=\"https:\/\/jornalfatosenoticias.com.br\/wp-content\/uploads\/2024\/09\/Legis-Juris-Consultoria_logo.jpg 969w, https:\/\/jornalfatosenoticias.com.br\/wp-content\/uploads\/2024\/09\/Legis-Juris-Consultoria_logo-300x126.jpg 300w, https:\/\/jornalfatosenoticias.com.br\/wp-content\/uploads\/2024\/09\/Legis-Juris-Consultoria_logo-768x322.jpg 768w\" sizes=\"auto, (max-width: 520px) 100vw, 520px\" \/><\/a><\/figure><\/div>\n\n\n\n<p>Al\u00e9m da Unila, a usina j\u00e1 destinou R$ 1,3 bilh\u00e3o para a COP30 e R$ 15 milh\u00f5es para um festival promovido por Janja durante o G20. Tamb\u00e9m enviou um t\u00e9cnico veterin\u00e1rio para cuidar de emas no Pal\u00e1cio da Alvorada.<\/p>\n\n\n\n<div class=\"wp-block-image\"><figure class=\"aligncenter size-large is-resized\"><a href=\"https:\/\/www.controlsystems.com.br\/\"><img loading=\"lazy\" decoding=\"async\" src=\"https:\/\/jornalfatosenoticias.com.br\/wp-content\/uploads\/2020\/02\/CONTROL-CS.jpg\" alt=\"\" class=\"wp-image-44991\" width=\"283\" height=\"339\" srcset=\"https:\/\/jornalfatosenoticias.com.br\/wp-content\/uploads\/2020\/02\/CONTROL-CS.jpg 834w, https:\/\/jornalfatosenoticias.com.br\/wp-content\/uploads\/2020\/02\/CONTROL-CS-250x300.jpg 250w, https:\/\/jornalfatosenoticias.com.br\/wp-content\/uploads\/2020\/02\/CONTROL-CS-768x921.jpg 768w\" sizes=\"auto, (max-width: 283px) 100vw, 283px\" \/><\/a><\/figure><\/div>\n\n\n\n<p>O Minist\u00e9rio de Minas e Energia afirma que a redu\u00e7\u00e3o do custo da energia \u00e9 prioridade e anunciou que R$ 2 bilh\u00f5es ser\u00e3o utilizados para compensar a conta de luz em 2025. No entanto, especialistas apontam que, sem os gastos adicionais, a tarifa j\u00e1 poderia estar significativamente mais baixa. Enquanto Itaipu direciona bilh\u00f5es para projetos externos, os consumidores seguem sem o al\u00edvio esperado na conta de luz.<\/p>\n\n\n\n<div class=\"wp-block-image\"><figure class=\"aligncenter size-large is-resized\"><a href=\"https:\/\/www.instagram.com\/rcradiadores\/\"><img loading=\"lazy\" decoding=\"async\" src=\"https:\/\/jornalfatosenoticias.com.br\/wp-content\/uploads\/2022\/10\/RC_800x750_page-0001.jpg\" alt=\"\" class=\"wp-image-35338\" width=\"318\" height=\"298\" srcset=\"https:\/\/jornalfatosenoticias.com.br\/wp-content\/uploads\/2022\/10\/RC_800x750_page-0001.jpg 400w, https:\/\/jornalfatosenoticias.com.br\/wp-content\/uploads\/2022\/10\/RC_800x750_page-0001-300x281.jpg 300w\" sizes=\"auto, (max-width: 318px) 100vw, 318px\" \/><\/a><\/figure><\/div>\n\n\n\n<p><strong>Fonte: <a href=\"https:\/\/horabrasilia.com.br\/2025\/03\/itaipu-destina-r-750-milhoes-para-universidade-enquanto-tarifa-de-energia-segue-alta\/\">Hora Bras\u00edlia<\/a><\/strong><\/p>\n","protected":false},"excerpt":{"rendered":"<p>A Usina Hidrel\u00e9trica Binacional de Itaipu decidiu financiar a retomada das obras da Universidade Federal Latino-Americana (Unila), em Foz do Igua\u00e7u (PR), com um investimento de mais de R$ 750 milh\u00f5es, em vez de reduzir o custo da energia para os consumidores brasileiros. A obra, planejada durante o segundo mandato de Lula e paralisada h\u00e1 [&hellip;]<\/p>\n","protected":false},"author":2,"featured_media":57807,"comment_status":"open","ping_status":"open","sticky":false,"template":"","format":"standard","meta":{"footnotes":""},"categories":[5],"tags":[1885,2528,6874,13048,26359,7769],"class_list":["post-57806","post","type-post","status-publish","format-standard","has-post-thumbnail","hentry","category-geral","tag-consumidores","tag-conta-de-luz","tag-itaipu","tag-ministerio-de-minas-e-energia","tag-tarifa-de-energia","tag-tcu"],"yoast_head":"<!-- This site is optimized with the Yoast SEO plugin v26.5 - https:\/\/yoast.com\/wordpress\/plugins\/seo\/ -->\n<title>Itaipu destina R$ 750 milh\u00f5es para universidade enquanto tarifa de energia segue alta - Jornal Fatos e Not\u00edcias<\/title>\n<meta name=\"robots\" content=\"index, follow, max-snippet:-1, max-image-preview:large, max-video-preview:-1\" \/>\n<link rel=\"canonical\" href=\"https:\/\/jornalfatosenoticias.com.br\/index.php\/2025\/03\/17\/itaipu-destina-r-750-milhoes-para-universidade-enquanto-tarifa-de-energia-segue-alta\/\" \/>\n<meta property=\"og:locale\" content=\"pt_BR\" \/>\n<meta property=\"og:type\" content=\"article\" \/>\n<meta property=\"og:title\" content=\"Itaipu destina R$ 750 milh\u00f5es para universidade enquanto tarifa de energia segue alta - Jornal Fatos e Not\u00edcias\" \/>\n<meta property=\"og:description\" content=\"A Usina Hidrel\u00e9trica Binacional de Itaipu decidiu financiar a retomada das obras da Universidade Federal Latino-Americana (Unila), em Foz do Igua\u00e7u (PR), com um investimento de mais de R$ 750 milh\u00f5es, em vez de reduzir o custo da energia para os consumidores brasileiros. A obra, planejada durante o segundo mandato de Lula e paralisada h\u00e1 [&hellip;]\" \/>\n<meta property=\"og:url\" content=\"https:\/\/jornalfatosenoticias.com.br\/index.php\/2025\/03\/17\/itaipu-destina-r-750-milhoes-para-universidade-enquanto-tarifa-de-energia-segue-alta\/\" \/>\n<meta property=\"og:site_name\" content=\"Jornal Fatos e Not\u00edcias\" \/>\n<meta property=\"article:published_time\" content=\"2025-03-17T21:24:51+00:00\" \/>\n<meta property=\"article:modified_time\" content=\"2025-03-17T21:24:52+00:00\" \/>\n<meta property=\"og:image\" content=\"https:\/\/jornalfatosenoticias.com.br\/wp-content\/uploads\/2025\/03\/usina-itaipu-binacional-foto-divulgacao.jpeg\" \/>\n\t<meta property=\"og:image:width\" content=\"780\" \/>\n\t<meta property=\"og:image:height\" content=\"470\" \/>\n\t<meta property=\"og:image:type\" content=\"image\/jpeg\" \/>\n<meta name=\"author\" content=\"Luzimara Fernandes\" \/>\n<meta name=\"twitter:card\" content=\"summary_large_image\" \/>\n<meta name=\"twitter:label1\" content=\"Escrito por\" \/>\n\t<meta name=\"twitter:data1\" content=\"Luzimara Fernandes\" \/>\n\t<meta name=\"twitter:label2\" content=\"Est. tempo de leitura\" \/>\n\t<meta name=\"twitter:data2\" content=\"2 minutos\" \/>\n<script type=\"application\/ld+json\" class=\"yoast-schema-graph\">{\"@context\":\"https:\/\/schema.org\",\"@graph\":[{\"@type\":\"Article\",\"@id\":\"https:\/\/jornalfatosenoticias.com.br\/index.php\/2025\/03\/17\/itaipu-destina-r-750-milhoes-para-universidade-enquanto-tarifa-de-energia-segue-alta\/#article\",\"isPartOf\":{\"@id\":\"https:\/\/jornalfatosenoticias.com.br\/index.php\/2025\/03\/17\/itaipu-destina-r-750-milhoes-para-universidade-enquanto-tarifa-de-energia-segue-alta\/\"},\"author\":{\"name\":\"Luzimara Fernandes\",\"@id\":\"https:\/\/jornalfatosenoticias.com.br\/#\/schema\/person\/d63837fa13ac8666eb9e74e0985d6f81\"},\"headline\":\"Itaipu destina R$ 750 milh\u00f5es para universidade enquanto tarifa de energia segue alta\",\"datePublished\":\"2025-03-17T21:24:51+00:00\",\"dateModified\":\"2025-03-17T21:24:52+00:00\",\"mainEntityOfPage\":{\"@id\":\"https:\/\/jornalfatosenoticias.com.br\/index.php\/2025\/03\/17\/itaipu-destina-r-750-milhoes-para-universidade-enquanto-tarifa-de-energia-segue-alta\/\"},\"wordCount\":440,\"commentCount\":0,\"publisher\":{\"@id\":\"https:\/\/jornalfatosenoticias.com.br\/#organization\"},\"image\":{\"@id\":\"https:\/\/jornalfatosenoticias.com.br\/index.php\/2025\/03\/17\/itaipu-destina-r-750-milhoes-para-universidade-enquanto-tarifa-de-energia-segue-alta\/#primaryimage\"},\"thumbnailUrl\":\"https:\/\/jornalfatosenoticias.com.br\/wp-content\/uploads\/2025\/03\/usina-itaipu-binacional-foto-divulgacao.jpeg\",\"keywords\":[\"consumidores\",\"conta de luz\",\"Itaipu\",\"Minist\u00e9rio de Minas e Energia\",\"tarifa de energia\",\"TCU\"],\"articleSection\":[\"Geral\"],\"inLanguage\":\"pt-BR\",\"potentialAction\":[{\"@type\":\"CommentAction\",\"name\":\"Comment\",\"target\":[\"https:\/\/jornalfatosenoticias.com.br\/index.php\/2025\/03\/17\/itaipu-destina-r-750-milhoes-para-universidade-enquanto-tarifa-de-energia-segue-alta\/#respond\"]}]},{\"@type\":\"WebPage\",\"@id\":\"https:\/\/jornalfatosenoticias.com.br\/index.php\/2025\/03\/17\/itaipu-destina-r-750-milhoes-para-universidade-enquanto-tarifa-de-energia-segue-alta\/\",\"url\":\"https:\/\/jornalfatosenoticias.com.br\/index.php\/2025\/03\/17\/itaipu-destina-r-750-milhoes-para-universidade-enquanto-tarifa-de-energia-segue-alta\/\",\"name\":\"Itaipu destina R$ 750 milh\u00f5es para universidade enquanto tarifa de energia segue alta - Jornal Fatos e Not\u00edcias\",\"isPartOf\":{\"@id\":\"https:\/\/jornalfatosenoticias.com.br\/#website\"},\"primaryImageOfPage\":{\"@id\":\"https:\/\/jornalfatosenoticias.com.br\/index.php\/2025\/03\/17\/itaipu-destina-r-750-milhoes-para-universidade-enquanto-tarifa-de-energia-segue-alta\/#primaryimage\"},\"image\":{\"@id\":\"https:\/\/jornalfatosenoticias.com.br\/index.php\/2025\/03\/17\/itaipu-destina-r-750-milhoes-para-universidade-enquanto-tarifa-de-energia-segue-alta\/#primaryimage\"},\"thumbnailUrl\":\"https:\/\/jornalfatosenoticias.com.br\/wp-content\/uploads\/2025\/03\/usina-itaipu-binacional-foto-divulgacao.jpeg\",\"datePublished\":\"2025-03-17T21:24:51+00:00\",\"dateModified\":\"2025-03-17T21:24:52+00:00\",\"breadcrumb\":{\"@id\":\"https:\/\/jornalfatosenoticias.com.br\/index.php\/2025\/03\/17\/itaipu-destina-r-750-milhoes-para-universidade-enquanto-tarifa-de-energia-segue-alta\/#breadcrumb\"},\"inLanguage\":\"pt-BR\",\"potentialAction\":[{\"@type\":\"ReadAction\",\"target\":[\"https:\/\/jornalfatosenoticias.com.br\/index.php\/2025\/03\/17\/itaipu-destina-r-750-milhoes-para-universidade-enquanto-tarifa-de-energia-segue-alta\/\"]}]},{\"@type\":\"ImageObject\",\"inLanguage\":\"pt-BR\",\"@id\":\"https:\/\/jornalfatosenoticias.com.br\/index.php\/2025\/03\/17\/itaipu-destina-r-750-milhoes-para-universidade-enquanto-tarifa-de-energia-segue-alta\/#primaryimage\",\"url\":\"https:\/\/jornalfatosenoticias.com.br\/wp-content\/uploads\/2025\/03\/usina-itaipu-binacional-foto-divulgacao.jpeg\",\"contentUrl\":\"https:\/\/jornalfatosenoticias.com.br\/wp-content\/uploads\/2025\/03\/usina-itaipu-binacional-foto-divulgacao.jpeg\",\"width\":780,\"height\":470},{\"@type\":\"BreadcrumbList\",\"@id\":\"https:\/\/jornalfatosenoticias.com.br\/index.php\/2025\/03\/17\/itaipu-destina-r-750-milhoes-para-universidade-enquanto-tarifa-de-energia-segue-alta\/#breadcrumb\",\"itemListElement\":[{\"@type\":\"ListItem\",\"position\":1,\"name\":\"In\u00edcio\",\"item\":\"https:\/\/jornalfatosenoticias.com.br\/\"},{\"@type\":\"ListItem\",\"position\":2,\"name\":\"Itaipu destina R$ 750 milh\u00f5es para universidade enquanto tarifa de energia segue alta\"}]},{\"@type\":\"WebSite\",\"@id\":\"https:\/\/jornalfatosenoticias.com.br\/#website\",\"url\":\"https:\/\/jornalfatosenoticias.com.br\/\",\"name\":\"Jornal Fatos e Not\u00edcias\",\"description\":\"Not\u00edcias em geral\",\"publisher\":{\"@id\":\"https:\/\/jornalfatosenoticias.com.br\/#organization\"},\"potentialAction\":[{\"@type\":\"SearchAction\",\"target\":{\"@type\":\"EntryPoint\",\"urlTemplate\":\"https:\/\/jornalfatosenoticias.com.br\/?s={search_term_string}\"},\"query-input\":{\"@type\":\"PropertyValueSpecification\",\"valueRequired\":true,\"valueName\":\"search_term_string\"}}],\"inLanguage\":\"pt-BR\"},{\"@type\":\"Organization\",\"@id\":\"https:\/\/jornalfatosenoticias.com.br\/#organization\",\"name\":\"Jornal Fatos e Not\u00edcias\",\"url\":\"https:\/\/jornalfatosenoticias.com.br\/\",\"logo\":{\"@type\":\"ImageObject\",\"inLanguage\":\"pt-BR\",\"@id\":\"https:\/\/jornalfatosenoticias.com.br\/#\/schema\/logo\/image\/\",\"url\":\"https:\/\/jornalfatosenoticias.com.br\/wp-content\/uploads\/2020\/02\/logo120.png\",\"contentUrl\":\"https:\/\/jornalfatosenoticias.com.br\/wp-content\/uploads\/2020\/02\/logo120.png\",\"width\":1227,\"height\":120,\"caption\":\"Jornal Fatos e Not\u00edcias\"},\"image\":{\"@id\":\"https:\/\/jornalfatosenoticias.com.br\/#\/schema\/logo\/image\/\"}},{\"@type\":\"Person\",\"@id\":\"https:\/\/jornalfatosenoticias.com.br\/#\/schema\/person\/d63837fa13ac8666eb9e74e0985d6f81\",\"name\":\"Luzimara Fernandes\",\"image\":{\"@type\":\"ImageObject\",\"inLanguage\":\"pt-BR\",\"@id\":\"https:\/\/jornalfatosenoticias.com.br\/#\/schema\/person\/image\/\",\"url\":\"https:\/\/jornalfatosenoticias.com.br\/wp-content\/uploads\/2025\/05\/EU_portal.jpg\",\"contentUrl\":\"https:\/\/jornalfatosenoticias.com.br\/wp-content\/uploads\/2025\/05\/EU_portal.jpg\",\"caption\":\"Luzimara Fernandes\"},\"description\":\"Jornalista MTB 2358-ES\",\"sameAs\":[\"https:\/\/jornalfatosenoticias.com.br\"],\"url\":\"https:\/\/jornalfatosenoticias.com.br\/index.php\/author\/luzimara\/\"}]}<\/script>\n<!-- \/ Yoast SEO plugin. -->","yoast_head_json":{"title":"Itaipu destina R$ 750 milh\u00f5es para universidade enquanto tarifa de energia segue alta - Jornal Fatos e Not\u00edcias","robots":{"index":"index","follow":"follow","max-snippet":"max-snippet:-1","max-image-preview":"max-image-preview:large","max-video-preview":"max-video-preview:-1"},"canonical":"https:\/\/jornalfatosenoticias.com.br\/index.php\/2025\/03\/17\/itaipu-destina-r-750-milhoes-para-universidade-enquanto-tarifa-de-energia-segue-alta\/","og_locale":"pt_BR","og_type":"article","og_title":"Itaipu destina R$ 750 milh\u00f5es para universidade enquanto tarifa de energia segue alta - Jornal Fatos e Not\u00edcias","og_description":"A Usina Hidrel\u00e9trica Binacional de Itaipu decidiu financiar a retomada das obras da Universidade Federal Latino-Americana (Unila), em Foz do Igua\u00e7u (PR), com um investimento de mais de R$ 750 milh\u00f5es, em vez de reduzir o custo da energia para os consumidores brasileiros. A obra, planejada durante o segundo mandato de Lula e paralisada h\u00e1 [&hellip;]","og_url":"https:\/\/jornalfatosenoticias.com.br\/index.php\/2025\/03\/17\/itaipu-destina-r-750-milhoes-para-universidade-enquanto-tarifa-de-energia-segue-alta\/","og_site_name":"Jornal Fatos e Not\u00edcias","article_published_time":"2025-03-17T21:24:51+00:00","article_modified_time":"2025-03-17T21:24:52+00:00","og_image":[{"width":780,"height":470,"url":"https:\/\/jornalfatosenoticias.com.br\/wp-content\/uploads\/2025\/03\/usina-itaipu-binacional-foto-divulgacao.jpeg","type":"image\/jpeg"}],"author":"Luzimara Fernandes","twitter_card":"summary_large_image","twitter_misc":{"Escrito por":"Luzimara Fernandes","Est. tempo de leitura":"2 minutos"},"schema":{"@context":"https:\/\/schema.org","@graph":[{"@type":"Article","@id":"https:\/\/jornalfatosenoticias.com.br\/index.php\/2025\/03\/17\/itaipu-destina-r-750-milhoes-para-universidade-enquanto-tarifa-de-energia-segue-alta\/#article","isPartOf":{"@id":"https:\/\/jornalfatosenoticias.com.br\/index.php\/2025\/03\/17\/itaipu-destina-r-750-milhoes-para-universidade-enquanto-tarifa-de-energia-segue-alta\/"},"author":{"name":"Luzimara Fernandes","@id":"https:\/\/jornalfatosenoticias.com.br\/#\/schema\/person\/d63837fa13ac8666eb9e74e0985d6f81"},"headline":"Itaipu destina R$ 750 milh\u00f5es para universidade enquanto tarifa de energia segue alta","datePublished":"2025-03-17T21:24:51+00:00","dateModified":"2025-03-17T21:24:52+00:00","mainEntityOfPage":{"@id":"https:\/\/jornalfatosenoticias.com.br\/index.php\/2025\/03\/17\/itaipu-destina-r-750-milhoes-para-universidade-enquanto-tarifa-de-energia-segue-alta\/"},"wordCount":440,"commentCount":0,"publisher":{"@id":"https:\/\/jornalfatosenoticias.com.br\/#organization"},"image":{"@id":"https:\/\/jornalfatosenoticias.com.br\/index.php\/2025\/03\/17\/itaipu-destina-r-750-milhoes-para-universidade-enquanto-tarifa-de-energia-segue-alta\/#primaryimage"},"thumbnailUrl":"https:\/\/jornalfatosenoticias.com.br\/wp-content\/uploads\/2025\/03\/usina-itaipu-binacional-foto-divulgacao.jpeg","keywords":["consumidores","conta de luz","Itaipu","Minist\u00e9rio de Minas e Energia","tarifa de energia","TCU"],"articleSection":["Geral"],"inLanguage":"pt-BR","potentialAction":[{"@type":"CommentAction","name":"Comment","target":["https:\/\/jornalfatosenoticias.com.br\/index.php\/2025\/03\/17\/itaipu-destina-r-750-milhoes-para-universidade-enquanto-tarifa-de-energia-segue-alta\/#respond"]}]},{"@type":"WebPage","@id":"https:\/\/jornalfatosenoticias.com.br\/index.php\/2025\/03\/17\/itaipu-destina-r-750-milhoes-para-universidade-enquanto-tarifa-de-energia-segue-alta\/","url":"https:\/\/jornalfatosenoticias.com.br\/index.php\/2025\/03\/17\/itaipu-destina-r-750-milhoes-para-universidade-enquanto-tarifa-de-energia-segue-alta\/","name":"Itaipu destina R$ 750 milh\u00f5es para universidade enquanto tarifa de energia segue alta - Jornal Fatos e Not\u00edcias","isPartOf":{"@id":"https:\/\/jornalfatosenoticias.com.br\/#website"},"primaryImageOfPage":{"@id":"https:\/\/jornalfatosenoticias.com.br\/index.php\/2025\/03\/17\/itaipu-destina-r-750-milhoes-para-universidade-enquanto-tarifa-de-energia-segue-alta\/#primaryimage"},"image":{"@id":"https:\/\/jornalfatosenoticias.com.br\/index.php\/2025\/03\/17\/itaipu-destina-r-750-milhoes-para-universidade-enquanto-tarifa-de-energia-segue-alta\/#primaryimage"},"thumbnailUrl":"https:\/\/jornalfatosenoticias.com.br\/wp-content\/uploads\/2025\/03\/usina-itaipu-binacional-foto-divulgacao.jpeg","datePublished":"2025-03-17T21:24:51+00:00","dateModified":"2025-03-17T21:24:52+00:00","breadcrumb":{"@id":"https:\/\/jornalfatosenoticias.com.br\/index.php\/2025\/03\/17\/itaipu-destina-r-750-milhoes-para-universidade-enquanto-tarifa-de-energia-segue-alta\/#breadcrumb"},"inLanguage":"pt-BR","potentialAction":[{"@type":"ReadAction","target":["https:\/\/jornalfatosenoticias.com.br\/index.php\/2025\/03\/17\/itaipu-destina-r-750-milhoes-para-universidade-enquanto-tarifa-de-energia-segue-alta\/"]}]},{"@type":"ImageObject","inLanguage":"pt-BR","@id":"https:\/\/jornalfatosenoticias.com.br\/index.php\/2025\/03\/17\/itaipu-destina-r-750-milhoes-para-universidade-enquanto-tarifa-de-energia-segue-alta\/#primaryimage","url":"https:\/\/jornalfatosenoticias.com.br\/wp-content\/uploads\/2025\/03\/usina-itaipu-binacional-foto-divulgacao.jpeg","contentUrl":"https:\/\/jornalfatosenoticias.com.br\/wp-content\/uploads\/2025\/03\/usina-itaipu-binacional-foto-divulgacao.jpeg","width":780,"height":470},{"@type":"BreadcrumbList","@id":"https:\/\/jornalfatosenoticias.com.br\/index.php\/2025\/03\/17\/itaipu-destina-r-750-milhoes-para-universidade-enquanto-tarifa-de-energia-segue-alta\/#breadcrumb","itemListElement":[{"@type":"ListItem","position":1,"name":"In\u00edcio","item":"https:\/\/jornalfatosenoticias.com.br\/"},{"@type":"ListItem","position":2,"name":"Itaipu destina R$ 750 milh\u00f5es para universidade enquanto tarifa de energia segue alta"}]},{"@type":"WebSite","@id":"https:\/\/jornalfatosenoticias.com.br\/#website","url":"https:\/\/jornalfatosenoticias.com.br\/","name":"Jornal Fatos e Not\u00edcias","description":"Not\u00edcias em geral","publisher":{"@id":"https:\/\/jornalfatosenoticias.com.br\/#organization"},"potentialAction":[{"@type":"SearchAction","target":{"@type":"EntryPoint","urlTemplate":"https:\/\/jornalfatosenoticias.com.br\/?s={search_term_string}"},"query-input":{"@type":"PropertyValueSpecification","valueRequired":true,"valueName":"search_term_string"}}],"inLanguage":"pt-BR"},{"@type":"Organization","@id":"https:\/\/jornalfatosenoticias.com.br\/#organization","name":"Jornal Fatos e Not\u00edcias","url":"https:\/\/jornalfatosenoticias.com.br\/","logo":{"@type":"ImageObject","inLanguage":"pt-BR","@id":"https:\/\/jornalfatosenoticias.com.br\/#\/schema\/logo\/image\/","url":"https:\/\/jornalfatosenoticias.com.br\/wp-content\/uploads\/2020\/02\/logo120.png","contentUrl":"https:\/\/jornalfatosenoticias.com.br\/wp-content\/uploads\/2020\/02\/logo120.png","width":1227,"height":120,"caption":"Jornal Fatos e Not\u00edcias"},"image":{"@id":"https:\/\/jornalfatosenoticias.com.br\/#\/schema\/logo\/image\/"}},{"@type":"Person","@id":"https:\/\/jornalfatosenoticias.com.br\/#\/schema\/person\/d63837fa13ac8666eb9e74e0985d6f81","name":"Luzimara Fernandes","image":{"@type":"ImageObject","inLanguage":"pt-BR","@id":"https:\/\/jornalfatosenoticias.com.br\/#\/schema\/person\/image\/","url":"https:\/\/jornalfatosenoticias.com.br\/wp-content\/uploads\/2025\/05\/EU_portal.jpg","contentUrl":"https:\/\/jornalfatosenoticias.com.br\/wp-content\/uploads\/2025\/05\/EU_portal.jpg","caption":"Luzimara Fernandes"},"description":"Jornalista MTB 2358-ES","sameAs":["https:\/\/jornalfatosenoticias.com.br"],"url":"https:\/\/jornalfatosenoticias.com.br\/index.php\/author\/luzimara\/"}]}},"cc_featured_image_caption":{"caption_text":"(Foto: Divulga\u00e7\u00e3o) ","source_text":"","source_url":""},"jetpack_featured_media_url":"https:\/\/jornalfatosenoticias.com.br\/wp-content\/uploads\/2025\/03\/usina-itaipu-binacional-foto-divulgacao.jpeg","_links":{"self":[{"href":"https:\/\/jornalfatosenoticias.com.br\/index.php\/wp-json\/wp\/v2\/posts\/57806","targetHints":{"allow":["GET"]}}],"collection":[{"href":"https:\/\/jornalfatosenoticias.com.br\/index.php\/wp-json\/wp\/v2\/posts"}],"about":[{"href":"https:\/\/jornalfatosenoticias.com.br\/index.php\/wp-json\/wp\/v2\/types\/post"}],"author":[{"embeddable":true,"href":"https:\/\/jornalfatosenoticias.com.br\/index.php\/wp-json\/wp\/v2\/users\/2"}],"replies":[{"embeddable":true,"href":"https:\/\/jornalfatosenoticias.com.br\/index.php\/wp-json\/wp\/v2\/comments?post=57806"}],"version-history":[{"count":0,"href":"https:\/\/jornalfatosenoticias.com.br\/index.php\/wp-json\/wp\/v2\/posts\/57806\/revisions"}],"wp:featuredmedia":[{"embeddable":true,"href":"https:\/\/jornalfatosenoticias.com.br\/index.php\/wp-json\/wp\/v2\/media\/57807"}],"wp:attachment":[{"href":"https:\/\/jornalfatosenoticias.com.br\/index.php\/wp-json\/wp\/v2\/media?parent=57806"}],"wp:term":[{"taxonomy":"category","embeddable":true,"href":"https:\/\/jornalfatosenoticias.com.br\/index.php\/wp-json\/wp\/v2\/categories?post=57806"},{"taxonomy":"post_tag","embeddable":true,"href":"https:\/\/jornalfatosenoticias.com.br\/index.php\/wp-json\/wp\/v2\/tags?post=57806"}],"curies":[{"name":"wp","href":"https:\/\/api.w.org\/{rel}","templated":true}]}}