{"id":57809,"date":"2025-03-17T18:37:22","date_gmt":"2025-03-17T21:37:22","guid":{"rendered":"https:\/\/jornalfatosenoticias.com.br\/?p=57809"},"modified":"2025-03-17T18:37:24","modified_gmt":"2025-03-17T21:37:24","slug":"relatorios-do-tcu-apontam-falhas-graves-no-ministerio-da-cultura-e-indicios-de-corrupcao","status":"publish","type":"post","link":"https:\/\/jornalfatosenoticias.com.br\/index.php\/2025\/03\/17\/relatorios-do-tcu-apontam-falhas-graves-no-ministerio-da-cultura-e-indicios-de-corrupcao\/","title":{"rendered":"Relat\u00f3rios do TCU apontam falhas graves no Minist\u00e9rio da Cultura e ind\u00edcios de corrup\u00e7\u00e3o"},"content":{"rendered":"\n<div class=\"wp-block-image\"><figure class=\"aligncenter size-large is-resized\"><a href=\"https:\/\/www.facebook.com\/vetor.vix\/\"><img loading=\"lazy\" decoding=\"async\" src=\"https:\/\/jornalfatosenoticias.com.br\/wp-content\/uploads\/2023\/09\/vetorvix1024_1.jpg\" alt=\"\" class=\"wp-image-44868\" width=\"550\" height=\"146\" srcset=\"https:\/\/jornalfatosenoticias.com.br\/wp-content\/uploads\/2023\/09\/vetorvix1024_1.jpg 1024w, https:\/\/jornalfatosenoticias.com.br\/wp-content\/uploads\/2023\/09\/vetorvix1024_1-300x80.jpg 300w, https:\/\/jornalfatosenoticias.com.br\/wp-content\/uploads\/2023\/09\/vetorvix1024_1-768x205.jpg 768w\" sizes=\"auto, (max-width: 550px) 100vw, 550px\" \/><\/a><\/figure><\/div>\n\n\n\n<p>Relat\u00f3rios do Tribunal de Contas da Uni\u00e3o (TCU) revelam irregularidades graves na gest\u00e3o do Minist\u00e9rio da Cultura, especialmente durante o governo de Luiz In\u00e1cio Lula da Silva (PT). A investiga\u00e7\u00e3o, divulgada no \u00faltimo s\u00e1bado (15), aponta falta de transpar\u00eancia, m\u00e1 gest\u00e3o de recursos p\u00fablicos e uso pol\u00edtico de programas culturais.<br>O cientista pol\u00edtico Manoel Jos\u00e9 de Souza Neto, ex-integrante do Conselho Nacional de Pol\u00edticas Culturais, compartilhou um link do TCU contendo documentos detalhados sobre as auditorias. Segundo ele, h\u00e1 ind\u00edcios concretos de corrup\u00e7\u00e3o, motivo pelo qual o caso foi encaminhado \u00e0 Comiss\u00e3o de Seguran\u00e7a P\u00fablica e Combate ao Crime Organizado da C\u00e2mara dos Deputados.<\/p>\n\n\n\n<div class=\"wp-block-image\"><figure class=\"aligncenter size-large\"><a href=\"https:\/\/www.cesconetto.com.br\/\"><img loading=\"lazy\" decoding=\"async\" width=\"300\" height=\"250\" src=\"https:\/\/jornalfatosenoticias.com.br\/wp-content\/uploads\/2022\/02\/Banner-2.png\" alt=\"\" class=\"wp-image-27877\"\/><\/a><\/figure><\/div>\n\n\n\n<blockquote class=\"wp-block-quote is-layout-flow wp-block-quote-is-layout-flow\"><p><span class=\"has-inline-color has-luminous-vivid-orange-color\">As auditorias sugerem ind\u00edcios de corrup\u00e7\u00e3o. O pr\u00f3prio TCU encaminhou documentos \u00e0 comiss\u00e3o porque identificou movimenta\u00e7\u00f5es suspeitas\u201d, afirmou Souza Neto.<\/span><\/p><\/blockquote>\n\n\n\n<div class=\"wp-block-image\"><figure class=\"aligncenter size-large is-resized\"><a href=\"https:\/\/www.instagram.com\/restaurantepegoretti\/\"><img loading=\"lazy\" decoding=\"async\" src=\"https:\/\/jornalfatosenoticias.com.br\/wp-content\/uploads\/2023\/12\/pegoretti-logo-pdf-1024x389.jpg\" alt=\"\" class=\"wp-image-47536\" width=\"527\" height=\"200\" srcset=\"https:\/\/jornalfatosenoticias.com.br\/wp-content\/uploads\/2023\/12\/pegoretti-logo-pdf-1024x389.jpg 1024w, https:\/\/jornalfatosenoticias.com.br\/wp-content\/uploads\/2023\/12\/pegoretti-logo-pdf-300x114.jpg 300w, https:\/\/jornalfatosenoticias.com.br\/wp-content\/uploads\/2023\/12\/pegoretti-logo-pdf-768x291.jpg 768w, https:\/\/jornalfatosenoticias.com.br\/wp-content\/uploads\/2023\/12\/pegoretti-logo-pdf.jpg 1120w\" sizes=\"auto, (max-width: 527px) 100vw, 527px\" \/><\/a><\/figure><\/div>\n\n\n\n<p>Uma das den\u00fancias mais graves recai sobre o Programa Nacional de Comit\u00eas de Cultura (PNCC), criado em 2023 com um or\u00e7amento de R$ 58,8 milh\u00f5es. A secret\u00e1ria Nacional de Mulheres do PT, Anne Moura, afirmou, em \u00e1udio vazado e divulgado pelo jornal O Estado de S. Paulo, que o programa teria beneficiado aliados do partido nas elei\u00e7\u00f5es municipais de 2024.<br>Al\u00e9m disso, o TCU identificou um crescimento de 14,9% no n\u00famero de presta\u00e7\u00f5es de contas pendentes da Lei Rouanet, totalizando mais de 26 mil processos sem conclus\u00e3o.<\/p>\n\n\n\n<div class=\"wp-block-image\"><figure class=\"aligncenter size-large is-resized\"><a href=\"https:\/\/panper.com.br\/\"><img loading=\"lazy\" decoding=\"async\" src=\"https:\/\/jornalfatosenoticias.com.br\/wp-content\/uploads\/2023\/03\/logo-Panper_portal.jpg\" alt=\"\" class=\"wp-image-40208\" width=\"347\" height=\"240\" srcset=\"https:\/\/jornalfatosenoticias.com.br\/wp-content\/uploads\/2023\/03\/logo-Panper_portal.jpg 400w, https:\/\/jornalfatosenoticias.com.br\/wp-content\/uploads\/2023\/03\/logo-Panper_portal-300x208.jpg 300w\" sizes=\"auto, (max-width: 347px) 100vw, 347px\" \/><\/a><\/figure><\/div>\n\n\n\n<p><strong><span class=\"has-inline-color has-vivid-purple-color\">Principais problemas identificados pelo TCU:<br><\/span><\/strong>\u2714\ufe0f Uso de dinheiro p\u00fablico para fins pol\u00edticos, incluindo o financiamento indireto de campanhas.<br>\u2714\ufe0f Falhas graves na fiscaliza\u00e7\u00e3o da Lei Rouanet, com ac\u00famulo de processos sem an\u00e1lise.<br>\u2714\ufe0f Desvios em conv\u00eanios da \u00e1rea de Tecnologia da Informa\u00e7\u00e3o (TI), considerados antiecon\u00f4micos e ineficazes.<br>\u2714\ufe0f Falta de governan\u00e7a, com funcion\u00e1rios que n\u00e3o sabem exatamente suas fun\u00e7\u00f5es dentro do minist\u00e9rio.<\/p>\n\n\n\n<div class=\"wp-block-image\"><figure class=\"aligncenter size-large is-resized\"><a href=\"https:\/\/www.facebook.com\/postobkr\/?locale=pt_BR\"><img loading=\"lazy\" decoding=\"async\" src=\"https:\/\/jornalfatosenoticias.com.br\/wp-content\/uploads\/2023\/08\/BKR-1024x1021.jpg\" alt=\"\" class=\"wp-image-44494\" width=\"323\" height=\"322\" srcset=\"https:\/\/jornalfatosenoticias.com.br\/wp-content\/uploads\/2023\/08\/BKR-1024x1021.jpg 1024w, https:\/\/jornalfatosenoticias.com.br\/wp-content\/uploads\/2023\/08\/BKR-300x300.jpg 300w, https:\/\/jornalfatosenoticias.com.br\/wp-content\/uploads\/2023\/08\/BKR-150x150.jpg 150w, https:\/\/jornalfatosenoticias.com.br\/wp-content\/uploads\/2023\/08\/BKR-768x766.jpg 768w, https:\/\/jornalfatosenoticias.com.br\/wp-content\/uploads\/2023\/08\/BKR.jpg 1080w\" sizes=\"auto, (max-width: 323px) 100vw, 323px\" \/><\/a><\/figure><\/div>\n\n\n\n<blockquote class=\"wp-block-quote is-layout-flow wp-block-quote-is-layout-flow\"><p><span class=\"has-inline-color has-luminous-vivid-orange-color\">Cada vez aumenta a quantidade de coisas erradas, n\u00e3o diminui\u201d, alertou Souza Neto.<\/span><\/p><\/blockquote>\n\n\n\n<div class=\"wp-block-image\"><figure class=\"aligncenter size-large is-resized\"><a href=\"https:\/\/www.instagram.com\/serra4x4cambioautomatico\/\"><img loading=\"lazy\" decoding=\"async\" src=\"https:\/\/jornalfatosenoticias.com.br\/wp-content\/uploads\/2024\/08\/Serra-4x4-1-886x1024.jpg\" alt=\"\" class=\"wp-image-53632\" width=\"316\" height=\"365\" srcset=\"https:\/\/jornalfatosenoticias.com.br\/wp-content\/uploads\/2024\/08\/Serra-4x4-1-886x1024.jpg 886w, https:\/\/jornalfatosenoticias.com.br\/wp-content\/uploads\/2024\/08\/Serra-4x4-1-260x300.jpg 260w, https:\/\/jornalfatosenoticias.com.br\/wp-content\/uploads\/2024\/08\/Serra-4x4-1-768x888.jpg 768w, https:\/\/jornalfatosenoticias.com.br\/wp-content\/uploads\/2024\/08\/Serra-4x4-1.jpg 1181w\" sizes=\"auto, (max-width: 316px) 100vw, 316px\" \/><\/a><\/figure><\/div>\n\n\n\n<p>A ministra da Cultura, Margareth Menezes, atribuiu as falhas \u00e0 desestrutura\u00e7\u00e3o do minist\u00e9rio durante a gest\u00e3o Bolsonaro, quando a pasta foi rebaixada a uma secretaria. \u201cNosso compromisso \u00e9 zerar as presta\u00e7\u00f5es de contas pendentes at\u00e9 o pr\u00f3ximo ano\u201d, afirmou a ministra. Entretanto, o TCU destaca que as dificuldades na fiscaliza\u00e7\u00e3o dos recursos da Cultura s\u00e3o recorrentes h\u00e1 mais de 20 anos, e que o problema se agravou no \u00faltimo ano. Comparando as revela\u00e7\u00f5es ao WikiLeaks, organiza\u00e7\u00e3o conhecida por vazar documentos sigilosos, Souza Neto alertou para a gravidade do caso.<\/p>\n\n\n\n<div class=\"wp-block-image\"><figure class=\"aligncenter size-large is-resized\"><a href=\"https:\/\/www.ithbrasil.com.br\/\"><img loading=\"lazy\" decoding=\"async\" src=\"https:\/\/jornalfatosenoticias.com.br\/wp-content\/uploads\/2023\/08\/ITH.jpeg\" alt=\"\" class=\"wp-image-44638\" width=\"339\" height=\"275\" srcset=\"https:\/\/jornalfatosenoticias.com.br\/wp-content\/uploads\/2023\/08\/ITH.jpeg 800w, https:\/\/jornalfatosenoticias.com.br\/wp-content\/uploads\/2023\/08\/ITH-300x244.jpeg 300w, https:\/\/jornalfatosenoticias.com.br\/wp-content\/uploads\/2023\/08\/ITH-768x624.jpeg 768w\" sizes=\"auto, (max-width: 339px) 100vw, 339px\" \/><\/a><\/figure><\/div>\n\n\n\n<blockquote class=\"wp-block-quote is-layout-flow wp-block-quote-is-layout-flow\"><p><span class=\"has-inline-color has-luminous-vivid-orange-color\">Os fatos est\u00e3o sendo revelados como um WikiLeaks da Cultura. Muita gente est\u00e1 come\u00e7ando a entender o que realmente acontece nos bastidores\u201d.<\/span><\/p><\/blockquote>\n\n\n\n<p><strong><em>Fonte: <a href=\"https:\/\/horabrasilia.com.br\/2025\/03\/relatorios-do-tcu-apontam-falhas-graves-no-ministerio-da-cultura-e-indicios-de-corrupcao\/\">Hora Bras\u00edlia<\/a><\/em><\/strong><\/p>\n","protected":false},"excerpt":{"rendered":"<p>Relat\u00f3rios do Tribunal de Contas da Uni\u00e3o (TCU) revelam irregularidades graves na gest\u00e3o do Minist\u00e9rio da Cultura, especialmente durante o governo de Luiz In\u00e1cio Lula da Silva (PT). A investiga\u00e7\u00e3o, divulgada no \u00faltimo s\u00e1bado (15), aponta falta de transpar\u00eancia, m\u00e1 gest\u00e3o de recursos p\u00fablicos e uso pol\u00edtico de programas culturais.O cientista pol\u00edtico Manoel Jos\u00e9 de [&hellip;]<\/p>\n","protected":false},"author":2,"featured_media":57810,"comment_status":"open","ping_status":"open","sticky":false,"template":"","format":"standard","meta":{"footnotes":""},"categories":[10],"tags":[2129,12755,13870,25834,24111],"class_list":["post-57809","post","type-post","status-publish","format-standard","has-post-thumbnail","hentry","category-politica","tag-corrupcao","tag-lei-rouanet","tag-luiz-inacio-lula-da-silva","tag-margareth-menezes","tag-ministerio-da-cultura"],"yoast_head":"<!-- This site is optimized with the Yoast SEO plugin v26.5 - https:\/\/yoast.com\/wordpress\/plugins\/seo\/ -->\n<title>Relat\u00f3rios do TCU apontam falhas graves no Minist\u00e9rio da Cultura e ind\u00edcios de corrup\u00e7\u00e3o - Jornal Fatos e Not\u00edcias<\/title>\n<meta name=\"robots\" content=\"index, follow, max-snippet:-1, max-image-preview:large, max-video-preview:-1\" \/>\n<link rel=\"canonical\" href=\"https:\/\/jornalfatosenoticias.com.br\/index.php\/2025\/03\/17\/relatorios-do-tcu-apontam-falhas-graves-no-ministerio-da-cultura-e-indicios-de-corrupcao\/\" \/>\n<meta property=\"og:locale\" content=\"pt_BR\" \/>\n<meta property=\"og:type\" content=\"article\" \/>\n<meta property=\"og:title\" content=\"Relat\u00f3rios do TCU apontam falhas graves no Minist\u00e9rio da Cultura e ind\u00edcios de corrup\u00e7\u00e3o - Jornal Fatos e Not\u00edcias\" \/>\n<meta property=\"og:description\" content=\"Relat\u00f3rios do Tribunal de Contas da Uni\u00e3o (TCU) revelam irregularidades graves na gest\u00e3o do Minist\u00e9rio da Cultura, especialmente durante o governo de Luiz In\u00e1cio Lula da Silva (PT). A investiga\u00e7\u00e3o, divulgada no \u00faltimo s\u00e1bado (15), aponta falta de transpar\u00eancia, m\u00e1 gest\u00e3o de recursos p\u00fablicos e uso pol\u00edtico de programas culturais.O cientista pol\u00edtico Manoel Jos\u00e9 de [&hellip;]\" \/>\n<meta property=\"og:url\" content=\"https:\/\/jornalfatosenoticias.com.br\/index.php\/2025\/03\/17\/relatorios-do-tcu-apontam-falhas-graves-no-ministerio-da-cultura-e-indicios-de-corrupcao\/\" \/>\n<meta property=\"og:site_name\" content=\"Jornal Fatos e Not\u00edcias\" \/>\n<meta property=\"article:published_time\" content=\"2025-03-17T21:37:22+00:00\" \/>\n<meta property=\"article:modified_time\" content=\"2025-03-17T21:37:24+00:00\" \/>\n<meta property=\"og:image\" content=\"https:\/\/jornalfatosenoticias.com.br\/wp-content\/uploads\/2025\/03\/ministra-da-cultura-margareth-menezes-foto-valter-campanato-agencia-brasil.jpg\" \/>\n\t<meta property=\"og:image:width\" content=\"780\" \/>\n\t<meta property=\"og:image:height\" content=\"470\" \/>\n\t<meta property=\"og:image:type\" content=\"image\/jpeg\" \/>\n<meta name=\"author\" content=\"Luzimara Fernandes\" \/>\n<meta name=\"twitter:card\" content=\"summary_large_image\" \/>\n<meta name=\"twitter:label1\" content=\"Escrito por\" \/>\n\t<meta name=\"twitter:data1\" content=\"Luzimara Fernandes\" \/>\n\t<meta name=\"twitter:label2\" content=\"Est. tempo de leitura\" \/>\n\t<meta name=\"twitter:data2\" content=\"2 minutos\" \/>\n<script type=\"application\/ld+json\" class=\"yoast-schema-graph\">{\"@context\":\"https:\/\/schema.org\",\"@graph\":[{\"@type\":\"Article\",\"@id\":\"https:\/\/jornalfatosenoticias.com.br\/index.php\/2025\/03\/17\/relatorios-do-tcu-apontam-falhas-graves-no-ministerio-da-cultura-e-indicios-de-corrupcao\/#article\",\"isPartOf\":{\"@id\":\"https:\/\/jornalfatosenoticias.com.br\/index.php\/2025\/03\/17\/relatorios-do-tcu-apontam-falhas-graves-no-ministerio-da-cultura-e-indicios-de-corrupcao\/\"},\"author\":{\"name\":\"Luzimara Fernandes\",\"@id\":\"https:\/\/jornalfatosenoticias.com.br\/#\/schema\/person\/d63837fa13ac8666eb9e74e0985d6f81\"},\"headline\":\"Relat\u00f3rios do TCU apontam falhas graves no Minist\u00e9rio da Cultura e ind\u00edcios de corrup\u00e7\u00e3o\",\"datePublished\":\"2025-03-17T21:37:22+00:00\",\"dateModified\":\"2025-03-17T21:37:24+00:00\",\"mainEntityOfPage\":{\"@id\":\"https:\/\/jornalfatosenoticias.com.br\/index.php\/2025\/03\/17\/relatorios-do-tcu-apontam-falhas-graves-no-ministerio-da-cultura-e-indicios-de-corrupcao\/\"},\"wordCount\":464,\"commentCount\":0,\"publisher\":{\"@id\":\"https:\/\/jornalfatosenoticias.com.br\/#organization\"},\"image\":{\"@id\":\"https:\/\/jornalfatosenoticias.com.br\/index.php\/2025\/03\/17\/relatorios-do-tcu-apontam-falhas-graves-no-ministerio-da-cultura-e-indicios-de-corrupcao\/#primaryimage\"},\"thumbnailUrl\":\"https:\/\/jornalfatosenoticias.com.br\/wp-content\/uploads\/2025\/03\/ministra-da-cultura-margareth-menezes-foto-valter-campanato-agencia-brasil.jpg\",\"keywords\":[\"corrup\u00e7\u00e3o\",\"Lei Rouanet\",\"Luiz In\u00e1cio Lula da Silva\",\"Margareth Menezes\",\"Minist\u00e9rio da Cultura\"],\"articleSection\":[\"Pol\u00edtica\"],\"inLanguage\":\"pt-BR\",\"potentialAction\":[{\"@type\":\"CommentAction\",\"name\":\"Comment\",\"target\":[\"https:\/\/jornalfatosenoticias.com.br\/index.php\/2025\/03\/17\/relatorios-do-tcu-apontam-falhas-graves-no-ministerio-da-cultura-e-indicios-de-corrupcao\/#respond\"]}]},{\"@type\":\"WebPage\",\"@id\":\"https:\/\/jornalfatosenoticias.com.br\/index.php\/2025\/03\/17\/relatorios-do-tcu-apontam-falhas-graves-no-ministerio-da-cultura-e-indicios-de-corrupcao\/\",\"url\":\"https:\/\/jornalfatosenoticias.com.br\/index.php\/2025\/03\/17\/relatorios-do-tcu-apontam-falhas-graves-no-ministerio-da-cultura-e-indicios-de-corrupcao\/\",\"name\":\"Relat\u00f3rios do TCU apontam falhas graves no Minist\u00e9rio da Cultura e ind\u00edcios de corrup\u00e7\u00e3o - Jornal Fatos e Not\u00edcias\",\"isPartOf\":{\"@id\":\"https:\/\/jornalfatosenoticias.com.br\/#website\"},\"primaryImageOfPage\":{\"@id\":\"https:\/\/jornalfatosenoticias.com.br\/index.php\/2025\/03\/17\/relatorios-do-tcu-apontam-falhas-graves-no-ministerio-da-cultura-e-indicios-de-corrupcao\/#primaryimage\"},\"image\":{\"@id\":\"https:\/\/jornalfatosenoticias.com.br\/index.php\/2025\/03\/17\/relatorios-do-tcu-apontam-falhas-graves-no-ministerio-da-cultura-e-indicios-de-corrupcao\/#primaryimage\"},\"thumbnailUrl\":\"https:\/\/jornalfatosenoticias.com.br\/wp-content\/uploads\/2025\/03\/ministra-da-cultura-margareth-menezes-foto-valter-campanato-agencia-brasil.jpg\",\"datePublished\":\"2025-03-17T21:37:22+00:00\",\"dateModified\":\"2025-03-17T21:37:24+00:00\",\"breadcrumb\":{\"@id\":\"https:\/\/jornalfatosenoticias.com.br\/index.php\/2025\/03\/17\/relatorios-do-tcu-apontam-falhas-graves-no-ministerio-da-cultura-e-indicios-de-corrupcao\/#breadcrumb\"},\"inLanguage\":\"pt-BR\",\"potentialAction\":[{\"@type\":\"ReadAction\",\"target\":[\"https:\/\/jornalfatosenoticias.com.br\/index.php\/2025\/03\/17\/relatorios-do-tcu-apontam-falhas-graves-no-ministerio-da-cultura-e-indicios-de-corrupcao\/\"]}]},{\"@type\":\"ImageObject\",\"inLanguage\":\"pt-BR\",\"@id\":\"https:\/\/jornalfatosenoticias.com.br\/index.php\/2025\/03\/17\/relatorios-do-tcu-apontam-falhas-graves-no-ministerio-da-cultura-e-indicios-de-corrupcao\/#primaryimage\",\"url\":\"https:\/\/jornalfatosenoticias.com.br\/wp-content\/uploads\/2025\/03\/ministra-da-cultura-margareth-menezes-foto-valter-campanato-agencia-brasil.jpg\",\"contentUrl\":\"https:\/\/jornalfatosenoticias.com.br\/wp-content\/uploads\/2025\/03\/ministra-da-cultura-margareth-menezes-foto-valter-campanato-agencia-brasil.jpg\",\"width\":780,\"height\":470},{\"@type\":\"BreadcrumbList\",\"@id\":\"https:\/\/jornalfatosenoticias.com.br\/index.php\/2025\/03\/17\/relatorios-do-tcu-apontam-falhas-graves-no-ministerio-da-cultura-e-indicios-de-corrupcao\/#breadcrumb\",\"itemListElement\":[{\"@type\":\"ListItem\",\"position\":1,\"name\":\"In\u00edcio\",\"item\":\"https:\/\/jornalfatosenoticias.com.br\/\"},{\"@type\":\"ListItem\",\"position\":2,\"name\":\"Relat\u00f3rios do TCU apontam falhas graves no Minist\u00e9rio da Cultura e ind\u00edcios de corrup\u00e7\u00e3o\"}]},{\"@type\":\"WebSite\",\"@id\":\"https:\/\/jornalfatosenoticias.com.br\/#website\",\"url\":\"https:\/\/jornalfatosenoticias.com.br\/\",\"name\":\"Jornal Fatos e Not\u00edcias\",\"description\":\"Not\u00edcias em geral\",\"publisher\":{\"@id\":\"https:\/\/jornalfatosenoticias.com.br\/#organization\"},\"potentialAction\":[{\"@type\":\"SearchAction\",\"target\":{\"@type\":\"EntryPoint\",\"urlTemplate\":\"https:\/\/jornalfatosenoticias.com.br\/?s={search_term_string}\"},\"query-input\":{\"@type\":\"PropertyValueSpecification\",\"valueRequired\":true,\"valueName\":\"search_term_string\"}}],\"inLanguage\":\"pt-BR\"},{\"@type\":\"Organization\",\"@id\":\"https:\/\/jornalfatosenoticias.com.br\/#organization\",\"name\":\"Jornal Fatos e Not\u00edcias\",\"url\":\"https:\/\/jornalfatosenoticias.com.br\/\",\"logo\":{\"@type\":\"ImageObject\",\"inLanguage\":\"pt-BR\",\"@id\":\"https:\/\/jornalfatosenoticias.com.br\/#\/schema\/logo\/image\/\",\"url\":\"https:\/\/jornalfatosenoticias.com.br\/wp-content\/uploads\/2020\/02\/logo120.png\",\"contentUrl\":\"https:\/\/jornalfatosenoticias.com.br\/wp-content\/uploads\/2020\/02\/logo120.png\",\"width\":1227,\"height\":120,\"caption\":\"Jornal Fatos e Not\u00edcias\"},\"image\":{\"@id\":\"https:\/\/jornalfatosenoticias.com.br\/#\/schema\/logo\/image\/\"}},{\"@type\":\"Person\",\"@id\":\"https:\/\/jornalfatosenoticias.com.br\/#\/schema\/person\/d63837fa13ac8666eb9e74e0985d6f81\",\"name\":\"Luzimara Fernandes\",\"image\":{\"@type\":\"ImageObject\",\"inLanguage\":\"pt-BR\",\"@id\":\"https:\/\/jornalfatosenoticias.com.br\/#\/schema\/person\/image\/\",\"url\":\"https:\/\/jornalfatosenoticias.com.br\/wp-content\/uploads\/2025\/05\/EU_portal.jpg\",\"contentUrl\":\"https:\/\/jornalfatosenoticias.com.br\/wp-content\/uploads\/2025\/05\/EU_portal.jpg\",\"caption\":\"Luzimara Fernandes\"},\"description\":\"Jornalista MTB 2358-ES\",\"sameAs\":[\"https:\/\/jornalfatosenoticias.com.br\"],\"url\":\"https:\/\/jornalfatosenoticias.com.br\/index.php\/author\/luzimara\/\"}]}<\/script>\n<!-- \/ Yoast SEO plugin. -->","yoast_head_json":{"title":"Relat\u00f3rios do TCU apontam falhas graves no Minist\u00e9rio da Cultura e ind\u00edcios de corrup\u00e7\u00e3o - Jornal Fatos e Not\u00edcias","robots":{"index":"index","follow":"follow","max-snippet":"max-snippet:-1","max-image-preview":"max-image-preview:large","max-video-preview":"max-video-preview:-1"},"canonical":"https:\/\/jornalfatosenoticias.com.br\/index.php\/2025\/03\/17\/relatorios-do-tcu-apontam-falhas-graves-no-ministerio-da-cultura-e-indicios-de-corrupcao\/","og_locale":"pt_BR","og_type":"article","og_title":"Relat\u00f3rios do TCU apontam falhas graves no Minist\u00e9rio da Cultura e ind\u00edcios de corrup\u00e7\u00e3o - Jornal Fatos e Not\u00edcias","og_description":"Relat\u00f3rios do Tribunal de Contas da Uni\u00e3o (TCU) revelam irregularidades graves na gest\u00e3o do Minist\u00e9rio da Cultura, especialmente durante o governo de Luiz In\u00e1cio Lula da Silva (PT). A investiga\u00e7\u00e3o, divulgada no \u00faltimo s\u00e1bado (15), aponta falta de transpar\u00eancia, m\u00e1 gest\u00e3o de recursos p\u00fablicos e uso pol\u00edtico de programas culturais.O cientista pol\u00edtico Manoel Jos\u00e9 de [&hellip;]","og_url":"https:\/\/jornalfatosenoticias.com.br\/index.php\/2025\/03\/17\/relatorios-do-tcu-apontam-falhas-graves-no-ministerio-da-cultura-e-indicios-de-corrupcao\/","og_site_name":"Jornal Fatos e Not\u00edcias","article_published_time":"2025-03-17T21:37:22+00:00","article_modified_time":"2025-03-17T21:37:24+00:00","og_image":[{"width":780,"height":470,"url":"https:\/\/jornalfatosenoticias.com.br\/wp-content\/uploads\/2025\/03\/ministra-da-cultura-margareth-menezes-foto-valter-campanato-agencia-brasil.jpg","type":"image\/jpeg"}],"author":"Luzimara Fernandes","twitter_card":"summary_large_image","twitter_misc":{"Escrito por":"Luzimara Fernandes","Est. tempo de leitura":"2 minutos"},"schema":{"@context":"https:\/\/schema.org","@graph":[{"@type":"Article","@id":"https:\/\/jornalfatosenoticias.com.br\/index.php\/2025\/03\/17\/relatorios-do-tcu-apontam-falhas-graves-no-ministerio-da-cultura-e-indicios-de-corrupcao\/#article","isPartOf":{"@id":"https:\/\/jornalfatosenoticias.com.br\/index.php\/2025\/03\/17\/relatorios-do-tcu-apontam-falhas-graves-no-ministerio-da-cultura-e-indicios-de-corrupcao\/"},"author":{"name":"Luzimara Fernandes","@id":"https:\/\/jornalfatosenoticias.com.br\/#\/schema\/person\/d63837fa13ac8666eb9e74e0985d6f81"},"headline":"Relat\u00f3rios do TCU apontam falhas graves no Minist\u00e9rio da Cultura e ind\u00edcios de corrup\u00e7\u00e3o","datePublished":"2025-03-17T21:37:22+00:00","dateModified":"2025-03-17T21:37:24+00:00","mainEntityOfPage":{"@id":"https:\/\/jornalfatosenoticias.com.br\/index.php\/2025\/03\/17\/relatorios-do-tcu-apontam-falhas-graves-no-ministerio-da-cultura-e-indicios-de-corrupcao\/"},"wordCount":464,"commentCount":0,"publisher":{"@id":"https:\/\/jornalfatosenoticias.com.br\/#organization"},"image":{"@id":"https:\/\/jornalfatosenoticias.com.br\/index.php\/2025\/03\/17\/relatorios-do-tcu-apontam-falhas-graves-no-ministerio-da-cultura-e-indicios-de-corrupcao\/#primaryimage"},"thumbnailUrl":"https:\/\/jornalfatosenoticias.com.br\/wp-content\/uploads\/2025\/03\/ministra-da-cultura-margareth-menezes-foto-valter-campanato-agencia-brasil.jpg","keywords":["corrup\u00e7\u00e3o","Lei Rouanet","Luiz In\u00e1cio Lula da Silva","Margareth Menezes","Minist\u00e9rio da Cultura"],"articleSection":["Pol\u00edtica"],"inLanguage":"pt-BR","potentialAction":[{"@type":"CommentAction","name":"Comment","target":["https:\/\/jornalfatosenoticias.com.br\/index.php\/2025\/03\/17\/relatorios-do-tcu-apontam-falhas-graves-no-ministerio-da-cultura-e-indicios-de-corrupcao\/#respond"]}]},{"@type":"WebPage","@id":"https:\/\/jornalfatosenoticias.com.br\/index.php\/2025\/03\/17\/relatorios-do-tcu-apontam-falhas-graves-no-ministerio-da-cultura-e-indicios-de-corrupcao\/","url":"https:\/\/jornalfatosenoticias.com.br\/index.php\/2025\/03\/17\/relatorios-do-tcu-apontam-falhas-graves-no-ministerio-da-cultura-e-indicios-de-corrupcao\/","name":"Relat\u00f3rios do TCU apontam falhas graves no Minist\u00e9rio da Cultura e ind\u00edcios de corrup\u00e7\u00e3o - Jornal Fatos e Not\u00edcias","isPartOf":{"@id":"https:\/\/jornalfatosenoticias.com.br\/#website"},"primaryImageOfPage":{"@id":"https:\/\/jornalfatosenoticias.com.br\/index.php\/2025\/03\/17\/relatorios-do-tcu-apontam-falhas-graves-no-ministerio-da-cultura-e-indicios-de-corrupcao\/#primaryimage"},"image":{"@id":"https:\/\/jornalfatosenoticias.com.br\/index.php\/2025\/03\/17\/relatorios-do-tcu-apontam-falhas-graves-no-ministerio-da-cultura-e-indicios-de-corrupcao\/#primaryimage"},"thumbnailUrl":"https:\/\/jornalfatosenoticias.com.br\/wp-content\/uploads\/2025\/03\/ministra-da-cultura-margareth-menezes-foto-valter-campanato-agencia-brasil.jpg","datePublished":"2025-03-17T21:37:22+00:00","dateModified":"2025-03-17T21:37:24+00:00","breadcrumb":{"@id":"https:\/\/jornalfatosenoticias.com.br\/index.php\/2025\/03\/17\/relatorios-do-tcu-apontam-falhas-graves-no-ministerio-da-cultura-e-indicios-de-corrupcao\/#breadcrumb"},"inLanguage":"pt-BR","potentialAction":[{"@type":"ReadAction","target":["https:\/\/jornalfatosenoticias.com.br\/index.php\/2025\/03\/17\/relatorios-do-tcu-apontam-falhas-graves-no-ministerio-da-cultura-e-indicios-de-corrupcao\/"]}]},{"@type":"ImageObject","inLanguage":"pt-BR","@id":"https:\/\/jornalfatosenoticias.com.br\/index.php\/2025\/03\/17\/relatorios-do-tcu-apontam-falhas-graves-no-ministerio-da-cultura-e-indicios-de-corrupcao\/#primaryimage","url":"https:\/\/jornalfatosenoticias.com.br\/wp-content\/uploads\/2025\/03\/ministra-da-cultura-margareth-menezes-foto-valter-campanato-agencia-brasil.jpg","contentUrl":"https:\/\/jornalfatosenoticias.com.br\/wp-content\/uploads\/2025\/03\/ministra-da-cultura-margareth-menezes-foto-valter-campanato-agencia-brasil.jpg","width":780,"height":470},{"@type":"BreadcrumbList","@id":"https:\/\/jornalfatosenoticias.com.br\/index.php\/2025\/03\/17\/relatorios-do-tcu-apontam-falhas-graves-no-ministerio-da-cultura-e-indicios-de-corrupcao\/#breadcrumb","itemListElement":[{"@type":"ListItem","position":1,"name":"In\u00edcio","item":"https:\/\/jornalfatosenoticias.com.br\/"},{"@type":"ListItem","position":2,"name":"Relat\u00f3rios do TCU apontam falhas graves no Minist\u00e9rio da Cultura e ind\u00edcios de corrup\u00e7\u00e3o"}]},{"@type":"WebSite","@id":"https:\/\/jornalfatosenoticias.com.br\/#website","url":"https:\/\/jornalfatosenoticias.com.br\/","name":"Jornal Fatos e Not\u00edcias","description":"Not\u00edcias em geral","publisher":{"@id":"https:\/\/jornalfatosenoticias.com.br\/#organization"},"potentialAction":[{"@type":"SearchAction","target":{"@type":"EntryPoint","urlTemplate":"https:\/\/jornalfatosenoticias.com.br\/?s={search_term_string}"},"query-input":{"@type":"PropertyValueSpecification","valueRequired":true,"valueName":"search_term_string"}}],"inLanguage":"pt-BR"},{"@type":"Organization","@id":"https:\/\/jornalfatosenoticias.com.br\/#organization","name":"Jornal Fatos e Not\u00edcias","url":"https:\/\/jornalfatosenoticias.com.br\/","logo":{"@type":"ImageObject","inLanguage":"pt-BR","@id":"https:\/\/jornalfatosenoticias.com.br\/#\/schema\/logo\/image\/","url":"https:\/\/jornalfatosenoticias.com.br\/wp-content\/uploads\/2020\/02\/logo120.png","contentUrl":"https:\/\/jornalfatosenoticias.com.br\/wp-content\/uploads\/2020\/02\/logo120.png","width":1227,"height":120,"caption":"Jornal Fatos e Not\u00edcias"},"image":{"@id":"https:\/\/jornalfatosenoticias.com.br\/#\/schema\/logo\/image\/"}},{"@type":"Person","@id":"https:\/\/jornalfatosenoticias.com.br\/#\/schema\/person\/d63837fa13ac8666eb9e74e0985d6f81","name":"Luzimara Fernandes","image":{"@type":"ImageObject","inLanguage":"pt-BR","@id":"https:\/\/jornalfatosenoticias.com.br\/#\/schema\/person\/image\/","url":"https:\/\/jornalfatosenoticias.com.br\/wp-content\/uploads\/2025\/05\/EU_portal.jpg","contentUrl":"https:\/\/jornalfatosenoticias.com.br\/wp-content\/uploads\/2025\/05\/EU_portal.jpg","caption":"Luzimara Fernandes"},"description":"Jornalista MTB 2358-ES","sameAs":["https:\/\/jornalfatosenoticias.com.br"],"url":"https:\/\/jornalfatosenoticias.com.br\/index.php\/author\/luzimara\/"}]}},"cc_featured_image_caption":{"caption_text":"(Foto: Valter Campanato\/Ag\u00eancia Brasil) ","source_text":"","source_url":""},"jetpack_featured_media_url":"https:\/\/jornalfatosenoticias.com.br\/wp-content\/uploads\/2025\/03\/ministra-da-cultura-margareth-menezes-foto-valter-campanato-agencia-brasil.jpg","_links":{"self":[{"href":"https:\/\/jornalfatosenoticias.com.br\/index.php\/wp-json\/wp\/v2\/posts\/57809","targetHints":{"allow":["GET"]}}],"collection":[{"href":"https:\/\/jornalfatosenoticias.com.br\/index.php\/wp-json\/wp\/v2\/posts"}],"about":[{"href":"https:\/\/jornalfatosenoticias.com.br\/index.php\/wp-json\/wp\/v2\/types\/post"}],"author":[{"embeddable":true,"href":"https:\/\/jornalfatosenoticias.com.br\/index.php\/wp-json\/wp\/v2\/users\/2"}],"replies":[{"embeddable":true,"href":"https:\/\/jornalfatosenoticias.com.br\/index.php\/wp-json\/wp\/v2\/comments?post=57809"}],"version-history":[{"count":0,"href":"https:\/\/jornalfatosenoticias.com.br\/index.php\/wp-json\/wp\/v2\/posts\/57809\/revisions"}],"wp:featuredmedia":[{"embeddable":true,"href":"https:\/\/jornalfatosenoticias.com.br\/index.php\/wp-json\/wp\/v2\/media\/57810"}],"wp:attachment":[{"href":"https:\/\/jornalfatosenoticias.com.br\/index.php\/wp-json\/wp\/v2\/media?parent=57809"}],"wp:term":[{"taxonomy":"category","embeddable":true,"href":"https:\/\/jornalfatosenoticias.com.br\/index.php\/wp-json\/wp\/v2\/categories?post=57809"},{"taxonomy":"post_tag","embeddable":true,"href":"https:\/\/jornalfatosenoticias.com.br\/index.php\/wp-json\/wp\/v2\/tags?post=57809"}],"curies":[{"name":"wp","href":"https:\/\/api.w.org\/{rel}","templated":true}]}}