{"id":57824,"date":"2025-03-18T10:42:59","date_gmt":"2025-03-18T13:42:59","guid":{"rendered":"https:\/\/jornalfatosenoticias.com.br\/?p=57824"},"modified":"2025-03-18T10:43:01","modified_gmt":"2025-03-18T13:43:01","slug":"por-que-os-asiaticos-tem-olhos-mais-alongados-a-ciencia-explica","status":"publish","type":"post","link":"https:\/\/jornalfatosenoticias.com.br\/index.php\/2025\/03\/18\/por-que-os-asiaticos-tem-olhos-mais-alongados-a-ciencia-explica\/","title":{"rendered":"Por que os asi\u00e1ticos t\u00eam olhos mais alongados? A ci\u00eancia explica"},"content":{"rendered":"\n<p><em><span class=\"has-inline-color has-black-color\">Contudo, \u00e9 errado pensar que os olhos dos orientais s\u00e3o menores: o que muda \u00e9 apenas o formato por conta da p\u00e1lpebra mais saliente<\/span><\/em><\/p>\n\n\n\n<p><span class=\"has-inline-color has-black-color\">Por <strong><a href=\"https:\/\/olhardigital.com.br\/author\/camila-oliveira\/\">Camila Oliveira<\/a><\/strong><\/span><\/p>\n\n\n\n<div class=\"wp-block-image\"><figure class=\"aligncenter size-large\"><a href=\"https:\/\/mizu.com.br\/\"><img loading=\"lazy\" decoding=\"async\" width=\"729\" height=\"90\" src=\"https:\/\/jornalfatosenoticias.com.br\/wp-content\/uploads\/2020\/02\/Logo_Mizu.png\" alt=\"\" class=\"wp-image-1441\" srcset=\"https:\/\/jornalfatosenoticias.com.br\/wp-content\/uploads\/2020\/02\/Logo_Mizu.png 729w, https:\/\/jornalfatosenoticias.com.br\/wp-content\/uploads\/2020\/02\/Logo_Mizu-300x37.png 300w\" sizes=\"auto, (max-width: 729px) 100vw, 729px\" \/><\/a><\/figure><\/div>\n\n\n\n<p>Algumas popula\u00e7\u00f5es de regi\u00f5es espec\u00edficas pelo mundo apresentam <strong>caracter\u00edsticas f\u00edsicas espec\u00edficas e marcantes<\/strong>, que s\u00e3o capazes de fazer com o indiv\u00edduo seja reconhecido como parte daquele\u00a0<strong><a href=\"https:\/\/olhardigital.com.br\/2025\/01\/23\/ciencia-e-espaco\/povo-bajau-conheca-os-super-humanos-que-evoluiram-para-segurar-o-folego-por-13-minutos-dentro-dagua\/\" target=\"_blank\" rel=\"noreferrer noopener\">povo<\/a>.<\/strong> \u00c9 o caso, por exemplo, dos nascidos ou descendentes de alguns pa\u00edses da\u00a0<strong><a href=\"https:\/\/olhardigital.com.br\/tag\/asia\/\" target=\"_blank\" rel=\"noreferrer noopener\">\u00c1sia<\/a>,<\/strong> como os chineses, coreanos, japoneses, mong\u00f3is, entre outros.<br>Apesar de terem diversas caracter\u00edsticas diferentes entre si, eles t\u00eam um ponto em comum: os <strong>olhos alongados,<\/strong> chamados pela ci\u00eancia de <strong>dobra epic\u00e2ntica<\/strong> (ou apenas epicanto). Essa caracter\u00edstica \u00e9 uma adapta\u00e7\u00e3o evolutiva, para proteger essas <strong><a href=\"https:\/\/olhardigital.com.br\/tag\/populacao\/\" target=\"_blank\" rel=\"noreferrer noopener\">popula\u00e7\u00f5es<\/a><\/strong> da luz do sol em regi\u00f5es frias, assim como alguns povos possuem nariz mais estreito (por conta do clima frio e seco) ou mais largos (em climas quentes e \u00famidos).<\/p>\n\n\n\n<div class=\"wp-block-image\"><figure class=\"aligncenter size-large\"><a href=\"https:\/\/www.cesconetto.com.br\/\"><img loading=\"lazy\" decoding=\"async\" width=\"300\" height=\"250\" src=\"https:\/\/jornalfatosenoticias.com.br\/wp-content\/uploads\/2022\/02\/Banner-2.png\" alt=\"\" class=\"wp-image-27877\"\/><\/a><\/figure><\/div>\n\n\n\n<p>De forma simples, a <strong>dobra epic\u00e2ntica<\/strong> acontece quando uma parte da pele que vai do nariz at\u00e9 o come\u00e7o da sobrancelha encobre o canto interior do olho. A dobrinha nos olhos \u00e9 muito comum em pessoas naturais da \u00c1sia oriental, como os mong\u00f3is, chineses, coreanos e japoneses, al\u00e9m dos pa\u00edses do sudoeste asi\u00e1tico, como vietnamitas, tailandeses, filipinos, indon\u00e9sios, malaios e polin\u00e9sios.<\/p>\n\n\n\n<div class=\"wp-block-image\"><figure class=\"aligncenter size-large is-resized\"><a href=\"https:\/\/www.instagram.com\/restaurantepegoretti\/\"><img loading=\"lazy\" decoding=\"async\" src=\"https:\/\/jornalfatosenoticias.com.br\/wp-content\/uploads\/2023\/12\/pegoretti-logo-pdf-1024x389.jpg\" alt=\"\" class=\"wp-image-47536\" width=\"516\" height=\"196\" srcset=\"https:\/\/jornalfatosenoticias.com.br\/wp-content\/uploads\/2023\/12\/pegoretti-logo-pdf-1024x389.jpg 1024w, https:\/\/jornalfatosenoticias.com.br\/wp-content\/uploads\/2023\/12\/pegoretti-logo-pdf-300x114.jpg 300w, https:\/\/jornalfatosenoticias.com.br\/wp-content\/uploads\/2023\/12\/pegoretti-logo-pdf-768x291.jpg 768w, https:\/\/jornalfatosenoticias.com.br\/wp-content\/uploads\/2023\/12\/pegoretti-logo-pdf.jpg 1120w\" sizes=\"auto, (max-width: 516px) 100vw, 516px\" \/><\/a><\/figure><\/div>\n\n\n\n<p>Fora do continente asi\u00e1tico, essa caracter\u00edstica pode ser encontrada nos nativos inu\u00edtes do Canad\u00e1 e alguns povos ind\u00edgenas da Am\u00e9rica do Sul. Al\u00e9m disso, a dobra epic\u00e2ntica tamb\u00e9m pode ser vista em pessoas com S\u00edndrome de Down. Observa-se tamb\u00e9m que algumas crian\u00e7as, independentemente da etnia, nascem com os olhos mais alongados, mas perdem essa caracter\u00edstica com o passar do tempo, conforme o nariz cresce. Com isso, podemos perceber que esse tra\u00e7o \u00e9 herdado geneticamente. Por\u00e9m, por que \u00e9 t\u00e3o mais comum nos povos asi\u00e1ticos?<\/p>\n\n\n\n<div class=\"wp-block-image\"><figure class=\"aligncenter size-large is-resized\"><a href=\"https:\/\/www.facebook.com\/postobkr\/?locale=pt_BR\"><img loading=\"lazy\" decoding=\"async\" src=\"https:\/\/jornalfatosenoticias.com.br\/wp-content\/uploads\/2023\/08\/BKR-1024x1021.jpg\" alt=\"\" class=\"wp-image-44494\" width=\"313\" height=\"312\" srcset=\"https:\/\/jornalfatosenoticias.com.br\/wp-content\/uploads\/2023\/08\/BKR-1024x1021.jpg 1024w, https:\/\/jornalfatosenoticias.com.br\/wp-content\/uploads\/2023\/08\/BKR-300x300.jpg 300w, https:\/\/jornalfatosenoticias.com.br\/wp-content\/uploads\/2023\/08\/BKR-150x150.jpg 150w, https:\/\/jornalfatosenoticias.com.br\/wp-content\/uploads\/2023\/08\/BKR-768x766.jpg 768w, https:\/\/jornalfatosenoticias.com.br\/wp-content\/uploads\/2023\/08\/BKR.jpg 1080w\" sizes=\"auto, (max-width: 313px) 100vw, 313px\" \/><\/a><\/figure><\/div>\n\n\n\n<p><strong><span class=\"has-inline-color has-black-color\">O que levou essas popula\u00e7\u00f5es a terem essa caracter\u00edstica t\u00e3o forte?<br><\/span><\/strong>Estudos indicam que esse formato de olho bloqueia a entrada de muita luz, protegendo a pessoa contra a cegueira da neve \u2014 um desgaste da c\u00f3rnea causado pela penetra\u00e7\u00e3o de radia\u00e7\u00e3o ultravioleta. Isso porque, nas partes da \u00c1sia que foram mencionadas, o inverno \u00e9 bastante rigoroso, e a neve pode refletir at\u00e9 80% dos raios UV, aumentando o risco de exposi\u00e7\u00e3o aos olhos. Isso causa uma queimadura solar nos olhos, chamada cientificamente de <strong>fotoceratite. <\/strong>\u00c9 por isso tamb\u00e9m que alguns povos ind\u00edgenas nativos do \u00c1rtico teriam criado \u00f3culos de Sol com pequenas aberturas horizontais, simulando o estilo do olho mais fechado.<\/p>\n\n\n\n<div class=\"wp-block-image\"><figure class=\"aligncenter size-large is-resized\"><a href=\"https:\/\/www.ithbrasil.com.br\/\"><img loading=\"lazy\" decoding=\"async\" src=\"https:\/\/jornalfatosenoticias.com.br\/wp-content\/uploads\/2023\/08\/ITH.jpeg\" alt=\"\" class=\"wp-image-44638\" width=\"340\" height=\"276\" srcset=\"https:\/\/jornalfatosenoticias.com.br\/wp-content\/uploads\/2023\/08\/ITH.jpeg 800w, https:\/\/jornalfatosenoticias.com.br\/wp-content\/uploads\/2023\/08\/ITH-300x244.jpeg 300w, https:\/\/jornalfatosenoticias.com.br\/wp-content\/uploads\/2023\/08\/ITH-768x624.jpeg 768w\" sizes=\"auto, (max-width: 340px) 100vw, 340px\" \/><\/a><\/figure><\/div>\n\n\n\n<p>Fora isso, o epicanto \u00e9 um peda\u00e7o de gordura que recobre o canto do olho, ajudando a manter a temperatura corporal do indiv\u00edduo, uma vez que essa subst\u00e2ncia \u00e9 um bom material insulante e permite que menos calor escape durante os dias de extremo frio. Al\u00e9m de proteger do frio, esse tra\u00e7o tamb\u00e9m protege os olhos dos ventos intensos.<\/p>\n\n\n\n<div class=\"wp-block-image\"><figure class=\"aligncenter size-large is-resized\"><a href=\"https:\/\/hotelmarquetti.com.br\/\"><img loading=\"lazy\" decoding=\"async\" src=\"https:\/\/jornalfatosenoticias.com.br\/wp-content\/uploads\/2023\/03\/nova-logo-Marquetti.jpg\" alt=\"\" class=\"wp-image-40207\" width=\"336\" height=\"226\" srcset=\"https:\/\/jornalfatosenoticias.com.br\/wp-content\/uploads\/2023\/03\/nova-logo-Marquetti.jpg 643w, https:\/\/jornalfatosenoticias.com.br\/wp-content\/uploads\/2023\/03\/nova-logo-Marquetti-300x202.jpg 300w\" sizes=\"auto, (max-width: 336px) 100vw, 336px\" \/><\/a><\/figure><\/div>\n\n\n\n<p>Aqueles que vivem em regi\u00f5es pr\u00f3ximas dos polos recebem um percentual maior de luz do Sol diretamente nos olhos, onde h\u00e1 mais gelo, e as camadas de solo gelado possuem mais capacidade de refletir a luz solar. Sendo assim, \u00e9 prov\u00e1vel que as popula\u00e7\u00f5es ind\u00edgenas que ocuparam as Am\u00e9ricas tenham herdado essa caracter\u00edstica, uma vez que elas chegaram dessas regi\u00f5es mais frias.<\/p>\n\n\n\n<div class=\"wp-block-image\"><figure class=\"aligncenter size-large is-resized\"><a href=\"https:\/\/www.facebook.com\/profile.php?id=100069289606145\"><img loading=\"lazy\" decoding=\"async\" src=\"https:\/\/jornalfatosenoticias.com.br\/wp-content\/uploads\/2024\/11\/Guaitolini-Contabilidade-1024x714.jpeg\" alt=\"\" class=\"wp-image-55808\" width=\"343\" height=\"239\" srcset=\"https:\/\/jornalfatosenoticias.com.br\/wp-content\/uploads\/2024\/11\/Guaitolini-Contabilidade-1024x714.jpeg 1024w, https:\/\/jornalfatosenoticias.com.br\/wp-content\/uploads\/2024\/11\/Guaitolini-Contabilidade-300x209.jpeg 300w, https:\/\/jornalfatosenoticias.com.br\/wp-content\/uploads\/2024\/11\/Guaitolini-Contabilidade-768x535.jpeg 768w, https:\/\/jornalfatosenoticias.com.br\/wp-content\/uploads\/2024\/11\/Guaitolini-Contabilidade.jpeg 1280w\" sizes=\"auto, (max-width: 343px) 100vw, 343px\" \/><\/a><\/figure><\/div>\n\n\n\n<p>De acordo com o professor de psicologia evolutiva Robin Dunbar, da Universidade Oxford, esses povos da \u00c1sia tamb\u00e9m s\u00e3o descendentes daqueles que viveram na Sib\u00e9ria, uma regi\u00e3o bastante conhecida pelo seu frio extremo, e depois migraram para o sul. Contudo, \u00e9 errado pensar que os olhos dos orientais s\u00e3o menores: o que muda \u00e9 apenas o formato por conta da p\u00e1lpebra mais saliente.<\/p>\n\n\n\n<div class=\"wp-block-image\"><figure class=\"aligncenter size-large is-resized\"><a href=\"https:\/\/www.controlsystems.com.br\/\"><img loading=\"lazy\" decoding=\"async\" src=\"https:\/\/jornalfatosenoticias.com.br\/wp-content\/uploads\/2020\/02\/CONTROL-CS.jpg\" alt=\"\" class=\"wp-image-44991\" width=\"311\" height=\"372\" srcset=\"https:\/\/jornalfatosenoticias.com.br\/wp-content\/uploads\/2020\/02\/CONTROL-CS.jpg 834w, https:\/\/jornalfatosenoticias.com.br\/wp-content\/uploads\/2020\/02\/CONTROL-CS-250x300.jpg 250w, https:\/\/jornalfatosenoticias.com.br\/wp-content\/uploads\/2020\/02\/CONTROL-CS-768x921.jpg 768w\" sizes=\"auto, (max-width: 311px) 100vw, 311px\" \/><\/a><\/figure><\/div>\n\n\n\n<p>Segundo um estudo publicado por Dunbar em 2011, ap\u00f3s a an\u00e1lise do cr\u00e2nio de 55 esqueletos que viveram no s\u00e9culo XIX, as altera\u00e7\u00f5es quanto ao tamanho dos olhos n\u00e3o s\u00e3o divididos entre Ocidente e Oriente, mas entre os tr\u00f3picos e as zonas polares. <em><strong>\u201cComo a quantidade de luz \u00e9 menor, a retina precisa ser maior para captar mais luz\u201d, diz ele.<\/strong><\/em><\/p>\n\n\n\n<div class=\"wp-block-image\"><figure class=\"aligncenter size-large is-resized\"><a href=\"https:\/\/www.legisjuris.com.br\/\"><img loading=\"lazy\" decoding=\"async\" src=\"https:\/\/jornalfatosenoticias.com.br\/wp-content\/uploads\/2024\/09\/Legis-Juris-Consultoria_logo.jpg\" alt=\"\" class=\"wp-image-53915\" width=\"549\" height=\"230\" srcset=\"https:\/\/jornalfatosenoticias.com.br\/wp-content\/uploads\/2024\/09\/Legis-Juris-Consultoria_logo.jpg 969w, https:\/\/jornalfatosenoticias.com.br\/wp-content\/uploads\/2024\/09\/Legis-Juris-Consultoria_logo-300x126.jpg 300w, https:\/\/jornalfatosenoticias.com.br\/wp-content\/uploads\/2024\/09\/Legis-Juris-Consultoria_logo-768x322.jpg 768w\" sizes=\"auto, (max-width: 549px) 100vw, 549px\" \/><\/a><\/figure><\/div>\n\n\n\n<p>Suas conclus\u00f5es dizem que os povos africanos, ind\u00edgenas americanos e grupos que moram perto da Linha do Equador t\u00eam olhos menores, enquanto os asi\u00e1ticos e europeus, que vivem mais perto dos polos, t\u00eam olhos maiores. Os olhos deles chegam a ser 20% maiores do que os dos que vivem nas \u00e1reas com mais calor e luminosidade. Em 2015, foi publicado um <strong><a href=\"https:\/\/pmc.ncbi.nlm.nih.gov\/articles\/PMC4536067\/\" target=\"_blank\" rel=\"noreferrer noopener\">artigo cient\u00edfico<\/a><\/strong> contando mais detalhes sobre como esse processo evolutivo aconteceu. <\/p>\n\n\n\n<div class=\"wp-block-image\"><figure class=\"aligncenter size-large is-resized\"><a href=\"https:\/\/www.instagram.com\/esteiochurrascaria\/\"><img loading=\"lazy\" decoding=\"async\" src=\"https:\/\/jornalfatosenoticias.com.br\/wp-content\/uploads\/2022\/02\/LOGO-ESTEIO-1024x730.png\" alt=\"\" class=\"wp-image-27942\" width=\"351\" height=\"250\" srcset=\"https:\/\/jornalfatosenoticias.com.br\/wp-content\/uploads\/2022\/02\/LOGO-ESTEIO-1024x730.png 1024w, https:\/\/jornalfatosenoticias.com.br\/wp-content\/uploads\/2022\/02\/LOGO-ESTEIO-300x214.png 300w, https:\/\/jornalfatosenoticias.com.br\/wp-content\/uploads\/2022\/02\/LOGO-ESTEIO-768x548.png 768w, https:\/\/jornalfatosenoticias.com.br\/wp-content\/uploads\/2022\/02\/LOGO-ESTEIO.png 1123w\" sizes=\"auto, (max-width: 351px) 100vw, 351px\" \/><\/a><\/figure><\/div>\n\n\n\n<blockquote class=\"wp-block-quote is-layout-flow wp-block-quote-is-layout-flow\"><p><span class=\"has-inline-color has-luminous-vivid-orange-color\">De acordo com o texto, \u201cfatores clim\u00e1ticos como a forte luz ultravioleta, o frio siberiano e a poeira amarela do nordeste da \u00c1sia podem ser causas potenciais de franzimento excessivo, e o franzimento excessivo repetido pode induzir a hipertrofia do m\u00fasculo orbicular. Antrop\u00f3logos j\u00e1 presumiram que esses fatores s\u00e3o causas do epicanto. (\u2026) A contra\u00e7\u00e3o muscular excessiva seria uma a\u00e7\u00e3o inevit\u00e1vel para a prote\u00e7\u00e3o dos olhos contra a severidade ambiental. Assim, a adapta\u00e7\u00e3o ao ambiente seria uma causa b\u00e1sica para a forma\u00e7\u00e3o do epicanto\u201d.<\/span><\/p><\/blockquote>\n\n\n\n<div class=\"wp-block-image\"><figure class=\"aligncenter size-large is-resized\"><a href=\"https:\/\/panper.com.br\/\"><img loading=\"lazy\" decoding=\"async\" src=\"https:\/\/jornalfatosenoticias.com.br\/wp-content\/uploads\/2023\/03\/logo-Panper_portal.jpg\" alt=\"\" class=\"wp-image-40208\" width=\"354\" height=\"245\" srcset=\"https:\/\/jornalfatosenoticias.com.br\/wp-content\/uploads\/2023\/03\/logo-Panper_portal.jpg 400w, https:\/\/jornalfatosenoticias.com.br\/wp-content\/uploads\/2023\/03\/logo-Panper_portal-300x208.jpg 300w\" sizes=\"auto, (max-width: 354px) 100vw, 354px\" \/><\/a><\/figure><\/div>\n\n\n\n<p><strong>Fonte: <a href=\"https:\/\/olhardigital.com.br\/2025\/03\/18\/ciencia-e-espaco\/por-que-os-asiaticos-tem-olhos-mais-alongados-a-ciencia-explica\/\">Olhar Digital<\/a><\/strong><\/p>\n","protected":false},"excerpt":{"rendered":"<p>Contudo, \u00e9 errado pensar que os olhos dos orientais s\u00e3o menores: o que muda \u00e9 apenas o formato por conta da p\u00e1lpebra mais saliente Por Camila Oliveira Algumas popula\u00e7\u00f5es de regi\u00f5es espec\u00edficas pelo mundo apresentam caracter\u00edsticas f\u00edsicas espec\u00edficas e marcantes, que s\u00e3o capazes de fazer com o indiv\u00edduo seja reconhecido como parte daquele\u00a0povo. \u00c9 o [&hellip;]<\/p>\n","protected":false},"author":2,"featured_media":57825,"comment_status":"open","ping_status":"open","sticky":false,"template":"","format":"standard","meta":{"footnotes":""},"categories":[5],"tags":[92,26366,166,26369,26368,26367],"class_list":["post-57824","post","type-post","status-publish","format-standard","has-post-thumbnail","hentry","category-geral","tag-asia","tag-asiatico","tag-ciencia","tag-dobra-epicantica","tag-olho-asiatico","tag-olhos-puxados"],"yoast_head":"<!-- This site is optimized with the Yoast SEO plugin v26.5 - https:\/\/yoast.com\/wordpress\/plugins\/seo\/ -->\n<title>Por que os asi\u00e1ticos t\u00eam olhos mais alongados? A ci\u00eancia explica - Jornal Fatos e Not\u00edcias<\/title>\n<meta name=\"robots\" content=\"index, follow, max-snippet:-1, max-image-preview:large, max-video-preview:-1\" \/>\n<link rel=\"canonical\" href=\"https:\/\/jornalfatosenoticias.com.br\/index.php\/2025\/03\/18\/por-que-os-asiaticos-tem-olhos-mais-alongados-a-ciencia-explica\/\" \/>\n<meta property=\"og:locale\" content=\"pt_BR\" \/>\n<meta property=\"og:type\" content=\"article\" \/>\n<meta property=\"og:title\" content=\"Por que os asi\u00e1ticos t\u00eam olhos mais alongados? A ci\u00eancia explica - Jornal Fatos e Not\u00edcias\" \/>\n<meta property=\"og:description\" content=\"Contudo, \u00e9 errado pensar que os olhos dos orientais s\u00e3o menores: o que muda \u00e9 apenas o formato por conta da p\u00e1lpebra mais saliente Por Camila Oliveira Algumas popula\u00e7\u00f5es de regi\u00f5es espec\u00edficas pelo mundo apresentam caracter\u00edsticas f\u00edsicas espec\u00edficas e marcantes, que s\u00e3o capazes de fazer com o indiv\u00edduo seja reconhecido como parte daquele\u00a0povo. \u00c9 o [&hellip;]\" \/>\n<meta property=\"og:url\" content=\"https:\/\/jornalfatosenoticias.com.br\/index.php\/2025\/03\/18\/por-que-os-asiaticos-tem-olhos-mais-alongados-a-ciencia-explica\/\" \/>\n<meta property=\"og:site_name\" content=\"Jornal Fatos e Not\u00edcias\" \/>\n<meta property=\"article:published_time\" content=\"2025-03-18T13:42:59+00:00\" \/>\n<meta property=\"article:modified_time\" content=\"2025-03-18T13:43:01+00:00\" \/>\n<meta property=\"og:image\" content=\"https:\/\/jornalfatosenoticias.com.br\/wp-content\/uploads\/2025\/03\/olho-asiatico_freepik.jpg\" \/>\n\t<meta property=\"og:image:width\" content=\"996\" \/>\n\t<meta property=\"og:image:height\" content=\"664\" \/>\n\t<meta property=\"og:image:type\" content=\"image\/jpeg\" \/>\n<meta name=\"author\" content=\"Luzimara Fernandes\" \/>\n<meta name=\"twitter:card\" content=\"summary_large_image\" \/>\n<meta name=\"twitter:label1\" content=\"Escrito por\" \/>\n\t<meta name=\"twitter:data1\" content=\"Luzimara Fernandes\" \/>\n\t<meta name=\"twitter:label2\" content=\"Est. tempo de leitura\" \/>\n\t<meta name=\"twitter:data2\" content=\"4 minutos\" \/>\n<script type=\"application\/ld+json\" class=\"yoast-schema-graph\">{\"@context\":\"https:\/\/schema.org\",\"@graph\":[{\"@type\":\"Article\",\"@id\":\"https:\/\/jornalfatosenoticias.com.br\/index.php\/2025\/03\/18\/por-que-os-asiaticos-tem-olhos-mais-alongados-a-ciencia-explica\/#article\",\"isPartOf\":{\"@id\":\"https:\/\/jornalfatosenoticias.com.br\/index.php\/2025\/03\/18\/por-que-os-asiaticos-tem-olhos-mais-alongados-a-ciencia-explica\/\"},\"author\":{\"name\":\"Luzimara Fernandes\",\"@id\":\"https:\/\/jornalfatosenoticias.com.br\/#\/schema\/person\/d63837fa13ac8666eb9e74e0985d6f81\"},\"headline\":\"Por que os asi\u00e1ticos t\u00eam olhos mais alongados? A ci\u00eancia explica\",\"datePublished\":\"2025-03-18T13:42:59+00:00\",\"dateModified\":\"2025-03-18T13:43:01+00:00\",\"mainEntityOfPage\":{\"@id\":\"https:\/\/jornalfatosenoticias.com.br\/index.php\/2025\/03\/18\/por-que-os-asiaticos-tem-olhos-mais-alongados-a-ciencia-explica\/\"},\"wordCount\":893,\"commentCount\":0,\"publisher\":{\"@id\":\"https:\/\/jornalfatosenoticias.com.br\/#organization\"},\"image\":{\"@id\":\"https:\/\/jornalfatosenoticias.com.br\/index.php\/2025\/03\/18\/por-que-os-asiaticos-tem-olhos-mais-alongados-a-ciencia-explica\/#primaryimage\"},\"thumbnailUrl\":\"https:\/\/jornalfatosenoticias.com.br\/wp-content\/uploads\/2025\/03\/olho-asiatico_freepik.jpg\",\"keywords\":[\"\u00e1sia\",\"asi\u00e1tico\",\"ci\u00eancia\",\"dobra epic\u00e2ntica\",\"olho asi\u00e1tico\",\"olhos puxados\"],\"articleSection\":[\"Geral\"],\"inLanguage\":\"pt-BR\",\"potentialAction\":[{\"@type\":\"CommentAction\",\"name\":\"Comment\",\"target\":[\"https:\/\/jornalfatosenoticias.com.br\/index.php\/2025\/03\/18\/por-que-os-asiaticos-tem-olhos-mais-alongados-a-ciencia-explica\/#respond\"]}]},{\"@type\":\"WebPage\",\"@id\":\"https:\/\/jornalfatosenoticias.com.br\/index.php\/2025\/03\/18\/por-que-os-asiaticos-tem-olhos-mais-alongados-a-ciencia-explica\/\",\"url\":\"https:\/\/jornalfatosenoticias.com.br\/index.php\/2025\/03\/18\/por-que-os-asiaticos-tem-olhos-mais-alongados-a-ciencia-explica\/\",\"name\":\"Por que os asi\u00e1ticos t\u00eam olhos mais alongados? A ci\u00eancia explica - Jornal Fatos e Not\u00edcias\",\"isPartOf\":{\"@id\":\"https:\/\/jornalfatosenoticias.com.br\/#website\"},\"primaryImageOfPage\":{\"@id\":\"https:\/\/jornalfatosenoticias.com.br\/index.php\/2025\/03\/18\/por-que-os-asiaticos-tem-olhos-mais-alongados-a-ciencia-explica\/#primaryimage\"},\"image\":{\"@id\":\"https:\/\/jornalfatosenoticias.com.br\/index.php\/2025\/03\/18\/por-que-os-asiaticos-tem-olhos-mais-alongados-a-ciencia-explica\/#primaryimage\"},\"thumbnailUrl\":\"https:\/\/jornalfatosenoticias.com.br\/wp-content\/uploads\/2025\/03\/olho-asiatico_freepik.jpg\",\"datePublished\":\"2025-03-18T13:42:59+00:00\",\"dateModified\":\"2025-03-18T13:43:01+00:00\",\"breadcrumb\":{\"@id\":\"https:\/\/jornalfatosenoticias.com.br\/index.php\/2025\/03\/18\/por-que-os-asiaticos-tem-olhos-mais-alongados-a-ciencia-explica\/#breadcrumb\"},\"inLanguage\":\"pt-BR\",\"potentialAction\":[{\"@type\":\"ReadAction\",\"target\":[\"https:\/\/jornalfatosenoticias.com.br\/index.php\/2025\/03\/18\/por-que-os-asiaticos-tem-olhos-mais-alongados-a-ciencia-explica\/\"]}]},{\"@type\":\"ImageObject\",\"inLanguage\":\"pt-BR\",\"@id\":\"https:\/\/jornalfatosenoticias.com.br\/index.php\/2025\/03\/18\/por-que-os-asiaticos-tem-olhos-mais-alongados-a-ciencia-explica\/#primaryimage\",\"url\":\"https:\/\/jornalfatosenoticias.com.br\/wp-content\/uploads\/2025\/03\/olho-asiatico_freepik.jpg\",\"contentUrl\":\"https:\/\/jornalfatosenoticias.com.br\/wp-content\/uploads\/2025\/03\/olho-asiatico_freepik.jpg\",\"width\":996,\"height\":664},{\"@type\":\"BreadcrumbList\",\"@id\":\"https:\/\/jornalfatosenoticias.com.br\/index.php\/2025\/03\/18\/por-que-os-asiaticos-tem-olhos-mais-alongados-a-ciencia-explica\/#breadcrumb\",\"itemListElement\":[{\"@type\":\"ListItem\",\"position\":1,\"name\":\"In\u00edcio\",\"item\":\"https:\/\/jornalfatosenoticias.com.br\/\"},{\"@type\":\"ListItem\",\"position\":2,\"name\":\"Por que os asi\u00e1ticos t\u00eam olhos mais alongados? A ci\u00eancia explica\"}]},{\"@type\":\"WebSite\",\"@id\":\"https:\/\/jornalfatosenoticias.com.br\/#website\",\"url\":\"https:\/\/jornalfatosenoticias.com.br\/\",\"name\":\"Jornal Fatos e Not\u00edcias\",\"description\":\"Not\u00edcias em geral\",\"publisher\":{\"@id\":\"https:\/\/jornalfatosenoticias.com.br\/#organization\"},\"potentialAction\":[{\"@type\":\"SearchAction\",\"target\":{\"@type\":\"EntryPoint\",\"urlTemplate\":\"https:\/\/jornalfatosenoticias.com.br\/?s={search_term_string}\"},\"query-input\":{\"@type\":\"PropertyValueSpecification\",\"valueRequired\":true,\"valueName\":\"search_term_string\"}}],\"inLanguage\":\"pt-BR\"},{\"@type\":\"Organization\",\"@id\":\"https:\/\/jornalfatosenoticias.com.br\/#organization\",\"name\":\"Jornal Fatos e Not\u00edcias\",\"url\":\"https:\/\/jornalfatosenoticias.com.br\/\",\"logo\":{\"@type\":\"ImageObject\",\"inLanguage\":\"pt-BR\",\"@id\":\"https:\/\/jornalfatosenoticias.com.br\/#\/schema\/logo\/image\/\",\"url\":\"https:\/\/jornalfatosenoticias.com.br\/wp-content\/uploads\/2020\/02\/logo120.png\",\"contentUrl\":\"https:\/\/jornalfatosenoticias.com.br\/wp-content\/uploads\/2020\/02\/logo120.png\",\"width\":1227,\"height\":120,\"caption\":\"Jornal Fatos e Not\u00edcias\"},\"image\":{\"@id\":\"https:\/\/jornalfatosenoticias.com.br\/#\/schema\/logo\/image\/\"}},{\"@type\":\"Person\",\"@id\":\"https:\/\/jornalfatosenoticias.com.br\/#\/schema\/person\/d63837fa13ac8666eb9e74e0985d6f81\",\"name\":\"Luzimara Fernandes\",\"image\":{\"@type\":\"ImageObject\",\"inLanguage\":\"pt-BR\",\"@id\":\"https:\/\/jornalfatosenoticias.com.br\/#\/schema\/person\/image\/\",\"url\":\"https:\/\/jornalfatosenoticias.com.br\/wp-content\/uploads\/2025\/05\/EU_portal.jpg\",\"contentUrl\":\"https:\/\/jornalfatosenoticias.com.br\/wp-content\/uploads\/2025\/05\/EU_portal.jpg\",\"caption\":\"Luzimara Fernandes\"},\"description\":\"Jornalista MTB 2358-ES\",\"sameAs\":[\"https:\/\/jornalfatosenoticias.com.br\"],\"url\":\"https:\/\/jornalfatosenoticias.com.br\/index.php\/author\/luzimara\/\"}]}<\/script>\n<!-- \/ Yoast SEO plugin. -->","yoast_head_json":{"title":"Por que os asi\u00e1ticos t\u00eam olhos mais alongados? A ci\u00eancia explica - Jornal Fatos e Not\u00edcias","robots":{"index":"index","follow":"follow","max-snippet":"max-snippet:-1","max-image-preview":"max-image-preview:large","max-video-preview":"max-video-preview:-1"},"canonical":"https:\/\/jornalfatosenoticias.com.br\/index.php\/2025\/03\/18\/por-que-os-asiaticos-tem-olhos-mais-alongados-a-ciencia-explica\/","og_locale":"pt_BR","og_type":"article","og_title":"Por que os asi\u00e1ticos t\u00eam olhos mais alongados? A ci\u00eancia explica - Jornal Fatos e Not\u00edcias","og_description":"Contudo, \u00e9 errado pensar que os olhos dos orientais s\u00e3o menores: o que muda \u00e9 apenas o formato por conta da p\u00e1lpebra mais saliente Por Camila Oliveira Algumas popula\u00e7\u00f5es de regi\u00f5es espec\u00edficas pelo mundo apresentam caracter\u00edsticas f\u00edsicas espec\u00edficas e marcantes, que s\u00e3o capazes de fazer com o indiv\u00edduo seja reconhecido como parte daquele\u00a0povo. \u00c9 o [&hellip;]","og_url":"https:\/\/jornalfatosenoticias.com.br\/index.php\/2025\/03\/18\/por-que-os-asiaticos-tem-olhos-mais-alongados-a-ciencia-explica\/","og_site_name":"Jornal Fatos e Not\u00edcias","article_published_time":"2025-03-18T13:42:59+00:00","article_modified_time":"2025-03-18T13:43:01+00:00","og_image":[{"width":996,"height":664,"url":"https:\/\/jornalfatosenoticias.com.br\/wp-content\/uploads\/2025\/03\/olho-asiatico_freepik.jpg","type":"image\/jpeg"}],"author":"Luzimara Fernandes","twitter_card":"summary_large_image","twitter_misc":{"Escrito por":"Luzimara Fernandes","Est. tempo de leitura":"4 minutos"},"schema":{"@context":"https:\/\/schema.org","@graph":[{"@type":"Article","@id":"https:\/\/jornalfatosenoticias.com.br\/index.php\/2025\/03\/18\/por-que-os-asiaticos-tem-olhos-mais-alongados-a-ciencia-explica\/#article","isPartOf":{"@id":"https:\/\/jornalfatosenoticias.com.br\/index.php\/2025\/03\/18\/por-que-os-asiaticos-tem-olhos-mais-alongados-a-ciencia-explica\/"},"author":{"name":"Luzimara Fernandes","@id":"https:\/\/jornalfatosenoticias.com.br\/#\/schema\/person\/d63837fa13ac8666eb9e74e0985d6f81"},"headline":"Por que os asi\u00e1ticos t\u00eam olhos mais alongados? A ci\u00eancia explica","datePublished":"2025-03-18T13:42:59+00:00","dateModified":"2025-03-18T13:43:01+00:00","mainEntityOfPage":{"@id":"https:\/\/jornalfatosenoticias.com.br\/index.php\/2025\/03\/18\/por-que-os-asiaticos-tem-olhos-mais-alongados-a-ciencia-explica\/"},"wordCount":893,"commentCount":0,"publisher":{"@id":"https:\/\/jornalfatosenoticias.com.br\/#organization"},"image":{"@id":"https:\/\/jornalfatosenoticias.com.br\/index.php\/2025\/03\/18\/por-que-os-asiaticos-tem-olhos-mais-alongados-a-ciencia-explica\/#primaryimage"},"thumbnailUrl":"https:\/\/jornalfatosenoticias.com.br\/wp-content\/uploads\/2025\/03\/olho-asiatico_freepik.jpg","keywords":["\u00e1sia","asi\u00e1tico","ci\u00eancia","dobra epic\u00e2ntica","olho asi\u00e1tico","olhos puxados"],"articleSection":["Geral"],"inLanguage":"pt-BR","potentialAction":[{"@type":"CommentAction","name":"Comment","target":["https:\/\/jornalfatosenoticias.com.br\/index.php\/2025\/03\/18\/por-que-os-asiaticos-tem-olhos-mais-alongados-a-ciencia-explica\/#respond"]}]},{"@type":"WebPage","@id":"https:\/\/jornalfatosenoticias.com.br\/index.php\/2025\/03\/18\/por-que-os-asiaticos-tem-olhos-mais-alongados-a-ciencia-explica\/","url":"https:\/\/jornalfatosenoticias.com.br\/index.php\/2025\/03\/18\/por-que-os-asiaticos-tem-olhos-mais-alongados-a-ciencia-explica\/","name":"Por que os asi\u00e1ticos t\u00eam olhos mais alongados? A ci\u00eancia explica - Jornal Fatos e Not\u00edcias","isPartOf":{"@id":"https:\/\/jornalfatosenoticias.com.br\/#website"},"primaryImageOfPage":{"@id":"https:\/\/jornalfatosenoticias.com.br\/index.php\/2025\/03\/18\/por-que-os-asiaticos-tem-olhos-mais-alongados-a-ciencia-explica\/#primaryimage"},"image":{"@id":"https:\/\/jornalfatosenoticias.com.br\/index.php\/2025\/03\/18\/por-que-os-asiaticos-tem-olhos-mais-alongados-a-ciencia-explica\/#primaryimage"},"thumbnailUrl":"https:\/\/jornalfatosenoticias.com.br\/wp-content\/uploads\/2025\/03\/olho-asiatico_freepik.jpg","datePublished":"2025-03-18T13:42:59+00:00","dateModified":"2025-03-18T13:43:01+00:00","breadcrumb":{"@id":"https:\/\/jornalfatosenoticias.com.br\/index.php\/2025\/03\/18\/por-que-os-asiaticos-tem-olhos-mais-alongados-a-ciencia-explica\/#breadcrumb"},"inLanguage":"pt-BR","potentialAction":[{"@type":"ReadAction","target":["https:\/\/jornalfatosenoticias.com.br\/index.php\/2025\/03\/18\/por-que-os-asiaticos-tem-olhos-mais-alongados-a-ciencia-explica\/"]}]},{"@type":"ImageObject","inLanguage":"pt-BR","@id":"https:\/\/jornalfatosenoticias.com.br\/index.php\/2025\/03\/18\/por-que-os-asiaticos-tem-olhos-mais-alongados-a-ciencia-explica\/#primaryimage","url":"https:\/\/jornalfatosenoticias.com.br\/wp-content\/uploads\/2025\/03\/olho-asiatico_freepik.jpg","contentUrl":"https:\/\/jornalfatosenoticias.com.br\/wp-content\/uploads\/2025\/03\/olho-asiatico_freepik.jpg","width":996,"height":664},{"@type":"BreadcrumbList","@id":"https:\/\/jornalfatosenoticias.com.br\/index.php\/2025\/03\/18\/por-que-os-asiaticos-tem-olhos-mais-alongados-a-ciencia-explica\/#breadcrumb","itemListElement":[{"@type":"ListItem","position":1,"name":"In\u00edcio","item":"https:\/\/jornalfatosenoticias.com.br\/"},{"@type":"ListItem","position":2,"name":"Por que os asi\u00e1ticos t\u00eam olhos mais alongados? A ci\u00eancia explica"}]},{"@type":"WebSite","@id":"https:\/\/jornalfatosenoticias.com.br\/#website","url":"https:\/\/jornalfatosenoticias.com.br\/","name":"Jornal Fatos e Not\u00edcias","description":"Not\u00edcias em geral","publisher":{"@id":"https:\/\/jornalfatosenoticias.com.br\/#organization"},"potentialAction":[{"@type":"SearchAction","target":{"@type":"EntryPoint","urlTemplate":"https:\/\/jornalfatosenoticias.com.br\/?s={search_term_string}"},"query-input":{"@type":"PropertyValueSpecification","valueRequired":true,"valueName":"search_term_string"}}],"inLanguage":"pt-BR"},{"@type":"Organization","@id":"https:\/\/jornalfatosenoticias.com.br\/#organization","name":"Jornal Fatos e Not\u00edcias","url":"https:\/\/jornalfatosenoticias.com.br\/","logo":{"@type":"ImageObject","inLanguage":"pt-BR","@id":"https:\/\/jornalfatosenoticias.com.br\/#\/schema\/logo\/image\/","url":"https:\/\/jornalfatosenoticias.com.br\/wp-content\/uploads\/2020\/02\/logo120.png","contentUrl":"https:\/\/jornalfatosenoticias.com.br\/wp-content\/uploads\/2020\/02\/logo120.png","width":1227,"height":120,"caption":"Jornal Fatos e Not\u00edcias"},"image":{"@id":"https:\/\/jornalfatosenoticias.com.br\/#\/schema\/logo\/image\/"}},{"@type":"Person","@id":"https:\/\/jornalfatosenoticias.com.br\/#\/schema\/person\/d63837fa13ac8666eb9e74e0985d6f81","name":"Luzimara Fernandes","image":{"@type":"ImageObject","inLanguage":"pt-BR","@id":"https:\/\/jornalfatosenoticias.com.br\/#\/schema\/person\/image\/","url":"https:\/\/jornalfatosenoticias.com.br\/wp-content\/uploads\/2025\/05\/EU_portal.jpg","contentUrl":"https:\/\/jornalfatosenoticias.com.br\/wp-content\/uploads\/2025\/05\/EU_portal.jpg","caption":"Luzimara Fernandes"},"description":"Jornalista MTB 2358-ES","sameAs":["https:\/\/jornalfatosenoticias.com.br"],"url":"https:\/\/jornalfatosenoticias.com.br\/index.php\/author\/luzimara\/"}]}},"cc_featured_image_caption":{"caption_text":"(Foto: Freepik) ","source_text":"","source_url":""},"jetpack_featured_media_url":"https:\/\/jornalfatosenoticias.com.br\/wp-content\/uploads\/2025\/03\/olho-asiatico_freepik.jpg","_links":{"self":[{"href":"https:\/\/jornalfatosenoticias.com.br\/index.php\/wp-json\/wp\/v2\/posts\/57824","targetHints":{"allow":["GET"]}}],"collection":[{"href":"https:\/\/jornalfatosenoticias.com.br\/index.php\/wp-json\/wp\/v2\/posts"}],"about":[{"href":"https:\/\/jornalfatosenoticias.com.br\/index.php\/wp-json\/wp\/v2\/types\/post"}],"author":[{"embeddable":true,"href":"https:\/\/jornalfatosenoticias.com.br\/index.php\/wp-json\/wp\/v2\/users\/2"}],"replies":[{"embeddable":true,"href":"https:\/\/jornalfatosenoticias.com.br\/index.php\/wp-json\/wp\/v2\/comments?post=57824"}],"version-history":[{"count":0,"href":"https:\/\/jornalfatosenoticias.com.br\/index.php\/wp-json\/wp\/v2\/posts\/57824\/revisions"}],"wp:featuredmedia":[{"embeddable":true,"href":"https:\/\/jornalfatosenoticias.com.br\/index.php\/wp-json\/wp\/v2\/media\/57825"}],"wp:attachment":[{"href":"https:\/\/jornalfatosenoticias.com.br\/index.php\/wp-json\/wp\/v2\/media?parent=57824"}],"wp:term":[{"taxonomy":"category","embeddable":true,"href":"https:\/\/jornalfatosenoticias.com.br\/index.php\/wp-json\/wp\/v2\/categories?post=57824"},{"taxonomy":"post_tag","embeddable":true,"href":"https:\/\/jornalfatosenoticias.com.br\/index.php\/wp-json\/wp\/v2\/tags?post=57824"}],"curies":[{"name":"wp","href":"https:\/\/api.w.org\/{rel}","templated":true}]}}