{"id":57849,"date":"2025-03-18T12:40:25","date_gmt":"2025-03-18T15:40:25","guid":{"rendered":"https:\/\/jornalfatosenoticias.com.br\/?p=57849"},"modified":"2025-03-18T12:40:26","modified_gmt":"2025-03-18T15:40:26","slug":"para-lidera-desmatamento-na-amazonia-enquanto-se-prepara-para-sediar-a-cop30","status":"publish","type":"post","link":"https:\/\/jornalfatosenoticias.com.br\/index.php\/2025\/03\/18\/para-lidera-desmatamento-na-amazonia-enquanto-se-prepara-para-sediar-a-cop30\/","title":{"rendered":"Par\u00e1 lidera desmatamento na Amaz\u00f4nia enquanto se prepara para sediar a COP30"},"content":{"rendered":"\n<div class=\"wp-block-image\"><figure class=\"aligncenter size-large\"><a href=\"https:\/\/www.instagram.com\/rcradiadores\/\"><img loading=\"lazy\" decoding=\"async\" width=\"560\" height=\"60\" src=\"https:\/\/jornalfatosenoticias.com.br\/wp-content\/uploads\/2022\/10\/Propaganda-RC-Radiadores-Jornal_page-0001.jpg\" alt=\"\" class=\"wp-image-35270\" srcset=\"https:\/\/jornalfatosenoticias.com.br\/wp-content\/uploads\/2022\/10\/Propaganda-RC-Radiadores-Jornal_page-0001.jpg 560w, https:\/\/jornalfatosenoticias.com.br\/wp-content\/uploads\/2022\/10\/Propaganda-RC-Radiadores-Jornal_page-0001-300x32.jpg 300w\" sizes=\"auto, (max-width: 560px) 100vw, 560px\" \/><\/a><\/figure><\/div>\n\n\n\n<p>Mesmo sendo o Estado-sede da Confer\u00eancia da ONU sobre Mudan\u00e7as Clim\u00e1ticas (COP30) em 2025, o Par\u00e1 segue como o maior respons\u00e1vel pelo desmatamento da Amaz\u00f4nia desde 2006. Dados do Projeto de Monitoramento do Desmatamento na Amaz\u00f4nia Legal por Sat\u00e9lite (sistema Prodes), do Instituto Nacional de Pesquisas Espaciais (Inpe), mostram que o estado sozinho devastou 74,2 mil km\u00b2 da floresta desde 2005 \u2014 o equivalente a 40,2% de todo o desmatamento registrado na Amaz\u00f4nia Legal.<br>O Par\u00e1 continua \u00e0 frente da destrui\u00e7\u00e3o ambiental. Em 2024, \u00faltimo ano com dados completos do monitoramento, o estado perdeu 2,4 mil km\u00b2 de vegeta\u00e7\u00e3o, mantendo-se como l\u00edder disparado no ranking do desmatamento. Mato Grosso, o segundo colocado, derrubou menos da metade dessa \u00e1rea.<\/p>\n\n\n\n<div class=\"wp-block-image\"><figure class=\"aligncenter size-large\"><a href=\"http:\/\/www.ferrarimaquinas.com.br\/\"><img loading=\"lazy\" decoding=\"async\" width=\"300\" height=\"250\" src=\"https:\/\/jornalfatosenoticias.com.br\/wp-content\/uploads\/2022\/02\/FERRARI_MAQUINAS-E-FERRAMENTAS2.jpg\" alt=\"\" class=\"wp-image-27860\"\/><\/a><\/figure><\/div>\n\n\n\n<p>A lideran\u00e7a do Par\u00e1 n\u00e3o \u00e9 recente. At\u00e9 2004, o estado disputava o topo do ranking com o Mato Grosso. Mas, a partir de 2006, disparou na frente e nunca mais perdeu a posi\u00e7\u00e3o. Desde o in\u00edcio da s\u00e9rie hist\u00f3rica do Prodes, em 1988, o Par\u00e1 acumula um total de 172,4 mil km\u00b2 de mata destru\u00edda \u2014 o maior volume registrado na Amaz\u00f4nia.<\/p>\n\n\n\n<div class=\"wp-block-image\"><figure class=\"aligncenter size-large is-resized\"><a href=\"https:\/\/www.controlsystems.com.br\/\"><img loading=\"lazy\" decoding=\"async\" src=\"https:\/\/jornalfatosenoticias.com.br\/wp-content\/uploads\/2020\/02\/CONTROL-CS.jpg\" alt=\"\" class=\"wp-image-44991\" width=\"295\" height=\"354\" srcset=\"https:\/\/jornalfatosenoticias.com.br\/wp-content\/uploads\/2020\/02\/CONTROL-CS.jpg 834w, https:\/\/jornalfatosenoticias.com.br\/wp-content\/uploads\/2020\/02\/CONTROL-CS-250x300.jpg 250w, https:\/\/jornalfatosenoticias.com.br\/wp-content\/uploads\/2020\/02\/CONTROL-CS-768x921.jpg 768w\" sizes=\"auto, (max-width: 295px) 100vw, 295px\" \/><\/a><\/figure><\/div>\n\n\n\n<p>Enquanto se prepara para receber chefes de Estado e l\u00edderes ambientais de todo o mundo na COP30, o Par\u00e1 enfrenta o desafio de equilibrar o discurso sustent\u00e1vel com a realidade dos n\u00fameros. A destrui\u00e7\u00e3o da floresta segue em ritmo acelerado, levantando d\u00favidas sobre as estrat\u00e9gias de conserva\u00e7\u00e3o e combate ao desmatamento no estado que ser\u00e1 palco de uma das confer\u00eancias clim\u00e1ticas mais importantes do planeta.<\/p>\n\n\n\n<div class=\"wp-block-image\"><figure class=\"aligncenter size-large\"><a href=\"https:\/\/www.cesconetto.com.br\/\"><img loading=\"lazy\" decoding=\"async\" width=\"300\" height=\"250\" src=\"https:\/\/jornalfatosenoticias.com.br\/wp-content\/uploads\/2022\/02\/Banner-2.png\" alt=\"\" class=\"wp-image-27877\"\/><\/a><\/figure><\/div>\n\n\n\n<p><strong>Fonte: <a href=\"https:\/\/horabrasilia.com.br\/2025\/03\/para-lidera-desmatamento-na-amazonia-enquanto-se-prepara-para-sediar-a-cop30\/\">Hora Bras\u00edlia<\/a><\/strong><\/p>\n","protected":false},"excerpt":{"rendered":"<p>Mesmo sendo o Estado-sede da Confer\u00eancia da ONU sobre Mudan\u00e7as Clim\u00e1ticas (COP30) em 2025, o Par\u00e1 segue como o maior respons\u00e1vel pelo desmatamento da Amaz\u00f4nia desde 2006. Dados do Projeto de Monitoramento do Desmatamento na Amaz\u00f4nia Legal por Sat\u00e9lite (sistema Prodes), do Instituto Nacional de Pesquisas Espaciais (Inpe), mostram que o estado sozinho devastou 74,2 [&hellip;]<\/p>\n","protected":false},"author":2,"featured_media":57850,"comment_status":"open","ping_status":"open","sticky":false,"template":"","format":"standard","meta":{"footnotes":""},"categories":[10],"tags":[123,26385,26384,1844,18343,940,165,2525],"class_list":["post-57849","post","type-post","status-publish","format-standard","has-post-thumbnail","hentry","category-politica","tag-amazonia","tag-conferencias-climaticas","tag-cop30","tag-desmatamento","tag-governo-lula","tag-para","tag-planeta","tag-prodes"],"yoast_head":"<!-- This site is optimized with the Yoast SEO plugin v26.5 - https:\/\/yoast.com\/wordpress\/plugins\/seo\/ -->\n<title>Par\u00e1 lidera desmatamento na Amaz\u00f4nia enquanto se prepara para sediar a COP30 - Jornal Fatos e Not\u00edcias<\/title>\n<meta name=\"robots\" content=\"index, follow, max-snippet:-1, max-image-preview:large, max-video-preview:-1\" \/>\n<link rel=\"canonical\" href=\"https:\/\/jornalfatosenoticias.com.br\/index.php\/2025\/03\/18\/para-lidera-desmatamento-na-amazonia-enquanto-se-prepara-para-sediar-a-cop30\/\" \/>\n<meta property=\"og:locale\" content=\"pt_BR\" \/>\n<meta property=\"og:type\" content=\"article\" \/>\n<meta property=\"og:title\" content=\"Par\u00e1 lidera desmatamento na Amaz\u00f4nia enquanto se prepara para sediar a COP30 - Jornal Fatos e Not\u00edcias\" \/>\n<meta property=\"og:description\" content=\"Mesmo sendo o Estado-sede da Confer\u00eancia da ONU sobre Mudan\u00e7as Clim\u00e1ticas (COP30) em 2025, o Par\u00e1 segue como o maior respons\u00e1vel pelo desmatamento da Amaz\u00f4nia desde 2006. Dados do Projeto de Monitoramento do Desmatamento na Amaz\u00f4nia Legal por Sat\u00e9lite (sistema Prodes), do Instituto Nacional de Pesquisas Espaciais (Inpe), mostram que o estado sozinho devastou 74,2 [&hellip;]\" \/>\n<meta property=\"og:url\" content=\"https:\/\/jornalfatosenoticias.com.br\/index.php\/2025\/03\/18\/para-lidera-desmatamento-na-amazonia-enquanto-se-prepara-para-sediar-a-cop30\/\" \/>\n<meta property=\"og:site_name\" content=\"Jornal Fatos e Not\u00edcias\" \/>\n<meta property=\"article:published_time\" content=\"2025-03-18T15:40:25+00:00\" \/>\n<meta property=\"article:modified_time\" content=\"2025-03-18T15:40:26+00:00\" \/>\n<meta property=\"og:image\" content=\"https:\/\/jornalfatosenoticias.com.br\/wp-content\/uploads\/2025\/03\/molusco-COP30.jpg\" \/>\n\t<meta property=\"og:image:width\" content=\"800\" \/>\n\t<meta property=\"og:image:height\" content=\"534\" \/>\n\t<meta property=\"og:image:type\" content=\"image\/jpeg\" \/>\n<meta name=\"author\" content=\"Luzimara Fernandes\" \/>\n<meta name=\"twitter:card\" content=\"summary_large_image\" \/>\n<meta name=\"twitter:label1\" content=\"Escrito por\" \/>\n\t<meta name=\"twitter:data1\" content=\"Luzimara Fernandes\" \/>\n\t<meta name=\"twitter:label2\" content=\"Est. tempo de leitura\" \/>\n\t<meta name=\"twitter:data2\" content=\"1 minuto\" \/>\n<script type=\"application\/ld+json\" class=\"yoast-schema-graph\">{\"@context\":\"https:\/\/schema.org\",\"@graph\":[{\"@type\":\"Article\",\"@id\":\"https:\/\/jornalfatosenoticias.com.br\/index.php\/2025\/03\/18\/para-lidera-desmatamento-na-amazonia-enquanto-se-prepara-para-sediar-a-cop30\/#article\",\"isPartOf\":{\"@id\":\"https:\/\/jornalfatosenoticias.com.br\/index.php\/2025\/03\/18\/para-lidera-desmatamento-na-amazonia-enquanto-se-prepara-para-sediar-a-cop30\/\"},\"author\":{\"name\":\"Luzimara Fernandes\",\"@id\":\"https:\/\/jornalfatosenoticias.com.br\/#\/schema\/person\/d63837fa13ac8666eb9e74e0985d6f81\"},\"headline\":\"Par\u00e1 lidera desmatamento na Amaz\u00f4nia enquanto se prepara para sediar a COP30\",\"datePublished\":\"2025-03-18T15:40:25+00:00\",\"dateModified\":\"2025-03-18T15:40:26+00:00\",\"mainEntityOfPage\":{\"@id\":\"https:\/\/jornalfatosenoticias.com.br\/index.php\/2025\/03\/18\/para-lidera-desmatamento-na-amazonia-enquanto-se-prepara-para-sediar-a-cop30\/\"},\"wordCount\":276,\"commentCount\":0,\"publisher\":{\"@id\":\"https:\/\/jornalfatosenoticias.com.br\/#organization\"},\"image\":{\"@id\":\"https:\/\/jornalfatosenoticias.com.br\/index.php\/2025\/03\/18\/para-lidera-desmatamento-na-amazonia-enquanto-se-prepara-para-sediar-a-cop30\/#primaryimage\"},\"thumbnailUrl\":\"https:\/\/jornalfatosenoticias.com.br\/wp-content\/uploads\/2025\/03\/molusco-COP30.jpg\",\"keywords\":[\"amaz\u00f4nia\",\"confer\u00eancias clim\u00e1ticas\",\"COP30\",\"desmatamento\",\"governo Lula\",\"Par\u00e1\",\"planeta\",\"prodes\"],\"articleSection\":[\"Pol\u00edtica\"],\"inLanguage\":\"pt-BR\",\"potentialAction\":[{\"@type\":\"CommentAction\",\"name\":\"Comment\",\"target\":[\"https:\/\/jornalfatosenoticias.com.br\/index.php\/2025\/03\/18\/para-lidera-desmatamento-na-amazonia-enquanto-se-prepara-para-sediar-a-cop30\/#respond\"]}]},{\"@type\":\"WebPage\",\"@id\":\"https:\/\/jornalfatosenoticias.com.br\/index.php\/2025\/03\/18\/para-lidera-desmatamento-na-amazonia-enquanto-se-prepara-para-sediar-a-cop30\/\",\"url\":\"https:\/\/jornalfatosenoticias.com.br\/index.php\/2025\/03\/18\/para-lidera-desmatamento-na-amazonia-enquanto-se-prepara-para-sediar-a-cop30\/\",\"name\":\"Par\u00e1 lidera desmatamento na Amaz\u00f4nia enquanto se prepara para sediar a COP30 - Jornal Fatos e Not\u00edcias\",\"isPartOf\":{\"@id\":\"https:\/\/jornalfatosenoticias.com.br\/#website\"},\"primaryImageOfPage\":{\"@id\":\"https:\/\/jornalfatosenoticias.com.br\/index.php\/2025\/03\/18\/para-lidera-desmatamento-na-amazonia-enquanto-se-prepara-para-sediar-a-cop30\/#primaryimage\"},\"image\":{\"@id\":\"https:\/\/jornalfatosenoticias.com.br\/index.php\/2025\/03\/18\/para-lidera-desmatamento-na-amazonia-enquanto-se-prepara-para-sediar-a-cop30\/#primaryimage\"},\"thumbnailUrl\":\"https:\/\/jornalfatosenoticias.com.br\/wp-content\/uploads\/2025\/03\/molusco-COP30.jpg\",\"datePublished\":\"2025-03-18T15:40:25+00:00\",\"dateModified\":\"2025-03-18T15:40:26+00:00\",\"breadcrumb\":{\"@id\":\"https:\/\/jornalfatosenoticias.com.br\/index.php\/2025\/03\/18\/para-lidera-desmatamento-na-amazonia-enquanto-se-prepara-para-sediar-a-cop30\/#breadcrumb\"},\"inLanguage\":\"pt-BR\",\"potentialAction\":[{\"@type\":\"ReadAction\",\"target\":[\"https:\/\/jornalfatosenoticias.com.br\/index.php\/2025\/03\/18\/para-lidera-desmatamento-na-amazonia-enquanto-se-prepara-para-sediar-a-cop30\/\"]}]},{\"@type\":\"ImageObject\",\"inLanguage\":\"pt-BR\",\"@id\":\"https:\/\/jornalfatosenoticias.com.br\/index.php\/2025\/03\/18\/para-lidera-desmatamento-na-amazonia-enquanto-se-prepara-para-sediar-a-cop30\/#primaryimage\",\"url\":\"https:\/\/jornalfatosenoticias.com.br\/wp-content\/uploads\/2025\/03\/molusco-COP30.jpg\",\"contentUrl\":\"https:\/\/jornalfatosenoticias.com.br\/wp-content\/uploads\/2025\/03\/molusco-COP30.jpg\",\"width\":800,\"height\":534},{\"@type\":\"BreadcrumbList\",\"@id\":\"https:\/\/jornalfatosenoticias.com.br\/index.php\/2025\/03\/18\/para-lidera-desmatamento-na-amazonia-enquanto-se-prepara-para-sediar-a-cop30\/#breadcrumb\",\"itemListElement\":[{\"@type\":\"ListItem\",\"position\":1,\"name\":\"In\u00edcio\",\"item\":\"https:\/\/jornalfatosenoticias.com.br\/\"},{\"@type\":\"ListItem\",\"position\":2,\"name\":\"Par\u00e1 lidera desmatamento na Amaz\u00f4nia enquanto se prepara para sediar a COP30\"}]},{\"@type\":\"WebSite\",\"@id\":\"https:\/\/jornalfatosenoticias.com.br\/#website\",\"url\":\"https:\/\/jornalfatosenoticias.com.br\/\",\"name\":\"Jornal Fatos e Not\u00edcias\",\"description\":\"Not\u00edcias em geral\",\"publisher\":{\"@id\":\"https:\/\/jornalfatosenoticias.com.br\/#organization\"},\"potentialAction\":[{\"@type\":\"SearchAction\",\"target\":{\"@type\":\"EntryPoint\",\"urlTemplate\":\"https:\/\/jornalfatosenoticias.com.br\/?s={search_term_string}\"},\"query-input\":{\"@type\":\"PropertyValueSpecification\",\"valueRequired\":true,\"valueName\":\"search_term_string\"}}],\"inLanguage\":\"pt-BR\"},{\"@type\":\"Organization\",\"@id\":\"https:\/\/jornalfatosenoticias.com.br\/#organization\",\"name\":\"Jornal Fatos e Not\u00edcias\",\"url\":\"https:\/\/jornalfatosenoticias.com.br\/\",\"logo\":{\"@type\":\"ImageObject\",\"inLanguage\":\"pt-BR\",\"@id\":\"https:\/\/jornalfatosenoticias.com.br\/#\/schema\/logo\/image\/\",\"url\":\"https:\/\/jornalfatosenoticias.com.br\/wp-content\/uploads\/2020\/02\/logo120.png\",\"contentUrl\":\"https:\/\/jornalfatosenoticias.com.br\/wp-content\/uploads\/2020\/02\/logo120.png\",\"width\":1227,\"height\":120,\"caption\":\"Jornal Fatos e Not\u00edcias\"},\"image\":{\"@id\":\"https:\/\/jornalfatosenoticias.com.br\/#\/schema\/logo\/image\/\"}},{\"@type\":\"Person\",\"@id\":\"https:\/\/jornalfatosenoticias.com.br\/#\/schema\/person\/d63837fa13ac8666eb9e74e0985d6f81\",\"name\":\"Luzimara Fernandes\",\"image\":{\"@type\":\"ImageObject\",\"inLanguage\":\"pt-BR\",\"@id\":\"https:\/\/jornalfatosenoticias.com.br\/#\/schema\/person\/image\/\",\"url\":\"https:\/\/jornalfatosenoticias.com.br\/wp-content\/uploads\/2025\/05\/EU_portal.jpg\",\"contentUrl\":\"https:\/\/jornalfatosenoticias.com.br\/wp-content\/uploads\/2025\/05\/EU_portal.jpg\",\"caption\":\"Luzimara Fernandes\"},\"description\":\"Jornalista MTB 2358-ES\",\"sameAs\":[\"https:\/\/jornalfatosenoticias.com.br\"],\"url\":\"https:\/\/jornalfatosenoticias.com.br\/index.php\/author\/luzimara\/\"}]}<\/script>\n<!-- \/ Yoast SEO plugin. -->","yoast_head_json":{"title":"Par\u00e1 lidera desmatamento na Amaz\u00f4nia enquanto se prepara para sediar a COP30 - Jornal Fatos e Not\u00edcias","robots":{"index":"index","follow":"follow","max-snippet":"max-snippet:-1","max-image-preview":"max-image-preview:large","max-video-preview":"max-video-preview:-1"},"canonical":"https:\/\/jornalfatosenoticias.com.br\/index.php\/2025\/03\/18\/para-lidera-desmatamento-na-amazonia-enquanto-se-prepara-para-sediar-a-cop30\/","og_locale":"pt_BR","og_type":"article","og_title":"Par\u00e1 lidera desmatamento na Amaz\u00f4nia enquanto se prepara para sediar a COP30 - Jornal Fatos e Not\u00edcias","og_description":"Mesmo sendo o Estado-sede da Confer\u00eancia da ONU sobre Mudan\u00e7as Clim\u00e1ticas (COP30) em 2025, o Par\u00e1 segue como o maior respons\u00e1vel pelo desmatamento da Amaz\u00f4nia desde 2006. Dados do Projeto de Monitoramento do Desmatamento na Amaz\u00f4nia Legal por Sat\u00e9lite (sistema Prodes), do Instituto Nacional de Pesquisas Espaciais (Inpe), mostram que o estado sozinho devastou 74,2 [&hellip;]","og_url":"https:\/\/jornalfatosenoticias.com.br\/index.php\/2025\/03\/18\/para-lidera-desmatamento-na-amazonia-enquanto-se-prepara-para-sediar-a-cop30\/","og_site_name":"Jornal Fatos e Not\u00edcias","article_published_time":"2025-03-18T15:40:25+00:00","article_modified_time":"2025-03-18T15:40:26+00:00","og_image":[{"width":800,"height":534,"url":"https:\/\/jornalfatosenoticias.com.br\/wp-content\/uploads\/2025\/03\/molusco-COP30.jpg","type":"image\/jpeg"}],"author":"Luzimara Fernandes","twitter_card":"summary_large_image","twitter_misc":{"Escrito por":"Luzimara Fernandes","Est. tempo de leitura":"1 minuto"},"schema":{"@context":"https:\/\/schema.org","@graph":[{"@type":"Article","@id":"https:\/\/jornalfatosenoticias.com.br\/index.php\/2025\/03\/18\/para-lidera-desmatamento-na-amazonia-enquanto-se-prepara-para-sediar-a-cop30\/#article","isPartOf":{"@id":"https:\/\/jornalfatosenoticias.com.br\/index.php\/2025\/03\/18\/para-lidera-desmatamento-na-amazonia-enquanto-se-prepara-para-sediar-a-cop30\/"},"author":{"name":"Luzimara Fernandes","@id":"https:\/\/jornalfatosenoticias.com.br\/#\/schema\/person\/d63837fa13ac8666eb9e74e0985d6f81"},"headline":"Par\u00e1 lidera desmatamento na Amaz\u00f4nia enquanto se prepara para sediar a COP30","datePublished":"2025-03-18T15:40:25+00:00","dateModified":"2025-03-18T15:40:26+00:00","mainEntityOfPage":{"@id":"https:\/\/jornalfatosenoticias.com.br\/index.php\/2025\/03\/18\/para-lidera-desmatamento-na-amazonia-enquanto-se-prepara-para-sediar-a-cop30\/"},"wordCount":276,"commentCount":0,"publisher":{"@id":"https:\/\/jornalfatosenoticias.com.br\/#organization"},"image":{"@id":"https:\/\/jornalfatosenoticias.com.br\/index.php\/2025\/03\/18\/para-lidera-desmatamento-na-amazonia-enquanto-se-prepara-para-sediar-a-cop30\/#primaryimage"},"thumbnailUrl":"https:\/\/jornalfatosenoticias.com.br\/wp-content\/uploads\/2025\/03\/molusco-COP30.jpg","keywords":["amaz\u00f4nia","confer\u00eancias clim\u00e1ticas","COP30","desmatamento","governo Lula","Par\u00e1","planeta","prodes"],"articleSection":["Pol\u00edtica"],"inLanguage":"pt-BR","potentialAction":[{"@type":"CommentAction","name":"Comment","target":["https:\/\/jornalfatosenoticias.com.br\/index.php\/2025\/03\/18\/para-lidera-desmatamento-na-amazonia-enquanto-se-prepara-para-sediar-a-cop30\/#respond"]}]},{"@type":"WebPage","@id":"https:\/\/jornalfatosenoticias.com.br\/index.php\/2025\/03\/18\/para-lidera-desmatamento-na-amazonia-enquanto-se-prepara-para-sediar-a-cop30\/","url":"https:\/\/jornalfatosenoticias.com.br\/index.php\/2025\/03\/18\/para-lidera-desmatamento-na-amazonia-enquanto-se-prepara-para-sediar-a-cop30\/","name":"Par\u00e1 lidera desmatamento na Amaz\u00f4nia enquanto se prepara para sediar a COP30 - Jornal Fatos e Not\u00edcias","isPartOf":{"@id":"https:\/\/jornalfatosenoticias.com.br\/#website"},"primaryImageOfPage":{"@id":"https:\/\/jornalfatosenoticias.com.br\/index.php\/2025\/03\/18\/para-lidera-desmatamento-na-amazonia-enquanto-se-prepara-para-sediar-a-cop30\/#primaryimage"},"image":{"@id":"https:\/\/jornalfatosenoticias.com.br\/index.php\/2025\/03\/18\/para-lidera-desmatamento-na-amazonia-enquanto-se-prepara-para-sediar-a-cop30\/#primaryimage"},"thumbnailUrl":"https:\/\/jornalfatosenoticias.com.br\/wp-content\/uploads\/2025\/03\/molusco-COP30.jpg","datePublished":"2025-03-18T15:40:25+00:00","dateModified":"2025-03-18T15:40:26+00:00","breadcrumb":{"@id":"https:\/\/jornalfatosenoticias.com.br\/index.php\/2025\/03\/18\/para-lidera-desmatamento-na-amazonia-enquanto-se-prepara-para-sediar-a-cop30\/#breadcrumb"},"inLanguage":"pt-BR","potentialAction":[{"@type":"ReadAction","target":["https:\/\/jornalfatosenoticias.com.br\/index.php\/2025\/03\/18\/para-lidera-desmatamento-na-amazonia-enquanto-se-prepara-para-sediar-a-cop30\/"]}]},{"@type":"ImageObject","inLanguage":"pt-BR","@id":"https:\/\/jornalfatosenoticias.com.br\/index.php\/2025\/03\/18\/para-lidera-desmatamento-na-amazonia-enquanto-se-prepara-para-sediar-a-cop30\/#primaryimage","url":"https:\/\/jornalfatosenoticias.com.br\/wp-content\/uploads\/2025\/03\/molusco-COP30.jpg","contentUrl":"https:\/\/jornalfatosenoticias.com.br\/wp-content\/uploads\/2025\/03\/molusco-COP30.jpg","width":800,"height":534},{"@type":"BreadcrumbList","@id":"https:\/\/jornalfatosenoticias.com.br\/index.php\/2025\/03\/18\/para-lidera-desmatamento-na-amazonia-enquanto-se-prepara-para-sediar-a-cop30\/#breadcrumb","itemListElement":[{"@type":"ListItem","position":1,"name":"In\u00edcio","item":"https:\/\/jornalfatosenoticias.com.br\/"},{"@type":"ListItem","position":2,"name":"Par\u00e1 lidera desmatamento na Amaz\u00f4nia enquanto se prepara para sediar a COP30"}]},{"@type":"WebSite","@id":"https:\/\/jornalfatosenoticias.com.br\/#website","url":"https:\/\/jornalfatosenoticias.com.br\/","name":"Jornal Fatos e Not\u00edcias","description":"Not\u00edcias em geral","publisher":{"@id":"https:\/\/jornalfatosenoticias.com.br\/#organization"},"potentialAction":[{"@type":"SearchAction","target":{"@type":"EntryPoint","urlTemplate":"https:\/\/jornalfatosenoticias.com.br\/?s={search_term_string}"},"query-input":{"@type":"PropertyValueSpecification","valueRequired":true,"valueName":"search_term_string"}}],"inLanguage":"pt-BR"},{"@type":"Organization","@id":"https:\/\/jornalfatosenoticias.com.br\/#organization","name":"Jornal Fatos e Not\u00edcias","url":"https:\/\/jornalfatosenoticias.com.br\/","logo":{"@type":"ImageObject","inLanguage":"pt-BR","@id":"https:\/\/jornalfatosenoticias.com.br\/#\/schema\/logo\/image\/","url":"https:\/\/jornalfatosenoticias.com.br\/wp-content\/uploads\/2020\/02\/logo120.png","contentUrl":"https:\/\/jornalfatosenoticias.com.br\/wp-content\/uploads\/2020\/02\/logo120.png","width":1227,"height":120,"caption":"Jornal Fatos e Not\u00edcias"},"image":{"@id":"https:\/\/jornalfatosenoticias.com.br\/#\/schema\/logo\/image\/"}},{"@type":"Person","@id":"https:\/\/jornalfatosenoticias.com.br\/#\/schema\/person\/d63837fa13ac8666eb9e74e0985d6f81","name":"Luzimara Fernandes","image":{"@type":"ImageObject","inLanguage":"pt-BR","@id":"https:\/\/jornalfatosenoticias.com.br\/#\/schema\/person\/image\/","url":"https:\/\/jornalfatosenoticias.com.br\/wp-content\/uploads\/2025\/05\/EU_portal.jpg","contentUrl":"https:\/\/jornalfatosenoticias.com.br\/wp-content\/uploads\/2025\/05\/EU_portal.jpg","caption":"Luzimara Fernandes"},"description":"Jornalista MTB 2358-ES","sameAs":["https:\/\/jornalfatosenoticias.com.br"],"url":"https:\/\/jornalfatosenoticias.com.br\/index.php\/author\/luzimara\/"}]}},"cc_featured_image_caption":{"caption_text":"(Foto: Ricardo Stuckert\/PR) ","source_text":"","source_url":""},"jetpack_featured_media_url":"https:\/\/jornalfatosenoticias.com.br\/wp-content\/uploads\/2025\/03\/molusco-COP30.jpg","_links":{"self":[{"href":"https:\/\/jornalfatosenoticias.com.br\/index.php\/wp-json\/wp\/v2\/posts\/57849","targetHints":{"allow":["GET"]}}],"collection":[{"href":"https:\/\/jornalfatosenoticias.com.br\/index.php\/wp-json\/wp\/v2\/posts"}],"about":[{"href":"https:\/\/jornalfatosenoticias.com.br\/index.php\/wp-json\/wp\/v2\/types\/post"}],"author":[{"embeddable":true,"href":"https:\/\/jornalfatosenoticias.com.br\/index.php\/wp-json\/wp\/v2\/users\/2"}],"replies":[{"embeddable":true,"href":"https:\/\/jornalfatosenoticias.com.br\/index.php\/wp-json\/wp\/v2\/comments?post=57849"}],"version-history":[{"count":0,"href":"https:\/\/jornalfatosenoticias.com.br\/index.php\/wp-json\/wp\/v2\/posts\/57849\/revisions"}],"wp:featuredmedia":[{"embeddable":true,"href":"https:\/\/jornalfatosenoticias.com.br\/index.php\/wp-json\/wp\/v2\/media\/57850"}],"wp:attachment":[{"href":"https:\/\/jornalfatosenoticias.com.br\/index.php\/wp-json\/wp\/v2\/media?parent=57849"}],"wp:term":[{"taxonomy":"category","embeddable":true,"href":"https:\/\/jornalfatosenoticias.com.br\/index.php\/wp-json\/wp\/v2\/categories?post=57849"},{"taxonomy":"post_tag","embeddable":true,"href":"https:\/\/jornalfatosenoticias.com.br\/index.php\/wp-json\/wp\/v2\/tags?post=57849"}],"curies":[{"name":"wp","href":"https:\/\/api.w.org\/{rel}","templated":true}]}}