{"id":57852,"date":"2025-03-18T13:12:36","date_gmt":"2025-03-18T16:12:36","guid":{"rendered":"https:\/\/jornalfatosenoticias.com.br\/?p=57852"},"modified":"2025-03-18T13:12:37","modified_gmt":"2025-03-18T16:12:37","slug":"oposicao-busca-apoio-para-cpi-da-cultura-por-suspeitas-de-esquema-com-ongs-ligadas-a-petistas","status":"publish","type":"post","link":"https:\/\/jornalfatosenoticias.com.br\/index.php\/2025\/03\/18\/oposicao-busca-apoio-para-cpi-da-cultura-por-suspeitas-de-esquema-com-ongs-ligadas-a-petistas\/","title":{"rendered":"Oposi\u00e7\u00e3o busca apoio para CPI da Cultura por suspeitas de esquema com ONGs ligadas a petistas"},"content":{"rendered":"\n<p><em><span class=\"has-inline-color has-black-color\">Ministra da Cultura, Margareth Menezes, com Lula<\/span><\/em><\/p>\n\n\n\n<p><span class=\"has-inline-color has-black-color\">Por <strong><a href=\"https:\/\/www.gazetadopovo.com.br\/autor\/diogenes-freire-feitosa\/\">Di\u00f3genes Freire Feitosa<\/a><\/strong><\/span><\/p>\n\n\n\n<div class=\"wp-block-image\"><figure class=\"aligncenter size-large\"><a href=\"https:\/\/panper.com.br\/\"><img loading=\"lazy\" decoding=\"async\" width=\"1024\" height=\"111\" src=\"https:\/\/jornalfatosenoticias.com.br\/wp-content\/uploads\/2020\/02\/WhatsApp-Image-2022-09-23-at-12.09.18-1024x111.jpeg\" alt=\"\" class=\"wp-image-34527\" srcset=\"https:\/\/jornalfatosenoticias.com.br\/wp-content\/uploads\/2020\/02\/WhatsApp-Image-2022-09-23-at-12.09.18-1024x111.jpeg 1024w, https:\/\/jornalfatosenoticias.com.br\/wp-content\/uploads\/2020\/02\/WhatsApp-Image-2022-09-23-at-12.09.18-300x32.jpeg 300w, https:\/\/jornalfatosenoticias.com.br\/wp-content\/uploads\/2020\/02\/WhatsApp-Image-2022-09-23-at-12.09.18-768x83.jpeg 768w, https:\/\/jornalfatosenoticias.com.br\/wp-content\/uploads\/2020\/02\/WhatsApp-Image-2022-09-23-at-12.09.18.jpeg 1121w\" sizes=\"auto, (max-width: 1024px) 100vw, 1024px\" \/><\/a><\/figure><\/div>\n\n\n\n<p>A lideran\u00e7a da oposi\u00e7\u00e3o na C\u00e2mara dos Deputados est\u00e1 buscando o apoio de parlamentares para a instaura\u00e7\u00e3o de uma Comiss\u00e3o Parlamentar de Inqu\u00e9rito (CPI) que investigue as suspeitas de irregularidades em repasses feitos pelo Minist\u00e9rio da Cultura (MinC) a ONGs ligadas a petistas com o objetivo de favorecer aliados nas elei\u00e7\u00f5es municipais de 2024.<\/p>\n\n\n\n<blockquote class=\"wp-block-quote is-layout-flow wp-block-quote-is-layout-flow\"><p><span class=\"has-inline-color has-luminous-vivid-orange-color\">Solicitamos apoio para instaura\u00e7\u00e3o de CPI com o objetivo de investigar o aparelhamento do Programa Nacional de Comit\u00eas de Cultura (PNCC), pelo PT, mediante a sele\u00e7\u00e3o irregular de ONGs ligadas a petistas e na promo\u00e7\u00e3o de candidatos da sigla nas elei\u00e7\u00f5es municipais de 2024\u201d, diz o comunicado da lideran\u00e7a da oposi\u00e7\u00e3o enviado aos parlamentares.<\/span><\/p><\/blockquote>\n\n\n\n<div class=\"wp-block-image\"><figure class=\"aligncenter size-large is-resized\"><a href=\"https:\/\/hotelmarquetti.com.br\/\"><img loading=\"lazy\" decoding=\"async\" src=\"https:\/\/jornalfatosenoticias.com.br\/wp-content\/uploads\/2023\/03\/nova-logo-Marquetti.jpg\" alt=\"\" class=\"wp-image-40207\" width=\"329\" height=\"221\" srcset=\"https:\/\/jornalfatosenoticias.com.br\/wp-content\/uploads\/2023\/03\/nova-logo-Marquetti.jpg 643w, https:\/\/jornalfatosenoticias.com.br\/wp-content\/uploads\/2023\/03\/nova-logo-Marquetti-300x202.jpg 300w\" sizes=\"auto, (max-width: 329px) 100vw, 329px\" \/><\/a><\/figure><\/div>\n\n\n\n<p>O pedido de abertura da CPI tem como base uma reportagem publicada pelo jornal O Estado de S\u00e3o Paulo (Estad\u00e3o), na semana passada, que teve acesso a grava\u00e7\u00f5es em que a secret\u00e1ria nacional de Mulheres do PT, Anne Karolyne Moura, teria admitido que pressionou o MinC para favorecer com recursos p\u00fablicos o Instituto de Articula\u00e7\u00e3o de Juventude da Amaz\u00f4nia (Iaja), ONG fundada por ela.<\/p>\n\n\n\n<div class=\"wp-block-image\"><figure class=\"aligncenter size-large is-resized\"><a href=\"https:\/\/www.facebook.com\/profile.php?id=100069289606145\"><img loading=\"lazy\" decoding=\"async\" src=\"https:\/\/jornalfatosenoticias.com.br\/wp-content\/uploads\/2024\/11\/Guaitolini-Contabilidade-1024x714.jpeg\" alt=\"\" class=\"wp-image-55808\" width=\"338\" height=\"235\" srcset=\"https:\/\/jornalfatosenoticias.com.br\/wp-content\/uploads\/2024\/11\/Guaitolini-Contabilidade-1024x714.jpeg 1024w, https:\/\/jornalfatosenoticias.com.br\/wp-content\/uploads\/2024\/11\/Guaitolini-Contabilidade-300x209.jpeg 300w, https:\/\/jornalfatosenoticias.com.br\/wp-content\/uploads\/2024\/11\/Guaitolini-Contabilidade-768x535.jpeg 768w, https:\/\/jornalfatosenoticias.com.br\/wp-content\/uploads\/2024\/11\/Guaitolini-Contabilidade.jpeg 1280w\" sizes=\"auto, (max-width: 338px) 100vw, 338px\" \/><\/a><\/figure><\/div>\n\n\n\n<p>Segundo o Estad\u00e3o, a grava\u00e7\u00e3o foi feita pelo ent\u00e3o presidente do Comit\u00ea do Amazonas, Marcos Rodrigues, que posteriormente rompeu politicamente com Anne Moura. O material aponta um suposto direcionamento pol\u00edtico dentro do programa.<\/p>\n\n\n\n<div class=\"wp-block-image\"><figure class=\"aligncenter size-large is-resized\"><a href=\"https:\/\/www.instagram.com\/esteiochurrascaria\/\"><img loading=\"lazy\" decoding=\"async\" src=\"https:\/\/jornalfatosenoticias.com.br\/wp-content\/uploads\/2022\/02\/LOGO-ESTEIO-1024x730.png\" alt=\"\" class=\"wp-image-27942\" width=\"367\" height=\"261\" srcset=\"https:\/\/jornalfatosenoticias.com.br\/wp-content\/uploads\/2022\/02\/LOGO-ESTEIO-1024x730.png 1024w, https:\/\/jornalfatosenoticias.com.br\/wp-content\/uploads\/2022\/02\/LOGO-ESTEIO-300x214.png 300w, https:\/\/jornalfatosenoticias.com.br\/wp-content\/uploads\/2022\/02\/LOGO-ESTEIO-768x548.png 768w, https:\/\/jornalfatosenoticias.com.br\/wp-content\/uploads\/2022\/02\/LOGO-ESTEIO.png 1123w\" sizes=\"auto, (max-width: 367px) 100vw, 367px\" \/><\/a><\/figure><\/div>\n\n\n\n<p><strong><span class=\"has-inline-color has-black-color\">Senador acionou PGR e TCU contra o PT<br><\/span><\/strong>Ap\u00f3s a repercuss\u00e3o do caso, o senador e l\u00edder da oposi\u00e7\u00e3o, Rog\u00e9rio Marinho (PL-RN), acionou a Procuradoria-Geral da Rep\u00fablica (PGR) e o Tribunal de Contas da Uni\u00e3o (TCU) contra o Partido dos Trabalhadores (PT). Marinho pediu que o TCU suspenda os repasses ao PNCC at\u00e9 que o caso seja investigado e que determine a ado\u00e7\u00e3o de medidas para garantir que verbas p\u00fablicas n\u00e3o sejam destinadas a fins eleitorais.\u00a0O senador tamb\u00e9m pediu que a PGR investigue poss\u00edveis crimes e atos de improbidade administrativa, abuso de poder e desvio de finalidade no uso de recursos da pasta da Cultura.<\/p>\n\n\n\n<div class=\"wp-block-image\"><figure class=\"aligncenter size-large is-resized\"><a href=\"https:\/\/www.instagram.com\/serra4x4cambioautomatico\/\"><img loading=\"lazy\" decoding=\"async\" src=\"https:\/\/jornalfatosenoticias.com.br\/wp-content\/uploads\/2024\/08\/Serra-4x4-1-886x1024.jpg\" alt=\"\" class=\"wp-image-53632\" width=\"277\" height=\"320\" srcset=\"https:\/\/jornalfatosenoticias.com.br\/wp-content\/uploads\/2024\/08\/Serra-4x4-1-886x1024.jpg 886w, https:\/\/jornalfatosenoticias.com.br\/wp-content\/uploads\/2024\/08\/Serra-4x4-1-260x300.jpg 260w, https:\/\/jornalfatosenoticias.com.br\/wp-content\/uploads\/2024\/08\/Serra-4x4-1-768x888.jpg 768w, https:\/\/jornalfatosenoticias.com.br\/wp-content\/uploads\/2024\/08\/Serra-4x4-1.jpg 1181w\" sizes=\"auto, (max-width: 277px) 100vw, 277px\" \/><\/a><\/figure><\/div>\n\n\n\n<p><strong><span class=\"has-inline-color has-black-color\">O que diz o MinC<br><\/span><\/strong>Procurado pela Gazeta do Povo, na semana passada, o MinC negou as acusa\u00e7\u00f5es e disse que Anne Karolyne Moura \u201cn\u00e3o \u00e9 membro do Comit\u00ea de Cultura do Amazonas, nunca integrou sua equipe e n\u00e3o participou de qualquer processo relacionado ao Minist\u00e9rio da Cultura ou \u00e0 sele\u00e7\u00e3o do edital de projetos\u201d.<br>A secret\u00e1ria petista tamb\u00e9m nega as acusa\u00e7\u00f5es e diz desconhecer as grava\u00e7\u00f5es obtidas pelo Estad\u00e3o. <\/p>\n\n\n\n<div class=\"wp-block-image\"><figure class=\"aligncenter size-large is-resized\"><a href=\"https:\/\/www.instagram.com\/restaurantepegoretti\/\"><img loading=\"lazy\" decoding=\"async\" src=\"https:\/\/jornalfatosenoticias.com.br\/wp-content\/uploads\/2023\/12\/pegoretti-logo-pdf-1024x389.jpg\" alt=\"\" class=\"wp-image-47536\" width=\"472\" height=\"179\" srcset=\"https:\/\/jornalfatosenoticias.com.br\/wp-content\/uploads\/2023\/12\/pegoretti-logo-pdf-1024x389.jpg 1024w, https:\/\/jornalfatosenoticias.com.br\/wp-content\/uploads\/2023\/12\/pegoretti-logo-pdf-300x114.jpg 300w, https:\/\/jornalfatosenoticias.com.br\/wp-content\/uploads\/2023\/12\/pegoretti-logo-pdf-768x291.jpg 768w, https:\/\/jornalfatosenoticias.com.br\/wp-content\/uploads\/2023\/12\/pegoretti-logo-pdf.jpg 1120w\" sizes=\"auto, (max-width: 472px) 100vw, 472px\" \/><\/a><\/figure><\/div>\n\n\n\n<p>Em publica\u00e7\u00e3o nas redes sociais, Anne Moura garantiu que nunca atuou para interferir na condu\u00e7\u00e3o administrativa dos comit\u00eas. Em nota, o MinC ainda afirmou que n\u00e3o existe impedimento a ONGs dirigidas por militantes partid\u00e1rios, desde que n\u00e3o envolvam membros de Poder ou servidores p\u00fablicos respons\u00e1veis pelo edital e que o modelo do PNCC fortalece o controle social e a fiscaliza\u00e7\u00e3o cidad\u00e3, afastando riscos de instrumentaliza\u00e7\u00e3o partid\u00e1ria.<\/p>\n\n\n\n<div class=\"wp-block-image\"><figure class=\"aligncenter size-large is-resized\"><a href=\"https:\/\/www.legisjuris.com.br\/\"><img loading=\"lazy\" decoding=\"async\" src=\"https:\/\/jornalfatosenoticias.com.br\/wp-content\/uploads\/2024\/09\/Legis-Juris-Consultoria_logo.jpg\" alt=\"\" class=\"wp-image-53915\" width=\"527\" height=\"221\" srcset=\"https:\/\/jornalfatosenoticias.com.br\/wp-content\/uploads\/2024\/09\/Legis-Juris-Consultoria_logo.jpg 969w, https:\/\/jornalfatosenoticias.com.br\/wp-content\/uploads\/2024\/09\/Legis-Juris-Consultoria_logo-300x126.jpg 300w, https:\/\/jornalfatosenoticias.com.br\/wp-content\/uploads\/2024\/09\/Legis-Juris-Consultoria_logo-768x322.jpg 768w\" sizes=\"auto, (max-width: 527px) 100vw, 527px\" \/><\/a><\/figure><\/div>\n\n\n\n<p><strong>Fonte: <a href=\"https:\/\/www.gazetadopovo.com.br\/republica\/oposicao-busca-apoio-para-cpi-da-cultura-por-suspeitas-de-esquema-com-ongs-ligadas-a-petistas\/\">Gazeta do Povo<\/a><\/strong><\/p>\n","protected":false},"excerpt":{"rendered":"<p>Ministra da Cultura, Margareth Menezes, com Lula Por Di\u00f3genes Freire Feitosa A lideran\u00e7a da oposi\u00e7\u00e3o na C\u00e2mara dos Deputados est\u00e1 buscando o apoio de parlamentares para a instaura\u00e7\u00e3o de uma Comiss\u00e3o Parlamentar de Inqu\u00e9rito (CPI) que investigue as suspeitas de irregularidades em repasses feitos pelo Minist\u00e9rio da Cultura (MinC) a ONGs ligadas a petistas com [&hellip;]<\/p>\n","protected":false},"author":2,"featured_media":57853,"comment_status":"open","ping_status":"open","sticky":false,"template":"","format":"standard","meta":{"footnotes":""},"categories":[10],"tags":[982,8576,1039,7580,25834,775,13186,7895],"class_list":["post-57852","post","type-post","status-publish","format-standard","has-post-thumbnail","hentry","category-politica","tag-camara-dos-deputados","tag-cpi","tag-eleicoes","tag-lula","tag-margareth-menezes","tag-ong","tag-pt","tag-rogerio-marinho"],"yoast_head":"<!-- This site is optimized with the Yoast SEO plugin v26.5 - https:\/\/yoast.com\/wordpress\/plugins\/seo\/ -->\n<title>Oposi\u00e7\u00e3o busca apoio para CPI da Cultura por suspeitas de esquema com ONGs ligadas a petistas - Jornal Fatos e Not\u00edcias<\/title>\n<meta name=\"robots\" content=\"index, follow, max-snippet:-1, max-image-preview:large, max-video-preview:-1\" \/>\n<link rel=\"canonical\" href=\"https:\/\/jornalfatosenoticias.com.br\/index.php\/2025\/03\/18\/oposicao-busca-apoio-para-cpi-da-cultura-por-suspeitas-de-esquema-com-ongs-ligadas-a-petistas\/\" \/>\n<meta property=\"og:locale\" content=\"pt_BR\" \/>\n<meta property=\"og:type\" content=\"article\" \/>\n<meta property=\"og:title\" content=\"Oposi\u00e7\u00e3o busca apoio para CPI da Cultura por suspeitas de esquema com ONGs ligadas a petistas - Jornal Fatos e Not\u00edcias\" \/>\n<meta property=\"og:description\" content=\"Ministra da Cultura, Margareth Menezes, com Lula Por Di\u00f3genes Freire Feitosa A lideran\u00e7a da oposi\u00e7\u00e3o na C\u00e2mara dos Deputados est\u00e1 buscando o apoio de parlamentares para a instaura\u00e7\u00e3o de uma Comiss\u00e3o Parlamentar de Inqu\u00e9rito (CPI) que investigue as suspeitas de irregularidades em repasses feitos pelo Minist\u00e9rio da Cultura (MinC) a ONGs ligadas a petistas com [&hellip;]\" \/>\n<meta property=\"og:url\" content=\"https:\/\/jornalfatosenoticias.com.br\/index.php\/2025\/03\/18\/oposicao-busca-apoio-para-cpi-da-cultura-por-suspeitas-de-esquema-com-ongs-ligadas-a-petistas\/\" \/>\n<meta property=\"og:site_name\" content=\"Jornal Fatos e Not\u00edcias\" \/>\n<meta property=\"article:published_time\" content=\"2025-03-18T16:12:36+00:00\" \/>\n<meta property=\"article:modified_time\" content=\"2025-03-18T16:12:37+00:00\" \/>\n<meta property=\"og:image\" content=\"https:\/\/jornalfatosenoticias.com.br\/wp-content\/uploads\/2025\/03\/pl4ntr4.jpg\" \/>\n\t<meta property=\"og:image:width\" content=\"1000\" \/>\n\t<meta property=\"og:image:height\" content=\"612\" \/>\n\t<meta property=\"og:image:type\" content=\"image\/jpeg\" \/>\n<meta name=\"author\" content=\"Luzimara Fernandes\" \/>\n<meta name=\"twitter:card\" content=\"summary_large_image\" \/>\n<meta name=\"twitter:label1\" content=\"Escrito por\" \/>\n\t<meta name=\"twitter:data1\" content=\"Luzimara Fernandes\" \/>\n\t<meta name=\"twitter:label2\" content=\"Est. tempo de leitura\" \/>\n\t<meta name=\"twitter:data2\" content=\"3 minutos\" \/>\n<script type=\"application\/ld+json\" class=\"yoast-schema-graph\">{\"@context\":\"https:\/\/schema.org\",\"@graph\":[{\"@type\":\"Article\",\"@id\":\"https:\/\/jornalfatosenoticias.com.br\/index.php\/2025\/03\/18\/oposicao-busca-apoio-para-cpi-da-cultura-por-suspeitas-de-esquema-com-ongs-ligadas-a-petistas\/#article\",\"isPartOf\":{\"@id\":\"https:\/\/jornalfatosenoticias.com.br\/index.php\/2025\/03\/18\/oposicao-busca-apoio-para-cpi-da-cultura-por-suspeitas-de-esquema-com-ongs-ligadas-a-petistas\/\"},\"author\":{\"name\":\"Luzimara Fernandes\",\"@id\":\"https:\/\/jornalfatosenoticias.com.br\/#\/schema\/person\/d63837fa13ac8666eb9e74e0985d6f81\"},\"headline\":\"Oposi\u00e7\u00e3o busca apoio para CPI da Cultura por suspeitas de esquema com ONGs ligadas a petistas\",\"datePublished\":\"2025-03-18T16:12:36+00:00\",\"dateModified\":\"2025-03-18T16:12:37+00:00\",\"mainEntityOfPage\":{\"@id\":\"https:\/\/jornalfatosenoticias.com.br\/index.php\/2025\/03\/18\/oposicao-busca-apoio-para-cpi-da-cultura-por-suspeitas-de-esquema-com-ongs-ligadas-a-petistas\/\"},\"wordCount\":535,\"commentCount\":0,\"publisher\":{\"@id\":\"https:\/\/jornalfatosenoticias.com.br\/#organization\"},\"image\":{\"@id\":\"https:\/\/jornalfatosenoticias.com.br\/index.php\/2025\/03\/18\/oposicao-busca-apoio-para-cpi-da-cultura-por-suspeitas-de-esquema-com-ongs-ligadas-a-petistas\/#primaryimage\"},\"thumbnailUrl\":\"https:\/\/jornalfatosenoticias.com.br\/wp-content\/uploads\/2025\/03\/pl4ntr4.jpg\",\"keywords\":[\"C\u00e2mara dos Deputados\",\"CPI\",\"elei\u00e7\u00f5es\",\"Lula\",\"Margareth Menezes\",\"ONG\",\"PT\",\"Rog\u00e9rio Marinho\"],\"articleSection\":[\"Pol\u00edtica\"],\"inLanguage\":\"pt-BR\",\"potentialAction\":[{\"@type\":\"CommentAction\",\"name\":\"Comment\",\"target\":[\"https:\/\/jornalfatosenoticias.com.br\/index.php\/2025\/03\/18\/oposicao-busca-apoio-para-cpi-da-cultura-por-suspeitas-de-esquema-com-ongs-ligadas-a-petistas\/#respond\"]}]},{\"@type\":\"WebPage\",\"@id\":\"https:\/\/jornalfatosenoticias.com.br\/index.php\/2025\/03\/18\/oposicao-busca-apoio-para-cpi-da-cultura-por-suspeitas-de-esquema-com-ongs-ligadas-a-petistas\/\",\"url\":\"https:\/\/jornalfatosenoticias.com.br\/index.php\/2025\/03\/18\/oposicao-busca-apoio-para-cpi-da-cultura-por-suspeitas-de-esquema-com-ongs-ligadas-a-petistas\/\",\"name\":\"Oposi\u00e7\u00e3o busca apoio para CPI da Cultura por suspeitas de esquema com ONGs ligadas a petistas - Jornal Fatos e Not\u00edcias\",\"isPartOf\":{\"@id\":\"https:\/\/jornalfatosenoticias.com.br\/#website\"},\"primaryImageOfPage\":{\"@id\":\"https:\/\/jornalfatosenoticias.com.br\/index.php\/2025\/03\/18\/oposicao-busca-apoio-para-cpi-da-cultura-por-suspeitas-de-esquema-com-ongs-ligadas-a-petistas\/#primaryimage\"},\"image\":{\"@id\":\"https:\/\/jornalfatosenoticias.com.br\/index.php\/2025\/03\/18\/oposicao-busca-apoio-para-cpi-da-cultura-por-suspeitas-de-esquema-com-ongs-ligadas-a-petistas\/#primaryimage\"},\"thumbnailUrl\":\"https:\/\/jornalfatosenoticias.com.br\/wp-content\/uploads\/2025\/03\/pl4ntr4.jpg\",\"datePublished\":\"2025-03-18T16:12:36+00:00\",\"dateModified\":\"2025-03-18T16:12:37+00:00\",\"breadcrumb\":{\"@id\":\"https:\/\/jornalfatosenoticias.com.br\/index.php\/2025\/03\/18\/oposicao-busca-apoio-para-cpi-da-cultura-por-suspeitas-de-esquema-com-ongs-ligadas-a-petistas\/#breadcrumb\"},\"inLanguage\":\"pt-BR\",\"potentialAction\":[{\"@type\":\"ReadAction\",\"target\":[\"https:\/\/jornalfatosenoticias.com.br\/index.php\/2025\/03\/18\/oposicao-busca-apoio-para-cpi-da-cultura-por-suspeitas-de-esquema-com-ongs-ligadas-a-petistas\/\"]}]},{\"@type\":\"ImageObject\",\"inLanguage\":\"pt-BR\",\"@id\":\"https:\/\/jornalfatosenoticias.com.br\/index.php\/2025\/03\/18\/oposicao-busca-apoio-para-cpi-da-cultura-por-suspeitas-de-esquema-com-ongs-ligadas-a-petistas\/#primaryimage\",\"url\":\"https:\/\/jornalfatosenoticias.com.br\/wp-content\/uploads\/2025\/03\/pl4ntr4.jpg\",\"contentUrl\":\"https:\/\/jornalfatosenoticias.com.br\/wp-content\/uploads\/2025\/03\/pl4ntr4.jpg\",\"width\":1000,\"height\":612},{\"@type\":\"BreadcrumbList\",\"@id\":\"https:\/\/jornalfatosenoticias.com.br\/index.php\/2025\/03\/18\/oposicao-busca-apoio-para-cpi-da-cultura-por-suspeitas-de-esquema-com-ongs-ligadas-a-petistas\/#breadcrumb\",\"itemListElement\":[{\"@type\":\"ListItem\",\"position\":1,\"name\":\"In\u00edcio\",\"item\":\"https:\/\/jornalfatosenoticias.com.br\/\"},{\"@type\":\"ListItem\",\"position\":2,\"name\":\"Oposi\u00e7\u00e3o busca apoio para CPI da Cultura por suspeitas de esquema com ONGs ligadas a petistas\"}]},{\"@type\":\"WebSite\",\"@id\":\"https:\/\/jornalfatosenoticias.com.br\/#website\",\"url\":\"https:\/\/jornalfatosenoticias.com.br\/\",\"name\":\"Jornal Fatos e Not\u00edcias\",\"description\":\"Not\u00edcias em geral\",\"publisher\":{\"@id\":\"https:\/\/jornalfatosenoticias.com.br\/#organization\"},\"potentialAction\":[{\"@type\":\"SearchAction\",\"target\":{\"@type\":\"EntryPoint\",\"urlTemplate\":\"https:\/\/jornalfatosenoticias.com.br\/?s={search_term_string}\"},\"query-input\":{\"@type\":\"PropertyValueSpecification\",\"valueRequired\":true,\"valueName\":\"search_term_string\"}}],\"inLanguage\":\"pt-BR\"},{\"@type\":\"Organization\",\"@id\":\"https:\/\/jornalfatosenoticias.com.br\/#organization\",\"name\":\"Jornal Fatos e Not\u00edcias\",\"url\":\"https:\/\/jornalfatosenoticias.com.br\/\",\"logo\":{\"@type\":\"ImageObject\",\"inLanguage\":\"pt-BR\",\"@id\":\"https:\/\/jornalfatosenoticias.com.br\/#\/schema\/logo\/image\/\",\"url\":\"https:\/\/jornalfatosenoticias.com.br\/wp-content\/uploads\/2020\/02\/logo120.png\",\"contentUrl\":\"https:\/\/jornalfatosenoticias.com.br\/wp-content\/uploads\/2020\/02\/logo120.png\",\"width\":1227,\"height\":120,\"caption\":\"Jornal Fatos e Not\u00edcias\"},\"image\":{\"@id\":\"https:\/\/jornalfatosenoticias.com.br\/#\/schema\/logo\/image\/\"}},{\"@type\":\"Person\",\"@id\":\"https:\/\/jornalfatosenoticias.com.br\/#\/schema\/person\/d63837fa13ac8666eb9e74e0985d6f81\",\"name\":\"Luzimara Fernandes\",\"image\":{\"@type\":\"ImageObject\",\"inLanguage\":\"pt-BR\",\"@id\":\"https:\/\/jornalfatosenoticias.com.br\/#\/schema\/person\/image\/\",\"url\":\"https:\/\/jornalfatosenoticias.com.br\/wp-content\/uploads\/2025\/05\/EU_portal.jpg\",\"contentUrl\":\"https:\/\/jornalfatosenoticias.com.br\/wp-content\/uploads\/2025\/05\/EU_portal.jpg\",\"caption\":\"Luzimara Fernandes\"},\"description\":\"Jornalista MTB 2358-ES\",\"sameAs\":[\"https:\/\/jornalfatosenoticias.com.br\"],\"url\":\"https:\/\/jornalfatosenoticias.com.br\/index.php\/author\/luzimara\/\"}]}<\/script>\n<!-- \/ Yoast SEO plugin. -->","yoast_head_json":{"title":"Oposi\u00e7\u00e3o busca apoio para CPI da Cultura por suspeitas de esquema com ONGs ligadas a petistas - Jornal Fatos e Not\u00edcias","robots":{"index":"index","follow":"follow","max-snippet":"max-snippet:-1","max-image-preview":"max-image-preview:large","max-video-preview":"max-video-preview:-1"},"canonical":"https:\/\/jornalfatosenoticias.com.br\/index.php\/2025\/03\/18\/oposicao-busca-apoio-para-cpi-da-cultura-por-suspeitas-de-esquema-com-ongs-ligadas-a-petistas\/","og_locale":"pt_BR","og_type":"article","og_title":"Oposi\u00e7\u00e3o busca apoio para CPI da Cultura por suspeitas de esquema com ONGs ligadas a petistas - Jornal Fatos e Not\u00edcias","og_description":"Ministra da Cultura, Margareth Menezes, com Lula Por Di\u00f3genes Freire Feitosa A lideran\u00e7a da oposi\u00e7\u00e3o na C\u00e2mara dos Deputados est\u00e1 buscando o apoio de parlamentares para a instaura\u00e7\u00e3o de uma Comiss\u00e3o Parlamentar de Inqu\u00e9rito (CPI) que investigue as suspeitas de irregularidades em repasses feitos pelo Minist\u00e9rio da Cultura (MinC) a ONGs ligadas a petistas com [&hellip;]","og_url":"https:\/\/jornalfatosenoticias.com.br\/index.php\/2025\/03\/18\/oposicao-busca-apoio-para-cpi-da-cultura-por-suspeitas-de-esquema-com-ongs-ligadas-a-petistas\/","og_site_name":"Jornal Fatos e Not\u00edcias","article_published_time":"2025-03-18T16:12:36+00:00","article_modified_time":"2025-03-18T16:12:37+00:00","og_image":[{"width":1000,"height":612,"url":"https:\/\/jornalfatosenoticias.com.br\/wp-content\/uploads\/2025\/03\/pl4ntr4.jpg","type":"image\/jpeg"}],"author":"Luzimara Fernandes","twitter_card":"summary_large_image","twitter_misc":{"Escrito por":"Luzimara Fernandes","Est. tempo de leitura":"3 minutos"},"schema":{"@context":"https:\/\/schema.org","@graph":[{"@type":"Article","@id":"https:\/\/jornalfatosenoticias.com.br\/index.php\/2025\/03\/18\/oposicao-busca-apoio-para-cpi-da-cultura-por-suspeitas-de-esquema-com-ongs-ligadas-a-petistas\/#article","isPartOf":{"@id":"https:\/\/jornalfatosenoticias.com.br\/index.php\/2025\/03\/18\/oposicao-busca-apoio-para-cpi-da-cultura-por-suspeitas-de-esquema-com-ongs-ligadas-a-petistas\/"},"author":{"name":"Luzimara Fernandes","@id":"https:\/\/jornalfatosenoticias.com.br\/#\/schema\/person\/d63837fa13ac8666eb9e74e0985d6f81"},"headline":"Oposi\u00e7\u00e3o busca apoio para CPI da Cultura por suspeitas de esquema com ONGs ligadas a petistas","datePublished":"2025-03-18T16:12:36+00:00","dateModified":"2025-03-18T16:12:37+00:00","mainEntityOfPage":{"@id":"https:\/\/jornalfatosenoticias.com.br\/index.php\/2025\/03\/18\/oposicao-busca-apoio-para-cpi-da-cultura-por-suspeitas-de-esquema-com-ongs-ligadas-a-petistas\/"},"wordCount":535,"commentCount":0,"publisher":{"@id":"https:\/\/jornalfatosenoticias.com.br\/#organization"},"image":{"@id":"https:\/\/jornalfatosenoticias.com.br\/index.php\/2025\/03\/18\/oposicao-busca-apoio-para-cpi-da-cultura-por-suspeitas-de-esquema-com-ongs-ligadas-a-petistas\/#primaryimage"},"thumbnailUrl":"https:\/\/jornalfatosenoticias.com.br\/wp-content\/uploads\/2025\/03\/pl4ntr4.jpg","keywords":["C\u00e2mara dos Deputados","CPI","elei\u00e7\u00f5es","Lula","Margareth Menezes","ONG","PT","Rog\u00e9rio Marinho"],"articleSection":["Pol\u00edtica"],"inLanguage":"pt-BR","potentialAction":[{"@type":"CommentAction","name":"Comment","target":["https:\/\/jornalfatosenoticias.com.br\/index.php\/2025\/03\/18\/oposicao-busca-apoio-para-cpi-da-cultura-por-suspeitas-de-esquema-com-ongs-ligadas-a-petistas\/#respond"]}]},{"@type":"WebPage","@id":"https:\/\/jornalfatosenoticias.com.br\/index.php\/2025\/03\/18\/oposicao-busca-apoio-para-cpi-da-cultura-por-suspeitas-de-esquema-com-ongs-ligadas-a-petistas\/","url":"https:\/\/jornalfatosenoticias.com.br\/index.php\/2025\/03\/18\/oposicao-busca-apoio-para-cpi-da-cultura-por-suspeitas-de-esquema-com-ongs-ligadas-a-petistas\/","name":"Oposi\u00e7\u00e3o busca apoio para CPI da Cultura por suspeitas de esquema com ONGs ligadas a petistas - Jornal Fatos e Not\u00edcias","isPartOf":{"@id":"https:\/\/jornalfatosenoticias.com.br\/#website"},"primaryImageOfPage":{"@id":"https:\/\/jornalfatosenoticias.com.br\/index.php\/2025\/03\/18\/oposicao-busca-apoio-para-cpi-da-cultura-por-suspeitas-de-esquema-com-ongs-ligadas-a-petistas\/#primaryimage"},"image":{"@id":"https:\/\/jornalfatosenoticias.com.br\/index.php\/2025\/03\/18\/oposicao-busca-apoio-para-cpi-da-cultura-por-suspeitas-de-esquema-com-ongs-ligadas-a-petistas\/#primaryimage"},"thumbnailUrl":"https:\/\/jornalfatosenoticias.com.br\/wp-content\/uploads\/2025\/03\/pl4ntr4.jpg","datePublished":"2025-03-18T16:12:36+00:00","dateModified":"2025-03-18T16:12:37+00:00","breadcrumb":{"@id":"https:\/\/jornalfatosenoticias.com.br\/index.php\/2025\/03\/18\/oposicao-busca-apoio-para-cpi-da-cultura-por-suspeitas-de-esquema-com-ongs-ligadas-a-petistas\/#breadcrumb"},"inLanguage":"pt-BR","potentialAction":[{"@type":"ReadAction","target":["https:\/\/jornalfatosenoticias.com.br\/index.php\/2025\/03\/18\/oposicao-busca-apoio-para-cpi-da-cultura-por-suspeitas-de-esquema-com-ongs-ligadas-a-petistas\/"]}]},{"@type":"ImageObject","inLanguage":"pt-BR","@id":"https:\/\/jornalfatosenoticias.com.br\/index.php\/2025\/03\/18\/oposicao-busca-apoio-para-cpi-da-cultura-por-suspeitas-de-esquema-com-ongs-ligadas-a-petistas\/#primaryimage","url":"https:\/\/jornalfatosenoticias.com.br\/wp-content\/uploads\/2025\/03\/pl4ntr4.jpg","contentUrl":"https:\/\/jornalfatosenoticias.com.br\/wp-content\/uploads\/2025\/03\/pl4ntr4.jpg","width":1000,"height":612},{"@type":"BreadcrumbList","@id":"https:\/\/jornalfatosenoticias.com.br\/index.php\/2025\/03\/18\/oposicao-busca-apoio-para-cpi-da-cultura-por-suspeitas-de-esquema-com-ongs-ligadas-a-petistas\/#breadcrumb","itemListElement":[{"@type":"ListItem","position":1,"name":"In\u00edcio","item":"https:\/\/jornalfatosenoticias.com.br\/"},{"@type":"ListItem","position":2,"name":"Oposi\u00e7\u00e3o busca apoio para CPI da Cultura por suspeitas de esquema com ONGs ligadas a petistas"}]},{"@type":"WebSite","@id":"https:\/\/jornalfatosenoticias.com.br\/#website","url":"https:\/\/jornalfatosenoticias.com.br\/","name":"Jornal Fatos e Not\u00edcias","description":"Not\u00edcias em geral","publisher":{"@id":"https:\/\/jornalfatosenoticias.com.br\/#organization"},"potentialAction":[{"@type":"SearchAction","target":{"@type":"EntryPoint","urlTemplate":"https:\/\/jornalfatosenoticias.com.br\/?s={search_term_string}"},"query-input":{"@type":"PropertyValueSpecification","valueRequired":true,"valueName":"search_term_string"}}],"inLanguage":"pt-BR"},{"@type":"Organization","@id":"https:\/\/jornalfatosenoticias.com.br\/#organization","name":"Jornal Fatos e Not\u00edcias","url":"https:\/\/jornalfatosenoticias.com.br\/","logo":{"@type":"ImageObject","inLanguage":"pt-BR","@id":"https:\/\/jornalfatosenoticias.com.br\/#\/schema\/logo\/image\/","url":"https:\/\/jornalfatosenoticias.com.br\/wp-content\/uploads\/2020\/02\/logo120.png","contentUrl":"https:\/\/jornalfatosenoticias.com.br\/wp-content\/uploads\/2020\/02\/logo120.png","width":1227,"height":120,"caption":"Jornal Fatos e Not\u00edcias"},"image":{"@id":"https:\/\/jornalfatosenoticias.com.br\/#\/schema\/logo\/image\/"}},{"@type":"Person","@id":"https:\/\/jornalfatosenoticias.com.br\/#\/schema\/person\/d63837fa13ac8666eb9e74e0985d6f81","name":"Luzimara Fernandes","image":{"@type":"ImageObject","inLanguage":"pt-BR","@id":"https:\/\/jornalfatosenoticias.com.br\/#\/schema\/person\/image\/","url":"https:\/\/jornalfatosenoticias.com.br\/wp-content\/uploads\/2025\/05\/EU_portal.jpg","contentUrl":"https:\/\/jornalfatosenoticias.com.br\/wp-content\/uploads\/2025\/05\/EU_portal.jpg","caption":"Luzimara Fernandes"},"description":"Jornalista MTB 2358-ES","sameAs":["https:\/\/jornalfatosenoticias.com.br"],"url":"https:\/\/jornalfatosenoticias.com.br\/index.php\/author\/luzimara\/"}]}},"cc_featured_image_caption":{"caption_text":"(Foto: Ricardo Stuckert\/PR) ","source_text":"","source_url":""},"jetpack_featured_media_url":"https:\/\/jornalfatosenoticias.com.br\/wp-content\/uploads\/2025\/03\/pl4ntr4.jpg","_links":{"self":[{"href":"https:\/\/jornalfatosenoticias.com.br\/index.php\/wp-json\/wp\/v2\/posts\/57852","targetHints":{"allow":["GET"]}}],"collection":[{"href":"https:\/\/jornalfatosenoticias.com.br\/index.php\/wp-json\/wp\/v2\/posts"}],"about":[{"href":"https:\/\/jornalfatosenoticias.com.br\/index.php\/wp-json\/wp\/v2\/types\/post"}],"author":[{"embeddable":true,"href":"https:\/\/jornalfatosenoticias.com.br\/index.php\/wp-json\/wp\/v2\/users\/2"}],"replies":[{"embeddable":true,"href":"https:\/\/jornalfatosenoticias.com.br\/index.php\/wp-json\/wp\/v2\/comments?post=57852"}],"version-history":[{"count":0,"href":"https:\/\/jornalfatosenoticias.com.br\/index.php\/wp-json\/wp\/v2\/posts\/57852\/revisions"}],"wp:featuredmedia":[{"embeddable":true,"href":"https:\/\/jornalfatosenoticias.com.br\/index.php\/wp-json\/wp\/v2\/media\/57853"}],"wp:attachment":[{"href":"https:\/\/jornalfatosenoticias.com.br\/index.php\/wp-json\/wp\/v2\/media?parent=57852"}],"wp:term":[{"taxonomy":"category","embeddable":true,"href":"https:\/\/jornalfatosenoticias.com.br\/index.php\/wp-json\/wp\/v2\/categories?post=57852"},{"taxonomy":"post_tag","embeddable":true,"href":"https:\/\/jornalfatosenoticias.com.br\/index.php\/wp-json\/wp\/v2\/tags?post=57852"}],"curies":[{"name":"wp","href":"https:\/\/api.w.org\/{rel}","templated":true}]}}