{"id":57855,"date":"2025-03-19T09:05:12","date_gmt":"2025-03-19T12:05:12","guid":{"rendered":"https:\/\/jornalfatosenoticias.com.br\/?p=57855"},"modified":"2025-03-19T09:05:13","modified_gmt":"2025-03-19T12:05:13","slug":"achados-arqueologicos-levam-mais-para-tras-a-origem-da-metalurgia-do-cobre","status":"publish","type":"post","link":"https:\/\/jornalfatosenoticias.com.br\/index.php\/2025\/03\/19\/achados-arqueologicos-levam-mais-para-tras-a-origem-da-metalurgia-do-cobre\/","title":{"rendered":"Achados arqueol\u00f3gicos levam mais para tr\u00e1s a origem da metalurgia do cobre"},"content":{"rendered":"\n<p><em><span class=\"has-inline-color has-black-color\">Arque\u00f3logos descobrem que metalurgia em cobre teve in\u00edcio h\u00e1 nove mil anos atr\u00e1s, tr\u00eas mil antes do que se pensava<\/span><\/em><\/p>\n\n\n\n<p><span class=\"has-inline-color has-black-color\">Por <strong><a href=\"https:\/\/olhardigital.com.br\/author\/flavia-correia\/\">Flavia Correia<\/a><\/strong><\/span><\/p>\n\n\n\n<div class=\"wp-block-image\"><figure class=\"aligncenter size-large\"><a href=\"https:\/\/mizu.com.br\/\"><img loading=\"lazy\" decoding=\"async\" width=\"729\" height=\"90\" src=\"https:\/\/jornalfatosenoticias.com.br\/wp-content\/uploads\/2020\/02\/Logo_Mizu.png\" alt=\"\" class=\"wp-image-1441\" srcset=\"https:\/\/jornalfatosenoticias.com.br\/wp-content\/uploads\/2020\/02\/Logo_Mizu.png 729w, https:\/\/jornalfatosenoticias.com.br\/wp-content\/uploads\/2020\/02\/Logo_Mizu-300x37.png 300w\" sizes=\"auto, (max-width: 729px) 100vw, 729px\" \/><\/a><\/figure><\/div>\n\n\n\n<p>Um estudo a ser publicado na edi\u00e7\u00e3o de abril do <em>Journal of Archaeological Science: Reports<\/em>,<a href=\"https:\/\/www.sciencedirect.com\/science\/article\/abs\/pii\/S2352409X25000835?via%3Dihub\" target=\"_blank\" rel=\"noreferrer noopener\">\u00a0<strong>j\u00e1 dispon\u00edvel on-line<\/strong><\/a>, revela novas informa\u00e7\u00f5es sobre os prim\u00f3rdios da metalurgia. A pesquisa, liderada por cientistas da Universidade de Kocaeli (<a href=\"https:\/\/olhardigital.com.br\/2025\/01\/24\/ciencia-e-espaco\/conheca-o-castelo-de-algodao-da-turquia-que-encanta-com-piscinas-termais-e-ruinas-antigas\/\" target=\"_blank\" rel=\"noreferrer noopener\"><strong>Turquia<\/strong><\/a>), sugere que os \u00faltimos\u00a0<a href=\"https:\/\/olhardigital.com.br\/2024\/02\/14\/ciencia-e-espaco\/povos-cacadores-coletores-foram-exterminados-revela-estudo\/\" target=\"_blank\" rel=\"noreferrer noopener\"><strong>ca\u00e7adores-coletores<\/strong><\/a>, sugere que os \u00faltimos ca\u00e7adores-coletores da Anat\u00f3lia podem ter iniciado processos metal\u00fargicos experimentais mais de tr\u00eas mil anos antes do que se pensava.<br>O s\u00edtio arqueol\u00f3gico de Gre F\u0131lla, localizado no alto Vale do Tigre, tem sido examinado desde 2018. Durante as escava\u00e7\u00f5es, os pesquisadores encontraram estruturas arquitet\u00f4nicas, objetos de cobre e um material vitrificado que pode estar relacionado \u00e0s primeiras tentativas de metalurgia. Essas descobertas desafiam a ideia de que a metalurgia do cobre come\u00e7ou apenas no Calcol\u00edtico, h\u00e1 cerca de seis mil anos.<\/p>\n\n\n\n<div class=\"wp-block-image\"><figure class=\"aligncenter size-large is-resized\"><a href=\"https:\/\/www.ithbrasil.com.br\/\"><img loading=\"lazy\" decoding=\"async\" src=\"https:\/\/jornalfatosenoticias.com.br\/wp-content\/uploads\/2023\/08\/ITH.jpeg\" alt=\"\" class=\"wp-image-44638\" width=\"318\" height=\"258\" srcset=\"https:\/\/jornalfatosenoticias.com.br\/wp-content\/uploads\/2023\/08\/ITH.jpeg 800w, https:\/\/jornalfatosenoticias.com.br\/wp-content\/uploads\/2023\/08\/ITH-300x244.jpeg 300w, https:\/\/jornalfatosenoticias.com.br\/wp-content\/uploads\/2023\/08\/ITH-768x624.jpeg 768w\" sizes=\"auto, (max-width: 318px) 100vw, 318px\" \/><\/a><\/figure><\/div>\n\n\n\n<p>A equipe usou t\u00e9cnicas avan\u00e7adas, como espectroscopia de fluoresc\u00eancia de raios-X (pXRF) e difra\u00e7\u00e3o de raios-X (XRD), para analisar os vest\u00edgios encontrados. Entre os itens mais interessantes est\u00e3o um objeto em forma de barra de cobre e um material vitrificado com pequenas gotas de cobre embutidas.<br>O material vitrificado, chamado GRE-VRF, apresenta uma textura fluida de um lado e uma depress\u00e3o do outro, sugerindo que foi exposto a altas temperaturas.<\/p>\n\n\n\n<div class=\"wp-block-image\"><figure class=\"aligncenter size-large is-resized\"><a href=\"https:\/\/www.controlsystems.com.br\/\"><img loading=\"lazy\" decoding=\"async\" src=\"https:\/\/jornalfatosenoticias.com.br\/wp-content\/uploads\/2020\/02\/CONTROL-CS.jpg\" alt=\"\" class=\"wp-image-44991\" width=\"289\" height=\"346\" srcset=\"https:\/\/jornalfatosenoticias.com.br\/wp-content\/uploads\/2020\/02\/CONTROL-CS.jpg 834w, https:\/\/jornalfatosenoticias.com.br\/wp-content\/uploads\/2020\/02\/CONTROL-CS-250x300.jpg 250w, https:\/\/jornalfatosenoticias.com.br\/wp-content\/uploads\/2020\/02\/CONTROL-CS-768x921.jpg 768w\" sizes=\"auto, (max-width: 289px) 100vw, 289px\" \/><\/a><\/figure><\/div>\n\n\n\n<p>A composi\u00e7\u00e3o qu\u00edmica do GRE-VRF indica a presen\u00e7a de minerais ricos em <strong><a href=\"https:\/\/olhardigital.com.br\/2025\/02\/19\/ciencia-e-espaco\/planeta-extremo-tem-chuva-de-ferro-e-rajadas-violentas-de-vento\/\" target=\"_blank\" rel=\"noreferrer noopener\">ferro<\/a><\/strong> e cromo, o que aponta para experimentos metal\u00fargicos. Essa evid\u00eancia sugere que o cobre foi aquecido a mais de 1000\u00b0C, indicando um controle do fogo mais avan\u00e7ado do que se imaginava para o per\u00edodo.<\/p>\n\n\n\n<div class=\"wp-block-image\"><figure class=\"aligncenter size-large is-resized\"><a href=\"https:\/\/www.instagram.com\/rcradiadores\/\"><img loading=\"lazy\" decoding=\"async\" src=\"https:\/\/jornalfatosenoticias.com.br\/wp-content\/uploads\/2022\/10\/RC_800x750_page-0001.jpg\" alt=\"\" class=\"wp-image-35338\" width=\"295\" height=\"277\" srcset=\"https:\/\/jornalfatosenoticias.com.br\/wp-content\/uploads\/2022\/10\/RC_800x750_page-0001.jpg 400w, https:\/\/jornalfatosenoticias.com.br\/wp-content\/uploads\/2022\/10\/RC_800x750_page-0001-300x281.jpg 300w\" sizes=\"auto, (max-width: 295px) 100vw, 295px\" \/><\/a><\/figure><\/div>\n\n\n\n<p>Al\u00e9m disso, an\u00e1lises de is\u00f3topos de chumbo indicam que o cobre usado na barra n\u00e3o veio das minas pr\u00f3ximas de Ergani, mas de \u00e1reas distantes na regi\u00e3o do <strong><a href=\"https:\/\/olhardigital.com.br\/2025\/01\/07\/ciencia-e-espaco\/vazamento-de-oleo-russo-mata-golfinhos-ameacados-de-extincao-no-mar-negro\/\" target=\"_blank\" rel=\"noreferrer noopener\">Mar Negro<\/a>.<\/strong> Isso sugere que j\u00e1 existiam redes de troca de longa dist\u00e2ncia, o que indica um conhecimento significativo do cobre na \u00e9poca.<\/p>\n\n\n\n<div class=\"wp-block-image\"><figure class=\"aligncenter size-large is-resized\"><a href=\"https:\/\/www.facebook.com\/vetor.vix\/\"><img loading=\"lazy\" decoding=\"async\" src=\"https:\/\/jornalfatosenoticias.com.br\/wp-content\/uploads\/2023\/09\/vetorvix1024_1.jpg\" alt=\"\" class=\"wp-image-44868\" width=\"546\" height=\"145\" srcset=\"https:\/\/jornalfatosenoticias.com.br\/wp-content\/uploads\/2023\/09\/vetorvix1024_1.jpg 1024w, https:\/\/jornalfatosenoticias.com.br\/wp-content\/uploads\/2023\/09\/vetorvix1024_1-300x80.jpg 300w, https:\/\/jornalfatosenoticias.com.br\/wp-content\/uploads\/2023\/09\/vetorvix1024_1-768x205.jpg 768w\" sizes=\"auto, (max-width: 546px) 100vw, 546px\" \/><\/a><\/figure><\/div>\n\n\n\n<p>Com esses novos achados, a pesquisa prop\u00f5e que a metalurgia pode ter se desenvolvido de forma mais gradual do que se pensava, com v\u00e1rias comunidades explorando a metalurgia em momentos diferentes. Essas evid\u00eancias exigem uma revis\u00e3o das origens da metalurgia, mostrando que ela pode ter sido muito mais complexa e antiga do que se imaginava.<\/p>\n\n\n\n<div class=\"wp-block-image\"><figure class=\"aligncenter size-large is-resized\"><a href=\"https:\/\/www.instagram.com\/serra4x4cambioautomatico\/\"><img loading=\"lazy\" decoding=\"async\" src=\"https:\/\/jornalfatosenoticias.com.br\/wp-content\/uploads\/2024\/08\/Serra-4x4-1-886x1024.jpg\" alt=\"\" class=\"wp-image-53632\" width=\"285\" height=\"329\" srcset=\"https:\/\/jornalfatosenoticias.com.br\/wp-content\/uploads\/2024\/08\/Serra-4x4-1-886x1024.jpg 886w, https:\/\/jornalfatosenoticias.com.br\/wp-content\/uploads\/2024\/08\/Serra-4x4-1-260x300.jpg 260w, https:\/\/jornalfatosenoticias.com.br\/wp-content\/uploads\/2024\/08\/Serra-4x4-1-768x888.jpg 768w, https:\/\/jornalfatosenoticias.com.br\/wp-content\/uploads\/2024\/08\/Serra-4x4-1.jpg 1181w\" sizes=\"auto, (max-width: 285px) 100vw, 285px\" \/><\/a><\/figure><\/div>\n\n\n\n<p><strong>Fonte:<a href=\"https:\/\/olhardigital.com.br\/2025\/03\/18\/ciencia-e-espaco\/achados-arqueologicos-levam-mais-para-tras-a-origem-da-metalurgia-do-cobre\/\"> Olhar Digital<\/a><\/strong><\/p>\n","protected":false},"excerpt":{"rendered":"<p>Arque\u00f3logos descobrem que metalurgia em cobre teve in\u00edcio h\u00e1 nove mil anos atr\u00e1s, tr\u00eas mil antes do que se pensava Por Flavia Correia Um estudo a ser publicado na edi\u00e7\u00e3o de abril do Journal of Archaeological Science: Reports,\u00a0j\u00e1 dispon\u00edvel on-line, revela novas informa\u00e7\u00f5es sobre os prim\u00f3rdios da metalurgia. A pesquisa, liderada por cientistas da Universidade [&hellip;]<\/p>\n","protected":false},"author":2,"featured_media":57856,"comment_status":"open","ping_status":"open","sticky":false,"template":"","format":"standard","meta":{"footnotes":""},"categories":[9808],"tags":[1478,26387,1128,26386,26388],"class_list":["post-57855","post","type-post","status-publish","format-standard","has-post-thumbnail","hentry","category-paleo-arqueologia","tag-arqueologia","tag-cobre","tag-metal","tag-metalurgia","tag-processos-metalurgicos"],"yoast_head":"<!-- This site is optimized with the Yoast SEO plugin v26.5 - https:\/\/yoast.com\/wordpress\/plugins\/seo\/ -->\n<title>Achados arqueol\u00f3gicos levam mais para tr\u00e1s a origem da metalurgia do cobre - Jornal Fatos e Not\u00edcias<\/title>\n<meta name=\"robots\" content=\"index, follow, max-snippet:-1, max-image-preview:large, max-video-preview:-1\" \/>\n<link rel=\"canonical\" href=\"https:\/\/jornalfatosenoticias.com.br\/index.php\/2025\/03\/19\/achados-arqueologicos-levam-mais-para-tras-a-origem-da-metalurgia-do-cobre\/\" \/>\n<meta property=\"og:locale\" content=\"pt_BR\" \/>\n<meta property=\"og:type\" content=\"article\" \/>\n<meta property=\"og:title\" content=\"Achados arqueol\u00f3gicos levam mais para tr\u00e1s a origem da metalurgia do cobre - Jornal Fatos e Not\u00edcias\" \/>\n<meta property=\"og:description\" content=\"Arque\u00f3logos descobrem que metalurgia em cobre teve in\u00edcio h\u00e1 nove mil anos atr\u00e1s, tr\u00eas mil antes do que se pensava Por Flavia Correia Um estudo a ser publicado na edi\u00e7\u00e3o de abril do Journal of Archaeological Science: Reports,\u00a0j\u00e1 dispon\u00edvel on-line, revela novas informa\u00e7\u00f5es sobre os prim\u00f3rdios da metalurgia. A pesquisa, liderada por cientistas da Universidade [&hellip;]\" \/>\n<meta property=\"og:url\" content=\"https:\/\/jornalfatosenoticias.com.br\/index.php\/2025\/03\/19\/achados-arqueologicos-levam-mais-para-tras-a-origem-da-metalurgia-do-cobre\/\" \/>\n<meta property=\"og:site_name\" content=\"Jornal Fatos e Not\u00edcias\" \/>\n<meta property=\"article:published_time\" content=\"2025-03-19T12:05:12+00:00\" \/>\n<meta property=\"article:modified_time\" content=\"2025-03-19T12:05:13+00:00\" \/>\n<meta property=\"og:image\" content=\"https:\/\/jornalfatosenoticias.com.br\/wp-content\/uploads\/2025\/03\/origem-da-metalurgia-do-cobre_istock.jpg\" \/>\n\t<meta property=\"og:image:width\" content=\"612\" \/>\n\t<meta property=\"og:image:height\" content=\"407\" \/>\n\t<meta property=\"og:image:type\" content=\"image\/jpeg\" \/>\n<meta name=\"author\" content=\"Luzimara Fernandes\" \/>\n<meta name=\"twitter:card\" content=\"summary_large_image\" \/>\n<meta name=\"twitter:label1\" content=\"Escrito por\" \/>\n\t<meta name=\"twitter:data1\" content=\"Luzimara Fernandes\" \/>\n\t<meta name=\"twitter:label2\" content=\"Est. tempo de leitura\" \/>\n\t<meta name=\"twitter:data2\" content=\"2 minutos\" \/>\n<script type=\"application\/ld+json\" class=\"yoast-schema-graph\">{\"@context\":\"https:\/\/schema.org\",\"@graph\":[{\"@type\":\"Article\",\"@id\":\"https:\/\/jornalfatosenoticias.com.br\/index.php\/2025\/03\/19\/achados-arqueologicos-levam-mais-para-tras-a-origem-da-metalurgia-do-cobre\/#article\",\"isPartOf\":{\"@id\":\"https:\/\/jornalfatosenoticias.com.br\/index.php\/2025\/03\/19\/achados-arqueologicos-levam-mais-para-tras-a-origem-da-metalurgia-do-cobre\/\"},\"author\":{\"name\":\"Luzimara Fernandes\",\"@id\":\"https:\/\/jornalfatosenoticias.com.br\/#\/schema\/person\/d63837fa13ac8666eb9e74e0985d6f81\"},\"headline\":\"Achados arqueol\u00f3gicos levam mais para tr\u00e1s a origem da metalurgia do cobre\",\"datePublished\":\"2025-03-19T12:05:12+00:00\",\"dateModified\":\"2025-03-19T12:05:13+00:00\",\"mainEntityOfPage\":{\"@id\":\"https:\/\/jornalfatosenoticias.com.br\/index.php\/2025\/03\/19\/achados-arqueologicos-levam-mais-para-tras-a-origem-da-metalurgia-do-cobre\/\"},\"wordCount\":433,\"commentCount\":0,\"publisher\":{\"@id\":\"https:\/\/jornalfatosenoticias.com.br\/#organization\"},\"image\":{\"@id\":\"https:\/\/jornalfatosenoticias.com.br\/index.php\/2025\/03\/19\/achados-arqueologicos-levam-mais-para-tras-a-origem-da-metalurgia-do-cobre\/#primaryimage\"},\"thumbnailUrl\":\"https:\/\/jornalfatosenoticias.com.br\/wp-content\/uploads\/2025\/03\/origem-da-metalurgia-do-cobre_istock.jpg\",\"keywords\":[\"arqueologia\",\"cobre\",\"metal\",\"metalurgia\",\"processos metal\u00fargicos\"],\"articleSection\":[\"Paleo &amp; Arqueologia\"],\"inLanguage\":\"pt-BR\",\"potentialAction\":[{\"@type\":\"CommentAction\",\"name\":\"Comment\",\"target\":[\"https:\/\/jornalfatosenoticias.com.br\/index.php\/2025\/03\/19\/achados-arqueologicos-levam-mais-para-tras-a-origem-da-metalurgia-do-cobre\/#respond\"]}]},{\"@type\":\"WebPage\",\"@id\":\"https:\/\/jornalfatosenoticias.com.br\/index.php\/2025\/03\/19\/achados-arqueologicos-levam-mais-para-tras-a-origem-da-metalurgia-do-cobre\/\",\"url\":\"https:\/\/jornalfatosenoticias.com.br\/index.php\/2025\/03\/19\/achados-arqueologicos-levam-mais-para-tras-a-origem-da-metalurgia-do-cobre\/\",\"name\":\"Achados arqueol\u00f3gicos levam mais para tr\u00e1s a origem da metalurgia do cobre - Jornal Fatos e Not\u00edcias\",\"isPartOf\":{\"@id\":\"https:\/\/jornalfatosenoticias.com.br\/#website\"},\"primaryImageOfPage\":{\"@id\":\"https:\/\/jornalfatosenoticias.com.br\/index.php\/2025\/03\/19\/achados-arqueologicos-levam-mais-para-tras-a-origem-da-metalurgia-do-cobre\/#primaryimage\"},\"image\":{\"@id\":\"https:\/\/jornalfatosenoticias.com.br\/index.php\/2025\/03\/19\/achados-arqueologicos-levam-mais-para-tras-a-origem-da-metalurgia-do-cobre\/#primaryimage\"},\"thumbnailUrl\":\"https:\/\/jornalfatosenoticias.com.br\/wp-content\/uploads\/2025\/03\/origem-da-metalurgia-do-cobre_istock.jpg\",\"datePublished\":\"2025-03-19T12:05:12+00:00\",\"dateModified\":\"2025-03-19T12:05:13+00:00\",\"breadcrumb\":{\"@id\":\"https:\/\/jornalfatosenoticias.com.br\/index.php\/2025\/03\/19\/achados-arqueologicos-levam-mais-para-tras-a-origem-da-metalurgia-do-cobre\/#breadcrumb\"},\"inLanguage\":\"pt-BR\",\"potentialAction\":[{\"@type\":\"ReadAction\",\"target\":[\"https:\/\/jornalfatosenoticias.com.br\/index.php\/2025\/03\/19\/achados-arqueologicos-levam-mais-para-tras-a-origem-da-metalurgia-do-cobre\/\"]}]},{\"@type\":\"ImageObject\",\"inLanguage\":\"pt-BR\",\"@id\":\"https:\/\/jornalfatosenoticias.com.br\/index.php\/2025\/03\/19\/achados-arqueologicos-levam-mais-para-tras-a-origem-da-metalurgia-do-cobre\/#primaryimage\",\"url\":\"https:\/\/jornalfatosenoticias.com.br\/wp-content\/uploads\/2025\/03\/origem-da-metalurgia-do-cobre_istock.jpg\",\"contentUrl\":\"https:\/\/jornalfatosenoticias.com.br\/wp-content\/uploads\/2025\/03\/origem-da-metalurgia-do-cobre_istock.jpg\",\"width\":612,\"height\":407,\"caption\":\"Pouring liquid molten copper metal for anodes into form on casting wheel in dark metal-processing workshop extreme close view\"},{\"@type\":\"BreadcrumbList\",\"@id\":\"https:\/\/jornalfatosenoticias.com.br\/index.php\/2025\/03\/19\/achados-arqueologicos-levam-mais-para-tras-a-origem-da-metalurgia-do-cobre\/#breadcrumb\",\"itemListElement\":[{\"@type\":\"ListItem\",\"position\":1,\"name\":\"In\u00edcio\",\"item\":\"https:\/\/jornalfatosenoticias.com.br\/\"},{\"@type\":\"ListItem\",\"position\":2,\"name\":\"Achados arqueol\u00f3gicos levam mais para tr\u00e1s a origem da metalurgia do cobre\"}]},{\"@type\":\"WebSite\",\"@id\":\"https:\/\/jornalfatosenoticias.com.br\/#website\",\"url\":\"https:\/\/jornalfatosenoticias.com.br\/\",\"name\":\"Jornal Fatos e Not\u00edcias\",\"description\":\"Not\u00edcias em geral\",\"publisher\":{\"@id\":\"https:\/\/jornalfatosenoticias.com.br\/#organization\"},\"potentialAction\":[{\"@type\":\"SearchAction\",\"target\":{\"@type\":\"EntryPoint\",\"urlTemplate\":\"https:\/\/jornalfatosenoticias.com.br\/?s={search_term_string}\"},\"query-input\":{\"@type\":\"PropertyValueSpecification\",\"valueRequired\":true,\"valueName\":\"search_term_string\"}}],\"inLanguage\":\"pt-BR\"},{\"@type\":\"Organization\",\"@id\":\"https:\/\/jornalfatosenoticias.com.br\/#organization\",\"name\":\"Jornal Fatos e Not\u00edcias\",\"url\":\"https:\/\/jornalfatosenoticias.com.br\/\",\"logo\":{\"@type\":\"ImageObject\",\"inLanguage\":\"pt-BR\",\"@id\":\"https:\/\/jornalfatosenoticias.com.br\/#\/schema\/logo\/image\/\",\"url\":\"https:\/\/jornalfatosenoticias.com.br\/wp-content\/uploads\/2020\/02\/logo120.png\",\"contentUrl\":\"https:\/\/jornalfatosenoticias.com.br\/wp-content\/uploads\/2020\/02\/logo120.png\",\"width\":1227,\"height\":120,\"caption\":\"Jornal Fatos e Not\u00edcias\"},\"image\":{\"@id\":\"https:\/\/jornalfatosenoticias.com.br\/#\/schema\/logo\/image\/\"}},{\"@type\":\"Person\",\"@id\":\"https:\/\/jornalfatosenoticias.com.br\/#\/schema\/person\/d63837fa13ac8666eb9e74e0985d6f81\",\"name\":\"Luzimara Fernandes\",\"image\":{\"@type\":\"ImageObject\",\"inLanguage\":\"pt-BR\",\"@id\":\"https:\/\/jornalfatosenoticias.com.br\/#\/schema\/person\/image\/\",\"url\":\"https:\/\/jornalfatosenoticias.com.br\/wp-content\/uploads\/2025\/05\/EU_portal.jpg\",\"contentUrl\":\"https:\/\/jornalfatosenoticias.com.br\/wp-content\/uploads\/2025\/05\/EU_portal.jpg\",\"caption\":\"Luzimara Fernandes\"},\"description\":\"Jornalista MTB 2358-ES\",\"sameAs\":[\"https:\/\/jornalfatosenoticias.com.br\"],\"url\":\"https:\/\/jornalfatosenoticias.com.br\/index.php\/author\/luzimara\/\"}]}<\/script>\n<!-- \/ Yoast SEO plugin. -->","yoast_head_json":{"title":"Achados arqueol\u00f3gicos levam mais para tr\u00e1s a origem da metalurgia do cobre - Jornal Fatos e Not\u00edcias","robots":{"index":"index","follow":"follow","max-snippet":"max-snippet:-1","max-image-preview":"max-image-preview:large","max-video-preview":"max-video-preview:-1"},"canonical":"https:\/\/jornalfatosenoticias.com.br\/index.php\/2025\/03\/19\/achados-arqueologicos-levam-mais-para-tras-a-origem-da-metalurgia-do-cobre\/","og_locale":"pt_BR","og_type":"article","og_title":"Achados arqueol\u00f3gicos levam mais para tr\u00e1s a origem da metalurgia do cobre - Jornal Fatos e Not\u00edcias","og_description":"Arque\u00f3logos descobrem que metalurgia em cobre teve in\u00edcio h\u00e1 nove mil anos atr\u00e1s, tr\u00eas mil antes do que se pensava Por Flavia Correia Um estudo a ser publicado na edi\u00e7\u00e3o de abril do Journal of Archaeological Science: Reports,\u00a0j\u00e1 dispon\u00edvel on-line, revela novas informa\u00e7\u00f5es sobre os prim\u00f3rdios da metalurgia. A pesquisa, liderada por cientistas da Universidade [&hellip;]","og_url":"https:\/\/jornalfatosenoticias.com.br\/index.php\/2025\/03\/19\/achados-arqueologicos-levam-mais-para-tras-a-origem-da-metalurgia-do-cobre\/","og_site_name":"Jornal Fatos e Not\u00edcias","article_published_time":"2025-03-19T12:05:12+00:00","article_modified_time":"2025-03-19T12:05:13+00:00","og_image":[{"width":612,"height":407,"url":"https:\/\/jornalfatosenoticias.com.br\/wp-content\/uploads\/2025\/03\/origem-da-metalurgia-do-cobre_istock.jpg","type":"image\/jpeg"}],"author":"Luzimara Fernandes","twitter_card":"summary_large_image","twitter_misc":{"Escrito por":"Luzimara Fernandes","Est. tempo de leitura":"2 minutos"},"schema":{"@context":"https:\/\/schema.org","@graph":[{"@type":"Article","@id":"https:\/\/jornalfatosenoticias.com.br\/index.php\/2025\/03\/19\/achados-arqueologicos-levam-mais-para-tras-a-origem-da-metalurgia-do-cobre\/#article","isPartOf":{"@id":"https:\/\/jornalfatosenoticias.com.br\/index.php\/2025\/03\/19\/achados-arqueologicos-levam-mais-para-tras-a-origem-da-metalurgia-do-cobre\/"},"author":{"name":"Luzimara Fernandes","@id":"https:\/\/jornalfatosenoticias.com.br\/#\/schema\/person\/d63837fa13ac8666eb9e74e0985d6f81"},"headline":"Achados arqueol\u00f3gicos levam mais para tr\u00e1s a origem da metalurgia do cobre","datePublished":"2025-03-19T12:05:12+00:00","dateModified":"2025-03-19T12:05:13+00:00","mainEntityOfPage":{"@id":"https:\/\/jornalfatosenoticias.com.br\/index.php\/2025\/03\/19\/achados-arqueologicos-levam-mais-para-tras-a-origem-da-metalurgia-do-cobre\/"},"wordCount":433,"commentCount":0,"publisher":{"@id":"https:\/\/jornalfatosenoticias.com.br\/#organization"},"image":{"@id":"https:\/\/jornalfatosenoticias.com.br\/index.php\/2025\/03\/19\/achados-arqueologicos-levam-mais-para-tras-a-origem-da-metalurgia-do-cobre\/#primaryimage"},"thumbnailUrl":"https:\/\/jornalfatosenoticias.com.br\/wp-content\/uploads\/2025\/03\/origem-da-metalurgia-do-cobre_istock.jpg","keywords":["arqueologia","cobre","metal","metalurgia","processos metal\u00fargicos"],"articleSection":["Paleo &amp; Arqueologia"],"inLanguage":"pt-BR","potentialAction":[{"@type":"CommentAction","name":"Comment","target":["https:\/\/jornalfatosenoticias.com.br\/index.php\/2025\/03\/19\/achados-arqueologicos-levam-mais-para-tras-a-origem-da-metalurgia-do-cobre\/#respond"]}]},{"@type":"WebPage","@id":"https:\/\/jornalfatosenoticias.com.br\/index.php\/2025\/03\/19\/achados-arqueologicos-levam-mais-para-tras-a-origem-da-metalurgia-do-cobre\/","url":"https:\/\/jornalfatosenoticias.com.br\/index.php\/2025\/03\/19\/achados-arqueologicos-levam-mais-para-tras-a-origem-da-metalurgia-do-cobre\/","name":"Achados arqueol\u00f3gicos levam mais para tr\u00e1s a origem da metalurgia do cobre - Jornal Fatos e Not\u00edcias","isPartOf":{"@id":"https:\/\/jornalfatosenoticias.com.br\/#website"},"primaryImageOfPage":{"@id":"https:\/\/jornalfatosenoticias.com.br\/index.php\/2025\/03\/19\/achados-arqueologicos-levam-mais-para-tras-a-origem-da-metalurgia-do-cobre\/#primaryimage"},"image":{"@id":"https:\/\/jornalfatosenoticias.com.br\/index.php\/2025\/03\/19\/achados-arqueologicos-levam-mais-para-tras-a-origem-da-metalurgia-do-cobre\/#primaryimage"},"thumbnailUrl":"https:\/\/jornalfatosenoticias.com.br\/wp-content\/uploads\/2025\/03\/origem-da-metalurgia-do-cobre_istock.jpg","datePublished":"2025-03-19T12:05:12+00:00","dateModified":"2025-03-19T12:05:13+00:00","breadcrumb":{"@id":"https:\/\/jornalfatosenoticias.com.br\/index.php\/2025\/03\/19\/achados-arqueologicos-levam-mais-para-tras-a-origem-da-metalurgia-do-cobre\/#breadcrumb"},"inLanguage":"pt-BR","potentialAction":[{"@type":"ReadAction","target":["https:\/\/jornalfatosenoticias.com.br\/index.php\/2025\/03\/19\/achados-arqueologicos-levam-mais-para-tras-a-origem-da-metalurgia-do-cobre\/"]}]},{"@type":"ImageObject","inLanguage":"pt-BR","@id":"https:\/\/jornalfatosenoticias.com.br\/index.php\/2025\/03\/19\/achados-arqueologicos-levam-mais-para-tras-a-origem-da-metalurgia-do-cobre\/#primaryimage","url":"https:\/\/jornalfatosenoticias.com.br\/wp-content\/uploads\/2025\/03\/origem-da-metalurgia-do-cobre_istock.jpg","contentUrl":"https:\/\/jornalfatosenoticias.com.br\/wp-content\/uploads\/2025\/03\/origem-da-metalurgia-do-cobre_istock.jpg","width":612,"height":407,"caption":"Pouring liquid molten copper metal for anodes into form on casting wheel in dark metal-processing workshop extreme close view"},{"@type":"BreadcrumbList","@id":"https:\/\/jornalfatosenoticias.com.br\/index.php\/2025\/03\/19\/achados-arqueologicos-levam-mais-para-tras-a-origem-da-metalurgia-do-cobre\/#breadcrumb","itemListElement":[{"@type":"ListItem","position":1,"name":"In\u00edcio","item":"https:\/\/jornalfatosenoticias.com.br\/"},{"@type":"ListItem","position":2,"name":"Achados arqueol\u00f3gicos levam mais para tr\u00e1s a origem da metalurgia do cobre"}]},{"@type":"WebSite","@id":"https:\/\/jornalfatosenoticias.com.br\/#website","url":"https:\/\/jornalfatosenoticias.com.br\/","name":"Jornal Fatos e Not\u00edcias","description":"Not\u00edcias em geral","publisher":{"@id":"https:\/\/jornalfatosenoticias.com.br\/#organization"},"potentialAction":[{"@type":"SearchAction","target":{"@type":"EntryPoint","urlTemplate":"https:\/\/jornalfatosenoticias.com.br\/?s={search_term_string}"},"query-input":{"@type":"PropertyValueSpecification","valueRequired":true,"valueName":"search_term_string"}}],"inLanguage":"pt-BR"},{"@type":"Organization","@id":"https:\/\/jornalfatosenoticias.com.br\/#organization","name":"Jornal Fatos e Not\u00edcias","url":"https:\/\/jornalfatosenoticias.com.br\/","logo":{"@type":"ImageObject","inLanguage":"pt-BR","@id":"https:\/\/jornalfatosenoticias.com.br\/#\/schema\/logo\/image\/","url":"https:\/\/jornalfatosenoticias.com.br\/wp-content\/uploads\/2020\/02\/logo120.png","contentUrl":"https:\/\/jornalfatosenoticias.com.br\/wp-content\/uploads\/2020\/02\/logo120.png","width":1227,"height":120,"caption":"Jornal Fatos e Not\u00edcias"},"image":{"@id":"https:\/\/jornalfatosenoticias.com.br\/#\/schema\/logo\/image\/"}},{"@type":"Person","@id":"https:\/\/jornalfatosenoticias.com.br\/#\/schema\/person\/d63837fa13ac8666eb9e74e0985d6f81","name":"Luzimara Fernandes","image":{"@type":"ImageObject","inLanguage":"pt-BR","@id":"https:\/\/jornalfatosenoticias.com.br\/#\/schema\/person\/image\/","url":"https:\/\/jornalfatosenoticias.com.br\/wp-content\/uploads\/2025\/05\/EU_portal.jpg","contentUrl":"https:\/\/jornalfatosenoticias.com.br\/wp-content\/uploads\/2025\/05\/EU_portal.jpg","caption":"Luzimara Fernandes"},"description":"Jornalista MTB 2358-ES","sameAs":["https:\/\/jornalfatosenoticias.com.br"],"url":"https:\/\/jornalfatosenoticias.com.br\/index.php\/author\/luzimara\/"}]}},"cc_featured_image_caption":{"caption_text":"(Foto: iStock) ","source_text":"","source_url":""},"jetpack_featured_media_url":"https:\/\/jornalfatosenoticias.com.br\/wp-content\/uploads\/2025\/03\/origem-da-metalurgia-do-cobre_istock.jpg","_links":{"self":[{"href":"https:\/\/jornalfatosenoticias.com.br\/index.php\/wp-json\/wp\/v2\/posts\/57855","targetHints":{"allow":["GET"]}}],"collection":[{"href":"https:\/\/jornalfatosenoticias.com.br\/index.php\/wp-json\/wp\/v2\/posts"}],"about":[{"href":"https:\/\/jornalfatosenoticias.com.br\/index.php\/wp-json\/wp\/v2\/types\/post"}],"author":[{"embeddable":true,"href":"https:\/\/jornalfatosenoticias.com.br\/index.php\/wp-json\/wp\/v2\/users\/2"}],"replies":[{"embeddable":true,"href":"https:\/\/jornalfatosenoticias.com.br\/index.php\/wp-json\/wp\/v2\/comments?post=57855"}],"version-history":[{"count":0,"href":"https:\/\/jornalfatosenoticias.com.br\/index.php\/wp-json\/wp\/v2\/posts\/57855\/revisions"}],"wp:featuredmedia":[{"embeddable":true,"href":"https:\/\/jornalfatosenoticias.com.br\/index.php\/wp-json\/wp\/v2\/media\/57856"}],"wp:attachment":[{"href":"https:\/\/jornalfatosenoticias.com.br\/index.php\/wp-json\/wp\/v2\/media?parent=57855"}],"wp:term":[{"taxonomy":"category","embeddable":true,"href":"https:\/\/jornalfatosenoticias.com.br\/index.php\/wp-json\/wp\/v2\/categories?post=57855"},{"taxonomy":"post_tag","embeddable":true,"href":"https:\/\/jornalfatosenoticias.com.br\/index.php\/wp-json\/wp\/v2\/tags?post=57855"}],"curies":[{"name":"wp","href":"https:\/\/api.w.org\/{rel}","templated":true}]}}