{"id":57858,"date":"2025-03-19T09:15:22","date_gmt":"2025-03-19T12:15:22","guid":{"rendered":"https:\/\/jornalfatosenoticias.com.br\/?p=57858"},"modified":"2025-03-19T09:15:24","modified_gmt":"2025-03-19T12:15:24","slug":"governo-do-estado-lanca-1-a-olimpiada-capixaba-de-matematica","status":"publish","type":"post","link":"https:\/\/jornalfatosenoticias.com.br\/index.php\/2025\/03\/19\/governo-do-estado-lanca-1-a-olimpiada-capixaba-de-matematica\/","title":{"rendered":"Governo do Estado lan\u00e7a 1.\u00aa Olimp\u00edada Capixaba de Matem\u00e1tica"},"content":{"rendered":"\n<div class=\"wp-block-image\"><figure class=\"aligncenter size-large\"><a href=\"https:\/\/panper.com.br\/\"><img loading=\"lazy\" decoding=\"async\" width=\"1024\" height=\"111\" src=\"https:\/\/jornalfatosenoticias.com.br\/wp-content\/uploads\/2020\/02\/WhatsApp-Image-2022-09-23-at-12.09.18-1024x111.jpeg\" alt=\"\" class=\"wp-image-34527\" srcset=\"https:\/\/jornalfatosenoticias.com.br\/wp-content\/uploads\/2020\/02\/WhatsApp-Image-2022-09-23-at-12.09.18-1024x111.jpeg 1024w, https:\/\/jornalfatosenoticias.com.br\/wp-content\/uploads\/2020\/02\/WhatsApp-Image-2022-09-23-at-12.09.18-300x32.jpeg 300w, https:\/\/jornalfatosenoticias.com.br\/wp-content\/uploads\/2020\/02\/WhatsApp-Image-2022-09-23-at-12.09.18-768x83.jpeg 768w, https:\/\/jornalfatosenoticias.com.br\/wp-content\/uploads\/2020\/02\/WhatsApp-Image-2022-09-23-at-12.09.18.jpeg 1121w\" sizes=\"auto, (max-width: 1024px) 100vw, 1024px\" \/><\/a><\/figure><\/div>\n\n\n\n<p>Com o objetivo de fortalecer o ensino da Matem\u00e1tica e despertar o interesse dos estudantes pela disciplina, o governo do Estado, por meio da Secretaria da Educa\u00e7\u00e3o (Sedu), apresenta a 1.\u00aa Olimp\u00edada Capixaba de Matem\u00e1tica (OCMAT). Alinhada ao Mapa Estrat\u00e9gico 2023\/2026, a competi\u00e7\u00e3o busca, al\u00e9m de estimular a aprendizagem e promover a equidade na educa\u00e7\u00e3o, proporcionar um ambiente de aprendizado mais envolvente e inclusivo.<br>O lan\u00e7amento da OCMAT ocorre ap\u00f3s a divulga\u00e7\u00e3o dos resultados do Programa de Avalia\u00e7\u00e3o da Educa\u00e7\u00e3o B\u00e1sica do Esp\u00edrito Santo (Paebes). Os dados de 2024 do ensino m\u00e9dio mostram um avan\u00e7o significativo, com um aumento de oito pontos na profici\u00eancia m\u00e9dia em matem\u00e1tica, refletindo os esfor\u00e7os para aprimorar o ensino e a aprendizagem na rede estadual. No entanto, o desafio ainda \u00e9 grande: 49% dos estudantes da 3.\u00aa s\u00e9rie do ensino m\u00e9dio apresentaram desempenho abaixo do n\u00edvel b\u00e1sico, enquanto apenas 6% atingiram o n\u00edvel avan\u00e7ado.<\/p>\n\n\n\n<div class=\"wp-block-image\"><figure class=\"aligncenter size-large\"><a href=\"https:\/\/www.cesconetto.com.br\/\"><img loading=\"lazy\" decoding=\"async\" width=\"300\" height=\"250\" src=\"https:\/\/jornalfatosenoticias.com.br\/wp-content\/uploads\/2022\/02\/Banner-2.png\" alt=\"\" class=\"wp-image-27877\"\/><\/a><\/figure><\/div>\n\n\n\n<p>Deste modo, a competi\u00e7\u00e3o surge como uma estrat\u00e9gia para reverter esse cen\u00e1rio, estimulando o racioc\u00ednio l\u00f3gico, o pensamento cr\u00edtico e a capacidade de resolu\u00e7\u00e3o de problemas. Al\u00e9m disso, a olimp\u00edada incentivar\u00e1 a participa\u00e7\u00e3o em outros desafios cient\u00edficos e tecnol\u00f3gicos e poder\u00e1 contribuir para a melhoria do desempenho dos estudantes em exames de larga escala, como o Exame Nacional do Ensino M\u00e9dio (Enem) e o Sistema de Avalia\u00e7\u00e3o da Educa\u00e7\u00e3o B\u00e1sica (Saeb).<\/p>\n\n\n\n<div class=\"wp-block-image\"><figure class=\"aligncenter size-large is-resized\"><a href=\"https:\/\/www.legisjuris.com.br\/\"><img loading=\"lazy\" decoding=\"async\" src=\"https:\/\/jornalfatosenoticias.com.br\/wp-content\/uploads\/2024\/09\/Legis-Juris-Consultoria_logo.jpg\" alt=\"\" class=\"wp-image-53915\" width=\"542\" height=\"227\" srcset=\"https:\/\/jornalfatosenoticias.com.br\/wp-content\/uploads\/2024\/09\/Legis-Juris-Consultoria_logo.jpg 969w, https:\/\/jornalfatosenoticias.com.br\/wp-content\/uploads\/2024\/09\/Legis-Juris-Consultoria_logo-300x126.jpg 300w, https:\/\/jornalfatosenoticias.com.br\/wp-content\/uploads\/2024\/09\/Legis-Juris-Consultoria_logo-768x322.jpg 768w\" sizes=\"auto, (max-width: 542px) 100vw, 542px\" \/><\/a><\/figure><\/div>\n\n\n\n<p><strong><span class=\"has-inline-color has-black-color\">A Olimp\u00edada Capixaba de Matem\u00e1tica (OCMAT)<br><\/span><\/strong>As inscri\u00e7\u00f5es para a Olimp\u00edada Capixaba de Matem\u00e1tica (OCMAT) dever\u00e3o ser realizadas pelas unidades escolares at\u00e9 o dia 4 de abril, <a href=\"https:\/\/matematicanarede.sedu.es.gov.br\/ocmat\" target=\"_blank\" rel=\"noreferrer noopener\">por meio do portal Matem\u00e1tica na Rede (Clique AQUI e acesse)<\/a>, assim como estabelecido no\u00a0<a href=\"https:\/\/sedu.es.gov.br\/Media\/sedu\/pdf%20e%20Arquivos\/Regulamento%20OCMAT%202025%20pdf.pdf\" target=\"_blank\" rel=\"noreferrer noopener\">regulamento oficial (Confira o documento).<\/a><\/p>\n\n\n\n<div class=\"wp-block-image\"><figure class=\"aligncenter size-large\"><a href=\"http:\/\/www.ferrarimaquinas.com.br\/\"><img loading=\"lazy\" decoding=\"async\" width=\"300\" height=\"250\" src=\"https:\/\/jornalfatosenoticias.com.br\/wp-content\/uploads\/2022\/02\/FERRARI_MAQUINAS-E-FERRAMENTAS2.jpg\" alt=\"\" class=\"wp-image-27860\"\/><\/a><\/figure><\/div>\n\n\n\n<p>A competi\u00e7\u00e3o ser\u00e1 realizada em tr\u00eas fases: a primeira, com uma prova objetiva aplicada nas escolas participantes; a segunda, em centros regionais de aplica\u00e7\u00e3o; e a terceira, composta por uma prova discursiva. Os estudantes ser\u00e3o divididos em quatro n\u00edveis, abrangendo desde o 6.\u00ba ano do ensino fundamental at\u00e9 a 3.\u00aa s\u00e9rie do ensino m\u00e9dio.<\/p>\n\n\n\n<div class=\"wp-block-image\"><figure class=\"aligncenter size-large is-resized\"><a href=\"https:\/\/www.instagram.com\/esteiochurrascaria\/\"><img loading=\"lazy\" decoding=\"async\" src=\"https:\/\/jornalfatosenoticias.com.br\/wp-content\/uploads\/2022\/02\/LOGO-ESTEIO-1024x730.png\" alt=\"\" class=\"wp-image-27942\" width=\"337\" height=\"240\" srcset=\"https:\/\/jornalfatosenoticias.com.br\/wp-content\/uploads\/2022\/02\/LOGO-ESTEIO-1024x730.png 1024w, https:\/\/jornalfatosenoticias.com.br\/wp-content\/uploads\/2022\/02\/LOGO-ESTEIO-300x214.png 300w, https:\/\/jornalfatosenoticias.com.br\/wp-content\/uploads\/2022\/02\/LOGO-ESTEIO-768x548.png 768w, https:\/\/jornalfatosenoticias.com.br\/wp-content\/uploads\/2022\/02\/LOGO-ESTEIO.png 1123w\" sizes=\"auto, (max-width: 337px) 100vw, 337px\" \/><\/a><\/figure><\/div>\n\n\n\n<p>Com um forte compromisso com a equidade de g\u00eanero, a OCMAT garantir\u00e1 que 50% das vagas e medalhas sejam destinadas a meninas e 50% a meninos. No total, ser\u00e3o distribu\u00eddas 720 medalhas, sendo 160 de ouro, 240 de prata e 320 de bronze. Os medalhistas de bronze e prata ser\u00e3o premiados em cerim\u00f4nias regionais organizadas pelas Superintend\u00eancias Regionais de Educa\u00e7\u00e3o (SRE), enquanto os medalhistas de ouro receber\u00e3o a honraria em uma cerim\u00f4nia estadual promovida pela Sedu.<\/p>\n\n\n\n<div class=\"wp-block-image\"><figure class=\"aligncenter size-large is-resized\"><a href=\"https:\/\/hotelmarquetti.com.br\/\"><img loading=\"lazy\" decoding=\"async\" src=\"https:\/\/jornalfatosenoticias.com.br\/wp-content\/uploads\/2023\/03\/nova-logo-Marquetti.jpg\" alt=\"\" class=\"wp-image-40207\" width=\"324\" height=\"218\" srcset=\"https:\/\/jornalfatosenoticias.com.br\/wp-content\/uploads\/2023\/03\/nova-logo-Marquetti.jpg 643w, https:\/\/jornalfatosenoticias.com.br\/wp-content\/uploads\/2023\/03\/nova-logo-Marquetti-300x202.jpg 300w\" sizes=\"auto, (max-width: 324px) 100vw, 324px\" \/><\/a><\/figure><\/div>\n\n\n\n<p><strong>Fonte: <a href=\"https:\/\/sedu.es.gov.br\/Not%C3%ADcia\/governo-do-estado-lanca-1a-olimpiada-capixaba-de-matematica\">Sedu<\/a><\/strong><\/p>\n","protected":false},"excerpt":{"rendered":"<p>Com o objetivo de fortalecer o ensino da Matem\u00e1tica e despertar o interesse dos estudantes pela disciplina, o governo do Estado, por meio da Secretaria da Educa\u00e7\u00e3o (Sedu), apresenta a 1.\u00aa Olimp\u00edada Capixaba de Matem\u00e1tica (OCMAT). Alinhada ao Mapa Estrat\u00e9gico 2023\/2026, a competi\u00e7\u00e3o busca, al\u00e9m de estimular a aprendizagem e promover a equidade na educa\u00e7\u00e3o, [&hellip;]<\/p>\n","protected":false},"author":2,"featured_media":57859,"comment_status":"open","ping_status":"open","sticky":false,"template":"","format":"standard","meta":{"footnotes":""},"categories":[7],"tags":[921,26390,26389,23133,4189,6127],"class_list":["post-57858","post","type-post","status-publish","format-standard","has-post-thumbnail","hentry","category-educacao","tag-enem","tag-ocmat","tag-olimpiada-capixaba-de-matematica","tag-paebes","tag-saeb","tag-sedu-es"],"yoast_head":"<!-- This site is optimized with the Yoast SEO plugin v26.5 - https:\/\/yoast.com\/wordpress\/plugins\/seo\/ -->\n<title>Governo do Estado lan\u00e7a 1.\u00aa Olimp\u00edada Capixaba de Matem\u00e1tica - Jornal Fatos e Not\u00edcias<\/title>\n<meta name=\"robots\" content=\"index, follow, max-snippet:-1, max-image-preview:large, max-video-preview:-1\" \/>\n<link rel=\"canonical\" href=\"https:\/\/jornalfatosenoticias.com.br\/index.php\/2025\/03\/19\/governo-do-estado-lanca-1-a-olimpiada-capixaba-de-matematica\/\" \/>\n<meta property=\"og:locale\" content=\"pt_BR\" \/>\n<meta property=\"og:type\" content=\"article\" \/>\n<meta property=\"og:title\" content=\"Governo do Estado lan\u00e7a 1.\u00aa Olimp\u00edada Capixaba de Matem\u00e1tica - Jornal Fatos e Not\u00edcias\" \/>\n<meta property=\"og:description\" content=\"Com o objetivo de fortalecer o ensino da Matem\u00e1tica e despertar o interesse dos estudantes pela disciplina, o governo do Estado, por meio da Secretaria da Educa\u00e7\u00e3o (Sedu), apresenta a 1.\u00aa Olimp\u00edada Capixaba de Matem\u00e1tica (OCMAT). Alinhada ao Mapa Estrat\u00e9gico 2023\/2026, a competi\u00e7\u00e3o busca, al\u00e9m de estimular a aprendizagem e promover a equidade na educa\u00e7\u00e3o, [&hellip;]\" \/>\n<meta property=\"og:url\" content=\"https:\/\/jornalfatosenoticias.com.br\/index.php\/2025\/03\/19\/governo-do-estado-lanca-1-a-olimpiada-capixaba-de-matematica\/\" \/>\n<meta property=\"og:site_name\" content=\"Jornal Fatos e Not\u00edcias\" \/>\n<meta property=\"article:published_time\" content=\"2025-03-19T12:15:22+00:00\" \/>\n<meta property=\"article:modified_time\" content=\"2025-03-19T12:15:24+00:00\" \/>\n<meta property=\"og:image\" content=\"https:\/\/jornalfatosenoticias.com.br\/wp-content\/uploads\/2025\/03\/Olimpiada-Capixaba-de-Matematica.jpg\" \/>\n\t<meta property=\"og:image:width\" content=\"960\" \/>\n\t<meta property=\"og:image:height\" content=\"432\" \/>\n\t<meta property=\"og:image:type\" content=\"image\/jpeg\" \/>\n<meta name=\"author\" content=\"Luzimara Fernandes\" \/>\n<meta name=\"twitter:card\" content=\"summary_large_image\" \/>\n<meta name=\"twitter:label1\" content=\"Escrito por\" \/>\n\t<meta name=\"twitter:data1\" content=\"Luzimara Fernandes\" \/>\n\t<meta name=\"twitter:label2\" content=\"Est. tempo de leitura\" \/>\n\t<meta name=\"twitter:data2\" content=\"2 minutos\" \/>\n<script type=\"application\/ld+json\" class=\"yoast-schema-graph\">{\"@context\":\"https:\/\/schema.org\",\"@graph\":[{\"@type\":\"Article\",\"@id\":\"https:\/\/jornalfatosenoticias.com.br\/index.php\/2025\/03\/19\/governo-do-estado-lanca-1-a-olimpiada-capixaba-de-matematica\/#article\",\"isPartOf\":{\"@id\":\"https:\/\/jornalfatosenoticias.com.br\/index.php\/2025\/03\/19\/governo-do-estado-lanca-1-a-olimpiada-capixaba-de-matematica\/\"},\"author\":{\"name\":\"Luzimara Fernandes\",\"@id\":\"https:\/\/jornalfatosenoticias.com.br\/#\/schema\/person\/d63837fa13ac8666eb9e74e0985d6f81\"},\"headline\":\"Governo do Estado lan\u00e7a 1.\u00aa Olimp\u00edada Capixaba de Matem\u00e1tica\",\"datePublished\":\"2025-03-19T12:15:22+00:00\",\"dateModified\":\"2025-03-19T12:15:24+00:00\",\"mainEntityOfPage\":{\"@id\":\"https:\/\/jornalfatosenoticias.com.br\/index.php\/2025\/03\/19\/governo-do-estado-lanca-1-a-olimpiada-capixaba-de-matematica\/\"},\"wordCount\":460,\"commentCount\":0,\"publisher\":{\"@id\":\"https:\/\/jornalfatosenoticias.com.br\/#organization\"},\"image\":{\"@id\":\"https:\/\/jornalfatosenoticias.com.br\/index.php\/2025\/03\/19\/governo-do-estado-lanca-1-a-olimpiada-capixaba-de-matematica\/#primaryimage\"},\"thumbnailUrl\":\"https:\/\/jornalfatosenoticias.com.br\/wp-content\/uploads\/2025\/03\/Olimpiada-Capixaba-de-Matematica.jpg\",\"keywords\":[\"Enem\",\"OCMAT\",\"Olimp\u00edada Capixaba de Matem\u00e1tica\",\"Paebes\",\"Saeb\",\"Sedu-ES\"],\"articleSection\":[\"Educa\u00e7\u00e3o\"],\"inLanguage\":\"pt-BR\",\"potentialAction\":[{\"@type\":\"CommentAction\",\"name\":\"Comment\",\"target\":[\"https:\/\/jornalfatosenoticias.com.br\/index.php\/2025\/03\/19\/governo-do-estado-lanca-1-a-olimpiada-capixaba-de-matematica\/#respond\"]}]},{\"@type\":\"WebPage\",\"@id\":\"https:\/\/jornalfatosenoticias.com.br\/index.php\/2025\/03\/19\/governo-do-estado-lanca-1-a-olimpiada-capixaba-de-matematica\/\",\"url\":\"https:\/\/jornalfatosenoticias.com.br\/index.php\/2025\/03\/19\/governo-do-estado-lanca-1-a-olimpiada-capixaba-de-matematica\/\",\"name\":\"Governo do Estado lan\u00e7a 1.\u00aa Olimp\u00edada Capixaba de Matem\u00e1tica - Jornal Fatos e Not\u00edcias\",\"isPartOf\":{\"@id\":\"https:\/\/jornalfatosenoticias.com.br\/#website\"},\"primaryImageOfPage\":{\"@id\":\"https:\/\/jornalfatosenoticias.com.br\/index.php\/2025\/03\/19\/governo-do-estado-lanca-1-a-olimpiada-capixaba-de-matematica\/#primaryimage\"},\"image\":{\"@id\":\"https:\/\/jornalfatosenoticias.com.br\/index.php\/2025\/03\/19\/governo-do-estado-lanca-1-a-olimpiada-capixaba-de-matematica\/#primaryimage\"},\"thumbnailUrl\":\"https:\/\/jornalfatosenoticias.com.br\/wp-content\/uploads\/2025\/03\/Olimpiada-Capixaba-de-Matematica.jpg\",\"datePublished\":\"2025-03-19T12:15:22+00:00\",\"dateModified\":\"2025-03-19T12:15:24+00:00\",\"breadcrumb\":{\"@id\":\"https:\/\/jornalfatosenoticias.com.br\/index.php\/2025\/03\/19\/governo-do-estado-lanca-1-a-olimpiada-capixaba-de-matematica\/#breadcrumb\"},\"inLanguage\":\"pt-BR\",\"potentialAction\":[{\"@type\":\"ReadAction\",\"target\":[\"https:\/\/jornalfatosenoticias.com.br\/index.php\/2025\/03\/19\/governo-do-estado-lanca-1-a-olimpiada-capixaba-de-matematica\/\"]}]},{\"@type\":\"ImageObject\",\"inLanguage\":\"pt-BR\",\"@id\":\"https:\/\/jornalfatosenoticias.com.br\/index.php\/2025\/03\/19\/governo-do-estado-lanca-1-a-olimpiada-capixaba-de-matematica\/#primaryimage\",\"url\":\"https:\/\/jornalfatosenoticias.com.br\/wp-content\/uploads\/2025\/03\/Olimpiada-Capixaba-de-Matematica.jpg\",\"contentUrl\":\"https:\/\/jornalfatosenoticias.com.br\/wp-content\/uploads\/2025\/03\/Olimpiada-Capixaba-de-Matematica.jpg\",\"width\":960,\"height\":432},{\"@type\":\"BreadcrumbList\",\"@id\":\"https:\/\/jornalfatosenoticias.com.br\/index.php\/2025\/03\/19\/governo-do-estado-lanca-1-a-olimpiada-capixaba-de-matematica\/#breadcrumb\",\"itemListElement\":[{\"@type\":\"ListItem\",\"position\":1,\"name\":\"In\u00edcio\",\"item\":\"https:\/\/jornalfatosenoticias.com.br\/\"},{\"@type\":\"ListItem\",\"position\":2,\"name\":\"Governo do Estado lan\u00e7a 1.\u00aa Olimp\u00edada Capixaba de Matem\u00e1tica\"}]},{\"@type\":\"WebSite\",\"@id\":\"https:\/\/jornalfatosenoticias.com.br\/#website\",\"url\":\"https:\/\/jornalfatosenoticias.com.br\/\",\"name\":\"Jornal Fatos e Not\u00edcias\",\"description\":\"Not\u00edcias em geral\",\"publisher\":{\"@id\":\"https:\/\/jornalfatosenoticias.com.br\/#organization\"},\"potentialAction\":[{\"@type\":\"SearchAction\",\"target\":{\"@type\":\"EntryPoint\",\"urlTemplate\":\"https:\/\/jornalfatosenoticias.com.br\/?s={search_term_string}\"},\"query-input\":{\"@type\":\"PropertyValueSpecification\",\"valueRequired\":true,\"valueName\":\"search_term_string\"}}],\"inLanguage\":\"pt-BR\"},{\"@type\":\"Organization\",\"@id\":\"https:\/\/jornalfatosenoticias.com.br\/#organization\",\"name\":\"Jornal Fatos e Not\u00edcias\",\"url\":\"https:\/\/jornalfatosenoticias.com.br\/\",\"logo\":{\"@type\":\"ImageObject\",\"inLanguage\":\"pt-BR\",\"@id\":\"https:\/\/jornalfatosenoticias.com.br\/#\/schema\/logo\/image\/\",\"url\":\"https:\/\/jornalfatosenoticias.com.br\/wp-content\/uploads\/2020\/02\/logo120.png\",\"contentUrl\":\"https:\/\/jornalfatosenoticias.com.br\/wp-content\/uploads\/2020\/02\/logo120.png\",\"width\":1227,\"height\":120,\"caption\":\"Jornal Fatos e Not\u00edcias\"},\"image\":{\"@id\":\"https:\/\/jornalfatosenoticias.com.br\/#\/schema\/logo\/image\/\"}},{\"@type\":\"Person\",\"@id\":\"https:\/\/jornalfatosenoticias.com.br\/#\/schema\/person\/d63837fa13ac8666eb9e74e0985d6f81\",\"name\":\"Luzimara Fernandes\",\"image\":{\"@type\":\"ImageObject\",\"inLanguage\":\"pt-BR\",\"@id\":\"https:\/\/jornalfatosenoticias.com.br\/#\/schema\/person\/image\/\",\"url\":\"https:\/\/jornalfatosenoticias.com.br\/wp-content\/uploads\/2025\/05\/EU_portal.jpg\",\"contentUrl\":\"https:\/\/jornalfatosenoticias.com.br\/wp-content\/uploads\/2025\/05\/EU_portal.jpg\",\"caption\":\"Luzimara Fernandes\"},\"description\":\"Jornalista MTB 2358-ES\",\"sameAs\":[\"https:\/\/jornalfatosenoticias.com.br\"],\"url\":\"https:\/\/jornalfatosenoticias.com.br\/index.php\/author\/luzimara\/\"}]}<\/script>\n<!-- \/ Yoast SEO plugin. -->","yoast_head_json":{"title":"Governo do Estado lan\u00e7a 1.\u00aa Olimp\u00edada Capixaba de Matem\u00e1tica - Jornal Fatos e Not\u00edcias","robots":{"index":"index","follow":"follow","max-snippet":"max-snippet:-1","max-image-preview":"max-image-preview:large","max-video-preview":"max-video-preview:-1"},"canonical":"https:\/\/jornalfatosenoticias.com.br\/index.php\/2025\/03\/19\/governo-do-estado-lanca-1-a-olimpiada-capixaba-de-matematica\/","og_locale":"pt_BR","og_type":"article","og_title":"Governo do Estado lan\u00e7a 1.\u00aa Olimp\u00edada Capixaba de Matem\u00e1tica - Jornal Fatos e Not\u00edcias","og_description":"Com o objetivo de fortalecer o ensino da Matem\u00e1tica e despertar o interesse dos estudantes pela disciplina, o governo do Estado, por meio da Secretaria da Educa\u00e7\u00e3o (Sedu), apresenta a 1.\u00aa Olimp\u00edada Capixaba de Matem\u00e1tica (OCMAT). Alinhada ao Mapa Estrat\u00e9gico 2023\/2026, a competi\u00e7\u00e3o busca, al\u00e9m de estimular a aprendizagem e promover a equidade na educa\u00e7\u00e3o, [&hellip;]","og_url":"https:\/\/jornalfatosenoticias.com.br\/index.php\/2025\/03\/19\/governo-do-estado-lanca-1-a-olimpiada-capixaba-de-matematica\/","og_site_name":"Jornal Fatos e Not\u00edcias","article_published_time":"2025-03-19T12:15:22+00:00","article_modified_time":"2025-03-19T12:15:24+00:00","og_image":[{"width":960,"height":432,"url":"https:\/\/jornalfatosenoticias.com.br\/wp-content\/uploads\/2025\/03\/Olimpiada-Capixaba-de-Matematica.jpg","type":"image\/jpeg"}],"author":"Luzimara Fernandes","twitter_card":"summary_large_image","twitter_misc":{"Escrito por":"Luzimara Fernandes","Est. tempo de leitura":"2 minutos"},"schema":{"@context":"https:\/\/schema.org","@graph":[{"@type":"Article","@id":"https:\/\/jornalfatosenoticias.com.br\/index.php\/2025\/03\/19\/governo-do-estado-lanca-1-a-olimpiada-capixaba-de-matematica\/#article","isPartOf":{"@id":"https:\/\/jornalfatosenoticias.com.br\/index.php\/2025\/03\/19\/governo-do-estado-lanca-1-a-olimpiada-capixaba-de-matematica\/"},"author":{"name":"Luzimara Fernandes","@id":"https:\/\/jornalfatosenoticias.com.br\/#\/schema\/person\/d63837fa13ac8666eb9e74e0985d6f81"},"headline":"Governo do Estado lan\u00e7a 1.\u00aa Olimp\u00edada Capixaba de Matem\u00e1tica","datePublished":"2025-03-19T12:15:22+00:00","dateModified":"2025-03-19T12:15:24+00:00","mainEntityOfPage":{"@id":"https:\/\/jornalfatosenoticias.com.br\/index.php\/2025\/03\/19\/governo-do-estado-lanca-1-a-olimpiada-capixaba-de-matematica\/"},"wordCount":460,"commentCount":0,"publisher":{"@id":"https:\/\/jornalfatosenoticias.com.br\/#organization"},"image":{"@id":"https:\/\/jornalfatosenoticias.com.br\/index.php\/2025\/03\/19\/governo-do-estado-lanca-1-a-olimpiada-capixaba-de-matematica\/#primaryimage"},"thumbnailUrl":"https:\/\/jornalfatosenoticias.com.br\/wp-content\/uploads\/2025\/03\/Olimpiada-Capixaba-de-Matematica.jpg","keywords":["Enem","OCMAT","Olimp\u00edada Capixaba de Matem\u00e1tica","Paebes","Saeb","Sedu-ES"],"articleSection":["Educa\u00e7\u00e3o"],"inLanguage":"pt-BR","potentialAction":[{"@type":"CommentAction","name":"Comment","target":["https:\/\/jornalfatosenoticias.com.br\/index.php\/2025\/03\/19\/governo-do-estado-lanca-1-a-olimpiada-capixaba-de-matematica\/#respond"]}]},{"@type":"WebPage","@id":"https:\/\/jornalfatosenoticias.com.br\/index.php\/2025\/03\/19\/governo-do-estado-lanca-1-a-olimpiada-capixaba-de-matematica\/","url":"https:\/\/jornalfatosenoticias.com.br\/index.php\/2025\/03\/19\/governo-do-estado-lanca-1-a-olimpiada-capixaba-de-matematica\/","name":"Governo do Estado lan\u00e7a 1.\u00aa Olimp\u00edada Capixaba de Matem\u00e1tica - Jornal Fatos e Not\u00edcias","isPartOf":{"@id":"https:\/\/jornalfatosenoticias.com.br\/#website"},"primaryImageOfPage":{"@id":"https:\/\/jornalfatosenoticias.com.br\/index.php\/2025\/03\/19\/governo-do-estado-lanca-1-a-olimpiada-capixaba-de-matematica\/#primaryimage"},"image":{"@id":"https:\/\/jornalfatosenoticias.com.br\/index.php\/2025\/03\/19\/governo-do-estado-lanca-1-a-olimpiada-capixaba-de-matematica\/#primaryimage"},"thumbnailUrl":"https:\/\/jornalfatosenoticias.com.br\/wp-content\/uploads\/2025\/03\/Olimpiada-Capixaba-de-Matematica.jpg","datePublished":"2025-03-19T12:15:22+00:00","dateModified":"2025-03-19T12:15:24+00:00","breadcrumb":{"@id":"https:\/\/jornalfatosenoticias.com.br\/index.php\/2025\/03\/19\/governo-do-estado-lanca-1-a-olimpiada-capixaba-de-matematica\/#breadcrumb"},"inLanguage":"pt-BR","potentialAction":[{"@type":"ReadAction","target":["https:\/\/jornalfatosenoticias.com.br\/index.php\/2025\/03\/19\/governo-do-estado-lanca-1-a-olimpiada-capixaba-de-matematica\/"]}]},{"@type":"ImageObject","inLanguage":"pt-BR","@id":"https:\/\/jornalfatosenoticias.com.br\/index.php\/2025\/03\/19\/governo-do-estado-lanca-1-a-olimpiada-capixaba-de-matematica\/#primaryimage","url":"https:\/\/jornalfatosenoticias.com.br\/wp-content\/uploads\/2025\/03\/Olimpiada-Capixaba-de-Matematica.jpg","contentUrl":"https:\/\/jornalfatosenoticias.com.br\/wp-content\/uploads\/2025\/03\/Olimpiada-Capixaba-de-Matematica.jpg","width":960,"height":432},{"@type":"BreadcrumbList","@id":"https:\/\/jornalfatosenoticias.com.br\/index.php\/2025\/03\/19\/governo-do-estado-lanca-1-a-olimpiada-capixaba-de-matematica\/#breadcrumb","itemListElement":[{"@type":"ListItem","position":1,"name":"In\u00edcio","item":"https:\/\/jornalfatosenoticias.com.br\/"},{"@type":"ListItem","position":2,"name":"Governo do Estado lan\u00e7a 1.\u00aa Olimp\u00edada Capixaba de Matem\u00e1tica"}]},{"@type":"WebSite","@id":"https:\/\/jornalfatosenoticias.com.br\/#website","url":"https:\/\/jornalfatosenoticias.com.br\/","name":"Jornal Fatos e Not\u00edcias","description":"Not\u00edcias em geral","publisher":{"@id":"https:\/\/jornalfatosenoticias.com.br\/#organization"},"potentialAction":[{"@type":"SearchAction","target":{"@type":"EntryPoint","urlTemplate":"https:\/\/jornalfatosenoticias.com.br\/?s={search_term_string}"},"query-input":{"@type":"PropertyValueSpecification","valueRequired":true,"valueName":"search_term_string"}}],"inLanguage":"pt-BR"},{"@type":"Organization","@id":"https:\/\/jornalfatosenoticias.com.br\/#organization","name":"Jornal Fatos e Not\u00edcias","url":"https:\/\/jornalfatosenoticias.com.br\/","logo":{"@type":"ImageObject","inLanguage":"pt-BR","@id":"https:\/\/jornalfatosenoticias.com.br\/#\/schema\/logo\/image\/","url":"https:\/\/jornalfatosenoticias.com.br\/wp-content\/uploads\/2020\/02\/logo120.png","contentUrl":"https:\/\/jornalfatosenoticias.com.br\/wp-content\/uploads\/2020\/02\/logo120.png","width":1227,"height":120,"caption":"Jornal Fatos e Not\u00edcias"},"image":{"@id":"https:\/\/jornalfatosenoticias.com.br\/#\/schema\/logo\/image\/"}},{"@type":"Person","@id":"https:\/\/jornalfatosenoticias.com.br\/#\/schema\/person\/d63837fa13ac8666eb9e74e0985d6f81","name":"Luzimara Fernandes","image":{"@type":"ImageObject","inLanguage":"pt-BR","@id":"https:\/\/jornalfatosenoticias.com.br\/#\/schema\/person\/image\/","url":"https:\/\/jornalfatosenoticias.com.br\/wp-content\/uploads\/2025\/05\/EU_portal.jpg","contentUrl":"https:\/\/jornalfatosenoticias.com.br\/wp-content\/uploads\/2025\/05\/EU_portal.jpg","caption":"Luzimara Fernandes"},"description":"Jornalista MTB 2358-ES","sameAs":["https:\/\/jornalfatosenoticias.com.br"],"url":"https:\/\/jornalfatosenoticias.com.br\/index.php\/author\/luzimara\/"}]}},"cc_featured_image_caption":{"caption_text":"(Foto: Ascom Sedu-ES) ","source_text":"","source_url":""},"jetpack_featured_media_url":"https:\/\/jornalfatosenoticias.com.br\/wp-content\/uploads\/2025\/03\/Olimpiada-Capixaba-de-Matematica.jpg","_links":{"self":[{"href":"https:\/\/jornalfatosenoticias.com.br\/index.php\/wp-json\/wp\/v2\/posts\/57858","targetHints":{"allow":["GET"]}}],"collection":[{"href":"https:\/\/jornalfatosenoticias.com.br\/index.php\/wp-json\/wp\/v2\/posts"}],"about":[{"href":"https:\/\/jornalfatosenoticias.com.br\/index.php\/wp-json\/wp\/v2\/types\/post"}],"author":[{"embeddable":true,"href":"https:\/\/jornalfatosenoticias.com.br\/index.php\/wp-json\/wp\/v2\/users\/2"}],"replies":[{"embeddable":true,"href":"https:\/\/jornalfatosenoticias.com.br\/index.php\/wp-json\/wp\/v2\/comments?post=57858"}],"version-history":[{"count":0,"href":"https:\/\/jornalfatosenoticias.com.br\/index.php\/wp-json\/wp\/v2\/posts\/57858\/revisions"}],"wp:featuredmedia":[{"embeddable":true,"href":"https:\/\/jornalfatosenoticias.com.br\/index.php\/wp-json\/wp\/v2\/media\/57859"}],"wp:attachment":[{"href":"https:\/\/jornalfatosenoticias.com.br\/index.php\/wp-json\/wp\/v2\/media?parent=57858"}],"wp:term":[{"taxonomy":"category","embeddable":true,"href":"https:\/\/jornalfatosenoticias.com.br\/index.php\/wp-json\/wp\/v2\/categories?post=57858"},{"taxonomy":"post_tag","embeddable":true,"href":"https:\/\/jornalfatosenoticias.com.br\/index.php\/wp-json\/wp\/v2\/tags?post=57858"}],"curies":[{"name":"wp","href":"https:\/\/api.w.org\/{rel}","templated":true}]}}