{"id":57879,"date":"2025-03-19T10:41:51","date_gmt":"2025-03-19T13:41:51","guid":{"rendered":"https:\/\/jornalfatosenoticias.com.br\/?p=57879"},"modified":"2025-03-19T10:41:52","modified_gmt":"2025-03-19T13:41:52","slug":"juiz-da-causa-moraes-e-indicado-por-acusado-para-depor-como-vitima","status":"publish","type":"post","link":"https:\/\/jornalfatosenoticias.com.br\/index.php\/2025\/03\/19\/juiz-da-causa-moraes-e-indicado-por-acusado-para-depor-como-vitima\/","title":{"rendered":"Juiz da causa, Moraes \u00e9 indicado por acusado para depor como v\u00edtima"},"content":{"rendered":"\n<p><em><span class=\"has-inline-color has-black-color\">V\u00edtima, investigador, juiz e o pr\u00f3prio Estado. Moraes pode alegar que a v\u00edtima do suposto plano de homic\u00eddio n\u00e3o era ele, e sim o Estado Democr\u00e1tico de Direito<\/span><\/em><\/p>\n\n\n\n<p><span class=\"has-inline-color has-black-color\">Por <strong>Hugo Freitas<\/strong><\/span><\/p>\n\n\n\n<div class=\"wp-block-image\"><figure class=\"aligncenter size-large\"><a href=\"https:\/\/mizu.com.br\/\"><img loading=\"lazy\" decoding=\"async\" width=\"729\" height=\"90\" src=\"https:\/\/jornalfatosenoticias.com.br\/wp-content\/uploads\/2020\/02\/Logo_Mizu.png\" alt=\"\" class=\"wp-image-1441\" srcset=\"https:\/\/jornalfatosenoticias.com.br\/wp-content\/uploads\/2020\/02\/Logo_Mizu.png 729w, https:\/\/jornalfatosenoticias.com.br\/wp-content\/uploads\/2020\/02\/Logo_Mizu-300x37.png 300w\" sizes=\"auto, (max-width: 729px) 100vw, 729px\" \/><\/a><\/figure><\/div>\n\n\n\n<p>O ministro Alexandre de Moraes, do Supremo Tribunal Federal (STF), relator da den\u00fancia sobre suposto plano de golpe de Estado que envolveria seu pr\u00f3prio assassinato, foi indicado por um dos acusados para depor no processo enquanto v\u00edtima. O pedido foi feito pela defesa do tenente-coronel Rodrigo Bezerra de Azevedo, um dos \u201ckids pretos\u201d acusados de participar da opera\u00e7\u00e3o que teria mirado a resid\u00eancia funcional do ministro.<br>O regimento interno do STF atribuiu ao relator do processo \u2014 no caso, o pr\u00f3prio Moraes \u2014 a fun\u00e7\u00e3o de dirigir perguntas \u00e0s testemunhas, inclusive \u00e0 v\u00edtima. Em alguns casos, o regimento permite que o relator convoque outro juiz para exercer a fun\u00e7\u00e3o. No entanto, nos procedimentos de investiga\u00e7\u00e3o do suposto plano de seu assassinato, Moraes tem chamado a aten\u00e7\u00e3o por conduzir interrogat\u00f3rios pessoalmente, como, de forma controversa, na dela\u00e7\u00e3o do tenente-coronel Mauro Cid, ex-ajudante de ordens do ex-presidente Jair Bolsonaro (PL).<\/p>\n\n\n\n<div class=\"wp-block-image\"><figure class=\"aligncenter size-large\"><a href=\"http:\/\/www.ferrarimaquinas.com.br\/\"><img loading=\"lazy\" decoding=\"async\" width=\"300\" height=\"250\" src=\"https:\/\/jornalfatosenoticias.com.br\/wp-content\/uploads\/2022\/02\/FERRARI_MAQUINAS-E-FERRAMENTAS2.jpg\" alt=\"\" class=\"wp-image-27860\"\/><\/a><\/figure><\/div>\n\n\n\n<p><strong><span class=\"has-inline-color has-black-color\">Lei exige depoimento da v\u00edtima, argumenta defesa<br><\/span><\/strong>Ao indicarem Moraes como testemunha, os advogados de Azevedo garantiram que n\u00e3o se tratava de provoca\u00e7\u00e3o ao ministro: \u201ctal provid\u00eancia \u00e9 indispens\u00e1vel para a observ\u00e2ncia do disposto no artigo 400 do C\u00f3digo de Processo Penal\u201d. A refer\u00eancia era a um artigo que estabelece que a v\u00edtima do crime ser\u00e1 ouvida na audi\u00eancia de instru\u00e7\u00e3o.<\/p>\n\n\n\n<div class=\"wp-block-image\"><figure class=\"aligncenter size-large is-resized\"><a href=\"https:\/\/www.legisjuris.com.br\/\"><img loading=\"lazy\" decoding=\"async\" src=\"https:\/\/jornalfatosenoticias.com.br\/wp-content\/uploads\/2024\/09\/Legis-Juris-Consultoria_logo.jpg\" alt=\"\" class=\"wp-image-53915\" width=\"499\" height=\"209\" srcset=\"https:\/\/jornalfatosenoticias.com.br\/wp-content\/uploads\/2024\/09\/Legis-Juris-Consultoria_logo.jpg 969w, https:\/\/jornalfatosenoticias.com.br\/wp-content\/uploads\/2024\/09\/Legis-Juris-Consultoria_logo-300x126.jpg 300w, https:\/\/jornalfatosenoticias.com.br\/wp-content\/uploads\/2024\/09\/Legis-Juris-Consultoria_logo-768x322.jpg 768w\" sizes=\"auto, (max-width: 499px) 100vw, 499px\" \/><\/a><\/figure><\/div>\n\n\n\n<p>\u00c0 Gazeta do Povo, o advogado do tenente-coronel, Jeffrey Chiquini, justificou: \u201cn\u00f3s apenas corrigimos uma defici\u00eancia processual que estava havendo\u201d. Segundo o defensor, o ministro n\u00e3o tinha dado depoimento at\u00e9 agora, embora fosse v\u00edtima citada 43 vezes no texto da den\u00fancia que resultou das investiga\u00e7\u00f5es.<\/p>\n\n\n\n<div class=\"wp-block-image\"><figure class=\"aligncenter size-large is-resized\"><a href=\"https:\/\/www.controlsystems.com.br\/\"><img loading=\"lazy\" decoding=\"async\" src=\"https:\/\/jornalfatosenoticias.com.br\/wp-content\/uploads\/2020\/02\/CONTROL-CS.jpg\" alt=\"\" class=\"wp-image-44991\" width=\"293\" height=\"351\" srcset=\"https:\/\/jornalfatosenoticias.com.br\/wp-content\/uploads\/2020\/02\/CONTROL-CS.jpg 834w, https:\/\/jornalfatosenoticias.com.br\/wp-content\/uploads\/2020\/02\/CONTROL-CS-250x300.jpg 250w, https:\/\/jornalfatosenoticias.com.br\/wp-content\/uploads\/2020\/02\/CONTROL-CS-768x921.jpg 768w\" sizes=\"auto, (max-width: 293px) 100vw, 293px\" \/><\/a><\/figure><\/div>\n\n\n\n<p>O advogado criminalista Gabriel Duda Deveikis corrobora a posi\u00e7\u00e3o de Chiquini e salienta que a v\u00edtima \u00e9 ouvida nos processos criminais \u201cem quase 100% dos casos\u201d. Segundo ele, esse elemento \u00e9 considerado \u201cmuito importante\u201d para a forma\u00e7\u00e3o do convencimento do juiz.<\/p>\n\n\n\n<div class=\"wp-block-image\"><figure class=\"aligncenter size-large is-resized\"><a href=\"https:\/\/www.instagram.com\/esteiochurrascaria\/\"><img loading=\"lazy\" decoding=\"async\" src=\"https:\/\/jornalfatosenoticias.com.br\/wp-content\/uploads\/2022\/02\/LOGO-ESTEIO-1024x730.png\" alt=\"\" class=\"wp-image-27942\" width=\"323\" height=\"230\" srcset=\"https:\/\/jornalfatosenoticias.com.br\/wp-content\/uploads\/2022\/02\/LOGO-ESTEIO-1024x730.png 1024w, https:\/\/jornalfatosenoticias.com.br\/wp-content\/uploads\/2022\/02\/LOGO-ESTEIO-300x214.png 300w, https:\/\/jornalfatosenoticias.com.br\/wp-content\/uploads\/2022\/02\/LOGO-ESTEIO-768x548.png 768w, https:\/\/jornalfatosenoticias.com.br\/wp-content\/uploads\/2022\/02\/LOGO-ESTEIO.png 1123w\" sizes=\"auto, (max-width: 323px) 100vw, 323px\" \/><\/a><\/figure><\/div>\n\n\n\n<p>No entanto, no caso concreto, Deveikis afirma ser \u201cimposs\u00edvel operacionalizar\u201d a ideia de o pr\u00f3prio juiz ser ouvido como v\u00edtima ou testemunha. Para o criminalista, um juiz que se deparar com um pedido do g\u00eanero deve se declarar impedido de atuar na causa, porque a lei pro\u00edbe um juiz de ocupar m\u00faltiplas posi\u00e7\u00f5es no mesmo processo: \u201cou ele \u00e9 uma coisa, ou \u00e9 outra\u201d.\u00a0\u00a0<\/p>\n\n\n\n<div class=\"wp-block-image\"><figure class=\"aligncenter size-large is-resized\"><a href=\"https:\/\/www.facebook.com\/vetor.vix\/\"><img loading=\"lazy\" decoding=\"async\" src=\"https:\/\/jornalfatosenoticias.com.br\/wp-content\/uploads\/2023\/09\/vetorvix1024_1.jpg\" alt=\"\" class=\"wp-image-44868\" width=\"570\" height=\"151\" srcset=\"https:\/\/jornalfatosenoticias.com.br\/wp-content\/uploads\/2023\/09\/vetorvix1024_1.jpg 1024w, https:\/\/jornalfatosenoticias.com.br\/wp-content\/uploads\/2023\/09\/vetorvix1024_1-300x80.jpg 300w, https:\/\/jornalfatosenoticias.com.br\/wp-content\/uploads\/2023\/09\/vetorvix1024_1-768x205.jpg 768w\" sizes=\"auto, (max-width: 570px) 100vw, 570px\" \/><\/a><\/figure><\/div>\n\n\n\n<p><strong><span class=\"has-inline-color has-black-color\">Juristas questionam imparcialidade de Moraes<br><\/span><\/strong>Foi justamente essa a alega\u00e7\u00e3o do ex-presidente Jair Bolsonaro,\u00a0 tamb\u00e9m acusado, ao pedir que o ministro Moraes fosse considerado impedido de julgar o caso, justamente por figurar como v\u00edtima.\u00a0No entanto, o pedido foi negado pelo STF em dezembro. Na explica\u00e7\u00e3o do professor de direito processual penal Rodrigo Chemim, o STF tem argumentado nesses casos que \u201co crime atinge a coletividade, n\u00e3o uma v\u00edtima individualizada\u201d.<\/p>\n\n\n\n<div class=\"wp-block-image\"><figure class=\"aligncenter size-large is-resized\"><a href=\"https:\/\/www.instagram.com\/serra4x4cambioautomatico\/\"><img loading=\"lazy\" decoding=\"async\" src=\"https:\/\/jornalfatosenoticias.com.br\/wp-content\/uploads\/2024\/08\/Serra-4x4-1-886x1024.jpg\" alt=\"\" class=\"wp-image-53632\" width=\"292\" height=\"337\" srcset=\"https:\/\/jornalfatosenoticias.com.br\/wp-content\/uploads\/2024\/08\/Serra-4x4-1-886x1024.jpg 886w, https:\/\/jornalfatosenoticias.com.br\/wp-content\/uploads\/2024\/08\/Serra-4x4-1-260x300.jpg 260w, https:\/\/jornalfatosenoticias.com.br\/wp-content\/uploads\/2024\/08\/Serra-4x4-1-768x888.jpg 768w, https:\/\/jornalfatosenoticias.com.br\/wp-content\/uploads\/2024\/08\/Serra-4x4-1.jpg 1181w\" sizes=\"auto, (max-width: 292px) 100vw, 292px\" \/><\/a><\/figure><\/div>\n\n\n\n<p>O tenente-coronel Azevedo \u00e9 acusado, entre outros crimes, de tentativa de golpe de Estado, listado no C\u00f3digo Penal entre os \u201ccrimes contra o Estado Democr\u00e1tico de Direito\u201d.\u00a0O professor Chemim, no entanto, discorda da tese e argumenta que ela poderia ser invocada para qualquer outro crime. Segundo o professor, juridicamente, \u201co Estado \u00e9 sujeito passivo de todos os crimes\u201d, mesmo os do dia a dia, como furtos.<\/p>\n\n\n\n<div class=\"wp-block-image\"><figure class=\"aligncenter size-large is-resized\"><a href=\"https:\/\/hotelmarquetti.com.br\/\"><img loading=\"lazy\" decoding=\"async\" src=\"https:\/\/jornalfatosenoticias.com.br\/wp-content\/uploads\/2023\/03\/nova-logo-Marquetti.jpg\" alt=\"\" class=\"wp-image-40207\" width=\"335\" height=\"225\" srcset=\"https:\/\/jornalfatosenoticias.com.br\/wp-content\/uploads\/2023\/03\/nova-logo-Marquetti.jpg 643w, https:\/\/jornalfatosenoticias.com.br\/wp-content\/uploads\/2023\/03\/nova-logo-Marquetti-300x202.jpg 300w\" sizes=\"auto, (max-width: 335px) 100vw, 335px\" \/><\/a><\/figure><\/div>\n\n\n\n<p>Chemim explica que \u00e9 justamente por ser considerado v\u00edtima que o Estado tem o direito de processar quem pratica os crimes \u2014 sem que o indiv\u00edduo diretamente prejudicado tamb\u00e9m deixe de ser considerado v\u00edtima, inclusive para ser ouvido em audi\u00eancia.<\/p>\n\n\n\n<div class=\"wp-block-image\"><figure class=\"aligncenter size-large\"><a href=\"https:\/\/www.cesconetto.com.br\/\"><img loading=\"lazy\" decoding=\"async\" width=\"300\" height=\"250\" src=\"https:\/\/jornalfatosenoticias.com.br\/wp-content\/uploads\/2020\/02\/Banner-2.png\" alt=\"\" class=\"wp-image-43787\"\/><\/a><\/figure><\/div>\n\n\n\n<p>Al\u00e9m de proibir que o juiz atue em processo no qual \u00e9 v\u00edtima, o artigo 252 do C\u00f3digo de Processo Penal tamb\u00e9m traz proibi\u00e7\u00e3o separada de que o juiz atue quando tiver servido como testemunha \u2014 o que poder\u00e1 ser o caso, se o ministro aceitar o pedido apresentado pela defesa do tenente-coronel Azevedo.<\/p>\n\n\n\n<div class=\"wp-block-image\"><figure class=\"aligncenter size-large is-resized\"><a href=\"https:\/\/panper.com.br\/\"><img loading=\"lazy\" decoding=\"async\" src=\"https:\/\/jornalfatosenoticias.com.br\/wp-content\/uploads\/2023\/03\/logo-Panper_portal.jpg\" alt=\"\" class=\"wp-image-40208\" width=\"355\" height=\"246\" srcset=\"https:\/\/jornalfatosenoticias.com.br\/wp-content\/uploads\/2023\/03\/logo-Panper_portal.jpg 400w, https:\/\/jornalfatosenoticias.com.br\/wp-content\/uploads\/2023\/03\/logo-Panper_portal-300x208.jpg 300w\" sizes=\"auto, (max-width: 355px) 100vw, 355px\" \/><\/a><\/figure><\/div>\n\n\n\n<p>At\u00e9 o momento, o STF n\u00e3o foi chamado a se pronunciar sobre eventual impedimento de Moraes para julgar processo em que tenha deposto como testemunha. No entanto, Chiquini, advogado do militar, disse \u00e0 revista Oeste que considerava como cen\u00e1rio mais prov\u00e1vel Moraes invocar a tese anterior do STF para se recusar a depor. Nesse caso, especula o advogado, o ministro alegaria que a v\u00edtima do suposto plano de homic\u00eddio n\u00e3o era ele, e sim o Estado Democr\u00e1tico de Direito.<\/p>\n\n\n\n<div class=\"wp-block-image\"><figure class=\"aligncenter size-large is-resized\"><a href=\"https:\/\/www.facebook.com\/postobkr\/?locale=pt_BR\"><img loading=\"lazy\" decoding=\"async\" src=\"https:\/\/jornalfatosenoticias.com.br\/wp-content\/uploads\/2023\/08\/BKR-1024x1021.jpg\" alt=\"\" class=\"wp-image-44494\" width=\"327\" height=\"326\" srcset=\"https:\/\/jornalfatosenoticias.com.br\/wp-content\/uploads\/2023\/08\/BKR-1024x1021.jpg 1024w, https:\/\/jornalfatosenoticias.com.br\/wp-content\/uploads\/2023\/08\/BKR-300x300.jpg 300w, https:\/\/jornalfatosenoticias.com.br\/wp-content\/uploads\/2023\/08\/BKR-150x150.jpg 150w, https:\/\/jornalfatosenoticias.com.br\/wp-content\/uploads\/2023\/08\/BKR-768x766.jpg 768w, https:\/\/jornalfatosenoticias.com.br\/wp-content\/uploads\/2023\/08\/BKR.jpg 1080w\" sizes=\"auto, (max-width: 327px) 100vw, 327px\" \/><\/a><\/figure><\/div>\n\n\n\n<p>Cr\u00edtico \u00e0 poss\u00edvel tese, o advogado diz que, se ela prevalecer, Moraes estar\u00e1 se colocando n\u00e3o s\u00f3 como \u201cv\u00edtima, testemunha, investigador, juiz, [mas] se tornar\u00e1 tamb\u00e9m o Estado\u201d.\u00a0<\/p>\n\n\n\n<p><strong>Fonte: <a href=\"https:\/\/www.gazetadopovo.com.br\/vida-e-cidadania\/juiz-moraes-indicado-depor-como-vitima\/\">Gazeta do Povo<\/a><\/strong><\/p>\n","protected":false},"excerpt":{"rendered":"<p>V\u00edtima, investigador, juiz e o pr\u00f3prio Estado. Moraes pode alegar que a v\u00edtima do suposto plano de homic\u00eddio n\u00e3o era ele, e sim o Estado Democr\u00e1tico de Direito Por Hugo Freitas O ministro Alexandre de Moraes, do Supremo Tribunal Federal (STF), relator da den\u00fancia sobre suposto plano de golpe de Estado que envolveria seu pr\u00f3prio [&hellip;]<\/p>\n","protected":false},"author":2,"featured_media":57880,"comment_status":"open","ping_status":"open","sticky":false,"template":"","format":"standard","meta":{"footnotes":""},"categories":[5],"tags":[13889,1795,294],"class_list":["post-57879","post","type-post","status-publish","format-standard","has-post-thumbnail","hentry","category-geral","tag-alexandre-de-moraes","tag-jair-bolsonaro","tag-stf"],"yoast_head":"<!-- This site is optimized with the Yoast SEO plugin v26.5 - https:\/\/yoast.com\/wordpress\/plugins\/seo\/ -->\n<title>Juiz da causa, Moraes \u00e9 indicado por acusado para depor como v\u00edtima - Jornal Fatos e Not\u00edcias<\/title>\n<meta name=\"robots\" content=\"index, follow, max-snippet:-1, max-image-preview:large, max-video-preview:-1\" \/>\n<link rel=\"canonical\" href=\"https:\/\/jornalfatosenoticias.com.br\/index.php\/2025\/03\/19\/juiz-da-causa-moraes-e-indicado-por-acusado-para-depor-como-vitima\/\" \/>\n<meta property=\"og:locale\" content=\"pt_BR\" \/>\n<meta property=\"og:type\" content=\"article\" \/>\n<meta property=\"og:title\" content=\"Juiz da causa, Moraes \u00e9 indicado por acusado para depor como v\u00edtima - Jornal Fatos e Not\u00edcias\" \/>\n<meta property=\"og:description\" content=\"V\u00edtima, investigador, juiz e o pr\u00f3prio Estado. Moraes pode alegar que a v\u00edtima do suposto plano de homic\u00eddio n\u00e3o era ele, e sim o Estado Democr\u00e1tico de Direito Por Hugo Freitas O ministro Alexandre de Moraes, do Supremo Tribunal Federal (STF), relator da den\u00fancia sobre suposto plano de golpe de Estado que envolveria seu pr\u00f3prio [&hellip;]\" \/>\n<meta property=\"og:url\" content=\"https:\/\/jornalfatosenoticias.com.br\/index.php\/2025\/03\/19\/juiz-da-causa-moraes-e-indicado-por-acusado-para-depor-como-vitima\/\" \/>\n<meta property=\"og:site_name\" content=\"Jornal Fatos e Not\u00edcias\" \/>\n<meta property=\"article:published_time\" content=\"2025-03-19T13:41:51+00:00\" \/>\n<meta property=\"article:modified_time\" content=\"2025-03-19T13:41:52+00:00\" \/>\n<meta property=\"og:image\" content=\"https:\/\/jornalfatosenoticias.com.br\/wp-content\/uploads\/2025\/03\/alexandre-de-moraes.jpg\" \/>\n\t<meta property=\"og:image:width\" content=\"1000\" \/>\n\t<meta property=\"og:image:height\" content=\"623\" \/>\n\t<meta property=\"og:image:type\" content=\"image\/jpeg\" \/>\n<meta name=\"author\" content=\"Luzimara Fernandes\" \/>\n<meta name=\"twitter:card\" content=\"summary_large_image\" \/>\n<meta name=\"twitter:label1\" content=\"Escrito por\" \/>\n\t<meta name=\"twitter:data1\" content=\"Luzimara Fernandes\" \/>\n\t<meta name=\"twitter:label2\" content=\"Est. tempo de leitura\" \/>\n\t<meta name=\"twitter:data2\" content=\"4 minutos\" \/>\n<script type=\"application\/ld+json\" class=\"yoast-schema-graph\">{\"@context\":\"https:\/\/schema.org\",\"@graph\":[{\"@type\":\"Article\",\"@id\":\"https:\/\/jornalfatosenoticias.com.br\/index.php\/2025\/03\/19\/juiz-da-causa-moraes-e-indicado-por-acusado-para-depor-como-vitima\/#article\",\"isPartOf\":{\"@id\":\"https:\/\/jornalfatosenoticias.com.br\/index.php\/2025\/03\/19\/juiz-da-causa-moraes-e-indicado-por-acusado-para-depor-como-vitima\/\"},\"author\":{\"name\":\"Luzimara Fernandes\",\"@id\":\"https:\/\/jornalfatosenoticias.com.br\/#\/schema\/person\/d63837fa13ac8666eb9e74e0985d6f81\"},\"headline\":\"Juiz da causa, Moraes \u00e9 indicado por acusado para depor como v\u00edtima\",\"datePublished\":\"2025-03-19T13:41:51+00:00\",\"dateModified\":\"2025-03-19T13:41:52+00:00\",\"mainEntityOfPage\":{\"@id\":\"https:\/\/jornalfatosenoticias.com.br\/index.php\/2025\/03\/19\/juiz-da-causa-moraes-e-indicado-por-acusado-para-depor-como-vitima\/\"},\"wordCount\":799,\"commentCount\":0,\"publisher\":{\"@id\":\"https:\/\/jornalfatosenoticias.com.br\/#organization\"},\"image\":{\"@id\":\"https:\/\/jornalfatosenoticias.com.br\/index.php\/2025\/03\/19\/juiz-da-causa-moraes-e-indicado-por-acusado-para-depor-como-vitima\/#primaryimage\"},\"thumbnailUrl\":\"https:\/\/jornalfatosenoticias.com.br\/wp-content\/uploads\/2025\/03\/alexandre-de-moraes.jpg\",\"keywords\":[\"Alexandre de Moraes\",\"Jair Bolsonaro\",\"STF\"],\"articleSection\":[\"Geral\"],\"inLanguage\":\"pt-BR\",\"potentialAction\":[{\"@type\":\"CommentAction\",\"name\":\"Comment\",\"target\":[\"https:\/\/jornalfatosenoticias.com.br\/index.php\/2025\/03\/19\/juiz-da-causa-moraes-e-indicado-por-acusado-para-depor-como-vitima\/#respond\"]}]},{\"@type\":\"WebPage\",\"@id\":\"https:\/\/jornalfatosenoticias.com.br\/index.php\/2025\/03\/19\/juiz-da-causa-moraes-e-indicado-por-acusado-para-depor-como-vitima\/\",\"url\":\"https:\/\/jornalfatosenoticias.com.br\/index.php\/2025\/03\/19\/juiz-da-causa-moraes-e-indicado-por-acusado-para-depor-como-vitima\/\",\"name\":\"Juiz da causa, Moraes \u00e9 indicado por acusado para depor como v\u00edtima - Jornal Fatos e Not\u00edcias\",\"isPartOf\":{\"@id\":\"https:\/\/jornalfatosenoticias.com.br\/#website\"},\"primaryImageOfPage\":{\"@id\":\"https:\/\/jornalfatosenoticias.com.br\/index.php\/2025\/03\/19\/juiz-da-causa-moraes-e-indicado-por-acusado-para-depor-como-vitima\/#primaryimage\"},\"image\":{\"@id\":\"https:\/\/jornalfatosenoticias.com.br\/index.php\/2025\/03\/19\/juiz-da-causa-moraes-e-indicado-por-acusado-para-depor-como-vitima\/#primaryimage\"},\"thumbnailUrl\":\"https:\/\/jornalfatosenoticias.com.br\/wp-content\/uploads\/2025\/03\/alexandre-de-moraes.jpg\",\"datePublished\":\"2025-03-19T13:41:51+00:00\",\"dateModified\":\"2025-03-19T13:41:52+00:00\",\"breadcrumb\":{\"@id\":\"https:\/\/jornalfatosenoticias.com.br\/index.php\/2025\/03\/19\/juiz-da-causa-moraes-e-indicado-por-acusado-para-depor-como-vitima\/#breadcrumb\"},\"inLanguage\":\"pt-BR\",\"potentialAction\":[{\"@type\":\"ReadAction\",\"target\":[\"https:\/\/jornalfatosenoticias.com.br\/index.php\/2025\/03\/19\/juiz-da-causa-moraes-e-indicado-por-acusado-para-depor-como-vitima\/\"]}]},{\"@type\":\"ImageObject\",\"inLanguage\":\"pt-BR\",\"@id\":\"https:\/\/jornalfatosenoticias.com.br\/index.php\/2025\/03\/19\/juiz-da-causa-moraes-e-indicado-por-acusado-para-depor-como-vitima\/#primaryimage\",\"url\":\"https:\/\/jornalfatosenoticias.com.br\/wp-content\/uploads\/2025\/03\/alexandre-de-moraes.jpg\",\"contentUrl\":\"https:\/\/jornalfatosenoticias.com.br\/wp-content\/uploads\/2025\/03\/alexandre-de-moraes.jpg\",\"width\":1000,\"height\":623},{\"@type\":\"BreadcrumbList\",\"@id\":\"https:\/\/jornalfatosenoticias.com.br\/index.php\/2025\/03\/19\/juiz-da-causa-moraes-e-indicado-por-acusado-para-depor-como-vitima\/#breadcrumb\",\"itemListElement\":[{\"@type\":\"ListItem\",\"position\":1,\"name\":\"In\u00edcio\",\"item\":\"https:\/\/jornalfatosenoticias.com.br\/\"},{\"@type\":\"ListItem\",\"position\":2,\"name\":\"Juiz da causa, Moraes \u00e9 indicado por acusado para depor como v\u00edtima\"}]},{\"@type\":\"WebSite\",\"@id\":\"https:\/\/jornalfatosenoticias.com.br\/#website\",\"url\":\"https:\/\/jornalfatosenoticias.com.br\/\",\"name\":\"Jornal Fatos e Not\u00edcias\",\"description\":\"Not\u00edcias em geral\",\"publisher\":{\"@id\":\"https:\/\/jornalfatosenoticias.com.br\/#organization\"},\"potentialAction\":[{\"@type\":\"SearchAction\",\"target\":{\"@type\":\"EntryPoint\",\"urlTemplate\":\"https:\/\/jornalfatosenoticias.com.br\/?s={search_term_string}\"},\"query-input\":{\"@type\":\"PropertyValueSpecification\",\"valueRequired\":true,\"valueName\":\"search_term_string\"}}],\"inLanguage\":\"pt-BR\"},{\"@type\":\"Organization\",\"@id\":\"https:\/\/jornalfatosenoticias.com.br\/#organization\",\"name\":\"Jornal Fatos e Not\u00edcias\",\"url\":\"https:\/\/jornalfatosenoticias.com.br\/\",\"logo\":{\"@type\":\"ImageObject\",\"inLanguage\":\"pt-BR\",\"@id\":\"https:\/\/jornalfatosenoticias.com.br\/#\/schema\/logo\/image\/\",\"url\":\"https:\/\/jornalfatosenoticias.com.br\/wp-content\/uploads\/2020\/02\/logo120.png\",\"contentUrl\":\"https:\/\/jornalfatosenoticias.com.br\/wp-content\/uploads\/2020\/02\/logo120.png\",\"width\":1227,\"height\":120,\"caption\":\"Jornal Fatos e Not\u00edcias\"},\"image\":{\"@id\":\"https:\/\/jornalfatosenoticias.com.br\/#\/schema\/logo\/image\/\"}},{\"@type\":\"Person\",\"@id\":\"https:\/\/jornalfatosenoticias.com.br\/#\/schema\/person\/d63837fa13ac8666eb9e74e0985d6f81\",\"name\":\"Luzimara Fernandes\",\"image\":{\"@type\":\"ImageObject\",\"inLanguage\":\"pt-BR\",\"@id\":\"https:\/\/jornalfatosenoticias.com.br\/#\/schema\/person\/image\/\",\"url\":\"https:\/\/jornalfatosenoticias.com.br\/wp-content\/uploads\/2025\/05\/EU_portal.jpg\",\"contentUrl\":\"https:\/\/jornalfatosenoticias.com.br\/wp-content\/uploads\/2025\/05\/EU_portal.jpg\",\"caption\":\"Luzimara Fernandes\"},\"description\":\"Jornalista MTB 2358-ES\",\"sameAs\":[\"https:\/\/jornalfatosenoticias.com.br\"],\"url\":\"https:\/\/jornalfatosenoticias.com.br\/index.php\/author\/luzimara\/\"}]}<\/script>\n<!-- \/ Yoast SEO plugin. -->","yoast_head_json":{"title":"Juiz da causa, Moraes \u00e9 indicado por acusado para depor como v\u00edtima - Jornal Fatos e Not\u00edcias","robots":{"index":"index","follow":"follow","max-snippet":"max-snippet:-1","max-image-preview":"max-image-preview:large","max-video-preview":"max-video-preview:-1"},"canonical":"https:\/\/jornalfatosenoticias.com.br\/index.php\/2025\/03\/19\/juiz-da-causa-moraes-e-indicado-por-acusado-para-depor-como-vitima\/","og_locale":"pt_BR","og_type":"article","og_title":"Juiz da causa, Moraes \u00e9 indicado por acusado para depor como v\u00edtima - Jornal Fatos e Not\u00edcias","og_description":"V\u00edtima, investigador, juiz e o pr\u00f3prio Estado. Moraes pode alegar que a v\u00edtima do suposto plano de homic\u00eddio n\u00e3o era ele, e sim o Estado Democr\u00e1tico de Direito Por Hugo Freitas O ministro Alexandre de Moraes, do Supremo Tribunal Federal (STF), relator da den\u00fancia sobre suposto plano de golpe de Estado que envolveria seu pr\u00f3prio [&hellip;]","og_url":"https:\/\/jornalfatosenoticias.com.br\/index.php\/2025\/03\/19\/juiz-da-causa-moraes-e-indicado-por-acusado-para-depor-como-vitima\/","og_site_name":"Jornal Fatos e Not\u00edcias","article_published_time":"2025-03-19T13:41:51+00:00","article_modified_time":"2025-03-19T13:41:52+00:00","og_image":[{"width":1000,"height":623,"url":"https:\/\/jornalfatosenoticias.com.br\/wp-content\/uploads\/2025\/03\/alexandre-de-moraes.jpg","type":"image\/jpeg"}],"author":"Luzimara Fernandes","twitter_card":"summary_large_image","twitter_misc":{"Escrito por":"Luzimara Fernandes","Est. tempo de leitura":"4 minutos"},"schema":{"@context":"https:\/\/schema.org","@graph":[{"@type":"Article","@id":"https:\/\/jornalfatosenoticias.com.br\/index.php\/2025\/03\/19\/juiz-da-causa-moraes-e-indicado-por-acusado-para-depor-como-vitima\/#article","isPartOf":{"@id":"https:\/\/jornalfatosenoticias.com.br\/index.php\/2025\/03\/19\/juiz-da-causa-moraes-e-indicado-por-acusado-para-depor-como-vitima\/"},"author":{"name":"Luzimara Fernandes","@id":"https:\/\/jornalfatosenoticias.com.br\/#\/schema\/person\/d63837fa13ac8666eb9e74e0985d6f81"},"headline":"Juiz da causa, Moraes \u00e9 indicado por acusado para depor como v\u00edtima","datePublished":"2025-03-19T13:41:51+00:00","dateModified":"2025-03-19T13:41:52+00:00","mainEntityOfPage":{"@id":"https:\/\/jornalfatosenoticias.com.br\/index.php\/2025\/03\/19\/juiz-da-causa-moraes-e-indicado-por-acusado-para-depor-como-vitima\/"},"wordCount":799,"commentCount":0,"publisher":{"@id":"https:\/\/jornalfatosenoticias.com.br\/#organization"},"image":{"@id":"https:\/\/jornalfatosenoticias.com.br\/index.php\/2025\/03\/19\/juiz-da-causa-moraes-e-indicado-por-acusado-para-depor-como-vitima\/#primaryimage"},"thumbnailUrl":"https:\/\/jornalfatosenoticias.com.br\/wp-content\/uploads\/2025\/03\/alexandre-de-moraes.jpg","keywords":["Alexandre de Moraes","Jair Bolsonaro","STF"],"articleSection":["Geral"],"inLanguage":"pt-BR","potentialAction":[{"@type":"CommentAction","name":"Comment","target":["https:\/\/jornalfatosenoticias.com.br\/index.php\/2025\/03\/19\/juiz-da-causa-moraes-e-indicado-por-acusado-para-depor-como-vitima\/#respond"]}]},{"@type":"WebPage","@id":"https:\/\/jornalfatosenoticias.com.br\/index.php\/2025\/03\/19\/juiz-da-causa-moraes-e-indicado-por-acusado-para-depor-como-vitima\/","url":"https:\/\/jornalfatosenoticias.com.br\/index.php\/2025\/03\/19\/juiz-da-causa-moraes-e-indicado-por-acusado-para-depor-como-vitima\/","name":"Juiz da causa, Moraes \u00e9 indicado por acusado para depor como v\u00edtima - Jornal Fatos e Not\u00edcias","isPartOf":{"@id":"https:\/\/jornalfatosenoticias.com.br\/#website"},"primaryImageOfPage":{"@id":"https:\/\/jornalfatosenoticias.com.br\/index.php\/2025\/03\/19\/juiz-da-causa-moraes-e-indicado-por-acusado-para-depor-como-vitima\/#primaryimage"},"image":{"@id":"https:\/\/jornalfatosenoticias.com.br\/index.php\/2025\/03\/19\/juiz-da-causa-moraes-e-indicado-por-acusado-para-depor-como-vitima\/#primaryimage"},"thumbnailUrl":"https:\/\/jornalfatosenoticias.com.br\/wp-content\/uploads\/2025\/03\/alexandre-de-moraes.jpg","datePublished":"2025-03-19T13:41:51+00:00","dateModified":"2025-03-19T13:41:52+00:00","breadcrumb":{"@id":"https:\/\/jornalfatosenoticias.com.br\/index.php\/2025\/03\/19\/juiz-da-causa-moraes-e-indicado-por-acusado-para-depor-como-vitima\/#breadcrumb"},"inLanguage":"pt-BR","potentialAction":[{"@type":"ReadAction","target":["https:\/\/jornalfatosenoticias.com.br\/index.php\/2025\/03\/19\/juiz-da-causa-moraes-e-indicado-por-acusado-para-depor-como-vitima\/"]}]},{"@type":"ImageObject","inLanguage":"pt-BR","@id":"https:\/\/jornalfatosenoticias.com.br\/index.php\/2025\/03\/19\/juiz-da-causa-moraes-e-indicado-por-acusado-para-depor-como-vitima\/#primaryimage","url":"https:\/\/jornalfatosenoticias.com.br\/wp-content\/uploads\/2025\/03\/alexandre-de-moraes.jpg","contentUrl":"https:\/\/jornalfatosenoticias.com.br\/wp-content\/uploads\/2025\/03\/alexandre-de-moraes.jpg","width":1000,"height":623},{"@type":"BreadcrumbList","@id":"https:\/\/jornalfatosenoticias.com.br\/index.php\/2025\/03\/19\/juiz-da-causa-moraes-e-indicado-por-acusado-para-depor-como-vitima\/#breadcrumb","itemListElement":[{"@type":"ListItem","position":1,"name":"In\u00edcio","item":"https:\/\/jornalfatosenoticias.com.br\/"},{"@type":"ListItem","position":2,"name":"Juiz da causa, Moraes \u00e9 indicado por acusado para depor como v\u00edtima"}]},{"@type":"WebSite","@id":"https:\/\/jornalfatosenoticias.com.br\/#website","url":"https:\/\/jornalfatosenoticias.com.br\/","name":"Jornal Fatos e Not\u00edcias","description":"Not\u00edcias em geral","publisher":{"@id":"https:\/\/jornalfatosenoticias.com.br\/#organization"},"potentialAction":[{"@type":"SearchAction","target":{"@type":"EntryPoint","urlTemplate":"https:\/\/jornalfatosenoticias.com.br\/?s={search_term_string}"},"query-input":{"@type":"PropertyValueSpecification","valueRequired":true,"valueName":"search_term_string"}}],"inLanguage":"pt-BR"},{"@type":"Organization","@id":"https:\/\/jornalfatosenoticias.com.br\/#organization","name":"Jornal Fatos e Not\u00edcias","url":"https:\/\/jornalfatosenoticias.com.br\/","logo":{"@type":"ImageObject","inLanguage":"pt-BR","@id":"https:\/\/jornalfatosenoticias.com.br\/#\/schema\/logo\/image\/","url":"https:\/\/jornalfatosenoticias.com.br\/wp-content\/uploads\/2020\/02\/logo120.png","contentUrl":"https:\/\/jornalfatosenoticias.com.br\/wp-content\/uploads\/2020\/02\/logo120.png","width":1227,"height":120,"caption":"Jornal Fatos e Not\u00edcias"},"image":{"@id":"https:\/\/jornalfatosenoticias.com.br\/#\/schema\/logo\/image\/"}},{"@type":"Person","@id":"https:\/\/jornalfatosenoticias.com.br\/#\/schema\/person\/d63837fa13ac8666eb9e74e0985d6f81","name":"Luzimara Fernandes","image":{"@type":"ImageObject","inLanguage":"pt-BR","@id":"https:\/\/jornalfatosenoticias.com.br\/#\/schema\/person\/image\/","url":"https:\/\/jornalfatosenoticias.com.br\/wp-content\/uploads\/2025\/05\/EU_portal.jpg","contentUrl":"https:\/\/jornalfatosenoticias.com.br\/wp-content\/uploads\/2025\/05\/EU_portal.jpg","caption":"Luzimara Fernandes"},"description":"Jornalista MTB 2358-ES","sameAs":["https:\/\/jornalfatosenoticias.com.br"],"url":"https:\/\/jornalfatosenoticias.com.br\/index.php\/author\/luzimara\/"}]}},"cc_featured_image_caption":{"caption_text":"(Foto: Felipe Sampaio\/SCO\/STF)","source_text":"","source_url":""},"jetpack_featured_media_url":"https:\/\/jornalfatosenoticias.com.br\/wp-content\/uploads\/2025\/03\/alexandre-de-moraes.jpg","_links":{"self":[{"href":"https:\/\/jornalfatosenoticias.com.br\/index.php\/wp-json\/wp\/v2\/posts\/57879","targetHints":{"allow":["GET"]}}],"collection":[{"href":"https:\/\/jornalfatosenoticias.com.br\/index.php\/wp-json\/wp\/v2\/posts"}],"about":[{"href":"https:\/\/jornalfatosenoticias.com.br\/index.php\/wp-json\/wp\/v2\/types\/post"}],"author":[{"embeddable":true,"href":"https:\/\/jornalfatosenoticias.com.br\/index.php\/wp-json\/wp\/v2\/users\/2"}],"replies":[{"embeddable":true,"href":"https:\/\/jornalfatosenoticias.com.br\/index.php\/wp-json\/wp\/v2\/comments?post=57879"}],"version-history":[{"count":0,"href":"https:\/\/jornalfatosenoticias.com.br\/index.php\/wp-json\/wp\/v2\/posts\/57879\/revisions"}],"wp:featuredmedia":[{"embeddable":true,"href":"https:\/\/jornalfatosenoticias.com.br\/index.php\/wp-json\/wp\/v2\/media\/57880"}],"wp:attachment":[{"href":"https:\/\/jornalfatosenoticias.com.br\/index.php\/wp-json\/wp\/v2\/media?parent=57879"}],"wp:term":[{"taxonomy":"category","embeddable":true,"href":"https:\/\/jornalfatosenoticias.com.br\/index.php\/wp-json\/wp\/v2\/categories?post=57879"},{"taxonomy":"post_tag","embeddable":true,"href":"https:\/\/jornalfatosenoticias.com.br\/index.php\/wp-json\/wp\/v2\/tags?post=57879"}],"curies":[{"name":"wp","href":"https:\/\/api.w.org\/{rel}","templated":true}]}}