{"id":57882,"date":"2025-03-19T11:08:39","date_gmt":"2025-03-19T14:08:39","guid":{"rendered":"https:\/\/jornalfatosenoticias.com.br\/?p=57882"},"modified":"2025-03-19T11:08:40","modified_gmt":"2025-03-19T14:08:40","slug":"governo-quer-taxar-socios-de-empresas-para-cobrir-isencao-de-ir-entenda-a-proposta","status":"publish","type":"post","link":"https:\/\/jornalfatosenoticias.com.br\/index.php\/2025\/03\/19\/governo-quer-taxar-socios-de-empresas-para-cobrir-isencao-de-ir-entenda-a-proposta\/","title":{"rendered":"Governo quer taxar s\u00f3cios de empresas para cobrir isen\u00e7\u00e3o de IR; entenda a proposta"},"content":{"rendered":"\n<p><em><span class=\"has-inline-color has-black-color\">Lula durante o an\u00fancio das novas regras do Imposto de Renda: para elevar taxa\u00e7\u00e3o da alta renda, governo vai retomar IR sobre dividendos<\/span><\/em><\/p>\n\n\n\n<p><span class=\"has-inline-color has-black-color\">Por <strong><a href=\"https:\/\/www.gazetadopovo.com.br\/autor\/fernando-jasper\/\">Fernando Jasper<\/a><\/strong><\/span><\/p>\n\n\n\n<div class=\"wp-block-image\"><figure class=\"aligncenter size-large\"><a href=\"https:\/\/panper.com.br\/\"><img loading=\"lazy\" decoding=\"async\" width=\"1024\" height=\"111\" src=\"https:\/\/jornalfatosenoticias.com.br\/wp-content\/uploads\/2020\/02\/WhatsApp-Image-2022-09-23-at-12.09.18-1024x111.jpeg\" alt=\"\" class=\"wp-image-34527\" srcset=\"https:\/\/jornalfatosenoticias.com.br\/wp-content\/uploads\/2020\/02\/WhatsApp-Image-2022-09-23-at-12.09.18-1024x111.jpeg 1024w, https:\/\/jornalfatosenoticias.com.br\/wp-content\/uploads\/2020\/02\/WhatsApp-Image-2022-09-23-at-12.09.18-300x32.jpeg 300w, https:\/\/jornalfatosenoticias.com.br\/wp-content\/uploads\/2020\/02\/WhatsApp-Image-2022-09-23-at-12.09.18-768x83.jpeg 768w, https:\/\/jornalfatosenoticias.com.br\/wp-content\/uploads\/2020\/02\/WhatsApp-Image-2022-09-23-at-12.09.18.jpeg 1121w\" sizes=\"auto, (max-width: 1024px) 100vw, 1024px\" \/><\/a><\/figure><\/div>\n\n\n\n<p>A cria\u00e7\u00e3o de uma faixa especial isenta de Imposto de Renda para trabalhadores que ganham at\u00e9 R$ 5 mil \u2014 com algum desconto tamb\u00e9m para rendas at\u00e9 R$ 7 mil \u2014 ser\u00e1 compensada por mudan\u00e7as na taxa\u00e7\u00e3o dos contribuintes de renda mais alta. Uma delas ser\u00e1 a retomada da cobran\u00e7a de IR sobre dividendos, extinta h\u00e1 tr\u00eas d\u00e9cadas.<br>A ideia do governo de Luiz In\u00e1cio Lula da Silva (PT) \u00e9 que os mais ricos paguem uma al\u00edquota m\u00ednima de IR, que partir\u00e1 de pouco mais de 0% para aqueles com renda anual superior a R$ 600 mil e chegar\u00e1 a 10% para quem recebe mais de R$ 1,2 milh\u00e3o por ano.<\/p>\n\n\n\n<div class=\"wp-block-image\"><figure class=\"aligncenter size-large is-resized\"><a href=\"https:\/\/www.facebook.com\/profile.php?id=100069289606145\"><img loading=\"lazy\" decoding=\"async\" src=\"https:\/\/jornalfatosenoticias.com.br\/wp-content\/uploads\/2024\/11\/Guaitolini-Contabilidade-1024x714.jpeg\" alt=\"\" class=\"wp-image-55808\" width=\"316\" height=\"220\" srcset=\"https:\/\/jornalfatosenoticias.com.br\/wp-content\/uploads\/2024\/11\/Guaitolini-Contabilidade-1024x714.jpeg 1024w, https:\/\/jornalfatosenoticias.com.br\/wp-content\/uploads\/2024\/11\/Guaitolini-Contabilidade-300x209.jpeg 300w, https:\/\/jornalfatosenoticias.com.br\/wp-content\/uploads\/2024\/11\/Guaitolini-Contabilidade-768x535.jpeg 768w, https:\/\/jornalfatosenoticias.com.br\/wp-content\/uploads\/2024\/11\/Guaitolini-Contabilidade.jpeg 1280w\" sizes=\"auto, (max-width: 316px) 100vw, 316px\" \/><\/a><\/figure><\/div>\n\n\n\n<p>Grande parte da renda desses contribuintes costuma vir de uma fonte que hoje \u00e9 isenta de Imposto de Renda: a distribui\u00e7\u00e3o de dividendos a acionistas de empresas. Por isso, segundo o Minist\u00e9rio da Fazenda, hoje a al\u00edquota efetiva m\u00e9dia sobre rendimentos superiores e R$ 600 mil por ano \u00e9 de somente 2,54%.<br>\u00c9 exatamente nesse p\u00fablico que o governo mira para cobrir a perda de arrecada\u00e7\u00e3o com os trabalhadores de renda mais baixa. A ideia \u00e9 retomar a cobran\u00e7a de IR sobre a distribui\u00e7\u00e3o de lucros a pessoas f\u00edsicas. Se as novas regras forem aprovadas pelo Congresso, a al\u00edquota m\u00e9dia dos contribuintes que ganham mais de R$ 600 mil anuais subir\u00e1 para 9%, calcula a Fazenda.<\/p>\n\n\n\n<div class=\"wp-block-image\"><figure class=\"aligncenter size-large is-resized\"><a href=\"https:\/\/www.instagram.com\/restaurantepegoretti\/\"><img loading=\"lazy\" decoding=\"async\" src=\"https:\/\/jornalfatosenoticias.com.br\/wp-content\/uploads\/2023\/12\/pegoretti-logo-pdf-1024x389.jpg\" alt=\"\" class=\"wp-image-47536\" width=\"533\" height=\"202\" srcset=\"https:\/\/jornalfatosenoticias.com.br\/wp-content\/uploads\/2023\/12\/pegoretti-logo-pdf-1024x389.jpg 1024w, https:\/\/jornalfatosenoticias.com.br\/wp-content\/uploads\/2023\/12\/pegoretti-logo-pdf-300x114.jpg 300w, https:\/\/jornalfatosenoticias.com.br\/wp-content\/uploads\/2023\/12\/pegoretti-logo-pdf-768x291.jpg 768w, https:\/\/jornalfatosenoticias.com.br\/wp-content\/uploads\/2023\/12\/pegoretti-logo-pdf.jpg 1120w\" sizes=\"auto, (max-width: 533px) 100vw, 533px\" \/><\/a><\/figure><\/div>\n\n\n\n<p>A pasta espera arrecadar R$ 34,12 bilh\u00f5es em 2026 com as medidas voltadas \u00e0 alta renda. \u00c9 mais que a ren\u00fancia de receita com a nova faixa de isen\u00e7\u00e3o, estimada em R$ 25,84 bilh\u00f5es no mesmo ano. Os n\u00fameros, divulgados pela pr\u00f3pria Fazenda, contradizem o discurso do governo de que a reforma ser\u00e1 neutra do ponto de vista fiscal.<\/p>\n\n\n\n<div class=\"wp-block-image\"><figure class=\"aligncenter size-large is-resized\"><a href=\"https:\/\/www.instagram.com\/rcradiadores\/\"><img loading=\"lazy\" decoding=\"async\" src=\"https:\/\/jornalfatosenoticias.com.br\/wp-content\/uploads\/2022\/10\/RC_800x750_page-0001.jpg\" alt=\"\" class=\"wp-image-35338\" width=\"316\" height=\"296\" srcset=\"https:\/\/jornalfatosenoticias.com.br\/wp-content\/uploads\/2022\/10\/RC_800x750_page-0001.jpg 400w, https:\/\/jornalfatosenoticias.com.br\/wp-content\/uploads\/2022\/10\/RC_800x750_page-0001-300x281.jpg 300w\" sizes=\"auto, (max-width: 316px) 100vw, 316px\" \/><\/a><\/figure><\/div>\n\n\n\n<p>Segundo a equipe econ\u00f4mica, a diferen\u00e7a de valores serve para repor uma ren\u00fancia programada para 2025, com a atualiza\u00e7\u00e3o da faixa isenta para dois sal\u00e1rios m\u00ednimos. O impacto calculado pela Fazenda nesse caso \u00e9 de R$ 5 bilh\u00f5es ao ano. Por\u00e9m, mesmo somado aos quase R$ 26 bilh\u00f5es de ren\u00fancia em 2026, o valor total (cerca de R$ 31 bilh\u00f5es) fica abaixo da arrecada\u00e7\u00e3o anual projetada.<\/p>\n\n\n\n<div class=\"wp-block-image\"><figure class=\"aligncenter size-large is-resized\"><a href=\"https:\/\/www.instagram.com\/serra4x4cambioautomatico\/\"><img loading=\"lazy\" decoding=\"async\" src=\"https:\/\/jornalfatosenoticias.com.br\/wp-content\/uploads\/2024\/08\/Serra-4x4-1-886x1024.jpg\" alt=\"\" class=\"wp-image-53632\" width=\"278\" height=\"321\" srcset=\"https:\/\/jornalfatosenoticias.com.br\/wp-content\/uploads\/2024\/08\/Serra-4x4-1-886x1024.jpg 886w, https:\/\/jornalfatosenoticias.com.br\/wp-content\/uploads\/2024\/08\/Serra-4x4-1-260x300.jpg 260w, https:\/\/jornalfatosenoticias.com.br\/wp-content\/uploads\/2024\/08\/Serra-4x4-1-768x888.jpg 768w, https:\/\/jornalfatosenoticias.com.br\/wp-content\/uploads\/2024\/08\/Serra-4x4-1.jpg 1181w\" sizes=\"auto, (max-width: 278px) 100vw, 278px\" \/><\/a><\/figure><\/div>\n\n\n\n<p><strong><span class=\"has-inline-color has-black-color\">Imposto de Renda sobre dividendos foi extinto em 1995<br><\/span><\/strong>O Imposto de Renda sobre dividendos foi extinto em 1995, na gest\u00e3o de Fernando Henrique Cardoso (PSDB), que decidiu concentrar na pessoa jur\u00eddica a tributa\u00e7\u00e3o dos lucros, por meio do IRPJ e da CSLL. Foi uma forma de simplificar a cobran\u00e7a e a pr\u00f3pria fiscaliza\u00e7\u00e3o. Hoje a al\u00edquota nominal total desses dois tributos chega a 34% para empresas n\u00e3o financeiras e 45% para as financeiras. Muitas companhias, por\u00e9m, participam de regimes especiais que, na pr\u00e1tica, reduzem o tributo efetivamente pago.<\/p>\n\n\n\n<div class=\"wp-block-image\"><figure class=\"aligncenter size-large is-resized\"><a href=\"https:\/\/www.ithbrasil.com.br\/\"><img loading=\"lazy\" decoding=\"async\" src=\"https:\/\/jornalfatosenoticias.com.br\/wp-content\/uploads\/2023\/08\/ITH.jpeg\" alt=\"\" class=\"wp-image-44638\" width=\"313\" height=\"254\" srcset=\"https:\/\/jornalfatosenoticias.com.br\/wp-content\/uploads\/2023\/08\/ITH.jpeg 800w, https:\/\/jornalfatosenoticias.com.br\/wp-content\/uploads\/2023\/08\/ITH-300x244.jpeg 300w, https:\/\/jornalfatosenoticias.com.br\/wp-content\/uploads\/2023\/08\/ITH-768x624.jpeg 768w\" sizes=\"auto, (max-width: 313px) 100vw, 313px\" \/><\/a><\/figure><\/div>\n\n\n\n<p>Para garantir que o contribuinte de renda mais alta pague determinada al\u00edquota m\u00ednima, o governo vai contabilizar todo o imposto que ele pagou em determinado ano e comparar com toda a renda recebida, incluindo sal\u00e1rio, alugu\u00e9is, dividendos e outros rendimentos. Se o valor recolhido ficar abaixo do porcentual estabelecido, o contribuinte precisar\u00e1 fazer um complemento. Caso algu\u00e9m com renda anual acima de R$ 1,2 milh\u00e3o tenha pago o equivalente a 7%, por exemplo, precisar\u00e1 pagar um extra de 3% para completar 10%.<\/p>\n\n\n\n<div class=\"wp-block-image\"><figure class=\"aligncenter size-large\"><a href=\"http:\/\/www.ferrarimaquinas.com.br\/\"><img loading=\"lazy\" decoding=\"async\" width=\"300\" height=\"250\" src=\"https:\/\/jornalfatosenoticias.com.br\/wp-content\/uploads\/2022\/02\/FERRARI_MAQUINAS-E-FERRAMENTAS2.jpg\" alt=\"\" class=\"wp-image-27860\"\/><\/a><\/figure><\/div>\n\n\n\n<p>A quest\u00e3o \u00e9 que, se as novas regras do Imposto de Renda forem aprovadas pelo Congresso neste ano, para vigorar em 2026, esse &#8220;encontro de contas&#8221; com o contribuinte ocorrer\u00e1 apenas em 2027. Enquanto isso, o governo lidar\u00e1 j\u00e1 no ano que vem com a perda de arrecada\u00e7\u00e3o provocada pela nova faixa isenta.<\/p>\n\n\n\n<div class=\"wp-block-image\"><figure class=\"aligncenter size-large is-resized\"><a href=\"https:\/\/hotelmarquetti.com.br\/\"><img loading=\"lazy\" decoding=\"async\" src=\"https:\/\/jornalfatosenoticias.com.br\/wp-content\/uploads\/2023\/03\/nova-logo-Marquetti.jpg\" alt=\"\" class=\"wp-image-40207\" width=\"320\" height=\"215\" srcset=\"https:\/\/jornalfatosenoticias.com.br\/wp-content\/uploads\/2023\/03\/nova-logo-Marquetti.jpg 643w, https:\/\/jornalfatosenoticias.com.br\/wp-content\/uploads\/2023\/03\/nova-logo-Marquetti-300x202.jpg 300w\" sizes=\"auto, (max-width: 320px) 100vw, 320px\" \/><\/a><\/figure><\/div>\n\n\n\n<p>Para evitar o descompasso nas contas, a Fazenda decidiu instituir a reten\u00e7\u00e3o na fonte de dividendos. Ela ser\u00e1 de 10% sobre qualquer valor, no caso de lucros remetidos a acionistas no exterior. Para os residentes no Brasil, a reten\u00e7\u00e3o ser\u00e1 tamb\u00e9m de 10%, mas apenas sobre os dividendos acima de R$ 50 mil ao m\u00eas.<\/p>\n\n\n\n<div class=\"wp-block-image\"><figure class=\"aligncenter size-large is-resized\"><a href=\"https:\/\/www.controlsystems.com.br\/\"><img loading=\"lazy\" decoding=\"async\" src=\"https:\/\/jornalfatosenoticias.com.br\/wp-content\/uploads\/2020\/02\/CONTROL-CS.jpg\" alt=\"\" class=\"wp-image-44991\" width=\"292\" height=\"350\" srcset=\"https:\/\/jornalfatosenoticias.com.br\/wp-content\/uploads\/2020\/02\/CONTROL-CS.jpg 834w, https:\/\/jornalfatosenoticias.com.br\/wp-content\/uploads\/2020\/02\/CONTROL-CS-250x300.jpg 250w, https:\/\/jornalfatosenoticias.com.br\/wp-content\/uploads\/2020\/02\/CONTROL-CS-768x921.jpg 768w\" sizes=\"auto, (max-width: 292px) 100vw, 292px\" \/><\/a><\/figure><\/div>\n\n\n\n<p>O governo promete que a soma da tributa\u00e7\u00e3o efetiva sobre a pessoa jur\u00eddica mais a tributa\u00e7\u00e3o m\u00ednima sobre o dividendo da pessoa f\u00edsica n\u00e3o ser\u00e1 superior a 34% para empresas n\u00e3o financeiras e 45% para as financeiras. Caso a soma ultrapasse esses porcentuais, a Fazenda diz que o contribuinte receber\u00e1 uma restitui\u00e7\u00e3o em sua declara\u00e7\u00e3o anual de pessoa f\u00edsica. &#8220;Quando [a empresa] paga a al\u00edquota definida em lei, tamb\u00e9m aquele rendimento [dividendo] permanece isento&#8221;, disse o ministro Fernando Haddad ao anunciar a reforma do IR.<\/p>\n\n\n\n<div class=\"wp-block-image\"><figure class=\"aligncenter size-large is-resized\"><a href=\"https:\/\/www.legisjuris.com.br\/\"><img loading=\"lazy\" decoding=\"async\" src=\"https:\/\/jornalfatosenoticias.com.br\/wp-content\/uploads\/2024\/09\/Legis-Juris-Consultoria_logo.jpg\" alt=\"\" class=\"wp-image-53915\" width=\"504\" height=\"211\" srcset=\"https:\/\/jornalfatosenoticias.com.br\/wp-content\/uploads\/2024\/09\/Legis-Juris-Consultoria_logo.jpg 969w, https:\/\/jornalfatosenoticias.com.br\/wp-content\/uploads\/2024\/09\/Legis-Juris-Consultoria_logo-300x126.jpg 300w, https:\/\/jornalfatosenoticias.com.br\/wp-content\/uploads\/2024\/09\/Legis-Juris-Consultoria_logo-768x322.jpg 768w\" sizes=\"auto, (max-width: 504px) 100vw, 504px\" \/><\/a><\/figure><\/div>\n\n\n\n<p>A Receita usou como exemplo uma empresa com lucro anual de R$ 100 milh\u00f5es e que tenha pago R$ 29 milh\u00f5es de IRPJ e CSLL, o que corresponde a uma al\u00edquota efetiva de 29%. Essa mesma companhia pagou dividendos de R$ 1 milh\u00e3o a cada acionista. Esse dividendo ser\u00e1 submetido a uma al\u00edquota m\u00ednima efetiva de 8%.<\/p>\n\n\n\n<div class=\"wp-block-image\"><figure class=\"aligncenter size-large is-resized\"><a href=\"https:\/\/www.instagram.com\/esteiochurrascaria\/\"><img loading=\"lazy\" decoding=\"async\" src=\"https:\/\/jornalfatosenoticias.com.br\/wp-content\/uploads\/2022\/02\/LOGO-ESTEIO-1024x730.png\" alt=\"\" class=\"wp-image-27942\" width=\"329\" height=\"234\" srcset=\"https:\/\/jornalfatosenoticias.com.br\/wp-content\/uploads\/2022\/02\/LOGO-ESTEIO-1024x730.png 1024w, https:\/\/jornalfatosenoticias.com.br\/wp-content\/uploads\/2022\/02\/LOGO-ESTEIO-300x214.png 300w, https:\/\/jornalfatosenoticias.com.br\/wp-content\/uploads\/2022\/02\/LOGO-ESTEIO-768x548.png 768w, https:\/\/jornalfatosenoticias.com.br\/wp-content\/uploads\/2022\/02\/LOGO-ESTEIO.png 1123w\" sizes=\"auto, (max-width: 329px) 100vw, 329px\" \/><\/a><\/figure><\/div>\n\n\n\n<p>Mais adiante, no encontro de contas, o governo vai considerar a al\u00edquota efetiva total, que ser\u00e1 de 37% (29% sobre a pessoa jur\u00eddica e 8% sobre a pessoa f\u00edsica). Como ela supera o m\u00e1ximo de 34%, haver\u00e1 um redutor de 3%. Com isso, a al\u00edquota sobre o dividendo recebido pelo acionista ser\u00e1 reduzida a 5%.<\/p>\n\n\n\n<div class=\"wp-block-image\"><figure class=\"aligncenter size-large is-resized\"><a href=\"https:\/\/www.facebook.com\/vetor.vix\/\"><img loading=\"lazy\" decoding=\"async\" src=\"https:\/\/jornalfatosenoticias.com.br\/wp-content\/uploads\/2023\/09\/vetorvix1024_1.jpg\" alt=\"\" class=\"wp-image-44868\" width=\"543\" height=\"144\" srcset=\"https:\/\/jornalfatosenoticias.com.br\/wp-content\/uploads\/2023\/09\/vetorvix1024_1.jpg 1024w, https:\/\/jornalfatosenoticias.com.br\/wp-content\/uploads\/2023\/09\/vetorvix1024_1-300x80.jpg 300w, https:\/\/jornalfatosenoticias.com.br\/wp-content\/uploads\/2023\/09\/vetorvix1024_1-768x205.jpg 768w\" sizes=\"auto, (max-width: 543px) 100vw, 543px\" \/><\/a><\/figure><\/div>\n\n\n\n<p><strong><span class=\"has-inline-color has-black-color\">Imposto de Renda sobre dividendos pode configurar &#8220;bitributa\u00e7\u00e3o&#8221; e esbarrar no Congresso<br><\/span><\/strong>Tributaristas consultados pela Gazeta do Povo avaliam que a retomada da taxa\u00e7\u00e3o de dividendos tende a reduzir a atratividade do investimento em a\u00e7\u00f5es. Segundo eles, o governo pode ter dificuldades para aprovar a medida, uma vez que a cobran\u00e7a do imposto sobre a pessoa f\u00edsica pode ser vista como dupla tributa\u00e7\u00e3o \u2014 uma vez que as empresas que distribuem esses valores j\u00e1 t\u00eam o lucro taxado.<\/p>\n\n\n\n<div class=\"wp-block-image\"><figure class=\"aligncenter size-large is-resized\"><a href=\"https:\/\/www.facebook.com\/postobkr\/?locale=pt_BR\"><img loading=\"lazy\" decoding=\"async\" src=\"https:\/\/jornalfatosenoticias.com.br\/wp-content\/uploads\/2023\/08\/BKR-1024x1021.jpg\" alt=\"\" class=\"wp-image-44494\" width=\"286\" height=\"285\" srcset=\"https:\/\/jornalfatosenoticias.com.br\/wp-content\/uploads\/2023\/08\/BKR-1024x1021.jpg 1024w, https:\/\/jornalfatosenoticias.com.br\/wp-content\/uploads\/2023\/08\/BKR-300x300.jpg 300w, https:\/\/jornalfatosenoticias.com.br\/wp-content\/uploads\/2023\/08\/BKR-150x150.jpg 150w, https:\/\/jornalfatosenoticias.com.br\/wp-content\/uploads\/2023\/08\/BKR-768x766.jpg 768w, https:\/\/jornalfatosenoticias.com.br\/wp-content\/uploads\/2023\/08\/BKR.jpg 1080w\" sizes=\"auto, (max-width: 286px) 100vw, 286px\" \/><\/a><\/figure><\/div>\n\n\n\n<blockquote class=\"wp-block-quote is-layout-flow wp-block-quote-is-layout-flow\"><p><span class=\"has-inline-color has-luminous-vivid-orange-color\">A tributa\u00e7\u00e3o dos dividendos, obviamente, vai entrar na conta da rentabilidade de voc\u00ea ter a\u00e7\u00f5es e dividendos, e isso pode gerar algum tipo de mudan\u00e7a das cadeiras, como migra\u00e7\u00e3o de recursos para outros investimentos&#8221;, diz Janssen Murayama, da Murayama, Affonso Ferreira e Mota Advogados.<\/span><\/p><\/blockquote>\n\n\n\n<div class=\"wp-block-image\"><figure class=\"aligncenter size-large\"><a href=\"https:\/\/www.cesconetto.com.br\/\"><img loading=\"lazy\" decoding=\"async\" width=\"300\" height=\"250\" src=\"https:\/\/jornalfatosenoticias.com.br\/wp-content\/uploads\/2022\/02\/Banner-2.png\" alt=\"\" class=\"wp-image-27877\"\/><\/a><\/figure><\/div>\n\n\n\n<p>Ele observa que o Brasil \u00e9 um dos poucos pa\u00edses que n\u00e3o tributam dividendos na pessoa f\u00edsica, mas que, ao mesmo tempo, a tributa\u00e7\u00e3o sobre a pessoa jur\u00eddica no exterior n\u00e3o costuma ser t\u00e3o alta quanto aqui. &#8220;E a partir do momento em que voc\u00ea tributa a distribui\u00e7\u00e3o de dividendos, voc\u00ea passa a ter uma dupla tributa\u00e7\u00e3o. E isso talvez seja o grande obst\u00e1culo que o governo vai enfrentar para aprovar esse projeto de lei no Congresso Nacional&#8221;, avalia.<\/p>\n\n\n\n<div class=\"wp-block-image\"><figure class=\"aligncenter size-large is-resized\"><a href=\"https:\/\/www.instagram.com\/restaurantepegoretti\/\"><img loading=\"lazy\" decoding=\"async\" src=\"https:\/\/jornalfatosenoticias.com.br\/wp-content\/uploads\/2023\/12\/pegoretti-logo-pdf-1024x389.jpg\" alt=\"\" class=\"wp-image-47536\" width=\"548\" height=\"208\" srcset=\"https:\/\/jornalfatosenoticias.com.br\/wp-content\/uploads\/2023\/12\/pegoretti-logo-pdf-1024x389.jpg 1024w, https:\/\/jornalfatosenoticias.com.br\/wp-content\/uploads\/2023\/12\/pegoretti-logo-pdf-300x114.jpg 300w, https:\/\/jornalfatosenoticias.com.br\/wp-content\/uploads\/2023\/12\/pegoretti-logo-pdf-768x291.jpg 768w, https:\/\/jornalfatosenoticias.com.br\/wp-content\/uploads\/2023\/12\/pegoretti-logo-pdf.jpg 1120w\" sizes=\"auto, (max-width: 548px) 100vw, 548px\" \/><\/a><\/figure><\/div>\n\n\n\n<p>A tributarista Maria Clara Artese Iacobucci, do Chinaglia Nicacio Advogados, segue a mesma linha: ainda que o governo fale em promo\u00e7\u00e3o de justi\u00e7a tribut\u00e1ria, a proposta pode levar \u00e0 bitributa\u00e7\u00e3o.<\/p>\n\n\n\n<blockquote class=\"wp-block-quote is-layout-flow wp-block-quote-is-layout-flow\"><p><span class=\"has-inline-color has-luminous-vivid-orange-color\">Os lucros da empresa j\u00e1 s\u00e3o tributados pelo IRPJ e CSLL, de modo que, ao exigir o Imposto de Renda na pessoa f\u00edsica dos acionistas, haveria dupla tributa\u00e7\u00e3o dos mesmos valores&#8221;, afirma.<\/span><\/p><\/blockquote>\n\n\n\n<div class=\"wp-block-image\"><figure class=\"aligncenter size-large is-resized\"><a href=\"https:\/\/www.facebook.com\/profile.php?id=100069289606145\"><img loading=\"lazy\" decoding=\"async\" src=\"https:\/\/jornalfatosenoticias.com.br\/wp-content\/uploads\/2024\/11\/Guaitolini-Contabilidade-1024x714.jpeg\" alt=\"\" class=\"wp-image-55808\" width=\"342\" height=\"238\" srcset=\"https:\/\/jornalfatosenoticias.com.br\/wp-content\/uploads\/2024\/11\/Guaitolini-Contabilidade-1024x714.jpeg 1024w, https:\/\/jornalfatosenoticias.com.br\/wp-content\/uploads\/2024\/11\/Guaitolini-Contabilidade-300x209.jpeg 300w, https:\/\/jornalfatosenoticias.com.br\/wp-content\/uploads\/2024\/11\/Guaitolini-Contabilidade-768x535.jpeg 768w, https:\/\/jornalfatosenoticias.com.br\/wp-content\/uploads\/2024\/11\/Guaitolini-Contabilidade.jpeg 1280w\" sizes=\"auto, (max-width: 342px) 100vw, 342px\" \/><\/a><\/figure><\/div>\n\n\n\n<p>Presente no evento em que o governo anunciou sua proposta para o Imposto de Renda, o presidente da C\u00e2mara, Hugo Motta (Republicanos-PB), disse que o Congresso &#8220;com certeza far\u00e1 altera\u00e7\u00f5es nessa mat\u00e9ria&#8221;. Mas n\u00e3o especificou o que pode ser modificado. &#8220;Altera\u00e7\u00f5es que, com certeza, visar\u00e3o a melhorar a proposta. Talvez fazer algo mais abrangente para o pa\u00eds e entregarmos uma proposta que atenda principalmente \u00e0s pessoas que mais precisam\u201d, disse Motta ao lado de Lula e de ministros do governo.<\/p>\n\n\n\n<div class=\"wp-block-image\"><figure class=\"aligncenter size-large is-resized\"><a href=\"https:\/\/www.instagram.com\/rcradiadores\/\"><img loading=\"lazy\" decoding=\"async\" src=\"https:\/\/jornalfatosenoticias.com.br\/wp-content\/uploads\/2022\/10\/RC_800x750_page-0001.jpg\" alt=\"\" class=\"wp-image-35338\" width=\"300\" height=\"281\" srcset=\"https:\/\/jornalfatosenoticias.com.br\/wp-content\/uploads\/2022\/10\/RC_800x750_page-0001.jpg 400w, https:\/\/jornalfatosenoticias.com.br\/wp-content\/uploads\/2022\/10\/RC_800x750_page-0001-300x281.jpg 300w\" sizes=\"auto, (max-width: 300px) 100vw, 300px\" \/><\/a><\/figure><\/div>\n\n\n\n<p>Erlan Valverde, s\u00f3cio na \u00e1rea de Direito Tribut\u00e1rio de Tozzini Freire Advogados, refor\u00e7a o ponto: o lucro distribu\u00eddo ao acionista j\u00e1 foi tributado antes na empresa, com al\u00edquota que pode chegar a 34%. Por outro lado, o governo promete dar um desconto \u00e0 pessoa f\u00edsica caso a tributa\u00e7\u00e3o total (dela e da empresa) supere os porcentuais definidos em lei.<\/p>\n\n\n\n<div class=\"wp-block-image\"><figure class=\"aligncenter size-large is-resized\"><a href=\"https:\/\/www.ithbrasil.com.br\/\"><img loading=\"lazy\" decoding=\"async\" src=\"https:\/\/jornalfatosenoticias.com.br\/wp-content\/uploads\/2023\/08\/ITH.jpeg\" alt=\"\" class=\"wp-image-44638\" width=\"329\" height=\"267\" srcset=\"https:\/\/jornalfatosenoticias.com.br\/wp-content\/uploads\/2023\/08\/ITH.jpeg 800w, https:\/\/jornalfatosenoticias.com.br\/wp-content\/uploads\/2023\/08\/ITH-300x244.jpeg 300w, https:\/\/jornalfatosenoticias.com.br\/wp-content\/uploads\/2023\/08\/ITH-768x624.jpeg 768w\" sizes=\"auto, (max-width: 329px) 100vw, 329px\" \/><\/a><\/figure><\/div>\n\n\n\n<p><strong><span class=\"has-inline-color has-black-color\">Quais rendas n\u00e3o ser\u00e3o consideradas no imposto m\u00ednimo dos mais ricos<br><\/span><\/strong>Segundo o governo, a renda considerada para a fixa\u00e7\u00e3o da al\u00edquota m\u00ednima n\u00e3o inclui:<\/p>\n\n\n\n<ul class=\"wp-block-list\"><li>ganho de capital;<\/li><li>heran\u00e7a ou doa\u00e7\u00e3o; e<\/li><li>rendimentos recebidos acumuladamente.<\/li><\/ul>\n\n\n\n<div class=\"wp-block-image\"><figure class=\"aligncenter size-large\"><a href=\"https:\/\/mizu.com.br\/\"><img loading=\"lazy\" decoding=\"async\" width=\"729\" height=\"90\" src=\"https:\/\/jornalfatosenoticias.com.br\/wp-content\/uploads\/2020\/02\/Logo_Mizu.png\" alt=\"\" class=\"wp-image-1441\" srcset=\"https:\/\/jornalfatosenoticias.com.br\/wp-content\/uploads\/2020\/02\/Logo_Mizu.png 729w, https:\/\/jornalfatosenoticias.com.br\/wp-content\/uploads\/2020\/02\/Logo_Mizu-300x37.png 300w\" sizes=\"auto, (max-width: 729px) 100vw, 729px\" \/><\/a><\/figure><\/div>\n\n\n\n<p>Tamb\u00e9m ficam exclu\u00eddos da base de c\u00e1lculo da tributa\u00e7\u00e3o m\u00ednima:<\/p>\n\n\n\n<ul class=\"wp-block-list\"><li>t\u00edtulos e valores mobili\u00e1rios isentos;<\/li><li>poupan\u00e7a;<\/li><li>aposentadoria e pens\u00e3o de mol\u00e9stia grave; e<\/li><li>indeniza\u00e7\u00f5es.<\/li><\/ul>\n\n\n\n<p><strong>Fonte: <a href=\"https:\/\/www.gazetadopovo.com.br\/economia\/imposto-de-renda-dividendos-isencao-do-ir-sera-coberta-por-taxacao-da-alta-renda\/\">Gazeta do Povo<\/a><\/strong><\/p>\n","protected":false},"excerpt":{"rendered":"<p>Lula durante o an\u00fancio das novas regras do Imposto de Renda: para elevar taxa\u00e7\u00e3o da alta renda, governo vai retomar IR sobre dividendos Por Fernando Jasper A cria\u00e7\u00e3o de uma faixa especial isenta de Imposto de Renda para trabalhadores que ganham at\u00e9 R$ 5 mil \u2014 com algum desconto tamb\u00e9m para rendas at\u00e9 R$ 7 [&hellip;]<\/p>\n","protected":false},"author":2,"featured_media":57883,"comment_status":"open","ping_status":"open","sticky":false,"template":"","format":"standard","meta":{"footnotes":""},"categories":[9],"tags":[18155,1402,8257,7580,18916,4046,8611],"class_list":["post-57882","post","type-post","status-publish","format-standard","has-post-thumbnail","hentry","category-economia","tag-fernando-haddad","tag-imposto-de-renda","tag-impostos","tag-lula","tag-ministerio-da-fazenda","tag-reforma-tributaria","tag-tributacao"],"yoast_head":"<!-- This site is optimized with the Yoast SEO plugin v26.5 - https:\/\/yoast.com\/wordpress\/plugins\/seo\/ -->\n<title>Governo quer taxar s\u00f3cios de empresas para cobrir isen\u00e7\u00e3o de IR; entenda a proposta - Jornal Fatos e Not\u00edcias<\/title>\n<meta name=\"robots\" content=\"index, follow, max-snippet:-1, max-image-preview:large, max-video-preview:-1\" \/>\n<link rel=\"canonical\" href=\"https:\/\/jornalfatosenoticias.com.br\/index.php\/2025\/03\/19\/governo-quer-taxar-socios-de-empresas-para-cobrir-isencao-de-ir-entenda-a-proposta\/\" \/>\n<meta property=\"og:locale\" content=\"pt_BR\" \/>\n<meta property=\"og:type\" content=\"article\" \/>\n<meta property=\"og:title\" content=\"Governo quer taxar s\u00f3cios de empresas para cobrir isen\u00e7\u00e3o de IR; entenda a proposta - Jornal Fatos e Not\u00edcias\" \/>\n<meta property=\"og:description\" content=\"Lula durante o an\u00fancio das novas regras do Imposto de Renda: para elevar taxa\u00e7\u00e3o da alta renda, governo vai retomar IR sobre dividendos Por Fernando Jasper A cria\u00e7\u00e3o de uma faixa especial isenta de Imposto de Renda para trabalhadores que ganham at\u00e9 R$ 5 mil \u2014 com algum desconto tamb\u00e9m para rendas at\u00e9 R$ 7 [&hellip;]\" \/>\n<meta property=\"og:url\" content=\"https:\/\/jornalfatosenoticias.com.br\/index.php\/2025\/03\/19\/governo-quer-taxar-socios-de-empresas-para-cobrir-isencao-de-ir-entenda-a-proposta\/\" \/>\n<meta property=\"og:site_name\" content=\"Jornal Fatos e Not\u00edcias\" \/>\n<meta property=\"article:published_time\" content=\"2025-03-19T14:08:39+00:00\" \/>\n<meta property=\"article:modified_time\" content=\"2025-03-19T14:08:40+00:00\" \/>\n<meta property=\"og:image\" content=\"https:\/\/jornalfatosenoticias.com.br\/wp-content\/uploads\/2025\/03\/imposto-renda-novas-regras-dividendos-nine.jpg\" \/>\n\t<meta property=\"og:image:width\" content=\"1000\" \/>\n\t<meta property=\"og:image:height\" content=\"562\" \/>\n\t<meta property=\"og:image:type\" content=\"image\/jpeg\" \/>\n<meta name=\"author\" content=\"Luzimara Fernandes\" \/>\n<meta name=\"twitter:card\" content=\"summary_large_image\" \/>\n<meta name=\"twitter:label1\" content=\"Escrito por\" \/>\n\t<meta name=\"twitter:data1\" content=\"Luzimara Fernandes\" \/>\n\t<meta name=\"twitter:label2\" content=\"Est. tempo de leitura\" \/>\n\t<meta name=\"twitter:data2\" content=\"7 minutos\" \/>\n<script type=\"application\/ld+json\" class=\"yoast-schema-graph\">{\"@context\":\"https:\/\/schema.org\",\"@graph\":[{\"@type\":\"Article\",\"@id\":\"https:\/\/jornalfatosenoticias.com.br\/index.php\/2025\/03\/19\/governo-quer-taxar-socios-de-empresas-para-cobrir-isencao-de-ir-entenda-a-proposta\/#article\",\"isPartOf\":{\"@id\":\"https:\/\/jornalfatosenoticias.com.br\/index.php\/2025\/03\/19\/governo-quer-taxar-socios-de-empresas-para-cobrir-isencao-de-ir-entenda-a-proposta\/\"},\"author\":{\"name\":\"Luzimara Fernandes\",\"@id\":\"https:\/\/jornalfatosenoticias.com.br\/#\/schema\/person\/d63837fa13ac8666eb9e74e0985d6f81\"},\"headline\":\"Governo quer taxar s\u00f3cios de empresas para cobrir isen\u00e7\u00e3o de IR; entenda a proposta\",\"datePublished\":\"2025-03-19T14:08:39+00:00\",\"dateModified\":\"2025-03-19T14:08:40+00:00\",\"mainEntityOfPage\":{\"@id\":\"https:\/\/jornalfatosenoticias.com.br\/index.php\/2025\/03\/19\/governo-quer-taxar-socios-de-empresas-para-cobrir-isencao-de-ir-entenda-a-proposta\/\"},\"wordCount\":1424,\"commentCount\":0,\"publisher\":{\"@id\":\"https:\/\/jornalfatosenoticias.com.br\/#organization\"},\"image\":{\"@id\":\"https:\/\/jornalfatosenoticias.com.br\/index.php\/2025\/03\/19\/governo-quer-taxar-socios-de-empresas-para-cobrir-isencao-de-ir-entenda-a-proposta\/#primaryimage\"},\"thumbnailUrl\":\"https:\/\/jornalfatosenoticias.com.br\/wp-content\/uploads\/2025\/03\/imposto-renda-novas-regras-dividendos-nine.jpg\",\"keywords\":[\"Fernando Haddad\",\"Imposto de Renda\",\"impostos\",\"Lula\",\"Minist\u00e9rio da Fazenda\",\"Reforma Tribut\u00e1ria\",\"tributa\u00e7\u00e3o\"],\"articleSection\":[\"Economia\"],\"inLanguage\":\"pt-BR\",\"potentialAction\":[{\"@type\":\"CommentAction\",\"name\":\"Comment\",\"target\":[\"https:\/\/jornalfatosenoticias.com.br\/index.php\/2025\/03\/19\/governo-quer-taxar-socios-de-empresas-para-cobrir-isencao-de-ir-entenda-a-proposta\/#respond\"]}]},{\"@type\":\"WebPage\",\"@id\":\"https:\/\/jornalfatosenoticias.com.br\/index.php\/2025\/03\/19\/governo-quer-taxar-socios-de-empresas-para-cobrir-isencao-de-ir-entenda-a-proposta\/\",\"url\":\"https:\/\/jornalfatosenoticias.com.br\/index.php\/2025\/03\/19\/governo-quer-taxar-socios-de-empresas-para-cobrir-isencao-de-ir-entenda-a-proposta\/\",\"name\":\"Governo quer taxar s\u00f3cios de empresas para cobrir isen\u00e7\u00e3o de IR; entenda a proposta - Jornal Fatos e Not\u00edcias\",\"isPartOf\":{\"@id\":\"https:\/\/jornalfatosenoticias.com.br\/#website\"},\"primaryImageOfPage\":{\"@id\":\"https:\/\/jornalfatosenoticias.com.br\/index.php\/2025\/03\/19\/governo-quer-taxar-socios-de-empresas-para-cobrir-isencao-de-ir-entenda-a-proposta\/#primaryimage\"},\"image\":{\"@id\":\"https:\/\/jornalfatosenoticias.com.br\/index.php\/2025\/03\/19\/governo-quer-taxar-socios-de-empresas-para-cobrir-isencao-de-ir-entenda-a-proposta\/#primaryimage\"},\"thumbnailUrl\":\"https:\/\/jornalfatosenoticias.com.br\/wp-content\/uploads\/2025\/03\/imposto-renda-novas-regras-dividendos-nine.jpg\",\"datePublished\":\"2025-03-19T14:08:39+00:00\",\"dateModified\":\"2025-03-19T14:08:40+00:00\",\"breadcrumb\":{\"@id\":\"https:\/\/jornalfatosenoticias.com.br\/index.php\/2025\/03\/19\/governo-quer-taxar-socios-de-empresas-para-cobrir-isencao-de-ir-entenda-a-proposta\/#breadcrumb\"},\"inLanguage\":\"pt-BR\",\"potentialAction\":[{\"@type\":\"ReadAction\",\"target\":[\"https:\/\/jornalfatosenoticias.com.br\/index.php\/2025\/03\/19\/governo-quer-taxar-socios-de-empresas-para-cobrir-isencao-de-ir-entenda-a-proposta\/\"]}]},{\"@type\":\"ImageObject\",\"inLanguage\":\"pt-BR\",\"@id\":\"https:\/\/jornalfatosenoticias.com.br\/index.php\/2025\/03\/19\/governo-quer-taxar-socios-de-empresas-para-cobrir-isencao-de-ir-entenda-a-proposta\/#primaryimage\",\"url\":\"https:\/\/jornalfatosenoticias.com.br\/wp-content\/uploads\/2025\/03\/imposto-renda-novas-regras-dividendos-nine.jpg\",\"contentUrl\":\"https:\/\/jornalfatosenoticias.com.br\/wp-content\/uploads\/2025\/03\/imposto-renda-novas-regras-dividendos-nine.jpg\",\"width\":1000,\"height\":562},{\"@type\":\"BreadcrumbList\",\"@id\":\"https:\/\/jornalfatosenoticias.com.br\/index.php\/2025\/03\/19\/governo-quer-taxar-socios-de-empresas-para-cobrir-isencao-de-ir-entenda-a-proposta\/#breadcrumb\",\"itemListElement\":[{\"@type\":\"ListItem\",\"position\":1,\"name\":\"In\u00edcio\",\"item\":\"https:\/\/jornalfatosenoticias.com.br\/\"},{\"@type\":\"ListItem\",\"position\":2,\"name\":\"Governo quer taxar s\u00f3cios de empresas para cobrir isen\u00e7\u00e3o de IR; entenda a proposta\"}]},{\"@type\":\"WebSite\",\"@id\":\"https:\/\/jornalfatosenoticias.com.br\/#website\",\"url\":\"https:\/\/jornalfatosenoticias.com.br\/\",\"name\":\"Jornal Fatos e Not\u00edcias\",\"description\":\"Not\u00edcias em geral\",\"publisher\":{\"@id\":\"https:\/\/jornalfatosenoticias.com.br\/#organization\"},\"potentialAction\":[{\"@type\":\"SearchAction\",\"target\":{\"@type\":\"EntryPoint\",\"urlTemplate\":\"https:\/\/jornalfatosenoticias.com.br\/?s={search_term_string}\"},\"query-input\":{\"@type\":\"PropertyValueSpecification\",\"valueRequired\":true,\"valueName\":\"search_term_string\"}}],\"inLanguage\":\"pt-BR\"},{\"@type\":\"Organization\",\"@id\":\"https:\/\/jornalfatosenoticias.com.br\/#organization\",\"name\":\"Jornal Fatos e Not\u00edcias\",\"url\":\"https:\/\/jornalfatosenoticias.com.br\/\",\"logo\":{\"@type\":\"ImageObject\",\"inLanguage\":\"pt-BR\",\"@id\":\"https:\/\/jornalfatosenoticias.com.br\/#\/schema\/logo\/image\/\",\"url\":\"https:\/\/jornalfatosenoticias.com.br\/wp-content\/uploads\/2020\/02\/logo120.png\",\"contentUrl\":\"https:\/\/jornalfatosenoticias.com.br\/wp-content\/uploads\/2020\/02\/logo120.png\",\"width\":1227,\"height\":120,\"caption\":\"Jornal Fatos e Not\u00edcias\"},\"image\":{\"@id\":\"https:\/\/jornalfatosenoticias.com.br\/#\/schema\/logo\/image\/\"}},{\"@type\":\"Person\",\"@id\":\"https:\/\/jornalfatosenoticias.com.br\/#\/schema\/person\/d63837fa13ac8666eb9e74e0985d6f81\",\"name\":\"Luzimara Fernandes\",\"image\":{\"@type\":\"ImageObject\",\"inLanguage\":\"pt-BR\",\"@id\":\"https:\/\/jornalfatosenoticias.com.br\/#\/schema\/person\/image\/\",\"url\":\"https:\/\/jornalfatosenoticias.com.br\/wp-content\/uploads\/2025\/05\/EU_portal.jpg\",\"contentUrl\":\"https:\/\/jornalfatosenoticias.com.br\/wp-content\/uploads\/2025\/05\/EU_portal.jpg\",\"caption\":\"Luzimara Fernandes\"},\"description\":\"Jornalista MTB 2358-ES\",\"sameAs\":[\"https:\/\/jornalfatosenoticias.com.br\"],\"url\":\"https:\/\/jornalfatosenoticias.com.br\/index.php\/author\/luzimara\/\"}]}<\/script>\n<!-- \/ Yoast SEO plugin. -->","yoast_head_json":{"title":"Governo quer taxar s\u00f3cios de empresas para cobrir isen\u00e7\u00e3o de IR; entenda a proposta - Jornal Fatos e Not\u00edcias","robots":{"index":"index","follow":"follow","max-snippet":"max-snippet:-1","max-image-preview":"max-image-preview:large","max-video-preview":"max-video-preview:-1"},"canonical":"https:\/\/jornalfatosenoticias.com.br\/index.php\/2025\/03\/19\/governo-quer-taxar-socios-de-empresas-para-cobrir-isencao-de-ir-entenda-a-proposta\/","og_locale":"pt_BR","og_type":"article","og_title":"Governo quer taxar s\u00f3cios de empresas para cobrir isen\u00e7\u00e3o de IR; entenda a proposta - Jornal Fatos e Not\u00edcias","og_description":"Lula durante o an\u00fancio das novas regras do Imposto de Renda: para elevar taxa\u00e7\u00e3o da alta renda, governo vai retomar IR sobre dividendos Por Fernando Jasper A cria\u00e7\u00e3o de uma faixa especial isenta de Imposto de Renda para trabalhadores que ganham at\u00e9 R$ 5 mil \u2014 com algum desconto tamb\u00e9m para rendas at\u00e9 R$ 7 [&hellip;]","og_url":"https:\/\/jornalfatosenoticias.com.br\/index.php\/2025\/03\/19\/governo-quer-taxar-socios-de-empresas-para-cobrir-isencao-de-ir-entenda-a-proposta\/","og_site_name":"Jornal Fatos e Not\u00edcias","article_published_time":"2025-03-19T14:08:39+00:00","article_modified_time":"2025-03-19T14:08:40+00:00","og_image":[{"width":1000,"height":562,"url":"https:\/\/jornalfatosenoticias.com.br\/wp-content\/uploads\/2025\/03\/imposto-renda-novas-regras-dividendos-nine.jpg","type":"image\/jpeg"}],"author":"Luzimara Fernandes","twitter_card":"summary_large_image","twitter_misc":{"Escrito por":"Luzimara Fernandes","Est. tempo de leitura":"7 minutos"},"schema":{"@context":"https:\/\/schema.org","@graph":[{"@type":"Article","@id":"https:\/\/jornalfatosenoticias.com.br\/index.php\/2025\/03\/19\/governo-quer-taxar-socios-de-empresas-para-cobrir-isencao-de-ir-entenda-a-proposta\/#article","isPartOf":{"@id":"https:\/\/jornalfatosenoticias.com.br\/index.php\/2025\/03\/19\/governo-quer-taxar-socios-de-empresas-para-cobrir-isencao-de-ir-entenda-a-proposta\/"},"author":{"name":"Luzimara Fernandes","@id":"https:\/\/jornalfatosenoticias.com.br\/#\/schema\/person\/d63837fa13ac8666eb9e74e0985d6f81"},"headline":"Governo quer taxar s\u00f3cios de empresas para cobrir isen\u00e7\u00e3o de IR; entenda a proposta","datePublished":"2025-03-19T14:08:39+00:00","dateModified":"2025-03-19T14:08:40+00:00","mainEntityOfPage":{"@id":"https:\/\/jornalfatosenoticias.com.br\/index.php\/2025\/03\/19\/governo-quer-taxar-socios-de-empresas-para-cobrir-isencao-de-ir-entenda-a-proposta\/"},"wordCount":1424,"commentCount":0,"publisher":{"@id":"https:\/\/jornalfatosenoticias.com.br\/#organization"},"image":{"@id":"https:\/\/jornalfatosenoticias.com.br\/index.php\/2025\/03\/19\/governo-quer-taxar-socios-de-empresas-para-cobrir-isencao-de-ir-entenda-a-proposta\/#primaryimage"},"thumbnailUrl":"https:\/\/jornalfatosenoticias.com.br\/wp-content\/uploads\/2025\/03\/imposto-renda-novas-regras-dividendos-nine.jpg","keywords":["Fernando Haddad","Imposto de Renda","impostos","Lula","Minist\u00e9rio da Fazenda","Reforma Tribut\u00e1ria","tributa\u00e7\u00e3o"],"articleSection":["Economia"],"inLanguage":"pt-BR","potentialAction":[{"@type":"CommentAction","name":"Comment","target":["https:\/\/jornalfatosenoticias.com.br\/index.php\/2025\/03\/19\/governo-quer-taxar-socios-de-empresas-para-cobrir-isencao-de-ir-entenda-a-proposta\/#respond"]}]},{"@type":"WebPage","@id":"https:\/\/jornalfatosenoticias.com.br\/index.php\/2025\/03\/19\/governo-quer-taxar-socios-de-empresas-para-cobrir-isencao-de-ir-entenda-a-proposta\/","url":"https:\/\/jornalfatosenoticias.com.br\/index.php\/2025\/03\/19\/governo-quer-taxar-socios-de-empresas-para-cobrir-isencao-de-ir-entenda-a-proposta\/","name":"Governo quer taxar s\u00f3cios de empresas para cobrir isen\u00e7\u00e3o de IR; entenda a proposta - Jornal Fatos e Not\u00edcias","isPartOf":{"@id":"https:\/\/jornalfatosenoticias.com.br\/#website"},"primaryImageOfPage":{"@id":"https:\/\/jornalfatosenoticias.com.br\/index.php\/2025\/03\/19\/governo-quer-taxar-socios-de-empresas-para-cobrir-isencao-de-ir-entenda-a-proposta\/#primaryimage"},"image":{"@id":"https:\/\/jornalfatosenoticias.com.br\/index.php\/2025\/03\/19\/governo-quer-taxar-socios-de-empresas-para-cobrir-isencao-de-ir-entenda-a-proposta\/#primaryimage"},"thumbnailUrl":"https:\/\/jornalfatosenoticias.com.br\/wp-content\/uploads\/2025\/03\/imposto-renda-novas-regras-dividendos-nine.jpg","datePublished":"2025-03-19T14:08:39+00:00","dateModified":"2025-03-19T14:08:40+00:00","breadcrumb":{"@id":"https:\/\/jornalfatosenoticias.com.br\/index.php\/2025\/03\/19\/governo-quer-taxar-socios-de-empresas-para-cobrir-isencao-de-ir-entenda-a-proposta\/#breadcrumb"},"inLanguage":"pt-BR","potentialAction":[{"@type":"ReadAction","target":["https:\/\/jornalfatosenoticias.com.br\/index.php\/2025\/03\/19\/governo-quer-taxar-socios-de-empresas-para-cobrir-isencao-de-ir-entenda-a-proposta\/"]}]},{"@type":"ImageObject","inLanguage":"pt-BR","@id":"https:\/\/jornalfatosenoticias.com.br\/index.php\/2025\/03\/19\/governo-quer-taxar-socios-de-empresas-para-cobrir-isencao-de-ir-entenda-a-proposta\/#primaryimage","url":"https:\/\/jornalfatosenoticias.com.br\/wp-content\/uploads\/2025\/03\/imposto-renda-novas-regras-dividendos-nine.jpg","contentUrl":"https:\/\/jornalfatosenoticias.com.br\/wp-content\/uploads\/2025\/03\/imposto-renda-novas-regras-dividendos-nine.jpg","width":1000,"height":562},{"@type":"BreadcrumbList","@id":"https:\/\/jornalfatosenoticias.com.br\/index.php\/2025\/03\/19\/governo-quer-taxar-socios-de-empresas-para-cobrir-isencao-de-ir-entenda-a-proposta\/#breadcrumb","itemListElement":[{"@type":"ListItem","position":1,"name":"In\u00edcio","item":"https:\/\/jornalfatosenoticias.com.br\/"},{"@type":"ListItem","position":2,"name":"Governo quer taxar s\u00f3cios de empresas para cobrir isen\u00e7\u00e3o de IR; entenda a proposta"}]},{"@type":"WebSite","@id":"https:\/\/jornalfatosenoticias.com.br\/#website","url":"https:\/\/jornalfatosenoticias.com.br\/","name":"Jornal Fatos e Not\u00edcias","description":"Not\u00edcias em geral","publisher":{"@id":"https:\/\/jornalfatosenoticias.com.br\/#organization"},"potentialAction":[{"@type":"SearchAction","target":{"@type":"EntryPoint","urlTemplate":"https:\/\/jornalfatosenoticias.com.br\/?s={search_term_string}"},"query-input":{"@type":"PropertyValueSpecification","valueRequired":true,"valueName":"search_term_string"}}],"inLanguage":"pt-BR"},{"@type":"Organization","@id":"https:\/\/jornalfatosenoticias.com.br\/#organization","name":"Jornal Fatos e Not\u00edcias","url":"https:\/\/jornalfatosenoticias.com.br\/","logo":{"@type":"ImageObject","inLanguage":"pt-BR","@id":"https:\/\/jornalfatosenoticias.com.br\/#\/schema\/logo\/image\/","url":"https:\/\/jornalfatosenoticias.com.br\/wp-content\/uploads\/2020\/02\/logo120.png","contentUrl":"https:\/\/jornalfatosenoticias.com.br\/wp-content\/uploads\/2020\/02\/logo120.png","width":1227,"height":120,"caption":"Jornal Fatos e Not\u00edcias"},"image":{"@id":"https:\/\/jornalfatosenoticias.com.br\/#\/schema\/logo\/image\/"}},{"@type":"Person","@id":"https:\/\/jornalfatosenoticias.com.br\/#\/schema\/person\/d63837fa13ac8666eb9e74e0985d6f81","name":"Luzimara Fernandes","image":{"@type":"ImageObject","inLanguage":"pt-BR","@id":"https:\/\/jornalfatosenoticias.com.br\/#\/schema\/person\/image\/","url":"https:\/\/jornalfatosenoticias.com.br\/wp-content\/uploads\/2025\/05\/EU_portal.jpg","contentUrl":"https:\/\/jornalfatosenoticias.com.br\/wp-content\/uploads\/2025\/05\/EU_portal.jpg","caption":"Luzimara Fernandes"},"description":"Jornalista MTB 2358-ES","sameAs":["https:\/\/jornalfatosenoticias.com.br"],"url":"https:\/\/jornalfatosenoticias.com.br\/index.php\/author\/luzimara\/"}]}},"cc_featured_image_caption":{"caption_text":"(Foto: Fabio Rodrigues-Pozzebom\/Ag\u00eancia Brasil)","source_text":"","source_url":""},"jetpack_featured_media_url":"https:\/\/jornalfatosenoticias.com.br\/wp-content\/uploads\/2025\/03\/imposto-renda-novas-regras-dividendos-nine.jpg","_links":{"self":[{"href":"https:\/\/jornalfatosenoticias.com.br\/index.php\/wp-json\/wp\/v2\/posts\/57882","targetHints":{"allow":["GET"]}}],"collection":[{"href":"https:\/\/jornalfatosenoticias.com.br\/index.php\/wp-json\/wp\/v2\/posts"}],"about":[{"href":"https:\/\/jornalfatosenoticias.com.br\/index.php\/wp-json\/wp\/v2\/types\/post"}],"author":[{"embeddable":true,"href":"https:\/\/jornalfatosenoticias.com.br\/index.php\/wp-json\/wp\/v2\/users\/2"}],"replies":[{"embeddable":true,"href":"https:\/\/jornalfatosenoticias.com.br\/index.php\/wp-json\/wp\/v2\/comments?post=57882"}],"version-history":[{"count":0,"href":"https:\/\/jornalfatosenoticias.com.br\/index.php\/wp-json\/wp\/v2\/posts\/57882\/revisions"}],"wp:featuredmedia":[{"embeddable":true,"href":"https:\/\/jornalfatosenoticias.com.br\/index.php\/wp-json\/wp\/v2\/media\/57883"}],"wp:attachment":[{"href":"https:\/\/jornalfatosenoticias.com.br\/index.php\/wp-json\/wp\/v2\/media?parent=57882"}],"wp:term":[{"taxonomy":"category","embeddable":true,"href":"https:\/\/jornalfatosenoticias.com.br\/index.php\/wp-json\/wp\/v2\/categories?post=57882"},{"taxonomy":"post_tag","embeddable":true,"href":"https:\/\/jornalfatosenoticias.com.br\/index.php\/wp-json\/wp\/v2\/tags?post=57882"}],"curies":[{"name":"wp","href":"https:\/\/api.w.org\/{rel}","templated":true}]}}