{"id":57906,"date":"2025-03-20T14:05:29","date_gmt":"2025-03-20T17:05:29","guid":{"rendered":"https:\/\/jornalfatosenoticias.com.br\/?p=57906"},"modified":"2025-03-20T14:05:30","modified_gmt":"2025-03-20T17:05:30","slug":"icms-x-iss-na-industrializacao-por-encomenda-impactos-da-decisao-do-stf","status":"publish","type":"post","link":"https:\/\/jornalfatosenoticias.com.br\/index.php\/2025\/03\/20\/icms-x-iss-na-industrializacao-por-encomenda-impactos-da-decisao-do-stf\/","title":{"rendered":"ICMS x ISS na industrializa\u00e7\u00e3o por encomenda: impactos da decis\u00e3o do STF"},"content":{"rendered":"\n<p>Por\u00a0<strong><a href=\"https:\/\/jornalfatosenoticias.com.br\/index.php\/2024\/11\/07\/empresas-de-transporte-coletivo-de-passageiros-creditos-cofins-e-pis-o-novo-incentivo\/\">Rogerio Fernandes da Silva &amp; Kalyne Calais<\/a><\/strong><\/p>\n\n\n\n<div class=\"wp-block-image is-style-rounded\"><figure class=\"alignleft size-large\"><img loading=\"lazy\" decoding=\"async\" width=\"120\" height=\"60\" src=\"https:\/\/jornalfatosenoticias.com.br\/wp-content\/uploads\/2024\/09\/Legis_Juris_Consultoria_Rogerio_e_Kalyne-Portal.jpg\" alt=\"\" class=\"wp-image-53912\"\/><\/figure><\/div>\n\n\n\n<p>No Brasil, a tributa\u00e7\u00e3o sobre a produ\u00e7\u00e3o industrial e a presta\u00e7\u00e3o de servi\u00e7os sempre foi motivo de debates e conflitos entre estados e munic\u00edpios. Um dos temas mais controversos envolve a incid\u00eancia do Imposto sobre Circula\u00e7\u00e3o de Mercadorias e Servi\u00e7os (ICMS) e do Imposto sobre Servi\u00e7os (ISS) em opera\u00e7\u00f5es de industrializa\u00e7\u00e3o por encomenda.<br>Essa modalidade ocorre quando uma empresa contrata outra para transformar mat\u00e9rias-primas em um produto intermedi\u00e1rio, sem que esse item esteja pronto para o consumidor final. A d\u00favida recorrente era: essas opera\u00e7\u00f5es deveriam ser tributadas pelo ISS, arrecadado pelos munic\u00edpios, ou pelo ICMS, de compet\u00eancia estadual?<\/p>\n\n\n\n<div class=\"wp-block-image\"><figure class=\"aligncenter size-large is-resized\"><a href=\"https:\/\/www.legisjuris.com.br\/\"><img loading=\"lazy\" decoding=\"async\" src=\"https:\/\/jornalfatosenoticias.com.br\/wp-content\/uploads\/2024\/09\/Legis-Juris-Consultoria_logo.jpg\" alt=\"\" class=\"wp-image-53915\" width=\"523\" height=\"219\" srcset=\"https:\/\/jornalfatosenoticias.com.br\/wp-content\/uploads\/2024\/09\/Legis-Juris-Consultoria_logo.jpg 969w, https:\/\/jornalfatosenoticias.com.br\/wp-content\/uploads\/2024\/09\/Legis-Juris-Consultoria_logo-300x126.jpg 300w, https:\/\/jornalfatosenoticias.com.br\/wp-content\/uploads\/2024\/09\/Legis-Juris-Consultoria_logo-768x322.jpg 768w\" sizes=\"auto, (max-width: 523px) 100vw, 523px\" \/><\/a><\/figure><\/div>\n\n\n\n<p>Recentemente, o Supremo Tribunal Federal (STF) esclareceu essa quest\u00e3o, decidindo que o ICMS incide sobre a industrializa\u00e7\u00e3o por encomenda, enquanto o ISS n\u00e3o se aplica a essas atividades intermedi\u00e1rias do ciclo operacional, mas apenas \u00e0s opera\u00e7\u00f5es finais.<\/p>\n\n\n\n<div class=\"wp-block-image\"><figure class=\"aligncenter size-large is-resized\"><a href=\"https:\/\/www.facebook.com\/postobkr\/?locale=pt_BR\"><img loading=\"lazy\" decoding=\"async\" src=\"https:\/\/jornalfatosenoticias.com.br\/wp-content\/uploads\/2023\/08\/BKR-1024x1021.jpg\" alt=\"\" class=\"wp-image-44494\" width=\"327\" height=\"326\" srcset=\"https:\/\/jornalfatosenoticias.com.br\/wp-content\/uploads\/2023\/08\/BKR-1024x1021.jpg 1024w, https:\/\/jornalfatosenoticias.com.br\/wp-content\/uploads\/2023\/08\/BKR-300x300.jpg 300w, https:\/\/jornalfatosenoticias.com.br\/wp-content\/uploads\/2023\/08\/BKR-150x150.jpg 150w, https:\/\/jornalfatosenoticias.com.br\/wp-content\/uploads\/2023\/08\/BKR-768x766.jpg 768w, https:\/\/jornalfatosenoticias.com.br\/wp-content\/uploads\/2023\/08\/BKR.jpg 1080w\" sizes=\"auto, (max-width: 327px) 100vw, 327px\" \/><\/a><\/figure><\/div>\n\n\n\n<p>O Plen\u00e1rio considerou inconstitucional a incid\u00eancia do ISS sobre a industrializa\u00e7\u00e3o por encomenda, por se tratar de uma etapa intermedi\u00e1ria do ciclo produtivo da mercadoria, que n\u00e3o se destina diretamente ao consumidor final. Essa decis\u00e3o foi tomada ap\u00f3s a inclus\u00e3o do subitem 14.05 na lista anexa \u00e0 Lei Complementar n.\u00ba 116\/03. A defini\u00e7\u00e3o do tema ocorreu no julgamento do Recurso Extraordin\u00e1rio (RE) 882461, referente ao Tema 816, com repercuss\u00e3o geral no dia 26 de Fevereiro de 2025.<\/p>\n\n\n\n<div class=\"wp-block-image\"><figure class=\"aligncenter size-large is-resized\"><a href=\"https:\/\/www.instagram.com\/serra4x4cambioautomatico\/\"><img loading=\"lazy\" decoding=\"async\" src=\"https:\/\/jornalfatosenoticias.com.br\/wp-content\/uploads\/2024\/08\/Serra-4x4-1-886x1024.jpg\" alt=\"\" class=\"wp-image-53632\" width=\"276\" height=\"319\" srcset=\"https:\/\/jornalfatosenoticias.com.br\/wp-content\/uploads\/2024\/08\/Serra-4x4-1-886x1024.jpg 886w, https:\/\/jornalfatosenoticias.com.br\/wp-content\/uploads\/2024\/08\/Serra-4x4-1-260x300.jpg 260w, https:\/\/jornalfatosenoticias.com.br\/wp-content\/uploads\/2024\/08\/Serra-4x4-1-768x888.jpg 768w, https:\/\/jornalfatosenoticias.com.br\/wp-content\/uploads\/2024\/08\/Serra-4x4-1.jpg 1181w\" sizes=\"auto, (max-width: 276px) 100vw, 276px\" \/><\/a><\/figure><\/div>\n\n\n\n<p><strong><span class=\"has-inline-color has-black-color\">Impactos para a Ind\u00fastria<br><\/span><\/strong>Essa decis\u00e3o tem um impacto significativo no setor metalmec\u00e2nico e em diversas ind\u00fastrias que utilizam a industrializa\u00e7\u00e3o por encomenda, pois refor\u00e7a a compet\u00eancia tribut\u00e1ria dos estados sobre essas opera\u00e7\u00f5es, evitando conflitos com os munic\u00edpios. Al\u00e9m disso, o resultado do julgamento \u00e9, em geral, positivo para as empresas, pois, na maioria dos casos, o ICMS \u00e9 mais vantajoso do que o ISS.<\/p>\n\n\n\n<div class=\"wp-block-image\"><figure class=\"aligncenter size-large is-resized\"><a href=\"https:\/\/www.instagram.com\/rcradiadores\/\"><img loading=\"lazy\" decoding=\"async\" src=\"https:\/\/jornalfatosenoticias.com.br\/wp-content\/uploads\/2022\/10\/RC_800x750_page-0001.jpg\" alt=\"\" class=\"wp-image-35338\" width=\"326\" height=\"306\" srcset=\"https:\/\/jornalfatosenoticias.com.br\/wp-content\/uploads\/2022\/10\/RC_800x750_page-0001.jpg 400w, https:\/\/jornalfatosenoticias.com.br\/wp-content\/uploads\/2022\/10\/RC_800x750_page-0001-300x281.jpg 300w\" sizes=\"auto, (max-width: 326px) 100vw, 326px\" \/><\/a><\/figure><\/div>\n\n\n\n<p>Isso acontece porque o ICMS n\u00e3o \u00e9 cumulativo e pode ser compensado nas etapas seguintes da cadeia produtiva, enquanto o ISS, por sua vez, \u00e9 cumulativo, ou seja, n\u00e3o gera cr\u00e9dito tribut\u00e1rio para abatimento em opera\u00e7\u00f5es futuras. Outro ponto relevante foi a decis\u00e3o do STF de limitar as multas morat\u00f3rias a 20% do d\u00e9bito tribut\u00e1rio, proporcionando maior seguran\u00e7a jur\u00eddica aos contribuintes. A modula\u00e7\u00e3o dos efeitos tamb\u00e9m foi oportuna, pois impede a cobran\u00e7a retroativa de ICMS ou IPI sobre opera\u00e7\u00f5es que j\u00e1 haviam sido tributadas pelo ISS.<\/p>\n\n\n\n<div class=\"wp-block-image\"><figure class=\"aligncenter size-large is-resized\"><a href=\"https:\/\/www.facebook.com\/profile.php?id=100069289606145\"><img loading=\"lazy\" decoding=\"async\" src=\"https:\/\/jornalfatosenoticias.com.br\/wp-content\/uploads\/2024\/11\/Guaitolini-Contabilidade-1024x714.jpeg\" alt=\"\" class=\"wp-image-55808\" width=\"338\" height=\"236\" srcset=\"https:\/\/jornalfatosenoticias.com.br\/wp-content\/uploads\/2024\/11\/Guaitolini-Contabilidade-1024x714.jpeg 1024w, https:\/\/jornalfatosenoticias.com.br\/wp-content\/uploads\/2024\/11\/Guaitolini-Contabilidade-300x209.jpeg 300w, https:\/\/jornalfatosenoticias.com.br\/wp-content\/uploads\/2024\/11\/Guaitolini-Contabilidade-768x535.jpeg 768w, https:\/\/jornalfatosenoticias.com.br\/wp-content\/uploads\/2024\/11\/Guaitolini-Contabilidade.jpeg 1280w\" sizes=\"auto, (max-width: 338px) 100vw, 338px\" \/><\/a><\/figure><\/div>\n\n\n\n<p><strong><span class=\"has-inline-color has-black-color\">Recupera\u00e7\u00e3o de Valores Pagos Indevidamente<br><\/span><\/strong>Quanto \u00e0 possibilidade de recupera\u00e7\u00e3o do ISS pago indevidamente aos munic\u00edpios, entendemos que a modula\u00e7\u00e3o n\u00e3o encerra completamente essa discuss\u00e3o. Cada contribuinte dever\u00e1 avaliar sua situa\u00e7\u00e3o espec\u00edfica, considerando suas opera\u00e7\u00f5es e eventuais processos administrativos ou judiciais em andamento, pois pode haver implica\u00e7\u00f5es relacionadas ao ICMS que deixou de ser recolhido.<\/p>\n\n\n\n<div class=\"wp-block-image\"><figure class=\"aligncenter size-large\"><a href=\"http:\/\/www.ferrarimaquinas.com.br\/\"><img loading=\"lazy\" decoding=\"async\" width=\"300\" height=\"250\" src=\"https:\/\/jornalfatosenoticias.com.br\/wp-content\/uploads\/2022\/02\/FERRARI_MAQUINAS-E-FERRAMENTAS2.jpg\" alt=\"\" class=\"wp-image-27860\"\/><\/a><\/figure><\/div>\n\n\n\n<p>Essa decis\u00e3o do STF traz maior previsibilidade e seguran\u00e7a jur\u00eddica para a ind\u00fastria, mas ainda pode gerar desdobramentos futuros em rela\u00e7\u00e3o \u00e0 compensa\u00e7\u00e3o de valores pagos indevidamente. Empresas impactadas devem buscar assessoria especializada para entender os pr\u00f3ximos passos e eventuais oportunidades tribut\u00e1rias.<\/p>\n\n\n\n<div class=\"wp-block-image\"><figure class=\"alignleft size-large is-resized\"><img decoding=\"async\" src=\"https:\/\/jornalfatosenoticias.com.br\/wp-content\/uploads\/2024\/10\/rogerio-fernandes-e-kalyne-calais_PORTAL.jpg\" alt=\"\" class=\"wp-image-55150\" width=\"-80\" height=\"-39\" srcset=\"https:\/\/jornalfatosenoticias.com.br\/wp-content\/uploads\/2024\/10\/rogerio-fernandes-e-kalyne-calais_PORTAL.jpg 755w, https:\/\/jornalfatosenoticias.com.br\/wp-content\/uploads\/2024\/10\/rogerio-fernandes-e-kalyne-calais_PORTAL-300x149.jpg 300w\" sizes=\"(max-width: 755px) 100vw, 755px\" \/><\/figure><\/div>\n","protected":false},"excerpt":{"rendered":"<p>Por\u00a0Rogerio Fernandes da Silva &amp; Kalyne Calais No Brasil, a tributa\u00e7\u00e3o sobre a produ\u00e7\u00e3o industrial e a presta\u00e7\u00e3o de servi\u00e7os sempre foi motivo de debates e conflitos entre estados e munic\u00edpios. Um dos temas mais controversos envolve a incid\u00eancia do Imposto sobre Circula\u00e7\u00e3o de Mercadorias e Servi\u00e7os (ICMS) e do Imposto sobre Servi\u00e7os (ISS) em [&hellip;]<\/p>\n","protected":false},"author":2,"featured_media":57907,"comment_status":"open","ping_status":"open","sticky":false,"template":"","format":"standard","meta":{"footnotes":""},"categories":[9],"tags":[1171,26415,26414,15304,26413,24188,294,8611,26416],"class_list":["post-57906","post","type-post","status-publish","format-standard","has-post-thumbnail","hentry","category-economia","tag-icms","tag-industrializacao","tag-industrializacao-por-encomenda","tag-iss","tag-oportunidades-tributarias","tag-setor-metalmecanico","tag-stf","tag-tributacao","tag-tributacao-sobre-a-producao-industrial"],"yoast_head":"<!-- This site is optimized with the Yoast SEO plugin v26.5 - https:\/\/yoast.com\/wordpress\/plugins\/seo\/ -->\n<title>ICMS x ISS na industrializa\u00e7\u00e3o por encomenda: impactos da decis\u00e3o do STF - Jornal Fatos e Not\u00edcias<\/title>\n<meta name=\"robots\" content=\"index, follow, max-snippet:-1, max-image-preview:large, max-video-preview:-1\" \/>\n<link rel=\"canonical\" href=\"https:\/\/jornalfatosenoticias.com.br\/index.php\/2025\/03\/20\/icms-x-iss-na-industrializacao-por-encomenda-impactos-da-decisao-do-stf\/\" \/>\n<meta property=\"og:locale\" content=\"pt_BR\" \/>\n<meta property=\"og:type\" content=\"article\" \/>\n<meta property=\"og:title\" content=\"ICMS x ISS na industrializa\u00e7\u00e3o por encomenda: impactos da decis\u00e3o do STF - Jornal Fatos e Not\u00edcias\" \/>\n<meta property=\"og:description\" content=\"Por\u00a0Rogerio Fernandes da Silva &amp; Kalyne Calais No Brasil, a tributa\u00e7\u00e3o sobre a produ\u00e7\u00e3o industrial e a presta\u00e7\u00e3o de servi\u00e7os sempre foi motivo de debates e conflitos entre estados e munic\u00edpios. Um dos temas mais controversos envolve a incid\u00eancia do Imposto sobre Circula\u00e7\u00e3o de Mercadorias e Servi\u00e7os (ICMS) e do Imposto sobre Servi\u00e7os (ISS) em [&hellip;]\" \/>\n<meta property=\"og:url\" content=\"https:\/\/jornalfatosenoticias.com.br\/index.php\/2025\/03\/20\/icms-x-iss-na-industrializacao-por-encomenda-impactos-da-decisao-do-stf\/\" \/>\n<meta property=\"og:site_name\" content=\"Jornal Fatos e Not\u00edcias\" \/>\n<meta property=\"article:published_time\" content=\"2025-03-20T17:05:29+00:00\" \/>\n<meta property=\"article:modified_time\" content=\"2025-03-20T17:05:30+00:00\" \/>\n<meta property=\"og:image\" content=\"https:\/\/jornalfatosenoticias.com.br\/wp-content\/uploads\/2025\/03\/foto-texto-Kalyne-e-Rogerio_istock.jpg\" \/>\n\t<meta property=\"og:image:width\" content=\"612\" \/>\n\t<meta property=\"og:image:height\" content=\"384\" \/>\n\t<meta property=\"og:image:type\" content=\"image\/jpeg\" \/>\n<meta name=\"author\" content=\"Luzimara Fernandes\" \/>\n<meta name=\"twitter:card\" content=\"summary_large_image\" \/>\n<meta name=\"twitter:label1\" content=\"Escrito por\" \/>\n\t<meta name=\"twitter:data1\" content=\"Luzimara Fernandes\" \/>\n\t<meta name=\"twitter:label2\" content=\"Est. tempo de leitura\" \/>\n\t<meta name=\"twitter:data2\" content=\"3 minutos\" \/>\n<script type=\"application\/ld+json\" class=\"yoast-schema-graph\">{\"@context\":\"https:\/\/schema.org\",\"@graph\":[{\"@type\":\"Article\",\"@id\":\"https:\/\/jornalfatosenoticias.com.br\/index.php\/2025\/03\/20\/icms-x-iss-na-industrializacao-por-encomenda-impactos-da-decisao-do-stf\/#article\",\"isPartOf\":{\"@id\":\"https:\/\/jornalfatosenoticias.com.br\/index.php\/2025\/03\/20\/icms-x-iss-na-industrializacao-por-encomenda-impactos-da-decisao-do-stf\/\"},\"author\":{\"name\":\"Luzimara Fernandes\",\"@id\":\"https:\/\/jornalfatosenoticias.com.br\/#\/schema\/person\/d63837fa13ac8666eb9e74e0985d6f81\"},\"headline\":\"ICMS x ISS na industrializa\u00e7\u00e3o por encomenda: impactos da decis\u00e3o do STF\",\"datePublished\":\"2025-03-20T17:05:29+00:00\",\"dateModified\":\"2025-03-20T17:05:30+00:00\",\"mainEntityOfPage\":{\"@id\":\"https:\/\/jornalfatosenoticias.com.br\/index.php\/2025\/03\/20\/icms-x-iss-na-industrializacao-por-encomenda-impactos-da-decisao-do-stf\/\"},\"wordCount\":545,\"commentCount\":0,\"publisher\":{\"@id\":\"https:\/\/jornalfatosenoticias.com.br\/#organization\"},\"image\":{\"@id\":\"https:\/\/jornalfatosenoticias.com.br\/index.php\/2025\/03\/20\/icms-x-iss-na-industrializacao-por-encomenda-impactos-da-decisao-do-stf\/#primaryimage\"},\"thumbnailUrl\":\"https:\/\/jornalfatosenoticias.com.br\/wp-content\/uploads\/2025\/03\/foto-texto-Kalyne-e-Rogerio_istock.jpg\",\"keywords\":[\"ICMS\",\"industrializa\u00e7\u00e3o\",\"industrializa\u00e7\u00e3o por encomenda\",\"ISS\",\"oportunidades tribut\u00e1rias\",\"setor metalmec\u00e2nico\",\"STF\",\"tributa\u00e7\u00e3o\",\"tributa\u00e7\u00e3o sobre a produ\u00e7\u00e3o industrial\"],\"articleSection\":[\"Economia\"],\"inLanguage\":\"pt-BR\",\"potentialAction\":[{\"@type\":\"CommentAction\",\"name\":\"Comment\",\"target\":[\"https:\/\/jornalfatosenoticias.com.br\/index.php\/2025\/03\/20\/icms-x-iss-na-industrializacao-por-encomenda-impactos-da-decisao-do-stf\/#respond\"]}]},{\"@type\":\"WebPage\",\"@id\":\"https:\/\/jornalfatosenoticias.com.br\/index.php\/2025\/03\/20\/icms-x-iss-na-industrializacao-por-encomenda-impactos-da-decisao-do-stf\/\",\"url\":\"https:\/\/jornalfatosenoticias.com.br\/index.php\/2025\/03\/20\/icms-x-iss-na-industrializacao-por-encomenda-impactos-da-decisao-do-stf\/\",\"name\":\"ICMS x ISS na industrializa\u00e7\u00e3o por encomenda: impactos da decis\u00e3o do STF - Jornal Fatos e Not\u00edcias\",\"isPartOf\":{\"@id\":\"https:\/\/jornalfatosenoticias.com.br\/#website\"},\"primaryImageOfPage\":{\"@id\":\"https:\/\/jornalfatosenoticias.com.br\/index.php\/2025\/03\/20\/icms-x-iss-na-industrializacao-por-encomenda-impactos-da-decisao-do-stf\/#primaryimage\"},\"image\":{\"@id\":\"https:\/\/jornalfatosenoticias.com.br\/index.php\/2025\/03\/20\/icms-x-iss-na-industrializacao-por-encomenda-impactos-da-decisao-do-stf\/#primaryimage\"},\"thumbnailUrl\":\"https:\/\/jornalfatosenoticias.com.br\/wp-content\/uploads\/2025\/03\/foto-texto-Kalyne-e-Rogerio_istock.jpg\",\"datePublished\":\"2025-03-20T17:05:29+00:00\",\"dateModified\":\"2025-03-20T17:05:30+00:00\",\"breadcrumb\":{\"@id\":\"https:\/\/jornalfatosenoticias.com.br\/index.php\/2025\/03\/20\/icms-x-iss-na-industrializacao-por-encomenda-impactos-da-decisao-do-stf\/#breadcrumb\"},\"inLanguage\":\"pt-BR\",\"potentialAction\":[{\"@type\":\"ReadAction\",\"target\":[\"https:\/\/jornalfatosenoticias.com.br\/index.php\/2025\/03\/20\/icms-x-iss-na-industrializacao-por-encomenda-impactos-da-decisao-do-stf\/\"]}]},{\"@type\":\"ImageObject\",\"inLanguage\":\"pt-BR\",\"@id\":\"https:\/\/jornalfatosenoticias.com.br\/index.php\/2025\/03\/20\/icms-x-iss-na-industrializacao-por-encomenda-impactos-da-decisao-do-stf\/#primaryimage\",\"url\":\"https:\/\/jornalfatosenoticias.com.br\/wp-content\/uploads\/2025\/03\/foto-texto-Kalyne-e-Rogerio_istock.jpg\",\"contentUrl\":\"https:\/\/jornalfatosenoticias.com.br\/wp-content\/uploads\/2025\/03\/foto-texto-Kalyne-e-Rogerio_istock.jpg\",\"width\":612,\"height\":384,\"caption\":\"The acronym ICMS stands for Tax on Circulation of Goods and Services in Brazilian Portuguese. Brazilian economy and taxes.\"},{\"@type\":\"BreadcrumbList\",\"@id\":\"https:\/\/jornalfatosenoticias.com.br\/index.php\/2025\/03\/20\/icms-x-iss-na-industrializacao-por-encomenda-impactos-da-decisao-do-stf\/#breadcrumb\",\"itemListElement\":[{\"@type\":\"ListItem\",\"position\":1,\"name\":\"In\u00edcio\",\"item\":\"https:\/\/jornalfatosenoticias.com.br\/\"},{\"@type\":\"ListItem\",\"position\":2,\"name\":\"ICMS x ISS na industrializa\u00e7\u00e3o por encomenda: impactos da decis\u00e3o do STF\"}]},{\"@type\":\"WebSite\",\"@id\":\"https:\/\/jornalfatosenoticias.com.br\/#website\",\"url\":\"https:\/\/jornalfatosenoticias.com.br\/\",\"name\":\"Jornal Fatos e Not\u00edcias\",\"description\":\"Not\u00edcias em geral\",\"publisher\":{\"@id\":\"https:\/\/jornalfatosenoticias.com.br\/#organization\"},\"potentialAction\":[{\"@type\":\"SearchAction\",\"target\":{\"@type\":\"EntryPoint\",\"urlTemplate\":\"https:\/\/jornalfatosenoticias.com.br\/?s={search_term_string}\"},\"query-input\":{\"@type\":\"PropertyValueSpecification\",\"valueRequired\":true,\"valueName\":\"search_term_string\"}}],\"inLanguage\":\"pt-BR\"},{\"@type\":\"Organization\",\"@id\":\"https:\/\/jornalfatosenoticias.com.br\/#organization\",\"name\":\"Jornal Fatos e Not\u00edcias\",\"url\":\"https:\/\/jornalfatosenoticias.com.br\/\",\"logo\":{\"@type\":\"ImageObject\",\"inLanguage\":\"pt-BR\",\"@id\":\"https:\/\/jornalfatosenoticias.com.br\/#\/schema\/logo\/image\/\",\"url\":\"https:\/\/jornalfatosenoticias.com.br\/wp-content\/uploads\/2020\/02\/logo120.png\",\"contentUrl\":\"https:\/\/jornalfatosenoticias.com.br\/wp-content\/uploads\/2020\/02\/logo120.png\",\"width\":1227,\"height\":120,\"caption\":\"Jornal Fatos e Not\u00edcias\"},\"image\":{\"@id\":\"https:\/\/jornalfatosenoticias.com.br\/#\/schema\/logo\/image\/\"}},{\"@type\":\"Person\",\"@id\":\"https:\/\/jornalfatosenoticias.com.br\/#\/schema\/person\/d63837fa13ac8666eb9e74e0985d6f81\",\"name\":\"Luzimara Fernandes\",\"image\":{\"@type\":\"ImageObject\",\"inLanguage\":\"pt-BR\",\"@id\":\"https:\/\/jornalfatosenoticias.com.br\/#\/schema\/person\/image\/\",\"url\":\"https:\/\/jornalfatosenoticias.com.br\/wp-content\/uploads\/2025\/05\/EU_portal.jpg\",\"contentUrl\":\"https:\/\/jornalfatosenoticias.com.br\/wp-content\/uploads\/2025\/05\/EU_portal.jpg\",\"caption\":\"Luzimara Fernandes\"},\"description\":\"Jornalista MTB 2358-ES\",\"sameAs\":[\"https:\/\/jornalfatosenoticias.com.br\"],\"url\":\"https:\/\/jornalfatosenoticias.com.br\/index.php\/author\/luzimara\/\"}]}<\/script>\n<!-- \/ Yoast SEO plugin. -->","yoast_head_json":{"title":"ICMS x ISS na industrializa\u00e7\u00e3o por encomenda: impactos da decis\u00e3o do STF - Jornal Fatos e Not\u00edcias","robots":{"index":"index","follow":"follow","max-snippet":"max-snippet:-1","max-image-preview":"max-image-preview:large","max-video-preview":"max-video-preview:-1"},"canonical":"https:\/\/jornalfatosenoticias.com.br\/index.php\/2025\/03\/20\/icms-x-iss-na-industrializacao-por-encomenda-impactos-da-decisao-do-stf\/","og_locale":"pt_BR","og_type":"article","og_title":"ICMS x ISS na industrializa\u00e7\u00e3o por encomenda: impactos da decis\u00e3o do STF - Jornal Fatos e Not\u00edcias","og_description":"Por\u00a0Rogerio Fernandes da Silva &amp; Kalyne Calais No Brasil, a tributa\u00e7\u00e3o sobre a produ\u00e7\u00e3o industrial e a presta\u00e7\u00e3o de servi\u00e7os sempre foi motivo de debates e conflitos entre estados e munic\u00edpios. Um dos temas mais controversos envolve a incid\u00eancia do Imposto sobre Circula\u00e7\u00e3o de Mercadorias e Servi\u00e7os (ICMS) e do Imposto sobre Servi\u00e7os (ISS) em [&hellip;]","og_url":"https:\/\/jornalfatosenoticias.com.br\/index.php\/2025\/03\/20\/icms-x-iss-na-industrializacao-por-encomenda-impactos-da-decisao-do-stf\/","og_site_name":"Jornal Fatos e Not\u00edcias","article_published_time":"2025-03-20T17:05:29+00:00","article_modified_time":"2025-03-20T17:05:30+00:00","og_image":[{"width":612,"height":384,"url":"https:\/\/jornalfatosenoticias.com.br\/wp-content\/uploads\/2025\/03\/foto-texto-Kalyne-e-Rogerio_istock.jpg","type":"image\/jpeg"}],"author":"Luzimara Fernandes","twitter_card":"summary_large_image","twitter_misc":{"Escrito por":"Luzimara Fernandes","Est. tempo de leitura":"3 minutos"},"schema":{"@context":"https:\/\/schema.org","@graph":[{"@type":"Article","@id":"https:\/\/jornalfatosenoticias.com.br\/index.php\/2025\/03\/20\/icms-x-iss-na-industrializacao-por-encomenda-impactos-da-decisao-do-stf\/#article","isPartOf":{"@id":"https:\/\/jornalfatosenoticias.com.br\/index.php\/2025\/03\/20\/icms-x-iss-na-industrializacao-por-encomenda-impactos-da-decisao-do-stf\/"},"author":{"name":"Luzimara Fernandes","@id":"https:\/\/jornalfatosenoticias.com.br\/#\/schema\/person\/d63837fa13ac8666eb9e74e0985d6f81"},"headline":"ICMS x ISS na industrializa\u00e7\u00e3o por encomenda: impactos da decis\u00e3o do STF","datePublished":"2025-03-20T17:05:29+00:00","dateModified":"2025-03-20T17:05:30+00:00","mainEntityOfPage":{"@id":"https:\/\/jornalfatosenoticias.com.br\/index.php\/2025\/03\/20\/icms-x-iss-na-industrializacao-por-encomenda-impactos-da-decisao-do-stf\/"},"wordCount":545,"commentCount":0,"publisher":{"@id":"https:\/\/jornalfatosenoticias.com.br\/#organization"},"image":{"@id":"https:\/\/jornalfatosenoticias.com.br\/index.php\/2025\/03\/20\/icms-x-iss-na-industrializacao-por-encomenda-impactos-da-decisao-do-stf\/#primaryimage"},"thumbnailUrl":"https:\/\/jornalfatosenoticias.com.br\/wp-content\/uploads\/2025\/03\/foto-texto-Kalyne-e-Rogerio_istock.jpg","keywords":["ICMS","industrializa\u00e7\u00e3o","industrializa\u00e7\u00e3o por encomenda","ISS","oportunidades tribut\u00e1rias","setor metalmec\u00e2nico","STF","tributa\u00e7\u00e3o","tributa\u00e7\u00e3o sobre a produ\u00e7\u00e3o industrial"],"articleSection":["Economia"],"inLanguage":"pt-BR","potentialAction":[{"@type":"CommentAction","name":"Comment","target":["https:\/\/jornalfatosenoticias.com.br\/index.php\/2025\/03\/20\/icms-x-iss-na-industrializacao-por-encomenda-impactos-da-decisao-do-stf\/#respond"]}]},{"@type":"WebPage","@id":"https:\/\/jornalfatosenoticias.com.br\/index.php\/2025\/03\/20\/icms-x-iss-na-industrializacao-por-encomenda-impactos-da-decisao-do-stf\/","url":"https:\/\/jornalfatosenoticias.com.br\/index.php\/2025\/03\/20\/icms-x-iss-na-industrializacao-por-encomenda-impactos-da-decisao-do-stf\/","name":"ICMS x ISS na industrializa\u00e7\u00e3o por encomenda: impactos da decis\u00e3o do STF - Jornal Fatos e Not\u00edcias","isPartOf":{"@id":"https:\/\/jornalfatosenoticias.com.br\/#website"},"primaryImageOfPage":{"@id":"https:\/\/jornalfatosenoticias.com.br\/index.php\/2025\/03\/20\/icms-x-iss-na-industrializacao-por-encomenda-impactos-da-decisao-do-stf\/#primaryimage"},"image":{"@id":"https:\/\/jornalfatosenoticias.com.br\/index.php\/2025\/03\/20\/icms-x-iss-na-industrializacao-por-encomenda-impactos-da-decisao-do-stf\/#primaryimage"},"thumbnailUrl":"https:\/\/jornalfatosenoticias.com.br\/wp-content\/uploads\/2025\/03\/foto-texto-Kalyne-e-Rogerio_istock.jpg","datePublished":"2025-03-20T17:05:29+00:00","dateModified":"2025-03-20T17:05:30+00:00","breadcrumb":{"@id":"https:\/\/jornalfatosenoticias.com.br\/index.php\/2025\/03\/20\/icms-x-iss-na-industrializacao-por-encomenda-impactos-da-decisao-do-stf\/#breadcrumb"},"inLanguage":"pt-BR","potentialAction":[{"@type":"ReadAction","target":["https:\/\/jornalfatosenoticias.com.br\/index.php\/2025\/03\/20\/icms-x-iss-na-industrializacao-por-encomenda-impactos-da-decisao-do-stf\/"]}]},{"@type":"ImageObject","inLanguage":"pt-BR","@id":"https:\/\/jornalfatosenoticias.com.br\/index.php\/2025\/03\/20\/icms-x-iss-na-industrializacao-por-encomenda-impactos-da-decisao-do-stf\/#primaryimage","url":"https:\/\/jornalfatosenoticias.com.br\/wp-content\/uploads\/2025\/03\/foto-texto-Kalyne-e-Rogerio_istock.jpg","contentUrl":"https:\/\/jornalfatosenoticias.com.br\/wp-content\/uploads\/2025\/03\/foto-texto-Kalyne-e-Rogerio_istock.jpg","width":612,"height":384,"caption":"The acronym ICMS stands for Tax on Circulation of Goods and Services in Brazilian Portuguese. Brazilian economy and taxes."},{"@type":"BreadcrumbList","@id":"https:\/\/jornalfatosenoticias.com.br\/index.php\/2025\/03\/20\/icms-x-iss-na-industrializacao-por-encomenda-impactos-da-decisao-do-stf\/#breadcrumb","itemListElement":[{"@type":"ListItem","position":1,"name":"In\u00edcio","item":"https:\/\/jornalfatosenoticias.com.br\/"},{"@type":"ListItem","position":2,"name":"ICMS x ISS na industrializa\u00e7\u00e3o por encomenda: impactos da decis\u00e3o do STF"}]},{"@type":"WebSite","@id":"https:\/\/jornalfatosenoticias.com.br\/#website","url":"https:\/\/jornalfatosenoticias.com.br\/","name":"Jornal Fatos e Not\u00edcias","description":"Not\u00edcias em geral","publisher":{"@id":"https:\/\/jornalfatosenoticias.com.br\/#organization"},"potentialAction":[{"@type":"SearchAction","target":{"@type":"EntryPoint","urlTemplate":"https:\/\/jornalfatosenoticias.com.br\/?s={search_term_string}"},"query-input":{"@type":"PropertyValueSpecification","valueRequired":true,"valueName":"search_term_string"}}],"inLanguage":"pt-BR"},{"@type":"Organization","@id":"https:\/\/jornalfatosenoticias.com.br\/#organization","name":"Jornal Fatos e Not\u00edcias","url":"https:\/\/jornalfatosenoticias.com.br\/","logo":{"@type":"ImageObject","inLanguage":"pt-BR","@id":"https:\/\/jornalfatosenoticias.com.br\/#\/schema\/logo\/image\/","url":"https:\/\/jornalfatosenoticias.com.br\/wp-content\/uploads\/2020\/02\/logo120.png","contentUrl":"https:\/\/jornalfatosenoticias.com.br\/wp-content\/uploads\/2020\/02\/logo120.png","width":1227,"height":120,"caption":"Jornal Fatos e Not\u00edcias"},"image":{"@id":"https:\/\/jornalfatosenoticias.com.br\/#\/schema\/logo\/image\/"}},{"@type":"Person","@id":"https:\/\/jornalfatosenoticias.com.br\/#\/schema\/person\/d63837fa13ac8666eb9e74e0985d6f81","name":"Luzimara Fernandes","image":{"@type":"ImageObject","inLanguage":"pt-BR","@id":"https:\/\/jornalfatosenoticias.com.br\/#\/schema\/person\/image\/","url":"https:\/\/jornalfatosenoticias.com.br\/wp-content\/uploads\/2025\/05\/EU_portal.jpg","contentUrl":"https:\/\/jornalfatosenoticias.com.br\/wp-content\/uploads\/2025\/05\/EU_portal.jpg","caption":"Luzimara Fernandes"},"description":"Jornalista MTB 2358-ES","sameAs":["https:\/\/jornalfatosenoticias.com.br"],"url":"https:\/\/jornalfatosenoticias.com.br\/index.php\/author\/luzimara\/"}]}},"cc_featured_image_caption":{"caption_text":"(Foto: iStock)","source_text":"","source_url":""},"jetpack_featured_media_url":"https:\/\/jornalfatosenoticias.com.br\/wp-content\/uploads\/2025\/03\/foto-texto-Kalyne-e-Rogerio_istock.jpg","_links":{"self":[{"href":"https:\/\/jornalfatosenoticias.com.br\/index.php\/wp-json\/wp\/v2\/posts\/57906","targetHints":{"allow":["GET"]}}],"collection":[{"href":"https:\/\/jornalfatosenoticias.com.br\/index.php\/wp-json\/wp\/v2\/posts"}],"about":[{"href":"https:\/\/jornalfatosenoticias.com.br\/index.php\/wp-json\/wp\/v2\/types\/post"}],"author":[{"embeddable":true,"href":"https:\/\/jornalfatosenoticias.com.br\/index.php\/wp-json\/wp\/v2\/users\/2"}],"replies":[{"embeddable":true,"href":"https:\/\/jornalfatosenoticias.com.br\/index.php\/wp-json\/wp\/v2\/comments?post=57906"}],"version-history":[{"count":0,"href":"https:\/\/jornalfatosenoticias.com.br\/index.php\/wp-json\/wp\/v2\/posts\/57906\/revisions"}],"wp:featuredmedia":[{"embeddable":true,"href":"https:\/\/jornalfatosenoticias.com.br\/index.php\/wp-json\/wp\/v2\/media\/57907"}],"wp:attachment":[{"href":"https:\/\/jornalfatosenoticias.com.br\/index.php\/wp-json\/wp\/v2\/media?parent=57906"}],"wp:term":[{"taxonomy":"category","embeddable":true,"href":"https:\/\/jornalfatosenoticias.com.br\/index.php\/wp-json\/wp\/v2\/categories?post=57906"},{"taxonomy":"post_tag","embeddable":true,"href":"https:\/\/jornalfatosenoticias.com.br\/index.php\/wp-json\/wp\/v2\/tags?post=57906"}],"curies":[{"name":"wp","href":"https:\/\/api.w.org\/{rel}","templated":true}]}}