{"id":57912,"date":"2025-03-20T14:43:32","date_gmt":"2025-03-20T17:43:32","guid":{"rendered":"https:\/\/jornalfatosenoticias.com.br\/?p=57912"},"modified":"2025-03-20T14:43:34","modified_gmt":"2025-03-20T17:43:34","slug":"a-semana-no-brasil-e-no-mundo-eua-preparam-sancoes-contra-autoridades-brasileiras-incluindo-alexandre-de-moraes","status":"publish","type":"post","link":"https:\/\/jornalfatosenoticias.com.br\/index.php\/2025\/03\/20\/a-semana-no-brasil-e-no-mundo-eua-preparam-sancoes-contra-autoridades-brasileiras-incluindo-alexandre-de-moraes\/","title":{"rendered":"A Semana no Brasil e no Mundo \u2014 EUA preparam san\u00e7\u00f5es contra autoridades brasileiras, incluindo Alexandre de Moraes"},"content":{"rendered":"\n<div class=\"wp-block-image\"><figure class=\"aligncenter size-large\"><a href=\"https:\/\/mizu.com.br\/\"><img loading=\"lazy\" decoding=\"async\" width=\"729\" height=\"90\" src=\"https:\/\/jornalfatosenoticias.com.br\/wp-content\/uploads\/2020\/02\/Logo_Mizu.png\" alt=\"\" class=\"wp-image-1441\" srcset=\"https:\/\/jornalfatosenoticias.com.br\/wp-content\/uploads\/2020\/02\/Logo_Mizu.png 729w, https:\/\/jornalfatosenoticias.com.br\/wp-content\/uploads\/2020\/02\/Logo_Mizu-300x37.png 300w\" sizes=\"auto, (max-width: 729px) 100vw, 729px\" \/><\/a><\/figure><\/div>\n\n\n\n<p>Os Estados Unidos est\u00e3o planejando um pacote de san\u00e7\u00f5es que pode atingir mais de uma dezena de autoridades brasileiras, incluindo o ministro do Supremo Tribunal Federal (STF), Alexandre de Moraes. A proposta foi elaborada por auxiliares do ex-presidente Donald Trump e inclui um prazo de 120 dias para que o Departamento de Estado norte-americano identifique outros integrantes do Judici\u00e1rio e do governo brasileiro que tenham apoiado a derrubada de perfis de redes sociais nos EUA.<br>A medida pode impactar tamb\u00e9m outros ministros do STF, ju\u00edzes auxiliares, o procurador-geral da Rep\u00fablica, Paulo Gonet, e delegados da Pol\u00edcia Federal envolvidos em decis\u00f5es relacionadas ao tema. A justificativa do governo norte-americano \u00e9 que a remo\u00e7\u00e3o dos perfis configuraria viola\u00e7\u00f5es de direitos humanos, abuso de poder e interfer\u00eancia na jurisdi\u00e7\u00e3o dos EUA.<\/p>\n\n\n\n<div class=\"wp-block-image\"><figure class=\"aligncenter size-large is-resized\"><a href=\"https:\/\/www.instagram.com\/rcradiadores\/\"><img loading=\"lazy\" decoding=\"async\" src=\"https:\/\/jornalfatosenoticias.com.br\/wp-content\/uploads\/2022\/10\/RC_800x750_page-0001.jpg\" alt=\"\" class=\"wp-image-35338\" width=\"345\" height=\"323\" srcset=\"https:\/\/jornalfatosenoticias.com.br\/wp-content\/uploads\/2022\/10\/RC_800x750_page-0001.jpg 400w, https:\/\/jornalfatosenoticias.com.br\/wp-content\/uploads\/2022\/10\/RC_800x750_page-0001-300x281.jpg 300w\" sizes=\"auto, (max-width: 345px) 100vw, 345px\" \/><\/a><\/figure><\/div>\n\n\n\n<p>O prazo de 120 dias \u00e9 estrat\u00e9gico e visa permitir que o governo norte-americano avalie a rea\u00e7\u00e3o das autoridades brasileiras antes da implementa\u00e7\u00e3o das san\u00e7\u00f5es. Nos bastidores, a expectativa da Casa Branca \u00e9 de que a medida possa pressionar o STF a recuar em suas decis\u00f5es. No entanto, ministros ouvidos pela reportagem afirmam que a ofensiva dos EUA n\u00e3o mudar\u00e1 a atua\u00e7\u00e3o da Corte, defendendo que a remo\u00e7\u00e3o dos perfis foi necess\u00e1ria diante de viola\u00e7\u00f5es dos limites da liberdade de express\u00e3o.<\/p>\n\n\n\n<div class=\"wp-block-image\"><figure class=\"aligncenter size-large is-resized\"><a href=\"https:\/\/www.controlsystems.com.br\/\"><img loading=\"lazy\" decoding=\"async\" src=\"https:\/\/jornalfatosenoticias.com.br\/wp-content\/uploads\/2020\/02\/CONTROL-CS.jpg\" alt=\"\" class=\"wp-image-44991\" width=\"321\" height=\"385\" srcset=\"https:\/\/jornalfatosenoticias.com.br\/wp-content\/uploads\/2020\/02\/CONTROL-CS.jpg 834w, https:\/\/jornalfatosenoticias.com.br\/wp-content\/uploads\/2020\/02\/CONTROL-CS-250x300.jpg 250w, https:\/\/jornalfatosenoticias.com.br\/wp-content\/uploads\/2020\/02\/CONTROL-CS-768x921.jpg 768w\" sizes=\"auto, (max-width: 321px) 100vw, 321px\" \/><\/a><\/figure><\/div>\n\n\n\n<p>O texto, redigido por assessores de Trump, ainda ser\u00e1 submetido ao pr\u00f3prio ex-presidente, que pode realizar ajustes. Um dos principais entusiastas da proposta \u00e9 Elon Musk, empres\u00e1rio e dono da rede social X, que atualmente ocupa o cargo de chefe do Departamento de Efici\u00eancia Governamental dos EUA. Musk tem pressionado a administra\u00e7\u00e3o Trump para aplicar a Lei Magnitsky contra Alexandre de Moraes. Caso seja sancionado sob essa legisla\u00e7\u00e3o, Moraes poderia ter seu visto revogado e ficaria impedido de realizar neg\u00f3cios nos Estados Unidos ou com cidad\u00e3os norte-americanos. <strong>(Fonte: Hora Bras\u00edlia)<\/strong><\/p>\n\n\n\n<div class=\"wp-block-image\"><figure class=\"aligncenter size-large is-resized\"><a href=\"https:\/\/www.instagram.com\/restaurantepegoretti\/\"><img loading=\"lazy\" decoding=\"async\" src=\"https:\/\/jornalfatosenoticias.com.br\/wp-content\/uploads\/2023\/12\/pegoretti-logo-pdf-1024x389.jpg\" alt=\"\" class=\"wp-image-47536\" width=\"535\" height=\"203\" srcset=\"https:\/\/jornalfatosenoticias.com.br\/wp-content\/uploads\/2023\/12\/pegoretti-logo-pdf-1024x389.jpg 1024w, https:\/\/jornalfatosenoticias.com.br\/wp-content\/uploads\/2023\/12\/pegoretti-logo-pdf-300x114.jpg 300w, https:\/\/jornalfatosenoticias.com.br\/wp-content\/uploads\/2023\/12\/pegoretti-logo-pdf-768x291.jpg 768w, https:\/\/jornalfatosenoticias.com.br\/wp-content\/uploads\/2023\/12\/pegoretti-logo-pdf.jpg 1120w\" sizes=\"auto, (max-width: 535px) 100vw, 535px\" \/><\/a><\/figure><\/div>\n\n\n\n<hr class=\"wp-block-separator\"\/>\n\n\n\n<h3 class=\"wp-block-heading\"><span class=\"has-inline-color has-black-color\">Eduardo Bolsonaro anuncia licen\u00e7a tempor\u00e1ria do mandato de deputado federal e denuncia persegui\u00e7\u00e3o<\/span><\/h3>\n\n\n\n<div class=\"wp-block-image\"><figure class=\"aligncenter size-large\"><img loading=\"lazy\" decoding=\"async\" width=\"800\" height=\"500\" src=\"https:\/\/jornalfatosenoticias.com.br\/wp-content\/uploads\/2025\/03\/eduardo-bolsonaro.jpg\" alt=\"\" class=\"wp-image-57917\" srcset=\"https:\/\/jornalfatosenoticias.com.br\/wp-content\/uploads\/2025\/03\/eduardo-bolsonaro.jpg 800w, https:\/\/jornalfatosenoticias.com.br\/wp-content\/uploads\/2025\/03\/eduardo-bolsonaro-300x188.jpg 300w, https:\/\/jornalfatosenoticias.com.br\/wp-content\/uploads\/2025\/03\/eduardo-bolsonaro-768x480.jpg 768w, https:\/\/jornalfatosenoticias.com.br\/wp-content\/uploads\/2025\/03\/eduardo-bolsonaro-350x220.jpg 350w\" sizes=\"auto, (max-width: 800px) 100vw, 800px\" \/><figcaption><em><span class=\"has-inline-color has-black-color\">(Foto: Ag\u00eancia C\u00e2mara)<\/span><\/em><\/figcaption><\/figure><\/div>\n\n\n\n<p>O deputado federal Eduardo Bolsonaro (PL-SP) anunciou, nesta ter\u00e7a-feira (18), que se licenciar\u00e1 temporariamente do cargo, sem remunera\u00e7\u00e3o. O filho do ex-presidente Jair Bolsonaro (PL) n\u00e3o detalhou os motivos espec\u00edficos da decis\u00e3o, mas afirmou que continuar\u00e1 representando seus eleitores. \u201cAssumi o mandato parlamentar para representar a minha na\u00e7\u00e3o. Eu abdico temporariamente dele para seguir bem representando esses milh\u00f5es de irm\u00e3os de P\u00e1tria\u201d, declarou Eduardo em suas redes sociais. A licen\u00e7a do deputado ocorre em um momento de intensa movimenta\u00e7\u00e3o pol\u00edtica na direita brasileira, especialmente diante das investiga\u00e7\u00f5es contra Jair Bolsonaro e seus aliados.<strong> (Fonte: Hora Bras\u00edlia)<\/strong><\/p>\n\n\n\n<div class=\"wp-block-image\"><figure class=\"aligncenter size-large is-resized\"><a href=\"https:\/\/www.instagram.com\/esteiochurrascaria\/\"><img loading=\"lazy\" decoding=\"async\" src=\"https:\/\/jornalfatosenoticias.com.br\/wp-content\/uploads\/2022\/02\/LOGO-ESTEIO-1024x730.png\" alt=\"\" class=\"wp-image-27942\" width=\"364\" height=\"259\" srcset=\"https:\/\/jornalfatosenoticias.com.br\/wp-content\/uploads\/2022\/02\/LOGO-ESTEIO-1024x730.png 1024w, https:\/\/jornalfatosenoticias.com.br\/wp-content\/uploads\/2022\/02\/LOGO-ESTEIO-300x214.png 300w, https:\/\/jornalfatosenoticias.com.br\/wp-content\/uploads\/2022\/02\/LOGO-ESTEIO-768x548.png 768w, https:\/\/jornalfatosenoticias.com.br\/wp-content\/uploads\/2022\/02\/LOGO-ESTEIO.png 1123w\" sizes=\"auto, (max-width: 364px) 100vw, 364px\" \/><\/a><\/figure><\/div>\n\n\n\n<hr class=\"wp-block-separator\"\/>\n\n\n\n<h3 class=\"wp-block-heading\"><span class=\"has-inline-color has-black-color\">Pol\u00edticos que mentem podem ser for\u00e7ados a deixar o cargo no Pa\u00eds de Gales<\/span><\/h3>\n\n\n\n<div class=\"wp-block-image\"><figure class=\"aligncenter size-large\"><img loading=\"lazy\" decoding=\"async\" width=\"640\" height=\"434\" src=\"https:\/\/jornalfatosenoticias.com.br\/wp-content\/uploads\/2025\/03\/Pais-de-Gales-parlamento.jpg\" alt=\"\" class=\"wp-image-57916\" srcset=\"https:\/\/jornalfatosenoticias.com.br\/wp-content\/uploads\/2025\/03\/Pais-de-Gales-parlamento.jpg 640w, https:\/\/jornalfatosenoticias.com.br\/wp-content\/uploads\/2025\/03\/Pais-de-Gales-parlamento-300x203.jpg 300w\" sizes=\"auto, (max-width: 640px) 100vw, 640px\" \/><figcaption><em><span class=\"has-inline-color has-black-color\">Projeto de lei, conforme a resolu\u00e7\u00e3o, tem o intuito de restaurar a confian\u00e7a na pol\u00edtica (Foto: Wikipedia)<\/span><\/em><\/figcaption><\/figure><\/div>\n\n\n\n<p><span class=\"has-inline-color has-black-color\">Por <strong>Tha\u00eds Garcia<\/strong><br><\/span>For\u00e7ar pol\u00edticos que mentem a enfrentar o p\u00fablico por meio de um referendo de voto de confian\u00e7a \u00e9 uma proposta que est\u00e1 sendo considerada no Pa\u00eds de Gales. De acordo com as recomenda\u00e7\u00f5es apresentadas pelo comit\u00ea de padr\u00f5es de conduta do Parlamento Gal\u00eas, os pol\u00edticos que enganarem deliberadamente enfrentariam uma vota\u00e7\u00e3o no estilo referendo em seus c\u00edrculos eleitorais, para decidir se ser\u00e3o demitidos ou poder\u00e3o permanecer no cargo.<\/p>\n\n\n\n<div class=\"wp-block-image\"><figure class=\"aligncenter size-large is-resized\"><a href=\"https:\/\/www.instagram.com\/serra4x4cambioautomatico\/\"><img loading=\"lazy\" decoding=\"async\" src=\"https:\/\/jornalfatosenoticias.com.br\/wp-content\/uploads\/2024\/08\/Serra-4x4-1-886x1024.jpg\" alt=\"\" class=\"wp-image-53632\" width=\"298\" height=\"344\" srcset=\"https:\/\/jornalfatosenoticias.com.br\/wp-content\/uploads\/2024\/08\/Serra-4x4-1-886x1024.jpg 886w, https:\/\/jornalfatosenoticias.com.br\/wp-content\/uploads\/2024\/08\/Serra-4x4-1-260x300.jpg 260w, https:\/\/jornalfatosenoticias.com.br\/wp-content\/uploads\/2024\/08\/Serra-4x4-1-768x888.jpg 768w, https:\/\/jornalfatosenoticias.com.br\/wp-content\/uploads\/2024\/08\/Serra-4x4-1.jpg 1181w\" sizes=\"auto, (max-width: 298px) 100vw, 298px\" \/><\/a><\/figure><\/div>\n\n\n\n<p>As poss\u00edveis penalidades propostas variam de uma retrata\u00e7\u00e3o formal \u00e0 suspens\u00e3o ou, em casos extremos, revoga\u00e7\u00e3o pelo voto dos eleitores. O comit\u00ea, no entanto, n\u00e3o chegou a recomendar que o engano deliberado fosse considerado uma infra\u00e7\u00e3o criminal. A ideia de que pol\u00edticos que mentem poderiam ser investigados pela pol\u00edcia e pelos tribunais j\u00e1 havia sido previamente discutida. A op\u00e7\u00e3o de uma infra\u00e7\u00e3o civil com menor \u00f4nus da prova tamb\u00e9m foi rejeitada.<\/p>\n\n\n\n<div class=\"wp-block-image\"><figure class=\"aligncenter size-large is-resized\"><a href=\"https:\/\/hotelmarquetti.com.br\/\"><img loading=\"lazy\" decoding=\"async\" src=\"https:\/\/jornalfatosenoticias.com.br\/wp-content\/uploads\/2023\/03\/nova-logo-Marquetti.jpg\" alt=\"\" class=\"wp-image-40207\" width=\"387\" height=\"260\" srcset=\"https:\/\/jornalfatosenoticias.com.br\/wp-content\/uploads\/2023\/03\/nova-logo-Marquetti.jpg 643w, https:\/\/jornalfatosenoticias.com.br\/wp-content\/uploads\/2023\/03\/nova-logo-Marquetti-300x202.jpg 300w\" sizes=\"auto, (max-width: 387px) 100vw, 387px\" \/><\/a><\/figure><\/div>\n\n\n\n<p>O projeto de lei coincide com um novo estudo da Universidade de Southampton, na Inglaterra, que destaca uma crise global de confian\u00e7a na pol\u00edtica. \u201cO decl\u00ednio da confian\u00e7a p\u00fablica nas autoridades pol\u00edticas \u00e9 central para os desafios enfrentados pelos governos democr\u00e1ticos em muitos pa\u00edses hoje\u201d, afirmou o autor principal, Dr. Viktor Valgar\u00f0sson.<\/p>\n\n\n\n<div class=\"wp-block-image\"><figure class=\"aligncenter size-large is-resized\"><a href=\"https:\/\/www.facebook.com\/postobkr\/?locale=pt_BR\"><img loading=\"lazy\" decoding=\"async\" src=\"https:\/\/jornalfatosenoticias.com.br\/wp-content\/uploads\/2023\/08\/BKR-1024x1021.jpg\" alt=\"\" class=\"wp-image-44494\" width=\"368\" height=\"367\" srcset=\"https:\/\/jornalfatosenoticias.com.br\/wp-content\/uploads\/2023\/08\/BKR-1024x1021.jpg 1024w, https:\/\/jornalfatosenoticias.com.br\/wp-content\/uploads\/2023\/08\/BKR-300x300.jpg 300w, https:\/\/jornalfatosenoticias.com.br\/wp-content\/uploads\/2023\/08\/BKR-150x150.jpg 150w, https:\/\/jornalfatosenoticias.com.br\/wp-content\/uploads\/2023\/08\/BKR-768x766.jpg 768w, https:\/\/jornalfatosenoticias.com.br\/wp-content\/uploads\/2023\/08\/BKR.jpg 1080w\" sizes=\"auto, (max-width: 368px) 100vw, 368px\" \/><\/a><\/figure><\/div>\n\n\n\n<p>O comit\u00ea de padr\u00f5es de conduta do Parlamento Gal\u00eas acredita que dar aos eleitores o poder de demitir pol\u00edticos mentirosos pode ajudar a restaurar a confian\u00e7a. \u201cRegras mais r\u00edgidas para parlamentares e candidatos que concorrem \u00e0 elei\u00e7\u00e3o s\u00e3o cruciais em um momento em que a confian\u00e7a p\u00fablica em nossas institui\u00e7\u00f5es \u00e9 baixa\u201d, afirmou a presidente do comit\u00ea. A proposta est\u00e1 sendo considerada pelo governo gal\u00eas, que se comprometeu a introduzir uma legisla\u00e7\u00e3o at\u00e9 2026. <strong>(Fonte: Conex\u00e3o Pol\u00edtica)<\/strong><\/p>\n\n\n\n<div class=\"wp-block-image\"><figure class=\"aligncenter size-large is-resized\"><a href=\"https:\/\/www.ithbrasil.com.br\/\"><img loading=\"lazy\" decoding=\"async\" src=\"https:\/\/jornalfatosenoticias.com.br\/wp-content\/uploads\/2023\/08\/ITH.jpeg\" alt=\"\" class=\"wp-image-44638\" width=\"343\" height=\"278\" srcset=\"https:\/\/jornalfatosenoticias.com.br\/wp-content\/uploads\/2023\/08\/ITH.jpeg 800w, https:\/\/jornalfatosenoticias.com.br\/wp-content\/uploads\/2023\/08\/ITH-300x244.jpeg 300w, https:\/\/jornalfatosenoticias.com.br\/wp-content\/uploads\/2023\/08\/ITH-768x624.jpeg 768w\" sizes=\"auto, (max-width: 343px) 100vw, 343px\" \/><\/a><\/figure><\/div>\n\n\n\n<hr class=\"wp-block-separator\"\/>\n\n\n\n<h3 class=\"wp-block-heading\"><span class=\"has-inline-color has-black-color\">CVM investiga ministros do governo Lula por cargos em empresa privada, aponta Estad\u00e3o<\/span><\/h3>\n\n\n\n<div class=\"wp-block-image\"><figure class=\"aligncenter size-large\"><img loading=\"lazy\" decoding=\"async\" width=\"1000\" height=\"555\" src=\"https:\/\/jornalfatosenoticias.com.br\/wp-content\/uploads\/2025\/03\/MINISTROS-DE-LULA_CVM.jpg\" alt=\"\" class=\"wp-image-57915\" srcset=\"https:\/\/jornalfatosenoticias.com.br\/wp-content\/uploads\/2025\/03\/MINISTROS-DE-LULA_CVM.jpg 1000w, https:\/\/jornalfatosenoticias.com.br\/wp-content\/uploads\/2025\/03\/MINISTROS-DE-LULA_CVM-300x167.jpg 300w, https:\/\/jornalfatosenoticias.com.br\/wp-content\/uploads\/2025\/03\/MINISTROS-DE-LULA_CVM-768x426.jpg 768w\" sizes=\"auto, (max-width: 1000px) 100vw, 1000px\" \/><figcaption><em><span class=\"has-inline-color has-black-color\">(Foto: Ag\u00eancia Brasil)<\/span><\/em><\/figcaption><\/figure><\/div>\n\n\n\n<p>A Comiss\u00e3o de Valores Mobili\u00e1rios (CVM) abriu um processo administrativo para investigar poss\u00edveis irregularidades na nomea\u00e7\u00e3o de tr\u00eas ministros do governo Lula para o Conselho de Administra\u00e7\u00e3o da Tupy, multinacional metal\u00fargica com a\u00e7\u00f5es negociadas na Bolsa de Valores. A informa\u00e7\u00e3o \u00e9 do Estad\u00e3o.<\/p>\n\n\n\n<div class=\"wp-block-image\"><figure class=\"aligncenter size-large is-resized\"><a href=\"https:\/\/panper.com.br\/\"><img loading=\"lazy\" decoding=\"async\" src=\"https:\/\/jornalfatosenoticias.com.br\/wp-content\/uploads\/2023\/03\/logo-Panper_portal.jpg\" alt=\"\" class=\"wp-image-40208\" width=\"360\" height=\"249\" srcset=\"https:\/\/jornalfatosenoticias.com.br\/wp-content\/uploads\/2023\/03\/logo-Panper_portal.jpg 400w, https:\/\/jornalfatosenoticias.com.br\/wp-content\/uploads\/2023\/03\/logo-Panper_portal-300x208.jpg 300w\" sizes=\"auto, (max-width: 360px) 100vw, 360px\" \/><\/a><\/figure><\/div>\n\n\n\n<p>Os ministros Carlos Lupi (Previd\u00eancia), Anielle Franco (Igualdade Racial) e Vinicius Marques de Carvalho (Controladoria-Geral da Uni\u00e3o) foram indicados para o conselho em 2023 pela BNDES Participa\u00e7\u00f5es (BNDESPar), que det\u00e9m 28,19% da empresa. Segundo a CVM, eles deveriam ter solicitado um parecer formal sobre poss\u00edvel conflito de interesses antes de assumirem os cargos.<\/p>\n\n\n\n<div class=\"wp-block-image\"><figure class=\"aligncenter size-large\"><a href=\"https:\/\/www.cesconetto.com.br\/\"><img loading=\"lazy\" decoding=\"async\" width=\"300\" height=\"250\" src=\"https:\/\/jornalfatosenoticias.com.br\/wp-content\/uploads\/2022\/02\/Banner-2.png\" alt=\"\" class=\"wp-image-27877\"\/><\/a><\/figure><\/div>\n\n\n\n<p>A Comiss\u00e3o de \u00c9tica P\u00fablica (CEP) da Presid\u00eancia s\u00f3 recebeu o caso para an\u00e1lise no fim de 2023, ap\u00f3s questionamentos da CVM. Embora tenha dado parecer favor\u00e1vel \u00e0 participa\u00e7\u00e3o dos ministros, o caso segue em aberto. No dia 24 deste m\u00eas, a comiss\u00e3o decidir\u00e1 se abrir\u00e1 um processo por viola\u00e7\u00e3o \u00e9tica, uma infra\u00e7\u00e3o que pode resultar em censura p\u00fablica v\u00e1lida por tr\u00eas anos, afetando a reputa\u00e7\u00e3o dos envolvidos.<\/p>\n\n\n\n<div class=\"wp-block-image\"><figure class=\"aligncenter size-large\"><a href=\"http:\/\/www.ferrarimaquinas.com.br\/\"><img loading=\"lazy\" decoding=\"async\" width=\"300\" height=\"250\" src=\"https:\/\/jornalfatosenoticias.com.br\/wp-content\/uploads\/2022\/02\/FERRARI_MAQUINAS-E-FERRAMENTAS2.jpg\" alt=\"\" class=\"wp-image-27860\"\/><\/a><\/figure><\/div>\n\n\n\n<p>A CVM notificou a Tupy em outubro do ano passado, lembrando que a Lei de Conflito de Interesses exige autoriza\u00e7\u00e3o pr\u00e9via da CEP para que servidores federais ocupem cargos em empresas privadas. O \u00f3rg\u00e3o regulador recomendou que a companhia exigisse comprova\u00e7\u00e3o formal antes de nomear agentes p\u00fablicos para sua administra\u00e7\u00e3o.<\/p>\n\n\n\n<div class=\"wp-block-image\"><figure class=\"aligncenter size-large is-resized\"><a href=\"https:\/\/www.legisjuris.com.br\/\"><img loading=\"lazy\" decoding=\"async\" src=\"https:\/\/jornalfatosenoticias.com.br\/wp-content\/uploads\/2024\/09\/Legis-Juris-Consultoria_logo.jpg\" alt=\"\" class=\"wp-image-53915\" width=\"523\" height=\"219\" srcset=\"https:\/\/jornalfatosenoticias.com.br\/wp-content\/uploads\/2024\/09\/Legis-Juris-Consultoria_logo.jpg 969w, https:\/\/jornalfatosenoticias.com.br\/wp-content\/uploads\/2024\/09\/Legis-Juris-Consultoria_logo-300x126.jpg 300w, https:\/\/jornalfatosenoticias.com.br\/wp-content\/uploads\/2024\/09\/Legis-Juris-Consultoria_logo-768x322.jpg 768w\" sizes=\"auto, (max-width: 523px) 100vw, 523px\" \/><\/a><\/figure><\/div>\n\n\n\n<p>A presen\u00e7a de membros do governo em conselhos de empresas ligadas ao setor p\u00fablico tem sido uma pr\u00e1tica recorrente, permitindo que ministros complementem seus sal\u00e1rios. Em 2024, o Conselho de Administra\u00e7\u00e3o da Tupy distribuiu R$ 4,28 milh\u00f5es aos seus membros \u2014 uma m\u00e9dia de R$ 39 mil por m\u00eas para cada um. Al\u00e9m disso, R$ 1,77 milh\u00e3o foi pago por participa\u00e7\u00f5es em comit\u00eas internos.<br>Somando os sal\u00e1rios p\u00fablicos e os rendimentos da Tupy, os tr\u00eas ministros superam R$ 83 mil mensais \u2014 quase o dobro do teto do funcionalismo p\u00fablico federal, que \u00e9 de R$ 46 mil.<\/p>\n\n\n\n<div class=\"wp-block-image\"><figure class=\"aligncenter size-large is-resized\"><a href=\"https:\/\/www.facebook.com\/profile.php?id=100069289606145\"><img loading=\"lazy\" decoding=\"async\" src=\"https:\/\/jornalfatosenoticias.com.br\/wp-content\/uploads\/2024\/11\/Guaitolini-Contabilidade-1024x714.jpeg\" alt=\"\" class=\"wp-image-55808\" width=\"362\" height=\"252\" srcset=\"https:\/\/jornalfatosenoticias.com.br\/wp-content\/uploads\/2024\/11\/Guaitolini-Contabilidade-1024x714.jpeg 1024w, https:\/\/jornalfatosenoticias.com.br\/wp-content\/uploads\/2024\/11\/Guaitolini-Contabilidade-300x209.jpeg 300w, https:\/\/jornalfatosenoticias.com.br\/wp-content\/uploads\/2024\/11\/Guaitolini-Contabilidade-768x535.jpeg 768w, https:\/\/jornalfatosenoticias.com.br\/wp-content\/uploads\/2024\/11\/Guaitolini-Contabilidade.jpeg 1280w\" sizes=\"auto, (max-width: 362px) 100vw, 362px\" \/><\/a><\/figure><\/div>\n\n\n\n<p>A quest\u00e3o do poss\u00edvel conflito de interesses s\u00f3 foi levantada em outubro de 2023, meses ap\u00f3s as nomea\u00e7\u00f5es, quando Fl\u00e1vio Rezende Dematt\u00e9, chefe de gabinete de Marques de Carvalho, questionou a CEP sobre a necessidade de consulta formal. Em resposta, a secret\u00e1ria-executiva da CEP, Renata Almeida D\u2019\u00c1vila, afirmou que qualquer autoridade deve obter autoriza\u00e7\u00e3o pr\u00e9via antes de assumir cargos privados. <strong>(Fonte: Hora Bras\u00edlia)<\/strong><\/p>\n\n\n\n<div class=\"wp-block-image\"><figure class=\"aligncenter size-large is-resized\"><a href=\"https:\/\/www.facebook.com\/vetor.vix\/\"><img loading=\"lazy\" decoding=\"async\" src=\"https:\/\/jornalfatosenoticias.com.br\/wp-content\/uploads\/2023\/09\/vetorvix1024_1.jpg\" alt=\"\" class=\"wp-image-44868\" width=\"554\" height=\"147\" srcset=\"https:\/\/jornalfatosenoticias.com.br\/wp-content\/uploads\/2023\/09\/vetorvix1024_1.jpg 1024w, https:\/\/jornalfatosenoticias.com.br\/wp-content\/uploads\/2023\/09\/vetorvix1024_1-300x80.jpg 300w, https:\/\/jornalfatosenoticias.com.br\/wp-content\/uploads\/2023\/09\/vetorvix1024_1-768x205.jpg 768w\" sizes=\"auto, (max-width: 554px) 100vw, 554px\" \/><\/a><\/figure><\/div>\n\n\n\n<hr class=\"wp-block-separator\"\/>\n\n\n\n<h3 class=\"wp-block-heading\"><span class=\"has-inline-color has-black-color\">Em conversa com Trump, Putin concorda em parar ataques \u00e0 estrutura de energia da Ucr\u00e2nia por 30 dias<\/span><\/h3>\n\n\n\n<div class=\"wp-block-image\"><figure class=\"aligncenter size-large\"><img loading=\"lazy\" decoding=\"async\" width=\"612\" height=\"445\" src=\"https:\/\/jornalfatosenoticias.com.br\/wp-content\/uploads\/2025\/03\/Putin_gettyimages.jpg\" alt=\"\" class=\"wp-image-57914\" srcset=\"https:\/\/jornalfatosenoticias.com.br\/wp-content\/uploads\/2025\/03\/Putin_gettyimages.jpg 612w, https:\/\/jornalfatosenoticias.com.br\/wp-content\/uploads\/2025\/03\/Putin_gettyimages-300x218.jpg 300w\" sizes=\"auto, (max-width: 612px) 100vw, 612px\" \/><figcaption><em><span class=\"has-inline-color has-black-color\">(Foto: Getty Images)<\/span><\/em><\/figcaption><\/figure><\/div>\n\n\n\n<p><span class=\"has-inline-color has-black-color\">Por <strong>F\u00e1bio Gal\u00e3o<\/strong><br><\/span>O ditador da R\u00fassia, Vladimir Putin, concordou em cessar os ataques \u00e0s instala\u00e7\u00f5es de energia e infraestrutura da Ucr\u00e2nia durante 30 dias, numa liga\u00e7\u00e3o de cerca de 90 minutos nesta ter\u00e7a-feira (18) com o presidente dos Estados Unidos, Donald Trump. A pausa nesse tipo de ataques \u00e0 R\u00fassia tamb\u00e9m ter\u00e1 que ser cumprida por Kiev.<\/p>\n\n\n\n<div class=\"wp-block-image\"><figure class=\"aligncenter size-large is-resized\"><a href=\"https:\/\/www.instagram.com\/rcradiadores\/\"><img loading=\"lazy\" decoding=\"async\" src=\"https:\/\/jornalfatosenoticias.com.br\/wp-content\/uploads\/2022\/10\/RC_800x750_page-0001.jpg\" alt=\"\" class=\"wp-image-35338\" width=\"347\" height=\"325\" srcset=\"https:\/\/jornalfatosenoticias.com.br\/wp-content\/uploads\/2022\/10\/RC_800x750_page-0001.jpg 400w, https:\/\/jornalfatosenoticias.com.br\/wp-content\/uploads\/2022\/10\/RC_800x750_page-0001-300x281.jpg 300w\" sizes=\"auto, (max-width: 347px) 100vw, 347px\" \/><\/a><\/figure><\/div>\n\n\n\n<p>Num comunicado, a Casa Branca informou que Putin e Trump \u201cconcordaram que o movimento para a paz come\u00e7ar\u00e1 com um cessar-fogo de energia e infraestrutura, bem como negocia\u00e7\u00f5es t\u00e9cnicas sobre a implementa\u00e7\u00e3o de um cessar-fogo mar\u00edtimo no Mar Negro, cessar-fogo total e paz permanente\u201d. Segundo informa\u00e7\u00f5es da CNN, o comunicado acrescentou que negocia\u00e7\u00f5es sobre esses pontos come\u00e7ar\u00e3o \u201cimediatamente\u201d no Oriente M\u00e9dio.<\/p>\n\n\n\n<div class=\"wp-block-image\"><figure class=\"aligncenter size-large is-resized\"><a href=\"https:\/\/www.instagram.com\/esteiochurrascaria\/\"><img loading=\"lazy\" decoding=\"async\" src=\"https:\/\/jornalfatosenoticias.com.br\/wp-content\/uploads\/2022\/02\/LOGO-ESTEIO-1024x730.png\" alt=\"\" class=\"wp-image-27942\" width=\"374\" height=\"266\" srcset=\"https:\/\/jornalfatosenoticias.com.br\/wp-content\/uploads\/2022\/02\/LOGO-ESTEIO-1024x730.png 1024w, https:\/\/jornalfatosenoticias.com.br\/wp-content\/uploads\/2022\/02\/LOGO-ESTEIO-300x214.png 300w, https:\/\/jornalfatosenoticias.com.br\/wp-content\/uploads\/2022\/02\/LOGO-ESTEIO-768x548.png 768w, https:\/\/jornalfatosenoticias.com.br\/wp-content\/uploads\/2022\/02\/LOGO-ESTEIO.png 1123w\" sizes=\"auto, (max-width: 374px) 100vw, 374px\" \/><\/a><\/figure><\/div>\n\n\n\n<blockquote class=\"wp-block-quote is-layout-flow wp-block-quote-is-layout-flow\"><p><span class=\"has-inline-color has-luminous-vivid-orange-color\">Os dois l\u00edderes concordaram que um futuro com um relacionamento bilateral melhorado entre os Estados Unidos e a R\u00fassia tem um enorme lado positivo. Isso inclui enormes acordos econ\u00f4micos e estabilidade geopol\u00edtica quando a paz for alcan\u00e7ada\u201d, informou a Casa Branca.<\/span><\/p><\/blockquote>\n\n\n\n<div class=\"wp-block-image\"><figure class=\"aligncenter size-large is-resized\"><a href=\"https:\/\/www.instagram.com\/restaurantepegoretti\/\"><img loading=\"lazy\" decoding=\"async\" src=\"https:\/\/jornalfatosenoticias.com.br\/wp-content\/uploads\/2023\/12\/pegoretti-logo-pdf-1024x389.jpg\" alt=\"\" class=\"wp-image-47536\" width=\"535\" height=\"203\" srcset=\"https:\/\/jornalfatosenoticias.com.br\/wp-content\/uploads\/2023\/12\/pegoretti-logo-pdf-1024x389.jpg 1024w, https:\/\/jornalfatosenoticias.com.br\/wp-content\/uploads\/2023\/12\/pegoretti-logo-pdf-300x114.jpg 300w, https:\/\/jornalfatosenoticias.com.br\/wp-content\/uploads\/2023\/12\/pegoretti-logo-pdf-768x291.jpg 768w, https:\/\/jornalfatosenoticias.com.br\/wp-content\/uploads\/2023\/12\/pegoretti-logo-pdf.jpg 1120w\" sizes=\"auto, (max-width: 535px) 100vw, 535px\" \/><\/a><\/figure><\/div>\n\n\n\n<p>De acordo com a ag\u00eancia Reuters, Putin fez exig\u00eancias durante o telefonema. <strong><em>\u201cFoi enfatizado que a condi\u00e7\u00e3o fundamental para evitar a escalada do conflito e trabalhar para sua resolu\u00e7\u00e3o por meios pol\u00edticos e diplom\u00e1ticos deveria ser a cessa\u00e7\u00e3o completa da assist\u00eancia militar estrangeira e o fornecimento de informa\u00e7\u00f5es de intelig\u00eancia a Kiev\u201d, disse o Kremlin.<\/em><\/strong><\/p>\n\n\n\n<div class=\"wp-block-image\"><figure class=\"aligncenter size-large is-resized\"><a href=\"https:\/\/www.controlsystems.com.br\/\"><img loading=\"lazy\" decoding=\"async\" src=\"https:\/\/jornalfatosenoticias.com.br\/wp-content\/uploads\/2020\/02\/CONTROL-CS.jpg\" alt=\"\" class=\"wp-image-44991\" width=\"343\" height=\"411\" srcset=\"https:\/\/jornalfatosenoticias.com.br\/wp-content\/uploads\/2020\/02\/CONTROL-CS.jpg 834w, https:\/\/jornalfatosenoticias.com.br\/wp-content\/uploads\/2020\/02\/CONTROL-CS-250x300.jpg 250w, https:\/\/jornalfatosenoticias.com.br\/wp-content\/uploads\/2020\/02\/CONTROL-CS-768x921.jpg 768w\" sizes=\"auto, (max-width: 343px) 100vw, 343px\" \/><\/a><\/figure><\/div>\n\n\n\n<p>A conversa entre Putin e Trump abordou a normaliza\u00e7\u00e3o das rela\u00e7\u00f5es entre os dois pa\u00edses e uma proposta americana de cessar-fogo de 30 dias na guerra da Ucr\u00e2nia, j\u00e1 aceita por Kiev na semana passada, mas sobre a qual o Kremlin apresentou exig\u00eancias para dar sinal verde.<\/p>\n\n\n\n<div class=\"wp-block-image\"><figure class=\"aligncenter size-large is-resized\"><a href=\"https:\/\/www.instagram.com\/serra4x4cambioautomatico\/\"><img loading=\"lazy\" decoding=\"async\" src=\"https:\/\/jornalfatosenoticias.com.br\/wp-content\/uploads\/2024\/08\/Serra-4x4-1-886x1024.jpg\" alt=\"\" class=\"wp-image-53632\" width=\"305\" height=\"352\" srcset=\"https:\/\/jornalfatosenoticias.com.br\/wp-content\/uploads\/2024\/08\/Serra-4x4-1-886x1024.jpg 886w, https:\/\/jornalfatosenoticias.com.br\/wp-content\/uploads\/2024\/08\/Serra-4x4-1-260x300.jpg 260w, https:\/\/jornalfatosenoticias.com.br\/wp-content\/uploads\/2024\/08\/Serra-4x4-1-768x888.jpg 768w, https:\/\/jornalfatosenoticias.com.br\/wp-content\/uploads\/2024\/08\/Serra-4x4-1.jpg 1181w\" sizes=\"auto, (max-width: 305px) 100vw, 305px\" \/><\/a><\/figure><\/div>\n\n\n\n<p>Embora a conversa entre Putin e Trump desta ter\u00e7a-feira n\u00e3o tenha resultado num compromisso de cessar-fogo total, a pausa nos ataques \u00e0s instala\u00e7\u00f5es de energia e infraestrutura j\u00e1 representa um grande passo, visto que os repetidos ataques do Kremlin a essas estruturas provocaram mortes, deixaram milh\u00f5es de ucranianos sem luz e causaram preju\u00edzos de bilh\u00f5es de d\u00f3lares desde o in\u00edcio da invas\u00e3o, em fevereiro de 2022.<\/p>\n\n\n\n<div class=\"wp-block-image\"><figure class=\"aligncenter size-large is-resized\"><a href=\"https:\/\/panper.com.br\/\"><img loading=\"lazy\" decoding=\"async\" src=\"https:\/\/jornalfatosenoticias.com.br\/wp-content\/uploads\/2023\/03\/logo-Panper_portal.jpg\" alt=\"\" class=\"wp-image-40208\" width=\"367\" height=\"254\" srcset=\"https:\/\/jornalfatosenoticias.com.br\/wp-content\/uploads\/2023\/03\/logo-Panper_portal.jpg 400w, https:\/\/jornalfatosenoticias.com.br\/wp-content\/uploads\/2023\/03\/logo-Panper_portal-300x208.jpg 300w\" sizes=\"auto, (max-width: 367px) 100vw, 367px\" \/><\/a><\/figure><\/div>\n\n\n\n<p>Na conversa, Putin informou Trump que uma troca de prisioneiros com a Ucr\u00e2nia, envolvendo 175 detidos, ocorreria na quarta-feira (19). \u201cAl\u00e9m disso, como um gesto de boa vontade, 23 militares ucranianos gravemente feridos que est\u00e3o sendo tratados em institui\u00e7\u00f5es m\u00e9dicas russas ser\u00e3o transferidos\u201d, informou o Kremlin. <strong>(Fonte: Gazeta do Povo)<\/strong><\/p>\n\n\n\n<div class=\"wp-block-image\"><figure class=\"aligncenter size-large is-resized\"><a href=\"https:\/\/www.facebook.com\/postobkr\/?locale=pt_BR\"><img loading=\"lazy\" decoding=\"async\" src=\"https:\/\/jornalfatosenoticias.com.br\/wp-content\/uploads\/2023\/08\/BKR-1024x1021.jpg\" alt=\"\" class=\"wp-image-44494\" width=\"317\" height=\"316\" srcset=\"https:\/\/jornalfatosenoticias.com.br\/wp-content\/uploads\/2023\/08\/BKR-1024x1021.jpg 1024w, https:\/\/jornalfatosenoticias.com.br\/wp-content\/uploads\/2023\/08\/BKR-300x300.jpg 300w, https:\/\/jornalfatosenoticias.com.br\/wp-content\/uploads\/2023\/08\/BKR-150x150.jpg 150w, https:\/\/jornalfatosenoticias.com.br\/wp-content\/uploads\/2023\/08\/BKR-768x766.jpg 768w, https:\/\/jornalfatosenoticias.com.br\/wp-content\/uploads\/2023\/08\/BKR.jpg 1080w\" sizes=\"auto, (max-width: 317px) 100vw, 317px\" \/><\/a><\/figure><\/div>\n\n\n\n<hr class=\"wp-block-separator\"\/>\n\n\n\n<h3 class=\"wp-block-heading\"><span class=\"has-inline-color has-black-color\">Presidenci\u00e1vel, Tarc\u00edsio tem 60,5% de aprova\u00e7\u00e3o popular no governo de S\u00e3o Paulo<\/span><\/h3>\n\n\n\n<div class=\"wp-block-image\"><figure class=\"aligncenter size-large\"><img loading=\"lazy\" decoding=\"async\" width=\"612\" height=\"407\" src=\"https:\/\/jornalfatosenoticias.com.br\/wp-content\/uploads\/2025\/03\/TARCISIO_gettyimages.jpg\" alt=\"\" class=\"wp-image-57913\" srcset=\"https:\/\/jornalfatosenoticias.com.br\/wp-content\/uploads\/2025\/03\/TARCISIO_gettyimages.jpg 612w, https:\/\/jornalfatosenoticias.com.br\/wp-content\/uploads\/2025\/03\/TARCISIO_gettyimages-300x200.jpg 300w\" sizes=\"auto, (max-width: 612px) 100vw, 612px\" \/><figcaption><em><span class=\"has-inline-color has-black-color\">(Foto: Getty Images)<\/span><\/em><\/figcaption><\/figure><\/div>\n\n\n\n<p><span class=\"has-inline-color has-black-color\">Por <strong>Gustavo Ribeiro<\/strong><br><\/span>O governador de S\u00e3o Paulo, Tarc\u00edsio de Freitas (Republicanos), chegou a 60,5% de aprova\u00e7\u00e3o em novo levantamento do instituto Paran\u00e1 Pesquisas, divulgado nesta ter\u00e7a-feira (18) \u2014 a pesquisa entrevistou eleitores na capital do estado paulista. Esse \u00e9 o maior \u00edndice de apoio do eleitorado desde julho de 2024, quando o instituto iniciou uma s\u00e9rie de pesquisas sobre aprova\u00e7\u00e3o e avalia\u00e7\u00e3o do governador.<\/p>\n\n\n\n<div class=\"wp-block-image\"><figure class=\"aligncenter size-large is-resized\"><a href=\"https:\/\/hotelmarquetti.com.br\/\"><img loading=\"lazy\" decoding=\"async\" src=\"https:\/\/jornalfatosenoticias.com.br\/wp-content\/uploads\/2023\/03\/nova-logo-Marquetti.jpg\" alt=\"\" class=\"wp-image-40207\" width=\"344\" height=\"231\" srcset=\"https:\/\/jornalfatosenoticias.com.br\/wp-content\/uploads\/2023\/03\/nova-logo-Marquetti.jpg 643w, https:\/\/jornalfatosenoticias.com.br\/wp-content\/uploads\/2023\/03\/nova-logo-Marquetti-300x202.jpg 300w\" sizes=\"auto, (max-width: 344px) 100vw, 344px\" \/><\/a><\/figure><\/div>\n\n\n\n<p>Naquele m\u00eas, Tarc\u00edsio aparecia com 57,1% de aprova\u00e7\u00e3o, que chegou a variar para 56,1% e 55,6% em agosto e depois para 57,5% em setembro. A desaprova\u00e7\u00e3o, que chegou a superar os 40% em agosto de 2024, caiu para 34,4% neste m\u00eas. A maior fatia do eleitorado que aprova o governo de Tarc\u00edsio est\u00e1 entre as pessoas com 60 anos ou mais, estrato que d\u00e1 ao governador 67,7% de aprova\u00e7\u00e3o. Entre os mais jovens, de 16 a 24 anos, Tarc\u00edsio encontra maior resist\u00eancia, mas mesmo assim com 52,4% de aprova\u00e7\u00e3o.<\/p>\n\n\n\n<div class=\"wp-block-image\"><figure class=\"aligncenter size-large\"><a href=\"https:\/\/www.cesconetto.com.br\/\"><img loading=\"lazy\" decoding=\"async\" width=\"300\" height=\"250\" src=\"https:\/\/jornalfatosenoticias.com.br\/wp-content\/uploads\/2022\/02\/Banner-2.png\" alt=\"\" class=\"wp-image-27877\"\/><\/a><\/figure><\/div>\n\n\n\n<p>Tarc\u00edsio de Freitas \u00e9 apontado como um dos poss\u00edveis advers\u00e1rios de Luiz In\u00e1cio Lula da Silva (PT) na corrida presidencial em 2026. O governador, entretanto, vem dizendo que n\u00e3o tem a inten\u00e7\u00e3o de tentar a Presid\u00eancia da Rep\u00fablica, e sim a reelei\u00e7\u00e3o em S\u00e3o Paulo.<\/p>\n\n\n\n<div class=\"wp-block-image\"><figure class=\"aligncenter size-large is-resized\"><a href=\"https:\/\/www.ithbrasil.com.br\/\"><img loading=\"lazy\" decoding=\"async\" src=\"https:\/\/jornalfatosenoticias.com.br\/wp-content\/uploads\/2023\/08\/ITH.jpeg\" alt=\"\" class=\"wp-image-44638\" width=\"306\" height=\"249\" srcset=\"https:\/\/jornalfatosenoticias.com.br\/wp-content\/uploads\/2023\/08\/ITH.jpeg 800w, https:\/\/jornalfatosenoticias.com.br\/wp-content\/uploads\/2023\/08\/ITH-300x244.jpeg 300w, https:\/\/jornalfatosenoticias.com.br\/wp-content\/uploads\/2023\/08\/ITH-768x624.jpeg 768w\" sizes=\"auto, (max-width: 306px) 100vw, 306px\" \/><\/a><\/figure><\/div>\n\n\n\n<p><strong><span class=\"has-inline-color has-black-color\">Avalia\u00e7\u00e3o<br><\/span><\/strong>\u2705 \u00d3tima: 14,2%<br>\u2705 Boa: 31,5%<br>\u2705 Regular: 28,1%<br>\u2705 Ruim: 8,4%<br>\u2705 P\u00e9ssima: 14,9%<br>\u2705 N\u00e3o sabe\/n\u00e3o opinou: 2,8%<\/p>\n\n\n\n<div class=\"wp-block-image\"><figure class=\"aligncenter size-large\"><a href=\"https:\/\/www.facebook.com\/vetor.vix\/\"><img loading=\"lazy\" decoding=\"async\" width=\"1024\" height=\"273\" src=\"https:\/\/jornalfatosenoticias.com.br\/wp-content\/uploads\/2023\/09\/vetorvix1024_1.jpg\" alt=\"\" class=\"wp-image-44868\" srcset=\"https:\/\/jornalfatosenoticias.com.br\/wp-content\/uploads\/2023\/09\/vetorvix1024_1.jpg 1024w, https:\/\/jornalfatosenoticias.com.br\/wp-content\/uploads\/2023\/09\/vetorvix1024_1-300x80.jpg 300w, https:\/\/jornalfatosenoticias.com.br\/wp-content\/uploads\/2023\/09\/vetorvix1024_1-768x205.jpg 768w\" sizes=\"auto, (max-width: 1024px) 100vw, 1024px\" \/><\/a><\/figure><\/div>\n\n\n\n<p><strong><span class=\"has-inline-color has-black-color\">Aprova\u00e7\u00e3o<\/span><\/strong><br>\u2705 Aprova: 60,5%<br>\u2705 Desaprova: 34,4%<br>\u2705 N\u00e3o sabe\/n\u00e3o opinou: 5,1%<br><strong><span class=\"has-inline-color has-black-color\">Metodologia:<\/span><\/strong> 1.205 entrevistados pelo Paran\u00e1 Pesquisas, na cidade de S\u00e3o Paulo, entre os dias 9 e 13 de mar\u00e7o de 2025. N\u00edvel de confian\u00e7a: 95%. Margem de erro: 2,9 pontos percentuais. <strong>(Fonte: Gazeta do Povo)<\/strong><\/p>\n\n\n\n<div class=\"wp-block-image\"><figure class=\"aligncenter size-large is-resized\"><a href=\"https:\/\/www.facebook.com\/profile.php?id=100069289606145\"><img loading=\"lazy\" decoding=\"async\" src=\"https:\/\/jornalfatosenoticias.com.br\/wp-content\/uploads\/2024\/11\/Guaitolini-Contabilidade-1024x714.jpeg\" alt=\"\" class=\"wp-image-55808\" width=\"329\" height=\"229\" srcset=\"https:\/\/jornalfatosenoticias.com.br\/wp-content\/uploads\/2024\/11\/Guaitolini-Contabilidade-1024x714.jpeg 1024w, https:\/\/jornalfatosenoticias.com.br\/wp-content\/uploads\/2024\/11\/Guaitolini-Contabilidade-300x209.jpeg 300w, https:\/\/jornalfatosenoticias.com.br\/wp-content\/uploads\/2024\/11\/Guaitolini-Contabilidade-768x535.jpeg 768w, https:\/\/jornalfatosenoticias.com.br\/wp-content\/uploads\/2024\/11\/Guaitolini-Contabilidade.jpeg 1280w\" sizes=\"auto, (max-width: 329px) 100vw, 329px\" \/><\/a><\/figure><\/div>\n\n\n\n<hr class=\"wp-block-separator\"\/>\n","protected":false},"excerpt":{"rendered":"<p>Os Estados Unidos est\u00e3o planejando um pacote de san\u00e7\u00f5es que pode atingir mais de uma dezena de autoridades brasileiras, incluindo o ministro do Supremo Tribunal Federal (STF), Alexandre de Moraes. A proposta foi elaborada por auxiliares do ex-presidente Donald Trump e inclui um prazo de 120 dias para que o Departamento de Estado norte-americano identifique [&hellip;]<\/p>\n","protected":false},"author":3,"featured_media":57919,"comment_status":"open","ping_status":"open","sticky":false,"template":"","format":"standard","meta":{"footnotes":""},"categories":[10],"tags":[13889,2147,23019,159,1795,20784,26420,294,19192,1920],"class_list":["post-57912","post","type-post","status-publish","format-standard","has-post-thumbnail","hentry","category-politica","tag-alexandre-de-moraes","tag-donald-trump","tag-eduardo-bolsonaro","tag-eua","tag-jair-bolsonaro","tag-ministros-do-stf","tag-sancoes-contra-autoridades-brasileiras","tag-stf","tag-tarcisio-de-freitas","tag-vladimir-putin"],"yoast_head":"<!-- This site is optimized with the Yoast SEO plugin v26.5 - https:\/\/yoast.com\/wordpress\/plugins\/seo\/ -->\n<title>A Semana no Brasil e no Mundo \u2014 EUA preparam san\u00e7\u00f5es contra autoridades brasileiras, incluindo Alexandre de Moraes - Jornal Fatos e Not\u00edcias<\/title>\n<meta name=\"robots\" content=\"index, follow, max-snippet:-1, max-image-preview:large, max-video-preview:-1\" \/>\n<link rel=\"canonical\" href=\"https:\/\/jornalfatosenoticias.com.br\/index.php\/2025\/03\/20\/a-semana-no-brasil-e-no-mundo-eua-preparam-sancoes-contra-autoridades-brasileiras-incluindo-alexandre-de-moraes\/\" \/>\n<meta property=\"og:locale\" content=\"pt_BR\" \/>\n<meta property=\"og:type\" content=\"article\" \/>\n<meta property=\"og:title\" content=\"A Semana no Brasil e no Mundo \u2014 EUA preparam san\u00e7\u00f5es contra autoridades brasileiras, incluindo Alexandre de Moraes - Jornal Fatos e Not\u00edcias\" \/>\n<meta property=\"og:description\" content=\"Os Estados Unidos est\u00e3o planejando um pacote de san\u00e7\u00f5es que pode atingir mais de uma dezena de autoridades brasileiras, incluindo o ministro do Supremo Tribunal Federal (STF), Alexandre de Moraes. A proposta foi elaborada por auxiliares do ex-presidente Donald Trump e inclui um prazo de 120 dias para que o Departamento de Estado norte-americano identifique [&hellip;]\" \/>\n<meta property=\"og:url\" content=\"https:\/\/jornalfatosenoticias.com.br\/index.php\/2025\/03\/20\/a-semana-no-brasil-e-no-mundo-eua-preparam-sancoes-contra-autoridades-brasileiras-incluindo-alexandre-de-moraes\/\" \/>\n<meta property=\"og:site_name\" content=\"Jornal Fatos e Not\u00edcias\" \/>\n<meta property=\"article:published_time\" content=\"2025-03-20T17:43:32+00:00\" \/>\n<meta property=\"article:modified_time\" content=\"2025-03-20T17:43:34+00:00\" \/>\n<meta property=\"og:image\" content=\"https:\/\/jornalfatosenoticias.com.br\/wp-content\/uploads\/2025\/03\/trump-e-musk-sancoes-moraes_gettyimages.jpg\" \/>\n\t<meta property=\"og:image:width\" content=\"612\" \/>\n\t<meta property=\"og:image:height\" content=\"408\" \/>\n\t<meta property=\"og:image:type\" content=\"image\/jpeg\" \/>\n<meta name=\"author\" content=\"Haroldo Filho\" \/>\n<meta name=\"twitter:card\" content=\"summary_large_image\" \/>\n<meta name=\"twitter:label1\" content=\"Escrito por\" \/>\n\t<meta name=\"twitter:data1\" content=\"Haroldo Filho\" \/>\n\t<meta name=\"twitter:label2\" content=\"Est. tempo de leitura\" \/>\n\t<meta name=\"twitter:data2\" content=\"10 minutos\" \/>\n<script type=\"application\/ld+json\" class=\"yoast-schema-graph\">{\"@context\":\"https:\/\/schema.org\",\"@graph\":[{\"@type\":\"Article\",\"@id\":\"https:\/\/jornalfatosenoticias.com.br\/index.php\/2025\/03\/20\/a-semana-no-brasil-e-no-mundo-eua-preparam-sancoes-contra-autoridades-brasileiras-incluindo-alexandre-de-moraes\/#article\",\"isPartOf\":{\"@id\":\"https:\/\/jornalfatosenoticias.com.br\/index.php\/2025\/03\/20\/a-semana-no-brasil-e-no-mundo-eua-preparam-sancoes-contra-autoridades-brasileiras-incluindo-alexandre-de-moraes\/\"},\"author\":{\"name\":\"Haroldo Filho\",\"@id\":\"https:\/\/jornalfatosenoticias.com.br\/#\/schema\/person\/05c46cc25b42a5c27e004fb0fa6b4965\"},\"headline\":\"A Semana no Brasil e no Mundo \u2014 EUA preparam san\u00e7\u00f5es contra autoridades brasileiras, incluindo Alexandre de Moraes\",\"datePublished\":\"2025-03-20T17:43:32+00:00\",\"dateModified\":\"2025-03-20T17:43:34+00:00\",\"mainEntityOfPage\":{\"@id\":\"https:\/\/jornalfatosenoticias.com.br\/index.php\/2025\/03\/20\/a-semana-no-brasil-e-no-mundo-eua-preparam-sancoes-contra-autoridades-brasileiras-incluindo-alexandre-de-moraes\/\"},\"wordCount\":1985,\"commentCount\":0,\"publisher\":{\"@id\":\"https:\/\/jornalfatosenoticias.com.br\/#organization\"},\"image\":{\"@id\":\"https:\/\/jornalfatosenoticias.com.br\/index.php\/2025\/03\/20\/a-semana-no-brasil-e-no-mundo-eua-preparam-sancoes-contra-autoridades-brasileiras-incluindo-alexandre-de-moraes\/#primaryimage\"},\"thumbnailUrl\":\"https:\/\/jornalfatosenoticias.com.br\/wp-content\/uploads\/2025\/03\/trump-e-musk-sancoes-moraes_gettyimages.jpg\",\"keywords\":[\"Alexandre de Moraes\",\"Donald Trump\",\"Eduardo Bolsonaro\",\"EUA\",\"Jair Bolsonaro\",\"ministros do STF\",\"san\u00e7\u00f5es contra autoridades brasileiras\",\"STF\",\"Tarc\u00edsio de Freitas\",\"Vladimir Putin\"],\"articleSection\":[\"Pol\u00edtica\"],\"inLanguage\":\"pt-BR\",\"potentialAction\":[{\"@type\":\"CommentAction\",\"name\":\"Comment\",\"target\":[\"https:\/\/jornalfatosenoticias.com.br\/index.php\/2025\/03\/20\/a-semana-no-brasil-e-no-mundo-eua-preparam-sancoes-contra-autoridades-brasileiras-incluindo-alexandre-de-moraes\/#respond\"]}]},{\"@type\":\"WebPage\",\"@id\":\"https:\/\/jornalfatosenoticias.com.br\/index.php\/2025\/03\/20\/a-semana-no-brasil-e-no-mundo-eua-preparam-sancoes-contra-autoridades-brasileiras-incluindo-alexandre-de-moraes\/\",\"url\":\"https:\/\/jornalfatosenoticias.com.br\/index.php\/2025\/03\/20\/a-semana-no-brasil-e-no-mundo-eua-preparam-sancoes-contra-autoridades-brasileiras-incluindo-alexandre-de-moraes\/\",\"name\":\"A Semana no Brasil e no Mundo \u2014 EUA preparam san\u00e7\u00f5es contra autoridades brasileiras, incluindo Alexandre de Moraes - Jornal Fatos e Not\u00edcias\",\"isPartOf\":{\"@id\":\"https:\/\/jornalfatosenoticias.com.br\/#website\"},\"primaryImageOfPage\":{\"@id\":\"https:\/\/jornalfatosenoticias.com.br\/index.php\/2025\/03\/20\/a-semana-no-brasil-e-no-mundo-eua-preparam-sancoes-contra-autoridades-brasileiras-incluindo-alexandre-de-moraes\/#primaryimage\"},\"image\":{\"@id\":\"https:\/\/jornalfatosenoticias.com.br\/index.php\/2025\/03\/20\/a-semana-no-brasil-e-no-mundo-eua-preparam-sancoes-contra-autoridades-brasileiras-incluindo-alexandre-de-moraes\/#primaryimage\"},\"thumbnailUrl\":\"https:\/\/jornalfatosenoticias.com.br\/wp-content\/uploads\/2025\/03\/trump-e-musk-sancoes-moraes_gettyimages.jpg\",\"datePublished\":\"2025-03-20T17:43:32+00:00\",\"dateModified\":\"2025-03-20T17:43:34+00:00\",\"breadcrumb\":{\"@id\":\"https:\/\/jornalfatosenoticias.com.br\/index.php\/2025\/03\/20\/a-semana-no-brasil-e-no-mundo-eua-preparam-sancoes-contra-autoridades-brasileiras-incluindo-alexandre-de-moraes\/#breadcrumb\"},\"inLanguage\":\"pt-BR\",\"potentialAction\":[{\"@type\":\"ReadAction\",\"target\":[\"https:\/\/jornalfatosenoticias.com.br\/index.php\/2025\/03\/20\/a-semana-no-brasil-e-no-mundo-eua-preparam-sancoes-contra-autoridades-brasileiras-incluindo-alexandre-de-moraes\/\"]}]},{\"@type\":\"ImageObject\",\"inLanguage\":\"pt-BR\",\"@id\":\"https:\/\/jornalfatosenoticias.com.br\/index.php\/2025\/03\/20\/a-semana-no-brasil-e-no-mundo-eua-preparam-sancoes-contra-autoridades-brasileiras-incluindo-alexandre-de-moraes\/#primaryimage\",\"url\":\"https:\/\/jornalfatosenoticias.com.br\/wp-content\/uploads\/2025\/03\/trump-e-musk-sancoes-moraes_gettyimages.jpg\",\"contentUrl\":\"https:\/\/jornalfatosenoticias.com.br\/wp-content\/uploads\/2025\/03\/trump-e-musk-sancoes-moraes_gettyimages.jpg\",\"width\":612,\"height\":408,\"caption\":\"US President Donald Trump and Tesla CEO Elon Musk speak to the press as they stand next to a Tesla vehicle on the South Portico of the White House on March 11, 2025 in Washington, DC. (Photo by Mandel NGAN \/ AFP) (Photo by MANDEL NGAN\/AFP via Getty Images)\"},{\"@type\":\"BreadcrumbList\",\"@id\":\"https:\/\/jornalfatosenoticias.com.br\/index.php\/2025\/03\/20\/a-semana-no-brasil-e-no-mundo-eua-preparam-sancoes-contra-autoridades-brasileiras-incluindo-alexandre-de-moraes\/#breadcrumb\",\"itemListElement\":[{\"@type\":\"ListItem\",\"position\":1,\"name\":\"In\u00edcio\",\"item\":\"https:\/\/jornalfatosenoticias.com.br\/\"},{\"@type\":\"ListItem\",\"position\":2,\"name\":\"A Semana no Brasil e no Mundo \u2014 EUA preparam san\u00e7\u00f5es contra autoridades brasileiras, incluindo Alexandre de Moraes\"}]},{\"@type\":\"WebSite\",\"@id\":\"https:\/\/jornalfatosenoticias.com.br\/#website\",\"url\":\"https:\/\/jornalfatosenoticias.com.br\/\",\"name\":\"Jornal Fatos e Not\u00edcias\",\"description\":\"Not\u00edcias em geral\",\"publisher\":{\"@id\":\"https:\/\/jornalfatosenoticias.com.br\/#organization\"},\"potentialAction\":[{\"@type\":\"SearchAction\",\"target\":{\"@type\":\"EntryPoint\",\"urlTemplate\":\"https:\/\/jornalfatosenoticias.com.br\/?s={search_term_string}\"},\"query-input\":{\"@type\":\"PropertyValueSpecification\",\"valueRequired\":true,\"valueName\":\"search_term_string\"}}],\"inLanguage\":\"pt-BR\"},{\"@type\":\"Organization\",\"@id\":\"https:\/\/jornalfatosenoticias.com.br\/#organization\",\"name\":\"Jornal Fatos e Not\u00edcias\",\"url\":\"https:\/\/jornalfatosenoticias.com.br\/\",\"logo\":{\"@type\":\"ImageObject\",\"inLanguage\":\"pt-BR\",\"@id\":\"https:\/\/jornalfatosenoticias.com.br\/#\/schema\/logo\/image\/\",\"url\":\"https:\/\/jornalfatosenoticias.com.br\/wp-content\/uploads\/2020\/02\/logo120.png\",\"contentUrl\":\"https:\/\/jornalfatosenoticias.com.br\/wp-content\/uploads\/2020\/02\/logo120.png\",\"width\":1227,\"height\":120,\"caption\":\"Jornal Fatos e Not\u00edcias\"},\"image\":{\"@id\":\"https:\/\/jornalfatosenoticias.com.br\/#\/schema\/logo\/image\/\"}},{\"@type\":\"Person\",\"@id\":\"https:\/\/jornalfatosenoticias.com.br\/#\/schema\/person\/05c46cc25b42a5c27e004fb0fa6b4965\",\"name\":\"Haroldo Filho\",\"image\":{\"@type\":\"ImageObject\",\"inLanguage\":\"pt-BR\",\"@id\":\"https:\/\/jornalfatosenoticias.com.br\/#\/schema\/person\/image\/\",\"url\":\"https:\/\/jornalfatosenoticias.com.br\/wp-content\/uploads\/2025\/08\/WhatsApp-Image-2025-08-18-at-15.30.28-150x150.jpeg\",\"contentUrl\":\"https:\/\/jornalfatosenoticias.com.br\/wp-content\/uploads\/2025\/08\/WhatsApp-Image-2025-08-18-at-15.30.28-150x150.jpeg\",\"caption\":\"Haroldo Filho\"},\"description\":\"Jornalista \u2013 DRT: 0003818\/ES Coordenador-geral da ONG Educar para Crescer\",\"url\":\"https:\/\/jornalfatosenoticias.com.br\/index.php\/author\/haroldo\/\"}]}<\/script>\n<!-- \/ Yoast SEO plugin. -->","yoast_head_json":{"title":"A Semana no Brasil e no Mundo \u2014 EUA preparam san\u00e7\u00f5es contra autoridades brasileiras, incluindo Alexandre de Moraes - Jornal Fatos e Not\u00edcias","robots":{"index":"index","follow":"follow","max-snippet":"max-snippet:-1","max-image-preview":"max-image-preview:large","max-video-preview":"max-video-preview:-1"},"canonical":"https:\/\/jornalfatosenoticias.com.br\/index.php\/2025\/03\/20\/a-semana-no-brasil-e-no-mundo-eua-preparam-sancoes-contra-autoridades-brasileiras-incluindo-alexandre-de-moraes\/","og_locale":"pt_BR","og_type":"article","og_title":"A Semana no Brasil e no Mundo \u2014 EUA preparam san\u00e7\u00f5es contra autoridades brasileiras, incluindo Alexandre de Moraes - Jornal Fatos e Not\u00edcias","og_description":"Os Estados Unidos est\u00e3o planejando um pacote de san\u00e7\u00f5es que pode atingir mais de uma dezena de autoridades brasileiras, incluindo o ministro do Supremo Tribunal Federal (STF), Alexandre de Moraes. A proposta foi elaborada por auxiliares do ex-presidente Donald Trump e inclui um prazo de 120 dias para que o Departamento de Estado norte-americano identifique [&hellip;]","og_url":"https:\/\/jornalfatosenoticias.com.br\/index.php\/2025\/03\/20\/a-semana-no-brasil-e-no-mundo-eua-preparam-sancoes-contra-autoridades-brasileiras-incluindo-alexandre-de-moraes\/","og_site_name":"Jornal Fatos e Not\u00edcias","article_published_time":"2025-03-20T17:43:32+00:00","article_modified_time":"2025-03-20T17:43:34+00:00","og_image":[{"width":612,"height":408,"url":"https:\/\/jornalfatosenoticias.com.br\/wp-content\/uploads\/2025\/03\/trump-e-musk-sancoes-moraes_gettyimages.jpg","type":"image\/jpeg"}],"author":"Haroldo Filho","twitter_card":"summary_large_image","twitter_misc":{"Escrito por":"Haroldo Filho","Est. tempo de leitura":"10 minutos"},"schema":{"@context":"https:\/\/schema.org","@graph":[{"@type":"Article","@id":"https:\/\/jornalfatosenoticias.com.br\/index.php\/2025\/03\/20\/a-semana-no-brasil-e-no-mundo-eua-preparam-sancoes-contra-autoridades-brasileiras-incluindo-alexandre-de-moraes\/#article","isPartOf":{"@id":"https:\/\/jornalfatosenoticias.com.br\/index.php\/2025\/03\/20\/a-semana-no-brasil-e-no-mundo-eua-preparam-sancoes-contra-autoridades-brasileiras-incluindo-alexandre-de-moraes\/"},"author":{"name":"Haroldo Filho","@id":"https:\/\/jornalfatosenoticias.com.br\/#\/schema\/person\/05c46cc25b42a5c27e004fb0fa6b4965"},"headline":"A Semana no Brasil e no Mundo \u2014 EUA preparam san\u00e7\u00f5es contra autoridades brasileiras, incluindo Alexandre de Moraes","datePublished":"2025-03-20T17:43:32+00:00","dateModified":"2025-03-20T17:43:34+00:00","mainEntityOfPage":{"@id":"https:\/\/jornalfatosenoticias.com.br\/index.php\/2025\/03\/20\/a-semana-no-brasil-e-no-mundo-eua-preparam-sancoes-contra-autoridades-brasileiras-incluindo-alexandre-de-moraes\/"},"wordCount":1985,"commentCount":0,"publisher":{"@id":"https:\/\/jornalfatosenoticias.com.br\/#organization"},"image":{"@id":"https:\/\/jornalfatosenoticias.com.br\/index.php\/2025\/03\/20\/a-semana-no-brasil-e-no-mundo-eua-preparam-sancoes-contra-autoridades-brasileiras-incluindo-alexandre-de-moraes\/#primaryimage"},"thumbnailUrl":"https:\/\/jornalfatosenoticias.com.br\/wp-content\/uploads\/2025\/03\/trump-e-musk-sancoes-moraes_gettyimages.jpg","keywords":["Alexandre de Moraes","Donald Trump","Eduardo Bolsonaro","EUA","Jair Bolsonaro","ministros do STF","san\u00e7\u00f5es contra autoridades brasileiras","STF","Tarc\u00edsio de Freitas","Vladimir Putin"],"articleSection":["Pol\u00edtica"],"inLanguage":"pt-BR","potentialAction":[{"@type":"CommentAction","name":"Comment","target":["https:\/\/jornalfatosenoticias.com.br\/index.php\/2025\/03\/20\/a-semana-no-brasil-e-no-mundo-eua-preparam-sancoes-contra-autoridades-brasileiras-incluindo-alexandre-de-moraes\/#respond"]}]},{"@type":"WebPage","@id":"https:\/\/jornalfatosenoticias.com.br\/index.php\/2025\/03\/20\/a-semana-no-brasil-e-no-mundo-eua-preparam-sancoes-contra-autoridades-brasileiras-incluindo-alexandre-de-moraes\/","url":"https:\/\/jornalfatosenoticias.com.br\/index.php\/2025\/03\/20\/a-semana-no-brasil-e-no-mundo-eua-preparam-sancoes-contra-autoridades-brasileiras-incluindo-alexandre-de-moraes\/","name":"A Semana no Brasil e no Mundo \u2014 EUA preparam san\u00e7\u00f5es contra autoridades brasileiras, incluindo Alexandre de Moraes - Jornal Fatos e Not\u00edcias","isPartOf":{"@id":"https:\/\/jornalfatosenoticias.com.br\/#website"},"primaryImageOfPage":{"@id":"https:\/\/jornalfatosenoticias.com.br\/index.php\/2025\/03\/20\/a-semana-no-brasil-e-no-mundo-eua-preparam-sancoes-contra-autoridades-brasileiras-incluindo-alexandre-de-moraes\/#primaryimage"},"image":{"@id":"https:\/\/jornalfatosenoticias.com.br\/index.php\/2025\/03\/20\/a-semana-no-brasil-e-no-mundo-eua-preparam-sancoes-contra-autoridades-brasileiras-incluindo-alexandre-de-moraes\/#primaryimage"},"thumbnailUrl":"https:\/\/jornalfatosenoticias.com.br\/wp-content\/uploads\/2025\/03\/trump-e-musk-sancoes-moraes_gettyimages.jpg","datePublished":"2025-03-20T17:43:32+00:00","dateModified":"2025-03-20T17:43:34+00:00","breadcrumb":{"@id":"https:\/\/jornalfatosenoticias.com.br\/index.php\/2025\/03\/20\/a-semana-no-brasil-e-no-mundo-eua-preparam-sancoes-contra-autoridades-brasileiras-incluindo-alexandre-de-moraes\/#breadcrumb"},"inLanguage":"pt-BR","potentialAction":[{"@type":"ReadAction","target":["https:\/\/jornalfatosenoticias.com.br\/index.php\/2025\/03\/20\/a-semana-no-brasil-e-no-mundo-eua-preparam-sancoes-contra-autoridades-brasileiras-incluindo-alexandre-de-moraes\/"]}]},{"@type":"ImageObject","inLanguage":"pt-BR","@id":"https:\/\/jornalfatosenoticias.com.br\/index.php\/2025\/03\/20\/a-semana-no-brasil-e-no-mundo-eua-preparam-sancoes-contra-autoridades-brasileiras-incluindo-alexandre-de-moraes\/#primaryimage","url":"https:\/\/jornalfatosenoticias.com.br\/wp-content\/uploads\/2025\/03\/trump-e-musk-sancoes-moraes_gettyimages.jpg","contentUrl":"https:\/\/jornalfatosenoticias.com.br\/wp-content\/uploads\/2025\/03\/trump-e-musk-sancoes-moraes_gettyimages.jpg","width":612,"height":408,"caption":"US President Donald Trump and Tesla CEO Elon Musk speak to the press as they stand next to a Tesla vehicle on the South Portico of the White House on March 11, 2025 in Washington, DC. (Photo by Mandel NGAN \/ AFP) (Photo by MANDEL NGAN\/AFP via Getty Images)"},{"@type":"BreadcrumbList","@id":"https:\/\/jornalfatosenoticias.com.br\/index.php\/2025\/03\/20\/a-semana-no-brasil-e-no-mundo-eua-preparam-sancoes-contra-autoridades-brasileiras-incluindo-alexandre-de-moraes\/#breadcrumb","itemListElement":[{"@type":"ListItem","position":1,"name":"In\u00edcio","item":"https:\/\/jornalfatosenoticias.com.br\/"},{"@type":"ListItem","position":2,"name":"A Semana no Brasil e no Mundo \u2014 EUA preparam san\u00e7\u00f5es contra autoridades brasileiras, incluindo Alexandre de Moraes"}]},{"@type":"WebSite","@id":"https:\/\/jornalfatosenoticias.com.br\/#website","url":"https:\/\/jornalfatosenoticias.com.br\/","name":"Jornal Fatos e Not\u00edcias","description":"Not\u00edcias em geral","publisher":{"@id":"https:\/\/jornalfatosenoticias.com.br\/#organization"},"potentialAction":[{"@type":"SearchAction","target":{"@type":"EntryPoint","urlTemplate":"https:\/\/jornalfatosenoticias.com.br\/?s={search_term_string}"},"query-input":{"@type":"PropertyValueSpecification","valueRequired":true,"valueName":"search_term_string"}}],"inLanguage":"pt-BR"},{"@type":"Organization","@id":"https:\/\/jornalfatosenoticias.com.br\/#organization","name":"Jornal Fatos e Not\u00edcias","url":"https:\/\/jornalfatosenoticias.com.br\/","logo":{"@type":"ImageObject","inLanguage":"pt-BR","@id":"https:\/\/jornalfatosenoticias.com.br\/#\/schema\/logo\/image\/","url":"https:\/\/jornalfatosenoticias.com.br\/wp-content\/uploads\/2020\/02\/logo120.png","contentUrl":"https:\/\/jornalfatosenoticias.com.br\/wp-content\/uploads\/2020\/02\/logo120.png","width":1227,"height":120,"caption":"Jornal Fatos e Not\u00edcias"},"image":{"@id":"https:\/\/jornalfatosenoticias.com.br\/#\/schema\/logo\/image\/"}},{"@type":"Person","@id":"https:\/\/jornalfatosenoticias.com.br\/#\/schema\/person\/05c46cc25b42a5c27e004fb0fa6b4965","name":"Haroldo Filho","image":{"@type":"ImageObject","inLanguage":"pt-BR","@id":"https:\/\/jornalfatosenoticias.com.br\/#\/schema\/person\/image\/","url":"https:\/\/jornalfatosenoticias.com.br\/wp-content\/uploads\/2025\/08\/WhatsApp-Image-2025-08-18-at-15.30.28-150x150.jpeg","contentUrl":"https:\/\/jornalfatosenoticias.com.br\/wp-content\/uploads\/2025\/08\/WhatsApp-Image-2025-08-18-at-15.30.28-150x150.jpeg","caption":"Haroldo Filho"},"description":"Jornalista \u2013 DRT: 0003818\/ES Coordenador-geral da ONG Educar para Crescer","url":"https:\/\/jornalfatosenoticias.com.br\/index.php\/author\/haroldo\/"}]}},"cc_featured_image_caption":{"caption_text":"(Foto: Getty Images) ","source_text":"","source_url":""},"jetpack_featured_media_url":"https:\/\/jornalfatosenoticias.com.br\/wp-content\/uploads\/2025\/03\/trump-e-musk-sancoes-moraes_gettyimages.jpg","_links":{"self":[{"href":"https:\/\/jornalfatosenoticias.com.br\/index.php\/wp-json\/wp\/v2\/posts\/57912","targetHints":{"allow":["GET"]}}],"collection":[{"href":"https:\/\/jornalfatosenoticias.com.br\/index.php\/wp-json\/wp\/v2\/posts"}],"about":[{"href":"https:\/\/jornalfatosenoticias.com.br\/index.php\/wp-json\/wp\/v2\/types\/post"}],"author":[{"embeddable":true,"href":"https:\/\/jornalfatosenoticias.com.br\/index.php\/wp-json\/wp\/v2\/users\/3"}],"replies":[{"embeddable":true,"href":"https:\/\/jornalfatosenoticias.com.br\/index.php\/wp-json\/wp\/v2\/comments?post=57912"}],"version-history":[{"count":0,"href":"https:\/\/jornalfatosenoticias.com.br\/index.php\/wp-json\/wp\/v2\/posts\/57912\/revisions"}],"wp:featuredmedia":[{"embeddable":true,"href":"https:\/\/jornalfatosenoticias.com.br\/index.php\/wp-json\/wp\/v2\/media\/57919"}],"wp:attachment":[{"href":"https:\/\/jornalfatosenoticias.com.br\/index.php\/wp-json\/wp\/v2\/media?parent=57912"}],"wp:term":[{"taxonomy":"category","embeddable":true,"href":"https:\/\/jornalfatosenoticias.com.br\/index.php\/wp-json\/wp\/v2\/categories?post=57912"},{"taxonomy":"post_tag","embeddable":true,"href":"https:\/\/jornalfatosenoticias.com.br\/index.php\/wp-json\/wp\/v2\/tags?post=57912"}],"curies":[{"name":"wp","href":"https:\/\/api.w.org\/{rel}","templated":true}]}}