{"id":57924,"date":"2025-03-20T15:03:57","date_gmt":"2025-03-20T18:03:57","guid":{"rendered":"https:\/\/jornalfatosenoticias.com.br\/?p=57924"},"modified":"2025-03-20T15:03:58","modified_gmt":"2025-03-20T18:03:58","slug":"pratica-de-extracao-forcada-de-orgaos-na-china-comunista-chama-a-atencao-do-mundo","status":"publish","type":"post","link":"https:\/\/jornalfatosenoticias.com.br\/index.php\/2025\/03\/20\/pratica-de-extracao-forcada-de-orgaos-na-china-comunista-chama-a-atencao-do-mundo\/","title":{"rendered":"Pr\u00e1tica de extra\u00e7\u00e3o for\u00e7ada de \u00f3rg\u00e3os na China comunista chama a aten\u00e7\u00e3o do mundo"},"content":{"rendered":"\n<p><em><span class=\"has-inline-color has-black-color\">Praticantes do Falun Gong participam de um desfile para celebrar o Dia Mundial do Falun Dafa e pedem o fim da persegui\u00e7\u00e3o na China, na cidade de Nova York, em 10 de maio de 2024<\/span><\/em><\/p>\n\n\n\n<p><span class=\"has-inline-color has-black-color\">Por <strong><a href=\"https:\/\/www.epochtimes.com.br\/author\/charles-davis\">Charles Davis<\/a><\/strong><\/span><\/p>\n\n\n\n<div class=\"wp-block-image\"><figure class=\"aligncenter size-large\"><a href=\"https:\/\/mizu.com.br\/\"><img loading=\"lazy\" decoding=\"async\" width=\"729\" height=\"90\" src=\"https:\/\/jornalfatosenoticias.com.br\/wp-content\/uploads\/2020\/02\/Logo_Mizu.png\" alt=\"\" class=\"wp-image-1441\" srcset=\"https:\/\/jornalfatosenoticias.com.br\/wp-content\/uploads\/2020\/02\/Logo_Mizu.png 729w, https:\/\/jornalfatosenoticias.com.br\/wp-content\/uploads\/2020\/02\/Logo_Mizu-300x37.png 300w\" sizes=\"auto, (max-width: 729px) 100vw, 729px\" \/><\/a><\/figure><\/div>\n\n\n\n<p>Em 3 de mar\u00e7o, o senador <a href=\"https:\/\/www.epochtimes.com.br\/focus\/ted-cruz\" target=\"_blank\" rel=\"noreferrer noopener\"><strong>Ted Cruz<\/strong><\/a>\u00a0(R-Texas) e o deputado\u00a0<a href=\"https:\/\/www.epochtimes.com.br\/focus\/scott-perry\" target=\"_blank\" rel=\"noreferrer noopener\"><strong>Scott Perry<\/strong><\/a> (R-Pa.) reintroduziram uma legisla\u00e7\u00e3o bicameral que visa \u00e0 <strong><a href=\"https:\/\/www.epochtimes.com.br\/focus\/extracao-de-orgaos\" target=\"_blank\" rel=\"noreferrer noopener\">extra\u00e7\u00e3o de \u00f3rg\u00e3os<\/a><\/strong> patrocinada pelo Estado chin\u00eas. A legisla\u00e7\u00e3o, conhecida como <strong><a href=\"https:\/\/www.epochtimes.com.br\/focus\/falun-gong\" target=\"_blank\" rel=\"noreferrer noopener\">Falun Gong<\/a><\/strong> Protection Act, tem como objetivo abordar a pr\u00e1tica flagrante do regime chin\u00eas de extra\u00e7\u00e3o for\u00e7ada de \u00f3rg\u00e3os contra os praticantes do Falun Gong.<br>A <a href=\"https:\/\/www.epochtimes.com.br\/focus\/lei\" target=\"_blank\" rel=\"noreferrer noopener\"><strong>lei<\/strong><\/a>\u00a0determinaria\u00a0<a href=\"https:\/\/www.epochtimes.com.br\/focus\/sancoes\" target=\"_blank\" rel=\"noreferrer noopener\"><strong>san\u00e7\u00f5es<\/strong><\/a>\u00a0de bloqueio de vistos e propriedades para indiv\u00edduos envolvidos no\u00a0<strong><a href=\"https:\/\/www.epochtimes.com.br\/focus\/abuso\" target=\"_blank\" rel=\"noreferrer noopener\">abuso<\/a>.<\/strong> Ela busca destacar a <strong><a href=\"https:\/\/www.epochtimes.com.br\/focus\/perseguicao\" target=\"_blank\" rel=\"noreferrer noopener\">persegui\u00e7\u00e3o<\/a><\/strong> ao Falun Gong em n\u00edvel internacional e enfatiza a coopera\u00e7\u00e3o com aliados e institui\u00e7\u00f5es multilaterais para implementar san\u00e7\u00f5es espec\u00edficas e restri\u00e7\u00f5es de visto. Al\u00e9m disso, estabeleceria pol\u00edticas dos <a href=\"https:\/\/www.epochtimes.com.br\/focus\/eua\" target=\"_blank\" rel=\"noreferrer noopener\"><strong>EUA<\/strong><\/a>\u00a0para evitar a coopera\u00e7\u00e3o com a\u00a0<a href=\"https:\/\/www.epochtimes.com.br\/focus\/china\" target=\"_blank\" rel=\"noreferrer noopener\"><strong>China<\/strong><\/a>\u00a0no setor de\u00a0<a href=\"https:\/\/www.epochtimes.com.br\/focus\/transplante\" target=\"_blank\" rel=\"noreferrer noopener\"><strong>transplante<\/strong><\/a> de \u00f3rg\u00e3os enquanto o Partido Comunista Chin\u00eas (<strong><a href=\"https:\/\/www.epochtimes.com.br\/focus\/pcch\" target=\"_blank\" rel=\"noreferrer noopener\">PCCh<\/a><\/strong>) permanecer no poder.<\/p>\n\n\n\n<div class=\"wp-block-image\"><figure class=\"aligncenter size-large is-resized\"><a href=\"https:\/\/www.facebook.com\/postobkr\/?locale=pt_BR\"><img loading=\"lazy\" decoding=\"async\" src=\"https:\/\/jornalfatosenoticias.com.br\/wp-content\/uploads\/2023\/08\/BKR-1024x1021.jpg\" alt=\"\" class=\"wp-image-44494\" width=\"324\" height=\"323\" srcset=\"https:\/\/jornalfatosenoticias.com.br\/wp-content\/uploads\/2023\/08\/BKR-1024x1021.jpg 1024w, https:\/\/jornalfatosenoticias.com.br\/wp-content\/uploads\/2023\/08\/BKR-300x300.jpg 300w, https:\/\/jornalfatosenoticias.com.br\/wp-content\/uploads\/2023\/08\/BKR-150x150.jpg 150w, https:\/\/jornalfatosenoticias.com.br\/wp-content\/uploads\/2023\/08\/BKR-768x766.jpg 768w, https:\/\/jornalfatosenoticias.com.br\/wp-content\/uploads\/2023\/08\/BKR.jpg 1080w\" sizes=\"auto, (max-width: 324px) 100vw, 324px\" \/><\/a><\/figure><\/div>\n\n\n\n<p>Em maio de 2022, o Parlamento Europeu em Bruxelas recebeu um testemunho sobre essa mesma atrocidade. O depoimento se concentrou nas conclus\u00f5es de um relat\u00f3rio detalhado intitulado \u201cColheita sangrenta\u201d. Especialistas e pesquisadores estimam que, desde 2000, cerca de 100.000 transplantes de \u00f3rg\u00e3os t\u00eam sido realizados anualmente na China, sendo a grande maioria deles apoiada pela extra\u00e7\u00e3o for\u00e7ada por meio da cumplicidade de institui\u00e7\u00f5es m\u00e9dicas chinesas.<\/p>\n\n\n\n<div class=\"wp-block-image\"><figure class=\"aligncenter size-large\"><a href=\"http:\/\/www.ferrarimaquinas.com.br\/\"><img loading=\"lazy\" decoding=\"async\" width=\"300\" height=\"250\" src=\"https:\/\/jornalfatosenoticias.com.br\/wp-content\/uploads\/2022\/02\/FERRARI_MAQUINAS-E-FERRAMENTAS2.jpg\" alt=\"\" class=\"wp-image-27860\"\/><\/a><\/figure><\/div>\n\n\n\n<p>Ap\u00f3s esse testemunho, o Parlamento Europeu adotou uma resolu\u00e7\u00e3o expressando preocupa\u00e7\u00e3o com os relatos cont\u00ednuos de extra\u00e7\u00e3o for\u00e7ada de \u00f3rg\u00e3os na China. A resolu\u00e7\u00e3o solicitou a avalia\u00e7\u00e3o e a revis\u00e3o das colabora\u00e7\u00f5es com institui\u00e7\u00f5es chinesas em medicina de transplante, pesquisa e treinamento para evitar a cumplicidade da Uni\u00e3o Europeia na extra\u00e7\u00e3o for\u00e7ada de \u00f3rg\u00e3os.<\/p>\n\n\n\n<div class=\"wp-block-image\"><figure class=\"aligncenter size-large is-resized\"><a href=\"https:\/\/www.instagram.com\/serra4x4cambioautomatico\/\"><img loading=\"lazy\" decoding=\"async\" src=\"https:\/\/jornalfatosenoticias.com.br\/wp-content\/uploads\/2024\/08\/Serra-4x4-1-886x1024.jpg\" alt=\"\" class=\"wp-image-53632\" width=\"269\" height=\"311\" srcset=\"https:\/\/jornalfatosenoticias.com.br\/wp-content\/uploads\/2024\/08\/Serra-4x4-1-886x1024.jpg 886w, https:\/\/jornalfatosenoticias.com.br\/wp-content\/uploads\/2024\/08\/Serra-4x4-1-260x300.jpg 260w, https:\/\/jornalfatosenoticias.com.br\/wp-content\/uploads\/2024\/08\/Serra-4x4-1-768x888.jpg 768w, https:\/\/jornalfatosenoticias.com.br\/wp-content\/uploads\/2024\/08\/Serra-4x4-1.jpg 1181w\" sizes=\"auto, (max-width: 269px) 100vw, 269px\" \/><\/a><\/figure><\/div>\n\n\n\n<p>Em setembro de 2024, o governo australiano divulgou um relat\u00f3rio em resposta a um projeto de lei proposto intitulado \u201cMigration Amendment (Overseas Transplant Disclosure and Other Measures) Bill 2023\u201d. Nele, o governo reconheceu uma recomenda\u00e7\u00e3o para instituir requisitos de relat\u00f3rios anuais relacionados a transplantes de \u00f3rg\u00e3os realizados fora da Austr\u00e1lia. Tamb\u00e9m reconheceu uma recomenda\u00e7\u00e3o para alterar a Lei de Migra\u00e7\u00e3o para incluir uma refer\u00eancia expressa a \u201cum delito envolvendo tr\u00e1fico de \u00f3rg\u00e3os humanos\u201d no teste de car\u00e1ter, o que permitiria a recusa ou o cancelamento de um visto com base em suspeita razo\u00e1vel de envolvimento em tr\u00e1fico de \u00f3rg\u00e3os.<\/p>\n\n\n\n<div class=\"wp-block-image\"><figure class=\"aligncenter size-large is-resized\"><a href=\"https:\/\/hotelmarquetti.com.br\/\"><img loading=\"lazy\" decoding=\"async\" src=\"https:\/\/jornalfatosenoticias.com.br\/wp-content\/uploads\/2023\/03\/nova-logo-Marquetti.jpg\" alt=\"\" class=\"wp-image-40207\" width=\"335\" height=\"225\" srcset=\"https:\/\/jornalfatosenoticias.com.br\/wp-content\/uploads\/2023\/03\/nova-logo-Marquetti.jpg 643w, https:\/\/jornalfatosenoticias.com.br\/wp-content\/uploads\/2023\/03\/nova-logo-Marquetti-300x202.jpg 300w\" sizes=\"auto, (max-width: 335px) 100vw, 335px\" \/><\/a><\/figure><\/div>\n\n\n\n<p>Os praticantes do Falun Gong continuam sendo o principal alvo dessas atividades desumanas. O Falun Gong, tamb\u00e9m conhecido como Falun Dafa, \u00e9 uma pr\u00e1tica espiritual que combina medita\u00e7\u00e3o e ensinamentos morais baseados nos princ\u00edpios da verdade, compaix\u00e3o e toler\u00e2ncia. Foi fundada em 1992 por Li Hongzhi e rapidamente ganhou popularidade na China no in\u00edcio da d\u00e9cada de 1990. O PCCh, temendo a popularidade da pr\u00e1tica tradicional, lan\u00e7ou uma campanha intensiva, abrangente e implac\u00e1vel contra o movimento.<\/p>\n\n\n\n<div class=\"wp-block-image\"><figure class=\"aligncenter size-large is-resized\"><a href=\"https:\/\/panper.com.br\/\"><img loading=\"lazy\" decoding=\"async\" src=\"https:\/\/jornalfatosenoticias.com.br\/wp-content\/uploads\/2023\/03\/logo-Panper_portal.jpg\" alt=\"\" class=\"wp-image-40208\" width=\"352\" height=\"244\" srcset=\"https:\/\/jornalfatosenoticias.com.br\/wp-content\/uploads\/2023\/03\/logo-Panper_portal.jpg 400w, https:\/\/jornalfatosenoticias.com.br\/wp-content\/uploads\/2023\/03\/logo-Panper_portal-300x208.jpg 300w\" sizes=\"auto, (max-width: 352px) 100vw, 352px\" \/><\/a><\/figure><\/div>\n\n\n\n<p>O PCCh emprega o \u201csistema de responsabilidade\u201d para perseguir os praticantes do Falun Gong, responsabilizando as autoridades locais pela <strong><a href=\"https:\/\/www.epochtimes.com.br\/focus\/repressao\" target=\"_blank\" rel=\"noreferrer noopener\">repress\u00e3o<\/a><\/strong> ao movimento. Esse sistema incentiva o cumprimento de metas espec\u00edficas relacionadas \u00e0 persegui\u00e7\u00e3o dos praticantes do Falun Gong, como pris\u00f5es, convers\u00f5es for\u00e7adas e dissemina\u00e7\u00e3o de propaganda. Os funcion\u00e1rios que atingem ou superam suas metas s\u00e3o recompensados com promo\u00e7\u00f5es, b\u00f4nus e outros incentivos, enquanto os que n\u00e3o atingem s\u00e3o severamente punidos.<\/p>\n\n\n\n<div class=\"wp-block-image\"><figure class=\"aligncenter size-large is-resized\"><a href=\"https:\/\/www.controlsystems.com.br\/\"><img loading=\"lazy\" decoding=\"async\" src=\"https:\/\/jornalfatosenoticias.com.br\/wp-content\/uploads\/2020\/02\/CONTROL-CS.jpg\" alt=\"\" class=\"wp-image-44991\" width=\"299\" height=\"358\" srcset=\"https:\/\/jornalfatosenoticias.com.br\/wp-content\/uploads\/2020\/02\/CONTROL-CS.jpg 834w, https:\/\/jornalfatosenoticias.com.br\/wp-content\/uploads\/2020\/02\/CONTROL-CS-250x300.jpg 250w, https:\/\/jornalfatosenoticias.com.br\/wp-content\/uploads\/2020\/02\/CONTROL-CS-768x921.jpg 768w\" sizes=\"auto, (max-width: 299px) 100vw, 299px\" \/><\/a><\/figure><\/div>\n\n\n\n<p>A \u00eanfase do sistema em atingir as metas de persegui\u00e7\u00e3o criou um clima de medo e repress\u00e3o para os praticantes, que enfrentam vigil\u00e2ncia e ass\u00e9dio constantes. Os relatos de extra\u00e7\u00e3o de \u00f3rg\u00e3os vieram \u00e0 tona pela primeira vez no Relat\u00f3rio Kilgour-Matas de 2006, detalhando alega\u00e7\u00f5es de extra\u00e7\u00e3o de \u00f3rg\u00e3os em larga escala de praticantes ainda vivos. O julgamento provis\u00f3rio do Tribunal da China de 2018 e o document\u00e1rio \u201cHuman Harvest\u201d de 2014 investigaram e destacaram ainda mais a natureza sistem\u00e1tica da pr\u00e1tica e o envolvimento de institui\u00e7\u00f5es estatais chinesas.<\/p>\n\n\n\n<div class=\"wp-block-image\"><figure class=\"aligncenter size-large is-resized\"><a href=\"https:\/\/www.instagram.com\/restaurantepegoretti\/\"><img loading=\"lazy\" decoding=\"async\" src=\"https:\/\/jornalfatosenoticias.com.br\/wp-content\/uploads\/2023\/12\/pegoretti-logo-pdf-1024x389.jpg\" alt=\"\" class=\"wp-image-47536\" width=\"522\" height=\"198\" srcset=\"https:\/\/jornalfatosenoticias.com.br\/wp-content\/uploads\/2023\/12\/pegoretti-logo-pdf-1024x389.jpg 1024w, https:\/\/jornalfatosenoticias.com.br\/wp-content\/uploads\/2023\/12\/pegoretti-logo-pdf-300x114.jpg 300w, https:\/\/jornalfatosenoticias.com.br\/wp-content\/uploads\/2023\/12\/pegoretti-logo-pdf-768x291.jpg 768w, https:\/\/jornalfatosenoticias.com.br\/wp-content\/uploads\/2023\/12\/pegoretti-logo-pdf.jpg 1120w\" sizes=\"auto, (max-width: 522px) 100vw, 522px\" \/><\/a><\/figure><\/div>\n\n\n\n<p>Em mar\u00e7o de 2006, representantes americanos do Falun Gong afirmaram que milhares de seus companheiros praticantes estavam internados em 36 campos de concentra\u00e7\u00e3o em toda a China. Em particular, o local em Sujiatun, pr\u00f3ximo \u00e0 cidade de Shenyang, era um hospital em funcionamento que abrigava 6.000 prisioneiros do Falun Gong, sendo que a grande maioria foi condenada \u00e0 morte e seus \u00f3rg\u00e3os foram coletados para fins lucrativos.<\/p>\n\n\n\n<div class=\"wp-block-image\"><figure class=\"aligncenter size-large is-resized\"><a href=\"https:\/\/www.facebook.com\/profile.php?id=100069289606145\"><img loading=\"lazy\" decoding=\"async\" src=\"https:\/\/jornalfatosenoticias.com.br\/wp-content\/uploads\/2024\/11\/Guaitolini-Contabilidade-1024x714.jpeg\" alt=\"\" class=\"wp-image-55808\" width=\"340\" height=\"237\" srcset=\"https:\/\/jornalfatosenoticias.com.br\/wp-content\/uploads\/2024\/11\/Guaitolini-Contabilidade-1024x714.jpeg 1024w, https:\/\/jornalfatosenoticias.com.br\/wp-content\/uploads\/2024\/11\/Guaitolini-Contabilidade-300x209.jpeg 300w, https:\/\/jornalfatosenoticias.com.br\/wp-content\/uploads\/2024\/11\/Guaitolini-Contabilidade-768x535.jpeg 768w, https:\/\/jornalfatosenoticias.com.br\/wp-content\/uploads\/2024\/11\/Guaitolini-Contabilidade.jpeg 1280w\" sizes=\"auto, (max-width: 340px) 100vw, 340px\" \/><\/a><\/figure><\/div>\n\n\n\n<p>Desde 1999, membros do Congresso dos EUA fizeram in\u00fameras declara\u00e7\u00f5es p\u00fablicas e apresentaram v\u00e1rias resolu\u00e7\u00f5es apoiando o Falun Gong e criticando o hist\u00f3rico de <strong><a href=\"https:\/\/www.epochtimes.com.br\/focus\/direitos-humanos\" target=\"_blank\" rel=\"noreferrer noopener\">direitos humanos<\/a><\/strong> do regime chin\u00eas. A Lei de Prote\u00e7\u00e3o ao Falun Gong pendente exige san\u00e7\u00f5es contra indiv\u00edduos envolvidos no abuso e busca destacar a persegui\u00e7\u00e3o ao Falun Gong em n\u00edvel internacional.<\/p>\n\n\n\n<div class=\"wp-block-image\"><figure class=\"aligncenter size-large\"><a href=\"https:\/\/www.cesconetto.com.br\/\"><img loading=\"lazy\" decoding=\"async\" width=\"300\" height=\"250\" src=\"https:\/\/jornalfatosenoticias.com.br\/wp-content\/uploads\/2022\/02\/Banner-2.png\" alt=\"\" class=\"wp-image-27877\"\/><\/a><\/figure><\/div>\n\n\n\n<p>Se aprovada, a lei dar\u00e1 poderes ao presidente dos EUA para impor san\u00e7\u00f5es a indiv\u00edduos estrangeiros que sejam conscientemente respons\u00e1veis, c\u00famplices ou envolvidos na coleta involunt\u00e1ria de \u00f3rg\u00e3os na China. Aqueles que violarem essa lei poder\u00e3o enfrentar uma multa civil de at\u00e9 US$ 250.000 ou uma penalidade criminal m\u00e1xima de US$ 1 milh\u00e3o e uma senten\u00e7a de pris\u00e3o de at\u00e9 20 anos.<\/p>\n\n\n\n<div class=\"wp-block-image\"><figure class=\"aligncenter size-large is-resized\"><a href=\"https:\/\/www.instagram.com\/rcradiadores\/\"><img loading=\"lazy\" decoding=\"async\" src=\"https:\/\/jornalfatosenoticias.com.br\/wp-content\/uploads\/2022\/10\/RC_800x750_page-0001.jpg\" alt=\"\" class=\"wp-image-35338\" width=\"300\" height=\"281\" srcset=\"https:\/\/jornalfatosenoticias.com.br\/wp-content\/uploads\/2022\/10\/RC_800x750_page-0001.jpg 400w, https:\/\/jornalfatosenoticias.com.br\/wp-content\/uploads\/2022\/10\/RC_800x750_page-0001-300x281.jpg 300w\" sizes=\"auto, (max-width: 300px) 100vw, 300px\" \/><\/a><\/figure><\/div>\n\n\n\n<p>A lei foi redigida de forma a enfatizar o trabalho com aliados e institui\u00e7\u00f5es globais para destacar essa persegui\u00e7\u00e3o cont\u00ednua ao Falun Gong, tornando pol\u00edtica dos EUA evitar a coopera\u00e7\u00e3o com a China em rela\u00e7\u00e3o ao setor de transplante de \u00f3rg\u00e3os. Nesse meio tempo, v\u00e1rios estados americanos tomaram medidas semelhantes. Em 20 de fevereiro, o estado do Arizona aprovou o Arizona End Organ Harvesting Act, que estabelece proibi\u00e7\u00f5es de cobertura de seguro para a coleta de \u00f3rg\u00e3os e visa desencorajar os residentes a buscar transplantes de \u00f3rg\u00e3os na China. Essa lei segue leis semelhantes j\u00e1 aprovadas em Idaho, Texas e Utah.<\/p>\n\n\n\n<div class=\"wp-block-image\"><figure class=\"aligncenter size-large is-resized\"><a href=\"https:\/\/www.legisjuris.com.br\/\"><img loading=\"lazy\" decoding=\"async\" src=\"https:\/\/jornalfatosenoticias.com.br\/wp-content\/uploads\/2024\/09\/Legis-Juris-Consultoria_logo.jpg\" alt=\"\" class=\"wp-image-53915\" width=\"544\" height=\"228\" srcset=\"https:\/\/jornalfatosenoticias.com.br\/wp-content\/uploads\/2024\/09\/Legis-Juris-Consultoria_logo.jpg 969w, https:\/\/jornalfatosenoticias.com.br\/wp-content\/uploads\/2024\/09\/Legis-Juris-Consultoria_logo-300x126.jpg 300w, https:\/\/jornalfatosenoticias.com.br\/wp-content\/uploads\/2024\/09\/Legis-Juris-Consultoria_logo-768x322.jpg 768w\" sizes=\"auto, (max-width: 544px) 100vw, 544px\" \/><\/a><\/figure><\/div>\n\n\n\n<p>A persegui\u00e7\u00e3o cont\u00ednua aos praticantes do Falun Gong \u00e9 uma quest\u00e3o imperdo\u00e1vel de direitos humanos que tem atra\u00eddo grande aten\u00e7\u00e3o internacional. Com a imposi\u00e7\u00e3o de san\u00e7\u00f5es e a coordena\u00e7\u00e3o com a comunidade internacional, os Estados Unidos e outros pa\u00edses continuar\u00e3o a promover mudan\u00e7as na forma como o regime chin\u00eas trata seus cidad\u00e3os. Nesta quarta-feira (19), <strong><a href=\"https:\/\/www.epochtimes.com.br\/china\/tennessee-aprova-por-unanimidade-projeto-de-lei-para-acabar-com-cumplicidade-na-extracao-forcada-de-orgaos-pelo-pcch-213039.html\">legisladores do Tennessee aprovaram por unanimidade um projeto de lei para impedir que o estado facilite abusos de extra\u00e7\u00e3o for\u00e7ada de \u00f3rg\u00e3os pelo Partido Comunista Chin\u00eas (PCCh) da China.<\/a><\/strong><\/p>\n\n\n\n<div class=\"wp-block-image\"><figure class=\"aligncenter size-large is-resized\"><a href=\"https:\/\/www.legisjuris.com.br\/\"><img loading=\"lazy\" decoding=\"async\" src=\"https:\/\/jornalfatosenoticias.com.br\/wp-content\/uploads\/2023\/09\/vetorvix1024_1.jpg\" alt=\"\" class=\"wp-image-44868\" width=\"524\" height=\"139\" srcset=\"https:\/\/jornalfatosenoticias.com.br\/wp-content\/uploads\/2023\/09\/vetorvix1024_1.jpg 1024w, https:\/\/jornalfatosenoticias.com.br\/wp-content\/uploads\/2023\/09\/vetorvix1024_1-300x80.jpg 300w, https:\/\/jornalfatosenoticias.com.br\/wp-content\/uploads\/2023\/09\/vetorvix1024_1-768x205.jpg 768w\" sizes=\"auto, (max-width: 524px) 100vw, 524px\" \/><\/a><\/figure><\/div>\n\n\n\n<p><strong><em>Fonte: <a href=\"https:\/\/www.epochtimes.com.br\/china\/pratica-de-extracao-forcada-de-orgaos-na-china-comunista-chama-a-atencao-do-mundo-212962.html\">Epoch Times Brasil<\/a><\/em><\/strong><\/p>\n","protected":false},"excerpt":{"rendered":"<p>Praticantes do Falun Gong participam de um desfile para celebrar o Dia Mundial do Falun Dafa e pedem o fim da persegui\u00e7\u00e3o na China, na cidade de Nova York, em 10 de maio de 2024 Por Charles Davis Em 3 de mar\u00e7o, o senador Ted Cruz\u00a0(R-Texas) e o deputado\u00a0Scott Perry (R-Pa.) reintroduziram uma legisla\u00e7\u00e3o bicameral [&hellip;]<\/p>\n","protected":false},"author":3,"featured_media":57925,"comment_status":"open","ping_status":"open","sticky":false,"template":"","format":"standard","meta":{"footnotes":""},"categories":[41],"tags":[85,20207,26422,26421,24968,26423],"class_list":["post-57924","post","type-post","status-publish","format-standard","has-post-thumbnail","hentry","category-internacional","tag-china","tag-comunista","tag-extracao-forcada-de-orgaos","tag-falun-gong","tag-partido-comunista-chines","tag-perseguicao-na-china"],"yoast_head":"<!-- This site is optimized with the Yoast SEO plugin v26.5 - https:\/\/yoast.com\/wordpress\/plugins\/seo\/ -->\n<title>Pr\u00e1tica de extra\u00e7\u00e3o for\u00e7ada de \u00f3rg\u00e3os na China comunista chama a aten\u00e7\u00e3o do mundo - Jornal Fatos e Not\u00edcias<\/title>\n<meta name=\"robots\" content=\"index, follow, max-snippet:-1, max-image-preview:large, max-video-preview:-1\" \/>\n<link rel=\"canonical\" href=\"https:\/\/jornalfatosenoticias.com.br\/index.php\/2025\/03\/20\/pratica-de-extracao-forcada-de-orgaos-na-china-comunista-chama-a-atencao-do-mundo\/\" \/>\n<meta property=\"og:locale\" content=\"pt_BR\" \/>\n<meta property=\"og:type\" content=\"article\" \/>\n<meta property=\"og:title\" content=\"Pr\u00e1tica de extra\u00e7\u00e3o for\u00e7ada de \u00f3rg\u00e3os na China comunista chama a aten\u00e7\u00e3o do mundo - Jornal Fatos e Not\u00edcias\" \/>\n<meta property=\"og:description\" content=\"Praticantes do Falun Gong participam de um desfile para celebrar o Dia Mundial do Falun Dafa e pedem o fim da persegui\u00e7\u00e3o na China, na cidade de Nova York, em 10 de maio de 2024 Por Charles Davis Em 3 de mar\u00e7o, o senador Ted Cruz\u00a0(R-Texas) e o deputado\u00a0Scott Perry (R-Pa.) reintroduziram uma legisla\u00e7\u00e3o bicameral [&hellip;]\" \/>\n<meta property=\"og:url\" content=\"https:\/\/jornalfatosenoticias.com.br\/index.php\/2025\/03\/20\/pratica-de-extracao-forcada-de-orgaos-na-china-comunista-chama-a-atencao-do-mundo\/\" \/>\n<meta property=\"og:site_name\" content=\"Jornal Fatos e Not\u00edcias\" \/>\n<meta property=\"article:published_time\" content=\"2025-03-20T18:03:57+00:00\" \/>\n<meta property=\"article:modified_time\" content=\"2025-03-20T18:03:58+00:00\" \/>\n<meta property=\"og:image\" content=\"https:\/\/jornalfatosenoticias.com.br\/wp-content\/uploads\/2025\/03\/extracao-forcada-de-orgaos-na-China.jpg\" \/>\n\t<meta property=\"og:image:width\" content=\"795\" \/>\n\t<meta property=\"og:image:height\" content=\"447\" \/>\n\t<meta property=\"og:image:type\" content=\"image\/jpeg\" \/>\n<meta name=\"author\" content=\"Haroldo Filho\" \/>\n<meta name=\"twitter:card\" content=\"summary_large_image\" \/>\n<meta name=\"twitter:label1\" content=\"Escrito por\" \/>\n\t<meta name=\"twitter:data1\" content=\"Haroldo Filho\" \/>\n\t<meta name=\"twitter:label2\" content=\"Est. tempo de leitura\" \/>\n\t<meta name=\"twitter:data2\" content=\"6 minutos\" \/>\n<script type=\"application\/ld+json\" class=\"yoast-schema-graph\">{\"@context\":\"https:\/\/schema.org\",\"@graph\":[{\"@type\":\"Article\",\"@id\":\"https:\/\/jornalfatosenoticias.com.br\/index.php\/2025\/03\/20\/pratica-de-extracao-forcada-de-orgaos-na-china-comunista-chama-a-atencao-do-mundo\/#article\",\"isPartOf\":{\"@id\":\"https:\/\/jornalfatosenoticias.com.br\/index.php\/2025\/03\/20\/pratica-de-extracao-forcada-de-orgaos-na-china-comunista-chama-a-atencao-do-mundo\/\"},\"author\":{\"name\":\"Haroldo Filho\",\"@id\":\"https:\/\/jornalfatosenoticias.com.br\/#\/schema\/person\/05c46cc25b42a5c27e004fb0fa6b4965\"},\"headline\":\"Pr\u00e1tica de extra\u00e7\u00e3o for\u00e7ada de \u00f3rg\u00e3os na China comunista chama a aten\u00e7\u00e3o do mundo\",\"datePublished\":\"2025-03-20T18:03:57+00:00\",\"dateModified\":\"2025-03-20T18:03:58+00:00\",\"mainEntityOfPage\":{\"@id\":\"https:\/\/jornalfatosenoticias.com.br\/index.php\/2025\/03\/20\/pratica-de-extracao-forcada-de-orgaos-na-china-comunista-chama-a-atencao-do-mundo\/\"},\"wordCount\":1143,\"commentCount\":0,\"publisher\":{\"@id\":\"https:\/\/jornalfatosenoticias.com.br\/#organization\"},\"image\":{\"@id\":\"https:\/\/jornalfatosenoticias.com.br\/index.php\/2025\/03\/20\/pratica-de-extracao-forcada-de-orgaos-na-china-comunista-chama-a-atencao-do-mundo\/#primaryimage\"},\"thumbnailUrl\":\"https:\/\/jornalfatosenoticias.com.br\/wp-content\/uploads\/2025\/03\/extracao-forcada-de-orgaos-na-China.jpg\",\"keywords\":[\"china\",\"comunista\",\"extra\u00e7\u00e3o for\u00e7ada de \u00f3rg\u00e3os\",\"Falun Gong\",\"Partido Comunista Chin\u00eas\",\"persegui\u00e7\u00e3o na China\"],\"articleSection\":[\"Internacional\"],\"inLanguage\":\"pt-BR\",\"potentialAction\":[{\"@type\":\"CommentAction\",\"name\":\"Comment\",\"target\":[\"https:\/\/jornalfatosenoticias.com.br\/index.php\/2025\/03\/20\/pratica-de-extracao-forcada-de-orgaos-na-china-comunista-chama-a-atencao-do-mundo\/#respond\"]}]},{\"@type\":\"WebPage\",\"@id\":\"https:\/\/jornalfatosenoticias.com.br\/index.php\/2025\/03\/20\/pratica-de-extracao-forcada-de-orgaos-na-china-comunista-chama-a-atencao-do-mundo\/\",\"url\":\"https:\/\/jornalfatosenoticias.com.br\/index.php\/2025\/03\/20\/pratica-de-extracao-forcada-de-orgaos-na-china-comunista-chama-a-atencao-do-mundo\/\",\"name\":\"Pr\u00e1tica de extra\u00e7\u00e3o for\u00e7ada de \u00f3rg\u00e3os na China comunista chama a aten\u00e7\u00e3o do mundo - Jornal Fatos e Not\u00edcias\",\"isPartOf\":{\"@id\":\"https:\/\/jornalfatosenoticias.com.br\/#website\"},\"primaryImageOfPage\":{\"@id\":\"https:\/\/jornalfatosenoticias.com.br\/index.php\/2025\/03\/20\/pratica-de-extracao-forcada-de-orgaos-na-china-comunista-chama-a-atencao-do-mundo\/#primaryimage\"},\"image\":{\"@id\":\"https:\/\/jornalfatosenoticias.com.br\/index.php\/2025\/03\/20\/pratica-de-extracao-forcada-de-orgaos-na-china-comunista-chama-a-atencao-do-mundo\/#primaryimage\"},\"thumbnailUrl\":\"https:\/\/jornalfatosenoticias.com.br\/wp-content\/uploads\/2025\/03\/extracao-forcada-de-orgaos-na-China.jpg\",\"datePublished\":\"2025-03-20T18:03:57+00:00\",\"dateModified\":\"2025-03-20T18:03:58+00:00\",\"breadcrumb\":{\"@id\":\"https:\/\/jornalfatosenoticias.com.br\/index.php\/2025\/03\/20\/pratica-de-extracao-forcada-de-orgaos-na-china-comunista-chama-a-atencao-do-mundo\/#breadcrumb\"},\"inLanguage\":\"pt-BR\",\"potentialAction\":[{\"@type\":\"ReadAction\",\"target\":[\"https:\/\/jornalfatosenoticias.com.br\/index.php\/2025\/03\/20\/pratica-de-extracao-forcada-de-orgaos-na-china-comunista-chama-a-atencao-do-mundo\/\"]}]},{\"@type\":\"ImageObject\",\"inLanguage\":\"pt-BR\",\"@id\":\"https:\/\/jornalfatosenoticias.com.br\/index.php\/2025\/03\/20\/pratica-de-extracao-forcada-de-orgaos-na-china-comunista-chama-a-atencao-do-mundo\/#primaryimage\",\"url\":\"https:\/\/jornalfatosenoticias.com.br\/wp-content\/uploads\/2025\/03\/extracao-forcada-de-orgaos-na-China.jpg\",\"contentUrl\":\"https:\/\/jornalfatosenoticias.com.br\/wp-content\/uploads\/2025\/03\/extracao-forcada-de-orgaos-na-China.jpg\",\"width\":795,\"height\":447},{\"@type\":\"BreadcrumbList\",\"@id\":\"https:\/\/jornalfatosenoticias.com.br\/index.php\/2025\/03\/20\/pratica-de-extracao-forcada-de-orgaos-na-china-comunista-chama-a-atencao-do-mundo\/#breadcrumb\",\"itemListElement\":[{\"@type\":\"ListItem\",\"position\":1,\"name\":\"In\u00edcio\",\"item\":\"https:\/\/jornalfatosenoticias.com.br\/\"},{\"@type\":\"ListItem\",\"position\":2,\"name\":\"Pr\u00e1tica de extra\u00e7\u00e3o for\u00e7ada de \u00f3rg\u00e3os na China comunista chama a aten\u00e7\u00e3o do mundo\"}]},{\"@type\":\"WebSite\",\"@id\":\"https:\/\/jornalfatosenoticias.com.br\/#website\",\"url\":\"https:\/\/jornalfatosenoticias.com.br\/\",\"name\":\"Jornal Fatos e Not\u00edcias\",\"description\":\"Not\u00edcias em geral\",\"publisher\":{\"@id\":\"https:\/\/jornalfatosenoticias.com.br\/#organization\"},\"potentialAction\":[{\"@type\":\"SearchAction\",\"target\":{\"@type\":\"EntryPoint\",\"urlTemplate\":\"https:\/\/jornalfatosenoticias.com.br\/?s={search_term_string}\"},\"query-input\":{\"@type\":\"PropertyValueSpecification\",\"valueRequired\":true,\"valueName\":\"search_term_string\"}}],\"inLanguage\":\"pt-BR\"},{\"@type\":\"Organization\",\"@id\":\"https:\/\/jornalfatosenoticias.com.br\/#organization\",\"name\":\"Jornal Fatos e Not\u00edcias\",\"url\":\"https:\/\/jornalfatosenoticias.com.br\/\",\"logo\":{\"@type\":\"ImageObject\",\"inLanguage\":\"pt-BR\",\"@id\":\"https:\/\/jornalfatosenoticias.com.br\/#\/schema\/logo\/image\/\",\"url\":\"https:\/\/jornalfatosenoticias.com.br\/wp-content\/uploads\/2020\/02\/logo120.png\",\"contentUrl\":\"https:\/\/jornalfatosenoticias.com.br\/wp-content\/uploads\/2020\/02\/logo120.png\",\"width\":1227,\"height\":120,\"caption\":\"Jornal Fatos e Not\u00edcias\"},\"image\":{\"@id\":\"https:\/\/jornalfatosenoticias.com.br\/#\/schema\/logo\/image\/\"}},{\"@type\":\"Person\",\"@id\":\"https:\/\/jornalfatosenoticias.com.br\/#\/schema\/person\/05c46cc25b42a5c27e004fb0fa6b4965\",\"name\":\"Haroldo Filho\",\"image\":{\"@type\":\"ImageObject\",\"inLanguage\":\"pt-BR\",\"@id\":\"https:\/\/jornalfatosenoticias.com.br\/#\/schema\/person\/image\/\",\"url\":\"https:\/\/jornalfatosenoticias.com.br\/wp-content\/uploads\/2025\/08\/WhatsApp-Image-2025-08-18-at-15.30.28-150x150.jpeg\",\"contentUrl\":\"https:\/\/jornalfatosenoticias.com.br\/wp-content\/uploads\/2025\/08\/WhatsApp-Image-2025-08-18-at-15.30.28-150x150.jpeg\",\"caption\":\"Haroldo Filho\"},\"description\":\"Jornalista \u2013 DRT: 0003818\/ES Coordenador-geral da ONG Educar para Crescer\",\"url\":\"https:\/\/jornalfatosenoticias.com.br\/index.php\/author\/haroldo\/\"}]}<\/script>\n<!-- \/ Yoast SEO plugin. -->","yoast_head_json":{"title":"Pr\u00e1tica de extra\u00e7\u00e3o for\u00e7ada de \u00f3rg\u00e3os na China comunista chama a aten\u00e7\u00e3o do mundo - Jornal Fatos e Not\u00edcias","robots":{"index":"index","follow":"follow","max-snippet":"max-snippet:-1","max-image-preview":"max-image-preview:large","max-video-preview":"max-video-preview:-1"},"canonical":"https:\/\/jornalfatosenoticias.com.br\/index.php\/2025\/03\/20\/pratica-de-extracao-forcada-de-orgaos-na-china-comunista-chama-a-atencao-do-mundo\/","og_locale":"pt_BR","og_type":"article","og_title":"Pr\u00e1tica de extra\u00e7\u00e3o for\u00e7ada de \u00f3rg\u00e3os na China comunista chama a aten\u00e7\u00e3o do mundo - Jornal Fatos e Not\u00edcias","og_description":"Praticantes do Falun Gong participam de um desfile para celebrar o Dia Mundial do Falun Dafa e pedem o fim da persegui\u00e7\u00e3o na China, na cidade de Nova York, em 10 de maio de 2024 Por Charles Davis Em 3 de mar\u00e7o, o senador Ted Cruz\u00a0(R-Texas) e o deputado\u00a0Scott Perry (R-Pa.) reintroduziram uma legisla\u00e7\u00e3o bicameral [&hellip;]","og_url":"https:\/\/jornalfatosenoticias.com.br\/index.php\/2025\/03\/20\/pratica-de-extracao-forcada-de-orgaos-na-china-comunista-chama-a-atencao-do-mundo\/","og_site_name":"Jornal Fatos e Not\u00edcias","article_published_time":"2025-03-20T18:03:57+00:00","article_modified_time":"2025-03-20T18:03:58+00:00","og_image":[{"width":795,"height":447,"url":"https:\/\/jornalfatosenoticias.com.br\/wp-content\/uploads\/2025\/03\/extracao-forcada-de-orgaos-na-China.jpg","type":"image\/jpeg"}],"author":"Haroldo Filho","twitter_card":"summary_large_image","twitter_misc":{"Escrito por":"Haroldo Filho","Est. tempo de leitura":"6 minutos"},"schema":{"@context":"https:\/\/schema.org","@graph":[{"@type":"Article","@id":"https:\/\/jornalfatosenoticias.com.br\/index.php\/2025\/03\/20\/pratica-de-extracao-forcada-de-orgaos-na-china-comunista-chama-a-atencao-do-mundo\/#article","isPartOf":{"@id":"https:\/\/jornalfatosenoticias.com.br\/index.php\/2025\/03\/20\/pratica-de-extracao-forcada-de-orgaos-na-china-comunista-chama-a-atencao-do-mundo\/"},"author":{"name":"Haroldo Filho","@id":"https:\/\/jornalfatosenoticias.com.br\/#\/schema\/person\/05c46cc25b42a5c27e004fb0fa6b4965"},"headline":"Pr\u00e1tica de extra\u00e7\u00e3o for\u00e7ada de \u00f3rg\u00e3os na China comunista chama a aten\u00e7\u00e3o do mundo","datePublished":"2025-03-20T18:03:57+00:00","dateModified":"2025-03-20T18:03:58+00:00","mainEntityOfPage":{"@id":"https:\/\/jornalfatosenoticias.com.br\/index.php\/2025\/03\/20\/pratica-de-extracao-forcada-de-orgaos-na-china-comunista-chama-a-atencao-do-mundo\/"},"wordCount":1143,"commentCount":0,"publisher":{"@id":"https:\/\/jornalfatosenoticias.com.br\/#organization"},"image":{"@id":"https:\/\/jornalfatosenoticias.com.br\/index.php\/2025\/03\/20\/pratica-de-extracao-forcada-de-orgaos-na-china-comunista-chama-a-atencao-do-mundo\/#primaryimage"},"thumbnailUrl":"https:\/\/jornalfatosenoticias.com.br\/wp-content\/uploads\/2025\/03\/extracao-forcada-de-orgaos-na-China.jpg","keywords":["china","comunista","extra\u00e7\u00e3o for\u00e7ada de \u00f3rg\u00e3os","Falun Gong","Partido Comunista Chin\u00eas","persegui\u00e7\u00e3o na China"],"articleSection":["Internacional"],"inLanguage":"pt-BR","potentialAction":[{"@type":"CommentAction","name":"Comment","target":["https:\/\/jornalfatosenoticias.com.br\/index.php\/2025\/03\/20\/pratica-de-extracao-forcada-de-orgaos-na-china-comunista-chama-a-atencao-do-mundo\/#respond"]}]},{"@type":"WebPage","@id":"https:\/\/jornalfatosenoticias.com.br\/index.php\/2025\/03\/20\/pratica-de-extracao-forcada-de-orgaos-na-china-comunista-chama-a-atencao-do-mundo\/","url":"https:\/\/jornalfatosenoticias.com.br\/index.php\/2025\/03\/20\/pratica-de-extracao-forcada-de-orgaos-na-china-comunista-chama-a-atencao-do-mundo\/","name":"Pr\u00e1tica de extra\u00e7\u00e3o for\u00e7ada de \u00f3rg\u00e3os na China comunista chama a aten\u00e7\u00e3o do mundo - Jornal Fatos e Not\u00edcias","isPartOf":{"@id":"https:\/\/jornalfatosenoticias.com.br\/#website"},"primaryImageOfPage":{"@id":"https:\/\/jornalfatosenoticias.com.br\/index.php\/2025\/03\/20\/pratica-de-extracao-forcada-de-orgaos-na-china-comunista-chama-a-atencao-do-mundo\/#primaryimage"},"image":{"@id":"https:\/\/jornalfatosenoticias.com.br\/index.php\/2025\/03\/20\/pratica-de-extracao-forcada-de-orgaos-na-china-comunista-chama-a-atencao-do-mundo\/#primaryimage"},"thumbnailUrl":"https:\/\/jornalfatosenoticias.com.br\/wp-content\/uploads\/2025\/03\/extracao-forcada-de-orgaos-na-China.jpg","datePublished":"2025-03-20T18:03:57+00:00","dateModified":"2025-03-20T18:03:58+00:00","breadcrumb":{"@id":"https:\/\/jornalfatosenoticias.com.br\/index.php\/2025\/03\/20\/pratica-de-extracao-forcada-de-orgaos-na-china-comunista-chama-a-atencao-do-mundo\/#breadcrumb"},"inLanguage":"pt-BR","potentialAction":[{"@type":"ReadAction","target":["https:\/\/jornalfatosenoticias.com.br\/index.php\/2025\/03\/20\/pratica-de-extracao-forcada-de-orgaos-na-china-comunista-chama-a-atencao-do-mundo\/"]}]},{"@type":"ImageObject","inLanguage":"pt-BR","@id":"https:\/\/jornalfatosenoticias.com.br\/index.php\/2025\/03\/20\/pratica-de-extracao-forcada-de-orgaos-na-china-comunista-chama-a-atencao-do-mundo\/#primaryimage","url":"https:\/\/jornalfatosenoticias.com.br\/wp-content\/uploads\/2025\/03\/extracao-forcada-de-orgaos-na-China.jpg","contentUrl":"https:\/\/jornalfatosenoticias.com.br\/wp-content\/uploads\/2025\/03\/extracao-forcada-de-orgaos-na-China.jpg","width":795,"height":447},{"@type":"BreadcrumbList","@id":"https:\/\/jornalfatosenoticias.com.br\/index.php\/2025\/03\/20\/pratica-de-extracao-forcada-de-orgaos-na-china-comunista-chama-a-atencao-do-mundo\/#breadcrumb","itemListElement":[{"@type":"ListItem","position":1,"name":"In\u00edcio","item":"https:\/\/jornalfatosenoticias.com.br\/"},{"@type":"ListItem","position":2,"name":"Pr\u00e1tica de extra\u00e7\u00e3o for\u00e7ada de \u00f3rg\u00e3os na China comunista chama a aten\u00e7\u00e3o do mundo"}]},{"@type":"WebSite","@id":"https:\/\/jornalfatosenoticias.com.br\/#website","url":"https:\/\/jornalfatosenoticias.com.br\/","name":"Jornal Fatos e Not\u00edcias","description":"Not\u00edcias em geral","publisher":{"@id":"https:\/\/jornalfatosenoticias.com.br\/#organization"},"potentialAction":[{"@type":"SearchAction","target":{"@type":"EntryPoint","urlTemplate":"https:\/\/jornalfatosenoticias.com.br\/?s={search_term_string}"},"query-input":{"@type":"PropertyValueSpecification","valueRequired":true,"valueName":"search_term_string"}}],"inLanguage":"pt-BR"},{"@type":"Organization","@id":"https:\/\/jornalfatosenoticias.com.br\/#organization","name":"Jornal Fatos e Not\u00edcias","url":"https:\/\/jornalfatosenoticias.com.br\/","logo":{"@type":"ImageObject","inLanguage":"pt-BR","@id":"https:\/\/jornalfatosenoticias.com.br\/#\/schema\/logo\/image\/","url":"https:\/\/jornalfatosenoticias.com.br\/wp-content\/uploads\/2020\/02\/logo120.png","contentUrl":"https:\/\/jornalfatosenoticias.com.br\/wp-content\/uploads\/2020\/02\/logo120.png","width":1227,"height":120,"caption":"Jornal Fatos e Not\u00edcias"},"image":{"@id":"https:\/\/jornalfatosenoticias.com.br\/#\/schema\/logo\/image\/"}},{"@type":"Person","@id":"https:\/\/jornalfatosenoticias.com.br\/#\/schema\/person\/05c46cc25b42a5c27e004fb0fa6b4965","name":"Haroldo Filho","image":{"@type":"ImageObject","inLanguage":"pt-BR","@id":"https:\/\/jornalfatosenoticias.com.br\/#\/schema\/person\/image\/","url":"https:\/\/jornalfatosenoticias.com.br\/wp-content\/uploads\/2025\/08\/WhatsApp-Image-2025-08-18-at-15.30.28-150x150.jpeg","contentUrl":"https:\/\/jornalfatosenoticias.com.br\/wp-content\/uploads\/2025\/08\/WhatsApp-Image-2025-08-18-at-15.30.28-150x150.jpeg","caption":"Haroldo Filho"},"description":"Jornalista \u2013 DRT: 0003818\/ES Coordenador-geral da ONG Educar para Crescer","url":"https:\/\/jornalfatosenoticias.com.br\/index.php\/author\/haroldo\/"}]}},"cc_featured_image_caption":{"caption_text":"(Foto: The Epoch Times\/Reprodu\u00e7\u00e3o) ","source_text":"","source_url":""},"jetpack_featured_media_url":"https:\/\/jornalfatosenoticias.com.br\/wp-content\/uploads\/2025\/03\/extracao-forcada-de-orgaos-na-China.jpg","_links":{"self":[{"href":"https:\/\/jornalfatosenoticias.com.br\/index.php\/wp-json\/wp\/v2\/posts\/57924","targetHints":{"allow":["GET"]}}],"collection":[{"href":"https:\/\/jornalfatosenoticias.com.br\/index.php\/wp-json\/wp\/v2\/posts"}],"about":[{"href":"https:\/\/jornalfatosenoticias.com.br\/index.php\/wp-json\/wp\/v2\/types\/post"}],"author":[{"embeddable":true,"href":"https:\/\/jornalfatosenoticias.com.br\/index.php\/wp-json\/wp\/v2\/users\/3"}],"replies":[{"embeddable":true,"href":"https:\/\/jornalfatosenoticias.com.br\/index.php\/wp-json\/wp\/v2\/comments?post=57924"}],"version-history":[{"count":0,"href":"https:\/\/jornalfatosenoticias.com.br\/index.php\/wp-json\/wp\/v2\/posts\/57924\/revisions"}],"wp:featuredmedia":[{"embeddable":true,"href":"https:\/\/jornalfatosenoticias.com.br\/index.php\/wp-json\/wp\/v2\/media\/57925"}],"wp:attachment":[{"href":"https:\/\/jornalfatosenoticias.com.br\/index.php\/wp-json\/wp\/v2\/media?parent=57924"}],"wp:term":[{"taxonomy":"category","embeddable":true,"href":"https:\/\/jornalfatosenoticias.com.br\/index.php\/wp-json\/wp\/v2\/categories?post=57924"},{"taxonomy":"post_tag","embeddable":true,"href":"https:\/\/jornalfatosenoticias.com.br\/index.php\/wp-json\/wp\/v2\/tags?post=57924"}],"curies":[{"name":"wp","href":"https:\/\/api.w.org\/{rel}","templated":true}]}}