{"id":57944,"date":"2025-03-24T10:44:56","date_gmt":"2025-03-24T13:44:56","guid":{"rendered":"https:\/\/jornalfatosenoticias.com.br\/?p=57944"},"modified":"2025-03-24T10:44:58","modified_gmt":"2025-03-24T13:44:58","slug":"embrapa-clona-araucaria-de-700-anos-que-tombou-no-parana","status":"publish","type":"post","link":"https:\/\/jornalfatosenoticias.com.br\/index.php\/2025\/03\/24\/embrapa-clona-araucaria-de-700-anos-que-tombou-no-parana\/","title":{"rendered":"Embrapa clona arauc\u00e1ria de 700 anos que tombou no Paran\u00e1"},"content":{"rendered":"\n<p><em><span class=\"has-inline-color has-black-color\">Um feito in\u00e9dito na pesquisa florestal brasileira \u2014 clonagem foi um desafio pela idade avan\u00e7ada da \u00e1rvore gigante, que \u00e9 s\u00edmbolo da paisagem do Paran\u00e1<\/span><\/em><\/p>\n\n\n\n<div class=\"wp-block-image\"><figure class=\"aligncenter size-large\"><a href=\"https:\/\/mizu.com.br\/\"><img loading=\"lazy\" decoding=\"async\" width=\"729\" height=\"90\" src=\"https:\/\/jornalfatosenoticias.com.br\/wp-content\/uploads\/2020\/02\/Logo_Mizu.png\" alt=\"\" class=\"wp-image-1441\" srcset=\"https:\/\/jornalfatosenoticias.com.br\/wp-content\/uploads\/2020\/02\/Logo_Mizu.png 729w, https:\/\/jornalfatosenoticias.com.br\/wp-content\/uploads\/2020\/02\/Logo_Mizu-300x37.png 300w\" sizes=\"auto, (max-width: 729px) 100vw, 729px\" \/><\/a><\/figure><\/div>\n\n\n\n<p>Em 29 de outubro de 2023, um temporal derrubou a maior arauc\u00e1ria (Arauc\u00e1ria angustifolia) do Paran\u00e1. Com 42 metros de altura, circunfer\u00eancia \u00e0 altura do peito de mais de seis metros, e idade estimada, segundo informa\u00e7\u00f5es da prefeitura, em mais de 750 anos, a \u00e1rvore estava localizada em uma propriedade rural em Cruz Machado. Agora, a equipe da Embrapa Florestas do estado anuncia que conseguiu clonar a esp\u00e9cie \u2014 e mais: as mudas j\u00e1 foram plantadas.<br>Segundo a Embrapa, o feito \u00e9 in\u00e9dito na pesquisa florestal brasileira. A clonagem de uma <a href=\"https:\/\/ciclovivo.com.br\/mao-na-massa\/faca-voce-mesmo\/as-melhores-plantas-para-dentro-de-casa-em-varias-realidades\/\" target=\"_blank\" rel=\"noreferrer noopener\">planta<\/a> t\u00e3o antiga apresentou grandes desafios, pois a regenerabilidade de tecidos de \u00e1rvores idosas \u00e9 reduzida. No entanto, o pesquisador conseguiu produzir quatro mudas de tronco, preservando o DNA da \u00e1rvore original. \u201cResgatar uma arauc\u00e1ria t\u00e3o antiga e clon\u00e1-la com sucesso \u00e9 uma conquista cient\u00edfica\u201d, comemora o pesquisador da Embrapa Ivar Wendling.<\/p>\n\n\n\n<div class=\"wp-block-image\"><figure class=\"aligncenter size-large is-resized\"><a href=\"https:\/\/www.ithbrasil.com.br\/\"><img loading=\"lazy\" decoding=\"async\" src=\"https:\/\/jornalfatosenoticias.com.br\/wp-content\/uploads\/2023\/08\/ITH.jpeg\" alt=\"\" class=\"wp-image-44638\" width=\"307\" height=\"249\" srcset=\"https:\/\/jornalfatosenoticias.com.br\/wp-content\/uploads\/2023\/08\/ITH.jpeg 800w, https:\/\/jornalfatosenoticias.com.br\/wp-content\/uploads\/2023\/08\/ITH-300x244.jpeg 300w, https:\/\/jornalfatosenoticias.com.br\/wp-content\/uploads\/2023\/08\/ITH-768x624.jpeg 768w\" sizes=\"auto, (max-width: 307px) 100vw, 307px\" \/><\/a><\/figure><\/div>\n\n\n\n<p>Por serem origin\u00e1rios de tecidos adultos, as mudas clonadas ir\u00e3o originar <a href=\"https:\/\/ciclovivo.com.br\/mao-na-massa\/faca-voce-mesmo\/como-escolher-arvores-para-plantar-nas-calcadas\/\" target=\"_blank\" rel=\"noreferrer noopener\">\u00e1rvores<\/a> de porte menor, mas que come\u00e7am a produzir pinh\u00e3o mais cedo do que uma \u00e1rvore convencional, o que pode beneficiar produ\u00e7\u00f5es rurais espec\u00edficas no uso sustent\u00e1vel da esp\u00e9cie. O pinh\u00e3o, al\u00e9m de ser um alimento tradicional, tem valor comercial crescente e pode representar uma fonte de renda adicional para agricultores. No entanto, Wendling alerta que as mudas ainda s\u00e3o delicadas e requerem cuidados especiais nos primeiros anos de desenvolvimento, incluindo privacidade e controle de concorrentes naturais.<\/p>\n\n\n\n<div class=\"wp-block-image\"><figure class=\"aligncenter size-large is-resized\"><a href=\"https:\/\/www.instagram.com\/esteiochurrascaria\/\"><img loading=\"lazy\" decoding=\"async\" src=\"https:\/\/jornalfatosenoticias.com.br\/wp-content\/uploads\/2022\/02\/LOGO-ESTEIO-1024x730.png\" alt=\"\" class=\"wp-image-27942\" width=\"323\" height=\"230\" srcset=\"https:\/\/jornalfatosenoticias.com.br\/wp-content\/uploads\/2022\/02\/LOGO-ESTEIO-1024x730.png 1024w, https:\/\/jornalfatosenoticias.com.br\/wp-content\/uploads\/2022\/02\/LOGO-ESTEIO-300x214.png 300w, https:\/\/jornalfatosenoticias.com.br\/wp-content\/uploads\/2022\/02\/LOGO-ESTEIO-768x548.png 768w, https:\/\/jornalfatosenoticias.com.br\/wp-content\/uploads\/2022\/02\/LOGO-ESTEIO.png 1123w\" sizes=\"auto, (max-width: 323px) 100vw, 323px\" \/><\/a><\/figure><\/div>\n\n\n\n<blockquote class=\"wp-block-quote is-layout-flow wp-block-quote-is-layout-flow\"><p><span class=\"has-inline-color has-luminous-vivid-orange-color\">A \u00e1rvore original sobreviveu por s\u00e9culos, mas essas mudas precisam de aten\u00e7\u00e3o para que possam crescer saud\u00e1veis e continuar esse legado\u201d, explica.<\/span><\/p><\/blockquote>\n\n\n\n<div class=\"wp-block-image\"><figure class=\"aligncenter size-large is-resized\"><a href=\"https:\/\/hotelmarquetti.com.br\/\"><img loading=\"lazy\" decoding=\"async\" src=\"https:\/\/jornalfatosenoticias.com.br\/wp-content\/uploads\/2023\/03\/nova-logo-Marquetti.jpg\" alt=\"\" class=\"wp-image-40207\" width=\"320\" height=\"215\" srcset=\"https:\/\/jornalfatosenoticias.com.br\/wp-content\/uploads\/2023\/03\/nova-logo-Marquetti.jpg 643w, https:\/\/jornalfatosenoticias.com.br\/wp-content\/uploads\/2023\/03\/nova-logo-Marquetti-300x202.jpg 300w\" sizes=\"auto, (max-width: 320px) 100vw, 320px\" \/><\/a><\/figure><\/div>\n\n\n\n<p>Mesmo com a idade e altura fora do comum, a arauc\u00e1ria gigante de Cruz Machado estava bastante ativa antes de cair. \u201cAo chegar ao local, nos deparamos com infloresc\u00eancias e pinhas em forma\u00e7\u00e3o, indicando que a \u00e1rvore ainda estava em idade reprodutiva\u201d, <a href=\"https:\/\/www.embrapa.br\/busca-de-noticias\/-\/noticia\/84730041\/araucaria-gigante-que-caiu-por-causa-das-chuvas-no-sul-sera-clonada-pela-embrapa\" target=\"_blank\" rel=\"noreferrer noopener\">explicou Wendling<\/a>. No entanto, seu tronco j\u00e1 estava completamente oco, o que impediu a retirada de discos de madeira e a efetiva contagem de anos da \u00e1rvore.<\/p>\n\n\n\n<p><strong><span class=\"has-inline-color has-vivid-green-cyan-color\">A clonagem<\/span><\/strong><\/p>\n\n\n\n<div class=\"wp-block-image\"><figure class=\"aligncenter size-large\"><img loading=\"lazy\" decoding=\"async\" width=\"666\" height=\"1000\" src=\"https:\/\/jornalfatosenoticias.com.br\/wp-content\/uploads\/2025\/03\/broto-de-araucaria_freepik.jpg\" alt=\"\" class=\"wp-image-57945\" srcset=\"https:\/\/jornalfatosenoticias.com.br\/wp-content\/uploads\/2025\/03\/broto-de-araucaria_freepik.jpg 666w, https:\/\/jornalfatosenoticias.com.br\/wp-content\/uploads\/2025\/03\/broto-de-araucaria_freepik-200x300.jpg 200w\" sizes=\"auto, (max-width: 666px) 100vw, 666px\" \/><figcaption><em><span class=\"has-inline-color has-black-color\">Broto de arauc\u00e1ria (Foto: Freepik)<\/span><\/em><\/figcaption><\/figure><\/div>\n\n\n\n<p>A t\u00e9cnica usada para esta clonagem foi a enxertia, que consiste em unir um fragmento da planta original a uma muda jovem. No caso da arauc\u00e1ria clonada, logo que a \u00e1rvore caiu foram coletados brotos, que foram ent\u00e3o enxertados em mudas j\u00e1 estabelecidas, garantindo que o novo indiv\u00edduo possua o mesmo material gen\u00e9tico da planta original. Esse processo permite a regenera\u00e7\u00e3o da \u00e1rvore a partir de suas pr\u00f3prias c\u00e9lulas, mantendo caracter\u00edsticas como resist\u00eancia e produtividade.<\/p>\n\n\n\n<div class=\"wp-block-image\"><figure class=\"aligncenter size-large\"><a href=\"http:\/\/www.ferrarimaquinas.com.br\/\"><img loading=\"lazy\" decoding=\"async\" width=\"300\" height=\"250\" src=\"https:\/\/jornalfatosenoticias.com.br\/wp-content\/uploads\/2022\/02\/FERRARI_MAQUINAS-E-FERRAMENTAS2.jpg\" alt=\"\" class=\"wp-image-27860\"\/><\/a><\/figure><\/div>\n\n\n\n<p>O enxerto pode ser feito a partir de brotos do tronco ou do galho da \u00e1rvore, resultando em diferentes formatos de plantas. As mudas de tronco tendem a crescer como \u00e1rvores convencionais, enquanto as de galho originam as chamadas \u201cmini arauc\u00e1rias\u201d. Os dois tipos produzem pinh\u00f5es mais precocemente. Ap\u00f3s a enxertia, as mudas passam por um per\u00edodo de crescimento antes do plantio definitivo em campo.<\/p>\n\n\n\n<div class=\"wp-block-image\"><figure class=\"aligncenter size-large is-resized\"><a href=\"https:\/\/www.legisjuris.com.br\/\"><img loading=\"lazy\" decoding=\"async\" src=\"https:\/\/jornalfatosenoticias.com.br\/wp-content\/uploads\/2024\/09\/Legis-Juris-Consultoria_logo.jpg\" alt=\"\" class=\"wp-image-53915\" width=\"499\" height=\"209\" srcset=\"https:\/\/jornalfatosenoticias.com.br\/wp-content\/uploads\/2024\/09\/Legis-Juris-Consultoria_logo.jpg 969w, https:\/\/jornalfatosenoticias.com.br\/wp-content\/uploads\/2024\/09\/Legis-Juris-Consultoria_logo-300x126.jpg 300w, https:\/\/jornalfatosenoticias.com.br\/wp-content\/uploads\/2024\/09\/Legis-Juris-Consultoria_logo-768x322.jpg 768w\" sizes=\"auto, (max-width: 499px) 100vw, 499px\" \/><\/a><\/figure><\/div>\n\n\n\n<p>No caso de \u00e1rvores idosas, a clonagem \u00e9 mais dif\u00edcil devido \u00e0 baixa capacidade de regenera\u00e7\u00e3o dos tecidos mais velhos. Com o passar dos anos, as c\u00e9lulas das plantas, reduzem sua taxa de multiplica\u00e7\u00e3o e perdem parte de sua capacidade de originar novos indiv\u00edduos.<\/p>\n\n\n\n<div class=\"wp-block-image\"><figure class=\"aligncenter size-large\"><a href=\"https:\/\/www.cesconetto.com.br\/\"><img loading=\"lazy\" decoding=\"async\" width=\"300\" height=\"250\" src=\"https:\/\/jornalfatosenoticias.com.br\/wp-content\/uploads\/2022\/02\/Banner-2.png\" alt=\"\" class=\"wp-image-27877\"\/><\/a><\/figure><\/div>\n\n\n\n<p>Al\u00e9m disso, \u00e1rvores muito antigas possuem um sistema hormonal diferente do de plantas jovens, o que pode dificultar o crescimento dos enxertos e reduzir o sucesso da clonagem. No caso desta arauc\u00e1ria, com idade estimada em cerca de 700 anos, o pesquisador da Embrapa precisou realizar experimentos para identificar as condi\u00e7\u00f5es ideais de cultivo das mudas clonadas. O sucesso do procedimento representa um avan\u00e7o na tecnologia florestal, abrindo caminho para a conserva\u00e7\u00e3o gen\u00e9tica de outras \u00e1rvores centen\u00e1rias.<\/p>\n\n\n\n<div class=\"wp-block-image\"><figure class=\"aligncenter size-large is-resized\"><a href=\"https:\/\/panper.com.br\/\"><img loading=\"lazy\" decoding=\"async\" src=\"https:\/\/jornalfatosenoticias.com.br\/wp-content\/uploads\/2023\/03\/logo-Panper_portal.jpg\" alt=\"\" class=\"wp-image-40208\" width=\"303\" height=\"210\" srcset=\"https:\/\/jornalfatosenoticias.com.br\/wp-content\/uploads\/2023\/03\/logo-Panper_portal.jpg 400w, https:\/\/jornalfatosenoticias.com.br\/wp-content\/uploads\/2023\/03\/logo-Panper_portal-300x208.jpg 300w\" sizes=\"auto, (max-width: 303px) 100vw, 303px\" \/><\/a><\/figure><\/div>\n\n\n\n<p><strong><span class=\"has-inline-color has-vivid-green-cyan-color\">Clones plantados em locais simb\u00f3licos<br><\/span><\/strong>O plantio das mudas ocorreu em dois locais distintos. Uma delas foi levada de volta \u00e0 propriedade rural de Terezinha de Jesus Wrubleski, onde a arauc\u00e1ria original estava. \u201cFico muito feliz de poder ter essa nova \u00e1rvore aqui, como uma filha da antiga\u201d, comemora Wrubleski. Segundo ela, a antiga arauc\u00e1ria atra\u00eda visitantes interessados em sua impon\u00eancia, e a nova muda representa uma continua\u00e7\u00e3o dessa hist\u00f3ria. \u201cMinha fam\u00edlia j\u00e1 est\u00e1 h\u00e1 mais de 70 anos nessa propriedade e a arauc\u00e1ria era parte da nossa fam\u00edlia. Agora, poderemos mostrar a sua \u2018filha\u2019\u201d, conta. <\/p>\n\n\n\n<div class=\"wp-block-image\"><figure class=\"aligncenter size-large is-resized\"><a href=\"https:\/\/www.facebook.com\/postobkr\/?locale=pt_BR\"><img loading=\"lazy\" decoding=\"async\" src=\"https:\/\/jornalfatosenoticias.com.br\/wp-content\/uploads\/2023\/08\/BKR-1024x1021.jpg\" alt=\"\" class=\"wp-image-44494\" width=\"288\" height=\"287\" srcset=\"https:\/\/jornalfatosenoticias.com.br\/wp-content\/uploads\/2023\/08\/BKR-1024x1021.jpg 1024w, https:\/\/jornalfatosenoticias.com.br\/wp-content\/uploads\/2023\/08\/BKR-300x300.jpg 300w, https:\/\/jornalfatosenoticias.com.br\/wp-content\/uploads\/2023\/08\/BKR-150x150.jpg 150w, https:\/\/jornalfatosenoticias.com.br\/wp-content\/uploads\/2023\/08\/BKR-768x766.jpg 768w, https:\/\/jornalfatosenoticias.com.br\/wp-content\/uploads\/2023\/08\/BKR.jpg 1080w\" sizes=\"auto, (max-width: 288px) 100vw, 288px\" \/><\/a><\/figure><\/div>\n\n\n\n<p>Outra muda foi plantada no Col\u00e9gio Agr\u00edcola de Cruz Machado, em um evento com estudantes, professores e autoridades locais. A escolha do col\u00e9gio agr\u00edcola como local para receber a muda refor\u00e7a a import\u00e2ncia da educa\u00e7\u00e3o na conserva\u00e7\u00e3o da biodiversidade. Para o diretor da institui\u00e7\u00e3o, Anilton C\u00e9sar Michels, a presen\u00e7a da arauc\u00e1ria servir\u00e1 como ferramenta did\u00e1tica para os alunos.<\/p>\n\n\n\n<figure class=\"wp-block-embed-youtube wp-block-embed is-type-video is-provider-youtube wp-embed-aspect-16-9 wp-has-aspect-ratio\"><div class=\"wp-block-embed__wrapper\">\n<iframe loading=\"lazy\" title=\"Arauc\u00e1ria gigante de Cruz Machado - produtora rural\" width=\"660\" height=\"371\" src=\"https:\/\/www.youtube.com\/embed\/U3HucjHhQi8?start=1&#038;feature=oembed\" frameborder=\"0\" allow=\"accelerometer; autoplay; clipboard-write; encrypted-media; gyroscope; picture-in-picture; web-share\" referrerpolicy=\"strict-origin-when-cross-origin\" allowfullscreen><\/iframe>\n<\/div><\/figure>\n\n\n\n<blockquote class=\"wp-block-quote is-layout-flow wp-block-quote-is-layout-flow\"><p><span class=\"has-inline-color has-luminous-vivid-orange-color\">Esse \u00e9 um momento hist\u00f3rico para nossa escola e para a cidade\u201d, afirma. Segundo o diretor pedag\u00f3gico da institui\u00e7\u00e3o, Anderson Kaziuk, o plantio incentivar\u00e1 os alunos a desenvolver o cultivo da arauc\u00e1ria em suas propriedades, consorciado com a erva-mate, diversificando a produ\u00e7\u00e3o e gerando renda para a agricultura familiar. \u201cE o processo de acompanhar o crescimento dessa arauc\u00e1ria vai ser \u00fanico, n\u00e3o \u00e9 mesmo?\u201d, complementa Kaziuk.<\/span><\/p><\/blockquote>\n\n\n\n<div class=\"wp-block-image\"><figure class=\"aligncenter size-large is-resized\"><a href=\"https:\/\/www.instagram.com\/restaurantepegoretti\/\"><img loading=\"lazy\" decoding=\"async\" src=\"https:\/\/jornalfatosenoticias.com.br\/wp-content\/uploads\/2023\/12\/pegoretti-logo-pdf-1024x389.jpg\" alt=\"\" class=\"wp-image-47536\" width=\"514\" height=\"195\" srcset=\"https:\/\/jornalfatosenoticias.com.br\/wp-content\/uploads\/2023\/12\/pegoretti-logo-pdf-1024x389.jpg 1024w, https:\/\/jornalfatosenoticias.com.br\/wp-content\/uploads\/2023\/12\/pegoretti-logo-pdf-300x114.jpg 300w, https:\/\/jornalfatosenoticias.com.br\/wp-content\/uploads\/2023\/12\/pegoretti-logo-pdf-768x291.jpg 768w, https:\/\/jornalfatosenoticias.com.br\/wp-content\/uploads\/2023\/12\/pegoretti-logo-pdf.jpg 1120w\" sizes=\"auto, (max-width: 514px) 100vw, 514px\" \/><\/a><\/figure><\/div>\n\n\n\n<p>Para os estudantes, a oportunidade de acompanhar o crescimento de uma \u00e1rvore clonada \u00e9 uma experi\u00eancia \u00fanica. \u201cQuero voltar daqui a alguns anos para ver como ela est\u00e1 e quem sabe colher alguns pinh\u00f5es\u201d, diz o aluno Reginaldo Litka. A professora Ana Carolina Majolo refor\u00e7a que o aprendizado sobre a arauc\u00e1ria pode mudar a percep\u00e7\u00e3o dos alunos sobre o uso sustent\u00e1vel da floresta. <\/p>\n\n\n\n<div class=\"wp-block-image\"><figure class=\"aligncenter size-large is-resized\"><a href=\"https:\/\/www.instagram.com\/rcradiadores\/\"><img loading=\"lazy\" decoding=\"async\" src=\"https:\/\/jornalfatosenoticias.com.br\/wp-content\/uploads\/2022\/10\/RC_800x750_page-0001.jpg\" alt=\"\" class=\"wp-image-35338\" width=\"296\" height=\"277\" srcset=\"https:\/\/jornalfatosenoticias.com.br\/wp-content\/uploads\/2022\/10\/RC_800x750_page-0001.jpg 400w, https:\/\/jornalfatosenoticias.com.br\/wp-content\/uploads\/2022\/10\/RC_800x750_page-0001-300x281.jpg 300w\" sizes=\"auto, (max-width: 296px) 100vw, 296px\" \/><\/a><\/figure><\/div>\n\n\n\n<blockquote class=\"wp-block-quote is-layout-flow wp-block-quote-is-layout-flow\"><p><span class=\"has-inline-color has-luminous-vivid-orange-color\">Antes, muitos viam a \u00e1rvore como um empecilho. Agora, entendem que ela pode ser um recurso valioso\u201d, explica.<\/span><\/p><\/blockquote>\n\n\n\n<div class=\"wp-block-image\"><figure class=\"aligncenter size-large is-resized\"><a href=\"https:\/\/www.facebook.com\/vetor.vix\/\"><img loading=\"lazy\" decoding=\"async\" src=\"https:\/\/jornalfatosenoticias.com.br\/wp-content\/uploads\/2023\/09\/vetorvix1024_1.jpg\" alt=\"\" class=\"wp-image-44868\" width=\"543\" height=\"144\" srcset=\"https:\/\/jornalfatosenoticias.com.br\/wp-content\/uploads\/2023\/09\/vetorvix1024_1.jpg 1024w, https:\/\/jornalfatosenoticias.com.br\/wp-content\/uploads\/2023\/09\/vetorvix1024_1-300x80.jpg 300w, https:\/\/jornalfatosenoticias.com.br\/wp-content\/uploads\/2023\/09\/vetorvix1024_1-768x205.jpg 768w\" sizes=\"auto, (max-width: 543px) 100vw, 543px\" \/><\/a><\/figure><\/div>\n\n\n\n<p>A t\u00e9cnica de clonagem utilizada pelos cientistas permitiu a produ\u00e7\u00e3o de mudas a partir de brotos de tronco, garantindo que a nova gera\u00e7\u00e3o mantenha a gen\u00e9tica da \u00e1rvore original. Diferente das mudas geradas por sementes, que podem resultar em \u00e1rvores geneticamente variadas, as mudas clonadas preservam caracter\u00edsticas \u00fanicas da planta m\u00e3e, como por exemplo o formato dos pinh\u00f5es \u00e9poca de produ\u00e7\u00e3o. Al\u00e9m do plantio das mudas, os estudantes do col\u00e9gio agr\u00edcola participaram de uma palestra sobre a import\u00e2ncia da arauc\u00e1ria na biodiversidade e seu potencial econ\u00f4mico para a agricultura familiar. A esp\u00e9cie, que j\u00e1 cobriu grandes extens\u00f5es do Sul do Pa\u00eds, hoje est\u00e1 amea\u00e7ada pela explora\u00e7\u00e3o descontrolada realizada no passado.<\/p>\n\n\n\n<div class=\"wp-block-image\"><figure class=\"aligncenter size-large is-resized\"><a href=\"https:\/\/www.instagram.com\/serra4x4cambioautomatico\/\"><img loading=\"lazy\" decoding=\"async\" src=\"https:\/\/jornalfatosenoticias.com.br\/wp-content\/uploads\/2024\/08\/Serra-4x4-1-886x1024.jpg\" alt=\"\" class=\"wp-image-53632\" width=\"249\" height=\"288\" srcset=\"https:\/\/jornalfatosenoticias.com.br\/wp-content\/uploads\/2024\/08\/Serra-4x4-1-886x1024.jpg 886w, https:\/\/jornalfatosenoticias.com.br\/wp-content\/uploads\/2024\/08\/Serra-4x4-1-260x300.jpg 260w, https:\/\/jornalfatosenoticias.com.br\/wp-content\/uploads\/2024\/08\/Serra-4x4-1-768x888.jpg 768w, https:\/\/jornalfatosenoticias.com.br\/wp-content\/uploads\/2024\/08\/Serra-4x4-1.jpg 1181w\" sizes=\"auto, (max-width: 249px) 100vw, 249px\" \/><\/a><\/figure><\/div>\n\n\n\n<blockquote class=\"wp-block-quote is-layout-flow wp-block-quote-is-layout-flow\"><p><span class=\"has-inline-color has-luminous-vivid-orange-color\">Precisamos encontrar formas de preservar a arauc\u00e1ria e, ao mesmo tempo, torn\u00e1-la economicamente vi\u00e1vel para os produtores\u201d, ressalta Wendling.<\/span><\/p><\/blockquote>\n\n\n\n<div class=\"wp-block-image\"><figure class=\"aligncenter size-large is-resized\"><a href=\"https:\/\/www.facebook.com\/profile.php?id=100069289606145\"><img loading=\"lazy\" decoding=\"async\" src=\"https:\/\/jornalfatosenoticias.com.br\/wp-content\/uploads\/2024\/11\/Guaitolini-Contabilidade-1024x714.jpeg\" alt=\"\" class=\"wp-image-55808\" width=\"345\" height=\"240\" srcset=\"https:\/\/jornalfatosenoticias.com.br\/wp-content\/uploads\/2024\/11\/Guaitolini-Contabilidade-1024x714.jpeg 1024w, https:\/\/jornalfatosenoticias.com.br\/wp-content\/uploads\/2024\/11\/Guaitolini-Contabilidade-300x209.jpeg 300w, https:\/\/jornalfatosenoticias.com.br\/wp-content\/uploads\/2024\/11\/Guaitolini-Contabilidade-768x535.jpeg 768w, https:\/\/jornalfatosenoticias.com.br\/wp-content\/uploads\/2024\/11\/Guaitolini-Contabilidade.jpeg 1280w\" sizes=\"auto, (max-width: 345px) 100vw, 345px\" \/><\/a><\/figure><\/div>\n\n\n\n<p>O prefeito de Cruz Machado, Carlos Novak, refor\u00e7a o valor simb\u00f3lico do projeto: \u201cessa \u00e1rvore faz parte da hist\u00f3ria do nosso munic\u00edpio. Hoje, aprendemos a conserv\u00e1-la e a us\u00e1-la de forma sustent\u00e1vel\u201d. O secret\u00e1rio de Agricultura da cidade, Daniel Waligura, complementa: <em><strong>\u201ca madeira da arauc\u00e1ria j\u00e1 foi usada para construir casas, mas agora ela tamb\u00e9m pode ser um ativo econ\u00f4mico vivo\u201d.<\/strong><\/em><\/p>\n\n\n\n<div class=\"wp-block-image\"><figure class=\"aligncenter size-large is-resized\"><a href=\"https:\/\/www.controlsystems.com.br\/\"><img loading=\"lazy\" decoding=\"async\" src=\"https:\/\/jornalfatosenoticias.com.br\/wp-content\/uploads\/2020\/02\/CONTROL-CS.jpg\" alt=\"\" class=\"wp-image-44991\" width=\"288\" height=\"345\" srcset=\"https:\/\/jornalfatosenoticias.com.br\/wp-content\/uploads\/2020\/02\/CONTROL-CS.jpg 834w, https:\/\/jornalfatosenoticias.com.br\/wp-content\/uploads\/2020\/02\/CONTROL-CS-250x300.jpg 250w, https:\/\/jornalfatosenoticias.com.br\/wp-content\/uploads\/2020\/02\/CONTROL-CS-768x921.jpg 768w\" sizes=\"auto, (max-width: 288px) 100vw, 288px\" \/><\/a><\/figure><\/div>\n\n\n\n<p>O projeto tamb\u00e9m prev\u00ea a doa\u00e7\u00e3o de uma das mudas clonadas para o governo do Estado do Paran\u00e1 e a preserva\u00e7\u00e3o de outra na cole\u00e7\u00e3o gen\u00e9tica de arauc\u00e1ria da Embrapa Florestas, garantindo a continuidade das pesquisas sobre a esp\u00e9cie.<\/p>\n\n\n\n<blockquote class=\"wp-block-quote is-layout-flow wp-block-quote-is-layout-flow\"><p><span class=\"has-inline-color has-luminous-vivid-orange-color\">Essa \u00e1rvore tem um DNA \u00fanico e precisamos estudar o que a tornou t\u00e3o resistente\u201d, conclui Wendling.<\/span><\/p><\/blockquote>\n\n\n\n<div class=\"wp-block-image\"><figure class=\"aligncenter size-large is-resized\"><a href=\"https:\/\/www.instagram.com\/esteiochurrascaria\/\"><img loading=\"lazy\" decoding=\"async\" src=\"https:\/\/jornalfatosenoticias.com.br\/wp-content\/uploads\/2022\/02\/LOGO-ESTEIO-1024x730.png\" alt=\"\" class=\"wp-image-27942\" width=\"284\" height=\"202\" srcset=\"https:\/\/jornalfatosenoticias.com.br\/wp-content\/uploads\/2022\/02\/LOGO-ESTEIO-1024x730.png 1024w, https:\/\/jornalfatosenoticias.com.br\/wp-content\/uploads\/2022\/02\/LOGO-ESTEIO-300x214.png 300w, https:\/\/jornalfatosenoticias.com.br\/wp-content\/uploads\/2022\/02\/LOGO-ESTEIO-768x548.png 768w, https:\/\/jornalfatosenoticias.com.br\/wp-content\/uploads\/2022\/02\/LOGO-ESTEIO.png 1123w\" sizes=\"auto, (max-width: 284px) 100vw, 284px\" \/><\/a><\/figure><\/div>\n\n\n\n<p><strong><span class=\"has-inline-color has-vivid-green-cyan-color\">Arauc\u00e1ria de tronco x arauc\u00e1ria de galho<br><\/span><\/strong>\u201cA arauc\u00e1ria \u00e9 uma esp\u00e9cie com uma fisiologia bastante diferenciada: \u00e9 a \u00fanica \u00e1rvore onde \u00e9 poss\u00edvel separar totalmente o tronco e os galhos. Entender isso nos permitiu aprimorar a t\u00e9cnica de clonagem via enxertia, proporcionando mudas de tronco e de galho\u201d, revela o pesquisador. \u201cDaqui a cerca de quatro anos, quando as \u00e1rvores estiverem melhor estabelecidas, tamb\u00e9m poderemos fazer clones destes clones e, assim, replicar este material gen\u00e9tico\u201d, explica.<\/p>\n\n\n\n<div class=\"wp-block-image\"><figure class=\"aligncenter size-large is-resized\"><a href=\"https:\/\/hotelmarquetti.com.br\/\"><img loading=\"lazy\" decoding=\"async\" src=\"https:\/\/jornalfatosenoticias.com.br\/wp-content\/uploads\/2023\/03\/nova-logo-Marquetti.jpg\" alt=\"\" class=\"wp-image-40207\" width=\"307\" height=\"206\" srcset=\"https:\/\/jornalfatosenoticias.com.br\/wp-content\/uploads\/2023\/03\/nova-logo-Marquetti.jpg 643w, https:\/\/jornalfatosenoticias.com.br\/wp-content\/uploads\/2023\/03\/nova-logo-Marquetti-300x202.jpg 300w\" sizes=\"auto, (max-width: 307px) 100vw, 307px\" \/><\/a><\/figure><\/div>\n\n\n\n<p>As mudas de arauc\u00e1ria produzidas via enxertia podem ser originadas de brotos de tronco ou de galho, <strong>resultando em caracter\u00edsticas distintas:<\/strong><\/p>\n\n\n\n<ul class=\"wp-block-list\"><li><strong><span class=\"has-inline-color has-vivid-green-cyan-color\">Mudas de galho: <\/span><\/strong>d\u00e3o origem a \u201cmini arauc\u00e1rias\u201d, sem a presen\u00e7a de tronco, que atingem no m\u00e1ximo de tr\u00eas a cinco metros de altura e produzem pinh\u00f5es precocemente. Os pinh\u00f5es gerados por estas mini arauc\u00e1rias s\u00e3o normais e dar\u00e3o origem a \u00e1rvores de tamanho normal.<\/li><li><strong><span class=\"has-inline-color has-vivid-green-cyan-color\">Mudas de tronco: <\/span><\/strong>d\u00e3o origem a \u00e1rvores de morfologia \u201cnormal\u201d, com a presen\u00e7a de tronco e galhos, embora possivelmente n\u00e3o atinjam a mesma altura da \u00e1rvore original, uma vez que s\u00e3o coletados brotos maduros. A gen\u00e9tica da \u00e1rvore original se mant\u00e9m.<\/li><\/ul>\n\n\n\n<div class=\"wp-block-image\"><figure class=\"aligncenter size-large\"><a href=\"http:\/\/www.ferrarimaquinas.com.br\/\"><img loading=\"lazy\" decoding=\"async\" width=\"300\" height=\"250\" src=\"https:\/\/jornalfatosenoticias.com.br\/wp-content\/uploads\/2022\/02\/FERRARI_MAQUINAS-E-FERRAMENTAS2.jpg\" alt=\"\" class=\"wp-image-27860\"\/><\/a><\/figure><\/div>\n\n\n\n<p><strong><span class=\"has-inline-color has-vivid-green-cyan-color\">Qual a idade das c\u00e9lulas de uma planta clonada?<br><\/span><\/strong>A idade ontogen\u00e9tica (celular) de uma planta clonada \u00e9 a mesma da planta original, do ponto onde o enxerto foi coletado, no momento da clonagem. Ou seja, em termos de DNA e das informa\u00e7\u00f5es contidas nele, a planta clonada \u201cnasce\u201d com a mesma idade da planta da qual foi retirada a c\u00e9lula ou o tecido para a clonagem.<\/p>\n\n\n\n<div class=\"wp-block-image\"><figure class=\"aligncenter size-large is-resized\"><a href=\"https:\/\/www.ithbrasil.com.br\/\"><img loading=\"lazy\" decoding=\"async\" src=\"https:\/\/jornalfatosenoticias.com.br\/wp-content\/uploads\/2023\/08\/ITH.jpeg\" alt=\"\" class=\"wp-image-44638\" width=\"290\" height=\"235\" srcset=\"https:\/\/jornalfatosenoticias.com.br\/wp-content\/uploads\/2023\/08\/ITH.jpeg 800w, https:\/\/jornalfatosenoticias.com.br\/wp-content\/uploads\/2023\/08\/ITH-300x244.jpeg 300w, https:\/\/jornalfatosenoticias.com.br\/wp-content\/uploads\/2023\/08\/ITH-768x624.jpeg 768w\" sizes=\"auto, (max-width: 290px) 100vw, 290px\" \/><\/a><\/figure><\/div>\n\n\n\n<blockquote class=\"wp-block-quote is-layout-flow wp-block-quote-is-layout-flow\"><p><span class=\"has-inline-color has-luminous-vivid-orange-color\">J\u00e1 a idade fisiol\u00f3gica \u00e9 zero no momento da cria\u00e7\u00e3o, pois \u00e9 uma nova planta, em um novo ciclo de vida\u201d, explica Wendling.<\/span><\/p><\/blockquote>\n\n\n\n<p>As informa\u00e7\u00f5es s\u00e3o da <strong>Embrapa Florestas<\/strong>.<\/p>\n\n\n\n<p><strong><em>Fonte: <a href=\"https:\/\/ciclovivo.com.br\/inovacao\/tecnologia\/embrapa-clona-araucaria-de-700-anos-que-tombou-no-parana\/\">CicloVivo<\/a><\/em><\/strong><\/p>\n","protected":false},"excerpt":{"rendered":"<p>Um feito in\u00e9dito na pesquisa florestal brasileira \u2014 clonagem foi um desafio pela idade avan\u00e7ada da \u00e1rvore gigante, que \u00e9 s\u00edmbolo da paisagem do Paran\u00e1 Em 29 de outubro de 2023, um temporal derrubou a maior arauc\u00e1ria (Arauc\u00e1ria angustifolia) do Paran\u00e1. Com 42 metros de altura, circunfer\u00eancia \u00e0 altura do peito de mais de seis [&hellip;]<\/p>\n","protected":false},"author":2,"featured_media":57947,"comment_status":"open","ping_status":"open","sticky":false,"template":"","format":"standard","meta":{"footnotes":""},"categories":[8,3],"tags":[25619,26432,26433,71,1460,26431],"class_list":["post-57944","post","type-post","status-publish","format-standard","has-post-thumbnail","hentry","category-meio-ambiente","category-tecnologia","tag-araucaria","tag-arvore-gigante","tag-clone-arvore","tag-embrapa","tag-parana","tag-pesquisa-florestal"],"yoast_head":"<!-- This site is optimized with the Yoast SEO plugin v26.5 - https:\/\/yoast.com\/wordpress\/plugins\/seo\/ -->\n<title>Embrapa clona arauc\u00e1ria de 700 anos que tombou no Paran\u00e1 - Jornal Fatos e Not\u00edcias<\/title>\n<meta name=\"robots\" content=\"index, follow, max-snippet:-1, max-image-preview:large, max-video-preview:-1\" \/>\n<link rel=\"canonical\" href=\"https:\/\/jornalfatosenoticias.com.br\/index.php\/2025\/03\/24\/embrapa-clona-araucaria-de-700-anos-que-tombou-no-parana\/\" \/>\n<meta property=\"og:locale\" content=\"pt_BR\" \/>\n<meta property=\"og:type\" content=\"article\" \/>\n<meta property=\"og:title\" content=\"Embrapa clona arauc\u00e1ria de 700 anos que tombou no Paran\u00e1 - Jornal Fatos e Not\u00edcias\" \/>\n<meta property=\"og:description\" content=\"Um feito in\u00e9dito na pesquisa florestal brasileira \u2014 clonagem foi um desafio pela idade avan\u00e7ada da \u00e1rvore gigante, que \u00e9 s\u00edmbolo da paisagem do Paran\u00e1 Em 29 de outubro de 2023, um temporal derrubou a maior arauc\u00e1ria (Arauc\u00e1ria angustifolia) do Paran\u00e1. Com 42 metros de altura, circunfer\u00eancia \u00e0 altura do peito de mais de seis [&hellip;]\" \/>\n<meta property=\"og:url\" content=\"https:\/\/jornalfatosenoticias.com.br\/index.php\/2025\/03\/24\/embrapa-clona-araucaria-de-700-anos-que-tombou-no-parana\/\" \/>\n<meta property=\"og:site_name\" content=\"Jornal Fatos e Not\u00edcias\" \/>\n<meta property=\"article:published_time\" content=\"2025-03-24T13:44:56+00:00\" \/>\n<meta property=\"article:modified_time\" content=\"2025-03-24T13:44:58+00:00\" \/>\n<meta property=\"og:image\" content=\"https:\/\/jornalfatosenoticias.com.br\/wp-content\/uploads\/2025\/03\/embrapa-araucaria-gigante.jpg\" \/>\n\t<meta property=\"og:image:width\" content=\"1000\" \/>\n\t<meta property=\"og:image:height\" content=\"666\" \/>\n\t<meta property=\"og:image:type\" content=\"image\/jpeg\" \/>\n<meta name=\"author\" content=\"Luzimara Fernandes\" \/>\n<meta name=\"twitter:card\" content=\"summary_large_image\" \/>\n<meta name=\"twitter:label1\" content=\"Escrito por\" \/>\n\t<meta name=\"twitter:data1\" content=\"Luzimara Fernandes\" \/>\n\t<meta name=\"twitter:label2\" content=\"Est. tempo de leitura\" \/>\n\t<meta name=\"twitter:data2\" content=\"8 minutos\" \/>\n<script type=\"application\/ld+json\" class=\"yoast-schema-graph\">{\"@context\":\"https:\/\/schema.org\",\"@graph\":[{\"@type\":\"Article\",\"@id\":\"https:\/\/jornalfatosenoticias.com.br\/index.php\/2025\/03\/24\/embrapa-clona-araucaria-de-700-anos-que-tombou-no-parana\/#article\",\"isPartOf\":{\"@id\":\"https:\/\/jornalfatosenoticias.com.br\/index.php\/2025\/03\/24\/embrapa-clona-araucaria-de-700-anos-que-tombou-no-parana\/\"},\"author\":{\"name\":\"Luzimara Fernandes\",\"@id\":\"https:\/\/jornalfatosenoticias.com.br\/#\/schema\/person\/d63837fa13ac8666eb9e74e0985d6f81\"},\"headline\":\"Embrapa clona arauc\u00e1ria de 700 anos que tombou no Paran\u00e1\",\"datePublished\":\"2025-03-24T13:44:56+00:00\",\"dateModified\":\"2025-03-24T13:44:58+00:00\",\"mainEntityOfPage\":{\"@id\":\"https:\/\/jornalfatosenoticias.com.br\/index.php\/2025\/03\/24\/embrapa-clona-araucaria-de-700-anos-que-tombou-no-parana\/\"},\"wordCount\":1625,\"commentCount\":0,\"publisher\":{\"@id\":\"https:\/\/jornalfatosenoticias.com.br\/#organization\"},\"image\":{\"@id\":\"https:\/\/jornalfatosenoticias.com.br\/index.php\/2025\/03\/24\/embrapa-clona-araucaria-de-700-anos-que-tombou-no-parana\/#primaryimage\"},\"thumbnailUrl\":\"https:\/\/jornalfatosenoticias.com.br\/wp-content\/uploads\/2025\/03\/embrapa-araucaria-gigante.jpg\",\"keywords\":[\"Arauc\u00e1ria\",\"\u00e1rvore gigante\",\"clone \u00e1rvore\",\"embrapa\",\"Paran\u00e1\",\"pesquisa florestal\"],\"articleSection\":[\"Meio ambiente\",\"Tecnologia &amp; Inova\u00e7\u00e3o\"],\"inLanguage\":\"pt-BR\",\"potentialAction\":[{\"@type\":\"CommentAction\",\"name\":\"Comment\",\"target\":[\"https:\/\/jornalfatosenoticias.com.br\/index.php\/2025\/03\/24\/embrapa-clona-araucaria-de-700-anos-que-tombou-no-parana\/#respond\"]}]},{\"@type\":\"WebPage\",\"@id\":\"https:\/\/jornalfatosenoticias.com.br\/index.php\/2025\/03\/24\/embrapa-clona-araucaria-de-700-anos-que-tombou-no-parana\/\",\"url\":\"https:\/\/jornalfatosenoticias.com.br\/index.php\/2025\/03\/24\/embrapa-clona-araucaria-de-700-anos-que-tombou-no-parana\/\",\"name\":\"Embrapa clona arauc\u00e1ria de 700 anos que tombou no Paran\u00e1 - Jornal Fatos e Not\u00edcias\",\"isPartOf\":{\"@id\":\"https:\/\/jornalfatosenoticias.com.br\/#website\"},\"primaryImageOfPage\":{\"@id\":\"https:\/\/jornalfatosenoticias.com.br\/index.php\/2025\/03\/24\/embrapa-clona-araucaria-de-700-anos-que-tombou-no-parana\/#primaryimage\"},\"image\":{\"@id\":\"https:\/\/jornalfatosenoticias.com.br\/index.php\/2025\/03\/24\/embrapa-clona-araucaria-de-700-anos-que-tombou-no-parana\/#primaryimage\"},\"thumbnailUrl\":\"https:\/\/jornalfatosenoticias.com.br\/wp-content\/uploads\/2025\/03\/embrapa-araucaria-gigante.jpg\",\"datePublished\":\"2025-03-24T13:44:56+00:00\",\"dateModified\":\"2025-03-24T13:44:58+00:00\",\"breadcrumb\":{\"@id\":\"https:\/\/jornalfatosenoticias.com.br\/index.php\/2025\/03\/24\/embrapa-clona-araucaria-de-700-anos-que-tombou-no-parana\/#breadcrumb\"},\"inLanguage\":\"pt-BR\",\"potentialAction\":[{\"@type\":\"ReadAction\",\"target\":[\"https:\/\/jornalfatosenoticias.com.br\/index.php\/2025\/03\/24\/embrapa-clona-araucaria-de-700-anos-que-tombou-no-parana\/\"]}]},{\"@type\":\"ImageObject\",\"inLanguage\":\"pt-BR\",\"@id\":\"https:\/\/jornalfatosenoticias.com.br\/index.php\/2025\/03\/24\/embrapa-clona-araucaria-de-700-anos-que-tombou-no-parana\/#primaryimage\",\"url\":\"https:\/\/jornalfatosenoticias.com.br\/wp-content\/uploads\/2025\/03\/embrapa-araucaria-gigante.jpg\",\"contentUrl\":\"https:\/\/jornalfatosenoticias.com.br\/wp-content\/uploads\/2025\/03\/embrapa-araucaria-gigante.jpg\",\"width\":1000,\"height\":666},{\"@type\":\"BreadcrumbList\",\"@id\":\"https:\/\/jornalfatosenoticias.com.br\/index.php\/2025\/03\/24\/embrapa-clona-araucaria-de-700-anos-que-tombou-no-parana\/#breadcrumb\",\"itemListElement\":[{\"@type\":\"ListItem\",\"position\":1,\"name\":\"In\u00edcio\",\"item\":\"https:\/\/jornalfatosenoticias.com.br\/\"},{\"@type\":\"ListItem\",\"position\":2,\"name\":\"Embrapa clona arauc\u00e1ria de 700 anos que tombou no Paran\u00e1\"}]},{\"@type\":\"WebSite\",\"@id\":\"https:\/\/jornalfatosenoticias.com.br\/#website\",\"url\":\"https:\/\/jornalfatosenoticias.com.br\/\",\"name\":\"Jornal Fatos e Not\u00edcias\",\"description\":\"Not\u00edcias em geral\",\"publisher\":{\"@id\":\"https:\/\/jornalfatosenoticias.com.br\/#organization\"},\"potentialAction\":[{\"@type\":\"SearchAction\",\"target\":{\"@type\":\"EntryPoint\",\"urlTemplate\":\"https:\/\/jornalfatosenoticias.com.br\/?s={search_term_string}\"},\"query-input\":{\"@type\":\"PropertyValueSpecification\",\"valueRequired\":true,\"valueName\":\"search_term_string\"}}],\"inLanguage\":\"pt-BR\"},{\"@type\":\"Organization\",\"@id\":\"https:\/\/jornalfatosenoticias.com.br\/#organization\",\"name\":\"Jornal Fatos e Not\u00edcias\",\"url\":\"https:\/\/jornalfatosenoticias.com.br\/\",\"logo\":{\"@type\":\"ImageObject\",\"inLanguage\":\"pt-BR\",\"@id\":\"https:\/\/jornalfatosenoticias.com.br\/#\/schema\/logo\/image\/\",\"url\":\"https:\/\/jornalfatosenoticias.com.br\/wp-content\/uploads\/2020\/02\/logo120.png\",\"contentUrl\":\"https:\/\/jornalfatosenoticias.com.br\/wp-content\/uploads\/2020\/02\/logo120.png\",\"width\":1227,\"height\":120,\"caption\":\"Jornal Fatos e Not\u00edcias\"},\"image\":{\"@id\":\"https:\/\/jornalfatosenoticias.com.br\/#\/schema\/logo\/image\/\"}},{\"@type\":\"Person\",\"@id\":\"https:\/\/jornalfatosenoticias.com.br\/#\/schema\/person\/d63837fa13ac8666eb9e74e0985d6f81\",\"name\":\"Luzimara Fernandes\",\"image\":{\"@type\":\"ImageObject\",\"inLanguage\":\"pt-BR\",\"@id\":\"https:\/\/jornalfatosenoticias.com.br\/#\/schema\/person\/image\/\",\"url\":\"https:\/\/jornalfatosenoticias.com.br\/wp-content\/uploads\/2025\/05\/EU_portal.jpg\",\"contentUrl\":\"https:\/\/jornalfatosenoticias.com.br\/wp-content\/uploads\/2025\/05\/EU_portal.jpg\",\"caption\":\"Luzimara Fernandes\"},\"description\":\"Jornalista MTB 2358-ES\",\"sameAs\":[\"https:\/\/jornalfatosenoticias.com.br\"],\"url\":\"https:\/\/jornalfatosenoticias.com.br\/index.php\/author\/luzimara\/\"}]}<\/script>\n<!-- \/ Yoast SEO plugin. -->","yoast_head_json":{"title":"Embrapa clona arauc\u00e1ria de 700 anos que tombou no Paran\u00e1 - Jornal Fatos e Not\u00edcias","robots":{"index":"index","follow":"follow","max-snippet":"max-snippet:-1","max-image-preview":"max-image-preview:large","max-video-preview":"max-video-preview:-1"},"canonical":"https:\/\/jornalfatosenoticias.com.br\/index.php\/2025\/03\/24\/embrapa-clona-araucaria-de-700-anos-que-tombou-no-parana\/","og_locale":"pt_BR","og_type":"article","og_title":"Embrapa clona arauc\u00e1ria de 700 anos que tombou no Paran\u00e1 - Jornal Fatos e Not\u00edcias","og_description":"Um feito in\u00e9dito na pesquisa florestal brasileira \u2014 clonagem foi um desafio pela idade avan\u00e7ada da \u00e1rvore gigante, que \u00e9 s\u00edmbolo da paisagem do Paran\u00e1 Em 29 de outubro de 2023, um temporal derrubou a maior arauc\u00e1ria (Arauc\u00e1ria angustifolia) do Paran\u00e1. Com 42 metros de altura, circunfer\u00eancia \u00e0 altura do peito de mais de seis [&hellip;]","og_url":"https:\/\/jornalfatosenoticias.com.br\/index.php\/2025\/03\/24\/embrapa-clona-araucaria-de-700-anos-que-tombou-no-parana\/","og_site_name":"Jornal Fatos e Not\u00edcias","article_published_time":"2025-03-24T13:44:56+00:00","article_modified_time":"2025-03-24T13:44:58+00:00","og_image":[{"width":1000,"height":666,"url":"https:\/\/jornalfatosenoticias.com.br\/wp-content\/uploads\/2025\/03\/embrapa-araucaria-gigante.jpg","type":"image\/jpeg"}],"author":"Luzimara Fernandes","twitter_card":"summary_large_image","twitter_misc":{"Escrito por":"Luzimara Fernandes","Est. tempo de leitura":"8 minutos"},"schema":{"@context":"https:\/\/schema.org","@graph":[{"@type":"Article","@id":"https:\/\/jornalfatosenoticias.com.br\/index.php\/2025\/03\/24\/embrapa-clona-araucaria-de-700-anos-que-tombou-no-parana\/#article","isPartOf":{"@id":"https:\/\/jornalfatosenoticias.com.br\/index.php\/2025\/03\/24\/embrapa-clona-araucaria-de-700-anos-que-tombou-no-parana\/"},"author":{"name":"Luzimara Fernandes","@id":"https:\/\/jornalfatosenoticias.com.br\/#\/schema\/person\/d63837fa13ac8666eb9e74e0985d6f81"},"headline":"Embrapa clona arauc\u00e1ria de 700 anos que tombou no Paran\u00e1","datePublished":"2025-03-24T13:44:56+00:00","dateModified":"2025-03-24T13:44:58+00:00","mainEntityOfPage":{"@id":"https:\/\/jornalfatosenoticias.com.br\/index.php\/2025\/03\/24\/embrapa-clona-araucaria-de-700-anos-que-tombou-no-parana\/"},"wordCount":1625,"commentCount":0,"publisher":{"@id":"https:\/\/jornalfatosenoticias.com.br\/#organization"},"image":{"@id":"https:\/\/jornalfatosenoticias.com.br\/index.php\/2025\/03\/24\/embrapa-clona-araucaria-de-700-anos-que-tombou-no-parana\/#primaryimage"},"thumbnailUrl":"https:\/\/jornalfatosenoticias.com.br\/wp-content\/uploads\/2025\/03\/embrapa-araucaria-gigante.jpg","keywords":["Arauc\u00e1ria","\u00e1rvore gigante","clone \u00e1rvore","embrapa","Paran\u00e1","pesquisa florestal"],"articleSection":["Meio ambiente","Tecnologia &amp; Inova\u00e7\u00e3o"],"inLanguage":"pt-BR","potentialAction":[{"@type":"CommentAction","name":"Comment","target":["https:\/\/jornalfatosenoticias.com.br\/index.php\/2025\/03\/24\/embrapa-clona-araucaria-de-700-anos-que-tombou-no-parana\/#respond"]}]},{"@type":"WebPage","@id":"https:\/\/jornalfatosenoticias.com.br\/index.php\/2025\/03\/24\/embrapa-clona-araucaria-de-700-anos-que-tombou-no-parana\/","url":"https:\/\/jornalfatosenoticias.com.br\/index.php\/2025\/03\/24\/embrapa-clona-araucaria-de-700-anos-que-tombou-no-parana\/","name":"Embrapa clona arauc\u00e1ria de 700 anos que tombou no Paran\u00e1 - Jornal Fatos e Not\u00edcias","isPartOf":{"@id":"https:\/\/jornalfatosenoticias.com.br\/#website"},"primaryImageOfPage":{"@id":"https:\/\/jornalfatosenoticias.com.br\/index.php\/2025\/03\/24\/embrapa-clona-araucaria-de-700-anos-que-tombou-no-parana\/#primaryimage"},"image":{"@id":"https:\/\/jornalfatosenoticias.com.br\/index.php\/2025\/03\/24\/embrapa-clona-araucaria-de-700-anos-que-tombou-no-parana\/#primaryimage"},"thumbnailUrl":"https:\/\/jornalfatosenoticias.com.br\/wp-content\/uploads\/2025\/03\/embrapa-araucaria-gigante.jpg","datePublished":"2025-03-24T13:44:56+00:00","dateModified":"2025-03-24T13:44:58+00:00","breadcrumb":{"@id":"https:\/\/jornalfatosenoticias.com.br\/index.php\/2025\/03\/24\/embrapa-clona-araucaria-de-700-anos-que-tombou-no-parana\/#breadcrumb"},"inLanguage":"pt-BR","potentialAction":[{"@type":"ReadAction","target":["https:\/\/jornalfatosenoticias.com.br\/index.php\/2025\/03\/24\/embrapa-clona-araucaria-de-700-anos-que-tombou-no-parana\/"]}]},{"@type":"ImageObject","inLanguage":"pt-BR","@id":"https:\/\/jornalfatosenoticias.com.br\/index.php\/2025\/03\/24\/embrapa-clona-araucaria-de-700-anos-que-tombou-no-parana\/#primaryimage","url":"https:\/\/jornalfatosenoticias.com.br\/wp-content\/uploads\/2025\/03\/embrapa-araucaria-gigante.jpg","contentUrl":"https:\/\/jornalfatosenoticias.com.br\/wp-content\/uploads\/2025\/03\/embrapa-araucaria-gigante.jpg","width":1000,"height":666},{"@type":"BreadcrumbList","@id":"https:\/\/jornalfatosenoticias.com.br\/index.php\/2025\/03\/24\/embrapa-clona-araucaria-de-700-anos-que-tombou-no-parana\/#breadcrumb","itemListElement":[{"@type":"ListItem","position":1,"name":"In\u00edcio","item":"https:\/\/jornalfatosenoticias.com.br\/"},{"@type":"ListItem","position":2,"name":"Embrapa clona arauc\u00e1ria de 700 anos que tombou no Paran\u00e1"}]},{"@type":"WebSite","@id":"https:\/\/jornalfatosenoticias.com.br\/#website","url":"https:\/\/jornalfatosenoticias.com.br\/","name":"Jornal Fatos e Not\u00edcias","description":"Not\u00edcias em geral","publisher":{"@id":"https:\/\/jornalfatosenoticias.com.br\/#organization"},"potentialAction":[{"@type":"SearchAction","target":{"@type":"EntryPoint","urlTemplate":"https:\/\/jornalfatosenoticias.com.br\/?s={search_term_string}"},"query-input":{"@type":"PropertyValueSpecification","valueRequired":true,"valueName":"search_term_string"}}],"inLanguage":"pt-BR"},{"@type":"Organization","@id":"https:\/\/jornalfatosenoticias.com.br\/#organization","name":"Jornal Fatos e Not\u00edcias","url":"https:\/\/jornalfatosenoticias.com.br\/","logo":{"@type":"ImageObject","inLanguage":"pt-BR","@id":"https:\/\/jornalfatosenoticias.com.br\/#\/schema\/logo\/image\/","url":"https:\/\/jornalfatosenoticias.com.br\/wp-content\/uploads\/2020\/02\/logo120.png","contentUrl":"https:\/\/jornalfatosenoticias.com.br\/wp-content\/uploads\/2020\/02\/logo120.png","width":1227,"height":120,"caption":"Jornal Fatos e Not\u00edcias"},"image":{"@id":"https:\/\/jornalfatosenoticias.com.br\/#\/schema\/logo\/image\/"}},{"@type":"Person","@id":"https:\/\/jornalfatosenoticias.com.br\/#\/schema\/person\/d63837fa13ac8666eb9e74e0985d6f81","name":"Luzimara Fernandes","image":{"@type":"ImageObject","inLanguage":"pt-BR","@id":"https:\/\/jornalfatosenoticias.com.br\/#\/schema\/person\/image\/","url":"https:\/\/jornalfatosenoticias.com.br\/wp-content\/uploads\/2025\/05\/EU_portal.jpg","contentUrl":"https:\/\/jornalfatosenoticias.com.br\/wp-content\/uploads\/2025\/05\/EU_portal.jpg","caption":"Luzimara Fernandes"},"description":"Jornalista MTB 2358-ES","sameAs":["https:\/\/jornalfatosenoticias.com.br"],"url":"https:\/\/jornalfatosenoticias.com.br\/index.php\/author\/luzimara\/"}]}},"cc_featured_image_caption":{"caption_text":"(Foto: Prefeitura de Cruz Machado) ","source_text":"","source_url":""},"jetpack_featured_media_url":"https:\/\/jornalfatosenoticias.com.br\/wp-content\/uploads\/2025\/03\/embrapa-araucaria-gigante.jpg","_links":{"self":[{"href":"https:\/\/jornalfatosenoticias.com.br\/index.php\/wp-json\/wp\/v2\/posts\/57944","targetHints":{"allow":["GET"]}}],"collection":[{"href":"https:\/\/jornalfatosenoticias.com.br\/index.php\/wp-json\/wp\/v2\/posts"}],"about":[{"href":"https:\/\/jornalfatosenoticias.com.br\/index.php\/wp-json\/wp\/v2\/types\/post"}],"author":[{"embeddable":true,"href":"https:\/\/jornalfatosenoticias.com.br\/index.php\/wp-json\/wp\/v2\/users\/2"}],"replies":[{"embeddable":true,"href":"https:\/\/jornalfatosenoticias.com.br\/index.php\/wp-json\/wp\/v2\/comments?post=57944"}],"version-history":[{"count":0,"href":"https:\/\/jornalfatosenoticias.com.br\/index.php\/wp-json\/wp\/v2\/posts\/57944\/revisions"}],"wp:featuredmedia":[{"embeddable":true,"href":"https:\/\/jornalfatosenoticias.com.br\/index.php\/wp-json\/wp\/v2\/media\/57947"}],"wp:attachment":[{"href":"https:\/\/jornalfatosenoticias.com.br\/index.php\/wp-json\/wp\/v2\/media?parent=57944"}],"wp:term":[{"taxonomy":"category","embeddable":true,"href":"https:\/\/jornalfatosenoticias.com.br\/index.php\/wp-json\/wp\/v2\/categories?post=57944"},{"taxonomy":"post_tag","embeddable":true,"href":"https:\/\/jornalfatosenoticias.com.br\/index.php\/wp-json\/wp\/v2\/tags?post=57944"}],"curies":[{"name":"wp","href":"https:\/\/api.w.org\/{rel}","templated":true}]}}