{"id":57961,"date":"2025-03-24T15:17:56","date_gmt":"2025-03-24T18:17:56","guid":{"rendered":"https:\/\/jornalfatosenoticias.com.br\/?p=57961"},"modified":"2025-03-24T15:17:58","modified_gmt":"2025-03-24T18:17:58","slug":"minoria-denuncia-ministra-da-cultura-por-uso-indevido-de-recursos-e-aparelhamento","status":"publish","type":"post","link":"https:\/\/jornalfatosenoticias.com.br\/index.php\/2025\/03\/24\/minoria-denuncia-ministra-da-cultura-por-uso-indevido-de-recursos-e-aparelhamento\/","title":{"rendered":"Minoria denuncia ministra da Cultura por uso indevido de recursos e aparelhamento"},"content":{"rendered":"\n<p><em><span class=\"has-inline-color has-black-color\">Margareth Menezes recebeu R$ 640 mil de verba p\u00fablica para cantar no Carnaval<\/span><\/em><\/p>\n\n\n\n<p><span class=\"has-inline-color has-black-color\">Por <strong><a href=\"https:\/\/www.gazetadopovo.com.br\/autor\/ana-carolina-curvello\/\" rel=\"sponsored nofollow\">Ana Carolina Curvello<\/a><\/strong><\/span><\/p>\n\n\n\n<div class=\"wp-block-image\"><figure class=\"aligncenter size-large\"><a href=\"https:\/\/mizu.com.br\/\"><img loading=\"lazy\" decoding=\"async\" width=\"729\" height=\"90\" src=\"https:\/\/jornalfatosenoticias.com.br\/wp-content\/uploads\/2020\/02\/Logo_Mizu.png\" alt=\"\" class=\"wp-image-1441\" srcset=\"https:\/\/jornalfatosenoticias.com.br\/wp-content\/uploads\/2020\/02\/Logo_Mizu.png 729w, https:\/\/jornalfatosenoticias.com.br\/wp-content\/uploads\/2020\/02\/Logo_Mizu-300x37.png 300w\" sizes=\"auto, (max-width: 729px) 100vw, 729px\" \/><\/a><\/figure><\/div>\n\n\n\n<p>A L\u00edder da Minoria na C\u00e2mara dos Deputados, Caroline De Toni, oficializou uma representa\u00e7\u00e3o contra a ministra da Cultura, Margareth Menezes, e o Programa Nacional de Comit\u00eas de Cultura (PNCC). O documento, enviado \u00e0 Controladoria-Geral da Uni\u00e3o (CGU), ao Tribunal de Contas da Uni\u00e3o (TCU) e ao Minist\u00e9rio P\u00fablico Eleitoral (MPE), aponta ind\u00edcios de uso eleitoreiro do programa e poss\u00edvel desvio de verbas p\u00fablicas.<br>O PNCC, criado no governo Lula e com um or\u00e7amento de R$ 58,8 milh\u00f5es para dois anos, tinha como objetivo incentivar a cultura nos estados por meio de comit\u00eas estaduais. No entanto, den\u00fancias recentes indicam que o programa estaria sendo instrumentalizado para fortalecer aliados pol\u00edticos do PT e de partidos de esquerda.<\/p>\n\n\n\n<div class=\"wp-block-image\"><figure class=\"aligncenter size-large is-resized\"><a href=\"https:\/\/www.instagram.com\/rcradiadores\/\"><img loading=\"lazy\" decoding=\"async\" src=\"https:\/\/jornalfatosenoticias.com.br\/wp-content\/uploads\/2022\/10\/RC_800x750_page-0001.jpg\" alt=\"\" class=\"wp-image-35338\" width=\"263\" height=\"246\" srcset=\"https:\/\/jornalfatosenoticias.com.br\/wp-content\/uploads\/2022\/10\/RC_800x750_page-0001.jpg 400w, https:\/\/jornalfatosenoticias.com.br\/wp-content\/uploads\/2022\/10\/RC_800x750_page-0001-300x281.jpg 300w\" sizes=\"auto, (max-width: 263px) 100vw, 263px\" \/><\/a><\/figure><\/div>\n\n\n\n<p>Na den\u00fancia, a deputada cita algumas reportagens investigativas que revelaram que 19 dos 26 escrit\u00f3rios estaduais do Minist\u00e9rio da Cultura est\u00e3o sob comando de filiados ao PT, um ao PSB, um ao Psol e outros cinco ligados informalmente a pol\u00edticos. Al\u00e9m disso, grava\u00e7\u00f5es divulgadas pela imprensa mostram Anne Moura, secret\u00e1ria nacional de Mulheres do PT, orientando que os comit\u00eas atuassem em favor de candidatos aliados, com o aval da c\u00fapula do Minist\u00e9rio da Cultura.<\/p>\n\n\n\n<div class=\"wp-block-image\"><figure class=\"aligncenter size-large is-resized\"><a href=\"https:\/\/www.facebook.com\/profile.php?id=100069289606145\"><img loading=\"lazy\" decoding=\"async\" src=\"https:\/\/jornalfatosenoticias.com.br\/wp-content\/uploads\/2024\/11\/Guaitolini-Contabilidade-1024x714.jpeg\" alt=\"\" class=\"wp-image-55808\" width=\"325\" height=\"226\" srcset=\"https:\/\/jornalfatosenoticias.com.br\/wp-content\/uploads\/2024\/11\/Guaitolini-Contabilidade-1024x714.jpeg 1024w, https:\/\/jornalfatosenoticias.com.br\/wp-content\/uploads\/2024\/11\/Guaitolini-Contabilidade-300x209.jpeg 300w, https:\/\/jornalfatosenoticias.com.br\/wp-content\/uploads\/2024\/11\/Guaitolini-Contabilidade-768x535.jpeg 768w, https:\/\/jornalfatosenoticias.com.br\/wp-content\/uploads\/2024\/11\/Guaitolini-Contabilidade.jpeg 1280w\" sizes=\"auto, (max-width: 325px) 100vw, 325px\" \/><\/a><\/figure><\/div>\n\n\n\n<p>Outro ponto da den\u00fancia envolve a ONG Instituto de Articula\u00e7\u00e3o de Juventude da Amaz\u00f4nia (Iaja), fundada por Anne Moura. A organiza\u00e7\u00e3o teria recebido R$ 1,9 milh\u00e3o em recursos p\u00fablicos, sendo parte dos valores supostamente desviada para sua campanha eleitoral e atividades de milit\u00e2ncia pol\u00edtica. H\u00e1 tamb\u00e9m ind\u00edcios de triangula\u00e7\u00e3o financeira, com empresas contratadas pela ONG repassando dinheiro a aliados pol\u00edticos e eventos que promoviam a dirigente petista.<\/p>\n\n\n\n<div class=\"wp-block-image\"><figure class=\"aligncenter size-large\"><a href=\"http:\/\/www.ferrarimaquinas.com.br\/\"><img loading=\"lazy\" decoding=\"async\" width=\"300\" height=\"250\" src=\"https:\/\/jornalfatosenoticias.com.br\/wp-content\/uploads\/2022\/02\/FERRARI_MAQUINAS-E-FERRAMENTAS2.jpg\" alt=\"\" class=\"wp-image-27860\"\/><\/a><\/figure><\/div>\n\n\n\n<p><span class=\"has-inline-color has-black-color\"><strong>Ministra sob suspeita: Margareth Menezes e o poss\u00edvel conflito de interesses<br><\/strong><\/span>A den\u00fancia ainda aponta para um poss\u00edvel conflito de interesses envolvendo a ministra Margareth Menezes, que teria <a href=\"https:\/\/www.gazetadopovo.com.br\/cultura\/margareth-menezes-recebeu-verba-publica-cantar-carnaval\/\">recebido R$ 640 mil em cach\u00eas<\/a> para apresenta\u00e7\u00f5es no Carnaval de 2025. Os pagamentos foram feitos por prefeituras que, por sua vez, recebem recursos do Minist\u00e9rio da Cultura.<\/p>\n\n\n\n<div class=\"wp-block-image\"><figure class=\"aligncenter size-large is-resized\"><a href=\"https:\/\/hotelmarquetti.com.br\/\"><img loading=\"lazy\" decoding=\"async\" src=\"https:\/\/jornalfatosenoticias.com.br\/wp-content\/uploads\/2023\/03\/nova-logo-Marquetti.jpg\" alt=\"\" class=\"wp-image-40207\" width=\"306\" height=\"206\" srcset=\"https:\/\/jornalfatosenoticias.com.br\/wp-content\/uploads\/2023\/03\/nova-logo-Marquetti.jpg 643w, https:\/\/jornalfatosenoticias.com.br\/wp-content\/uploads\/2023\/03\/nova-logo-Marquetti-300x202.jpg 300w\" sizes=\"auto, (max-width: 306px) 100vw, 306px\" \/><\/a><\/figure><\/div>\n\n\n\n<p>Um dos casos mais emblem\u00e1ticos ocorreu em Salvador, onde a ministra foi contratada por R$ 290 mil, enquanto a cidade receber\u00e1 mais de R$ 16 milh\u00f5es da Pol\u00edtica Nacional Aldir Blanc (PNAB) neste ano. Em 2023, a Comiss\u00e3o de \u00c9tica da Presid\u00eancia havia proibido Margareth Menezes de receber valores oriundos de recursos federais. No entanto, essa decis\u00e3o foi flexibilizada em 2025, ap\u00f3s mudan\u00e7as na composi\u00e7\u00e3o do \u00f3rg\u00e3o, permitindo que a ministra voltasse a ser contratada por estados e munic\u00edpios beneficiados por verbas da pasta.<\/p>\n\n\n\n<div class=\"wp-block-image\"><figure class=\"aligncenter size-large is-resized\"><a href=\"https:\/\/www.instagram.com\/restaurantepegoretti\/\"><img loading=\"lazy\" decoding=\"async\" src=\"https:\/\/jornalfatosenoticias.com.br\/wp-content\/uploads\/2023\/12\/pegoretti-logo-pdf-1024x389.jpg\" alt=\"\" class=\"wp-image-47536\" width=\"527\" height=\"200\" srcset=\"https:\/\/jornalfatosenoticias.com.br\/wp-content\/uploads\/2023\/12\/pegoretti-logo-pdf-1024x389.jpg 1024w, https:\/\/jornalfatosenoticias.com.br\/wp-content\/uploads\/2023\/12\/pegoretti-logo-pdf-300x114.jpg 300w, https:\/\/jornalfatosenoticias.com.br\/wp-content\/uploads\/2023\/12\/pegoretti-logo-pdf-768x291.jpg 768w, https:\/\/jornalfatosenoticias.com.br\/wp-content\/uploads\/2023\/12\/pegoretti-logo-pdf.jpg 1120w\" sizes=\"auto, (max-width: 527px) 100vw, 527px\" \/><\/a><\/figure><\/div>\n\n\n\n<p>Ao Metr\u00f3poles, que divulgou os valores recebidos, a assessoria da cantora mandou um comunicado dizendo que<strong><em> &#8220;a artista est\u00e1 autorizada pela Comiss\u00e3o de \u00c9tica da Presid\u00eancia da Rep\u00fablica a realizar shows para empresas privadas, munic\u00edpios e estados da federa\u00e7\u00e3o, desde que tais contrata\u00e7\u00f5es n\u00e3o envolvam recursos p\u00fablicos federais. Durante o Carnaval, Margareth exerceu sua profiss\u00e3o de cantora fora do hor\u00e1rio de trabalho, garantindo que suas apresenta\u00e7\u00f5es n\u00e3o interferissem nas responsabilidades do seu cargo, seguindo todos os preceitos legais&#8221;.<\/em><\/strong><\/p>\n\n\n\n<div class=\"wp-block-image\"><figure class=\"aligncenter size-large is-resized\"><a href=\"https:\/\/panper.com.br\/\"><img loading=\"lazy\" decoding=\"async\" src=\"https:\/\/jornalfatosenoticias.com.br\/wp-content\/uploads\/2023\/03\/logo-Panper_portal.jpg\" alt=\"\" class=\"wp-image-40208\" width=\"276\" height=\"191\" srcset=\"https:\/\/jornalfatosenoticias.com.br\/wp-content\/uploads\/2023\/03\/logo-Panper_portal.jpg 400w, https:\/\/jornalfatosenoticias.com.br\/wp-content\/uploads\/2023\/03\/logo-Panper_portal-300x208.jpg 300w\" sizes=\"auto, (max-width: 276px) 100vw, 276px\" \/><\/a><\/figure><\/div>\n\n\n\n<p><strong><span class=\"has-inline-color has-black-color\">Os pedidos da representa\u00e7\u00e3o<br><\/span>Diante das suspeitas, a L\u00edder da Minoria na C\u00e2mara solicita:<br><\/strong>\u279c Suspens\u00e3o dos repasses aos Comit\u00eas de Cultura at\u00e9 a conclus\u00e3o de auditoria;<br>\u279c Interrup\u00e7\u00e3o de pagamentos do Minist\u00e9rio da Cultura a estados e munic\u00edpios que contrataram a ministra para shows;<br>\u279c Bloqueio cautelar de novos cach\u00eas pagos \u00e0 ministra com recursos p\u00fablicos;<br>\u279c Investiga\u00e7\u00e3o sobre o uso pol\u00edtico do PNCC e o poss\u00edvel favorecimento de aliados;<br>\u279c Apura\u00e7\u00e3o do conflito de interesses envolvendo Margareth Menezes;<br>\u279c Responsabiliza\u00e7\u00e3o dos gestores envolvidos nas irregularidades.<\/p>\n\n\n\n<div class=\"wp-block-image\"><figure class=\"aligncenter size-large is-resized\"><a href=\"https:\/\/www.instagram.com\/serra4x4cambioautomatico\/\"><img loading=\"lazy\" decoding=\"async\" src=\"https:\/\/jornalfatosenoticias.com.br\/wp-content\/uploads\/2024\/08\/Serra-4x4-1-886x1024.jpg\" alt=\"\" class=\"wp-image-53632\" width=\"233\" height=\"269\" srcset=\"https:\/\/jornalfatosenoticias.com.br\/wp-content\/uploads\/2024\/08\/Serra-4x4-1-886x1024.jpg 886w, https:\/\/jornalfatosenoticias.com.br\/wp-content\/uploads\/2024\/08\/Serra-4x4-1-260x300.jpg 260w, https:\/\/jornalfatosenoticias.com.br\/wp-content\/uploads\/2024\/08\/Serra-4x4-1-768x888.jpg 768w, https:\/\/jornalfatosenoticias.com.br\/wp-content\/uploads\/2024\/08\/Serra-4x4-1.jpg 1181w\" sizes=\"auto, (max-width: 233px) 100vw, 233px\" \/><\/a><\/figure><\/div>\n\n\n\n<blockquote class=\"wp-block-quote is-layout-flow wp-block-quote-is-layout-flow\"><p><span class=\"has-inline-color has-luminous-vivid-orange-color\">A cultura deve servir \u00e0 sociedade, n\u00e3o ser um instrumento de aparelhamento pol\u00edtico. O que vemos \u00e9 um uso descarado do dinheiro p\u00fablico para fins eleitorais, desrespeitando princ\u00edpios da administra\u00e7\u00e3o p\u00fablica como a moralidade e a impessoalidade. O Brasil precisa de transpar\u00eancia na gest\u00e3o dos recursos culturais&#8221;, afirmou Caroline De Toni.<\/span><\/p><\/blockquote>\n\n\n\n<div class=\"wp-block-image\"><figure class=\"aligncenter size-large is-resized\"><a href=\"https:\/\/www.ithbrasil.com.br\/\"><img loading=\"lazy\" decoding=\"async\" src=\"https:\/\/jornalfatosenoticias.com.br\/wp-content\/uploads\/2023\/08\/ITH.jpeg\" alt=\"\" class=\"wp-image-44638\" width=\"252\" height=\"205\" srcset=\"https:\/\/jornalfatosenoticias.com.br\/wp-content\/uploads\/2023\/08\/ITH.jpeg 800w, https:\/\/jornalfatosenoticias.com.br\/wp-content\/uploads\/2023\/08\/ITH-300x244.jpeg 300w, https:\/\/jornalfatosenoticias.com.br\/wp-content\/uploads\/2023\/08\/ITH-768x624.jpeg 768w\" sizes=\"auto, (max-width: 252px) 100vw, 252px\" \/><\/a><\/figure><\/div>\n\n\n\n<p>A documenta\u00e7\u00e3o agora est\u00e1 sob an\u00e1lise dos \u00f3rg\u00e3os competentes e pode resultar em san\u00e7\u00f5es administrativas e judiciais contra os envolvidos. A Minoria segue acompanhando o caso e cobrando provid\u00eancias para garantir a correta aplica\u00e7\u00e3o dos recursos p\u00fablicos.<\/p>\n\n\n\n<p><strong>Fonte: <a href=\"https:\/\/www.gazetadopovo.com.br\/republica\/minoria-denuncia-ministra-cultura-uso-indevido-recursos-aparelhamento\/\">Gazeta do Povo<\/a><\/strong><\/p>\n","protected":false},"excerpt":{"rendered":"<p>Margareth Menezes recebeu R$ 640 mil de verba p\u00fablica para cantar no Carnaval Por Ana Carolina Curvello A L\u00edder da Minoria na C\u00e2mara dos Deputados, Caroline De Toni, oficializou uma representa\u00e7\u00e3o contra a ministra da Cultura, Margareth Menezes, e o Programa Nacional de Comit\u00eas de Cultura (PNCC). O documento, enviado \u00e0 Controladoria-Geral da Uni\u00e3o (CGU), [&hellip;]<\/p>\n","protected":false},"author":2,"featured_media":57962,"comment_status":"open","ping_status":"open","sticky":false,"template":"","format":"standard","meta":{"footnotes":""},"categories":[10],"tags":[982,25727,25834,4573,775,13186],"class_list":["post-57961","post","type-post","status-publish","format-standard","has-post-thumbnail","hentry","category-politica","tag-camara-dos-deputados","tag-caroline-de-toni","tag-margareth-menezes","tag-ministerio-publico","tag-ong","tag-pt"],"yoast_head":"<!-- This site is optimized with the Yoast SEO plugin v26.5 - https:\/\/yoast.com\/wordpress\/plugins\/seo\/ -->\n<title>Minoria denuncia ministra da Cultura por uso indevido de recursos e aparelhamento - Jornal Fatos e Not\u00edcias<\/title>\n<meta name=\"robots\" content=\"index, follow, max-snippet:-1, max-image-preview:large, max-video-preview:-1\" \/>\n<link rel=\"canonical\" href=\"https:\/\/jornalfatosenoticias.com.br\/index.php\/2025\/03\/24\/minoria-denuncia-ministra-da-cultura-por-uso-indevido-de-recursos-e-aparelhamento\/\" \/>\n<meta property=\"og:locale\" content=\"pt_BR\" \/>\n<meta property=\"og:type\" content=\"article\" \/>\n<meta property=\"og:title\" content=\"Minoria denuncia ministra da Cultura por uso indevido de recursos e aparelhamento - Jornal Fatos e Not\u00edcias\" \/>\n<meta property=\"og:description\" content=\"Margareth Menezes recebeu R$ 640 mil de verba p\u00fablica para cantar no Carnaval Por Ana Carolina Curvello A L\u00edder da Minoria na C\u00e2mara dos Deputados, Caroline De Toni, oficializou uma representa\u00e7\u00e3o contra a ministra da Cultura, Margareth Menezes, e o Programa Nacional de Comit\u00eas de Cultura (PNCC). O documento, enviado \u00e0 Controladoria-Geral da Uni\u00e3o (CGU), [&hellip;]\" \/>\n<meta property=\"og:url\" content=\"https:\/\/jornalfatosenoticias.com.br\/index.php\/2025\/03\/24\/minoria-denuncia-ministra-da-cultura-por-uso-indevido-de-recursos-e-aparelhamento\/\" \/>\n<meta property=\"og:site_name\" content=\"Jornal Fatos e Not\u00edcias\" \/>\n<meta property=\"article:published_time\" content=\"2025-03-24T18:17:56+00:00\" \/>\n<meta property=\"article:modified_time\" content=\"2025-03-24T18:17:58+00:00\" \/>\n<meta property=\"og:image\" content=\"https:\/\/jornalfatosenoticias.com.br\/wp-content\/uploads\/2025\/03\/Margareth-Menezes.jpg\" \/>\n\t<meta property=\"og:image:width\" content=\"1000\" \/>\n\t<meta property=\"og:image:height\" content=\"617\" \/>\n\t<meta property=\"og:image:type\" content=\"image\/jpeg\" \/>\n<meta name=\"author\" content=\"Luzimara Fernandes\" \/>\n<meta name=\"twitter:card\" content=\"summary_large_image\" \/>\n<meta name=\"twitter:label1\" content=\"Escrito por\" \/>\n\t<meta name=\"twitter:data1\" content=\"Luzimara Fernandes\" \/>\n\t<meta name=\"twitter:label2\" content=\"Est. tempo de leitura\" \/>\n\t<meta name=\"twitter:data2\" content=\"4 minutos\" \/>\n<script type=\"application\/ld+json\" class=\"yoast-schema-graph\">{\"@context\":\"https:\/\/schema.org\",\"@graph\":[{\"@type\":\"Article\",\"@id\":\"https:\/\/jornalfatosenoticias.com.br\/index.php\/2025\/03\/24\/minoria-denuncia-ministra-da-cultura-por-uso-indevido-de-recursos-e-aparelhamento\/#article\",\"isPartOf\":{\"@id\":\"https:\/\/jornalfatosenoticias.com.br\/index.php\/2025\/03\/24\/minoria-denuncia-ministra-da-cultura-por-uso-indevido-de-recursos-e-aparelhamento\/\"},\"author\":{\"name\":\"Luzimara Fernandes\",\"@id\":\"https:\/\/jornalfatosenoticias.com.br\/#\/schema\/person\/d63837fa13ac8666eb9e74e0985d6f81\"},\"headline\":\"Minoria denuncia ministra da Cultura por uso indevido de recursos e aparelhamento\",\"datePublished\":\"2025-03-24T18:17:56+00:00\",\"dateModified\":\"2025-03-24T18:17:58+00:00\",\"mainEntityOfPage\":{\"@id\":\"https:\/\/jornalfatosenoticias.com.br\/index.php\/2025\/03\/24\/minoria-denuncia-ministra-da-cultura-por-uso-indevido-de-recursos-e-aparelhamento\/\"},\"wordCount\":763,\"commentCount\":0,\"publisher\":{\"@id\":\"https:\/\/jornalfatosenoticias.com.br\/#organization\"},\"image\":{\"@id\":\"https:\/\/jornalfatosenoticias.com.br\/index.php\/2025\/03\/24\/minoria-denuncia-ministra-da-cultura-por-uso-indevido-de-recursos-e-aparelhamento\/#primaryimage\"},\"thumbnailUrl\":\"https:\/\/jornalfatosenoticias.com.br\/wp-content\/uploads\/2025\/03\/Margareth-Menezes.jpg\",\"keywords\":[\"C\u00e2mara dos Deputados\",\"Caroline de Toni\",\"Margareth Menezes\",\"Minist\u00e9rio P\u00fablico\",\"ONG\",\"PT\"],\"articleSection\":[\"Pol\u00edtica\"],\"inLanguage\":\"pt-BR\",\"potentialAction\":[{\"@type\":\"CommentAction\",\"name\":\"Comment\",\"target\":[\"https:\/\/jornalfatosenoticias.com.br\/index.php\/2025\/03\/24\/minoria-denuncia-ministra-da-cultura-por-uso-indevido-de-recursos-e-aparelhamento\/#respond\"]}]},{\"@type\":\"WebPage\",\"@id\":\"https:\/\/jornalfatosenoticias.com.br\/index.php\/2025\/03\/24\/minoria-denuncia-ministra-da-cultura-por-uso-indevido-de-recursos-e-aparelhamento\/\",\"url\":\"https:\/\/jornalfatosenoticias.com.br\/index.php\/2025\/03\/24\/minoria-denuncia-ministra-da-cultura-por-uso-indevido-de-recursos-e-aparelhamento\/\",\"name\":\"Minoria denuncia ministra da Cultura por uso indevido de recursos e aparelhamento - Jornal Fatos e Not\u00edcias\",\"isPartOf\":{\"@id\":\"https:\/\/jornalfatosenoticias.com.br\/#website\"},\"primaryImageOfPage\":{\"@id\":\"https:\/\/jornalfatosenoticias.com.br\/index.php\/2025\/03\/24\/minoria-denuncia-ministra-da-cultura-por-uso-indevido-de-recursos-e-aparelhamento\/#primaryimage\"},\"image\":{\"@id\":\"https:\/\/jornalfatosenoticias.com.br\/index.php\/2025\/03\/24\/minoria-denuncia-ministra-da-cultura-por-uso-indevido-de-recursos-e-aparelhamento\/#primaryimage\"},\"thumbnailUrl\":\"https:\/\/jornalfatosenoticias.com.br\/wp-content\/uploads\/2025\/03\/Margareth-Menezes.jpg\",\"datePublished\":\"2025-03-24T18:17:56+00:00\",\"dateModified\":\"2025-03-24T18:17:58+00:00\",\"breadcrumb\":{\"@id\":\"https:\/\/jornalfatosenoticias.com.br\/index.php\/2025\/03\/24\/minoria-denuncia-ministra-da-cultura-por-uso-indevido-de-recursos-e-aparelhamento\/#breadcrumb\"},\"inLanguage\":\"pt-BR\",\"potentialAction\":[{\"@type\":\"ReadAction\",\"target\":[\"https:\/\/jornalfatosenoticias.com.br\/index.php\/2025\/03\/24\/minoria-denuncia-ministra-da-cultura-por-uso-indevido-de-recursos-e-aparelhamento\/\"]}]},{\"@type\":\"ImageObject\",\"inLanguage\":\"pt-BR\",\"@id\":\"https:\/\/jornalfatosenoticias.com.br\/index.php\/2025\/03\/24\/minoria-denuncia-ministra-da-cultura-por-uso-indevido-de-recursos-e-aparelhamento\/#primaryimage\",\"url\":\"https:\/\/jornalfatosenoticias.com.br\/wp-content\/uploads\/2025\/03\/Margareth-Menezes.jpg\",\"contentUrl\":\"https:\/\/jornalfatosenoticias.com.br\/wp-content\/uploads\/2025\/03\/Margareth-Menezes.jpg\",\"width\":1000,\"height\":617},{\"@type\":\"BreadcrumbList\",\"@id\":\"https:\/\/jornalfatosenoticias.com.br\/index.php\/2025\/03\/24\/minoria-denuncia-ministra-da-cultura-por-uso-indevido-de-recursos-e-aparelhamento\/#breadcrumb\",\"itemListElement\":[{\"@type\":\"ListItem\",\"position\":1,\"name\":\"In\u00edcio\",\"item\":\"https:\/\/jornalfatosenoticias.com.br\/\"},{\"@type\":\"ListItem\",\"position\":2,\"name\":\"Minoria denuncia ministra da Cultura por uso indevido de recursos e aparelhamento\"}]},{\"@type\":\"WebSite\",\"@id\":\"https:\/\/jornalfatosenoticias.com.br\/#website\",\"url\":\"https:\/\/jornalfatosenoticias.com.br\/\",\"name\":\"Jornal Fatos e Not\u00edcias\",\"description\":\"Not\u00edcias em geral\",\"publisher\":{\"@id\":\"https:\/\/jornalfatosenoticias.com.br\/#organization\"},\"potentialAction\":[{\"@type\":\"SearchAction\",\"target\":{\"@type\":\"EntryPoint\",\"urlTemplate\":\"https:\/\/jornalfatosenoticias.com.br\/?s={search_term_string}\"},\"query-input\":{\"@type\":\"PropertyValueSpecification\",\"valueRequired\":true,\"valueName\":\"search_term_string\"}}],\"inLanguage\":\"pt-BR\"},{\"@type\":\"Organization\",\"@id\":\"https:\/\/jornalfatosenoticias.com.br\/#organization\",\"name\":\"Jornal Fatos e Not\u00edcias\",\"url\":\"https:\/\/jornalfatosenoticias.com.br\/\",\"logo\":{\"@type\":\"ImageObject\",\"inLanguage\":\"pt-BR\",\"@id\":\"https:\/\/jornalfatosenoticias.com.br\/#\/schema\/logo\/image\/\",\"url\":\"https:\/\/jornalfatosenoticias.com.br\/wp-content\/uploads\/2020\/02\/logo120.png\",\"contentUrl\":\"https:\/\/jornalfatosenoticias.com.br\/wp-content\/uploads\/2020\/02\/logo120.png\",\"width\":1227,\"height\":120,\"caption\":\"Jornal Fatos e Not\u00edcias\"},\"image\":{\"@id\":\"https:\/\/jornalfatosenoticias.com.br\/#\/schema\/logo\/image\/\"}},{\"@type\":\"Person\",\"@id\":\"https:\/\/jornalfatosenoticias.com.br\/#\/schema\/person\/d63837fa13ac8666eb9e74e0985d6f81\",\"name\":\"Luzimara Fernandes\",\"image\":{\"@type\":\"ImageObject\",\"inLanguage\":\"pt-BR\",\"@id\":\"https:\/\/jornalfatosenoticias.com.br\/#\/schema\/person\/image\/\",\"url\":\"https:\/\/jornalfatosenoticias.com.br\/wp-content\/uploads\/2025\/05\/EU_portal.jpg\",\"contentUrl\":\"https:\/\/jornalfatosenoticias.com.br\/wp-content\/uploads\/2025\/05\/EU_portal.jpg\",\"caption\":\"Luzimara Fernandes\"},\"description\":\"Jornalista MTB 2358-ES\",\"sameAs\":[\"https:\/\/jornalfatosenoticias.com.br\"],\"url\":\"https:\/\/jornalfatosenoticias.com.br\/index.php\/author\/luzimara\/\"}]}<\/script>\n<!-- \/ Yoast SEO plugin. -->","yoast_head_json":{"title":"Minoria denuncia ministra da Cultura por uso indevido de recursos e aparelhamento - Jornal Fatos e Not\u00edcias","robots":{"index":"index","follow":"follow","max-snippet":"max-snippet:-1","max-image-preview":"max-image-preview:large","max-video-preview":"max-video-preview:-1"},"canonical":"https:\/\/jornalfatosenoticias.com.br\/index.php\/2025\/03\/24\/minoria-denuncia-ministra-da-cultura-por-uso-indevido-de-recursos-e-aparelhamento\/","og_locale":"pt_BR","og_type":"article","og_title":"Minoria denuncia ministra da Cultura por uso indevido de recursos e aparelhamento - Jornal Fatos e Not\u00edcias","og_description":"Margareth Menezes recebeu R$ 640 mil de verba p\u00fablica para cantar no Carnaval Por Ana Carolina Curvello A L\u00edder da Minoria na C\u00e2mara dos Deputados, Caroline De Toni, oficializou uma representa\u00e7\u00e3o contra a ministra da Cultura, Margareth Menezes, e o Programa Nacional de Comit\u00eas de Cultura (PNCC). O documento, enviado \u00e0 Controladoria-Geral da Uni\u00e3o (CGU), [&hellip;]","og_url":"https:\/\/jornalfatosenoticias.com.br\/index.php\/2025\/03\/24\/minoria-denuncia-ministra-da-cultura-por-uso-indevido-de-recursos-e-aparelhamento\/","og_site_name":"Jornal Fatos e Not\u00edcias","article_published_time":"2025-03-24T18:17:56+00:00","article_modified_time":"2025-03-24T18:17:58+00:00","og_image":[{"width":1000,"height":617,"url":"https:\/\/jornalfatosenoticias.com.br\/wp-content\/uploads\/2025\/03\/Margareth-Menezes.jpg","type":"image\/jpeg"}],"author":"Luzimara Fernandes","twitter_card":"summary_large_image","twitter_misc":{"Escrito por":"Luzimara Fernandes","Est. tempo de leitura":"4 minutos"},"schema":{"@context":"https:\/\/schema.org","@graph":[{"@type":"Article","@id":"https:\/\/jornalfatosenoticias.com.br\/index.php\/2025\/03\/24\/minoria-denuncia-ministra-da-cultura-por-uso-indevido-de-recursos-e-aparelhamento\/#article","isPartOf":{"@id":"https:\/\/jornalfatosenoticias.com.br\/index.php\/2025\/03\/24\/minoria-denuncia-ministra-da-cultura-por-uso-indevido-de-recursos-e-aparelhamento\/"},"author":{"name":"Luzimara Fernandes","@id":"https:\/\/jornalfatosenoticias.com.br\/#\/schema\/person\/d63837fa13ac8666eb9e74e0985d6f81"},"headline":"Minoria denuncia ministra da Cultura por uso indevido de recursos e aparelhamento","datePublished":"2025-03-24T18:17:56+00:00","dateModified":"2025-03-24T18:17:58+00:00","mainEntityOfPage":{"@id":"https:\/\/jornalfatosenoticias.com.br\/index.php\/2025\/03\/24\/minoria-denuncia-ministra-da-cultura-por-uso-indevido-de-recursos-e-aparelhamento\/"},"wordCount":763,"commentCount":0,"publisher":{"@id":"https:\/\/jornalfatosenoticias.com.br\/#organization"},"image":{"@id":"https:\/\/jornalfatosenoticias.com.br\/index.php\/2025\/03\/24\/minoria-denuncia-ministra-da-cultura-por-uso-indevido-de-recursos-e-aparelhamento\/#primaryimage"},"thumbnailUrl":"https:\/\/jornalfatosenoticias.com.br\/wp-content\/uploads\/2025\/03\/Margareth-Menezes.jpg","keywords":["C\u00e2mara dos Deputados","Caroline de Toni","Margareth Menezes","Minist\u00e9rio P\u00fablico","ONG","PT"],"articleSection":["Pol\u00edtica"],"inLanguage":"pt-BR","potentialAction":[{"@type":"CommentAction","name":"Comment","target":["https:\/\/jornalfatosenoticias.com.br\/index.php\/2025\/03\/24\/minoria-denuncia-ministra-da-cultura-por-uso-indevido-de-recursos-e-aparelhamento\/#respond"]}]},{"@type":"WebPage","@id":"https:\/\/jornalfatosenoticias.com.br\/index.php\/2025\/03\/24\/minoria-denuncia-ministra-da-cultura-por-uso-indevido-de-recursos-e-aparelhamento\/","url":"https:\/\/jornalfatosenoticias.com.br\/index.php\/2025\/03\/24\/minoria-denuncia-ministra-da-cultura-por-uso-indevido-de-recursos-e-aparelhamento\/","name":"Minoria denuncia ministra da Cultura por uso indevido de recursos e aparelhamento - Jornal Fatos e Not\u00edcias","isPartOf":{"@id":"https:\/\/jornalfatosenoticias.com.br\/#website"},"primaryImageOfPage":{"@id":"https:\/\/jornalfatosenoticias.com.br\/index.php\/2025\/03\/24\/minoria-denuncia-ministra-da-cultura-por-uso-indevido-de-recursos-e-aparelhamento\/#primaryimage"},"image":{"@id":"https:\/\/jornalfatosenoticias.com.br\/index.php\/2025\/03\/24\/minoria-denuncia-ministra-da-cultura-por-uso-indevido-de-recursos-e-aparelhamento\/#primaryimage"},"thumbnailUrl":"https:\/\/jornalfatosenoticias.com.br\/wp-content\/uploads\/2025\/03\/Margareth-Menezes.jpg","datePublished":"2025-03-24T18:17:56+00:00","dateModified":"2025-03-24T18:17:58+00:00","breadcrumb":{"@id":"https:\/\/jornalfatosenoticias.com.br\/index.php\/2025\/03\/24\/minoria-denuncia-ministra-da-cultura-por-uso-indevido-de-recursos-e-aparelhamento\/#breadcrumb"},"inLanguage":"pt-BR","potentialAction":[{"@type":"ReadAction","target":["https:\/\/jornalfatosenoticias.com.br\/index.php\/2025\/03\/24\/minoria-denuncia-ministra-da-cultura-por-uso-indevido-de-recursos-e-aparelhamento\/"]}]},{"@type":"ImageObject","inLanguage":"pt-BR","@id":"https:\/\/jornalfatosenoticias.com.br\/index.php\/2025\/03\/24\/minoria-denuncia-ministra-da-cultura-por-uso-indevido-de-recursos-e-aparelhamento\/#primaryimage","url":"https:\/\/jornalfatosenoticias.com.br\/wp-content\/uploads\/2025\/03\/Margareth-Menezes.jpg","contentUrl":"https:\/\/jornalfatosenoticias.com.br\/wp-content\/uploads\/2025\/03\/Margareth-Menezes.jpg","width":1000,"height":617},{"@type":"BreadcrumbList","@id":"https:\/\/jornalfatosenoticias.com.br\/index.php\/2025\/03\/24\/minoria-denuncia-ministra-da-cultura-por-uso-indevido-de-recursos-e-aparelhamento\/#breadcrumb","itemListElement":[{"@type":"ListItem","position":1,"name":"In\u00edcio","item":"https:\/\/jornalfatosenoticias.com.br\/"},{"@type":"ListItem","position":2,"name":"Minoria denuncia ministra da Cultura por uso indevido de recursos e aparelhamento"}]},{"@type":"WebSite","@id":"https:\/\/jornalfatosenoticias.com.br\/#website","url":"https:\/\/jornalfatosenoticias.com.br\/","name":"Jornal Fatos e Not\u00edcias","description":"Not\u00edcias em geral","publisher":{"@id":"https:\/\/jornalfatosenoticias.com.br\/#organization"},"potentialAction":[{"@type":"SearchAction","target":{"@type":"EntryPoint","urlTemplate":"https:\/\/jornalfatosenoticias.com.br\/?s={search_term_string}"},"query-input":{"@type":"PropertyValueSpecification","valueRequired":true,"valueName":"search_term_string"}}],"inLanguage":"pt-BR"},{"@type":"Organization","@id":"https:\/\/jornalfatosenoticias.com.br\/#organization","name":"Jornal Fatos e Not\u00edcias","url":"https:\/\/jornalfatosenoticias.com.br\/","logo":{"@type":"ImageObject","inLanguage":"pt-BR","@id":"https:\/\/jornalfatosenoticias.com.br\/#\/schema\/logo\/image\/","url":"https:\/\/jornalfatosenoticias.com.br\/wp-content\/uploads\/2020\/02\/logo120.png","contentUrl":"https:\/\/jornalfatosenoticias.com.br\/wp-content\/uploads\/2020\/02\/logo120.png","width":1227,"height":120,"caption":"Jornal Fatos e Not\u00edcias"},"image":{"@id":"https:\/\/jornalfatosenoticias.com.br\/#\/schema\/logo\/image\/"}},{"@type":"Person","@id":"https:\/\/jornalfatosenoticias.com.br\/#\/schema\/person\/d63837fa13ac8666eb9e74e0985d6f81","name":"Luzimara Fernandes","image":{"@type":"ImageObject","inLanguage":"pt-BR","@id":"https:\/\/jornalfatosenoticias.com.br\/#\/schema\/person\/image\/","url":"https:\/\/jornalfatosenoticias.com.br\/wp-content\/uploads\/2025\/05\/EU_portal.jpg","contentUrl":"https:\/\/jornalfatosenoticias.com.br\/wp-content\/uploads\/2025\/05\/EU_portal.jpg","caption":"Luzimara Fernandes"},"description":"Jornalista MTB 2358-ES","sameAs":["https:\/\/jornalfatosenoticias.com.br"],"url":"https:\/\/jornalfatosenoticias.com.br\/index.php\/author\/luzimara\/"}]}},"cc_featured_image_caption":{"caption_text":"(Foto: M\u00e1rio Agra\/C\u00e2mara dos Deputados) ","source_text":"","source_url":""},"jetpack_featured_media_url":"https:\/\/jornalfatosenoticias.com.br\/wp-content\/uploads\/2025\/03\/Margareth-Menezes.jpg","_links":{"self":[{"href":"https:\/\/jornalfatosenoticias.com.br\/index.php\/wp-json\/wp\/v2\/posts\/57961","targetHints":{"allow":["GET"]}}],"collection":[{"href":"https:\/\/jornalfatosenoticias.com.br\/index.php\/wp-json\/wp\/v2\/posts"}],"about":[{"href":"https:\/\/jornalfatosenoticias.com.br\/index.php\/wp-json\/wp\/v2\/types\/post"}],"author":[{"embeddable":true,"href":"https:\/\/jornalfatosenoticias.com.br\/index.php\/wp-json\/wp\/v2\/users\/2"}],"replies":[{"embeddable":true,"href":"https:\/\/jornalfatosenoticias.com.br\/index.php\/wp-json\/wp\/v2\/comments?post=57961"}],"version-history":[{"count":0,"href":"https:\/\/jornalfatosenoticias.com.br\/index.php\/wp-json\/wp\/v2\/posts\/57961\/revisions"}],"wp:featuredmedia":[{"embeddable":true,"href":"https:\/\/jornalfatosenoticias.com.br\/index.php\/wp-json\/wp\/v2\/media\/57962"}],"wp:attachment":[{"href":"https:\/\/jornalfatosenoticias.com.br\/index.php\/wp-json\/wp\/v2\/media?parent=57961"}],"wp:term":[{"taxonomy":"category","embeddable":true,"href":"https:\/\/jornalfatosenoticias.com.br\/index.php\/wp-json\/wp\/v2\/categories?post=57961"},{"taxonomy":"post_tag","embeddable":true,"href":"https:\/\/jornalfatosenoticias.com.br\/index.php\/wp-json\/wp\/v2\/tags?post=57961"}],"curies":[{"name":"wp","href":"https:\/\/api.w.org\/{rel}","templated":true}]}}