{"id":57990,"date":"2025-03-25T16:20:37","date_gmt":"2025-03-25T19:20:37","guid":{"rendered":"https:\/\/jornalfatosenoticias.com.br\/?p=57990"},"modified":"2025-03-25T16:20:38","modified_gmt":"2025-03-25T19:20:38","slug":"receita-anuncia-fim-do-perse-e-volta-da-tributacao-em-abril","status":"publish","type":"post","link":"https:\/\/jornalfatosenoticias.com.br\/index.php\/2025\/03\/25\/receita-anuncia-fim-do-perse-e-volta-da-tributacao-em-abril\/","title":{"rendered":"Receita anuncia fim do Perse e volta da tributa\u00e7\u00e3o em abril"},"content":{"rendered":"\n<p><em><span class=\"has-inline-color has-black-color\">Programa criado durante a pandemia atingiu o limite de R$ 15 bilh\u00f5es de benef\u00edcios fiscais concedidos pelo governo<\/span><\/em><\/p>\n\n\n\n<p><span class=\"has-inline-color has-black-color\">Por <strong><a href=\"https:\/\/www.gazetadopovo.com.br\/autor\/guilherme-grandi\/\">Guilherme Grandi<\/a><\/strong><\/span><\/p>\n\n\n\n<div class=\"wp-block-image\"><figure class=\"aligncenter size-large\"><a href=\"https:\/\/mizu.com.br\/\"><img loading=\"lazy\" decoding=\"async\" width=\"729\" height=\"90\" src=\"https:\/\/jornalfatosenoticias.com.br\/wp-content\/uploads\/2020\/02\/Logo_Mizu.png\" alt=\"\" class=\"wp-image-1441\" srcset=\"https:\/\/jornalfatosenoticias.com.br\/wp-content\/uploads\/2020\/02\/Logo_Mizu.png 729w, https:\/\/jornalfatosenoticias.com.br\/wp-content\/uploads\/2020\/02\/Logo_Mizu-300x37.png 300w\" sizes=\"auto, (max-width: 729px) 100vw, 729px\" \/><\/a><\/figure><\/div>\n\n\n\n<p>A Receita Federal anunciou, nesta segunda (24), o fim do chamado Programa Emergencial de Retomada do Setor de Eventos (Perse), criado durante a pandemia da covid-19 pelo governo do ex-presidente Jair Bolsonaro (PL) para ajudar a reduzir os impactos das restri\u00e7\u00f5es de circula\u00e7\u00e3o no segmento. Com isso, as al\u00edquotas cheias de tributos como Imposto de Renda da Pessoa Jur\u00eddica (IRPJ), Contribui\u00e7\u00e3o Social sobre lucro L\u00edquido (CSLL) e PIS\/Cofins voltam a ser cobradas. Ao todo, o Perse tinha um limite de R$ 15 bilh\u00f5es em benef\u00edcios fiscais.<\/p>\n\n\n\n<div class=\"wp-block-image\"><figure class=\"aligncenter size-large is-resized\"><a href=\"https:\/\/www.facebook.com\/profile.php?id=100069289606145\"><img loading=\"lazy\" decoding=\"async\" src=\"https:\/\/jornalfatosenoticias.com.br\/wp-content\/uploads\/2024\/11\/Guaitolini-Contabilidade-1024x714.jpeg\" alt=\"\" class=\"wp-image-55808\" width=\"277\" height=\"193\" srcset=\"https:\/\/jornalfatosenoticias.com.br\/wp-content\/uploads\/2024\/11\/Guaitolini-Contabilidade-1024x714.jpeg 1024w, https:\/\/jornalfatosenoticias.com.br\/wp-content\/uploads\/2024\/11\/Guaitolini-Contabilidade-300x209.jpeg 300w, https:\/\/jornalfatosenoticias.com.br\/wp-content\/uploads\/2024\/11\/Guaitolini-Contabilidade-768x535.jpeg 768w, https:\/\/jornalfatosenoticias.com.br\/wp-content\/uploads\/2024\/11\/Guaitolini-Contabilidade.jpeg 1280w\" sizes=\"auto, (max-width: 277px) 100vw, 277px\" \/><\/a><\/figure><\/div>\n\n\n\n<p>\u201cA Secretaria Especial da Receita Federal do Brasil torna p\u00fablica a demonstra\u00e7\u00e3o do atingimento do limite previsto [\u2026] com a consequente extin\u00e7\u00e3o do benef\u00edcio fiscal para os fatos geradores a partir do m\u00eas de abril de 2025\u201d, relata o ato assinado pelo secret\u00e1rio Robinson Barreirinhas no Di\u00e1rio Oficial da Uni\u00e3o (<a href=\"https:\/\/www.in.gov.br\/en\/web\/dou\/-\/ato-declaratorio-executivo-rfb-n-2-de-21-de-marco-de-2025-619295066\">veja na \u00edntegra<\/a>).<\/p>\n\n\n\n<div class=\"wp-block-image\"><figure class=\"aligncenter size-large is-resized\"><a href=\"https:\/\/www.instagram.com\/restaurantepegoretti\/\"><img loading=\"lazy\" decoding=\"async\" src=\"https:\/\/jornalfatosenoticias.com.br\/wp-content\/uploads\/2023\/12\/pegoretti-logo-pdf-1024x389.jpg\" alt=\"\" class=\"wp-image-47536\" width=\"504\" height=\"191\" srcset=\"https:\/\/jornalfatosenoticias.com.br\/wp-content\/uploads\/2023\/12\/pegoretti-logo-pdf-1024x389.jpg 1024w, https:\/\/jornalfatosenoticias.com.br\/wp-content\/uploads\/2023\/12\/pegoretti-logo-pdf-300x114.jpg 300w, https:\/\/jornalfatosenoticias.com.br\/wp-content\/uploads\/2023\/12\/pegoretti-logo-pdf-768x291.jpg 768w, https:\/\/jornalfatosenoticias.com.br\/wp-content\/uploads\/2023\/12\/pegoretti-logo-pdf.jpg 1120w\" sizes=\"auto, (max-width: 504px) 100vw, 504px\" \/><\/a><\/figure><\/div>\n\n\n\n<p>H\u00e1 quase duas semanas, Barreirinhas j\u00e1 havia adiantado a deputados e senadores que o limite de R$ 15 bilh\u00f5es seria atingido ainda neste m\u00eas. \u201cOs R$ 15 bilh\u00f5es j\u00e1 foram gastos, acabam agora em mar\u00e7o. Se cont\u00e1ssemos de janeiro a dezembro do ano passado, ter\u00edamos tido mais de R$ 16 bilh\u00f5es em gasto tribut\u00e1rio [ren\u00fancia de arrecada\u00e7\u00e3o] s\u00f3 com o Perse. Como o c\u00e1lculo come\u00e7ou a partir de abril, chega em R$ 15 bilh\u00f5es em mar\u00e7o [de 2025]\u201d, disse o secret\u00e1rio em sess\u00e3o da Comiss\u00e3o Mista de Or\u00e7amento (CMO).<\/p>\n\n\n\n<div class=\"wp-block-image\"><figure class=\"aligncenter size-large is-resized\"><a href=\"https:\/\/hotelmarquetti.com.br\/\"><img loading=\"lazy\" decoding=\"async\" src=\"https:\/\/jornalfatosenoticias.com.br\/wp-content\/uploads\/2023\/03\/nova-logo-Marquetti.jpg\" alt=\"\" class=\"wp-image-40207\" width=\"282\" height=\"189\" srcset=\"https:\/\/jornalfatosenoticias.com.br\/wp-content\/uploads\/2023\/03\/nova-logo-Marquetti.jpg 643w, https:\/\/jornalfatosenoticias.com.br\/wp-content\/uploads\/2023\/03\/nova-logo-Marquetti-300x202.jpg 300w\" sizes=\"auto, (max-width: 282px) 100vw, 282px\" \/><\/a><\/figure><\/div>\n\n\n\n<p>Durante a vig\u00eancia do Perse, foram beneficiadas empresas de setores como hotelaria; alimenta\u00e7\u00e3o; aluguel de equipamentos recreativos, esportivos e de palcos; produ\u00e7\u00e3o teatral, musical e espet\u00e1culos de dan\u00e7a; bares, restaurantes e similares; e cinemas.<\/p>\n\n\n\n<div class=\"wp-block-image\"><figure class=\"aligncenter size-large is-resized\"><a href=\"https:\/\/www.legisjuris.com.br\/\"><img loading=\"lazy\" decoding=\"async\" src=\"https:\/\/jornalfatosenoticias.com.br\/wp-content\/uploads\/2024\/09\/Legis-Juris-Consultoria_logo.jpg\" alt=\"\" class=\"wp-image-53915\" width=\"425\" height=\"178\" srcset=\"https:\/\/jornalfatosenoticias.com.br\/wp-content\/uploads\/2024\/09\/Legis-Juris-Consultoria_logo.jpg 969w, https:\/\/jornalfatosenoticias.com.br\/wp-content\/uploads\/2024\/09\/Legis-Juris-Consultoria_logo-300x126.jpg 300w, https:\/\/jornalfatosenoticias.com.br\/wp-content\/uploads\/2024\/09\/Legis-Juris-Consultoria_logo-768x322.jpg 768w\" sizes=\"auto, (max-width: 425px) 100vw, 425px\" \/><\/a><\/figure><\/div>\n\n\n\n<p>O an\u00fancio do fim do programa provocou forte rea\u00e7\u00e3o dos setores beneficiados, fazendo com que a Frente de Com\u00e9rcio e Servi\u00e7os (FCS) enviasse um pedido \u00e0 Receita para manter o Perse com redu\u00e7\u00e3o gradual dos incentivos at\u00e9 2026, mas a solicita\u00e7\u00e3o n\u00e3o foi atendida.<\/p>\n\n\n\n<div class=\"wp-block-image\"><figure class=\"aligncenter size-large is-resized\"><a href=\"https:\/\/www.instagram.com\/esteiochurrascaria\/\"><img loading=\"lazy\" decoding=\"async\" src=\"https:\/\/jornalfatosenoticias.com.br\/wp-content\/uploads\/2022\/02\/LOGO-ESTEIO-1024x730.png\" alt=\"\" class=\"wp-image-27942\" width=\"307\" height=\"219\" srcset=\"https:\/\/jornalfatosenoticias.com.br\/wp-content\/uploads\/2022\/02\/LOGO-ESTEIO-1024x730.png 1024w, https:\/\/jornalfatosenoticias.com.br\/wp-content\/uploads\/2022\/02\/LOGO-ESTEIO-300x214.png 300w, https:\/\/jornalfatosenoticias.com.br\/wp-content\/uploads\/2022\/02\/LOGO-ESTEIO-768x548.png 768w, https:\/\/jornalfatosenoticias.com.br\/wp-content\/uploads\/2022\/02\/LOGO-ESTEIO.png 1123w\" sizes=\"auto, (max-width: 307px) 100vw, 307px\" \/><\/a><\/figure><\/div>\n\n\n\n<blockquote class=\"wp-block-quote is-layout-flow wp-block-quote-is-layout-flow\"><p><span class=\"has-inline-color has-luminous-vivid-orange-color\">A decis\u00e3o gerou revolta no setor de com\u00e9rcio e servi\u00e7os, que se diz surpreendido com o an\u00fancio. O grupo sustenta que um fim abrupto em abril poderia impactar no aumento do desemprego e da infla\u00e7\u00e3o. O setor argumenta que \u00e9 o principal gerador de empregos no Brasil, e que a ren\u00fancia fiscal permite que o pa\u00eds arrecade mais por outros meios&#8221;, disse a FCS em nota.<\/span><\/p><\/blockquote>\n\n\n\n<div class=\"wp-block-image\"><figure class=\"aligncenter size-large is-resized\"><a href=\"https:\/\/www.facebook.com\/vetor.vix\/\"><img loading=\"lazy\" decoding=\"async\" src=\"https:\/\/jornalfatosenoticias.com.br\/wp-content\/uploads\/2023\/09\/vetorvix1024_1.jpg\" alt=\"\" class=\"wp-image-44868\" width=\"516\" height=\"137\" srcset=\"https:\/\/jornalfatosenoticias.com.br\/wp-content\/uploads\/2023\/09\/vetorvix1024_1.jpg 1024w, https:\/\/jornalfatosenoticias.com.br\/wp-content\/uploads\/2023\/09\/vetorvix1024_1-300x80.jpg 300w, https:\/\/jornalfatosenoticias.com.br\/wp-content\/uploads\/2023\/09\/vetorvix1024_1-768x205.jpg 768w\" sizes=\"auto, (max-width: 516px) 100vw, 516px\" \/><\/a><\/figure><\/div>\n\n\n\n<p>Ainda na sess\u00e3o da CMO, Barreirinhas afirmou que o Perse foi um dos programas mais onerosos j\u00e1 criados para o or\u00e7amento. De acordo com ele, foi uma iniciativa importante, mas que \u00e9 preciso resgatar a \u201csa\u00fade das contas p\u00fablicas\u201d. \u201cIndependente de ele terminar hoje, o custo prossegue no tempo via remunera\u00e7\u00e3o da d\u00edvida p\u00fablica\u201d, completou.<\/p>\n\n\n\n<div class=\"wp-block-image\"><figure class=\"aligncenter size-large is-resized\"><a href=\"https:\/\/www.controlsystems.com.br\/\"><img loading=\"lazy\" decoding=\"async\" src=\"https:\/\/jornalfatosenoticias.com.br\/wp-content\/uploads\/2020\/02\/CONTROL-CS.jpg\" alt=\"\" class=\"wp-image-44991\" width=\"235\" height=\"282\" srcset=\"https:\/\/jornalfatosenoticias.com.br\/wp-content\/uploads\/2020\/02\/CONTROL-CS.jpg 834w, https:\/\/jornalfatosenoticias.com.br\/wp-content\/uploads\/2020\/02\/CONTROL-CS-250x300.jpg 250w, https:\/\/jornalfatosenoticias.com.br\/wp-content\/uploads\/2020\/02\/CONTROL-CS-768x921.jpg 768w\" sizes=\"auto, (max-width: 235px) 100vw, 235px\" \/><\/a><\/figure><\/div>\n\n\n\n<p>O ministro Fernando Haddad, da Fazenda, afirmou na semana passada que o Perse foi um dos respons\u00e1veis pelo governo n\u00e3o ter conseguido atingir o super\u00e1vit das contas p\u00fablicas em 2024, como era previsto. No ano passado, ele anunciou um \u201cpente-fino\u201d nos benef\u00edcios concedidos e, em novembro, detalhou as empresas beneficiadas. Ao todo, mais de 11 mil empresas foram beneficiadas pelo programa.<\/p>\n\n\n\n<div class=\"wp-block-image\"><figure class=\"aligncenter size-large is-resized\"><a href=\"https:\/\/www.instagram.com\/rcradiadores\/\"><img loading=\"lazy\" decoding=\"async\" src=\"https:\/\/jornalfatosenoticias.com.br\/wp-content\/uploads\/2022\/10\/RC_800x750_page-0001.jpg\" alt=\"\" class=\"wp-image-35338\" width=\"249\" height=\"234\" srcset=\"https:\/\/jornalfatosenoticias.com.br\/wp-content\/uploads\/2022\/10\/RC_800x750_page-0001.jpg 400w, https:\/\/jornalfatosenoticias.com.br\/wp-content\/uploads\/2022\/10\/RC_800x750_page-0001-300x281.jpg 300w\" sizes=\"auto, (max-width: 249px) 100vw, 249px\" \/><\/a><\/figure><\/div>\n\n\n\n<p><strong>Fonte: <a href=\"https:\/\/www.gazetadopovo.com.br\/economia\/receita-fim-perse-volta-tributacao-abril\/\">Gazeta do Povo<\/a><\/strong><\/p>\n","protected":false},"excerpt":{"rendered":"<p>Programa criado durante a pandemia atingiu o limite de R$ 15 bilh\u00f5es de benef\u00edcios fiscais concedidos pelo governo Por Guilherme Grandi A Receita Federal anunciou, nesta segunda (24), o fim do chamado Programa Emergencial de Retomada do Setor de Eventos (Perse), criado durante a pandemia da covid-19 pelo governo do ex-presidente Jair Bolsonaro (PL) para [&hellip;]<\/p>\n","protected":false},"author":2,"featured_media":57991,"comment_status":"open","ping_status":"open","sticky":false,"template":"","format":"standard","meta":{"footnotes":""},"categories":[9],"tags":[26453,8163,18155,26452,7580,26451,1404,8611],"class_list":["post-57990","post","type-post","status-publish","format-standard","has-post-thumbnail","hentry","category-economia","tag-beneficios-fiscais","tag-contas-publicas","tag-fernando-haddad","tag-governo-jair-bolsonaro","tag-lula","tag-perse","tag-receita-federal","tag-tributacao"],"yoast_head":"<!-- This site is optimized with the Yoast SEO plugin v26.5 - https:\/\/yoast.com\/wordpress\/plugins\/seo\/ -->\n<title>Receita anuncia fim do Perse e volta da tributa\u00e7\u00e3o em abril - Jornal Fatos e Not\u00edcias<\/title>\n<meta name=\"robots\" content=\"index, follow, max-snippet:-1, max-image-preview:large, max-video-preview:-1\" \/>\n<link rel=\"canonical\" href=\"https:\/\/jornalfatosenoticias.com.br\/index.php\/2025\/03\/25\/receita-anuncia-fim-do-perse-e-volta-da-tributacao-em-abril\/\" \/>\n<meta property=\"og:locale\" content=\"pt_BR\" \/>\n<meta property=\"og:type\" content=\"article\" \/>\n<meta property=\"og:title\" content=\"Receita anuncia fim do Perse e volta da tributa\u00e7\u00e3o em abril - Jornal Fatos e Not\u00edcias\" \/>\n<meta property=\"og:description\" content=\"Programa criado durante a pandemia atingiu o limite de R$ 15 bilh\u00f5es de benef\u00edcios fiscais concedidos pelo governo Por Guilherme Grandi A Receita Federal anunciou, nesta segunda (24), o fim do chamado Programa Emergencial de Retomada do Setor de Eventos (Perse), criado durante a pandemia da covid-19 pelo governo do ex-presidente Jair Bolsonaro (PL) para [&hellip;]\" \/>\n<meta property=\"og:url\" content=\"https:\/\/jornalfatosenoticias.com.br\/index.php\/2025\/03\/25\/receita-anuncia-fim-do-perse-e-volta-da-tributacao-em-abril\/\" \/>\n<meta property=\"og:site_name\" content=\"Jornal Fatos e Not\u00edcias\" \/>\n<meta property=\"article:published_time\" content=\"2025-03-25T19:20:37+00:00\" \/>\n<meta property=\"article:modified_time\" content=\"2025-03-25T19:20:38+00:00\" \/>\n<meta property=\"og:image\" content=\"https:\/\/jornalfatosenoticias.com.br\/wp-content\/uploads\/2025\/03\/tributacao_istock.jpg\" \/>\n\t<meta property=\"og:image:width\" content=\"612\" \/>\n\t<meta property=\"og:image:height\" content=\"408\" \/>\n\t<meta property=\"og:image:type\" content=\"image\/jpeg\" \/>\n<meta name=\"author\" content=\"Luzimara Fernandes\" \/>\n<meta name=\"twitter:card\" content=\"summary_large_image\" \/>\n<meta name=\"twitter:label1\" content=\"Escrito por\" \/>\n\t<meta name=\"twitter:data1\" content=\"Luzimara Fernandes\" \/>\n\t<meta name=\"twitter:label2\" content=\"Est. tempo de leitura\" \/>\n\t<meta name=\"twitter:data2\" content=\"3 minutos\" \/>\n<script type=\"application\/ld+json\" class=\"yoast-schema-graph\">{\"@context\":\"https:\/\/schema.org\",\"@graph\":[{\"@type\":\"Article\",\"@id\":\"https:\/\/jornalfatosenoticias.com.br\/index.php\/2025\/03\/25\/receita-anuncia-fim-do-perse-e-volta-da-tributacao-em-abril\/#article\",\"isPartOf\":{\"@id\":\"https:\/\/jornalfatosenoticias.com.br\/index.php\/2025\/03\/25\/receita-anuncia-fim-do-perse-e-volta-da-tributacao-em-abril\/\"},\"author\":{\"name\":\"Luzimara Fernandes\",\"@id\":\"https:\/\/jornalfatosenoticias.com.br\/#\/schema\/person\/d63837fa13ac8666eb9e74e0985d6f81\"},\"headline\":\"Receita anuncia fim do Perse e volta da tributa\u00e7\u00e3o em abril\",\"datePublished\":\"2025-03-25T19:20:37+00:00\",\"dateModified\":\"2025-03-25T19:20:38+00:00\",\"mainEntityOfPage\":{\"@id\":\"https:\/\/jornalfatosenoticias.com.br\/index.php\/2025\/03\/25\/receita-anuncia-fim-do-perse-e-volta-da-tributacao-em-abril\/\"},\"wordCount\":577,\"commentCount\":0,\"publisher\":{\"@id\":\"https:\/\/jornalfatosenoticias.com.br\/#organization\"},\"image\":{\"@id\":\"https:\/\/jornalfatosenoticias.com.br\/index.php\/2025\/03\/25\/receita-anuncia-fim-do-perse-e-volta-da-tributacao-em-abril\/#primaryimage\"},\"thumbnailUrl\":\"https:\/\/jornalfatosenoticias.com.br\/wp-content\/uploads\/2025\/03\/tributacao_istock.jpg\",\"keywords\":[\"benef\u00edcios fiscais\",\"contas p\u00fablicas\",\"Fernando Haddad\",\"governo Jair Bolsonaro\",\"Lula\",\"Perse\",\"Receita Federal\",\"tributa\u00e7\u00e3o\"],\"articleSection\":[\"Economia\"],\"inLanguage\":\"pt-BR\",\"potentialAction\":[{\"@type\":\"CommentAction\",\"name\":\"Comment\",\"target\":[\"https:\/\/jornalfatosenoticias.com.br\/index.php\/2025\/03\/25\/receita-anuncia-fim-do-perse-e-volta-da-tributacao-em-abril\/#respond\"]}]},{\"@type\":\"WebPage\",\"@id\":\"https:\/\/jornalfatosenoticias.com.br\/index.php\/2025\/03\/25\/receita-anuncia-fim-do-perse-e-volta-da-tributacao-em-abril\/\",\"url\":\"https:\/\/jornalfatosenoticias.com.br\/index.php\/2025\/03\/25\/receita-anuncia-fim-do-perse-e-volta-da-tributacao-em-abril\/\",\"name\":\"Receita anuncia fim do Perse e volta da tributa\u00e7\u00e3o em abril - Jornal Fatos e Not\u00edcias\",\"isPartOf\":{\"@id\":\"https:\/\/jornalfatosenoticias.com.br\/#website\"},\"primaryImageOfPage\":{\"@id\":\"https:\/\/jornalfatosenoticias.com.br\/index.php\/2025\/03\/25\/receita-anuncia-fim-do-perse-e-volta-da-tributacao-em-abril\/#primaryimage\"},\"image\":{\"@id\":\"https:\/\/jornalfatosenoticias.com.br\/index.php\/2025\/03\/25\/receita-anuncia-fim-do-perse-e-volta-da-tributacao-em-abril\/#primaryimage\"},\"thumbnailUrl\":\"https:\/\/jornalfatosenoticias.com.br\/wp-content\/uploads\/2025\/03\/tributacao_istock.jpg\",\"datePublished\":\"2025-03-25T19:20:37+00:00\",\"dateModified\":\"2025-03-25T19:20:38+00:00\",\"breadcrumb\":{\"@id\":\"https:\/\/jornalfatosenoticias.com.br\/index.php\/2025\/03\/25\/receita-anuncia-fim-do-perse-e-volta-da-tributacao-em-abril\/#breadcrumb\"},\"inLanguage\":\"pt-BR\",\"potentialAction\":[{\"@type\":\"ReadAction\",\"target\":[\"https:\/\/jornalfatosenoticias.com.br\/index.php\/2025\/03\/25\/receita-anuncia-fim-do-perse-e-volta-da-tributacao-em-abril\/\"]}]},{\"@type\":\"ImageObject\",\"inLanguage\":\"pt-BR\",\"@id\":\"https:\/\/jornalfatosenoticias.com.br\/index.php\/2025\/03\/25\/receita-anuncia-fim-do-perse-e-volta-da-tributacao-em-abril\/#primaryimage\",\"url\":\"https:\/\/jornalfatosenoticias.com.br\/wp-content\/uploads\/2025\/03\/tributacao_istock.jpg\",\"contentUrl\":\"https:\/\/jornalfatosenoticias.com.br\/wp-content\/uploads\/2025\/03\/tributacao_istock.jpg\",\"width\":612,\"height\":408,\"caption\":\"Brazilian money on the background of the national flag, Symbols of Brazil, Economic concept\"},{\"@type\":\"BreadcrumbList\",\"@id\":\"https:\/\/jornalfatosenoticias.com.br\/index.php\/2025\/03\/25\/receita-anuncia-fim-do-perse-e-volta-da-tributacao-em-abril\/#breadcrumb\",\"itemListElement\":[{\"@type\":\"ListItem\",\"position\":1,\"name\":\"In\u00edcio\",\"item\":\"https:\/\/jornalfatosenoticias.com.br\/\"},{\"@type\":\"ListItem\",\"position\":2,\"name\":\"Receita anuncia fim do Perse e volta da tributa\u00e7\u00e3o em abril\"}]},{\"@type\":\"WebSite\",\"@id\":\"https:\/\/jornalfatosenoticias.com.br\/#website\",\"url\":\"https:\/\/jornalfatosenoticias.com.br\/\",\"name\":\"Jornal Fatos e Not\u00edcias\",\"description\":\"Not\u00edcias em geral\",\"publisher\":{\"@id\":\"https:\/\/jornalfatosenoticias.com.br\/#organization\"},\"potentialAction\":[{\"@type\":\"SearchAction\",\"target\":{\"@type\":\"EntryPoint\",\"urlTemplate\":\"https:\/\/jornalfatosenoticias.com.br\/?s={search_term_string}\"},\"query-input\":{\"@type\":\"PropertyValueSpecification\",\"valueRequired\":true,\"valueName\":\"search_term_string\"}}],\"inLanguage\":\"pt-BR\"},{\"@type\":\"Organization\",\"@id\":\"https:\/\/jornalfatosenoticias.com.br\/#organization\",\"name\":\"Jornal Fatos e Not\u00edcias\",\"url\":\"https:\/\/jornalfatosenoticias.com.br\/\",\"logo\":{\"@type\":\"ImageObject\",\"inLanguage\":\"pt-BR\",\"@id\":\"https:\/\/jornalfatosenoticias.com.br\/#\/schema\/logo\/image\/\",\"url\":\"https:\/\/jornalfatosenoticias.com.br\/wp-content\/uploads\/2020\/02\/logo120.png\",\"contentUrl\":\"https:\/\/jornalfatosenoticias.com.br\/wp-content\/uploads\/2020\/02\/logo120.png\",\"width\":1227,\"height\":120,\"caption\":\"Jornal Fatos e Not\u00edcias\"},\"image\":{\"@id\":\"https:\/\/jornalfatosenoticias.com.br\/#\/schema\/logo\/image\/\"}},{\"@type\":\"Person\",\"@id\":\"https:\/\/jornalfatosenoticias.com.br\/#\/schema\/person\/d63837fa13ac8666eb9e74e0985d6f81\",\"name\":\"Luzimara Fernandes\",\"image\":{\"@type\":\"ImageObject\",\"inLanguage\":\"pt-BR\",\"@id\":\"https:\/\/jornalfatosenoticias.com.br\/#\/schema\/person\/image\/\",\"url\":\"https:\/\/jornalfatosenoticias.com.br\/wp-content\/uploads\/2025\/05\/EU_portal.jpg\",\"contentUrl\":\"https:\/\/jornalfatosenoticias.com.br\/wp-content\/uploads\/2025\/05\/EU_portal.jpg\",\"caption\":\"Luzimara Fernandes\"},\"description\":\"Jornalista MTB 2358-ES\",\"sameAs\":[\"https:\/\/jornalfatosenoticias.com.br\"],\"url\":\"https:\/\/jornalfatosenoticias.com.br\/index.php\/author\/luzimara\/\"}]}<\/script>\n<!-- \/ Yoast SEO plugin. -->","yoast_head_json":{"title":"Receita anuncia fim do Perse e volta da tributa\u00e7\u00e3o em abril - Jornal Fatos e Not\u00edcias","robots":{"index":"index","follow":"follow","max-snippet":"max-snippet:-1","max-image-preview":"max-image-preview:large","max-video-preview":"max-video-preview:-1"},"canonical":"https:\/\/jornalfatosenoticias.com.br\/index.php\/2025\/03\/25\/receita-anuncia-fim-do-perse-e-volta-da-tributacao-em-abril\/","og_locale":"pt_BR","og_type":"article","og_title":"Receita anuncia fim do Perse e volta da tributa\u00e7\u00e3o em abril - Jornal Fatos e Not\u00edcias","og_description":"Programa criado durante a pandemia atingiu o limite de R$ 15 bilh\u00f5es de benef\u00edcios fiscais concedidos pelo governo Por Guilherme Grandi A Receita Federal anunciou, nesta segunda (24), o fim do chamado Programa Emergencial de Retomada do Setor de Eventos (Perse), criado durante a pandemia da covid-19 pelo governo do ex-presidente Jair Bolsonaro (PL) para [&hellip;]","og_url":"https:\/\/jornalfatosenoticias.com.br\/index.php\/2025\/03\/25\/receita-anuncia-fim-do-perse-e-volta-da-tributacao-em-abril\/","og_site_name":"Jornal Fatos e Not\u00edcias","article_published_time":"2025-03-25T19:20:37+00:00","article_modified_time":"2025-03-25T19:20:38+00:00","og_image":[{"width":612,"height":408,"url":"https:\/\/jornalfatosenoticias.com.br\/wp-content\/uploads\/2025\/03\/tributacao_istock.jpg","type":"image\/jpeg"}],"author":"Luzimara Fernandes","twitter_card":"summary_large_image","twitter_misc":{"Escrito por":"Luzimara Fernandes","Est. tempo de leitura":"3 minutos"},"schema":{"@context":"https:\/\/schema.org","@graph":[{"@type":"Article","@id":"https:\/\/jornalfatosenoticias.com.br\/index.php\/2025\/03\/25\/receita-anuncia-fim-do-perse-e-volta-da-tributacao-em-abril\/#article","isPartOf":{"@id":"https:\/\/jornalfatosenoticias.com.br\/index.php\/2025\/03\/25\/receita-anuncia-fim-do-perse-e-volta-da-tributacao-em-abril\/"},"author":{"name":"Luzimara Fernandes","@id":"https:\/\/jornalfatosenoticias.com.br\/#\/schema\/person\/d63837fa13ac8666eb9e74e0985d6f81"},"headline":"Receita anuncia fim do Perse e volta da tributa\u00e7\u00e3o em abril","datePublished":"2025-03-25T19:20:37+00:00","dateModified":"2025-03-25T19:20:38+00:00","mainEntityOfPage":{"@id":"https:\/\/jornalfatosenoticias.com.br\/index.php\/2025\/03\/25\/receita-anuncia-fim-do-perse-e-volta-da-tributacao-em-abril\/"},"wordCount":577,"commentCount":0,"publisher":{"@id":"https:\/\/jornalfatosenoticias.com.br\/#organization"},"image":{"@id":"https:\/\/jornalfatosenoticias.com.br\/index.php\/2025\/03\/25\/receita-anuncia-fim-do-perse-e-volta-da-tributacao-em-abril\/#primaryimage"},"thumbnailUrl":"https:\/\/jornalfatosenoticias.com.br\/wp-content\/uploads\/2025\/03\/tributacao_istock.jpg","keywords":["benef\u00edcios fiscais","contas p\u00fablicas","Fernando Haddad","governo Jair Bolsonaro","Lula","Perse","Receita Federal","tributa\u00e7\u00e3o"],"articleSection":["Economia"],"inLanguage":"pt-BR","potentialAction":[{"@type":"CommentAction","name":"Comment","target":["https:\/\/jornalfatosenoticias.com.br\/index.php\/2025\/03\/25\/receita-anuncia-fim-do-perse-e-volta-da-tributacao-em-abril\/#respond"]}]},{"@type":"WebPage","@id":"https:\/\/jornalfatosenoticias.com.br\/index.php\/2025\/03\/25\/receita-anuncia-fim-do-perse-e-volta-da-tributacao-em-abril\/","url":"https:\/\/jornalfatosenoticias.com.br\/index.php\/2025\/03\/25\/receita-anuncia-fim-do-perse-e-volta-da-tributacao-em-abril\/","name":"Receita anuncia fim do Perse e volta da tributa\u00e7\u00e3o em abril - Jornal Fatos e Not\u00edcias","isPartOf":{"@id":"https:\/\/jornalfatosenoticias.com.br\/#website"},"primaryImageOfPage":{"@id":"https:\/\/jornalfatosenoticias.com.br\/index.php\/2025\/03\/25\/receita-anuncia-fim-do-perse-e-volta-da-tributacao-em-abril\/#primaryimage"},"image":{"@id":"https:\/\/jornalfatosenoticias.com.br\/index.php\/2025\/03\/25\/receita-anuncia-fim-do-perse-e-volta-da-tributacao-em-abril\/#primaryimage"},"thumbnailUrl":"https:\/\/jornalfatosenoticias.com.br\/wp-content\/uploads\/2025\/03\/tributacao_istock.jpg","datePublished":"2025-03-25T19:20:37+00:00","dateModified":"2025-03-25T19:20:38+00:00","breadcrumb":{"@id":"https:\/\/jornalfatosenoticias.com.br\/index.php\/2025\/03\/25\/receita-anuncia-fim-do-perse-e-volta-da-tributacao-em-abril\/#breadcrumb"},"inLanguage":"pt-BR","potentialAction":[{"@type":"ReadAction","target":["https:\/\/jornalfatosenoticias.com.br\/index.php\/2025\/03\/25\/receita-anuncia-fim-do-perse-e-volta-da-tributacao-em-abril\/"]}]},{"@type":"ImageObject","inLanguage":"pt-BR","@id":"https:\/\/jornalfatosenoticias.com.br\/index.php\/2025\/03\/25\/receita-anuncia-fim-do-perse-e-volta-da-tributacao-em-abril\/#primaryimage","url":"https:\/\/jornalfatosenoticias.com.br\/wp-content\/uploads\/2025\/03\/tributacao_istock.jpg","contentUrl":"https:\/\/jornalfatosenoticias.com.br\/wp-content\/uploads\/2025\/03\/tributacao_istock.jpg","width":612,"height":408,"caption":"Brazilian money on the background of the national flag, Symbols of Brazil, Economic concept"},{"@type":"BreadcrumbList","@id":"https:\/\/jornalfatosenoticias.com.br\/index.php\/2025\/03\/25\/receita-anuncia-fim-do-perse-e-volta-da-tributacao-em-abril\/#breadcrumb","itemListElement":[{"@type":"ListItem","position":1,"name":"In\u00edcio","item":"https:\/\/jornalfatosenoticias.com.br\/"},{"@type":"ListItem","position":2,"name":"Receita anuncia fim do Perse e volta da tributa\u00e7\u00e3o em abril"}]},{"@type":"WebSite","@id":"https:\/\/jornalfatosenoticias.com.br\/#website","url":"https:\/\/jornalfatosenoticias.com.br\/","name":"Jornal Fatos e Not\u00edcias","description":"Not\u00edcias em geral","publisher":{"@id":"https:\/\/jornalfatosenoticias.com.br\/#organization"},"potentialAction":[{"@type":"SearchAction","target":{"@type":"EntryPoint","urlTemplate":"https:\/\/jornalfatosenoticias.com.br\/?s={search_term_string}"},"query-input":{"@type":"PropertyValueSpecification","valueRequired":true,"valueName":"search_term_string"}}],"inLanguage":"pt-BR"},{"@type":"Organization","@id":"https:\/\/jornalfatosenoticias.com.br\/#organization","name":"Jornal Fatos e Not\u00edcias","url":"https:\/\/jornalfatosenoticias.com.br\/","logo":{"@type":"ImageObject","inLanguage":"pt-BR","@id":"https:\/\/jornalfatosenoticias.com.br\/#\/schema\/logo\/image\/","url":"https:\/\/jornalfatosenoticias.com.br\/wp-content\/uploads\/2020\/02\/logo120.png","contentUrl":"https:\/\/jornalfatosenoticias.com.br\/wp-content\/uploads\/2020\/02\/logo120.png","width":1227,"height":120,"caption":"Jornal Fatos e Not\u00edcias"},"image":{"@id":"https:\/\/jornalfatosenoticias.com.br\/#\/schema\/logo\/image\/"}},{"@type":"Person","@id":"https:\/\/jornalfatosenoticias.com.br\/#\/schema\/person\/d63837fa13ac8666eb9e74e0985d6f81","name":"Luzimara Fernandes","image":{"@type":"ImageObject","inLanguage":"pt-BR","@id":"https:\/\/jornalfatosenoticias.com.br\/#\/schema\/person\/image\/","url":"https:\/\/jornalfatosenoticias.com.br\/wp-content\/uploads\/2025\/05\/EU_portal.jpg","contentUrl":"https:\/\/jornalfatosenoticias.com.br\/wp-content\/uploads\/2025\/05\/EU_portal.jpg","caption":"Luzimara Fernandes"},"description":"Jornalista MTB 2358-ES","sameAs":["https:\/\/jornalfatosenoticias.com.br"],"url":"https:\/\/jornalfatosenoticias.com.br\/index.php\/author\/luzimara\/"}]}},"cc_featured_image_caption":{"caption_text":"(Foto: iStock)","source_text":"","source_url":""},"jetpack_featured_media_url":"https:\/\/jornalfatosenoticias.com.br\/wp-content\/uploads\/2025\/03\/tributacao_istock.jpg","_links":{"self":[{"href":"https:\/\/jornalfatosenoticias.com.br\/index.php\/wp-json\/wp\/v2\/posts\/57990","targetHints":{"allow":["GET"]}}],"collection":[{"href":"https:\/\/jornalfatosenoticias.com.br\/index.php\/wp-json\/wp\/v2\/posts"}],"about":[{"href":"https:\/\/jornalfatosenoticias.com.br\/index.php\/wp-json\/wp\/v2\/types\/post"}],"author":[{"embeddable":true,"href":"https:\/\/jornalfatosenoticias.com.br\/index.php\/wp-json\/wp\/v2\/users\/2"}],"replies":[{"embeddable":true,"href":"https:\/\/jornalfatosenoticias.com.br\/index.php\/wp-json\/wp\/v2\/comments?post=57990"}],"version-history":[{"count":0,"href":"https:\/\/jornalfatosenoticias.com.br\/index.php\/wp-json\/wp\/v2\/posts\/57990\/revisions"}],"wp:featuredmedia":[{"embeddable":true,"href":"https:\/\/jornalfatosenoticias.com.br\/index.php\/wp-json\/wp\/v2\/media\/57991"}],"wp:attachment":[{"href":"https:\/\/jornalfatosenoticias.com.br\/index.php\/wp-json\/wp\/v2\/media?parent=57990"}],"wp:term":[{"taxonomy":"category","embeddable":true,"href":"https:\/\/jornalfatosenoticias.com.br\/index.php\/wp-json\/wp\/v2\/categories?post=57990"},{"taxonomy":"post_tag","embeddable":true,"href":"https:\/\/jornalfatosenoticias.com.br\/index.php\/wp-json\/wp\/v2\/tags?post=57990"}],"curies":[{"name":"wp","href":"https:\/\/api.w.org\/{rel}","templated":true}]}}