{"id":58003,"date":"2025-03-26T10:06:42","date_gmt":"2025-03-26T13:06:42","guid":{"rendered":"https:\/\/jornalfatosenoticias.com.br\/?p=58003"},"modified":"2025-03-26T10:06:43","modified_gmt":"2025-03-26T13:06:43","slug":"pesquisadores-encontram-tesouro-arqueologico-de-ate-dois-mil-anos-no-tocantins","status":"publish","type":"post","link":"https:\/\/jornalfatosenoticias.com.br\/index.php\/2025\/03\/26\/pesquisadores-encontram-tesouro-arqueologico-de-ate-dois-mil-anos-no-tocantins\/","title":{"rendered":"Pesquisadores encontram tesouro arqueol\u00f3gico de at\u00e9 dois mil anos no Tocantins"},"content":{"rendered":"\n<p><em><span class=\"has-inline-color has-black-color\">A data\u00e7\u00e3o das pinturas rupestres \u00e9 uma estimativa inicial. An\u00e1lises posteriores podem (ou n\u00e3o) confirmar a idade dos registros<\/span><\/em><\/p>\n\n\n\n<p><span class=\"has-inline-color has-black-color\">Por <strong><a href=\"https:\/\/gizmodo.uol.com.br\/author\/pablo-nogueira\/\">Pablo Nogueira<\/a><\/strong><\/span><\/p>\n\n\n\n<div class=\"wp-block-image\"><figure class=\"aligncenter size-large\"><a href=\"https:\/\/mizu.com.br\/\"><img loading=\"lazy\" decoding=\"async\" width=\"729\" height=\"90\" src=\"https:\/\/jornalfatosenoticias.com.br\/wp-content\/uploads\/2020\/02\/Logo_Mizu.png\" alt=\"\" class=\"wp-image-1441\" srcset=\"https:\/\/jornalfatosenoticias.com.br\/wp-content\/uploads\/2020\/02\/Logo_Mizu.png 729w, https:\/\/jornalfatosenoticias.com.br\/wp-content\/uploads\/2020\/02\/Logo_Mizu-300x37.png 300w\" sizes=\"auto, (max-width: 729px) 100vw, 729px\" \/><\/a><\/figure><\/div>\n\n\n\n<p>Pesquisadores da Universidade Estadual do Tocantins (Unitins) descobriram um importante <a href=\"https:\/\/gizmodo.uol.com.br\/stonehenge-da-amazonia-vai-ganhar-parque-para-preservacao-arqueologica\/\">tesouro arqueol\u00f3gico de artes rupestres<\/a> de at\u00e9 dois mil anos na Serra do Lajeado. Entre 2022 e 2023, o Instituto do Patrim\u00f4nio Hist\u00f3rico e Art\u00edstico Nacional (Iphan), j\u00e1 havia identificado 16 s\u00edtios arqueol\u00f3gicos na regi\u00e3o do <a href=\"https:\/\/gizmodo.uol.com.br\/macaco-aprende-a-abrir-coco-usando-pedra-no-jalapao-assista\/\">Parque Estadual do Jalap\u00e3o<\/a>. \u00c0 \u00e9poca, o Iphan divulgou que os arque\u00f3logos e cientistas do \u00f3rg\u00e3o federal identificaram artes rupestres feitas h\u00e1, \u201cprovavelmente, dois mil anos\u201d.<br>Agora, na Serra do Lajeado, regi\u00e3o de prote\u00e7\u00e3o ambiental pr\u00f3xima \u00e0 capital do estado, arque\u00f3logos do N\u00facleo Tocantinense de Arqueologia (Nuta), vinculado \u00e0 Unitins, identificaram mais cinco s\u00edtios arqueol\u00f3gicos. O trabalho dos pesquisadores na regi\u00e3o montanhosa de Palmas ocorreu entre 2023 e 2024, tamb\u00e9m com pain\u00e9is de artes rupestres.<\/p>\n\n\n\n<div class=\"wp-block-image\"><figure class=\"aligncenter size-large\"><a href=\"https:\/\/www.cesconetto.com.br\/\"><img loading=\"lazy\" decoding=\"async\" width=\"300\" height=\"250\" src=\"https:\/\/jornalfatosenoticias.com.br\/wp-content\/uploads\/2022\/02\/Banner-2.png\" alt=\"\" class=\"wp-image-27877\"\/><\/a><\/figure><\/div>\n\n\n\n<p>Os pesquisadores identificaram as gravuras rupestres em \u00e1reas abertas da \u00c1rea de Prote\u00e7\u00e3o Ambiental de Lajeado (APA), em pared\u00f5es rochosos e sob rochas. De acordo com o Nuta, pinturas rupestres nesses locais indicam a presen\u00e7a de ocupa\u00e7\u00e3o humana.<\/p>\n\n\n\n<div class=\"wp-block-image\"><figure class=\"aligncenter size-large is-resized\"><a href=\"https:\/\/panper.com.br\/\"><img loading=\"lazy\" decoding=\"async\" src=\"https:\/\/jornalfatosenoticias.com.br\/wp-content\/uploads\/2023\/03\/logo-Panper_portal.jpg\" alt=\"\" class=\"wp-image-40208\" width=\"293\" height=\"203\" srcset=\"https:\/\/jornalfatosenoticias.com.br\/wp-content\/uploads\/2023\/03\/logo-Panper_portal.jpg 400w, https:\/\/jornalfatosenoticias.com.br\/wp-content\/uploads\/2023\/03\/logo-Panper_portal-300x208.jpg 300w\" sizes=\"auto, (max-width: 293px) 100vw, 293px\" \/><\/a><\/figure><\/div>\n\n\n\n<p>Al\u00e9m disso, os pesquisadores descobriram um s\u00edtio arqueol\u00f3gico cer\u00e2mico em situa\u00e7\u00e3o de risco. Segundo <a href=\"https:\/\/www.unitins.br\/nPortal\/portal\/noticias\/detalhes\/6970-2025-2-28-pesquisa-do-nutaunitins-identifica-cinco-novos-sitios-rupestres-na-apa-serra-do-lajeado\" target=\"_blank\" rel=\"noreferrer noopener\">comunicado<\/a>\u00a0do Nuta, os novos s\u00edtios arqueol\u00f3gicos se juntar\u00e3o aos 16 anteriores cadastrados pelo Iphan, mas\u00a0<a href=\"https:\/\/gizmodo.uol.com.br\/pintura-mais-antiga-do-mundo-descoberta-em-caverna-na-indonesia\/\">n\u00e3o somente por tamb\u00e9m terem dois mil anos.<\/a><\/p>\n\n\n\n<div class=\"wp-block-image\"><figure class=\"aligncenter size-large is-resized\"><a href=\"https:\/\/www.facebook.com\/vetor.vix\/\"><img loading=\"lazy\" decoding=\"async\" src=\"https:\/\/jornalfatosenoticias.com.br\/wp-content\/uploads\/2023\/09\/vetorvix1024_1.jpg\" alt=\"\" class=\"wp-image-44868\" width=\"539\" height=\"143\" srcset=\"https:\/\/jornalfatosenoticias.com.br\/wp-content\/uploads\/2023\/09\/vetorvix1024_1.jpg 1024w, https:\/\/jornalfatosenoticias.com.br\/wp-content\/uploads\/2023\/09\/vetorvix1024_1-300x80.jpg 300w, https:\/\/jornalfatosenoticias.com.br\/wp-content\/uploads\/2023\/09\/vetorvix1024_1-768x205.jpg 768w\" sizes=\"auto, (max-width: 539px) 100vw, 539px\" \/><\/a><\/figure><\/div>\n\n\n\n<p><strong><span class=\"has-inline-color has-black-color\">Necessidade de preserva\u00e7\u00e3o de s\u00edtios arqueol\u00f3gicos do Tocantins<br><\/span><\/strong>O n\u00facleo arqueol\u00f3gico da Universidade Estadual do Tocantins ressalta que o cadastro dos novos s\u00edtios contribui para a preserva\u00e7\u00e3o dos registros de dois mil anos. Com a conserva\u00e7\u00e3o do patrim\u00f4nio arqueol\u00f3gico, os pesquisadores ter\u00e3o a oportunidade de realizar estudos maiores sobre os povos que habitaram a regi\u00e3o. Ali\u00e1s, de acordo com o Nuta, a Serra do Lajeado <a href=\"https:\/\/gizmodo.uol.com.br\/giz-brasil-exclusivo-arqueologo-detalha-as-descobertas-da-amazonia-revelada\/\">possui s\u00edtios arqueol\u00f3gicos que datam de mais de 12 mil anos.<\/a><\/p>\n\n\n\n<div class=\"wp-block-image\"><figure class=\"aligncenter size-large is-resized\"><a href=\"https:\/\/www.facebook.com\/postobkr\/?locale=pt_BR\"><img loading=\"lazy\" decoding=\"async\" src=\"https:\/\/jornalfatosenoticias.com.br\/wp-content\/uploads\/2023\/08\/BKR-1024x1021.jpg\" alt=\"\" class=\"wp-image-44494\" width=\"275\" height=\"274\" srcset=\"https:\/\/jornalfatosenoticias.com.br\/wp-content\/uploads\/2023\/08\/BKR-1024x1021.jpg 1024w, https:\/\/jornalfatosenoticias.com.br\/wp-content\/uploads\/2023\/08\/BKR-300x300.jpg 300w, https:\/\/jornalfatosenoticias.com.br\/wp-content\/uploads\/2023\/08\/BKR-150x150.jpg 150w, https:\/\/jornalfatosenoticias.com.br\/wp-content\/uploads\/2023\/08\/BKR-768x766.jpg 768w, https:\/\/jornalfatosenoticias.com.br\/wp-content\/uploads\/2023\/08\/BKR.jpg 1080w\" sizes=\"auto, (max-width: 275px) 100vw, 275px\" \/><\/a><\/figure><\/div>\n\n\n\n<p>O professor Genilson Nolasco, curador do Nuta e membro da equipe de pesquisadores, afirma ser necess\u00e1rio um levantamento para avaliar a degrada\u00e7\u00e3o dos s\u00edtios ao longo do tempo. Nolasco ressalta que os pesquisadores identificaram \u201cvetores naturais e antr\u00f3picos\u201d, ou seja: tanto a humanidade quanto a natureza contribu\u00edram para a degrada\u00e7\u00e3o do s\u00edtio.<\/p>\n\n\n\n<div class=\"wp-block-image\"><figure class=\"aligncenter size-large is-resized\"><a href=\"https:\/\/www.legisjuris.com.br\/\"><img loading=\"lazy\" decoding=\"async\" src=\"https:\/\/jornalfatosenoticias.com.br\/wp-content\/uploads\/2024\/09\/Legis-Juris-Consultoria_logo.jpg\" alt=\"\" class=\"wp-image-53915\" width=\"499\" height=\"209\" srcset=\"https:\/\/jornalfatosenoticias.com.br\/wp-content\/uploads\/2024\/09\/Legis-Juris-Consultoria_logo.jpg 969w, https:\/\/jornalfatosenoticias.com.br\/wp-content\/uploads\/2024\/09\/Legis-Juris-Consultoria_logo-300x126.jpg 300w, https:\/\/jornalfatosenoticias.com.br\/wp-content\/uploads\/2024\/09\/Legis-Juris-Consultoria_logo-768x322.jpg 768w\" sizes=\"auto, (max-width: 499px) 100vw, 499px\" \/><\/a><\/figure><\/div>\n\n\n\n<p>Um vetor tanto natural quanto antr\u00f3pico s\u00e3o os inc\u00eandios e queimadas, que Nolasco considera como um dos mais \u201ccr\u00edticos\u201d. Em fevereiro, quase um m\u00eas antes dos pesquisadores divulgarem a descoberta dos novos s\u00edtios arqueol\u00f3gicos em Tocantins, o Iphan iniciou <a href=\"https:\/\/gizmodo.uol.com.br\/pinturas-rupestres-mais-antigas-do-mundo-estao-desaparecendo-na-indonesia\/\">medidas de prote\u00e7\u00e3o para conserva\u00e7\u00e3o<\/a> dos registros rupestres.<\/p>\n\n\n\n<div class=\"wp-block-image\"><figure class=\"aligncenter size-large is-resized\"><a href=\"https:\/\/www.controlsystems.com.br\/\"><img loading=\"lazy\" decoding=\"async\" src=\"https:\/\/jornalfatosenoticias.com.br\/wp-content\/uploads\/2020\/02\/CONTROL-CS.jpg\" alt=\"\" class=\"wp-image-44991\" width=\"241\" height=\"289\" srcset=\"https:\/\/jornalfatosenoticias.com.br\/wp-content\/uploads\/2020\/02\/CONTROL-CS.jpg 834w, https:\/\/jornalfatosenoticias.com.br\/wp-content\/uploads\/2020\/02\/CONTROL-CS-250x300.jpg 250w, https:\/\/jornalfatosenoticias.com.br\/wp-content\/uploads\/2020\/02\/CONTROL-CS-768x921.jpg 768w\" sizes=\"auto, (max-width: 241px) 100vw, 241px\" \/><\/a><\/figure><\/div>\n\n\n\n<blockquote class=\"wp-block-quote is-layout-flow wp-block-quote-is-layout-flow\"><p><span class=\"has-inline-color has-luminous-vivid-orange-color\">Entre as a\u00e7\u00f5es, foi realizada a capacita\u00e7\u00e3o de brigadistas para atuar na preven\u00e7\u00e3o e combate a inc\u00eandios na regi\u00e3o, com foco na conserva\u00e7\u00e3o dos s\u00edtios. Tamb\u00e9m foi iniciada a realiza\u00e7\u00e3o de aceiros, medida essencial para evitar a propaga\u00e7\u00e3o do fogo e minimizar os impactos da vegeta\u00e7\u00e3o sobre as pinturas rupestres\u201d, diz a <a href=\"https:\/\/www.gov.br\/iphan\/pt-br\/assuntos\/noticias\/sitios-arqueologicos-da-serra-do-lajeado-to-recebem-acoes-de-conservacao\" target=\"_blank\" rel=\"noreferrer noopener\">nota<\/a> do Iphan. <\/span><\/p><\/blockquote>\n\n\n\n<div class=\"wp-block-image\"><figure class=\"aligncenter size-large is-resized\"><a href=\"https:\/\/www.instagram.com\/rcradiadores\/\"><img loading=\"lazy\" decoding=\"async\" src=\"https:\/\/jornalfatosenoticias.com.br\/wp-content\/uploads\/2022\/10\/RC_800x750_page-0001.jpg\" alt=\"\" class=\"wp-image-35338\" width=\"330\" height=\"309\" srcset=\"https:\/\/jornalfatosenoticias.com.br\/wp-content\/uploads\/2022\/10\/RC_800x750_page-0001.jpg 400w, https:\/\/jornalfatosenoticias.com.br\/wp-content\/uploads\/2022\/10\/RC_800x750_page-0001-300x281.jpg 300w\" sizes=\"auto, (max-width: 330px) 100vw, 330px\" \/><\/a><\/figure><\/div>\n\n\n\n<p>Por fim, \u00e9 importante ressaltar que a data\u00e7\u00e3o das gravuras rupestres \u00e9 uma estimativa inicial do Nuta. A pesquisa continua em andamento, com previs\u00e3o de conclus\u00e3o para julho deste ano.<\/p>\n\n\n\n<p><strong>Fonte: <a href=\"https:\/\/gizmodo.uol.com.br\/pesquisadores-encontram-tesouro-arqueologico-de-ate-2-mil-anos-no-tocantins\/\">Giz Brasil<\/a><\/strong><\/p>\n","protected":false},"excerpt":{"rendered":"<p>A data\u00e7\u00e3o das pinturas rupestres \u00e9 uma estimativa inicial. An\u00e1lises posteriores podem (ou n\u00e3o) confirmar a idade dos registros Por Pablo Nogueira Pesquisadores da Universidade Estadual do Tocantins (Unitins) descobriram um importante tesouro arqueol\u00f3gico de artes rupestres de at\u00e9 dois mil anos na Serra do Lajeado. Entre 2022 e 2023, o Instituto do Patrim\u00f4nio Hist\u00f3rico [&hellip;]<\/p>\n","protected":false},"author":2,"featured_media":58004,"comment_status":"open","ping_status":"open","sticky":false,"template":"","format":"standard","meta":{"footnotes":""},"categories":[9808],"tags":[1478,26456,597,10143,220,17180,1852],"class_list":["post-58003","post","type-post","status-publish","format-standard","has-post-thumbnail","hentry","category-paleo-arqueologia","tag-arqueologia","tag-artes-rupestres","tag-brasil","tag-pintura-rupestre","tag-pre-historia","tag-sitios-arqueologicos","tag-tocantins"],"yoast_head":"<!-- This site is optimized with the Yoast SEO plugin v26.5 - https:\/\/yoast.com\/wordpress\/plugins\/seo\/ -->\n<title>Pesquisadores encontram tesouro arqueol\u00f3gico de at\u00e9 dois mil anos no Tocantins - Jornal Fatos e Not\u00edcias<\/title>\n<meta name=\"robots\" content=\"index, follow, max-snippet:-1, max-image-preview:large, max-video-preview:-1\" \/>\n<link rel=\"canonical\" href=\"https:\/\/jornalfatosenoticias.com.br\/index.php\/2025\/03\/26\/pesquisadores-encontram-tesouro-arqueologico-de-ate-dois-mil-anos-no-tocantins\/\" \/>\n<meta property=\"og:locale\" content=\"pt_BR\" \/>\n<meta property=\"og:type\" content=\"article\" \/>\n<meta property=\"og:title\" content=\"Pesquisadores encontram tesouro arqueol\u00f3gico de at\u00e9 dois mil anos no Tocantins - Jornal Fatos e Not\u00edcias\" \/>\n<meta property=\"og:description\" content=\"A data\u00e7\u00e3o das pinturas rupestres \u00e9 uma estimativa inicial. An\u00e1lises posteriores podem (ou n\u00e3o) confirmar a idade dos registros Por Pablo Nogueira Pesquisadores da Universidade Estadual do Tocantins (Unitins) descobriram um importante tesouro arqueol\u00f3gico de artes rupestres de at\u00e9 dois mil anos na Serra do Lajeado. Entre 2022 e 2023, o Instituto do Patrim\u00f4nio Hist\u00f3rico [&hellip;]\" \/>\n<meta property=\"og:url\" content=\"https:\/\/jornalfatosenoticias.com.br\/index.php\/2025\/03\/26\/pesquisadores-encontram-tesouro-arqueologico-de-ate-dois-mil-anos-no-tocantins\/\" \/>\n<meta property=\"og:site_name\" content=\"Jornal Fatos e Not\u00edcias\" \/>\n<meta property=\"article:published_time\" content=\"2025-03-26T13:06:42+00:00\" \/>\n<meta property=\"article:modified_time\" content=\"2025-03-26T13:06:43+00:00\" \/>\n<meta property=\"og:image\" content=\"https:\/\/jornalfatosenoticias.com.br\/wp-content\/uploads\/2025\/03\/sitio-Tocantins-arqueologia.jpg\" \/>\n\t<meta property=\"og:image:width\" content=\"860\" \/>\n\t<meta property=\"og:image:height\" content=\"572\" \/>\n\t<meta property=\"og:image:type\" content=\"image\/jpeg\" \/>\n<meta name=\"author\" content=\"Luzimara Fernandes\" \/>\n<meta name=\"twitter:card\" content=\"summary_large_image\" \/>\n<meta name=\"twitter:label1\" content=\"Escrito por\" \/>\n\t<meta name=\"twitter:data1\" content=\"Luzimara Fernandes\" \/>\n\t<meta name=\"twitter:label2\" content=\"Est. tempo de leitura\" \/>\n\t<meta name=\"twitter:data2\" content=\"3 minutos\" \/>\n<script type=\"application\/ld+json\" class=\"yoast-schema-graph\">{\"@context\":\"https:\/\/schema.org\",\"@graph\":[{\"@type\":\"Article\",\"@id\":\"https:\/\/jornalfatosenoticias.com.br\/index.php\/2025\/03\/26\/pesquisadores-encontram-tesouro-arqueologico-de-ate-dois-mil-anos-no-tocantins\/#article\",\"isPartOf\":{\"@id\":\"https:\/\/jornalfatosenoticias.com.br\/index.php\/2025\/03\/26\/pesquisadores-encontram-tesouro-arqueologico-de-ate-dois-mil-anos-no-tocantins\/\"},\"author\":{\"name\":\"Luzimara Fernandes\",\"@id\":\"https:\/\/jornalfatosenoticias.com.br\/#\/schema\/person\/d63837fa13ac8666eb9e74e0985d6f81\"},\"headline\":\"Pesquisadores encontram tesouro arqueol\u00f3gico de at\u00e9 dois mil anos no Tocantins\",\"datePublished\":\"2025-03-26T13:06:42+00:00\",\"dateModified\":\"2025-03-26T13:06:43+00:00\",\"mainEntityOfPage\":{\"@id\":\"https:\/\/jornalfatosenoticias.com.br\/index.php\/2025\/03\/26\/pesquisadores-encontram-tesouro-arqueologico-de-ate-dois-mil-anos-no-tocantins\/\"},\"wordCount\":563,\"commentCount\":0,\"publisher\":{\"@id\":\"https:\/\/jornalfatosenoticias.com.br\/#organization\"},\"image\":{\"@id\":\"https:\/\/jornalfatosenoticias.com.br\/index.php\/2025\/03\/26\/pesquisadores-encontram-tesouro-arqueologico-de-ate-dois-mil-anos-no-tocantins\/#primaryimage\"},\"thumbnailUrl\":\"https:\/\/jornalfatosenoticias.com.br\/wp-content\/uploads\/2025\/03\/sitio-Tocantins-arqueologia.jpg\",\"keywords\":[\"arqueologia\",\"artes rupestres\",\"Brasil\",\"pintura rupestre\",\"pr\u00e9-hist\u00f3ria\",\"s\u00edtios arqueol\u00f3gicos\",\"Tocantins\"],\"articleSection\":[\"Paleo &amp; Arqueologia\"],\"inLanguage\":\"pt-BR\",\"potentialAction\":[{\"@type\":\"CommentAction\",\"name\":\"Comment\",\"target\":[\"https:\/\/jornalfatosenoticias.com.br\/index.php\/2025\/03\/26\/pesquisadores-encontram-tesouro-arqueologico-de-ate-dois-mil-anos-no-tocantins\/#respond\"]}]},{\"@type\":\"WebPage\",\"@id\":\"https:\/\/jornalfatosenoticias.com.br\/index.php\/2025\/03\/26\/pesquisadores-encontram-tesouro-arqueologico-de-ate-dois-mil-anos-no-tocantins\/\",\"url\":\"https:\/\/jornalfatosenoticias.com.br\/index.php\/2025\/03\/26\/pesquisadores-encontram-tesouro-arqueologico-de-ate-dois-mil-anos-no-tocantins\/\",\"name\":\"Pesquisadores encontram tesouro arqueol\u00f3gico de at\u00e9 dois mil anos no Tocantins - Jornal Fatos e Not\u00edcias\",\"isPartOf\":{\"@id\":\"https:\/\/jornalfatosenoticias.com.br\/#website\"},\"primaryImageOfPage\":{\"@id\":\"https:\/\/jornalfatosenoticias.com.br\/index.php\/2025\/03\/26\/pesquisadores-encontram-tesouro-arqueologico-de-ate-dois-mil-anos-no-tocantins\/#primaryimage\"},\"image\":{\"@id\":\"https:\/\/jornalfatosenoticias.com.br\/index.php\/2025\/03\/26\/pesquisadores-encontram-tesouro-arqueologico-de-ate-dois-mil-anos-no-tocantins\/#primaryimage\"},\"thumbnailUrl\":\"https:\/\/jornalfatosenoticias.com.br\/wp-content\/uploads\/2025\/03\/sitio-Tocantins-arqueologia.jpg\",\"datePublished\":\"2025-03-26T13:06:42+00:00\",\"dateModified\":\"2025-03-26T13:06:43+00:00\",\"breadcrumb\":{\"@id\":\"https:\/\/jornalfatosenoticias.com.br\/index.php\/2025\/03\/26\/pesquisadores-encontram-tesouro-arqueologico-de-ate-dois-mil-anos-no-tocantins\/#breadcrumb\"},\"inLanguage\":\"pt-BR\",\"potentialAction\":[{\"@type\":\"ReadAction\",\"target\":[\"https:\/\/jornalfatosenoticias.com.br\/index.php\/2025\/03\/26\/pesquisadores-encontram-tesouro-arqueologico-de-ate-dois-mil-anos-no-tocantins\/\"]}]},{\"@type\":\"ImageObject\",\"inLanguage\":\"pt-BR\",\"@id\":\"https:\/\/jornalfatosenoticias.com.br\/index.php\/2025\/03\/26\/pesquisadores-encontram-tesouro-arqueologico-de-ate-dois-mil-anos-no-tocantins\/#primaryimage\",\"url\":\"https:\/\/jornalfatosenoticias.com.br\/wp-content\/uploads\/2025\/03\/sitio-Tocantins-arqueologia.jpg\",\"contentUrl\":\"https:\/\/jornalfatosenoticias.com.br\/wp-content\/uploads\/2025\/03\/sitio-Tocantins-arqueologia.jpg\",\"width\":860,\"height\":572},{\"@type\":\"BreadcrumbList\",\"@id\":\"https:\/\/jornalfatosenoticias.com.br\/index.php\/2025\/03\/26\/pesquisadores-encontram-tesouro-arqueologico-de-ate-dois-mil-anos-no-tocantins\/#breadcrumb\",\"itemListElement\":[{\"@type\":\"ListItem\",\"position\":1,\"name\":\"In\u00edcio\",\"item\":\"https:\/\/jornalfatosenoticias.com.br\/\"},{\"@type\":\"ListItem\",\"position\":2,\"name\":\"Pesquisadores encontram tesouro arqueol\u00f3gico de at\u00e9 dois mil anos no Tocantins\"}]},{\"@type\":\"WebSite\",\"@id\":\"https:\/\/jornalfatosenoticias.com.br\/#website\",\"url\":\"https:\/\/jornalfatosenoticias.com.br\/\",\"name\":\"Jornal Fatos e Not\u00edcias\",\"description\":\"Not\u00edcias em geral\",\"publisher\":{\"@id\":\"https:\/\/jornalfatosenoticias.com.br\/#organization\"},\"potentialAction\":[{\"@type\":\"SearchAction\",\"target\":{\"@type\":\"EntryPoint\",\"urlTemplate\":\"https:\/\/jornalfatosenoticias.com.br\/?s={search_term_string}\"},\"query-input\":{\"@type\":\"PropertyValueSpecification\",\"valueRequired\":true,\"valueName\":\"search_term_string\"}}],\"inLanguage\":\"pt-BR\"},{\"@type\":\"Organization\",\"@id\":\"https:\/\/jornalfatosenoticias.com.br\/#organization\",\"name\":\"Jornal Fatos e Not\u00edcias\",\"url\":\"https:\/\/jornalfatosenoticias.com.br\/\",\"logo\":{\"@type\":\"ImageObject\",\"inLanguage\":\"pt-BR\",\"@id\":\"https:\/\/jornalfatosenoticias.com.br\/#\/schema\/logo\/image\/\",\"url\":\"https:\/\/jornalfatosenoticias.com.br\/wp-content\/uploads\/2020\/02\/logo120.png\",\"contentUrl\":\"https:\/\/jornalfatosenoticias.com.br\/wp-content\/uploads\/2020\/02\/logo120.png\",\"width\":1227,\"height\":120,\"caption\":\"Jornal Fatos e Not\u00edcias\"},\"image\":{\"@id\":\"https:\/\/jornalfatosenoticias.com.br\/#\/schema\/logo\/image\/\"}},{\"@type\":\"Person\",\"@id\":\"https:\/\/jornalfatosenoticias.com.br\/#\/schema\/person\/d63837fa13ac8666eb9e74e0985d6f81\",\"name\":\"Luzimara Fernandes\",\"image\":{\"@type\":\"ImageObject\",\"inLanguage\":\"pt-BR\",\"@id\":\"https:\/\/jornalfatosenoticias.com.br\/#\/schema\/person\/image\/\",\"url\":\"https:\/\/jornalfatosenoticias.com.br\/wp-content\/uploads\/2025\/05\/EU_portal.jpg\",\"contentUrl\":\"https:\/\/jornalfatosenoticias.com.br\/wp-content\/uploads\/2025\/05\/EU_portal.jpg\",\"caption\":\"Luzimara Fernandes\"},\"description\":\"Jornalista MTB 2358-ES\",\"sameAs\":[\"https:\/\/jornalfatosenoticias.com.br\"],\"url\":\"https:\/\/jornalfatosenoticias.com.br\/index.php\/author\/luzimara\/\"}]}<\/script>\n<!-- \/ Yoast SEO plugin. -->","yoast_head_json":{"title":"Pesquisadores encontram tesouro arqueol\u00f3gico de at\u00e9 dois mil anos no Tocantins - Jornal Fatos e Not\u00edcias","robots":{"index":"index","follow":"follow","max-snippet":"max-snippet:-1","max-image-preview":"max-image-preview:large","max-video-preview":"max-video-preview:-1"},"canonical":"https:\/\/jornalfatosenoticias.com.br\/index.php\/2025\/03\/26\/pesquisadores-encontram-tesouro-arqueologico-de-ate-dois-mil-anos-no-tocantins\/","og_locale":"pt_BR","og_type":"article","og_title":"Pesquisadores encontram tesouro arqueol\u00f3gico de at\u00e9 dois mil anos no Tocantins - Jornal Fatos e Not\u00edcias","og_description":"A data\u00e7\u00e3o das pinturas rupestres \u00e9 uma estimativa inicial. An\u00e1lises posteriores podem (ou n\u00e3o) confirmar a idade dos registros Por Pablo Nogueira Pesquisadores da Universidade Estadual do Tocantins (Unitins) descobriram um importante tesouro arqueol\u00f3gico de artes rupestres de at\u00e9 dois mil anos na Serra do Lajeado. Entre 2022 e 2023, o Instituto do Patrim\u00f4nio Hist\u00f3rico [&hellip;]","og_url":"https:\/\/jornalfatosenoticias.com.br\/index.php\/2025\/03\/26\/pesquisadores-encontram-tesouro-arqueologico-de-ate-dois-mil-anos-no-tocantins\/","og_site_name":"Jornal Fatos e Not\u00edcias","article_published_time":"2025-03-26T13:06:42+00:00","article_modified_time":"2025-03-26T13:06:43+00:00","og_image":[{"width":860,"height":572,"url":"https:\/\/jornalfatosenoticias.com.br\/wp-content\/uploads\/2025\/03\/sitio-Tocantins-arqueologia.jpg","type":"image\/jpeg"}],"author":"Luzimara Fernandes","twitter_card":"summary_large_image","twitter_misc":{"Escrito por":"Luzimara Fernandes","Est. tempo de leitura":"3 minutos"},"schema":{"@context":"https:\/\/schema.org","@graph":[{"@type":"Article","@id":"https:\/\/jornalfatosenoticias.com.br\/index.php\/2025\/03\/26\/pesquisadores-encontram-tesouro-arqueologico-de-ate-dois-mil-anos-no-tocantins\/#article","isPartOf":{"@id":"https:\/\/jornalfatosenoticias.com.br\/index.php\/2025\/03\/26\/pesquisadores-encontram-tesouro-arqueologico-de-ate-dois-mil-anos-no-tocantins\/"},"author":{"name":"Luzimara Fernandes","@id":"https:\/\/jornalfatosenoticias.com.br\/#\/schema\/person\/d63837fa13ac8666eb9e74e0985d6f81"},"headline":"Pesquisadores encontram tesouro arqueol\u00f3gico de at\u00e9 dois mil anos no Tocantins","datePublished":"2025-03-26T13:06:42+00:00","dateModified":"2025-03-26T13:06:43+00:00","mainEntityOfPage":{"@id":"https:\/\/jornalfatosenoticias.com.br\/index.php\/2025\/03\/26\/pesquisadores-encontram-tesouro-arqueologico-de-ate-dois-mil-anos-no-tocantins\/"},"wordCount":563,"commentCount":0,"publisher":{"@id":"https:\/\/jornalfatosenoticias.com.br\/#organization"},"image":{"@id":"https:\/\/jornalfatosenoticias.com.br\/index.php\/2025\/03\/26\/pesquisadores-encontram-tesouro-arqueologico-de-ate-dois-mil-anos-no-tocantins\/#primaryimage"},"thumbnailUrl":"https:\/\/jornalfatosenoticias.com.br\/wp-content\/uploads\/2025\/03\/sitio-Tocantins-arqueologia.jpg","keywords":["arqueologia","artes rupestres","Brasil","pintura rupestre","pr\u00e9-hist\u00f3ria","s\u00edtios arqueol\u00f3gicos","Tocantins"],"articleSection":["Paleo &amp; Arqueologia"],"inLanguage":"pt-BR","potentialAction":[{"@type":"CommentAction","name":"Comment","target":["https:\/\/jornalfatosenoticias.com.br\/index.php\/2025\/03\/26\/pesquisadores-encontram-tesouro-arqueologico-de-ate-dois-mil-anos-no-tocantins\/#respond"]}]},{"@type":"WebPage","@id":"https:\/\/jornalfatosenoticias.com.br\/index.php\/2025\/03\/26\/pesquisadores-encontram-tesouro-arqueologico-de-ate-dois-mil-anos-no-tocantins\/","url":"https:\/\/jornalfatosenoticias.com.br\/index.php\/2025\/03\/26\/pesquisadores-encontram-tesouro-arqueologico-de-ate-dois-mil-anos-no-tocantins\/","name":"Pesquisadores encontram tesouro arqueol\u00f3gico de at\u00e9 dois mil anos no Tocantins - Jornal Fatos e Not\u00edcias","isPartOf":{"@id":"https:\/\/jornalfatosenoticias.com.br\/#website"},"primaryImageOfPage":{"@id":"https:\/\/jornalfatosenoticias.com.br\/index.php\/2025\/03\/26\/pesquisadores-encontram-tesouro-arqueologico-de-ate-dois-mil-anos-no-tocantins\/#primaryimage"},"image":{"@id":"https:\/\/jornalfatosenoticias.com.br\/index.php\/2025\/03\/26\/pesquisadores-encontram-tesouro-arqueologico-de-ate-dois-mil-anos-no-tocantins\/#primaryimage"},"thumbnailUrl":"https:\/\/jornalfatosenoticias.com.br\/wp-content\/uploads\/2025\/03\/sitio-Tocantins-arqueologia.jpg","datePublished":"2025-03-26T13:06:42+00:00","dateModified":"2025-03-26T13:06:43+00:00","breadcrumb":{"@id":"https:\/\/jornalfatosenoticias.com.br\/index.php\/2025\/03\/26\/pesquisadores-encontram-tesouro-arqueologico-de-ate-dois-mil-anos-no-tocantins\/#breadcrumb"},"inLanguage":"pt-BR","potentialAction":[{"@type":"ReadAction","target":["https:\/\/jornalfatosenoticias.com.br\/index.php\/2025\/03\/26\/pesquisadores-encontram-tesouro-arqueologico-de-ate-dois-mil-anos-no-tocantins\/"]}]},{"@type":"ImageObject","inLanguage":"pt-BR","@id":"https:\/\/jornalfatosenoticias.com.br\/index.php\/2025\/03\/26\/pesquisadores-encontram-tesouro-arqueologico-de-ate-dois-mil-anos-no-tocantins\/#primaryimage","url":"https:\/\/jornalfatosenoticias.com.br\/wp-content\/uploads\/2025\/03\/sitio-Tocantins-arqueologia.jpg","contentUrl":"https:\/\/jornalfatosenoticias.com.br\/wp-content\/uploads\/2025\/03\/sitio-Tocantins-arqueologia.jpg","width":860,"height":572},{"@type":"BreadcrumbList","@id":"https:\/\/jornalfatosenoticias.com.br\/index.php\/2025\/03\/26\/pesquisadores-encontram-tesouro-arqueologico-de-ate-dois-mil-anos-no-tocantins\/#breadcrumb","itemListElement":[{"@type":"ListItem","position":1,"name":"In\u00edcio","item":"https:\/\/jornalfatosenoticias.com.br\/"},{"@type":"ListItem","position":2,"name":"Pesquisadores encontram tesouro arqueol\u00f3gico de at\u00e9 dois mil anos no Tocantins"}]},{"@type":"WebSite","@id":"https:\/\/jornalfatosenoticias.com.br\/#website","url":"https:\/\/jornalfatosenoticias.com.br\/","name":"Jornal Fatos e Not\u00edcias","description":"Not\u00edcias em geral","publisher":{"@id":"https:\/\/jornalfatosenoticias.com.br\/#organization"},"potentialAction":[{"@type":"SearchAction","target":{"@type":"EntryPoint","urlTemplate":"https:\/\/jornalfatosenoticias.com.br\/?s={search_term_string}"},"query-input":{"@type":"PropertyValueSpecification","valueRequired":true,"valueName":"search_term_string"}}],"inLanguage":"pt-BR"},{"@type":"Organization","@id":"https:\/\/jornalfatosenoticias.com.br\/#organization","name":"Jornal Fatos e Not\u00edcias","url":"https:\/\/jornalfatosenoticias.com.br\/","logo":{"@type":"ImageObject","inLanguage":"pt-BR","@id":"https:\/\/jornalfatosenoticias.com.br\/#\/schema\/logo\/image\/","url":"https:\/\/jornalfatosenoticias.com.br\/wp-content\/uploads\/2020\/02\/logo120.png","contentUrl":"https:\/\/jornalfatosenoticias.com.br\/wp-content\/uploads\/2020\/02\/logo120.png","width":1227,"height":120,"caption":"Jornal Fatos e Not\u00edcias"},"image":{"@id":"https:\/\/jornalfatosenoticias.com.br\/#\/schema\/logo\/image\/"}},{"@type":"Person","@id":"https:\/\/jornalfatosenoticias.com.br\/#\/schema\/person\/d63837fa13ac8666eb9e74e0985d6f81","name":"Luzimara Fernandes","image":{"@type":"ImageObject","inLanguage":"pt-BR","@id":"https:\/\/jornalfatosenoticias.com.br\/#\/schema\/person\/image\/","url":"https:\/\/jornalfatosenoticias.com.br\/wp-content\/uploads\/2025\/05\/EU_portal.jpg","contentUrl":"https:\/\/jornalfatosenoticias.com.br\/wp-content\/uploads\/2025\/05\/EU_portal.jpg","caption":"Luzimara Fernandes"},"description":"Jornalista MTB 2358-ES","sameAs":["https:\/\/jornalfatosenoticias.com.br"],"url":"https:\/\/jornalfatosenoticias.com.br\/index.php\/author\/luzimara\/"}]}},"cc_featured_image_caption":{"caption_text":"(Foto: Unitins\/Divulga\u00e7\u00e3o)","source_text":"","source_url":""},"jetpack_featured_media_url":"https:\/\/jornalfatosenoticias.com.br\/wp-content\/uploads\/2025\/03\/sitio-Tocantins-arqueologia.jpg","_links":{"self":[{"href":"https:\/\/jornalfatosenoticias.com.br\/index.php\/wp-json\/wp\/v2\/posts\/58003","targetHints":{"allow":["GET"]}}],"collection":[{"href":"https:\/\/jornalfatosenoticias.com.br\/index.php\/wp-json\/wp\/v2\/posts"}],"about":[{"href":"https:\/\/jornalfatosenoticias.com.br\/index.php\/wp-json\/wp\/v2\/types\/post"}],"author":[{"embeddable":true,"href":"https:\/\/jornalfatosenoticias.com.br\/index.php\/wp-json\/wp\/v2\/users\/2"}],"replies":[{"embeddable":true,"href":"https:\/\/jornalfatosenoticias.com.br\/index.php\/wp-json\/wp\/v2\/comments?post=58003"}],"version-history":[{"count":0,"href":"https:\/\/jornalfatosenoticias.com.br\/index.php\/wp-json\/wp\/v2\/posts\/58003\/revisions"}],"wp:featuredmedia":[{"embeddable":true,"href":"https:\/\/jornalfatosenoticias.com.br\/index.php\/wp-json\/wp\/v2\/media\/58004"}],"wp:attachment":[{"href":"https:\/\/jornalfatosenoticias.com.br\/index.php\/wp-json\/wp\/v2\/media?parent=58003"}],"wp:term":[{"taxonomy":"category","embeddable":true,"href":"https:\/\/jornalfatosenoticias.com.br\/index.php\/wp-json\/wp\/v2\/categories?post=58003"},{"taxonomy":"post_tag","embeddable":true,"href":"https:\/\/jornalfatosenoticias.com.br\/index.php\/wp-json\/wp\/v2\/tags?post=58003"}],"curies":[{"name":"wp","href":"https:\/\/api.w.org\/{rel}","templated":true}]}}