{"id":58031,"date":"2025-03-26T14:36:22","date_gmt":"2025-03-26T17:36:22","guid":{"rendered":"https:\/\/jornalfatosenoticias.com.br\/?p=58031"},"modified":"2025-03-26T14:36:23","modified_gmt":"2025-03-26T17:36:23","slug":"conta-de-luz-deve-aumentar-em-2025-puxada-por-subsidios-do-governo","status":"publish","type":"post","link":"https:\/\/jornalfatosenoticias.com.br\/index.php\/2025\/03\/26\/conta-de-luz-deve-aumentar-em-2025-puxada-por-subsidios-do-governo\/","title":{"rendered":"Conta de luz deve aumentar em 2025, puxada por subs\u00eddios do governo"},"content":{"rendered":"\n<p><em><span class=\"has-inline-color has-black-color\">Linha de transmiss\u00e3o de energia no Paran\u00e1: subs\u00eddos podem encarecer conta de consumidores<\/span><\/em><\/p>\n\n\n\n<p><span class=\"has-inline-color has-black-color\">Por <strong><a href=\"https:\/\/www.gazetadopovo.com.br\/autor\/vandre-kramer\/\">Vandr\u00e9 Kramer<\/a><\/strong><\/span><\/p>\n\n\n\n<div class=\"wp-block-image\"><figure class=\"aligncenter size-large\"><a href=\"https:\/\/mizu.com.br\/\"><img loading=\"lazy\" decoding=\"async\" width=\"729\" height=\"90\" src=\"https:\/\/jornalfatosenoticias.com.br\/wp-content\/uploads\/2020\/02\/Logo_Mizu.png\" alt=\"\" class=\"wp-image-1441\" srcset=\"https:\/\/jornalfatosenoticias.com.br\/wp-content\/uploads\/2020\/02\/Logo_Mizu.png 729w, https:\/\/jornalfatosenoticias.com.br\/wp-content\/uploads\/2020\/02\/Logo_Mizu-300x37.png 300w\" sizes=\"auto, (max-width: 729px) 100vw, 729px\" \/><\/a><\/figure><\/div>\n\n\n\n<p>As contas de luz de consumidores residenciais e comerciais devem registrar um aumento m\u00e9dio de 4,67% em 2025. Apesar dessa proje\u00e7\u00e3o, as revis\u00f5es tarif\u00e1rias devem variar entre as distribuidoras, oscilando entre uma queda de at\u00e9 3% e aumento de at\u00e9 13%, dependendo da localidade e das condi\u00e7\u00f5es regulat\u00f3rias espec\u00edficas.<br>A maior respons\u00e1vel pelo aumento nas tarifas \u00e9 a Tarifa de Uso do Sistema de Distribui\u00e7\u00e3o (Tusd), que dever\u00e1 responder por cerca de 90% da eleva\u00e7\u00e3o nas contas. <strong>E as duas principais fontes de press\u00e3o sobre a Tusd s\u00e3o:<\/strong><\/p>\n\n\n\n<div class=\"wp-block-image\"><figure class=\"aligncenter size-large is-resized\"><a href=\"https:\/\/www.facebook.com\/profile.php?id=100069289606145\"><img loading=\"lazy\" decoding=\"async\" src=\"https:\/\/jornalfatosenoticias.com.br\/wp-content\/uploads\/2024\/11\/Guaitolini-Contabilidade-1024x714.jpeg\" alt=\"\" class=\"wp-image-55808\" width=\"290\" height=\"202\" srcset=\"https:\/\/jornalfatosenoticias.com.br\/wp-content\/uploads\/2024\/11\/Guaitolini-Contabilidade-1024x714.jpeg 1024w, https:\/\/jornalfatosenoticias.com.br\/wp-content\/uploads\/2024\/11\/Guaitolini-Contabilidade-300x209.jpeg 300w, https:\/\/jornalfatosenoticias.com.br\/wp-content\/uploads\/2024\/11\/Guaitolini-Contabilidade-768x535.jpeg 768w, https:\/\/jornalfatosenoticias.com.br\/wp-content\/uploads\/2024\/11\/Guaitolini-Contabilidade.jpeg 1280w\" sizes=\"auto, (max-width: 290px) 100vw, 290px\" \/><\/a><\/figure><\/div>\n\n\n\n<p>\u2705 Conta de Desenvolvimento Energ\u00e9tico (CDE): O fundo destinado a financiar pol\u00edticas p\u00fablicas e subs\u00eddios no setor el\u00e9trico deve aumentar em 23% em 2025. A alta \u00e9 motivada pelo crescimento do programa Luz para Todos, que ter\u00e1 um or\u00e7amento de R$ 4,3 bilh\u00f5es em 2025 \u2014 com aumento de 72% em rela\u00e7\u00e3o a 2024 devido \u00e0 expans\u00e3o para regi\u00f5es de dif\u00edcil acesso \u2014 e \u00e0 eleva\u00e7\u00e3o de subs\u00eddios \u00e0s fontes incentivadas no mercado livre de energia, que tamb\u00e9m contribuem para pressionar os custos do setor.<br>\u2705 Tusd Fio B: Prev\u00ea-se um aumento de 7,26%, motivado pela infla\u00e7\u00e3o e por despesas administrativas e operacionais, como manuten\u00e7\u00e3o e moderniza\u00e7\u00e3o da infraestrutura de distribui\u00e7\u00e3o.<\/p>\n\n\n\n<div class=\"wp-block-image\"><figure class=\"aligncenter size-large is-resized\"><a href=\"https:\/\/www.legisjuris.com.br\/\"><img loading=\"lazy\" decoding=\"async\" src=\"https:\/\/jornalfatosenoticias.com.br\/wp-content\/uploads\/2024\/09\/Legis-Juris-Consultoria_logo.jpg\" alt=\"\" class=\"wp-image-53915\" width=\"489\" height=\"205\" srcset=\"https:\/\/jornalfatosenoticias.com.br\/wp-content\/uploads\/2024\/09\/Legis-Juris-Consultoria_logo.jpg 969w, https:\/\/jornalfatosenoticias.com.br\/wp-content\/uploads\/2024\/09\/Legis-Juris-Consultoria_logo-300x126.jpg 300w, https:\/\/jornalfatosenoticias.com.br\/wp-content\/uploads\/2024\/09\/Legis-Juris-Consultoria_logo-768x322.jpg 768w\" sizes=\"auto, (max-width: 489px) 100vw, 489px\" \/><\/a><\/figure><\/div>\n\n\n\n<p>Outro fator que contribui para o aumento tarif\u00e1rio em 2025 \u00e9 a previs\u00e3o de alta de 12,51% nos pre\u00e7os de compra e venda de energia entre concession\u00e1rias e consumidores. <strong>O efeito desse aumento, entretanto, ser\u00e1 reduzido por outros fatores, como:<\/strong><br>\u2705 Cr\u00e9ditos tribut\u00e1rios de PIS e Cofins, que aliviar\u00e3o os custos finais; e<br>\u2705 Redu\u00e7\u00f5es em encargos setoriais, decorrentes do encerramento de obriga\u00e7\u00f5es relativas \u00e0s contas covid e de escassez h\u00eddrica.<\/p>\n\n\n\n<div class=\"wp-block-image\"><figure class=\"aligncenter size-large is-resized\"><a href=\"https:\/\/www.facebook.com\/postobkr\/?locale=pt_BR\"><img loading=\"lazy\" decoding=\"async\" src=\"https:\/\/jornalfatosenoticias.com.br\/wp-content\/uploads\/2023\/08\/BKR-1024x1021.jpg\" alt=\"\" class=\"wp-image-44494\" width=\"252\" height=\"251\" srcset=\"https:\/\/jornalfatosenoticias.com.br\/wp-content\/uploads\/2023\/08\/BKR-1024x1021.jpg 1024w, https:\/\/jornalfatosenoticias.com.br\/wp-content\/uploads\/2023\/08\/BKR-300x300.jpg 300w, https:\/\/jornalfatosenoticias.com.br\/wp-content\/uploads\/2023\/08\/BKR-150x150.jpg 150w, https:\/\/jornalfatosenoticias.com.br\/wp-content\/uploads\/2023\/08\/BKR-768x766.jpg 768w, https:\/\/jornalfatosenoticias.com.br\/wp-content\/uploads\/2023\/08\/BKR.jpg 1080w\" sizes=\"auto, (max-width: 252px) 100vw, 252px\" \/><\/a><\/figure><\/div>\n\n\n\n<p><strong>Fonte: <a href=\"https:\/\/www.gazetadopovo.com.br\/energia\/conta-de-luz-aumento-2025-subsidios\/\">Gazeta do Povo<\/a><\/strong><\/p>\n","protected":false},"excerpt":{"rendered":"<p>Linha de transmiss\u00e3o de energia no Paran\u00e1: subs\u00eddos podem encarecer conta de consumidores Por Vandr\u00e9 Kramer As contas de luz de consumidores residenciais e comerciais devem registrar um aumento m\u00e9dio de 4,67% em 2025. Apesar dessa proje\u00e7\u00e3o, as revis\u00f5es tarif\u00e1rias devem variar entre as distribuidoras, oscilando entre uma queda de at\u00e9 3% e aumento de [&hellip;]<\/p>\n","protected":false},"author":2,"featured_media":58032,"comment_status":"open","ping_status":"open","sticky":false,"template":"","format":"standard","meta":{"footnotes":""},"categories":[9],"tags":[1885,2528,2539,4182,26465],"class_list":["post-58031","post","type-post","status-publish","format-standard","has-post-thumbnail","hentry","category-economia","tag-consumidores","tag-conta-de-luz","tag-energia","tag-inflacao","tag-subsidios-do-governo"],"yoast_head":"<!-- This site is optimized with the Yoast SEO plugin v26.5 - https:\/\/yoast.com\/wordpress\/plugins\/seo\/ -->\n<title>Conta de luz deve aumentar em 2025, puxada por subs\u00eddios do governo - Jornal Fatos e Not\u00edcias<\/title>\n<meta name=\"robots\" content=\"index, follow, max-snippet:-1, max-image-preview:large, max-video-preview:-1\" \/>\n<link rel=\"canonical\" href=\"https:\/\/jornalfatosenoticias.com.br\/index.php\/2025\/03\/26\/conta-de-luz-deve-aumentar-em-2025-puxada-por-subsidios-do-governo\/\" \/>\n<meta property=\"og:locale\" content=\"pt_BR\" \/>\n<meta property=\"og:type\" content=\"article\" \/>\n<meta property=\"og:title\" content=\"Conta de luz deve aumentar em 2025, puxada por subs\u00eddios do governo - Jornal Fatos e Not\u00edcias\" \/>\n<meta property=\"og:description\" content=\"Linha de transmiss\u00e3o de energia no Paran\u00e1: subs\u00eddos podem encarecer conta de consumidores Por Vandr\u00e9 Kramer As contas de luz de consumidores residenciais e comerciais devem registrar um aumento m\u00e9dio de 4,67% em 2025. Apesar dessa proje\u00e7\u00e3o, as revis\u00f5es tarif\u00e1rias devem variar entre as distribuidoras, oscilando entre uma queda de at\u00e9 3% e aumento de [&hellip;]\" \/>\n<meta property=\"og:url\" content=\"https:\/\/jornalfatosenoticias.com.br\/index.php\/2025\/03\/26\/conta-de-luz-deve-aumentar-em-2025-puxada-por-subsidios-do-governo\/\" \/>\n<meta property=\"og:site_name\" content=\"Jornal Fatos e Not\u00edcias\" \/>\n<meta property=\"article:published_time\" content=\"2025-03-26T17:36:22+00:00\" \/>\n<meta property=\"article:modified_time\" content=\"2025-03-26T17:36:23+00:00\" \/>\n<meta property=\"og:image\" content=\"https:\/\/jornalfatosenoticias.com.br\/wp-content\/uploads\/2025\/03\/conta-luz_freepik.jpg\" \/>\n\t<meta property=\"og:image:width\" content=\"1000\" \/>\n\t<meta property=\"og:image:height\" content=\"666\" \/>\n\t<meta property=\"og:image:type\" content=\"image\/jpeg\" \/>\n<meta name=\"author\" content=\"Luzimara Fernandes\" \/>\n<meta name=\"twitter:card\" content=\"summary_large_image\" \/>\n<meta name=\"twitter:label1\" content=\"Escrito por\" \/>\n\t<meta name=\"twitter:data1\" content=\"Luzimara Fernandes\" \/>\n\t<meta name=\"twitter:label2\" content=\"Est. tempo de leitura\" \/>\n\t<meta name=\"twitter:data2\" content=\"2 minutos\" \/>\n<script type=\"application\/ld+json\" class=\"yoast-schema-graph\">{\"@context\":\"https:\/\/schema.org\",\"@graph\":[{\"@type\":\"Article\",\"@id\":\"https:\/\/jornalfatosenoticias.com.br\/index.php\/2025\/03\/26\/conta-de-luz-deve-aumentar-em-2025-puxada-por-subsidios-do-governo\/#article\",\"isPartOf\":{\"@id\":\"https:\/\/jornalfatosenoticias.com.br\/index.php\/2025\/03\/26\/conta-de-luz-deve-aumentar-em-2025-puxada-por-subsidios-do-governo\/\"},\"author\":{\"name\":\"Luzimara Fernandes\",\"@id\":\"https:\/\/jornalfatosenoticias.com.br\/#\/schema\/person\/d63837fa13ac8666eb9e74e0985d6f81\"},\"headline\":\"Conta de luz deve aumentar em 2025, puxada por subs\u00eddios do governo\",\"datePublished\":\"2025-03-26T17:36:22+00:00\",\"dateModified\":\"2025-03-26T17:36:23+00:00\",\"mainEntityOfPage\":{\"@id\":\"https:\/\/jornalfatosenoticias.com.br\/index.php\/2025\/03\/26\/conta-de-luz-deve-aumentar-em-2025-puxada-por-subsidios-do-governo\/\"},\"wordCount\":320,\"commentCount\":0,\"publisher\":{\"@id\":\"https:\/\/jornalfatosenoticias.com.br\/#organization\"},\"image\":{\"@id\":\"https:\/\/jornalfatosenoticias.com.br\/index.php\/2025\/03\/26\/conta-de-luz-deve-aumentar-em-2025-puxada-por-subsidios-do-governo\/#primaryimage\"},\"thumbnailUrl\":\"https:\/\/jornalfatosenoticias.com.br\/wp-content\/uploads\/2025\/03\/conta-luz_freepik.jpg\",\"keywords\":[\"consumidores\",\"conta de luz\",\"energia\",\"infla\u00e7\u00e3o\",\"subs\u00eddios do governo\"],\"articleSection\":[\"Economia\"],\"inLanguage\":\"pt-BR\",\"potentialAction\":[{\"@type\":\"CommentAction\",\"name\":\"Comment\",\"target\":[\"https:\/\/jornalfatosenoticias.com.br\/index.php\/2025\/03\/26\/conta-de-luz-deve-aumentar-em-2025-puxada-por-subsidios-do-governo\/#respond\"]}]},{\"@type\":\"WebPage\",\"@id\":\"https:\/\/jornalfatosenoticias.com.br\/index.php\/2025\/03\/26\/conta-de-luz-deve-aumentar-em-2025-puxada-por-subsidios-do-governo\/\",\"url\":\"https:\/\/jornalfatosenoticias.com.br\/index.php\/2025\/03\/26\/conta-de-luz-deve-aumentar-em-2025-puxada-por-subsidios-do-governo\/\",\"name\":\"Conta de luz deve aumentar em 2025, puxada por subs\u00eddios do governo - Jornal Fatos e Not\u00edcias\",\"isPartOf\":{\"@id\":\"https:\/\/jornalfatosenoticias.com.br\/#website\"},\"primaryImageOfPage\":{\"@id\":\"https:\/\/jornalfatosenoticias.com.br\/index.php\/2025\/03\/26\/conta-de-luz-deve-aumentar-em-2025-puxada-por-subsidios-do-governo\/#primaryimage\"},\"image\":{\"@id\":\"https:\/\/jornalfatosenoticias.com.br\/index.php\/2025\/03\/26\/conta-de-luz-deve-aumentar-em-2025-puxada-por-subsidios-do-governo\/#primaryimage\"},\"thumbnailUrl\":\"https:\/\/jornalfatosenoticias.com.br\/wp-content\/uploads\/2025\/03\/conta-luz_freepik.jpg\",\"datePublished\":\"2025-03-26T17:36:22+00:00\",\"dateModified\":\"2025-03-26T17:36:23+00:00\",\"breadcrumb\":{\"@id\":\"https:\/\/jornalfatosenoticias.com.br\/index.php\/2025\/03\/26\/conta-de-luz-deve-aumentar-em-2025-puxada-por-subsidios-do-governo\/#breadcrumb\"},\"inLanguage\":\"pt-BR\",\"potentialAction\":[{\"@type\":\"ReadAction\",\"target\":[\"https:\/\/jornalfatosenoticias.com.br\/index.php\/2025\/03\/26\/conta-de-luz-deve-aumentar-em-2025-puxada-por-subsidios-do-governo\/\"]}]},{\"@type\":\"ImageObject\",\"inLanguage\":\"pt-BR\",\"@id\":\"https:\/\/jornalfatosenoticias.com.br\/index.php\/2025\/03\/26\/conta-de-luz-deve-aumentar-em-2025-puxada-por-subsidios-do-governo\/#primaryimage\",\"url\":\"https:\/\/jornalfatosenoticias.com.br\/wp-content\/uploads\/2025\/03\/conta-luz_freepik.jpg\",\"contentUrl\":\"https:\/\/jornalfatosenoticias.com.br\/wp-content\/uploads\/2025\/03\/conta-luz_freepik.jpg\",\"width\":1000,\"height\":666,\"caption\":\"An overhead power line in the countryside at sunset\"},{\"@type\":\"BreadcrumbList\",\"@id\":\"https:\/\/jornalfatosenoticias.com.br\/index.php\/2025\/03\/26\/conta-de-luz-deve-aumentar-em-2025-puxada-por-subsidios-do-governo\/#breadcrumb\",\"itemListElement\":[{\"@type\":\"ListItem\",\"position\":1,\"name\":\"In\u00edcio\",\"item\":\"https:\/\/jornalfatosenoticias.com.br\/\"},{\"@type\":\"ListItem\",\"position\":2,\"name\":\"Conta de luz deve aumentar em 2025, puxada por subs\u00eddios do governo\"}]},{\"@type\":\"WebSite\",\"@id\":\"https:\/\/jornalfatosenoticias.com.br\/#website\",\"url\":\"https:\/\/jornalfatosenoticias.com.br\/\",\"name\":\"Jornal Fatos e Not\u00edcias\",\"description\":\"Not\u00edcias em geral\",\"publisher\":{\"@id\":\"https:\/\/jornalfatosenoticias.com.br\/#organization\"},\"potentialAction\":[{\"@type\":\"SearchAction\",\"target\":{\"@type\":\"EntryPoint\",\"urlTemplate\":\"https:\/\/jornalfatosenoticias.com.br\/?s={search_term_string}\"},\"query-input\":{\"@type\":\"PropertyValueSpecification\",\"valueRequired\":true,\"valueName\":\"search_term_string\"}}],\"inLanguage\":\"pt-BR\"},{\"@type\":\"Organization\",\"@id\":\"https:\/\/jornalfatosenoticias.com.br\/#organization\",\"name\":\"Jornal Fatos e Not\u00edcias\",\"url\":\"https:\/\/jornalfatosenoticias.com.br\/\",\"logo\":{\"@type\":\"ImageObject\",\"inLanguage\":\"pt-BR\",\"@id\":\"https:\/\/jornalfatosenoticias.com.br\/#\/schema\/logo\/image\/\",\"url\":\"https:\/\/jornalfatosenoticias.com.br\/wp-content\/uploads\/2020\/02\/logo120.png\",\"contentUrl\":\"https:\/\/jornalfatosenoticias.com.br\/wp-content\/uploads\/2020\/02\/logo120.png\",\"width\":1227,\"height\":120,\"caption\":\"Jornal Fatos e Not\u00edcias\"},\"image\":{\"@id\":\"https:\/\/jornalfatosenoticias.com.br\/#\/schema\/logo\/image\/\"}},{\"@type\":\"Person\",\"@id\":\"https:\/\/jornalfatosenoticias.com.br\/#\/schema\/person\/d63837fa13ac8666eb9e74e0985d6f81\",\"name\":\"Luzimara Fernandes\",\"image\":{\"@type\":\"ImageObject\",\"inLanguage\":\"pt-BR\",\"@id\":\"https:\/\/jornalfatosenoticias.com.br\/#\/schema\/person\/image\/\",\"url\":\"https:\/\/jornalfatosenoticias.com.br\/wp-content\/uploads\/2025\/05\/EU_portal.jpg\",\"contentUrl\":\"https:\/\/jornalfatosenoticias.com.br\/wp-content\/uploads\/2025\/05\/EU_portal.jpg\",\"caption\":\"Luzimara Fernandes\"},\"description\":\"Jornalista MTB 2358-ES\",\"sameAs\":[\"https:\/\/jornalfatosenoticias.com.br\"],\"url\":\"https:\/\/jornalfatosenoticias.com.br\/index.php\/author\/luzimara\/\"}]}<\/script>\n<!-- \/ Yoast SEO plugin. -->","yoast_head_json":{"title":"Conta de luz deve aumentar em 2025, puxada por subs\u00eddios do governo - Jornal Fatos e Not\u00edcias","robots":{"index":"index","follow":"follow","max-snippet":"max-snippet:-1","max-image-preview":"max-image-preview:large","max-video-preview":"max-video-preview:-1"},"canonical":"https:\/\/jornalfatosenoticias.com.br\/index.php\/2025\/03\/26\/conta-de-luz-deve-aumentar-em-2025-puxada-por-subsidios-do-governo\/","og_locale":"pt_BR","og_type":"article","og_title":"Conta de luz deve aumentar em 2025, puxada por subs\u00eddios do governo - Jornal Fatos e Not\u00edcias","og_description":"Linha de transmiss\u00e3o de energia no Paran\u00e1: subs\u00eddos podem encarecer conta de consumidores Por Vandr\u00e9 Kramer As contas de luz de consumidores residenciais e comerciais devem registrar um aumento m\u00e9dio de 4,67% em 2025. Apesar dessa proje\u00e7\u00e3o, as revis\u00f5es tarif\u00e1rias devem variar entre as distribuidoras, oscilando entre uma queda de at\u00e9 3% e aumento de [&hellip;]","og_url":"https:\/\/jornalfatosenoticias.com.br\/index.php\/2025\/03\/26\/conta-de-luz-deve-aumentar-em-2025-puxada-por-subsidios-do-governo\/","og_site_name":"Jornal Fatos e Not\u00edcias","article_published_time":"2025-03-26T17:36:22+00:00","article_modified_time":"2025-03-26T17:36:23+00:00","og_image":[{"width":1000,"height":666,"url":"https:\/\/jornalfatosenoticias.com.br\/wp-content\/uploads\/2025\/03\/conta-luz_freepik.jpg","type":"image\/jpeg"}],"author":"Luzimara Fernandes","twitter_card":"summary_large_image","twitter_misc":{"Escrito por":"Luzimara Fernandes","Est. tempo de leitura":"2 minutos"},"schema":{"@context":"https:\/\/schema.org","@graph":[{"@type":"Article","@id":"https:\/\/jornalfatosenoticias.com.br\/index.php\/2025\/03\/26\/conta-de-luz-deve-aumentar-em-2025-puxada-por-subsidios-do-governo\/#article","isPartOf":{"@id":"https:\/\/jornalfatosenoticias.com.br\/index.php\/2025\/03\/26\/conta-de-luz-deve-aumentar-em-2025-puxada-por-subsidios-do-governo\/"},"author":{"name":"Luzimara Fernandes","@id":"https:\/\/jornalfatosenoticias.com.br\/#\/schema\/person\/d63837fa13ac8666eb9e74e0985d6f81"},"headline":"Conta de luz deve aumentar em 2025, puxada por subs\u00eddios do governo","datePublished":"2025-03-26T17:36:22+00:00","dateModified":"2025-03-26T17:36:23+00:00","mainEntityOfPage":{"@id":"https:\/\/jornalfatosenoticias.com.br\/index.php\/2025\/03\/26\/conta-de-luz-deve-aumentar-em-2025-puxada-por-subsidios-do-governo\/"},"wordCount":320,"commentCount":0,"publisher":{"@id":"https:\/\/jornalfatosenoticias.com.br\/#organization"},"image":{"@id":"https:\/\/jornalfatosenoticias.com.br\/index.php\/2025\/03\/26\/conta-de-luz-deve-aumentar-em-2025-puxada-por-subsidios-do-governo\/#primaryimage"},"thumbnailUrl":"https:\/\/jornalfatosenoticias.com.br\/wp-content\/uploads\/2025\/03\/conta-luz_freepik.jpg","keywords":["consumidores","conta de luz","energia","infla\u00e7\u00e3o","subs\u00eddios do governo"],"articleSection":["Economia"],"inLanguage":"pt-BR","potentialAction":[{"@type":"CommentAction","name":"Comment","target":["https:\/\/jornalfatosenoticias.com.br\/index.php\/2025\/03\/26\/conta-de-luz-deve-aumentar-em-2025-puxada-por-subsidios-do-governo\/#respond"]}]},{"@type":"WebPage","@id":"https:\/\/jornalfatosenoticias.com.br\/index.php\/2025\/03\/26\/conta-de-luz-deve-aumentar-em-2025-puxada-por-subsidios-do-governo\/","url":"https:\/\/jornalfatosenoticias.com.br\/index.php\/2025\/03\/26\/conta-de-luz-deve-aumentar-em-2025-puxada-por-subsidios-do-governo\/","name":"Conta de luz deve aumentar em 2025, puxada por subs\u00eddios do governo - Jornal Fatos e Not\u00edcias","isPartOf":{"@id":"https:\/\/jornalfatosenoticias.com.br\/#website"},"primaryImageOfPage":{"@id":"https:\/\/jornalfatosenoticias.com.br\/index.php\/2025\/03\/26\/conta-de-luz-deve-aumentar-em-2025-puxada-por-subsidios-do-governo\/#primaryimage"},"image":{"@id":"https:\/\/jornalfatosenoticias.com.br\/index.php\/2025\/03\/26\/conta-de-luz-deve-aumentar-em-2025-puxada-por-subsidios-do-governo\/#primaryimage"},"thumbnailUrl":"https:\/\/jornalfatosenoticias.com.br\/wp-content\/uploads\/2025\/03\/conta-luz_freepik.jpg","datePublished":"2025-03-26T17:36:22+00:00","dateModified":"2025-03-26T17:36:23+00:00","breadcrumb":{"@id":"https:\/\/jornalfatosenoticias.com.br\/index.php\/2025\/03\/26\/conta-de-luz-deve-aumentar-em-2025-puxada-por-subsidios-do-governo\/#breadcrumb"},"inLanguage":"pt-BR","potentialAction":[{"@type":"ReadAction","target":["https:\/\/jornalfatosenoticias.com.br\/index.php\/2025\/03\/26\/conta-de-luz-deve-aumentar-em-2025-puxada-por-subsidios-do-governo\/"]}]},{"@type":"ImageObject","inLanguage":"pt-BR","@id":"https:\/\/jornalfatosenoticias.com.br\/index.php\/2025\/03\/26\/conta-de-luz-deve-aumentar-em-2025-puxada-por-subsidios-do-governo\/#primaryimage","url":"https:\/\/jornalfatosenoticias.com.br\/wp-content\/uploads\/2025\/03\/conta-luz_freepik.jpg","contentUrl":"https:\/\/jornalfatosenoticias.com.br\/wp-content\/uploads\/2025\/03\/conta-luz_freepik.jpg","width":1000,"height":666,"caption":"An overhead power line in the countryside at sunset"},{"@type":"BreadcrumbList","@id":"https:\/\/jornalfatosenoticias.com.br\/index.php\/2025\/03\/26\/conta-de-luz-deve-aumentar-em-2025-puxada-por-subsidios-do-governo\/#breadcrumb","itemListElement":[{"@type":"ListItem","position":1,"name":"In\u00edcio","item":"https:\/\/jornalfatosenoticias.com.br\/"},{"@type":"ListItem","position":2,"name":"Conta de luz deve aumentar em 2025, puxada por subs\u00eddios do governo"}]},{"@type":"WebSite","@id":"https:\/\/jornalfatosenoticias.com.br\/#website","url":"https:\/\/jornalfatosenoticias.com.br\/","name":"Jornal Fatos e Not\u00edcias","description":"Not\u00edcias em geral","publisher":{"@id":"https:\/\/jornalfatosenoticias.com.br\/#organization"},"potentialAction":[{"@type":"SearchAction","target":{"@type":"EntryPoint","urlTemplate":"https:\/\/jornalfatosenoticias.com.br\/?s={search_term_string}"},"query-input":{"@type":"PropertyValueSpecification","valueRequired":true,"valueName":"search_term_string"}}],"inLanguage":"pt-BR"},{"@type":"Organization","@id":"https:\/\/jornalfatosenoticias.com.br\/#organization","name":"Jornal Fatos e Not\u00edcias","url":"https:\/\/jornalfatosenoticias.com.br\/","logo":{"@type":"ImageObject","inLanguage":"pt-BR","@id":"https:\/\/jornalfatosenoticias.com.br\/#\/schema\/logo\/image\/","url":"https:\/\/jornalfatosenoticias.com.br\/wp-content\/uploads\/2020\/02\/logo120.png","contentUrl":"https:\/\/jornalfatosenoticias.com.br\/wp-content\/uploads\/2020\/02\/logo120.png","width":1227,"height":120,"caption":"Jornal Fatos e Not\u00edcias"},"image":{"@id":"https:\/\/jornalfatosenoticias.com.br\/#\/schema\/logo\/image\/"}},{"@type":"Person","@id":"https:\/\/jornalfatosenoticias.com.br\/#\/schema\/person\/d63837fa13ac8666eb9e74e0985d6f81","name":"Luzimara Fernandes","image":{"@type":"ImageObject","inLanguage":"pt-BR","@id":"https:\/\/jornalfatosenoticias.com.br\/#\/schema\/person\/image\/","url":"https:\/\/jornalfatosenoticias.com.br\/wp-content\/uploads\/2025\/05\/EU_portal.jpg","contentUrl":"https:\/\/jornalfatosenoticias.com.br\/wp-content\/uploads\/2025\/05\/EU_portal.jpg","caption":"Luzimara Fernandes"},"description":"Jornalista MTB 2358-ES","sameAs":["https:\/\/jornalfatosenoticias.com.br"],"url":"https:\/\/jornalfatosenoticias.com.br\/index.php\/author\/luzimara\/"}]}},"cc_featured_image_caption":{"caption_text":"(Foto: Freepik)","source_text":"","source_url":""},"jetpack_featured_media_url":"https:\/\/jornalfatosenoticias.com.br\/wp-content\/uploads\/2025\/03\/conta-luz_freepik.jpg","_links":{"self":[{"href":"https:\/\/jornalfatosenoticias.com.br\/index.php\/wp-json\/wp\/v2\/posts\/58031","targetHints":{"allow":["GET"]}}],"collection":[{"href":"https:\/\/jornalfatosenoticias.com.br\/index.php\/wp-json\/wp\/v2\/posts"}],"about":[{"href":"https:\/\/jornalfatosenoticias.com.br\/index.php\/wp-json\/wp\/v2\/types\/post"}],"author":[{"embeddable":true,"href":"https:\/\/jornalfatosenoticias.com.br\/index.php\/wp-json\/wp\/v2\/users\/2"}],"replies":[{"embeddable":true,"href":"https:\/\/jornalfatosenoticias.com.br\/index.php\/wp-json\/wp\/v2\/comments?post=58031"}],"version-history":[{"count":0,"href":"https:\/\/jornalfatosenoticias.com.br\/index.php\/wp-json\/wp\/v2\/posts\/58031\/revisions"}],"wp:featuredmedia":[{"embeddable":true,"href":"https:\/\/jornalfatosenoticias.com.br\/index.php\/wp-json\/wp\/v2\/media\/58032"}],"wp:attachment":[{"href":"https:\/\/jornalfatosenoticias.com.br\/index.php\/wp-json\/wp\/v2\/media?parent=58031"}],"wp:term":[{"taxonomy":"category","embeddable":true,"href":"https:\/\/jornalfatosenoticias.com.br\/index.php\/wp-json\/wp\/v2\/categories?post=58031"},{"taxonomy":"post_tag","embeddable":true,"href":"https:\/\/jornalfatosenoticias.com.br\/index.php\/wp-json\/wp\/v2\/tags?post=58031"}],"curies":[{"name":"wp","href":"https:\/\/api.w.org\/{rel}","templated":true}]}}