{"id":58050,"date":"2025-03-27T14:45:31","date_gmt":"2025-03-27T17:45:31","guid":{"rendered":"https:\/\/jornalfatosenoticias.com.br\/?p=58050"},"modified":"2025-03-27T14:45:32","modified_gmt":"2025-03-27T17:45:32","slug":"autogestao-como-lideres-disciplinados-inspiram-equipes-altamente-produtivas","status":"publish","type":"post","link":"https:\/\/jornalfatosenoticias.com.br\/index.php\/2025\/03\/27\/autogestao-como-lideres-disciplinados-inspiram-equipes-altamente-produtivas\/","title":{"rendered":"Autogest\u00e3o: como l\u00edderes disciplinados inspiram equipes altamente produtivas"},"content":{"rendered":"\n<div class=\"wp-block-image\"><figure class=\"aligncenter size-large\"><a href=\"https:\/\/mizu.com.br\/\"><img loading=\"lazy\" decoding=\"async\" width=\"729\" height=\"90\" src=\"https:\/\/jornalfatosenoticias.com.br\/wp-content\/uploads\/2020\/02\/Logo_Mizu.png\" alt=\"\" class=\"wp-image-1441\" srcset=\"https:\/\/jornalfatosenoticias.com.br\/wp-content\/uploads\/2020\/02\/Logo_Mizu.png 729w, https:\/\/jornalfatosenoticias.com.br\/wp-content\/uploads\/2020\/02\/Logo_Mizu-300x37.png 300w\" sizes=\"auto, (max-width: 729px) 100vw, 729px\" \/><\/a><\/figure><\/div>\n\n\n\n<p>No mundo corporativo, l\u00edderes n\u00e3o s\u00e3o apenas estrategistas. Eles s\u00e3o exemplos vivos de comportamento, disciplina e resultados. A forma como gerenciam a si mesmos \u2014 suas emo\u00e7\u00f5es, prioridades e a\u00e7\u00f5es \u2014 influencia diretamente o desempenho das equipes e o sucesso das empresas. Esse conceito \u00e9 conhecido como <strong>autogest\u00e3o, <\/strong>e ele se tornou um dos pilares da lideran\u00e7a moderna.<br>Afinal, como l\u00edderes podem inspirar equipes a serem altamente produtivas se n\u00e3o exercem, primeiramente, controle e disciplina sobre si mesmos? Em um ambiente corporativo competitivo e em constante mudan\u00e7a, a autogest\u00e3o n\u00e3o \u00e9 apenas uma habilidade desej\u00e1vel \u2014 \u00e9 indispens\u00e1vel.<\/p>\n\n\n\n<div class=\"wp-block-image\"><figure class=\"aligncenter size-large is-resized\"><a href=\"https:\/\/www.instagram.com\/rcradiadores\/\"><img loading=\"lazy\" decoding=\"async\" src=\"https:\/\/jornalfatosenoticias.com.br\/wp-content\/uploads\/2022\/10\/RC_800x750_page-0001.jpg\" alt=\"\" class=\"wp-image-35338\" width=\"285\" height=\"267\" srcset=\"https:\/\/jornalfatosenoticias.com.br\/wp-content\/uploads\/2022\/10\/RC_800x750_page-0001.jpg 400w, https:\/\/jornalfatosenoticias.com.br\/wp-content\/uploads\/2022\/10\/RC_800x750_page-0001-300x281.jpg 300w\" sizes=\"auto, (max-width: 285px) 100vw, 285px\" \/><\/a><\/figure><\/div>\n\n\n\n<p><strong><span class=\"has-inline-color has-black-color\">O que \u00e9 autogest\u00e3o e por que ela \u00e9 essencial?<br><\/span><\/strong>Autogest\u00e3o \u00e9 a capacidade de liderar a si mesmo. Trata-se de administrar emo\u00e7\u00f5es, tomar decis\u00f5es conscientes, manter foco em prioridades e alinhar comportamentos ao objetivo final. L\u00edderes que dominam essa habilidade s\u00e3o exemplos de estabilidade, consist\u00eancia e confian\u00e7a para suas equipes.<br>Para empres\u00e1rios, seja no in\u00edcio da jornada ou j\u00e1 consolidados no mercado, a autogest\u00e3o \u00e9 uma vantagem estrat\u00e9gica. Empresas s\u00e3o reflexos de seus l\u00edderes: gestores disciplinados constroem organiza\u00e7\u00f5es mais \u00e1geis, resilientes e orientadas a resultados.<\/p>\n\n\n\n<div class=\"wp-block-image\"><figure class=\"aligncenter size-large is-resized\"><a href=\"https:\/\/www.legisjuris.com.br\/\"><img loading=\"lazy\" decoding=\"async\" src=\"https:\/\/jornalfatosenoticias.com.br\/wp-content\/uploads\/2024\/09\/Legis-Juris-Consultoria_logo.jpg\" alt=\"\" class=\"wp-image-53915\" width=\"439\" height=\"184\" srcset=\"https:\/\/jornalfatosenoticias.com.br\/wp-content\/uploads\/2024\/09\/Legis-Juris-Consultoria_logo.jpg 969w, https:\/\/jornalfatosenoticias.com.br\/wp-content\/uploads\/2024\/09\/Legis-Juris-Consultoria_logo-300x126.jpg 300w, https:\/\/jornalfatosenoticias.com.br\/wp-content\/uploads\/2024\/09\/Legis-Juris-Consultoria_logo-768x322.jpg 768w\" sizes=\"auto, (max-width: 439px) 100vw, 439px\" \/><\/a><\/figure><\/div>\n\n\n\n<ol class=\"wp-block-list\"><li><strong><span class=\"has-inline-color has-black-color\">Disciplina pessoal: o ponto de partida<br><\/span><\/strong>A produtividade de uma equipe come\u00e7a com o exemplo do l\u00edder. Se ele \u00e9 organizado, cumpre prazos, respeita compromissos e mant\u00e9m um ritmo constante de trabalho, sua equipe tende a seguir o mesmo padr\u00e3o. Por outro lado, l\u00edderes desorganizados ou impulsivos criam ambientes confusos, com baixa efici\u00eancia e altos n\u00edveis de estresse.<\/li><\/ol>\n\n\n\n<div class=\"wp-block-image\"><figure class=\"aligncenter size-large is-resized\"><a href=\"https:\/\/www.controlsystems.com.br\/\"><img loading=\"lazy\" decoding=\"async\" src=\"https:\/\/jornalfatosenoticias.com.br\/wp-content\/uploads\/2020\/02\/CONTROL-CS.jpg\" alt=\"\" class=\"wp-image-44991\" width=\"229\" height=\"274\" srcset=\"https:\/\/jornalfatosenoticias.com.br\/wp-content\/uploads\/2020\/02\/CONTROL-CS.jpg 834w, https:\/\/jornalfatosenoticias.com.br\/wp-content\/uploads\/2020\/02\/CONTROL-CS-250x300.jpg 250w, https:\/\/jornalfatosenoticias.com.br\/wp-content\/uploads\/2020\/02\/CONTROL-CS-768x921.jpg 768w\" sizes=\"auto, (max-width: 229px) 100vw, 229px\" \/><\/a><\/figure><\/div>\n\n\n\n<p><strong><span class=\"has-inline-color has-black-color\">Como praticar disciplina pessoal:<br><\/span>\u2022 Defina prioridades claras:<\/strong> use ferramentas de planejamento para organizar tarefas di\u00e1rias e estrat\u00e9gicas.<br><strong>\u2022 Estabele\u00e7a limites:<\/strong> um l\u00edder que se sobrecarrega com tarefas operacionais perde a capacidade de pensar estrategicamente. Delegue com confian\u00e7a.<br><strong>\u2022 Cultive rotinas:<\/strong> pequenas a\u00e7\u00f5es consistentes, como iniciar o dia com planejamento ou reservar tempo para reflex\u00e3o, t\u00eam grande impacto no longo prazo.<br>Quando o l\u00edder demonstra controle sobre seu tempo e energia, inspira a equipe a valorizar produtividade e resultados.<\/p>\n\n\n\n<div class=\"wp-block-image\"><figure class=\"aligncenter size-large is-resized\"><a href=\"https:\/\/www.ithbrasil.com.br\/\"><img loading=\"lazy\" decoding=\"async\" src=\"https:\/\/jornalfatosenoticias.com.br\/wp-content\/uploads\/2023\/08\/ITH.jpeg\" alt=\"\" class=\"wp-image-44638\" width=\"271\" height=\"220\" srcset=\"https:\/\/jornalfatosenoticias.com.br\/wp-content\/uploads\/2023\/08\/ITH.jpeg 800w, https:\/\/jornalfatosenoticias.com.br\/wp-content\/uploads\/2023\/08\/ITH-300x244.jpeg 300w, https:\/\/jornalfatosenoticias.com.br\/wp-content\/uploads\/2023\/08\/ITH-768x624.jpeg 768w\" sizes=\"auto, (max-width: 271px) 100vw, 271px\" \/><\/a><\/figure><\/div>\n\n\n\n<ol class=\"wp-block-list\" start=\"2\"><li><strong><span class=\"has-inline-color has-black-color\">Intelig\u00eancia emocional: o equil\u00edbrio que constr\u00f3i relacionamentos<br><\/span><\/strong>A autogest\u00e3o emocional \u00e9 a base de um ambiente corporativo saud\u00e1vel. L\u00edderes que dominam suas emo\u00e7\u00f5es criam espa\u00e7os seguros para que suas equipes sejam produtivas e criativas. Por outro lado, l\u00edderes reativos e impulsivos comprometem a confian\u00e7a e a harmonia no ambiente de trabalho.<\/li><\/ol>\n\n\n\n<div class=\"wp-block-image\"><figure class=\"aligncenter size-large is-resized\"><a href=\"https:\/\/www.instagram.com\/serra4x4cambioautomatico\/\"><img loading=\"lazy\" decoding=\"async\" src=\"https:\/\/jornalfatosenoticias.com.br\/wp-content\/uploads\/2024\/08\/Serra-4x4-1-886x1024.jpg\" alt=\"\" class=\"wp-image-53632\" width=\"256\" height=\"295\" srcset=\"https:\/\/jornalfatosenoticias.com.br\/wp-content\/uploads\/2024\/08\/Serra-4x4-1-886x1024.jpg 886w, https:\/\/jornalfatosenoticias.com.br\/wp-content\/uploads\/2024\/08\/Serra-4x4-1-260x300.jpg 260w, https:\/\/jornalfatosenoticias.com.br\/wp-content\/uploads\/2024\/08\/Serra-4x4-1-768x888.jpg 768w, https:\/\/jornalfatosenoticias.com.br\/wp-content\/uploads\/2024\/08\/Serra-4x4-1.jpg 1181w\" sizes=\"auto, (max-width: 256px) 100vw, 256px\" \/><\/a><\/figure><\/div>\n\n\n\n<p><strong><span class=\"has-inline-color has-black-color\">Para fortalecer a intelig\u00eancia emocional:<br><\/span>\u2022 Autoconsci\u00eancia: <\/strong>reconhe\u00e7a suas emo\u00e7\u00f5es antes de reagir. Pergunte a si mesmo: &#8220;Essa resposta agrega valor ou cria mais ru\u00eddo?&#8221;<br><strong>\u2022 Controle emocional:<\/strong> em situa\u00e7\u00f5es de press\u00e3o, mantenha a calma. L\u00edderes que reagem com equil\u00edbrio transmitem seguran\u00e7a.<br><strong>\u2022 Empatia ativa:<\/strong> entenda as necessidades e desafios da equipe. Um l\u00edder emp\u00e1tico constr\u00f3i relacionamentos baseados em confian\u00e7a e respeito.<br>A combina\u00e7\u00e3o de controle emocional e empatia permite ao l\u00edder estabelecer um ambiente colaborativo e orientado \u00e0 alta performance.<\/p>\n\n\n\n<div class=\"wp-block-image\"><figure class=\"aligncenter size-large is-resized\"><a href=\"https:\/\/www.facebook.com\/postobkr\/?locale=pt_BR\"><img loading=\"lazy\" decoding=\"async\" src=\"https:\/\/jornalfatosenoticias.com.br\/wp-content\/uploads\/2023\/08\/BKR-1024x1021.jpg\" alt=\"\" class=\"wp-image-44494\" width=\"252\" height=\"251\" srcset=\"https:\/\/jornalfatosenoticias.com.br\/wp-content\/uploads\/2023\/08\/BKR-1024x1021.jpg 1024w, https:\/\/jornalfatosenoticias.com.br\/wp-content\/uploads\/2023\/08\/BKR-300x300.jpg 300w, https:\/\/jornalfatosenoticias.com.br\/wp-content\/uploads\/2023\/08\/BKR-150x150.jpg 150w, https:\/\/jornalfatosenoticias.com.br\/wp-content\/uploads\/2023\/08\/BKR-768x766.jpg 768w, https:\/\/jornalfatosenoticias.com.br\/wp-content\/uploads\/2023\/08\/BKR.jpg 1080w\" sizes=\"auto, (max-width: 252px) 100vw, 252px\" \/><\/a><\/figure><\/div>\n\n\n\n<ol class=\"wp-block-list\" start=\"3\"><li><strong><span class=\"has-inline-color has-black-color\">Comunica\u00e7\u00e3o clara e assertiva: um reflexo da autogest\u00e3o<br><\/span><\/strong>L\u00edderes disciplinados comunicam-se de forma objetiva e eficaz. Eles entendem que uma mensagem clara economiza tempo, evita retrabalho e alinha a equipe com os objetivos estrat\u00e9gicos.<\/li><\/ol>\n\n\n\n<div class=\"wp-block-image\"><figure class=\"aligncenter size-large is-resized\"><a href=\"https:\/\/www.facebook.com\/vetor.vix\/\"><img loading=\"lazy\" decoding=\"async\" src=\"https:\/\/jornalfatosenoticias.com.br\/wp-content\/uploads\/2023\/09\/vetorvix1024_1.jpg\" alt=\"\" class=\"wp-image-44868\" width=\"531\" height=\"141\" srcset=\"https:\/\/jornalfatosenoticias.com.br\/wp-content\/uploads\/2023\/09\/vetorvix1024_1.jpg 1024w, https:\/\/jornalfatosenoticias.com.br\/wp-content\/uploads\/2023\/09\/vetorvix1024_1-300x80.jpg 300w, https:\/\/jornalfatosenoticias.com.br\/wp-content\/uploads\/2023\/09\/vetorvix1024_1-768x205.jpg 768w\" sizes=\"auto, (max-width: 531px) 100vw, 531px\" \/><\/a><\/figure><\/div>\n\n\n\n<p><strong><span class=\"has-inline-color has-black-color\">Pr\u00e1ticas para uma comunica\u00e7\u00e3o assertiva:<br><\/span>\u2022 Planeje suas mensagens: <\/strong>antes de reuni\u00f5es ou apresenta\u00e7\u00f5es, organize os pontos principais. A clareza de pensamento \u00e9 percebida pela equipe.<br><strong>\u2022 Seja transparente:<\/strong> explique o \u201cporqu\u00ea\u201d das decis\u00f5es. Quando as equipes entendem o prop\u00f3sito das a\u00e7\u00f5es, o engajamento aumenta.<br><strong>\u2022 Ou\u00e7a ativamente:<\/strong> l\u00edderes que escutam com aten\u00e7\u00e3o demonstram respeito e promovem trocas mais ricas de ideias.<br>A comunica\u00e7\u00e3o \u00e9 a ponte entre a vis\u00e3o do l\u00edder e a execu\u00e7\u00e3o da equipe. Quando bem feita, ela eleva a produtividade e fortalece os relacionamentos.<\/p>\n\n\n\n<div class=\"wp-block-image\"><figure class=\"aligncenter size-large is-resized\"><a href=\"https:\/\/www.instagram.com\/esteiochurrascaria\/\"><img loading=\"lazy\" decoding=\"async\" src=\"https:\/\/jornalfatosenoticias.com.br\/wp-content\/uploads\/2022\/02\/LOGO-ESTEIO-1024x730.png\" alt=\"\" class=\"wp-image-27942\" width=\"285\" height=\"203\" srcset=\"https:\/\/jornalfatosenoticias.com.br\/wp-content\/uploads\/2022\/02\/LOGO-ESTEIO-1024x730.png 1024w, https:\/\/jornalfatosenoticias.com.br\/wp-content\/uploads\/2022\/02\/LOGO-ESTEIO-300x214.png 300w, https:\/\/jornalfatosenoticias.com.br\/wp-content\/uploads\/2022\/02\/LOGO-ESTEIO-768x548.png 768w, https:\/\/jornalfatosenoticias.com.br\/wp-content\/uploads\/2022\/02\/LOGO-ESTEIO.png 1123w\" sizes=\"auto, (max-width: 285px) 100vw, 285px\" \/><\/a><\/figure><\/div>\n\n\n\n<ol class=\"wp-block-list\" start=\"4\"><li><strong><span class=\"has-inline-color has-black-color\">Delega\u00e7\u00e3o estrat\u00e9gica: confiar \u00e9 fundamental<br><\/span><\/strong>L\u00edderes que praticam autogest\u00e3o sabem que n\u00e3o podem fazer tudo sozinhos. A delega\u00e7\u00e3o \u00e9 uma habilidade essencial para liberar tempo e permitir que o l\u00edder se concentre no que realmente importa: estrat\u00e9gia, inova\u00e7\u00e3o e crescimento.<\/li><\/ol>\n\n\n\n<div class=\"wp-block-image\"><figure class=\"aligncenter size-large is-resized\"><a href=\"https:\/\/www.facebook.com\/profile.php?id=100069289606145\"><img loading=\"lazy\" decoding=\"async\" src=\"https:\/\/jornalfatosenoticias.com.br\/wp-content\/uploads\/2024\/11\/Guaitolini-Contabilidade-1024x714.jpeg\" alt=\"\" class=\"wp-image-55808\" width=\"281\" height=\"196\" srcset=\"https:\/\/jornalfatosenoticias.com.br\/wp-content\/uploads\/2024\/11\/Guaitolini-Contabilidade-1024x714.jpeg 1024w, https:\/\/jornalfatosenoticias.com.br\/wp-content\/uploads\/2024\/11\/Guaitolini-Contabilidade-300x209.jpeg 300w, https:\/\/jornalfatosenoticias.com.br\/wp-content\/uploads\/2024\/11\/Guaitolini-Contabilidade-768x535.jpeg 768w, https:\/\/jornalfatosenoticias.com.br\/wp-content\/uploads\/2024\/11\/Guaitolini-Contabilidade.jpeg 1280w\" sizes=\"auto, (max-width: 281px) 100vw, 281px\" \/><\/a><\/figure><\/div>\n\n\n\n<p><strong><span class=\"has-inline-color has-black-color\">Dicas para delegar com efic\u00e1cia:<br><\/span>\u2022 Escolha as pessoas certas:<\/strong> delegue tarefas alinhadas \u00e0s compet\u00eancias e habilidades de cada membro da equipe.<br><strong>\u2022 Defina expectativas:<\/strong> explique claramente os resultados esperados, prazos e crit\u00e9rios de sucesso.<br><strong>\u2022 Ofere\u00e7a suporte: <\/strong>esteja dispon\u00edvel para orientar, mas sem microgerenciar.<br>Delegar n\u00e3o \u00e9 sinal de fraqueza, mas de confian\u00e7a e intelig\u00eancia estrat\u00e9gica. L\u00edderes que empoderam suas equipes criam ambientes mais produtivos e inovadores.<\/p>\n\n\n\n<div class=\"wp-block-image\"><figure class=\"aligncenter size-large is-resized\"><a href=\"https:\/\/hotelmarquetti.com.br\/\"><img loading=\"lazy\" decoding=\"async\" src=\"https:\/\/jornalfatosenoticias.com.br\/wp-content\/uploads\/2023\/03\/nova-logo-Marquetti.jpg\" alt=\"\" class=\"wp-image-40207\" width=\"316\" height=\"212\" srcset=\"https:\/\/jornalfatosenoticias.com.br\/wp-content\/uploads\/2023\/03\/nova-logo-Marquetti.jpg 643w, https:\/\/jornalfatosenoticias.com.br\/wp-content\/uploads\/2023\/03\/nova-logo-Marquetti-300x202.jpg 300w\" sizes=\"auto, (max-width: 316px) 100vw, 316px\" \/><\/a><\/figure><\/div>\n\n\n\n<ol class=\"wp-block-list\" start=\"5\"><li><strong><span class=\"has-inline-color has-black-color\">Autogest\u00e3o inspira a autonomia<br><\/span><\/strong>Equipes produtivas s\u00e3o compostas por profissionais aut\u00f4nomos, capazes de resolver problemas, tomar decis\u00f5es e alcan\u00e7ar resultados sem depender constantemente do l\u00edder. No entanto, a autonomia da equipe s\u00f3 \u00e9 poss\u00edvel quando o l\u00edder oferece o exemplo de autogest\u00e3o.<\/li><\/ol>\n\n\n\n<div class=\"wp-block-image\"><figure class=\"aligncenter size-large is-resized\"><a href=\"https:\/\/panper.com.br\/\"><img loading=\"lazy\" decoding=\"async\" src=\"https:\/\/jornalfatosenoticias.com.br\/wp-content\/uploads\/2023\/03\/logo-Panper_portal.jpg\" alt=\"\" class=\"wp-image-40208\" width=\"282\" height=\"195\" srcset=\"https:\/\/jornalfatosenoticias.com.br\/wp-content\/uploads\/2023\/03\/logo-Panper_portal.jpg 400w, https:\/\/jornalfatosenoticias.com.br\/wp-content\/uploads\/2023\/03\/logo-Panper_portal-300x208.jpg 300w\" sizes=\"auto, (max-width: 282px) 100vw, 282px\" \/><\/a><\/figure><\/div>\n\n\n\n<p><strong><span class=\"has-inline-color has-black-color\">Para inspirar autonomia:<br><\/span>\u2022 Compartilhe a vis\u00e3o: <\/strong>alinhe a equipe aos objetivos da empresa, mostrando como cada contribui\u00e7\u00e3o \u00e9 importante.<br><strong>\u2022 Invista em desenvolvimento:<\/strong> ofere\u00e7a treinamentos e feedbacks cont\u00ednuos para capacitar os colaboradores.<br><strong>\u2022 Confie na equipe: <\/strong>l\u00edderes que demonstram confian\u00e7a incentivam a autossufici\u00eancia e a iniciativa.<br>Quando a equipe observa que o l\u00edder pratica autogest\u00e3o, ela tende a replicar o comportamento, criando uma cultura de responsabilidade e alta performance.<\/p>\n\n\n\n<div class=\"wp-block-image\"><figure class=\"aligncenter size-large\"><a href=\"https:\/\/www.cesconetto.com.br\/\"><img loading=\"lazy\" decoding=\"async\" width=\"300\" height=\"250\" src=\"https:\/\/jornalfatosenoticias.com.br\/wp-content\/uploads\/2022\/02\/Banner-2.png\" alt=\"\" class=\"wp-image-27877\"\/><\/a><\/figure><\/div>\n\n\n\n<p><strong><span class=\"has-inline-color has-black-color\">Conclus\u00e3o: lideran\u00e7a disciplinada \u00e9 lideran\u00e7a inspiradora<br><\/span><\/strong>No mercado atual, n\u00e3o basta ser um gestor t\u00e9cnico; \u00e9 preciso ser um exemplo de lideran\u00e7a disciplinada. A autogest\u00e3o n\u00e3o \u00e9 apenas uma habilidade que melhora a produtividade pessoal, mas uma ferramenta poderosa para inspirar equipes a alcan\u00e7ar novos patamares de excel\u00eancia.<\/p>\n\n\n\n<div class=\"wp-block-image\"><figure class=\"aligncenter size-large\"><a href=\"http:\/\/www.ferrarimaquinas.com.br\/\"><img loading=\"lazy\" decoding=\"async\" width=\"300\" height=\"250\" src=\"https:\/\/jornalfatosenoticias.com.br\/wp-content\/uploads\/2022\/02\/FERRARI_MAQUINAS-E-FERRAMENTAS2.jpg\" alt=\"\" class=\"wp-image-27860\"\/><\/a><\/figure><\/div>\n\n\n\n<p>Empres\u00e1rios que desenvolvem autogest\u00e3o criam empresas mais resilientes, alinhadas e competitivas. Quando um l\u00edder pratica disciplina, intelig\u00eancia emocional, comunica\u00e7\u00e3o clara e delega\u00e7\u00e3o estrat\u00e9gica, ele n\u00e3o apenas eleva sua pr\u00f3pria performance, mas tamb\u00e9m promove uma cultura corporativa focada em resultados e bem-estar.<\/p>\n\n\n\n<div class=\"wp-block-image\"><figure class=\"aligncenter size-large is-resized\"><a href=\"https:\/\/www.ithbrasil.com.br\/\"><img loading=\"lazy\" decoding=\"async\" src=\"https:\/\/jornalfatosenoticias.com.br\/wp-content\/uploads\/2023\/08\/ITH.jpeg\" alt=\"\" class=\"wp-image-44638\" width=\"282\" height=\"229\" srcset=\"https:\/\/jornalfatosenoticias.com.br\/wp-content\/uploads\/2023\/08\/ITH.jpeg 800w, https:\/\/jornalfatosenoticias.com.br\/wp-content\/uploads\/2023\/08\/ITH-300x244.jpeg 300w, https:\/\/jornalfatosenoticias.com.br\/wp-content\/uploads\/2023\/08\/ITH-768x624.jpeg 768w\" sizes=\"auto, (max-width: 282px) 100vw, 282px\" \/><\/a><\/figure><\/div>\n\n\n\n<p>Lembre-se: sua equipe n\u00e3o segue apenas suas palavras \u2014 ela segue seus exemplos. E o exemplo de um l\u00edder disciplinado \u00e9 o maior incentivo para construir times altamente produtivos.<br><strong><span class=\"has-inline-color has-black-color\">E voc\u00ea? Est\u00e1 gerenciando a si mesmo para inspirar o melhor na sua equipe?<\/span><\/strong><\/p>\n","protected":false},"excerpt":{"rendered":"<p>No mundo corporativo, l\u00edderes n\u00e3o s\u00e3o apenas estrategistas. Eles s\u00e3o exemplos vivos de comportamento, disciplina e resultados. A forma como gerenciam a si mesmos \u2014 suas emo\u00e7\u00f5es, prioridades e a\u00e7\u00f5es \u2014 influencia diretamente o desempenho das equipes e o sucesso das empresas. Esse conceito \u00e9 conhecido como autogest\u00e3o, e ele se tornou um dos pilares [&hellip;]<\/p>\n","protected":false},"author":37,"featured_media":58051,"comment_status":"open","ping_status":"open","sticky":false,"template":"","format":"standard","meta":{"footnotes":""},"categories":[5],"tags":[26466,26467,24506,11680,342,1059,11159],"class_list":["post-58050","post","type-post","status-publish","format-standard","has-post-thumbnail","hentry","category-geral","tag-autogestao","tag-autogestao-emocional","tag-controle-emocional","tag-disciplina","tag-empatia","tag-lider","tag-lideranca"],"yoast_head":"<!-- This site is optimized with the Yoast SEO plugin v26.5 - https:\/\/yoast.com\/wordpress\/plugins\/seo\/ -->\n<title>Autogest\u00e3o: como l\u00edderes disciplinados inspiram equipes altamente produtivas - Jornal Fatos e Not\u00edcias<\/title>\n<meta name=\"robots\" content=\"index, follow, max-snippet:-1, max-image-preview:large, max-video-preview:-1\" \/>\n<link rel=\"canonical\" href=\"https:\/\/jornalfatosenoticias.com.br\/index.php\/2025\/03\/27\/autogestao-como-lideres-disciplinados-inspiram-equipes-altamente-produtivas\/\" \/>\n<meta property=\"og:locale\" content=\"pt_BR\" \/>\n<meta property=\"og:type\" content=\"article\" \/>\n<meta property=\"og:title\" content=\"Autogest\u00e3o: como l\u00edderes disciplinados inspiram equipes altamente produtivas - Jornal Fatos e Not\u00edcias\" \/>\n<meta property=\"og:description\" content=\"No mundo corporativo, l\u00edderes n\u00e3o s\u00e3o apenas estrategistas. Eles s\u00e3o exemplos vivos de comportamento, disciplina e resultados. A forma como gerenciam a si mesmos \u2014 suas emo\u00e7\u00f5es, prioridades e a\u00e7\u00f5es \u2014 influencia diretamente o desempenho das equipes e o sucesso das empresas. Esse conceito \u00e9 conhecido como autogest\u00e3o, e ele se tornou um dos pilares [&hellip;]\" \/>\n<meta property=\"og:url\" content=\"https:\/\/jornalfatosenoticias.com.br\/index.php\/2025\/03\/27\/autogestao-como-lideres-disciplinados-inspiram-equipes-altamente-produtivas\/\" \/>\n<meta property=\"og:site_name\" content=\"Jornal Fatos e Not\u00edcias\" \/>\n<meta property=\"article:published_time\" content=\"2025-03-27T17:45:31+00:00\" \/>\n<meta property=\"article:modified_time\" content=\"2025-03-27T17:45:32+00:00\" \/>\n<meta property=\"og:image\" content=\"https:\/\/jornalfatosenoticias.com.br\/wp-content\/uploads\/2025\/03\/texto-Milena_Pinterest.jpg\" \/>\n\t<meta property=\"og:image:width\" content=\"736\" \/>\n\t<meta property=\"og:image:height\" content=\"420\" \/>\n\t<meta property=\"og:image:type\" content=\"image\/jpeg\" \/>\n<meta name=\"author\" content=\"Milena Rohr\" \/>\n<meta name=\"twitter:card\" content=\"summary_large_image\" \/>\n<meta name=\"twitter:label1\" content=\"Escrito por\" \/>\n\t<meta name=\"twitter:data1\" content=\"Milena Rohr\" \/>\n\t<meta name=\"twitter:label2\" content=\"Est. tempo de leitura\" \/>\n\t<meta name=\"twitter:data2\" content=\"5 minutos\" \/>\n<script type=\"application\/ld+json\" class=\"yoast-schema-graph\">{\"@context\":\"https:\/\/schema.org\",\"@graph\":[{\"@type\":\"Article\",\"@id\":\"https:\/\/jornalfatosenoticias.com.br\/index.php\/2025\/03\/27\/autogestao-como-lideres-disciplinados-inspiram-equipes-altamente-produtivas\/#article\",\"isPartOf\":{\"@id\":\"https:\/\/jornalfatosenoticias.com.br\/index.php\/2025\/03\/27\/autogestao-como-lideres-disciplinados-inspiram-equipes-altamente-produtivas\/\"},\"author\":{\"name\":\"Milena Rohr\",\"@id\":\"https:\/\/jornalfatosenoticias.com.br\/#\/schema\/person\/bd76a40517f387e41cc072b0d3c7d627\"},\"headline\":\"Autogest\u00e3o: como l\u00edderes disciplinados inspiram equipes altamente produtivas\",\"datePublished\":\"2025-03-27T17:45:31+00:00\",\"dateModified\":\"2025-03-27T17:45:32+00:00\",\"mainEntityOfPage\":{\"@id\":\"https:\/\/jornalfatosenoticias.com.br\/index.php\/2025\/03\/27\/autogestao-como-lideres-disciplinados-inspiram-equipes-altamente-produtivas\/\"},\"wordCount\":1046,\"commentCount\":0,\"publisher\":{\"@id\":\"https:\/\/jornalfatosenoticias.com.br\/#organization\"},\"image\":{\"@id\":\"https:\/\/jornalfatosenoticias.com.br\/index.php\/2025\/03\/27\/autogestao-como-lideres-disciplinados-inspiram-equipes-altamente-produtivas\/#primaryimage\"},\"thumbnailUrl\":\"https:\/\/jornalfatosenoticias.com.br\/wp-content\/uploads\/2025\/03\/texto-Milena_Pinterest.jpg\",\"keywords\":[\"autogest\u00e3o\",\"autogest\u00e3o emocional\",\"controle emocional\",\"disciplina\",\"empatia\",\"l\u00edder\",\"lideran\u00e7a\"],\"articleSection\":[\"Geral\"],\"inLanguage\":\"pt-BR\",\"potentialAction\":[{\"@type\":\"CommentAction\",\"name\":\"Comment\",\"target\":[\"https:\/\/jornalfatosenoticias.com.br\/index.php\/2025\/03\/27\/autogestao-como-lideres-disciplinados-inspiram-equipes-altamente-produtivas\/#respond\"]}]},{\"@type\":\"WebPage\",\"@id\":\"https:\/\/jornalfatosenoticias.com.br\/index.php\/2025\/03\/27\/autogestao-como-lideres-disciplinados-inspiram-equipes-altamente-produtivas\/\",\"url\":\"https:\/\/jornalfatosenoticias.com.br\/index.php\/2025\/03\/27\/autogestao-como-lideres-disciplinados-inspiram-equipes-altamente-produtivas\/\",\"name\":\"Autogest\u00e3o: como l\u00edderes disciplinados inspiram equipes altamente produtivas - Jornal Fatos e Not\u00edcias\",\"isPartOf\":{\"@id\":\"https:\/\/jornalfatosenoticias.com.br\/#website\"},\"primaryImageOfPage\":{\"@id\":\"https:\/\/jornalfatosenoticias.com.br\/index.php\/2025\/03\/27\/autogestao-como-lideres-disciplinados-inspiram-equipes-altamente-produtivas\/#primaryimage\"},\"image\":{\"@id\":\"https:\/\/jornalfatosenoticias.com.br\/index.php\/2025\/03\/27\/autogestao-como-lideres-disciplinados-inspiram-equipes-altamente-produtivas\/#primaryimage\"},\"thumbnailUrl\":\"https:\/\/jornalfatosenoticias.com.br\/wp-content\/uploads\/2025\/03\/texto-Milena_Pinterest.jpg\",\"datePublished\":\"2025-03-27T17:45:31+00:00\",\"dateModified\":\"2025-03-27T17:45:32+00:00\",\"breadcrumb\":{\"@id\":\"https:\/\/jornalfatosenoticias.com.br\/index.php\/2025\/03\/27\/autogestao-como-lideres-disciplinados-inspiram-equipes-altamente-produtivas\/#breadcrumb\"},\"inLanguage\":\"pt-BR\",\"potentialAction\":[{\"@type\":\"ReadAction\",\"target\":[\"https:\/\/jornalfatosenoticias.com.br\/index.php\/2025\/03\/27\/autogestao-como-lideres-disciplinados-inspiram-equipes-altamente-produtivas\/\"]}]},{\"@type\":\"ImageObject\",\"inLanguage\":\"pt-BR\",\"@id\":\"https:\/\/jornalfatosenoticias.com.br\/index.php\/2025\/03\/27\/autogestao-como-lideres-disciplinados-inspiram-equipes-altamente-produtivas\/#primaryimage\",\"url\":\"https:\/\/jornalfatosenoticias.com.br\/wp-content\/uploads\/2025\/03\/texto-Milena_Pinterest.jpg\",\"contentUrl\":\"https:\/\/jornalfatosenoticias.com.br\/wp-content\/uploads\/2025\/03\/texto-Milena_Pinterest.jpg\",\"width\":736,\"height\":420},{\"@type\":\"BreadcrumbList\",\"@id\":\"https:\/\/jornalfatosenoticias.com.br\/index.php\/2025\/03\/27\/autogestao-como-lideres-disciplinados-inspiram-equipes-altamente-produtivas\/#breadcrumb\",\"itemListElement\":[{\"@type\":\"ListItem\",\"position\":1,\"name\":\"In\u00edcio\",\"item\":\"https:\/\/jornalfatosenoticias.com.br\/\"},{\"@type\":\"ListItem\",\"position\":2,\"name\":\"Autogest\u00e3o: como l\u00edderes disciplinados inspiram equipes altamente produtivas\"}]},{\"@type\":\"WebSite\",\"@id\":\"https:\/\/jornalfatosenoticias.com.br\/#website\",\"url\":\"https:\/\/jornalfatosenoticias.com.br\/\",\"name\":\"Jornal Fatos e Not\u00edcias\",\"description\":\"Not\u00edcias em geral\",\"publisher\":{\"@id\":\"https:\/\/jornalfatosenoticias.com.br\/#organization\"},\"potentialAction\":[{\"@type\":\"SearchAction\",\"target\":{\"@type\":\"EntryPoint\",\"urlTemplate\":\"https:\/\/jornalfatosenoticias.com.br\/?s={search_term_string}\"},\"query-input\":{\"@type\":\"PropertyValueSpecification\",\"valueRequired\":true,\"valueName\":\"search_term_string\"}}],\"inLanguage\":\"pt-BR\"},{\"@type\":\"Organization\",\"@id\":\"https:\/\/jornalfatosenoticias.com.br\/#organization\",\"name\":\"Jornal Fatos e Not\u00edcias\",\"url\":\"https:\/\/jornalfatosenoticias.com.br\/\",\"logo\":{\"@type\":\"ImageObject\",\"inLanguage\":\"pt-BR\",\"@id\":\"https:\/\/jornalfatosenoticias.com.br\/#\/schema\/logo\/image\/\",\"url\":\"https:\/\/jornalfatosenoticias.com.br\/wp-content\/uploads\/2020\/02\/logo120.png\",\"contentUrl\":\"https:\/\/jornalfatosenoticias.com.br\/wp-content\/uploads\/2020\/02\/logo120.png\",\"width\":1227,\"height\":120,\"caption\":\"Jornal Fatos e Not\u00edcias\"},\"image\":{\"@id\":\"https:\/\/jornalfatosenoticias.com.br\/#\/schema\/logo\/image\/\"}},{\"@type\":\"Person\",\"@id\":\"https:\/\/jornalfatosenoticias.com.br\/#\/schema\/person\/bd76a40517f387e41cc072b0d3c7d627\",\"name\":\"Milena Rohr\",\"image\":{\"@type\":\"ImageObject\",\"inLanguage\":\"pt-BR\",\"@id\":\"https:\/\/jornalfatosenoticias.com.br\/#\/schema\/person\/image\/\",\"url\":\"https:\/\/jornalfatosenoticias.com.br\/wp-content\/uploads\/2026\/03\/Milena-Rohr_portal-150x150.jpg\",\"contentUrl\":\"https:\/\/jornalfatosenoticias.com.br\/wp-content\/uploads\/2026\/03\/Milena-Rohr_portal-150x150.jpg\",\"caption\":\"Milena Rohr\"},\"description\":\"Milena Rohr S\u00f3cia e diretora do MasterMind (Funda\u00e7\u00e3o Napoleon Hill), Gestora Empresarial, Embaixadora do BNI, Palestrante, Escritora, Colunista e Mentora FRST do Grupo Falconi\",\"url\":\"https:\/\/jornalfatosenoticias.com.br\/index.php\/author\/milena-rhor\/\"}]}<\/script>\n<!-- \/ Yoast SEO plugin. -->","yoast_head_json":{"title":"Autogest\u00e3o: como l\u00edderes disciplinados inspiram equipes altamente produtivas - Jornal Fatos e Not\u00edcias","robots":{"index":"index","follow":"follow","max-snippet":"max-snippet:-1","max-image-preview":"max-image-preview:large","max-video-preview":"max-video-preview:-1"},"canonical":"https:\/\/jornalfatosenoticias.com.br\/index.php\/2025\/03\/27\/autogestao-como-lideres-disciplinados-inspiram-equipes-altamente-produtivas\/","og_locale":"pt_BR","og_type":"article","og_title":"Autogest\u00e3o: como l\u00edderes disciplinados inspiram equipes altamente produtivas - Jornal Fatos e Not\u00edcias","og_description":"No mundo corporativo, l\u00edderes n\u00e3o s\u00e3o apenas estrategistas. Eles s\u00e3o exemplos vivos de comportamento, disciplina e resultados. A forma como gerenciam a si mesmos \u2014 suas emo\u00e7\u00f5es, prioridades e a\u00e7\u00f5es \u2014 influencia diretamente o desempenho das equipes e o sucesso das empresas. Esse conceito \u00e9 conhecido como autogest\u00e3o, e ele se tornou um dos pilares [&hellip;]","og_url":"https:\/\/jornalfatosenoticias.com.br\/index.php\/2025\/03\/27\/autogestao-como-lideres-disciplinados-inspiram-equipes-altamente-produtivas\/","og_site_name":"Jornal Fatos e Not\u00edcias","article_published_time":"2025-03-27T17:45:31+00:00","article_modified_time":"2025-03-27T17:45:32+00:00","og_image":[{"width":736,"height":420,"url":"https:\/\/jornalfatosenoticias.com.br\/wp-content\/uploads\/2025\/03\/texto-Milena_Pinterest.jpg","type":"image\/jpeg"}],"author":"Milena Rohr","twitter_card":"summary_large_image","twitter_misc":{"Escrito por":"Milena Rohr","Est. tempo de leitura":"5 minutos"},"schema":{"@context":"https:\/\/schema.org","@graph":[{"@type":"Article","@id":"https:\/\/jornalfatosenoticias.com.br\/index.php\/2025\/03\/27\/autogestao-como-lideres-disciplinados-inspiram-equipes-altamente-produtivas\/#article","isPartOf":{"@id":"https:\/\/jornalfatosenoticias.com.br\/index.php\/2025\/03\/27\/autogestao-como-lideres-disciplinados-inspiram-equipes-altamente-produtivas\/"},"author":{"name":"Milena Rohr","@id":"https:\/\/jornalfatosenoticias.com.br\/#\/schema\/person\/bd76a40517f387e41cc072b0d3c7d627"},"headline":"Autogest\u00e3o: como l\u00edderes disciplinados inspiram equipes altamente produtivas","datePublished":"2025-03-27T17:45:31+00:00","dateModified":"2025-03-27T17:45:32+00:00","mainEntityOfPage":{"@id":"https:\/\/jornalfatosenoticias.com.br\/index.php\/2025\/03\/27\/autogestao-como-lideres-disciplinados-inspiram-equipes-altamente-produtivas\/"},"wordCount":1046,"commentCount":0,"publisher":{"@id":"https:\/\/jornalfatosenoticias.com.br\/#organization"},"image":{"@id":"https:\/\/jornalfatosenoticias.com.br\/index.php\/2025\/03\/27\/autogestao-como-lideres-disciplinados-inspiram-equipes-altamente-produtivas\/#primaryimage"},"thumbnailUrl":"https:\/\/jornalfatosenoticias.com.br\/wp-content\/uploads\/2025\/03\/texto-Milena_Pinterest.jpg","keywords":["autogest\u00e3o","autogest\u00e3o emocional","controle emocional","disciplina","empatia","l\u00edder","lideran\u00e7a"],"articleSection":["Geral"],"inLanguage":"pt-BR","potentialAction":[{"@type":"CommentAction","name":"Comment","target":["https:\/\/jornalfatosenoticias.com.br\/index.php\/2025\/03\/27\/autogestao-como-lideres-disciplinados-inspiram-equipes-altamente-produtivas\/#respond"]}]},{"@type":"WebPage","@id":"https:\/\/jornalfatosenoticias.com.br\/index.php\/2025\/03\/27\/autogestao-como-lideres-disciplinados-inspiram-equipes-altamente-produtivas\/","url":"https:\/\/jornalfatosenoticias.com.br\/index.php\/2025\/03\/27\/autogestao-como-lideres-disciplinados-inspiram-equipes-altamente-produtivas\/","name":"Autogest\u00e3o: como l\u00edderes disciplinados inspiram equipes altamente produtivas - Jornal Fatos e Not\u00edcias","isPartOf":{"@id":"https:\/\/jornalfatosenoticias.com.br\/#website"},"primaryImageOfPage":{"@id":"https:\/\/jornalfatosenoticias.com.br\/index.php\/2025\/03\/27\/autogestao-como-lideres-disciplinados-inspiram-equipes-altamente-produtivas\/#primaryimage"},"image":{"@id":"https:\/\/jornalfatosenoticias.com.br\/index.php\/2025\/03\/27\/autogestao-como-lideres-disciplinados-inspiram-equipes-altamente-produtivas\/#primaryimage"},"thumbnailUrl":"https:\/\/jornalfatosenoticias.com.br\/wp-content\/uploads\/2025\/03\/texto-Milena_Pinterest.jpg","datePublished":"2025-03-27T17:45:31+00:00","dateModified":"2025-03-27T17:45:32+00:00","breadcrumb":{"@id":"https:\/\/jornalfatosenoticias.com.br\/index.php\/2025\/03\/27\/autogestao-como-lideres-disciplinados-inspiram-equipes-altamente-produtivas\/#breadcrumb"},"inLanguage":"pt-BR","potentialAction":[{"@type":"ReadAction","target":["https:\/\/jornalfatosenoticias.com.br\/index.php\/2025\/03\/27\/autogestao-como-lideres-disciplinados-inspiram-equipes-altamente-produtivas\/"]}]},{"@type":"ImageObject","inLanguage":"pt-BR","@id":"https:\/\/jornalfatosenoticias.com.br\/index.php\/2025\/03\/27\/autogestao-como-lideres-disciplinados-inspiram-equipes-altamente-produtivas\/#primaryimage","url":"https:\/\/jornalfatosenoticias.com.br\/wp-content\/uploads\/2025\/03\/texto-Milena_Pinterest.jpg","contentUrl":"https:\/\/jornalfatosenoticias.com.br\/wp-content\/uploads\/2025\/03\/texto-Milena_Pinterest.jpg","width":736,"height":420},{"@type":"BreadcrumbList","@id":"https:\/\/jornalfatosenoticias.com.br\/index.php\/2025\/03\/27\/autogestao-como-lideres-disciplinados-inspiram-equipes-altamente-produtivas\/#breadcrumb","itemListElement":[{"@type":"ListItem","position":1,"name":"In\u00edcio","item":"https:\/\/jornalfatosenoticias.com.br\/"},{"@type":"ListItem","position":2,"name":"Autogest\u00e3o: como l\u00edderes disciplinados inspiram equipes altamente produtivas"}]},{"@type":"WebSite","@id":"https:\/\/jornalfatosenoticias.com.br\/#website","url":"https:\/\/jornalfatosenoticias.com.br\/","name":"Jornal Fatos e Not\u00edcias","description":"Not\u00edcias em geral","publisher":{"@id":"https:\/\/jornalfatosenoticias.com.br\/#organization"},"potentialAction":[{"@type":"SearchAction","target":{"@type":"EntryPoint","urlTemplate":"https:\/\/jornalfatosenoticias.com.br\/?s={search_term_string}"},"query-input":{"@type":"PropertyValueSpecification","valueRequired":true,"valueName":"search_term_string"}}],"inLanguage":"pt-BR"},{"@type":"Organization","@id":"https:\/\/jornalfatosenoticias.com.br\/#organization","name":"Jornal Fatos e Not\u00edcias","url":"https:\/\/jornalfatosenoticias.com.br\/","logo":{"@type":"ImageObject","inLanguage":"pt-BR","@id":"https:\/\/jornalfatosenoticias.com.br\/#\/schema\/logo\/image\/","url":"https:\/\/jornalfatosenoticias.com.br\/wp-content\/uploads\/2020\/02\/logo120.png","contentUrl":"https:\/\/jornalfatosenoticias.com.br\/wp-content\/uploads\/2020\/02\/logo120.png","width":1227,"height":120,"caption":"Jornal Fatos e Not\u00edcias"},"image":{"@id":"https:\/\/jornalfatosenoticias.com.br\/#\/schema\/logo\/image\/"}},{"@type":"Person","@id":"https:\/\/jornalfatosenoticias.com.br\/#\/schema\/person\/bd76a40517f387e41cc072b0d3c7d627","name":"Milena Rohr","image":{"@type":"ImageObject","inLanguage":"pt-BR","@id":"https:\/\/jornalfatosenoticias.com.br\/#\/schema\/person\/image\/","url":"https:\/\/jornalfatosenoticias.com.br\/wp-content\/uploads\/2026\/03\/Milena-Rohr_portal-150x150.jpg","contentUrl":"https:\/\/jornalfatosenoticias.com.br\/wp-content\/uploads\/2026\/03\/Milena-Rohr_portal-150x150.jpg","caption":"Milena Rohr"},"description":"Milena Rohr S\u00f3cia e diretora do MasterMind (Funda\u00e7\u00e3o Napoleon Hill), Gestora Empresarial, Embaixadora do BNI, Palestrante, Escritora, Colunista e Mentora FRST do Grupo Falconi","url":"https:\/\/jornalfatosenoticias.com.br\/index.php\/author\/milena-rhor\/"}]}},"cc_featured_image_caption":{"caption_text":"(Foto: Pinterest)","source_text":"","source_url":""},"jetpack_featured_media_url":"https:\/\/jornalfatosenoticias.com.br\/wp-content\/uploads\/2025\/03\/texto-Milena_Pinterest.jpg","_links":{"self":[{"href":"https:\/\/jornalfatosenoticias.com.br\/index.php\/wp-json\/wp\/v2\/posts\/58050","targetHints":{"allow":["GET"]}}],"collection":[{"href":"https:\/\/jornalfatosenoticias.com.br\/index.php\/wp-json\/wp\/v2\/posts"}],"about":[{"href":"https:\/\/jornalfatosenoticias.com.br\/index.php\/wp-json\/wp\/v2\/types\/post"}],"author":[{"embeddable":true,"href":"https:\/\/jornalfatosenoticias.com.br\/index.php\/wp-json\/wp\/v2\/users\/37"}],"replies":[{"embeddable":true,"href":"https:\/\/jornalfatosenoticias.com.br\/index.php\/wp-json\/wp\/v2\/comments?post=58050"}],"version-history":[{"count":0,"href":"https:\/\/jornalfatosenoticias.com.br\/index.php\/wp-json\/wp\/v2\/posts\/58050\/revisions"}],"wp:featuredmedia":[{"embeddable":true,"href":"https:\/\/jornalfatosenoticias.com.br\/index.php\/wp-json\/wp\/v2\/media\/58051"}],"wp:attachment":[{"href":"https:\/\/jornalfatosenoticias.com.br\/index.php\/wp-json\/wp\/v2\/media?parent=58050"}],"wp:term":[{"taxonomy":"category","embeddable":true,"href":"https:\/\/jornalfatosenoticias.com.br\/index.php\/wp-json\/wp\/v2\/categories?post=58050"},{"taxonomy":"post_tag","embeddable":true,"href":"https:\/\/jornalfatosenoticias.com.br\/index.php\/wp-json\/wp\/v2\/tags?post=58050"}],"curies":[{"name":"wp","href":"https:\/\/api.w.org\/{rel}","templated":true}]}}