{"id":58065,"date":"2025-03-27T15:39:18","date_gmt":"2025-03-27T18:39:18","guid":{"rendered":"https:\/\/jornalfatosenoticias.com.br\/?p=58065"},"modified":"2025-03-27T15:39:20","modified_gmt":"2025-03-27T18:39:20","slug":"a-semana-no-brasil-e-no-mundo-petroleiros-fazem-greve-de-24h-contra-gestao-de-magda-chambriard-na-petrobras","status":"publish","type":"post","link":"https:\/\/jornalfatosenoticias.com.br\/index.php\/2025\/03\/27\/a-semana-no-brasil-e-no-mundo-petroleiros-fazem-greve-de-24h-contra-gestao-de-magda-chambriard-na-petrobras\/","title":{"rendered":"A Semana no Brasil e no Mundo \u2014 Petroleiros fazem greve de 24h contra gest\u00e3o de Magda Chambriard na Petrobras"},"content":{"rendered":"\n<div class=\"wp-block-image\"><figure class=\"aligncenter size-large\"><a href=\"https:\/\/mizu.com.br\/\"><img loading=\"lazy\" decoding=\"async\" width=\"729\" height=\"90\" src=\"https:\/\/jornalfatosenoticias.com.br\/wp-content\/uploads\/2020\/02\/Logo_Mizu.png\" alt=\"\" class=\"wp-image-1441\" srcset=\"https:\/\/jornalfatosenoticias.com.br\/wp-content\/uploads\/2020\/02\/Logo_Mizu.png 729w, https:\/\/jornalfatosenoticias.com.br\/wp-content\/uploads\/2020\/02\/Logo_Mizu-300x37.png 300w\" sizes=\"auto, (max-width: 729px) 100vw, 729px\" \/><\/a><\/figure><\/div>\n\n\n\n<p>Trabalhadores da Petrobras realizaram, na quarta-feira (26), uma greve de 24 horas em protesto contra a condu\u00e7\u00e3o da estatal sob a presid\u00eancia de Magda Chambriard. A paralisa\u00e7\u00e3o, organizada pela Federa\u00e7\u00e3o \u00danica dos Petroleiros (FUP) e pela Federa\u00e7\u00e3o Nacional dos Petroleiros (FNP), \u00e9 uma resposta \u00e0 falta de di\u00e1logo com a diretoria, al\u00e9m de reivindica\u00e7\u00f5es sobre remunera\u00e7\u00e3o, trabalho remoto e condi\u00e7\u00f5es de trabalho.<br>No manifesto divulgado pelas entidades, as federa\u00e7\u00f5es acusam a gest\u00e3o atual de impor uma \u201ccultura do medo\u201d e adotar uma postura \u201cautorit\u00e1ria e desrespeitosa\u201d nas negocia\u00e7\u00f5es com os sindicatos. <\/p>\n\n\n\n<div class=\"wp-block-image\"><figure class=\"aligncenter size-large is-resized\"><a href=\"https:\/\/www.instagram.com\/esteiochurrascaria\/\"><img loading=\"lazy\" decoding=\"async\" src=\"https:\/\/jornalfatosenoticias.com.br\/wp-content\/uploads\/2022\/02\/LOGO-ESTEIO-1024x730.png\" alt=\"\" class=\"wp-image-27942\" width=\"327\" height=\"233\" srcset=\"https:\/\/jornalfatosenoticias.com.br\/wp-content\/uploads\/2022\/02\/LOGO-ESTEIO-1024x730.png 1024w, https:\/\/jornalfatosenoticias.com.br\/wp-content\/uploads\/2022\/02\/LOGO-ESTEIO-300x214.png 300w, https:\/\/jornalfatosenoticias.com.br\/wp-content\/uploads\/2022\/02\/LOGO-ESTEIO-768x548.png 768w, https:\/\/jornalfatosenoticias.com.br\/wp-content\/uploads\/2022\/02\/LOGO-ESTEIO.png 1123w\" sizes=\"auto, (max-width: 327px) 100vw, 327px\" \/><\/a><\/figure><\/div>\n\n\n\n<blockquote class=\"wp-block-quote is-layout-flow wp-block-quote-is-layout-flow\"><p><span class=\"has-inline-color has-luminous-vivid-orange-color\">A presid\u00eancia tem ignorado as tentativas de di\u00e1logo e implementado medidas de forma unilateral, como no caso do vale-alimenta\u00e7\u00e3o e do trabalho remoto\u201d, afirmam.<\/span><\/p><\/blockquote>\n\n\n\n<div class=\"wp-block-image\"><figure class=\"aligncenter size-large is-resized\"><a href=\"https:\/\/www.legisjuris.com.br\/\"><img loading=\"lazy\" decoding=\"async\" src=\"https:\/\/jornalfatosenoticias.com.br\/wp-content\/uploads\/2024\/09\/Legis-Juris-Consultoria_logo.jpg\" alt=\"\" class=\"wp-image-53915\" width=\"508\" height=\"213\" srcset=\"https:\/\/jornalfatosenoticias.com.br\/wp-content\/uploads\/2024\/09\/Legis-Juris-Consultoria_logo.jpg 969w, https:\/\/jornalfatosenoticias.com.br\/wp-content\/uploads\/2024\/09\/Legis-Juris-Consultoria_logo-300x126.jpg 300w, https:\/\/jornalfatosenoticias.com.br\/wp-content\/uploads\/2024\/09\/Legis-Juris-Consultoria_logo-768x322.jpg 768w\" sizes=\"auto, (max-width: 508px) 100vw, 508px\" \/><\/a><\/figure><\/div>\n\n\n\n<p><strong><span class=\"has-inline-color has-black-color\">Entre os principais pontos de reivindica\u00e7\u00e3o est\u00e3o:<br><\/span><\/strong>\u2705Manuten\u00e7\u00e3o do trabalho remoto e cancelamento do cronograma de retorno presencial;<br>\u2705Pagamento integral da Participa\u00e7\u00e3o nos Lucros e Resultados (PLR), sem cortes;<br>\u2705Fim dos Planos de Equacionamento de D\u00e9ficit (PEDs) na Petros;<br>\u2705Cria\u00e7\u00e3o de um plano \u00fanico para cargos, carreiras e sal\u00e1rios;<br>\u2705Reposi\u00e7\u00e3o do efetivo de trabalhadores;<br>\u2705Fim das desigualdades entre funcion\u00e1rios e garantia de seguran\u00e7a no trabalho.<\/p>\n\n\n\n<div class=\"wp-block-image\"><figure class=\"aligncenter size-large\"><a href=\"http:\/\/www.ferrarimaquinas.com.br\/\"><img loading=\"lazy\" decoding=\"async\" width=\"300\" height=\"250\" src=\"https:\/\/jornalfatosenoticias.com.br\/wp-content\/uploads\/2022\/02\/FERRARI_MAQUINAS-E-FERRAMENTAS2.jpg\" alt=\"\" class=\"wp-image-27860\"\/><\/a><\/figure><\/div>\n\n\n\n<p>A categoria tamb\u00e9m protesta contra a proposta da empresa de reduzir em 31% o valor da PLR em compara\u00e7\u00e3o \u00e0 simula\u00e7\u00e3o apresentada no fim de 2024. Segundo os petroleiros, enquanto os trabalhadores enfrentam cortes, a distribui\u00e7\u00e3o de lucros aos acionistas aumentou 207%.<\/p>\n\n\n\n<div class=\"wp-block-image\"><figure class=\"aligncenter size-large is-resized\"><a href=\"https:\/\/hotelmarquetti.com.br\/\"><img loading=\"lazy\" decoding=\"async\" src=\"https:\/\/jornalfatosenoticias.com.br\/wp-content\/uploads\/2023\/03\/nova-logo-Marquetti.jpg\" alt=\"\" class=\"wp-image-40207\" width=\"299\" height=\"201\" srcset=\"https:\/\/jornalfatosenoticias.com.br\/wp-content\/uploads\/2023\/03\/nova-logo-Marquetti.jpg 643w, https:\/\/jornalfatosenoticias.com.br\/wp-content\/uploads\/2023\/03\/nova-logo-Marquetti-300x202.jpg 300w\" sizes=\"auto, (max-width: 299px) 100vw, 299px\" \/><\/a><\/figure><\/div>\n\n\n\n<p>O movimento \u00e9 considerado uma \u201cgreve de advert\u00eancia\u201d, com foco em pressionar a empresa a retomar as negocia\u00e7\u00f5es. As federa\u00e7\u00f5es destacam que, caso n\u00e3o haja avan\u00e7o, novas mobiliza\u00e7\u00f5es poder\u00e3o ocorrer. A Petrobras ainda n\u00e3o se pronunciou oficialmente sobre a paralisa\u00e7\u00e3o.<strong> (Fonte: Hora Bras\u00edlia)<\/strong><\/p>\n\n\n\n<div class=\"wp-block-image\"><figure class=\"aligncenter size-large is-resized\"><a href=\"https:\/\/www.facebook.com\/vetor.vix\/\"><img loading=\"lazy\" decoding=\"async\" src=\"https:\/\/jornalfatosenoticias.com.br\/wp-content\/uploads\/2023\/09\/vetorvix1024_1.jpg\" alt=\"\" class=\"wp-image-44868\" width=\"531\" height=\"141\" srcset=\"https:\/\/jornalfatosenoticias.com.br\/wp-content\/uploads\/2023\/09\/vetorvix1024_1.jpg 1024w, https:\/\/jornalfatosenoticias.com.br\/wp-content\/uploads\/2023\/09\/vetorvix1024_1-300x80.jpg 300w, https:\/\/jornalfatosenoticias.com.br\/wp-content\/uploads\/2023\/09\/vetorvix1024_1-768x205.jpg 768w\" sizes=\"auto, (max-width: 531px) 100vw, 531px\" \/><\/a><\/figure><\/div>\n\n\n\n<hr class=\"wp-block-separator\"\/>\n\n\n\n<h3 class=\"wp-block-heading\"><span class=\"has-inline-color has-black-color\">Governo Trump acompanha julgamento de Bolsonaro no STF e critica a\u00e7\u00f5es de Alexandre de Moraes<\/span><\/h3>\n\n\n\n<div class=\"wp-block-image\"><figure class=\"aligncenter size-large\"><img loading=\"lazy\" decoding=\"async\" width=\"768\" height=\"512\" src=\"https:\/\/jornalfatosenoticias.com.br\/wp-content\/uploads\/2025\/03\/presidente-dos-eua-donald-trump-e-presidente-jair-bolsonaro-em-encontro-na-florida_Instagram.jpg\" alt=\"\" class=\"wp-image-58070\" srcset=\"https:\/\/jornalfatosenoticias.com.br\/wp-content\/uploads\/2025\/03\/presidente-dos-eua-donald-trump-e-presidente-jair-bolsonaro-em-encontro-na-florida_Instagram.jpg 768w, https:\/\/jornalfatosenoticias.com.br\/wp-content\/uploads\/2025\/03\/presidente-dos-eua-donald-trump-e-presidente-jair-bolsonaro-em-encontro-na-florida_Instagram-300x200.jpg 300w\" sizes=\"auto, (max-width: 768px) 100vw, 768px\" \/><figcaption><em><span class=\"has-inline-color has-black-color\">(Foto: Reprodu\u00e7\u00e3o Instagram)<\/span><\/em><\/figcaption><\/figure><\/div>\n\n\n\n<p>O governo de Donald Trump tem acompanhado de perto o julgamento do Supremo Tribunal Federal (STF) que transformou o ex-presidente Jair Bolsonaro (PL) em r\u00e9u por tentativa de golpe de Estado. A den\u00fancia, apresentada pela Procuradoria-Geral da Rep\u00fablica, come\u00e7ou a ser analisada na ter\u00e7a-feira (25). O interesse da gest\u00e3o Trump no caso reflete a aproxima\u00e7\u00e3o ideol\u00f3gica com Bolsonaro e uma crescente preocupa\u00e7\u00e3o com decis\u00f5es do STF, em especial as tomadas pelo ministro Alexandre de Moraes. Moraes \u00e9 respons\u00e1vel por conduzir inqu\u00e9ritos que miram o ex-presidente brasileiro e seus aliados, al\u00e9m de investiga\u00e7\u00f5es sobre o uso das redes sociais para dissemina\u00e7\u00e3o de desinforma\u00e7\u00e3o.<\/p>\n\n\n\n<div class=\"wp-block-image\"><figure class=\"aligncenter size-large is-resized\"><a href=\"https:\/\/www.controlsystems.com.br\/\"><img loading=\"lazy\" decoding=\"async\" src=\"https:\/\/jornalfatosenoticias.com.br\/wp-content\/uploads\/2020\/02\/CONTROL-CS.jpg\" alt=\"\" class=\"wp-image-44991\" width=\"245\" height=\"293\" srcset=\"https:\/\/jornalfatosenoticias.com.br\/wp-content\/uploads\/2020\/02\/CONTROL-CS.jpg 834w, https:\/\/jornalfatosenoticias.com.br\/wp-content\/uploads\/2020\/02\/CONTROL-CS-250x300.jpg 250w, https:\/\/jornalfatosenoticias.com.br\/wp-content\/uploads\/2020\/02\/CONTROL-CS-768x921.jpg 768w\" sizes=\"auto, (max-width: 245px) 100vw, 245px\" \/><\/a><\/figure><\/div>\n\n\n\n<p>Nos Estados Unidos, as medidas de Moraes contra plataformas digitais, como o X (antigo Twitter), provocaram rea\u00e7\u00f5es oficiais. A embaixada norte-americana no Brasil chegou a emitir comunicado mencionando \u201ccensura\u201d, e a Trump Media \u2014 empresa ligada ao ex-presidente americano \u2014 entrou com a\u00e7\u00e3o judicial contra o ministro na Justi\u00e7a dos EUA.<\/p>\n\n\n\n<div class=\"wp-block-image\"><figure class=\"aligncenter size-large is-resized\"><a href=\"https:\/\/www.instagram.com\/restaurantepegoretti\/\"><img loading=\"lazy\" decoding=\"async\" src=\"https:\/\/jornalfatosenoticias.com.br\/wp-content\/uploads\/2023\/12\/pegoretti-logo-pdf-1024x389.jpg\" alt=\"\" class=\"wp-image-47536\" width=\"485\" height=\"184\" srcset=\"https:\/\/jornalfatosenoticias.com.br\/wp-content\/uploads\/2023\/12\/pegoretti-logo-pdf-1024x389.jpg 1024w, https:\/\/jornalfatosenoticias.com.br\/wp-content\/uploads\/2023\/12\/pegoretti-logo-pdf-300x114.jpg 300w, https:\/\/jornalfatosenoticias.com.br\/wp-content\/uploads\/2023\/12\/pegoretti-logo-pdf-768x291.jpg 768w, https:\/\/jornalfatosenoticias.com.br\/wp-content\/uploads\/2023\/12\/pegoretti-logo-pdf.jpg 1120w\" sizes=\"auto, (max-width: 485px) 100vw, 485px\" \/><\/a><\/figure><\/div>\n\n\n\n<p>O julgamento de Bolsonaro ocorre paralelamente \u00e0 an\u00e1lise, no STF, da constitucionalidade do artigo 19 do Marco Civil da Internet, que discute a responsabiliza\u00e7\u00e3o de plataformas por conte\u00fados de terceiros. O governo Trump tamb\u00e9m monitora esse debate, considerando que o desfecho pode impactar discuss\u00f5es semelhantes nos EUA.<strong> (Fonte: Hora Bras\u00edlia)<\/strong><\/p>\n\n\n\n<div class=\"wp-block-image\"><figure class=\"aligncenter size-large\"><a href=\"https:\/\/www.cesconetto.com.br\/\"><img loading=\"lazy\" decoding=\"async\" width=\"300\" height=\"250\" src=\"https:\/\/jornalfatosenoticias.com.br\/wp-content\/uploads\/2022\/02\/Banner-2.png\" alt=\"\" class=\"wp-image-27877\"\/><\/a><\/figure><\/div>\n\n\n\n<hr class=\"wp-block-separator\"\/>\n\n\n\n<h3 class=\"wp-block-heading\"><span class=\"has-inline-color has-black-color\">Por unanimidade, Primeira Turma do STF torna Bolsonaro e aliados r\u00e9us por suposta tentativa de golpe<\/span><\/h3>\n\n\n\n<div class=\"wp-block-image\"><figure class=\"aligncenter size-large\"><img loading=\"lazy\" decoding=\"async\" width=\"612\" height=\"408\" src=\"https:\/\/jornalfatosenoticias.com.br\/wp-content\/uploads\/2025\/03\/bolsonaro-reu_gettyimages.jpg\" alt=\"\" class=\"wp-image-58069\" srcset=\"https:\/\/jornalfatosenoticias.com.br\/wp-content\/uploads\/2025\/03\/bolsonaro-reu_gettyimages.jpg 612w, https:\/\/jornalfatosenoticias.com.br\/wp-content\/uploads\/2025\/03\/bolsonaro-reu_gettyimages-300x200.jpg 300w\" sizes=\"auto, (max-width: 612px) 100vw, 612px\" \/><figcaption><em><span class=\"has-inline-color has-black-color\">Jair Bolsonaro e Braga Netto (Foto: Getty Images)<\/span><\/em><\/figcaption><\/figure><\/div>\n\n\n\n<p>O Supremo Tribunal Federal (STF) tornou r\u00e9us, nesta quarta-feira (26), o ex-presidente Jair Bolsonaro (PL) e sete de seus principais aliados, acusados de envolvimento em uma suposta trama golpista para impedir a posse de Luiz In\u00e1cio Lula da Silva (PT) ap\u00f3s as elei\u00e7\u00f5es de 2022. A decis\u00e3o foi un\u00e2nime na Primeira Turma da Corte, formada pelos ministros Alexandre de Moraes (relator), Fl\u00e1vio Dino, Luiz Fux, C\u00e1rmen L\u00facia e Cristiano Zanin.<\/p>\n\n\n\n<div class=\"wp-block-image\"><figure class=\"aligncenter size-large is-resized\"><a href=\"https:\/\/panper.com.br\/\"><img loading=\"lazy\" decoding=\"async\" src=\"https:\/\/jornalfatosenoticias.com.br\/wp-content\/uploads\/2023\/03\/logo-Panper_portal.jpg\" alt=\"\" class=\"wp-image-40208\" width=\"320\" height=\"222\" srcset=\"https:\/\/jornalfatosenoticias.com.br\/wp-content\/uploads\/2023\/03\/logo-Panper_portal.jpg 400w, https:\/\/jornalfatosenoticias.com.br\/wp-content\/uploads\/2023\/03\/logo-Panper_portal-300x208.jpg 300w\" sizes=\"auto, (max-width: 320px) 100vw, 320px\" \/><\/a><\/figure><\/div>\n\n\n\n<p>O relator Alexandre de Moraes aceitou integralmente a den\u00fancia apresentada pela Procuradoria-Geral da Rep\u00fablica (PGR) e apontou que Bolsonaro liderou uma organiza\u00e7\u00e3o criminosa com o objetivo de abalar a ordem democr\u00e1tica. Para Moraes, os crimes praticados foram \u201cgrav\u00edssimos\u201d, e a tentativa de golpe foi \u201cviolenta e estruturada\u201d.<\/p>\n\n\n\n<div class=\"wp-block-image\"><figure class=\"aligncenter size-large is-resized\"><a href=\"https:\/\/www.facebook.com\/profile.php?id=100069289606145\"><img loading=\"lazy\" decoding=\"async\" src=\"https:\/\/jornalfatosenoticias.com.br\/wp-content\/uploads\/2024\/11\/Guaitolini-Contabilidade-1024x714.jpeg\" alt=\"\" class=\"wp-image-55808\" width=\"320\" height=\"223\" srcset=\"https:\/\/jornalfatosenoticias.com.br\/wp-content\/uploads\/2024\/11\/Guaitolini-Contabilidade-1024x714.jpeg 1024w, https:\/\/jornalfatosenoticias.com.br\/wp-content\/uploads\/2024\/11\/Guaitolini-Contabilidade-300x209.jpeg 300w, https:\/\/jornalfatosenoticias.com.br\/wp-content\/uploads\/2024\/11\/Guaitolini-Contabilidade-768x535.jpeg 768w, https:\/\/jornalfatosenoticias.com.br\/wp-content\/uploads\/2024\/11\/Guaitolini-Contabilidade.jpeg 1280w\" sizes=\"auto, (max-width: 320px) 100vw, 320px\" \/><\/a><\/figure><\/div>\n\n\n\n<p>\u201cO que se verifica \u00e9 que a organiza\u00e7\u00e3o criminosa seguiu todos os passos para depor o governo legitimamente eleito. Houve ataques sistem\u00e1ticos ao sistema eleitoral, manipula\u00e7\u00e3o das for\u00e7as de seguran\u00e7a e articula\u00e7\u00f5es com o alto comando militar para dar respaldo a um decreto que formalizaria o golpe\u201d, afirmou o ministro. <\/p>\n\n\n\n<div class=\"wp-block-image\"><figure class=\"aligncenter size-large is-resized\"><a href=\"https:\/\/www.instagram.com\/rcradiadores\/\"><img loading=\"lazy\" decoding=\"async\" src=\"https:\/\/jornalfatosenoticias.com.br\/wp-content\/uploads\/2022\/10\/RC_800x750_page-0001.jpg\" alt=\"\" class=\"wp-image-35338\" width=\"254\" height=\"238\" srcset=\"https:\/\/jornalfatosenoticias.com.br\/wp-content\/uploads\/2022\/10\/RC_800x750_page-0001.jpg 400w, https:\/\/jornalfatosenoticias.com.br\/wp-content\/uploads\/2022\/10\/RC_800x750_page-0001-300x281.jpg 300w\" sizes=\"auto, (max-width: 254px) 100vw, 254px\" \/><\/a><\/figure><\/div>\n\n\n\n<p>Durante seu voto, Moraes apresentou v\u00eddeos que refor\u00e7am a tese de que os atos de 8 de janeiro de 2023 foram o desfecho de uma sequ\u00eancia de eventos planejados desde 2021. Ele tamb\u00e9m destacou que Bolsonaro difundiu desinforma\u00e7\u00e3o sobre as urnas eletr\u00f4nicas com o apoio de seus auxiliares, como o ent\u00e3o ministro da Justi\u00e7a, Anderson Torres.<\/p>\n\n\n\n<div class=\"wp-block-image\"><figure class=\"aligncenter size-large is-resized\"><a href=\"https:\/\/www.instagram.com\/serra4x4cambioautomatico\/\"><img loading=\"lazy\" decoding=\"async\" src=\"https:\/\/jornalfatosenoticias.com.br\/wp-content\/uploads\/2024\/08\/Serra-4x4-1-886x1024.jpg\" alt=\"\" class=\"wp-image-53632\" width=\"259\" height=\"300\" srcset=\"https:\/\/jornalfatosenoticias.com.br\/wp-content\/uploads\/2024\/08\/Serra-4x4-1-886x1024.jpg 886w, https:\/\/jornalfatosenoticias.com.br\/wp-content\/uploads\/2024\/08\/Serra-4x4-1-260x300.jpg 260w, https:\/\/jornalfatosenoticias.com.br\/wp-content\/uploads\/2024\/08\/Serra-4x4-1-768x888.jpg 768w, https:\/\/jornalfatosenoticias.com.br\/wp-content\/uploads\/2024\/08\/Serra-4x4-1.jpg 1181w\" sizes=\"auto, (max-width: 259px) 100vw, 259px\" \/><\/a><\/figure><\/div>\n\n\n\n<p>Acompanharam o relator os ministros Fl\u00e1vio Dino, que enfatizou o uso de amea\u00e7as e apreens\u00e3o de armas como parte do plano; Luiz Fux, que ressaltou o cumprimento da legalidade penal; C\u00e1rmen L\u00facia, que afirmou haver ind\u00edcios suficientes para abertura da a\u00e7\u00e3o penal; e Cristiano Zanin, que defendeu que todos os atos anteriores ao 8 de janeiro corroboram para o crime.<\/p>\n\n\n\n<div class=\"wp-block-image\"><figure class=\"aligncenter size-large is-resized\"><a href=\"https:\/\/www.ithbrasil.com.br\/\"><img loading=\"lazy\" decoding=\"async\" src=\"https:\/\/jornalfatosenoticias.com.br\/wp-content\/uploads\/2023\/08\/ITH.jpeg\" alt=\"\" class=\"wp-image-44638\" width=\"279\" height=\"226\" srcset=\"https:\/\/jornalfatosenoticias.com.br\/wp-content\/uploads\/2023\/08\/ITH.jpeg 800w, https:\/\/jornalfatosenoticias.com.br\/wp-content\/uploads\/2023\/08\/ITH-300x244.jpeg 300w, https:\/\/jornalfatosenoticias.com.br\/wp-content\/uploads\/2023\/08\/ITH-768x624.jpeg 768w\" sizes=\"auto, (max-width: 279px) 100vw, 279px\" \/><\/a><\/figure><\/div>\n\n\n\n<p><strong><span class=\"has-inline-color has-black-color\">Com a decis\u00e3o, tornam-se r\u00e9us:<br><\/span>\u2713 Jair Bolsonaro, <\/strong>ex-presidente da Rep\u00fablica<br><strong>\u2713 Walter Braga Netto,<\/strong> ex-ministro da Casa Civil<br><strong>\u2713 Augusto Heleno, <\/strong>ex-ministro do GSI<br><strong>\u2713 Anderson Torres,<\/strong> ex-ministro da Justi\u00e7a<br><strong>\u2713 Alexandre Ramagem, <\/strong>ex-diretor da Abin<br><strong>\u2713 Paulo S\u00e9rgio Nogueira,<\/strong> ex-ministro da Defesa<br><strong>\u2713 Almir Garnier,<\/strong> ex-comandante da Marinha<br><strong>\u2713 Mauro Cid, <\/strong>ex-ajudante de ordens da Presid\u00eancia<\/p>\n\n\n\n<div class=\"wp-block-image\"><figure class=\"aligncenter size-large\"><a href=\"https:\/\/mizu.com.br\/\"><img loading=\"lazy\" decoding=\"async\" width=\"729\" height=\"90\" src=\"https:\/\/jornalfatosenoticias.com.br\/wp-content\/uploads\/2020\/02\/Logo_Mizu.png\" alt=\"\" class=\"wp-image-1441\" srcset=\"https:\/\/jornalfatosenoticias.com.br\/wp-content\/uploads\/2020\/02\/Logo_Mizu.png 729w, https:\/\/jornalfatosenoticias.com.br\/wp-content\/uploads\/2020\/02\/Logo_Mizu-300x37.png 300w\" sizes=\"auto, (max-width: 729px) 100vw, 729px\" \/><\/a><\/figure><\/div>\n\n\n\n<p>Eles respondem por crimes como tentativa de aboli\u00e7\u00e3o violenta do Estado Democr\u00e1tico de Direito, golpe de Estado, organiza\u00e7\u00e3o criminosa, dano qualificado ao patrim\u00f4nio da Uni\u00e3o e deteriora\u00e7\u00e3o de patrim\u00f4nio tombado. <strong>(Fonte: Hora Bras\u00edlia)<\/strong><\/p>\n\n\n\n<div class=\"wp-block-image\"><figure class=\"aligncenter size-large is-resized\"><a href=\"https:\/\/www.instagram.com\/esteiochurrascaria\/\"><img loading=\"lazy\" decoding=\"async\" src=\"https:\/\/jornalfatosenoticias.com.br\/wp-content\/uploads\/2022\/02\/LOGO-ESTEIO-1024x730.png\" alt=\"\" class=\"wp-image-27942\" width=\"317\" height=\"226\" srcset=\"https:\/\/jornalfatosenoticias.com.br\/wp-content\/uploads\/2022\/02\/LOGO-ESTEIO-1024x730.png 1024w, https:\/\/jornalfatosenoticias.com.br\/wp-content\/uploads\/2022\/02\/LOGO-ESTEIO-300x214.png 300w, https:\/\/jornalfatosenoticias.com.br\/wp-content\/uploads\/2022\/02\/LOGO-ESTEIO-768x548.png 768w, https:\/\/jornalfatosenoticias.com.br\/wp-content\/uploads\/2022\/02\/LOGO-ESTEIO.png 1123w\" sizes=\"auto, (max-width: 317px) 100vw, 317px\" \/><\/a><\/figure><\/div>\n\n\n\n<hr class=\"wp-block-separator\"\/>\n\n\n\n<h3 class=\"wp-block-heading\"><span class=\"has-inline-color has-black-color\">Secret\u00e1ria de Seguran\u00e7a de Trump visita pris\u00e3o de El Salvador<\/span><\/h3>\n\n\n\n<div class=\"wp-block-image\"><figure class=\"aligncenter size-large\"><img loading=\"lazy\" decoding=\"async\" width=\"612\" height=\"408\" src=\"https:\/\/jornalfatosenoticias.com.br\/wp-content\/uploads\/2025\/03\/Kristi-Noem_gettyimages.jpg\" alt=\"\" class=\"wp-image-58068\" srcset=\"https:\/\/jornalfatosenoticias.com.br\/wp-content\/uploads\/2025\/03\/Kristi-Noem_gettyimages.jpg 612w, https:\/\/jornalfatosenoticias.com.br\/wp-content\/uploads\/2025\/03\/Kristi-Noem_gettyimages-300x200.jpg 300w\" sizes=\"auto, (max-width: 612px) 100vw, 612px\" \/><figcaption><em><span class=\"has-inline-color has-black-color\">Ap\u00f3s visitar a pris\u00e3o, Kristi Noem se deslocar\u00e1 para a sede do governo na capital para uma reuni\u00e3o com Bukele (Foto: Getty Images)<\/span><\/em><\/figcaption><\/figure><\/div>\n\n\n\n<p><span class=\"has-inline-color has-black-color\">Por <strong>AFP<\/strong><br><\/span>A secret\u00e1ria de Seguran\u00e7a Interna dos Estados Unidos, Kristi Noem, chegou, nesta quarta-feira (26), a El Salvador para conversar com o presidente Nayib Bukele e visitar uma pris\u00e3o onde est\u00e3o detidos mais de 200 imigrantes irregulares venezuelanos deportados por Washington.<\/p>\n\n\n\n<div class=\"wp-block-image\"><figure class=\"aligncenter size-large is-resized\"><a href=\"https:\/\/www.controlsystems.com.br\/\"><img loading=\"lazy\" decoding=\"async\" src=\"https:\/\/jornalfatosenoticias.com.br\/wp-content\/uploads\/2020\/02\/CONTROL-CS.jpg\" alt=\"\" class=\"wp-image-44991\" width=\"246\" height=\"295\" srcset=\"https:\/\/jornalfatosenoticias.com.br\/wp-content\/uploads\/2020\/02\/CONTROL-CS.jpg 834w, https:\/\/jornalfatosenoticias.com.br\/wp-content\/uploads\/2020\/02\/CONTROL-CS-250x300.jpg 250w, https:\/\/jornalfatosenoticias.com.br\/wp-content\/uploads\/2020\/02\/CONTROL-CS-768x921.jpg 768w\" sizes=\"auto, (max-width: 246px) 100vw, 246px\" \/><\/a><\/figure><\/div>\n\n\n\n<p>Noem chegou ao meio-dia local (15h de Bras\u00edlia) ao aeroporto que serve a capital, confirmou \u00e0 AFP uma fonte da embaixada americana em San Salvador. De l\u00e1, est\u00e1 previsto que v\u00e1 at\u00e9 o Cecot, uma enorme pris\u00e3o constru\u00edda como parte da &#8220;guerra&#8221; contra gangues criminosas iniciada h\u00e1 tr\u00eas anos por Bukele.<\/p>\n\n\n\n<div class=\"wp-block-image\"><figure class=\"aligncenter size-large is-resized\"><a href=\"https:\/\/hotelmarquetti.com.br\/\"><img loading=\"lazy\" decoding=\"async\" src=\"https:\/\/jornalfatosenoticias.com.br\/wp-content\/uploads\/2023\/03\/nova-logo-Marquetti.jpg\" alt=\"\" class=\"wp-image-40207\" width=\"289\" height=\"194\" srcset=\"https:\/\/jornalfatosenoticias.com.br\/wp-content\/uploads\/2023\/03\/nova-logo-Marquetti.jpg 643w, https:\/\/jornalfatosenoticias.com.br\/wp-content\/uploads\/2023\/03\/nova-logo-Marquetti-300x202.jpg 300w\" sizes=\"auto, (max-width: 289px) 100vw, 289px\" \/><\/a><\/figure><\/div>\n\n\n\n<p>A secret\u00e1ria americana ser\u00e1 acompanhada na visita \u00e0 pris\u00e3o de seguran\u00e7a m\u00e1xima pelo ministro salvadorenho de Justi\u00e7a e Seguran\u00e7a, Gustavo Villatoro. &#8220;Estarei em El Salvador vendo em primeira m\u00e3o o centro de deten\u00e7\u00e3o onde est\u00e3o alojados os piores criminosos&#8221;, publicou Noem no X.<\/p>\n\n\n\n<div class=\"wp-block-image\"><figure class=\"aligncenter size-large is-resized\"><a href=\"https:\/\/www.facebook.com\/postobkr\/?locale=pt_BR\"><img loading=\"lazy\" decoding=\"async\" src=\"https:\/\/jornalfatosenoticias.com.br\/wp-content\/uploads\/2023\/08\/BKR-1024x1021.jpg\" alt=\"\" class=\"wp-image-44494\" width=\"277\" height=\"276\" srcset=\"https:\/\/jornalfatosenoticias.com.br\/wp-content\/uploads\/2023\/08\/BKR-1024x1021.jpg 1024w, https:\/\/jornalfatosenoticias.com.br\/wp-content\/uploads\/2023\/08\/BKR-300x300.jpg 300w, https:\/\/jornalfatosenoticias.com.br\/wp-content\/uploads\/2023\/08\/BKR-150x150.jpg 150w, https:\/\/jornalfatosenoticias.com.br\/wp-content\/uploads\/2023\/08\/BKR-768x766.jpg 768w, https:\/\/jornalfatosenoticias.com.br\/wp-content\/uploads\/2023\/08\/BKR.jpg 1080w\" sizes=\"auto, (max-width: 277px) 100vw, 277px\" \/><\/a><\/figure><\/div>\n\n\n\n<p>Est\u00e3o presos no Centro de Confinamento do Terrorismo (Cecot) 238 venezuelanos deportados em 16 de mar\u00e7o pelo governo de Donald Trump, sob a alega\u00e7\u00e3o de integrarem a organiza\u00e7\u00e3o criminosa Tren de Aragua, embora seus familiares e o governo de Caracas assegurem que eram simplesmente migrantes sem documentos. Ap\u00f3s visitar a pris\u00e3o, Kristi Noem se deslocar\u00e1 para a sede do governo na capital para uma reuni\u00e3o com Bukele. A secret\u00e1ria partiu, ainda na quarta-feira, rumo \u00e0 Col\u00f4mbia, segunda escala de uma viagem que tamb\u00e9m a levar\u00e1 ao M\u00e9xico. <strong>(Fonte: Folha de Pernambuco)<\/strong><\/p>\n\n\n\n<div class=\"wp-block-image\"><figure class=\"aligncenter size-large is-resized\"><a href=\"https:\/\/www.legisjuris.com.br\/\"><img loading=\"lazy\" decoding=\"async\" src=\"https:\/\/jornalfatosenoticias.com.br\/wp-content\/uploads\/2024\/09\/Legis-Juris-Consultoria_logo.jpg\" alt=\"\" class=\"wp-image-53915\" width=\"442\" height=\"185\" srcset=\"https:\/\/jornalfatosenoticias.com.br\/wp-content\/uploads\/2024\/09\/Legis-Juris-Consultoria_logo.jpg 969w, https:\/\/jornalfatosenoticias.com.br\/wp-content\/uploads\/2024\/09\/Legis-Juris-Consultoria_logo-300x126.jpg 300w, https:\/\/jornalfatosenoticias.com.br\/wp-content\/uploads\/2024\/09\/Legis-Juris-Consultoria_logo-768x322.jpg 768w\" sizes=\"auto, (max-width: 442px) 100vw, 442px\" \/><\/a><\/figure><\/div>\n\n\n\n<hr class=\"wp-block-separator\"\/>\n\n\n\n<h3 class=\"wp-block-heading\"><span class=\"has-inline-color has-black-color\">Na Bahia, desaprova\u00e7\u00e3o a Lula supera 52%; petista recebeu mais de 70% dos votos no estado em 2022<\/span><\/h3>\n\n\n\n<div class=\"wp-block-image\"><figure class=\"aligncenter size-large\"><img loading=\"lazy\" decoding=\"async\" width=\"612\" height=\"408\" src=\"https:\/\/jornalfatosenoticias.com.br\/wp-content\/uploads\/2025\/03\/desaprovacao-molusco-Bahia_gettyimages.jpg\" alt=\"\" class=\"wp-image-58067\" srcset=\"https:\/\/jornalfatosenoticias.com.br\/wp-content\/uploads\/2025\/03\/desaprovacao-molusco-Bahia_gettyimages.jpg 612w, https:\/\/jornalfatosenoticias.com.br\/wp-content\/uploads\/2025\/03\/desaprovacao-molusco-Bahia_gettyimages-300x200.jpg 300w\" sizes=\"auto, (max-width: 612px) 100vw, 612px\" \/><figcaption><em><span class=\"has-inline-color has-black-color\">(Foto: Getty Images)<\/span><\/em><\/figcaption><\/figure><\/div>\n\n\n\n<p>A Bahia, um dos estados que mais votaram em Luiz In\u00e1cio Lula da Silva (PT) na elei\u00e7\u00e3o de 2022, registra agora uma maioria de eleitores insatisfeitos com seu governo. Segundo verifica\u00e7\u00e3o do instituto Paran\u00e1 Pesquisas, divulgada na ter\u00e7a-feira (25), 52,6% dos baianos desaprovam a gest\u00e3o do petista, enquanto 44% aprovam e 3,4% n\u00e3o souberam ou n\u00e3o quiseram responder.<\/p>\n\n\n\n<div class=\"wp-block-image\"><figure class=\"aligncenter size-large\"><a href=\"http:\/\/www.ferrarimaquinas.com.br\/\"><img loading=\"lazy\" decoding=\"async\" width=\"300\" height=\"250\" src=\"https:\/\/jornalfatosenoticias.com.br\/wp-content\/uploads\/2022\/02\/FERRARI_MAQUINAS-E-FERRAMENTAS2.jpg\" alt=\"\" class=\"wp-image-27860\"\/><\/a><\/figure><\/div>\n\n\n\n<p>Quando questionados sobre a avalia\u00e7\u00e3o do governo, 29,5% dos entrevistados classificaram o trabalho de Lula como \u201c\u00f3timo\u201d ou \u201cbom\u201d, enquanto 43,8% o consideram \u201cruim\u201d ou \u201cp\u00e9ssimo\u201d. Outros 25,7% avaliaram a administra\u00e7\u00e3o como \u201cregular\u201d e 1,1% n\u00e3o respondeu. O levantamento foi realizado entre os dias 17 e 20 de mar\u00e7o, com uma margem de erro de 2,5 pontos percentuais para mais ou para menos. <strong>(Fonte: Conex\u00e3o Pol\u00edtica)<\/strong><\/p>\n\n\n\n<div class=\"wp-block-image\"><figure class=\"aligncenter size-large is-resized\"><a href=\"https:\/\/www.facebook.com\/vetor.vix\/\"><img loading=\"lazy\" decoding=\"async\" src=\"https:\/\/jornalfatosenoticias.com.br\/wp-content\/uploads\/2023\/09\/vetorvix1024_1.jpg\" alt=\"\" class=\"wp-image-44868\" width=\"550\" height=\"146\" srcset=\"https:\/\/jornalfatosenoticias.com.br\/wp-content\/uploads\/2023\/09\/vetorvix1024_1.jpg 1024w, https:\/\/jornalfatosenoticias.com.br\/wp-content\/uploads\/2023\/09\/vetorvix1024_1-300x80.jpg 300w, https:\/\/jornalfatosenoticias.com.br\/wp-content\/uploads\/2023\/09\/vetorvix1024_1-768x205.jpg 768w\" sizes=\"auto, (max-width: 550px) 100vw, 550px\" \/><\/a><\/figure><\/div>\n\n\n\n<hr class=\"wp-block-separator\"\/>\n\n\n\n<h3 class=\"wp-block-heading\"><span class=\"has-inline-color has-black-color\">Esposa de Ortega \u00e9 nomeada chefe suprema das For\u00e7as Armadas na Nicar\u00e1gua<\/span><\/h3>\n\n\n\n<div class=\"wp-block-image\"><figure class=\"aligncenter size-large\"><img loading=\"lazy\" decoding=\"async\" width=\"612\" height=\"408\" src=\"https:\/\/jornalfatosenoticias.com.br\/wp-content\/uploads\/2025\/03\/ortega-e-mulher_gettyimages.jpg\" alt=\"\" class=\"wp-image-58066\" srcset=\"https:\/\/jornalfatosenoticias.com.br\/wp-content\/uploads\/2025\/03\/ortega-e-mulher_gettyimages.jpg 612w, https:\/\/jornalfatosenoticias.com.br\/wp-content\/uploads\/2025\/03\/ortega-e-mulher_gettyimages-300x200.jpg 300w\" sizes=\"auto, (max-width: 612px) 100vw, 612px\" \/><figcaption><em><span class=\"has-inline-color has-black-color\">(Foto: Getty Images)<\/span><\/em><\/figcaption><\/figure><\/div>\n\n\n\n<p>Copresidente da Nicar\u00e1gua, ao lado do ditador Daniel Ortega, a primeira-dama Rosario Murillo foi nomeada chefe suprema das For\u00e7as Armadas na ter\u00e7a-feira (25). A decis\u00e3o veio ap\u00f3s uma reforma das leis militares aprovada em car\u00e1ter de urg\u00eancia pelo Congresso, controlado pelo regime. Com a medida, Murillo passa a ter o mesmo poder de comando sobre as For\u00e7as Armadas que o marido. A medida fortalece ainda mais o dom\u00ednio do casal sobre o pa\u00eds, onde j\u00e1 controlam todos os poderes do Estado e mant\u00eam um r\u00edgido aparato policial contra opositores.<\/p>\n\n\n\n<div class=\"wp-block-image\"><figure class=\"aligncenter size-large is-resized\"><a href=\"https:\/\/www.instagram.com\/serra4x4cambioautomatico\/\"><img loading=\"lazy\" decoding=\"async\" src=\"https:\/\/jornalfatosenoticias.com.br\/wp-content\/uploads\/2024\/08\/Serra-4x4-1-886x1024.jpg\" alt=\"\" class=\"wp-image-53632\" width=\"249\" height=\"288\" srcset=\"https:\/\/jornalfatosenoticias.com.br\/wp-content\/uploads\/2024\/08\/Serra-4x4-1-886x1024.jpg 886w, https:\/\/jornalfatosenoticias.com.br\/wp-content\/uploads\/2024\/08\/Serra-4x4-1-260x300.jpg 260w, https:\/\/jornalfatosenoticias.com.br\/wp-content\/uploads\/2024\/08\/Serra-4x4-1-768x888.jpg 768w, https:\/\/jornalfatosenoticias.com.br\/wp-content\/uploads\/2024\/08\/Serra-4x4-1.jpg 1181w\" sizes=\"auto, (max-width: 249px) 100vw, 249px\" \/><\/a><\/figure><\/div>\n\n\n\n<p>A reforma militar permite a Presid\u00eancia possa organizar a defesa nacional e ordenar opera\u00e7\u00f5es militares caso considere que a soberania do pa\u00eds esteja amea\u00e7ada. Al\u00e9m disso, Ortega e Murillo poder\u00e3o escolher n\u00e3o apenas o chefe do Ex\u00e9rcito, mas tamb\u00e9m seus comandantes mais pr\u00f3ximos. A reforma ainda autoriza a atua\u00e7\u00e3o dos militares na Pol\u00edcia Nacional, \u00f3rg\u00e3o amplamente denunciado por viola\u00e7\u00f5es de direitos humanos e repress\u00e3o contra dissidentes.<\/p>\n\n\n\n<div class=\"wp-block-image\"><figure class=\"aligncenter size-large is-resized\"><a href=\"https:\/\/www.instagram.com\/restaurantepegoretti\/\"><img loading=\"lazy\" decoding=\"async\" src=\"https:\/\/jornalfatosenoticias.com.br\/wp-content\/uploads\/2023\/12\/pegoretti-logo-pdf-1024x389.jpg\" alt=\"\" class=\"wp-image-47536\" width=\"525\" height=\"199\" srcset=\"https:\/\/jornalfatosenoticias.com.br\/wp-content\/uploads\/2023\/12\/pegoretti-logo-pdf-1024x389.jpg 1024w, https:\/\/jornalfatosenoticias.com.br\/wp-content\/uploads\/2023\/12\/pegoretti-logo-pdf-300x114.jpg 300w, https:\/\/jornalfatosenoticias.com.br\/wp-content\/uploads\/2023\/12\/pegoretti-logo-pdf-768x291.jpg 768w, https:\/\/jornalfatosenoticias.com.br\/wp-content\/uploads\/2023\/12\/pegoretti-logo-pdf.jpg 1120w\" sizes=\"auto, (max-width: 525px) 100vw, 525px\" \/><\/a><\/figure><\/div>\n\n\n\n<p>Murillo j\u00e1 havia elevado seu status de vice para copresidente ap\u00f3s uma reforma constitucional em novembro passado. Agora, consolida seu poder como principal herdeira pol\u00edtica de Ortega. Caso o marido deixe o cargo, ela assumir\u00e1 o controle total do governo.<\/p>\n\n\n\n<div class=\"wp-block-image\"><figure class=\"aligncenter size-large\"><a href=\"https:\/\/www.cesconetto.com.br\/\"><img loading=\"lazy\" decoding=\"async\" width=\"300\" height=\"250\" src=\"https:\/\/jornalfatosenoticias.com.br\/wp-content\/uploads\/2020\/02\/Banner-2.png\" alt=\"\" class=\"wp-image-43787\"\/><\/a><\/figure><\/div>\n\n\n\n<p>Conhecida por seu estilo autorit\u00e1rio, Murillo centraliza diversas decis\u00f5es do Executivo, controla minist\u00e9rios e prefeituras e decide nomea\u00e7\u00f5es e demiss\u00f5es de funcion\u00e1rios p\u00fablicos. Sua influ\u00eancia foi decisiva na repress\u00e3o de protestos contra o governo em 2018, quando mais de 360 pessoas foram mortas, segundo a as Na\u00e7\u00f5es Unidas e a Comiss\u00e3o Interamericana de Direitos Humanos (CIDH).<\/p>\n\n\n\n<div class=\"wp-block-image\"><figure class=\"aligncenter size-large is-resized\"><a href=\"https:\/\/panper.com.br\/\"><img loading=\"lazy\" decoding=\"async\" src=\"https:\/\/jornalfatosenoticias.com.br\/wp-content\/uploads\/2023\/03\/logo-Panper_portal.jpg\" alt=\"\" class=\"wp-image-40208\" width=\"302\" height=\"209\" srcset=\"https:\/\/jornalfatosenoticias.com.br\/wp-content\/uploads\/2023\/03\/logo-Panper_portal.jpg 400w, https:\/\/jornalfatosenoticias.com.br\/wp-content\/uploads\/2023\/03\/logo-Panper_portal-300x208.jpg 300w\" sizes=\"auto, (max-width: 302px) 100vw, 302px\" \/><\/a><\/figure><\/div>\n\n\n\n<p>Organismos internacionais investigam a responsabilidade do regime em crimes contra a Humanidade. Embora o Ex\u00e9rcito negue envolvimento na repress\u00e3o pol\u00edtica, seu chefe, o general Julio C\u00e9sar Avil\u00e9s, j\u00e1 foi sancionado pelos Estados Unidos por permitir tais a\u00e7\u00f5es. <strong>(Fonte: Folha de Pernambuco)<\/strong><\/p>\n\n\n\n<div class=\"wp-block-image\"><figure class=\"aligncenter size-large is-resized\"><a href=\"https:\/\/www.facebook.com\/profile.php?id=100069289606145\"><img loading=\"lazy\" decoding=\"async\" src=\"https:\/\/jornalfatosenoticias.com.br\/wp-content\/uploads\/2024\/11\/Guaitolini-Contabilidade-1024x714.jpeg\" alt=\"\" class=\"wp-image-55808\" width=\"270\" height=\"188\" srcset=\"https:\/\/jornalfatosenoticias.com.br\/wp-content\/uploads\/2024\/11\/Guaitolini-Contabilidade-1024x714.jpeg 1024w, https:\/\/jornalfatosenoticias.com.br\/wp-content\/uploads\/2024\/11\/Guaitolini-Contabilidade-300x209.jpeg 300w, https:\/\/jornalfatosenoticias.com.br\/wp-content\/uploads\/2024\/11\/Guaitolini-Contabilidade-768x535.jpeg 768w, https:\/\/jornalfatosenoticias.com.br\/wp-content\/uploads\/2024\/11\/Guaitolini-Contabilidade.jpeg 1280w\" sizes=\"auto, (max-width: 270px) 100vw, 270px\" \/><\/a><\/figure><\/div>\n\n\n\n<hr class=\"wp-block-separator\"\/>\n","protected":false},"excerpt":{"rendered":"<p>Trabalhadores da Petrobras realizaram, na quarta-feira (26), uma greve de 24 horas em protesto contra a condu\u00e7\u00e3o da estatal sob a presid\u00eancia de Magda Chambriard. A paralisa\u00e7\u00e3o, organizada pela Federa\u00e7\u00e3o \u00danica dos Petroleiros (FUP) e pela Federa\u00e7\u00e3o Nacional dos Petroleiros (FNP), \u00e9 uma resposta \u00e0 falta de di\u00e1logo com a diretoria, al\u00e9m de reivindica\u00e7\u00f5es sobre [&hellip;]<\/p>\n","protected":false},"author":3,"featured_media":58071,"comment_status":"open","ping_status":"open","sticky":false,"template":"","format":"standard","meta":{"footnotes":""},"categories":[10],"tags":[16508,2147,13469,1795,7580,25308,589,308,26473,294],"class_list":["post-58065","post","type-post","status-publish","format-standard","has-post-thumbnail","hentry","category-politica","tag-daniel-ortega","tag-donald-trump","tag-greve","tag-jair-bolsonaro","tag-lula","tag-magda-chambriard","tag-nicaragua","tag-petrobras","tag-petroleiros","tag-stf"],"yoast_head":"<!-- This site is optimized with the Yoast SEO plugin v26.5 - https:\/\/yoast.com\/wordpress\/plugins\/seo\/ -->\n<title>A Semana no Brasil e no Mundo \u2014 Petroleiros fazem greve de 24h contra gest\u00e3o de Magda Chambriard na Petrobras - Jornal Fatos e Not\u00edcias<\/title>\n<meta name=\"robots\" content=\"index, follow, max-snippet:-1, max-image-preview:large, max-video-preview:-1\" \/>\n<link rel=\"canonical\" href=\"https:\/\/jornalfatosenoticias.com.br\/index.php\/2025\/03\/27\/a-semana-no-brasil-e-no-mundo-petroleiros-fazem-greve-de-24h-contra-gestao-de-magda-chambriard-na-petrobras\/\" \/>\n<meta property=\"og:locale\" content=\"pt_BR\" \/>\n<meta property=\"og:type\" content=\"article\" \/>\n<meta property=\"og:title\" content=\"A Semana no Brasil e no Mundo \u2014 Petroleiros fazem greve de 24h contra gest\u00e3o de Magda Chambriard na Petrobras - Jornal Fatos e Not\u00edcias\" \/>\n<meta property=\"og:description\" content=\"Trabalhadores da Petrobras realizaram, na quarta-feira (26), uma greve de 24 horas em protesto contra a condu\u00e7\u00e3o da estatal sob a presid\u00eancia de Magda Chambriard. A paralisa\u00e7\u00e3o, organizada pela Federa\u00e7\u00e3o \u00danica dos Petroleiros (FUP) e pela Federa\u00e7\u00e3o Nacional dos Petroleiros (FNP), \u00e9 uma resposta \u00e0 falta de di\u00e1logo com a diretoria, al\u00e9m de reivindica\u00e7\u00f5es sobre [&hellip;]\" \/>\n<meta property=\"og:url\" content=\"https:\/\/jornalfatosenoticias.com.br\/index.php\/2025\/03\/27\/a-semana-no-brasil-e-no-mundo-petroleiros-fazem-greve-de-24h-contra-gestao-de-magda-chambriard-na-petrobras\/\" \/>\n<meta property=\"og:site_name\" content=\"Jornal Fatos e Not\u00edcias\" \/>\n<meta property=\"article:published_time\" content=\"2025-03-27T18:39:18+00:00\" \/>\n<meta property=\"article:modified_time\" content=\"2025-03-27T18:39:20+00:00\" \/>\n<meta property=\"og:image\" content=\"https:\/\/jornalfatosenoticias.com.br\/wp-content\/uploads\/2025\/03\/greve-petroleiros_gettyimages.jpg\" \/>\n\t<meta property=\"og:image:width\" content=\"612\" \/>\n\t<meta property=\"og:image:height\" content=\"408\" \/>\n\t<meta property=\"og:image:type\" content=\"image\/jpeg\" \/>\n<meta name=\"author\" content=\"Haroldo Filho\" \/>\n<meta name=\"twitter:card\" content=\"summary_large_image\" \/>\n<meta name=\"twitter:label1\" content=\"Escrito por\" \/>\n\t<meta name=\"twitter:data1\" content=\"Haroldo Filho\" \/>\n\t<meta name=\"twitter:label2\" content=\"Est. tempo de leitura\" \/>\n\t<meta name=\"twitter:data2\" content=\"9 minutos\" \/>\n<script type=\"application\/ld+json\" class=\"yoast-schema-graph\">{\"@context\":\"https:\/\/schema.org\",\"@graph\":[{\"@type\":\"Article\",\"@id\":\"https:\/\/jornalfatosenoticias.com.br\/index.php\/2025\/03\/27\/a-semana-no-brasil-e-no-mundo-petroleiros-fazem-greve-de-24h-contra-gestao-de-magda-chambriard-na-petrobras\/#article\",\"isPartOf\":{\"@id\":\"https:\/\/jornalfatosenoticias.com.br\/index.php\/2025\/03\/27\/a-semana-no-brasil-e-no-mundo-petroleiros-fazem-greve-de-24h-contra-gestao-de-magda-chambriard-na-petrobras\/\"},\"author\":{\"name\":\"Haroldo Filho\",\"@id\":\"https:\/\/jornalfatosenoticias.com.br\/#\/schema\/person\/05c46cc25b42a5c27e004fb0fa6b4965\"},\"headline\":\"A Semana no Brasil e no Mundo \u2014 Petroleiros fazem greve de 24h contra gest\u00e3o de Magda Chambriard na Petrobras\",\"datePublished\":\"2025-03-27T18:39:18+00:00\",\"dateModified\":\"2025-03-27T18:39:20+00:00\",\"mainEntityOfPage\":{\"@id\":\"https:\/\/jornalfatosenoticias.com.br\/index.php\/2025\/03\/27\/a-semana-no-brasil-e-no-mundo-petroleiros-fazem-greve-de-24h-contra-gestao-de-magda-chambriard-na-petrobras\/\"},\"wordCount\":1775,\"commentCount\":0,\"publisher\":{\"@id\":\"https:\/\/jornalfatosenoticias.com.br\/#organization\"},\"image\":{\"@id\":\"https:\/\/jornalfatosenoticias.com.br\/index.php\/2025\/03\/27\/a-semana-no-brasil-e-no-mundo-petroleiros-fazem-greve-de-24h-contra-gestao-de-magda-chambriard-na-petrobras\/#primaryimage\"},\"thumbnailUrl\":\"https:\/\/jornalfatosenoticias.com.br\/wp-content\/uploads\/2025\/03\/greve-petroleiros_gettyimages.jpg\",\"keywords\":[\"Daniel Ortega\",\"Donald Trump\",\"greve\",\"Jair Bolsonaro\",\"Lula\",\"Magda Chambriard\",\"Nicar\u00e1gua\",\"Petrobras\",\"petroleiros\",\"STF\"],\"articleSection\":[\"Pol\u00edtica\"],\"inLanguage\":\"pt-BR\",\"potentialAction\":[{\"@type\":\"CommentAction\",\"name\":\"Comment\",\"target\":[\"https:\/\/jornalfatosenoticias.com.br\/index.php\/2025\/03\/27\/a-semana-no-brasil-e-no-mundo-petroleiros-fazem-greve-de-24h-contra-gestao-de-magda-chambriard-na-petrobras\/#respond\"]}]},{\"@type\":\"WebPage\",\"@id\":\"https:\/\/jornalfatosenoticias.com.br\/index.php\/2025\/03\/27\/a-semana-no-brasil-e-no-mundo-petroleiros-fazem-greve-de-24h-contra-gestao-de-magda-chambriard-na-petrobras\/\",\"url\":\"https:\/\/jornalfatosenoticias.com.br\/index.php\/2025\/03\/27\/a-semana-no-brasil-e-no-mundo-petroleiros-fazem-greve-de-24h-contra-gestao-de-magda-chambriard-na-petrobras\/\",\"name\":\"A Semana no Brasil e no Mundo \u2014 Petroleiros fazem greve de 24h contra gest\u00e3o de Magda Chambriard na Petrobras - Jornal Fatos e Not\u00edcias\",\"isPartOf\":{\"@id\":\"https:\/\/jornalfatosenoticias.com.br\/#website\"},\"primaryImageOfPage\":{\"@id\":\"https:\/\/jornalfatosenoticias.com.br\/index.php\/2025\/03\/27\/a-semana-no-brasil-e-no-mundo-petroleiros-fazem-greve-de-24h-contra-gestao-de-magda-chambriard-na-petrobras\/#primaryimage\"},\"image\":{\"@id\":\"https:\/\/jornalfatosenoticias.com.br\/index.php\/2025\/03\/27\/a-semana-no-brasil-e-no-mundo-petroleiros-fazem-greve-de-24h-contra-gestao-de-magda-chambriard-na-petrobras\/#primaryimage\"},\"thumbnailUrl\":\"https:\/\/jornalfatosenoticias.com.br\/wp-content\/uploads\/2025\/03\/greve-petroleiros_gettyimages.jpg\",\"datePublished\":\"2025-03-27T18:39:18+00:00\",\"dateModified\":\"2025-03-27T18:39:20+00:00\",\"breadcrumb\":{\"@id\":\"https:\/\/jornalfatosenoticias.com.br\/index.php\/2025\/03\/27\/a-semana-no-brasil-e-no-mundo-petroleiros-fazem-greve-de-24h-contra-gestao-de-magda-chambriard-na-petrobras\/#breadcrumb\"},\"inLanguage\":\"pt-BR\",\"potentialAction\":[{\"@type\":\"ReadAction\",\"target\":[\"https:\/\/jornalfatosenoticias.com.br\/index.php\/2025\/03\/27\/a-semana-no-brasil-e-no-mundo-petroleiros-fazem-greve-de-24h-contra-gestao-de-magda-chambriard-na-petrobras\/\"]}]},{\"@type\":\"ImageObject\",\"inLanguage\":\"pt-BR\",\"@id\":\"https:\/\/jornalfatosenoticias.com.br\/index.php\/2025\/03\/27\/a-semana-no-brasil-e-no-mundo-petroleiros-fazem-greve-de-24h-contra-gestao-de-magda-chambriard-na-petrobras\/#primaryimage\",\"url\":\"https:\/\/jornalfatosenoticias.com.br\/wp-content\/uploads\/2025\/03\/greve-petroleiros_gettyimages.jpg\",\"contentUrl\":\"https:\/\/jornalfatosenoticias.com.br\/wp-content\/uploads\/2025\/03\/greve-petroleiros_gettyimages.jpg\",\"width\":612,\"height\":408,\"caption\":\"Brazil's President Luiz Ignacio Lula da Silva (L) talks to Petrobras President Magda Chambriard during the inauguration ceremony of the Bonaventura Energy Complex in Itabora\u00ed, Rio de Janeiro State, Brazil, on September 13, 2024. (Photo by Pablo PORCIUNCULA \/ AFP) (Photo by PABLO PORCIUNCULA\/AFP via Getty Images)\"},{\"@type\":\"BreadcrumbList\",\"@id\":\"https:\/\/jornalfatosenoticias.com.br\/index.php\/2025\/03\/27\/a-semana-no-brasil-e-no-mundo-petroleiros-fazem-greve-de-24h-contra-gestao-de-magda-chambriard-na-petrobras\/#breadcrumb\",\"itemListElement\":[{\"@type\":\"ListItem\",\"position\":1,\"name\":\"In\u00edcio\",\"item\":\"https:\/\/jornalfatosenoticias.com.br\/\"},{\"@type\":\"ListItem\",\"position\":2,\"name\":\"A Semana no Brasil e no Mundo \u2014 Petroleiros fazem greve de 24h contra gest\u00e3o de Magda Chambriard na Petrobras\"}]},{\"@type\":\"WebSite\",\"@id\":\"https:\/\/jornalfatosenoticias.com.br\/#website\",\"url\":\"https:\/\/jornalfatosenoticias.com.br\/\",\"name\":\"Jornal Fatos e Not\u00edcias\",\"description\":\"Not\u00edcias em geral\",\"publisher\":{\"@id\":\"https:\/\/jornalfatosenoticias.com.br\/#organization\"},\"potentialAction\":[{\"@type\":\"SearchAction\",\"target\":{\"@type\":\"EntryPoint\",\"urlTemplate\":\"https:\/\/jornalfatosenoticias.com.br\/?s={search_term_string}\"},\"query-input\":{\"@type\":\"PropertyValueSpecification\",\"valueRequired\":true,\"valueName\":\"search_term_string\"}}],\"inLanguage\":\"pt-BR\"},{\"@type\":\"Organization\",\"@id\":\"https:\/\/jornalfatosenoticias.com.br\/#organization\",\"name\":\"Jornal Fatos e Not\u00edcias\",\"url\":\"https:\/\/jornalfatosenoticias.com.br\/\",\"logo\":{\"@type\":\"ImageObject\",\"inLanguage\":\"pt-BR\",\"@id\":\"https:\/\/jornalfatosenoticias.com.br\/#\/schema\/logo\/image\/\",\"url\":\"https:\/\/jornalfatosenoticias.com.br\/wp-content\/uploads\/2020\/02\/logo120.png\",\"contentUrl\":\"https:\/\/jornalfatosenoticias.com.br\/wp-content\/uploads\/2020\/02\/logo120.png\",\"width\":1227,\"height\":120,\"caption\":\"Jornal Fatos e Not\u00edcias\"},\"image\":{\"@id\":\"https:\/\/jornalfatosenoticias.com.br\/#\/schema\/logo\/image\/\"}},{\"@type\":\"Person\",\"@id\":\"https:\/\/jornalfatosenoticias.com.br\/#\/schema\/person\/05c46cc25b42a5c27e004fb0fa6b4965\",\"name\":\"Haroldo Filho\",\"image\":{\"@type\":\"ImageObject\",\"inLanguage\":\"pt-BR\",\"@id\":\"https:\/\/jornalfatosenoticias.com.br\/#\/schema\/person\/image\/\",\"url\":\"https:\/\/jornalfatosenoticias.com.br\/wp-content\/uploads\/2025\/08\/WhatsApp-Image-2025-08-18-at-15.30.28-150x150.jpeg\",\"contentUrl\":\"https:\/\/jornalfatosenoticias.com.br\/wp-content\/uploads\/2025\/08\/WhatsApp-Image-2025-08-18-at-15.30.28-150x150.jpeg\",\"caption\":\"Haroldo Filho\"},\"description\":\"Jornalista \u2013 DRT: 0003818\/ES Coordenador-geral da ONG Educar para Crescer\",\"url\":\"https:\/\/jornalfatosenoticias.com.br\/index.php\/author\/haroldo\/\"}]}<\/script>\n<!-- \/ Yoast SEO plugin. -->","yoast_head_json":{"title":"A Semana no Brasil e no Mundo \u2014 Petroleiros fazem greve de 24h contra gest\u00e3o de Magda Chambriard na Petrobras - Jornal Fatos e Not\u00edcias","robots":{"index":"index","follow":"follow","max-snippet":"max-snippet:-1","max-image-preview":"max-image-preview:large","max-video-preview":"max-video-preview:-1"},"canonical":"https:\/\/jornalfatosenoticias.com.br\/index.php\/2025\/03\/27\/a-semana-no-brasil-e-no-mundo-petroleiros-fazem-greve-de-24h-contra-gestao-de-magda-chambriard-na-petrobras\/","og_locale":"pt_BR","og_type":"article","og_title":"A Semana no Brasil e no Mundo \u2014 Petroleiros fazem greve de 24h contra gest\u00e3o de Magda Chambriard na Petrobras - Jornal Fatos e Not\u00edcias","og_description":"Trabalhadores da Petrobras realizaram, na quarta-feira (26), uma greve de 24 horas em protesto contra a condu\u00e7\u00e3o da estatal sob a presid\u00eancia de Magda Chambriard. A paralisa\u00e7\u00e3o, organizada pela Federa\u00e7\u00e3o \u00danica dos Petroleiros (FUP) e pela Federa\u00e7\u00e3o Nacional dos Petroleiros (FNP), \u00e9 uma resposta \u00e0 falta de di\u00e1logo com a diretoria, al\u00e9m de reivindica\u00e7\u00f5es sobre [&hellip;]","og_url":"https:\/\/jornalfatosenoticias.com.br\/index.php\/2025\/03\/27\/a-semana-no-brasil-e-no-mundo-petroleiros-fazem-greve-de-24h-contra-gestao-de-magda-chambriard-na-petrobras\/","og_site_name":"Jornal Fatos e Not\u00edcias","article_published_time":"2025-03-27T18:39:18+00:00","article_modified_time":"2025-03-27T18:39:20+00:00","og_image":[{"width":612,"height":408,"url":"https:\/\/jornalfatosenoticias.com.br\/wp-content\/uploads\/2025\/03\/greve-petroleiros_gettyimages.jpg","type":"image\/jpeg"}],"author":"Haroldo Filho","twitter_card":"summary_large_image","twitter_misc":{"Escrito por":"Haroldo Filho","Est. tempo de leitura":"9 minutos"},"schema":{"@context":"https:\/\/schema.org","@graph":[{"@type":"Article","@id":"https:\/\/jornalfatosenoticias.com.br\/index.php\/2025\/03\/27\/a-semana-no-brasil-e-no-mundo-petroleiros-fazem-greve-de-24h-contra-gestao-de-magda-chambriard-na-petrobras\/#article","isPartOf":{"@id":"https:\/\/jornalfatosenoticias.com.br\/index.php\/2025\/03\/27\/a-semana-no-brasil-e-no-mundo-petroleiros-fazem-greve-de-24h-contra-gestao-de-magda-chambriard-na-petrobras\/"},"author":{"name":"Haroldo Filho","@id":"https:\/\/jornalfatosenoticias.com.br\/#\/schema\/person\/05c46cc25b42a5c27e004fb0fa6b4965"},"headline":"A Semana no Brasil e no Mundo \u2014 Petroleiros fazem greve de 24h contra gest\u00e3o de Magda Chambriard na Petrobras","datePublished":"2025-03-27T18:39:18+00:00","dateModified":"2025-03-27T18:39:20+00:00","mainEntityOfPage":{"@id":"https:\/\/jornalfatosenoticias.com.br\/index.php\/2025\/03\/27\/a-semana-no-brasil-e-no-mundo-petroleiros-fazem-greve-de-24h-contra-gestao-de-magda-chambriard-na-petrobras\/"},"wordCount":1775,"commentCount":0,"publisher":{"@id":"https:\/\/jornalfatosenoticias.com.br\/#organization"},"image":{"@id":"https:\/\/jornalfatosenoticias.com.br\/index.php\/2025\/03\/27\/a-semana-no-brasil-e-no-mundo-petroleiros-fazem-greve-de-24h-contra-gestao-de-magda-chambriard-na-petrobras\/#primaryimage"},"thumbnailUrl":"https:\/\/jornalfatosenoticias.com.br\/wp-content\/uploads\/2025\/03\/greve-petroleiros_gettyimages.jpg","keywords":["Daniel Ortega","Donald Trump","greve","Jair Bolsonaro","Lula","Magda Chambriard","Nicar\u00e1gua","Petrobras","petroleiros","STF"],"articleSection":["Pol\u00edtica"],"inLanguage":"pt-BR","potentialAction":[{"@type":"CommentAction","name":"Comment","target":["https:\/\/jornalfatosenoticias.com.br\/index.php\/2025\/03\/27\/a-semana-no-brasil-e-no-mundo-petroleiros-fazem-greve-de-24h-contra-gestao-de-magda-chambriard-na-petrobras\/#respond"]}]},{"@type":"WebPage","@id":"https:\/\/jornalfatosenoticias.com.br\/index.php\/2025\/03\/27\/a-semana-no-brasil-e-no-mundo-petroleiros-fazem-greve-de-24h-contra-gestao-de-magda-chambriard-na-petrobras\/","url":"https:\/\/jornalfatosenoticias.com.br\/index.php\/2025\/03\/27\/a-semana-no-brasil-e-no-mundo-petroleiros-fazem-greve-de-24h-contra-gestao-de-magda-chambriard-na-petrobras\/","name":"A Semana no Brasil e no Mundo \u2014 Petroleiros fazem greve de 24h contra gest\u00e3o de Magda Chambriard na Petrobras - Jornal Fatos e Not\u00edcias","isPartOf":{"@id":"https:\/\/jornalfatosenoticias.com.br\/#website"},"primaryImageOfPage":{"@id":"https:\/\/jornalfatosenoticias.com.br\/index.php\/2025\/03\/27\/a-semana-no-brasil-e-no-mundo-petroleiros-fazem-greve-de-24h-contra-gestao-de-magda-chambriard-na-petrobras\/#primaryimage"},"image":{"@id":"https:\/\/jornalfatosenoticias.com.br\/index.php\/2025\/03\/27\/a-semana-no-brasil-e-no-mundo-petroleiros-fazem-greve-de-24h-contra-gestao-de-magda-chambriard-na-petrobras\/#primaryimage"},"thumbnailUrl":"https:\/\/jornalfatosenoticias.com.br\/wp-content\/uploads\/2025\/03\/greve-petroleiros_gettyimages.jpg","datePublished":"2025-03-27T18:39:18+00:00","dateModified":"2025-03-27T18:39:20+00:00","breadcrumb":{"@id":"https:\/\/jornalfatosenoticias.com.br\/index.php\/2025\/03\/27\/a-semana-no-brasil-e-no-mundo-petroleiros-fazem-greve-de-24h-contra-gestao-de-magda-chambriard-na-petrobras\/#breadcrumb"},"inLanguage":"pt-BR","potentialAction":[{"@type":"ReadAction","target":["https:\/\/jornalfatosenoticias.com.br\/index.php\/2025\/03\/27\/a-semana-no-brasil-e-no-mundo-petroleiros-fazem-greve-de-24h-contra-gestao-de-magda-chambriard-na-petrobras\/"]}]},{"@type":"ImageObject","inLanguage":"pt-BR","@id":"https:\/\/jornalfatosenoticias.com.br\/index.php\/2025\/03\/27\/a-semana-no-brasil-e-no-mundo-petroleiros-fazem-greve-de-24h-contra-gestao-de-magda-chambriard-na-petrobras\/#primaryimage","url":"https:\/\/jornalfatosenoticias.com.br\/wp-content\/uploads\/2025\/03\/greve-petroleiros_gettyimages.jpg","contentUrl":"https:\/\/jornalfatosenoticias.com.br\/wp-content\/uploads\/2025\/03\/greve-petroleiros_gettyimages.jpg","width":612,"height":408,"caption":"Brazil's President Luiz Ignacio Lula da Silva (L) talks to Petrobras President Magda Chambriard during the inauguration ceremony of the Bonaventura Energy Complex in Itabora\u00ed, Rio de Janeiro State, Brazil, on September 13, 2024. (Photo by Pablo PORCIUNCULA \/ AFP) (Photo by PABLO PORCIUNCULA\/AFP via Getty Images)"},{"@type":"BreadcrumbList","@id":"https:\/\/jornalfatosenoticias.com.br\/index.php\/2025\/03\/27\/a-semana-no-brasil-e-no-mundo-petroleiros-fazem-greve-de-24h-contra-gestao-de-magda-chambriard-na-petrobras\/#breadcrumb","itemListElement":[{"@type":"ListItem","position":1,"name":"In\u00edcio","item":"https:\/\/jornalfatosenoticias.com.br\/"},{"@type":"ListItem","position":2,"name":"A Semana no Brasil e no Mundo \u2014 Petroleiros fazem greve de 24h contra gest\u00e3o de Magda Chambriard na Petrobras"}]},{"@type":"WebSite","@id":"https:\/\/jornalfatosenoticias.com.br\/#website","url":"https:\/\/jornalfatosenoticias.com.br\/","name":"Jornal Fatos e Not\u00edcias","description":"Not\u00edcias em geral","publisher":{"@id":"https:\/\/jornalfatosenoticias.com.br\/#organization"},"potentialAction":[{"@type":"SearchAction","target":{"@type":"EntryPoint","urlTemplate":"https:\/\/jornalfatosenoticias.com.br\/?s={search_term_string}"},"query-input":{"@type":"PropertyValueSpecification","valueRequired":true,"valueName":"search_term_string"}}],"inLanguage":"pt-BR"},{"@type":"Organization","@id":"https:\/\/jornalfatosenoticias.com.br\/#organization","name":"Jornal Fatos e Not\u00edcias","url":"https:\/\/jornalfatosenoticias.com.br\/","logo":{"@type":"ImageObject","inLanguage":"pt-BR","@id":"https:\/\/jornalfatosenoticias.com.br\/#\/schema\/logo\/image\/","url":"https:\/\/jornalfatosenoticias.com.br\/wp-content\/uploads\/2020\/02\/logo120.png","contentUrl":"https:\/\/jornalfatosenoticias.com.br\/wp-content\/uploads\/2020\/02\/logo120.png","width":1227,"height":120,"caption":"Jornal Fatos e Not\u00edcias"},"image":{"@id":"https:\/\/jornalfatosenoticias.com.br\/#\/schema\/logo\/image\/"}},{"@type":"Person","@id":"https:\/\/jornalfatosenoticias.com.br\/#\/schema\/person\/05c46cc25b42a5c27e004fb0fa6b4965","name":"Haroldo Filho","image":{"@type":"ImageObject","inLanguage":"pt-BR","@id":"https:\/\/jornalfatosenoticias.com.br\/#\/schema\/person\/image\/","url":"https:\/\/jornalfatosenoticias.com.br\/wp-content\/uploads\/2025\/08\/WhatsApp-Image-2025-08-18-at-15.30.28-150x150.jpeg","contentUrl":"https:\/\/jornalfatosenoticias.com.br\/wp-content\/uploads\/2025\/08\/WhatsApp-Image-2025-08-18-at-15.30.28-150x150.jpeg","caption":"Haroldo Filho"},"description":"Jornalista \u2013 DRT: 0003818\/ES Coordenador-geral da ONG Educar para Crescer","url":"https:\/\/jornalfatosenoticias.com.br\/index.php\/author\/haroldo\/"}]}},"cc_featured_image_caption":{"caption_text":"(Foto: Getty Images) ","source_text":"","source_url":""},"jetpack_featured_media_url":"https:\/\/jornalfatosenoticias.com.br\/wp-content\/uploads\/2025\/03\/greve-petroleiros_gettyimages.jpg","_links":{"self":[{"href":"https:\/\/jornalfatosenoticias.com.br\/index.php\/wp-json\/wp\/v2\/posts\/58065","targetHints":{"allow":["GET"]}}],"collection":[{"href":"https:\/\/jornalfatosenoticias.com.br\/index.php\/wp-json\/wp\/v2\/posts"}],"about":[{"href":"https:\/\/jornalfatosenoticias.com.br\/index.php\/wp-json\/wp\/v2\/types\/post"}],"author":[{"embeddable":true,"href":"https:\/\/jornalfatosenoticias.com.br\/index.php\/wp-json\/wp\/v2\/users\/3"}],"replies":[{"embeddable":true,"href":"https:\/\/jornalfatosenoticias.com.br\/index.php\/wp-json\/wp\/v2\/comments?post=58065"}],"version-history":[{"count":0,"href":"https:\/\/jornalfatosenoticias.com.br\/index.php\/wp-json\/wp\/v2\/posts\/58065\/revisions"}],"wp:featuredmedia":[{"embeddable":true,"href":"https:\/\/jornalfatosenoticias.com.br\/index.php\/wp-json\/wp\/v2\/media\/58071"}],"wp:attachment":[{"href":"https:\/\/jornalfatosenoticias.com.br\/index.php\/wp-json\/wp\/v2\/media?parent=58065"}],"wp:term":[{"taxonomy":"category","embeddable":true,"href":"https:\/\/jornalfatosenoticias.com.br\/index.php\/wp-json\/wp\/v2\/categories?post=58065"},{"taxonomy":"post_tag","embeddable":true,"href":"https:\/\/jornalfatosenoticias.com.br\/index.php\/wp-json\/wp\/v2\/tags?post=58065"}],"curies":[{"name":"wp","href":"https:\/\/api.w.org\/{rel}","templated":true}]}}