{"id":58100,"date":"2025-03-29T13:43:04","date_gmt":"2025-03-29T16:43:04","guid":{"rendered":"https:\/\/jornalfatosenoticias.com.br\/?p=58100"},"modified":"2025-03-29T13:43:05","modified_gmt":"2025-03-29T16:43:05","slug":"veneno-de-sapo-pode-tratar-ansiedade-e-depressao-diz-estudo","status":"publish","type":"post","link":"https:\/\/jornalfatosenoticias.com.br\/index.php\/2025\/03\/29\/veneno-de-sapo-pode-tratar-ansiedade-e-depressao-diz-estudo\/","title":{"rendered":"Veneno de sapo pode tratar ansiedade e depress\u00e3o, diz estudo"},"content":{"rendered":"\n<p><em><span class=\"has-inline-color has-black-color\">Aproximadamente 80% dos pacientes analisados por pesquisadores relataram melhorias na ansiedade e na depress\u00e3o<\/span><\/em><\/p>\n\n\n\n<p><span class=\"has-inline-color has-black-color\">Por <strong><a href=\"https:\/\/olhardigital.com.br\/author\/alessandro-lorenzo\/\">Alessandro Di Lorenzo<\/a><\/strong><\/span><\/p>\n\n\n\n<div class=\"wp-block-image\"><figure class=\"aligncenter size-large\"><a href=\"https:\/\/mizu.com.br\/\"><img loading=\"lazy\" decoding=\"async\" width=\"729\" height=\"90\" src=\"https:\/\/jornalfatosenoticias.com.br\/wp-content\/uploads\/2020\/02\/Logo_Mizu.png\" alt=\"\" class=\"wp-image-1441\" srcset=\"https:\/\/jornalfatosenoticias.com.br\/wp-content\/uploads\/2020\/02\/Logo_Mizu.png 729w, https:\/\/jornalfatosenoticias.com.br\/wp-content\/uploads\/2020\/02\/Logo_Mizu-300x37.png 300w\" sizes=\"auto, (max-width: 729px) 100vw, 729px\" \/><\/a><\/figure><\/div>\n\n\n\n<p>Pesquisadores da Universidade Johns Hopkins, dos Estados Unidos, fizeram uma descoberta que pode abrir novos caminhos no desenvolvimento de tratamentos contra a <a href=\"https:\/\/olhardigital.com.br\/tag\/depressao\/\" target=\"_blank\" rel=\"noreferrer noopener\"><strong>depress\u00e3o<\/strong><\/a>\u00a0e a\u00a0<strong><a href=\"https:\/\/olhardigital.com.br\/tag\/ansiedade\/\" target=\"_blank\" rel=\"noreferrer noopener\">ansiedade<\/a>. <\/strong>E isso gra\u00e7as a um\u00a0<a href=\"https:\/\/olhardigital.com.br\/tag\/veneno\/\" target=\"_blank\" rel=\"noreferrer noopener\"><strong>veneno<\/strong><\/a>\u00a0produzido por um\u00a0<strong><a href=\"https:\/\/olhardigital.com.br\/tag\/sapo\/\" target=\"_blank\" rel=\"noreferrer noopener\">sapo<\/a>.<\/strong> Estamos falando do Bufo alvarius, tamb\u00e9m conhecido como sapo do deserto de Sonora ou sapo do rio Colorado. Este animal \u00e9 capaz de produzir a subst\u00e2ncia alucin\u00f3gena 5-MeO-DMT (5-metoxi-N, N-dimetiltriptamina ou O-metil-bufotenina).<br>Durante o trabalho, publicado na revista <strong><a href=\"https:\/\/www.tandfonline.com\/doi\/full\/10.1080\/00952990.2023.2220874#d1e288\" target=\"_blank\" rel=\"noreferrer noopener\">The American Journal of Drug and Alcohol Abuse<\/a>,<\/strong> um grupo de 362 adultos recebeu a subst\u00e2ncia.  Aproximadamente 80% deles relataram melhorias na ansiedade e na depress\u00e3o. Segundo os cientistas, estes efeitos foram associados a experimenta\u00e7\u00e3o de efeitos psicod\u00e9licos mais intensos durante a experi\u00eancia com 5-MeO-DMT. Al\u00e9m disso, foram relacionadas a uma maior certeza de que a experi\u00eancia favorecia o bem-estar a longo prazo e a satisfa\u00e7\u00e3o com a vida.<\/p>\n\n\n\n<div class=\"wp-block-image\"><figure class=\"aligncenter size-large is-resized\"><a href=\"https:\/\/panper.com.br\/\"><img loading=\"lazy\" decoding=\"async\" src=\"https:\/\/jornalfatosenoticias.com.br\/wp-content\/uploads\/2023\/03\/logo-Panper_portal.jpg\" alt=\"\" class=\"wp-image-40208\" width=\"267\" height=\"185\" srcset=\"https:\/\/jornalfatosenoticias.com.br\/wp-content\/uploads\/2023\/03\/logo-Panper_portal.jpg 400w, https:\/\/jornalfatosenoticias.com.br\/wp-content\/uploads\/2023\/03\/logo-Panper_portal-300x208.jpg 300w\" sizes=\"auto, (max-width: 267px) 100vw, 267px\" \/><\/a><\/figure><\/div>\n\n\n\n<p>Em outras palavras, o estudo demonstrou que os psicod\u00e9licos administrados junto com a psicoterapia ajudam pessoas com depress\u00e3o e ansiedade. Apesar dos resultados promissores, a equipe afirma que ainda \u00e9 necess\u00e1rio realizar novos estudos para entender quais os efeitos de longo prazo da subst\u00e2ncia.<\/p>\n\n\n\n<div class=\"wp-block-image\"><figure class=\"aligncenter size-large is-resized\"><a href=\"https:\/\/www.instagram.com\/esteiochurrascaria\/\"><img loading=\"lazy\" decoding=\"async\" src=\"https:\/\/jornalfatosenoticias.com.br\/wp-content\/uploads\/2022\/02\/LOGO-ESTEIO-1024x730.png\" alt=\"\" class=\"wp-image-27942\" width=\"317\" height=\"226\" srcset=\"https:\/\/jornalfatosenoticias.com.br\/wp-content\/uploads\/2022\/02\/LOGO-ESTEIO-1024x730.png 1024w, https:\/\/jornalfatosenoticias.com.br\/wp-content\/uploads\/2022\/02\/LOGO-ESTEIO-300x214.png 300w, https:\/\/jornalfatosenoticias.com.br\/wp-content\/uploads\/2022\/02\/LOGO-ESTEIO-768x548.png 768w, https:\/\/jornalfatosenoticias.com.br\/wp-content\/uploads\/2022\/02\/LOGO-ESTEIO.png 1123w\" sizes=\"auto, (max-width: 317px) 100vw, 317px\" \/><\/a><\/figure><\/div>\n\n\n\n<p><span class=\"has-inline-color has-vivid-cyan-blue-color\"><strong>Efeitos semelhantes j\u00e1 haviam sido descritos anteriormente<br><\/strong><\/span>\u2705 Esta n\u00e3o \u00e9 a primeira vez que pesquisadores descrevem os efeitos terap\u00eauticos e as poss\u00edveis aplica\u00e7\u00f5es medicinais dessa subst\u00e2ncia.<br>\u2705 Um estudo publicado na revista <strong><a href=\"https:\/\/www.nature.com\/articles\/s41586-024-07403-2\" target=\"_blank\" rel=\"noreferrer noopener\">Nature<\/a><\/strong> j\u00e1 havia apontado que o 5-MeO-DMT poderia contribuir substancialmente para os efeitos antidepressivos sustentados dos psicod\u00e9licos.<\/p>\n\n\n\n<div class=\"wp-block-image\"><figure class=\"aligncenter size-large\"><a href=\"https:\/\/www.cesconetto.com.br\/\"><img loading=\"lazy\" decoding=\"async\" width=\"300\" height=\"250\" src=\"https:\/\/jornalfatosenoticias.com.br\/wp-content\/uploads\/2020\/02\/Banner-2.png\" alt=\"\" class=\"wp-image-43787\"\/><\/a><\/figure><\/div>\n\n\n\n<p>\u2705 Neste trabalho, os cientistas defenderam que a subst\u00e2ncia pode ajudar a ativar a serotonina.<br>\u2705 Este \u00e9 um neurotransmissor relacionado \u00e0s emo\u00e7\u00f5es e ao humor, cuja baixa concentra\u00e7\u00e3o no nosso organismo pode causar depress\u00e3o.<\/p>\n\n\n\n<div class=\"wp-block-image\"><figure class=\"aligncenter size-large is-resized\"><a href=\"https:\/\/hotelmarquetti.com.br\/\"><img loading=\"lazy\" decoding=\"async\" src=\"https:\/\/jornalfatosenoticias.com.br\/wp-content\/uploads\/2023\/03\/nova-logo-Marquetti.jpg\" alt=\"\" class=\"wp-image-40207\" width=\"280\" height=\"188\" srcset=\"https:\/\/jornalfatosenoticias.com.br\/wp-content\/uploads\/2023\/03\/nova-logo-Marquetti.jpg 643w, https:\/\/jornalfatosenoticias.com.br\/wp-content\/uploads\/2023\/03\/nova-logo-Marquetti-300x202.jpg 300w\" sizes=\"auto, (max-width: 280px) 100vw, 280px\" \/><\/a><\/figure><\/div>\n\n\n\n<p><strong>Fonte: <a href=\"https:\/\/olhardigital.com.br\/2025\/03\/19\/medicina-e-saude\/veneno-de-sapo-pode-tratar-ansiedade-e-depressao-diz-estudo\/\">Olhar Digital<\/a><\/strong><\/p>\n","protected":false},"excerpt":{"rendered":"<p>Aproximadamente 80% dos pacientes analisados por pesquisadores relataram melhorias na ansiedade e na depress\u00e3o Por Alessandro Di Lorenzo Pesquisadores da Universidade Johns Hopkins, dos Estados Unidos, fizeram uma descoberta que pode abrir novos caminhos no desenvolvimento de tratamentos contra a depress\u00e3o\u00a0e a\u00a0ansiedade. E isso gra\u00e7as a um\u00a0veneno\u00a0produzido por um\u00a0sapo. Estamos falando do Bufo alvarius, tamb\u00e9m [&hellip;]<\/p>\n","protected":false},"author":2,"featured_media":58101,"comment_status":"open","ping_status":"open","sticky":false,"template":"","format":"standard","meta":{"footnotes":""},"categories":[2522,11],"tags":[2279,2375,2935,2358],"class_list":["post-58100","post","type-post","status-publish","format-standard","has-post-thumbnail","hentry","category-comportamento","category-saude","tag-ansiedade","tag-depressao","tag-sapo","tag-veneno"],"yoast_head":"<!-- This site is optimized with the Yoast SEO plugin v26.5 - https:\/\/yoast.com\/wordpress\/plugins\/seo\/ -->\n<title>Veneno de sapo pode tratar ansiedade e depress\u00e3o, diz estudo - Jornal Fatos e Not\u00edcias<\/title>\n<meta name=\"robots\" content=\"index, follow, max-snippet:-1, max-image-preview:large, max-video-preview:-1\" \/>\n<link rel=\"canonical\" href=\"https:\/\/jornalfatosenoticias.com.br\/index.php\/2025\/03\/29\/veneno-de-sapo-pode-tratar-ansiedade-e-depressao-diz-estudo\/\" \/>\n<meta property=\"og:locale\" content=\"pt_BR\" \/>\n<meta property=\"og:type\" content=\"article\" \/>\n<meta property=\"og:title\" content=\"Veneno de sapo pode tratar ansiedade e depress\u00e3o, diz estudo - Jornal Fatos e Not\u00edcias\" \/>\n<meta property=\"og:description\" content=\"Aproximadamente 80% dos pacientes analisados por pesquisadores relataram melhorias na ansiedade e na depress\u00e3o Por Alessandro Di Lorenzo Pesquisadores da Universidade Johns Hopkins, dos Estados Unidos, fizeram uma descoberta que pode abrir novos caminhos no desenvolvimento de tratamentos contra a depress\u00e3o\u00a0e a\u00a0ansiedade. E isso gra\u00e7as a um\u00a0veneno\u00a0produzido por um\u00a0sapo. Estamos falando do Bufo alvarius, tamb\u00e9m [&hellip;]\" \/>\n<meta property=\"og:url\" content=\"https:\/\/jornalfatosenoticias.com.br\/index.php\/2025\/03\/29\/veneno-de-sapo-pode-tratar-ansiedade-e-depressao-diz-estudo\/\" \/>\n<meta property=\"og:site_name\" content=\"Jornal Fatos e Not\u00edcias\" \/>\n<meta property=\"article:published_time\" content=\"2025-03-29T16:43:04+00:00\" \/>\n<meta property=\"article:modified_time\" content=\"2025-03-29T16:43:05+00:00\" \/>\n<meta property=\"og:image\" content=\"https:\/\/jornalfatosenoticias.com.br\/wp-content\/uploads\/2025\/03\/deprimido-e-sem-esperanca_FREEPIK.jpg\" \/>\n\t<meta property=\"og:image:width\" content=\"826\" \/>\n\t<meta property=\"og:image:height\" content=\"636\" \/>\n\t<meta property=\"og:image:type\" content=\"image\/jpeg\" \/>\n<meta name=\"author\" content=\"Luzimara Fernandes\" \/>\n<meta name=\"twitter:card\" content=\"summary_large_image\" \/>\n<meta name=\"twitter:label1\" content=\"Escrito por\" \/>\n\t<meta name=\"twitter:data1\" content=\"Luzimara Fernandes\" \/>\n\t<meta name=\"twitter:label2\" content=\"Est. tempo de leitura\" \/>\n\t<meta name=\"twitter:data2\" content=\"2 minutos\" \/>\n<script type=\"application\/ld+json\" class=\"yoast-schema-graph\">{\"@context\":\"https:\/\/schema.org\",\"@graph\":[{\"@type\":\"Article\",\"@id\":\"https:\/\/jornalfatosenoticias.com.br\/index.php\/2025\/03\/29\/veneno-de-sapo-pode-tratar-ansiedade-e-depressao-diz-estudo\/#article\",\"isPartOf\":{\"@id\":\"https:\/\/jornalfatosenoticias.com.br\/index.php\/2025\/03\/29\/veneno-de-sapo-pode-tratar-ansiedade-e-depressao-diz-estudo\/\"},\"author\":{\"name\":\"Luzimara Fernandes\",\"@id\":\"https:\/\/jornalfatosenoticias.com.br\/#\/schema\/person\/d63837fa13ac8666eb9e74e0985d6f81\"},\"headline\":\"Veneno de sapo pode tratar ansiedade e depress\u00e3o, diz estudo\",\"datePublished\":\"2025-03-29T16:43:04+00:00\",\"dateModified\":\"2025-03-29T16:43:05+00:00\",\"mainEntityOfPage\":{\"@id\":\"https:\/\/jornalfatosenoticias.com.br\/index.php\/2025\/03\/29\/veneno-de-sapo-pode-tratar-ansiedade-e-depressao-diz-estudo\/\"},\"wordCount\":321,\"commentCount\":0,\"publisher\":{\"@id\":\"https:\/\/jornalfatosenoticias.com.br\/#organization\"},\"image\":{\"@id\":\"https:\/\/jornalfatosenoticias.com.br\/index.php\/2025\/03\/29\/veneno-de-sapo-pode-tratar-ansiedade-e-depressao-diz-estudo\/#primaryimage\"},\"thumbnailUrl\":\"https:\/\/jornalfatosenoticias.com.br\/wp-content\/uploads\/2025\/03\/deprimido-e-sem-esperanca_FREEPIK.jpg\",\"keywords\":[\"ansiedade\",\"depress\u00e3o\",\"sapo\",\"veneno\"],\"articleSection\":[\"Comportamento &amp; Equil\u00edbrio\",\"Sa\u00fade\"],\"inLanguage\":\"pt-BR\",\"potentialAction\":[{\"@type\":\"CommentAction\",\"name\":\"Comment\",\"target\":[\"https:\/\/jornalfatosenoticias.com.br\/index.php\/2025\/03\/29\/veneno-de-sapo-pode-tratar-ansiedade-e-depressao-diz-estudo\/#respond\"]}]},{\"@type\":\"WebPage\",\"@id\":\"https:\/\/jornalfatosenoticias.com.br\/index.php\/2025\/03\/29\/veneno-de-sapo-pode-tratar-ansiedade-e-depressao-diz-estudo\/\",\"url\":\"https:\/\/jornalfatosenoticias.com.br\/index.php\/2025\/03\/29\/veneno-de-sapo-pode-tratar-ansiedade-e-depressao-diz-estudo\/\",\"name\":\"Veneno de sapo pode tratar ansiedade e depress\u00e3o, diz estudo - Jornal Fatos e Not\u00edcias\",\"isPartOf\":{\"@id\":\"https:\/\/jornalfatosenoticias.com.br\/#website\"},\"primaryImageOfPage\":{\"@id\":\"https:\/\/jornalfatosenoticias.com.br\/index.php\/2025\/03\/29\/veneno-de-sapo-pode-tratar-ansiedade-e-depressao-diz-estudo\/#primaryimage\"},\"image\":{\"@id\":\"https:\/\/jornalfatosenoticias.com.br\/index.php\/2025\/03\/29\/veneno-de-sapo-pode-tratar-ansiedade-e-depressao-diz-estudo\/#primaryimage\"},\"thumbnailUrl\":\"https:\/\/jornalfatosenoticias.com.br\/wp-content\/uploads\/2025\/03\/deprimido-e-sem-esperanca_FREEPIK.jpg\",\"datePublished\":\"2025-03-29T16:43:04+00:00\",\"dateModified\":\"2025-03-29T16:43:05+00:00\",\"breadcrumb\":{\"@id\":\"https:\/\/jornalfatosenoticias.com.br\/index.php\/2025\/03\/29\/veneno-de-sapo-pode-tratar-ansiedade-e-depressao-diz-estudo\/#breadcrumb\"},\"inLanguage\":\"pt-BR\",\"potentialAction\":[{\"@type\":\"ReadAction\",\"target\":[\"https:\/\/jornalfatosenoticias.com.br\/index.php\/2025\/03\/29\/veneno-de-sapo-pode-tratar-ansiedade-e-depressao-diz-estudo\/\"]}]},{\"@type\":\"ImageObject\",\"inLanguage\":\"pt-BR\",\"@id\":\"https:\/\/jornalfatosenoticias.com.br\/index.php\/2025\/03\/29\/veneno-de-sapo-pode-tratar-ansiedade-e-depressao-diz-estudo\/#primaryimage\",\"url\":\"https:\/\/jornalfatosenoticias.com.br\/wp-content\/uploads\/2025\/03\/deprimido-e-sem-esperanca_FREEPIK.jpg\",\"contentUrl\":\"https:\/\/jornalfatosenoticias.com.br\/wp-content\/uploads\/2025\/03\/deprimido-e-sem-esperanca_FREEPIK.jpg\",\"width\":826,\"height\":636},{\"@type\":\"BreadcrumbList\",\"@id\":\"https:\/\/jornalfatosenoticias.com.br\/index.php\/2025\/03\/29\/veneno-de-sapo-pode-tratar-ansiedade-e-depressao-diz-estudo\/#breadcrumb\",\"itemListElement\":[{\"@type\":\"ListItem\",\"position\":1,\"name\":\"In\u00edcio\",\"item\":\"https:\/\/jornalfatosenoticias.com.br\/\"},{\"@type\":\"ListItem\",\"position\":2,\"name\":\"Veneno de sapo pode tratar ansiedade e depress\u00e3o, diz estudo\"}]},{\"@type\":\"WebSite\",\"@id\":\"https:\/\/jornalfatosenoticias.com.br\/#website\",\"url\":\"https:\/\/jornalfatosenoticias.com.br\/\",\"name\":\"Jornal Fatos e Not\u00edcias\",\"description\":\"Not\u00edcias em geral\",\"publisher\":{\"@id\":\"https:\/\/jornalfatosenoticias.com.br\/#organization\"},\"potentialAction\":[{\"@type\":\"SearchAction\",\"target\":{\"@type\":\"EntryPoint\",\"urlTemplate\":\"https:\/\/jornalfatosenoticias.com.br\/?s={search_term_string}\"},\"query-input\":{\"@type\":\"PropertyValueSpecification\",\"valueRequired\":true,\"valueName\":\"search_term_string\"}}],\"inLanguage\":\"pt-BR\"},{\"@type\":\"Organization\",\"@id\":\"https:\/\/jornalfatosenoticias.com.br\/#organization\",\"name\":\"Jornal Fatos e Not\u00edcias\",\"url\":\"https:\/\/jornalfatosenoticias.com.br\/\",\"logo\":{\"@type\":\"ImageObject\",\"inLanguage\":\"pt-BR\",\"@id\":\"https:\/\/jornalfatosenoticias.com.br\/#\/schema\/logo\/image\/\",\"url\":\"https:\/\/jornalfatosenoticias.com.br\/wp-content\/uploads\/2020\/02\/logo120.png\",\"contentUrl\":\"https:\/\/jornalfatosenoticias.com.br\/wp-content\/uploads\/2020\/02\/logo120.png\",\"width\":1227,\"height\":120,\"caption\":\"Jornal Fatos e Not\u00edcias\"},\"image\":{\"@id\":\"https:\/\/jornalfatosenoticias.com.br\/#\/schema\/logo\/image\/\"}},{\"@type\":\"Person\",\"@id\":\"https:\/\/jornalfatosenoticias.com.br\/#\/schema\/person\/d63837fa13ac8666eb9e74e0985d6f81\",\"name\":\"Luzimara Fernandes\",\"image\":{\"@type\":\"ImageObject\",\"inLanguage\":\"pt-BR\",\"@id\":\"https:\/\/jornalfatosenoticias.com.br\/#\/schema\/person\/image\/\",\"url\":\"https:\/\/jornalfatosenoticias.com.br\/wp-content\/uploads\/2025\/05\/EU_portal.jpg\",\"contentUrl\":\"https:\/\/jornalfatosenoticias.com.br\/wp-content\/uploads\/2025\/05\/EU_portal.jpg\",\"caption\":\"Luzimara Fernandes\"},\"description\":\"Jornalista MTB 2358-ES\",\"sameAs\":[\"https:\/\/jornalfatosenoticias.com.br\"],\"url\":\"https:\/\/jornalfatosenoticias.com.br\/index.php\/author\/luzimara\/\"}]}<\/script>\n<!-- \/ Yoast SEO plugin. -->","yoast_head_json":{"title":"Veneno de sapo pode tratar ansiedade e depress\u00e3o, diz estudo - Jornal Fatos e Not\u00edcias","robots":{"index":"index","follow":"follow","max-snippet":"max-snippet:-1","max-image-preview":"max-image-preview:large","max-video-preview":"max-video-preview:-1"},"canonical":"https:\/\/jornalfatosenoticias.com.br\/index.php\/2025\/03\/29\/veneno-de-sapo-pode-tratar-ansiedade-e-depressao-diz-estudo\/","og_locale":"pt_BR","og_type":"article","og_title":"Veneno de sapo pode tratar ansiedade e depress\u00e3o, diz estudo - Jornal Fatos e Not\u00edcias","og_description":"Aproximadamente 80% dos pacientes analisados por pesquisadores relataram melhorias na ansiedade e na depress\u00e3o Por Alessandro Di Lorenzo Pesquisadores da Universidade Johns Hopkins, dos Estados Unidos, fizeram uma descoberta que pode abrir novos caminhos no desenvolvimento de tratamentos contra a depress\u00e3o\u00a0e a\u00a0ansiedade. E isso gra\u00e7as a um\u00a0veneno\u00a0produzido por um\u00a0sapo. Estamos falando do Bufo alvarius, tamb\u00e9m [&hellip;]","og_url":"https:\/\/jornalfatosenoticias.com.br\/index.php\/2025\/03\/29\/veneno-de-sapo-pode-tratar-ansiedade-e-depressao-diz-estudo\/","og_site_name":"Jornal Fatos e Not\u00edcias","article_published_time":"2025-03-29T16:43:04+00:00","article_modified_time":"2025-03-29T16:43:05+00:00","og_image":[{"width":826,"height":636,"url":"https:\/\/jornalfatosenoticias.com.br\/wp-content\/uploads\/2025\/03\/deprimido-e-sem-esperanca_FREEPIK.jpg","type":"image\/jpeg"}],"author":"Luzimara Fernandes","twitter_card":"summary_large_image","twitter_misc":{"Escrito por":"Luzimara Fernandes","Est. tempo de leitura":"2 minutos"},"schema":{"@context":"https:\/\/schema.org","@graph":[{"@type":"Article","@id":"https:\/\/jornalfatosenoticias.com.br\/index.php\/2025\/03\/29\/veneno-de-sapo-pode-tratar-ansiedade-e-depressao-diz-estudo\/#article","isPartOf":{"@id":"https:\/\/jornalfatosenoticias.com.br\/index.php\/2025\/03\/29\/veneno-de-sapo-pode-tratar-ansiedade-e-depressao-diz-estudo\/"},"author":{"name":"Luzimara Fernandes","@id":"https:\/\/jornalfatosenoticias.com.br\/#\/schema\/person\/d63837fa13ac8666eb9e74e0985d6f81"},"headline":"Veneno de sapo pode tratar ansiedade e depress\u00e3o, diz estudo","datePublished":"2025-03-29T16:43:04+00:00","dateModified":"2025-03-29T16:43:05+00:00","mainEntityOfPage":{"@id":"https:\/\/jornalfatosenoticias.com.br\/index.php\/2025\/03\/29\/veneno-de-sapo-pode-tratar-ansiedade-e-depressao-diz-estudo\/"},"wordCount":321,"commentCount":0,"publisher":{"@id":"https:\/\/jornalfatosenoticias.com.br\/#organization"},"image":{"@id":"https:\/\/jornalfatosenoticias.com.br\/index.php\/2025\/03\/29\/veneno-de-sapo-pode-tratar-ansiedade-e-depressao-diz-estudo\/#primaryimage"},"thumbnailUrl":"https:\/\/jornalfatosenoticias.com.br\/wp-content\/uploads\/2025\/03\/deprimido-e-sem-esperanca_FREEPIK.jpg","keywords":["ansiedade","depress\u00e3o","sapo","veneno"],"articleSection":["Comportamento &amp; Equil\u00edbrio","Sa\u00fade"],"inLanguage":"pt-BR","potentialAction":[{"@type":"CommentAction","name":"Comment","target":["https:\/\/jornalfatosenoticias.com.br\/index.php\/2025\/03\/29\/veneno-de-sapo-pode-tratar-ansiedade-e-depressao-diz-estudo\/#respond"]}]},{"@type":"WebPage","@id":"https:\/\/jornalfatosenoticias.com.br\/index.php\/2025\/03\/29\/veneno-de-sapo-pode-tratar-ansiedade-e-depressao-diz-estudo\/","url":"https:\/\/jornalfatosenoticias.com.br\/index.php\/2025\/03\/29\/veneno-de-sapo-pode-tratar-ansiedade-e-depressao-diz-estudo\/","name":"Veneno de sapo pode tratar ansiedade e depress\u00e3o, diz estudo - Jornal Fatos e Not\u00edcias","isPartOf":{"@id":"https:\/\/jornalfatosenoticias.com.br\/#website"},"primaryImageOfPage":{"@id":"https:\/\/jornalfatosenoticias.com.br\/index.php\/2025\/03\/29\/veneno-de-sapo-pode-tratar-ansiedade-e-depressao-diz-estudo\/#primaryimage"},"image":{"@id":"https:\/\/jornalfatosenoticias.com.br\/index.php\/2025\/03\/29\/veneno-de-sapo-pode-tratar-ansiedade-e-depressao-diz-estudo\/#primaryimage"},"thumbnailUrl":"https:\/\/jornalfatosenoticias.com.br\/wp-content\/uploads\/2025\/03\/deprimido-e-sem-esperanca_FREEPIK.jpg","datePublished":"2025-03-29T16:43:04+00:00","dateModified":"2025-03-29T16:43:05+00:00","breadcrumb":{"@id":"https:\/\/jornalfatosenoticias.com.br\/index.php\/2025\/03\/29\/veneno-de-sapo-pode-tratar-ansiedade-e-depressao-diz-estudo\/#breadcrumb"},"inLanguage":"pt-BR","potentialAction":[{"@type":"ReadAction","target":["https:\/\/jornalfatosenoticias.com.br\/index.php\/2025\/03\/29\/veneno-de-sapo-pode-tratar-ansiedade-e-depressao-diz-estudo\/"]}]},{"@type":"ImageObject","inLanguage":"pt-BR","@id":"https:\/\/jornalfatosenoticias.com.br\/index.php\/2025\/03\/29\/veneno-de-sapo-pode-tratar-ansiedade-e-depressao-diz-estudo\/#primaryimage","url":"https:\/\/jornalfatosenoticias.com.br\/wp-content\/uploads\/2025\/03\/deprimido-e-sem-esperanca_FREEPIK.jpg","contentUrl":"https:\/\/jornalfatosenoticias.com.br\/wp-content\/uploads\/2025\/03\/deprimido-e-sem-esperanca_FREEPIK.jpg","width":826,"height":636},{"@type":"BreadcrumbList","@id":"https:\/\/jornalfatosenoticias.com.br\/index.php\/2025\/03\/29\/veneno-de-sapo-pode-tratar-ansiedade-e-depressao-diz-estudo\/#breadcrumb","itemListElement":[{"@type":"ListItem","position":1,"name":"In\u00edcio","item":"https:\/\/jornalfatosenoticias.com.br\/"},{"@type":"ListItem","position":2,"name":"Veneno de sapo pode tratar ansiedade e depress\u00e3o, diz estudo"}]},{"@type":"WebSite","@id":"https:\/\/jornalfatosenoticias.com.br\/#website","url":"https:\/\/jornalfatosenoticias.com.br\/","name":"Jornal Fatos e Not\u00edcias","description":"Not\u00edcias em geral","publisher":{"@id":"https:\/\/jornalfatosenoticias.com.br\/#organization"},"potentialAction":[{"@type":"SearchAction","target":{"@type":"EntryPoint","urlTemplate":"https:\/\/jornalfatosenoticias.com.br\/?s={search_term_string}"},"query-input":{"@type":"PropertyValueSpecification","valueRequired":true,"valueName":"search_term_string"}}],"inLanguage":"pt-BR"},{"@type":"Organization","@id":"https:\/\/jornalfatosenoticias.com.br\/#organization","name":"Jornal Fatos e Not\u00edcias","url":"https:\/\/jornalfatosenoticias.com.br\/","logo":{"@type":"ImageObject","inLanguage":"pt-BR","@id":"https:\/\/jornalfatosenoticias.com.br\/#\/schema\/logo\/image\/","url":"https:\/\/jornalfatosenoticias.com.br\/wp-content\/uploads\/2020\/02\/logo120.png","contentUrl":"https:\/\/jornalfatosenoticias.com.br\/wp-content\/uploads\/2020\/02\/logo120.png","width":1227,"height":120,"caption":"Jornal Fatos e Not\u00edcias"},"image":{"@id":"https:\/\/jornalfatosenoticias.com.br\/#\/schema\/logo\/image\/"}},{"@type":"Person","@id":"https:\/\/jornalfatosenoticias.com.br\/#\/schema\/person\/d63837fa13ac8666eb9e74e0985d6f81","name":"Luzimara Fernandes","image":{"@type":"ImageObject","inLanguage":"pt-BR","@id":"https:\/\/jornalfatosenoticias.com.br\/#\/schema\/person\/image\/","url":"https:\/\/jornalfatosenoticias.com.br\/wp-content\/uploads\/2025\/05\/EU_portal.jpg","contentUrl":"https:\/\/jornalfatosenoticias.com.br\/wp-content\/uploads\/2025\/05\/EU_portal.jpg","caption":"Luzimara Fernandes"},"description":"Jornalista MTB 2358-ES","sameAs":["https:\/\/jornalfatosenoticias.com.br"],"url":"https:\/\/jornalfatosenoticias.com.br\/index.php\/author\/luzimara\/"}]}},"cc_featured_image_caption":{"caption_text":"(Foto: Freepik) ","source_text":"","source_url":""},"jetpack_featured_media_url":"https:\/\/jornalfatosenoticias.com.br\/wp-content\/uploads\/2025\/03\/deprimido-e-sem-esperanca_FREEPIK.jpg","_links":{"self":[{"href":"https:\/\/jornalfatosenoticias.com.br\/index.php\/wp-json\/wp\/v2\/posts\/58100","targetHints":{"allow":["GET"]}}],"collection":[{"href":"https:\/\/jornalfatosenoticias.com.br\/index.php\/wp-json\/wp\/v2\/posts"}],"about":[{"href":"https:\/\/jornalfatosenoticias.com.br\/index.php\/wp-json\/wp\/v2\/types\/post"}],"author":[{"embeddable":true,"href":"https:\/\/jornalfatosenoticias.com.br\/index.php\/wp-json\/wp\/v2\/users\/2"}],"replies":[{"embeddable":true,"href":"https:\/\/jornalfatosenoticias.com.br\/index.php\/wp-json\/wp\/v2\/comments?post=58100"}],"version-history":[{"count":0,"href":"https:\/\/jornalfatosenoticias.com.br\/index.php\/wp-json\/wp\/v2\/posts\/58100\/revisions"}],"wp:featuredmedia":[{"embeddable":true,"href":"https:\/\/jornalfatosenoticias.com.br\/index.php\/wp-json\/wp\/v2\/media\/58101"}],"wp:attachment":[{"href":"https:\/\/jornalfatosenoticias.com.br\/index.php\/wp-json\/wp\/v2\/media?parent=58100"}],"wp:term":[{"taxonomy":"category","embeddable":true,"href":"https:\/\/jornalfatosenoticias.com.br\/index.php\/wp-json\/wp\/v2\/categories?post=58100"},{"taxonomy":"post_tag","embeddable":true,"href":"https:\/\/jornalfatosenoticias.com.br\/index.php\/wp-json\/wp\/v2\/tags?post=58100"}],"curies":[{"name":"wp","href":"https:\/\/api.w.org\/{rel}","templated":true}]}}