{"id":58109,"date":"2025-03-31T08:59:01","date_gmt":"2025-03-31T11:59:01","guid":{"rendered":"https:\/\/jornalfatosenoticias.com.br\/?p=58109"},"modified":"2025-03-31T08:59:02","modified_gmt":"2025-03-31T11:59:02","slug":"prefeito-tiktok-e-investigado-por-superfaturamento-em-compras-de-livros-educativos","status":"publish","type":"post","link":"https:\/\/jornalfatosenoticias.com.br\/index.php\/2025\/03\/31\/prefeito-tiktok-e-investigado-por-superfaturamento-em-compras-de-livros-educativos\/","title":{"rendered":"Prefeito TikTok \u00e9 investigado por superfaturamento em compras de livros educativos"},"content":{"rendered":"\n<div class=\"wp-block-image\"><figure class=\"aligncenter size-large is-resized\"><a href=\"https:\/\/www.facebook.com\/vetor.vix\/\"><img loading=\"lazy\" decoding=\"async\" src=\"https:\/\/jornalfatosenoticias.com.br\/wp-content\/uploads\/2023\/09\/vetorvix1024_1.jpg\" alt=\"\" class=\"wp-image-44868\" width=\"528\" height=\"140\" srcset=\"https:\/\/jornalfatosenoticias.com.br\/wp-content\/uploads\/2023\/09\/vetorvix1024_1.jpg 1024w, https:\/\/jornalfatosenoticias.com.br\/wp-content\/uploads\/2023\/09\/vetorvix1024_1-300x80.jpg 300w, https:\/\/jornalfatosenoticias.com.br\/wp-content\/uploads\/2023\/09\/vetorvix1024_1-768x205.jpg 768w\" sizes=\"auto, (max-width: 528px) 100vw, 528px\" \/><\/a><\/figure><\/div>\n\n\n\n<p>A gest\u00e3o do prefeito Jo\u00e3o Campos (PSB), em Recife, \u00e9 alvo de um relat\u00f3rio preliminar do Tribunal de Contas do Estado de Pernambuco (TCE-PE), que aponta um poss\u00edvel superfaturamento de mais de R$ 3,3 milh\u00f5es na compra de kits did\u00e1ticos e licen\u00e7as de uso para professores da rede municipal entre 2023 e 2024. A aquisi\u00e7\u00e3o foi feita sem licita\u00e7\u00e3o, por meio de inexigibilidade contratual, junto \u00e0 empresa Mind Lab. A informa\u00e7\u00e3o \u00e9 do site Metr\u00f3poles.<br>Segundo o TCE, o valor unit\u00e1rio de cada kit destinado aos docentes chega a R$ 1.690, podendo alcan\u00e7ar R$ 6.040 com a inclus\u00e3o de licen\u00e7as e demais materiais. Em contraste, o kit destinado aos alunos custa R$ 58. <\/p>\n\n\n\n<div class=\"wp-block-image\"><figure class=\"aligncenter size-large is-resized\"><a href=\"https:\/\/www.instagram.com\/esteiochurrascaria\/\"><img loading=\"lazy\" decoding=\"async\" src=\"https:\/\/jornalfatosenoticias.com.br\/wp-content\/uploads\/2022\/02\/LOGO-ESTEIO-1024x730.png\" alt=\"\" class=\"wp-image-27942\" width=\"337\" height=\"240\" srcset=\"https:\/\/jornalfatosenoticias.com.br\/wp-content\/uploads\/2022\/02\/LOGO-ESTEIO-1024x730.png 1024w, https:\/\/jornalfatosenoticias.com.br\/wp-content\/uploads\/2022\/02\/LOGO-ESTEIO-300x214.png 300w, https:\/\/jornalfatosenoticias.com.br\/wp-content\/uploads\/2022\/02\/LOGO-ESTEIO-768x548.png 768w, https:\/\/jornalfatosenoticias.com.br\/wp-content\/uploads\/2022\/02\/LOGO-ESTEIO.png 1123w\" sizes=\"auto, (max-width: 337px) 100vw, 337px\" \/><\/a><\/figure><\/div>\n\n\n\n<blockquote class=\"wp-block-quote is-layout-flow wp-block-quote-is-layout-flow\"><p><span class=\"has-inline-color has-luminous-vivid-orange-color\">Nota-se fora de qualquer razoabilidade o valor de R$ 3.380,00 para dois livros do professor, enquanto os materiais do aluno totalizam R$ 58,00\u201d, afirma o relat\u00f3rio.<\/span><\/p><\/blockquote>\n\n\n\n<div class=\"wp-block-image\"><figure class=\"aligncenter size-large\"><a href=\"http:\/\/www.ferrarimaquinas.com.br\/\"><img loading=\"lazy\" decoding=\"async\" width=\"300\" height=\"250\" src=\"https:\/\/jornalfatosenoticias.com.br\/wp-content\/uploads\/2022\/02\/FERRARI_MAQUINAS-E-FERRAMENTAS2.jpg\" alt=\"\" class=\"wp-image-27860\"\/><\/a><\/figure><\/div>\n\n\n\n<p>O tribunal tamb\u00e9m aponta ind\u00edcios de direcionamento na contrata\u00e7\u00e3o, com exig\u00eancias t\u00e9cnicas que s\u00f3 poderiam ser atendidas pela Mind Lab. O programa \u201cMente Inovadora\u201d, ao qual os kits est\u00e3o vinculados, teria sido implementado sem avalia\u00e7\u00e3o pr\u00e9via de impacto e apresenta, segundo o TCE, \u201cexpressiva subutiliza\u00e7\u00e3o\u201d.<\/p>\n\n\n\n<div class=\"wp-block-image\"><figure class=\"aligncenter size-large is-resized\"><a href=\"https:\/\/www.controlsystems.com.br\/\"><img loading=\"lazy\" decoding=\"async\" src=\"https:\/\/jornalfatosenoticias.com.br\/wp-content\/uploads\/2020\/02\/CONTROL-CS.jpg\" alt=\"\" class=\"wp-image-44991\" width=\"267\" height=\"320\" srcset=\"https:\/\/jornalfatosenoticias.com.br\/wp-content\/uploads\/2020\/02\/CONTROL-CS.jpg 834w, https:\/\/jornalfatosenoticias.com.br\/wp-content\/uploads\/2020\/02\/CONTROL-CS-250x300.jpg 250w, https:\/\/jornalfatosenoticias.com.br\/wp-content\/uploads\/2020\/02\/CONTROL-CS-768x921.jpg 768w\" sizes=\"auto, (max-width: 267px) 100vw, 267px\" \/><\/a><\/figure><\/div>\n\n\n\n<p>A Corte prop\u00f4s a responsabiliza\u00e7\u00e3o do ex-secret\u00e1rio de Educa\u00e7\u00e3o Fred Am\u00e2ncio \u2014 que pediu demiss\u00e3o na semana passada \u2014 de secret\u00e1rios-executivos, t\u00e9cnicos da pasta e da pr\u00f3pria empresa. Tamb\u00e9m recomenda multa de R$ 1,6 milh\u00e3o \u00e0 Mind Lab.<\/p>\n\n\n\n<div class=\"wp-block-image\"><figure class=\"aligncenter size-large is-resized\"><a href=\"https:\/\/www.instagram.com\/rcradiadores\/\"><img loading=\"lazy\" decoding=\"async\" src=\"https:\/\/jornalfatosenoticias.com.br\/wp-content\/uploads\/2022\/10\/RC_800x750_page-0001.jpg\" alt=\"\" class=\"wp-image-35338\" width=\"272\" height=\"255\" srcset=\"https:\/\/jornalfatosenoticias.com.br\/wp-content\/uploads\/2022\/10\/RC_800x750_page-0001.jpg 400w, https:\/\/jornalfatosenoticias.com.br\/wp-content\/uploads\/2022\/10\/RC_800x750_page-0001-300x281.jpg 300w\" sizes=\"auto, (max-width: 272px) 100vw, 272px\" \/><\/a><\/figure><\/div>\n\n\n\n<p>A Prefeitura do Recife reagiu, alegando erro de c\u00e1lculo no relat\u00f3rio e negando qualquer superfaturamento. Segundo a administra\u00e7\u00e3o, o valor de R$ 1.690 foi dividido por 300 kits, mas deveria ter sido associado ao universo de mais de quatro mil professores beneficiados, o que reduziria o custo unit\u00e1rio. \u201cO relat\u00f3rio \u00e9 preliminar, n\u00e3o foi julgado, e a defesa j\u00e1 foi apresentada ao TCE\u201d, disse a prefeitura em nota.<\/p>\n\n\n\n<div class=\"wp-block-image\"><figure class=\"aligncenter size-large is-resized\"><a href=\"https:\/\/www.instagram.com\/serra4x4cambioautomatico\/\"><img loading=\"lazy\" decoding=\"async\" src=\"https:\/\/jornalfatosenoticias.com.br\/wp-content\/uploads\/2024\/08\/Serra-4x4-1-886x1024.jpg\" alt=\"\" class=\"wp-image-53632\" width=\"246\" height=\"284\" srcset=\"https:\/\/jornalfatosenoticias.com.br\/wp-content\/uploads\/2024\/08\/Serra-4x4-1-886x1024.jpg 886w, https:\/\/jornalfatosenoticias.com.br\/wp-content\/uploads\/2024\/08\/Serra-4x4-1-260x300.jpg 260w, https:\/\/jornalfatosenoticias.com.br\/wp-content\/uploads\/2024\/08\/Serra-4x4-1-768x888.jpg 768w, https:\/\/jornalfatosenoticias.com.br\/wp-content\/uploads\/2024\/08\/Serra-4x4-1.jpg 1181w\" sizes=\"auto, (max-width: 246px) 100vw, 246px\" \/><\/a><\/figure><\/div>\n\n\n\n<p>A Mind Lab tamb\u00e9m se manifestou, afirmando que atua em conformidade com a legisla\u00e7\u00e3o e que a contrata\u00e7\u00e3o por inexigibilidade se d\u00e1 por exclusividade de conte\u00fado. \u201cN\u00e3o compactuamos com favorecimentos nem com pr\u00e1ticas que violem a legalidade\u201d, declarou a empresa.<\/p>\n\n\n\n<div class=\"wp-block-image\"><figure class=\"aligncenter size-large is-resized\"><a href=\"https:\/\/panper.com.br\/\"><img loading=\"lazy\" decoding=\"async\" src=\"https:\/\/jornalfatosenoticias.com.br\/wp-content\/uploads\/2023\/03\/logo-Panper_portal.jpg\" alt=\"\" class=\"wp-image-40208\" width=\"271\" height=\"188\" srcset=\"https:\/\/jornalfatosenoticias.com.br\/wp-content\/uploads\/2023\/03\/logo-Panper_portal.jpg 400w, https:\/\/jornalfatosenoticias.com.br\/wp-content\/uploads\/2023\/03\/logo-Panper_portal-300x208.jpg 300w\" sizes=\"auto, (max-width: 271px) 100vw, 271px\" \/><\/a><\/figure><\/div>\n\n\n\n<p>Este \u00e9 o segundo caso de poss\u00edvel sobrepre\u00e7o envolvendo a gest\u00e3o de Jo\u00e3o Campos. Em dezembro, o TCE apontou superfaturamento de R$ 7 milh\u00f5es nas obras do Hospital da Crian\u00e7a. Ambos os processos ainda aguardam julgamento.<\/p>\n\n\n\n<p><strong>Fonte: <a href=\"https:\/\/horabrasilia.com.br\/2025\/03\/prefeito-tiktok-e-investigado-por-superfaturamento-em-compras-de-livros-educativos\/\">Hora Bras\u00edlia<\/a><\/strong><\/p>\n","protected":false},"excerpt":{"rendered":"<p>A gest\u00e3o do prefeito Jo\u00e3o Campos (PSB), em Recife, \u00e9 alvo de um relat\u00f3rio preliminar do Tribunal de Contas do Estado de Pernambuco (TCE-PE), que aponta um poss\u00edvel superfaturamento de mais de R$ 3,3 milh\u00f5es na compra de kits did\u00e1ticos e licen\u00e7as de uso para professores da rede municipal entre 2023 e 2024. A aquisi\u00e7\u00e3o [&hellip;]<\/p>\n","protected":false},"author":2,"featured_media":58110,"comment_status":"open","ping_status":"open","sticky":false,"template":"","format":"standard","meta":{"footnotes":""},"categories":[10],"tags":[26490,26494,26493,26491,12167,17044,26492],"class_list":["post-58109","post","type-post","status-publish","format-standard","has-post-thumbnail","hentry","category-politica","tag-compras-de-livros-educativos","tag-joao-campos","tag-kits-didaticos","tag-mind-lab","tag-recife","tag-superfaturamento","tag-tce"],"yoast_head":"<!-- This site is optimized with the Yoast SEO plugin v26.5 - https:\/\/yoast.com\/wordpress\/plugins\/seo\/ -->\n<title>Prefeito TikTok \u00e9 investigado por superfaturamento em compras de livros educativos - Jornal Fatos e Not\u00edcias<\/title>\n<meta name=\"robots\" content=\"index, follow, max-snippet:-1, max-image-preview:large, max-video-preview:-1\" \/>\n<link rel=\"canonical\" href=\"https:\/\/jornalfatosenoticias.com.br\/index.php\/2025\/03\/31\/prefeito-tiktok-e-investigado-por-superfaturamento-em-compras-de-livros-educativos\/\" \/>\n<meta property=\"og:locale\" content=\"pt_BR\" \/>\n<meta property=\"og:type\" content=\"article\" \/>\n<meta property=\"og:title\" content=\"Prefeito TikTok \u00e9 investigado por superfaturamento em compras de livros educativos - Jornal Fatos e Not\u00edcias\" \/>\n<meta property=\"og:description\" content=\"A gest\u00e3o do prefeito Jo\u00e3o Campos (PSB), em Recife, \u00e9 alvo de um relat\u00f3rio preliminar do Tribunal de Contas do Estado de Pernambuco (TCE-PE), que aponta um poss\u00edvel superfaturamento de mais de R$ 3,3 milh\u00f5es na compra de kits did\u00e1ticos e licen\u00e7as de uso para professores da rede municipal entre 2023 e 2024. A aquisi\u00e7\u00e3o [&hellip;]\" \/>\n<meta property=\"og:url\" content=\"https:\/\/jornalfatosenoticias.com.br\/index.php\/2025\/03\/31\/prefeito-tiktok-e-investigado-por-superfaturamento-em-compras-de-livros-educativos\/\" \/>\n<meta property=\"og:site_name\" content=\"Jornal Fatos e Not\u00edcias\" \/>\n<meta property=\"article:published_time\" content=\"2025-03-31T11:59:01+00:00\" \/>\n<meta property=\"article:modified_time\" content=\"2025-03-31T11:59:02+00:00\" \/>\n<meta property=\"og:image\" content=\"https:\/\/jornalfatosenoticias.com.br\/wp-content\/uploads\/2025\/03\/prefeito-tiktok-molusco.jpeg\" \/>\n\t<meta property=\"og:image:width\" content=\"780\" \/>\n\t<meta property=\"og:image:height\" content=\"470\" \/>\n\t<meta property=\"og:image:type\" content=\"image\/jpeg\" \/>\n<meta name=\"author\" content=\"Luzimara Fernandes\" \/>\n<meta name=\"twitter:card\" content=\"summary_large_image\" \/>\n<meta name=\"twitter:label1\" content=\"Escrito por\" \/>\n\t<meta name=\"twitter:data1\" content=\"Luzimara Fernandes\" \/>\n\t<meta name=\"twitter:label2\" content=\"Est. tempo de leitura\" \/>\n\t<meta name=\"twitter:data2\" content=\"2 minutos\" \/>\n<script type=\"application\/ld+json\" class=\"yoast-schema-graph\">{\"@context\":\"https:\/\/schema.org\",\"@graph\":[{\"@type\":\"Article\",\"@id\":\"https:\/\/jornalfatosenoticias.com.br\/index.php\/2025\/03\/31\/prefeito-tiktok-e-investigado-por-superfaturamento-em-compras-de-livros-educativos\/#article\",\"isPartOf\":{\"@id\":\"https:\/\/jornalfatosenoticias.com.br\/index.php\/2025\/03\/31\/prefeito-tiktok-e-investigado-por-superfaturamento-em-compras-de-livros-educativos\/\"},\"author\":{\"name\":\"Luzimara Fernandes\",\"@id\":\"https:\/\/jornalfatosenoticias.com.br\/#\/schema\/person\/d63837fa13ac8666eb9e74e0985d6f81\"},\"headline\":\"Prefeito TikTok \u00e9 investigado por superfaturamento em compras de livros educativos\",\"datePublished\":\"2025-03-31T11:59:01+00:00\",\"dateModified\":\"2025-03-31T11:59:02+00:00\",\"mainEntityOfPage\":{\"@id\":\"https:\/\/jornalfatosenoticias.com.br\/index.php\/2025\/03\/31\/prefeito-tiktok-e-investigado-por-superfaturamento-em-compras-de-livros-educativos\/\"},\"wordCount\":414,\"commentCount\":0,\"publisher\":{\"@id\":\"https:\/\/jornalfatosenoticias.com.br\/#organization\"},\"image\":{\"@id\":\"https:\/\/jornalfatosenoticias.com.br\/index.php\/2025\/03\/31\/prefeito-tiktok-e-investigado-por-superfaturamento-em-compras-de-livros-educativos\/#primaryimage\"},\"thumbnailUrl\":\"https:\/\/jornalfatosenoticias.com.br\/wp-content\/uploads\/2025\/03\/prefeito-tiktok-molusco.jpeg\",\"keywords\":[\"compras de livros educativos\",\"Jo\u00e3o Campos\",\"kits did\u00e1ticos\",\"Mind Lab\",\"Recife\",\"superfaturamento\",\"TCE\"],\"articleSection\":[\"Pol\u00edtica\"],\"inLanguage\":\"pt-BR\",\"potentialAction\":[{\"@type\":\"CommentAction\",\"name\":\"Comment\",\"target\":[\"https:\/\/jornalfatosenoticias.com.br\/index.php\/2025\/03\/31\/prefeito-tiktok-e-investigado-por-superfaturamento-em-compras-de-livros-educativos\/#respond\"]}]},{\"@type\":\"WebPage\",\"@id\":\"https:\/\/jornalfatosenoticias.com.br\/index.php\/2025\/03\/31\/prefeito-tiktok-e-investigado-por-superfaturamento-em-compras-de-livros-educativos\/\",\"url\":\"https:\/\/jornalfatosenoticias.com.br\/index.php\/2025\/03\/31\/prefeito-tiktok-e-investigado-por-superfaturamento-em-compras-de-livros-educativos\/\",\"name\":\"Prefeito TikTok \u00e9 investigado por superfaturamento em compras de livros educativos - Jornal Fatos e Not\u00edcias\",\"isPartOf\":{\"@id\":\"https:\/\/jornalfatosenoticias.com.br\/#website\"},\"primaryImageOfPage\":{\"@id\":\"https:\/\/jornalfatosenoticias.com.br\/index.php\/2025\/03\/31\/prefeito-tiktok-e-investigado-por-superfaturamento-em-compras-de-livros-educativos\/#primaryimage\"},\"image\":{\"@id\":\"https:\/\/jornalfatosenoticias.com.br\/index.php\/2025\/03\/31\/prefeito-tiktok-e-investigado-por-superfaturamento-em-compras-de-livros-educativos\/#primaryimage\"},\"thumbnailUrl\":\"https:\/\/jornalfatosenoticias.com.br\/wp-content\/uploads\/2025\/03\/prefeito-tiktok-molusco.jpeg\",\"datePublished\":\"2025-03-31T11:59:01+00:00\",\"dateModified\":\"2025-03-31T11:59:02+00:00\",\"breadcrumb\":{\"@id\":\"https:\/\/jornalfatosenoticias.com.br\/index.php\/2025\/03\/31\/prefeito-tiktok-e-investigado-por-superfaturamento-em-compras-de-livros-educativos\/#breadcrumb\"},\"inLanguage\":\"pt-BR\",\"potentialAction\":[{\"@type\":\"ReadAction\",\"target\":[\"https:\/\/jornalfatosenoticias.com.br\/index.php\/2025\/03\/31\/prefeito-tiktok-e-investigado-por-superfaturamento-em-compras-de-livros-educativos\/\"]}]},{\"@type\":\"ImageObject\",\"inLanguage\":\"pt-BR\",\"@id\":\"https:\/\/jornalfatosenoticias.com.br\/index.php\/2025\/03\/31\/prefeito-tiktok-e-investigado-por-superfaturamento-em-compras-de-livros-educativos\/#primaryimage\",\"url\":\"https:\/\/jornalfatosenoticias.com.br\/wp-content\/uploads\/2025\/03\/prefeito-tiktok-molusco.jpeg\",\"contentUrl\":\"https:\/\/jornalfatosenoticias.com.br\/wp-content\/uploads\/2025\/03\/prefeito-tiktok-molusco.jpeg\",\"width\":780,\"height\":470},{\"@type\":\"BreadcrumbList\",\"@id\":\"https:\/\/jornalfatosenoticias.com.br\/index.php\/2025\/03\/31\/prefeito-tiktok-e-investigado-por-superfaturamento-em-compras-de-livros-educativos\/#breadcrumb\",\"itemListElement\":[{\"@type\":\"ListItem\",\"position\":1,\"name\":\"In\u00edcio\",\"item\":\"https:\/\/jornalfatosenoticias.com.br\/\"},{\"@type\":\"ListItem\",\"position\":2,\"name\":\"Prefeito TikTok \u00e9 investigado por superfaturamento em compras de livros educativos\"}]},{\"@type\":\"WebSite\",\"@id\":\"https:\/\/jornalfatosenoticias.com.br\/#website\",\"url\":\"https:\/\/jornalfatosenoticias.com.br\/\",\"name\":\"Jornal Fatos e Not\u00edcias\",\"description\":\"Not\u00edcias em geral\",\"publisher\":{\"@id\":\"https:\/\/jornalfatosenoticias.com.br\/#organization\"},\"potentialAction\":[{\"@type\":\"SearchAction\",\"target\":{\"@type\":\"EntryPoint\",\"urlTemplate\":\"https:\/\/jornalfatosenoticias.com.br\/?s={search_term_string}\"},\"query-input\":{\"@type\":\"PropertyValueSpecification\",\"valueRequired\":true,\"valueName\":\"search_term_string\"}}],\"inLanguage\":\"pt-BR\"},{\"@type\":\"Organization\",\"@id\":\"https:\/\/jornalfatosenoticias.com.br\/#organization\",\"name\":\"Jornal Fatos e Not\u00edcias\",\"url\":\"https:\/\/jornalfatosenoticias.com.br\/\",\"logo\":{\"@type\":\"ImageObject\",\"inLanguage\":\"pt-BR\",\"@id\":\"https:\/\/jornalfatosenoticias.com.br\/#\/schema\/logo\/image\/\",\"url\":\"https:\/\/jornalfatosenoticias.com.br\/wp-content\/uploads\/2020\/02\/logo120.png\",\"contentUrl\":\"https:\/\/jornalfatosenoticias.com.br\/wp-content\/uploads\/2020\/02\/logo120.png\",\"width\":1227,\"height\":120,\"caption\":\"Jornal Fatos e Not\u00edcias\"},\"image\":{\"@id\":\"https:\/\/jornalfatosenoticias.com.br\/#\/schema\/logo\/image\/\"}},{\"@type\":\"Person\",\"@id\":\"https:\/\/jornalfatosenoticias.com.br\/#\/schema\/person\/d63837fa13ac8666eb9e74e0985d6f81\",\"name\":\"Luzimara Fernandes\",\"image\":{\"@type\":\"ImageObject\",\"inLanguage\":\"pt-BR\",\"@id\":\"https:\/\/jornalfatosenoticias.com.br\/#\/schema\/person\/image\/\",\"url\":\"https:\/\/jornalfatosenoticias.com.br\/wp-content\/uploads\/2025\/05\/EU_portal.jpg\",\"contentUrl\":\"https:\/\/jornalfatosenoticias.com.br\/wp-content\/uploads\/2025\/05\/EU_portal.jpg\",\"caption\":\"Luzimara Fernandes\"},\"description\":\"Jornalista MTB 2358-ES\",\"sameAs\":[\"https:\/\/jornalfatosenoticias.com.br\"],\"url\":\"https:\/\/jornalfatosenoticias.com.br\/index.php\/author\/luzimara\/\"}]}<\/script>\n<!-- \/ Yoast SEO plugin. -->","yoast_head_json":{"title":"Prefeito TikTok \u00e9 investigado por superfaturamento em compras de livros educativos - Jornal Fatos e Not\u00edcias","robots":{"index":"index","follow":"follow","max-snippet":"max-snippet:-1","max-image-preview":"max-image-preview:large","max-video-preview":"max-video-preview:-1"},"canonical":"https:\/\/jornalfatosenoticias.com.br\/index.php\/2025\/03\/31\/prefeito-tiktok-e-investigado-por-superfaturamento-em-compras-de-livros-educativos\/","og_locale":"pt_BR","og_type":"article","og_title":"Prefeito TikTok \u00e9 investigado por superfaturamento em compras de livros educativos - Jornal Fatos e Not\u00edcias","og_description":"A gest\u00e3o do prefeito Jo\u00e3o Campos (PSB), em Recife, \u00e9 alvo de um relat\u00f3rio preliminar do Tribunal de Contas do Estado de Pernambuco (TCE-PE), que aponta um poss\u00edvel superfaturamento de mais de R$ 3,3 milh\u00f5es na compra de kits did\u00e1ticos e licen\u00e7as de uso para professores da rede municipal entre 2023 e 2024. A aquisi\u00e7\u00e3o [&hellip;]","og_url":"https:\/\/jornalfatosenoticias.com.br\/index.php\/2025\/03\/31\/prefeito-tiktok-e-investigado-por-superfaturamento-em-compras-de-livros-educativos\/","og_site_name":"Jornal Fatos e Not\u00edcias","article_published_time":"2025-03-31T11:59:01+00:00","article_modified_time":"2025-03-31T11:59:02+00:00","og_image":[{"width":780,"height":470,"url":"https:\/\/jornalfatosenoticias.com.br\/wp-content\/uploads\/2025\/03\/prefeito-tiktok-molusco.jpeg","type":"image\/jpeg"}],"author":"Luzimara Fernandes","twitter_card":"summary_large_image","twitter_misc":{"Escrito por":"Luzimara Fernandes","Est. tempo de leitura":"2 minutos"},"schema":{"@context":"https:\/\/schema.org","@graph":[{"@type":"Article","@id":"https:\/\/jornalfatosenoticias.com.br\/index.php\/2025\/03\/31\/prefeito-tiktok-e-investigado-por-superfaturamento-em-compras-de-livros-educativos\/#article","isPartOf":{"@id":"https:\/\/jornalfatosenoticias.com.br\/index.php\/2025\/03\/31\/prefeito-tiktok-e-investigado-por-superfaturamento-em-compras-de-livros-educativos\/"},"author":{"name":"Luzimara Fernandes","@id":"https:\/\/jornalfatosenoticias.com.br\/#\/schema\/person\/d63837fa13ac8666eb9e74e0985d6f81"},"headline":"Prefeito TikTok \u00e9 investigado por superfaturamento em compras de livros educativos","datePublished":"2025-03-31T11:59:01+00:00","dateModified":"2025-03-31T11:59:02+00:00","mainEntityOfPage":{"@id":"https:\/\/jornalfatosenoticias.com.br\/index.php\/2025\/03\/31\/prefeito-tiktok-e-investigado-por-superfaturamento-em-compras-de-livros-educativos\/"},"wordCount":414,"commentCount":0,"publisher":{"@id":"https:\/\/jornalfatosenoticias.com.br\/#organization"},"image":{"@id":"https:\/\/jornalfatosenoticias.com.br\/index.php\/2025\/03\/31\/prefeito-tiktok-e-investigado-por-superfaturamento-em-compras-de-livros-educativos\/#primaryimage"},"thumbnailUrl":"https:\/\/jornalfatosenoticias.com.br\/wp-content\/uploads\/2025\/03\/prefeito-tiktok-molusco.jpeg","keywords":["compras de livros educativos","Jo\u00e3o Campos","kits did\u00e1ticos","Mind Lab","Recife","superfaturamento","TCE"],"articleSection":["Pol\u00edtica"],"inLanguage":"pt-BR","potentialAction":[{"@type":"CommentAction","name":"Comment","target":["https:\/\/jornalfatosenoticias.com.br\/index.php\/2025\/03\/31\/prefeito-tiktok-e-investigado-por-superfaturamento-em-compras-de-livros-educativos\/#respond"]}]},{"@type":"WebPage","@id":"https:\/\/jornalfatosenoticias.com.br\/index.php\/2025\/03\/31\/prefeito-tiktok-e-investigado-por-superfaturamento-em-compras-de-livros-educativos\/","url":"https:\/\/jornalfatosenoticias.com.br\/index.php\/2025\/03\/31\/prefeito-tiktok-e-investigado-por-superfaturamento-em-compras-de-livros-educativos\/","name":"Prefeito TikTok \u00e9 investigado por superfaturamento em compras de livros educativos - Jornal Fatos e Not\u00edcias","isPartOf":{"@id":"https:\/\/jornalfatosenoticias.com.br\/#website"},"primaryImageOfPage":{"@id":"https:\/\/jornalfatosenoticias.com.br\/index.php\/2025\/03\/31\/prefeito-tiktok-e-investigado-por-superfaturamento-em-compras-de-livros-educativos\/#primaryimage"},"image":{"@id":"https:\/\/jornalfatosenoticias.com.br\/index.php\/2025\/03\/31\/prefeito-tiktok-e-investigado-por-superfaturamento-em-compras-de-livros-educativos\/#primaryimage"},"thumbnailUrl":"https:\/\/jornalfatosenoticias.com.br\/wp-content\/uploads\/2025\/03\/prefeito-tiktok-molusco.jpeg","datePublished":"2025-03-31T11:59:01+00:00","dateModified":"2025-03-31T11:59:02+00:00","breadcrumb":{"@id":"https:\/\/jornalfatosenoticias.com.br\/index.php\/2025\/03\/31\/prefeito-tiktok-e-investigado-por-superfaturamento-em-compras-de-livros-educativos\/#breadcrumb"},"inLanguage":"pt-BR","potentialAction":[{"@type":"ReadAction","target":["https:\/\/jornalfatosenoticias.com.br\/index.php\/2025\/03\/31\/prefeito-tiktok-e-investigado-por-superfaturamento-em-compras-de-livros-educativos\/"]}]},{"@type":"ImageObject","inLanguage":"pt-BR","@id":"https:\/\/jornalfatosenoticias.com.br\/index.php\/2025\/03\/31\/prefeito-tiktok-e-investigado-por-superfaturamento-em-compras-de-livros-educativos\/#primaryimage","url":"https:\/\/jornalfatosenoticias.com.br\/wp-content\/uploads\/2025\/03\/prefeito-tiktok-molusco.jpeg","contentUrl":"https:\/\/jornalfatosenoticias.com.br\/wp-content\/uploads\/2025\/03\/prefeito-tiktok-molusco.jpeg","width":780,"height":470},{"@type":"BreadcrumbList","@id":"https:\/\/jornalfatosenoticias.com.br\/index.php\/2025\/03\/31\/prefeito-tiktok-e-investigado-por-superfaturamento-em-compras-de-livros-educativos\/#breadcrumb","itemListElement":[{"@type":"ListItem","position":1,"name":"In\u00edcio","item":"https:\/\/jornalfatosenoticias.com.br\/"},{"@type":"ListItem","position":2,"name":"Prefeito TikTok \u00e9 investigado por superfaturamento em compras de livros educativos"}]},{"@type":"WebSite","@id":"https:\/\/jornalfatosenoticias.com.br\/#website","url":"https:\/\/jornalfatosenoticias.com.br\/","name":"Jornal Fatos e Not\u00edcias","description":"Not\u00edcias em geral","publisher":{"@id":"https:\/\/jornalfatosenoticias.com.br\/#organization"},"potentialAction":[{"@type":"SearchAction","target":{"@type":"EntryPoint","urlTemplate":"https:\/\/jornalfatosenoticias.com.br\/?s={search_term_string}"},"query-input":{"@type":"PropertyValueSpecification","valueRequired":true,"valueName":"search_term_string"}}],"inLanguage":"pt-BR"},{"@type":"Organization","@id":"https:\/\/jornalfatosenoticias.com.br\/#organization","name":"Jornal Fatos e Not\u00edcias","url":"https:\/\/jornalfatosenoticias.com.br\/","logo":{"@type":"ImageObject","inLanguage":"pt-BR","@id":"https:\/\/jornalfatosenoticias.com.br\/#\/schema\/logo\/image\/","url":"https:\/\/jornalfatosenoticias.com.br\/wp-content\/uploads\/2020\/02\/logo120.png","contentUrl":"https:\/\/jornalfatosenoticias.com.br\/wp-content\/uploads\/2020\/02\/logo120.png","width":1227,"height":120,"caption":"Jornal Fatos e Not\u00edcias"},"image":{"@id":"https:\/\/jornalfatosenoticias.com.br\/#\/schema\/logo\/image\/"}},{"@type":"Person","@id":"https:\/\/jornalfatosenoticias.com.br\/#\/schema\/person\/d63837fa13ac8666eb9e74e0985d6f81","name":"Luzimara Fernandes","image":{"@type":"ImageObject","inLanguage":"pt-BR","@id":"https:\/\/jornalfatosenoticias.com.br\/#\/schema\/person\/image\/","url":"https:\/\/jornalfatosenoticias.com.br\/wp-content\/uploads\/2025\/05\/EU_portal.jpg","contentUrl":"https:\/\/jornalfatosenoticias.com.br\/wp-content\/uploads\/2025\/05\/EU_portal.jpg","caption":"Luzimara Fernandes"},"description":"Jornalista MTB 2358-ES","sameAs":["https:\/\/jornalfatosenoticias.com.br"],"url":"https:\/\/jornalfatosenoticias.com.br\/index.php\/author\/luzimara\/"}]}},"cc_featured_image_caption":{"caption_text":"(Foto: Ricardo Stuckert\/PR) ","source_text":"","source_url":""},"jetpack_featured_media_url":"https:\/\/jornalfatosenoticias.com.br\/wp-content\/uploads\/2025\/03\/prefeito-tiktok-molusco.jpeg","_links":{"self":[{"href":"https:\/\/jornalfatosenoticias.com.br\/index.php\/wp-json\/wp\/v2\/posts\/58109","targetHints":{"allow":["GET"]}}],"collection":[{"href":"https:\/\/jornalfatosenoticias.com.br\/index.php\/wp-json\/wp\/v2\/posts"}],"about":[{"href":"https:\/\/jornalfatosenoticias.com.br\/index.php\/wp-json\/wp\/v2\/types\/post"}],"author":[{"embeddable":true,"href":"https:\/\/jornalfatosenoticias.com.br\/index.php\/wp-json\/wp\/v2\/users\/2"}],"replies":[{"embeddable":true,"href":"https:\/\/jornalfatosenoticias.com.br\/index.php\/wp-json\/wp\/v2\/comments?post=58109"}],"version-history":[{"count":0,"href":"https:\/\/jornalfatosenoticias.com.br\/index.php\/wp-json\/wp\/v2\/posts\/58109\/revisions"}],"wp:featuredmedia":[{"embeddable":true,"href":"https:\/\/jornalfatosenoticias.com.br\/index.php\/wp-json\/wp\/v2\/media\/58110"}],"wp:attachment":[{"href":"https:\/\/jornalfatosenoticias.com.br\/index.php\/wp-json\/wp\/v2\/media?parent=58109"}],"wp:term":[{"taxonomy":"category","embeddable":true,"href":"https:\/\/jornalfatosenoticias.com.br\/index.php\/wp-json\/wp\/v2\/categories?post=58109"},{"taxonomy":"post_tag","embeddable":true,"href":"https:\/\/jornalfatosenoticias.com.br\/index.php\/wp-json\/wp\/v2\/tags?post=58109"}],"curies":[{"name":"wp","href":"https:\/\/api.w.org\/{rel}","templated":true}]}}