{"id":58116,"date":"2025-03-31T14:22:49","date_gmt":"2025-03-31T17:22:49","guid":{"rendered":"https:\/\/jornalfatosenoticias.com.br\/?p=58116"},"modified":"2025-03-31T14:22:52","modified_gmt":"2025-03-31T17:22:52","slug":"tinta-muda-de-cor-para-ajudar-a-equilibrar-a-temperatura","status":"publish","type":"post","link":"https:\/\/jornalfatosenoticias.com.br\/index.php\/2025\/03\/31\/tinta-muda-de-cor-para-ajudar-a-equilibrar-a-temperatura\/","title":{"rendered":"Tinta muda de cor para ajudar a equilibrar a temperatura"},"content":{"rendered":"\n<p><em><span class=\"has-inline-color has-black-color\">Produto desenvolvido por designer pode alterar a temperatura do ar interno de um edif\u00edcio em at\u00e9 7\u00baC de acordo com a tonalidade<\/span><\/em><\/p>\n\n\n\n<p><span class=\"has-inline-color has-black-color\">Por <strong><a href=\"https:\/\/ciclovivo.com.br\/author\/natasha-olsen\/\">Natasha Olsen<\/a><\/strong><\/span><\/p>\n\n\n\n<div class=\"wp-block-image\"><figure class=\"aligncenter size-large\"><a href=\"https:\/\/mizu.com.br\/\"><img loading=\"lazy\" decoding=\"async\" width=\"729\" height=\"90\" src=\"https:\/\/jornalfatosenoticias.com.br\/wp-content\/uploads\/2020\/02\/Logo_Mizu.png\" alt=\"\" class=\"wp-image-1441\" srcset=\"https:\/\/jornalfatosenoticias.com.br\/wp-content\/uploads\/2020\/02\/Logo_Mizu.png 729w, https:\/\/jornalfatosenoticias.com.br\/wp-content\/uploads\/2020\/02\/Logo_Mizu-300x37.png 300w\" sizes=\"auto, (max-width: 729px) 100vw, 729px\" \/><\/a><\/figure><\/div>\n\n\n\n<p>Ondas de calor e frio extremo. As mudan\u00e7as clim\u00e1ticas desafiam a humanidade em buscas de solu\u00e7\u00f5es por um modo de vida mais sustent\u00e1vel e maneiras de amenizar varia\u00e7\u00f5es de <a href=\"https:\/\/ciclovivo.com.br\/planeta\/crise-climatica\/mundo-precisa-cortar-42-das-emissoes-para-evitar-aumento-catastrofico-da-temperatura\/\" target=\"_blank\" rel=\"noreferrer noopener\">temperatura<\/a>. Cores ajudam a reter e refletir o calor e j\u00e1 vinham sendo usadas em tintas para ajudar a equilibrar a sensa\u00e7\u00e3o t\u00e9rmica em diferentes constru\u00e7\u00f5es. Mas o designer Joe Doucet foi al\u00e9m, criou uma tinta que muda de cor de acordo com o clima.<br>A ideia veio quando ele estava pensando em qual seria a cor mais adequada para a sua casa \u2014 uma que al\u00e9m de bonita ajudasse com o <a href=\"https:\/\/ciclovivo.com.br\/arq-urb\/arquitetura\/refugio-no-ceara-casa-usa-bioconstrucao-para-obter-conforto-termico\/\" target=\"_blank\" rel=\"noreferrer noopener\">conforto t\u00e9rmico<\/a>. A resposta foi uma cor que varia sua tonalidade: clara no ver\u00e3o, com calor, e escura no inverno, nos dias frios.<\/p>\n\n\n\n<div class=\"wp-block-image\"><figure class=\"aligncenter size-large is-resized\"><a href=\"https:\/\/panper.com.br\/\"><img loading=\"lazy\" decoding=\"async\" src=\"https:\/\/jornalfatosenoticias.com.br\/wp-content\/uploads\/2023\/03\/logo-Panper_portal.jpg\" alt=\"\" class=\"wp-image-40208\" width=\"282\" height=\"195\" srcset=\"https:\/\/jornalfatosenoticias.com.br\/wp-content\/uploads\/2023\/03\/logo-Panper_portal.jpg 400w, https:\/\/jornalfatosenoticias.com.br\/wp-content\/uploads\/2023\/03\/logo-Panper_portal-300x208.jpg 300w\" sizes=\"auto, (max-width: 282px) 100vw, 282px\" \/><\/a><\/figure><\/div>\n\n\n\n<p><a href=\"https:\/\/www.joedoucet.com\/\">Doucet<\/a> recorreu \u00e0 ci\u00eancia para desenvolver sua tinta termocr\u00f4mica, que muda de escura para clara quando a temperatura externa atinge 25\u00baC. Embora o produto ainda esteja em est\u00e1gio inicial de desenvolvimento, o designer afirma que seus testes mostraram que a mudan\u00e7a de cor pode afetar a temperatura do ar interno de um edif\u00edcio em at\u00e9 7\u00baC. <\/p>\n\n\n\n<div class=\"wp-block-image\"><figure class=\"aligncenter size-large is-resized\"><a href=\"https:\/\/www.instagram.com\/esteiochurrascaria\/\"><img loading=\"lazy\" decoding=\"async\" src=\"https:\/\/jornalfatosenoticias.com.br\/wp-content\/uploads\/2022\/02\/LOGO-ESTEIO-1024x730.png\" alt=\"\" class=\"wp-image-27942\" width=\"285\" height=\"203\" srcset=\"https:\/\/jornalfatosenoticias.com.br\/wp-content\/uploads\/2022\/02\/LOGO-ESTEIO-1024x730.png 1024w, https:\/\/jornalfatosenoticias.com.br\/wp-content\/uploads\/2022\/02\/LOGO-ESTEIO-300x214.png 300w, https:\/\/jornalfatosenoticias.com.br\/wp-content\/uploads\/2022\/02\/LOGO-ESTEIO-768x548.png 768w, https:\/\/jornalfatosenoticias.com.br\/wp-content\/uploads\/2022\/02\/LOGO-ESTEIO.png 1123w\" sizes=\"auto, (max-width: 285px) 100vw, 285px\" \/><\/a><\/figure><\/div>\n\n\n\n<blockquote class=\"wp-block-quote is-layout-flow wp-block-quote-is-layout-flow\"><p><span class=\"has-inline-color has-luminous-vivid-orange-color\">N\u00e3o h\u00e1 \u201cnenhuma tecnologia inteligente, nenhuma pe\u00e7a m\u00f3vel, apenas uma simples mudan\u00e7a de cor que pode reduzir drasticamente o consumo de energia\u201d, explicou Joe.<\/span><\/p><\/blockquote>\n\n\n\n<div class=\"wp-block-image\"><figure class=\"aligncenter size-large is-resized\"><a href=\"https:\/\/www.facebook.com\/vetor.vix\/\"><img loading=\"lazy\" decoding=\"async\" src=\"https:\/\/jornalfatosenoticias.com.br\/wp-content\/uploads\/2023\/09\/vetorvix1024_1.jpg\" alt=\"\" class=\"wp-image-44868\" width=\"502\" height=\"133\" srcset=\"https:\/\/jornalfatosenoticias.com.br\/wp-content\/uploads\/2023\/09\/vetorvix1024_1.jpg 1024w, https:\/\/jornalfatosenoticias.com.br\/wp-content\/uploads\/2023\/09\/vetorvix1024_1-300x80.jpg 300w, https:\/\/jornalfatosenoticias.com.br\/wp-content\/uploads\/2023\/09\/vetorvix1024_1-768x205.jpg 768w\" sizes=\"auto, (max-width: 502px) 100vw, 502px\" \/><\/a><\/figure><\/div>\n\n\n\n<p>Doucet come\u00e7ou a trabalhar na pintura durante a reforma de sua casa, enquanto tentava escolher uma cor externa com base no que proporcionaria conforto t\u00e9rmico e <a href=\"https:\/\/ciclovivo.com.br\/planeta\/energia\/com-energia-solar-escola-publica-economiza-mais-de-r-3-mil\/\" target=\"_blank\" rel=\"noreferrer noopener\">economia de energia<\/a>, j\u00e1 que o ar-condicionado n\u00e3o precisaria ser t\u00e3o usado com esse equil\u00edbrio de temperatura.<\/p>\n\n\n\n<div class=\"wp-block-image\"><figure class=\"aligncenter size-large\"><a href=\"http:\/\/www.ferrarimaquinas.com.br\/\"><img loading=\"lazy\" decoding=\"async\" width=\"300\" height=\"250\" src=\"https:\/\/jornalfatosenoticias.com.br\/wp-content\/uploads\/2022\/02\/FERRARI_MAQUINAS-E-FERRAMENTAS2.jpg\" alt=\"\" class=\"wp-image-27860\"\/><\/a><\/figure><\/div>\n\n\n\n<blockquote class=\"wp-block-quote is-layout-flow wp-block-quote-is-layout-flow\"><p><span class=\"has-inline-color has-luminous-vivid-orange-color\">A maioria das informa\u00e7\u00f5es que encontrei era sobre o que acontece com as temperaturas da superf\u00edcie, mas n\u00e3o como isso \u00e9 transferido para o interior. Ent\u00e3o decidi que adiaria minha decis\u00e3o por um ano e faria um teste\u201d, conta ele.<\/span><\/p><\/blockquote>\n\n\n\n<div class=\"wp-block-image\"><figure class=\"aligncenter size-large is-resized\"><a href=\"https:\/\/www.controlsystems.com.br\/\"><img loading=\"lazy\" decoding=\"async\" src=\"https:\/\/jornalfatosenoticias.com.br\/wp-content\/uploads\/2020\/02\/CONTROL-CS.jpg\" alt=\"\" class=\"wp-image-44991\" width=\"232\" height=\"278\" srcset=\"https:\/\/jornalfatosenoticias.com.br\/wp-content\/uploads\/2020\/02\/CONTROL-CS.jpg 834w, https:\/\/jornalfatosenoticias.com.br\/wp-content\/uploads\/2020\/02\/CONTROL-CS-250x300.jpg 250w, https:\/\/jornalfatosenoticias.com.br\/wp-content\/uploads\/2020\/02\/CONTROL-CS-768x921.jpg 768w\" sizes=\"auto, (max-width: 232px) 100vw, 232px\" \/><\/a><\/figure><\/div>\n\n\n\n<p>Seus testes descobriram que uma casa branca era cerca de 7\u00baC mais fria do que uma casa preta no ver\u00e3o, e at\u00e9 4\u00baC mais fria no inverno. Esses resultados se alinham com <strong><a href=\"https:\/\/www.sciencedirect.com\/science\/article\/abs\/pii\/036013239290005A\">descobertas em estudos cient\u00edficos<\/a><\/strong>. Para aqueles que vivem perto do Equador, onde as temperaturas s\u00e3o quentes o ano todo, ou no extremo norte ou sul, onde geralmente faz frio, isso sugere uma resposta clara e correta sobre qual cor pintar sua casa.<\/p>\n\n\n\n<div class=\"wp-block-image\"><figure class=\"aligncenter size-large is-resized\"><a href=\"https:\/\/www.instagram.com\/rcradiadores\/\"><img loading=\"lazy\" decoding=\"async\" src=\"https:\/\/jornalfatosenoticias.com.br\/wp-content\/uploads\/2022\/10\/RC_800x750_page-0001.jpg\" alt=\"\" class=\"wp-image-35338\" width=\"241\" height=\"226\" srcset=\"https:\/\/jornalfatosenoticias.com.br\/wp-content\/uploads\/2022\/10\/RC_800x750_page-0001.jpg 400w, https:\/\/jornalfatosenoticias.com.br\/wp-content\/uploads\/2022\/10\/RC_800x750_page-0001-300x281.jpg 300w\" sizes=\"auto, (max-width: 241px) 100vw, 241px\" \/><\/a><\/figure><\/div>\n\n\n\n<p>Mas quando as varia\u00e7\u00f5es de temperatura acontecem, essa escolha pode ter um efeito negativo em algumas esta\u00e7\u00f5es do ano. Ent\u00e3o, a ideia de uma tinta que se adapta \u00e1s diferentes condi\u00e7\u00f5es parece ser uma \u00f3tima ideia.<\/p>\n\n\n\n<div class=\"wp-block-image\"><figure class=\"aligncenter size-large is-resized\"><a href=\"https:\/\/www.legisjuris.com.br\/\"><img loading=\"lazy\" decoding=\"async\" src=\"https:\/\/jornalfatosenoticias.com.br\/wp-content\/uploads\/2024\/09\/Legis-Juris-Consultoria_logo.jpg\" alt=\"\" class=\"wp-image-53915\" width=\"520\" height=\"218\" srcset=\"https:\/\/jornalfatosenoticias.com.br\/wp-content\/uploads\/2024\/09\/Legis-Juris-Consultoria_logo.jpg 969w, https:\/\/jornalfatosenoticias.com.br\/wp-content\/uploads\/2024\/09\/Legis-Juris-Consultoria_logo-300x126.jpg 300w, https:\/\/jornalfatosenoticias.com.br\/wp-content\/uploads\/2024\/09\/Legis-Juris-Consultoria_logo-768x322.jpg 768w\" sizes=\"auto, (max-width: 520px) 100vw, 520px\" \/><\/a><\/figure><\/div>\n\n\n\n<p><strong><span class=\"has-inline-color has-vivid-purple-color\">\u201cRea\u00e7\u00e3o qu\u00edmica simples\u201d<br><\/span><\/strong>Para criar essa tinta, o designer aplicou o que ele descreve como uma \u201crea\u00e7\u00e3o qu\u00edmica muito simples\u201d, tamb\u00e9m usada em an\u00e9is de humor \u2014 aqueles que mudam de cor conforme a temperatura do dedo das pessoas. Esses an\u00e9is s\u00e3o usados para identificar as <a href=\"https:\/\/ciclovivo.com.br\/vida-sustentavel\/bem-estar\/seu-cao-reconhece-suas-emocoes-e-toma-decisoes-a-partir-disso\/\" target=\"_blank\" rel=\"noreferrer noopener\">emo\u00e7\u00f5es<\/a>. <\/p>\n\n\n\n<div class=\"wp-block-image\"><figure class=\"aligncenter size-large is-resized\"><a href=\"https:\/\/www.facebook.com\/postobkr\/?locale=pt_BR\"><img loading=\"lazy\" decoding=\"async\" src=\"https:\/\/jornalfatosenoticias.com.br\/wp-content\/uploads\/2023\/08\/BKR-1024x1021.jpg\" alt=\"\" class=\"wp-image-44494\" width=\"272\" height=\"271\" srcset=\"https:\/\/jornalfatosenoticias.com.br\/wp-content\/uploads\/2023\/08\/BKR-1024x1021.jpg 1024w, https:\/\/jornalfatosenoticias.com.br\/wp-content\/uploads\/2023\/08\/BKR-300x300.jpg 300w, https:\/\/jornalfatosenoticias.com.br\/wp-content\/uploads\/2023\/08\/BKR-150x150.jpg 150w, https:\/\/jornalfatosenoticias.com.br\/wp-content\/uploads\/2023\/08\/BKR-768x766.jpg 768w, https:\/\/jornalfatosenoticias.com.br\/wp-content\/uploads\/2023\/08\/BKR.jpg 1080w\" sizes=\"auto, (max-width: 272px) 100vw, 272px\" \/><\/a><\/figure><\/div>\n\n\n\n<p>Eles cont\u00eam cristais l\u00edquidos que mudam de cor em resposta a mudan\u00e7as de temperatura, que tamb\u00e9m est\u00e1 relacionada \u00e0 circula\u00e7\u00e3o do sangue nas m\u00e3os e, de acordo com seus criadores, \u00e0s suas emo\u00e7\u00f5es. A mudan\u00e7a de cor ocorre porque varia\u00e7\u00f5es de temperatura alteram a estrutura molecular dos cristais, afetando os comprimentos de onda da luz que eles refletem ou absorvem.<\/p>\n\n\n\n<div class=\"wp-block-image\"><figure class=\"aligncenter size-large is-resized\"><a href=\"https:\/\/www.instagram.com\/serra4x4cambioautomatico\/\"><img loading=\"lazy\" decoding=\"async\" src=\"https:\/\/jornalfatosenoticias.com.br\/wp-content\/uploads\/2024\/08\/Serra-4x4-1-886x1024.jpg\" alt=\"\" class=\"wp-image-53632\" width=\"253\" height=\"292\" srcset=\"https:\/\/jornalfatosenoticias.com.br\/wp-content\/uploads\/2024\/08\/Serra-4x4-1-886x1024.jpg 886w, https:\/\/jornalfatosenoticias.com.br\/wp-content\/uploads\/2024\/08\/Serra-4x4-1-260x300.jpg 260w, https:\/\/jornalfatosenoticias.com.br\/wp-content\/uploads\/2024\/08\/Serra-4x4-1-768x888.jpg 768w, https:\/\/jornalfatosenoticias.com.br\/wp-content\/uploads\/2024\/08\/Serra-4x4-1.jpg 1181w\" sizes=\"auto, (max-width: 253px) 100vw, 253px\" \/><\/a><\/figure><\/div>\n\n\n\n<p>Seguindo esse princ\u00edpio, ele desenvolveu um aditivo contendo cristais l\u00edquidos e o combinou com <a href=\"https:\/\/ciclovivo.com.br\/mao-na-massa\/faca-voce-mesmo\/emater-como-fazer-tinta-natural-e-barata\/\" target=\"_blank\" rel=\"noreferrer noopener\">tinta comum comprada em lojas<\/a>. No entanto, ele falhou bem r\u00e1pido, pois os cristais l\u00edquidos se degradaram com a exposi\u00e7\u00e3o \u00e0 luz UV. O verdadeiro desafio passou a ser como proteger o material da degrada\u00e7\u00e3o \u2014 um desafio que Doucet acredita ter resolvido, j\u00e1 que os \u00faltimos testes mostraram degrada\u00e7\u00e3o zero ao longo de um ano.<\/p>\n\n\n\n<div class=\"wp-block-image\"><figure class=\"aligncenter size-large is-resized\"><a href=\"https:\/\/www.facebook.com\/profile.php?id=100069289606145\"><img loading=\"lazy\" decoding=\"async\" src=\"https:\/\/jornalfatosenoticias.com.br\/wp-content\/uploads\/2024\/11\/Guaitolini-Contabilidade-1024x714.jpeg\" alt=\"\" class=\"wp-image-55808\" width=\"254\" height=\"177\" srcset=\"https:\/\/jornalfatosenoticias.com.br\/wp-content\/uploads\/2024\/11\/Guaitolini-Contabilidade-1024x714.jpeg 1024w, https:\/\/jornalfatosenoticias.com.br\/wp-content\/uploads\/2024\/11\/Guaitolini-Contabilidade-300x209.jpeg 300w, https:\/\/jornalfatosenoticias.com.br\/wp-content\/uploads\/2024\/11\/Guaitolini-Contabilidade-768x535.jpeg 768w, https:\/\/jornalfatosenoticias.com.br\/wp-content\/uploads\/2024\/11\/Guaitolini-Contabilidade.jpeg 1280w\" sizes=\"auto, (max-width: 254px) 100vw, 254px\" \/><\/a><\/figure><\/div>\n\n\n\n<p>O aditivo funciona com qualquer tinta em qualquer cor base, diz Doucet, mas deve ser branca ou clara para aproveitar a prote\u00e7\u00e3o t\u00e9rmica. Abaixo de 25\u00baC, a estrutura de <a href=\"https:\/\/ciclovivo.com.br\/arq-urb\/design\/cristal-flexivel-e-usado-em-copos-lindos-e-inquebraveis\/\" target=\"_blank\" rel=\"noreferrer noopener\">cristal<\/a> l\u00edquido dentro do aditivo absorve a maior parte da luz vis\u00edvel, ent\u00e3o vemos a superf\u00edcie como preta. Acima de 25\u00baC, a camada de cristal l\u00edquido \u00e9 transparente, revelando a cor base por baixo. A mudan\u00e7a de cor \u00e9 quase instant\u00e2nea, ent\u00e3o o edif\u00edcio \u00e9 de uma cor ou de outra, n\u00e3o entre as duas.<\/p>\n\n\n\n<div class=\"wp-block-image\"><figure class=\"aligncenter size-large is-resized\"><a href=\"https:\/\/www.ithbrasil.com.br\/\"><img loading=\"lazy\" decoding=\"async\" src=\"https:\/\/jornalfatosenoticias.com.br\/wp-content\/uploads\/2023\/08\/ITH.jpeg\" alt=\"\" class=\"wp-image-44638\" width=\"252\" height=\"205\" srcset=\"https:\/\/jornalfatosenoticias.com.br\/wp-content\/uploads\/2023\/08\/ITH.jpeg 800w, https:\/\/jornalfatosenoticias.com.br\/wp-content\/uploads\/2023\/08\/ITH-300x244.jpeg 300w, https:\/\/jornalfatosenoticias.com.br\/wp-content\/uploads\/2023\/08\/ITH-768x624.jpeg 768w\" sizes=\"auto, (max-width: 252px) 100vw, 252px\" \/><\/a><\/figure><\/div>\n\n\n\n<p><strong><span class=\"has-inline-color has-vivid-purple-color\">Pr\u00f3ximos passos<br><\/span><\/strong>O designer agora est\u00e1 em busca de um parceiro de fabrica\u00e7\u00e3o para seguir com seus testes e, em seguida, lan\u00e7ar o produto no mercado. Doucet acredita que a tinta pode ser ben\u00e9fica n\u00e3o apenas para casas, mas tamb\u00e9m para <a href=\"https:\/\/ciclovivo.com.br\/arq-urb\/arquitetura\/5-projetos-arquitetonicos-inspiradores-para-escolas\/\" target=\"_blank\" rel=\"noreferrer noopener\">escolas<\/a>, f\u00e1bricas e outros grandes edif\u00edcios. Para a sua pr\u00f3pria casa, no entanto, a escolha foi a tinta toda preta, j\u00e1 que precisava de uma solu\u00e7\u00e3o imediata. \u201cEstou muito impaciente\u201d, disse. \u201cFui e pintei minha casa de preto enquanto isso\u201d.<\/p>\n\n\n\n<div class=\"wp-block-image\"><figure class=\"aligncenter size-large is-resized\"><a href=\"https:\/\/hotelmarquetti.com.br\/\"><img loading=\"lazy\" decoding=\"async\" src=\"https:\/\/jornalfatosenoticias.com.br\/wp-content\/uploads\/2023\/03\/nova-logo-Marquetti.jpg\" alt=\"\" class=\"wp-image-40207\" width=\"290\" height=\"194\" srcset=\"https:\/\/jornalfatosenoticias.com.br\/wp-content\/uploads\/2023\/03\/nova-logo-Marquetti.jpg 643w, https:\/\/jornalfatosenoticias.com.br\/wp-content\/uploads\/2023\/03\/nova-logo-Marquetti-300x202.jpg 300w\" sizes=\"auto, (max-width: 290px) 100vw, 290px\" \/><\/a><\/figure><\/div>\n\n\n\n<p><strong><span class=\"has-inline-color has-black-color\">Fonte: <a href=\"https:\/\/ciclovivo.com.br\/arq-urb\/arquitetura\/tinta-muda-de-cor-para-ajudar-a-equilibrar-a-temperatura\/\">CicloVivo<\/a><\/span><\/strong><\/p>\n","protected":false},"excerpt":{"rendered":"<p>Produto desenvolvido por designer pode alterar a temperatura do ar interno de um edif\u00edcio em at\u00e9 7\u00baC de acordo com a tonalidade Por Natasha Olsen Ondas de calor e frio extremo. As mudan\u00e7as clim\u00e1ticas desafiam a humanidade em buscas de solu\u00e7\u00f5es por um modo de vida mais sustent\u00e1vel e maneiras de amenizar varia\u00e7\u00f5es de temperatura. [&hellip;]<\/p>\n","protected":false},"author":2,"featured_media":58117,"comment_status":"open","ping_status":"open","sticky":false,"template":"","format":"standard","meta":{"footnotes":""},"categories":[744,3],"tags":[368,72,2877,21228,4499,26497],"class_list":["post-58116","post","type-post","status-publish","format-standard","has-post-thumbnail","hentry","category-arq-urbanismo","category-tecnologia","tag-calor","tag-clima","tag-frio","tag-temperaturas","tag-tinta","tag-tinta-que-muda-de-cor"],"yoast_head":"<!-- This site is optimized with the Yoast SEO plugin v26.5 - https:\/\/yoast.com\/wordpress\/plugins\/seo\/ -->\n<title>Tinta muda de cor para ajudar a equilibrar a temperatura - Jornal Fatos e Not\u00edcias<\/title>\n<meta name=\"robots\" content=\"index, follow, max-snippet:-1, max-image-preview:large, max-video-preview:-1\" \/>\n<link rel=\"canonical\" href=\"https:\/\/jornalfatosenoticias.com.br\/index.php\/2025\/03\/31\/tinta-muda-de-cor-para-ajudar-a-equilibrar-a-temperatura\/\" \/>\n<meta property=\"og:locale\" content=\"pt_BR\" \/>\n<meta property=\"og:type\" content=\"article\" \/>\n<meta property=\"og:title\" content=\"Tinta muda de cor para ajudar a equilibrar a temperatura - Jornal Fatos e Not\u00edcias\" \/>\n<meta property=\"og:description\" content=\"Produto desenvolvido por designer pode alterar a temperatura do ar interno de um edif\u00edcio em at\u00e9 7\u00baC de acordo com a tonalidade Por Natasha Olsen Ondas de calor e frio extremo. As mudan\u00e7as clim\u00e1ticas desafiam a humanidade em buscas de solu\u00e7\u00f5es por um modo de vida mais sustent\u00e1vel e maneiras de amenizar varia\u00e7\u00f5es de temperatura. [&hellip;]\" \/>\n<meta property=\"og:url\" content=\"https:\/\/jornalfatosenoticias.com.br\/index.php\/2025\/03\/31\/tinta-muda-de-cor-para-ajudar-a-equilibrar-a-temperatura\/\" \/>\n<meta property=\"og:site_name\" content=\"Jornal Fatos e Not\u00edcias\" \/>\n<meta property=\"article:published_time\" content=\"2025-03-31T17:22:49+00:00\" \/>\n<meta property=\"article:modified_time\" content=\"2025-03-31T17:22:52+00:00\" \/>\n<meta property=\"og:image\" content=\"https:\/\/jornalfatosenoticias.com.br\/wp-content\/uploads\/2025\/03\/tinta-muda-de-cor_freepik.jpg\" \/>\n\t<meta property=\"og:image:width\" content=\"1000\" \/>\n\t<meta property=\"og:image:height\" content=\"714\" \/>\n\t<meta property=\"og:image:type\" content=\"image\/jpeg\" \/>\n<meta name=\"author\" content=\"Luzimara Fernandes\" \/>\n<meta name=\"twitter:card\" content=\"summary_large_image\" \/>\n<meta name=\"twitter:label1\" content=\"Escrito por\" \/>\n\t<meta name=\"twitter:data1\" content=\"Luzimara Fernandes\" \/>\n\t<meta name=\"twitter:label2\" content=\"Est. tempo de leitura\" \/>\n\t<meta name=\"twitter:data2\" content=\"4 minutos\" \/>\n<script type=\"application\/ld+json\" class=\"yoast-schema-graph\">{\"@context\":\"https:\/\/schema.org\",\"@graph\":[{\"@type\":\"Article\",\"@id\":\"https:\/\/jornalfatosenoticias.com.br\/index.php\/2025\/03\/31\/tinta-muda-de-cor-para-ajudar-a-equilibrar-a-temperatura\/#article\",\"isPartOf\":{\"@id\":\"https:\/\/jornalfatosenoticias.com.br\/index.php\/2025\/03\/31\/tinta-muda-de-cor-para-ajudar-a-equilibrar-a-temperatura\/\"},\"author\":{\"name\":\"Luzimara Fernandes\",\"@id\":\"https:\/\/jornalfatosenoticias.com.br\/#\/schema\/person\/d63837fa13ac8666eb9e74e0985d6f81\"},\"headline\":\"Tinta muda de cor para ajudar a equilibrar a temperatura\",\"datePublished\":\"2025-03-31T17:22:49+00:00\",\"dateModified\":\"2025-03-31T17:22:52+00:00\",\"mainEntityOfPage\":{\"@id\":\"https:\/\/jornalfatosenoticias.com.br\/index.php\/2025\/03\/31\/tinta-muda-de-cor-para-ajudar-a-equilibrar-a-temperatura\/\"},\"wordCount\":852,\"commentCount\":0,\"publisher\":{\"@id\":\"https:\/\/jornalfatosenoticias.com.br\/#organization\"},\"image\":{\"@id\":\"https:\/\/jornalfatosenoticias.com.br\/index.php\/2025\/03\/31\/tinta-muda-de-cor-para-ajudar-a-equilibrar-a-temperatura\/#primaryimage\"},\"thumbnailUrl\":\"https:\/\/jornalfatosenoticias.com.br\/wp-content\/uploads\/2025\/03\/tinta-muda-de-cor_freepik.jpg\",\"keywords\":[\"calor\",\"clima\",\"frio\",\"temperaturas\",\"tinta\",\"tinta que muda de cor\"],\"articleSection\":[\"Arq &amp; Urb\",\"Tecnologia &amp; Inova\u00e7\u00e3o\"],\"inLanguage\":\"pt-BR\",\"potentialAction\":[{\"@type\":\"CommentAction\",\"name\":\"Comment\",\"target\":[\"https:\/\/jornalfatosenoticias.com.br\/index.php\/2025\/03\/31\/tinta-muda-de-cor-para-ajudar-a-equilibrar-a-temperatura\/#respond\"]}]},{\"@type\":\"WebPage\",\"@id\":\"https:\/\/jornalfatosenoticias.com.br\/index.php\/2025\/03\/31\/tinta-muda-de-cor-para-ajudar-a-equilibrar-a-temperatura\/\",\"url\":\"https:\/\/jornalfatosenoticias.com.br\/index.php\/2025\/03\/31\/tinta-muda-de-cor-para-ajudar-a-equilibrar-a-temperatura\/\",\"name\":\"Tinta muda de cor para ajudar a equilibrar a temperatura - Jornal Fatos e Not\u00edcias\",\"isPartOf\":{\"@id\":\"https:\/\/jornalfatosenoticias.com.br\/#website\"},\"primaryImageOfPage\":{\"@id\":\"https:\/\/jornalfatosenoticias.com.br\/index.php\/2025\/03\/31\/tinta-muda-de-cor-para-ajudar-a-equilibrar-a-temperatura\/#primaryimage\"},\"image\":{\"@id\":\"https:\/\/jornalfatosenoticias.com.br\/index.php\/2025\/03\/31\/tinta-muda-de-cor-para-ajudar-a-equilibrar-a-temperatura\/#primaryimage\"},\"thumbnailUrl\":\"https:\/\/jornalfatosenoticias.com.br\/wp-content\/uploads\/2025\/03\/tinta-muda-de-cor_freepik.jpg\",\"datePublished\":\"2025-03-31T17:22:49+00:00\",\"dateModified\":\"2025-03-31T17:22:52+00:00\",\"breadcrumb\":{\"@id\":\"https:\/\/jornalfatosenoticias.com.br\/index.php\/2025\/03\/31\/tinta-muda-de-cor-para-ajudar-a-equilibrar-a-temperatura\/#breadcrumb\"},\"inLanguage\":\"pt-BR\",\"potentialAction\":[{\"@type\":\"ReadAction\",\"target\":[\"https:\/\/jornalfatosenoticias.com.br\/index.php\/2025\/03\/31\/tinta-muda-de-cor-para-ajudar-a-equilibrar-a-temperatura\/\"]}]},{\"@type\":\"ImageObject\",\"inLanguage\":\"pt-BR\",\"@id\":\"https:\/\/jornalfatosenoticias.com.br\/index.php\/2025\/03\/31\/tinta-muda-de-cor-para-ajudar-a-equilibrar-a-temperatura\/#primaryimage\",\"url\":\"https:\/\/jornalfatosenoticias.com.br\/wp-content\/uploads\/2025\/03\/tinta-muda-de-cor_freepik.jpg\",\"contentUrl\":\"https:\/\/jornalfatosenoticias.com.br\/wp-content\/uploads\/2025\/03\/tinta-muda-de-cor_freepik.jpg\",\"width\":1000,\"height\":714},{\"@type\":\"BreadcrumbList\",\"@id\":\"https:\/\/jornalfatosenoticias.com.br\/index.php\/2025\/03\/31\/tinta-muda-de-cor-para-ajudar-a-equilibrar-a-temperatura\/#breadcrumb\",\"itemListElement\":[{\"@type\":\"ListItem\",\"position\":1,\"name\":\"In\u00edcio\",\"item\":\"https:\/\/jornalfatosenoticias.com.br\/\"},{\"@type\":\"ListItem\",\"position\":2,\"name\":\"Tinta muda de cor para ajudar a equilibrar a temperatura\"}]},{\"@type\":\"WebSite\",\"@id\":\"https:\/\/jornalfatosenoticias.com.br\/#website\",\"url\":\"https:\/\/jornalfatosenoticias.com.br\/\",\"name\":\"Jornal Fatos e Not\u00edcias\",\"description\":\"Not\u00edcias em geral\",\"publisher\":{\"@id\":\"https:\/\/jornalfatosenoticias.com.br\/#organization\"},\"potentialAction\":[{\"@type\":\"SearchAction\",\"target\":{\"@type\":\"EntryPoint\",\"urlTemplate\":\"https:\/\/jornalfatosenoticias.com.br\/?s={search_term_string}\"},\"query-input\":{\"@type\":\"PropertyValueSpecification\",\"valueRequired\":true,\"valueName\":\"search_term_string\"}}],\"inLanguage\":\"pt-BR\"},{\"@type\":\"Organization\",\"@id\":\"https:\/\/jornalfatosenoticias.com.br\/#organization\",\"name\":\"Jornal Fatos e Not\u00edcias\",\"url\":\"https:\/\/jornalfatosenoticias.com.br\/\",\"logo\":{\"@type\":\"ImageObject\",\"inLanguage\":\"pt-BR\",\"@id\":\"https:\/\/jornalfatosenoticias.com.br\/#\/schema\/logo\/image\/\",\"url\":\"https:\/\/jornalfatosenoticias.com.br\/wp-content\/uploads\/2020\/02\/logo120.png\",\"contentUrl\":\"https:\/\/jornalfatosenoticias.com.br\/wp-content\/uploads\/2020\/02\/logo120.png\",\"width\":1227,\"height\":120,\"caption\":\"Jornal Fatos e Not\u00edcias\"},\"image\":{\"@id\":\"https:\/\/jornalfatosenoticias.com.br\/#\/schema\/logo\/image\/\"}},{\"@type\":\"Person\",\"@id\":\"https:\/\/jornalfatosenoticias.com.br\/#\/schema\/person\/d63837fa13ac8666eb9e74e0985d6f81\",\"name\":\"Luzimara Fernandes\",\"image\":{\"@type\":\"ImageObject\",\"inLanguage\":\"pt-BR\",\"@id\":\"https:\/\/jornalfatosenoticias.com.br\/#\/schema\/person\/image\/\",\"url\":\"https:\/\/jornalfatosenoticias.com.br\/wp-content\/uploads\/2025\/05\/EU_portal.jpg\",\"contentUrl\":\"https:\/\/jornalfatosenoticias.com.br\/wp-content\/uploads\/2025\/05\/EU_portal.jpg\",\"caption\":\"Luzimara Fernandes\"},\"description\":\"Jornalista MTB 2358-ES\",\"sameAs\":[\"https:\/\/jornalfatosenoticias.com.br\"],\"url\":\"https:\/\/jornalfatosenoticias.com.br\/index.php\/author\/luzimara\/\"}]}<\/script>\n<!-- \/ Yoast SEO plugin. -->","yoast_head_json":{"title":"Tinta muda de cor para ajudar a equilibrar a temperatura - Jornal Fatos e Not\u00edcias","robots":{"index":"index","follow":"follow","max-snippet":"max-snippet:-1","max-image-preview":"max-image-preview:large","max-video-preview":"max-video-preview:-1"},"canonical":"https:\/\/jornalfatosenoticias.com.br\/index.php\/2025\/03\/31\/tinta-muda-de-cor-para-ajudar-a-equilibrar-a-temperatura\/","og_locale":"pt_BR","og_type":"article","og_title":"Tinta muda de cor para ajudar a equilibrar a temperatura - Jornal Fatos e Not\u00edcias","og_description":"Produto desenvolvido por designer pode alterar a temperatura do ar interno de um edif\u00edcio em at\u00e9 7\u00baC de acordo com a tonalidade Por Natasha Olsen Ondas de calor e frio extremo. As mudan\u00e7as clim\u00e1ticas desafiam a humanidade em buscas de solu\u00e7\u00f5es por um modo de vida mais sustent\u00e1vel e maneiras de amenizar varia\u00e7\u00f5es de temperatura. [&hellip;]","og_url":"https:\/\/jornalfatosenoticias.com.br\/index.php\/2025\/03\/31\/tinta-muda-de-cor-para-ajudar-a-equilibrar-a-temperatura\/","og_site_name":"Jornal Fatos e Not\u00edcias","article_published_time":"2025-03-31T17:22:49+00:00","article_modified_time":"2025-03-31T17:22:52+00:00","og_image":[{"width":1000,"height":714,"url":"https:\/\/jornalfatosenoticias.com.br\/wp-content\/uploads\/2025\/03\/tinta-muda-de-cor_freepik.jpg","type":"image\/jpeg"}],"author":"Luzimara Fernandes","twitter_card":"summary_large_image","twitter_misc":{"Escrito por":"Luzimara Fernandes","Est. tempo de leitura":"4 minutos"},"schema":{"@context":"https:\/\/schema.org","@graph":[{"@type":"Article","@id":"https:\/\/jornalfatosenoticias.com.br\/index.php\/2025\/03\/31\/tinta-muda-de-cor-para-ajudar-a-equilibrar-a-temperatura\/#article","isPartOf":{"@id":"https:\/\/jornalfatosenoticias.com.br\/index.php\/2025\/03\/31\/tinta-muda-de-cor-para-ajudar-a-equilibrar-a-temperatura\/"},"author":{"name":"Luzimara Fernandes","@id":"https:\/\/jornalfatosenoticias.com.br\/#\/schema\/person\/d63837fa13ac8666eb9e74e0985d6f81"},"headline":"Tinta muda de cor para ajudar a equilibrar a temperatura","datePublished":"2025-03-31T17:22:49+00:00","dateModified":"2025-03-31T17:22:52+00:00","mainEntityOfPage":{"@id":"https:\/\/jornalfatosenoticias.com.br\/index.php\/2025\/03\/31\/tinta-muda-de-cor-para-ajudar-a-equilibrar-a-temperatura\/"},"wordCount":852,"commentCount":0,"publisher":{"@id":"https:\/\/jornalfatosenoticias.com.br\/#organization"},"image":{"@id":"https:\/\/jornalfatosenoticias.com.br\/index.php\/2025\/03\/31\/tinta-muda-de-cor-para-ajudar-a-equilibrar-a-temperatura\/#primaryimage"},"thumbnailUrl":"https:\/\/jornalfatosenoticias.com.br\/wp-content\/uploads\/2025\/03\/tinta-muda-de-cor_freepik.jpg","keywords":["calor","clima","frio","temperaturas","tinta","tinta que muda de cor"],"articleSection":["Arq &amp; Urb","Tecnologia &amp; Inova\u00e7\u00e3o"],"inLanguage":"pt-BR","potentialAction":[{"@type":"CommentAction","name":"Comment","target":["https:\/\/jornalfatosenoticias.com.br\/index.php\/2025\/03\/31\/tinta-muda-de-cor-para-ajudar-a-equilibrar-a-temperatura\/#respond"]}]},{"@type":"WebPage","@id":"https:\/\/jornalfatosenoticias.com.br\/index.php\/2025\/03\/31\/tinta-muda-de-cor-para-ajudar-a-equilibrar-a-temperatura\/","url":"https:\/\/jornalfatosenoticias.com.br\/index.php\/2025\/03\/31\/tinta-muda-de-cor-para-ajudar-a-equilibrar-a-temperatura\/","name":"Tinta muda de cor para ajudar a equilibrar a temperatura - Jornal Fatos e Not\u00edcias","isPartOf":{"@id":"https:\/\/jornalfatosenoticias.com.br\/#website"},"primaryImageOfPage":{"@id":"https:\/\/jornalfatosenoticias.com.br\/index.php\/2025\/03\/31\/tinta-muda-de-cor-para-ajudar-a-equilibrar-a-temperatura\/#primaryimage"},"image":{"@id":"https:\/\/jornalfatosenoticias.com.br\/index.php\/2025\/03\/31\/tinta-muda-de-cor-para-ajudar-a-equilibrar-a-temperatura\/#primaryimage"},"thumbnailUrl":"https:\/\/jornalfatosenoticias.com.br\/wp-content\/uploads\/2025\/03\/tinta-muda-de-cor_freepik.jpg","datePublished":"2025-03-31T17:22:49+00:00","dateModified":"2025-03-31T17:22:52+00:00","breadcrumb":{"@id":"https:\/\/jornalfatosenoticias.com.br\/index.php\/2025\/03\/31\/tinta-muda-de-cor-para-ajudar-a-equilibrar-a-temperatura\/#breadcrumb"},"inLanguage":"pt-BR","potentialAction":[{"@type":"ReadAction","target":["https:\/\/jornalfatosenoticias.com.br\/index.php\/2025\/03\/31\/tinta-muda-de-cor-para-ajudar-a-equilibrar-a-temperatura\/"]}]},{"@type":"ImageObject","inLanguage":"pt-BR","@id":"https:\/\/jornalfatosenoticias.com.br\/index.php\/2025\/03\/31\/tinta-muda-de-cor-para-ajudar-a-equilibrar-a-temperatura\/#primaryimage","url":"https:\/\/jornalfatosenoticias.com.br\/wp-content\/uploads\/2025\/03\/tinta-muda-de-cor_freepik.jpg","contentUrl":"https:\/\/jornalfatosenoticias.com.br\/wp-content\/uploads\/2025\/03\/tinta-muda-de-cor_freepik.jpg","width":1000,"height":714},{"@type":"BreadcrumbList","@id":"https:\/\/jornalfatosenoticias.com.br\/index.php\/2025\/03\/31\/tinta-muda-de-cor-para-ajudar-a-equilibrar-a-temperatura\/#breadcrumb","itemListElement":[{"@type":"ListItem","position":1,"name":"In\u00edcio","item":"https:\/\/jornalfatosenoticias.com.br\/"},{"@type":"ListItem","position":2,"name":"Tinta muda de cor para ajudar a equilibrar a temperatura"}]},{"@type":"WebSite","@id":"https:\/\/jornalfatosenoticias.com.br\/#website","url":"https:\/\/jornalfatosenoticias.com.br\/","name":"Jornal Fatos e Not\u00edcias","description":"Not\u00edcias em geral","publisher":{"@id":"https:\/\/jornalfatosenoticias.com.br\/#organization"},"potentialAction":[{"@type":"SearchAction","target":{"@type":"EntryPoint","urlTemplate":"https:\/\/jornalfatosenoticias.com.br\/?s={search_term_string}"},"query-input":{"@type":"PropertyValueSpecification","valueRequired":true,"valueName":"search_term_string"}}],"inLanguage":"pt-BR"},{"@type":"Organization","@id":"https:\/\/jornalfatosenoticias.com.br\/#organization","name":"Jornal Fatos e Not\u00edcias","url":"https:\/\/jornalfatosenoticias.com.br\/","logo":{"@type":"ImageObject","inLanguage":"pt-BR","@id":"https:\/\/jornalfatosenoticias.com.br\/#\/schema\/logo\/image\/","url":"https:\/\/jornalfatosenoticias.com.br\/wp-content\/uploads\/2020\/02\/logo120.png","contentUrl":"https:\/\/jornalfatosenoticias.com.br\/wp-content\/uploads\/2020\/02\/logo120.png","width":1227,"height":120,"caption":"Jornal Fatos e Not\u00edcias"},"image":{"@id":"https:\/\/jornalfatosenoticias.com.br\/#\/schema\/logo\/image\/"}},{"@type":"Person","@id":"https:\/\/jornalfatosenoticias.com.br\/#\/schema\/person\/d63837fa13ac8666eb9e74e0985d6f81","name":"Luzimara Fernandes","image":{"@type":"ImageObject","inLanguage":"pt-BR","@id":"https:\/\/jornalfatosenoticias.com.br\/#\/schema\/person\/image\/","url":"https:\/\/jornalfatosenoticias.com.br\/wp-content\/uploads\/2025\/05\/EU_portal.jpg","contentUrl":"https:\/\/jornalfatosenoticias.com.br\/wp-content\/uploads\/2025\/05\/EU_portal.jpg","caption":"Luzimara Fernandes"},"description":"Jornalista MTB 2358-ES","sameAs":["https:\/\/jornalfatosenoticias.com.br"],"url":"https:\/\/jornalfatosenoticias.com.br\/index.php\/author\/luzimara\/"}]}},"cc_featured_image_caption":{"caption_text":"(Foto: Freepik) ","source_text":"","source_url":""},"jetpack_featured_media_url":"https:\/\/jornalfatosenoticias.com.br\/wp-content\/uploads\/2025\/03\/tinta-muda-de-cor_freepik.jpg","_links":{"self":[{"href":"https:\/\/jornalfatosenoticias.com.br\/index.php\/wp-json\/wp\/v2\/posts\/58116","targetHints":{"allow":["GET"]}}],"collection":[{"href":"https:\/\/jornalfatosenoticias.com.br\/index.php\/wp-json\/wp\/v2\/posts"}],"about":[{"href":"https:\/\/jornalfatosenoticias.com.br\/index.php\/wp-json\/wp\/v2\/types\/post"}],"author":[{"embeddable":true,"href":"https:\/\/jornalfatosenoticias.com.br\/index.php\/wp-json\/wp\/v2\/users\/2"}],"replies":[{"embeddable":true,"href":"https:\/\/jornalfatosenoticias.com.br\/index.php\/wp-json\/wp\/v2\/comments?post=58116"}],"version-history":[{"count":0,"href":"https:\/\/jornalfatosenoticias.com.br\/index.php\/wp-json\/wp\/v2\/posts\/58116\/revisions"}],"wp:featuredmedia":[{"embeddable":true,"href":"https:\/\/jornalfatosenoticias.com.br\/index.php\/wp-json\/wp\/v2\/media\/58117"}],"wp:attachment":[{"href":"https:\/\/jornalfatosenoticias.com.br\/index.php\/wp-json\/wp\/v2\/media?parent=58116"}],"wp:term":[{"taxonomy":"category","embeddable":true,"href":"https:\/\/jornalfatosenoticias.com.br\/index.php\/wp-json\/wp\/v2\/categories?post=58116"},{"taxonomy":"post_tag","embeddable":true,"href":"https:\/\/jornalfatosenoticias.com.br\/index.php\/wp-json\/wp\/v2\/tags?post=58116"}],"curies":[{"name":"wp","href":"https:\/\/api.w.org\/{rel}","templated":true}]}}