{"id":58122,"date":"2025-03-31T15:18:11","date_gmt":"2025-03-31T18:18:11","guid":{"rendered":"https:\/\/jornalfatosenoticias.com.br\/?p=58122"},"modified":"2025-03-31T15:18:12","modified_gmt":"2025-03-31T18:18:12","slug":"preguica-de-bentinho-a-vida-calma-e-solitaria-de-um-habitante-da-amazonia","status":"publish","type":"post","link":"https:\/\/jornalfatosenoticias.com.br\/index.php\/2025\/03\/31\/preguica-de-bentinho-a-vida-calma-e-solitaria-de-um-habitante-da-amazonia\/","title":{"rendered":"Pregui\u00e7a-de-bentinho: a vida calma e solit\u00e1ria de um habitante da Amaz\u00f4nia"},"content":{"rendered":"\n<p><em><span class=\"has-inline-color has-black-color\">De acordo com informa\u00e7\u00f5es do ICMBio, \u00e9 uma esp\u00e9cie que pode ser encontrada no Amap\u00e1, Amazonas, Par\u00e1 e Roraima (Brasil), al\u00e9m da Guiana Francesa, Guiana, Suriname e Venezuela<\/span><\/em><\/p>\n\n\n\n<div class=\"wp-block-image\"><figure class=\"aligncenter size-large\"><a href=\"https:\/\/www.controlsystems.com.br\/\"><img loading=\"lazy\" decoding=\"async\" width=\"1024\" height=\"109\" src=\"https:\/\/jornalfatosenoticias.com.br\/wp-content\/uploads\/2020\/02\/CONTROL-CS2-1024x109.jpg\" alt=\"\" class=\"wp-image-44989\" srcset=\"https:\/\/jornalfatosenoticias.com.br\/wp-content\/uploads\/2020\/02\/CONTROL-CS2-1024x109.jpg 1024w, https:\/\/jornalfatosenoticias.com.br\/wp-content\/uploads\/2020\/02\/CONTROL-CS2-300x32.jpg 300w, https:\/\/jornalfatosenoticias.com.br\/wp-content\/uploads\/2020\/02\/CONTROL-CS2-768x82.jpg 768w, https:\/\/jornalfatosenoticias.com.br\/wp-content\/uploads\/2020\/02\/CONTROL-CS2.jpg 1120w\" sizes=\"auto, (max-width: 1024px) 100vw, 1024px\" \/><\/a><\/figure><\/div>\n\n\n\n<p>A <strong>pregui\u00e7a-de-bentinho<\/strong> (<em>Bradypus tridactylos<\/em>), tamb\u00e9m conhecida como pregui\u00e7a-de-tr\u00eas-dedos, \u00e9 uma das esp\u00e9cies mais conhecidas da fauna amaz\u00f4nica. Sempre lembrada por sua movimenta\u00e7\u00e3o lenta e seu estilo de vida solit\u00e1rio, essa esp\u00e9cie \u00e9 um exemplo vivo da adapta\u00e7\u00e3o dos animais ao ambiente florestal amaz\u00f4nico.<br>Com um comprimento m\u00e9dio de 60 cent\u00edmetros, incluindo a cauda, e pesando cerca de cinco quilos, a pregui\u00e7a-de-bentinho passa a maior parte do tempo nas copas das \u00e1rvores, onde encontra alimento e abrigo. Apesar de sua aparente letargia, a pregui\u00e7a-de-bentinho \u00e9 bem adaptada ao seu h\u00e1bitat. Seu metabolismo extremamente lento permite que sobreviva com uma dieta pobre em energia, composta basicamente de folhas. Essa alimenta\u00e7\u00e3o, aliada a uma digest\u00e3o que pode durar dias, faz com que o animal des\u00e7a ao solo apenas uma ou duas vezes por semana para urinar e defecar.<\/p>\n\n\n\n<div class=\"wp-block-image\"><figure class=\"aligncenter size-large is-resized\"><a href=\"https:\/\/www.facebook.com\/postobkr\/?locale=pt_BR\"><img loading=\"lazy\" decoding=\"async\" src=\"https:\/\/jornalfatosenoticias.com.br\/wp-content\/uploads\/2023\/08\/BKR-1024x1021.jpg\" alt=\"\" class=\"wp-image-44494\" width=\"299\" height=\"298\" srcset=\"https:\/\/jornalfatosenoticias.com.br\/wp-content\/uploads\/2023\/08\/BKR-1024x1021.jpg 1024w, https:\/\/jornalfatosenoticias.com.br\/wp-content\/uploads\/2023\/08\/BKR-300x300.jpg 300w, https:\/\/jornalfatosenoticias.com.br\/wp-content\/uploads\/2023\/08\/BKR-150x150.jpg 150w, https:\/\/jornalfatosenoticias.com.br\/wp-content\/uploads\/2023\/08\/BKR-768x766.jpg 768w, https:\/\/jornalfatosenoticias.com.br\/wp-content\/uploads\/2023\/08\/BKR.jpg 1080w\" sizes=\"auto, (max-width: 299px) 100vw, 299px\" \/><\/a><\/figure><\/div>\n\n\n\n<p>Sua rotina tamb\u00e9m inclui longos per\u00edodos de sono. Estudos apontam que a esp\u00e9cie dorme em m\u00e9dia 14 horas por dia, se mantendo ativa tanto durante o dia quanto \u00e0 noite. Quando se movimenta, geralmente o faz no per\u00edodo noturno, aproveitando as temperaturas mais amenas da floresta.<\/p>\n\n\n\n<div class=\"wp-block-image\"><figure class=\"aligncenter size-large is-resized\"><a href=\"https:\/\/www.instagram.com\/restaurantepegoretti\/\"><img loading=\"lazy\" decoding=\"async\" src=\"https:\/\/jornalfatosenoticias.com.br\/wp-content\/uploads\/2023\/12\/pegoretti-logo-pdf-1024x389.jpg\" alt=\"\" class=\"wp-image-47536\" width=\"514\" height=\"195\" srcset=\"https:\/\/jornalfatosenoticias.com.br\/wp-content\/uploads\/2023\/12\/pegoretti-logo-pdf-1024x389.jpg 1024w, https:\/\/jornalfatosenoticias.com.br\/wp-content\/uploads\/2023\/12\/pegoretti-logo-pdf-300x114.jpg 300w, https:\/\/jornalfatosenoticias.com.br\/wp-content\/uploads\/2023\/12\/pegoretti-logo-pdf-768x291.jpg 768w, https:\/\/jornalfatosenoticias.com.br\/wp-content\/uploads\/2023\/12\/pegoretti-logo-pdf.jpg 1120w\" sizes=\"auto, (max-width: 514px) 100vw, 514px\" \/><\/a><\/figure><\/div>\n\n\n\n<p>A pregui\u00e7a-de-bentinho possui uma pelagem marrom-acinzentada, com uma mancha amarelada na testa e na garganta. Essa colora\u00e7\u00e3o, aliada \u00e0 presen\u00e7a de algas em seus pelos, permite que o animal se camufle entre a vegeta\u00e7\u00e3o, dificultando sua detec\u00e7\u00e3o por predadores como on\u00e7as e aves de rapina. Quando amea\u00e7ada, a estrat\u00e9gia principal \u00e9, claro, manter-se im\u00f3vel, confiando na sua camuflagem para evitar ataques. Seus predadores podem ser de sucuris a on\u00e7as-pintadas.<\/p>\n\n\n\n<div class=\"wp-block-image\"><figure class=\"aligncenter size-large is-resized\"><a href=\"https:\/\/www.instagram.com\/serra4x4cambioautomatico\/\"><img loading=\"lazy\" decoding=\"async\" src=\"https:\/\/jornalfatosenoticias.com.br\/wp-content\/uploads\/2024\/08\/Serra-4x4-1-886x1024.jpg\" alt=\"\" class=\"wp-image-53632\" width=\"248\" height=\"287\" srcset=\"https:\/\/jornalfatosenoticias.com.br\/wp-content\/uploads\/2024\/08\/Serra-4x4-1-886x1024.jpg 886w, https:\/\/jornalfatosenoticias.com.br\/wp-content\/uploads\/2024\/08\/Serra-4x4-1-260x300.jpg 260w, https:\/\/jornalfatosenoticias.com.br\/wp-content\/uploads\/2024\/08\/Serra-4x4-1-768x888.jpg 768w, https:\/\/jornalfatosenoticias.com.br\/wp-content\/uploads\/2024\/08\/Serra-4x4-1.jpg 1181w\" sizes=\"auto, (max-width: 248px) 100vw, 248px\" \/><\/a><\/figure><\/div>\n\n\n\n<p><strong><span class=\"has-inline-color has-vivid-green-cyan-color\">Onde vive a esp\u00e9cie?<br><\/span><\/strong>De acordo com informa\u00e7\u00f5es do ICMBio, \u00e9 uma esp\u00e9cie que pode ser encontrada no Amap\u00e1, Amazonas, Par\u00e1 e Roraima (Brasil), al\u00e9m da Guiana Francesa, Guiana, Suriname e Venezuela. Apesar das amea\u00e7as causadas pelo desmatamento e pela perda de h\u00e1bitat, a pregui\u00e7a-de-bentinho ainda \u00e9 considerada abundante em \u00e1reas protegidas, como a Reserva Biol\u00f3gica Adolpho Ducke (AM), o Parque Nacional Montanhas do Tumucumaque (PA) e o Parque Nacional do Viru\u00e1 (RR).<\/p>\n\n\n\n<div class=\"wp-block-image\"><figure class=\"aligncenter size-large is-resized\"><a href=\"https:\/\/www.facebook.com\/profile.php?id=100069289606145\"><img loading=\"lazy\" decoding=\"async\" src=\"https:\/\/jornalfatosenoticias.com.br\/wp-content\/uploads\/2024\/11\/Guaitolini-Contabilidade-1024x714.jpeg\" alt=\"\" class=\"wp-image-55808\" width=\"268\" height=\"187\" srcset=\"https:\/\/jornalfatosenoticias.com.br\/wp-content\/uploads\/2024\/11\/Guaitolini-Contabilidade-1024x714.jpeg 1024w, https:\/\/jornalfatosenoticias.com.br\/wp-content\/uploads\/2024\/11\/Guaitolini-Contabilidade-300x209.jpeg 300w, https:\/\/jornalfatosenoticias.com.br\/wp-content\/uploads\/2024\/11\/Guaitolini-Contabilidade-768x535.jpeg 768w, https:\/\/jornalfatosenoticias.com.br\/wp-content\/uploads\/2024\/11\/Guaitolini-Contabilidade.jpeg 1280w\" sizes=\"auto, (max-width: 268px) 100vw, 268px\" \/><\/a><\/figure><\/div>\n\n\n\n<p><strong>Fonte: <a href=\"https:\/\/portalamazonia.com\/meio-ambiente\/preguica-de-bentinho-amazonia\/\">Portal Amaz\u00f4nia<\/a><\/strong><\/p>\n","protected":false},"excerpt":{"rendered":"<p>De acordo com informa\u00e7\u00f5es do ICMBio, \u00e9 uma esp\u00e9cie que pode ser encontrada no Amap\u00e1, Amazonas, Par\u00e1 e Roraima (Brasil), al\u00e9m da Guiana Francesa, Guiana, Suriname e Venezuela A pregui\u00e7a-de-bentinho (Bradypus tridactylos), tamb\u00e9m conhecida como pregui\u00e7a-de-tr\u00eas-dedos, \u00e9 uma das esp\u00e9cies mais conhecidas da fauna amaz\u00f4nica. Sempre lembrada por sua movimenta\u00e7\u00e3o lenta e seu estilo de [&hellip;]<\/p>\n","protected":false},"author":2,"featured_media":58123,"comment_status":"open","ping_status":"open","sticky":false,"template":"","format":"standard","meta":{"footnotes":""},"categories":[8],"tags":[1068,26500,26499,3856,945,26498],"class_list":["post-58122","post","type-post","status-publish","format-standard","has-post-thumbnail","hentry","category-meio-ambiente","tag-amazonas","tag-bicho-preguica-2","tag-bradypus-tridactylos","tag-manaus","tag-meio-ambiente","tag-preguica-de-bentinho"],"yoast_head":"<!-- This site is optimized with the Yoast SEO plugin v26.5 - https:\/\/yoast.com\/wordpress\/plugins\/seo\/ -->\n<title>Pregui\u00e7a-de-bentinho: a vida calma e solit\u00e1ria de um habitante da Amaz\u00f4nia - Jornal Fatos e Not\u00edcias<\/title>\n<meta name=\"robots\" content=\"index, follow, max-snippet:-1, max-image-preview:large, max-video-preview:-1\" \/>\n<link rel=\"canonical\" href=\"https:\/\/jornalfatosenoticias.com.br\/index.php\/2025\/03\/31\/preguica-de-bentinho-a-vida-calma-e-solitaria-de-um-habitante-da-amazonia\/\" \/>\n<meta property=\"og:locale\" content=\"pt_BR\" \/>\n<meta property=\"og:type\" content=\"article\" \/>\n<meta property=\"og:title\" content=\"Pregui\u00e7a-de-bentinho: a vida calma e solit\u00e1ria de um habitante da Amaz\u00f4nia - Jornal Fatos e Not\u00edcias\" \/>\n<meta property=\"og:description\" content=\"De acordo com informa\u00e7\u00f5es do ICMBio, \u00e9 uma esp\u00e9cie que pode ser encontrada no Amap\u00e1, Amazonas, Par\u00e1 e Roraima (Brasil), al\u00e9m da Guiana Francesa, Guiana, Suriname e Venezuela A pregui\u00e7a-de-bentinho (Bradypus tridactylos), tamb\u00e9m conhecida como pregui\u00e7a-de-tr\u00eas-dedos, \u00e9 uma das esp\u00e9cies mais conhecidas da fauna amaz\u00f4nica. Sempre lembrada por sua movimenta\u00e7\u00e3o lenta e seu estilo de [&hellip;]\" \/>\n<meta property=\"og:url\" content=\"https:\/\/jornalfatosenoticias.com.br\/index.php\/2025\/03\/31\/preguica-de-bentinho-a-vida-calma-e-solitaria-de-um-habitante-da-amazonia\/\" \/>\n<meta property=\"og:site_name\" content=\"Jornal Fatos e Not\u00edcias\" \/>\n<meta property=\"article:published_time\" content=\"2025-03-31T18:18:11+00:00\" \/>\n<meta property=\"article:modified_time\" content=\"2025-03-31T18:18:12+00:00\" \/>\n<meta property=\"og:image\" content=\"https:\/\/jornalfatosenoticias.com.br\/wp-content\/uploads\/2025\/03\/preguica-de-bentinho_Freepik.jpg\" \/>\n\t<meta property=\"og:image:width\" content=\"1000\" \/>\n\t<meta property=\"og:image:height\" content=\"666\" \/>\n\t<meta property=\"og:image:type\" content=\"image\/jpeg\" \/>\n<meta name=\"author\" content=\"Luzimara Fernandes\" \/>\n<meta name=\"twitter:card\" content=\"summary_large_image\" \/>\n<meta name=\"twitter:label1\" content=\"Escrito por\" \/>\n\t<meta name=\"twitter:data1\" content=\"Luzimara Fernandes\" \/>\n\t<meta name=\"twitter:label2\" content=\"Est. tempo de leitura\" \/>\n\t<meta name=\"twitter:data2\" content=\"2 minutos\" \/>\n<script type=\"application\/ld+json\" class=\"yoast-schema-graph\">{\"@context\":\"https:\/\/schema.org\",\"@graph\":[{\"@type\":\"Article\",\"@id\":\"https:\/\/jornalfatosenoticias.com.br\/index.php\/2025\/03\/31\/preguica-de-bentinho-a-vida-calma-e-solitaria-de-um-habitante-da-amazonia\/#article\",\"isPartOf\":{\"@id\":\"https:\/\/jornalfatosenoticias.com.br\/index.php\/2025\/03\/31\/preguica-de-bentinho-a-vida-calma-e-solitaria-de-um-habitante-da-amazonia\/\"},\"author\":{\"name\":\"Luzimara Fernandes\",\"@id\":\"https:\/\/jornalfatosenoticias.com.br\/#\/schema\/person\/d63837fa13ac8666eb9e74e0985d6f81\"},\"headline\":\"Pregui\u00e7a-de-bentinho: a vida calma e solit\u00e1ria de um habitante da Amaz\u00f4nia\",\"datePublished\":\"2025-03-31T18:18:11+00:00\",\"dateModified\":\"2025-03-31T18:18:12+00:00\",\"mainEntityOfPage\":{\"@id\":\"https:\/\/jornalfatosenoticias.com.br\/index.php\/2025\/03\/31\/preguica-de-bentinho-a-vida-calma-e-solitaria-de-um-habitante-da-amazonia\/\"},\"wordCount\":403,\"commentCount\":0,\"publisher\":{\"@id\":\"https:\/\/jornalfatosenoticias.com.br\/#organization\"},\"image\":{\"@id\":\"https:\/\/jornalfatosenoticias.com.br\/index.php\/2025\/03\/31\/preguica-de-bentinho-a-vida-calma-e-solitaria-de-um-habitante-da-amazonia\/#primaryimage\"},\"thumbnailUrl\":\"https:\/\/jornalfatosenoticias.com.br\/wp-content\/uploads\/2025\/03\/preguica-de-bentinho_Freepik.jpg\",\"keywords\":[\"Amazonas\",\"bicho pregui\u00e7a\",\"Bradypus tridactylos\",\"Manaus\",\"meio ambiente\",\"pregui\u00e7a-de-bentinho\"],\"articleSection\":[\"Meio ambiente\"],\"inLanguage\":\"pt-BR\",\"potentialAction\":[{\"@type\":\"CommentAction\",\"name\":\"Comment\",\"target\":[\"https:\/\/jornalfatosenoticias.com.br\/index.php\/2025\/03\/31\/preguica-de-bentinho-a-vida-calma-e-solitaria-de-um-habitante-da-amazonia\/#respond\"]}]},{\"@type\":\"WebPage\",\"@id\":\"https:\/\/jornalfatosenoticias.com.br\/index.php\/2025\/03\/31\/preguica-de-bentinho-a-vida-calma-e-solitaria-de-um-habitante-da-amazonia\/\",\"url\":\"https:\/\/jornalfatosenoticias.com.br\/index.php\/2025\/03\/31\/preguica-de-bentinho-a-vida-calma-e-solitaria-de-um-habitante-da-amazonia\/\",\"name\":\"Pregui\u00e7a-de-bentinho: a vida calma e solit\u00e1ria de um habitante da Amaz\u00f4nia - Jornal Fatos e Not\u00edcias\",\"isPartOf\":{\"@id\":\"https:\/\/jornalfatosenoticias.com.br\/#website\"},\"primaryImageOfPage\":{\"@id\":\"https:\/\/jornalfatosenoticias.com.br\/index.php\/2025\/03\/31\/preguica-de-bentinho-a-vida-calma-e-solitaria-de-um-habitante-da-amazonia\/#primaryimage\"},\"image\":{\"@id\":\"https:\/\/jornalfatosenoticias.com.br\/index.php\/2025\/03\/31\/preguica-de-bentinho-a-vida-calma-e-solitaria-de-um-habitante-da-amazonia\/#primaryimage\"},\"thumbnailUrl\":\"https:\/\/jornalfatosenoticias.com.br\/wp-content\/uploads\/2025\/03\/preguica-de-bentinho_Freepik.jpg\",\"datePublished\":\"2025-03-31T18:18:11+00:00\",\"dateModified\":\"2025-03-31T18:18:12+00:00\",\"breadcrumb\":{\"@id\":\"https:\/\/jornalfatosenoticias.com.br\/index.php\/2025\/03\/31\/preguica-de-bentinho-a-vida-calma-e-solitaria-de-um-habitante-da-amazonia\/#breadcrumb\"},\"inLanguage\":\"pt-BR\",\"potentialAction\":[{\"@type\":\"ReadAction\",\"target\":[\"https:\/\/jornalfatosenoticias.com.br\/index.php\/2025\/03\/31\/preguica-de-bentinho-a-vida-calma-e-solitaria-de-um-habitante-da-amazonia\/\"]}]},{\"@type\":\"ImageObject\",\"inLanguage\":\"pt-BR\",\"@id\":\"https:\/\/jornalfatosenoticias.com.br\/index.php\/2025\/03\/31\/preguica-de-bentinho-a-vida-calma-e-solitaria-de-um-habitante-da-amazonia\/#primaryimage\",\"url\":\"https:\/\/jornalfatosenoticias.com.br\/wp-content\/uploads\/2025\/03\/preguica-de-bentinho_Freepik.jpg\",\"contentUrl\":\"https:\/\/jornalfatosenoticias.com.br\/wp-content\/uploads\/2025\/03\/preguica-de-bentinho_Freepik.jpg\",\"width\":1000,\"height\":666,\"caption\":\"A three-toed sloth hanging on a rope surrounded by greenery in a forest\"},{\"@type\":\"BreadcrumbList\",\"@id\":\"https:\/\/jornalfatosenoticias.com.br\/index.php\/2025\/03\/31\/preguica-de-bentinho-a-vida-calma-e-solitaria-de-um-habitante-da-amazonia\/#breadcrumb\",\"itemListElement\":[{\"@type\":\"ListItem\",\"position\":1,\"name\":\"In\u00edcio\",\"item\":\"https:\/\/jornalfatosenoticias.com.br\/\"},{\"@type\":\"ListItem\",\"position\":2,\"name\":\"Pregui\u00e7a-de-bentinho: a vida calma e solit\u00e1ria de um habitante da Amaz\u00f4nia\"}]},{\"@type\":\"WebSite\",\"@id\":\"https:\/\/jornalfatosenoticias.com.br\/#website\",\"url\":\"https:\/\/jornalfatosenoticias.com.br\/\",\"name\":\"Jornal Fatos e Not\u00edcias\",\"description\":\"Not\u00edcias em geral\",\"publisher\":{\"@id\":\"https:\/\/jornalfatosenoticias.com.br\/#organization\"},\"potentialAction\":[{\"@type\":\"SearchAction\",\"target\":{\"@type\":\"EntryPoint\",\"urlTemplate\":\"https:\/\/jornalfatosenoticias.com.br\/?s={search_term_string}\"},\"query-input\":{\"@type\":\"PropertyValueSpecification\",\"valueRequired\":true,\"valueName\":\"search_term_string\"}}],\"inLanguage\":\"pt-BR\"},{\"@type\":\"Organization\",\"@id\":\"https:\/\/jornalfatosenoticias.com.br\/#organization\",\"name\":\"Jornal Fatos e Not\u00edcias\",\"url\":\"https:\/\/jornalfatosenoticias.com.br\/\",\"logo\":{\"@type\":\"ImageObject\",\"inLanguage\":\"pt-BR\",\"@id\":\"https:\/\/jornalfatosenoticias.com.br\/#\/schema\/logo\/image\/\",\"url\":\"https:\/\/jornalfatosenoticias.com.br\/wp-content\/uploads\/2020\/02\/logo120.png\",\"contentUrl\":\"https:\/\/jornalfatosenoticias.com.br\/wp-content\/uploads\/2020\/02\/logo120.png\",\"width\":1227,\"height\":120,\"caption\":\"Jornal Fatos e Not\u00edcias\"},\"image\":{\"@id\":\"https:\/\/jornalfatosenoticias.com.br\/#\/schema\/logo\/image\/\"}},{\"@type\":\"Person\",\"@id\":\"https:\/\/jornalfatosenoticias.com.br\/#\/schema\/person\/d63837fa13ac8666eb9e74e0985d6f81\",\"name\":\"Luzimara Fernandes\",\"image\":{\"@type\":\"ImageObject\",\"inLanguage\":\"pt-BR\",\"@id\":\"https:\/\/jornalfatosenoticias.com.br\/#\/schema\/person\/image\/\",\"url\":\"https:\/\/jornalfatosenoticias.com.br\/wp-content\/uploads\/2025\/05\/EU_portal.jpg\",\"contentUrl\":\"https:\/\/jornalfatosenoticias.com.br\/wp-content\/uploads\/2025\/05\/EU_portal.jpg\",\"caption\":\"Luzimara Fernandes\"},\"description\":\"Jornalista MTB 2358-ES\",\"sameAs\":[\"https:\/\/jornalfatosenoticias.com.br\"],\"url\":\"https:\/\/jornalfatosenoticias.com.br\/index.php\/author\/luzimara\/\"}]}<\/script>\n<!-- \/ Yoast SEO plugin. -->","yoast_head_json":{"title":"Pregui\u00e7a-de-bentinho: a vida calma e solit\u00e1ria de um habitante da Amaz\u00f4nia - Jornal Fatos e Not\u00edcias","robots":{"index":"index","follow":"follow","max-snippet":"max-snippet:-1","max-image-preview":"max-image-preview:large","max-video-preview":"max-video-preview:-1"},"canonical":"https:\/\/jornalfatosenoticias.com.br\/index.php\/2025\/03\/31\/preguica-de-bentinho-a-vida-calma-e-solitaria-de-um-habitante-da-amazonia\/","og_locale":"pt_BR","og_type":"article","og_title":"Pregui\u00e7a-de-bentinho: a vida calma e solit\u00e1ria de um habitante da Amaz\u00f4nia - Jornal Fatos e Not\u00edcias","og_description":"De acordo com informa\u00e7\u00f5es do ICMBio, \u00e9 uma esp\u00e9cie que pode ser encontrada no Amap\u00e1, Amazonas, Par\u00e1 e Roraima (Brasil), al\u00e9m da Guiana Francesa, Guiana, Suriname e Venezuela A pregui\u00e7a-de-bentinho (Bradypus tridactylos), tamb\u00e9m conhecida como pregui\u00e7a-de-tr\u00eas-dedos, \u00e9 uma das esp\u00e9cies mais conhecidas da fauna amaz\u00f4nica. Sempre lembrada por sua movimenta\u00e7\u00e3o lenta e seu estilo de [&hellip;]","og_url":"https:\/\/jornalfatosenoticias.com.br\/index.php\/2025\/03\/31\/preguica-de-bentinho-a-vida-calma-e-solitaria-de-um-habitante-da-amazonia\/","og_site_name":"Jornal Fatos e Not\u00edcias","article_published_time":"2025-03-31T18:18:11+00:00","article_modified_time":"2025-03-31T18:18:12+00:00","og_image":[{"width":1000,"height":666,"url":"https:\/\/jornalfatosenoticias.com.br\/wp-content\/uploads\/2025\/03\/preguica-de-bentinho_Freepik.jpg","type":"image\/jpeg"}],"author":"Luzimara Fernandes","twitter_card":"summary_large_image","twitter_misc":{"Escrito por":"Luzimara Fernandes","Est. tempo de leitura":"2 minutos"},"schema":{"@context":"https:\/\/schema.org","@graph":[{"@type":"Article","@id":"https:\/\/jornalfatosenoticias.com.br\/index.php\/2025\/03\/31\/preguica-de-bentinho-a-vida-calma-e-solitaria-de-um-habitante-da-amazonia\/#article","isPartOf":{"@id":"https:\/\/jornalfatosenoticias.com.br\/index.php\/2025\/03\/31\/preguica-de-bentinho-a-vida-calma-e-solitaria-de-um-habitante-da-amazonia\/"},"author":{"name":"Luzimara Fernandes","@id":"https:\/\/jornalfatosenoticias.com.br\/#\/schema\/person\/d63837fa13ac8666eb9e74e0985d6f81"},"headline":"Pregui\u00e7a-de-bentinho: a vida calma e solit\u00e1ria de um habitante da Amaz\u00f4nia","datePublished":"2025-03-31T18:18:11+00:00","dateModified":"2025-03-31T18:18:12+00:00","mainEntityOfPage":{"@id":"https:\/\/jornalfatosenoticias.com.br\/index.php\/2025\/03\/31\/preguica-de-bentinho-a-vida-calma-e-solitaria-de-um-habitante-da-amazonia\/"},"wordCount":403,"commentCount":0,"publisher":{"@id":"https:\/\/jornalfatosenoticias.com.br\/#organization"},"image":{"@id":"https:\/\/jornalfatosenoticias.com.br\/index.php\/2025\/03\/31\/preguica-de-bentinho-a-vida-calma-e-solitaria-de-um-habitante-da-amazonia\/#primaryimage"},"thumbnailUrl":"https:\/\/jornalfatosenoticias.com.br\/wp-content\/uploads\/2025\/03\/preguica-de-bentinho_Freepik.jpg","keywords":["Amazonas","bicho pregui\u00e7a","Bradypus tridactylos","Manaus","meio ambiente","pregui\u00e7a-de-bentinho"],"articleSection":["Meio ambiente"],"inLanguage":"pt-BR","potentialAction":[{"@type":"CommentAction","name":"Comment","target":["https:\/\/jornalfatosenoticias.com.br\/index.php\/2025\/03\/31\/preguica-de-bentinho-a-vida-calma-e-solitaria-de-um-habitante-da-amazonia\/#respond"]}]},{"@type":"WebPage","@id":"https:\/\/jornalfatosenoticias.com.br\/index.php\/2025\/03\/31\/preguica-de-bentinho-a-vida-calma-e-solitaria-de-um-habitante-da-amazonia\/","url":"https:\/\/jornalfatosenoticias.com.br\/index.php\/2025\/03\/31\/preguica-de-bentinho-a-vida-calma-e-solitaria-de-um-habitante-da-amazonia\/","name":"Pregui\u00e7a-de-bentinho: a vida calma e solit\u00e1ria de um habitante da Amaz\u00f4nia - Jornal Fatos e Not\u00edcias","isPartOf":{"@id":"https:\/\/jornalfatosenoticias.com.br\/#website"},"primaryImageOfPage":{"@id":"https:\/\/jornalfatosenoticias.com.br\/index.php\/2025\/03\/31\/preguica-de-bentinho-a-vida-calma-e-solitaria-de-um-habitante-da-amazonia\/#primaryimage"},"image":{"@id":"https:\/\/jornalfatosenoticias.com.br\/index.php\/2025\/03\/31\/preguica-de-bentinho-a-vida-calma-e-solitaria-de-um-habitante-da-amazonia\/#primaryimage"},"thumbnailUrl":"https:\/\/jornalfatosenoticias.com.br\/wp-content\/uploads\/2025\/03\/preguica-de-bentinho_Freepik.jpg","datePublished":"2025-03-31T18:18:11+00:00","dateModified":"2025-03-31T18:18:12+00:00","breadcrumb":{"@id":"https:\/\/jornalfatosenoticias.com.br\/index.php\/2025\/03\/31\/preguica-de-bentinho-a-vida-calma-e-solitaria-de-um-habitante-da-amazonia\/#breadcrumb"},"inLanguage":"pt-BR","potentialAction":[{"@type":"ReadAction","target":["https:\/\/jornalfatosenoticias.com.br\/index.php\/2025\/03\/31\/preguica-de-bentinho-a-vida-calma-e-solitaria-de-um-habitante-da-amazonia\/"]}]},{"@type":"ImageObject","inLanguage":"pt-BR","@id":"https:\/\/jornalfatosenoticias.com.br\/index.php\/2025\/03\/31\/preguica-de-bentinho-a-vida-calma-e-solitaria-de-um-habitante-da-amazonia\/#primaryimage","url":"https:\/\/jornalfatosenoticias.com.br\/wp-content\/uploads\/2025\/03\/preguica-de-bentinho_Freepik.jpg","contentUrl":"https:\/\/jornalfatosenoticias.com.br\/wp-content\/uploads\/2025\/03\/preguica-de-bentinho_Freepik.jpg","width":1000,"height":666,"caption":"A three-toed sloth hanging on a rope surrounded by greenery in a forest"},{"@type":"BreadcrumbList","@id":"https:\/\/jornalfatosenoticias.com.br\/index.php\/2025\/03\/31\/preguica-de-bentinho-a-vida-calma-e-solitaria-de-um-habitante-da-amazonia\/#breadcrumb","itemListElement":[{"@type":"ListItem","position":1,"name":"In\u00edcio","item":"https:\/\/jornalfatosenoticias.com.br\/"},{"@type":"ListItem","position":2,"name":"Pregui\u00e7a-de-bentinho: a vida calma e solit\u00e1ria de um habitante da Amaz\u00f4nia"}]},{"@type":"WebSite","@id":"https:\/\/jornalfatosenoticias.com.br\/#website","url":"https:\/\/jornalfatosenoticias.com.br\/","name":"Jornal Fatos e Not\u00edcias","description":"Not\u00edcias em geral","publisher":{"@id":"https:\/\/jornalfatosenoticias.com.br\/#organization"},"potentialAction":[{"@type":"SearchAction","target":{"@type":"EntryPoint","urlTemplate":"https:\/\/jornalfatosenoticias.com.br\/?s={search_term_string}"},"query-input":{"@type":"PropertyValueSpecification","valueRequired":true,"valueName":"search_term_string"}}],"inLanguage":"pt-BR"},{"@type":"Organization","@id":"https:\/\/jornalfatosenoticias.com.br\/#organization","name":"Jornal Fatos e Not\u00edcias","url":"https:\/\/jornalfatosenoticias.com.br\/","logo":{"@type":"ImageObject","inLanguage":"pt-BR","@id":"https:\/\/jornalfatosenoticias.com.br\/#\/schema\/logo\/image\/","url":"https:\/\/jornalfatosenoticias.com.br\/wp-content\/uploads\/2020\/02\/logo120.png","contentUrl":"https:\/\/jornalfatosenoticias.com.br\/wp-content\/uploads\/2020\/02\/logo120.png","width":1227,"height":120,"caption":"Jornal Fatos e Not\u00edcias"},"image":{"@id":"https:\/\/jornalfatosenoticias.com.br\/#\/schema\/logo\/image\/"}},{"@type":"Person","@id":"https:\/\/jornalfatosenoticias.com.br\/#\/schema\/person\/d63837fa13ac8666eb9e74e0985d6f81","name":"Luzimara Fernandes","image":{"@type":"ImageObject","inLanguage":"pt-BR","@id":"https:\/\/jornalfatosenoticias.com.br\/#\/schema\/person\/image\/","url":"https:\/\/jornalfatosenoticias.com.br\/wp-content\/uploads\/2025\/05\/EU_portal.jpg","contentUrl":"https:\/\/jornalfatosenoticias.com.br\/wp-content\/uploads\/2025\/05\/EU_portal.jpg","caption":"Luzimara Fernandes"},"description":"Jornalista MTB 2358-ES","sameAs":["https:\/\/jornalfatosenoticias.com.br"],"url":"https:\/\/jornalfatosenoticias.com.br\/index.php\/author\/luzimara\/"}]}},"cc_featured_image_caption":{"caption_text":"(Foto: Freepik) ","source_text":"","source_url":""},"jetpack_featured_media_url":"https:\/\/jornalfatosenoticias.com.br\/wp-content\/uploads\/2025\/03\/preguica-de-bentinho_Freepik.jpg","_links":{"self":[{"href":"https:\/\/jornalfatosenoticias.com.br\/index.php\/wp-json\/wp\/v2\/posts\/58122","targetHints":{"allow":["GET"]}}],"collection":[{"href":"https:\/\/jornalfatosenoticias.com.br\/index.php\/wp-json\/wp\/v2\/posts"}],"about":[{"href":"https:\/\/jornalfatosenoticias.com.br\/index.php\/wp-json\/wp\/v2\/types\/post"}],"author":[{"embeddable":true,"href":"https:\/\/jornalfatosenoticias.com.br\/index.php\/wp-json\/wp\/v2\/users\/2"}],"replies":[{"embeddable":true,"href":"https:\/\/jornalfatosenoticias.com.br\/index.php\/wp-json\/wp\/v2\/comments?post=58122"}],"version-history":[{"count":0,"href":"https:\/\/jornalfatosenoticias.com.br\/index.php\/wp-json\/wp\/v2\/posts\/58122\/revisions"}],"wp:featuredmedia":[{"embeddable":true,"href":"https:\/\/jornalfatosenoticias.com.br\/index.php\/wp-json\/wp\/v2\/media\/58123"}],"wp:attachment":[{"href":"https:\/\/jornalfatosenoticias.com.br\/index.php\/wp-json\/wp\/v2\/media?parent=58122"}],"wp:term":[{"taxonomy":"category","embeddable":true,"href":"https:\/\/jornalfatosenoticias.com.br\/index.php\/wp-json\/wp\/v2\/categories?post=58122"},{"taxonomy":"post_tag","embeddable":true,"href":"https:\/\/jornalfatosenoticias.com.br\/index.php\/wp-json\/wp\/v2\/tags?post=58122"}],"curies":[{"name":"wp","href":"https:\/\/api.w.org\/{rel}","templated":true}]}}